{"id":1703648,"date":"2026-01-25T21:17:34","date_gmt":"2026-01-26T00:17:34","guid":{"rendered":"https:\/\/www.estrategiaconcursos.com.br\/blog\/?p=1703648"},"modified":"2026-01-25T21:17:36","modified_gmt":"2026-01-26T00:17:36","slug":"gabarito-extraoficial-concurso-tj-ms-analista-judiciario-area-fim","status":"publish","type":"post","link":"https:\/\/www.estrategiaconcursos.com.br\/blog\/gabarito-extraoficial-concurso-tj-ms-analista-judiciario-area-fim\/","title":{"rendered":"Gabarito Extraoficial Concurso TJ MS: Analista Judici\u00e1rio &#8211; \u00c1rea FIM"},"content":{"rendered":"\n<p>As provas do <strong>concurso do <a href=\"https:\/\/www.estrategiaconcursos.com.br\/assinaturas\/\" target=\"_blank\" rel=\"noreferrer noopener\">Tribunal de Justi\u00e7a de Mato Grosso do Sul<\/a>&nbsp;(TJ MS) <\/strong>foram aplicadas no \u00faltimo domingo (25\/01) e aqui voc\u00ea poder\u00e1 conferir o&nbsp;<strong>gabarito extraoficial<\/strong>&nbsp;para o cargo de&nbsp;<strong>Analista Judici\u00e1rio &#8211; \u00c1rea FIM.<\/strong><\/p>\n\n\n\n<p>A corre\u00e7\u00e3o extraoficial estar\u00e1 dispon\u00edvel em v\u00eddeo <em>(atrav\u00e9s do link abaixo) <\/em>e tamb\u00e9m em texto, a partir da transcri\u00e7\u00e3o do enunciado das quest\u00f5es.<\/p>\n\n\n\n<ul class=\"wp-block-list\">\n<li><a href=\"https:\/\/dhg1h5j42swfq.cloudfront.net\/2026\/01\/25173703\/ilovepdf_merged.pdf\" target=\"_blank\" rel=\"noreferrer noopener nofollow\">Caderno utilizado na corre\u00e7\u00e3o<\/a>;<\/li>\n<\/ul>\n\n\n\n<p>Veja a corre\u00e7\u00e3o dos especialistas do Estrat\u00e9gia Concursos e tenha uma melhor no\u00e7\u00e3o do seu desempenho na prova!<\/p>\n\n\n\n<h2 class=\"wp-block-heading has-text-align-center has-light-green-cyan-to-vivid-green-cyan-gradient-background has-background\" id=\"h-gabarito-extraoficial-tj-ms-analista-judiciario-em-video\"><strong>Gabarito extraoficial TJ MS Analista Judici\u00e1rio em v\u00eddeo<\/strong><\/h2>\n\n\n<figure class=\"wp-block-embed-youtube wp-block-embed is-type-video is-provider-youtube wp-embed-aspect-16-9 wp-has-aspect-ratio\"><div class=\"lyte-wrapper\" style=\"width:853px;max-width:100%;margin:5px;\"><div class=\"lyMe\" id=\"WYL_P1ctX09aPNU\"><div id=\"lyte_P1ctX09aPNU\" data-src=\"\/\/i.ytimg.com\/vi\/P1ctX09aPNU\/hqdefault.jpg\" class=\"pL\"><div class=\"tC\"><div class=\"tT\"><\/div><\/div><div class=\"play\"><\/div><div class=\"ctrl\"><div class=\"Lctrl\"><\/div><div class=\"Rctrl\"><\/div><\/div><\/div><noscript><a href=\"https:\/\/youtu.be\/P1ctX09aPNU\" rel=\"nofollow\"><img loading=\"lazy\" decoding=\"async\" src=\"https:\/\/i.ytimg.com\/vi\/P1ctX09aPNU\/0.jpg\" alt=\"YouTube video thumbnail\" width=\"853\" height=\"460\" \/><br \/>Assista a este v\u00eddeo no YouTube<\/a><\/noscript><\/div><\/div><div class=\"lL\" style=\"max-width:100%;width:853px;margin:5px;\"><\/div><figcaption>Gabarito Extraoficial Concurso TJ MS: Analista Judici\u00e1rio &#8211; \u00c1rea FIM.<\/figcaption><\/figure>\n\n\n<h2 class=\"wp-block-heading has-text-align-center has-light-green-cyan-to-vivid-green-cyan-gradient-background has-background\" id=\"h-gabarito-extraoficial-em-texto\"><strong>Gabarito extraoficial em texto<\/strong><\/h2>\n\n\n\n<p>Como h\u00e1 v\u00e1rios tipos de provas, voc\u00ea pode conferir o in\u00edcio da quest\u00e3o do<strong>&nbsp;gabarito de Analista Judici\u00e1rio &#8211; \u00c1rea FIM, <\/strong>abaixo:<\/p>\n\n\n\n<ul class=\"wp-block-list\">\n<li>As op\u00e7\u00f5es a seguir apresentam frases em que foram empregadas&#8230;<\/li>\n\n\n\n<li>Gabarito: C<\/li>\n<\/ul>\n\n\n\n<p>2<\/p>\n\n\n\n<ul class=\"wp-block-list\">\n<li>Assinale a frase em que a preposi\u00e7\u00e3o com mostra valor&#8230;<\/li>\n\n\n\n<li>Gabarito: C<\/li>\n<\/ul>\n\n\n\n<p>3<\/p>\n\n\n\n<ul class=\"wp-block-list\">\n<li>A pron\u00fancia correta das palavras e sua escrita adequada s\u00e3o&#8230;<\/li>\n\n\n\n<li>Gabarito: D<\/li>\n<\/ul>\n\n\n\n<p>4<\/p>\n\n\n\n<ul class=\"wp-block-list\">\n<li>Assinale a frase em que o termo sublinhado deveria aparecer&#8230;<\/li>\n\n\n\n<li>Gabarito: E<\/li>\n<\/ul>\n\n\n\n<p>5<\/p>\n\n\n\n<ul class=\"wp-block-list\">\n<li>Assinale a op\u00e7\u00e3o que apresenta a frase em que a pron\u00fancia da&#8230;<\/li>\n\n\n\n<li>Gabarito: E<\/li>\n<\/ul>\n\n\n\n<p>6<\/p>\n\n\n\n<ul class=\"wp-block-list\">\n<li>Assinale a frase em que o termo sublinhado \u00e9 identificado como&#8230;<\/li>\n\n\n\n<li>Gabarito: A<\/li>\n<\/ul>\n\n\n\n<p>7<\/p>\n\n\n\n<ul class=\"wp-block-list\">\n<li>As frases a seguir foram retiradas de diferentes obras de&#8230;<\/li>\n\n\n\n<li>Gabarito: A<\/li>\n<\/ul>\n\n\n\n<p>8<\/p>\n\n\n\n<ul class=\"wp-block-list\">\n<li>Entre as frases machadianas a seguir (adaptadas), assinale a que&#8230;<\/li>\n\n\n\n<li>Gabarito: E<\/li>\n<\/ul>\n\n\n\n<p>9<\/p>\n\n\n\n<ul class=\"wp-block-list\">\n<li>Assinale a frase em que o adjetivo sublinhado mant\u00e9m a sua&#8230;<\/li>\n\n\n\n<li>Gabarito: B<\/li>\n<\/ul>\n\n\n\n<p>10<\/p>\n\n\n\n<ul class=\"wp-block-list\">\n<li>Assinale a frase em que o galicismo (palavra de origem francesa)&#8230;<\/li>\n\n\n\n<li>Gabarito: B<\/li>\n<\/ul>\n\n\n\n<p>11<\/p>\n\n\n\n<ul class=\"wp-block-list\">\n<li>Sobre a organiza\u00e7\u00e3o estrutural e a significa\u00e7\u00e3o dos termos&#8230;<\/li>\n\n\n\n<li>Gabarito: E<\/li>\n<\/ul>\n\n\n\n<p>12<\/p>\n\n\n\n<ul class=\"wp-block-list\">\n<li>Com base no texto anterior, observe a seguinte frase&#8230;<\/li>\n\n\n\n<li>Gabarito: B<\/li>\n<\/ul>\n\n\n\n<p>13<\/p>\n\n\n\n<ul class=\"wp-block-list\">\n<li>Assinale a op\u00e7\u00e3o que apresenta a frase em que a preposi\u00e7\u00e3o&#8230;<\/li>\n\n\n\n<li>Gabarito: D<\/li>\n<\/ul>\n\n\n\n<p>14<\/p>\n\n\n\n<ul class=\"wp-block-list\">\n<li>As op\u00e7\u00f5es a seguir apresentam frases que utilizam o verbo haver&#8230;<\/li>\n\n\n\n<li>Gabarito: A<\/li>\n<\/ul>\n\n\n\n<p>15<\/p>\n\n\n\n<ul class=\"wp-block-list\">\n<li>Nas frases machadianas a seguir, h\u00e1 um termo precedido&#8230;<\/li>\n\n\n\n<li>Gabarito: D<\/li>\n<\/ul>\n\n\n\n<p>16<\/p>\n\n\n\n<ul class=\"wp-block-list\">\n<li>Carla, servidora p\u00fablica do Tribunal de Justi\u00e7a do Estado do Mato&#8230;<\/li>\n\n\n\n<li>Gabarito: C<\/li>\n<\/ul>\n\n\n\n<p>17<\/p>\n\n\n\n<ul class=\"wp-block-list\">\n<li>O Estatuto dos Servidores P\u00fablicos do Poder Judici\u00e1rio do Estado&#8230;<\/li>\n\n\n\n<li>Gabarito: D<\/li>\n<\/ul>\n\n\n\n<p>18<\/p>\n\n\n\n<ul class=\"wp-block-list\">\n<li>Jo\u00e3o, servidor p\u00fablico do Tribunal de Justi\u00e7a do Mato Grosso do&#8230;<\/li>\n\n\n\n<li>Gabarito: B<\/li>\n<\/ul>\n\n\n\n<p>19<\/p>\n\n\n\n<ul class=\"wp-block-list\">\n<li>O servidor p\u00fablico responde civil, penal e administrativamente&#8230;<\/li>\n\n\n\n<li>Gabarito: E<\/li>\n<\/ul>\n\n\n\n<p>20<\/p>\n\n\n\n<ul class=\"wp-block-list\">\n<li>A estabilidade \u00e9 a garantia constitucional conferida ao servidor&#8230;<\/li>\n\n\n\n<li>Gabarito: B<\/li>\n<\/ul>\n\n\n\n<p>21<\/p>\n\n\n\n<ul class=\"wp-block-list\">\n<li>Luana, Ju\u00edza da 1\u00aa Vara Criminal da comarca Alfa, verificou que o&#8230;<\/li>\n\n\n\n<li>Gabarito: B<\/li>\n<\/ul>\n\n\n\n<p>22<\/p>\n\n\n\n<ul class=\"wp-block-list\">\n<li>A Constitui\u00e7\u00e3o Federal assegura ao Poder Judici\u00e1rio a autonomia&#8230;<\/li>\n\n\n\n<li>Gabarito: E<\/li>\n<\/ul>\n\n\n\n<p>23<\/p>\n\n\n\n<ul class=\"wp-block-list\">\n<li>O Conselho Nacional de Justi\u00e7a (CNJ) \u00e9 \u00f3rg\u00e3o de natureza&#8230;<\/li>\n\n\n\n<li>Gabarito: E<\/li>\n<\/ul>\n\n\n\n<p>24<\/p>\n\n\n\n<ul class=\"wp-block-list\">\n<li>O Supremo Tribunal Federal (STF) \u00e9 o \u00f3rg\u00e3o de c\u00fapula do Poder&#8230;<\/li>\n\n\n\n<li>Gabarito: B<\/li>\n<\/ul>\n\n\n\n<p>25<\/p>\n\n\n\n<ul class=\"wp-block-list\">\n<li>Carlos, Promotor de Justi\u00e7a do Estado Alfa \u00e9 titular da&#8230;<\/li>\n\n\n\n<li>Gabarito: D<\/li>\n<\/ul>\n\n\n\n<p>26<\/p>\n\n\n\n<ul class=\"wp-block-list\">\n<li>Os Tribunais de Contas s\u00e3o \u00f3rg\u00e3os de controle externo de cunho&#8230;<\/li>\n\n\n\n<li>Gabarito: C<\/li>\n<\/ul>\n\n\n\n<p>27<\/p>\n\n\n\n<ul class=\"wp-block-list\">\n<li>A Constitui\u00e7\u00e3o Federal prev\u00ea que os Estados organizar\u00e3o sua&#8230;<\/li>\n\n\n\n<li>Gabarito: B<\/li>\n<\/ul>\n\n\n\n<p>28<\/p>\n\n\n\n<ul class=\"wp-block-list\">\n<li>O Mandado de Seguran\u00e7a (MS) \u00e9 instrumento jur\u00eddico de&#8230;<\/li>\n\n\n\n<li>Gabarito: C<\/li>\n<\/ul>\n\n\n\n<p>29<\/p>\n\n\n\n<ul class=\"wp-block-list\">\n<li>A sociedade empres\u00e1ria Alfa, pessoa jur\u00eddica de direito privado&#8230;<\/li>\n\n\n\n<li>Gabarito: E<\/li>\n<\/ul>\n\n\n\n<p>30<\/p>\n\n\n\n<ul class=\"wp-block-list\">\n<li>Jos\u00e9, analista do Tribunal de Justi\u00e7a do Estado de Mato Grosso do&#8230;<\/li>\n\n\n\n<li>Gabarito: E<\/li>\n<\/ul>\n\n\n\n<p>31<\/p>\n\n\n\n<ul class=\"wp-block-list\">\n<li>O Estado de Mato Grosso do Sul, procedeu, de forma motivada, \u00e0&#8230;<\/li>\n\n\n\n<li>Gabarito: B<\/li>\n<\/ul>\n\n\n\n<p>32<\/p>\n\n\n\n<ul class=\"wp-block-list\">\n<li>Nos termos da Lei Estadual n\u00ba 3.150\/2005, incumbe ao segurado&#8230;<\/li>\n\n\n\n<li>Gabarito: E<\/li>\n<\/ul>\n\n\n\n<p>33<\/p>\n\n\n\n<ul class=\"wp-block-list\">\n<li>A sociedade empres\u00e1ria XPTO, interessada em celebrar parceria&#8230;<\/li>\n\n\n\n<li>Gabarito: C<\/li>\n<\/ul>\n\n\n\n<p>34<\/p>\n\n\n\n<ul class=\"wp-block-list\">\n<li>Nos termos do Estatuto dos Servidores P\u00fablicos do Poder&#8230;<\/li>\n\n\n\n<li>Gabarito: D<\/li>\n<\/ul>\n\n\n\n<p>35<\/p>\n\n\n\n<ul class=\"wp-block-list\">\n<li>A sociedade empres\u00e1ria XYZ foi condenada, em processo&#8230;<\/li>\n\n\n\n<li>Gabarito: C<\/li>\n<\/ul>\n\n\n\n<p>36<\/p>\n\n\n\n<ul class=\"wp-block-list\">\n<li>Interessada em participar de processo licitat\u00f3rio no Estado de&#8230;<\/li>\n\n\n\n<li>Gabarito: B<\/li>\n<\/ul>\n\n\n\n<p>37<\/p>\n\n\n\n<ul class=\"wp-block-list\">\n<li>Em 10 de mar\u00e7o de 2025, Lucas obrigou-se a entregar \u00e0 Marina&#8230;<\/li>\n\n\n\n<li>Gabarito: A<\/li>\n<\/ul>\n\n\n\n<p>38<\/p>\n\n\n\n<ul class=\"wp-block-list\">\n<li>Carlos, aposentado, constatou a realiza\u00e7\u00e3o de diversas&#8230;<\/li>\n\n\n\n<li>Gabarito: A<\/li>\n<\/ul>\n\n\n\n<p>39<\/p>\n\n\n\n<ul class=\"wp-block-list\">\n<li>Em 28 de novembro de 2008 foi celebrado contrato de&#8230;<\/li>\n\n\n\n<li>Gabarito: A<\/li>\n<\/ul>\n\n\n\n<p>40<\/p>\n\n\n\n<ul class=\"wp-block-list\">\n<li>Determinada sociedade empres\u00e1ria pretende iniciar atividade&#8230;<\/li>\n\n\n\n<li>Gabarito: B<\/li>\n<\/ul>\n\n\n\n<p>41<\/p>\n\n\n\n<ul class=\"wp-block-list\">\n<li>Joana foi criada, desde os dois anos de idade, por Marcos, que&#8230;<\/li>\n\n\n\n<li>Gabarito: D<\/li>\n<\/ul>\n\n\n\n<p>42<\/p>\n\n\n\n<ul class=\"wp-block-list\">\n<li>Jo\u00e3o, empres\u00e1rio do ramo imobili\u00e1rio, faleceu em 2023, deixando&#8230;<\/li>\n\n\n\n<li>Gabarito: E<\/li>\n<\/ul>\n\n\n\n<p>43<\/p>\n\n\n\n<ul class=\"wp-block-list\">\n<li>Marcos ajuizou uma a\u00e7\u00e3o monit\u00f3ria em face do Estado de Mato&#8230;<\/li>\n\n\n\n<li>Gabarito: E<\/li>\n<\/ul>\n\n\n\n<p>44<\/p>\n\n\n\n<ul class=\"wp-block-list\">\n<li>A in\u00e9pcia da peti\u00e7\u00e3o inicial configura-se como v\u00edcio processual de&#8230;<\/li>\n\n\n\n<li>Gabarito: B<\/li>\n<\/ul>\n\n\n\n<p>45<\/p>\n\n\n\n<ul class=\"wp-block-list\">\n<li>Durante audi\u00eancia de instru\u00e7\u00e3o e julgamento, na qual o&#8230;<\/li>\n\n\n\n<li>Gabarito: C<\/li>\n<\/ul>\n\n\n\n<p>46<\/p>\n\n\n\n<ul class=\"wp-block-list\">\n<li>Maria e Ricardo buscaram o advogado Ant\u00f4nio para que os&#8230;<\/li>\n\n\n\n<li>Gabarito: E<\/li>\n<\/ul>\n\n\n\n<p>47<\/p>\n\n\n\n<ul class=\"wp-block-list\">\n<li>Nos autos da a\u00e7\u00e3o de obriga\u00e7\u00e3o de fazer, movida por F\u00e1bio&#8230;<\/li>\n\n\n\n<li>Gabarito: C<\/li>\n<\/ul>\n\n\n\n<p>48<\/p>\n\n\n\n<ul class=\"wp-block-list\">\n<li>Maria ajuizou uma a\u00e7\u00e3o em face de Renato, versando sobre&#8230;<\/li>\n\n\n\n<li>Gabarito: A<\/li>\n<\/ul>\n\n\n\n<p>49<\/p>\n\n\n\n<ul class=\"wp-block-list\">\n<li>O Minist\u00e9rio P\u00fablico do Estado de Mato Grosso do Sul ofereceu&#8230;<\/li>\n\n\n\n<li>Gabarito: A<\/li>\n<\/ul>\n\n\n\n<p>50<\/p>\n\n\n\n<ul class=\"wp-block-list\">\n<li>Lucas, maior e capaz, subtraiu, sem viol\u00eancia ou grave amea\u00e7a&#8230;<\/li>\n\n\n\n<li>Gabarito: E<\/li>\n<\/ul>\n\n\n\n<p>51<\/p>\n\n\n\n<ul class=\"wp-block-list\">\n<li>Ap\u00f3s a observ\u00e2ncia das formalidades constitucionais e legais&#8230;<\/li>\n\n\n\n<li>Gabarito: B<\/li>\n<\/ul>\n\n\n\n<p>52<\/p>\n\n\n\n<ul class=\"wp-block-list\">\n<li>Jos\u00e9 foi condenado definitivamente pela pr\u00e1tica do crime de&#8230;<\/li>\n\n\n\n<li>Gabarito: E<\/li>\n<\/ul>\n\n\n\n<p>53<\/p>\n\n\n\n<ul class=\"wp-block-list\">\n<li>Ap\u00f3s a observ\u00e2ncia do contradit\u00f3rio e da ampla defesa, Jo\u00e3o foi&#8230;<\/li>\n\n\n\n<li>Gabarito: A<\/li>\n<\/ul>\n\n\n\n<p>54<\/p>\n\n\n\n<ul class=\"wp-block-list\">\n<li>Maria, maior e capaz, contou para Lucas, seu namorado, que&#8230;<\/li>\n\n\n\n<li>Gabarito: C<\/li>\n<\/ul>\n\n\n\n<p>55<\/p>\n\n\n\n<ul class=\"wp-block-list\">\n<li>Lucas, ap\u00f3s praticar o crime de feminic\u00eddio, em detrimento de&#8230;<\/li>\n\n\n\n<li>Gabarito: B<\/li>\n<\/ul>\n\n\n\n<p>56<\/p>\n\n\n\n<ul class=\"wp-block-list\">\n<li>Jo\u00e3o, maior e capaz, residente e domiciliado no Estado de&#8230;<\/li>\n\n\n\n<li>Gabarito: D<\/li>\n<\/ul>\n\n\n\n<p>57<\/p>\n\n\n\n<ul class=\"wp-block-list\">\n<li>Ap\u00f3s a observ\u00e2ncia do devido processo legal, Jos\u00e9 foi&#8230;<\/li>\n\n\n\n<li>Gabarito: E<\/li>\n<\/ul>\n\n\n\n<p>58<\/p>\n\n\n\n<ul class=\"wp-block-list\">\n<li>Ap\u00f3s a observ\u00e2ncia do contradit\u00f3rio e da ampla defesa, Maria&#8230;<\/li>\n\n\n\n<li>Gabarito: C<\/li>\n<\/ul>\n\n\n\n<p>59<\/p>\n\n\n\n<ul class=\"wp-block-list\">\n<li>Lucas foi sorteado para integrar o Tribunal do J\u00fari da Comarca&#8230;<\/li>\n\n\n\n<li>Gabarito: C<\/li>\n<\/ul>\n\n\n\n<p>60<\/p>\n\n\n\n<ul class=\"wp-block-list\">\n<li>Matheus, analista do Tribunal de Justi\u00e7a do Estado de Mato&#8230;<\/li>\n\n\n\n<li>Gabarito: D<\/li>\n<\/ul>\n\n\n\n<p class=\"has-text-align-center\"><em>Quer saber mais sobre o <strong>Concurso TJMS<\/strong>? Clique no link abaixo e conhe\u00e7a todos os detalhes desta sele\u00e7\u00e3o<\/em>:<\/p>\n\n\n\n<p class=\"has-text-align-center has-very-light-gray-to-cyan-bluish-gray-gradient-background has-background has-medium-font-size\"><strong>SAIBA MAIS: <a href=\"https:\/\/www.estrategiaconcursos.com.br\/blog\/concurso-tj-ms\/\" target=\"_blank\" rel=\"noreferrer noopener\">Concurso TJ MS<\/a><\/strong><\/p>\n\n\n\n<h2 class=\"wp-block-heading has-text-align-center\" id=\"cursos\"><strong><em>Quer estudar para Concurso?<\/em><\/strong><\/h2>\n\n\n\n<p class=\"has-text-align-center\"><em><strong>Gostou desta oportunidade e deseja come\u00e7ar se preparar agora mesmo? Ent\u00e3o, confira os nossos cursos e comece a estudar<\/strong><\/em><\/p>\n\n\n\n<div class=\"container\" id=\"boxes\">\r\n  <div class=\"row\">\r\n\r\n    <div class=\"col-sm\">\r\n      <div class=\"estrategia\" id=\"box-assinatura\">\r\n        <h3 class=\"titulo-assinatura\">Assinatura Concursos<\/h3>\r\n        <p class=\"subtitulo-assinatura\">Assinatura de 1 ano ou 2 anos<\/p>\r\n        <div class=\"box-botao\">\r\n          <a class=\"btn-assinatura\" target=\"_blank\" href=\"https:\/\/www.estrategiaconcursos.com.br\/assinaturas\/\" role=\"button\" rel=\"noopener noreferrer\">ASSINE AGORA<\/a>\r\n        <\/div>\r\n      <\/div>\r\n     \r\n    <\/div><\/div><\/div>\n\n\n\n<p><\/p>\n","protected":false},"excerpt":{"rendered":"<p>As provas do concurso do Tribunal de Justi\u00e7a de Mato Grosso do Sul&nbsp;(TJ MS) foram aplicadas no \u00faltimo domingo (25\/01) e aqui voc\u00ea poder\u00e1 conferir o&nbsp;gabarito extraoficial&nbsp;para o cargo de&nbsp;Analista Judici\u00e1rio &#8211; \u00c1rea FIM. A corre\u00e7\u00e3o extraoficial estar\u00e1 dispon\u00edvel em v\u00eddeo (atrav\u00e9s do link abaixo) e tamb\u00e9m em texto, a partir da transcri\u00e7\u00e3o do enunciado [&hellip;]<\/p>\n","protected":false},"author":2988,"featured_media":994048,"comment_status":"open","ping_status":"closed","sticky":false,"template":"","format":"standard","meta":{"post_tipo":"news","footnotes":""},"categories":[1984,220219],"tags":[],"tax_estado":[219975],"class_list":["post-1703648","post","type-post","status-publish","format-standard","has-post-thumbnail","hentry","category-tribunais","category-noticias","tax_estado-ms"],"acf":[],"yoast_head":"<!-- This site is optimized with the Yoast SEO Premium plugin v27.2 (Yoast SEO v27.2) - https:\/\/yoast.com\/product\/yoast-seo-premium-wordpress\/ -->\n<title>Gabarito Extraoficial Concurso TJ MS: Analista Judici\u00e1rio - \u00c1rea FIM<\/title>\n<meta name=\"description\" content=\"Confira o gabarito extraoficial do concurso TJ MS para Analista Judici\u00e1rio - \u00c1rea FIM e descubra seu desempenho...\" \/>\n<meta name=\"robots\" content=\"index, follow, max-snippet:-1, max-image-preview:large, max-video-preview:-1\" \/>\n<link rel=\"canonical\" href=\"https:\/\/www.estrategiaconcursos.com.br\/blog\/gabarito-extraoficial-concurso-tj-ms-analista-judiciario-area-fim\/\" \/>\n<meta property=\"og:locale\" content=\"pt_BR\" \/>\n<meta property=\"og:type\" content=\"article\" \/>\n<meta property=\"og:title\" content=\"Gabarito Extraoficial Concurso TJ MS: Analista Judici\u00e1rio - \u00c1rea FIM\" \/>\n<meta property=\"og:description\" content=\"Confira o gabarito extraoficial do concurso TJ MS para Analista Judici\u00e1rio - \u00c1rea FIM e descubra seu desempenho...\" \/>\n<meta property=\"og:url\" content=\"https:\/\/www.estrategiaconcursos.com.br\/blog\/gabarito-extraoficial-concurso-tj-ms-analista-judiciario-area-fim\/\" \/>\n<meta property=\"og:site_name\" content=\"Estrat\u00e9gia Concursos\" \/>\n<meta property=\"article:published_time\" content=\"2026-01-26T00:17:34+00:00\" \/>\n<meta property=\"article:modified_time\" content=\"2026-01-26T00:17:36+00:00\" \/>\n<meta property=\"og:image\" content=\"https:\/\/dhg1h5j42swfq.cloudfront.net\/2022\/03\/24131338\/tj_ms.jpeg\" \/>\n\t<meta property=\"og:image:width\" content=\"768\" \/>\n\t<meta property=\"og:image:height\" content=\"432\" \/>\n\t<meta property=\"og:image:type\" content=\"image\/jpeg\" \/>\n<meta name=\"author\" content=\"Priscila Bonomi\" \/>\n<meta name=\"twitter:card\" content=\"summary_large_image\" \/>\n<meta name=\"twitter:creator\" content=\"@EstratConcursos\" \/>\n<meta name=\"twitter:site\" content=\"@EstratConcursos\" \/>\n<meta name=\"twitter:label1\" content=\"Escrito por\" \/>\n\t<meta name=\"twitter:data1\" content=\"Priscila Bonomi\" \/>\n\t<meta name=\"twitter:label2\" content=\"Est. tempo de leitura\" \/>\n\t<meta name=\"twitter:data2\" content=\"5 minutos\" \/>\n<script type=\"application\/ld+json\" class=\"yoast-schema-graph\">{\"@context\":\"https:\/\/schema.org\",\"@graph\":[{\"@type\":\"NewsArticle\",\"@id\":\"https:\/\/www.estrategiaconcursos.com.br\/blog\/gabarito-extraoficial-concurso-tj-ms-analista-judiciario-area-fim\/#article\",\"isPartOf\":{\"@id\":\"https:\/\/www.estrategiaconcursos.com.br\/blog\/gabarito-extraoficial-concurso-tj-ms-analista-judiciario-area-fim\/\"},\"author\":{\"name\":\"Priscila Bonomi\",\"@id\":\"https:\/\/www.estrategiaconcursos.com.br\/blog\/#\/schema\/person\/873d732f347f1d3c1ca596f53fbf3daf\"},\"headline\":\"Gabarito Extraoficial Concurso TJ MS: Analista Judici\u00e1rio &#8211; \u00c1rea FIM\",\"datePublished\":\"2026-01-26T00:17:34+00:00\",\"dateModified\":\"2026-01-26T00:17:36+00:00\",\"mainEntityOfPage\":{\"@id\":\"https:\/\/www.estrategiaconcursos.com.br\/blog\/gabarito-extraoficial-concurso-tj-ms-analista-judiciario-area-fim\/\"},\"wordCount\":1013,\"commentCount\":0,\"publisher\":{\"@id\":\"https:\/\/www.estrategiaconcursos.com.br\/blog\/#organization\"},\"image\":{\"@id\":\"https:\/\/www.estrategiaconcursos.com.br\/blog\/gabarito-extraoficial-concurso-tj-ms-analista-judiciario-area-fim\/#primaryimage\"},\"thumbnailUrl\":\"https:\/\/dhg1h5j42swfq.cloudfront.net\/2022\/03\/24131338\/tj_ms.jpeg\",\"articleSection\":[\"Tribunais\",\"\u00daltimas not\u00edcias\"],\"inLanguage\":\"pt-BR\",\"potentialAction\":[{\"@type\":\"CommentAction\",\"name\":\"Comment\",\"target\":[\"https:\/\/www.estrategiaconcursos.com.br\/blog\/gabarito-extraoficial-concurso-tj-ms-analista-judiciario-area-fim\/#respond\"]}],\"copyrightYear\":\"2026\",\"copyrightHolder\":{\"@id\":\"https:\/\/www.estrategiaconcursos.com.br\/blog\/#organization\"}},{\"@type\":\"WebPage\",\"@id\":\"https:\/\/www.estrategiaconcursos.com.br\/blog\/gabarito-extraoficial-concurso-tj-ms-analista-judiciario-area-fim\/\",\"url\":\"https:\/\/www.estrategiaconcursos.com.br\/blog\/gabarito-extraoficial-concurso-tj-ms-analista-judiciario-area-fim\/\",\"name\":\"Gabarito Extraoficial Concurso TJ MS: Analista Judici\u00e1rio - \u00c1rea FIM\",\"isPartOf\":{\"@id\":\"https:\/\/www.estrategiaconcursos.com.br\/blog\/#website\"},\"primaryImageOfPage\":{\"@id\":\"https:\/\/www.estrategiaconcursos.com.br\/blog\/gabarito-extraoficial-concurso-tj-ms-analista-judiciario-area-fim\/#primaryimage\"},\"image\":{\"@id\":\"https:\/\/www.estrategiaconcursos.com.br\/blog\/gabarito-extraoficial-concurso-tj-ms-analista-judiciario-area-fim\/#primaryimage\"},\"thumbnailUrl\":\"https:\/\/dhg1h5j42swfq.cloudfront.net\/2022\/03\/24131338\/tj_ms.jpeg\",\"datePublished\":\"2026-01-26T00:17:34+00:00\",\"dateModified\":\"2026-01-26T00:17:36+00:00\",\"description\":\"Confira o gabarito extraoficial do concurso TJ MS para Analista Judici\u00e1rio - \u00c1rea FIM e descubra seu desempenho...\",\"breadcrumb\":{\"@id\":\"https:\/\/www.estrategiaconcursos.com.br\/blog\/gabarito-extraoficial-concurso-tj-ms-analista-judiciario-area-fim\/#breadcrumb\"},\"inLanguage\":\"pt-BR\",\"potentialAction\":[{\"@type\":\"ReadAction\",\"target\":[\"https:\/\/www.estrategiaconcursos.com.br\/blog\/gabarito-extraoficial-concurso-tj-ms-analista-judiciario-area-fim\/\"]}]},{\"@type\":\"ImageObject\",\"inLanguage\":\"pt-BR\",\"@id\":\"https:\/\/www.estrategiaconcursos.com.br\/blog\/gabarito-extraoficial-concurso-tj-ms-analista-judiciario-area-fim\/#primaryimage\",\"url\":\"https:\/\/dhg1h5j42swfq.cloudfront.net\/2022\/03\/24131338\/tj_ms.jpeg\",\"contentUrl\":\"https:\/\/dhg1h5j42swfq.cloudfront.net\/2022\/03\/24131338\/tj_ms.jpeg\",\"width\":768,\"height\":432,\"caption\":\"Analista Judici\u00e1rio TJMS\"},{\"@type\":\"BreadcrumbList\",\"@id\":\"https:\/\/www.estrategiaconcursos.com.br\/blog\/gabarito-extraoficial-concurso-tj-ms-analista-judiciario-area-fim\/#breadcrumb\",\"itemListElement\":[{\"@type\":\"ListItem\",\"position\":1,\"name\":\"In\u00edcio\",\"item\":\"https:\/\/www.estrategiaconcursos.com.br\/blog\/\"},{\"@type\":\"ListItem\",\"position\":2,\"name\":\"Gabarito Extraoficial Concurso TJ MS: Analista Judici\u00e1rio &#8211; \u00c1rea FIM\"}]},{\"@type\":\"WebSite\",\"@id\":\"https:\/\/www.estrategiaconcursos.com.br\/blog\/#website\",\"url\":\"https:\/\/www.estrategiaconcursos.com.br\/blog\/\",\"name\":\"Estrat\u00e9gia Concursos\",\"description\":\"O blog da Estrat\u00e9gia Concursos traz not\u00edcias sobre concursos e artigos de professores oferecendo cursos para concursos (pdf + videaulas) no site.\",\"publisher\":{\"@id\":\"https:\/\/www.estrategiaconcursos.com.br\/blog\/#organization\"},\"potentialAction\":[{\"@type\":\"SearchAction\",\"target\":{\"@type\":\"EntryPoint\",\"urlTemplate\":\"https:\/\/www.estrategiaconcursos.com.br\/blog\/?s={search_term_string}\"},\"query-input\":{\"@type\":\"PropertyValueSpecification\",\"valueRequired\":true,\"valueName\":\"search_term_string\"}}],\"inLanguage\":\"pt-BR\"},{\"@type\":\"Organization\",\"@id\":\"https:\/\/www.estrategiaconcursos.com.br\/blog\/#organization\",\"name\":\"Estrat\u00e9gia Concursos\",\"url\":\"https:\/\/www.estrategiaconcursos.com.br\/blog\/\",\"logo\":{\"@type\":\"ImageObject\",\"inLanguage\":\"pt-BR\",\"@id\":\"https:\/\/www.estrategiaconcursos.com.br\/blog\/#\/schema\/logo\/image\/\",\"url\":\"https:\/\/dhg1h5j42swfq.cloudfront.net\/2025\/06\/03203428\/logo_concursos-1.jpg\",\"contentUrl\":\"https:\/\/dhg1h5j42swfq.cloudfront.net\/2025\/06\/03203428\/logo_concursos-1.jpg\",\"width\":230,\"height\":60,\"caption\":\"Estrat\u00e9gia Concursos\"},\"image\":{\"@id\":\"https:\/\/www.estrategiaconcursos.com.br\/blog\/#\/schema\/logo\/image\/\"},\"sameAs\":[\"https:\/\/x.com\/EstratConcursos\"]},{\"@type\":\"Person\",\"@id\":\"https:\/\/www.estrategiaconcursos.com.br\/blog\/#\/schema\/person\/873d732f347f1d3c1ca596f53fbf3daf\",\"name\":\"Priscila Bonomi\",\"image\":{\"@type\":\"ImageObject\",\"inLanguage\":\"pt-BR\",\"@id\":\"https:\/\/secure.gravatar.com\/avatar\/aecb998f4787e93c4b9adc7c1376c42f00e7b0946d7a7dc1f4ea738ab2665187?s=96&d=mm&r=g\",\"url\":\"https:\/\/secure.gravatar.com\/avatar\/aecb998f4787e93c4b9adc7c1376c42f00e7b0946d7a7dc1f4ea738ab2665187?s=96&d=mm&r=g\",\"contentUrl\":\"https:\/\/secure.gravatar.com\/avatar\/aecb998f4787e93c4b9adc7c1376c42f00e7b0946d7a7dc1f4ea738ab2665187?s=96&d=mm&r=g\",\"caption\":\"Priscila Bonomi\"},\"url\":\"https:\/\/www.estrategiaconcursos.com.br\/blog\/author\/priscila-bonomiestrategia-com\/\"}]}<\/script>\n<!-- \/ Yoast SEO Premium plugin. -->","yoast_head_json":{"title":"Gabarito Extraoficial Concurso TJ MS: Analista Judici\u00e1rio - \u00c1rea FIM","description":"Confira o gabarito extraoficial do concurso TJ MS para Analista Judici\u00e1rio - \u00c1rea FIM e descubra seu desempenho...","robots":{"index":"index","follow":"follow","max-snippet":"max-snippet:-1","max-image-preview":"max-image-preview:large","max-video-preview":"max-video-preview:-1"},"canonical":"https:\/\/www.estrategiaconcursos.com.br\/blog\/gabarito-extraoficial-concurso-tj-ms-analista-judiciario-area-fim\/","og_locale":"pt_BR","og_type":"article","og_title":"Gabarito Extraoficial Concurso TJ MS: Analista Judici\u00e1rio - \u00c1rea FIM","og_description":"Confira o gabarito extraoficial do concurso TJ MS para Analista Judici\u00e1rio - \u00c1rea FIM e descubra seu desempenho...","og_url":"https:\/\/www.estrategiaconcursos.com.br\/blog\/gabarito-extraoficial-concurso-tj-ms-analista-judiciario-area-fim\/","og_site_name":"Estrat\u00e9gia Concursos","article_published_time":"2026-01-26T00:17:34+00:00","article_modified_time":"2026-01-26T00:17:36+00:00","og_image":[{"width":768,"height":432,"url":"https:\/\/dhg1h5j42swfq.cloudfront.net\/2022\/03\/24131338\/tj_ms.jpeg","type":"image\/jpeg"}],"author":"Priscila Bonomi","twitter_card":"summary_large_image","twitter_creator":"@EstratConcursos","twitter_site":"@EstratConcursos","twitter_misc":{"Escrito por":"Priscila Bonomi","Est. tempo de leitura":"5 minutos"},"schema":{"@context":"https:\/\/schema.org","@graph":[{"@type":"NewsArticle","@id":"https:\/\/www.estrategiaconcursos.com.br\/blog\/gabarito-extraoficial-concurso-tj-ms-analista-judiciario-area-fim\/#article","isPartOf":{"@id":"https:\/\/www.estrategiaconcursos.com.br\/blog\/gabarito-extraoficial-concurso-tj-ms-analista-judiciario-area-fim\/"},"author":{"name":"Priscila Bonomi","@id":"https:\/\/www.estrategiaconcursos.com.br\/blog\/#\/schema\/person\/873d732f347f1d3c1ca596f53fbf3daf"},"headline":"Gabarito Extraoficial Concurso TJ MS: Analista Judici\u00e1rio &#8211; \u00c1rea FIM","datePublished":"2026-01-26T00:17:34+00:00","dateModified":"2026-01-26T00:17:36+00:00","mainEntityOfPage":{"@id":"https:\/\/www.estrategiaconcursos.com.br\/blog\/gabarito-extraoficial-concurso-tj-ms-analista-judiciario-area-fim\/"},"wordCount":1013,"commentCount":0,"publisher":{"@id":"https:\/\/www.estrategiaconcursos.com.br\/blog\/#organization"},"image":{"@id":"https:\/\/www.estrategiaconcursos.com.br\/blog\/gabarito-extraoficial-concurso-tj-ms-analista-judiciario-area-fim\/#primaryimage"},"thumbnailUrl":"https:\/\/dhg1h5j42swfq.cloudfront.net\/2022\/03\/24131338\/tj_ms.jpeg","articleSection":["Tribunais","\u00daltimas not\u00edcias"],"inLanguage":"pt-BR","potentialAction":[{"@type":"CommentAction","name":"Comment","target":["https:\/\/www.estrategiaconcursos.com.br\/blog\/gabarito-extraoficial-concurso-tj-ms-analista-judiciario-area-fim\/#respond"]}],"copyrightYear":"2026","copyrightHolder":{"@id":"https:\/\/www.estrategiaconcursos.com.br\/blog\/#organization"}},{"@type":"WebPage","@id":"https:\/\/www.estrategiaconcursos.com.br\/blog\/gabarito-extraoficial-concurso-tj-ms-analista-judiciario-area-fim\/","url":"https:\/\/www.estrategiaconcursos.com.br\/blog\/gabarito-extraoficial-concurso-tj-ms-analista-judiciario-area-fim\/","name":"Gabarito Extraoficial Concurso TJ MS: Analista Judici\u00e1rio - \u00c1rea FIM","isPartOf":{"@id":"https:\/\/www.estrategiaconcursos.com.br\/blog\/#website"},"primaryImageOfPage":{"@id":"https:\/\/www.estrategiaconcursos.com.br\/blog\/gabarito-extraoficial-concurso-tj-ms-analista-judiciario-area-fim\/#primaryimage"},"image":{"@id":"https:\/\/www.estrategiaconcursos.com.br\/blog\/gabarito-extraoficial-concurso-tj-ms-analista-judiciario-area-fim\/#primaryimage"},"thumbnailUrl":"https:\/\/dhg1h5j42swfq.cloudfront.net\/2022\/03\/24131338\/tj_ms.jpeg","datePublished":"2026-01-26T00:17:34+00:00","dateModified":"2026-01-26T00:17:36+00:00","description":"Confira o gabarito extraoficial do concurso TJ MS para Analista Judici\u00e1rio - \u00c1rea FIM e descubra seu desempenho...","breadcrumb":{"@id":"https:\/\/www.estrategiaconcursos.com.br\/blog\/gabarito-extraoficial-concurso-tj-ms-analista-judiciario-area-fim\/#breadcrumb"},"inLanguage":"pt-BR","potentialAction":[{"@type":"ReadAction","target":["https:\/\/www.estrategiaconcursos.com.br\/blog\/gabarito-extraoficial-concurso-tj-ms-analista-judiciario-area-fim\/"]}]},{"@type":"ImageObject","inLanguage":"pt-BR","@id":"https:\/\/www.estrategiaconcursos.com.br\/blog\/gabarito-extraoficial-concurso-tj-ms-analista-judiciario-area-fim\/#primaryimage","url":"https:\/\/dhg1h5j42swfq.cloudfront.net\/2022\/03\/24131338\/tj_ms.jpeg","contentUrl":"https:\/\/dhg1h5j42swfq.cloudfront.net\/2022\/03\/24131338\/tj_ms.jpeg","width":768,"height":432,"caption":"Analista Judici\u00e1rio TJMS"},{"@type":"BreadcrumbList","@id":"https:\/\/www.estrategiaconcursos.com.br\/blog\/gabarito-extraoficial-concurso-tj-ms-analista-judiciario-area-fim\/#breadcrumb","itemListElement":[{"@type":"ListItem","position":1,"name":"In\u00edcio","item":"https:\/\/www.estrategiaconcursos.com.br\/blog\/"},{"@type":"ListItem","position":2,"name":"Gabarito Extraoficial Concurso TJ MS: Analista Judici\u00e1rio &#8211; \u00c1rea FIM"}]},{"@type":"WebSite","@id":"https:\/\/www.estrategiaconcursos.com.br\/blog\/#website","url":"https:\/\/www.estrategiaconcursos.com.br\/blog\/","name":"Estrat\u00e9gia Concursos","description":"O blog da Estrat\u00e9gia Concursos traz not\u00edcias sobre concursos e artigos de professores oferecendo cursos para concursos (pdf + videaulas) no site.","publisher":{"@id":"https:\/\/www.estrategiaconcursos.com.br\/blog\/#organization"},"potentialAction":[{"@type":"SearchAction","target":{"@type":"EntryPoint","urlTemplate":"https:\/\/www.estrategiaconcursos.com.br\/blog\/?s={search_term_string}"},"query-input":{"@type":"PropertyValueSpecification","valueRequired":true,"valueName":"search_term_string"}}],"inLanguage":"pt-BR"},{"@type":"Organization","@id":"https:\/\/www.estrategiaconcursos.com.br\/blog\/#organization","name":"Estrat\u00e9gia Concursos","url":"https:\/\/www.estrategiaconcursos.com.br\/blog\/","logo":{"@type":"ImageObject","inLanguage":"pt-BR","@id":"https:\/\/www.estrategiaconcursos.com.br\/blog\/#\/schema\/logo\/image\/","url":"https:\/\/dhg1h5j42swfq.cloudfront.net\/2025\/06\/03203428\/logo_concursos-1.jpg","contentUrl":"https:\/\/dhg1h5j42swfq.cloudfront.net\/2025\/06\/03203428\/logo_concursos-1.jpg","width":230,"height":60,"caption":"Estrat\u00e9gia Concursos"},"image":{"@id":"https:\/\/www.estrategiaconcursos.com.br\/blog\/#\/schema\/logo\/image\/"},"sameAs":["https:\/\/x.com\/EstratConcursos"]},{"@type":"Person","@id":"https:\/\/www.estrategiaconcursos.com.br\/blog\/#\/schema\/person\/873d732f347f1d3c1ca596f53fbf3daf","name":"Priscila Bonomi","image":{"@type":"ImageObject","inLanguage":"pt-BR","@id":"https:\/\/secure.gravatar.com\/avatar\/aecb998f4787e93c4b9adc7c1376c42f00e7b0946d7a7dc1f4ea738ab2665187?s=96&d=mm&r=g","url":"https:\/\/secure.gravatar.com\/avatar\/aecb998f4787e93c4b9adc7c1376c42f00e7b0946d7a7dc1f4ea738ab2665187?s=96&d=mm&r=g","contentUrl":"https:\/\/secure.gravatar.com\/avatar\/aecb998f4787e93c4b9adc7c1376c42f00e7b0946d7a7dc1f4ea738ab2665187?s=96&d=mm&r=g","caption":"Priscila Bonomi"},"url":"https:\/\/www.estrategiaconcursos.com.br\/blog\/author\/priscila-bonomiestrategia-com\/"}]}},"_links":{"self":[{"href":"https:\/\/www.estrategiaconcursos.com.br\/blog\/wp-json\/wp\/v2\/posts\/1703648","targetHints":{"allow":["GET"]}}],"collection":[{"href":"https:\/\/www.estrategiaconcursos.com.br\/blog\/wp-json\/wp\/v2\/posts"}],"about":[{"href":"https:\/\/www.estrategiaconcursos.com.br\/blog\/wp-json\/wp\/v2\/types\/post"}],"author":[{"embeddable":true,"href":"https:\/\/www.estrategiaconcursos.com.br\/blog\/wp-json\/wp\/v2\/users\/2988"}],"replies":[{"embeddable":true,"href":"https:\/\/www.estrategiaconcursos.com.br\/blog\/wp-json\/wp\/v2\/comments?post=1703648"}],"version-history":[{"count":20,"href":"https:\/\/www.estrategiaconcursos.com.br\/blog\/wp-json\/wp\/v2\/posts\/1703648\/revisions"}],"predecessor-version":[{"id":1704938,"href":"https:\/\/www.estrategiaconcursos.com.br\/blog\/wp-json\/wp\/v2\/posts\/1703648\/revisions\/1704938"}],"wp:featuredmedia":[{"embeddable":true,"href":"https:\/\/www.estrategiaconcursos.com.br\/blog\/wp-json\/wp\/v2\/media\/994048"}],"wp:attachment":[{"href":"https:\/\/www.estrategiaconcursos.com.br\/blog\/wp-json\/wp\/v2\/media?parent=1703648"}],"wp:term":[{"taxonomy":"category","embeddable":true,"href":"https:\/\/www.estrategiaconcursos.com.br\/blog\/wp-json\/wp\/v2\/categories?post=1703648"},{"taxonomy":"post_tag","embeddable":true,"href":"https:\/\/www.estrategiaconcursos.com.br\/blog\/wp-json\/wp\/v2\/tags?post=1703648"},{"taxonomy":"tax_estado","embeddable":true,"href":"https:\/\/www.estrategiaconcursos.com.br\/blog\/wp-json\/wp\/v2\/tax_estado?post=1703648"}],"curies":[{"name":"wp","href":"https:\/\/api.w.org\/{rel}","templated":true}]}}