{"id":1703453,"date":"2026-01-29T11:26:00","date_gmt":"2026-01-29T14:26:00","guid":{"rendered":"https:\/\/www.estrategiaconcursos.com.br\/blog\/?p=1703453"},"modified":"2026-01-28T10:35:53","modified_gmt":"2026-01-28T13:35:53","slug":"jornada-trabalho-jornalista-concursado","status":"publish","type":"post","link":"https:\/\/www.estrategiaconcursos.com.br\/blog\/jornada-trabalho-jornalista-concursado\/","title":{"rendered":"Jornada de trabalho de jornalista concursado"},"content":{"rendered":"\n<p>Ol\u00e1, tudo bem? Hoje falaremos sobre a jornada de trabalho de jornalista concursado, de acordo com o que disp\u00f5e a Consolida\u00e7\u00e3o das Leis do Trabalho (CLT) e a jurisprud\u00eancia do Tribunal Superior do Trabalho (TST).<\/p>\n\n\n\n<p>De in\u00edcio, faremos uma breve abordagem sobre a jornada de trabalho na CLT. Na sequ\u00eancia, abordaremos as regras que se aplicam aos jornalistas profissionais. Por fim, veremos o que o TST decidiu no julgamento do Ag-Emb-EDCiv-RR-17228-20.2017.5.16.0002.<\/p>\n\n\n\n<p>Vamos ao que interessa!<\/p>\n\n\n\n<figure class=\"wp-block-image aligncenter size-large\"><img loading=\"lazy\" decoding=\"async\" width=\"1024\" height=\"731\" src=\"https:\/\/dhg1h5j42swfq.cloudfront.net\/2026\/01\/22100427\/close-up-reporter-preparing-interview-1024x731.jpg\" alt=\"Jornada de trabalho de jornalista concursado\" class=\"wp-image-1703458\" srcset=\"https:\/\/dhg1h5j42swfq.cloudfront.net\/2026\/01\/22100427\/close-up-reporter-preparing-interview-1024x731.jpg 1024w, https:\/\/dhg1h5j42swfq.cloudfront.net\/2026\/01\/22100427\/close-up-reporter-preparing-interview-300x214.jpg 300w, https:\/\/dhg1h5j42swfq.cloudfront.net\/2026\/01\/22100427\/close-up-reporter-preparing-interview-768x549.jpg 768w, https:\/\/dhg1h5j42swfq.cloudfront.net\/2026\/01\/22100427\/close-up-reporter-preparing-interview-1536x1097.jpg 1536w, https:\/\/dhg1h5j42swfq.cloudfront.net\/2026\/01\/22100427\/close-up-reporter-preparing-interview-2048x1463.jpg 2048w, https:\/\/dhg1h5j42swfq.cloudfront.net\/2026\/01\/22100427\/close-up-reporter-preparing-interview-150x107.jpg 150w\" sizes=\"auto, (max-width: 1024px) 100vw, 1024px\" \/><figcaption class=\"wp-element-caption\">Jornada de trabalho de jornalista concursado<\/figcaption><\/figure>\n\n\n\n<div class=\"wp-block-yoast-seo-table-of-contents yoast-table-of-contents\"><h2>Tabela de conte\u00fados<\/h2><ul><li><a href=\"#h-jornada-de-trabalho-de-jornalista-concursado\" data-level=\"2\">Jornada de trabalho de jornalista concursado<\/a><ul><li><a href=\"#h-jornada-de-trabalho-na-clt\" data-level=\"3\">Jornada de trabalho na CLT<\/a><\/li><li><a href=\"#h-dos-jornalistas-profissionais\" data-level=\"3\">Dos Jornalistas Profissionais<\/a><\/li><li><a href=\"#h-aplicam-se-as-mesmas-regras-ao-jornalista-concursado-nbsp\" data-level=\"3\">Aplicam-se as mesmas regras ao jornalista concursado?\u00a0<\/a><\/li><\/ul><\/li><li><a href=\"#h-consideracoes-finais\" data-level=\"2\">Considera\u00e7\u00f5es finais<\/a><\/li><li><a href=\"#h-quer-saber-tudo-sobre-concursos-previstos-confira-nossos-artigos\" data-level=\"2\">Quer saber tudo sobre concursos previstos? Confira nossos artigos!<\/a><\/li><\/ul><\/div>\n\n\n\n<h2 class=\"wp-block-heading\" id=\"h-jornada-de-trabalho-de-jornalista-concursado\">Jornada de trabalho de jornalista concursado<\/h2>\n\n\n\n<h3 class=\"wp-block-heading\" id=\"h-jornada-de-trabalho-na-clt\">Jornada de trabalho na CLT<\/h3>\n\n\n\n<p>De in\u00edcio, devemos ter em vista que a Constitui\u00e7\u00e3o Federal, via de regra, estipula a jornada de no m\u00e1ximo 8 (oito) horas di\u00e1rias e de 44 (quarenta e quatro) horas semanais, vide seu artigo 7\u00ba, inciso XIII.<\/p>\n\n\n\n<p>Nessa esteira, o art. 58 da CLT prev\u00ea que a dura\u00e7\u00e3o normal do trabalho, para os empregados em qualquer atividade privada, n\u00e3o exceder\u00e1 de 8 (oito) horas di\u00e1rias, <strong>desde que n\u00e3o seja fixado expressamente outro limite<\/strong>.<\/p>\n\n\n\n<p>Portanto, a legisla\u00e7\u00e3o trabalhista segue a regra constitucional, mas refere que poder\u00e1 haver outros limites expressos em lei.&nbsp;<\/p>\n\n\n\n<p>A pr\u00f3pria CLT trata de diversas profiss\u00f5es, as quais, por sua natureza diversa, s\u00e3o tratadas de forma diferenciada. \u00c9 o caso dos m\u00fasicos profissionais, dos operadores cinematogr\u00e1ficos, dos banc\u00e1rios, dos <strong>jornalistas profissionais<\/strong>, dentre outras profiss\u00f5es.&nbsp;<\/p>\n\n\n\n<p>A CLT intitula essas regras diferenciadas como sendo as \u201cNormas Especiais de Tutela do Trabalho\u201d.&nbsp;<\/p>\n\n\n\n<h3 class=\"wp-block-heading\" id=\"h-dos-jornalistas-profissionais\">Dos Jornalistas Profissionais<\/h3>\n\n\n\n<p>De acordo com o artigo 303 da CLT, a dura\u00e7\u00e3o normal do trabalho dos empregados jornalistas profissionais n\u00e3o dever\u00e1 exceder de <strong>5 (cinco) horas, tanto de dia como \u00e0 noite.<\/strong><\/p>\n\n\n\n<p>A dura\u00e7\u00e3o normal do trabalho <strong>poder\u00e1 ser elevada a 7 (sete) horas, mediante acordo escrito. <\/strong>Para isso, ser\u00e1 necess\u00e1rio que o jornalista seja remunerado proporcionalmente ao excesso do tempo de trabalho, bem como que lhe seja concedido intervalo destinado a repouso ou a refei\u00e7\u00e3o.<\/p>\n\n\n\n<p>Al\u00e9m disso, \u00e9 importante destacar que, para a CLT, consideram-se inclu\u00eddos nessas regras como \u201cjornalistas profissionais\u201d aqueles que, nas empresas jornal\u00edsticas, prestem servi\u00e7os como <strong>jornalistas, revisores, fot\u00f3grafos, ou na ilustra\u00e7\u00e3o<\/strong>, salvo exce\u00e7\u00f5es previstas.<\/p>\n\n\n\n<p>Nessa esteira, a Orienta\u00e7\u00e3o Jurisprudencial (OJ) n.\u00ba 407 da SDI1 do TST prev\u00ea que:<\/p>\n\n\n\n<div class=\"wp-block-group has-background has-global-padding is-layout-constrained wp-block-group-is-layout-constrained\" style=\"background-color:#9b51e02e\">\n<p>\u201cO jornalista que exerce <span style=\"text-decoration: underline;\">fun\u00e7\u00f5es t\u00edpicas de sua profiss\u00e3o, independentemente do ramo de atividade do empregador<\/span>, <strong>tem direito \u00e0 jornada reduzida<\/strong> prevista no artigo 303 da CLT\u201d.<\/p>\n<\/div>\n\n\n\n<p>Essas regras, no entanto, <mark style=\"background-color:rgba(0, 0, 0, 0);color:#cf2e2e\" class=\"has-inline-color\"><strong>n\u00e3o se aplicam<\/strong><\/mark> \u00e0queles que exercem as fun\u00e7\u00f5es de redator-chefe, secret\u00e1rio, subsecret\u00e1rio, chefe e subchefe de revis\u00e3o, chefe de oficina, de ilustra\u00e7\u00e3o, de chefe de portaria e aos que se ocuparem unicamente em servi\u00e7os externos, conforme disposi\u00e7\u00e3o expressa do artigo 306 da CLT.<\/p>\n\n\n\n<p>No que se refere ao descanso interjornadas (entre cada dia de trabalho), a CLT prev\u00ea que o jornalista dever\u00e1 ter no m\u00ednimo 10 (dez) horas de repouso.&nbsp;<\/p>\n\n\n\n<p>Al\u00e9m disso, a cada 6 (seis) dias de trabalho efetivo, ter\u00e1 direito a 1 (um) dia de descanso obrigat\u00f3rio, que coincidir\u00e1 com o domingo, salvo acordo escrito em contr\u00e1rio, no qual ser\u00e1 expressamente estipulado o dia em que se deve verificar o descanso.<\/p>\n\n\n\n<h3 class=\"wp-block-heading\" id=\"h-aplicam-se-as-mesmas-regras-ao-jornalista-concursado-nbsp\">Aplicam-se as mesmas regras ao jornalista concursado?&nbsp;<\/h3>\n\n\n\n<p>De acordo com o Tribunal Superior do Trabalho, <strong>sim! <\/strong>Foi o que a Subse\u00e7\u00e3o I Especializada Em Diss\u00eddios Individuais (SBDI-I) decidiu no julgamento do <a href=\"https:\/\/consultaprocessual.tst.jus.br\/consultaProcessual\/consultaTstNumUnica.do?consulta=Consultar&amp;conscsjt=&amp;numeroTst=17228&amp;digitoTst=20&amp;anoTst=2017&amp;orgaoTst=5&amp;tribunalTst=16&amp;varaTst=0002&amp;submit=Consultar\">Ag-Emb-EDCiv-RR-17228-20.2017.5.16.0002<\/a>.<\/p>\n\n\n\n<p>\u00c9 importante dizer que se aplicam as mesmas regras caso ele seja <strong>empregado p\u00fablico<\/strong>, isto \u00e9, tenha sido contratado por meio de concurso p\u00fablico para um <strong>emprego p\u00fablico regido pela CLT<\/strong>, os quais, portanto, possuem v\u00ednculo de natureza contratual com a Administra\u00e7\u00e3o P\u00fablica.<\/p>\n\n\n\n<p>Portanto, deve ficar bem claro que <strong><mark style=\"background-color:rgba(0, 0, 0, 0);color:#cf2e2e\" class=\"has-inline-color\">n\u00e3o estamos tratando aqui de ocupantes de cargos p\u00fablicos<\/mark><\/strong>, que possuem v\u00ednculo de natureza estatut\u00e1ria (legal) com a Administra\u00e7\u00e3o P\u00fablica e regras espec\u00edficas para seus servidores.<\/p>\n\n\n\n<p>Continuando, no caso em concreto em quest\u00e3o, o TST analisou caso de jornalista que prestou concurso p\u00fablico para ingresso na Empresa Brasileira de Servi\u00e7os Hospitalares &#8211; EBSERH. A EBSERH argumentava que a OJ 407 da SDI-I do TST foi mal aplicada, pois a profissional atuava como assessora de imprensa, e n\u00e3o como jornalista.<\/p>\n\n\n\n<p>No entanto, o TST manteve o entendimento do TRT de origem e reconheceu o direito da profissional \u00e0 jornada reduzida de 5 (cinco) horas di\u00e1rias.&nbsp;<\/p>\n\n\n\n<p>Inclusive, foi destacado que, ainda que admiss\u00e3o tenha ocorrido por meio de concurso p\u00fablico, cujo edital previa 8h di\u00e1rias e 40h semanais, <strong>a CLT (lei) deve prevalecer sobre as regras do edital do concurso, em raz\u00e3o de sua especificidade.<\/strong><\/p>\n\n\n\n<p>Assim, o TST considerou <strong>nula a regra do edital do concurso<\/strong> <strong>que estabelece jornada superior ao definido na CLT. <\/strong>Isso porque o princ\u00edpio da vincula\u00e7\u00e3o ao edital n\u00e3o pode se sobrepor ao princ\u00edpio da legalidade previsto no art. 37, <em>caput<\/em>, da Constitui\u00e7\u00e3o Federal.<\/p>\n\n\n\n<p>Por fim, o Tribunal Superior do Trabalho tamb\u00e9m considerou que o fato de a EBSERH n\u00e3o ser empresa jornal\u00edstica n\u00e3o afasta, por si s\u00f3, a jornada especial aplic\u00e1vel ao empregador-jornalista.&nbsp;<\/p>\n\n\n\n<h2 class=\"wp-block-heading\" id=\"h-consideracoes-finais\">Considera\u00e7\u00f5es finais<\/h2>\n\n\n\n<p>Portanto, pessoal, esse foi nosso breve resumo sobre a jornada de trabalho de jornalista concursado, de acordo com o que disp\u00f5e a CLT e a jurisprud\u00eancia do TST.<\/p>\n\n\n\n<p>Nosso tempo aqui \u00e9 breve e n\u00e3o conseguimos, claro, esgotar o assunto. Portanto, n\u00e3o deixe de revisar o tema em seu material de estudo e praticar com diversas quest\u00f5es.<\/p>\n\n\n\n<p>At\u00e9 a pr\u00f3xima!<\/p>\n\n\n\n<figure class=\"wp-block-image aligncenter size-large is-resized\"><img decoding=\"async\" src=\"https:\/\/dhg1h5j42swfq.cloudfront.net\/2020\/09\/18141901\/Coruja_Concursos%404x-506x1024.png\" alt=\"Concursos 2024 Estrat\u00e9gia Concursos\" class=\"wp-image-574355\" style=\"aspect-ratio:0.5;width:30px;height:auto\"\/><\/figure>\n\n\n\n<h2 class=\"wp-block-heading has-text-align-center\" id=\"h-quer-saber-tudo-sobre-concursos-previstos-confira-nossos-artigos\">Quer saber tudo sobre concursos previstos?<br \/>Confira nossos artigos!<\/h2>\n\n\n\n<ul class=\"wp-block-list\">\n<li><a href=\"https:\/\/www.estrategiaconcursos.com.br\/blog\/concursos-abertos\/\" target=\"_blank\" rel=\"noreferrer noopener\">Concursos Abertos<\/a><\/li>\n\n\n\n<li><a href=\"https:\/\/www.estrategiaconcursos.com.br\/blog\/concursos-2026\/\" target=\"_blank\" rel=\"noreferrer noopener\">Concursos 2026<\/a><\/li>\n<\/ul>\n\n\n\n<div class=\"container\" id=\"boxes\">\n  <div class=\"row\">\n\n    <div class=\"col-sm\">\n      <div class=\"estrategia\" id=\"box-assinatura\">\n        <h3 class=\"titulo-assinatura\">Assinatura Concursos<\/h3>\n        <p class=\"subtitulo-assinatura\">Assinatura de 1 ano ou 2 anos<\/p>\n        <div class=\"box-botao\">\n          <a class=\"btn-assinatura\" target=\"_blank\" href=\"https:\/\/www.estrategiaconcursos.com.br\/assinaturas\/\" role=\"button\" rel=\"noopener noreferrer\">ASSINE AGORA<\/a>\n        <\/div>\n      <\/div><\/div><\/div><\/div>\n","protected":false},"excerpt":{"rendered":"<p>Ol\u00e1, tudo bem? Hoje falaremos sobre a jornada de trabalho de jornalista concursado, de acordo com o que disp\u00f5e a Consolida\u00e7\u00e3o das Leis do Trabalho (CLT) e a jurisprud\u00eancia do Tribunal Superior do Trabalho (TST). De in\u00edcio, faremos uma breve abordagem sobre a jornada de trabalho na CLT. Na sequ\u00eancia, abordaremos as regras que se [&hellip;]<\/p>\n","protected":false},"author":2567,"featured_media":1703458,"comment_status":"open","ping_status":"closed","sticky":false,"template":"","format":"standard","meta":{"post_tipo":"article","footnotes":""},"categories":[1],"tags":[],"tax_estado":[222299],"class_list":["post-1703453","post","type-post","status-publish","format-standard","has-post-thumbnail","hentry","category-cursos-e-concursos","tax_estado-sem-estado-definido"],"acf":[],"yoast_head":"<!-- This site is optimized with the Yoast SEO Premium plugin v27.2 (Yoast SEO v27.2) - https:\/\/yoast.com\/product\/yoast-seo-premium-wordpress\/ -->\n<title>Jornada de trabalho de jornalista concursado<\/title>\n<meta name=\"description\" content=\"Resumo sobre a jornada de trabalho de jornalista concursado, de acordo com o que disp\u00f5e a CLT e a jurisprud\u00eancia do TST.\" \/>\n<meta name=\"robots\" content=\"index, follow, max-snippet:-1, max-image-preview:large, max-video-preview:-1\" \/>\n<link rel=\"canonical\" href=\"https:\/\/www.estrategiaconcursos.com.br\/blog\/jornada-trabalho-jornalista-concursado\/\" \/>\n<meta property=\"og:locale\" content=\"pt_BR\" \/>\n<meta property=\"og:type\" content=\"article\" \/>\n<meta property=\"og:title\" content=\"Jornada de trabalho de jornalista concursado\" \/>\n<meta property=\"og:description\" content=\"Resumo sobre a jornada de trabalho de jornalista concursado, de acordo com o que disp\u00f5e a CLT e a jurisprud\u00eancia do TST.\" \/>\n<meta property=\"og:url\" content=\"https:\/\/www.estrategiaconcursos.com.br\/blog\/jornada-trabalho-jornalista-concursado\/\" \/>\n<meta property=\"og:site_name\" content=\"Estrat\u00e9gia Concursos\" \/>\n<meta property=\"article:published_time\" content=\"2026-01-29T14:26:00+00:00\" \/>\n<meta property=\"og:image\" content=\"https:\/\/dhg1h5j42swfq.cloudfront.net\/2026\/01\/22100427\/close-up-reporter-preparing-interview-scaled.jpg\" \/>\n\t<meta property=\"og:image:width\" content=\"2560\" \/>\n\t<meta property=\"og:image:height\" content=\"1829\" \/>\n\t<meta property=\"og:image:type\" content=\"image\/jpeg\" \/>\n<meta name=\"author\" content=\"Frederico Tadeu Borlot Peixoto\" \/>\n<meta name=\"twitter:card\" content=\"summary_large_image\" \/>\n<meta name=\"twitter:creator\" content=\"@EstratConcursos\" \/>\n<meta name=\"twitter:site\" content=\"@EstratConcursos\" \/>\n<meta name=\"twitter:label1\" content=\"Escrito por\" \/>\n\t<meta name=\"twitter:data1\" content=\"Frederico Tadeu Borlot Peixoto\" \/>\n\t<meta name=\"twitter:label2\" content=\"Est. tempo de leitura\" \/>\n\t<meta name=\"twitter:data2\" content=\"5 minutos\" \/>\n<script type=\"application\/ld+json\" class=\"yoast-schema-graph\">{\"@context\":\"https:\/\/schema.org\",\"@graph\":[{\"@type\":\"NewsArticle\",\"@id\":\"https:\/\/www.estrategiaconcursos.com.br\/blog\/jornada-trabalho-jornalista-concursado\/#article\",\"isPartOf\":{\"@id\":\"https:\/\/www.estrategiaconcursos.com.br\/blog\/jornada-trabalho-jornalista-concursado\/\"},\"author\":{\"name\":\"Frederico Tadeu Borlot Peixoto\",\"@id\":\"https:\/\/www.estrategiaconcursos.com.br\/blog\/#\/schema\/person\/48a7e085e45aee7c3d4596399af50ebb\"},\"headline\":\"Jornada de trabalho de jornalista concursado\",\"datePublished\":\"2026-01-29T14:26:00+00:00\",\"mainEntityOfPage\":{\"@id\":\"https:\/\/www.estrategiaconcursos.com.br\/blog\/jornada-trabalho-jornalista-concursado\/\"},\"wordCount\":998,\"commentCount\":0,\"publisher\":{\"@id\":\"https:\/\/www.estrategiaconcursos.com.br\/blog\/#organization\"},\"image\":{\"@id\":\"https:\/\/www.estrategiaconcursos.com.br\/blog\/jornada-trabalho-jornalista-concursado\/#primaryimage\"},\"thumbnailUrl\":\"https:\/\/dhg1h5j42swfq.cloudfront.net\/2026\/01\/22100427\/close-up-reporter-preparing-interview-scaled.jpg\",\"articleSection\":[\"Concursos P\u00fablicos\"],\"inLanguage\":\"pt-BR\",\"potentialAction\":[{\"@type\":\"CommentAction\",\"name\":\"Comment\",\"target\":[\"https:\/\/www.estrategiaconcursos.com.br\/blog\/jornada-trabalho-jornalista-concursado\/#respond\"]}],\"copyrightYear\":\"2026\",\"copyrightHolder\":{\"@id\":\"https:\/\/www.estrategiaconcursos.com.br\/blog\/#organization\"},\"accessibilityFeature\":[\"tableOfContents\"]},{\"@type\":\"WebPage\",\"@id\":\"https:\/\/www.estrategiaconcursos.com.br\/blog\/jornada-trabalho-jornalista-concursado\/\",\"url\":\"https:\/\/www.estrategiaconcursos.com.br\/blog\/jornada-trabalho-jornalista-concursado\/\",\"name\":\"Jornada de trabalho de jornalista concursado\",\"isPartOf\":{\"@id\":\"https:\/\/www.estrategiaconcursos.com.br\/blog\/#website\"},\"primaryImageOfPage\":{\"@id\":\"https:\/\/www.estrategiaconcursos.com.br\/blog\/jornada-trabalho-jornalista-concursado\/#primaryimage\"},\"image\":{\"@id\":\"https:\/\/www.estrategiaconcursos.com.br\/blog\/jornada-trabalho-jornalista-concursado\/#primaryimage\"},\"thumbnailUrl\":\"https:\/\/dhg1h5j42swfq.cloudfront.net\/2026\/01\/22100427\/close-up-reporter-preparing-interview-scaled.jpg\",\"datePublished\":\"2026-01-29T14:26:00+00:00\",\"description\":\"Resumo sobre a jornada de trabalho de jornalista concursado, de acordo com o que disp\u00f5e a CLT e a jurisprud\u00eancia do TST.\",\"breadcrumb\":{\"@id\":\"https:\/\/www.estrategiaconcursos.com.br\/blog\/jornada-trabalho-jornalista-concursado\/#breadcrumb\"},\"inLanguage\":\"pt-BR\",\"potentialAction\":[{\"@type\":\"ReadAction\",\"target\":[\"https:\/\/www.estrategiaconcursos.com.br\/blog\/jornada-trabalho-jornalista-concursado\/\"]}]},{\"@type\":\"ImageObject\",\"inLanguage\":\"pt-BR\",\"@id\":\"https:\/\/www.estrategiaconcursos.com.br\/blog\/jornada-trabalho-jornalista-concursado\/#primaryimage\",\"url\":\"https:\/\/dhg1h5j42swfq.cloudfront.net\/2026\/01\/22100427\/close-up-reporter-preparing-interview-scaled.jpg\",\"contentUrl\":\"https:\/\/dhg1h5j42swfq.cloudfront.net\/2026\/01\/22100427\/close-up-reporter-preparing-interview-scaled.jpg\",\"width\":2560,\"height\":1829,\"caption\":\"Jornada de trabalho de jornalista concursado\"},{\"@type\":\"BreadcrumbList\",\"@id\":\"https:\/\/www.estrategiaconcursos.com.br\/blog\/jornada-trabalho-jornalista-concursado\/#breadcrumb\",\"itemListElement\":[{\"@type\":\"ListItem\",\"position\":1,\"name\":\"In\u00edcio\",\"item\":\"https:\/\/www.estrategiaconcursos.com.br\/blog\/\"},{\"@type\":\"ListItem\",\"position\":2,\"name\":\"Jornada de trabalho de jornalista concursado\"}]},{\"@type\":\"WebSite\",\"@id\":\"https:\/\/www.estrategiaconcursos.com.br\/blog\/#website\",\"url\":\"https:\/\/www.estrategiaconcursos.com.br\/blog\/\",\"name\":\"Estrat\u00e9gia Concursos\",\"description\":\"O blog da Estrat\u00e9gia Concursos traz not\u00edcias sobre concursos e artigos de professores oferecendo cursos para concursos (pdf + videaulas) no site.\",\"publisher\":{\"@id\":\"https:\/\/www.estrategiaconcursos.com.br\/blog\/#organization\"},\"potentialAction\":[{\"@type\":\"SearchAction\",\"target\":{\"@type\":\"EntryPoint\",\"urlTemplate\":\"https:\/\/www.estrategiaconcursos.com.br\/blog\/?s={search_term_string}\"},\"query-input\":{\"@type\":\"PropertyValueSpecification\",\"valueRequired\":true,\"valueName\":\"search_term_string\"}}],\"inLanguage\":\"pt-BR\"},{\"@type\":\"Organization\",\"@id\":\"https:\/\/www.estrategiaconcursos.com.br\/blog\/#organization\",\"name\":\"Estrat\u00e9gia Concursos\",\"url\":\"https:\/\/www.estrategiaconcursos.com.br\/blog\/\",\"logo\":{\"@type\":\"ImageObject\",\"inLanguage\":\"pt-BR\",\"@id\":\"https:\/\/www.estrategiaconcursos.com.br\/blog\/#\/schema\/logo\/image\/\",\"url\":\"https:\/\/dhg1h5j42swfq.cloudfront.net\/2025\/06\/03203428\/logo_concursos-1.jpg\",\"contentUrl\":\"https:\/\/dhg1h5j42swfq.cloudfront.net\/2025\/06\/03203428\/logo_concursos-1.jpg\",\"width\":230,\"height\":60,\"caption\":\"Estrat\u00e9gia Concursos\"},\"image\":{\"@id\":\"https:\/\/www.estrategiaconcursos.com.br\/blog\/#\/schema\/logo\/image\/\"},\"sameAs\":[\"https:\/\/x.com\/EstratConcursos\"]},{\"@type\":\"Person\",\"@id\":\"https:\/\/www.estrategiaconcursos.com.br\/blog\/#\/schema\/person\/48a7e085e45aee7c3d4596399af50ebb\",\"name\":\"Frederico Tadeu Borlot Peixoto\",\"image\":{\"@type\":\"ImageObject\",\"inLanguage\":\"pt-BR\",\"@id\":\"https:\/\/secure.gravatar.com\/avatar\/df8a49e2321c1e32f85e9e7c2a9c92c688f1f53a947220f40017ff5858b09fdb?s=96&d=mm&r=g\",\"url\":\"https:\/\/secure.gravatar.com\/avatar\/df8a49e2321c1e32f85e9e7c2a9c92c688f1f53a947220f40017ff5858b09fdb?s=96&d=mm&r=g\",\"contentUrl\":\"https:\/\/secure.gravatar.com\/avatar\/df8a49e2321c1e32f85e9e7c2a9c92c688f1f53a947220f40017ff5858b09fdb?s=96&d=mm&r=g\",\"caption\":\"Frederico Tadeu Borlot Peixoto\"},\"description\":\"Analista Judici\u00e1rio - \u00c1rea Judici\u00e1ria do TRF da 4\u00aa regi\u00e3o. Bacharel em Direito. P\u00f3s-graduado em Direito Administrativo, Legisla\u00e7\u00e3o Penal Especial, Direito Penal e Direito Processual Penal. Tamb\u00e9m nomeado no TRF da 3\u00aa regi\u00e3o (8\u00ba lugar); SPPREV (3\u00ba lugar); IFES (2\u00ba lugar); e PMES. https:\/\/www.instagram.com\/proffrederico\/\",\"sameAs\":[\"https:\/\/www.instagram.com\/proffrederico\/\"],\"url\":\"https:\/\/www.estrategiaconcursos.com.br\/blog\/author\/xfredericohotmail-com\/\"}]}<\/script>\n<!-- \/ Yoast SEO Premium plugin. -->","yoast_head_json":{"title":"Jornada de trabalho de jornalista concursado","description":"Resumo sobre a jornada de trabalho de jornalista concursado, de acordo com o que disp\u00f5e a CLT e a jurisprud\u00eancia do TST.","robots":{"index":"index","follow":"follow","max-snippet":"max-snippet:-1","max-image-preview":"max-image-preview:large","max-video-preview":"max-video-preview:-1"},"canonical":"https:\/\/www.estrategiaconcursos.com.br\/blog\/jornada-trabalho-jornalista-concursado\/","og_locale":"pt_BR","og_type":"article","og_title":"Jornada de trabalho de jornalista concursado","og_description":"Resumo sobre a jornada de trabalho de jornalista concursado, de acordo com o que disp\u00f5e a CLT e a jurisprud\u00eancia do TST.","og_url":"https:\/\/www.estrategiaconcursos.com.br\/blog\/jornada-trabalho-jornalista-concursado\/","og_site_name":"Estrat\u00e9gia Concursos","article_published_time":"2026-01-29T14:26:00+00:00","og_image":[{"width":2560,"height":1829,"url":"https:\/\/dhg1h5j42swfq.cloudfront.net\/2026\/01\/22100427\/close-up-reporter-preparing-interview-scaled.jpg","type":"image\/jpeg"}],"author":"Frederico Tadeu Borlot Peixoto","twitter_card":"summary_large_image","twitter_creator":"@EstratConcursos","twitter_site":"@EstratConcursos","twitter_misc":{"Escrito por":"Frederico Tadeu Borlot Peixoto","Est. tempo de leitura":"5 minutos"},"schema":{"@context":"https:\/\/schema.org","@graph":[{"@type":"NewsArticle","@id":"https:\/\/www.estrategiaconcursos.com.br\/blog\/jornada-trabalho-jornalista-concursado\/#article","isPartOf":{"@id":"https:\/\/www.estrategiaconcursos.com.br\/blog\/jornada-trabalho-jornalista-concursado\/"},"author":{"name":"Frederico Tadeu Borlot Peixoto","@id":"https:\/\/www.estrategiaconcursos.com.br\/blog\/#\/schema\/person\/48a7e085e45aee7c3d4596399af50ebb"},"headline":"Jornada de trabalho de jornalista concursado","datePublished":"2026-01-29T14:26:00+00:00","mainEntityOfPage":{"@id":"https:\/\/www.estrategiaconcursos.com.br\/blog\/jornada-trabalho-jornalista-concursado\/"},"wordCount":998,"commentCount":0,"publisher":{"@id":"https:\/\/www.estrategiaconcursos.com.br\/blog\/#organization"},"image":{"@id":"https:\/\/www.estrategiaconcursos.com.br\/blog\/jornada-trabalho-jornalista-concursado\/#primaryimage"},"thumbnailUrl":"https:\/\/dhg1h5j42swfq.cloudfront.net\/2026\/01\/22100427\/close-up-reporter-preparing-interview-scaled.jpg","articleSection":["Concursos P\u00fablicos"],"inLanguage":"pt-BR","potentialAction":[{"@type":"CommentAction","name":"Comment","target":["https:\/\/www.estrategiaconcursos.com.br\/blog\/jornada-trabalho-jornalista-concursado\/#respond"]}],"copyrightYear":"2026","copyrightHolder":{"@id":"https:\/\/www.estrategiaconcursos.com.br\/blog\/#organization"},"accessibilityFeature":["tableOfContents"]},{"@type":"WebPage","@id":"https:\/\/www.estrategiaconcursos.com.br\/blog\/jornada-trabalho-jornalista-concursado\/","url":"https:\/\/www.estrategiaconcursos.com.br\/blog\/jornada-trabalho-jornalista-concursado\/","name":"Jornada de trabalho de jornalista concursado","isPartOf":{"@id":"https:\/\/www.estrategiaconcursos.com.br\/blog\/#website"},"primaryImageOfPage":{"@id":"https:\/\/www.estrategiaconcursos.com.br\/blog\/jornada-trabalho-jornalista-concursado\/#primaryimage"},"image":{"@id":"https:\/\/www.estrategiaconcursos.com.br\/blog\/jornada-trabalho-jornalista-concursado\/#primaryimage"},"thumbnailUrl":"https:\/\/dhg1h5j42swfq.cloudfront.net\/2026\/01\/22100427\/close-up-reporter-preparing-interview-scaled.jpg","datePublished":"2026-01-29T14:26:00+00:00","description":"Resumo sobre a jornada de trabalho de jornalista concursado, de acordo com o que disp\u00f5e a CLT e a jurisprud\u00eancia do TST.","breadcrumb":{"@id":"https:\/\/www.estrategiaconcursos.com.br\/blog\/jornada-trabalho-jornalista-concursado\/#breadcrumb"},"inLanguage":"pt-BR","potentialAction":[{"@type":"ReadAction","target":["https:\/\/www.estrategiaconcursos.com.br\/blog\/jornada-trabalho-jornalista-concursado\/"]}]},{"@type":"ImageObject","inLanguage":"pt-BR","@id":"https:\/\/www.estrategiaconcursos.com.br\/blog\/jornada-trabalho-jornalista-concursado\/#primaryimage","url":"https:\/\/dhg1h5j42swfq.cloudfront.net\/2026\/01\/22100427\/close-up-reporter-preparing-interview-scaled.jpg","contentUrl":"https:\/\/dhg1h5j42swfq.cloudfront.net\/2026\/01\/22100427\/close-up-reporter-preparing-interview-scaled.jpg","width":2560,"height":1829,"caption":"Jornada de trabalho de jornalista concursado"},{"@type":"BreadcrumbList","@id":"https:\/\/www.estrategiaconcursos.com.br\/blog\/jornada-trabalho-jornalista-concursado\/#breadcrumb","itemListElement":[{"@type":"ListItem","position":1,"name":"In\u00edcio","item":"https:\/\/www.estrategiaconcursos.com.br\/blog\/"},{"@type":"ListItem","position":2,"name":"Jornada de trabalho de jornalista concursado"}]},{"@type":"WebSite","@id":"https:\/\/www.estrategiaconcursos.com.br\/blog\/#website","url":"https:\/\/www.estrategiaconcursos.com.br\/blog\/","name":"Estrat\u00e9gia Concursos","description":"O blog da Estrat\u00e9gia Concursos traz not\u00edcias sobre concursos e artigos de professores oferecendo cursos para concursos (pdf + videaulas) no site.","publisher":{"@id":"https:\/\/www.estrategiaconcursos.com.br\/blog\/#organization"},"potentialAction":[{"@type":"SearchAction","target":{"@type":"EntryPoint","urlTemplate":"https:\/\/www.estrategiaconcursos.com.br\/blog\/?s={search_term_string}"},"query-input":{"@type":"PropertyValueSpecification","valueRequired":true,"valueName":"search_term_string"}}],"inLanguage":"pt-BR"},{"@type":"Organization","@id":"https:\/\/www.estrategiaconcursos.com.br\/blog\/#organization","name":"Estrat\u00e9gia Concursos","url":"https:\/\/www.estrategiaconcursos.com.br\/blog\/","logo":{"@type":"ImageObject","inLanguage":"pt-BR","@id":"https:\/\/www.estrategiaconcursos.com.br\/blog\/#\/schema\/logo\/image\/","url":"https:\/\/dhg1h5j42swfq.cloudfront.net\/2025\/06\/03203428\/logo_concursos-1.jpg","contentUrl":"https:\/\/dhg1h5j42swfq.cloudfront.net\/2025\/06\/03203428\/logo_concursos-1.jpg","width":230,"height":60,"caption":"Estrat\u00e9gia Concursos"},"image":{"@id":"https:\/\/www.estrategiaconcursos.com.br\/blog\/#\/schema\/logo\/image\/"},"sameAs":["https:\/\/x.com\/EstratConcursos"]},{"@type":"Person","@id":"https:\/\/www.estrategiaconcursos.com.br\/blog\/#\/schema\/person\/48a7e085e45aee7c3d4596399af50ebb","name":"Frederico Tadeu Borlot Peixoto","image":{"@type":"ImageObject","inLanguage":"pt-BR","@id":"https:\/\/secure.gravatar.com\/avatar\/df8a49e2321c1e32f85e9e7c2a9c92c688f1f53a947220f40017ff5858b09fdb?s=96&d=mm&r=g","url":"https:\/\/secure.gravatar.com\/avatar\/df8a49e2321c1e32f85e9e7c2a9c92c688f1f53a947220f40017ff5858b09fdb?s=96&d=mm&r=g","contentUrl":"https:\/\/secure.gravatar.com\/avatar\/df8a49e2321c1e32f85e9e7c2a9c92c688f1f53a947220f40017ff5858b09fdb?s=96&d=mm&r=g","caption":"Frederico Tadeu Borlot Peixoto"},"description":"Analista Judici\u00e1rio - \u00c1rea Judici\u00e1ria do TRF da 4\u00aa regi\u00e3o. Bacharel em Direito. P\u00f3s-graduado em Direito Administrativo, Legisla\u00e7\u00e3o Penal Especial, Direito Penal e Direito Processual Penal. Tamb\u00e9m nomeado no TRF da 3\u00aa regi\u00e3o (8\u00ba lugar); SPPREV (3\u00ba lugar); IFES (2\u00ba lugar); e PMES. https:\/\/www.instagram.com\/proffrederico\/","sameAs":["https:\/\/www.instagram.com\/proffrederico\/"],"url":"https:\/\/www.estrategiaconcursos.com.br\/blog\/author\/xfredericohotmail-com\/"}]}},"_links":{"self":[{"href":"https:\/\/www.estrategiaconcursos.com.br\/blog\/wp-json\/wp\/v2\/posts\/1703453","targetHints":{"allow":["GET"]}}],"collection":[{"href":"https:\/\/www.estrategiaconcursos.com.br\/blog\/wp-json\/wp\/v2\/posts"}],"about":[{"href":"https:\/\/www.estrategiaconcursos.com.br\/blog\/wp-json\/wp\/v2\/types\/post"}],"author":[{"embeddable":true,"href":"https:\/\/www.estrategiaconcursos.com.br\/blog\/wp-json\/wp\/v2\/users\/2567"}],"replies":[{"embeddable":true,"href":"https:\/\/www.estrategiaconcursos.com.br\/blog\/wp-json\/wp\/v2\/comments?post=1703453"}],"version-history":[{"count":2,"href":"https:\/\/www.estrategiaconcursos.com.br\/blog\/wp-json\/wp\/v2\/posts\/1703453\/revisions"}],"predecessor-version":[{"id":1703460,"href":"https:\/\/www.estrategiaconcursos.com.br\/blog\/wp-json\/wp\/v2\/posts\/1703453\/revisions\/1703460"}],"wp:featuredmedia":[{"embeddable":true,"href":"https:\/\/www.estrategiaconcursos.com.br\/blog\/wp-json\/wp\/v2\/media\/1703458"}],"wp:attachment":[{"href":"https:\/\/www.estrategiaconcursos.com.br\/blog\/wp-json\/wp\/v2\/media?parent=1703453"}],"wp:term":[{"taxonomy":"category","embeddable":true,"href":"https:\/\/www.estrategiaconcursos.com.br\/blog\/wp-json\/wp\/v2\/categories?post=1703453"},{"taxonomy":"post_tag","embeddable":true,"href":"https:\/\/www.estrategiaconcursos.com.br\/blog\/wp-json\/wp\/v2\/tags?post=1703453"},{"taxonomy":"tax_estado","embeddable":true,"href":"https:\/\/www.estrategiaconcursos.com.br\/blog\/wp-json\/wp\/v2\/tax_estado?post=1703453"}],"curies":[{"name":"wp","href":"https:\/\/api.w.org\/{rel}","templated":true}]}}