{"id":1703438,"date":"2026-01-30T14:11:00","date_gmt":"2026-01-30T17:11:00","guid":{"rendered":"https:\/\/www.estrategiaconcursos.com.br\/blog\/?p=1703438"},"modified":"2026-01-28T10:16:35","modified_gmt":"2026-01-28T13:16:35","slug":"anistia-sefaz-rn","status":"publish","type":"post","link":"https:\/\/www.estrategiaconcursos.com.br\/blog\/anistia-sefaz-rn\/","title":{"rendered":"Anistia: resumo de direito tribut\u00e1rio para a SEFAZ RN"},"content":{"rendered":"\n<p>Ol\u00e1, pessoal, tudo bem? Estudaremos, neste resumo de direito tribut\u00e1rio, sobre a <strong><mark style=\"background-color:rgba(0, 0, 0, 0);color:#0693e3\" class=\"has-inline-color\">anistia<\/mark><\/strong>, com foco no concurso da <a href=\"https:\/\/www.sefaz.rn.gov.br\/\">Secretaria de Estado da Fazenda do Rio Grande do Norte (SEFAZ RN)<\/a>.<\/p>\n\n\n\n<figure class=\"wp-block-image size-full\"><img loading=\"lazy\" decoding=\"async\" width=\"768\" height=\"432\" src=\"https:\/\/dhg1h5j42swfq.cloudfront.net\/2023\/06\/05083940\/sefaz-rn.jpg\" alt=\"Anistia: resumo de direito tribut\u00e1rio para a SEFAZ RN\" class=\"wp-image-1227510\" srcset=\"https:\/\/dhg1h5j42swfq.cloudfront.net\/2023\/06\/05083940\/sefaz-rn.jpg 768w, https:\/\/dhg1h5j42swfq.cloudfront.net\/2023\/06\/05083940\/sefaz-rn-300x169.jpg 300w, https:\/\/dhg1h5j42swfq.cloudfront.net\/2023\/06\/05083940\/sefaz-rn-610x343.jpg 610w, https:\/\/dhg1h5j42swfq.cloudfront.net\/2023\/06\/05083940\/sefaz-rn-150x84.jpg 150w\" sizes=\"auto, (max-width: 768px) 100vw, 768px\" \/><\/figure>\n\n\n\n<p>Bons estudos!<\/p>\n\n\n\n<h2 class=\"wp-block-heading\" id=\"h-introducao\"><strong><mark style=\"background-color:rgba(0, 0, 0, 0);color:#0693e3\" class=\"has-inline-color\">Introdu\u00e7\u00e3o<\/mark><\/strong><\/h2>\n\n\n\n<p>Conforme a doutrina do direito tribut\u00e1rio, o surgimento da obriga\u00e7\u00e3o tribut\u00e1ria ocorre com a subsun\u00e7\u00e3o dos fatos \u00e0s normas que definem a hip\u00f3tese de incid\u00eancia do tributo. Portanto, decorre do fato gerador.<\/p>\n\n\n\n<p>Assim, \u00e9 por meio do lan\u00e7amento que se declara a obriga\u00e7\u00e3o e se constitui o cr\u00e9dito tribut\u00e1rio, com vistas a tornar exig\u00edvel a obriga\u00e7\u00e3o.<\/p>\n\n\n\n<p>Existem situa\u00e7\u00f5es, todavia, em que, <strong>mesmo tendo ocorrido o fato gerador, o Estado promove a exclus\u00e3o do cr\u00e9dito tribut\u00e1rio, anteriormente ao <\/strong><strong>seu <\/strong><strong>lan\u00e7amento<\/strong>.<\/p>\n\n\n\n<p>Ou seja, segundo a doutrina majorit\u00e1ria, <strong>fica impedid<\/strong><strong>a<\/strong><strong> a constitui\u00e7\u00e3o do cr\u00e9dito tribut\u00e1rio<\/strong>.<\/p>\n\n\n\n<p>Conforme o CTN, existem <strong><mark style=\"background-color:rgba(0, 0, 0, 0);color:#9b51e0\" class=\"has-inline-color\">2 (duas) hip\u00f3teses de exclus\u00e3o do cr\u00e9dito<\/mark><\/strong>, a saber: a <mark style=\"background-color:rgba(0, 0, 0, 0);color:#9b51e0\" class=\"has-inline-color\"><strong>isen\u00e7\u00e3o<\/strong> <\/mark>e a <strong><mark style=\"background-color:rgba(0, 0, 0, 0);color:#9b51e0\" class=\"has-inline-color\">anistia<\/mark><\/strong>.<\/p>\n\n\n\n<p>Nos pr\u00f3ximos t\u00f3picos deste artigo trataremos sobre as principais caracter\u00edsticas da anistia para que voc\u00ea, caro aluno, esteja preparado para as poss\u00edveis exig\u00eancias do CEBRASPE na prova da SEFAZ RN.<\/p>\n\n\n\n<h2 class=\"wp-block-heading\" id=\"h-resumo-sobre-anistia-para-a-sefaz-rn\"><strong><mark style=\"background-color:rgba(0, 0, 0, 0);color:#0693e3\" class=\"has-inline-color\">Resumo sobre anistia para a SEFAZ RN<\/mark><\/strong><\/h2>\n\n\n\n<p>Em resumo, a <mark style=\"background-color:rgba(0, 0, 0, 0);color:#9b51e0\" class=\"has-inline-color\"><strong>anistia<\/strong> <\/mark>refere-se \u00e0 <strong><mark style=\"background-color:rgba(0, 0, 0, 0);color:#9b51e0\" class=\"has-inline-color\">exclus\u00e3o do cr\u00e9dito tribut\u00e1rio<\/mark><\/strong> referente \u00e0s <strong><mark style=\"background-color:rgba(0, 0, 0, 0);color:#9b51e0\" class=\"has-inline-color\">infra\u00e7\u00f5es<\/mark> <\/strong>cometidas pelo sujeito passivo.<\/p>\n\n\n\n<p>Portanto, a <strong>anistia n\u00e3o alcan\u00e7a o valor principal do tributo<\/strong>, mas apenas as penalidades, ok?<\/p>\n\n\n\n<p>Conforme tratado anteriormente, o conceito de exclus\u00e3o do cr\u00e9dito tribut\u00e1rio guarda rela\u00e7\u00e3o com o impedimento do lan\u00e7amento, por esse motivo, a <strong><mark style=\"background-color:rgba(0, 0, 0, 0);color:#ff6900\" class=\"has-inline-color\">doutrina majorit\u00e1ria<\/mark><\/strong> do direito tribut\u00e1rio indica que a <strong><mark style=\"background-color:rgba(0, 0, 0, 0);color:#ff6900\" class=\"has-inline-color\">anistia incide somente em rela\u00e7\u00e3o aos valores de penalidades ainda n\u00e3o lan\u00e7adas<\/mark><\/strong>.<\/p>\n\n\n\n<p>Apesar disso, existe <strong><mark style=\"background-color:rgba(0, 0, 0, 0);color:#00d084\" class=\"has-inline-color\">doutrina minorit\u00e1ria<\/mark><\/strong> que <strong><mark style=\"background-color:rgba(0, 0, 0, 0);color:#00d084\" class=\"has-inline-color\">considera a anistia como sin\u00f4nimo de perd\u00e3o de todas as infra\u00e7\u00f5es, sejam elas lan\u00e7adas ou n\u00e3o lan\u00e7adas<\/mark><\/strong>.<\/p>\n\n\n\n<p>Nesse sentido, verifica-se, nessa doutrina minorit\u00e1ria, certa <strong><mark style=\"background-color:rgba(0, 0, 0, 0);color:#00d084\" class=\"has-inline-color\">sobreposi\u00e7\u00e3o entre os conceitos de anistia e de remiss\u00e3o<\/mark><\/strong>.<\/p>\n\n\n\n<p>Explicamos melhor: em s\u00edntese, a remiss\u00e3o consiste em uma modalidade de extin\u00e7\u00e3o do cr\u00e9dito tribut\u00e1rio que abrange o valor do tributo, juros e multas. Para isso, j\u00e1 deve ter havido o lan\u00e7amento do cr\u00e9dito. Nesse contexto, verificamos que, em rela\u00e7\u00e3o \u00e0 doutrina minorit\u00e1ria supracitada, o perd\u00e3o dos cr\u00e9ditos lan\u00e7ados de multa poderia, portanto, ser classificado tanto como remiss\u00e3o quanto como anistia.<\/p>\n\n\n\n<p>Diante do exposto, fiquem atentos ao direcionamento das quest\u00f5es, com vistas a verificar a abordagem utilizada pelo examinador para conceituar a anistia, tudo bem?<\/p>\n\n\n\n<h3 class=\"wp-block-heading\" id=\"h-resumo-sobre-anistia-para-a-sefaz-rn-abrangencia\"><strong><mark style=\"background-color:rgba(0, 0, 0, 0);color:#0693e3\" class=\"has-inline-color\">Resumo sobre anistia para a SEFAZ RN: abrang\u00eancia<\/mark><\/strong><\/h3>\n\n\n\n<p>Conforme o CTN, a anistia <strong><mark style=\"background-color:rgba(0, 0, 0, 0);color:#9b51e0\" class=\"has-inline-color\">somente abrange as infra\u00e7\u00f5es cometidas anteriormente \u00e0 vig\u00eancia da lei que a concede<\/mark><\/strong>.<\/p>\n\n\n\n<p>Pessoal, essa \u00e9 uma disposi\u00e7\u00e3o bastante \u00f3bvia, afinal, se a lei viesse a conceder anistia para infra\u00e7\u00f5es futuras, naturalmente, seria um est\u00edmulo ao cometimento de irregularidades, o que n\u00e3o faz sentido, n\u00e3o \u00e9 mesmo?<\/p>\n\n\n\n<p>Ademais, a abrang\u00eancia <strong><mark style=\"background-color:rgba(0, 0, 0, 0);color:#cf2e2e\" class=\"has-inline-color\">n\u00e3o abarca os atos definidos em lei como crimes ou contraven\u00e7\u00f5es<\/mark>, <\/strong>e nem aqueles que, mesmo n\u00e3o possuindo essa qualidade, sejam <strong><mark style=\"background-color:rgba(0, 0, 0, 0);color:#cf2e2e\" class=\"has-inline-color\">praticados com dolo, fraude ou simula\u00e7\u00e3o<\/mark><\/strong>.<\/p>\n\n\n\n<p>Em regra, a anistia <strong><mark style=\"background-color:rgba(0, 0, 0, 0);color:#cf2e2e\" class=\"has-inline-color\">tamb\u00e9m n\u00e3o abrange as infra\u00e7\u00f5es resultantes de conluio entre duas ou mais pessoas naturais ou jur\u00eddicas<\/mark><\/strong>. Todavia, o CTN admite, <strong>caso haja disposi\u00e7\u00e3o legal nesse sentido, que a anistia se aplique tamb\u00e9m aos casos de conluio<\/strong>.<\/p>\n\n\n\n<h3 class=\"wp-block-heading\" id=\"h-resumo-sobre-anistia-para-a-sefaz-rn-carater\"><strong><mark style=\"background-color:rgba(0, 0, 0, 0);color:#0693e3\" class=\"has-inline-color\">Resumo sobre anistia para a SEFAZ RN: car\u00e1ter<\/mark><\/strong><\/h3>\n\n\n\n<p>Pessoal, a concess\u00e3o de anistia <strong><mark style=\"background-color:rgba(0, 0, 0, 0);color:#9b51e0\" class=\"has-inline-color\">sempre depende da exist\u00eancia de lei<\/mark><\/strong>.<\/p>\n\n\n\n<p>Ademais, o CTN prev\u00ea dois car\u00e1teres para as anistias, a saber, <mark style=\"background-color:rgba(0, 0, 0, 0);color:#ff6900\" class=\"has-inline-color\"><strong>geral<\/strong> <\/mark>ou <strong><mark style=\"background-color:rgba(0, 0, 0, 0);color:#00d084\" class=\"has-inline-color\">limitado<\/mark><\/strong>.<\/p>\n\n\n\n<p>Em <strong><mark style=\"background-color:rgba(0, 0, 0, 0);color:#ff6900\" class=\"has-inline-color\">car\u00e1ter geral<\/mark><\/strong>, a anistia, <strong><mark style=\"background-color:rgba(0, 0, 0, 0);color:#ff6900\" class=\"has-inline-color\">concedida por lei<\/mark><\/strong>, aplica-se \u00e0s <strong><mark style=\"background-color:rgba(0, 0, 0, 0);color:#ff6900\" class=\"has-inline-color\">infra\u00e7\u00f5es praticadas por todos os sujeitos passivos abrangidos pela norma, de maneira uniforme<\/mark><\/strong>.<\/p>\n\n\n\n<p>Por outro lado, quando concedida em <strong><mark style=\"background-color:rgba(0, 0, 0, 0);color:#00d084\" class=\"has-inline-color\">car\u00e1ter n\u00e3o geral<\/mark><\/strong>, pode aplicar-se, <strong><mark style=\"background-color:rgba(0, 0, 0, 0);color:#00d084\" class=\"has-inline-color\">limitadamente<\/mark><\/strong>, a:<\/p>\n\n\n\n<ul class=\"wp-block-list\">\n<li>Infra\u00e7\u00f5es relativas a <strong><mark style=\"background-color:rgba(0, 0, 0, 0);color:#00d084\" class=\"has-inline-color\">determinado tributo<\/mark><\/strong>;<\/li>\n\n\n\n<li>Infra\u00e7\u00f5es punidas com <strong><mark style=\"background-color:rgba(0, 0, 0, 0);color:#00d084\" class=\"has-inline-color\">penalidades pecuni\u00e1rias limitadas a determinado montante<\/mark><\/strong>, conjugadas ou n\u00e3o com outras penalidades;<\/li>\n\n\n\n<li><strong><mark style=\"background-color:rgba(0, 0, 0, 0);color:#00d084\" class=\"has-inline-color\">Determinadas regi\u00f5es do territ\u00f3rio<\/mark><\/strong> do ente tributante, observando-se as devidas peculiaridades;<\/li>\n\n\n\n<li><strong><mark style=\"background-color:rgba(0, 0, 0, 0);color:#00d084\" class=\"has-inline-color\">Sob condi\u00e7\u00e3o de que o pagamento do tributo ocorra no prazo fixado<\/mark><\/strong> para isso.<\/li>\n<\/ul>\n\n\n\n<p>Nesse sentido, vale pontuar que a concess\u00e3o da anistia em car\u00e1ter n\u00e3o geral, <mark style=\"background-color:rgba(0, 0, 0, 0);color:#00d084\" class=\"has-inline-color\"><strong>al\u00e9m da lei autorizativa, exige tamb\u00e9m o despacho da autoridade administrativa<\/strong> <\/mark>com vistas a reconhecer o enquadramento do sujeito passivo nas condi\u00e7\u00f5es estabelecidas para o benef\u00edcio.<\/p>\n\n\n\n<p>Al\u00e9m disso, <strong><mark style=\"background-color:rgba(0, 0, 0, 0);color:#00d084\" class=\"has-inline-color\">n\u00e3o h\u00e1 o que se falar em direito adquirido em rela\u00e7\u00e3o \u00e0s anistias em car\u00e1ter n\u00e3o geral<\/mark><\/strong>.<\/p>\n\n\n\n<p>Conforme o CTN, quando <strong>verificado que o sujeito passivo n\u00e3o cumpria os requisitos legais na data da concess\u00e3o ou que deixou de cumpri-los a posteriori<\/strong>, <strong><mark style=\"background-color:rgba(0, 0, 0, 0);color:#00d084\" class=\"has-inline-color\">admite-se a revoga\u00e7\u00e3o da anistia<\/mark><\/strong>.<\/p>\n\n\n\n<p>Assim, revogado o benef\u00edcio, cabe o <strong>pagamento do principal acrescido de juros de mora e, no caso de verifica\u00e7\u00e3o de dolo, fraude ou simula\u00e7\u00e3o, tamb\u00e9m o pagamento das penalidades cab\u00edveis<\/strong>.<\/p>\n\n\n\n<h2 class=\"wp-block-heading\" id=\"h-conclusao\"><strong><mark style=\"background-color:rgba(0, 0, 0, 0);color:#0693e3\" class=\"has-inline-color\">Conclus\u00e3o<\/mark><\/strong><\/h2>\n\n\n\n<p>Pessoal, finalizamos aqui este resumo sobre a anistia para o concurso da SEFAZ RN.<\/p>\n\n\n\n<p>Espero que tenham gostado deste conte\u00fado.<\/p>\n\n\n\n<p>Nos encontramos novamente em um pr\u00f3ximo artigo.<\/p>\n\n\n\n<p>Grande abra\u00e7o.<\/p>\n\n\n\n<p><strong>Rafael Chaves<\/strong><\/p>\n\n\n\n<p class=\"has-text-align-center has-pale-cyan-blue-background-color has-background\"><strong>Saiba mais: <a href=\"https:\/\/www.estrategiaconcursos.com.br\/blog\/concurso-sefaz-rn\/\" target=\"_blank\" rel=\"noreferrer noopener\">SEFAZ RN<\/a><\/strong><\/p>\n\n\n\n<h2 class=\"wp-block-heading has-text-align-center\" id=\"h-quer-saber-tudo-sobre-concursos-previstos-confira-nossos-artigos\">Quer saber tudo sobre concursos previstos?<br \/>Confira nossos artigos!<\/h2>\n\n\n\n<p class=\"has-text-align-center has-pale-cyan-blue-background-color has-background\"><a href=\"https:\/\/www.estrategiaconcursos.com.br\/blog\/concursos-abertos\/\" target=\"_blank\" rel=\"noreferrer noopener\">Concursos abertos<\/a><\/p>\n\n\n\n<p class=\"has-text-align-center has-pale-cyan-blue-background-color has-background\"><a href=\"https:\/\/www.estrategiaconcursos.com.br\/blog\/concursos-2026\/#\" target=\"_blank\" rel=\"noreferrer noopener\">Concursos 2026<\/a><\/p>\n","protected":false},"excerpt":{"rendered":"<p>Ol\u00e1, pessoal, tudo bem? Estudaremos, neste resumo de direito tribut\u00e1rio, sobre a anistia, com foco no concurso da Secretaria de Estado da Fazenda do Rio Grande do Norte (SEFAZ RN). Bons estudos! Introdu\u00e7\u00e3o Conforme a doutrina do direito tribut\u00e1rio, o surgimento da obriga\u00e7\u00e3o tribut\u00e1ria ocorre com a subsun\u00e7\u00e3o dos fatos \u00e0s normas que definem a [&hellip;]<\/p>\n","protected":false},"author":2261,"featured_media":1227510,"comment_status":"open","ping_status":"closed","sticky":false,"template":"","format":"standard","meta":{"post_tipo":"article","footnotes":""},"categories":[1,1983],"tags":[],"tax_estado":[219983],"class_list":["post-1703438","post","type-post","status-publish","format-standard","has-post-thumbnail","hentry","category-cursos-e-concursos","category-fiscal-estadual","tax_estado-rn"],"acf":[],"yoast_head":"<!-- This site is optimized with the Yoast SEO Premium plugin v27.2 (Yoast SEO v27.2) - https:\/\/yoast.com\/product\/yoast-seo-premium-wordpress\/ -->\n<title>Anistia: resumo de direito tribut\u00e1rio para a SEFAZ RN<\/title>\n<meta name=\"description\" content=\"Estude sobre a anistia, esp\u00e9cie de exclus\u00e3o do cr\u00e9dito tribut\u00e1rio, para a Secretaria de Estado da Fazenda do Rio Grande do Norte (SEFAZ RN).\" \/>\n<meta name=\"robots\" content=\"index, follow, max-snippet:-1, max-image-preview:large, max-video-preview:-1\" \/>\n<link rel=\"canonical\" href=\"https:\/\/www.estrategiaconcursos.com.br\/blog\/anistia-sefaz-rn\/\" \/>\n<meta property=\"og:locale\" content=\"pt_BR\" \/>\n<meta property=\"og:type\" content=\"article\" \/>\n<meta property=\"og:title\" content=\"Anistia: resumo de direito tribut\u00e1rio para a SEFAZ RN\" \/>\n<meta property=\"og:description\" content=\"Estude sobre a anistia, esp\u00e9cie de exclus\u00e3o do cr\u00e9dito tribut\u00e1rio, para a Secretaria de Estado da Fazenda do Rio Grande do Norte (SEFAZ RN).\" \/>\n<meta property=\"og:url\" content=\"https:\/\/www.estrategiaconcursos.com.br\/blog\/anistia-sefaz-rn\/\" \/>\n<meta property=\"og:site_name\" content=\"Estrat\u00e9gia Concursos\" \/>\n<meta property=\"article:published_time\" content=\"2026-01-30T17:11:00+00:00\" \/>\n<meta property=\"og:image\" content=\"https:\/\/dhg1h5j42swfq.cloudfront.net\/2023\/06\/05083940\/sefaz-rn.jpg\" \/>\n\t<meta property=\"og:image:width\" content=\"768\" \/>\n\t<meta property=\"og:image:height\" content=\"432\" \/>\n\t<meta property=\"og:image:type\" content=\"image\/jpeg\" \/>\n<meta name=\"author\" content=\"Rafael Ferreira Chaves\" \/>\n<meta name=\"twitter:card\" content=\"summary_large_image\" \/>\n<meta name=\"twitter:creator\" content=\"@EstratConcursos\" \/>\n<meta name=\"twitter:site\" content=\"@EstratConcursos\" \/>\n<meta name=\"twitter:label1\" content=\"Escrito por\" \/>\n\t<meta name=\"twitter:data1\" content=\"Rafael Ferreira Chaves\" \/>\n\t<meta name=\"twitter:label2\" content=\"Est. tempo de leitura\" \/>\n\t<meta name=\"twitter:data2\" content=\"5 minutos\" \/>\n<script type=\"application\/ld+json\" class=\"yoast-schema-graph\">{\"@context\":\"https:\/\/schema.org\",\"@graph\":[{\"@type\":\"NewsArticle\",\"@id\":\"https:\/\/www.estrategiaconcursos.com.br\/blog\/anistia-sefaz-rn\/#article\",\"isPartOf\":{\"@id\":\"https:\/\/www.estrategiaconcursos.com.br\/blog\/anistia-sefaz-rn\/\"},\"author\":{\"name\":\"Rafael Ferreira Chaves\",\"@id\":\"https:\/\/www.estrategiaconcursos.com.br\/blog\/#\/schema\/person\/545cce8f1c81268ec2ca202a954284e1\"},\"headline\":\"Anistia: resumo de direito tribut\u00e1rio para a SEFAZ RN\",\"datePublished\":\"2026-01-30T17:11:00+00:00\",\"mainEntityOfPage\":{\"@id\":\"https:\/\/www.estrategiaconcursos.com.br\/blog\/anistia-sefaz-rn\/\"},\"wordCount\":921,\"commentCount\":0,\"publisher\":{\"@id\":\"https:\/\/www.estrategiaconcursos.com.br\/blog\/#organization\"},\"image\":{\"@id\":\"https:\/\/www.estrategiaconcursos.com.br\/blog\/anistia-sefaz-rn\/#primaryimage\"},\"thumbnailUrl\":\"https:\/\/dhg1h5j42swfq.cloudfront.net\/2023\/06\/05083940\/sefaz-rn.jpg\",\"articleSection\":[\"Concursos P\u00fablicos\",\"Fiscal - Estadual (ICMS)\"],\"inLanguage\":\"pt-BR\",\"potentialAction\":[{\"@type\":\"CommentAction\",\"name\":\"Comment\",\"target\":[\"https:\/\/www.estrategiaconcursos.com.br\/blog\/anistia-sefaz-rn\/#respond\"]}],\"copyrightYear\":\"2026\",\"copyrightHolder\":{\"@id\":\"https:\/\/www.estrategiaconcursos.com.br\/blog\/#organization\"}},{\"@type\":\"WebPage\",\"@id\":\"https:\/\/www.estrategiaconcursos.com.br\/blog\/anistia-sefaz-rn\/\",\"url\":\"https:\/\/www.estrategiaconcursos.com.br\/blog\/anistia-sefaz-rn\/\",\"name\":\"Anistia: resumo de direito tribut\u00e1rio para a SEFAZ RN\",\"isPartOf\":{\"@id\":\"https:\/\/www.estrategiaconcursos.com.br\/blog\/#website\"},\"primaryImageOfPage\":{\"@id\":\"https:\/\/www.estrategiaconcursos.com.br\/blog\/anistia-sefaz-rn\/#primaryimage\"},\"image\":{\"@id\":\"https:\/\/www.estrategiaconcursos.com.br\/blog\/anistia-sefaz-rn\/#primaryimage\"},\"thumbnailUrl\":\"https:\/\/dhg1h5j42swfq.cloudfront.net\/2023\/06\/05083940\/sefaz-rn.jpg\",\"datePublished\":\"2026-01-30T17:11:00+00:00\",\"description\":\"Estude sobre a anistia, esp\u00e9cie de exclus\u00e3o do cr\u00e9dito tribut\u00e1rio, para a Secretaria de Estado da Fazenda do Rio Grande do Norte (SEFAZ RN).\",\"breadcrumb\":{\"@id\":\"https:\/\/www.estrategiaconcursos.com.br\/blog\/anistia-sefaz-rn\/#breadcrumb\"},\"inLanguage\":\"pt-BR\",\"potentialAction\":[{\"@type\":\"ReadAction\",\"target\":[\"https:\/\/www.estrategiaconcursos.com.br\/blog\/anistia-sefaz-rn\/\"]}]},{\"@type\":\"ImageObject\",\"inLanguage\":\"pt-BR\",\"@id\":\"https:\/\/www.estrategiaconcursos.com.br\/blog\/anistia-sefaz-rn\/#primaryimage\",\"url\":\"https:\/\/dhg1h5j42swfq.cloudfront.net\/2023\/06\/05083940\/sefaz-rn.jpg\",\"contentUrl\":\"https:\/\/dhg1h5j42swfq.cloudfront.net\/2023\/06\/05083940\/sefaz-rn.jpg\",\"width\":768,\"height\":432,\"caption\":\"Sefaz RN inscritos no concurso\"},{\"@type\":\"BreadcrumbList\",\"@id\":\"https:\/\/www.estrategiaconcursos.com.br\/blog\/anistia-sefaz-rn\/#breadcrumb\",\"itemListElement\":[{\"@type\":\"ListItem\",\"position\":1,\"name\":\"In\u00edcio\",\"item\":\"https:\/\/www.estrategiaconcursos.com.br\/blog\/\"},{\"@type\":\"ListItem\",\"position\":2,\"name\":\"Anistia: resumo de direito tribut\u00e1rio para a SEFAZ RN\"}]},{\"@type\":\"WebSite\",\"@id\":\"https:\/\/www.estrategiaconcursos.com.br\/blog\/#website\",\"url\":\"https:\/\/www.estrategiaconcursos.com.br\/blog\/\",\"name\":\"Estrat\u00e9gia Concursos\",\"description\":\"O blog da Estrat\u00e9gia Concursos traz not\u00edcias sobre concursos e artigos de professores oferecendo cursos para concursos (pdf + videaulas) no site.\",\"publisher\":{\"@id\":\"https:\/\/www.estrategiaconcursos.com.br\/blog\/#organization\"},\"potentialAction\":[{\"@type\":\"SearchAction\",\"target\":{\"@type\":\"EntryPoint\",\"urlTemplate\":\"https:\/\/www.estrategiaconcursos.com.br\/blog\/?s={search_term_string}\"},\"query-input\":{\"@type\":\"PropertyValueSpecification\",\"valueRequired\":true,\"valueName\":\"search_term_string\"}}],\"inLanguage\":\"pt-BR\"},{\"@type\":\"Organization\",\"@id\":\"https:\/\/www.estrategiaconcursos.com.br\/blog\/#organization\",\"name\":\"Estrat\u00e9gia Concursos\",\"url\":\"https:\/\/www.estrategiaconcursos.com.br\/blog\/\",\"logo\":{\"@type\":\"ImageObject\",\"inLanguage\":\"pt-BR\",\"@id\":\"https:\/\/www.estrategiaconcursos.com.br\/blog\/#\/schema\/logo\/image\/\",\"url\":\"https:\/\/dhg1h5j42swfq.cloudfront.net\/2025\/06\/03203428\/logo_concursos-1.jpg\",\"contentUrl\":\"https:\/\/dhg1h5j42swfq.cloudfront.net\/2025\/06\/03203428\/logo_concursos-1.jpg\",\"width\":230,\"height\":60,\"caption\":\"Estrat\u00e9gia Concursos\"},\"image\":{\"@id\":\"https:\/\/www.estrategiaconcursos.com.br\/blog\/#\/schema\/logo\/image\/\"},\"sameAs\":[\"https:\/\/x.com\/EstratConcursos\"]},{\"@type\":\"Person\",\"@id\":\"https:\/\/www.estrategiaconcursos.com.br\/blog\/#\/schema\/person\/545cce8f1c81268ec2ca202a954284e1\",\"name\":\"Rafael Ferreira Chaves\",\"image\":{\"@type\":\"ImageObject\",\"inLanguage\":\"pt-BR\",\"@id\":\"https:\/\/secure.gravatar.com\/avatar\/7d43172b7c8451a76fe991e14bf7b661f56fcd3e9d8f44dcd92c997cfaf1286f?s=96&d=mm&r=g\",\"url\":\"https:\/\/secure.gravatar.com\/avatar\/7d43172b7c8451a76fe991e14bf7b661f56fcd3e9d8f44dcd92c997cfaf1286f?s=96&d=mm&r=g\",\"contentUrl\":\"https:\/\/secure.gravatar.com\/avatar\/7d43172b7c8451a76fe991e14bf7b661f56fcd3e9d8f44dcd92c997cfaf1286f?s=96&d=mm&r=g\",\"caption\":\"Rafael Ferreira Chaves\"},\"description\":\"Engenheiro Civil formado pela Universidade Federal do Piau\u00ed - UFPI. Especialista em Engenharia Ambiental e Saneamento B\u00e1sico pela Faculdade Est\u00e1cio. Atualmente exerce o cargo de Auditor de Controle Externo do TCE\/AM. Aprovado e nomeado nos seguintes concursos: ARSETE\/PMT (1\u00ba lugar - Analista de Regula\u00e7\u00e3o - Eng. Civil), Prefeitura de Campinas\/SP (Eng. Civil) , CODEVASF (Analista de Desenvolvimento Regional - Eng. Civil), TCE\/AM (2\u00ba lugar - Auditor de Controle Externo - Obras P\u00fablicas \/ 14\u00ba lugar - Auditor de Controle Externo - Auditoria Governamental), TCE\/TO (2\u00ba lugar - Auditor de Controle Externo - Eng. Civil), TCE GO (Analista de Controle Externo - Controle Externo).\",\"url\":\"https:\/\/www.estrategiaconcursos.com.br\/blog\/author\/fchaves01gmail-com\/\"}]}<\/script>\n<!-- \/ Yoast SEO Premium plugin. -->","yoast_head_json":{"title":"Anistia: resumo de direito tribut\u00e1rio para a SEFAZ RN","description":"Estude sobre a anistia, esp\u00e9cie de exclus\u00e3o do cr\u00e9dito tribut\u00e1rio, para a Secretaria de Estado da Fazenda do Rio Grande do Norte (SEFAZ RN).","robots":{"index":"index","follow":"follow","max-snippet":"max-snippet:-1","max-image-preview":"max-image-preview:large","max-video-preview":"max-video-preview:-1"},"canonical":"https:\/\/www.estrategiaconcursos.com.br\/blog\/anistia-sefaz-rn\/","og_locale":"pt_BR","og_type":"article","og_title":"Anistia: resumo de direito tribut\u00e1rio para a SEFAZ RN","og_description":"Estude sobre a anistia, esp\u00e9cie de exclus\u00e3o do cr\u00e9dito tribut\u00e1rio, para a Secretaria de Estado da Fazenda do Rio Grande do Norte (SEFAZ RN).","og_url":"https:\/\/www.estrategiaconcursos.com.br\/blog\/anistia-sefaz-rn\/","og_site_name":"Estrat\u00e9gia Concursos","article_published_time":"2026-01-30T17:11:00+00:00","og_image":[{"width":768,"height":432,"url":"https:\/\/dhg1h5j42swfq.cloudfront.net\/2023\/06\/05083940\/sefaz-rn.jpg","type":"image\/jpeg"}],"author":"Rafael Ferreira Chaves","twitter_card":"summary_large_image","twitter_creator":"@EstratConcursos","twitter_site":"@EstratConcursos","twitter_misc":{"Escrito por":"Rafael Ferreira Chaves","Est. tempo de leitura":"5 minutos"},"schema":{"@context":"https:\/\/schema.org","@graph":[{"@type":"NewsArticle","@id":"https:\/\/www.estrategiaconcursos.com.br\/blog\/anistia-sefaz-rn\/#article","isPartOf":{"@id":"https:\/\/www.estrategiaconcursos.com.br\/blog\/anistia-sefaz-rn\/"},"author":{"name":"Rafael Ferreira Chaves","@id":"https:\/\/www.estrategiaconcursos.com.br\/blog\/#\/schema\/person\/545cce8f1c81268ec2ca202a954284e1"},"headline":"Anistia: resumo de direito tribut\u00e1rio para a SEFAZ RN","datePublished":"2026-01-30T17:11:00+00:00","mainEntityOfPage":{"@id":"https:\/\/www.estrategiaconcursos.com.br\/blog\/anistia-sefaz-rn\/"},"wordCount":921,"commentCount":0,"publisher":{"@id":"https:\/\/www.estrategiaconcursos.com.br\/blog\/#organization"},"image":{"@id":"https:\/\/www.estrategiaconcursos.com.br\/blog\/anistia-sefaz-rn\/#primaryimage"},"thumbnailUrl":"https:\/\/dhg1h5j42swfq.cloudfront.net\/2023\/06\/05083940\/sefaz-rn.jpg","articleSection":["Concursos P\u00fablicos","Fiscal - Estadual (ICMS)"],"inLanguage":"pt-BR","potentialAction":[{"@type":"CommentAction","name":"Comment","target":["https:\/\/www.estrategiaconcursos.com.br\/blog\/anistia-sefaz-rn\/#respond"]}],"copyrightYear":"2026","copyrightHolder":{"@id":"https:\/\/www.estrategiaconcursos.com.br\/blog\/#organization"}},{"@type":"WebPage","@id":"https:\/\/www.estrategiaconcursos.com.br\/blog\/anistia-sefaz-rn\/","url":"https:\/\/www.estrategiaconcursos.com.br\/blog\/anistia-sefaz-rn\/","name":"Anistia: resumo de direito tribut\u00e1rio para a SEFAZ RN","isPartOf":{"@id":"https:\/\/www.estrategiaconcursos.com.br\/blog\/#website"},"primaryImageOfPage":{"@id":"https:\/\/www.estrategiaconcursos.com.br\/blog\/anistia-sefaz-rn\/#primaryimage"},"image":{"@id":"https:\/\/www.estrategiaconcursos.com.br\/blog\/anistia-sefaz-rn\/#primaryimage"},"thumbnailUrl":"https:\/\/dhg1h5j42swfq.cloudfront.net\/2023\/06\/05083940\/sefaz-rn.jpg","datePublished":"2026-01-30T17:11:00+00:00","description":"Estude sobre a anistia, esp\u00e9cie de exclus\u00e3o do cr\u00e9dito tribut\u00e1rio, para a Secretaria de Estado da Fazenda do Rio Grande do Norte (SEFAZ RN).","breadcrumb":{"@id":"https:\/\/www.estrategiaconcursos.com.br\/blog\/anistia-sefaz-rn\/#breadcrumb"},"inLanguage":"pt-BR","potentialAction":[{"@type":"ReadAction","target":["https:\/\/www.estrategiaconcursos.com.br\/blog\/anistia-sefaz-rn\/"]}]},{"@type":"ImageObject","inLanguage":"pt-BR","@id":"https:\/\/www.estrategiaconcursos.com.br\/blog\/anistia-sefaz-rn\/#primaryimage","url":"https:\/\/dhg1h5j42swfq.cloudfront.net\/2023\/06\/05083940\/sefaz-rn.jpg","contentUrl":"https:\/\/dhg1h5j42swfq.cloudfront.net\/2023\/06\/05083940\/sefaz-rn.jpg","width":768,"height":432,"caption":"Sefaz RN inscritos no concurso"},{"@type":"BreadcrumbList","@id":"https:\/\/www.estrategiaconcursos.com.br\/blog\/anistia-sefaz-rn\/#breadcrumb","itemListElement":[{"@type":"ListItem","position":1,"name":"In\u00edcio","item":"https:\/\/www.estrategiaconcursos.com.br\/blog\/"},{"@type":"ListItem","position":2,"name":"Anistia: resumo de direito tribut\u00e1rio para a SEFAZ RN"}]},{"@type":"WebSite","@id":"https:\/\/www.estrategiaconcursos.com.br\/blog\/#website","url":"https:\/\/www.estrategiaconcursos.com.br\/blog\/","name":"Estrat\u00e9gia Concursos","description":"O blog da Estrat\u00e9gia Concursos traz not\u00edcias sobre concursos e artigos de professores oferecendo cursos para concursos (pdf + videaulas) no site.","publisher":{"@id":"https:\/\/www.estrategiaconcursos.com.br\/blog\/#organization"},"potentialAction":[{"@type":"SearchAction","target":{"@type":"EntryPoint","urlTemplate":"https:\/\/www.estrategiaconcursos.com.br\/blog\/?s={search_term_string}"},"query-input":{"@type":"PropertyValueSpecification","valueRequired":true,"valueName":"search_term_string"}}],"inLanguage":"pt-BR"},{"@type":"Organization","@id":"https:\/\/www.estrategiaconcursos.com.br\/blog\/#organization","name":"Estrat\u00e9gia Concursos","url":"https:\/\/www.estrategiaconcursos.com.br\/blog\/","logo":{"@type":"ImageObject","inLanguage":"pt-BR","@id":"https:\/\/www.estrategiaconcursos.com.br\/blog\/#\/schema\/logo\/image\/","url":"https:\/\/dhg1h5j42swfq.cloudfront.net\/2025\/06\/03203428\/logo_concursos-1.jpg","contentUrl":"https:\/\/dhg1h5j42swfq.cloudfront.net\/2025\/06\/03203428\/logo_concursos-1.jpg","width":230,"height":60,"caption":"Estrat\u00e9gia Concursos"},"image":{"@id":"https:\/\/www.estrategiaconcursos.com.br\/blog\/#\/schema\/logo\/image\/"},"sameAs":["https:\/\/x.com\/EstratConcursos"]},{"@type":"Person","@id":"https:\/\/www.estrategiaconcursos.com.br\/blog\/#\/schema\/person\/545cce8f1c81268ec2ca202a954284e1","name":"Rafael Ferreira Chaves","image":{"@type":"ImageObject","inLanguage":"pt-BR","@id":"https:\/\/secure.gravatar.com\/avatar\/7d43172b7c8451a76fe991e14bf7b661f56fcd3e9d8f44dcd92c997cfaf1286f?s=96&d=mm&r=g","url":"https:\/\/secure.gravatar.com\/avatar\/7d43172b7c8451a76fe991e14bf7b661f56fcd3e9d8f44dcd92c997cfaf1286f?s=96&d=mm&r=g","contentUrl":"https:\/\/secure.gravatar.com\/avatar\/7d43172b7c8451a76fe991e14bf7b661f56fcd3e9d8f44dcd92c997cfaf1286f?s=96&d=mm&r=g","caption":"Rafael Ferreira Chaves"},"description":"Engenheiro Civil formado pela Universidade Federal do Piau\u00ed - UFPI. Especialista em Engenharia Ambiental e Saneamento B\u00e1sico pela Faculdade Est\u00e1cio. Atualmente exerce o cargo de Auditor de Controle Externo do TCE\/AM. Aprovado e nomeado nos seguintes concursos: ARSETE\/PMT (1\u00ba lugar - Analista de Regula\u00e7\u00e3o - Eng. Civil), Prefeitura de Campinas\/SP (Eng. Civil) , CODEVASF (Analista de Desenvolvimento Regional - Eng. Civil), TCE\/AM (2\u00ba lugar - Auditor de Controle Externo - Obras P\u00fablicas \/ 14\u00ba lugar - Auditor de Controle Externo - Auditoria Governamental), TCE\/TO (2\u00ba lugar - Auditor de Controle Externo - Eng. Civil), TCE GO (Analista de Controle Externo - Controle Externo).","url":"https:\/\/www.estrategiaconcursos.com.br\/blog\/author\/fchaves01gmail-com\/"}]}},"_links":{"self":[{"href":"https:\/\/www.estrategiaconcursos.com.br\/blog\/wp-json\/wp\/v2\/posts\/1703438","targetHints":{"allow":["GET"]}}],"collection":[{"href":"https:\/\/www.estrategiaconcursos.com.br\/blog\/wp-json\/wp\/v2\/posts"}],"about":[{"href":"https:\/\/www.estrategiaconcursos.com.br\/blog\/wp-json\/wp\/v2\/types\/post"}],"author":[{"embeddable":true,"href":"https:\/\/www.estrategiaconcursos.com.br\/blog\/wp-json\/wp\/v2\/users\/2261"}],"replies":[{"embeddable":true,"href":"https:\/\/www.estrategiaconcursos.com.br\/blog\/wp-json\/wp\/v2\/comments?post=1703438"}],"version-history":[{"count":4,"href":"https:\/\/www.estrategiaconcursos.com.br\/blog\/wp-json\/wp\/v2\/posts\/1703438\/revisions"}],"predecessor-version":[{"id":1707805,"href":"https:\/\/www.estrategiaconcursos.com.br\/blog\/wp-json\/wp\/v2\/posts\/1703438\/revisions\/1707805"}],"wp:featuredmedia":[{"embeddable":true,"href":"https:\/\/www.estrategiaconcursos.com.br\/blog\/wp-json\/wp\/v2\/media\/1227510"}],"wp:attachment":[{"href":"https:\/\/www.estrategiaconcursos.com.br\/blog\/wp-json\/wp\/v2\/media?parent=1703438"}],"wp:term":[{"taxonomy":"category","embeddable":true,"href":"https:\/\/www.estrategiaconcursos.com.br\/blog\/wp-json\/wp\/v2\/categories?post=1703438"},{"taxonomy":"post_tag","embeddable":true,"href":"https:\/\/www.estrategiaconcursos.com.br\/blog\/wp-json\/wp\/v2\/tags?post=1703438"},{"taxonomy":"tax_estado","embeddable":true,"href":"https:\/\/www.estrategiaconcursos.com.br\/blog\/wp-json\/wp\/v2\/tax_estado?post=1703438"}],"curies":[{"name":"wp","href":"https:\/\/api.w.org\/{rel}","templated":true}]}}