{"id":1703345,"date":"2026-01-22T07:58:06","date_gmt":"2026-01-22T10:58:06","guid":{"rendered":"https:\/\/www.estrategiaconcursos.com.br\/blog\/?p=1703345"},"modified":"2026-01-22T11:44:29","modified_gmt":"2026-01-22T14:44:29","slug":"concursos-tribunais-alterado-criterio-dos-adicionais-de-qualificacao","status":"publish","type":"post","link":"https:\/\/www.estrategiaconcursos.com.br\/blog\/concursos-tribunais-alterado-criterio-dos-adicionais-de-qualificacao\/","title":{"rendered":"Concursos Tribunais: alterado crit\u00e9rio dos Adicionais de Qualifica\u00e7\u00e3o"},"content":{"rendered":"\n<p><strong><em>Os \u00f3rg\u00e3os ter\u00e3o at\u00e9 180 dias para implementar as mudan\u00e7as <\/em><\/strong><\/p>\n\n\n\n<p>O presidente do <strong><a href=\"https:\/\/www.estrategiaconcursos.com.br\/promocoes\/assinaturas\">Supremo Tribunal Federal<\/a><\/strong> (STF) em conjunto com os presidentes dos Tribunais Superiores e Conselhos publicaram no Di\u00e1rio Oficial da Uni\u00e3o desta quinta-feira, 22 de janeiro, portaria referente a implementa\u00e7\u00e3o de crit\u00e9rios e procedimentos para ajustar sistemas informatizados que apoiem a gest\u00e3o dos Adicionais de Qualifica\u00e7\u00e3o.<\/p>\n\n\n\n<p>Dentre os ajustes, consta que\u00a0&#8220;\u00e9 vedada a concess\u00e3o do adicional quando o curso de gradua\u00e7\u00e3o ou de p\u00f3s-gradua\u00e7\u00e3o, a certifica\u00e7\u00e3o profissional ou a a\u00e7\u00e3o de capacita\u00e7\u00e3o especificados em <strong>edital de concurso p\u00fablico <\/strong>constitu\u00edrem requisito para ingresso no cargo de provimento efetivo.<\/p>\n\n\n\n<div class=\"container\" id=\"boxes\">\n  <div class=\"row\">\n\n    <div class=\"col-sm\">\n      <div class=\"banner-tribunal\" id=\"box-assinatura\">\n        <h3 class=\"titulo-assinatura\">Cursos para Tribunais<\/h3>\n        <p class=\"subtitulo-assinatura\">Conhe\u00e7a os cursos<\/p>\n        <div class=\"box-botao\">\n          <a class=\"btn-assinatura\" target=\"_blank\" href=\"https:\/\/www.estrategiaconcursos.com.br\/cursos\/concurso\/\" role=\"button\" rel=\"noopener noreferrer\">Conhe\u00e7a mais<\/a>\n        <\/div>\n      <\/div>\n      <p class=\"texto-auxiliar\">Prepare-se com o melhor material e com quem mais aprova em Concursos P\u00fablicos em todo o pa\u00eds.<\/p>\n    <\/div>\n\n  <\/div>\n<\/div>\n\n\n\n<h2 class=\"wp-block-heading\" id=\"h-concursos-tribunais-adicional-de-qualificacao-aq-destina-se-a-quem\">Concursos Tribunais: Adicional de Qualifica\u00e7\u00e3o (AQ) destina-se a quem? <\/h2>\n\n\n\n<p>De acordo com a Portaria Conjunta N\u00ba1 de 7 de janeiro e 2026, Adicional de Qualifica\u00e7\u00e3o (AQ) destina-se aos servidores das carreiras dos Quadros de Pessoal do Poder Judici\u00e1rio da Uni\u00e3o, em raz\u00e3o dos conhecimentos adicionais adquiridos em a\u00e7\u00f5es de capacita\u00e7\u00e3o, cursos de gradua\u00e7\u00e3o, t\u00edtulos, diplomas ou certificados de cursos de p\u00f3s-gradua\u00e7\u00e3o, em sentido amplo ou estrito, bem como certifica\u00e7\u00f5es profissionais, todos em \u00e1reas de interesse dos \u00f3rg\u00e3os do Poder Judici\u00e1rio da Uni\u00e3o, observando-se os crit\u00e9rios e procedimentos estabelecidos neste ato.<\/p>\n\n\n\n<p>O AQ \u00e9 devido aos servidores ocupantes de cargos de provimento efetivo do Poder Judici\u00e1rio da Uni\u00e3o, na condi\u00e7\u00e3o de optante pela remunera\u00e7\u00e3o do cargo efetivo.<\/p>\n\n\n\n<p>O texto diz ainda que a comprova\u00e7\u00e3o da qualifica\u00e7\u00e3o, para fins de concess\u00e3o do AQ, ser\u00e1 realizada mediante apresenta\u00e7\u00e3o do diploma, certificado ou certifica\u00e7\u00e3o, preferencialmente em meio digital, facultado ao \u00f3rg\u00e3o do Poder Judici\u00e1rio da Uni\u00e3o exigir, a qualquer tempo, o original para confer\u00eancia, inclusive o que contenha c\u00f3digo de verifica\u00e7\u00e3o de autenticidade, cientificando o servidor sobre a sua responsabilidade pela veracidade e autenticidade do documento, sob as penas das leis.<\/p>\n\n\n\n<p>Al\u00e9m disso, o AQ ser\u00e1 calculado com base em m\u00faltiplos do Valor de Refer\u00eancia (VR) fixado no Anexo X da Lei n.\u00ba 11.416, de 15 de dezembro de 2006, inclu\u00eddo pela Lei n.\u00ba 15.292, de 19 de dezembro de 2025, nos seguintes termos:<\/p>\n\n\n\n<ul class=\"wp-block-list\">\n<li>I &#8211; 5 (cinco) vezes o VR, para t\u00edtulo de Doutor, limitado a uma \u00fanica titula\u00e7\u00e3o;<\/li>\n\n\n\n<li>II &#8211; 3,5 (tr\u00eas inteiros e cinco d\u00e9cimos) vezes o VR, para t\u00edtulo de Mestre, limitado a uma \u00fanica titula\u00e7\u00e3o;<\/li>\n\n\n\n<li>III &#8211; 1 (uma) vez o VR, para curso de p\u00f3s-gradua\u00e7\u00e3o lato sensu, em n\u00edvel de especializa\u00e7\u00e3o, podendo acumular at\u00e9 2 (duas) p\u00f3s-gradua\u00e7\u00f5es;<\/li>\n\n\n\n<li>IV &#8211; 1 (uma) vez o VR, para segundo curso de gradua\u00e7\u00e3o, limitado a um \u00fanico curso;<\/li>\n\n\n\n<li>V &#8211; 0,5 (cinco d\u00e9cimos) vezes o VR, para certifica\u00e7\u00e3o profissional concedida por entidade certificadora, podendo acumular at\u00e9 2 (duas) certifica\u00e7\u00f5es;<\/li>\n\n\n\n<li>VI &#8211; 0,2 (dois d\u00e9cimos) vezes o VR, para conjunto de a\u00e7\u00f5es de capacita\u00e7\u00e3o que totalize pelo menos 120 (cento e vinte) horas, podendo acumular at\u00e9 3 (tr\u00eas) conjuntos de 120 (cento e vinte) horas de a\u00e7\u00f5es de capacita\u00e7\u00e3o.<\/li>\n<\/ul>\n\n\n\n<p>O documento detalha ainda:<\/p>\n\n\n\n<ul class=\"wp-block-list\">\n<li>AQ decorrente de cursos de gradua\u00e7\u00e3o e de p\u00f3s gradua\u00e7\u00e3o; e<\/li>\n\n\n\n<li>AQ por certifica\u00e7\u00e3o profissional.<\/li>\n<\/ul>\n\n\n\n<p>Veja todos os detalhes da portaria conjunta entre os presidentes do STF, CNJ, STJ, TST, TSE, STM, CJF, CSJT e TJDFT por meio do link abaixo:<\/p>\n\n\n\n<h2 class=\"wp-block-heading has-text-align-center has-cyan-bluish-gray-background-color has-background has-medium-font-size\" id=\"h-concursos-tribunais-adicional-de-qualificacao\">Concursos Tribunais &#8211; <a href=\"https:\/\/www.in.gov.br\/en\/web\/dou\/-\/portaria-conjunta-n-1-de-8-de-janeiro-de-2026-682742845\" target=\"_blank\" rel=\"noreferrer noopener\">Adicional de Qualifica\u00e7\u00e3o<\/a><\/h2>\n\n\n\n<p>icou interessado em saber mais informa\u00e7\u00f5es sobre os <strong>concursos Tribunais<\/strong> previstos? Preparamos um artigo completo para voc\u00ea!<\/p>\n\n\n\n<p class=\"has-text-align-center has-very-light-gray-to-cyan-bluish-gray-gradient-background has-background has-medium-font-size\"><strong>Saiba mais: <a href=\"https:\/\/www.estrategiaconcursos.com.br\/blog\/concursos-tribunais-2022\/\" target=\"_blank\" rel=\"noreferrer noopener\">concursos Tribunais<\/a><\/strong><\/p>\n\n\n\n<h2 class=\"wp-block-heading has-text-align-center\" id=\"h-quer-saber-tudo-sobre-concursos-previstos-confira-nossos-artigos\">Quer saber tudo sobre concursos previstos?<br \/>Confira nossos artigos!<\/h2>\n\n\n\n<ul class=\"wp-block-list\">\n<li><a href=\"https:\/\/www.estrategiaconcursos.com.br\/blog\/concursos-abertos\/\" target=\"_blank\" rel=\"noreferrer noopener\">Concursos abertos<\/a><\/li>\n\n\n\n<li><a href=\"https:\/\/www.estrategiaconcursos.com.br\/blog\/concursos-2026\/\" target=\"_blank\" rel=\"noreferrer noopener\">Concursos 2026<\/a><\/li>\n<\/ul>\n\n\n\n<h2 class=\"wp-block-heading has-text-align-center\" id=\"h-agora-que-voce-conferiu-sobre-o-orcamento-que-tal-iniciar-os-estudos-para-os-concursos-de-tribunais\">Agora que voc\u00ea conferiu sobre o Or\u00e7amento, que tal iniciar os estudos para os concursos de Tribunais?<\/h2>\n\n\n\n<div class=\"container\" id=\"boxes\">\n  <div class=\"row\">\n\n    <div class=\"col-sm\">\n      <div class=\"banner-tribunal\" id=\"box-assinatura\">\n        <h3 class=\"titulo-assinatura\">Cursos para Tribunais<\/h3>\n        <p class=\"subtitulo-assinatura\">Conhe\u00e7a os cursos<\/p>\n        <div class=\"box-botao\">\n          <a class=\"btn-assinatura\" target=\"_blank\" href=\"https:\/\/www.estrategiaconcursos.com.br\/cursos\/concurso\/\" role=\"button\" rel=\"noopener noreferrer\">Conhe\u00e7a mais<\/a>\n        <\/div>\n      <\/div>\n      <p class=\"texto-auxiliar\">Prepare-se com o melhor material e com quem mais aprova em Concursos P\u00fablicos em todo o pa\u00eds.<\/p>\n    <\/div>\n\n  <\/div>\n<\/div>\n\n\n\n<div class=\"container\" id=\"boxes\">\n  <div class=\"row\">\n\n    <div class=\"col-sm\">\n      <div class=\"estrategia\" id=\"box-assinatura\">\n        <h3 class=\"titulo-assinatura\">Assinatura Concursos<\/h3>\n        <p class=\"subtitulo-assinatura\">Assinatura de 1 ano ou 2 anos<\/p>\n        <div class=\"box-botao\">\n          <a class=\"btn-assinatura\" target=\"_blank\" href=\"https:\/\/www.estrategiaconcursos.com.br\/assinaturas\/\" role=\"button\" rel=\"noopener noreferrer\">ASSINE AGORA<\/a>\n        <\/div>\n      <\/div>\n     \n    <\/div><\/div><\/div>\n\n\n\n<p><\/p>\n","protected":false},"excerpt":{"rendered":"<p>Os \u00f3rg\u00e3os ter\u00e3o at\u00e9 180 dias para implementar as mudan\u00e7as O presidente do Supremo Tribunal Federal (STF) em conjunto com os presidentes dos Tribunais Superiores e Conselhos publicaram no Di\u00e1rio Oficial da Uni\u00e3o desta quinta-feira, 22 de janeiro, portaria referente a implementa\u00e7\u00e3o de crit\u00e9rios e procedimentos para ajustar sistemas informatizados que apoiem a gest\u00e3o dos [&hellip;]<\/p>\n","protected":false},"author":2375,"featured_media":1137669,"comment_status":"open","ping_status":"closed","sticky":false,"template":"","format":"standard","meta":{"post_tipo":"news","footnotes":""},"categories":[1984,220219],"tags":[],"tax_estado":[219963],"class_list":["post-1703345","post","type-post","status-publish","format-standard","has-post-thumbnail","hentry","category-tribunais","category-noticias","tax_estado-concursos-federais"],"acf":[],"yoast_head":"<!-- This site is optimized with the Yoast SEO Premium plugin v27.2 (Yoast SEO v27.2) - https:\/\/yoast.com\/product\/yoast-seo-premium-wordpress\/ -->\n<title>Concursos Tribunais: alterado crit\u00e9rio dos Adicionais de Qualifica\u00e7\u00e3o<\/title>\n<meta name=\"description\" content=\"Concursos Tribunais: \u00f3rg\u00e3os ter\u00e3o at\u00e9 180 dias para implementar as mudan\u00e7as de qualifica\u00e7\u00e3o profissional! Confira!\" \/>\n<meta name=\"robots\" content=\"index, follow, max-snippet:-1, max-image-preview:large, max-video-preview:-1\" \/>\n<link rel=\"canonical\" href=\"https:\/\/www.estrategiaconcursos.com.br\/blog\/concursos-tribunais-alterado-criterio-dos-adicionais-de-qualificacao\/\" \/>\n<meta property=\"og:locale\" content=\"pt_BR\" \/>\n<meta property=\"og:type\" content=\"article\" \/>\n<meta property=\"og:title\" content=\"Concursos Tribunais: alterado crit\u00e9rio dos Adicionais de Qualifica\u00e7\u00e3o\" \/>\n<meta property=\"og:description\" content=\"Concursos Tribunais: \u00f3rg\u00e3os ter\u00e3o at\u00e9 180 dias para implementar as mudan\u00e7as de qualifica\u00e7\u00e3o profissional! Confira!\" \/>\n<meta property=\"og:url\" content=\"https:\/\/www.estrategiaconcursos.com.br\/blog\/concursos-tribunais-alterado-criterio-dos-adicionais-de-qualificacao\/\" \/>\n<meta property=\"og:site_name\" content=\"Estrat\u00e9gia Concursos\" \/>\n<meta property=\"article:published_time\" content=\"2026-01-22T10:58:06+00:00\" \/>\n<meta property=\"article:modified_time\" content=\"2026-01-22T14:44:29+00:00\" \/>\n<meta property=\"og:image\" content=\"https:\/\/dhg1h5j42swfq.cloudfront.net\/2022\/12\/12145013\/concursos_tribunais.jpeg\" \/>\n\t<meta property=\"og:image:width\" content=\"768\" \/>\n\t<meta property=\"og:image:height\" content=\"432\" \/>\n\t<meta property=\"og:image:type\" content=\"image\/jpeg\" \/>\n<meta name=\"author\" content=\"Priscila Almeida\" \/>\n<meta name=\"twitter:card\" content=\"summary_large_image\" \/>\n<meta name=\"twitter:creator\" content=\"@EstratConcursos\" \/>\n<meta name=\"twitter:site\" content=\"@EstratConcursos\" \/>\n<meta name=\"twitter:label1\" content=\"Escrito por\" \/>\n\t<meta name=\"twitter:data1\" content=\"Priscila Almeida\" \/>\n\t<meta name=\"twitter:label2\" content=\"Est. tempo de leitura\" \/>\n\t<meta name=\"twitter:data2\" content=\"3 minutos\" \/>\n<script type=\"application\/ld+json\" class=\"yoast-schema-graph\">{\"@context\":\"https:\/\/schema.org\",\"@graph\":[{\"@type\":\"NewsArticle\",\"@id\":\"https:\/\/www.estrategiaconcursos.com.br\/blog\/concursos-tribunais-alterado-criterio-dos-adicionais-de-qualificacao\/#article\",\"isPartOf\":{\"@id\":\"https:\/\/www.estrategiaconcursos.com.br\/blog\/concursos-tribunais-alterado-criterio-dos-adicionais-de-qualificacao\/\"},\"author\":{\"name\":\"Priscila Almeida\",\"@id\":\"https:\/\/www.estrategiaconcursos.com.br\/blog\/#\/schema\/person\/a06e841e501f2e1d8c49c4e8f066bfd1\"},\"headline\":\"Concursos Tribunais: alterado crit\u00e9rio dos Adicionais de Qualifica\u00e7\u00e3o\",\"datePublished\":\"2026-01-22T10:58:06+00:00\",\"dateModified\":\"2026-01-22T14:44:29+00:00\",\"mainEntityOfPage\":{\"@id\":\"https:\/\/www.estrategiaconcursos.com.br\/blog\/concursos-tribunais-alterado-criterio-dos-adicionais-de-qualificacao\/\"},\"wordCount\":703,\"commentCount\":0,\"publisher\":{\"@id\":\"https:\/\/www.estrategiaconcursos.com.br\/blog\/#organization\"},\"image\":{\"@id\":\"https:\/\/www.estrategiaconcursos.com.br\/blog\/concursos-tribunais-alterado-criterio-dos-adicionais-de-qualificacao\/#primaryimage\"},\"thumbnailUrl\":\"https:\/\/dhg1h5j42swfq.cloudfront.net\/2022\/12\/12145013\/concursos_tribunais.jpeg\",\"articleSection\":[\"Tribunais\",\"\u00daltimas not\u00edcias\"],\"inLanguage\":\"pt-BR\",\"potentialAction\":[{\"@type\":\"CommentAction\",\"name\":\"Comment\",\"target\":[\"https:\/\/www.estrategiaconcursos.com.br\/blog\/concursos-tribunais-alterado-criterio-dos-adicionais-de-qualificacao\/#respond\"]}],\"copyrightYear\":\"2026\",\"copyrightHolder\":{\"@id\":\"https:\/\/www.estrategiaconcursos.com.br\/blog\/#organization\"}},{\"@type\":\"WebPage\",\"@id\":\"https:\/\/www.estrategiaconcursos.com.br\/blog\/concursos-tribunais-alterado-criterio-dos-adicionais-de-qualificacao\/\",\"url\":\"https:\/\/www.estrategiaconcursos.com.br\/blog\/concursos-tribunais-alterado-criterio-dos-adicionais-de-qualificacao\/\",\"name\":\"Concursos Tribunais: alterado crit\u00e9rio dos Adicionais de Qualifica\u00e7\u00e3o\",\"isPartOf\":{\"@id\":\"https:\/\/www.estrategiaconcursos.com.br\/blog\/#website\"},\"primaryImageOfPage\":{\"@id\":\"https:\/\/www.estrategiaconcursos.com.br\/blog\/concursos-tribunais-alterado-criterio-dos-adicionais-de-qualificacao\/#primaryimage\"},\"image\":{\"@id\":\"https:\/\/www.estrategiaconcursos.com.br\/blog\/concursos-tribunais-alterado-criterio-dos-adicionais-de-qualificacao\/#primaryimage\"},\"thumbnailUrl\":\"https:\/\/dhg1h5j42swfq.cloudfront.net\/2022\/12\/12145013\/concursos_tribunais.jpeg\",\"datePublished\":\"2026-01-22T10:58:06+00:00\",\"dateModified\":\"2026-01-22T14:44:29+00:00\",\"description\":\"Concursos Tribunais: \u00f3rg\u00e3os ter\u00e3o at\u00e9 180 dias para implementar as mudan\u00e7as de qualifica\u00e7\u00e3o profissional! Confira!\",\"breadcrumb\":{\"@id\":\"https:\/\/www.estrategiaconcursos.com.br\/blog\/concursos-tribunais-alterado-criterio-dos-adicionais-de-qualificacao\/#breadcrumb\"},\"inLanguage\":\"pt-BR\",\"potentialAction\":[{\"@type\":\"ReadAction\",\"target\":[\"https:\/\/www.estrategiaconcursos.com.br\/blog\/concursos-tribunais-alterado-criterio-dos-adicionais-de-qualificacao\/\"]}]},{\"@type\":\"ImageObject\",\"inLanguage\":\"pt-BR\",\"@id\":\"https:\/\/www.estrategiaconcursos.com.br\/blog\/concursos-tribunais-alterado-criterio-dos-adicionais-de-qualificacao\/#primaryimage\",\"url\":\"https:\/\/dhg1h5j42swfq.cloudfront.net\/2022\/12\/12145013\/concursos_tribunais.jpeg\",\"contentUrl\":\"https:\/\/dhg1h5j42swfq.cloudfront.net\/2022\/12\/12145013\/concursos_tribunais.jpeg\",\"width\":768,\"height\":432,\"caption\":\"Concurso PGE BA autorizado\"},{\"@type\":\"BreadcrumbList\",\"@id\":\"https:\/\/www.estrategiaconcursos.com.br\/blog\/concursos-tribunais-alterado-criterio-dos-adicionais-de-qualificacao\/#breadcrumb\",\"itemListElement\":[{\"@type\":\"ListItem\",\"position\":1,\"name\":\"In\u00edcio\",\"item\":\"https:\/\/www.estrategiaconcursos.com.br\/blog\/\"},{\"@type\":\"ListItem\",\"position\":2,\"name\":\"Concursos Tribunais: alterado crit\u00e9rio dos Adicionais de Qualifica\u00e7\u00e3o\"}]},{\"@type\":\"WebSite\",\"@id\":\"https:\/\/www.estrategiaconcursos.com.br\/blog\/#website\",\"url\":\"https:\/\/www.estrategiaconcursos.com.br\/blog\/\",\"name\":\"Estrat\u00e9gia Concursos\",\"description\":\"O blog da Estrat\u00e9gia Concursos traz not\u00edcias sobre concursos e artigos de professores oferecendo cursos para concursos (pdf + videaulas) no site.\",\"publisher\":{\"@id\":\"https:\/\/www.estrategiaconcursos.com.br\/blog\/#organization\"},\"potentialAction\":[{\"@type\":\"SearchAction\",\"target\":{\"@type\":\"EntryPoint\",\"urlTemplate\":\"https:\/\/www.estrategiaconcursos.com.br\/blog\/?s={search_term_string}\"},\"query-input\":{\"@type\":\"PropertyValueSpecification\",\"valueRequired\":true,\"valueName\":\"search_term_string\"}}],\"inLanguage\":\"pt-BR\"},{\"@type\":\"Organization\",\"@id\":\"https:\/\/www.estrategiaconcursos.com.br\/blog\/#organization\",\"name\":\"Estrat\u00e9gia Concursos\",\"url\":\"https:\/\/www.estrategiaconcursos.com.br\/blog\/\",\"logo\":{\"@type\":\"ImageObject\",\"inLanguage\":\"pt-BR\",\"@id\":\"https:\/\/www.estrategiaconcursos.com.br\/blog\/#\/schema\/logo\/image\/\",\"url\":\"https:\/\/dhg1h5j42swfq.cloudfront.net\/2025\/06\/03203428\/logo_concursos-1.jpg\",\"contentUrl\":\"https:\/\/dhg1h5j42swfq.cloudfront.net\/2025\/06\/03203428\/logo_concursos-1.jpg\",\"width\":230,\"height\":60,\"caption\":\"Estrat\u00e9gia Concursos\"},\"image\":{\"@id\":\"https:\/\/www.estrategiaconcursos.com.br\/blog\/#\/schema\/logo\/image\/\"},\"sameAs\":[\"https:\/\/x.com\/EstratConcursos\"]},{\"@type\":\"Person\",\"@id\":\"https:\/\/www.estrategiaconcursos.com.br\/blog\/#\/schema\/person\/a06e841e501f2e1d8c49c4e8f066bfd1\",\"name\":\"Priscila Almeida\",\"image\":{\"@type\":\"ImageObject\",\"inLanguage\":\"pt-BR\",\"@id\":\"https:\/\/secure.gravatar.com\/avatar\/0a963c9e2a947fa675b669cea2b5d0ba6dd1cbf46b966190343b6c9973ad3337?s=96&d=mm&r=g\",\"url\":\"https:\/\/secure.gravatar.com\/avatar\/0a963c9e2a947fa675b669cea2b5d0ba6dd1cbf46b966190343b6c9973ad3337?s=96&d=mm&r=g\",\"contentUrl\":\"https:\/\/secure.gravatar.com\/avatar\/0a963c9e2a947fa675b669cea2b5d0ba6dd1cbf46b966190343b6c9973ad3337?s=96&d=mm&r=g\",\"caption\":\"Priscila Almeida\"},\"description\":\"Atua na \u00e1rea de concursos p\u00fablicos desde 2019. As editorias que mais t\u00eam familiaridade s\u00e3o: Tribunais (TJs; TRTs; TREs; TSTs; STJ, STF, STM e TSE); Defensorias; Minist\u00e9rios P\u00fablicos; Procuradorias; Educa\u00e7\u00e3o e Conselhos. Na \u00e1rea de comunica\u00e7\u00e3o, de maneira geral, a caminhada \u00e9 um pouco mais longa - desde 2007. Possui experi\u00eancia em reda\u00e7\u00f5es de r\u00e1dio, TV, Web e impresso, al\u00e9m de desenvolver trabalhos em assessorias de comunica\u00e7\u00e3o institucional, empresarial e p\u00fablicas. Entre outros trabalhos, se destacam a atua\u00e7\u00e3o nas \u00e1reas de Justi\u00e7a, Congresso, Esportes, Sa\u00fade, Agropecu\u00e1ria, Cidades e Avia\u00e7\u00e3o Civil.\",\"url\":\"https:\/\/www.estrategiaconcursos.com.br\/blog\/author\/priscila-almeidaestrategia-com\/\"}]}<\/script>\n<!-- \/ Yoast SEO Premium plugin. -->","yoast_head_json":{"title":"Concursos Tribunais: alterado crit\u00e9rio dos Adicionais de Qualifica\u00e7\u00e3o","description":"Concursos Tribunais: \u00f3rg\u00e3os ter\u00e3o at\u00e9 180 dias para implementar as mudan\u00e7as de qualifica\u00e7\u00e3o profissional! Confira!","robots":{"index":"index","follow":"follow","max-snippet":"max-snippet:-1","max-image-preview":"max-image-preview:large","max-video-preview":"max-video-preview:-1"},"canonical":"https:\/\/www.estrategiaconcursos.com.br\/blog\/concursos-tribunais-alterado-criterio-dos-adicionais-de-qualificacao\/","og_locale":"pt_BR","og_type":"article","og_title":"Concursos Tribunais: alterado crit\u00e9rio dos Adicionais de Qualifica\u00e7\u00e3o","og_description":"Concursos Tribunais: \u00f3rg\u00e3os ter\u00e3o at\u00e9 180 dias para implementar as mudan\u00e7as de qualifica\u00e7\u00e3o profissional! Confira!","og_url":"https:\/\/www.estrategiaconcursos.com.br\/blog\/concursos-tribunais-alterado-criterio-dos-adicionais-de-qualificacao\/","og_site_name":"Estrat\u00e9gia Concursos","article_published_time":"2026-01-22T10:58:06+00:00","article_modified_time":"2026-01-22T14:44:29+00:00","og_image":[{"width":768,"height":432,"url":"https:\/\/dhg1h5j42swfq.cloudfront.net\/2022\/12\/12145013\/concursos_tribunais.jpeg","type":"image\/jpeg"}],"author":"Priscila Almeida","twitter_card":"summary_large_image","twitter_creator":"@EstratConcursos","twitter_site":"@EstratConcursos","twitter_misc":{"Escrito por":"Priscila Almeida","Est. tempo de leitura":"3 minutos"},"schema":{"@context":"https:\/\/schema.org","@graph":[{"@type":"NewsArticle","@id":"https:\/\/www.estrategiaconcursos.com.br\/blog\/concursos-tribunais-alterado-criterio-dos-adicionais-de-qualificacao\/#article","isPartOf":{"@id":"https:\/\/www.estrategiaconcursos.com.br\/blog\/concursos-tribunais-alterado-criterio-dos-adicionais-de-qualificacao\/"},"author":{"name":"Priscila Almeida","@id":"https:\/\/www.estrategiaconcursos.com.br\/blog\/#\/schema\/person\/a06e841e501f2e1d8c49c4e8f066bfd1"},"headline":"Concursos Tribunais: alterado crit\u00e9rio dos Adicionais de Qualifica\u00e7\u00e3o","datePublished":"2026-01-22T10:58:06+00:00","dateModified":"2026-01-22T14:44:29+00:00","mainEntityOfPage":{"@id":"https:\/\/www.estrategiaconcursos.com.br\/blog\/concursos-tribunais-alterado-criterio-dos-adicionais-de-qualificacao\/"},"wordCount":703,"commentCount":0,"publisher":{"@id":"https:\/\/www.estrategiaconcursos.com.br\/blog\/#organization"},"image":{"@id":"https:\/\/www.estrategiaconcursos.com.br\/blog\/concursos-tribunais-alterado-criterio-dos-adicionais-de-qualificacao\/#primaryimage"},"thumbnailUrl":"https:\/\/dhg1h5j42swfq.cloudfront.net\/2022\/12\/12145013\/concursos_tribunais.jpeg","articleSection":["Tribunais","\u00daltimas not\u00edcias"],"inLanguage":"pt-BR","potentialAction":[{"@type":"CommentAction","name":"Comment","target":["https:\/\/www.estrategiaconcursos.com.br\/blog\/concursos-tribunais-alterado-criterio-dos-adicionais-de-qualificacao\/#respond"]}],"copyrightYear":"2026","copyrightHolder":{"@id":"https:\/\/www.estrategiaconcursos.com.br\/blog\/#organization"}},{"@type":"WebPage","@id":"https:\/\/www.estrategiaconcursos.com.br\/blog\/concursos-tribunais-alterado-criterio-dos-adicionais-de-qualificacao\/","url":"https:\/\/www.estrategiaconcursos.com.br\/blog\/concursos-tribunais-alterado-criterio-dos-adicionais-de-qualificacao\/","name":"Concursos Tribunais: alterado crit\u00e9rio dos Adicionais de Qualifica\u00e7\u00e3o","isPartOf":{"@id":"https:\/\/www.estrategiaconcursos.com.br\/blog\/#website"},"primaryImageOfPage":{"@id":"https:\/\/www.estrategiaconcursos.com.br\/blog\/concursos-tribunais-alterado-criterio-dos-adicionais-de-qualificacao\/#primaryimage"},"image":{"@id":"https:\/\/www.estrategiaconcursos.com.br\/blog\/concursos-tribunais-alterado-criterio-dos-adicionais-de-qualificacao\/#primaryimage"},"thumbnailUrl":"https:\/\/dhg1h5j42swfq.cloudfront.net\/2022\/12\/12145013\/concursos_tribunais.jpeg","datePublished":"2026-01-22T10:58:06+00:00","dateModified":"2026-01-22T14:44:29+00:00","description":"Concursos Tribunais: \u00f3rg\u00e3os ter\u00e3o at\u00e9 180 dias para implementar as mudan\u00e7as de qualifica\u00e7\u00e3o profissional! Confira!","breadcrumb":{"@id":"https:\/\/www.estrategiaconcursos.com.br\/blog\/concursos-tribunais-alterado-criterio-dos-adicionais-de-qualificacao\/#breadcrumb"},"inLanguage":"pt-BR","potentialAction":[{"@type":"ReadAction","target":["https:\/\/www.estrategiaconcursos.com.br\/blog\/concursos-tribunais-alterado-criterio-dos-adicionais-de-qualificacao\/"]}]},{"@type":"ImageObject","inLanguage":"pt-BR","@id":"https:\/\/www.estrategiaconcursos.com.br\/blog\/concursos-tribunais-alterado-criterio-dos-adicionais-de-qualificacao\/#primaryimage","url":"https:\/\/dhg1h5j42swfq.cloudfront.net\/2022\/12\/12145013\/concursos_tribunais.jpeg","contentUrl":"https:\/\/dhg1h5j42swfq.cloudfront.net\/2022\/12\/12145013\/concursos_tribunais.jpeg","width":768,"height":432,"caption":"Concurso PGE BA autorizado"},{"@type":"BreadcrumbList","@id":"https:\/\/www.estrategiaconcursos.com.br\/blog\/concursos-tribunais-alterado-criterio-dos-adicionais-de-qualificacao\/#breadcrumb","itemListElement":[{"@type":"ListItem","position":1,"name":"In\u00edcio","item":"https:\/\/www.estrategiaconcursos.com.br\/blog\/"},{"@type":"ListItem","position":2,"name":"Concursos Tribunais: alterado crit\u00e9rio dos Adicionais de Qualifica\u00e7\u00e3o"}]},{"@type":"WebSite","@id":"https:\/\/www.estrategiaconcursos.com.br\/blog\/#website","url":"https:\/\/www.estrategiaconcursos.com.br\/blog\/","name":"Estrat\u00e9gia Concursos","description":"O blog da Estrat\u00e9gia Concursos traz not\u00edcias sobre concursos e artigos de professores oferecendo cursos para concursos (pdf + videaulas) no site.","publisher":{"@id":"https:\/\/www.estrategiaconcursos.com.br\/blog\/#organization"},"potentialAction":[{"@type":"SearchAction","target":{"@type":"EntryPoint","urlTemplate":"https:\/\/www.estrategiaconcursos.com.br\/blog\/?s={search_term_string}"},"query-input":{"@type":"PropertyValueSpecification","valueRequired":true,"valueName":"search_term_string"}}],"inLanguage":"pt-BR"},{"@type":"Organization","@id":"https:\/\/www.estrategiaconcursos.com.br\/blog\/#organization","name":"Estrat\u00e9gia Concursos","url":"https:\/\/www.estrategiaconcursos.com.br\/blog\/","logo":{"@type":"ImageObject","inLanguage":"pt-BR","@id":"https:\/\/www.estrategiaconcursos.com.br\/blog\/#\/schema\/logo\/image\/","url":"https:\/\/dhg1h5j42swfq.cloudfront.net\/2025\/06\/03203428\/logo_concursos-1.jpg","contentUrl":"https:\/\/dhg1h5j42swfq.cloudfront.net\/2025\/06\/03203428\/logo_concursos-1.jpg","width":230,"height":60,"caption":"Estrat\u00e9gia Concursos"},"image":{"@id":"https:\/\/www.estrategiaconcursos.com.br\/blog\/#\/schema\/logo\/image\/"},"sameAs":["https:\/\/x.com\/EstratConcursos"]},{"@type":"Person","@id":"https:\/\/www.estrategiaconcursos.com.br\/blog\/#\/schema\/person\/a06e841e501f2e1d8c49c4e8f066bfd1","name":"Priscila Almeida","image":{"@type":"ImageObject","inLanguage":"pt-BR","@id":"https:\/\/secure.gravatar.com\/avatar\/0a963c9e2a947fa675b669cea2b5d0ba6dd1cbf46b966190343b6c9973ad3337?s=96&d=mm&r=g","url":"https:\/\/secure.gravatar.com\/avatar\/0a963c9e2a947fa675b669cea2b5d0ba6dd1cbf46b966190343b6c9973ad3337?s=96&d=mm&r=g","contentUrl":"https:\/\/secure.gravatar.com\/avatar\/0a963c9e2a947fa675b669cea2b5d0ba6dd1cbf46b966190343b6c9973ad3337?s=96&d=mm&r=g","caption":"Priscila Almeida"},"description":"Atua na \u00e1rea de concursos p\u00fablicos desde 2019. As editorias que mais t\u00eam familiaridade s\u00e3o: Tribunais (TJs; TRTs; TREs; TSTs; STJ, STF, STM e TSE); Defensorias; Minist\u00e9rios P\u00fablicos; Procuradorias; Educa\u00e7\u00e3o e Conselhos. Na \u00e1rea de comunica\u00e7\u00e3o, de maneira geral, a caminhada \u00e9 um pouco mais longa - desde 2007. Possui experi\u00eancia em reda\u00e7\u00f5es de r\u00e1dio, TV, Web e impresso, al\u00e9m de desenvolver trabalhos em assessorias de comunica\u00e7\u00e3o institucional, empresarial e p\u00fablicas. Entre outros trabalhos, se destacam a atua\u00e7\u00e3o nas \u00e1reas de Justi\u00e7a, Congresso, Esportes, Sa\u00fade, Agropecu\u00e1ria, Cidades e Avia\u00e7\u00e3o Civil.","url":"https:\/\/www.estrategiaconcursos.com.br\/blog\/author\/priscila-almeidaestrategia-com\/"}]}},"_links":{"self":[{"href":"https:\/\/www.estrategiaconcursos.com.br\/blog\/wp-json\/wp\/v2\/posts\/1703345","targetHints":{"allow":["GET"]}}],"collection":[{"href":"https:\/\/www.estrategiaconcursos.com.br\/blog\/wp-json\/wp\/v2\/posts"}],"about":[{"href":"https:\/\/www.estrategiaconcursos.com.br\/blog\/wp-json\/wp\/v2\/types\/post"}],"author":[{"embeddable":true,"href":"https:\/\/www.estrategiaconcursos.com.br\/blog\/wp-json\/wp\/v2\/users\/2375"}],"replies":[{"embeddable":true,"href":"https:\/\/www.estrategiaconcursos.com.br\/blog\/wp-json\/wp\/v2\/comments?post=1703345"}],"version-history":[{"count":7,"href":"https:\/\/www.estrategiaconcursos.com.br\/blog\/wp-json\/wp\/v2\/posts\/1703345\/revisions"}],"predecessor-version":[{"id":1703447,"href":"https:\/\/www.estrategiaconcursos.com.br\/blog\/wp-json\/wp\/v2\/posts\/1703345\/revisions\/1703447"}],"wp:featuredmedia":[{"embeddable":true,"href":"https:\/\/www.estrategiaconcursos.com.br\/blog\/wp-json\/wp\/v2\/media\/1137669"}],"wp:attachment":[{"href":"https:\/\/www.estrategiaconcursos.com.br\/blog\/wp-json\/wp\/v2\/media?parent=1703345"}],"wp:term":[{"taxonomy":"category","embeddable":true,"href":"https:\/\/www.estrategiaconcursos.com.br\/blog\/wp-json\/wp\/v2\/categories?post=1703345"},{"taxonomy":"post_tag","embeddable":true,"href":"https:\/\/www.estrategiaconcursos.com.br\/blog\/wp-json\/wp\/v2\/tags?post=1703345"},{"taxonomy":"tax_estado","embeddable":true,"href":"https:\/\/www.estrategiaconcursos.com.br\/blog\/wp-json\/wp\/v2\/tax_estado?post=1703345"}],"curies":[{"name":"wp","href":"https:\/\/api.w.org\/{rel}","templated":true}]}}