{"id":1703172,"date":"2026-01-21T18:26:33","date_gmt":"2026-01-21T21:26:33","guid":{"rendered":"https:\/\/www.estrategiaconcursos.com.br\/blog\/?p=1703172"},"modified":"2026-01-23T14:48:15","modified_gmt":"2026-01-23T17:48:15","slug":"concursos-anatel-aneel-cf","status":"publish","type":"post","link":"https:\/\/www.estrategiaconcursos.com.br\/blog\/concursos-anatel-aneel-cf\/","title":{"rendered":"Concursos Anatel e Aneel: sa\u00edram as 2\u00aa turmas do CF!"},"content":{"rendered":"\n<p>\u00d3tima not\u00edcia para os aprovados nos \u00faltimos concursos da <strong>Ag\u00eancia Nacional de Energia El\u00e9trica (<a href=\"https:\/\/www.estrategiaconcursos.com.br\/cursosPorConcurso\/agencia-nacional-de-energia-eletrica-aneel\/\" target=\"_blank\" rel=\"noreferrer noopener\">Aneel<\/a>)<\/strong> e da <strong>ANATEL (<em><a href=\"https:\/\/www.estrategiaconcursos.com.br\/cursosPorConcurso\/anatel-77\/\" target=\"_blank\" rel=\"noreferrer noopener\">Ag\u00eancia Nacional de Telecomunica\u00e7\u00f5es<\/a><\/em>)<\/strong>: duas novas turmas de CF foram convocadas. Veja:<\/p>\n\n\n\n<ul class=\"wp-block-list\">\n<li><a href=\"https:\/\/dhg1h5j42swfq.cloudfront.net\/2026\/01\/21182145\/anatelfcdd60c6a178391db0c6a1fabf73d95e495c65859bafbdae103a30d64dc90e9d.pdf\" target=\"_blank\" rel=\"noreferrer noopener nofollow\">Convoca\u00e7\u00e3o 2\u00aa turma CF &#8211; Anatel<\/a><\/li>\n\n\n\n<li><a href=\"https:\/\/dhg1h5j42swfq.cloudfront.net\/2026\/01\/21182147\/aneeld96babba3620de6141bf2f20adc63a8ec71f4266fcf8439ef35d3f9aa429f00b.pdf\" target=\"_blank\" rel=\"noreferrer noopener nofollow\">Convoca\u00e7\u00e3o 2\u00aa turma CF &#8211; Aneel<\/a><\/li>\n<\/ul>\n\n\n\n<p>O Curso de Forma\u00e7\u00e3o &#8211; CF para a Anatel acontecer\u00e1 entre os dias 2 e 27 de mar\u00e7o, em Bras\u00edlia\/DF, com um total de 140 horas\/aula.<\/p>\n\n\n\n<p>A matr\u00edcula deve ser feita entre os dias <strong>22 e 23 de janeiro<\/strong>, atrav\u00e9s do site da banca, o Cebraspe.<\/p>\n\n\n\n<p>J\u00e1 o Curso de Forma\u00e7\u00e3o &#8211; CF para a Aneel ser\u00e1 realizado entre os dias <strong>23 de fevereiro e 18 de mar\u00e7o<\/strong>, tamb\u00e9m em Bras\u00edlia\/DF, com um total de 140 horas\/aula.<\/p>\n\n\n\n<p>Uma prova objetiva, com 100 itens de CERTO ou ERRADO e valendo 100 pontos, ser\u00e1 aplicada no dia <strong>20 de mar\u00e7o<\/strong>, a fim de avaliar se o candidato est\u00e1 preparado para o cargo.<\/p>\n\n\n\n<div class=\"container\" id=\"boxes\">\n  <div class=\"row\">\n\n    <div class=\"col-sm\">\n      <div class=\"banner-estrategia\" id=\"box-assinatura\">\n        <h3 class=\"titulo-assinatura\">Cursos para ANEEL<\/h3>\n        <p class=\"subtitulo-assinatura\">Conhe\u00e7a os cursos<\/p>\n        <div class=\"box-botao\">\n          <a class=\"btn-assinatura\" target=\"_blank\" href=\"https:\/\/www.estrategiaconcursos.com.br\/cursosPorConcurso\/agencia-nacional-de-energia-eletrica-aneel\/\" role=\"button\" rel=\"noopener noreferrer\">Conhe\u00e7a mais<\/a>\n        <\/div>\n      <\/div>\n     \n    <\/div>\n\n  <\/div>\n<\/div>\n\n\n\n<div class=\"container\" id=\"boxes\">\n  <div class=\"row\">\n\n    <div class=\"col-sm\">\n      <div class=\"banner-agencias-reguladoras\" id=\"box-assinatura\">\n        <h2 class=\"titulo-assinatura\" style=\"text-align: left;\">Cursos ANATEL<\/h2>\n        <p class=\"subtitulo-assinatura\" style=\"text-align: left;\">Prepara\u00e7\u00e3o completa para o certame!<\/p>\n        <div class=\"box-botao\" style=\"text-align: left;\">\n          <a class=\"btn-assinatura\" target=\"_blank\" href=\"https:\/\/www.estrategiaconcursos.com.br\/cursosPorConcurso\/anatel-77\/\" role=\"button\" rel=\"noopener noreferrer\">VER CURSOS<\/a>\n        <\/div>\n      <\/div><\/div><\/div><\/div>\n\n\n\n<h2 class=\"wp-block-heading\" id=\"h-ultimo-concurso-aneel\">\u00daltimo concurso Aneel<\/h2>\n\n\n\n<p>Ademais, o \u00faltimo concurso da Aneel foi realizado ainda em 2024, atrav\u00e9s do <strong>Concurso Nacional Unificado (CNU)<\/strong> de 2024. <\/p>\n\n\n\n<p>Foram ofertadas <strong>40 vagas imediatas<\/strong> para o cargo de <strong>Especialista em Regula\u00e7\u00e3o de Servi\u00e7os P\u00fablicos de Energia<\/strong>, dispostas nos blocos 1 e 6. <\/p>\n\n\n\n<p>J\u00e1 o sal\u00e1rio inicial possui valores pra l\u00e1 de atrativos, que podem chegar a n\u00edveis surpreendentes! Somente a remunera\u00e7\u00e3o inicial \u00e9 de <strong>R$ 16,4 mil!<\/strong><\/p>\n\n\n\n<h2 class=\"wp-block-heading\" id=\"h-concurso-anatel-no-cnu-2025\">Concurso ANATEL no CNU 2025<\/h2>\n\n\n\n<p>Al\u00e9m deste edital, a Ag\u00eancia Nacional de Telecomunica\u00e7\u00f5es faz parte da nova edi\u00e7\u00e3o do <strong>CNU 2025<\/strong>. Ao todo, 50 vagas ser\u00e3o destinadas exclusivamente ao cargo de <strong>T\u00e9cnico em Regula\u00e7\u00e3o de Servi\u00e7os P\u00fablicos de Telecomunica\u00e7\u00f5es. <\/strong><\/p>\n\n\n\n<p class=\"has-text-align-center\"><em>Quer saber mais informa\u00e7\u00f5es sobre os concursos <a href=\"https:\/\/www.gov.br\/aneel\/pt-br\" target=\"_blank\" rel=\"noreferrer noopener\">ANEEL<\/a> e ANATEL, que t\u00eam novos CF? Ent\u00e3o, confira o nosso artigo completo e exclusivo acerca do certame:<\/em><\/p>\n\n\n\n<p class=\"has-text-align-center has-black-color has-cyan-bluish-gray-background-color has-text-color has-background has-link-color wp-elements-934c19e861845bf620c944ef9f856dfa\" style=\"font-size:clamp(14.642px, 0.915rem + ((1vw - 3.2px) * 0.721), 22px);\"><strong>Mais informa\u00e7\u00f5es sobre o <\/strong><a href=\"https:\/\/www.estrategiaconcursos.com.br\/blog\/concurso-aneel\/\" target=\"_blank\" rel=\"noreferrer noopener\"><strong>concurso ANEEL<\/strong><\/a><\/p>\n\n\n\n<p class=\"has-text-align-center has-background\" style=\"background-color:#a2cce9\"><strong>Saiba mais: <a href=\"https:\/\/www.estrategiaconcursos.com.br\/blog\/concurso-anatel\/\" target=\"_blank\" rel=\"noreferrer noopener\">concurso ANATEL<\/a><\/strong><\/p>\n\n\n\n<hr class=\"wp-block-separator has-alpha-channel-opacity\"\/>\n\n\n\n<h2 class=\"wp-block-heading has-text-align-center\" id=\"cursos-assinatura\"><em>Conhe\u00e7a as nossas assinaturas de 1 e 2 anos:<\/em><\/h2>\n\n\n\n<div class=\"container\" id=\"boxes\">\n  <div class=\"row\">\n\n    <div class=\"col-sm\">\n      <div class=\"estrategia\" id=\"box-assinatura\">\n        <h3 class=\"titulo-assinatura\">Assinatura Concursos<\/h3>\n        <p class=\"subtitulo-assinatura\">Assinatura de 1 ano ou 2 anos<\/p>\n        <div class=\"box-botao\">\n          <a class=\"btn-assinatura\" target=\"_blank\" href=\"https:\/\/www.estrategiaconcursos.com.br\/assinaturas\/\" role=\"button\" rel=\"noopener noreferrer\">ASSINE AGORA<\/a>\n        <\/div>\n      <\/div><\/div><\/div><\/div>\n\n\n\n<h2 class=\"wp-block-heading has-text-align-center\" id=\"h-quer-saber-tudo-sobre-concursos-previstos-confira-nossos-artigos-0\">Quer saber tudo sobre concursos previstos?<br \/>Confira  nossos artigos!<\/h2>\n\n\n\n<ul class=\"wp-block-list\">\n<li><a href=\"https:\/\/www.estrategiaconcursos.com.br\/blog\/concursos-abertos\/\" target=\"_blank\" rel=\"noreferrer noopener\">Concursos Abertos<\/a><\/li>\n\n\n\n<li><a href=\"https:\/\/www.estrategiaconcursos.com.br\/blog\/concursos-agencias-reguladoras\/\" target=\"_blank\" rel=\"noreferrer noopener\">Concursos Ag\u00eancias Reguladoras<\/a><\/li>\n\n\n\n<li><a href=\"https:\/\/www.estrategiaconcursos.com.br\/blog\/concursos-2026\/\" target=\"_blank\" rel=\"noreferrer noopener\">Concursos 2026<\/a><\/li>\n<\/ul>\n","protected":false},"excerpt":{"rendered":"<p>\u00d3tima not\u00edcia para os aprovados nos \u00faltimos concursos da Ag\u00eancia Nacional de Energia El\u00e9trica (Aneel) e da ANATEL (Ag\u00eancia Nacional de Telecomunica\u00e7\u00f5es): duas novas turmas de CF foram convocadas. Veja: O Curso de Forma\u00e7\u00e3o &#8211; CF para a Anatel acontecer\u00e1 entre os dias 2 e 27 de mar\u00e7o, em Bras\u00edlia\/DF, com um total de 140 [&hellip;]<\/p>\n","protected":false},"author":2692,"featured_media":1571644,"comment_status":"open","ping_status":"closed","sticky":false,"template":"","format":"standard","meta":{"post_tipo":"news","footnotes":""},"categories":[220215,220219],"tags":[],"tax_estado":[219963],"class_list":["post-1703172","post","type-post","status-publish","format-standard","has-post-thumbnail","hentry","category-agencia-reguladora","category-noticias","tax_estado-concursos-federais"],"acf":[],"yoast_head":"<!-- This site is optimized with the Yoast SEO Premium plugin v27.2 (Yoast SEO v27.2) - https:\/\/yoast.com\/product\/yoast-seo-premium-wordpress\/ -->\n<title>Concursos Anatel e Aneel: sa\u00edram as 2\u00aa turmas do CF!<\/title>\n<meta name=\"description\" content=\"Os concursos da Anatel e da Aneel tiveram as convoca\u00e7\u00f5es da 2\u00aa turma para o Curso de Forma\u00e7\u00e3o (CF) divulgados!\" \/>\n<meta name=\"robots\" content=\"index, follow, max-snippet:-1, max-image-preview:large, max-video-preview:-1\" \/>\n<link rel=\"canonical\" href=\"https:\/\/www.estrategiaconcursos.com.br\/blog\/concursos-anatel-aneel-cf\/\" \/>\n<meta property=\"og:locale\" content=\"pt_BR\" \/>\n<meta property=\"og:type\" content=\"article\" \/>\n<meta property=\"og:title\" content=\"Concursos Anatel e Aneel: sa\u00edram as 2\u00aa turmas do CF!\" \/>\n<meta property=\"og:description\" content=\"Os concursos da Anatel e da Aneel tiveram as convoca\u00e7\u00f5es da 2\u00aa turma para o Curso de Forma\u00e7\u00e3o (CF) divulgados!\" \/>\n<meta property=\"og:url\" content=\"https:\/\/www.estrategiaconcursos.com.br\/blog\/concursos-anatel-aneel-cf\/\" \/>\n<meta property=\"og:site_name\" content=\"Estrat\u00e9gia Concursos\" \/>\n<meta property=\"article:published_time\" content=\"2026-01-21T21:26:33+00:00\" \/>\n<meta property=\"article:modified_time\" content=\"2026-01-23T17:48:15+00:00\" \/>\n<meta property=\"og:image\" content=\"https:\/\/dhg1h5j42swfq.cloudfront.net\/2025\/05\/05161312\/concursos-2026.jpg\" \/>\n\t<meta property=\"og:image:width\" content=\"768\" \/>\n\t<meta property=\"og:image:height\" content=\"432\" \/>\n\t<meta property=\"og:image:type\" content=\"image\/jpeg\" \/>\n<meta name=\"author\" content=\"Ronaldo Scanavini Neto\" \/>\n<meta name=\"twitter:card\" content=\"summary_large_image\" \/>\n<meta name=\"twitter:creator\" content=\"@EstratConcursos\" \/>\n<meta name=\"twitter:site\" content=\"@EstratConcursos\" \/>\n<meta name=\"twitter:label1\" content=\"Escrito por\" \/>\n\t<meta name=\"twitter:data1\" content=\"Ronaldo Scanavini Neto\" \/>\n\t<meta name=\"twitter:label2\" content=\"Est. tempo de leitura\" \/>\n\t<meta name=\"twitter:data2\" content=\"2 minutos\" \/>\n<script type=\"application\/ld+json\" class=\"yoast-schema-graph\">{\"@context\":\"https:\/\/schema.org\",\"@graph\":[{\"@type\":\"NewsArticle\",\"@id\":\"https:\/\/www.estrategiaconcursos.com.br\/blog\/concursos-anatel-aneel-cf\/#article\",\"isPartOf\":{\"@id\":\"https:\/\/www.estrategiaconcursos.com.br\/blog\/concursos-anatel-aneel-cf\/\"},\"author\":{\"name\":\"Ronaldo Scanavini Neto\",\"@id\":\"https:\/\/www.estrategiaconcursos.com.br\/blog\/#\/schema\/person\/70c2ad4297aa24ff8815b08215b23a76\"},\"headline\":\"Concursos Anatel e Aneel: sa\u00edram as 2\u00aa turmas do CF!\",\"datePublished\":\"2026-01-21T21:26:33+00:00\",\"dateModified\":\"2026-01-23T17:48:15+00:00\",\"mainEntityOfPage\":{\"@id\":\"https:\/\/www.estrategiaconcursos.com.br\/blog\/concursos-anatel-aneel-cf\/\"},\"wordCount\":378,\"commentCount\":0,\"publisher\":{\"@id\":\"https:\/\/www.estrategiaconcursos.com.br\/blog\/#organization\"},\"image\":{\"@id\":\"https:\/\/www.estrategiaconcursos.com.br\/blog\/concursos-anatel-aneel-cf\/#primaryimage\"},\"thumbnailUrl\":\"https:\/\/dhg1h5j42swfq.cloudfront.net\/2025\/05\/05161312\/concursos-2026.jpg\",\"articleSection\":[\"Ag\u00eancia Reguladora\",\"\u00daltimas not\u00edcias\"],\"inLanguage\":\"pt-BR\",\"potentialAction\":[{\"@type\":\"CommentAction\",\"name\":\"Comment\",\"target\":[\"https:\/\/www.estrategiaconcursos.com.br\/blog\/concursos-anatel-aneel-cf\/#respond\"]}],\"copyrightYear\":\"2026\",\"copyrightHolder\":{\"@id\":\"https:\/\/www.estrategiaconcursos.com.br\/blog\/#organization\"}},{\"@type\":\"WebPage\",\"@id\":\"https:\/\/www.estrategiaconcursos.com.br\/blog\/concursos-anatel-aneel-cf\/\",\"url\":\"https:\/\/www.estrategiaconcursos.com.br\/blog\/concursos-anatel-aneel-cf\/\",\"name\":\"Concursos Anatel e Aneel: sa\u00edram as 2\u00aa turmas do CF!\",\"isPartOf\":{\"@id\":\"https:\/\/www.estrategiaconcursos.com.br\/blog\/#website\"},\"primaryImageOfPage\":{\"@id\":\"https:\/\/www.estrategiaconcursos.com.br\/blog\/concursos-anatel-aneel-cf\/#primaryimage\"},\"image\":{\"@id\":\"https:\/\/www.estrategiaconcursos.com.br\/blog\/concursos-anatel-aneel-cf\/#primaryimage\"},\"thumbnailUrl\":\"https:\/\/dhg1h5j42swfq.cloudfront.net\/2025\/05\/05161312\/concursos-2026.jpg\",\"datePublished\":\"2026-01-21T21:26:33+00:00\",\"dateModified\":\"2026-01-23T17:48:15+00:00\",\"description\":\"Os concursos da Anatel e da Aneel tiveram as convoca\u00e7\u00f5es da 2\u00aa turma para o Curso de Forma\u00e7\u00e3o (CF) divulgados!\",\"breadcrumb\":{\"@id\":\"https:\/\/www.estrategiaconcursos.com.br\/blog\/concursos-anatel-aneel-cf\/#breadcrumb\"},\"inLanguage\":\"pt-BR\",\"potentialAction\":[{\"@type\":\"ReadAction\",\"target\":[\"https:\/\/www.estrategiaconcursos.com.br\/blog\/concursos-anatel-aneel-cf\/\"]}]},{\"@type\":\"ImageObject\",\"inLanguage\":\"pt-BR\",\"@id\":\"https:\/\/www.estrategiaconcursos.com.br\/blog\/concursos-anatel-aneel-cf\/#primaryimage\",\"url\":\"https:\/\/dhg1h5j42swfq.cloudfront.net\/2025\/05\/05161312\/concursos-2026.jpg\",\"contentUrl\":\"https:\/\/dhg1h5j42swfq.cloudfront.net\/2025\/05\/05161312\/concursos-2026.jpg\",\"width\":768,\"height\":432,\"caption\":\"Concursos P\u00fablicos\"},{\"@type\":\"BreadcrumbList\",\"@id\":\"https:\/\/www.estrategiaconcursos.com.br\/blog\/concursos-anatel-aneel-cf\/#breadcrumb\",\"itemListElement\":[{\"@type\":\"ListItem\",\"position\":1,\"name\":\"In\u00edcio\",\"item\":\"https:\/\/www.estrategiaconcursos.com.br\/blog\/\"},{\"@type\":\"ListItem\",\"position\":2,\"name\":\"Concursos Anatel e Aneel: sa\u00edram as 2\u00aa turmas do CF!\"}]},{\"@type\":\"WebSite\",\"@id\":\"https:\/\/www.estrategiaconcursos.com.br\/blog\/#website\",\"url\":\"https:\/\/www.estrategiaconcursos.com.br\/blog\/\",\"name\":\"Estrat\u00e9gia Concursos\",\"description\":\"O blog da Estrat\u00e9gia Concursos traz not\u00edcias sobre concursos e artigos de professores oferecendo cursos para concursos (pdf + videaulas) no site.\",\"publisher\":{\"@id\":\"https:\/\/www.estrategiaconcursos.com.br\/blog\/#organization\"},\"potentialAction\":[{\"@type\":\"SearchAction\",\"target\":{\"@type\":\"EntryPoint\",\"urlTemplate\":\"https:\/\/www.estrategiaconcursos.com.br\/blog\/?s={search_term_string}\"},\"query-input\":{\"@type\":\"PropertyValueSpecification\",\"valueRequired\":true,\"valueName\":\"search_term_string\"}}],\"inLanguage\":\"pt-BR\"},{\"@type\":\"Organization\",\"@id\":\"https:\/\/www.estrategiaconcursos.com.br\/blog\/#organization\",\"name\":\"Estrat\u00e9gia Concursos\",\"url\":\"https:\/\/www.estrategiaconcursos.com.br\/blog\/\",\"logo\":{\"@type\":\"ImageObject\",\"inLanguage\":\"pt-BR\",\"@id\":\"https:\/\/www.estrategiaconcursos.com.br\/blog\/#\/schema\/logo\/image\/\",\"url\":\"https:\/\/dhg1h5j42swfq.cloudfront.net\/2025\/06\/03203428\/logo_concursos-1.jpg\",\"contentUrl\":\"https:\/\/dhg1h5j42swfq.cloudfront.net\/2025\/06\/03203428\/logo_concursos-1.jpg\",\"width\":230,\"height\":60,\"caption\":\"Estrat\u00e9gia Concursos\"},\"image\":{\"@id\":\"https:\/\/www.estrategiaconcursos.com.br\/blog\/#\/schema\/logo\/image\/\"},\"sameAs\":[\"https:\/\/x.com\/EstratConcursos\"]},{\"@type\":\"Person\",\"@id\":\"https:\/\/www.estrategiaconcursos.com.br\/blog\/#\/schema\/person\/70c2ad4297aa24ff8815b08215b23a76\",\"name\":\"Ronaldo Scanavini Neto\",\"image\":{\"@type\":\"ImageObject\",\"inLanguage\":\"pt-BR\",\"@id\":\"https:\/\/secure.gravatar.com\/avatar\/f93d8e56fe264596e94aee6b3feb737d98ad0fc5bac7eb0a245f04723c5c8f21?s=96&d=mm&r=g\",\"url\":\"https:\/\/secure.gravatar.com\/avatar\/f93d8e56fe264596e94aee6b3feb737d98ad0fc5bac7eb0a245f04723c5c8f21?s=96&d=mm&r=g\",\"contentUrl\":\"https:\/\/secure.gravatar.com\/avatar\/f93d8e56fe264596e94aee6b3feb737d98ad0fc5bac7eb0a245f04723c5c8f21?s=96&d=mm&r=g\",\"caption\":\"Ronaldo Scanavini Neto\"},\"description\":\"Graduando em Comunica\u00e7\u00e3o Social \u2013 Jornalismo pela Universidade Federal de Vi\u00e7osa (UFV). Integra a equipe de jornalismo do Estrat\u00e9gia Concursos desde 2023, atuando com \u00eanfase na cobertura da \u00e1rea fiscal. Tamb\u00e9m realiza a apura\u00e7\u00e3o e produ\u00e7\u00e3o de not\u00edcias sobre concursos federais, \u00f3rg\u00e3os participantes do CNU e das \u00e1reas de controle, gest\u00e3o, engenharia, Exame CFC, comunica\u00e7\u00e3o social TI e \u00e1rea de concursos administrativos.\",\"url\":\"https:\/\/www.estrategiaconcursos.com.br\/blog\/author\/ronaldo-netoestrategia-com\/\"}]}<\/script>\n<!-- \/ Yoast SEO Premium plugin. -->","yoast_head_json":{"title":"Concursos Anatel e Aneel: sa\u00edram as 2\u00aa turmas do CF!","description":"Os concursos da Anatel e da Aneel tiveram as convoca\u00e7\u00f5es da 2\u00aa turma para o Curso de Forma\u00e7\u00e3o (CF) divulgados!","robots":{"index":"index","follow":"follow","max-snippet":"max-snippet:-1","max-image-preview":"max-image-preview:large","max-video-preview":"max-video-preview:-1"},"canonical":"https:\/\/www.estrategiaconcursos.com.br\/blog\/concursos-anatel-aneel-cf\/","og_locale":"pt_BR","og_type":"article","og_title":"Concursos Anatel e Aneel: sa\u00edram as 2\u00aa turmas do CF!","og_description":"Os concursos da Anatel e da Aneel tiveram as convoca\u00e7\u00f5es da 2\u00aa turma para o Curso de Forma\u00e7\u00e3o (CF) divulgados!","og_url":"https:\/\/www.estrategiaconcursos.com.br\/blog\/concursos-anatel-aneel-cf\/","og_site_name":"Estrat\u00e9gia Concursos","article_published_time":"2026-01-21T21:26:33+00:00","article_modified_time":"2026-01-23T17:48:15+00:00","og_image":[{"width":768,"height":432,"url":"https:\/\/dhg1h5j42swfq.cloudfront.net\/2025\/05\/05161312\/concursos-2026.jpg","type":"image\/jpeg"}],"author":"Ronaldo Scanavini Neto","twitter_card":"summary_large_image","twitter_creator":"@EstratConcursos","twitter_site":"@EstratConcursos","twitter_misc":{"Escrito por":"Ronaldo Scanavini Neto","Est. tempo de leitura":"2 minutos"},"schema":{"@context":"https:\/\/schema.org","@graph":[{"@type":"NewsArticle","@id":"https:\/\/www.estrategiaconcursos.com.br\/blog\/concursos-anatel-aneel-cf\/#article","isPartOf":{"@id":"https:\/\/www.estrategiaconcursos.com.br\/blog\/concursos-anatel-aneel-cf\/"},"author":{"name":"Ronaldo Scanavini Neto","@id":"https:\/\/www.estrategiaconcursos.com.br\/blog\/#\/schema\/person\/70c2ad4297aa24ff8815b08215b23a76"},"headline":"Concursos Anatel e Aneel: sa\u00edram as 2\u00aa turmas do CF!","datePublished":"2026-01-21T21:26:33+00:00","dateModified":"2026-01-23T17:48:15+00:00","mainEntityOfPage":{"@id":"https:\/\/www.estrategiaconcursos.com.br\/blog\/concursos-anatel-aneel-cf\/"},"wordCount":378,"commentCount":0,"publisher":{"@id":"https:\/\/www.estrategiaconcursos.com.br\/blog\/#organization"},"image":{"@id":"https:\/\/www.estrategiaconcursos.com.br\/blog\/concursos-anatel-aneel-cf\/#primaryimage"},"thumbnailUrl":"https:\/\/dhg1h5j42swfq.cloudfront.net\/2025\/05\/05161312\/concursos-2026.jpg","articleSection":["Ag\u00eancia Reguladora","\u00daltimas not\u00edcias"],"inLanguage":"pt-BR","potentialAction":[{"@type":"CommentAction","name":"Comment","target":["https:\/\/www.estrategiaconcursos.com.br\/blog\/concursos-anatel-aneel-cf\/#respond"]}],"copyrightYear":"2026","copyrightHolder":{"@id":"https:\/\/www.estrategiaconcursos.com.br\/blog\/#organization"}},{"@type":"WebPage","@id":"https:\/\/www.estrategiaconcursos.com.br\/blog\/concursos-anatel-aneel-cf\/","url":"https:\/\/www.estrategiaconcursos.com.br\/blog\/concursos-anatel-aneel-cf\/","name":"Concursos Anatel e Aneel: sa\u00edram as 2\u00aa turmas do CF!","isPartOf":{"@id":"https:\/\/www.estrategiaconcursos.com.br\/blog\/#website"},"primaryImageOfPage":{"@id":"https:\/\/www.estrategiaconcursos.com.br\/blog\/concursos-anatel-aneel-cf\/#primaryimage"},"image":{"@id":"https:\/\/www.estrategiaconcursos.com.br\/blog\/concursos-anatel-aneel-cf\/#primaryimage"},"thumbnailUrl":"https:\/\/dhg1h5j42swfq.cloudfront.net\/2025\/05\/05161312\/concursos-2026.jpg","datePublished":"2026-01-21T21:26:33+00:00","dateModified":"2026-01-23T17:48:15+00:00","description":"Os concursos da Anatel e da Aneel tiveram as convoca\u00e7\u00f5es da 2\u00aa turma para o Curso de Forma\u00e7\u00e3o (CF) divulgados!","breadcrumb":{"@id":"https:\/\/www.estrategiaconcursos.com.br\/blog\/concursos-anatel-aneel-cf\/#breadcrumb"},"inLanguage":"pt-BR","potentialAction":[{"@type":"ReadAction","target":["https:\/\/www.estrategiaconcursos.com.br\/blog\/concursos-anatel-aneel-cf\/"]}]},{"@type":"ImageObject","inLanguage":"pt-BR","@id":"https:\/\/www.estrategiaconcursos.com.br\/blog\/concursos-anatel-aneel-cf\/#primaryimage","url":"https:\/\/dhg1h5j42swfq.cloudfront.net\/2025\/05\/05161312\/concursos-2026.jpg","contentUrl":"https:\/\/dhg1h5j42swfq.cloudfront.net\/2025\/05\/05161312\/concursos-2026.jpg","width":768,"height":432,"caption":"Concursos P\u00fablicos"},{"@type":"BreadcrumbList","@id":"https:\/\/www.estrategiaconcursos.com.br\/blog\/concursos-anatel-aneel-cf\/#breadcrumb","itemListElement":[{"@type":"ListItem","position":1,"name":"In\u00edcio","item":"https:\/\/www.estrategiaconcursos.com.br\/blog\/"},{"@type":"ListItem","position":2,"name":"Concursos Anatel e Aneel: sa\u00edram as 2\u00aa turmas do CF!"}]},{"@type":"WebSite","@id":"https:\/\/www.estrategiaconcursos.com.br\/blog\/#website","url":"https:\/\/www.estrategiaconcursos.com.br\/blog\/","name":"Estrat\u00e9gia Concursos","description":"O blog da Estrat\u00e9gia Concursos traz not\u00edcias sobre concursos e artigos de professores oferecendo cursos para concursos (pdf + videaulas) no site.","publisher":{"@id":"https:\/\/www.estrategiaconcursos.com.br\/blog\/#organization"},"potentialAction":[{"@type":"SearchAction","target":{"@type":"EntryPoint","urlTemplate":"https:\/\/www.estrategiaconcursos.com.br\/blog\/?s={search_term_string}"},"query-input":{"@type":"PropertyValueSpecification","valueRequired":true,"valueName":"search_term_string"}}],"inLanguage":"pt-BR"},{"@type":"Organization","@id":"https:\/\/www.estrategiaconcursos.com.br\/blog\/#organization","name":"Estrat\u00e9gia Concursos","url":"https:\/\/www.estrategiaconcursos.com.br\/blog\/","logo":{"@type":"ImageObject","inLanguage":"pt-BR","@id":"https:\/\/www.estrategiaconcursos.com.br\/blog\/#\/schema\/logo\/image\/","url":"https:\/\/dhg1h5j42swfq.cloudfront.net\/2025\/06\/03203428\/logo_concursos-1.jpg","contentUrl":"https:\/\/dhg1h5j42swfq.cloudfront.net\/2025\/06\/03203428\/logo_concursos-1.jpg","width":230,"height":60,"caption":"Estrat\u00e9gia Concursos"},"image":{"@id":"https:\/\/www.estrategiaconcursos.com.br\/blog\/#\/schema\/logo\/image\/"},"sameAs":["https:\/\/x.com\/EstratConcursos"]},{"@type":"Person","@id":"https:\/\/www.estrategiaconcursos.com.br\/blog\/#\/schema\/person\/70c2ad4297aa24ff8815b08215b23a76","name":"Ronaldo Scanavini Neto","image":{"@type":"ImageObject","inLanguage":"pt-BR","@id":"https:\/\/secure.gravatar.com\/avatar\/f93d8e56fe264596e94aee6b3feb737d98ad0fc5bac7eb0a245f04723c5c8f21?s=96&d=mm&r=g","url":"https:\/\/secure.gravatar.com\/avatar\/f93d8e56fe264596e94aee6b3feb737d98ad0fc5bac7eb0a245f04723c5c8f21?s=96&d=mm&r=g","contentUrl":"https:\/\/secure.gravatar.com\/avatar\/f93d8e56fe264596e94aee6b3feb737d98ad0fc5bac7eb0a245f04723c5c8f21?s=96&d=mm&r=g","caption":"Ronaldo Scanavini Neto"},"description":"Graduando em Comunica\u00e7\u00e3o Social \u2013 Jornalismo pela Universidade Federal de Vi\u00e7osa (UFV). Integra a equipe de jornalismo do Estrat\u00e9gia Concursos desde 2023, atuando com \u00eanfase na cobertura da \u00e1rea fiscal. Tamb\u00e9m realiza a apura\u00e7\u00e3o e produ\u00e7\u00e3o de not\u00edcias sobre concursos federais, \u00f3rg\u00e3os participantes do CNU e das \u00e1reas de controle, gest\u00e3o, engenharia, Exame CFC, comunica\u00e7\u00e3o social TI e \u00e1rea de concursos administrativos.","url":"https:\/\/www.estrategiaconcursos.com.br\/blog\/author\/ronaldo-netoestrategia-com\/"}]}},"_links":{"self":[{"href":"https:\/\/www.estrategiaconcursos.com.br\/blog\/wp-json\/wp\/v2\/posts\/1703172","targetHints":{"allow":["GET"]}}],"collection":[{"href":"https:\/\/www.estrategiaconcursos.com.br\/blog\/wp-json\/wp\/v2\/posts"}],"about":[{"href":"https:\/\/www.estrategiaconcursos.com.br\/blog\/wp-json\/wp\/v2\/types\/post"}],"author":[{"embeddable":true,"href":"https:\/\/www.estrategiaconcursos.com.br\/blog\/wp-json\/wp\/v2\/users\/2692"}],"replies":[{"embeddable":true,"href":"https:\/\/www.estrategiaconcursos.com.br\/blog\/wp-json\/wp\/v2\/comments?post=1703172"}],"version-history":[{"count":3,"href":"https:\/\/www.estrategiaconcursos.com.br\/blog\/wp-json\/wp\/v2\/posts\/1703172\/revisions"}],"predecessor-version":[{"id":1704282,"href":"https:\/\/www.estrategiaconcursos.com.br\/blog\/wp-json\/wp\/v2\/posts\/1703172\/revisions\/1704282"}],"wp:featuredmedia":[{"embeddable":true,"href":"https:\/\/www.estrategiaconcursos.com.br\/blog\/wp-json\/wp\/v2\/media\/1571644"}],"wp:attachment":[{"href":"https:\/\/www.estrategiaconcursos.com.br\/blog\/wp-json\/wp\/v2\/media?parent=1703172"}],"wp:term":[{"taxonomy":"category","embeddable":true,"href":"https:\/\/www.estrategiaconcursos.com.br\/blog\/wp-json\/wp\/v2\/categories?post=1703172"},{"taxonomy":"post_tag","embeddable":true,"href":"https:\/\/www.estrategiaconcursos.com.br\/blog\/wp-json\/wp\/v2\/tags?post=1703172"},{"taxonomy":"tax_estado","embeddable":true,"href":"https:\/\/www.estrategiaconcursos.com.br\/blog\/wp-json\/wp\/v2\/tax_estado?post=1703172"}],"curies":[{"name":"wp","href":"https:\/\/api.w.org\/{rel}","templated":true}]}}