{"id":1702954,"date":"2026-01-23T15:32:00","date_gmt":"2026-01-23T18:32:00","guid":{"rendered":"https:\/\/www.estrategiaconcursos.com.br\/blog\/?p=1702954"},"modified":"2026-01-21T13:23:45","modified_gmt":"2026-01-21T16:23:45","slug":"questoes-que-cairam-ultimo-concurso-camara-deputados","status":"publish","type":"post","link":"https:\/\/www.estrategiaconcursos.com.br\/blog\/questoes-que-cairam-ultimo-concurso-camara-deputados\/","title":{"rendered":"Quest\u00f5es que ca\u00edram no \u00faltimo Concurso C\u00e2mara dos Deputados"},"content":{"rendered":"\n<p style=\"font-size:clamp(15.197px, 0.95rem + ((1vw - 3.2px) * 0.765), 23px);\"><strong><em>Confira as quest\u00f5es que ca\u00edram no \u00faltimo concurso da C\u00e2mara dos Deputados para os cargos de Analista Legislativo (Processo Legislativo e Gest\u00e3o) e T\u00e9cnico Legislativo (Assistente Legislativo e Administrativo)<\/em><\/strong><\/p>\n\n\n\n<p>Com edital na pra\u00e7a, o novo <strong>concurso p\u00fablico da C\u00e2mara dos Deputados<\/strong> desperta grande interesse dos candidatos<\/p>\n\n\n\n<p>Esse destaque n\u00e3o se deve apenas pelo excelente sal\u00e1rio que pode ultrapassar os R$ 30 mil, mas tamb\u00e9m pela relev\u00e2ncia e prest\u00edgio dos cargos ofertados. <\/p>\n\n\n\n<p>Com 140 vagas destinadas aos cargos de Analista Legislativo e T\u00e9cnico Legislativo, ambos de n\u00edvel superior, a sele\u00e7\u00e3o exige uma prepara\u00e7\u00e3o estrat\u00e9gica e aprofundada, especialmente diante do alto n\u00edvel das provas, que ser\u00e3o aplicadas em todo o pa\u00eds.<\/p>\n\n\n\n<p>Nesse contexto, analisar as <strong>quest\u00f5es que ca\u00edram no \u00faltimo Concurso da C\u00e2mara dos Deputados<\/strong> torna-se um passo fundamental para quem deseja se preparar com efici\u00eancia para este novo edital. <\/p>\n\n\n\n<p>Estudar provas anteriores permite compreender o perfil de cobran\u00e7a do certame, al\u00e9m de identificar os temas mais recorrentes e avaliar o grau de complexidade das quest\u00f5es.<\/p>\n\n\n\n<p>Neste artigo voc\u00ea encontrar\u00e1 uma an\u00e1lise detalhada dos assuntos mais explorados no \u00faltimo certame, com foco em orientar sua prepara\u00e7\u00e3o e aumentar suas chances de aprova\u00e7\u00e3o.<\/p>\n\n\n\n<ul id=\"indice\" class=\"wp-block-list\">\n<li><a href=\"#questoes-analista\">Quest\u00f5es de Analista Legislativo \u2013 Processo Legislativo e Gest\u00e3o<\/a><\/li>\n\n\n\n<li><a href=\"#questoes-tecnico\">Quest\u00f5es de T\u00e9cnico Legislativo \u2013 Assistente Legislativo e Administrativo<\/a><\/li>\n<\/ul>\n\n\n\n<div class=\"container\" id=\"boxes\">\n  <div class=\"row\">\n\n    <div class=\"col-sm\">\n      <div class=\"banner-camaras\" id=\"box-assinatura\">\n        <h3 class=\"titulo-assinatura\">Concurso C\u00e2mara dos Deputados<\/h3>\n        <p class=\"subtitulo-assinatura\">Prepara\u00e7\u00e3o completa para a carreira!<\/p>\n        <div class=\"box-botao\">\n          <a class=\"btn-assinatura\" target=\"_blank\" href=\"https:\/\/www.estrategiaconcursos.com.br\/cursosPorConcurso\/camara-dos-deputados\/\" rel=\"noopener noreferrer\">EXPLORAR CURSOS<\/a>\n        <\/div>\n      <\/div>\n    \n    <\/div>\n\n  <\/div>\n<\/div>\n\n\n\n<h2 class=\"wp-block-heading\" id=\"questoes-analista\">Concurso C\u00e2mara dos Deputados: quest\u00f5es de Analista Legislativo \u2013 Processo Legislativo e Gest\u00e3o<\/h2>\n\n\n\n<p class=\"has-text-align-center\"><strong>Ano<\/strong>: 2023<br \/><strong>Banca<\/strong>: FGV<\/p>\n\n\n\n<p><strong>QUEST\u00c3O 1:<\/strong> A governan\u00e7a p\u00fablica \u00e9 um conjunto de mecanismos de\u00a0lideran\u00e7a, estrat\u00e9gia e controle para avaliar, orientar e\u00a0supervisionar a administra\u00e7\u00e3o, com o objetivo de conduzir\u00a0pol\u00edticas p\u00fablicas e fornecer servi\u00e7os de interesse da sociedade.\u00a0<\/p>\n\n\n\n<p>Sobre&nbsp;<em>governan\u00e7a p\u00fablica<\/em>, assinale a afirmativa correta.<\/p>\n\n\n\n<p>A) Os significados de &#8216;governan\u00e7a p\u00fablica<em>&#8216;<\/em>\u00a0e &#8216;gest\u00e3o p\u00fablica&#8217; s\u00e3o\u00a0equivalentes.<\/p>\n\n\n\n<p>B) A governan\u00e7a p\u00fablica parte do conflito do agente-principal.<\/p>\n\n\n\n<p>C) A governan\u00e7a p\u00fablica trata de problemas distintos da\u00a0governan\u00e7a corporativa.<\/p>\n\n\n\n<p>D) A governan\u00e7a p\u00fablica tem uma fun\u00e7\u00e3o realizadora.<\/p>\n\n\n\n<p>E) A gest\u00e3o p\u00fablica tem uma fun\u00e7\u00e3o direcionadora.<\/p>\n\n\n\n<details class=\"wp-block-details is-layout-flow wp-block-details-is-layout-flow\"><summary><strong>Resposta<\/strong><\/summary>\n<p><strong>B) <\/strong>A governan\u00e7a p\u00fablica parte do conflito do agente-principal.<\/p>\n<\/details>\n\n\n\n<hr class=\"wp-block-separator has-alpha-channel-opacity is-style-dots\"\/>\n\n\n\n<p><strong>QUEST\u00c3O 2<\/strong>: O modelo racional-legal de administra\u00e7\u00e3o conquistou um lugar de&nbsp;destaque na literatura que aborda as organiza\u00e7\u00f5es p\u00fablicas.&nbsp;Express\u00f5es como incentivos-contribui\u00e7\u00f5es, zonas de aceita\u00e7\u00e3o e&nbsp;satisfa\u00e7\u00e3o tornaram-se termos de refer\u00eancia no l\u00e9xico dos&nbsp;estudiosos contempor\u00e2neos da Administra\u00e7\u00e3o P\u00fablica.<\/p>\n\n\n\n<p>Segundo o modelo racional-legal de Administra\u00e7\u00e3o P\u00fablica,&nbsp;assinale a op\u00e7\u00e3o que apresenta corretamente o conceito de&nbsp;<em>racionalidade<\/em>.<\/p>\n\n\n\n<p>A) Reconhece a interdepend\u00eancia entre administra\u00e7\u00e3o e pol\u00edtica.<\/p>\n\n\n\n<p>B) Serve a prop\u00f3sitos razo\u00e1veis de ordem pol\u00edtica ou moral.<\/p>\n\n\n\n<p>C) Tem como objetivo maximizar a efici\u00eancia.<\/p>\n\n\n\n<p>D) Presume o autointeresse ao maximizar as pr\u00f3prias utilidades.<\/p>\n\n\n\n<p>E) Tem como valores a liberdade, a justi\u00e7a e a igualdade.<\/p>\n\n\n\n<details class=\"wp-block-details is-layout-flow wp-block-details-is-layout-flow\"><summary><strong>Resposta<\/strong><\/summary>\n<p><strong>C) <\/strong>Tem como objetivo maximizar a efici\u00eancia.<\/p>\n<\/details>\n\n\n\n<hr class=\"wp-block-separator has-alpha-channel-opacity is-style-dots\"\/>\n\n\n\n<p><strong>QUEST\u00c3O 3<\/strong>: Os estudiosos da administra\u00e7\u00e3o p\u00fablica exploram as diversas\u00a0dimens\u00f5es do modelo racional-legal, questionando suas\u00a0premissas sobre a natureza humana, as estruturas\u00a0organizacionais, as rela\u00e7\u00f5es interpessoais e as formas de\u00a0aquisi\u00e7\u00e3o de conhecimento.<\/p>\n\n\n\n<p>Sobre os modelos de Administra\u00e7\u00e3o P\u00fablica, assinale a op\u00e7\u00e3o que&nbsp;apresenta uma cr\u00edtica ao modelo racional-legal.&nbsp;<\/p>\n\n\n\n<p>A) N\u00e3o vincula adequadamente teoria e pr\u00e1tica.<\/p>\n\n\n\n<p>B) Privilegia a tradi\u00e7\u00e3o human\u00edstica.<\/p>\n\n\n\n<p>C) Compreende a aquisi\u00e7\u00e3o do conhecimento em sua totalidade.<\/p>\n\n\n\n<p>D) Contempla uma vis\u00e3o estrita da raz\u00e3o humana.<\/p>\n\n\n\n<p>E) Inspira-se na teoria pol\u00edtica democr\u00e1tica.<\/p>\n\n\n\n<details class=\"wp-block-details is-layout-flow wp-block-details-is-layout-flow\"><summary><strong>Resposta<\/strong><\/summary>\n<p><strong>A) <\/strong>N\u00e3o vincula adequadamente teoria e pr\u00e1tica.<\/p>\n<\/details>\n\n\n\n<hr class=\"wp-block-separator has-alpha-channel-opacity is-style-dots\"\/>\n\n\n\n<p><strong>QUEST\u00c3O 4<\/strong>: \u00c0 medida que a sociedade evolui e as demandas mudam, os governos muitas vezes adaptam suas abordagens de Administra\u00e7\u00e3o P\u00fablica para atender melhor \u00e0s necessidades dos cidad\u00e3os e ao contexto atual.<\/p>\n\n\n\n<p>Em rela\u00e7\u00e3o aos modelos de Administra\u00e7\u00e3o P\u00fablica, avalie se as afirmativas a seguir s\u00e3o verdadeiras (V) ou falsas (F).<\/p>\n\n\n\n<p>(&nbsp; ) O poder racional-legal \u00e9 o princ\u00edpio orientador para o desenvolvimento da administra\u00e7\u00e3o p\u00fablica burocr\u00e1tica.<\/p>\n\n\n\n<p>(&nbsp; ) A administra\u00e7\u00e3o p\u00fablica gerencial constitui a nega\u00e7\u00e3o de todos os princ\u00edpios na administra\u00e7\u00e3o p\u00fablica burocr\u00e1tica.<\/p>\n\n\n\n<p>(&nbsp; ) Na administra\u00e7\u00e3o p\u00fablica burocr\u00e1tica, os controles administrativos que visam a evitar a corrup\u00e7\u00e3o e o nepotismo s\u00e3o sempre formulados a priori.<\/p>\n\n\n\n<p>As afirmativas s\u00e3o, respectivamente,<\/p>\n\n\n\n<p>A) F \u2013 V \u2013 F<\/p>\n\n\n\n<p>B) V \u2013 F \u2013 V.<\/p>\n\n\n\n<p>C) F \u2013 F \u2013 F.<\/p>\n\n\n\n<p>D) V \u2013 F \u2013 F.<\/p>\n\n\n\n<p>E) V \u2013 V \u2013 V.<\/p>\n\n\n\n<details class=\"wp-block-details is-layout-flow wp-block-details-is-layout-flow\"><summary><strong>Resposta<\/strong><\/summary>\n<p><strong>B) <\/strong>V \u2013 F \u2013 V.<\/p>\n<\/details>\n\n\n\n<hr class=\"wp-block-separator has-alpha-channel-opacity is-style-dots\"\/>\n\n\n\n<p><strong>QUEST\u00c3O 5<\/strong>: Os indicadores de desempenho s\u00e3o fundamentais na gest\u00e3o de&nbsp;organiza\u00e7\u00f5es, fornecendo informa\u00e7\u00f5es quantitativas e&nbsp;qualitativas que auxiliam na avalia\u00e7\u00e3o do \u00eaxito e da efici\u00eancia da&nbsp;organiza\u00e7\u00e3o na realiza\u00e7\u00e3o de seus objetivos e metas.&nbsp;<\/p>\n\n\n\n<p>Sobre os<em>&nbsp;indicadores de desempenho<\/em>, assinale a afirmativa&nbsp;correta.&nbsp;<\/p>\n\n\n\n<p>A) O conhecimento das necessidades de acionistas \u00e9 uma\u00a0informa\u00e7\u00e3o de gest\u00e3o estrat\u00e9gica.<\/p>\n\n\n\n<p>B)\u00a0A defini\u00e7\u00e3o de metas de n\u00famero de entregas \u00e9 uma\u00a0informa\u00e7\u00e3o de\u00a0<em>stakeholders<\/em>.<\/p>\n\n\n\n<p>C) O conhecimento das necessidades dos clientes \u00e9 uma\u00a0informa\u00e7\u00e3o de processos da cadeia de valor.<\/p>\n\n\n\n<p>D) A defini\u00e7\u00e3o das metas de qualidade dos processos \u00e9 uma\u00a0informa\u00e7\u00e3o de\u00a0<em>stakeholders<\/em>.<\/p>\n\n\n\n<p>E) As fontes de informa\u00e7\u00f5es \u00fateis para indicadores s\u00e3o gest\u00e3o\u00a0estrat\u00e9gica,\u00a0<em>stakeholders\u00a0<\/em>e processos da cadeia de valor.<\/p>\n\n\n\n<details class=\"wp-block-details is-layout-flow wp-block-details-is-layout-flow\"><summary><strong>Resposta<\/strong><\/summary>\n<p><strong>E) <\/strong>As fontes de informa\u00e7\u00f5es \u00fateis para indicadores s\u00e3o gest\u00e3o\u00a0estrat\u00e9gica,\u00a0<em>stakeholders\u00a0<\/em>e processos da cadeia de valor.<\/p>\n<\/details>\n\n\n\n<hr class=\"wp-block-separator has-alpha-channel-opacity is-style-dots\"\/>\n\n\n\n<p><strong>QUEST\u00c3O 6<\/strong>: A imagem a seguir exibe o trecho de uma planilha Excel na qual foram carregados dados oriundos do resultado de uma busca na Internet, sobre o&nbsp;<em>ranking&nbsp;<\/em>de popula\u00e7\u00e3o de quatro pa\u00edses, \u00cdndia, China, Estados Unidos e Indon\u00e9sia.<\/p>\n\n\n\n<p>Na primeira linha, aparecem, em cada uma das tr\u00eas colunas, os t\u00edtulos \u201cPosi\u00e7\u00e3o\u201d, \u201cPa\u00eds (ou territ\u00f3rio independente)\u201d, e \u201cEstimativa da ONU\u201d. Nas demais linhas, aparecem na ordem, para cada pa\u00eds, o&nbsp;<em>ranking<\/em>, o nome e a estimativa de popula\u00e7\u00e3o.<\/p>\n\n\n\n<figure class=\"wp-block-image aligncenter is-resized\"><img decoding=\"async\" src=\"https:\/\/estrategia-prod-questoes.s3.amazonaws.com\/images\/C3F27484-3A8F-DA2F-8A1C-F92B015F1AD0\/C3F27484-3A8F-DA2F-8A1C-F92B015F1AD0-400.png\" alt=\"Quest\u00f5es do \u00faltimo Concurso C\u00e2mara dos Deputados\" style=\"aspect-ratio:2.9854227405247813;width:400px;height:auto\"\/><figcaption class=\"wp-element-caption\">Quest\u00f5es do \u00faltimo Concurso C\u00e2mara dos Deputados<\/figcaption><\/figure>\n\n\n\n<p>Os dados foram copiados com Ctrl+C da p\u00e1gina Web, colados num arquivo de texto (.txt) do&nbsp;<em>Bloco de Notas<\/em>, e carregados por meio da guia&nbsp;<em>Dados<\/em>, numa configura\u00e7\u00e3o&nbsp;<em>default<\/em>.<\/p>\n\n\n\n<p>Como se observa na figura, todas as letras com acentos est\u00e3o ileg\u00edveis, pois foram substitu\u00eddas por \u201ccaracteres inv\u00e1lidos\u201d, caracterizando uma ocorr\u00eancia que n\u00e3o \u00e9 rara nesse tipo de opera\u00e7\u00e3o.&nbsp;<\/p>\n\n\n\n<p>Assinale a op\u00e7\u00e3o que apresenta a causa desse problema.<\/p>\n\n\n\n<p>A) A codifica\u00e7\u00e3o dos caracteres gravados no arquivo era\u00a0diferente da codifica\u00e7\u00e3o esperada pelo Excel.<\/p>\n\n\n\n<p>B) A presen\u00e7a de um v\u00edrus, ou outra forma de intrus\u00e3o, que\u00a0contaminou a planilha.<\/p>\n\n\n\n<p>C) Uma falha na opera\u00e7\u00e3o de colagem no\u00a0<em>Bloco de Notas.<\/em><\/p>\n\n\n\n<p>D) Uma falha na opera\u00e7\u00e3o de c\u00f3pia diretamente da tela do\u00a0browser.<\/p>\n\n\n\n<p>E) Uma falha na opera\u00e7\u00e3o de importa\u00e7\u00e3o de dados de texto do\u00a0Excel.<\/p>\n\n\n\n<details class=\"wp-block-details is-layout-flow wp-block-details-is-layout-flow\"><summary><strong>Resposta<\/strong><\/summary>\n<p><strong>A) <\/strong>A codifica\u00e7\u00e3o dos caracteres gravados no arquivo era\u00a0diferente da codifica\u00e7\u00e3o esperada pelo Excel.<\/p>\n<\/details>\n\n\n\n<hr class=\"wp-block-separator has-alpha-channel-opacity is-style-dots\"\/>\n\n\n\n<p><strong>QUEST\u00c3O 7<\/strong>: Assinale a op\u00e7\u00e3o que apresenta a \u00fanica constru\u00e7\u00e3o que mostra&nbsp;<strong><em><u>erro<\/u><\/em><\/strong>&nbsp;de concord\u00e2ncia do verbo&nbsp;<em>haver<\/em>.<\/p>\n\n\n\n<p>A) Quantos anos haver\u00e1 que isso aconteceu?<\/p>\n\n\n\n<p>B) Quantos sobreviventes ainda h\u00e3o de haver por l\u00e1?<\/p>\n\n\n\n<p>C) Sempre ia \u00e0s confer\u00eancias que havia na escola.<\/p>\n\n\n\n<p>D) Nem todos h\u00e3o de chegar a tempo.<\/p>\n\n\n\n<p>E) Irei l\u00e1, haja as despesas que houver.<\/p>\n\n\n\n<details class=\"wp-block-details is-layout-flow wp-block-details-is-layout-flow\"><summary><strong>Resposta<\/strong><\/summary>\n<p><strong>B)<\/strong> Quantos sobreviventes ainda h\u00e3o de haver por l\u00e1?<\/p>\n<\/details>\n\n\n\n<hr class=\"wp-block-separator has-alpha-channel-opacity is-style-dots\"\/>\n\n\n\n<p><strong>QUEST\u00c3O 8<\/strong>: Em todas as op\u00e7\u00f5es a seguir h\u00e1 um exemplo do tipo de linguagem&nbsp;figurada colocada ao in\u00edcio.<\/p>\n\n\n\n<p>Assinale a frase em que esse exemplo est\u00e1 correto em rela\u00e7\u00e3o&nbsp;\u00e0 figura.&nbsp;<\/p>\n\n\n\n<p>A) <em>Sinestesia\u00a0<\/em>\u2013 De longe podia-se ouvir o p\u00e1lido ru\u00eddo das\u00a0manifesta\u00e7\u00f5es.<\/p>\n\n\n\n<p>B) <em><u>Paradoxo<\/u><\/em>\u00a0\u2013 Ningu\u00e9m ouviu os gritos da v\u00edtima, embora a\u00a0noite estivesse silenciosa.<\/p>\n\n\n\n<p>C) <em>Ironia\u00a0<\/em>\u2013 Quem dera os pol\u00edticos dessem mais aten\u00e7\u00e3o \u00e0s\u00a0reclama\u00e7\u00f5es dos eleitores.<\/p>\n\n\n\n<p>D) <em><u>Hip\u00e9rbole<\/u><\/em>\u00a0\u2013 A lua abriu, sobre as ondas, a sua cortina de\u00a0prata.<\/p>\n\n\n\n<p>E) <em><u>Eufemismo<\/u><\/em>\u00a0\u2013 Isso foi repetido mil vezes nas \u00faltimas elei\u00e7\u00f5es,\u00a0mas nada foi feito.<\/p>\n\n\n\n<details class=\"wp-block-details is-layout-flow wp-block-details-is-layout-flow\"><summary><strong>Resposta<\/strong><\/summary>\n<p><strong>A) <\/strong><em>Sinestesia\u00a0<\/em>\u2013 De longe podia-se ouvir o p\u00e1lido ru\u00eddo das\u00a0manifesta\u00e7\u00f5es.<\/p>\n<\/details>\n\n\n\n<hr class=\"wp-block-separator has-alpha-channel-opacity is-style-dots\"\/>\n\n\n\n<p><strong>QUEST\u00c3O 9<\/strong>: Matheus ingressou com pedido administrativo junto ao Minist\u00e9rio da Ci\u00eancia, Tecnologia e Inova\u00e7\u00e3o, com a exposi\u00e7\u00e3o dos fatos e de seus fundamentos. Nada obstante, ap\u00f3s a observ\u00e2ncia das formalidades legais, o pleito foi indeferido. Irresignado, Matheus, antes de ingressar com uma a\u00e7\u00e3o no seio do Poder Judici\u00e1rio, pretende recorrer da decis\u00e3o na esfera administrativa.&nbsp;<\/p>\n\n\n\n<p>Nesse cen\u00e1rio, considerando as disposi\u00e7\u00f5es da Lei n\u00ba 9.784\/1999, assinale a afirmativa correta.<\/p>\n\n\n\n<p>A) Se o recorrente alegar que a decis\u00e3o administrativa contraria enunciado de s\u00famula do Supremo Tribunal Federal ou do Superior Tribunal de Justi\u00e7a, caber\u00e1 \u00e0 autoridade prolatora da decis\u00e3o impugnada, se n\u00e3o a reconsiderar, explicitar, antes de encaminhar o recurso \u00e0 autoridade superior, as raz\u00f5es da aplicabilidade ou inaplicabilidade da s\u00famula.<\/p>\n\n\n\n<p>B) O recurso ser\u00e1 dirigido \u00e0 autoridade que proferiu a decis\u00e3o, a qual, se n\u00e3o a reconsiderar no prazo de dez dias, o encaminhar\u00e1 \u00e0 autoridade superior.<\/p>\n\n\n\n<p>C) Havendo justo receio de preju\u00edzo de dif\u00edcil ou incerta repara\u00e7\u00e3o decorrente da execu\u00e7\u00e3o, a autoridade recorrida ou a imediatamente superior poder\u00e1, de of\u00edcio ou a pedido, dar efeito suspensivo ao recurso.<\/p>\n\n\n\n<p>D) O recurso administrativo tramitar\u00e1 no m\u00e1ximo por duas\u00a0inst\u00e2ncias administrativas, salvo disposi\u00e7\u00e3o legal diversa.<\/p>\n\n\n\n<p>E) A interposi\u00e7\u00e3o de recurso administrativo, salvo exig\u00eancia\u00a0legal, imprescinde de cau\u00e7\u00e3o.<\/p>\n\n\n\n<details class=\"wp-block-details is-layout-flow wp-block-details-is-layout-flow\"><summary><strong>Resposta<\/strong><\/summary>\n<p><strong>C) <\/strong>Havendo justo receio de preju\u00edzo de dif\u00edcil ou incerta repara\u00e7\u00e3o decorrente da execu\u00e7\u00e3o, a autoridade recorrida ou a imediatamente superior poder\u00e1, de of\u00edcio ou a pedido, dar efeito suspensivo ao recurso.<\/p>\n<\/details>\n\n\n\n<hr class=\"wp-block-separator has-alpha-channel-opacity is-style-dots\"\/>\n\n\n\n<p><strong>QUEST\u00c3O 10<\/strong>: Observe o seguinte caso hipot\u00e9tico: Jo\u00e3o, Presidente da Rep\u00fablica foi acusado da pr\u00e1tica de crime de responsabilidade, por incorrer em condutas que alegadamente atentaram contra a seguran\u00e7a interna do Pa\u00eds.&nbsp;<\/p>\n\n\n\n<p>Sobre a situa\u00e7\u00e3o descrita, \u00e0 luz da sistem\u00e1tica estabelecida na Constitui\u00e7\u00e3o da Rep\u00fablica\/88, assinale a afirmativa correta.<\/p>\n\n\n\n<p>A) O Chefe do Poder Executivo ficar\u00e1 afastado de suas fun\u00e7\u00f5es a partir da admiss\u00e3o da acusa\u00e7\u00e3o por dois ter\u00e7os da C\u00e2mara dos Deputados.<\/p>\n\n\n\n<p>B) Caso o Chefe do Poder Executivo sofra a san\u00e7\u00e3o de inabilita\u00e7\u00e3o, ter\u00e1, em sua esfera jur\u00eddica, restri\u00e7\u00f5es inferiores \u00e0quelas afetas \u00e0 inelegibilidade.<\/p>\n\n\n\n<p>C) Caso o Chefe do Poder Executivo sofra a san\u00e7\u00e3o de inabilita\u00e7\u00e3o, ter\u00e1, em sua esfera jur\u00eddica, restri\u00e7\u00f5es id\u00eanticas \u00e0 suspens\u00e3o dos direitos pol\u00edticos.<\/p>\n\n\n\n<p>D) A similitude do procedimento adotado, em rela\u00e7\u00e3o ao julgamento por infra\u00e7\u00f5es penais comuns, restringe-se \u00e0 admiss\u00e3o da acusa\u00e7\u00e3o pela C\u00e2mara dos Deputados.<\/p>\n\n\n\n<p>E) A tipologia legal do il\u00edcito que foi imputado ao Chefe do Poder Executivo alcan\u00e7a tanto as condutas praticadas em momento anterior, como em momento posterior \u00e0 assun\u00e7\u00e3o do cargo.<\/p>\n\n\n\n<details class=\"wp-block-details is-layout-flow wp-block-details-is-layout-flow\"><summary><strong>Resposta<\/strong><\/summary>\n<p><strong>D) <\/strong>A similitude do procedimento adotado, em rela\u00e7\u00e3o ao julgamento por infra\u00e7\u00f5es penais comuns, restringe-se \u00e0 admiss\u00e3o da acusa\u00e7\u00e3o pela C\u00e2mara dos Deputados.<\/p>\n<\/details>\n\n\n\n<hr class=\"wp-block-separator has-alpha-channel-opacity is-style-default\"\/>\n\n\n\n<hr class=\"wp-block-separator has-alpha-channel-opacity is-style-default\"\/>\n\n\n\n<h2 class=\"wp-block-heading\" id=\"questoes-tecnico\">Concurso C\u00e2mara dos Deputados: quest\u00f5es de T\u00e9cnico Legislativo \u2013 Assistente Legislativo e Administrativo<\/h2>\n\n\n\n<p class=\"has-text-align-center\"><strong>Ano<\/strong>: 2007<br \/><strong>Banca<\/strong>: FCC<\/p>\n\n\n\n<p><strong>QUEST\u00c3O 1:<\/strong> A transfer\u00eancia e o recolhimento de documentos de arquivo, de acordo com seu ciclo de vida, sucedem as opera\u00e7\u00f5es de<\/p>\n\n\n\n<p>A) descri\u00e7\u00e3o.<\/p>\n\n\n\n<p>B) avalia\u00e7\u00e3o.<\/p>\n\n\n\n<p>C) nota\u00e7\u00e3o.<\/p>\n\n\n\n<p>D) automa\u00e7\u00e3o.<\/p>\n\n\n\n<p>E) arranjo.<\/p>\n\n\n\n<details class=\"wp-block-details is-layout-flow wp-block-details-is-layout-flow\"><summary><strong>Resposta<\/strong><\/summary>\n<p><strong>B)<\/strong> avalia\u00e7\u00e3o.<\/p>\n<\/details>\n\n\n\n<hr class=\"wp-block-separator has-alpha-channel-opacity is-style-dots\"\/>\n\n\n\n<p><strong>QUEST\u00c3O 2<\/strong>: No dia 27 de fevereiro, Dick Cheney, vice-presidente do EUA, escapou ileso de um ataque terrorista assumido pelo Taleban. Cheney n\u00e3o estava no local na hora da a\u00e7\u00e3o suicida contra a base a\u00e9rea de Bagram, a 60 km de Cabul, segundo as ag\u00eancias de not\u00edcia. O mul\u00e1 Hayat Khan, porta-voz do Taleban declarou, por telefone, que o alvo era o pol\u00edtico norte-americano. O Taleban \u00e9<\/p>\n\n\n\n<p>A) uma religi\u00e3o derivada do islamismo.<\/p>\n\n\n\n<p>B) o bra\u00e7o armado do grupo Al-Qaeda.<\/p>\n\n\n\n<p>C) um aliado do Al Fathat no governo do Ir\u00e3.<\/p>\n\n\n\n<p>D) o partido do ex-presidente Saddam Hussein.<\/p>\n\n\n\n<p>E) uma mil\u00edcia fundamentalista isl\u00e2mica.<\/p>\n\n\n\n<details class=\"wp-block-details is-layout-flow wp-block-details-is-layout-flow\"><summary><strong>Resposta<\/strong><\/summary>\n<p><strong>E)<\/strong> uma mil\u00edcia fundamentalista isl\u00e2mica.<\/p>\n<\/details>\n\n\n\n<hr class=\"wp-block-separator has-alpha-channel-opacity is-style-dots\"\/>\n\n\n\n<p><strong>QUEST\u00c3O 3<\/strong>: Os cr\u00e9ditos adicionais extraordin\u00e1rios<\/p>\n\n\n\n<p>A) devem ser autorizados por lei.<\/p>\n\n\n\n<p>B) independem da pr\u00e9via exist\u00eancia de recursos para custe\u00e1-los.<\/p>\n\n\n\n<p>C) podem ser autorizados na pr\u00f3pria lei or\u00e7ament\u00e1ria.<\/p>\n\n\n\n<p>D) destinam-se ao atendimento de despesas imprevistas, mas sem car\u00e1ter de urg\u00eancia.<\/p>\n\n\n\n<p>E) destinam-se ao refor\u00e7o de dota\u00e7\u00e3o j\u00e1 existente no or\u00e7amento em vigor.<\/p>\n\n\n\n<details class=\"wp-block-details is-layout-flow wp-block-details-is-layout-flow\"><summary><strong>Resposta<\/strong><\/summary>\n<p><strong>B)<\/strong> independem da pr\u00e9via exist\u00eancia de recursos para custe\u00e1-los.<\/p>\n<\/details>\n\n\n\n<hr class=\"wp-block-separator has-alpha-channel-opacity is-style-dots\"\/>\n\n\n\n<p><strong>QUEST\u00c3O 4<\/strong>: No Brasil, pertencem ao exerc\u00edcio financeiro, que coincide com o ano civil,<\/p>\n\n\n\n<p>A) os tributos nele efetivamente lan\u00e7ados.<\/p>\n\n\n\n<p>B) as receitas nele efetivamente arrecadadas.<\/p>\n\n\n\n<p>C) as receitas a ele relativas, ainda que n\u00e3o arrecadadas.<\/p>\n\n\n\n<p>D) as despesas legalmente empenhadas e pagas em seu decorrer.<\/p>\n\n\n\n<p>E) as despesas pagas em seu decorrer.<\/p>\n\n\n\n<details class=\"wp-block-details is-layout-flow wp-block-details-is-layout-flow\"><summary><strong>Resposta<\/strong><\/summary>\n<p><strong>B)<\/strong> as receitas nele efetivamente arrecadadas.<\/p>\n<\/details>\n\n\n\n<hr class=\"wp-block-separator has-alpha-channel-opacity is-style-dots\"\/>\n\n\n\n<p><strong>QUEST\u00c3O 5<\/strong>: Na Lei Or\u00e7ament\u00e1ria Anual do Governo Federal est\u00e3o estimadas as receitas e despesas referentes aos or\u00e7amentos:<\/p>\n\n\n\n<p>A) das empresas estatais, monet\u00e1rio e fiscal.<\/p>\n\n\n\n<p>B) monet\u00e1rio, fiscal e de investimentos.<\/p>\n\n\n\n<p>C) monet\u00e1rio, fiscal e da seguridade social.<\/p>\n\n\n\n<p>D) fiscal, da seguridade social e de investimentos.<\/p>\n\n\n\n<p>E) das empresas estatais e monet\u00e1rio.<\/p>\n\n\n\n<details class=\"wp-block-details is-layout-flow wp-block-details-is-layout-flow\"><summary><strong>Resposta<\/strong><\/summary>\n<p><strong>D) <\/strong>fiscal, da seguridade social e de investimentos.<\/p>\n<\/details>\n\n\n\n<hr class=\"wp-block-separator has-alpha-channel-opacity is-style-dots\"\/>\n\n\n\n<p><strong>QUEST\u00c3O 6<\/strong>: Considere a seguinte distribui\u00e7\u00e3o de materiais no estoque:<\/p>\n\n\n\n<figure class=\"wp-block-image aligncenter\"><img decoding=\"async\" src=\"https:\/\/estrategia-prod-questoes.s3-sa-east-1.amazonaws.com\/images\/6A7E194D-2001-086A-8E28-40A46E65CB3D\/6A7E194D-2001-086A-8E28-40A46E65CB3D-400.png\" alt=\"Quest\u00f5es do \u00faltimo Concurso C\u00e2mara dos Deputados\"\/><figcaption class=\"wp-element-caption\">Quest\u00f5es do \u00faltimo Concurso C\u00e2mara dos Deputados<\/figcaption><\/figure>\n\n\n\n<p>Tendo em vista o conceito de classifica\u00e7\u00e3o ABC, classificam-se como A APENAS os itens<\/p>\n\n\n\n<p>A) 123 e 124.<\/p>\n\n\n\n<p>B) 124 e 125.<\/p>\n\n\n\n<p>C) 123, 124 e 125.<\/p>\n\n\n\n<p>D) 131 e 132.<\/p>\n\n\n\n<p>E) 123, 124, 125 e 126.<\/p>\n\n\n\n<details class=\"wp-block-details is-layout-flow wp-block-details-is-layout-flow\"><summary><strong>Resposta<\/strong><\/summary>\n<p><strong>C) <\/strong>123, 124 e 125.<\/p>\n<\/details>\n\n\n\n<hr class=\"wp-block-separator has-alpha-channel-opacity is-style-dots\"\/>\n\n\n\n<p><strong>QUEST\u00c3O 7<\/strong>: Considere as etapas abaixo descritas, referentes ao processo de compras de materiais:<\/p>\n\n\n\n<p>I. cota\u00e7\u00e3o de pre\u00e7os;<\/p>\n\n\n\n<p>II. seguimento de compra;<\/p>\n\n\n\n<p>III. baixa de pedidos;<\/p>\n\n\n\n<p>IV. pedido de compra;<\/p>\n\n\n\n<p>V. requisi\u00e7\u00e3o de materiais;<\/p>\n\n\n\n<p>VI. cadastramento de fornecedores;<\/p>\n\n\n\n<p>VII. desenvolvimento de fornecedores;<\/p>\n\n\n\n<p>VIII. escolha do fornecedor.<\/p>\n\n\n\n<p>A seq\u00fc\u00eancia correta das etapas ocorre em:<\/p>\n\n\n\n<p>A) I, VII, V, VI, VIII, IV, II, III.<\/p>\n\n\n\n<p>B) I, VII, VIII, VI, V, II, III, IV.<\/p>\n\n\n\n<p>C) V, VII, VI, I, VIII, IV, II, III.<\/p>\n\n\n\n<p>D) VII, VI, V, I, VIII, IV, III, II.<\/p>\n\n\n\n<p>E) VII, VI, V, I, VIII, IV, II, III.<\/p>\n\n\n\n<details class=\"wp-block-details is-layout-flow wp-block-details-is-layout-flow\"><summary><strong>Resposta<\/strong><\/summary>\n<p><strong>E)<\/strong> VII, VI, V, I, VIII, IV, II, III.<\/p>\n<\/details>\n\n\n\n<hr class=\"wp-block-separator has-alpha-channel-opacity is-style-dots\"\/>\n\n\n\n<p><strong>QUEST\u00c3O 8<\/strong>: A organiza\u00e7\u00e3o informal compreende os grupos, normas, cultura, percep\u00e7\u00f5es e sentimentos em rela\u00e7\u00e3o \u00e0 realidade objetiva da organiza\u00e7\u00e3o formal. O produto dos sentimentos individuais e grupais em rela\u00e7\u00e3o a esta realidade denomina-se<\/p>\n\n\n\n<p>A) cultura organizacional.<\/p>\n\n\n\n<p>B) clima organizacional.<\/p>\n\n\n\n<p>C) desenvolvimento organizacional.<\/p>\n\n\n\n<p>D) individualidade dos sentimentos.<\/p>\n\n\n\n<p>E) identidade da cultura.<\/p>\n\n\n\n<details class=\"wp-block-details is-layout-flow wp-block-details-is-layout-flow\"><summary><strong>Resposta<\/strong><\/summary>\n<p><strong>B) <\/strong>clima organizacional.<\/p>\n<\/details>\n\n\n\n<hr class=\"wp-block-separator has-alpha-channel-opacity is-style-dots\"\/>\n\n\n\n<p><strong>QUEST\u00c3O 9<\/strong>: Dentre os fatores que concorrem para a conserva\u00e7\u00e3o preventiva de documentos \u00e9 correto citar<\/p>\n\n\n\n<p>A) a exposi\u00e7\u00e3o \u00e0 luz natural.<\/p>\n\n\n\n<p>B) o emprego de solventes e cera na limpeza dos pisos.<\/p>\n\n\n\n<p>C) a plastifica\u00e7\u00e3o das folhas avulsas.<\/p>\n\n\n\n<p>D) a aplica\u00e7\u00e3o de fita adesiva nas \u00e1reas mutiladas do papel.<\/p>\n\n\n\n<p>E) o monitoramento da temperatura e da umidade relativa do ar.<\/p>\n\n\n\n<details class=\"wp-block-details is-layout-flow wp-block-details-is-layout-flow\"><summary><strong>Resposta<\/strong><\/summary>\n<p><strong>E) <\/strong>o monitoramento da temperatura e da umidade relativa do ar.<\/p>\n<\/details>\n\n\n\n<hr class=\"wp-block-separator has-alpha-channel-opacity is-style-dots\"\/>\n\n\n\n<p><strong>QUEST\u00c3O 10<\/strong>: Lei, portaria de nomea\u00e7\u00e3o, impresso, folha, documento textual e papel s\u00e3o, respectivamente, exemplos de<\/p>\n\n\n\n<p>A) esp\u00e9cie, tipo, t\u00e9cnica de registro, formato, g\u00eanero e suporte.<\/p>\n\n\n\n<p>B) fundo, grupo, subgrupo, s\u00e9rie, subs\u00e9rie e item documental.<\/p>\n\n\n\n<p>C) tipo, esp\u00e9cie, g\u00eanero, forma, s\u00e9rie e suporte.<\/p>\n\n\n\n<p>D) t\u00e9cnica de registro, forma, g\u00eanero, formato, tipo e esp\u00e9cie.<\/p>\n\n\n\n<p>E) s\u00e9rie, item documental, formato, suporte, tipo e g\u00eanero.<\/p>\n\n\n\n<details class=\"wp-block-details is-layout-flow wp-block-details-is-layout-flow\"><summary><strong>Resposta<\/strong><\/summary>\n<p><strong>A) <\/strong>esp\u00e9cie, tipo, t\u00e9cnica de registro, formato, g\u00eanero e suporte.<\/p>\n<\/details>\n\n\n\n<hr class=\"wp-block-separator has-alpha-channel-opacity is-style-default\"\/>\n\n\n\n<hr class=\"wp-block-separator has-alpha-channel-opacity\"\/>\n\n\n\n<p class=\"has-text-align-center has-very-light-gray-to-cyan-bluish-gray-gradient-background has-background\" style=\"font-size:clamp(15.197px, 0.95rem + ((1vw - 3.2px) * 0.765), 23px);\"><strong>Saiba mais: <a href=\"https:\/\/www.estrategiaconcursos.com.br\/blog\/concurso-camara-dos-deputados\/\" target=\"_blank\" rel=\"noreferrer noopener\">Concurso C\u00e2mara dos Deputados 2026<\/a><\/strong><\/p>\n\n\n\n<h2 class=\"wp-block-heading has-text-align-center\" id=\"h-quer-saber-tudo-sobre-concursos-previstos-confira-nossos-artigos\">Quer saber tudo sobre concursos previstos?<br \/>Confira nossos artigos!<\/h2>\n\n\n\n<ul class=\"wp-block-list\">\n<li><a href=\"https:\/\/www.estrategiaconcursos.com.br\/blog\/concursos-area-legislativa\/\" target=\"_blank\" rel=\"noreferrer noopener\">Concursos legislativos<\/a><\/li>\n\n\n\n<li><a href=\"https:\/\/www.estrategiaconcursos.com.br\/blog\/concursos-abertos\/\" target=\"_blank\" rel=\"noreferrer noopener\">Concursos abertos<\/a><\/li>\n\n\n\n<li><a href=\"https:\/\/www.estrategiaconcursos.com.br\/blog\/concursos-2026\/\" target=\"_blank\" rel=\"noreferrer noopener\">Concursos 2026<\/a><\/li>\n<\/ul>\n\n\n\n<h2 class=\"wp-block-heading has-text-align-center\" id=\"cursos\">Quer estudar para o concurso da C\u00e2mara dos Deputados?<\/h2>\n\n\n\n<div class=\"container\" id=\"boxes\">\n  <div class=\"row\">\n\n    <div class=\"col-sm\">\n      <div class=\"banner-camaras\" id=\"box-assinatura\">\n        <h3 class=\"titulo-assinatura\">Concurso C\u00e2mara dos Deputados<\/h3>\n        <p class=\"subtitulo-assinatura\">Prepara\u00e7\u00e3o completa para a carreira!<\/p>\n        <div class=\"box-botao\">\n          <a class=\"btn-assinatura\" target=\"_blank\" href=\"https:\/\/www.estrategiaconcursos.com.br\/cursosPorConcurso\/camara-dos-deputados\/\" rel=\"noopener noreferrer\">EXPLORAR CURSOS<\/a>\n        <\/div>\n      <\/div>\n    \n    <\/div>\n\n  <\/div>\n<\/div>\n\n\n\n<div class=\"container\" id=\"boxes\">\n  <div class=\"row\">\n\n    <div class=\"col-sm\">\n      <div class=\"estrategia\" id=\"box-assinatura\">\n        <h3 class=\"titulo-assinatura\">Assinatura Concursos<\/h3>\n        <p class=\"subtitulo-assinatura\">Assinatura de 1 ano ou 2 anos<\/p>\n        <div class=\"box-botao\">\n          <a class=\"btn-assinatura\" target=\"_blank\" href=\"https:\/\/www.estrategiaconcursos.com.br\/assinaturas\/\" role=\"button\" rel=\"noopener noreferrer\">ASSINE AGORA<\/a>\n        <\/div>\n      <\/div>\n     \n    <\/div><\/div><\/div>\n\n\n\n<p><\/p>\n","protected":false},"excerpt":{"rendered":"<p>Confira as quest\u00f5es que ca\u00edram no \u00faltimo concurso da C\u00e2mara dos Deputados para os cargos de Analista Legislativo (Processo Legislativo e Gest\u00e3o) e T\u00e9cnico Legislativo (Assistente Legislativo e Administrativo) Com edital na pra\u00e7a, o novo concurso p\u00fablico da C\u00e2mara dos Deputados desperta grande interesse dos candidatos Esse destaque n\u00e3o se deve apenas pelo excelente sal\u00e1rio [&hellip;]<\/p>\n","protected":false},"author":1206,"featured_media":1271792,"comment_status":"open","ping_status":"closed","sticky":false,"template":"","format":"standard","meta":{"post_tipo":"news","footnotes":""},"categories":[2017,220219],"tags":[],"tax_estado":[219963],"class_list":["post-1702954","post","type-post","status-publish","format-standard","has-post-thumbnail","hentry","category-concursos-legislativos","category-noticias","tax_estado-concursos-federais"],"acf":[],"yoast_head":"<!-- This site is optimized with the Yoast SEO Premium plugin v27.2 (Yoast SEO v27.2) - https:\/\/yoast.com\/product\/yoast-seo-premium-wordpress\/ -->\n<title>Quest\u00f5es que ca\u00edram no \u00faltimo Concurso C\u00e2mara dos Deputados<\/title>\n<meta name=\"description\" content=\"Confira as quest\u00f5es que ca\u00edram no \u00faltimo concurso da C\u00e2mara dos Deputados para os cargos de Analista Legislativo e T\u00e9cnico Legislativo!\" \/>\n<meta name=\"robots\" content=\"index, follow, max-snippet:-1, max-image-preview:large, max-video-preview:-1\" \/>\n<link rel=\"canonical\" href=\"https:\/\/www.estrategiaconcursos.com.br\/blog\/questoes-que-cairam-ultimo-concurso-camara-deputados\/\" \/>\n<meta property=\"og:locale\" content=\"pt_BR\" \/>\n<meta property=\"og:type\" content=\"article\" \/>\n<meta property=\"og:title\" content=\"Quest\u00f5es que ca\u00edram no \u00faltimo Concurso C\u00e2mara dos Deputados\" \/>\n<meta property=\"og:description\" content=\"Confira as quest\u00f5es que ca\u00edram no \u00faltimo concurso da C\u00e2mara dos Deputados para os cargos de Analista Legislativo e T\u00e9cnico Legislativo!\" \/>\n<meta property=\"og:url\" content=\"https:\/\/www.estrategiaconcursos.com.br\/blog\/questoes-que-cairam-ultimo-concurso-camara-deputados\/\" \/>\n<meta property=\"og:site_name\" content=\"Estrat\u00e9gia Concursos\" \/>\n<meta property=\"article:published_time\" content=\"2026-01-23T18:32:00+00:00\" \/>\n<meta property=\"og:image\" content=\"https:\/\/dhg1h5j42swfq.cloudfront.net\/2023\/08\/31111618\/concurso-camara-dos-deputados.jpg\" \/>\n\t<meta property=\"og:image:width\" content=\"768\" \/>\n\t<meta property=\"og:image:height\" content=\"432\" \/>\n\t<meta property=\"og:image:type\" content=\"image\/jpeg\" \/>\n<meta name=\"author\" content=\"Bruna de Andrade Fran\u00e7a\" \/>\n<meta name=\"twitter:card\" content=\"summary_large_image\" \/>\n<meta name=\"twitter:creator\" content=\"@EstratConcursos\" \/>\n<meta name=\"twitter:site\" content=\"@EstratConcursos\" \/>\n<meta name=\"twitter:label1\" content=\"Escrito por\" \/>\n\t<meta name=\"twitter:data1\" content=\"Bruna de Andrade Fran\u00e7a\" \/>\n\t<meta name=\"twitter:label2\" content=\"Est. tempo de leitura\" \/>\n\t<meta name=\"twitter:data2\" content=\"14 minutos\" \/>\n<script type=\"application\/ld+json\" class=\"yoast-schema-graph\">{\"@context\":\"https:\/\/schema.org\",\"@graph\":[{\"@type\":\"NewsArticle\",\"@id\":\"https:\/\/www.estrategiaconcursos.com.br\/blog\/questoes-que-cairam-ultimo-concurso-camara-deputados\/#article\",\"isPartOf\":{\"@id\":\"https:\/\/www.estrategiaconcursos.com.br\/blog\/questoes-que-cairam-ultimo-concurso-camara-deputados\/\"},\"author\":{\"name\":\"Bruna de Andrade Fran\u00e7a\",\"@id\":\"https:\/\/www.estrategiaconcursos.com.br\/blog\/#\/schema\/person\/6630f91134abc08115cca62ce6372855\"},\"headline\":\"Quest\u00f5es que ca\u00edram no \u00faltimo Concurso C\u00e2mara dos Deputados\",\"datePublished\":\"2026-01-23T18:32:00+00:00\",\"mainEntityOfPage\":{\"@id\":\"https:\/\/www.estrategiaconcursos.com.br\/blog\/questoes-que-cairam-ultimo-concurso-camara-deputados\/\"},\"wordCount\":2796,\"commentCount\":0,\"publisher\":{\"@id\":\"https:\/\/www.estrategiaconcursos.com.br\/blog\/#organization\"},\"image\":{\"@id\":\"https:\/\/www.estrategiaconcursos.com.br\/blog\/questoes-que-cairam-ultimo-concurso-camara-deputados\/#primaryimage\"},\"thumbnailUrl\":\"https:\/\/dhg1h5j42swfq.cloudfront.net\/2023\/08\/31111618\/concurso-camara-dos-deputados.jpg\",\"articleSection\":[\"Legislativo\",\"\u00daltimas not\u00edcias\"],\"inLanguage\":\"pt-BR\",\"potentialAction\":[{\"@type\":\"CommentAction\",\"name\":\"Comment\",\"target\":[\"https:\/\/www.estrategiaconcursos.com.br\/blog\/questoes-que-cairam-ultimo-concurso-camara-deputados\/#respond\"]}],\"copyrightYear\":\"2026\",\"copyrightHolder\":{\"@id\":\"https:\/\/www.estrategiaconcursos.com.br\/blog\/#organization\"}},{\"@type\":\"WebPage\",\"@id\":\"https:\/\/www.estrategiaconcursos.com.br\/blog\/questoes-que-cairam-ultimo-concurso-camara-deputados\/\",\"url\":\"https:\/\/www.estrategiaconcursos.com.br\/blog\/questoes-que-cairam-ultimo-concurso-camara-deputados\/\",\"name\":\"Quest\u00f5es que ca\u00edram no \u00faltimo Concurso C\u00e2mara dos Deputados\",\"isPartOf\":{\"@id\":\"https:\/\/www.estrategiaconcursos.com.br\/blog\/#website\"},\"primaryImageOfPage\":{\"@id\":\"https:\/\/www.estrategiaconcursos.com.br\/blog\/questoes-que-cairam-ultimo-concurso-camara-deputados\/#primaryimage\"},\"image\":{\"@id\":\"https:\/\/www.estrategiaconcursos.com.br\/blog\/questoes-que-cairam-ultimo-concurso-camara-deputados\/#primaryimage\"},\"thumbnailUrl\":\"https:\/\/dhg1h5j42swfq.cloudfront.net\/2023\/08\/31111618\/concurso-camara-dos-deputados.jpg\",\"datePublished\":\"2026-01-23T18:32:00+00:00\",\"description\":\"Confira as quest\u00f5es que ca\u00edram no \u00faltimo concurso da C\u00e2mara dos Deputados para os cargos de Analista Legislativo e T\u00e9cnico Legislativo!\",\"breadcrumb\":{\"@id\":\"https:\/\/www.estrategiaconcursos.com.br\/blog\/questoes-que-cairam-ultimo-concurso-camara-deputados\/#breadcrumb\"},\"inLanguage\":\"pt-BR\",\"potentialAction\":[{\"@type\":\"ReadAction\",\"target\":[\"https:\/\/www.estrategiaconcursos.com.br\/blog\/questoes-que-cairam-ultimo-concurso-camara-deputados\/\"]}]},{\"@type\":\"ImageObject\",\"inLanguage\":\"pt-BR\",\"@id\":\"https:\/\/www.estrategiaconcursos.com.br\/blog\/questoes-que-cairam-ultimo-concurso-camara-deputados\/#primaryimage\",\"url\":\"https:\/\/dhg1h5j42swfq.cloudfront.net\/2023\/08\/31111618\/concurso-camara-dos-deputados.jpg\",\"contentUrl\":\"https:\/\/dhg1h5j42swfq.cloudfront.net\/2023\/08\/31111618\/concurso-camara-dos-deputados.jpg\",\"width\":768,\"height\":432,\"caption\":\"Concurso C\u00e2mara dos Deputados\"},{\"@type\":\"BreadcrumbList\",\"@id\":\"https:\/\/www.estrategiaconcursos.com.br\/blog\/questoes-que-cairam-ultimo-concurso-camara-deputados\/#breadcrumb\",\"itemListElement\":[{\"@type\":\"ListItem\",\"position\":1,\"name\":\"In\u00edcio\",\"item\":\"https:\/\/www.estrategiaconcursos.com.br\/blog\/\"},{\"@type\":\"ListItem\",\"position\":2,\"name\":\"Quest\u00f5es que ca\u00edram no \u00faltimo Concurso C\u00e2mara dos Deputados\"}]},{\"@type\":\"WebSite\",\"@id\":\"https:\/\/www.estrategiaconcursos.com.br\/blog\/#website\",\"url\":\"https:\/\/www.estrategiaconcursos.com.br\/blog\/\",\"name\":\"Estrat\u00e9gia Concursos\",\"description\":\"O blog da Estrat\u00e9gia Concursos traz not\u00edcias sobre concursos e artigos de professores oferecendo cursos para concursos (pdf + videaulas) no site.\",\"publisher\":{\"@id\":\"https:\/\/www.estrategiaconcursos.com.br\/blog\/#organization\"},\"potentialAction\":[{\"@type\":\"SearchAction\",\"target\":{\"@type\":\"EntryPoint\",\"urlTemplate\":\"https:\/\/www.estrategiaconcursos.com.br\/blog\/?s={search_term_string}\"},\"query-input\":{\"@type\":\"PropertyValueSpecification\",\"valueRequired\":true,\"valueName\":\"search_term_string\"}}],\"inLanguage\":\"pt-BR\"},{\"@type\":\"Organization\",\"@id\":\"https:\/\/www.estrategiaconcursos.com.br\/blog\/#organization\",\"name\":\"Estrat\u00e9gia Concursos\",\"url\":\"https:\/\/www.estrategiaconcursos.com.br\/blog\/\",\"logo\":{\"@type\":\"ImageObject\",\"inLanguage\":\"pt-BR\",\"@id\":\"https:\/\/www.estrategiaconcursos.com.br\/blog\/#\/schema\/logo\/image\/\",\"url\":\"https:\/\/dhg1h5j42swfq.cloudfront.net\/2025\/06\/03203428\/logo_concursos-1.jpg\",\"contentUrl\":\"https:\/\/dhg1h5j42swfq.cloudfront.net\/2025\/06\/03203428\/logo_concursos-1.jpg\",\"width\":230,\"height\":60,\"caption\":\"Estrat\u00e9gia Concursos\"},\"image\":{\"@id\":\"https:\/\/www.estrategiaconcursos.com.br\/blog\/#\/schema\/logo\/image\/\"},\"sameAs\":[\"https:\/\/x.com\/EstratConcursos\"]},{\"@type\":\"Person\",\"@id\":\"https:\/\/www.estrategiaconcursos.com.br\/blog\/#\/schema\/person\/6630f91134abc08115cca62ce6372855\",\"name\":\"Bruna de Andrade Fran\u00e7a\",\"image\":{\"@type\":\"ImageObject\",\"inLanguage\":\"pt-BR\",\"@id\":\"https:\/\/secure.gravatar.com\/avatar\/d6316d36d50cea0fadae28ed3015b8870cc90a2d3d8a95c37b44006af36a00e3?s=96&d=mm&r=g\",\"url\":\"https:\/\/secure.gravatar.com\/avatar\/d6316d36d50cea0fadae28ed3015b8870cc90a2d3d8a95c37b44006af36a00e3?s=96&d=mm&r=g\",\"contentUrl\":\"https:\/\/secure.gravatar.com\/avatar\/d6316d36d50cea0fadae28ed3015b8870cc90a2d3d8a95c37b44006af36a00e3?s=96&d=mm&r=g\",\"caption\":\"Bruna de Andrade Fran\u00e7a\"},\"description\":\"Bruna de Andrade Fran\u00e7a \u00e9 publicit\u00e1ria com p\u00f3s-gradua\u00e7\u00e3o em Marketing &amp; Growth, atuando h\u00e1 mais de 6 anos no universo dos concursos p\u00fablicos. Desde 2021, lidera no Blog do Estrat\u00e9gia Concursos a cobertura editorial especializada em Concursos Policiais (PF, PRF, PM, PC, etc.), al\u00e9m das frentes de concursos banc\u00e1rios, de sa\u00fade e da \u00e1rea legislativa. Especialista em reda\u00e7\u00e3o, com pr\u00e1ticas de SEO e Copywriting, possui tamb\u00e9m atua\u00e7\u00e3o pr\u00e1tica de contato direto com \u00f3rg\u00e3os p\u00fablicos respons\u00e1veis por editais, permitindo acesso antecipado a informa\u00e7\u00f5es, desdobramentos importantes e atualiza\u00e7\u00e3o eficiente dos concursos p\u00fablicos.\",\"url\":\"https:\/\/www.estrategiaconcursos.com.br\/blog\/author\/bruna-andrade\/\"}]}<\/script>\n<!-- \/ Yoast SEO Premium plugin. -->","yoast_head_json":{"title":"Quest\u00f5es que ca\u00edram no \u00faltimo Concurso C\u00e2mara dos Deputados","description":"Confira as quest\u00f5es que ca\u00edram no \u00faltimo concurso da C\u00e2mara dos Deputados para os cargos de Analista Legislativo e T\u00e9cnico Legislativo!","robots":{"index":"index","follow":"follow","max-snippet":"max-snippet:-1","max-image-preview":"max-image-preview:large","max-video-preview":"max-video-preview:-1"},"canonical":"https:\/\/www.estrategiaconcursos.com.br\/blog\/questoes-que-cairam-ultimo-concurso-camara-deputados\/","og_locale":"pt_BR","og_type":"article","og_title":"Quest\u00f5es que ca\u00edram no \u00faltimo Concurso C\u00e2mara dos Deputados","og_description":"Confira as quest\u00f5es que ca\u00edram no \u00faltimo concurso da C\u00e2mara dos Deputados para os cargos de Analista Legislativo e T\u00e9cnico Legislativo!","og_url":"https:\/\/www.estrategiaconcursos.com.br\/blog\/questoes-que-cairam-ultimo-concurso-camara-deputados\/","og_site_name":"Estrat\u00e9gia Concursos","article_published_time":"2026-01-23T18:32:00+00:00","og_image":[{"width":768,"height":432,"url":"https:\/\/dhg1h5j42swfq.cloudfront.net\/2023\/08\/31111618\/concurso-camara-dos-deputados.jpg","type":"image\/jpeg"}],"author":"Bruna de Andrade Fran\u00e7a","twitter_card":"summary_large_image","twitter_creator":"@EstratConcursos","twitter_site":"@EstratConcursos","twitter_misc":{"Escrito por":"Bruna de Andrade Fran\u00e7a","Est. tempo de leitura":"14 minutos"},"schema":{"@context":"https:\/\/schema.org","@graph":[{"@type":"NewsArticle","@id":"https:\/\/www.estrategiaconcursos.com.br\/blog\/questoes-que-cairam-ultimo-concurso-camara-deputados\/#article","isPartOf":{"@id":"https:\/\/www.estrategiaconcursos.com.br\/blog\/questoes-que-cairam-ultimo-concurso-camara-deputados\/"},"author":{"name":"Bruna de Andrade Fran\u00e7a","@id":"https:\/\/www.estrategiaconcursos.com.br\/blog\/#\/schema\/person\/6630f91134abc08115cca62ce6372855"},"headline":"Quest\u00f5es que ca\u00edram no \u00faltimo Concurso C\u00e2mara dos Deputados","datePublished":"2026-01-23T18:32:00+00:00","mainEntityOfPage":{"@id":"https:\/\/www.estrategiaconcursos.com.br\/blog\/questoes-que-cairam-ultimo-concurso-camara-deputados\/"},"wordCount":2796,"commentCount":0,"publisher":{"@id":"https:\/\/www.estrategiaconcursos.com.br\/blog\/#organization"},"image":{"@id":"https:\/\/www.estrategiaconcursos.com.br\/blog\/questoes-que-cairam-ultimo-concurso-camara-deputados\/#primaryimage"},"thumbnailUrl":"https:\/\/dhg1h5j42swfq.cloudfront.net\/2023\/08\/31111618\/concurso-camara-dos-deputados.jpg","articleSection":["Legislativo","\u00daltimas not\u00edcias"],"inLanguage":"pt-BR","potentialAction":[{"@type":"CommentAction","name":"Comment","target":["https:\/\/www.estrategiaconcursos.com.br\/blog\/questoes-que-cairam-ultimo-concurso-camara-deputados\/#respond"]}],"copyrightYear":"2026","copyrightHolder":{"@id":"https:\/\/www.estrategiaconcursos.com.br\/blog\/#organization"}},{"@type":"WebPage","@id":"https:\/\/www.estrategiaconcursos.com.br\/blog\/questoes-que-cairam-ultimo-concurso-camara-deputados\/","url":"https:\/\/www.estrategiaconcursos.com.br\/blog\/questoes-que-cairam-ultimo-concurso-camara-deputados\/","name":"Quest\u00f5es que ca\u00edram no \u00faltimo Concurso C\u00e2mara dos Deputados","isPartOf":{"@id":"https:\/\/www.estrategiaconcursos.com.br\/blog\/#website"},"primaryImageOfPage":{"@id":"https:\/\/www.estrategiaconcursos.com.br\/blog\/questoes-que-cairam-ultimo-concurso-camara-deputados\/#primaryimage"},"image":{"@id":"https:\/\/www.estrategiaconcursos.com.br\/blog\/questoes-que-cairam-ultimo-concurso-camara-deputados\/#primaryimage"},"thumbnailUrl":"https:\/\/dhg1h5j42swfq.cloudfront.net\/2023\/08\/31111618\/concurso-camara-dos-deputados.jpg","datePublished":"2026-01-23T18:32:00+00:00","description":"Confira as quest\u00f5es que ca\u00edram no \u00faltimo concurso da C\u00e2mara dos Deputados para os cargos de Analista Legislativo e T\u00e9cnico Legislativo!","breadcrumb":{"@id":"https:\/\/www.estrategiaconcursos.com.br\/blog\/questoes-que-cairam-ultimo-concurso-camara-deputados\/#breadcrumb"},"inLanguage":"pt-BR","potentialAction":[{"@type":"ReadAction","target":["https:\/\/www.estrategiaconcursos.com.br\/blog\/questoes-que-cairam-ultimo-concurso-camara-deputados\/"]}]},{"@type":"ImageObject","inLanguage":"pt-BR","@id":"https:\/\/www.estrategiaconcursos.com.br\/blog\/questoes-que-cairam-ultimo-concurso-camara-deputados\/#primaryimage","url":"https:\/\/dhg1h5j42swfq.cloudfront.net\/2023\/08\/31111618\/concurso-camara-dos-deputados.jpg","contentUrl":"https:\/\/dhg1h5j42swfq.cloudfront.net\/2023\/08\/31111618\/concurso-camara-dos-deputados.jpg","width":768,"height":432,"caption":"Concurso C\u00e2mara dos Deputados"},{"@type":"BreadcrumbList","@id":"https:\/\/www.estrategiaconcursos.com.br\/blog\/questoes-que-cairam-ultimo-concurso-camara-deputados\/#breadcrumb","itemListElement":[{"@type":"ListItem","position":1,"name":"In\u00edcio","item":"https:\/\/www.estrategiaconcursos.com.br\/blog\/"},{"@type":"ListItem","position":2,"name":"Quest\u00f5es que ca\u00edram no \u00faltimo Concurso C\u00e2mara dos Deputados"}]},{"@type":"WebSite","@id":"https:\/\/www.estrategiaconcursos.com.br\/blog\/#website","url":"https:\/\/www.estrategiaconcursos.com.br\/blog\/","name":"Estrat\u00e9gia Concursos","description":"O blog da Estrat\u00e9gia Concursos traz not\u00edcias sobre concursos e artigos de professores oferecendo cursos para concursos (pdf + videaulas) no site.","publisher":{"@id":"https:\/\/www.estrategiaconcursos.com.br\/blog\/#organization"},"potentialAction":[{"@type":"SearchAction","target":{"@type":"EntryPoint","urlTemplate":"https:\/\/www.estrategiaconcursos.com.br\/blog\/?s={search_term_string}"},"query-input":{"@type":"PropertyValueSpecification","valueRequired":true,"valueName":"search_term_string"}}],"inLanguage":"pt-BR"},{"@type":"Organization","@id":"https:\/\/www.estrategiaconcursos.com.br\/blog\/#organization","name":"Estrat\u00e9gia Concursos","url":"https:\/\/www.estrategiaconcursos.com.br\/blog\/","logo":{"@type":"ImageObject","inLanguage":"pt-BR","@id":"https:\/\/www.estrategiaconcursos.com.br\/blog\/#\/schema\/logo\/image\/","url":"https:\/\/dhg1h5j42swfq.cloudfront.net\/2025\/06\/03203428\/logo_concursos-1.jpg","contentUrl":"https:\/\/dhg1h5j42swfq.cloudfront.net\/2025\/06\/03203428\/logo_concursos-1.jpg","width":230,"height":60,"caption":"Estrat\u00e9gia Concursos"},"image":{"@id":"https:\/\/www.estrategiaconcursos.com.br\/blog\/#\/schema\/logo\/image\/"},"sameAs":["https:\/\/x.com\/EstratConcursos"]},{"@type":"Person","@id":"https:\/\/www.estrategiaconcursos.com.br\/blog\/#\/schema\/person\/6630f91134abc08115cca62ce6372855","name":"Bruna de Andrade Fran\u00e7a","image":{"@type":"ImageObject","inLanguage":"pt-BR","@id":"https:\/\/secure.gravatar.com\/avatar\/d6316d36d50cea0fadae28ed3015b8870cc90a2d3d8a95c37b44006af36a00e3?s=96&d=mm&r=g","url":"https:\/\/secure.gravatar.com\/avatar\/d6316d36d50cea0fadae28ed3015b8870cc90a2d3d8a95c37b44006af36a00e3?s=96&d=mm&r=g","contentUrl":"https:\/\/secure.gravatar.com\/avatar\/d6316d36d50cea0fadae28ed3015b8870cc90a2d3d8a95c37b44006af36a00e3?s=96&d=mm&r=g","caption":"Bruna de Andrade Fran\u00e7a"},"description":"Bruna de Andrade Fran\u00e7a \u00e9 publicit\u00e1ria com p\u00f3s-gradua\u00e7\u00e3o em Marketing &amp; Growth, atuando h\u00e1 mais de 6 anos no universo dos concursos p\u00fablicos. Desde 2021, lidera no Blog do Estrat\u00e9gia Concursos a cobertura editorial especializada em Concursos Policiais (PF, PRF, PM, PC, etc.), al\u00e9m das frentes de concursos banc\u00e1rios, de sa\u00fade e da \u00e1rea legislativa. Especialista em reda\u00e7\u00e3o, com pr\u00e1ticas de SEO e Copywriting, possui tamb\u00e9m atua\u00e7\u00e3o pr\u00e1tica de contato direto com \u00f3rg\u00e3os p\u00fablicos respons\u00e1veis por editais, permitindo acesso antecipado a informa\u00e7\u00f5es, desdobramentos importantes e atualiza\u00e7\u00e3o eficiente dos concursos p\u00fablicos.","url":"https:\/\/www.estrategiaconcursos.com.br\/blog\/author\/bruna-andrade\/"}]}},"_links":{"self":[{"href":"https:\/\/www.estrategiaconcursos.com.br\/blog\/wp-json\/wp\/v2\/posts\/1702954","targetHints":{"allow":["GET"]}}],"collection":[{"href":"https:\/\/www.estrategiaconcursos.com.br\/blog\/wp-json\/wp\/v2\/posts"}],"about":[{"href":"https:\/\/www.estrategiaconcursos.com.br\/blog\/wp-json\/wp\/v2\/types\/post"}],"author":[{"embeddable":true,"href":"https:\/\/www.estrategiaconcursos.com.br\/blog\/wp-json\/wp\/v2\/users\/1206"}],"replies":[{"embeddable":true,"href":"https:\/\/www.estrategiaconcursos.com.br\/blog\/wp-json\/wp\/v2\/comments?post=1702954"}],"version-history":[{"count":3,"href":"https:\/\/www.estrategiaconcursos.com.br\/blog\/wp-json\/wp\/v2\/posts\/1702954\/revisions"}],"predecessor-version":[{"id":1702967,"href":"https:\/\/www.estrategiaconcursos.com.br\/blog\/wp-json\/wp\/v2\/posts\/1702954\/revisions\/1702967"}],"wp:featuredmedia":[{"embeddable":true,"href":"https:\/\/www.estrategiaconcursos.com.br\/blog\/wp-json\/wp\/v2\/media\/1271792"}],"wp:attachment":[{"href":"https:\/\/www.estrategiaconcursos.com.br\/blog\/wp-json\/wp\/v2\/media?parent=1702954"}],"wp:term":[{"taxonomy":"category","embeddable":true,"href":"https:\/\/www.estrategiaconcursos.com.br\/blog\/wp-json\/wp\/v2\/categories?post=1702954"},{"taxonomy":"post_tag","embeddable":true,"href":"https:\/\/www.estrategiaconcursos.com.br\/blog\/wp-json\/wp\/v2\/tags?post=1702954"},{"taxonomy":"tax_estado","embeddable":true,"href":"https:\/\/www.estrategiaconcursos.com.br\/blog\/wp-json\/wp\/v2\/tax_estado?post=1702954"}],"curies":[{"name":"wp","href":"https:\/\/api.w.org\/{rel}","templated":true}]}}