{"id":1702911,"date":"2026-01-29T14:04:00","date_gmt":"2026-01-29T17:04:00","guid":{"rendered":"https:\/\/www.estrategiaconcursos.com.br\/blog\/?p=1702911"},"modified":"2026-01-28T10:37:07","modified_gmt":"2026-01-28T13:37:07","slug":"moratoria-sefaz-rn","status":"publish","type":"post","link":"https:\/\/www.estrategiaconcursos.com.br\/blog\/moratoria-sefaz-rn\/","title":{"rendered":"Entenda tudo sobre a morat\u00f3ria para o concurso da SEFAZ RN"},"content":{"rendered":"\n<p>Ol\u00e1, pessoal, tudo bem? Estudaremos, neste artigo, sobre os principais aspectos da <mark style=\"background-color:rgba(0, 0, 0, 0);color:#0693e3\" class=\"has-inline-color\"><strong>morat\u00f3ria<\/strong> <\/mark>para o concurso da <a href=\"https:\/\/www.sefaz.rn.gov.br\/\">Secretaria de Estado da Fazenda do Rio Grande do Norte (SEFAZ RN)<\/a>.<\/p>\n\n\n\n<figure class=\"wp-block-image size-full\"><img loading=\"lazy\" decoding=\"async\" width=\"768\" height=\"432\" src=\"https:\/\/dhg1h5j42swfq.cloudfront.net\/2023\/06\/05083940\/sefaz-rn.jpg\" alt=\"Entenda tudo sobre a morat\u00f3ria para o concurso da SEFAZ RN\" class=\"wp-image-1227510\" srcset=\"https:\/\/dhg1h5j42swfq.cloudfront.net\/2023\/06\/05083940\/sefaz-rn.jpg 768w, https:\/\/dhg1h5j42swfq.cloudfront.net\/2023\/06\/05083940\/sefaz-rn-300x169.jpg 300w, https:\/\/dhg1h5j42swfq.cloudfront.net\/2023\/06\/05083940\/sefaz-rn-610x343.jpg 610w, https:\/\/dhg1h5j42swfq.cloudfront.net\/2023\/06\/05083940\/sefaz-rn-150x84.jpg 150w\" sizes=\"auto, (max-width: 768px) 100vw, 768px\" \/><\/figure>\n\n\n\n<p>Bons estudos!<\/p>\n\n\n\n<h2 class=\"wp-block-heading\" id=\"h-introducao\"><strong><mark style=\"background-color:rgba(0, 0, 0, 0);color:#0693e3\" class=\"has-inline-color\">Introdu\u00e7\u00e3o<\/mark><\/strong><\/h2>\n\n\n\n<p>Em resumo, o cr\u00e9dito tribut\u00e1rio consiste em um valor, em regra, exig\u00edvel pelo fisco ap\u00f3s a ocorr\u00eancia do fato gerador e do regular lan\u00e7amento.<\/p>\n\n\n\n<p>Todavia, existem situa\u00e7\u00f5es em que, mesmo ap\u00f3s a regular constitui\u00e7\u00e3o do cr\u00e9dito tribut\u00e1rio, o fisco fica impedido de realizar a cobran\u00e7a.<\/p>\n\n\n\n<p>Dentre essas situa\u00e7\u00f5es, podemos apontar os casos de <strong><mark style=\"background-color:rgba(0, 0, 0, 0);color:#9b51e0\" class=\"has-inline-color\">suspens\u00e3o da exigibilidade do cr\u00e9dito tribut\u00e1rio<\/mark><\/strong>, citados no art. 151 do C\u00f3digo Tribut\u00e1rio Nacional (CTN), a saber:<\/p>\n\n\n\n<ul class=\"wp-block-list\">\n<li><strong>Morat\u00f3ria<\/strong>;<\/li>\n\n\n\n<li><strong>Reclama\u00e7\u00f5es<\/strong> e <strong>recursos<\/strong>;<\/li>\n\n\n\n<li><strong>Dep\u00f3sito do valor integral<\/strong>;<\/li>\n\n\n\n<li><strong>Medida Liminar em mandado de seguran\u00e7a<\/strong>;<\/li>\n\n\n\n<li><strong>Medida Liminar ou tutela antecipada em a\u00e7\u00f5es judiciais<\/strong>; e,<\/li>\n\n\n\n<li><strong>Parcelamento<\/strong>.<\/li>\n<\/ul>\n\n\n\n<p>Neste artigo, estudaremos sobre os principais aspectos atinentes \u00e0 morat\u00f3ria.<\/p>\n\n\n\n<h2 class=\"wp-block-heading\" id=\"h-moratoria-para-o-concurso-da-sefaz-rn\"><strong><mark style=\"background-color:rgba(0, 0, 0, 0);color:#0693e3\" class=\"has-inline-color\">Morat\u00f3ria para o concurso da SEFAZ RN<\/mark><\/strong><\/h2>\n\n\n\n<p>A morat\u00f3ria, em s\u00edntese, consiste na <strong><mark style=\"background-color:rgba(0, 0, 0, 0);color:#9b51e0\" class=\"has-inline-color\">prorroga\u00e7\u00e3o do prazo para pagamento de um cr\u00e9dito tribut\u00e1rio<\/mark><\/strong>.<\/p>\n\n\n\n<p>Trata-se, portanto, de um benef\u00edcio fiscal <strong><mark style=\"background-color:rgba(0, 0, 0, 0);color:#9b51e0\" class=\"has-inline-color\">aplic\u00e1vel somente ap\u00f3s a edi\u00e7\u00e3o de lei<\/mark><\/strong>.<\/p>\n\n\n\n<p>Nesse sentido, segundo o CTN, a <strong><mark style=\"background-color:rgba(0, 0, 0, 0);color:#ff6900\" class=\"has-inline-color\">lei que concede (ou autoriza a concess\u00e3o) da morat\u00f3ria deve especificar<\/mark><\/strong>, no m\u00ednimo:<\/p>\n\n\n\n<ul class=\"wp-block-list\">\n<li><mark style=\"background-color:rgba(0, 0, 0, 0);color:#ff6900\" class=\"has-inline-color\"><strong>Prazo<\/strong> <\/mark>de dura\u00e7\u00e3o;<\/li>\n\n\n\n<li><strong><mark style=\"background-color:rgba(0, 0, 0, 0);color:#ff6900\" class=\"has-inline-color\">Condi\u00e7\u00f5es da concess\u00e3o<\/mark><\/strong> do favor (no caso de <strong>morat\u00f3ria em car\u00e1ter individual<\/strong>);<\/li>\n<\/ul>\n\n\n\n<ul class=\"wp-block-list\">\n<li><strong><mark style=\"background-color:rgba(0, 0, 0, 0);color:#ff6900\" class=\"has-inline-color\">Tributos a que se aplica<\/mark><\/strong>;<\/li>\n\n\n\n<li><strong><mark style=\"background-color:rgba(0, 0, 0, 0);color:#ff6900\" class=\"has-inline-color\">N\u00famero de presta\u00e7\u00f5es e seus vencimentos<\/mark> <\/strong>(no caso de <strong>morat\u00f3ria parcelada<\/strong>);<\/li>\n\n\n\n<li><mark style=\"background-color:rgba(0, 0, 0, 0);color:#ff6900\" class=\"has-inline-color\"><strong>Garantias<\/strong> <\/mark>que devem ser <strong><mark style=\"background-color:rgba(0, 0, 0, 0);color:#ff6900\" class=\"has-inline-color\">fornecidas pelo beneficiado<\/mark><\/strong> (no caso de <strong>morat\u00f3ria em car\u00e1ter individual<\/strong>).<\/li>\n<\/ul>\n\n\n\n<p>Al\u00e9m disso, em car\u00e1ter excepcional, o CNT admite que a lei concessiva da morat\u00f3ria incida exclusivamente sobre determinadas regi\u00f5es ou territ\u00f3rios da pessoa jur\u00eddica concedente do benef\u00edcio fiscal.<\/p>\n\n\n\n<p>Tal medida, destina-se a atender situa\u00e7\u00f5es de excepcionalidade que possam afetar a capacidade financeira dos contribuintes, como, por exemplo, desastres naturais, os quais, geralmente, restringem-se a determinadas localidades.<\/p>\n\n\n\n<p>Outrossim, a morat\u00f3ria tamb\u00e9m pode restringir-se a determinadas classes ou categorias de sujeitos passivos.<\/p>\n\n\n\n<h2 class=\"wp-block-heading\" id=\"h-moratoria-para-o-concurso-da-sefaz-rn-carater\"><strong><mark style=\"background-color:rgba(0, 0, 0, 0);color:#0693e3\" class=\"has-inline-color\">Morat\u00f3ria para o concurso da SEFAZ RN: car\u00e1ter<\/mark><\/strong><\/h2>\n\n\n\n<p>Conforme o CTN, a concess\u00e3o da morat\u00f3ria pode ocorrer em <strong>car\u00e1ter<\/strong> <mark style=\"background-color:rgba(0, 0, 0, 0);color:#cf2e2e\" class=\"has-inline-color\"><strong>geral<\/strong> <\/mark>ou <strong><mark style=\"background-color:rgba(0, 0, 0, 0);color:#00d084\" class=\"has-inline-color\">individual<\/mark><\/strong>.<\/p>\n\n\n\n<h3 class=\"wp-block-heading\" id=\"h-moratoria-em-carater-geral\"><strong><mark style=\"background-color:rgba(0, 0, 0, 0);color:#0693e3\" class=\"has-inline-color\">Morat\u00f3ria em car\u00e1ter geral<\/mark><\/strong><\/h3>\n\n\n\n<p>Em resumo, a morat\u00f3ria em <strong><mark style=\"background-color:rgba(0, 0, 0, 0);color:#cf2e2e\" class=\"has-inline-color\">car\u00e1ter geral<\/mark><\/strong> consiste na prorroga\u00e7\u00e3o do prazo para pagamento do cr\u00e9dito em <strong><mark style=\"background-color:rgba(0, 0, 0, 0);color:#cf2e2e\" class=\"has-inline-color\">benef\u00edcio de todos os sujeitos passivos atingidos pela lei<\/mark><\/strong>. Portanto, a <strong><mark style=\"background-color:rgba(0, 0, 0, 0);color:#cf2e2e\" class=\"has-inline-color\">lei generaliza os sujeitos passivos benefici\u00e1rios<\/mark>.<\/strong><\/p>\n\n\n\n<p>Nesse sentido, pode ocorrer concess\u00e3o:<\/p>\n\n\n\n<ul class=\"wp-block-list\">\n<li><strong><mark style=\"background-color:rgba(0, 0, 0, 0);color:#ff6900\" class=\"has-inline-color\">Aut\u00f4noma<\/mark><\/strong>: quando a <strong>pr\u00f3pria pessoa jur\u00eddica competente para instituir o tributo edita a lei da morat\u00f3ria<\/strong>;<\/li>\n\n\n\n<li><strong><mark style=\"background-color:rgba(0, 0, 0, 0)\" class=\"has-inline-color has-accent-3-color\">Heter\u00f4noma<\/mark><\/strong>: quando a <strong>Uni\u00e3o concede morat\u00f3ria em rela\u00e7\u00e3o a tributos de compet\u00eancia dos outros entes federativos<\/strong> (Estados, DF e\/ou Munic\u00edpios).<\/li>\n<\/ul>\n\n\n\n<p>Pessoal, sobre as morat\u00f3rias gerais <strong><mark style=\"background-color:rgba(0, 0, 0, 0)\" class=\"has-inline-color has-accent-3-color\">heter\u00f4nomas<\/mark><\/strong>, vale ressaltar que o CTN somente admite a sua concess\u00e3o quando <strong>simultaneamente a Uni\u00e3o conceder morat\u00f3ria em rela\u00e7\u00e3o aos tributos de compet\u00eancia federal e \u00e0s obriga\u00e7\u00f5es de direito privado<\/strong>.<\/p>\n\n\n\n<p>Trata-se, portanto, de uma situa\u00e7\u00e3o dificilmente visualiz\u00e1vel na pr\u00e1tica, motivo pelo qual, at\u00e9 hoje, n\u00e3o h\u00e1 registro da concess\u00e3o desse tipo de morat\u00f3ria.<\/p>\n\n\n\n<p>Al\u00e9m disso, a doutrina \u00e9 bastante combativa em rela\u00e7\u00e3o \u00e0s morat\u00f3rias heter\u00f4nomas, de forma que alguns doutrinadores questionam, inclusive, a constitucionalidade dessa medida.<\/p>\n\n\n\n<p>Conforme a doutrina, a morat\u00f3ria concedida em car\u00e1ter geral <strong><mark style=\"background-color:rgba(0, 0, 0, 0);color:#cf2e2e\" class=\"has-inline-color\">gera direito adquirido<\/mark><\/strong>, motivo pelo qual <strong>n\u00e3o pode ser livremente revogada<\/strong>.<\/p>\n\n\n\n<h3 class=\"wp-block-heading\" id=\"h-moratoria-em-carater-individual\"><strong><mark style=\"background-color:rgba(0, 0, 0, 0);color:#0693e3\" class=\"has-inline-color\">Morat\u00f3ria em car\u00e1ter individual<\/mark><\/strong><\/h3>\n\n\n\n<p>Por outro lado, para o concurso da SEFAZ RN, cabe esclarecer que, em <strong><mark style=\"background-color:rgba(0, 0, 0, 0);color:#00d084\" class=\"has-inline-color\">car\u00e1ter individual<\/mark><\/strong>, a concess\u00e3o da morat\u00f3ria <strong>depende de<\/strong>:<\/p>\n\n\n\n<ul class=\"wp-block-list\">\n<li><strong><mark style=\"background-color:rgba(0, 0, 0, 0);color:#00d084\" class=\"has-inline-color\">Edi\u00e7\u00e3o de lei autorizativa<\/mark><\/strong>; e,<\/li>\n\n\n\n<li><strong><mark style=\"background-color:rgba(0, 0, 0, 0);color:#00d084\" class=\"has-inline-color\">Despacho da autoridade administrativa que reconhe\u00e7a o cumprimento, pelo sujeito passivo, das condi\u00e7\u00f5es legais<\/mark><\/strong>.<\/li>\n<\/ul>\n\n\n\n<p>Nesse contexto, diferentemente da morat\u00f3ria em car\u00e1ter geral, a concedida em car\u00e1ter individual <strong><mark style=\"background-color:rgba(0, 0, 0, 0);color:#00d084\" class=\"has-inline-color\">n\u00e3o gera direito adquirido<\/mark><\/strong>, sendo <strong><mark style=\"background-color:rgba(0, 0, 0, 0);color:#ff6900\" class=\"has-inline-color\">poss\u00edvel revog\u00e1-la de of\u00edcio sempre que verificado que<\/mark><\/strong>:<\/p>\n\n\n\n<ul class=\"wp-block-list\">\n<li>Benefici\u00e1rio <strong><mark style=\"background-color:rgba(0, 0, 0, 0);color:#ff6900\" class=\"has-inline-color\">n\u00e3o satisfazia as condi\u00e7\u00f5es<\/mark><\/strong> ou <strong><mark style=\"background-color:rgba(0, 0, 0, 0);color:#ff6900\" class=\"has-inline-color\">n\u00e3o cumpria os requisitos legais<\/mark><\/strong> para a concess\u00e3o do benef\u00edcio; ou,<\/li>\n\n\n\n<li><strong><mark style=\"background-color:rgba(0, 0, 0, 0);color:#ff6900\" class=\"has-inline-color\">Mesmo que satisfizesse as condi\u00e7\u00f5es ou cumprisse os requisitos<\/mark><\/strong> inicialmente, <strong><mark style=\"background-color:rgba(0, 0, 0, 0);color:#ff6900\" class=\"has-inline-color\">deixou de faz\u00ea-los a posteriori<\/mark><\/strong>.<\/li>\n<\/ul>\n\n\n\n<p>Assim, <strong><mark style=\"background-color:rgba(0, 0, 0, 0);color:#ff6900\" class=\"has-inline-color\">havendo a revoga\u00e7\u00e3o<\/mark><\/strong> da morat\u00f3ria, o CTN exige a <strong><mark style=\"background-color:rgba(0, 0, 0, 0);color:#ff6900\" class=\"has-inline-color\">cobran\u00e7a do cr\u00e9dito tribut\u00e1rio acrescido de juros de mora<\/mark><\/strong>, havendo <strong><mark style=\"background-color:rgba(0, 0, 0, 0);color:#ff6900\" class=\"has-inline-color\">possibilidade de imposi\u00e7\u00e3o de penalidades ao sujeito passivo quando verificado dolo ou simula\u00e7\u00e3o do beneficiado ou de terceiros em benef\u00edcio daquele<\/mark><\/strong>.<\/p>\n\n\n\n<p>Todavia, quando n\u00e3o houver comprova\u00e7\u00e3o do dolo ou simula\u00e7\u00e3o n\u00e3o h\u00e1 o que se falar em imputa\u00e7\u00e3o de penalidades, ok?<\/p>\n\n\n\n<p>Continuando, o CTN tamb\u00e9m esclarece que o <strong>tempo transcorrido entre a concess\u00e3o da morat\u00f3ria e a sua revoga\u00e7\u00e3o n\u00e3o conta para efeito de prescri\u00e7\u00e3o<\/strong> do cr\u00e9dito no caso de r<strong>evoga\u00e7\u00e3o com verifica\u00e7\u00e3o de dolo ou simula\u00e7\u00e3o<\/strong>.<\/p>\n\n\n\n<p>Por outro lado, n\u00e3o havendo comprova\u00e7\u00e3o de dolo ou simula\u00e7\u00e3o, obviamente, admite-se a revoga\u00e7\u00e3o da morat\u00f3ria somente antes da prescri\u00e7\u00e3o do referido direito.<\/p>\n\n\n\n<h2 class=\"wp-block-heading\" id=\"h-moratoria-para-o-concurso-da-sefaz-rn-abrangencia\"><strong><mark style=\"background-color:rgba(0, 0, 0, 0);color:#0693e3\" class=\"has-inline-color\">Morat\u00f3ria para o concurso da SEFAZ RN: abrang\u00eancia<\/mark><\/strong><\/h2>\n\n\n\n<p>Quanto aos cr\u00e9ditos abrangidos pela morat\u00f3ria, o CTN esclarece que o favor <strong><mark style=\"background-color:rgba(0, 0, 0, 0);color:#9b51e0\" class=\"has-inline-color\">somente alcan\u00e7a os cr\u00e9ditos<\/mark><\/strong>:<\/p>\n\n\n\n<ul class=\"wp-block-list\">\n<li><strong><mark style=\"background-color:rgba(0, 0, 0, 0);color:#9b51e0\" class=\"has-inline-color\">Definitivamente constitu\u00eddos<\/mark><\/strong> \u00e0 data da lei o do despacho;<\/li>\n\n\n\n<li>Cujo <strong><mark style=\"background-color:rgba(0, 0, 0, 0);color:#9b51e0\" class=\"has-inline-color\">lan\u00e7amento j\u00e1 tenha sido iniciado<\/mark><\/strong> por ato regularmente notificado do sujeito passivo.<\/li>\n<\/ul>\n\n\n\n<p>Portanto, n\u00e3o h\u00e1 como conceder morat\u00f3ria em rela\u00e7\u00e3o a cr\u00e9ditos que somente ser\u00e3o constitu\u00eddos em decorr\u00eancia de fatos geradores futuros, ok?<\/p>\n\n\n\n<h2 class=\"wp-block-heading\" id=\"h-conclusao\"><strong><mark style=\"background-color:rgba(0, 0, 0, 0);color:#0693e3\" class=\"has-inline-color\">Conclus\u00e3o<\/mark><\/strong><\/h2>\n\n\n\n<p>Pessoal, finalizamos aqui este resumo sobre a morat\u00f3ria para o concurso da SEFAZ RN.<\/p>\n\n\n\n<p>At\u00e9 um pr\u00f3ximo artigo.<\/p>\n\n\n\n<p>Grande abra\u00e7o.<\/p>\n\n\n\n<p><strong>Rafael Chaves<\/strong><\/p>\n\n\n\n<p class=\"has-text-align-center has-pale-cyan-blue-background-color has-background\"><strong>Saiba mais: <a href=\"https:\/\/www.estrategiaconcursos.com.br\/blog\/concurso-sefaz-rn\/\" target=\"_blank\" rel=\"noreferrer noopener\">SEFAZ RN<\/a><\/strong><\/p>\n\n\n\n<h2 class=\"wp-block-heading has-text-align-center\" id=\"h-quer-saber-tudo-sobre-concursos-previstos-confira-nossos-artigos\">Quer saber tudo sobre concursos previstos?<br \/>Confira nossos artigos!<\/h2>\n\n\n\n<p class=\"has-text-align-center has-pale-cyan-blue-background-color has-background\"><a href=\"https:\/\/www.estrategiaconcursos.com.br\/blog\/concursos-abertos\/\" target=\"_blank\" rel=\"noreferrer noopener\">Concursos abertos<\/a><\/p>\n\n\n\n<p class=\"has-text-align-center has-pale-cyan-blue-background-color has-background\"><a href=\"https:\/\/www.estrategiaconcursos.com.br\/blog\/concursos-2026\/#\" target=\"_blank\" rel=\"noreferrer noopener\">Concursos 2026<\/a><\/p>\n","protected":false},"excerpt":{"rendered":"<p>Ol\u00e1, pessoal, tudo bem? Estudaremos, neste artigo, sobre os principais aspectos da morat\u00f3ria para o concurso da Secretaria de Estado da Fazenda do Rio Grande do Norte (SEFAZ RN). Bons estudos! Introdu\u00e7\u00e3o Em resumo, o cr\u00e9dito tribut\u00e1rio consiste em um valor, em regra, exig\u00edvel pelo fisco ap\u00f3s a ocorr\u00eancia do fato gerador e do regular [&hellip;]<\/p>\n","protected":false},"author":2261,"featured_media":1227510,"comment_status":"open","ping_status":"closed","sticky":false,"template":"","format":"standard","meta":{"post_tipo":"article","footnotes":""},"categories":[1,1983],"tags":[],"tax_estado":[219983],"class_list":["post-1702911","post","type-post","status-publish","format-standard","has-post-thumbnail","hentry","category-cursos-e-concursos","category-fiscal-estadual","tax_estado-rn"],"acf":[],"yoast_head":"<!-- This site is optimized with the Yoast SEO Premium plugin v27.2 (Yoast SEO v27.2) - https:\/\/yoast.com\/product\/yoast-seo-premium-wordpress\/ -->\n<title>Entenda tudo sobre a morat\u00f3ria para o concurso da SEFAZ RN<\/title>\n<meta name=\"description\" content=\"Entenda tudo o que \u00e9 mais importante sobre a morat\u00f3ria para o concurso da Secretaria de Estado da Fazenda do Rio Grande do Norte (SEFAZ RN).\" \/>\n<meta name=\"robots\" content=\"index, follow, max-snippet:-1, max-image-preview:large, max-video-preview:-1\" \/>\n<link rel=\"canonical\" href=\"https:\/\/www.estrategiaconcursos.com.br\/blog\/moratoria-sefaz-rn\/\" \/>\n<meta property=\"og:locale\" content=\"pt_BR\" \/>\n<meta property=\"og:type\" content=\"article\" \/>\n<meta property=\"og:title\" content=\"Entenda tudo sobre a morat\u00f3ria para o concurso da SEFAZ RN\" \/>\n<meta property=\"og:description\" content=\"Entenda tudo o que \u00e9 mais importante sobre a morat\u00f3ria para o concurso da Secretaria de Estado da Fazenda do Rio Grande do Norte (SEFAZ RN).\" \/>\n<meta property=\"og:url\" content=\"https:\/\/www.estrategiaconcursos.com.br\/blog\/moratoria-sefaz-rn\/\" \/>\n<meta property=\"og:site_name\" content=\"Estrat\u00e9gia Concursos\" \/>\n<meta property=\"article:published_time\" content=\"2026-01-29T17:04:00+00:00\" \/>\n<meta property=\"og:image\" content=\"https:\/\/dhg1h5j42swfq.cloudfront.net\/2023\/06\/05083940\/sefaz-rn.jpg\" \/>\n\t<meta property=\"og:image:width\" content=\"768\" \/>\n\t<meta property=\"og:image:height\" content=\"432\" \/>\n\t<meta property=\"og:image:type\" content=\"image\/jpeg\" \/>\n<meta name=\"author\" content=\"Rafael Ferreira Chaves\" \/>\n<meta name=\"twitter:card\" content=\"summary_large_image\" \/>\n<meta name=\"twitter:creator\" content=\"@EstratConcursos\" \/>\n<meta name=\"twitter:site\" content=\"@EstratConcursos\" \/>\n<meta name=\"twitter:label1\" content=\"Escrito por\" \/>\n\t<meta name=\"twitter:data1\" content=\"Rafael Ferreira Chaves\" \/>\n\t<meta name=\"twitter:label2\" content=\"Est. tempo de leitura\" \/>\n\t<meta name=\"twitter:data2\" content=\"5 minutos\" \/>\n<script type=\"application\/ld+json\" class=\"yoast-schema-graph\">{\"@context\":\"https:\/\/schema.org\",\"@graph\":[{\"@type\":\"NewsArticle\",\"@id\":\"https:\/\/www.estrategiaconcursos.com.br\/blog\/moratoria-sefaz-rn\/#article\",\"isPartOf\":{\"@id\":\"https:\/\/www.estrategiaconcursos.com.br\/blog\/moratoria-sefaz-rn\/\"},\"author\":{\"name\":\"Rafael Ferreira Chaves\",\"@id\":\"https:\/\/www.estrategiaconcursos.com.br\/blog\/#\/schema\/person\/545cce8f1c81268ec2ca202a954284e1\"},\"headline\":\"Entenda tudo sobre a morat\u00f3ria para o concurso da SEFAZ RN\",\"datePublished\":\"2026-01-29T17:04:00+00:00\",\"mainEntityOfPage\":{\"@id\":\"https:\/\/www.estrategiaconcursos.com.br\/blog\/moratoria-sefaz-rn\/\"},\"wordCount\":1019,\"commentCount\":0,\"publisher\":{\"@id\":\"https:\/\/www.estrategiaconcursos.com.br\/blog\/#organization\"},\"image\":{\"@id\":\"https:\/\/www.estrategiaconcursos.com.br\/blog\/moratoria-sefaz-rn\/#primaryimage\"},\"thumbnailUrl\":\"https:\/\/dhg1h5j42swfq.cloudfront.net\/2023\/06\/05083940\/sefaz-rn.jpg\",\"articleSection\":[\"Concursos P\u00fablicos\",\"Fiscal - Estadual (ICMS)\"],\"inLanguage\":\"pt-BR\",\"potentialAction\":[{\"@type\":\"CommentAction\",\"name\":\"Comment\",\"target\":[\"https:\/\/www.estrategiaconcursos.com.br\/blog\/moratoria-sefaz-rn\/#respond\"]}],\"copyrightYear\":\"2026\",\"copyrightHolder\":{\"@id\":\"https:\/\/www.estrategiaconcursos.com.br\/blog\/#organization\"}},{\"@type\":\"WebPage\",\"@id\":\"https:\/\/www.estrategiaconcursos.com.br\/blog\/moratoria-sefaz-rn\/\",\"url\":\"https:\/\/www.estrategiaconcursos.com.br\/blog\/moratoria-sefaz-rn\/\",\"name\":\"Entenda tudo sobre a morat\u00f3ria para o concurso da SEFAZ RN\",\"isPartOf\":{\"@id\":\"https:\/\/www.estrategiaconcursos.com.br\/blog\/#website\"},\"primaryImageOfPage\":{\"@id\":\"https:\/\/www.estrategiaconcursos.com.br\/blog\/moratoria-sefaz-rn\/#primaryimage\"},\"image\":{\"@id\":\"https:\/\/www.estrategiaconcursos.com.br\/blog\/moratoria-sefaz-rn\/#primaryimage\"},\"thumbnailUrl\":\"https:\/\/dhg1h5j42swfq.cloudfront.net\/2023\/06\/05083940\/sefaz-rn.jpg\",\"datePublished\":\"2026-01-29T17:04:00+00:00\",\"description\":\"Entenda tudo o que \u00e9 mais importante sobre a morat\u00f3ria para o concurso da Secretaria de Estado da Fazenda do Rio Grande do Norte (SEFAZ RN).\",\"breadcrumb\":{\"@id\":\"https:\/\/www.estrategiaconcursos.com.br\/blog\/moratoria-sefaz-rn\/#breadcrumb\"},\"inLanguage\":\"pt-BR\",\"potentialAction\":[{\"@type\":\"ReadAction\",\"target\":[\"https:\/\/www.estrategiaconcursos.com.br\/blog\/moratoria-sefaz-rn\/\"]}]},{\"@type\":\"ImageObject\",\"inLanguage\":\"pt-BR\",\"@id\":\"https:\/\/www.estrategiaconcursos.com.br\/blog\/moratoria-sefaz-rn\/#primaryimage\",\"url\":\"https:\/\/dhg1h5j42swfq.cloudfront.net\/2023\/06\/05083940\/sefaz-rn.jpg\",\"contentUrl\":\"https:\/\/dhg1h5j42swfq.cloudfront.net\/2023\/06\/05083940\/sefaz-rn.jpg\",\"width\":768,\"height\":432,\"caption\":\"Sefaz RN inscritos no concurso\"},{\"@type\":\"BreadcrumbList\",\"@id\":\"https:\/\/www.estrategiaconcursos.com.br\/blog\/moratoria-sefaz-rn\/#breadcrumb\",\"itemListElement\":[{\"@type\":\"ListItem\",\"position\":1,\"name\":\"In\u00edcio\",\"item\":\"https:\/\/www.estrategiaconcursos.com.br\/blog\/\"},{\"@type\":\"ListItem\",\"position\":2,\"name\":\"Entenda tudo sobre a morat\u00f3ria para o concurso da SEFAZ RN\"}]},{\"@type\":\"WebSite\",\"@id\":\"https:\/\/www.estrategiaconcursos.com.br\/blog\/#website\",\"url\":\"https:\/\/www.estrategiaconcursos.com.br\/blog\/\",\"name\":\"Estrat\u00e9gia Concursos\",\"description\":\"O blog da Estrat\u00e9gia Concursos traz not\u00edcias sobre concursos e artigos de professores oferecendo cursos para concursos (pdf + videaulas) no site.\",\"publisher\":{\"@id\":\"https:\/\/www.estrategiaconcursos.com.br\/blog\/#organization\"},\"potentialAction\":[{\"@type\":\"SearchAction\",\"target\":{\"@type\":\"EntryPoint\",\"urlTemplate\":\"https:\/\/www.estrategiaconcursos.com.br\/blog\/?s={search_term_string}\"},\"query-input\":{\"@type\":\"PropertyValueSpecification\",\"valueRequired\":true,\"valueName\":\"search_term_string\"}}],\"inLanguage\":\"pt-BR\"},{\"@type\":\"Organization\",\"@id\":\"https:\/\/www.estrategiaconcursos.com.br\/blog\/#organization\",\"name\":\"Estrat\u00e9gia Concursos\",\"url\":\"https:\/\/www.estrategiaconcursos.com.br\/blog\/\",\"logo\":{\"@type\":\"ImageObject\",\"inLanguage\":\"pt-BR\",\"@id\":\"https:\/\/www.estrategiaconcursos.com.br\/blog\/#\/schema\/logo\/image\/\",\"url\":\"https:\/\/dhg1h5j42swfq.cloudfront.net\/2025\/06\/03203428\/logo_concursos-1.jpg\",\"contentUrl\":\"https:\/\/dhg1h5j42swfq.cloudfront.net\/2025\/06\/03203428\/logo_concursos-1.jpg\",\"width\":230,\"height\":60,\"caption\":\"Estrat\u00e9gia Concursos\"},\"image\":{\"@id\":\"https:\/\/www.estrategiaconcursos.com.br\/blog\/#\/schema\/logo\/image\/\"},\"sameAs\":[\"https:\/\/x.com\/EstratConcursos\"]},{\"@type\":\"Person\",\"@id\":\"https:\/\/www.estrategiaconcursos.com.br\/blog\/#\/schema\/person\/545cce8f1c81268ec2ca202a954284e1\",\"name\":\"Rafael Ferreira Chaves\",\"image\":{\"@type\":\"ImageObject\",\"inLanguage\":\"pt-BR\",\"@id\":\"https:\/\/secure.gravatar.com\/avatar\/7d43172b7c8451a76fe991e14bf7b661f56fcd3e9d8f44dcd92c997cfaf1286f?s=96&d=mm&r=g\",\"url\":\"https:\/\/secure.gravatar.com\/avatar\/7d43172b7c8451a76fe991e14bf7b661f56fcd3e9d8f44dcd92c997cfaf1286f?s=96&d=mm&r=g\",\"contentUrl\":\"https:\/\/secure.gravatar.com\/avatar\/7d43172b7c8451a76fe991e14bf7b661f56fcd3e9d8f44dcd92c997cfaf1286f?s=96&d=mm&r=g\",\"caption\":\"Rafael Ferreira Chaves\"},\"description\":\"Engenheiro Civil formado pela Universidade Federal do Piau\u00ed - UFPI. Especialista em Engenharia Ambiental e Saneamento B\u00e1sico pela Faculdade Est\u00e1cio. Atualmente exerce o cargo de Auditor de Controle Externo do TCE\/AM. Aprovado e nomeado nos seguintes concursos: ARSETE\/PMT (1\u00ba lugar - Analista de Regula\u00e7\u00e3o - Eng. Civil), Prefeitura de Campinas\/SP (Eng. Civil) , CODEVASF (Analista de Desenvolvimento Regional - Eng. Civil), TCE\/AM (2\u00ba lugar - Auditor de Controle Externo - Obras P\u00fablicas \/ 14\u00ba lugar - Auditor de Controle Externo - Auditoria Governamental), TCE\/TO (2\u00ba lugar - Auditor de Controle Externo - Eng. Civil), TCE GO (Analista de Controle Externo - Controle Externo).\",\"url\":\"https:\/\/www.estrategiaconcursos.com.br\/blog\/author\/fchaves01gmail-com\/\"}]}<\/script>\n<!-- \/ Yoast SEO Premium plugin. -->","yoast_head_json":{"title":"Entenda tudo sobre a morat\u00f3ria para o concurso da SEFAZ RN","description":"Entenda tudo o que \u00e9 mais importante sobre a morat\u00f3ria para o concurso da Secretaria de Estado da Fazenda do Rio Grande do Norte (SEFAZ RN).","robots":{"index":"index","follow":"follow","max-snippet":"max-snippet:-1","max-image-preview":"max-image-preview:large","max-video-preview":"max-video-preview:-1"},"canonical":"https:\/\/www.estrategiaconcursos.com.br\/blog\/moratoria-sefaz-rn\/","og_locale":"pt_BR","og_type":"article","og_title":"Entenda tudo sobre a morat\u00f3ria para o concurso da SEFAZ RN","og_description":"Entenda tudo o que \u00e9 mais importante sobre a morat\u00f3ria para o concurso da Secretaria de Estado da Fazenda do Rio Grande do Norte (SEFAZ RN).","og_url":"https:\/\/www.estrategiaconcursos.com.br\/blog\/moratoria-sefaz-rn\/","og_site_name":"Estrat\u00e9gia Concursos","article_published_time":"2026-01-29T17:04:00+00:00","og_image":[{"width":768,"height":432,"url":"https:\/\/dhg1h5j42swfq.cloudfront.net\/2023\/06\/05083940\/sefaz-rn.jpg","type":"image\/jpeg"}],"author":"Rafael Ferreira Chaves","twitter_card":"summary_large_image","twitter_creator":"@EstratConcursos","twitter_site":"@EstratConcursos","twitter_misc":{"Escrito por":"Rafael Ferreira Chaves","Est. tempo de leitura":"5 minutos"},"schema":{"@context":"https:\/\/schema.org","@graph":[{"@type":"NewsArticle","@id":"https:\/\/www.estrategiaconcursos.com.br\/blog\/moratoria-sefaz-rn\/#article","isPartOf":{"@id":"https:\/\/www.estrategiaconcursos.com.br\/blog\/moratoria-sefaz-rn\/"},"author":{"name":"Rafael Ferreira Chaves","@id":"https:\/\/www.estrategiaconcursos.com.br\/blog\/#\/schema\/person\/545cce8f1c81268ec2ca202a954284e1"},"headline":"Entenda tudo sobre a morat\u00f3ria para o concurso da SEFAZ RN","datePublished":"2026-01-29T17:04:00+00:00","mainEntityOfPage":{"@id":"https:\/\/www.estrategiaconcursos.com.br\/blog\/moratoria-sefaz-rn\/"},"wordCount":1019,"commentCount":0,"publisher":{"@id":"https:\/\/www.estrategiaconcursos.com.br\/blog\/#organization"},"image":{"@id":"https:\/\/www.estrategiaconcursos.com.br\/blog\/moratoria-sefaz-rn\/#primaryimage"},"thumbnailUrl":"https:\/\/dhg1h5j42swfq.cloudfront.net\/2023\/06\/05083940\/sefaz-rn.jpg","articleSection":["Concursos P\u00fablicos","Fiscal - Estadual (ICMS)"],"inLanguage":"pt-BR","potentialAction":[{"@type":"CommentAction","name":"Comment","target":["https:\/\/www.estrategiaconcursos.com.br\/blog\/moratoria-sefaz-rn\/#respond"]}],"copyrightYear":"2026","copyrightHolder":{"@id":"https:\/\/www.estrategiaconcursos.com.br\/blog\/#organization"}},{"@type":"WebPage","@id":"https:\/\/www.estrategiaconcursos.com.br\/blog\/moratoria-sefaz-rn\/","url":"https:\/\/www.estrategiaconcursos.com.br\/blog\/moratoria-sefaz-rn\/","name":"Entenda tudo sobre a morat\u00f3ria para o concurso da SEFAZ RN","isPartOf":{"@id":"https:\/\/www.estrategiaconcursos.com.br\/blog\/#website"},"primaryImageOfPage":{"@id":"https:\/\/www.estrategiaconcursos.com.br\/blog\/moratoria-sefaz-rn\/#primaryimage"},"image":{"@id":"https:\/\/www.estrategiaconcursos.com.br\/blog\/moratoria-sefaz-rn\/#primaryimage"},"thumbnailUrl":"https:\/\/dhg1h5j42swfq.cloudfront.net\/2023\/06\/05083940\/sefaz-rn.jpg","datePublished":"2026-01-29T17:04:00+00:00","description":"Entenda tudo o que \u00e9 mais importante sobre a morat\u00f3ria para o concurso da Secretaria de Estado da Fazenda do Rio Grande do Norte (SEFAZ RN).","breadcrumb":{"@id":"https:\/\/www.estrategiaconcursos.com.br\/blog\/moratoria-sefaz-rn\/#breadcrumb"},"inLanguage":"pt-BR","potentialAction":[{"@type":"ReadAction","target":["https:\/\/www.estrategiaconcursos.com.br\/blog\/moratoria-sefaz-rn\/"]}]},{"@type":"ImageObject","inLanguage":"pt-BR","@id":"https:\/\/www.estrategiaconcursos.com.br\/blog\/moratoria-sefaz-rn\/#primaryimage","url":"https:\/\/dhg1h5j42swfq.cloudfront.net\/2023\/06\/05083940\/sefaz-rn.jpg","contentUrl":"https:\/\/dhg1h5j42swfq.cloudfront.net\/2023\/06\/05083940\/sefaz-rn.jpg","width":768,"height":432,"caption":"Sefaz RN inscritos no concurso"},{"@type":"BreadcrumbList","@id":"https:\/\/www.estrategiaconcursos.com.br\/blog\/moratoria-sefaz-rn\/#breadcrumb","itemListElement":[{"@type":"ListItem","position":1,"name":"In\u00edcio","item":"https:\/\/www.estrategiaconcursos.com.br\/blog\/"},{"@type":"ListItem","position":2,"name":"Entenda tudo sobre a morat\u00f3ria para o concurso da SEFAZ RN"}]},{"@type":"WebSite","@id":"https:\/\/www.estrategiaconcursos.com.br\/blog\/#website","url":"https:\/\/www.estrategiaconcursos.com.br\/blog\/","name":"Estrat\u00e9gia Concursos","description":"O blog da Estrat\u00e9gia Concursos traz not\u00edcias sobre concursos e artigos de professores oferecendo cursos para concursos (pdf + videaulas) no site.","publisher":{"@id":"https:\/\/www.estrategiaconcursos.com.br\/blog\/#organization"},"potentialAction":[{"@type":"SearchAction","target":{"@type":"EntryPoint","urlTemplate":"https:\/\/www.estrategiaconcursos.com.br\/blog\/?s={search_term_string}"},"query-input":{"@type":"PropertyValueSpecification","valueRequired":true,"valueName":"search_term_string"}}],"inLanguage":"pt-BR"},{"@type":"Organization","@id":"https:\/\/www.estrategiaconcursos.com.br\/blog\/#organization","name":"Estrat\u00e9gia Concursos","url":"https:\/\/www.estrategiaconcursos.com.br\/blog\/","logo":{"@type":"ImageObject","inLanguage":"pt-BR","@id":"https:\/\/www.estrategiaconcursos.com.br\/blog\/#\/schema\/logo\/image\/","url":"https:\/\/dhg1h5j42swfq.cloudfront.net\/2025\/06\/03203428\/logo_concursos-1.jpg","contentUrl":"https:\/\/dhg1h5j42swfq.cloudfront.net\/2025\/06\/03203428\/logo_concursos-1.jpg","width":230,"height":60,"caption":"Estrat\u00e9gia Concursos"},"image":{"@id":"https:\/\/www.estrategiaconcursos.com.br\/blog\/#\/schema\/logo\/image\/"},"sameAs":["https:\/\/x.com\/EstratConcursos"]},{"@type":"Person","@id":"https:\/\/www.estrategiaconcursos.com.br\/blog\/#\/schema\/person\/545cce8f1c81268ec2ca202a954284e1","name":"Rafael Ferreira Chaves","image":{"@type":"ImageObject","inLanguage":"pt-BR","@id":"https:\/\/secure.gravatar.com\/avatar\/7d43172b7c8451a76fe991e14bf7b661f56fcd3e9d8f44dcd92c997cfaf1286f?s=96&d=mm&r=g","url":"https:\/\/secure.gravatar.com\/avatar\/7d43172b7c8451a76fe991e14bf7b661f56fcd3e9d8f44dcd92c997cfaf1286f?s=96&d=mm&r=g","contentUrl":"https:\/\/secure.gravatar.com\/avatar\/7d43172b7c8451a76fe991e14bf7b661f56fcd3e9d8f44dcd92c997cfaf1286f?s=96&d=mm&r=g","caption":"Rafael Ferreira Chaves"},"description":"Engenheiro Civil formado pela Universidade Federal do Piau\u00ed - UFPI. Especialista em Engenharia Ambiental e Saneamento B\u00e1sico pela Faculdade Est\u00e1cio. Atualmente exerce o cargo de Auditor de Controle Externo do TCE\/AM. Aprovado e nomeado nos seguintes concursos: ARSETE\/PMT (1\u00ba lugar - Analista de Regula\u00e7\u00e3o - Eng. Civil), Prefeitura de Campinas\/SP (Eng. Civil) , CODEVASF (Analista de Desenvolvimento Regional - Eng. Civil), TCE\/AM (2\u00ba lugar - Auditor de Controle Externo - Obras P\u00fablicas \/ 14\u00ba lugar - Auditor de Controle Externo - Auditoria Governamental), TCE\/TO (2\u00ba lugar - Auditor de Controle Externo - Eng. Civil), TCE GO (Analista de Controle Externo - Controle Externo).","url":"https:\/\/www.estrategiaconcursos.com.br\/blog\/author\/fchaves01gmail-com\/"}]}},"_links":{"self":[{"href":"https:\/\/www.estrategiaconcursos.com.br\/blog\/wp-json\/wp\/v2\/posts\/1702911","targetHints":{"allow":["GET"]}}],"collection":[{"href":"https:\/\/www.estrategiaconcursos.com.br\/blog\/wp-json\/wp\/v2\/posts"}],"about":[{"href":"https:\/\/www.estrategiaconcursos.com.br\/blog\/wp-json\/wp\/v2\/types\/post"}],"author":[{"embeddable":true,"href":"https:\/\/www.estrategiaconcursos.com.br\/blog\/wp-json\/wp\/v2\/users\/2261"}],"replies":[{"embeddable":true,"href":"https:\/\/www.estrategiaconcursos.com.br\/blog\/wp-json\/wp\/v2\/comments?post=1702911"}],"version-history":[{"count":4,"href":"https:\/\/www.estrategiaconcursos.com.br\/blog\/wp-json\/wp\/v2\/posts\/1702911\/revisions"}],"predecessor-version":[{"id":1703431,"href":"https:\/\/www.estrategiaconcursos.com.br\/blog\/wp-json\/wp\/v2\/posts\/1702911\/revisions\/1703431"}],"wp:featuredmedia":[{"embeddable":true,"href":"https:\/\/www.estrategiaconcursos.com.br\/blog\/wp-json\/wp\/v2\/media\/1227510"}],"wp:attachment":[{"href":"https:\/\/www.estrategiaconcursos.com.br\/blog\/wp-json\/wp\/v2\/media?parent=1702911"}],"wp:term":[{"taxonomy":"category","embeddable":true,"href":"https:\/\/www.estrategiaconcursos.com.br\/blog\/wp-json\/wp\/v2\/categories?post=1702911"},{"taxonomy":"post_tag","embeddable":true,"href":"https:\/\/www.estrategiaconcursos.com.br\/blog\/wp-json\/wp\/v2\/tags?post=1702911"},{"taxonomy":"tax_estado","embeddable":true,"href":"https:\/\/www.estrategiaconcursos.com.br\/blog\/wp-json\/wp\/v2\/tax_estado?post=1702911"}],"curies":[{"name":"wp","href":"https:\/\/api.w.org\/{rel}","templated":true}]}}