{"id":1702898,"date":"2026-01-30T08:47:00","date_gmt":"2026-01-30T11:47:00","guid":{"rendered":"https:\/\/www.estrategiaconcursos.com.br\/blog\/?p=1702898"},"modified":"2026-01-28T10:14:25","modified_gmt":"2026-01-28T13:14:25","slug":"administracao-direta-sefaz-sp","status":"publish","type":"post","link":"https:\/\/www.estrategiaconcursos.com.br\/blog\/administracao-direta-sefaz-sp\/","title":{"rendered":"Administra\u00e7\u00e3o Direta para a SEFAZ-SP"},"content":{"rendered":"\n<p>Ol\u00e1, pessoal! Tudo bem? Neste artigo, vamos falar sobre a <strong>administra\u00e7\u00e3o p\u00fablica direta<\/strong>.&nbsp;<\/p>\n\n\n\n<p>A nossa proposta \u00e9 abordar os <strong>principais t\u00f3picos<\/strong> sobre a administra\u00e7\u00e3o p\u00fablica direta, de modo a fornecer uma breve <strong>revis\u00e3o do<\/strong> assunto para a prova da <strong>SEFAZ-SP<\/strong>.<\/p>\n\n\n\n<p><\/p>\n\n\n\n<p style=\"font-size:clamp(16.293px, 1.018rem + ((1vw - 3.2px) * 0.854), 25px);\"><strong>Centraliza\u00e7\u00e3o, descentraliza\u00e7\u00e3o e desconcentra\u00e7\u00e3o<\/strong><\/p>\n\n\n\n<p>A organiza\u00e7\u00e3o administrativa do Estado consiste no modo como est\u00e1 estruturada a atua\u00e7\u00e3o da administra\u00e7\u00e3o p\u00fablica. Ela est\u00e1 pautada nos tr\u00eas fen\u00f4menos conhecidos como <strong>centraliza\u00e7\u00e3o, descentraliza\u00e7\u00e3o e desconcentra\u00e7\u00e3o<\/strong>.<\/p>\n\n\n\n<p>A <strong>centraliza\u00e7\u00e3o <\/strong>corresponde ao modo em que o Estado executa as suas atividades administrativas <strong>diretamente <\/strong>atrav\u00e9s de seus \u00f3rg\u00e3os e agentes que comp\u00f5em a sua estrutura.<\/p>\n\n\n\n<p>O processo oposto \u00e9 a <strong>descentraliza\u00e7\u00e3o<\/strong>, em que o Estado executa suas atividades <strong>indiretamente<\/strong>, mediante delega\u00e7\u00e3o a outras entidades (pessoas jur\u00eddicas).<\/p>\n\n\n\n<p>J\u00e1 a <strong>desconcentra\u00e7\u00e3o <\/strong>\u00e9 o fen\u00f4meno por meio do qual o Estado distribui as suas atividades entre os diversos \u00f3rg\u00e3os pertencentes \u00e0 <strong>mesma pessoa jur\u00eddica<\/strong>.<\/p>\n\n\n\n<p><\/p>\n\n\n\n<h2 class=\"wp-block-heading\" id=\"h-afinal-o-que-e-administracao-publica-direta\" style=\"font-size:clamp(16.293px, 1.018rem + ((1vw - 3.2px) * 0.854), 25px);\"><strong>Afinal, o que \u00e9 administra\u00e7\u00e3o p\u00fablica direta?<\/strong><\/h2>\n\n\n\n<p>A administra\u00e7\u00e3o p\u00fablica direta corresponde ao <strong>conjunto de \u00f3rg\u00e3os que conformam a estrutura central do Estado<\/strong>, cuja fun\u00e7\u00e3o primordial \u00e9 executar as suas atividades administrativas.<\/p>\n\n\n\n<p>De acordo com Jos\u00e9 dos Santos Carvalho Filho, a administra\u00e7\u00e3o direta&nbsp;<\/p>\n\n\n\n<p class=\"has-pale-cyan-blue-background-color has-background\"><em>\u201c[&#8230;] \u00e9 o <\/em><strong><em>conjunto de \u00f3rg\u00e3os que integram as pessoas federativas<\/em><\/strong><em>, aos quais foi atribu\u00edda a compet\u00eancia para o exerc\u00edcio, de forma centralizada, das atividades administrativas do Estado.\u201d<\/em><\/p>\n\n\n\n<p>Desse modo, a administra\u00e7\u00e3o direta compreende os entes federativos, como <strong>a Uni\u00e3o, os Estados, o Distrito Federal e os Munic\u00edpios, bem como os seus \u00f3rg\u00e3os internos<\/strong>, a exemplo dos <strong>Minist\u00e9rios<\/strong>, das <strong>Secretarias <\/strong>Estaduais, Municipais etc.<\/p>\n\n\n\n<p>A t\u00edtulo de exemplo, no plano federal, temos a <strong>Presid\u00eancia da Rep\u00fablica e os Minist\u00e9rios<\/strong>, no Poder Executivo; o <strong>Congresso Nacional, a C\u00e2mara dos Deputados e o Senado<\/strong>, no Poder Legislativo; e, no Judici\u00e1rio, os diversos <strong>tribunais <\/strong>fazem parte da administra\u00e7\u00e3o p\u00fablica direta.<\/p>\n\n\n\n<p>Essa estrutura \u00e9 de certa forma reproduzida nos demais entes federativos, em fun\u00e7\u00e3o do <strong>princ\u00edpio da simetria<\/strong>.<\/p>\n\n\n\n<p><\/p>\n\n\n\n<p style=\"font-size:clamp(16.293px, 1.018rem + ((1vw - 3.2px) * 0.854), 25px);\"><strong>Teorias do \u00d3rg\u00e3o P\u00fablico&nbsp;<\/strong><\/p>\n\n\n\n<p>Durante a evolu\u00e7\u00e3o do conceito de \u00f3rg\u00e3o p\u00fablico, algumas teorias foram elaboradas para explicar a <strong>forma de atua\u00e7\u00e3o dos agentes p\u00fablicos<\/strong> em rela\u00e7\u00e3o ao Estado. Entre as principais, merecem destaque as seguintes:<\/p>\n\n\n\n<p><\/p>\n\n\n\n<ul class=\"wp-block-list\">\n<li><strong>Teoria da identidade<\/strong>: Foi a primeira formula\u00e7\u00e3o te\u00f3rica. Ela considera o \u00f3rg\u00e3o e o agente uma <strong>unidade insepar\u00e1vel<\/strong>, isto \u00e9, <strong>o \u00f3rg\u00e3o p\u00fablico como sendo o pr\u00f3prio agente<\/strong>.<\/li>\n<\/ul>\n\n\n\n<p><\/p>\n\n\n\n<ul class=\"wp-block-list\">\n<li><strong>Teoria da representa\u00e7\u00e3o<\/strong>: Pela teoria da representa\u00e7\u00e3o, <strong>o Estado \u00e9 tratado como um incapaz<\/strong>, que n\u00e3o pode defender pessoalmente seus pr\u00f3prios interesses. Nesse sentido, o agente p\u00fablico <strong>exerceria a curatela<\/strong> dos interesses governamentais, com base nas ideias do Direito Civil.<\/li>\n<\/ul>\n\n\n\n<p><\/p>\n\n\n\n<ul class=\"wp-block-list\">\n<li><strong>Teoria do mandato<\/strong>: Segundo a teoria do mandato, a administra\u00e7\u00e3o p\u00fablica e seus agentes celebram entre si uma esp\u00e9cie de contrato de representa\u00e7\u00e3o, em que os agentes atuam como mandat\u00e1rios (representantes) da administra\u00e7\u00e3o p\u00fablica.<\/li>\n<\/ul>\n\n\n\n<p><\/p>\n\n\n\n<ul class=\"wp-block-list\">\n<li><strong>Teoria do \u00f3rg\u00e3o p\u00fablico<\/strong>: A teoria do \u00f3rg\u00e3o \u00e9 tamb\u00e9m conhecida como teoria da imputa\u00e7\u00e3o volitiva, segundo a qual a atua\u00e7\u00e3o dos \u00f3rg\u00e3os e agentes p\u00fablicos \u00e9 imputada \u00e0 pessoa jur\u00eddica \u00e0 qual pertencem, j\u00e1 que s\u00e3o considerados parte integrante do ente p\u00fablico titular dos direitos e deveres concernentes \u00e0 atua\u00e7\u00e3o estatal.<\/li>\n<\/ul>\n\n\n\n<p><\/p>\n\n\n\n<p style=\"font-size:clamp(16.293px, 1.018rem + ((1vw - 3.2px) * 0.854), 25px);\"><strong>Classifica\u00e7\u00e3o dos \u00f3rg\u00e3os p\u00fablicos<\/strong><\/p>\n\n\n\n<ol class=\"wp-block-list\">\n<li><strong>Quanto \u00e0 hierarquia (ou posi\u00e7\u00e3o estatal):<\/strong><\/li>\n<\/ol>\n\n\n\n<ul class=\"wp-block-list\">\n<li><strong>Independentes<\/strong>: Os \u00f3rg\u00e3os independentes s\u00e3o aqueles situados no mais alto escal\u00e3o dos Poderes da Rep\u00fablica, no topo da cadeia hier\u00e1rquica. Desse modo, os \u00f3rg\u00e3os independentes n\u00e3o se subordinam a nenhum outro \u00f3rg\u00e3o. Exemplos: C\u00e2mara dos Deputados, Senado Federal, Presid\u00eancia da Rep\u00fablica e STF.&nbsp;<\/li>\n<\/ul>\n\n\n\n<p><\/p>\n\n\n\n<ul class=\"wp-block-list\">\n<li><strong>Aut\u00f4nomos<\/strong>: S\u00e3o aqueles situados imediatamente abaixo dos \u00f3rg\u00e3os independentes na cadeia hier\u00e1rquica; possuem autonomia administrativa, financeira e t\u00e9cnica; e respondem por fun\u00e7\u00f5es de coordena\u00e7\u00e3o, planejamento e fiscaliza\u00e7\u00e3o de outros \u00f3rg\u00e3os. Exemplos: Minist\u00e9rios.<\/li>\n<\/ul>\n\n\n\n<p><\/p>\n\n\n\n<ul class=\"wp-block-list\">\n<li><strong>Superiores<\/strong>: Os \u00f3rg\u00e3os superiores possuem poder decis\u00f3rio, embora sejam despidos de autonomia e independ\u00eancia. Al\u00e9m disso, tais \u00f3rg\u00e3os est\u00e3o subordinados a uma chefia superior. Exemplos: Departamento de Pol\u00edcia Federal e Secretaria da Receita Federal.<\/li>\n<\/ul>\n\n\n\n<p><\/p>\n\n\n\n<ul class=\"wp-block-list\">\n<li><strong>Subalternos<\/strong>: Os \u00f3rg\u00e3os subalternos s\u00e3o meros executores de atividades e servi\u00e7os p\u00fablicos, n\u00e3o possuindo, portanto, autonomia, independ\u00eancia ou poder de decis\u00e3o. Exemplos:&nbsp;&nbsp;<\/li>\n<\/ul>\n\n\n\n<p><\/p>\n\n\n\n<ol start=\"2\" class=\"wp-block-list\">\n<li><strong>Quanto \u00e0 estrutura:<\/strong><\/li>\n<\/ol>\n\n\n\n<ul class=\"wp-block-list\">\n<li><strong>Simples<\/strong>: \u00d3rg\u00e3os simples ou unit\u00e1rios s\u00e3o os que possuem apenas um centro de compet\u00eancia, n\u00e3o havendo nenhum outro \u00f3rg\u00e3o em sua composi\u00e7\u00e3o. Exemplo: Gabinete de parlamentares.<\/li>\n<\/ul>\n\n\n\n<p><\/p>\n\n\n\n<ul class=\"wp-block-list\">\n<li><strong>Compostos<\/strong>: S\u00e3o aqueles que se subdividem em outros \u00f3rg\u00e3os, isto \u00e9, admitem a exist\u00eancia de outros \u00f3rg\u00e3os em sua estrutura. Exemplo: Congresso Nacional (se subdivide na C\u00e2mara dos Deputados e no Senado Federal).<\/li>\n<\/ul>\n\n\n\n<p><\/p>\n\n\n\n<ol start=\"3\" class=\"wp-block-list\">\n<li><strong>Quanto \u00e0 atua\u00e7\u00e3o funcional:<\/strong><\/li>\n<\/ol>\n\n\n\n<ul class=\"wp-block-list\">\n<li><strong>Singulares<\/strong>: Singulares ou unipessoais s\u00e3o os \u00f3rg\u00e3os em que as decis\u00f5es s\u00e3o tomadas por um \u00fanico agente. Exemplo: Presid\u00eancia da Rep\u00fablica.<\/li>\n<\/ul>\n\n\n\n<p><\/p>\n\n\n\n<ul class=\"wp-block-list\">\n<li><strong>Colegiados<\/strong>: \u00d3rg\u00e3os colegiados s\u00e3o aqueles em que as decis\u00f5es s\u00e3o tomadas por meio de colegiados. S\u00e3o tamb\u00e9m conhecidos como \u00f3rg\u00e3os pluripessoais. Exemplo: C\u00e2mara dos Deputados.<\/li>\n<\/ul>\n\n\n\n<p><\/p>\n\n\n\n<ol start=\"4\" class=\"wp-block-list\">\n<li><strong>Quanto ao \u00e2mbito de atua\u00e7\u00e3o:<\/strong><\/li>\n<\/ol>\n\n\n\n<ul class=\"wp-block-list\">\n<li><strong>Centrais<\/strong>: Os \u00f3rg\u00e3os centrais s\u00e3o \u00f3rg\u00e3os que atuam em todo o territ\u00f3rio em que se situa. Exemplo: Conselho Nacional de Justi\u00e7a (CNJ), Supremo Tribunal Federal (STF), Minist\u00e9rio da Sa\u00fade, Secretaria Estadual de Transportes, Secretaria Municipal de Fazenda etc.<\/li>\n<\/ul>\n\n\n\n<p><\/p>\n\n\n\n<ul class=\"wp-block-list\">\n<li><strong>Locais<\/strong>: Os \u00f3rg\u00e3os locais s\u00e3o aqueles que s\u00f3 podem atuar em determinada localidade do territ\u00f3rio em que se situam. Exemplo: Delegacias, varas judiciais e f\u00f3runs.<\/li>\n<\/ul>\n\n\n\n<p><\/p>\n\n\n\n<p>Ficamos por aqui\u2026<\/p>\n\n\n\n<p>Para se aprofundar no assunto, estude com nossos <a href=\"https:\/\/www.estrategiaconcursos.com.br\/cursos\/concurso\/\">materiais em pdf e em v\u00eddeo aulas<\/a>, e aumente as suas chances de aprova\u00e7\u00e3o.<\/p>\n\n\n\n<p>Bons estudos e at\u00e9 a pr\u00f3xima!<\/p>\n\n\n\n<p>Nilson Assis<\/p>\n\n\n\n<p>Analista Legislativo do Senado Federal<\/p>\n\n\n\n<p>@nsassis.concursos<\/p>\n\n\n\n<ul class=\"wp-block-list\">\n<li><a href=\"https:\/\/www.estrategiaconcursos.com.br\/blog\/concursos-2026\/\">Concursos 2026<\/a><\/li>\n\n\n\n<li><a href=\"https:\/\/www.estrategiaconcursos.com.br\/blog\/concursos-2025\/\">Concursos 2025<\/a><\/li>\n\n\n\n<li><a href=\"https:\/\/www.estrategiaconcursos.com.br\/blog\/concursos-federais-2023\/\">Concursos federais<\/a><\/li>\n\n\n\n<li><a href=\"https:\/\/cj.estrategia.com\/portal\/concursos-abertos-carreiras-juridicas\/\">Concursos abertos Carreiras Jur\u00eddicas<\/a><\/li>\n\n\n\n<li><a href=\"https:\/\/www.estrategiaconcursos.com.br\/blog\/concursos-abertos\/\">Concursos abertos<\/a><\/li>\n<\/ul>\n\n\n\n<p><\/p>\n\n\n\n<p style=\"font-size:clamp(16.293px, 1.018rem + ((1vw - 3.2px) * 0.854), 25px);\"><strong>Refer\u00eancias Bibliogr\u00e1ficas<\/strong><\/p>\n\n\n\n<p>Campos, Ana Cl\u00e1udia. <strong>Direito Administrativo Facilitado \/ Ana Cl\u00e1udia Campos<\/strong>. S\u00e3o Paulo: M\u00e9todo; Rio de Janeiro: Forense, 2019.<\/p>\n\n\n\n<p>Carvalho Filho, Jos\u00e9 dos Santos. <strong>Manual de direito administrativo \/ Jos\u00e9 dos Santos Carvalho Filho<\/strong>. \u2013 28. ed. rev., ampl. e atual. at\u00e9 31-12-2014. \u2013 S\u00e3o Paulo : Atlas, 2015.<\/p>\n\n\n\n<p><\/p>\n","protected":false},"excerpt":{"rendered":"<p>Ol\u00e1, pessoal! Tudo bem? Neste artigo, vamos falar sobre a administra\u00e7\u00e3o p\u00fablica direta.&nbsp; A nossa proposta \u00e9 abordar os principais t\u00f3picos sobre a administra\u00e7\u00e3o p\u00fablica direta, de modo a fornecer uma breve revis\u00e3o do assunto para a prova da SEFAZ-SP. Centraliza\u00e7\u00e3o, descentraliza\u00e7\u00e3o e desconcentra\u00e7\u00e3o A organiza\u00e7\u00e3o administrativa do Estado consiste no modo como est\u00e1 estruturada [&hellip;]<\/p>\n","protected":false},"author":2894,"featured_media":512325,"comment_status":"open","ping_status":"closed","sticky":false,"template":"","format":"standard","meta":{"post_tipo":"article","footnotes":""},"categories":[1],"tags":[],"tax_estado":[],"class_list":["post-1702898","post","type-post","status-publish","format-standard","has-post-thumbnail","hentry","category-cursos-e-concursos"],"acf":[],"yoast_head":"<!-- This site is optimized with the Yoast SEO Premium plugin v27.2 (Yoast SEO v27.2) - https:\/\/yoast.com\/product\/yoast-seo-premium-wordpress\/ -->\n<title>Administra\u00e7\u00e3o Direta para a SEFAZ-SP<\/title>\n<meta name=\"description\" content=\"Abordaremos os principais t\u00f3picos sobre a administra\u00e7\u00e3o p\u00fablica direta, de modo a fornecer uma breve revis\u00e3o para a prova da SEFAZ-SP.\" \/>\n<meta name=\"robots\" content=\"index, follow, max-snippet:-1, max-image-preview:large, max-video-preview:-1\" \/>\n<link rel=\"canonical\" href=\"https:\/\/www.estrategiaconcursos.com.br\/blog\/administracao-direta-sefaz-sp\/\" \/>\n<meta property=\"og:locale\" content=\"pt_BR\" \/>\n<meta property=\"og:type\" content=\"article\" \/>\n<meta property=\"og:title\" content=\"Administra\u00e7\u00e3o Direta para a SEFAZ-SP\" \/>\n<meta property=\"og:description\" content=\"Abordaremos os principais t\u00f3picos sobre a administra\u00e7\u00e3o p\u00fablica direta, de modo a fornecer uma breve revis\u00e3o para a prova da SEFAZ-SP.\" \/>\n<meta property=\"og:url\" content=\"https:\/\/www.estrategiaconcursos.com.br\/blog\/administracao-direta-sefaz-sp\/\" \/>\n<meta property=\"og:site_name\" content=\"Estrat\u00e9gia Concursos\" \/>\n<meta property=\"article:published_time\" content=\"2026-01-30T11:47:00+00:00\" \/>\n<meta property=\"og:image\" content=\"https:\/\/dhg1h5j42swfq.cloudfront.net\/2020\/05\/07201335\/EsplanadadosMinist%C3%A9rios-1.jpg\" \/>\n\t<meta property=\"og:image:width\" content=\"500\" \/>\n\t<meta property=\"og:image:height\" content=\"333\" \/>\n\t<meta property=\"og:image:type\" content=\"image\/jpeg\" \/>\n<meta name=\"author\" content=\"Nilson Silva de Assis\" \/>\n<meta name=\"twitter:card\" content=\"summary_large_image\" \/>\n<meta name=\"twitter:creator\" content=\"@EstratConcursos\" \/>\n<meta name=\"twitter:site\" content=\"@EstratConcursos\" \/>\n<meta name=\"twitter:label1\" content=\"Escrito por\" \/>\n\t<meta name=\"twitter:data1\" content=\"Nilson Silva de Assis\" \/>\n\t<meta name=\"twitter:label2\" content=\"Est. tempo de leitura\" \/>\n\t<meta name=\"twitter:data2\" content=\"5 minutos\" \/>\n<script type=\"application\/ld+json\" class=\"yoast-schema-graph\">{\"@context\":\"https:\/\/schema.org\",\"@graph\":[{\"@type\":\"NewsArticle\",\"@id\":\"https:\/\/www.estrategiaconcursos.com.br\/blog\/administracao-direta-sefaz-sp\/#article\",\"isPartOf\":{\"@id\":\"https:\/\/www.estrategiaconcursos.com.br\/blog\/administracao-direta-sefaz-sp\/\"},\"author\":{\"name\":\"Nilson Silva de Assis\",\"@id\":\"https:\/\/www.estrategiaconcursos.com.br\/blog\/#\/schema\/person\/2602628e49ec93d5f782b149f91603ab\"},\"headline\":\"Administra\u00e7\u00e3o Direta para a SEFAZ-SP\",\"datePublished\":\"2026-01-30T11:47:00+00:00\",\"mainEntityOfPage\":{\"@id\":\"https:\/\/www.estrategiaconcursos.com.br\/blog\/administracao-direta-sefaz-sp\/\"},\"wordCount\":1089,\"commentCount\":0,\"publisher\":{\"@id\":\"https:\/\/www.estrategiaconcursos.com.br\/blog\/#organization\"},\"image\":{\"@id\":\"https:\/\/www.estrategiaconcursos.com.br\/blog\/administracao-direta-sefaz-sp\/#primaryimage\"},\"thumbnailUrl\":\"https:\/\/dhg1h5j42swfq.cloudfront.net\/2020\/05\/07201335\/EsplanadadosMinist%C3%A9rios-1.jpg\",\"articleSection\":[\"Concursos P\u00fablicos\"],\"inLanguage\":\"pt-BR\",\"potentialAction\":[{\"@type\":\"CommentAction\",\"name\":\"Comment\",\"target\":[\"https:\/\/www.estrategiaconcursos.com.br\/blog\/administracao-direta-sefaz-sp\/#respond\"]}],\"copyrightYear\":\"2026\",\"copyrightHolder\":{\"@id\":\"https:\/\/www.estrategiaconcursos.com.br\/blog\/#organization\"}},{\"@type\":\"WebPage\",\"@id\":\"https:\/\/www.estrategiaconcursos.com.br\/blog\/administracao-direta-sefaz-sp\/\",\"url\":\"https:\/\/www.estrategiaconcursos.com.br\/blog\/administracao-direta-sefaz-sp\/\",\"name\":\"Administra\u00e7\u00e3o Direta para a SEFAZ-SP\",\"isPartOf\":{\"@id\":\"https:\/\/www.estrategiaconcursos.com.br\/blog\/#website\"},\"primaryImageOfPage\":{\"@id\":\"https:\/\/www.estrategiaconcursos.com.br\/blog\/administracao-direta-sefaz-sp\/#primaryimage\"},\"image\":{\"@id\":\"https:\/\/www.estrategiaconcursos.com.br\/blog\/administracao-direta-sefaz-sp\/#primaryimage\"},\"thumbnailUrl\":\"https:\/\/dhg1h5j42swfq.cloudfront.net\/2020\/05\/07201335\/EsplanadadosMinist%C3%A9rios-1.jpg\",\"datePublished\":\"2026-01-30T11:47:00+00:00\",\"description\":\"Abordaremos os principais t\u00f3picos sobre a administra\u00e7\u00e3o p\u00fablica direta, de modo a fornecer uma breve revis\u00e3o para a prova da SEFAZ-SP.\",\"breadcrumb\":{\"@id\":\"https:\/\/www.estrategiaconcursos.com.br\/blog\/administracao-direta-sefaz-sp\/#breadcrumb\"},\"inLanguage\":\"pt-BR\",\"potentialAction\":[{\"@type\":\"ReadAction\",\"target\":[\"https:\/\/www.estrategiaconcursos.com.br\/blog\/administracao-direta-sefaz-sp\/\"]}]},{\"@type\":\"ImageObject\",\"inLanguage\":\"pt-BR\",\"@id\":\"https:\/\/www.estrategiaconcursos.com.br\/blog\/administracao-direta-sefaz-sp\/#primaryimage\",\"url\":\"https:\/\/dhg1h5j42swfq.cloudfront.net\/2020\/05\/07201335\/EsplanadadosMinist%C3%A9rios-1.jpg\",\"contentUrl\":\"https:\/\/dhg1h5j42swfq.cloudfront.net\/2020\/05\/07201335\/EsplanadadosMinist%C3%A9rios-1.jpg\",\"width\":500,\"height\":333,\"caption\":\"administra\u00e7\u00e3o direta\"},{\"@type\":\"BreadcrumbList\",\"@id\":\"https:\/\/www.estrategiaconcursos.com.br\/blog\/administracao-direta-sefaz-sp\/#breadcrumb\",\"itemListElement\":[{\"@type\":\"ListItem\",\"position\":1,\"name\":\"In\u00edcio\",\"item\":\"https:\/\/www.estrategiaconcursos.com.br\/blog\/\"},{\"@type\":\"ListItem\",\"position\":2,\"name\":\"Administra\u00e7\u00e3o Direta para a SEFAZ-SP\"}]},{\"@type\":\"WebSite\",\"@id\":\"https:\/\/www.estrategiaconcursos.com.br\/blog\/#website\",\"url\":\"https:\/\/www.estrategiaconcursos.com.br\/blog\/\",\"name\":\"Estrat\u00e9gia Concursos\",\"description\":\"O blog da Estrat\u00e9gia Concursos traz not\u00edcias sobre concursos e artigos de professores oferecendo cursos para concursos (pdf + videaulas) no site.\",\"publisher\":{\"@id\":\"https:\/\/www.estrategiaconcursos.com.br\/blog\/#organization\"},\"potentialAction\":[{\"@type\":\"SearchAction\",\"target\":{\"@type\":\"EntryPoint\",\"urlTemplate\":\"https:\/\/www.estrategiaconcursos.com.br\/blog\/?s={search_term_string}\"},\"query-input\":{\"@type\":\"PropertyValueSpecification\",\"valueRequired\":true,\"valueName\":\"search_term_string\"}}],\"inLanguage\":\"pt-BR\"},{\"@type\":\"Organization\",\"@id\":\"https:\/\/www.estrategiaconcursos.com.br\/blog\/#organization\",\"name\":\"Estrat\u00e9gia Concursos\",\"url\":\"https:\/\/www.estrategiaconcursos.com.br\/blog\/\",\"logo\":{\"@type\":\"ImageObject\",\"inLanguage\":\"pt-BR\",\"@id\":\"https:\/\/www.estrategiaconcursos.com.br\/blog\/#\/schema\/logo\/image\/\",\"url\":\"https:\/\/dhg1h5j42swfq.cloudfront.net\/2025\/06\/03203428\/logo_concursos-1.jpg\",\"contentUrl\":\"https:\/\/dhg1h5j42swfq.cloudfront.net\/2025\/06\/03203428\/logo_concursos-1.jpg\",\"width\":230,\"height\":60,\"caption\":\"Estrat\u00e9gia Concursos\"},\"image\":{\"@id\":\"https:\/\/www.estrategiaconcursos.com.br\/blog\/#\/schema\/logo\/image\/\"},\"sameAs\":[\"https:\/\/x.com\/EstratConcursos\"]},{\"@type\":\"Person\",\"@id\":\"https:\/\/www.estrategiaconcursos.com.br\/blog\/#\/schema\/person\/2602628e49ec93d5f782b149f91603ab\",\"name\":\"Nilson Silva de Assis\",\"image\":{\"@type\":\"ImageObject\",\"inLanguage\":\"pt-BR\",\"@id\":\"https:\/\/secure.gravatar.com\/avatar\/cdec26ae7042f64d4ddcb70bcf78a4fcbc02661bfa30a7ce3d8bf515b625a75a?s=96&d=mm&r=g\",\"url\":\"https:\/\/secure.gravatar.com\/avatar\/cdec26ae7042f64d4ddcb70bcf78a4fcbc02661bfa30a7ce3d8bf515b625a75a?s=96&d=mm&r=g\",\"contentUrl\":\"https:\/\/secure.gravatar.com\/avatar\/cdec26ae7042f64d4ddcb70bcf78a4fcbc02661bfa30a7ce3d8bf515b625a75a?s=96&d=mm&r=g\",\"caption\":\"Nilson Silva de Assis\"},\"description\":\"Atualmente \u00e9 Analista Legislativo do Senado Federal e Professor do Estrat\u00e9gia Concursos. Suas principais aprova\u00e7\u00f5es: Analista Legislativo do Senado Federal; Auditor Federal de Finan\u00e7as e Controle da CGU; Auditor-Fiscal da Receita Estadual da SEFAZ ES; T\u00e9cnico Fazend\u00e1rio do ISS Manaus; Assistente Executivo em Metrologia e Qualidade do Inmetro; Agente Fazend\u00e1rio do ISS Niter\u00f3i\/RJ; Assistente Administrativo da Prefeitura do Rio (RioSa\u00fade); Assistente Administrativo da Secretaria de Administra\u00e7\u00e3o do Munic\u00edpio do RJ.\",\"sameAs\":[\"https:\/\/www.instagram.com\/nilsonassis.concursos\/\",\"kedin.com\/in\/nilson-assis-954132295\/\"],\"url\":\"https:\/\/www.estrategiaconcursos.com.br\/blog\/author\/nilson-sdeassisgmail-com\/\"}]}<\/script>\n<!-- \/ Yoast SEO Premium plugin. -->","yoast_head_json":{"title":"Administra\u00e7\u00e3o Direta para a SEFAZ-SP","description":"Abordaremos os principais t\u00f3picos sobre a administra\u00e7\u00e3o p\u00fablica direta, de modo a fornecer uma breve revis\u00e3o para a prova da SEFAZ-SP.","robots":{"index":"index","follow":"follow","max-snippet":"max-snippet:-1","max-image-preview":"max-image-preview:large","max-video-preview":"max-video-preview:-1"},"canonical":"https:\/\/www.estrategiaconcursos.com.br\/blog\/administracao-direta-sefaz-sp\/","og_locale":"pt_BR","og_type":"article","og_title":"Administra\u00e7\u00e3o Direta para a SEFAZ-SP","og_description":"Abordaremos os principais t\u00f3picos sobre a administra\u00e7\u00e3o p\u00fablica direta, de modo a fornecer uma breve revis\u00e3o para a prova da SEFAZ-SP.","og_url":"https:\/\/www.estrategiaconcursos.com.br\/blog\/administracao-direta-sefaz-sp\/","og_site_name":"Estrat\u00e9gia Concursos","article_published_time":"2026-01-30T11:47:00+00:00","og_image":[{"width":500,"height":333,"url":"https:\/\/dhg1h5j42swfq.cloudfront.net\/2020\/05\/07201335\/EsplanadadosMinist%C3%A9rios-1.jpg","type":"image\/jpeg"}],"author":"Nilson Silva de Assis","twitter_card":"summary_large_image","twitter_creator":"@EstratConcursos","twitter_site":"@EstratConcursos","twitter_misc":{"Escrito por":"Nilson Silva de Assis","Est. tempo de leitura":"5 minutos"},"schema":{"@context":"https:\/\/schema.org","@graph":[{"@type":"NewsArticle","@id":"https:\/\/www.estrategiaconcursos.com.br\/blog\/administracao-direta-sefaz-sp\/#article","isPartOf":{"@id":"https:\/\/www.estrategiaconcursos.com.br\/blog\/administracao-direta-sefaz-sp\/"},"author":{"name":"Nilson Silva de Assis","@id":"https:\/\/www.estrategiaconcursos.com.br\/blog\/#\/schema\/person\/2602628e49ec93d5f782b149f91603ab"},"headline":"Administra\u00e7\u00e3o Direta para a SEFAZ-SP","datePublished":"2026-01-30T11:47:00+00:00","mainEntityOfPage":{"@id":"https:\/\/www.estrategiaconcursos.com.br\/blog\/administracao-direta-sefaz-sp\/"},"wordCount":1089,"commentCount":0,"publisher":{"@id":"https:\/\/www.estrategiaconcursos.com.br\/blog\/#organization"},"image":{"@id":"https:\/\/www.estrategiaconcursos.com.br\/blog\/administracao-direta-sefaz-sp\/#primaryimage"},"thumbnailUrl":"https:\/\/dhg1h5j42swfq.cloudfront.net\/2020\/05\/07201335\/EsplanadadosMinist%C3%A9rios-1.jpg","articleSection":["Concursos P\u00fablicos"],"inLanguage":"pt-BR","potentialAction":[{"@type":"CommentAction","name":"Comment","target":["https:\/\/www.estrategiaconcursos.com.br\/blog\/administracao-direta-sefaz-sp\/#respond"]}],"copyrightYear":"2026","copyrightHolder":{"@id":"https:\/\/www.estrategiaconcursos.com.br\/blog\/#organization"}},{"@type":"WebPage","@id":"https:\/\/www.estrategiaconcursos.com.br\/blog\/administracao-direta-sefaz-sp\/","url":"https:\/\/www.estrategiaconcursos.com.br\/blog\/administracao-direta-sefaz-sp\/","name":"Administra\u00e7\u00e3o Direta para a SEFAZ-SP","isPartOf":{"@id":"https:\/\/www.estrategiaconcursos.com.br\/blog\/#website"},"primaryImageOfPage":{"@id":"https:\/\/www.estrategiaconcursos.com.br\/blog\/administracao-direta-sefaz-sp\/#primaryimage"},"image":{"@id":"https:\/\/www.estrategiaconcursos.com.br\/blog\/administracao-direta-sefaz-sp\/#primaryimage"},"thumbnailUrl":"https:\/\/dhg1h5j42swfq.cloudfront.net\/2020\/05\/07201335\/EsplanadadosMinist%C3%A9rios-1.jpg","datePublished":"2026-01-30T11:47:00+00:00","description":"Abordaremos os principais t\u00f3picos sobre a administra\u00e7\u00e3o p\u00fablica direta, de modo a fornecer uma breve revis\u00e3o para a prova da SEFAZ-SP.","breadcrumb":{"@id":"https:\/\/www.estrategiaconcursos.com.br\/blog\/administracao-direta-sefaz-sp\/#breadcrumb"},"inLanguage":"pt-BR","potentialAction":[{"@type":"ReadAction","target":["https:\/\/www.estrategiaconcursos.com.br\/blog\/administracao-direta-sefaz-sp\/"]}]},{"@type":"ImageObject","inLanguage":"pt-BR","@id":"https:\/\/www.estrategiaconcursos.com.br\/blog\/administracao-direta-sefaz-sp\/#primaryimage","url":"https:\/\/dhg1h5j42swfq.cloudfront.net\/2020\/05\/07201335\/EsplanadadosMinist%C3%A9rios-1.jpg","contentUrl":"https:\/\/dhg1h5j42swfq.cloudfront.net\/2020\/05\/07201335\/EsplanadadosMinist%C3%A9rios-1.jpg","width":500,"height":333,"caption":"administra\u00e7\u00e3o direta"},{"@type":"BreadcrumbList","@id":"https:\/\/www.estrategiaconcursos.com.br\/blog\/administracao-direta-sefaz-sp\/#breadcrumb","itemListElement":[{"@type":"ListItem","position":1,"name":"In\u00edcio","item":"https:\/\/www.estrategiaconcursos.com.br\/blog\/"},{"@type":"ListItem","position":2,"name":"Administra\u00e7\u00e3o Direta para a SEFAZ-SP"}]},{"@type":"WebSite","@id":"https:\/\/www.estrategiaconcursos.com.br\/blog\/#website","url":"https:\/\/www.estrategiaconcursos.com.br\/blog\/","name":"Estrat\u00e9gia Concursos","description":"O blog da Estrat\u00e9gia Concursos traz not\u00edcias sobre concursos e artigos de professores oferecendo cursos para concursos (pdf + videaulas) no site.","publisher":{"@id":"https:\/\/www.estrategiaconcursos.com.br\/blog\/#organization"},"potentialAction":[{"@type":"SearchAction","target":{"@type":"EntryPoint","urlTemplate":"https:\/\/www.estrategiaconcursos.com.br\/blog\/?s={search_term_string}"},"query-input":{"@type":"PropertyValueSpecification","valueRequired":true,"valueName":"search_term_string"}}],"inLanguage":"pt-BR"},{"@type":"Organization","@id":"https:\/\/www.estrategiaconcursos.com.br\/blog\/#organization","name":"Estrat\u00e9gia Concursos","url":"https:\/\/www.estrategiaconcursos.com.br\/blog\/","logo":{"@type":"ImageObject","inLanguage":"pt-BR","@id":"https:\/\/www.estrategiaconcursos.com.br\/blog\/#\/schema\/logo\/image\/","url":"https:\/\/dhg1h5j42swfq.cloudfront.net\/2025\/06\/03203428\/logo_concursos-1.jpg","contentUrl":"https:\/\/dhg1h5j42swfq.cloudfront.net\/2025\/06\/03203428\/logo_concursos-1.jpg","width":230,"height":60,"caption":"Estrat\u00e9gia Concursos"},"image":{"@id":"https:\/\/www.estrategiaconcursos.com.br\/blog\/#\/schema\/logo\/image\/"},"sameAs":["https:\/\/x.com\/EstratConcursos"]},{"@type":"Person","@id":"https:\/\/www.estrategiaconcursos.com.br\/blog\/#\/schema\/person\/2602628e49ec93d5f782b149f91603ab","name":"Nilson Silva de Assis","image":{"@type":"ImageObject","inLanguage":"pt-BR","@id":"https:\/\/secure.gravatar.com\/avatar\/cdec26ae7042f64d4ddcb70bcf78a4fcbc02661bfa30a7ce3d8bf515b625a75a?s=96&d=mm&r=g","url":"https:\/\/secure.gravatar.com\/avatar\/cdec26ae7042f64d4ddcb70bcf78a4fcbc02661bfa30a7ce3d8bf515b625a75a?s=96&d=mm&r=g","contentUrl":"https:\/\/secure.gravatar.com\/avatar\/cdec26ae7042f64d4ddcb70bcf78a4fcbc02661bfa30a7ce3d8bf515b625a75a?s=96&d=mm&r=g","caption":"Nilson Silva de Assis"},"description":"Atualmente \u00e9 Analista Legislativo do Senado Federal e Professor do Estrat\u00e9gia Concursos. Suas principais aprova\u00e7\u00f5es: Analista Legislativo do Senado Federal; Auditor Federal de Finan\u00e7as e Controle da CGU; Auditor-Fiscal da Receita Estadual da SEFAZ ES; T\u00e9cnico Fazend\u00e1rio do ISS Manaus; Assistente Executivo em Metrologia e Qualidade do Inmetro; Agente Fazend\u00e1rio do ISS Niter\u00f3i\/RJ; Assistente Administrativo da Prefeitura do Rio (RioSa\u00fade); Assistente Administrativo da Secretaria de Administra\u00e7\u00e3o do Munic\u00edpio do RJ.","sameAs":["https:\/\/www.instagram.com\/nilsonassis.concursos\/","kedin.com\/in\/nilson-assis-954132295\/"],"url":"https:\/\/www.estrategiaconcursos.com.br\/blog\/author\/nilson-sdeassisgmail-com\/"}]}},"_links":{"self":[{"href":"https:\/\/www.estrategiaconcursos.com.br\/blog\/wp-json\/wp\/v2\/posts\/1702898","targetHints":{"allow":["GET"]}}],"collection":[{"href":"https:\/\/www.estrategiaconcursos.com.br\/blog\/wp-json\/wp\/v2\/posts"}],"about":[{"href":"https:\/\/www.estrategiaconcursos.com.br\/blog\/wp-json\/wp\/v2\/types\/post"}],"author":[{"embeddable":true,"href":"https:\/\/www.estrategiaconcursos.com.br\/blog\/wp-json\/wp\/v2\/users\/2894"}],"replies":[{"embeddable":true,"href":"https:\/\/www.estrategiaconcursos.com.br\/blog\/wp-json\/wp\/v2\/comments?post=1702898"}],"version-history":[{"count":3,"href":"https:\/\/www.estrategiaconcursos.com.br\/blog\/wp-json\/wp\/v2\/posts\/1702898\/revisions"}],"predecessor-version":[{"id":1702914,"href":"https:\/\/www.estrategiaconcursos.com.br\/blog\/wp-json\/wp\/v2\/posts\/1702898\/revisions\/1702914"}],"wp:featuredmedia":[{"embeddable":true,"href":"https:\/\/www.estrategiaconcursos.com.br\/blog\/wp-json\/wp\/v2\/media\/512325"}],"wp:attachment":[{"href":"https:\/\/www.estrategiaconcursos.com.br\/blog\/wp-json\/wp\/v2\/media?parent=1702898"}],"wp:term":[{"taxonomy":"category","embeddable":true,"href":"https:\/\/www.estrategiaconcursos.com.br\/blog\/wp-json\/wp\/v2\/categories?post=1702898"},{"taxonomy":"post_tag","embeddable":true,"href":"https:\/\/www.estrategiaconcursos.com.br\/blog\/wp-json\/wp\/v2\/tags?post=1702898"},{"taxonomy":"tax_estado","embeddable":true,"href":"https:\/\/www.estrategiaconcursos.com.br\/blog\/wp-json\/wp\/v2\/tax_estado?post=1702898"}],"curies":[{"name":"wp","href":"https:\/\/api.w.org\/{rel}","templated":true}]}}