{"id":1702887,"date":"2026-01-21T11:34:36","date_gmt":"2026-01-21T14:34:36","guid":{"rendered":"https:\/\/www.estrategiaconcursos.com.br\/blog\/?p=1702887"},"modified":"2026-01-21T11:34:39","modified_gmt":"2026-01-21T14:34:39","slug":"prazo-para-se-inscrever-nas-vagas-de-nivel-fundamental-do-mp-sp-termina-em-06-02","status":"publish","type":"post","link":"https:\/\/www.estrategiaconcursos.com.br\/blog\/prazo-para-se-inscrever-nas-vagas-de-nivel-fundamental-do-mp-sp-termina-em-06-02\/","title":{"rendered":"Prazo para se inscrever nas vagas de n\u00edvel fundamental do MP SP termina em 06\/02!"},"content":{"rendered":"\n<p><strong><em>Inscri\u00e7\u00f5es exclusivamente no site da\u00a0Funda\u00e7\u00e3o Vunesp<\/em><\/strong><\/p>\n\n\n\n<p>As inscri\u00e7\u00f5es do concurso do <strong><a href=\"https:\/\/www.estrategiaconcursos.com.br\/cursosPorConcurso\/ministerio-publico-de-sao-paulo-mp-sp\/\" target=\"_blank\" rel=\"noreferrer noopener\">Minist\u00e9rio P\u00fablico de Estado de S\u00e3o Paulo<\/a>\u00a0(MP SP)<\/strong> para o cargo de\u00a0<strong>Auxiliar de Promotoria I (Especialidade Administrativa)<\/strong>, de n\u00edvel fundamental, devem ser feitas at\u00e9 \u00e0s <strong>23h59 do dia 6 de fevereiro de 2026<\/strong>.<\/p>\n\n\n\n<p>Os interessados em participar da sele\u00e7\u00e3o devem acessar o site da\u00a0<a href=\"https:\/\/www.vunesp.com.br\/MPSP2504\" target=\"_blank\" rel=\"noreferrer noopener\">Funda\u00e7\u00e3o Vunesp<\/a> e pagar a taxa no valor de R$ 107,00.<\/p>\n\n\n\n<p>Os sal\u00e1rios podem chegar a R$ 6 mil, valor que soma o vencimento b\u00e1sico de <strong>R$ 3.784,45<\/strong> mais os benef\u00edcios da carreira.<\/p>\n\n\n\n<div class=\"container\" id=\"boxes\">\n  <div class=\"row\">\n\n    <div class=\"col-sm\">\n      <div class=\"banner-tribunal\" id=\"box-assinatura\">\n        <h3 class=\"titulo-assinatura\">Cursos para MP SP<\/h3>\n        <p class=\"subtitulo-assinatura\">Conhe\u00e7a os cursos<\/p>\n        <div class=\"box-botao\">\n          <a class=\"btn-assinatura\" target=\"_blank\" href=\"https:\/\/www.estrategiaconcursos.com.br\/cursosPorConcurso\/ministerio-publico-de-sao-paulo-mp-sp\/\" role=\"button\" rel=\"noopener noreferrer\">Conhe\u00e7a mais<\/a>\n        <\/div>\n      <\/div>\n      <p class=\"texto-auxiliar\">Prepare-se com o melhor material e com quem mais aprova em Concursos P\u00fablicos em todo o pa\u00eds.<\/p>\n    <\/div>\n\n  <\/div>\n<\/div>\n\n\n\n<h2 class=\"wp-block-heading\" id=\"h-qual-e-a-proxima-data-importante\">Qual \u00e9 a pr\u00f3xima data importante?<\/h2>\n\n\n\n<p>As provas para o cargo de\u00a0<strong>Auxiliar de Promotoria I (Especialidade Administrativa)<\/strong>\u00a0ser\u00e3o compostas por uma etapa \u00fanica, a serem aplicadas em 29 de mar\u00e7o. <\/p>\n\n\n\n<p>A prova ser\u00e1\u00a0<strong>objetiva<\/strong>\u00a0(m\u00faltipla escolha), com 60 quest\u00f5es e dura\u00e7\u00e3o total de 4 horas. <\/p>\n\n\n\n<p>As quest\u00f5es est\u00e3o divididas nas seguintes disciplinas de n\u00edvel fundamental:<\/p>\n\n\n\n<ul class=\"wp-block-list\">\n<li><strong>L\u00edngua Portuguesa (20 quest\u00f5es):<\/strong>\u00a0Leitura e interpreta\u00e7\u00e3o de textos, sin\u00f4nimos\/ant\u00f4nimos, pontua\u00e7\u00e3o, classes de palavras e concord\u00e2ncia.<\/li>\n\n\n\n<li><strong>Matem\u00e1tica (15 quest\u00f5es):<\/strong>\u00a0Resolu\u00e7\u00e3o de situa\u00e7\u00f5es-problema, MMC, MDC, porcentagem, regra de tr\u00eas simples e equa\u00e7\u00f5es de 1\u00ba grau.<\/li>\n\n\n\n<li><strong>No\u00e7\u00f5es de Inform\u00e1tica (10 quest\u00f5es):<\/strong>\u00a0MS-Windows 10 ou superior, MS-Word 2016 e MS-Excel 2016, al\u00e9m de correio eletr\u00f4nico e internet.<\/li>\n\n\n\n<li><strong>Legisla\u00e7\u00e3o (5 quest\u00f5es):<\/strong>\u00a0Constitui\u00e7\u00e3o Federal (artigos selecionados) e Estatuto dos Funcion\u00e1rios P\u00fablicos Civis de SP.<\/li>\n\n\n\n<li><strong>Hist\u00f3ria (5 quest\u00f5es):<\/strong>\u00a0Fatos pol\u00edticos e sociais relevantes do Brasil no s\u00e9culo XX.<\/li>\n\n\n\n<li><strong>Geografia (5 quest\u00f5es):<\/strong>\u00a0Aspectos geogr\u00e1ficos e econ\u00f4micos do Brasil e do Estado de S\u00e3o Paulo.\u00a0<\/li>\n<\/ul>\n\n\n\n<p class=\"has-text-align-center has-cyan-bluish-gray-background-color has-background has-medium-font-size\"><strong><a href=\"https:\/\/www.estrategiaconcursos.com.br\/blog\/concurso-mp-sp\/\">Saiba mais em: concurso MP SP<\/a><\/strong><\/p>\n\n\n\n<h2 class=\"wp-block-heading has-text-align-center\" id=\"h-quer-saber-tudo-sobre-concursos-previstos-confira-nossos-artigos\">Quer saber tudo sobre concursos previstos?<br \/>Confira nossos artigos!<\/h2>\n\n\n\n<ul class=\"wp-block-list\">\n<li><a href=\"https:\/\/www.estrategiaconcursos.com.br\/blog\/concursos-abertos\/\" target=\"_blank\" rel=\"noreferrer noopener\">Concursos abertos<\/a><\/li>\n\n\n\n<li><a href=\"https:\/\/www.estrategiaconcursos.com.br\/blog\/concursos-mp\/\">Concursos MP<\/a><\/li>\n\n\n\n<li><a href=\"https:\/\/www.estrategiaconcursos.com.br\/blog\/concursos-2026\/\">Concursos 2026<\/a><\/li>\n<\/ul>\n\n\n\n<h2 class=\"wp-block-heading has-text-align-center\" id=\"cursos\">Agora que voc\u00ea conferiu sobre as inscri\u00e7\u00f5es do concurso MP SP, que tal iniciar os estudos? <\/h2>\n\n\n\n<p class=\"has-text-align-center\"><em><strong>Gostou desta oportunidade e deseja come\u00e7ar se preparar agora mesmo para o concurso MP SP? Confira os nossos cursos e comece a estudar<\/strong><\/em>:<\/p>\n\n\n\n<div class=\"container\" id=\"boxes\">\n  <div class=\"row\">\n\n    <div class=\"col-sm\">\n      <div class=\"banner-tribunal\" id=\"box-assinatura\">\n        <h3 class=\"titulo-assinatura\">Cursos para MP SP<\/h3>\n        <p class=\"subtitulo-assinatura\">Conhe\u00e7a os cursos<\/p>\n        <div class=\"box-botao\">\n          <a class=\"btn-assinatura\" target=\"_blank\" href=\"https:\/\/www.estrategiaconcursos.com.br\/cursosPorConcurso\/ministerio-publico-de-sao-paulo-mp-sp\/\" role=\"button\" rel=\"noopener noreferrer\">Conhe\u00e7a mais<\/a>\n        <\/div>\n      <\/div>\n      <p class=\"texto-auxiliar\">Prepare-se com o melhor material e com quem mais aprova em Concursos P\u00fablicos em todo o pa\u00eds.<\/p>\n    <\/div>\n\n  <\/div>\n<\/div>\n\n\n\n<div class=\"container\" id=\"boxes\">\n  <div class=\"row\">\n\n    <div class=\"col-sm\">\n      <div class=\"estrategia\" id=\"box-assinatura\">\n        <h3 class=\"titulo-assinatura\">Assinatura Concursos<\/h3>\n        <p class=\"subtitulo-assinatura\">Assinatura de 1 ano ou 2 anos<\/p>\n        <div class=\"box-botao\">\n          <a class=\"btn-assinatura\" target=\"_blank\" href=\"https:\/\/www.estrategiaconcursos.com.br\/assinaturas\/\" role=\"button\" rel=\"noopener noreferrer\">ASSINE AGORA<\/a>\n        <\/div>\n      <\/div>\n     \n    <\/div><\/div><\/div>\n\n\n\n<p><\/p>\n","protected":false},"excerpt":{"rendered":"<p>Inscri\u00e7\u00f5es exclusivamente no site da\u00a0Funda\u00e7\u00e3o Vunesp As inscri\u00e7\u00f5es do concurso do Minist\u00e9rio P\u00fablico de Estado de S\u00e3o Paulo\u00a0(MP SP) para o cargo de\u00a0Auxiliar de Promotoria I (Especialidade Administrativa), de n\u00edvel fundamental, devem ser feitas at\u00e9 \u00e0s 23h59 do dia 6 de fevereiro de 2026. Os interessados em participar da sele\u00e7\u00e3o devem acessar o site da\u00a0Funda\u00e7\u00e3o [&hellip;]<\/p>\n","protected":false},"author":2375,"featured_media":1100011,"comment_status":"open","ping_status":"closed","sticky":false,"template":"","format":"standard","meta":{"post_tipo":"news","footnotes":""},"categories":[222238,220219],"tags":[],"tax_estado":[219989],"class_list":["post-1702887","post","type-post","status-publish","format-standard","has-post-thumbnail","hentry","category-ministerio-publico","category-noticias","tax_estado-sp"],"acf":[],"yoast_head":"<!-- This site is optimized with the Yoast SEO Premium plugin v27.2 (Yoast SEO v27.2) - https:\/\/yoast.com\/product\/yoast-seo-premium-wordpress\/ -->\n<title>Prazo para se inscrever nas vagas de n\u00edvel fundamental do MP SP termina em 06\/02!<\/title>\n<meta name=\"description\" content=\"Concurso MP SP: confira com o Estrat\u00e9gia Concursos os detalhes das inscri\u00e7\u00f5es e da aplica\u00e7\u00e3o das provas objetivas.\" \/>\n<meta name=\"robots\" content=\"index, follow, max-snippet:-1, max-image-preview:large, max-video-preview:-1\" \/>\n<link rel=\"canonical\" href=\"https:\/\/www.estrategiaconcursos.com.br\/blog\/prazo-para-se-inscrever-nas-vagas-de-nivel-fundamental-do-mp-sp-termina-em-06-02\/\" \/>\n<meta property=\"og:locale\" content=\"pt_BR\" \/>\n<meta property=\"og:type\" content=\"article\" \/>\n<meta property=\"og:title\" content=\"Prazo para se inscrever nas vagas de n\u00edvel fundamental do MP SP termina em 06\/02!\" \/>\n<meta property=\"og:description\" content=\"Concurso MP SP: confira com o Estrat\u00e9gia Concursos os detalhes das inscri\u00e7\u00f5es e da aplica\u00e7\u00e3o das provas objetivas.\" \/>\n<meta property=\"og:url\" content=\"https:\/\/www.estrategiaconcursos.com.br\/blog\/prazo-para-se-inscrever-nas-vagas-de-nivel-fundamental-do-mp-sp-termina-em-06-02\/\" \/>\n<meta property=\"og:site_name\" content=\"Estrat\u00e9gia Concursos\" \/>\n<meta property=\"article:published_time\" content=\"2026-01-21T14:34:36+00:00\" \/>\n<meta property=\"article:modified_time\" content=\"2026-01-21T14:34:39+00:00\" \/>\n<meta property=\"og:image\" content=\"https:\/\/dhg1h5j42swfq.cloudfront.net\/2022\/09\/24101042\/mp_sp.jpg\" \/>\n\t<meta property=\"og:image:width\" content=\"768\" \/>\n\t<meta property=\"og:image:height\" content=\"432\" \/>\n\t<meta property=\"og:image:type\" content=\"image\/jpeg\" \/>\n<meta name=\"author\" content=\"Priscila Almeida\" \/>\n<meta name=\"twitter:card\" content=\"summary_large_image\" \/>\n<meta name=\"twitter:creator\" content=\"@EstratConcursos\" \/>\n<meta name=\"twitter:site\" content=\"@EstratConcursos\" \/>\n<meta name=\"twitter:label1\" content=\"Escrito por\" \/>\n\t<meta name=\"twitter:data1\" content=\"Priscila Almeida\" \/>\n\t<meta name=\"twitter:label2\" content=\"Est. tempo de leitura\" \/>\n\t<meta name=\"twitter:data2\" content=\"2 minutos\" \/>\n<script type=\"application\/ld+json\" class=\"yoast-schema-graph\">{\"@context\":\"https:\/\/schema.org\",\"@graph\":[{\"@type\":\"NewsArticle\",\"@id\":\"https:\/\/www.estrategiaconcursos.com.br\/blog\/prazo-para-se-inscrever-nas-vagas-de-nivel-fundamental-do-mp-sp-termina-em-06-02\/#article\",\"isPartOf\":{\"@id\":\"https:\/\/www.estrategiaconcursos.com.br\/blog\/prazo-para-se-inscrever-nas-vagas-de-nivel-fundamental-do-mp-sp-termina-em-06-02\/\"},\"author\":{\"name\":\"Priscila Almeida\",\"@id\":\"https:\/\/www.estrategiaconcursos.com.br\/blog\/#\/schema\/person\/a06e841e501f2e1d8c49c4e8f066bfd1\"},\"headline\":\"Prazo para se inscrever nas vagas de n\u00edvel fundamental do MP SP termina em 06\/02!\",\"datePublished\":\"2026-01-21T14:34:36+00:00\",\"dateModified\":\"2026-01-21T14:34:39+00:00\",\"mainEntityOfPage\":{\"@id\":\"https:\/\/www.estrategiaconcursos.com.br\/blog\/prazo-para-se-inscrever-nas-vagas-de-nivel-fundamental-do-mp-sp-termina-em-06-02\/\"},\"wordCount\":423,\"commentCount\":0,\"publisher\":{\"@id\":\"https:\/\/www.estrategiaconcursos.com.br\/blog\/#organization\"},\"image\":{\"@id\":\"https:\/\/www.estrategiaconcursos.com.br\/blog\/prazo-para-se-inscrever-nas-vagas-de-nivel-fundamental-do-mp-sp-termina-em-06-02\/#primaryimage\"},\"thumbnailUrl\":\"https:\/\/dhg1h5j42swfq.cloudfront.net\/2022\/09\/24101042\/mp_sp.jpg\",\"articleSection\":[\"Minist\u00e9rio P\u00fablico\",\"\u00daltimas not\u00edcias\"],\"inLanguage\":\"pt-BR\",\"potentialAction\":[{\"@type\":\"CommentAction\",\"name\":\"Comment\",\"target\":[\"https:\/\/www.estrategiaconcursos.com.br\/blog\/prazo-para-se-inscrever-nas-vagas-de-nivel-fundamental-do-mp-sp-termina-em-06-02\/#respond\"]}],\"copyrightYear\":\"2026\",\"copyrightHolder\":{\"@id\":\"https:\/\/www.estrategiaconcursos.com.br\/blog\/#organization\"}},{\"@type\":\"WebPage\",\"@id\":\"https:\/\/www.estrategiaconcursos.com.br\/blog\/prazo-para-se-inscrever-nas-vagas-de-nivel-fundamental-do-mp-sp-termina-em-06-02\/\",\"url\":\"https:\/\/www.estrategiaconcursos.com.br\/blog\/prazo-para-se-inscrever-nas-vagas-de-nivel-fundamental-do-mp-sp-termina-em-06-02\/\",\"name\":\"Prazo para se inscrever nas vagas de n\u00edvel fundamental do MP SP termina em 06\/02!\",\"isPartOf\":{\"@id\":\"https:\/\/www.estrategiaconcursos.com.br\/blog\/#website\"},\"primaryImageOfPage\":{\"@id\":\"https:\/\/www.estrategiaconcursos.com.br\/blog\/prazo-para-se-inscrever-nas-vagas-de-nivel-fundamental-do-mp-sp-termina-em-06-02\/#primaryimage\"},\"image\":{\"@id\":\"https:\/\/www.estrategiaconcursos.com.br\/blog\/prazo-para-se-inscrever-nas-vagas-de-nivel-fundamental-do-mp-sp-termina-em-06-02\/#primaryimage\"},\"thumbnailUrl\":\"https:\/\/dhg1h5j42swfq.cloudfront.net\/2022\/09\/24101042\/mp_sp.jpg\",\"datePublished\":\"2026-01-21T14:34:36+00:00\",\"dateModified\":\"2026-01-21T14:34:39+00:00\",\"description\":\"Concurso MP SP: confira com o Estrat\u00e9gia Concursos os detalhes das inscri\u00e7\u00f5es e da aplica\u00e7\u00e3o das provas objetivas.\",\"breadcrumb\":{\"@id\":\"https:\/\/www.estrategiaconcursos.com.br\/blog\/prazo-para-se-inscrever-nas-vagas-de-nivel-fundamental-do-mp-sp-termina-em-06-02\/#breadcrumb\"},\"inLanguage\":\"pt-BR\",\"potentialAction\":[{\"@type\":\"ReadAction\",\"target\":[\"https:\/\/www.estrategiaconcursos.com.br\/blog\/prazo-para-se-inscrever-nas-vagas-de-nivel-fundamental-do-mp-sp-termina-em-06-02\/\"]}]},{\"@type\":\"ImageObject\",\"inLanguage\":\"pt-BR\",\"@id\":\"https:\/\/www.estrategiaconcursos.com.br\/blog\/prazo-para-se-inscrever-nas-vagas-de-nivel-fundamental-do-mp-sp-termina-em-06-02\/#primaryimage\",\"url\":\"https:\/\/dhg1h5j42swfq.cloudfront.net\/2022\/09\/24101042\/mp_sp.jpg\",\"contentUrl\":\"https:\/\/dhg1h5j42swfq.cloudfront.net\/2022\/09\/24101042\/mp_sp.jpg\",\"width\":768,\"height\":432},{\"@type\":\"BreadcrumbList\",\"@id\":\"https:\/\/www.estrategiaconcursos.com.br\/blog\/prazo-para-se-inscrever-nas-vagas-de-nivel-fundamental-do-mp-sp-termina-em-06-02\/#breadcrumb\",\"itemListElement\":[{\"@type\":\"ListItem\",\"position\":1,\"name\":\"In\u00edcio\",\"item\":\"https:\/\/www.estrategiaconcursos.com.br\/blog\/\"},{\"@type\":\"ListItem\",\"position\":2,\"name\":\"Prazo para se inscrever nas vagas de n\u00edvel fundamental do MP SP termina em 06\/02!\"}]},{\"@type\":\"WebSite\",\"@id\":\"https:\/\/www.estrategiaconcursos.com.br\/blog\/#website\",\"url\":\"https:\/\/www.estrategiaconcursos.com.br\/blog\/\",\"name\":\"Estrat\u00e9gia Concursos\",\"description\":\"O blog da Estrat\u00e9gia Concursos traz not\u00edcias sobre concursos e artigos de professores oferecendo cursos para concursos (pdf + videaulas) no site.\",\"publisher\":{\"@id\":\"https:\/\/www.estrategiaconcursos.com.br\/blog\/#organization\"},\"potentialAction\":[{\"@type\":\"SearchAction\",\"target\":{\"@type\":\"EntryPoint\",\"urlTemplate\":\"https:\/\/www.estrategiaconcursos.com.br\/blog\/?s={search_term_string}\"},\"query-input\":{\"@type\":\"PropertyValueSpecification\",\"valueRequired\":true,\"valueName\":\"search_term_string\"}}],\"inLanguage\":\"pt-BR\"},{\"@type\":\"Organization\",\"@id\":\"https:\/\/www.estrategiaconcursos.com.br\/blog\/#organization\",\"name\":\"Estrat\u00e9gia Concursos\",\"url\":\"https:\/\/www.estrategiaconcursos.com.br\/blog\/\",\"logo\":{\"@type\":\"ImageObject\",\"inLanguage\":\"pt-BR\",\"@id\":\"https:\/\/www.estrategiaconcursos.com.br\/blog\/#\/schema\/logo\/image\/\",\"url\":\"https:\/\/dhg1h5j42swfq.cloudfront.net\/2025\/06\/03203428\/logo_concursos-1.jpg\",\"contentUrl\":\"https:\/\/dhg1h5j42swfq.cloudfront.net\/2025\/06\/03203428\/logo_concursos-1.jpg\",\"width\":230,\"height\":60,\"caption\":\"Estrat\u00e9gia Concursos\"},\"image\":{\"@id\":\"https:\/\/www.estrategiaconcursos.com.br\/blog\/#\/schema\/logo\/image\/\"},\"sameAs\":[\"https:\/\/x.com\/EstratConcursos\"]},{\"@type\":\"Person\",\"@id\":\"https:\/\/www.estrategiaconcursos.com.br\/blog\/#\/schema\/person\/a06e841e501f2e1d8c49c4e8f066bfd1\",\"name\":\"Priscila Almeida\",\"image\":{\"@type\":\"ImageObject\",\"inLanguage\":\"pt-BR\",\"@id\":\"https:\/\/secure.gravatar.com\/avatar\/0a963c9e2a947fa675b669cea2b5d0ba6dd1cbf46b966190343b6c9973ad3337?s=96&d=mm&r=g\",\"url\":\"https:\/\/secure.gravatar.com\/avatar\/0a963c9e2a947fa675b669cea2b5d0ba6dd1cbf46b966190343b6c9973ad3337?s=96&d=mm&r=g\",\"contentUrl\":\"https:\/\/secure.gravatar.com\/avatar\/0a963c9e2a947fa675b669cea2b5d0ba6dd1cbf46b966190343b6c9973ad3337?s=96&d=mm&r=g\",\"caption\":\"Priscila Almeida\"},\"description\":\"Atua na \u00e1rea de concursos p\u00fablicos desde 2019. As editorias que mais t\u00eam familiaridade s\u00e3o: Tribunais (TJs; TRTs; TREs; TSTs; STJ, STF, STM e TSE); Defensorias; Minist\u00e9rios P\u00fablicos; Procuradorias; Educa\u00e7\u00e3o e Conselhos. Na \u00e1rea de comunica\u00e7\u00e3o, de maneira geral, a caminhada \u00e9 um pouco mais longa - desde 2007. Possui experi\u00eancia em reda\u00e7\u00f5es de r\u00e1dio, TV, Web e impresso, al\u00e9m de desenvolver trabalhos em assessorias de comunica\u00e7\u00e3o institucional, empresarial e p\u00fablicas. Entre outros trabalhos, se destacam a atua\u00e7\u00e3o nas \u00e1reas de Justi\u00e7a, Congresso, Esportes, Sa\u00fade, Agropecu\u00e1ria, Cidades e Avia\u00e7\u00e3o Civil.\",\"url\":\"https:\/\/www.estrategiaconcursos.com.br\/blog\/author\/priscila-almeidaestrategia-com\/\"}]}<\/script>\n<!-- \/ Yoast SEO Premium plugin. -->","yoast_head_json":{"title":"Prazo para se inscrever nas vagas de n\u00edvel fundamental do MP SP termina em 06\/02!","description":"Concurso MP SP: confira com o Estrat\u00e9gia Concursos os detalhes das inscri\u00e7\u00f5es e da aplica\u00e7\u00e3o das provas objetivas.","robots":{"index":"index","follow":"follow","max-snippet":"max-snippet:-1","max-image-preview":"max-image-preview:large","max-video-preview":"max-video-preview:-1"},"canonical":"https:\/\/www.estrategiaconcursos.com.br\/blog\/prazo-para-se-inscrever-nas-vagas-de-nivel-fundamental-do-mp-sp-termina-em-06-02\/","og_locale":"pt_BR","og_type":"article","og_title":"Prazo para se inscrever nas vagas de n\u00edvel fundamental do MP SP termina em 06\/02!","og_description":"Concurso MP SP: confira com o Estrat\u00e9gia Concursos os detalhes das inscri\u00e7\u00f5es e da aplica\u00e7\u00e3o das provas objetivas.","og_url":"https:\/\/www.estrategiaconcursos.com.br\/blog\/prazo-para-se-inscrever-nas-vagas-de-nivel-fundamental-do-mp-sp-termina-em-06-02\/","og_site_name":"Estrat\u00e9gia Concursos","article_published_time":"2026-01-21T14:34:36+00:00","article_modified_time":"2026-01-21T14:34:39+00:00","og_image":[{"width":768,"height":432,"url":"https:\/\/dhg1h5j42swfq.cloudfront.net\/2022\/09\/24101042\/mp_sp.jpg","type":"image\/jpeg"}],"author":"Priscila Almeida","twitter_card":"summary_large_image","twitter_creator":"@EstratConcursos","twitter_site":"@EstratConcursos","twitter_misc":{"Escrito por":"Priscila Almeida","Est. tempo de leitura":"2 minutos"},"schema":{"@context":"https:\/\/schema.org","@graph":[{"@type":"NewsArticle","@id":"https:\/\/www.estrategiaconcursos.com.br\/blog\/prazo-para-se-inscrever-nas-vagas-de-nivel-fundamental-do-mp-sp-termina-em-06-02\/#article","isPartOf":{"@id":"https:\/\/www.estrategiaconcursos.com.br\/blog\/prazo-para-se-inscrever-nas-vagas-de-nivel-fundamental-do-mp-sp-termina-em-06-02\/"},"author":{"name":"Priscila Almeida","@id":"https:\/\/www.estrategiaconcursos.com.br\/blog\/#\/schema\/person\/a06e841e501f2e1d8c49c4e8f066bfd1"},"headline":"Prazo para se inscrever nas vagas de n\u00edvel fundamental do MP SP termina em 06\/02!","datePublished":"2026-01-21T14:34:36+00:00","dateModified":"2026-01-21T14:34:39+00:00","mainEntityOfPage":{"@id":"https:\/\/www.estrategiaconcursos.com.br\/blog\/prazo-para-se-inscrever-nas-vagas-de-nivel-fundamental-do-mp-sp-termina-em-06-02\/"},"wordCount":423,"commentCount":0,"publisher":{"@id":"https:\/\/www.estrategiaconcursos.com.br\/blog\/#organization"},"image":{"@id":"https:\/\/www.estrategiaconcursos.com.br\/blog\/prazo-para-se-inscrever-nas-vagas-de-nivel-fundamental-do-mp-sp-termina-em-06-02\/#primaryimage"},"thumbnailUrl":"https:\/\/dhg1h5j42swfq.cloudfront.net\/2022\/09\/24101042\/mp_sp.jpg","articleSection":["Minist\u00e9rio P\u00fablico","\u00daltimas not\u00edcias"],"inLanguage":"pt-BR","potentialAction":[{"@type":"CommentAction","name":"Comment","target":["https:\/\/www.estrategiaconcursos.com.br\/blog\/prazo-para-se-inscrever-nas-vagas-de-nivel-fundamental-do-mp-sp-termina-em-06-02\/#respond"]}],"copyrightYear":"2026","copyrightHolder":{"@id":"https:\/\/www.estrategiaconcursos.com.br\/blog\/#organization"}},{"@type":"WebPage","@id":"https:\/\/www.estrategiaconcursos.com.br\/blog\/prazo-para-se-inscrever-nas-vagas-de-nivel-fundamental-do-mp-sp-termina-em-06-02\/","url":"https:\/\/www.estrategiaconcursos.com.br\/blog\/prazo-para-se-inscrever-nas-vagas-de-nivel-fundamental-do-mp-sp-termina-em-06-02\/","name":"Prazo para se inscrever nas vagas de n\u00edvel fundamental do MP SP termina em 06\/02!","isPartOf":{"@id":"https:\/\/www.estrategiaconcursos.com.br\/blog\/#website"},"primaryImageOfPage":{"@id":"https:\/\/www.estrategiaconcursos.com.br\/blog\/prazo-para-se-inscrever-nas-vagas-de-nivel-fundamental-do-mp-sp-termina-em-06-02\/#primaryimage"},"image":{"@id":"https:\/\/www.estrategiaconcursos.com.br\/blog\/prazo-para-se-inscrever-nas-vagas-de-nivel-fundamental-do-mp-sp-termina-em-06-02\/#primaryimage"},"thumbnailUrl":"https:\/\/dhg1h5j42swfq.cloudfront.net\/2022\/09\/24101042\/mp_sp.jpg","datePublished":"2026-01-21T14:34:36+00:00","dateModified":"2026-01-21T14:34:39+00:00","description":"Concurso MP SP: confira com o Estrat\u00e9gia Concursos os detalhes das inscri\u00e7\u00f5es e da aplica\u00e7\u00e3o das provas objetivas.","breadcrumb":{"@id":"https:\/\/www.estrategiaconcursos.com.br\/blog\/prazo-para-se-inscrever-nas-vagas-de-nivel-fundamental-do-mp-sp-termina-em-06-02\/#breadcrumb"},"inLanguage":"pt-BR","potentialAction":[{"@type":"ReadAction","target":["https:\/\/www.estrategiaconcursos.com.br\/blog\/prazo-para-se-inscrever-nas-vagas-de-nivel-fundamental-do-mp-sp-termina-em-06-02\/"]}]},{"@type":"ImageObject","inLanguage":"pt-BR","@id":"https:\/\/www.estrategiaconcursos.com.br\/blog\/prazo-para-se-inscrever-nas-vagas-de-nivel-fundamental-do-mp-sp-termina-em-06-02\/#primaryimage","url":"https:\/\/dhg1h5j42swfq.cloudfront.net\/2022\/09\/24101042\/mp_sp.jpg","contentUrl":"https:\/\/dhg1h5j42swfq.cloudfront.net\/2022\/09\/24101042\/mp_sp.jpg","width":768,"height":432},{"@type":"BreadcrumbList","@id":"https:\/\/www.estrategiaconcursos.com.br\/blog\/prazo-para-se-inscrever-nas-vagas-de-nivel-fundamental-do-mp-sp-termina-em-06-02\/#breadcrumb","itemListElement":[{"@type":"ListItem","position":1,"name":"In\u00edcio","item":"https:\/\/www.estrategiaconcursos.com.br\/blog\/"},{"@type":"ListItem","position":2,"name":"Prazo para se inscrever nas vagas de n\u00edvel fundamental do MP SP termina em 06\/02!"}]},{"@type":"WebSite","@id":"https:\/\/www.estrategiaconcursos.com.br\/blog\/#website","url":"https:\/\/www.estrategiaconcursos.com.br\/blog\/","name":"Estrat\u00e9gia Concursos","description":"O blog da Estrat\u00e9gia Concursos traz not\u00edcias sobre concursos e artigos de professores oferecendo cursos para concursos (pdf + videaulas) no site.","publisher":{"@id":"https:\/\/www.estrategiaconcursos.com.br\/blog\/#organization"},"potentialAction":[{"@type":"SearchAction","target":{"@type":"EntryPoint","urlTemplate":"https:\/\/www.estrategiaconcursos.com.br\/blog\/?s={search_term_string}"},"query-input":{"@type":"PropertyValueSpecification","valueRequired":true,"valueName":"search_term_string"}}],"inLanguage":"pt-BR"},{"@type":"Organization","@id":"https:\/\/www.estrategiaconcursos.com.br\/blog\/#organization","name":"Estrat\u00e9gia Concursos","url":"https:\/\/www.estrategiaconcursos.com.br\/blog\/","logo":{"@type":"ImageObject","inLanguage":"pt-BR","@id":"https:\/\/www.estrategiaconcursos.com.br\/blog\/#\/schema\/logo\/image\/","url":"https:\/\/dhg1h5j42swfq.cloudfront.net\/2025\/06\/03203428\/logo_concursos-1.jpg","contentUrl":"https:\/\/dhg1h5j42swfq.cloudfront.net\/2025\/06\/03203428\/logo_concursos-1.jpg","width":230,"height":60,"caption":"Estrat\u00e9gia Concursos"},"image":{"@id":"https:\/\/www.estrategiaconcursos.com.br\/blog\/#\/schema\/logo\/image\/"},"sameAs":["https:\/\/x.com\/EstratConcursos"]},{"@type":"Person","@id":"https:\/\/www.estrategiaconcursos.com.br\/blog\/#\/schema\/person\/a06e841e501f2e1d8c49c4e8f066bfd1","name":"Priscila Almeida","image":{"@type":"ImageObject","inLanguage":"pt-BR","@id":"https:\/\/secure.gravatar.com\/avatar\/0a963c9e2a947fa675b669cea2b5d0ba6dd1cbf46b966190343b6c9973ad3337?s=96&d=mm&r=g","url":"https:\/\/secure.gravatar.com\/avatar\/0a963c9e2a947fa675b669cea2b5d0ba6dd1cbf46b966190343b6c9973ad3337?s=96&d=mm&r=g","contentUrl":"https:\/\/secure.gravatar.com\/avatar\/0a963c9e2a947fa675b669cea2b5d0ba6dd1cbf46b966190343b6c9973ad3337?s=96&d=mm&r=g","caption":"Priscila Almeida"},"description":"Atua na \u00e1rea de concursos p\u00fablicos desde 2019. As editorias que mais t\u00eam familiaridade s\u00e3o: Tribunais (TJs; TRTs; TREs; TSTs; STJ, STF, STM e TSE); Defensorias; Minist\u00e9rios P\u00fablicos; Procuradorias; Educa\u00e7\u00e3o e Conselhos. Na \u00e1rea de comunica\u00e7\u00e3o, de maneira geral, a caminhada \u00e9 um pouco mais longa - desde 2007. Possui experi\u00eancia em reda\u00e7\u00f5es de r\u00e1dio, TV, Web e impresso, al\u00e9m de desenvolver trabalhos em assessorias de comunica\u00e7\u00e3o institucional, empresarial e p\u00fablicas. Entre outros trabalhos, se destacam a atua\u00e7\u00e3o nas \u00e1reas de Justi\u00e7a, Congresso, Esportes, Sa\u00fade, Agropecu\u00e1ria, Cidades e Avia\u00e7\u00e3o Civil.","url":"https:\/\/www.estrategiaconcursos.com.br\/blog\/author\/priscila-almeidaestrategia-com\/"}]}},"_links":{"self":[{"href":"https:\/\/www.estrategiaconcursos.com.br\/blog\/wp-json\/wp\/v2\/posts\/1702887","targetHints":{"allow":["GET"]}}],"collection":[{"href":"https:\/\/www.estrategiaconcursos.com.br\/blog\/wp-json\/wp\/v2\/posts"}],"about":[{"href":"https:\/\/www.estrategiaconcursos.com.br\/blog\/wp-json\/wp\/v2\/types\/post"}],"author":[{"embeddable":true,"href":"https:\/\/www.estrategiaconcursos.com.br\/blog\/wp-json\/wp\/v2\/users\/2375"}],"replies":[{"embeddable":true,"href":"https:\/\/www.estrategiaconcursos.com.br\/blog\/wp-json\/wp\/v2\/comments?post=1702887"}],"version-history":[{"count":2,"href":"https:\/\/www.estrategiaconcursos.com.br\/blog\/wp-json\/wp\/v2\/posts\/1702887\/revisions"}],"predecessor-version":[{"id":1702904,"href":"https:\/\/www.estrategiaconcursos.com.br\/blog\/wp-json\/wp\/v2\/posts\/1702887\/revisions\/1702904"}],"wp:featuredmedia":[{"embeddable":true,"href":"https:\/\/www.estrategiaconcursos.com.br\/blog\/wp-json\/wp\/v2\/media\/1100011"}],"wp:attachment":[{"href":"https:\/\/www.estrategiaconcursos.com.br\/blog\/wp-json\/wp\/v2\/media?parent=1702887"}],"wp:term":[{"taxonomy":"category","embeddable":true,"href":"https:\/\/www.estrategiaconcursos.com.br\/blog\/wp-json\/wp\/v2\/categories?post=1702887"},{"taxonomy":"post_tag","embeddable":true,"href":"https:\/\/www.estrategiaconcursos.com.br\/blog\/wp-json\/wp\/v2\/tags?post=1702887"},{"taxonomy":"tax_estado","embeddable":true,"href":"https:\/\/www.estrategiaconcursos.com.br\/blog\/wp-json\/wp\/v2\/tax_estado?post=1702887"}],"curies":[{"name":"wp","href":"https:\/\/api.w.org\/{rel}","templated":true}]}}