{"id":1702777,"date":"2026-01-21T09:23:21","date_gmt":"2026-01-21T12:23:21","guid":{"rendered":"https:\/\/www.estrategiaconcursos.com.br\/blog\/?p=1702777"},"modified":"2026-01-21T09:23:24","modified_gmt":"2026-01-21T12:23:24","slug":"informativo-stf-revisao-2025-parte-3","status":"publish","type":"post","link":"https:\/\/www.estrategiaconcursos.com.br\/blog\/informativo-stf-revisao-2025-parte-3\/","title":{"rendered":"Informativo STF &#8211; Revis\u00e3o 2025 Parte 3"},"content":{"rendered":"\n<p class=\"has-text-align-center\"><strong><a href=\"https:\/\/dhg1h5j42swfq.cloudfront.net\/2026\/01\/21092303\/stf-rev-2025-3.pdf\">DOWNLOAD do PDF<\/a><\/strong><\/p>\n\n\n\n<figure class=\"wp-block-embed is-type-video is-provider-youtube wp-block-embed-youtube wp-embed-aspect-16-9 wp-has-aspect-ratio\"><div class=\"wp-block-embed__wrapper\">\n<div class=\"lyte-wrapper\" style=\"width:853px;max-width:100%;margin:5px;\"><div class=\"lyMe\" id=\"WYL_eVY6KlLp3U0\"><div id=\"lyte_eVY6KlLp3U0\" data-src=\"\/\/i.ytimg.com\/vi\/eVY6KlLp3U0\/hqdefault.jpg\" class=\"pL\"><div class=\"tC\"><div class=\"tT\"><\/div><\/div><div class=\"play\"><\/div><div class=\"ctrl\"><div class=\"Lctrl\"><\/div><div class=\"Rctrl\"><\/div><\/div><\/div><noscript><a href=\"https:\/\/youtu.be\/eVY6KlLp3U0\" rel=\"nofollow\"><img loading=\"lazy\" decoding=\"async\" src=\"https:\/\/i.ytimg.com\/vi\/eVY6KlLp3U0\/0.jpg\" alt=\"YouTube video thumbnail\" width=\"853\" height=\"460\" \/><br \/>Assista a este v\u00eddeo no YouTube<\/a><\/noscript><\/div><\/div><div class=\"lL\" style=\"max-width:100%;width:853px;margin:5px;\"><\/div>\n<\/div><\/figure>\n\n\n\n<h2 class=\"wp-block-heading\" id=\"h-1-nbsp-nbsp-nbsp-nbsp-nbsp-nbsp-nbsp-nbsp-nbsp-iss-e-industrializacao-por-encomenda\">1.&nbsp;&nbsp;&nbsp;&nbsp;&nbsp;&nbsp;&nbsp;&nbsp;&nbsp; ISS e industrializa\u00e7\u00e3o por encomenda<\/h2>\n\n\n\n<h3 class=\"wp-block-heading\" id=\"h-destaque\">Destaque<\/h3>\n\n\n\n<p>\u00c9 inconstitucional a incid\u00eancia do ISS sobre opera\u00e7\u00f5es de industrializa\u00e7\u00e3o por encomenda quando o bem retorna \u00e0 circula\u00e7\u00e3o econ\u00f4mica, configurando etapa intermedi\u00e1ria do ciclo produtivo. Al\u00e9m disso, as multas morat\u00f3rias devem respeitar o limite de 20% do d\u00e9bito tribut\u00e1rio.<\/p>\n\n\n\n<p>RE 882.461\/MG, Rel. Min. Dias Toffoli, julgamento finalizado em 26\/02\/2025 (Tema 816 RG).<\/p>\n\n\n\n<p><strong>Entenda o Julgado<\/strong><\/p>\n\n\n\n<p>\u2022 O caso discutiu a incid\u00eancia do ISS sobre opera\u00e7\u00f5es de industrializa\u00e7\u00e3o por encomenda.<\/p>\n\n\n\n<p>\u2022 As atividades analisadas consistiam em etapas intermedi\u00e1rias do processo produtivo.<\/p>\n\n\n\n<p>\u2022 O bem industrializado <em>retornava \u00e0 circula\u00e7\u00e3o<\/em> econ\u00f4mica para posterior comercializa\u00e7\u00e3o ou nova industrializa\u00e7\u00e3o.<\/p>\n\n\n\n<p>\u2022 O STF distinguiu presta\u00e7\u00e3o de servi\u00e7o final de etapa produtiva intermedi\u00e1ria.<\/p>\n\n\n\n<p>\u2022 A industrializa\u00e7\u00e3o por encomenda, nessas hip\u00f3teses, integra o ciclo econ\u00f4mico da mercadoria = N\u00e3o se caracteriza presta\u00e7\u00e3o de servi\u00e7o aut\u00f4noma sujeita ao ISS.<\/p>\n\n\n\n<p>\u2022 A incid\u00eancia do imposto municipal viola a reparti\u00e7\u00e3o constitucional de compet\u00eancias tribut\u00e1rias.<\/p>\n\n\n\n<p>\u2022 A tributa\u00e7\u00e3o adequada recai sobre o ICMS, conforme o modelo constitucional.<\/p>\n\n\n\n<p>\u2022 O STF tamb\u00e9m examinou o regime sancionat\u00f3rio tribut\u00e1rio.<\/p>\n\n\n\n<p>\u2022 Multas morat\u00f3rias n\u00e3o podem assumir car\u00e1ter confiscat\u00f3rio.<\/p>\n\n\n\n<p>\u2022 <strong>O limite constitucionalmente adequado para multas morat\u00f3rias \u00e9 de 20% do d\u00e9bito tribut\u00e1rio<\/strong>.<\/p>\n\n\n\n<p><strong>Conclus\u00e3o<\/strong>: \u00e9 inconstitucional a incid\u00eancia do ISS sobre industrializa\u00e7\u00e3o por encomenda quando configurada etapa intermedi\u00e1ria do ciclo produtivo, e as multas morat\u00f3rias devem observar o teto de 20% do valor do tributo.&nbsp;&nbsp;&nbsp;&nbsp;<\/p>\n\n\n\n<h2 class=\"wp-block-heading\" id=\"h-2-nbsp-nbsp-nbsp-nbsp-nbsp-nbsp-nbsp-nbsp-anterioridade-e-reducao-de-beneficios-fiscais\">2.&nbsp;&nbsp;&nbsp;&nbsp;&nbsp;&nbsp;&nbsp;&nbsp; Anterioridade e redu\u00e7\u00e3o de benef\u00edcios fiscais<\/h2>\n\n\n\n<h3 class=\"wp-block-heading\" id=\"h-destaque-0\">Destaque<\/h3>\n\n\n\n<p>Aplica-se o princ\u00edpio da anterioridade, geral e nonagesimal, \u00e0s hip\u00f3teses de redu\u00e7\u00e3o ou supress\u00e3o de benef\u00edcios fiscais que impliquem majora\u00e7\u00e3o indireta de tributos.<\/p>\n\n\n\n<p>RE 1.473.645\/PA (Tema 1.383 RG), rel. Min. Presidente, Plen\u00e1rio, julgamento finalizado em 21\/3\/2025.<\/p>\n\n\n\n<p><strong>Entenda o Julgado<\/strong><\/p>\n\n\n\n<p>\u2022 O caso discutiu a aplica\u00e7\u00e3o do princ\u00edpio da anterioridade \u00e0s hip\u00f3teses de <em>redu\u00e7\u00e3o ou supress\u00e3o de benef\u00edcios fiscais<\/em>.<\/p>\n\n\n\n<p>\u2022 A controv\u00e9rsia centrou-se em saber se a retirada do benef\u00edcio configura majora\u00e7\u00e3o indireta de tributo.<\/p>\n\n\n\n<p>\u2022 O STF afirmou que a redu\u00e7\u00e3o ou elimina\u00e7\u00e3o de benef\u00edcio fiscal pode produzir aumento da carga tribut\u00e1ria.<\/p>\n\n\n\n<p>\u2022 A majora\u00e7\u00e3o indireta submete-se \u00e0s garantias constitucionais do contribuinte.<\/p>\n\n\n\n<p>\u2022 Incidem, nessas hip\u00f3teses, a anterioridade geral e a anterioridade nonagesimal.<\/p>\n\n\n\n<p>\u2022 A forma legislativa adotada \u00e9 irrelevante para a incid\u00eancia do princ\u00edpio. O crit\u00e9rio decisivo \u00e9 o impacto econ\u00f4mico da medida sobre o contribuinte.<\/p>\n\n\n\n<p>\u2022 A supress\u00e3o imediata do benef\u00edcio viola a seguran\u00e7a jur\u00eddica e a previsibilidade tribut\u00e1ria.<\/p>\n\n\n\n<p><strong>Conclus\u00e3o<\/strong>: aplica-se o princ\u00edpio da anterioridade geral e nonagesimal \u00e0 redu\u00e7\u00e3o ou supress\u00e3o de benef\u00edcios fiscais que impliquem majora\u00e7\u00e3o indireta de tributos.&nbsp;&nbsp;&nbsp;&nbsp;<\/p>\n\n\n\n<h2 class=\"wp-block-heading\" id=\"h-3-nbsp-nbsp-nbsp-nbsp-nbsp-nbsp-nbsp-taxas-seguranca-publica-e-emissao-de-certidoes\">3.&nbsp;&nbsp;&nbsp;&nbsp;&nbsp;&nbsp;&nbsp; Taxas, seguran\u00e7a p\u00fablica e emiss\u00e3o de certid\u00f5es<\/h2>\n\n\n\n<h3 class=\"wp-block-heading\" id=\"h-destaque-1\">Destaque<\/h3>\n\n\n\n<p>\u00c9 constitucional a cobran\u00e7a de taxa por servi\u00e7o espec\u00edfico e divis\u00edvel prestado por seguran\u00e7a p\u00fablica em eventos n\u00e3o gratuitos, mas \u00e9 inconstitucional a cobran\u00e7a de taxa para emiss\u00e3o de certid\u00f5es destinadas \u00e0 defesa de direitos ou esclarecimento pessoal.<\/p>\n\n\n\n<p>ADI 3.717\/PR, Rel. Min. Nunes Marques, Plen\u00e1rio, julgamento finalizado em 30\/6\/2025.<\/p>\n\n\n\n<p><strong>Entenda o Julgado<\/strong><\/p>\n\n\n\n<p>\u2022 O caso analisou a constitucionalidade da cobran\u00e7a de taxas institu\u00eddas por lei estadual.<\/p>\n\n\n\n<p>\u2022 Uma das cobran\u00e7as referia-se ao servi\u00e7o de seguran\u00e7a p\u00fablica prestado em eventos n\u00e3o gratuitos.<\/p>\n\n\n\n<p>\u2022 O STF distinguiu atividade geral de seguran\u00e7a p\u00fablica de servi\u00e7o espec\u00edfico e divis\u00edvel.<\/p>\n\n\n\n<p>\u2022 Em eventos privados ou n\u00e3o gratuitos, a atua\u00e7\u00e3o policial pode assumir car\u00e1ter espec\u00edfico, direcionado ao organizador.<\/p>\n\n\n\n<p>\u2022 Nessas hip\u00f3teses, \u00e9 <strong>constitucional a cobran\u00e7a de taxa<\/strong>, desde que o servi\u00e7o seja efetivamente prestado e individualiz\u00e1vel.<\/p>\n\n\n\n<p>\u2022 O custeio n\u00e3o pode ser repassado indistintamente \u00e0 coletividade.<\/p>\n\n\n\n<p>\u2022 A Corte tamb\u00e9m examinou a cobran\u00e7a de taxa para emiss\u00e3o de certid\u00f5es.<\/p>\n\n\n\n<p>\u2022 A Constitui\u00e7\u00e3o assegura a gratuidade de certid\u00f5es destinadas \u00e0 defesa de direitos ou ao esclarecimento de situa\u00e7\u00f5es de interesse pessoal.<\/p>\n\n\n\n<p>\u2022 A exig\u00eancia de taxa nesses casos viola garantia constitucional expressa.<\/p>\n\n\n\n<p><strong>Conclus\u00e3o<\/strong>: \u00e9 constitucional a cobran\u00e7a de taxa por servi\u00e7o espec\u00edfico e divis\u00edvel de seguran\u00e7a p\u00fablica em eventos n\u00e3o gratuitos, e \u00e9 inconstitucional a cobran\u00e7a de taxa para emiss\u00e3o de certid\u00f5es destinadas \u00e0 defesa de direitos ou ao esclarecimento pessoal.&nbsp;&nbsp;&nbsp;&nbsp;<\/p>\n\n\n\n<h2 class=\"wp-block-heading\" id=\"h-4-nbsp-nbsp-nbsp-nbsp-nbsp-nbsp-nbsp-creditos-de-ipi-em-regime-de-suspensao\">4.&nbsp;&nbsp;&nbsp;&nbsp;&nbsp;&nbsp;&nbsp; Cr\u00e9ditos de IPI em regime de suspens\u00e3o<\/h2>\n\n\n\n<h3 class=\"wp-block-heading\" id=\"h-destaque-2\">Destaque<\/h3>\n\n\n\n<p>\u00c9 constitucional lei que restringe o direito de manuten\u00e7\u00e3o e utiliza\u00e7\u00e3o de cr\u00e9ditos de IPI, em regime de suspens\u00e3o, exclusivamente ao estabelecimento industrial remetente (fabricante dos insumos).<\/p>\n\n\n\n<p>ADI 7.135\/DF, Rel. Min. Gilmar Mendes, Plen\u00e1rio, julgamento virtual finalizado em 18\/8\/2025.<\/p>\n\n\n\n<p><strong>Entenda o Julgado<\/strong><\/p>\n\n\n\n<p>\u2022 A a\u00e7\u00e3o questionou lei que restringiu o direito de manuten\u00e7\u00e3o e utiliza\u00e7\u00e3o de cr\u00e9ditos de IPI em regime de suspens\u00e3o.<\/p>\n\n\n\n<p>\u2022 A norma limitou o aproveitamento dos cr\u00e9ditos exclusivamente ao estabelecimento industrial remetente dos insumos.<\/p>\n\n\n\n<p>\u2022 Discutiu-se se a restri\u00e7\u00e3o violaria o princ\u00edpio da n\u00e3o cumulatividade do IPI.<\/p>\n\n\n\n<p>\u2022 O STF afirmou que <strong>a n\u00e3o cumulatividade n\u00e3o assegura direito irrestrito ao aproveitamento de cr\u00e9ditos<\/strong>.<\/p>\n\n\n\n<p>\u2022 O legislador pode definir os contornos do regime de cr\u00e9ditos, especialmente em hip\u00f3teses de suspens\u00e3o tribut\u00e1ria.<\/p>\n\n\n\n<p>\u2022 O regime de suspens\u00e3o constitui benef\u00edcio fiscal condicionado.<\/p>\n\n\n\n<p>\u2022 A limita\u00e7\u00e3o do cr\u00e9dito ao fabricante dos insumos preserva a coer\u00eancia do sistema do IPI.<\/p>\n\n\n\n<p>\u2022 N\u00e3o h\u00e1 direito constitucional do adquirente ao aproveitamento do cr\u00e9dito quando a lei expressamente o veda.<\/p>\n\n\n\n<p>\u2022 A medida n\u00e3o configura tributa\u00e7\u00e3o em cascata nem esvaziamento da n\u00e3o cumulatividade.<\/p>\n\n\n\n<p><strong>Conclus\u00e3o<\/strong>: \u00e9 constitucional lei que restringe o direito de manuten\u00e7\u00e3o e utiliza\u00e7\u00e3o de cr\u00e9ditos de IPI, em regime de suspens\u00e3o, exclusivamente ao estabelecimento industrial remetente.&nbsp;&nbsp;&nbsp; &nbsp;&nbsp;&nbsp;&nbsp;&nbsp;<\/p>\n\n\n\n<h2 class=\"wp-block-heading\" id=\"h-5-nbsp-nbsp-nbsp-nbsp-nbsp-nbsp-nbsp-regime-especial-de-fiscalizacao-e-devedor-contumaz-de-icms\">5.&nbsp;&nbsp;&nbsp;&nbsp;&nbsp;&nbsp;&nbsp; Regime especial de fiscaliza\u00e7\u00e3o e devedor contumaz de ICMS<\/h2>\n\n\n\n<h3 class=\"wp-block-heading\" id=\"h-nbsp\">&nbsp;<\/h3>\n\n\n\n<h3 class=\"wp-block-heading\" id=\"h-destaque-3\">Destaque<\/h3>\n\n\n\n<p>\u00c9 constitucional norma estadual que institui regime especial de fiscaliza\u00e7\u00e3o para contribuintes devedores contumazes de ICMS, desde que n\u00e3o inviabilize a atividade econ\u00f4mica nem configure san\u00e7\u00e3o pol\u00edtica.<\/p>\n\n\n\n<p>ADI 4.854\/RS, Rel. Min. Nunes Marques, Plen\u00e1rio, julgamento virtual finalizado em 22\/8\/2025.<\/p>\n\n\n\n<p><strong>Entenda o Julgado<\/strong><\/p>\n\n\n\n<p>\u2022 A a\u00e7\u00e3o questionou norma estadual que instituiu regime especial de fiscaliza\u00e7\u00e3o para contribuintes considerados devedores contumazes de ICMS.<\/p>\n\n\n\n<p>\u2022 O regime previa medidas diferenciadas de controle e acompanhamento fiscal.<\/p>\n\n\n\n<p>\u2022 Alegou-se que a norma configuraria <em>san\u00e7\u00e3o pol\u00edtica<\/em> e violaria a livre iniciativa.<\/p>\n\n\n\n<p>\u2022 O STF reafirmou a distin\u00e7\u00e3o entre medidas de fiscaliza\u00e7\u00e3o e san\u00e7\u00f5es pol\u00edticas.<\/p>\n\n\n\n<p>\u2022 <strong>\u00c9 leg\u00edtima a ado\u00e7\u00e3o de fiscaliza\u00e7\u00e3o mais rigorosa em face de contribuintes com reiterado inadimplemento tribut\u00e1rio<\/strong>.<\/p>\n\n\n\n<p>\u2022 O Estado pode <em>intensificar controles<\/em> para proteger a arrecada\u00e7\u00e3o e a concorr\u00eancia leal.<\/p>\n\n\n\n<p>\u2022 O regime especial n\u00e3o pode inviabilizar ou impedir o exerc\u00edcio da atividade econ\u00f4mica.<\/p>\n\n\n\n<p>\u2022 Medidas que impliquem fechamento indireto do estabelecimento ou coer\u00e7\u00e3o ao pagamento s\u00e3o vedadas.<\/p>\n\n\n\n<p>\u2022 A constitucionalidade depende da proporcionalidade e da adequa\u00e7\u00e3o das medidas adotadas.<\/p>\n\n\n\n<p><strong>Conclus\u00e3o<\/strong>: \u00e9 constitucional norma estadual que institui regime especial de fiscaliza\u00e7\u00e3o para devedores contumazes de ICMS, desde que n\u00e3o inviabilize a atividade econ\u00f4mica nem configure san\u00e7\u00e3o pol\u00edtica.&nbsp;&nbsp;&nbsp;&nbsp;<\/p>\n\n\n\n<h2 class=\"wp-block-heading\" id=\"h-6-nbsp-nbsp-nbsp-nbsp-nbsp-nbsp-nbsp-beneficios-fiscais-de-icms-e-exigencias-constitucionais\">6.&nbsp;&nbsp;&nbsp;&nbsp;&nbsp;&nbsp;&nbsp; Benef\u00edcios fiscais de ICMS e exig\u00eancias constitucionais<\/h2>\n\n\n\n<h3 class=\"wp-block-heading\" id=\"h-destaque-4\">Destaque<\/h3>\n\n\n\n<p>\u00c9 inconstitucional norma estadual que concede, reinstitui, prorroga, anistia ou remite benef\u00edcios fiscais de ICMS <strong>sem observ\u00e2ncia de conv\u00eanio do CONFAZ<\/strong> e <strong>sem estimativa de impacto or\u00e7ament\u00e1rio e financeiro<\/strong>, por viola\u00e7\u00e3o ao art. 155, \u00a7 2\u00ba, XII, \u201cg\u201d, da Constitui\u00e7\u00e3o e ao art. 113 do ADCT.<\/p>\n\n\n\n<p>ADI 6.319\/MT, Rel. Min. Cristiano Zanin, Plen\u00e1rio, julgamento virtual finalizado em 01\/12\/2025.<\/p>\n\n\n\n<p><strong>Entenda o Julgado<\/strong><\/p>\n\n\n\n<p>\u2022 A a\u00e7\u00e3o questionou norma estadual que concedeu, reinstituiu, prorrogou, anistiou ou remitiu benef\u00edcios fiscais de ICMS.<\/p>\n\n\n\n<p>\u2022 As medidas foram adotadas sem pr\u00e9via aprova\u00e7\u00e3o por conv\u00eanio no \u00e2mbito do CONFAZ.<\/p>\n\n\n\n<p>\u2022 Tamb\u00e9m n\u00e3o houve apresenta\u00e7\u00e3o de estimativa do impacto or\u00e7ament\u00e1rio e financeiro.<\/p>\n\n\n\n<p>\u2022 O STF reafirmou que o <strong>ICMS est\u00e1 sujeito a regime constitucional de coordena\u00e7\u00e3o federativa<\/strong>.<\/p>\n\n\n\n<p>\u2022 A concess\u00e3o unilateral de benef\u00edcios fiscais viola o art. 155, \u00a7 2\u00ba, XII, \u201cg\u201d, da Constitui\u00e7\u00e3o.<\/p>\n\n\n\n<p>\u2022 A exig\u00eancia de conv\u00eanio no CONFAZ visa evitar a guerra fiscal entre os Estados.<\/p>\n\n\n\n<p>\u2022 A aus\u00eancia de estimativa de impacto afronta o art. 113 do ADCT.<\/p>\n\n\n\n<p>\u2022 O controle pr\u00e9vio do impacto financeiro \u00e9 requisito indispens\u00e1vel de validade da norma.<\/p>\n\n\n\n<p>\u2022 A combina\u00e7\u00e3o das irregularidades configura v\u00edcio formal e material de inconstitucionalidade.<\/p>\n\n\n\n<p><strong>Conclus\u00e3o<\/strong>: \u00e9 inconstitucional norma estadual que concede ou renova benef\u00edcios fiscais de ICMS sem conv\u00eanio do CONFAZ e sem estimativa de impacto or\u00e7ament\u00e1rio e financeiro, por viola\u00e7\u00e3o \u00e0 Constitui\u00e7\u00e3o e ao art. 113 do ADCT.&nbsp;&nbsp;&nbsp;&nbsp;<\/p>\n\n\n\n<h2 class=\"wp-block-heading\" id=\"h-7-nbsp-nbsp-nbsp-nbsp-nbsp-nbsp-nbsp-onus-da-prova-na-responsabilidade-subsidiaria-da-administracao-publica\">7.&nbsp;&nbsp;&nbsp;&nbsp;&nbsp;&nbsp;&nbsp; \u00d4nus da prova na responsabilidade subsidi\u00e1ria da Administra\u00e7\u00e3o P\u00fablica<\/h2>\n\n\n\n<h3 class=\"wp-block-heading\" id=\"h-destaque-5\">Destaque<\/h3>\n\n\n\n<p>Cabe ao autor da a\u00e7\u00e3o \u2014 para fins de defini\u00e7\u00e3o da responsabilidade subsidi\u00e1ria da Administra\u00e7\u00e3o P\u00fablica \u2014 o \u00f4nus da prova sobre eventual conduta culposa na fiscaliza\u00e7\u00e3o do cumprimento das obriga\u00e7\u00f5es trabalhistas devidas aos trabalhadores terceirizados pela empresa contratada.<\/p>\n\n\n\n<p>RE 1.298.647\/SP, relator Ministro Nunes Marques, julgamento finalizado em 13.02.2025 (Info 1165).<\/p>\n\n\n\n<p><strong>Entenda o Julgado<\/strong><\/p>\n\n\n\n<p>\u2022 O caso tratou da responsabiliza\u00e7\u00e3o subsidi\u00e1ria da Administra\u00e7\u00e3o P\u00fablica em contratos de terceiriza\u00e7\u00e3o.<\/p>\n\n\n\n<p>\u2022 Discutiu-se quem suporta o \u00f4nus da prova quanto \u00e0 falha na fiscaliza\u00e7\u00e3o do cumprimento das obriga\u00e7\u00f5es trabalhistas.<\/p>\n\n\n\n<p>\u2022 O STF reafirmou que a responsabilidade do poder p\u00fablico n\u00e3o \u00e9 autom\u00e1tica.<\/p>\n\n\n\n<p>\u2022 O inadimplemento da empresa terceirizada, por si s\u00f3, n\u00e3o gera responsabilidade estatal.<\/p>\n\n\n\n<p>\u2022 Exige-se demonstra\u00e7\u00e3o de conduta culposa da Administra\u00e7\u00e3o, especialmente quanto \u00e0 fiscaliza\u00e7\u00e3o do contrato.<\/p>\n\n\n\n<p><strong>\u2022 O \u00f4nus da prova da culpa administrativa incumbe ao autor da a\u00e7\u00e3o<\/strong>.<\/p>\n\n\n\n<p>\u2022 Cabe ao trabalhador comprovar a aus\u00eancia, insufici\u00eancia ou inefici\u00eancia da fiscaliza\u00e7\u00e3o.<\/p>\n\n\n\n<p>\u2022 A Administra\u00e7\u00e3o n\u00e3o tem o dever de provar fato negativo de forma gen\u00e9rica.<\/p>\n\n\n\n<p>\u2022 O entendimento preserva o equil\u00edbrio entre prote\u00e7\u00e3o ao trabalhador e seguran\u00e7a jur\u00eddica nas contrata\u00e7\u00f5es p\u00fablicas.<\/p>\n\n\n\n<p><strong>Conclus\u00e3o<\/strong>: para fins de responsabilidade subsidi\u00e1ria da Administra\u00e7\u00e3o P\u00fablica, compete ao autor da a\u00e7\u00e3o provar a conduta culposa do ente p\u00fablico na fiscaliza\u00e7\u00e3o das obriga\u00e7\u00f5es trabalhistas da empresa terceirizada.&nbsp;&nbsp;&nbsp;&nbsp;<\/p>\n\n\n\n<h2 class=\"wp-block-heading\" id=\"h-8-nbsp-nbsp-nbsp-nbsp-nbsp-nbsp-nbsp-obrigacao-de-manutencao-de-creche-por-shopping-centers\">8.&nbsp;&nbsp;&nbsp;&nbsp;&nbsp;&nbsp;&nbsp; Obriga\u00e7\u00e3o de manuten\u00e7\u00e3o de creche por shopping centers<\/h2>\n\n\n\n<h3 class=\"wp-block-heading\" id=\"h-destaque-6\">Destaque<\/h3>\n\n\n\n<p>\u00c9 inconstitucional impor a shopping centers a obriga\u00e7\u00e3o de manter creche para filhos de empregadas das lojas nele instaladas, pois tal exig\u00eancia viola os princ\u00edpios da separa\u00e7\u00e3o dos Poderes e da legalidade.<\/p>\n\n\n\n<p>ARE 1.499.584 AgR\/PB, Rel. Min. Dias Toffoli, julgamento finalizado em 25\/02\/2025.<\/p>\n\n\n\n<p><strong>Entenda o Julgado<\/strong><\/p>\n\n\n\n<p>\u2022 O caso analisou norma que imp\u00f4s a shopping centers a obriga\u00e7\u00e3o de manter creche destinada aos filhos das empregadas das lojas instaladas no empreendimento.<\/p>\n\n\n\n<p>\u2022 A exig\u00eancia n\u00e3o estava prevista em lei federal nem na legisla\u00e7\u00e3o trabalhista.<\/p>\n\n\n\n<p>\u2022 A imposi\u00e7\u00e3o decorreu de interpreta\u00e7\u00e3o ampliativa de deveres sociais do empregador.<\/p>\n\n\n\n<p>\u2022 O STF destacou que a obriga\u00e7\u00e3o de manuten\u00e7\u00e3o de creche decorre de previs\u00e3o legal espec\u00edfica.<\/p>\n\n\n\n<p>\u2022 <strong>N\u00e3o cabe ao Poder Judici\u00e1rio ou \u00e0 Administra\u00e7\u00e3o criar deveres n\u00e3o estabelecidos em le<\/strong>i.<\/p>\n\n\n\n<p>\u2022 A medida representa inova\u00e7\u00e3o normativa sem respaldo legislativo.<\/p>\n\n\n\n<p>\u2022 A imposi\u00e7\u00e3o viola o princ\u00edpio da legalidade.<\/p>\n\n\n\n<p>\u2022 Tamb\u00e9m afronta a separa\u00e7\u00e3o dos Poderes, ao substituir o legislador na cria\u00e7\u00e3o de obriga\u00e7\u00f5es.<\/p>\n\n\n\n<p>\u2022 Eventual amplia\u00e7\u00e3o de deveres sociais depende de escolha pol\u00edtica do Poder Legislativo.<\/p>\n\n\n\n<p><strong>Conclus\u00e3o<\/strong>: \u00e9 inconstitucional impor a shopping centers a obriga\u00e7\u00e3o de manter creche para filhos de empregadas das lojas nele instaladas, por viola\u00e7\u00e3o aos princ\u00edpios da legalidade e da separa\u00e7\u00e3o dos Poderes.&nbsp;&nbsp;&nbsp;&nbsp;<\/p>\n\n\n\n<h2 class=\"wp-block-heading\" id=\"h-9-nbsp-nbsp-nbsp-nbsp-nbsp-nbsp-nbsp-limites-subjetivos-da-execucao-trabalhista\">9.&nbsp;&nbsp;&nbsp;&nbsp;&nbsp;&nbsp;&nbsp; Limites subjetivos da execu\u00e7\u00e3o trabalhista<\/h2>\n\n\n\n<h3 class=\"wp-block-heading\" id=\"h-destaque-7\">Destaque<\/h3>\n\n\n\n<p>A execu\u00e7\u00e3o trabalhista n\u00e3o pode ser direcionada contra empresa que n\u00e3o integrou o polo passivo da fase de conhecimento, salvo nas hip\u00f3teses excepcionais de sucess\u00e3o empresarial ou de abuso da personalidade jur\u00eddica, com observ\u00e2ncia do incidente de desconsidera\u00e7\u00e3o.<\/p>\n\n\n\n<p>RE 1.387.795\/MG (Tema 1.232 RG), Rel. Min. Dias Toffoli, Plen\u00e1rio, julgamento virtual finalizado em 10\/10\/2025.<\/p>\n\n\n\n<p><strong>Entenda o Julgado<\/strong><\/p>\n\n\n\n<p>\u2022 O caso discutiu a possibilidade de redirecionamento da execu\u00e7\u00e3o trabalhista contra empresa que n\u00e3o integrou o polo passivo da fase de conhecimento.<\/p>\n\n\n\n<p>\u2022 Questionou-se a compatibilidade da medida com o devido processo legal e o contradit\u00f3rio.<\/p>\n\n\n\n<p>\u2022 O STF reafirmou que a coisa julgada fixa os limites subjetivos da execu\u00e7\u00e3o.<\/p>\n\n\n\n<p>\u2022 <strong>Regra geral: a execu\u00e7\u00e3o n\u00e3o pode alcan\u00e7ar empresa que n\u00e3o participou da fase de conhecimento<\/strong>.<\/p>\n\n\n\n<p>\u2022 A inclus\u00e3o posterior de terceiro viola o contradit\u00f3rio e a ampla defesa.<\/p>\n\n\n\n<p>\u2022 Exce\u00e7\u00f5es s\u00e3o admitidas apenas em hip\u00f3teses juridicamente qualificadas.<\/p>\n\n\n\n<p>\u2022 \u00c9 poss\u00edvel o redirecionamento nos casos de sucess\u00e3o empresarial. Tamb\u00e9m \u00e9 admiss\u00edvel quando caracterizado abuso da personalidade jur\u00eddica. Nessas hip\u00f3teses, \u00e9 obrigat\u00f3ria a instaura\u00e7\u00e3o do incidente de desconsidera\u00e7\u00e3o da personalidade jur\u00eddica.<\/p>\n\n\n\n<p>\u2022 A exce\u00e7\u00e3o n\u00e3o autoriza amplia\u00e7\u00e3o autom\u00e1tica ou gen\u00e9rica do polo passivo da execu\u00e7\u00e3o.<\/p>\n\n\n\n<p><strong>Conclus\u00e3o<\/strong>: a execu\u00e7\u00e3o trabalhista n\u00e3o pode ser direcionada contra empresa estranha \u00e0 fase de conhecimento, salvo nas hip\u00f3teses excepcionais de sucess\u00e3o empresarial ou abuso da personalidade jur\u00eddica, com observ\u00e2ncia do devido incidente processual.&nbsp;&nbsp;&nbsp;&nbsp;<\/p>\n\n\n\n<h2 class=\"wp-block-heading\" id=\"h-10-nbsp-nbsp-nbsp-contribuicao-assistencial-e-direito-de-oposicao\">10.&nbsp;&nbsp;&nbsp; Contribui\u00e7\u00e3o assistencial e direito de oposi\u00e7\u00e3o<\/h2>\n\n\n\n<h3 class=\"wp-block-heading\" id=\"h-destaque-8\">Destaque<\/h3>\n\n\n\n<p>\u00c9 constitucional instituir contribui\u00e7\u00e3o assistencial para todos os empregados da categoria, inclusive n\u00e3o sindicalizados, desde que assegurado direito de oposi\u00e7\u00e3o amplo e eficaz, vedada a cobran\u00e7a retroativa ao per\u00edodo em que vigorou o entendimento anterior do STF pela inconstitucionalidade da exig\u00eancia.<\/p>\n\n\n\n<p>ARE 1.018.459 ED-ED\/PR (Tema 935 RG), Rel. Min. Gilmar Mendes, Plen\u00e1rio.<\/p>\n\n\n\n<p><strong>Entenda o Julgado<\/strong><\/p>\n\n\n\n<p>\u2022 O caso tratou da constitucionalidade da cobran\u00e7a de contribui\u00e7\u00e3o assistencial de todos os empregados da categoria, inclusive dos n\u00e3o sindicalizados.<\/p>\n\n\n\n<p>\u2022 VIRADA jurisprudencial: O STF alterou seu entendimento para assentar a legitimidade da contribui\u00e7\u00e3o assistencial fixada em acordo ou conven\u00e7\u00e3o coletiva.<\/p>\n\n\n\n<p>\u2022 <strong>A cobran\u00e7a pode alcan\u00e7ar trabalhadores n\u00e3o filiados ao sindicato<\/strong>.<\/p>\n\n\n\n<p>\u2022 \u00c9 indispens\u00e1vel a garantia de direito de oposi\u00e7\u00e3o amplo, pr\u00e9vio e efetivo ao empregado.<\/p>\n\n\n\n<p>\u2022 O mecanismo de oposi\u00e7\u00e3o n\u00e3o pode ser excessivamente oneroso, restritivo ou meramente formal.<\/p>\n\n\n\n<p>\u2022 A contribui\u00e7\u00e3o n\u00e3o pode ser imposta de forma autom\u00e1tica ou compuls\u00f3ria sem possibilidade real de recusa.<\/p>\n\n\n\n<p>\u2022 O STF vedou a cobran\u00e7a retroativa da contribui\u00e7\u00e3o.<\/p>\n\n\n\n<p>\u2022 \u00c9 proibida a exig\u00eancia relativa a per\u00edodo em que prevalecia o entendimento de inconstitucionalidade da cobran\u00e7a a n\u00e3o sindicalizados.<\/p>\n\n\n\n<p>\u2022 A modula\u00e7\u00e3o preserva a seguran\u00e7a jur\u00eddica e a confian\u00e7a leg\u00edtima dos trabalhadores.<\/p>\n\n\n\n<p><strong>Conclus\u00e3o<\/strong>: \u00e9 constitucional a contribui\u00e7\u00e3o assistencial extensiva a todos os empregados da categoria, inclusive n\u00e3o sindicalizados, desde que assegurado direito de oposi\u00e7\u00e3o amplo e eficaz, sendo vedada a cobran\u00e7a retroativa.&nbsp;&nbsp;&nbsp;&nbsp;<\/p>\n\n\n\n<p>***<\/p>\n\n\n\n<div data-wp-interactive=\"core\/file\" class=\"wp-block-file\"><object aria-label=\"Incorporar PDF\" data-wp-bind--hidden=\"!state.hasPdfPreview\" hidden><\/object><a id=\"wp-block-file--media-f7591842-427c-4111-968b-60be0b476c4c\" href=\"https:\/\/dhg1h5j42swfq.cloudfront.net\/2026\/01\/21092303\/stf-rev-2025-3.pdf\">STF &#8211; Rev 2025.3<\/a><a href=\"https:\/\/dhg1h5j42swfq.cloudfront.net\/2026\/01\/21092303\/stf-rev-2025-3.pdf\" class=\"wp-block-file__button wp-element-button\" download aria-describedby=\"wp-block-file--media-f7591842-427c-4111-968b-60be0b476c4c\">Baixar<\/a><\/div>\n","protected":false},"excerpt":{"rendered":"<p>DOWNLOAD do PDF 1.&nbsp;&nbsp;&nbsp;&nbsp;&nbsp;&nbsp;&nbsp;&nbsp;&nbsp; ISS e industrializa\u00e7\u00e3o por encomenda Destaque \u00c9 inconstitucional a incid\u00eancia do ISS sobre opera\u00e7\u00f5es de industrializa\u00e7\u00e3o por encomenda quando o bem retorna \u00e0 circula\u00e7\u00e3o econ\u00f4mica, configurando etapa intermedi\u00e1ria do ciclo produtivo. Al\u00e9m disso, as multas morat\u00f3rias devem respeitar o limite de 20% do d\u00e9bito tribut\u00e1rio. RE 882.461\/MG, Rel. Min. Dias Toffoli, [&hellip;]<\/p>\n","protected":false},"author":833,"featured_media":0,"comment_status":"open","ping_status":"closed","sticky":false,"template":"","format":"standard","meta":{"post_tipo":"article","footnotes":""},"categories":[1],"tags":[],"tax_estado":[],"class_list":["post-1702777","post","type-post","status-publish","format-standard","hentry","category-cursos-e-concursos"],"acf":[],"yoast_head":"<!-- This site is optimized with the Yoast SEO Premium plugin v27.2 (Yoast SEO v27.2) - https:\/\/yoast.com\/product\/yoast-seo-premium-wordpress\/ -->\n<title>Informativo STF - Revis\u00e3o 2025 Parte 3<\/title>\n<meta name=\"robots\" content=\"index, follow, max-snippet:-1, max-image-preview:large, max-video-preview:-1\" \/>\n<link rel=\"canonical\" href=\"https:\/\/www.estrategiaconcursos.com.br\/blog\/informativo-stf-revisao-2025-parte-3\/\" \/>\n<meta property=\"og:locale\" content=\"pt_BR\" \/>\n<meta property=\"og:type\" content=\"article\" \/>\n<meta property=\"og:title\" content=\"Informativo STF - Revis\u00e3o 2025 Parte 3\" \/>\n<meta property=\"og:description\" content=\"DOWNLOAD do PDF 1.&nbsp;&nbsp;&nbsp;&nbsp;&nbsp;&nbsp;&nbsp;&nbsp;&nbsp; ISS e industrializa\u00e7\u00e3o por encomenda Destaque \u00c9 inconstitucional a incid\u00eancia do ISS sobre opera\u00e7\u00f5es de industrializa\u00e7\u00e3o por encomenda quando o bem retorna \u00e0 circula\u00e7\u00e3o econ\u00f4mica, configurando etapa intermedi\u00e1ria do ciclo produtivo. Al\u00e9m disso, as multas morat\u00f3rias devem respeitar o limite de 20% do d\u00e9bito tribut\u00e1rio. RE 882.461\/MG, Rel. Min. Dias Toffoli, [&hellip;]\" \/>\n<meta property=\"og:url\" content=\"https:\/\/www.estrategiaconcursos.com.br\/blog\/informativo-stf-revisao-2025-parte-3\/\" \/>\n<meta property=\"og:site_name\" content=\"Estrat\u00e9gia Concursos\" \/>\n<meta property=\"article:published_time\" content=\"2026-01-21T12:23:21+00:00\" \/>\n<meta property=\"article:modified_time\" content=\"2026-01-21T12:23:24+00:00\" \/>\n<meta name=\"author\" content=\"Jean Vilbert\" \/>\n<meta name=\"twitter:card\" content=\"summary_large_image\" \/>\n<meta name=\"twitter:creator\" content=\"@EstratConcursos\" \/>\n<meta name=\"twitter:site\" content=\"@EstratConcursos\" \/>\n<meta name=\"twitter:label1\" content=\"Escrito por\" \/>\n\t<meta name=\"twitter:data1\" content=\"Jean Vilbert\" \/>\n\t<meta name=\"twitter:label2\" content=\"Est. tempo de leitura\" \/>\n\t<meta name=\"twitter:data2\" content=\"13 minutos\" \/>\n<script type=\"application\/ld+json\" class=\"yoast-schema-graph\">{\"@context\":\"https:\/\/schema.org\",\"@graph\":[{\"@type\":\"NewsArticle\",\"@id\":\"https:\/\/www.estrategiaconcursos.com.br\/blog\/informativo-stf-revisao-2025-parte-3\/#article\",\"isPartOf\":{\"@id\":\"https:\/\/www.estrategiaconcursos.com.br\/blog\/informativo-stf-revisao-2025-parte-3\/\"},\"author\":{\"name\":\"Jean Vilbert\",\"@id\":\"https:\/\/www.estrategiaconcursos.com.br\/blog\/#\/schema\/person\/475a0922f10cff0d1bc8bfecde05f999\"},\"headline\":\"Informativo STF &#8211; Revis\u00e3o 2025 Parte 3\",\"datePublished\":\"2026-01-21T12:23:21+00:00\",\"dateModified\":\"2026-01-21T12:23:24+00:00\",\"mainEntityOfPage\":{\"@id\":\"https:\/\/www.estrategiaconcursos.com.br\/blog\/informativo-stf-revisao-2025-parte-3\/\"},\"wordCount\":2579,\"commentCount\":0,\"publisher\":{\"@id\":\"https:\/\/www.estrategiaconcursos.com.br\/blog\/#organization\"},\"articleSection\":[\"Concursos P\u00fablicos\"],\"inLanguage\":\"pt-BR\",\"potentialAction\":[{\"@type\":\"CommentAction\",\"name\":\"Comment\",\"target\":[\"https:\/\/www.estrategiaconcursos.com.br\/blog\/informativo-stf-revisao-2025-parte-3\/#respond\"]}],\"copyrightYear\":\"2026\",\"copyrightHolder\":{\"@id\":\"https:\/\/www.estrategiaconcursos.com.br\/blog\/#organization\"}},{\"@type\":\"WebPage\",\"@id\":\"https:\/\/www.estrategiaconcursos.com.br\/blog\/informativo-stf-revisao-2025-parte-3\/\",\"url\":\"https:\/\/www.estrategiaconcursos.com.br\/blog\/informativo-stf-revisao-2025-parte-3\/\",\"name\":\"Informativo STF - Revis\u00e3o 2025 Parte 3\",\"isPartOf\":{\"@id\":\"https:\/\/www.estrategiaconcursos.com.br\/blog\/#website\"},\"datePublished\":\"2026-01-21T12:23:21+00:00\",\"dateModified\":\"2026-01-21T12:23:24+00:00\",\"breadcrumb\":{\"@id\":\"https:\/\/www.estrategiaconcursos.com.br\/blog\/informativo-stf-revisao-2025-parte-3\/#breadcrumb\"},\"inLanguage\":\"pt-BR\",\"potentialAction\":[{\"@type\":\"ReadAction\",\"target\":[\"https:\/\/www.estrategiaconcursos.com.br\/blog\/informativo-stf-revisao-2025-parte-3\/\"]}]},{\"@type\":\"BreadcrumbList\",\"@id\":\"https:\/\/www.estrategiaconcursos.com.br\/blog\/informativo-stf-revisao-2025-parte-3\/#breadcrumb\",\"itemListElement\":[{\"@type\":\"ListItem\",\"position\":1,\"name\":\"In\u00edcio\",\"item\":\"https:\/\/www.estrategiaconcursos.com.br\/blog\/\"},{\"@type\":\"ListItem\",\"position\":2,\"name\":\"Informativo STF &#8211; Revis\u00e3o 2025 Parte 3\"}]},{\"@type\":\"WebSite\",\"@id\":\"https:\/\/www.estrategiaconcursos.com.br\/blog\/#website\",\"url\":\"https:\/\/www.estrategiaconcursos.com.br\/blog\/\",\"name\":\"Estrat\u00e9gia Concursos\",\"description\":\"O blog da Estrat\u00e9gia Concursos traz not\u00edcias sobre concursos e artigos de professores oferecendo cursos para concursos (pdf + videaulas) no site.\",\"publisher\":{\"@id\":\"https:\/\/www.estrategiaconcursos.com.br\/blog\/#organization\"},\"potentialAction\":[{\"@type\":\"SearchAction\",\"target\":{\"@type\":\"EntryPoint\",\"urlTemplate\":\"https:\/\/www.estrategiaconcursos.com.br\/blog\/?s={search_term_string}\"},\"query-input\":{\"@type\":\"PropertyValueSpecification\",\"valueRequired\":true,\"valueName\":\"search_term_string\"}}],\"inLanguage\":\"pt-BR\"},{\"@type\":\"Organization\",\"@id\":\"https:\/\/www.estrategiaconcursos.com.br\/blog\/#organization\",\"name\":\"Estrat\u00e9gia Concursos\",\"url\":\"https:\/\/www.estrategiaconcursos.com.br\/blog\/\",\"logo\":{\"@type\":\"ImageObject\",\"inLanguage\":\"pt-BR\",\"@id\":\"https:\/\/www.estrategiaconcursos.com.br\/blog\/#\/schema\/logo\/image\/\",\"url\":\"https:\/\/dhg1h5j42swfq.cloudfront.net\/2025\/06\/03203428\/logo_concursos-1.jpg\",\"contentUrl\":\"https:\/\/dhg1h5j42swfq.cloudfront.net\/2025\/06\/03203428\/logo_concursos-1.jpg\",\"width\":230,\"height\":60,\"caption\":\"Estrat\u00e9gia Concursos\"},\"image\":{\"@id\":\"https:\/\/www.estrategiaconcursos.com.br\/blog\/#\/schema\/logo\/image\/\"},\"sameAs\":[\"https:\/\/x.com\/EstratConcursos\"]},{\"@type\":\"Person\",\"@id\":\"https:\/\/www.estrategiaconcursos.com.br\/blog\/#\/schema\/person\/475a0922f10cff0d1bc8bfecde05f999\",\"name\":\"Jean Vilbert\",\"image\":{\"@type\":\"ImageObject\",\"inLanguage\":\"pt-BR\",\"@id\":\"https:\/\/secure.gravatar.com\/avatar\/1667694e4ebdd32feeac9ea2794de3f0470b5c55c6198181ab0b0c333b121921?s=96&d=mm&r=g\",\"url\":\"https:\/\/secure.gravatar.com\/avatar\/1667694e4ebdd32feeac9ea2794de3f0470b5c55c6198181ab0b0c333b121921?s=96&d=mm&r=g\",\"contentUrl\":\"https:\/\/secure.gravatar.com\/avatar\/1667694e4ebdd32feeac9ea2794de3f0470b5c55c6198181ab0b0c333b121921?s=96&d=mm&r=g\",\"caption\":\"Jean Vilbert\"},\"url\":\"https:\/\/www.estrategiaconcursos.com.br\/blog\/author\/jeanvilbertgmail-com\/\"}]}<\/script>\n<!-- \/ Yoast SEO Premium plugin. -->","yoast_head_json":{"title":"Informativo STF - Revis\u00e3o 2025 Parte 3","robots":{"index":"index","follow":"follow","max-snippet":"max-snippet:-1","max-image-preview":"max-image-preview:large","max-video-preview":"max-video-preview:-1"},"canonical":"https:\/\/www.estrategiaconcursos.com.br\/blog\/informativo-stf-revisao-2025-parte-3\/","og_locale":"pt_BR","og_type":"article","og_title":"Informativo STF - Revis\u00e3o 2025 Parte 3","og_description":"DOWNLOAD do PDF 1.&nbsp;&nbsp;&nbsp;&nbsp;&nbsp;&nbsp;&nbsp;&nbsp;&nbsp; ISS e industrializa\u00e7\u00e3o por encomenda Destaque \u00c9 inconstitucional a incid\u00eancia do ISS sobre opera\u00e7\u00f5es de industrializa\u00e7\u00e3o por encomenda quando o bem retorna \u00e0 circula\u00e7\u00e3o econ\u00f4mica, configurando etapa intermedi\u00e1ria do ciclo produtivo. Al\u00e9m disso, as multas morat\u00f3rias devem respeitar o limite de 20% do d\u00e9bito tribut\u00e1rio. RE 882.461\/MG, Rel. Min. Dias Toffoli, [&hellip;]","og_url":"https:\/\/www.estrategiaconcursos.com.br\/blog\/informativo-stf-revisao-2025-parte-3\/","og_site_name":"Estrat\u00e9gia Concursos","article_published_time":"2026-01-21T12:23:21+00:00","article_modified_time":"2026-01-21T12:23:24+00:00","author":"Jean Vilbert","twitter_card":"summary_large_image","twitter_creator":"@EstratConcursos","twitter_site":"@EstratConcursos","twitter_misc":{"Escrito por":"Jean Vilbert","Est. tempo de leitura":"13 minutos"},"schema":{"@context":"https:\/\/schema.org","@graph":[{"@type":"NewsArticle","@id":"https:\/\/www.estrategiaconcursos.com.br\/blog\/informativo-stf-revisao-2025-parte-3\/#article","isPartOf":{"@id":"https:\/\/www.estrategiaconcursos.com.br\/blog\/informativo-stf-revisao-2025-parte-3\/"},"author":{"name":"Jean Vilbert","@id":"https:\/\/www.estrategiaconcursos.com.br\/blog\/#\/schema\/person\/475a0922f10cff0d1bc8bfecde05f999"},"headline":"Informativo STF &#8211; Revis\u00e3o 2025 Parte 3","datePublished":"2026-01-21T12:23:21+00:00","dateModified":"2026-01-21T12:23:24+00:00","mainEntityOfPage":{"@id":"https:\/\/www.estrategiaconcursos.com.br\/blog\/informativo-stf-revisao-2025-parte-3\/"},"wordCount":2579,"commentCount":0,"publisher":{"@id":"https:\/\/www.estrategiaconcursos.com.br\/blog\/#organization"},"articleSection":["Concursos P\u00fablicos"],"inLanguage":"pt-BR","potentialAction":[{"@type":"CommentAction","name":"Comment","target":["https:\/\/www.estrategiaconcursos.com.br\/blog\/informativo-stf-revisao-2025-parte-3\/#respond"]}],"copyrightYear":"2026","copyrightHolder":{"@id":"https:\/\/www.estrategiaconcursos.com.br\/blog\/#organization"}},{"@type":"WebPage","@id":"https:\/\/www.estrategiaconcursos.com.br\/blog\/informativo-stf-revisao-2025-parte-3\/","url":"https:\/\/www.estrategiaconcursos.com.br\/blog\/informativo-stf-revisao-2025-parte-3\/","name":"Informativo STF - Revis\u00e3o 2025 Parte 3","isPartOf":{"@id":"https:\/\/www.estrategiaconcursos.com.br\/blog\/#website"},"datePublished":"2026-01-21T12:23:21+00:00","dateModified":"2026-01-21T12:23:24+00:00","breadcrumb":{"@id":"https:\/\/www.estrategiaconcursos.com.br\/blog\/informativo-stf-revisao-2025-parte-3\/#breadcrumb"},"inLanguage":"pt-BR","potentialAction":[{"@type":"ReadAction","target":["https:\/\/www.estrategiaconcursos.com.br\/blog\/informativo-stf-revisao-2025-parte-3\/"]}]},{"@type":"BreadcrumbList","@id":"https:\/\/www.estrategiaconcursos.com.br\/blog\/informativo-stf-revisao-2025-parte-3\/#breadcrumb","itemListElement":[{"@type":"ListItem","position":1,"name":"In\u00edcio","item":"https:\/\/www.estrategiaconcursos.com.br\/blog\/"},{"@type":"ListItem","position":2,"name":"Informativo STF &#8211; Revis\u00e3o 2025 Parte 3"}]},{"@type":"WebSite","@id":"https:\/\/www.estrategiaconcursos.com.br\/blog\/#website","url":"https:\/\/www.estrategiaconcursos.com.br\/blog\/","name":"Estrat\u00e9gia Concursos","description":"O blog da Estrat\u00e9gia Concursos traz not\u00edcias sobre concursos e artigos de professores oferecendo cursos para concursos (pdf + videaulas) no site.","publisher":{"@id":"https:\/\/www.estrategiaconcursos.com.br\/blog\/#organization"},"potentialAction":[{"@type":"SearchAction","target":{"@type":"EntryPoint","urlTemplate":"https:\/\/www.estrategiaconcursos.com.br\/blog\/?s={search_term_string}"},"query-input":{"@type":"PropertyValueSpecification","valueRequired":true,"valueName":"search_term_string"}}],"inLanguage":"pt-BR"},{"@type":"Organization","@id":"https:\/\/www.estrategiaconcursos.com.br\/blog\/#organization","name":"Estrat\u00e9gia Concursos","url":"https:\/\/www.estrategiaconcursos.com.br\/blog\/","logo":{"@type":"ImageObject","inLanguage":"pt-BR","@id":"https:\/\/www.estrategiaconcursos.com.br\/blog\/#\/schema\/logo\/image\/","url":"https:\/\/dhg1h5j42swfq.cloudfront.net\/2025\/06\/03203428\/logo_concursos-1.jpg","contentUrl":"https:\/\/dhg1h5j42swfq.cloudfront.net\/2025\/06\/03203428\/logo_concursos-1.jpg","width":230,"height":60,"caption":"Estrat\u00e9gia Concursos"},"image":{"@id":"https:\/\/www.estrategiaconcursos.com.br\/blog\/#\/schema\/logo\/image\/"},"sameAs":["https:\/\/x.com\/EstratConcursos"]},{"@type":"Person","@id":"https:\/\/www.estrategiaconcursos.com.br\/blog\/#\/schema\/person\/475a0922f10cff0d1bc8bfecde05f999","name":"Jean Vilbert","image":{"@type":"ImageObject","inLanguage":"pt-BR","@id":"https:\/\/secure.gravatar.com\/avatar\/1667694e4ebdd32feeac9ea2794de3f0470b5c55c6198181ab0b0c333b121921?s=96&d=mm&r=g","url":"https:\/\/secure.gravatar.com\/avatar\/1667694e4ebdd32feeac9ea2794de3f0470b5c55c6198181ab0b0c333b121921?s=96&d=mm&r=g","contentUrl":"https:\/\/secure.gravatar.com\/avatar\/1667694e4ebdd32feeac9ea2794de3f0470b5c55c6198181ab0b0c333b121921?s=96&d=mm&r=g","caption":"Jean Vilbert"},"url":"https:\/\/www.estrategiaconcursos.com.br\/blog\/author\/jeanvilbertgmail-com\/"}]}},"_links":{"self":[{"href":"https:\/\/www.estrategiaconcursos.com.br\/blog\/wp-json\/wp\/v2\/posts\/1702777","targetHints":{"allow":["GET"]}}],"collection":[{"href":"https:\/\/www.estrategiaconcursos.com.br\/blog\/wp-json\/wp\/v2\/posts"}],"about":[{"href":"https:\/\/www.estrategiaconcursos.com.br\/blog\/wp-json\/wp\/v2\/types\/post"}],"author":[{"embeddable":true,"href":"https:\/\/www.estrategiaconcursos.com.br\/blog\/wp-json\/wp\/v2\/users\/833"}],"replies":[{"embeddable":true,"href":"https:\/\/www.estrategiaconcursos.com.br\/blog\/wp-json\/wp\/v2\/comments?post=1702777"}],"version-history":[{"count":1,"href":"https:\/\/www.estrategiaconcursos.com.br\/blog\/wp-json\/wp\/v2\/posts\/1702777\/revisions"}],"predecessor-version":[{"id":1702779,"href":"https:\/\/www.estrategiaconcursos.com.br\/blog\/wp-json\/wp\/v2\/posts\/1702777\/revisions\/1702779"}],"wp:attachment":[{"href":"https:\/\/www.estrategiaconcursos.com.br\/blog\/wp-json\/wp\/v2\/media?parent=1702777"}],"wp:term":[{"taxonomy":"category","embeddable":true,"href":"https:\/\/www.estrategiaconcursos.com.br\/blog\/wp-json\/wp\/v2\/categories?post=1702777"},{"taxonomy":"post_tag","embeddable":true,"href":"https:\/\/www.estrategiaconcursos.com.br\/blog\/wp-json\/wp\/v2\/tags?post=1702777"},{"taxonomy":"tax_estado","embeddable":true,"href":"https:\/\/www.estrategiaconcursos.com.br\/blog\/wp-json\/wp\/v2\/tax_estado?post=1702777"}],"curies":[{"name":"wp","href":"https:\/\/api.w.org\/{rel}","templated":true}]}}