{"id":1702262,"date":"2026-01-23T18:00:00","date_gmt":"2026-01-23T21:00:00","guid":{"rendered":"https:\/\/www.estrategiaconcursos.com.br\/blog\/?p=1702262"},"modified":"2026-01-26T14:34:39","modified_gmt":"2026-01-26T17:34:39","slug":"concurso-editais-semana-19-23-01","status":"publish","type":"post","link":"https:\/\/www.estrategiaconcursos.com.br\/blog\/concurso-editais-semana-19-23-01\/","title":{"rendered":"Concursos P\u00fablicos: 35 editais esta semana; 5,5 mil vagas!"},"content":{"rendered":"\n<p>A terceira e pen\u00faltima semana de janeiro de 2026 oficialmente terminou e, com ela, diversos editais de concurso sa\u00edram, trazendo oportunidades pra l\u00e1 de interessantes.<\/p>\n\n\n\n<p>Ao todo, foram publicados <strong>35 novos editais de abertura para concursos p\u00fablicos<\/strong>, contando com <strong>5.589 vagas imediatas ou de cadastro reserva.<\/strong><\/p>\n\n\n\n<p>Entre os destaques, chegou o <strong>concurso para a <\/strong><a href=\"https:\/\/www.estrategiaconcursos.com.br\/blog\/concurso-gcm-sp\/\" target=\"_blank\" rel=\"noreferrer noopener\">Guarda Civil Metropolitana de S\u00e3o Paulo<\/a> (GCM SP). S\u00e3o 500 vagas e sal\u00e1rio inciail de R$ 4,1 mil.<\/p>\n\n\n\n<p>Al\u00e9m deste, tamb\u00e9m alcan\u00e7ou \u00e0 pra\u00e7a o concurso do <a href=\"https:\/\/www.estrategiaconcursos.com.br\/blog\/concurso-mp-al-2026-edital-publicado\/\" target=\"_blank\" rel=\"noreferrer noopener\">Minist\u00e9rio P\u00fablico do Estado de Alagoas<\/a>&nbsp;(MP AL), com 27 vagas imediatas e sal\u00e1rios de at\u00e9 R$ 6,2 mil.<\/p>\n\n\n\n<p>Tamb\u00e9m foram publicados novos editais de processo seletivo para a <a href=\"https:\/\/www.estrategiaconcursos.com.br\/blog\/pss-sec-ba\/\" target=\"_blank\" rel=\"noreferrer noopener\">Secretaria de Educa\u00e7\u00e3o do Estado da Bahia<\/a>&nbsp;(SEC BA), com 2.777 vagas imediatas e de cadastro reserva.<\/p>\n\n\n\n<p>Quer ficar informado sobre TODOS os novos editais de concursos publicados na \u00faltima semana? <em><strong>Confira mais informa\u00e7\u00f5es ao longo deste artigo!<\/strong><\/em><\/p>\n\n\n\n<div class=\"container\" id=\"boxes\">\n  <div class=\"row\">\n\n    <div class=\"col-sm\">\n      <div class=\"banner-estrat-corj\" id=\"box-assinatura\">\n        <h3 class=\"titulo-assinatura\" style=\"text-align: left;\">Cursos para Concursos<\/h3>\n        <p class=\"subtitulo-assinatura\" style=\"text-align: left;\">Conhe\u00e7a os cursos<\/p>\n        <div class=\"box-botao\" style=\"text-align: left;\">\n          <a class=\"btn-assinatura\" target=\"_blank\" href=\"https:\/\/www.estrategiaconcursos.com.br\/cursos\/concurso\/\" role=\"button\" rel=\"noopener noreferrer\">CLIQUE AQUI<\/a>\n        <\/div>\n      <\/div><\/div><\/div><\/div>\n\n\n\n<ul id=\"indice\" class=\"wp-block-list\">\n<li><a href=\"#seguranca\">Seguran\u00e7a p\u00fablica<\/a><\/li>\n\n\n\n<li><a href=\"#saude\">Sa\u00fade<\/a><\/li>\n\n\n\n<li><a href=\"#tribunais\">Tribunais<\/a><\/li>\n\n\n\n<li><a href=\"#ecj\">Carreiras Jur\u00eddicas<\/a><\/li>\n\n\n\n<li><a href=\"#educacao\">Educa\u00e7\u00e3o<\/a><\/li>\n\n\n\n<li><a href=\"#camaras\">\u00c1rea Legislativa<\/a><\/li>\n\n\n\n<li><a href=\"#prefeituras\">Prefeituras Municipais<\/a><\/li>\n<\/ul>\n\n\n\n<h3 class=\"wp-block-heading has-text-align-center has-background\" id=\"seguranca\" style=\"background-color:#e1eaf2\">Seguran\u00e7a p\u00fablica<\/h3>\n\n\n\n<h3 class=\"wp-block-heading\" id=\"h-marinha-do-brasil-2026\"><a href=\"https:\/\/www.estrategiaconcursos.com.br\/blog\/concurso-marinha-do-brasil\/\" target=\"_blank\" rel=\"noreferrer noopener\">Marinha do Brasil 2026<\/a><\/h3>\n\n\n\n<ul class=\"wp-block-list\">\n<li><strong>Banca:<\/strong> Sele\u00e7\u00e3o do Pessoal da Marinha<\/li>\n\n\n\n<li><strong>Per\u00edodo de inscri\u00e7\u00f5es:<\/strong> 10\/03 a 08\/04<\/li>\n\n\n\n<li><strong>Data da prova<\/strong>: 24\/05<\/li>\n\n\n\n<li><strong>Vagas:<\/strong> 132<\/li>\n\n\n\n<li><strong>Sal\u00e1rio inicial:<\/strong> R$ 9.663,60<\/li>\n\n\n\n<li><strong>Edital:<\/strong> <a href=\"https:\/\/dhg1h5j42swfq.cloudfront.net\/2026\/01\/23180947\/tecnico.pdf\" target=\"_blank\" rel=\"noreferrer noopener nofollow\">T\u00e9cnico Auxiliar<\/a>\u00a0|\u00a0<a href=\"https:\/\/dhg1h5j42swfq.cloudfront.net\/2026\/01\/23180958\/engenheiros.pdf\" target=\"_blank\" rel=\"noreferrer noopener nofollow\">Engenheiro<\/a>\u00a0|\u00a0<a href=\"https:\/\/dhg1h5j42swfq.cloudfront.net\/2026\/01\/23181002\/saude.pdf\" target=\"_blank\" rel=\"noreferrer noopener nofollow\">Apoio \u2013 Corpo de Sa\u00fade<\/a>\u00a0|\u00a0<a href=\"https:\/\/dhg1h5j42swfq.cloudfront.net\/2026\/01\/23181007\/dentistas.pdf\" target=\"_blank\" rel=\"noreferrer noopener nofollow\">Cirurgi\u00e3o-Dentista<\/a>\u00a0|\u00a0<a href=\"https:\/\/dhg1h5j42swfq.cloudfront.net\/2026\/01\/23180941\/capelaes.pdf\" target=\"_blank\" rel=\"noreferrer noopener nofollow\">Capel\u00e3o Naval<\/a>\u00a0|\u00a0<a href=\"https:\/\/dhg1h5j42swfq.cloudfront.net\/2026\/01\/23180952\/medicos.pdf\" target=\"_blank\" rel=\"noreferrer noopener nofollow\">M\u00e9dicos<\/a><\/li>\n<\/ul>\n\n\n\n<h3 class=\"wp-block-heading\" id=\"h-guarda-civil-metropolitana-de-sao-paulo-gcm-sp\"><a href=\"https:\/\/www.estrategiaconcursos.com.br\/blog\/concurso-gcm-sp\/\" target=\"_blank\" rel=\"noreferrer noopener\">Guarda Civil Metropolitana de S\u00e3o Paulo<\/a> (GCM SP)<\/h3>\n\n\n\n<ul class=\"wp-block-list\">\n<li><strong>Banca:<\/strong> Funda\u00e7\u00e3o Vunesp<\/li>\n\n\n\n<li><strong>Per\u00edodo de inscri\u00e7\u00f5es:<\/strong> 29\/01 a 03\/03<\/li>\n\n\n\n<li><strong>Data da prova<\/strong>: 26\/04<\/li>\n\n\n\n<li><strong>Vagas:<\/strong> 500<\/li>\n\n\n\n<li><strong>Sal\u00e1rio inicial:<\/strong> R$ 4.127,52<\/li>\n\n\n\n<li><strong>Edital:<\/strong> <a href=\"https:\/\/dhg1h5j42swfq.cloudfront.net\/2026\/01\/20090701\/edital-gcm-sp-2026.pdf\" target=\"_blank\" rel=\"noreferrer noopener nofollow\">GCM SP 2026<\/a><\/li>\n<\/ul>\n\n\n\n<h3 class=\"wp-block-heading\" id=\"h-guarda-civil-municipal-de-jarinu-gcm-jarinu-sp\"><a href=\"https:\/\/www.estrategiaconcursos.com.br\/blog\/concurso-gcm-jarinu-sp\/\" target=\"_blank\" rel=\"noreferrer noopener\">Guarda Civil Municipal de Jarinu<\/a> (GCM Jarinu &#8211; SP)<\/h3>\n\n\n\n<ul class=\"wp-block-list\">\n<li><strong>Banca:<\/strong> Instituto Mais<\/li>\n\n\n\n<li><strong>Per\u00edodo de inscri\u00e7\u00f5es:<\/strong> at\u00e9 05\/03<\/li>\n\n\n\n<li><strong>Data da prova<\/strong>: 29\/03<\/li>\n\n\n\n<li><strong>Vagas:<\/strong> 17 + CR<\/li>\n\n\n\n<li><strong>Sal\u00e1rio inicial:<\/strong> R$ 4.057,00<\/li>\n\n\n\n<li><strong>Edital:<\/strong> <a href=\"https:\/\/dhg1h5j42swfq.cloudfront.net\/2026\/01\/21133003\/edital-jarinu-sp-2026.pdf\" target=\"_blank\" rel=\"noreferrer noopener nofollow\">Guarda de Jarinu SP-2026<\/a><\/li>\n<\/ul>\n\n\n\n<h3 class=\"wp-block-heading has-text-align-center has-background\" id=\"saude\" style=\"background-color:#e1eaf2\">Sa\u00fade<\/h3>\n\n\n\n<h3 class=\"wp-block-heading\" id=\"h-grupo-hospitalar-conceicao-ghc-rs\"><a href=\"https:\/\/www.estrategiaconcursos.com.br\/blog\/concurso-grupo-hospital-conceicao-ghc\/\" target=\"_blank\" rel=\"noreferrer noopener\">Grupo Hospitalar Concei\u00e7\u00e3o<\/a> (GHC RS)<\/h3>\n\n\n\n<ul class=\"wp-block-list\">\n<li><strong>Banca:<\/strong> Fundatec<\/li>\n\n\n\n<li><strong>Per\u00edodo de inscri\u00e7\u00f5es:<\/strong> at\u00e9 20\/02<\/li>\n\n\n\n<li><strong>Data da prova<\/strong>: 20\/03<\/li>\n\n\n\n<li><strong>Vagas:<\/strong> CR<\/li>\n\n\n\n<li><strong>Sal\u00e1rio inicial:<\/strong> R$ 2.165,40 a 30.399,60<\/li>\n\n\n\n<li><strong>Edital:<\/strong>&nbsp;<a href=\"https:\/\/dhg1h5j42swfq.cloudfront.net\/2025\/12\/23055234\/edital-6.pdf\" target=\"_blank\" rel=\"noreferrer noopener nofollow\">GHC 2026<\/a><\/li>\n<\/ul>\n\n\n\n<h3 class=\"wp-block-heading\" id=\"h-fundacao-pro-sangue-hemocentro-de-sao-paulo-hemocentro-sp\"><a href=\"https:\/\/www.estrategiaconcursos.com.br\/blog\/concurso-hemocentro-sp\/\" target=\"_blank\" rel=\"noreferrer noopener\">Funda\u00e7\u00e3o Pr\u00f3-Sangue Hemocentro de S\u00e3o Paulo<\/a> (Hemocentro SP)<\/h3>\n\n\n\n<ul class=\"wp-block-list\">\n<li><strong>Banca:<\/strong> Instituto Mais<\/li>\n\n\n\n<li><strong>Per\u00edodo de inscri\u00e7\u00f5es:<\/strong> 02\/02 a 05\/03<\/li>\n\n\n\n<li><strong>Data da prova<\/strong>: 29\/03<\/li>\n\n\n\n<li><strong>Vagas:<\/strong> 5<\/li>\n\n\n\n<li><strong>Sal\u00e1rio inicial:<\/strong> R$ 2.694,09 a R$ 4.568,66<\/li>\n\n\n\n<li><strong>Edital:<\/strong> <a href=\"https:\/\/dhg1h5j42swfq.cloudfront.net\/2025\/12\/23154754\/edital-concurso-hemocentro-sp-2026.pdf\" target=\"_blank\" rel=\"noreferrer noopener nofollow\">Hemocentro SP 2026<\/a><\/li>\n<\/ul>\n\n\n\n<h3 class=\"wp-block-heading has-text-align-center has-background\" id=\"tribunais\" style=\"background-color:#e1eaf2\">Tribunais\/Procuradorias\/Minist\u00e9rios P\u00fablicos<\/h3>\n\n\n\n<h3 class=\"wp-block-heading\" id=\"h-ministerio-publico-do-estado-de-alagoas-nbsp-mp-al\"><a href=\"https:\/\/www.estrategiaconcursos.com.br\/blog\/concurso-mp-al-2026-edital-publicado\/\" target=\"_blank\" rel=\"noreferrer noopener\">Minist\u00e9rio P\u00fablico do Estado de Alagoas<\/a>&nbsp;(MP AL)<\/h3>\n\n\n\n<ul class=\"wp-block-list\">\n<li><strong>Banca:<\/strong> FCC<\/li>\n\n\n\n<li><strong>Per\u00edodo de inscri\u00e7\u00f5es:<\/strong> 02\/02 a 19\/03<\/li>\n\n\n\n<li><strong>Data da prova<\/strong>: 17\/05<\/li>\n\n\n\n<li><strong>Vagas:<\/strong> 27<\/li>\n\n\n\n<li><strong>Sal\u00e1rio inicial:<\/strong> at\u00e9 R$ 6,2 mil<\/li>\n\n\n\n<li><strong>Edital:<\/strong> <a href=\"https:\/\/dhg1h5j42swfq.cloudfront.net\/2026\/01\/23081021\/edital-mp-al.pdf\" target=\"_blank\" rel=\"noreferrer noopener nofollow\">MP AL 2026<\/a><\/li>\n<\/ul>\n\n\n\n<h3 class=\"wp-block-heading has-text-align-center has-background\" id=\"ecj\" style=\"background-color:#e1eaf2\">Carreiras Jur\u00eddicas<\/h3>\n\n\n\n<h3 class=\"wp-block-heading\" id=\"h-residencia-juridica-tj-to\"><a href=\"https:\/\/cj.estrategia.com\/portal\/residencia-juridica-tj-to\/\" target=\"_blank\" rel=\"noreferrer noopener\">Resid\u00eancia Jur\u00eddica TJ TO<\/a><\/h3>\n\n\n\n<ul class=\"wp-block-list\">\n<li><strong>Banca:<\/strong> Esmat\/ TJ TO<\/li>\n\n\n\n<li><strong>Per\u00edodo de inscri\u00e7\u00f5es:<\/strong> at\u00e9 26\/01<\/li>\n\n\n\n<li><strong>Data da prova<\/strong>: 08\/03<\/li>\n\n\n\n<li><strong>Vagas:<\/strong> 147<\/li>\n\n\n\n<li><strong>Sal\u00e1rio inicial:<\/strong> R$ 3.000,00<\/li>\n\n\n\n<li><strong>Edital:<\/strong> <a href=\"https:\/\/cj.estrategia.com\/portal\/wp-content\/uploads\/2026\/01\/21174137\/edital_20.01.pdf\" target=\"_blank\" rel=\"noreferrer noopener nofollow\">Programa de Resid\u00eancia com Acesso \u00e0 P\u00f3s-Gradua\u00e7\u00e3o em Pr\u00e1tica Judici\u00e1ria \u2013 PRJud 2026<\/a><\/li>\n<\/ul>\n\n\n\n<h3 class=\"wp-block-heading\" id=\"h-dpe-ma-defensor\"><a href=\"https:\/\/cj.estrategia.com\/portal\/concurso-dpe-ma-defensor\/\" target=\"_blank\" rel=\"noreferrer noopener\">DPE MA Defensor<\/a><\/h3>\n\n\n\n<ul class=\"wp-block-list\">\n<li><strong>Banca:<\/strong> FCC<\/li>\n\n\n\n<li><strong>Per\u00edodo de inscri\u00e7\u00f5es:<\/strong> 26\/01 a 26\/02<\/li>\n\n\n\n<li><strong>Data da prova<\/strong>: 21\/04<\/li>\n\n\n\n<li><strong>Vagas:<\/strong> 10 + CR<\/li>\n\n\n\n<li><strong>Sal\u00e1rio inicial:<\/strong>&nbsp;R$ 37.765,60<\/li>\n\n\n\n<li><strong>Edital:<\/strong> <a href=\"https:\/\/cj.estrategia.com\/portal\/wp-content\/uploads\/2026\/01\/22212217\/edital_dpa_ma.pdf\" target=\"_blank\" rel=\"noreferrer noopener nofollow\">Defensoria MA 2026<\/a><\/li>\n<\/ul>\n\n\n\n<h3 class=\"wp-block-heading has-text-align-center has-background\" id=\"educacao\" style=\"background-color:#e1eaf2\">Educa\u00e7\u00e3o<\/h3>\n\n\n\n<h3 class=\"wp-block-heading\" id=\"h-universidade-federal-de-vicosa-ufv\"><a href=\"https:\/\/www.estrategiaconcursos.com.br\/blog\/concurso-ufv\/\" target=\"_blank\" rel=\"noreferrer noopener\">Universidade Federal de Vi\u00e7osa<\/a> (UFV)<\/h3>\n\n\n\n<ul class=\"wp-block-list\">\n<li><strong>Banca:<\/strong> comiss\u00e3o pr\u00f3pria<\/li>\n\n\n\n<li><strong>Per\u00edodo de inscri\u00e7\u00f5es:<\/strong> 26\/01 a 26\/02<\/li>\n\n\n\n<li><strong>Data da prova<\/strong>: 26\/04<\/li>\n\n\n\n<li><strong>Vagas:<\/strong> 2<\/li>\n\n\n\n<li><strong>Sal\u00e1rio inicial:<\/strong> R$ 3.029,90 + benef\u00edcios<\/li>\n\n\n\n<li><strong>Edital:<\/strong> <a href=\"https:\/\/www.in.gov.br\/en\/web\/dou\/-\/edital-n-2\/2026-de-19-de-janeiro-de-2026-682251776\" target=\"_blank\" rel=\"noreferrer noopener\">UFV 2026<\/a><\/li>\n<\/ul>\n\n\n\n<h3 class=\"wp-block-heading\" id=\"h-instituto-federal-de-educacao-ciencia-e-tecnologia-de-alagoas-nbsp-ifal-nbsp\"><a href=\"https:\/\/www.estrategiaconcursos.com.br\/blog\/concurso-ifal\/\" target=\"_blank\" rel=\"noreferrer noopener\">Instituto Federal de Educa\u00e7\u00e3o, Ci\u00eancia e Tecnologia de Alagoas<\/a>&nbsp;(IFAL)&nbsp;<\/h3>\n\n\n\n<ul class=\"wp-block-list\">\n<li><strong>Banca:<\/strong> Fundepes<\/li>\n\n\n\n<li><strong>Per\u00edodo de inscri\u00e7\u00f5es:<\/strong> at\u00e9 19\/02<\/li>\n\n\n\n<li><strong>Data da prova<\/strong>: 22\/03<\/li>\n\n\n\n<li><strong>Vagas:<\/strong> 52<\/li>\n\n\n\n<li><strong>Sal\u00e1rio inicial:<\/strong> &nbsp;R$ 3.090,43 a R$ 13.288,85<\/li>\n\n\n\n<li><strong>Edital:<\/strong> <a href=\"https:\/\/dhg1h5j42swfq.cloudfront.net\/2025\/12\/20060408\/ifal.pdf\" target=\"_blank\" rel=\"noreferrer noopener nofollow\">IFAL 2026<\/a><\/li>\n<\/ul>\n\n\n\n<h3 class=\"wp-block-heading\" id=\"h-universidade-federal-de-rondonopolis-nbsp-ufr\"><a href=\"https:\/\/www.estrategiaconcursos.com.br\/blog\/concurso-ufr\/\" target=\"_blank\" rel=\"noreferrer noopener\">Universidade Federal de Rondon\u00f3polis<\/a>&nbsp;(UFR)<\/h3>\n\n\n\n<ul class=\"wp-block-list\">\n<li><strong>Banca:<\/strong> comiss\u00e3o pr\u00f3pria<\/li>\n\n\n\n<li><strong>Per\u00edodo de inscri\u00e7\u00f5es:<\/strong> 27\/01 a 20\/02<\/li>\n\n\n\n<li><strong>Data da prova<\/strong>: 15\/03<\/li>\n\n\n\n<li><strong>Vagas:<\/strong> 6<\/li>\n\n\n\n<li><strong>Sal\u00e1rio inicial:<\/strong> at\u00e9 R$ 4.967,04 + benef\u00edcios<\/li>\n\n\n\n<li><strong>Edital:<\/strong>&nbsp;<a href=\"https:\/\/www.in.gov.br\/en\/web\/dou\/-\/edital-reitoria\/ufr-n-2-de-16-de-janeiro-de-2026-682517870\" target=\"_blank\" rel=\"noreferrer noopener nofollow\">UFR 2026 \u2013 TAE<\/a><\/li>\n<\/ul>\n\n\n\n<h3 class=\"wp-block-heading\" id=\"h-pss-secretaria-de-educacao-do-estado-da-bahia-sec-ba\"><a href=\"https:\/\/www.estrategiaconcursos.com.br\/blog\/pss-sec-ba\/\" target=\"_blank\" rel=\"noreferrer noopener\">PSS Secretaria de Educa\u00e7\u00e3o do Estado da Bahia<\/a> (SEC BA)<\/h3>\n\n\n\n<ul class=\"wp-block-list\">\n<li><strong>Banca:<\/strong> IBFC<\/li>\n\n\n\n<li><strong>Per\u00edodo de inscri\u00e7\u00f5es:<\/strong> 26\/01 a 23\/02<\/li>\n\n\n\n<li><strong>Data da prova<\/strong>: 29\/03<\/li>\n\n\n\n<li><strong>Vagas:<\/strong> 2.777<\/li>\n\n\n\n<li><strong>Sal\u00e1rio inicial:<\/strong> at\u00e9 R$ 3.626,54<\/li>\n\n\n\n<li><strong>Edital:<\/strong> <a href=\"https:\/\/dhg1h5j42swfq.cloudfront.net\/2026\/01\/23151948\/2-sec-ba.pdf\" target=\"_blank\" rel=\"noreferrer noopener nofollow\">PSS Sec Bahia 2026.2<\/a>&nbsp;\/&nbsp;<a href=\"https:\/\/dhg1h5j42swfq.cloudfront.net\/2026\/01\/23152018\/3-sec-ba.pdf\" target=\"_blank\" rel=\"noreferrer noopener nofollow\">PSS Sec Bahia 2026.3<\/a>&nbsp;\/&nbsp;<a href=\"https:\/\/dhg1h5j42swfq.cloudfront.net\/2026\/01\/23152050\/4-sec-ba.pdf\" target=\"_blank\" rel=\"noreferrer noopener nofollow\">PSS Sec Bahia 2026.4<\/a><\/li>\n<\/ul>\n\n\n\n<h3 class=\"wp-block-heading has-text-align-center has-background\" id=\"camaras\" style=\"background-color:#e1eaf2\">\u00c1rea legislativa<\/h3>\n\n\n\n<h3 class=\"wp-block-heading\" id=\"h-camara-dos-deputados-policial-legislativo\"><a href=\"https:\/\/www.estrategiaconcursos.com.br\/blog\/concurso-camara-dos-deputados\/\" target=\"_blank\" rel=\"noreferrer noopener\">C\u00e2mara dos Deputados &#8211; Policial Legislativo<\/a><\/h3>\n\n\n\n<ul class=\"wp-block-list\">\n<li><strong>Banca:<\/strong> Cebraspe<\/li>\n\n\n\n<li><strong>Per\u00edodo de inscri\u00e7\u00f5es:<\/strong> at\u00e9 26\/02<\/li>\n\n\n\n<li><strong>Data da prova<\/strong>: 26\/04<\/li>\n\n\n\n<li><strong>Vagas:<\/strong> 40 + 40 CR<\/li>\n\n\n\n<li><strong>Sal\u00e1rio inicial:<\/strong> R$ 21.328,08<\/li>\n\n\n\n<li><strong>Edital:<\/strong> <a href=\"https:\/\/dhg1h5j42swfq.cloudfront.net\/2026\/01\/23181747\/c78734d46b60be29ba54fa925df4ebc2a2c49315b5903c2f1ca0bb1ac43129da-1.pdf\" target=\"_blank\" rel=\"noreferrer noopener nofollow\">C\u00e2mara dos Deputados Policial-2026<\/a><\/li>\n<\/ul>\n\n\n\n<h3 class=\"wp-block-heading\" id=\"h-camara-de-paranacity-pr\"><a href=\"https:\/\/www.estrategiaconcursos.com.br\/blog\/concurso-camara-de-paranacity-pr\/\" target=\"_blank\" rel=\"noreferrer noopener\">C\u00e2mara de Paranacity<\/a> (PR)<\/h3>\n\n\n\n<ul class=\"wp-block-list\">\n<li><strong>Banca:<\/strong> Instituto UniFil<\/li>\n\n\n\n<li><strong>Per\u00edodo de inscri\u00e7\u00f5es:<\/strong> at\u00e9 12\/02<\/li>\n\n\n\n<li><strong>Data da prova<\/strong>: 22\/03<\/li>\n\n\n\n<li><strong>Vagas:<\/strong> 3 + CR<\/li>\n\n\n\n<li><strong>Sal\u00e1rio inicial:<\/strong> R$ 1.915,09 a R$ 5.102,12<\/li>\n\n\n\n<li><strong>Edital:<\/strong> <a href=\"https:\/\/dhg1h5j42swfq.cloudfront.net\/2026\/01\/19094145\/1768562419710.pdf\" target=\"_blank\" rel=\"noreferrer noopener nofollow\">C\u00e2mara de Paranacity PR-2026<\/a><\/li>\n<\/ul>\n\n\n\n<h3 class=\"wp-block-heading\" id=\"h-camara-de-venda-nova-do-imigrante-es\"><a href=\"https:\/\/www.estrategiaconcursos.com.br\/blog\/concurso-camara-de-venda-nova-do-imigrante-es\/\" target=\"_blank\" rel=\"noreferrer noopener\">C\u00e2mara de Venda Nova do Imigrante<\/a> (ES)<\/h3>\n\n\n\n<ul class=\"wp-block-list\">\n<li><strong>Banca:<\/strong> Instituto Consulplan<\/li>\n\n\n\n<li><strong>Per\u00edodo de inscri\u00e7\u00f5es:<\/strong> at\u00e9 19\/02<\/li>\n\n\n\n<li><strong>Data da prova<\/strong>: 22\/03<\/li>\n\n\n\n<li><strong>Vagas:<\/strong> 6 + 30 CR<\/li>\n\n\n\n<li><strong>Sal\u00e1rio inicial:<\/strong> R$ 1.895,54 a R$ 5.102,06<\/li>\n\n\n\n<li><strong>Edital:<\/strong> <a href=\"https:\/\/dhg1h5j42swfq.cloudfront.net\/2026\/01\/19090933\/1_592363.pdf\" target=\"_blank\" rel=\"noreferrer noopener nofollow\">C\u00e2mara de Venda Nova do Imigrante 2026<\/a><\/li>\n<\/ul>\n\n\n\n<h3 class=\"wp-block-heading\" id=\"h-camara-de-pouso-alto-mg\"><a href=\"https:\/\/www.estrategiaconcursos.com.br\/blog\/concurso-camara-de-pouso-alto-mg\/\" target=\"_blank\" rel=\"noreferrer noopener\">C\u00e2mara de Pouso Alto<\/a> (MG)<\/h3>\n\n\n\n<ul class=\"wp-block-list\">\n<li><strong>Banca:<\/strong> Instituto Consulplan<\/li>\n\n\n\n<li><strong>Per\u00edodo de inscri\u00e7\u00f5es:<\/strong> 02\/03 a 01\/04<\/li>\n\n\n\n<li><strong>Data da prova<\/strong>: 26\/04<\/li>\n\n\n\n<li><strong>Vagas:<\/strong> 3 + CR<\/li>\n\n\n\n<li><strong>Sal\u00e1rio inicial:<\/strong> R$ 1.816,41 a R$ 5.204,67 + benef\u00edcios<\/li>\n\n\n\n<li><strong>Edital:<\/strong> <a href=\"https:\/\/dhg1h5j42swfq.cloudfront.net\/2026\/01\/22153353\/1_670583.pdf\" target=\"_blank\" rel=\"noreferrer noopener nofollow\">C\u00e2mara de Pouso Alto MG-2026<\/a><\/li>\n<\/ul>\n\n\n\n<h3 class=\"wp-block-heading\" id=\"h-camara-de-carapicuiba-sp\"><a href=\"https:\/\/www.estrategiaconcursos.com.br\/blog\/concurso-camara-carapicuiba-sp\/\" target=\"_blank\" rel=\"noreferrer noopener\">C\u00e2mara de Carapicu\u00edba<\/a> (SP)<\/h3>\n\n\n\n<ul class=\"wp-block-list\">\n<li><strong>Banca:<\/strong> Instituto OMNI<\/li>\n\n\n\n<li><strong>Per\u00edodo de inscri\u00e7\u00f5es:<\/strong> at\u00e9 22\/02<\/li>\n\n\n\n<li><strong>Data da prova<\/strong>: 22\/03<\/li>\n\n\n\n<li><strong>Vagas:<\/strong> 3<\/li>\n\n\n\n<li><strong>Sal\u00e1rio inicial:<\/strong> R$ 1.645,00 a R$ 5.100,75<\/li>\n\n\n\n<li><strong>Edital:<\/strong> <a href=\"https:\/\/dhg1h5j42swfq.cloudfront.net\/2026\/01\/23093335\/120d0206-42b1-4ea4-b709-3703119f5780.pdf\" target=\"_blank\" rel=\"noreferrer noopener nofollow\">CM Carapicu\u00edba SP-2026<\/a><\/li>\n<\/ul>\n\n\n\n<h3 class=\"wp-block-heading has-text-align-center has-background\" id=\"prefeituras\" style=\"background-color:#e1eaf2\">Prefeituras Municipais<\/h3>\n\n\n\n<h3 class=\"wp-block-heading\" id=\"h-prefeitura-de-pereiro-ce\"><a href=\"https:\/\/www.estrategiaconcursos.com.br\/blog\/concurso-prefeitura-pereiro\/\" target=\"_blank\" rel=\"noreferrer noopener\">Prefeitura de Pereiro<\/a> (CE)<\/h3>\n\n\n\n<ul class=\"wp-block-list\">\n<li><strong>Banca:<\/strong> Instituto Consulpam<\/li>\n\n\n\n<li><strong>Per\u00edodo de inscri\u00e7\u00f5es:<\/strong> at\u00e9 19\/02<\/li>\n\n\n\n<li><strong>Data da prova<\/strong>: 07, 14 e 21\/06<\/li>\n\n\n\n<li><strong>Vagas:<\/strong> 196<\/li>\n\n\n\n<li><strong>Sal\u00e1rio inicial:<\/strong> R$ 1.518,00 a R$ 10.000,00<\/li>\n\n\n\n<li><strong>Edital:<\/strong> <a href=\"https:\/\/dhg1h5j42swfq.cloudfront.net\/2026\/01\/19162549\/01.pdf\" target=\"_blank\" rel=\"noreferrer noopener nofollow\">01\/2026<\/a>&nbsp;|&nbsp;<a href=\"https:\/\/dhg1h5j42swfq.cloudfront.net\/2026\/01\/19162553\/02.pdf\" target=\"_blank\" rel=\"noreferrer noopener nofollow\">02\/2026<\/a>&nbsp;|&nbsp;<a href=\"https:\/\/dhg1h5j42swfq.cloudfront.net\/2026\/01\/19162556\/03.pdf\" target=\"_blank\" rel=\"noreferrer noopener nofollow\">03\/2026<\/a>&nbsp;|&nbsp;<a href=\"https:\/\/dhg1h5j42swfq.cloudfront.net\/2026\/01\/19162546\/04.pdf\" target=\"_blank\" rel=\"noreferrer noopener nofollow\">04\/2026<\/a><\/li>\n<\/ul>\n\n\n\n<h3 class=\"wp-block-heading\" id=\"h-prefeitura-de-couto-magalhaes-to\"><a href=\"https:\/\/www.estrategiaconcursos.com.br\/blog\/concurso-prefeitura-couto-magalhaes\/\" target=\"_blank\" rel=\"noreferrer noopener\">Prefeitura de Couto Magalh\u00e3es<\/a> (TO)<\/h3>\n\n\n\n<ul class=\"wp-block-list\">\n<li><strong>Banca:<\/strong> IADES<\/li>\n\n\n\n<li><strong>Per\u00edodo de inscri\u00e7\u00f5es:<\/strong> at\u00e9 19\/02<\/li>\n\n\n\n<li><strong>Data da prova<\/strong>: 11, 12, 18 ou 19\/04<\/li>\n\n\n\n<li><strong>Vagas:<\/strong> 168<\/li>\n\n\n\n<li><strong>Sal\u00e1rio inicial:<\/strong> R$ 1.518,00 a R$ 15.102,49<\/li>\n\n\n\n<li><strong>Edital:<\/strong> <a href=\"https:\/\/www.iades.com.br\/inscricao\/upload\/1365\/2026011611549621.pdf\" target=\"_blank\" rel=\"noreferrer noopener nofollow\">Couto Magalh\u00e3es 2026<\/a><\/li>\n<\/ul>\n\n\n\n<h3 class=\"wp-block-heading\" id=\"h-prefeitura-de-venda-nova-do-imigrante-es\"><a href=\"https:\/\/www.estrategiaconcursos.com.br\/blog\/concurso-prefeitura-venda-nova-do-imigrante\/\" target=\"_blank\" rel=\"noreferrer noopener\">Prefeitura de Venda Nova do Imigrante<\/a> (ES)<\/h3>\n\n\n\n<ul class=\"wp-block-list\">\n<li><strong>Banca:<\/strong> Instituto Consulplan<\/li>\n\n\n\n<li><strong>Per\u00edodo de inscri\u00e7\u00f5es:<\/strong> 21\/01 a 19\/02<\/li>\n\n\n\n<li><strong>Data da prova<\/strong>: 22 e 29\/03<\/li>\n\n\n\n<li><strong>Vagas:<\/strong> 168 + 169 CR<\/li>\n\n\n\n<li><strong>Sal\u00e1rio inicial:<\/strong> R$ 1.555,03 a&nbsp;R$ 7.653,12<\/li>\n\n\n\n<li><strong>Edital:<\/strong> <a href=\"https:\/\/dhg1h5j42swfq.cloudfront.net\/2026\/01\/19090016\/1_1219236-1.pdf\" target=\"_blank\" rel=\"noreferrer noopener nofollow\">Edital Venda Nova do Imigrante<\/a><\/li>\n<\/ul>\n\n\n\n<h3 class=\"wp-block-heading\" id=\"h-prefeitura-de-ibertioga-mg\"><a href=\"https:\/\/www.estrategiaconcursos.com.br\/blog\/concurso-prefeitura-ibertioga\/\" target=\"_blank\" rel=\"noreferrer noopener\">Prefeitura de Ibertioga<\/a> (MG)<\/h3>\n\n\n\n<ul class=\"wp-block-list\">\n<li><strong>Banca:<\/strong> JCM Consultoria<\/li>\n\n\n\n<li><strong>Per\u00edodo de inscri\u00e7\u00f5es:<\/strong> 02\/03 a 01\/04<\/li>\n\n\n\n<li><strong>Data da prova<\/strong>: 03\/05<\/li>\n\n\n\n<li><strong>Vagas:<\/strong> 86<\/li>\n\n\n\n<li><strong>Sal\u00e1rio inicial:<\/strong> R$ 1,5 mil a R$ 5,7 mil<\/li>\n\n\n\n<li><strong>Edital:<\/strong> <a href=\"https:\/\/dhg1h5j42swfq.cloudfront.net\/2025\/02\/22142851\/0cbf1d06-216f-4ad9-9398-8afd7f2ecc2e-2.pdf\" target=\"_blank\" rel=\"noreferrer noopener nofollow\">Ibertioga 2025<\/a><\/li>\n<\/ul>\n\n\n\n<h3 class=\"wp-block-heading\" id=\"h-prefeitura-de-mazagao-ap\"><a href=\"https:\/\/www.estrategiaconcursos.com.br\/blog\/concurso-prefeitura-mazagao\/\" target=\"_blank\" rel=\"noreferrer noopener\">Prefeitura de Mazag\u00e3o<\/a> (AP)<\/h3>\n\n\n\n<ul class=\"wp-block-list\">\n<li><strong>Banca:<\/strong> Inaz do Par\u00e1<\/li>\n\n\n\n<li><strong>Per\u00edodo de inscri\u00e7\u00f5es:<\/strong> at\u00e9 06\/03<\/li>\n\n\n\n<li><strong>Data da prova<\/strong>: 12\/04<\/li>\n\n\n\n<li><strong>Vagas:<\/strong> 333 + 211 CR<\/li>\n\n\n\n<li><strong>Sal\u00e1rio inicial:<\/strong> R$ 1.621,00 a R$ 4.502,18<\/li>\n\n\n\n<li><strong>Edital:<\/strong> <a href=\"https:\/\/dhg1h5j42swfq.cloudfront.net\/2026\/01\/22141929\/b7514f35-5969-496d-add1-587572e27614.pdf\" target=\"_blank\" rel=\"noreferrer noopener nofollow\">Edital Mazag\u00e3o AP 2026<\/a><\/li>\n<\/ul>\n\n\n\n<h3 class=\"wp-block-heading\" id=\"h-prefeitura-de-barbalha-ce\"><a href=\"https:\/\/www.estrategiaconcursos.com.br\/blog\/concurso-prefeitura-barbalha\/\" target=\"_blank\" rel=\"noreferrer noopener\">Prefeitura de Barbalha<\/a> (CE)<\/h3>\n\n\n\n<ul class=\"wp-block-list\">\n<li><strong>Banca:<\/strong> Instituto Consulpam<\/li>\n\n\n\n<li><strong>Per\u00edodo de inscri\u00e7\u00f5es:<\/strong> at\u00e9 30\/01<\/li>\n\n\n\n<li><strong>Data da prova<\/strong>: 14 e 15\/03<\/li>\n\n\n\n<li><strong>Vagas:<\/strong> 121 + 426 CR<\/li>\n\n\n\n<li><strong>Sal\u00e1rio inicial:<\/strong> R$ 1.518,00 a R$ 10.495,80<\/li>\n\n\n\n<li><strong>Edital:<\/strong> <a href=\"https:\/\/dhg1h5j42swfq.cloudfront.net\/2026\/01\/22100657\/edital-1.pdf\" target=\"_blank\" rel=\"noreferrer noopener nofollow\">Edital 1<\/a>&nbsp;|&nbsp;<a href=\"https:\/\/dhg1h5j42swfq.cloudfront.net\/2026\/01\/22100653\/edital-2.pdf\" target=\"_blank\" rel=\"noreferrer noopener nofollow\">Edital 2<\/a>&nbsp;|&nbsp;<a href=\"https:\/\/dhg1h5j42swfq.cloudfront.net\/2026\/01\/22100650\/edital-3.pdf\" target=\"_blank\" rel=\"noreferrer noopener nofollow\">Edital 3<\/a>&nbsp;|&nbsp;<a href=\"https:\/\/dhg1h5j42swfq.cloudfront.net\/2026\/01\/22100646\/edital-4.pdf\" target=\"_blank\" rel=\"noreferrer noopener nofollow\">Edital 4<\/a><\/li>\n<\/ul>\n\n\n\n<h3 class=\"wp-block-heading\" id=\"h-prefeitura-de-guariba-sp\"><a href=\"https:\/\/www.estrategiaconcursos.com.br\/blog\/concurso-prefeitura-guariba\/\" target=\"_blank\" rel=\"noreferrer noopener\">Prefeitura de Guariba<\/a> (SP)<\/h3>\n\n\n\n<ul class=\"wp-block-list\">\n<li><strong>Banca:<\/strong> Inepam<\/li>\n\n\n\n<li><strong>Per\u00edodo de inscri\u00e7\u00f5es:<\/strong> at\u00e9 20\/01<\/li>\n\n\n\n<li><strong>Data da prova<\/strong>: 08\/03<\/li>\n\n\n\n<li><strong>Vagas:<\/strong> 5 + CR<\/li>\n\n\n\n<li><strong>Sal\u00e1rio inicial:<\/strong> R$ 1.635,10 a R$ 15.271,34<\/li>\n\n\n\n<li><strong>Edital:<\/strong> <a href=\"https:\/\/dhg1h5j42swfq.cloudfront.net\/2026\/01\/22084215\/documento-2.pdf\" target=\"_blank\" rel=\"noreferrer noopener nofollow\">Edital Guariba SP 2026<\/a><\/li>\n<\/ul>\n\n\n\n<h3 class=\"wp-block-heading\" id=\"h-prefeitura-de-batatais-sp\"><a href=\"https:\/\/www.estrategiaconcursos.com.br\/blog\/concurso-prefeitura-batatais\/\" target=\"_blank\" rel=\"noreferrer noopener\">Prefeitura de Batatais<\/a> (SP)<\/h3>\n\n\n\n<ul class=\"wp-block-list\">\n<li><strong>Banca:<\/strong> Nosso Rumo<\/li>\n\n\n\n<li><strong>Per\u00edodo de inscri\u00e7\u00f5es:<\/strong> 27\/01 a 26\/02<\/li>\n\n\n\n<li><strong>Data da prova<\/strong>: 29\/03<\/li>\n\n\n\n<li><strong>Vagas:<\/strong> 21 + CR<\/li>\n\n\n\n<li><strong>Sal\u00e1rio inicial:<\/strong> R$ 4.924,80 a R$ 8.975,41<\/li>\n\n\n\n<li><strong>Edital:<\/strong> <a href=\"https:\/\/dhg1h5j42swfq.cloudfront.net\/2026\/01\/23083058\/edital-de-abertura.pdf\" target=\"_blank\" rel=\"noreferrer noopener nofollow\">Edital Batatais 2026<\/a><\/li>\n<\/ul>\n\n\n\n<h3 class=\"wp-block-heading\" id=\"h-prefeitura-de-ibipora-pr\"><a href=\"https:\/\/www.estrategiaconcursos.com.br\/blog\/concurso-prefeitura-ibipora\/\" target=\"_blank\" rel=\"noreferrer noopener\">Prefeitura de Ibipor\u00e3<\/a> (PR)<\/h3>\n\n\n\n<ul class=\"wp-block-list\">\n<li><strong>Banca:<\/strong> Instituto Unifil<\/li>\n\n\n\n<li><strong>Per\u00edodo de inscri\u00e7\u00f5es:<\/strong> 26\/01 a 24\/02<\/li>\n\n\n\n<li><strong>Data da prova<\/strong>: 19\/04<\/li>\n\n\n\n<li><strong>Vagas:<\/strong> 09 + CR<\/li>\n\n\n\n<li><strong>Sal\u00e1rio inicial:<\/strong> R$ 2.157,48 a R$ 10.021,21<\/li>\n\n\n\n<li><strong>Edital:<\/strong> <a href=\"https:\/\/dhg1h5j42swfq.cloudfront.net\/2026\/01\/23094552\/1768834495451.pdf\" target=\"_blank\" rel=\"noreferrer noopener nofollow\">Edital Ibipor\u00e3 PR 2026<\/a><\/li>\n<\/ul>\n\n\n\n<h3 class=\"wp-block-heading\" id=\"h-prefeitura-de-gentio-do-ouro-ba\"><a href=\"https:\/\/www.estrategiaconcursos.com.br\/blog\/concurso-prefeitura-gentio-do-ouro\/\" target=\"_blank\" rel=\"noreferrer noopener\">Prefeitura de Gentio do Ouro<\/a> (BA)<\/h3>\n\n\n\n<ul class=\"wp-block-list\">\n<li><strong>Banca:<\/strong> Instituto Proativa<\/li>\n\n\n\n<li><strong>Per\u00edodo de inscri\u00e7\u00f5es:<\/strong> at\u00e9 08\/02<\/li>\n\n\n\n<li><strong>Data da prova<\/strong>: 01\/03<\/li>\n\n\n\n<li><strong>Vagas:<\/strong> 46<\/li>\n\n\n\n<li><strong>Sal\u00e1rio inicial:<\/strong> R$ 2.433,89 a R$ 3.242,00<\/li>\n\n\n\n<li><strong>Edital:<\/strong> <a href=\"https:\/\/dhg1h5j42swfq.cloudfront.net\/2026\/01\/23091444\/c72ec746-167d-4d0f-a0a4-c841a5b0b993.pdf\" target=\"_blank\" rel=\"noreferrer noopener nofollow\">Edital Gentio do Ouro 2026<\/a><\/li>\n<\/ul>\n\n\n\n<h3 class=\"wp-block-heading\" id=\"h-prefeitura-de-aguia-branca-es\"><a href=\"https:\/\/www.estrategiaconcursos.com.br\/blog\/concurso-prefeitura-aguia-branca\/\" target=\"_blank\" rel=\"noreferrer noopener\">Prefeitura de \u00c1guia Branca<\/a> (ES)<\/h3>\n\n\n\n<ul class=\"wp-block-list\">\n<li><strong>Banca:<\/strong> IDCAP<\/li>\n\n\n\n<li><strong>Per\u00edodo de inscri\u00e7\u00f5es:<\/strong> 30\/01 a 22\/02<\/li>\n\n\n\n<li><strong>Data da prova<\/strong>: 15\/03<\/li>\n\n\n\n<li><strong>Vagas:<\/strong> 9<\/li>\n\n\n\n<li><strong>Sal\u00e1rio inicial:<\/strong> R$ 1.518 a R$ 4.821,82<\/li>\n\n\n\n<li><strong>Edital:<\/strong> <a href=\"https:\/\/anexos.cdn.selecao.net.br\/uploads\/227\/concursos\/222\/anexos\/321ef2d6-98cb-4772-9f68-c3b79c4e7720.pdf\" target=\"_blank\" rel=\"noreferrer noopener nofollow\">\u00c1guia Branca 2026<\/a><\/li>\n<\/ul>\n\n\n\n<h3 class=\"wp-block-heading\" id=\"h-prefeitura-de-diamante-do-norte-pr\"><a href=\"https:\/\/www.estrategiaconcursos.com.br\/blog\/concurso-prefeitura-de-diamante-do-norte\/\" target=\"_blank\" rel=\"noreferrer noopener\">Prefeitura de Diamante do Norte<\/a> (PR)<\/h3>\n\n\n\n<ul class=\"wp-block-list\">\n<li><strong>Banca:<\/strong> Funda\u00e7\u00e3o Fafipa<\/li>\n\n\n\n<li><strong>Per\u00edodo de inscri\u00e7\u00f5es:<\/strong> at\u00e9 19\/02<\/li>\n\n\n\n<li><strong>Data da prova<\/strong>: 08\/03<\/li>\n\n\n\n<li><strong>Vagas:<\/strong> 14 + CR<\/li>\n\n\n\n<li><strong>Sal\u00e1rio inicial:<\/strong> R$ 1.479,35 a R$ 14.653,35<\/li>\n\n\n\n<li><strong>Edital:<\/strong> <a href=\"https:\/\/dhg1h5j42swfq.cloudfront.net\/2026\/01\/23144236\/ea010367-477e-464c-b45b-87d81a03d72c.pdf\" target=\"_blank\" rel=\"noreferrer noopener nofollow\">Diamante do Norte 2026<\/a><\/li>\n<\/ul>\n\n\n\n<h3 class=\"wp-block-heading\" id=\"h-prefeitura-de-itapecerica-da-serra-sp\"><a href=\"https:\/\/www.estrategiaconcursos.com.br\/blog\/concurso-prefeitura-itapecerica-da-serra\/\" target=\"_blank\" rel=\"noreferrer noopener\">Prefeitura de Itapecerica da Serra<\/a> (SP)<\/h3>\n\n\n\n<ul class=\"wp-block-list\">\n<li><strong>Banca:<\/strong> Avan\u00e7a SP<\/li>\n\n\n\n<li><strong>Per\u00edodo de inscri\u00e7\u00f5es:<\/strong> at\u00e9 23\/02<\/li>\n\n\n\n<li><strong>Data da prova<\/strong>: 22\/03<\/li>\n\n\n\n<li><strong>Vagas:<\/strong> 19 + CR<\/li>\n\n\n\n<li><strong>Sal\u00e1rio inicial:<\/strong> <strong>l:<\/strong>&nbsp;R$ 2.281,40 a R$ 5.783,13<\/li>\n\n\n\n<li><strong>Edital:<\/strong> <a href=\"https:\/\/dhg1h5j42swfq.cloudfront.net\/2026\/01\/23154223\/70fc2a6f-01ac-4a07-bb43-cdea3a66ed4a.pdf\" target=\"_blank\" rel=\"noreferrer noopener nofollow\">Itapecerica da Serra 2026<\/a><\/li>\n<\/ul>\n\n\n\n<h3 class=\"wp-block-heading has-text-align-center\" id=\"h-quer-ficar-por-dentro-de-mais-informacoes-sobre-o-mundo-dos-concursos-alem-dos-editais-da-semana-entao-confira-as-principais-noticias-do-dia\"><em>Quer ficar por dentro de mais informa\u00e7\u00f5es sobre o mundo dos concursos, al\u00e9m dos editais da semana? Ent\u00e3o confira as principais not\u00edcias do dia!<\/em><\/h3>\n\n\n\n<p class=\"has-text-align-center has-background\" style=\"background-color:#ededed;font-size:clamp(14.642px, 0.915rem + ((1vw - 3.2px) * 0.721), 22px);px\"><strong><a href=\"https:\/\/www.estrategiaconcursos.com.br\/blog\/principais-noticias-do-dia\/\" target=\"_blank\" rel=\"noreferrer noopener\">Principais not\u00edcias do dia<\/a><\/strong><\/p>\n\n\n\n<div class=\"container\" id=\"boxes\">\r\n  <div class=\"row\">\r\n\r\n    <div class=\"col-sm\">\r\n      <div class=\"estrategia\" id=\"box-assinatura\">\r\n        <h3 class=\"titulo-assinatura\">Assinatura Concursos<\/h3>\r\n        <p class=\"subtitulo-assinatura\">Assinatura de 1 ano ou 2 anos<\/p>\r\n        <div class=\"box-botao\">\r\n          <a class=\"btn-assinatura\" target=\"_blank\" href=\"https:\/\/www.estrategiaconcursos.com.br\/assinaturas\/\" role=\"button\" rel=\"noopener noreferrer\">ASSINE AGORA<\/a>\r\n        <\/div>\r\n      <\/div><\/div><\/div><\/div>\n\n\n\n<h2 class=\"wp-block-heading has-text-align-center\" id=\"h-quer-saber-tudo-sobre-concursos-previstos-e-editais-da-semana-confira-os-nossos-artigos\">Quer saber tudo sobre concursos previstos e editais da semana?<br \/>Confira os nossos artigos!<\/h2>\n\n\n\n<ul class=\"wp-block-list\">\n<li><a href=\"https:\/\/www.estrategiaconcursos.com.br\/blog\/concursos-abertos\/\" target=\"_blank\" rel=\"noreferrer noopener\">Concursos Abertos<\/a><\/li>\n\n\n\n<li><a href=\"https:\/\/www.estrategiaconcursos.com.br\/blog\/concursos-prefeitura\/\" target=\"_blank\" rel=\"noreferrer noopener\">Concursos Abertos Prefeitura<\/a><\/li>\n\n\n\n<li><a href=\"https:\/\/www.estrategiaconcursos.com.br\/blog\/concursos-2026\/\" target=\"_blank\" rel=\"noreferrer noopener\">Concursos 2026<\/a><\/li>\n<\/ul>\n","protected":false},"excerpt":{"rendered":"<p>A terceira e pen\u00faltima semana de janeiro de 2026 oficialmente terminou e, com ela, diversos editais de concurso sa\u00edram, trazendo oportunidades pra l\u00e1 de interessantes. Ao todo, foram publicados 35 novos editais de abertura para concursos p\u00fablicos, contando com 5.589 vagas imediatas ou de cadastro reserva. Entre os destaques, chegou o concurso para a Guarda [&hellip;]<\/p>\n","protected":false},"author":2692,"featured_media":1571644,"comment_status":"open","ping_status":"closed","sticky":false,"template":"","format":"standard","meta":{"post_tipo":"news","footnotes":""},"categories":[1,220219],"tags":[],"tax_estado":[219963],"class_list":["post-1702262","post","type-post","status-publish","format-standard","has-post-thumbnail","hentry","category-cursos-e-concursos","category-noticias","tax_estado-concursos-federais"],"acf":[],"yoast_head":"<!-- This site is optimized with the Yoast SEO Premium plugin v27.2 (Yoast SEO v27.2) - https:\/\/yoast.com\/product\/yoast-seo-premium-wordpress\/ -->\n<title>Concursos P\u00fablicos: 35 editais esta semana; 5,5 mil vagas!<\/title>\n<meta name=\"description\" content=\"Concurso P\u00fablico 2026: 35 editais sa\u00edram ao longo desta semana (19 a 23\/01). Confira o n\u00famero de oportunidades, remunera\u00e7\u00e3o e datas\" \/>\n<meta name=\"robots\" content=\"index, follow, max-snippet:-1, max-image-preview:large, max-video-preview:-1\" \/>\n<link rel=\"canonical\" href=\"https:\/\/www.estrategiaconcursos.com.br\/blog\/concurso-editais-semana-19-23-01\/\" \/>\n<meta property=\"og:locale\" content=\"pt_BR\" \/>\n<meta property=\"og:type\" content=\"article\" \/>\n<meta property=\"og:title\" content=\"Concursos P\u00fablicos: 35 editais esta semana; 5,5 mil vagas!\" \/>\n<meta property=\"og:description\" content=\"Concurso P\u00fablico 2026: 35 editais sa\u00edram ao longo desta semana (19 a 23\/01). Confira o n\u00famero de oportunidades, remunera\u00e7\u00e3o e datas\" \/>\n<meta property=\"og:url\" content=\"https:\/\/www.estrategiaconcursos.com.br\/blog\/concurso-editais-semana-19-23-01\/\" \/>\n<meta property=\"og:site_name\" content=\"Estrat\u00e9gia Concursos\" \/>\n<meta property=\"article:published_time\" content=\"2026-01-23T21:00:00+00:00\" \/>\n<meta property=\"article:modified_time\" content=\"2026-01-26T17:34:39+00:00\" \/>\n<meta property=\"og:image\" content=\"https:\/\/dhg1h5j42swfq.cloudfront.net\/2025\/05\/05161312\/concursos-2026.jpg\" \/>\n\t<meta property=\"og:image:width\" content=\"768\" \/>\n\t<meta property=\"og:image:height\" content=\"432\" \/>\n\t<meta property=\"og:image:type\" content=\"image\/jpeg\" \/>\n<meta name=\"author\" content=\"Ronaldo Scanavini Neto\" \/>\n<meta name=\"twitter:card\" content=\"summary_large_image\" \/>\n<meta name=\"twitter:creator\" content=\"@EstratConcursos\" \/>\n<meta name=\"twitter:site\" content=\"@EstratConcursos\" \/>\n<meta name=\"twitter:label1\" content=\"Escrito por\" \/>\n\t<meta name=\"twitter:data1\" content=\"Ronaldo Scanavini Neto\" \/>\n\t<meta name=\"twitter:label2\" content=\"Est. tempo de leitura\" \/>\n\t<meta name=\"twitter:data2\" content=\"6 minutos\" \/>\n<script type=\"application\/ld+json\" class=\"yoast-schema-graph\">{\"@context\":\"https:\/\/schema.org\",\"@graph\":[{\"@type\":\"NewsArticle\",\"@id\":\"https:\/\/www.estrategiaconcursos.com.br\/blog\/concurso-editais-semana-19-23-01\/#article\",\"isPartOf\":{\"@id\":\"https:\/\/www.estrategiaconcursos.com.br\/blog\/concurso-editais-semana-19-23-01\/\"},\"author\":{\"name\":\"Ronaldo Scanavini Neto\",\"@id\":\"https:\/\/www.estrategiaconcursos.com.br\/blog\/#\/schema\/person\/70c2ad4297aa24ff8815b08215b23a76\"},\"headline\":\"Concursos P\u00fablicos: 35 editais esta semana; 5,5 mil vagas!\",\"datePublished\":\"2026-01-23T21:00:00+00:00\",\"dateModified\":\"2026-01-26T17:34:39+00:00\",\"mainEntityOfPage\":{\"@id\":\"https:\/\/www.estrategiaconcursos.com.br\/blog\/concurso-editais-semana-19-23-01\/\"},\"wordCount\":1224,\"commentCount\":0,\"publisher\":{\"@id\":\"https:\/\/www.estrategiaconcursos.com.br\/blog\/#organization\"},\"image\":{\"@id\":\"https:\/\/www.estrategiaconcursos.com.br\/blog\/concurso-editais-semana-19-23-01\/#primaryimage\"},\"thumbnailUrl\":\"https:\/\/dhg1h5j42swfq.cloudfront.net\/2025\/05\/05161312\/concursos-2026.jpg\",\"articleSection\":[\"Concursos P\u00fablicos\",\"\u00daltimas not\u00edcias\"],\"inLanguage\":\"pt-BR\",\"potentialAction\":[{\"@type\":\"CommentAction\",\"name\":\"Comment\",\"target\":[\"https:\/\/www.estrategiaconcursos.com.br\/blog\/concurso-editais-semana-19-23-01\/#respond\"]}],\"copyrightYear\":\"2026\",\"copyrightHolder\":{\"@id\":\"https:\/\/www.estrategiaconcursos.com.br\/blog\/#organization\"}},{\"@type\":\"WebPage\",\"@id\":\"https:\/\/www.estrategiaconcursos.com.br\/blog\/concurso-editais-semana-19-23-01\/\",\"url\":\"https:\/\/www.estrategiaconcursos.com.br\/blog\/concurso-editais-semana-19-23-01\/\",\"name\":\"Concursos P\u00fablicos: 35 editais esta semana; 5,5 mil vagas!\",\"isPartOf\":{\"@id\":\"https:\/\/www.estrategiaconcursos.com.br\/blog\/#website\"},\"primaryImageOfPage\":{\"@id\":\"https:\/\/www.estrategiaconcursos.com.br\/blog\/concurso-editais-semana-19-23-01\/#primaryimage\"},\"image\":{\"@id\":\"https:\/\/www.estrategiaconcursos.com.br\/blog\/concurso-editais-semana-19-23-01\/#primaryimage\"},\"thumbnailUrl\":\"https:\/\/dhg1h5j42swfq.cloudfront.net\/2025\/05\/05161312\/concursos-2026.jpg\",\"datePublished\":\"2026-01-23T21:00:00+00:00\",\"dateModified\":\"2026-01-26T17:34:39+00:00\",\"description\":\"Concurso P\u00fablico 2026: 35 editais sa\u00edram ao longo desta semana (19 a 23\/01). Confira o n\u00famero de oportunidades, remunera\u00e7\u00e3o e datas\",\"breadcrumb\":{\"@id\":\"https:\/\/www.estrategiaconcursos.com.br\/blog\/concurso-editais-semana-19-23-01\/#breadcrumb\"},\"inLanguage\":\"pt-BR\",\"potentialAction\":[{\"@type\":\"ReadAction\",\"target\":[\"https:\/\/www.estrategiaconcursos.com.br\/blog\/concurso-editais-semana-19-23-01\/\"]}]},{\"@type\":\"ImageObject\",\"inLanguage\":\"pt-BR\",\"@id\":\"https:\/\/www.estrategiaconcursos.com.br\/blog\/concurso-editais-semana-19-23-01\/#primaryimage\",\"url\":\"https:\/\/dhg1h5j42swfq.cloudfront.net\/2025\/05\/05161312\/concursos-2026.jpg\",\"contentUrl\":\"https:\/\/dhg1h5j42swfq.cloudfront.net\/2025\/05\/05161312\/concursos-2026.jpg\",\"width\":768,\"height\":432,\"caption\":\"Concursos P\u00fablicos\"},{\"@type\":\"BreadcrumbList\",\"@id\":\"https:\/\/www.estrategiaconcursos.com.br\/blog\/concurso-editais-semana-19-23-01\/#breadcrumb\",\"itemListElement\":[{\"@type\":\"ListItem\",\"position\":1,\"name\":\"In\u00edcio\",\"item\":\"https:\/\/www.estrategiaconcursos.com.br\/blog\/\"},{\"@type\":\"ListItem\",\"position\":2,\"name\":\"Concursos P\u00fablicos: 35 editais esta semana; 5,5 mil vagas!\"}]},{\"@type\":\"WebSite\",\"@id\":\"https:\/\/www.estrategiaconcursos.com.br\/blog\/#website\",\"url\":\"https:\/\/www.estrategiaconcursos.com.br\/blog\/\",\"name\":\"Estrat\u00e9gia Concursos\",\"description\":\"O blog da Estrat\u00e9gia Concursos traz not\u00edcias sobre concursos e artigos de professores oferecendo cursos para concursos (pdf + videaulas) no site.\",\"publisher\":{\"@id\":\"https:\/\/www.estrategiaconcursos.com.br\/blog\/#organization\"},\"potentialAction\":[{\"@type\":\"SearchAction\",\"target\":{\"@type\":\"EntryPoint\",\"urlTemplate\":\"https:\/\/www.estrategiaconcursos.com.br\/blog\/?s={search_term_string}\"},\"query-input\":{\"@type\":\"PropertyValueSpecification\",\"valueRequired\":true,\"valueName\":\"search_term_string\"}}],\"inLanguage\":\"pt-BR\"},{\"@type\":\"Organization\",\"@id\":\"https:\/\/www.estrategiaconcursos.com.br\/blog\/#organization\",\"name\":\"Estrat\u00e9gia Concursos\",\"url\":\"https:\/\/www.estrategiaconcursos.com.br\/blog\/\",\"logo\":{\"@type\":\"ImageObject\",\"inLanguage\":\"pt-BR\",\"@id\":\"https:\/\/www.estrategiaconcursos.com.br\/blog\/#\/schema\/logo\/image\/\",\"url\":\"https:\/\/dhg1h5j42swfq.cloudfront.net\/2025\/06\/03203428\/logo_concursos-1.jpg\",\"contentUrl\":\"https:\/\/dhg1h5j42swfq.cloudfront.net\/2025\/06\/03203428\/logo_concursos-1.jpg\",\"width\":230,\"height\":60,\"caption\":\"Estrat\u00e9gia Concursos\"},\"image\":{\"@id\":\"https:\/\/www.estrategiaconcursos.com.br\/blog\/#\/schema\/logo\/image\/\"},\"sameAs\":[\"https:\/\/x.com\/EstratConcursos\"]},{\"@type\":\"Person\",\"@id\":\"https:\/\/www.estrategiaconcursos.com.br\/blog\/#\/schema\/person\/70c2ad4297aa24ff8815b08215b23a76\",\"name\":\"Ronaldo Scanavini Neto\",\"image\":{\"@type\":\"ImageObject\",\"inLanguage\":\"pt-BR\",\"@id\":\"https:\/\/secure.gravatar.com\/avatar\/f93d8e56fe264596e94aee6b3feb737d98ad0fc5bac7eb0a245f04723c5c8f21?s=96&d=mm&r=g\",\"url\":\"https:\/\/secure.gravatar.com\/avatar\/f93d8e56fe264596e94aee6b3feb737d98ad0fc5bac7eb0a245f04723c5c8f21?s=96&d=mm&r=g\",\"contentUrl\":\"https:\/\/secure.gravatar.com\/avatar\/f93d8e56fe264596e94aee6b3feb737d98ad0fc5bac7eb0a245f04723c5c8f21?s=96&d=mm&r=g\",\"caption\":\"Ronaldo Scanavini Neto\"},\"description\":\"Graduando em Comunica\u00e7\u00e3o Social \u2013 Jornalismo pela Universidade Federal de Vi\u00e7osa (UFV). Integra a equipe de jornalismo do Estrat\u00e9gia Concursos desde 2023, atuando com \u00eanfase na cobertura da \u00e1rea fiscal. Tamb\u00e9m realiza a apura\u00e7\u00e3o e produ\u00e7\u00e3o de not\u00edcias sobre concursos federais, \u00f3rg\u00e3os participantes do CNU e das \u00e1reas de controle, gest\u00e3o, engenharia, Exame CFC, comunica\u00e7\u00e3o social TI e \u00e1rea de concursos administrativos.\",\"url\":\"https:\/\/www.estrategiaconcursos.com.br\/blog\/author\/ronaldo-netoestrategia-com\/\"}]}<\/script>\n<!-- \/ Yoast SEO Premium plugin. -->","yoast_head_json":{"title":"Concursos P\u00fablicos: 35 editais esta semana; 5,5 mil vagas!","description":"Concurso P\u00fablico 2026: 35 editais sa\u00edram ao longo desta semana (19 a 23\/01). Confira o n\u00famero de oportunidades, remunera\u00e7\u00e3o e datas","robots":{"index":"index","follow":"follow","max-snippet":"max-snippet:-1","max-image-preview":"max-image-preview:large","max-video-preview":"max-video-preview:-1"},"canonical":"https:\/\/www.estrategiaconcursos.com.br\/blog\/concurso-editais-semana-19-23-01\/","og_locale":"pt_BR","og_type":"article","og_title":"Concursos P\u00fablicos: 35 editais esta semana; 5,5 mil vagas!","og_description":"Concurso P\u00fablico 2026: 35 editais sa\u00edram ao longo desta semana (19 a 23\/01). Confira o n\u00famero de oportunidades, remunera\u00e7\u00e3o e datas","og_url":"https:\/\/www.estrategiaconcursos.com.br\/blog\/concurso-editais-semana-19-23-01\/","og_site_name":"Estrat\u00e9gia Concursos","article_published_time":"2026-01-23T21:00:00+00:00","article_modified_time":"2026-01-26T17:34:39+00:00","og_image":[{"width":768,"height":432,"url":"https:\/\/dhg1h5j42swfq.cloudfront.net\/2025\/05\/05161312\/concursos-2026.jpg","type":"image\/jpeg"}],"author":"Ronaldo Scanavini Neto","twitter_card":"summary_large_image","twitter_creator":"@EstratConcursos","twitter_site":"@EstratConcursos","twitter_misc":{"Escrito por":"Ronaldo Scanavini Neto","Est. tempo de leitura":"6 minutos"},"schema":{"@context":"https:\/\/schema.org","@graph":[{"@type":"NewsArticle","@id":"https:\/\/www.estrategiaconcursos.com.br\/blog\/concurso-editais-semana-19-23-01\/#article","isPartOf":{"@id":"https:\/\/www.estrategiaconcursos.com.br\/blog\/concurso-editais-semana-19-23-01\/"},"author":{"name":"Ronaldo Scanavini Neto","@id":"https:\/\/www.estrategiaconcursos.com.br\/blog\/#\/schema\/person\/70c2ad4297aa24ff8815b08215b23a76"},"headline":"Concursos P\u00fablicos: 35 editais esta semana; 5,5 mil vagas!","datePublished":"2026-01-23T21:00:00+00:00","dateModified":"2026-01-26T17:34:39+00:00","mainEntityOfPage":{"@id":"https:\/\/www.estrategiaconcursos.com.br\/blog\/concurso-editais-semana-19-23-01\/"},"wordCount":1224,"commentCount":0,"publisher":{"@id":"https:\/\/www.estrategiaconcursos.com.br\/blog\/#organization"},"image":{"@id":"https:\/\/www.estrategiaconcursos.com.br\/blog\/concurso-editais-semana-19-23-01\/#primaryimage"},"thumbnailUrl":"https:\/\/dhg1h5j42swfq.cloudfront.net\/2025\/05\/05161312\/concursos-2026.jpg","articleSection":["Concursos P\u00fablicos","\u00daltimas not\u00edcias"],"inLanguage":"pt-BR","potentialAction":[{"@type":"CommentAction","name":"Comment","target":["https:\/\/www.estrategiaconcursos.com.br\/blog\/concurso-editais-semana-19-23-01\/#respond"]}],"copyrightYear":"2026","copyrightHolder":{"@id":"https:\/\/www.estrategiaconcursos.com.br\/blog\/#organization"}},{"@type":"WebPage","@id":"https:\/\/www.estrategiaconcursos.com.br\/blog\/concurso-editais-semana-19-23-01\/","url":"https:\/\/www.estrategiaconcursos.com.br\/blog\/concurso-editais-semana-19-23-01\/","name":"Concursos P\u00fablicos: 35 editais esta semana; 5,5 mil vagas!","isPartOf":{"@id":"https:\/\/www.estrategiaconcursos.com.br\/blog\/#website"},"primaryImageOfPage":{"@id":"https:\/\/www.estrategiaconcursos.com.br\/blog\/concurso-editais-semana-19-23-01\/#primaryimage"},"image":{"@id":"https:\/\/www.estrategiaconcursos.com.br\/blog\/concurso-editais-semana-19-23-01\/#primaryimage"},"thumbnailUrl":"https:\/\/dhg1h5j42swfq.cloudfront.net\/2025\/05\/05161312\/concursos-2026.jpg","datePublished":"2026-01-23T21:00:00+00:00","dateModified":"2026-01-26T17:34:39+00:00","description":"Concurso P\u00fablico 2026: 35 editais sa\u00edram ao longo desta semana (19 a 23\/01). Confira o n\u00famero de oportunidades, remunera\u00e7\u00e3o e datas","breadcrumb":{"@id":"https:\/\/www.estrategiaconcursos.com.br\/blog\/concurso-editais-semana-19-23-01\/#breadcrumb"},"inLanguage":"pt-BR","potentialAction":[{"@type":"ReadAction","target":["https:\/\/www.estrategiaconcursos.com.br\/blog\/concurso-editais-semana-19-23-01\/"]}]},{"@type":"ImageObject","inLanguage":"pt-BR","@id":"https:\/\/www.estrategiaconcursos.com.br\/blog\/concurso-editais-semana-19-23-01\/#primaryimage","url":"https:\/\/dhg1h5j42swfq.cloudfront.net\/2025\/05\/05161312\/concursos-2026.jpg","contentUrl":"https:\/\/dhg1h5j42swfq.cloudfront.net\/2025\/05\/05161312\/concursos-2026.jpg","width":768,"height":432,"caption":"Concursos P\u00fablicos"},{"@type":"BreadcrumbList","@id":"https:\/\/www.estrategiaconcursos.com.br\/blog\/concurso-editais-semana-19-23-01\/#breadcrumb","itemListElement":[{"@type":"ListItem","position":1,"name":"In\u00edcio","item":"https:\/\/www.estrategiaconcursos.com.br\/blog\/"},{"@type":"ListItem","position":2,"name":"Concursos P\u00fablicos: 35 editais esta semana; 5,5 mil vagas!"}]},{"@type":"WebSite","@id":"https:\/\/www.estrategiaconcursos.com.br\/blog\/#website","url":"https:\/\/www.estrategiaconcursos.com.br\/blog\/","name":"Estrat\u00e9gia Concursos","description":"O blog da Estrat\u00e9gia Concursos traz not\u00edcias sobre concursos e artigos de professores oferecendo cursos para concursos (pdf + videaulas) no site.","publisher":{"@id":"https:\/\/www.estrategiaconcursos.com.br\/blog\/#organization"},"potentialAction":[{"@type":"SearchAction","target":{"@type":"EntryPoint","urlTemplate":"https:\/\/www.estrategiaconcursos.com.br\/blog\/?s={search_term_string}"},"query-input":{"@type":"PropertyValueSpecification","valueRequired":true,"valueName":"search_term_string"}}],"inLanguage":"pt-BR"},{"@type":"Organization","@id":"https:\/\/www.estrategiaconcursos.com.br\/blog\/#organization","name":"Estrat\u00e9gia Concursos","url":"https:\/\/www.estrategiaconcursos.com.br\/blog\/","logo":{"@type":"ImageObject","inLanguage":"pt-BR","@id":"https:\/\/www.estrategiaconcursos.com.br\/blog\/#\/schema\/logo\/image\/","url":"https:\/\/dhg1h5j42swfq.cloudfront.net\/2025\/06\/03203428\/logo_concursos-1.jpg","contentUrl":"https:\/\/dhg1h5j42swfq.cloudfront.net\/2025\/06\/03203428\/logo_concursos-1.jpg","width":230,"height":60,"caption":"Estrat\u00e9gia Concursos"},"image":{"@id":"https:\/\/www.estrategiaconcursos.com.br\/blog\/#\/schema\/logo\/image\/"},"sameAs":["https:\/\/x.com\/EstratConcursos"]},{"@type":"Person","@id":"https:\/\/www.estrategiaconcursos.com.br\/blog\/#\/schema\/person\/70c2ad4297aa24ff8815b08215b23a76","name":"Ronaldo Scanavini Neto","image":{"@type":"ImageObject","inLanguage":"pt-BR","@id":"https:\/\/secure.gravatar.com\/avatar\/f93d8e56fe264596e94aee6b3feb737d98ad0fc5bac7eb0a245f04723c5c8f21?s=96&d=mm&r=g","url":"https:\/\/secure.gravatar.com\/avatar\/f93d8e56fe264596e94aee6b3feb737d98ad0fc5bac7eb0a245f04723c5c8f21?s=96&d=mm&r=g","contentUrl":"https:\/\/secure.gravatar.com\/avatar\/f93d8e56fe264596e94aee6b3feb737d98ad0fc5bac7eb0a245f04723c5c8f21?s=96&d=mm&r=g","caption":"Ronaldo Scanavini Neto"},"description":"Graduando em Comunica\u00e7\u00e3o Social \u2013 Jornalismo pela Universidade Federal de Vi\u00e7osa (UFV). Integra a equipe de jornalismo do Estrat\u00e9gia Concursos desde 2023, atuando com \u00eanfase na cobertura da \u00e1rea fiscal. Tamb\u00e9m realiza a apura\u00e7\u00e3o e produ\u00e7\u00e3o de not\u00edcias sobre concursos federais, \u00f3rg\u00e3os participantes do CNU e das \u00e1reas de controle, gest\u00e3o, engenharia, Exame CFC, comunica\u00e7\u00e3o social TI e \u00e1rea de concursos administrativos.","url":"https:\/\/www.estrategiaconcursos.com.br\/blog\/author\/ronaldo-netoestrategia-com\/"}]}},"_links":{"self":[{"href":"https:\/\/www.estrategiaconcursos.com.br\/blog\/wp-json\/wp\/v2\/posts\/1702262","targetHints":{"allow":["GET"]}}],"collection":[{"href":"https:\/\/www.estrategiaconcursos.com.br\/blog\/wp-json\/wp\/v2\/posts"}],"about":[{"href":"https:\/\/www.estrategiaconcursos.com.br\/blog\/wp-json\/wp\/v2\/types\/post"}],"author":[{"embeddable":true,"href":"https:\/\/www.estrategiaconcursos.com.br\/blog\/wp-json\/wp\/v2\/users\/2692"}],"replies":[{"embeddable":true,"href":"https:\/\/www.estrategiaconcursos.com.br\/blog\/wp-json\/wp\/v2\/comments?post=1702262"}],"version-history":[{"count":8,"href":"https:\/\/www.estrategiaconcursos.com.br\/blog\/wp-json\/wp\/v2\/posts\/1702262\/revisions"}],"predecessor-version":[{"id":1705252,"href":"https:\/\/www.estrategiaconcursos.com.br\/blog\/wp-json\/wp\/v2\/posts\/1702262\/revisions\/1705252"}],"wp:featuredmedia":[{"embeddable":true,"href":"https:\/\/www.estrategiaconcursos.com.br\/blog\/wp-json\/wp\/v2\/media\/1571644"}],"wp:attachment":[{"href":"https:\/\/www.estrategiaconcursos.com.br\/blog\/wp-json\/wp\/v2\/media?parent=1702262"}],"wp:term":[{"taxonomy":"category","embeddable":true,"href":"https:\/\/www.estrategiaconcursos.com.br\/blog\/wp-json\/wp\/v2\/categories?post=1702262"},{"taxonomy":"post_tag","embeddable":true,"href":"https:\/\/www.estrategiaconcursos.com.br\/blog\/wp-json\/wp\/v2\/tags?post=1702262"},{"taxonomy":"tax_estado","embeddable":true,"href":"https:\/\/www.estrategiaconcursos.com.br\/blog\/wp-json\/wp\/v2\/tax_estado?post=1702262"}],"curies":[{"name":"wp","href":"https:\/\/api.w.org\/{rel}","templated":true}]}}