{"id":1702203,"date":"2026-01-29T08:47:00","date_gmt":"2026-01-29T11:47:00","guid":{"rendered":"https:\/\/www.estrategiaconcursos.com.br\/blog\/?p=1702203"},"modified":"2026-01-29T10:10:32","modified_gmt":"2026-01-29T13:10:32","slug":"administracao-sefaz-sp","status":"publish","type":"post","link":"https:\/\/www.estrategiaconcursos.com.br\/blog\/administracao-sefaz-sp\/","title":{"rendered":"Administra\u00e7\u00e3o Geral e P\u00fablica Sefaz-SP"},"content":{"rendered":"\n<p id=\"h-confira-neste-artigo-algumas-dicas-de-cobranca-para-a-disciplina-de-administracao-geral-e-publica-no-concurso-sefaz-sp\"><em><strong>Confira neste artigo algumas dicas de cobran\u00e7a para a disciplina de Administra\u00e7\u00e3o Geral e P\u00fablica no concurso Sefaz-SP<\/strong><\/em><\/p>\n\n\n\n<figure class=\"wp-block-gallery has-nested-images columns-default is-cropped wp-block-gallery-1 is-layout-flex wp-block-gallery-is-layout-flex\">\n<figure class=\"wp-block-image size-large\"><img loading=\"lazy\" decoding=\"async\" width=\"1024\" height=\"535\" data-id=\"1702209\" src=\"https:\/\/dhg1h5j42swfq.cloudfront.net\/2026\/01\/20112220\/whatsapp-image-2026-01-20-at-11-21-54-1024x535.jpeg\" alt=\"Administra\u00e7\u00e3o Geral e P\u00fablica Sefaz-SP\" class=\"wp-image-1702209\" srcset=\"https:\/\/dhg1h5j42swfq.cloudfront.net\/2026\/01\/20112220\/whatsapp-image-2026-01-20-at-11-21-54-1024x535.jpeg 1024w, https:\/\/dhg1h5j42swfq.cloudfront.net\/2026\/01\/20112220\/whatsapp-image-2026-01-20-at-11-21-54-300x157.jpeg 300w, https:\/\/dhg1h5j42swfq.cloudfront.net\/2026\/01\/20112220\/whatsapp-image-2026-01-20-at-11-21-54-768x401.jpeg 768w, https:\/\/dhg1h5j42swfq.cloudfront.net\/2026\/01\/20112220\/whatsapp-image-2026-01-20-at-11-21-54-150x78.jpeg 150w, https:\/\/dhg1h5j42swfq.cloudfront.net\/2026\/01\/20112220\/whatsapp-image-2026-01-20-at-11-21-54.jpeg 1280w\" sizes=\"auto, (max-width: 1024px) 100vw, 1024px\" \/><figcaption class=\"wp-element-caption\">Administra\u00e7\u00e3o Geral e P\u00fablica Sefaz-SP<\/figcaption><\/figure>\n<\/figure>\n\n\n\n<p>Ol\u00e1, pessoal! Tudo bem? Hoje trabalharemos com algumas dicas de cobran\u00e7a de <strong>Administra\u00e7\u00e3o Geral e P\u00fablica para o concurso Sefaz-SP.<\/strong><\/p>\n\n\n\n<p>Se voc\u00ea est\u00e1 de olho no t\u00e3o aguardado certame da <a href=\"https:\/\/www.estrategiaconcursos.com.br\/blog\/concurso-sefaz-sp-edital-publicado\/\"><strong>Secretaria da Fazenda e Planejamento do Estado de S\u00e3o Paulo (Sefaz-SP)<\/strong><\/a>, provavelmente j\u00e1 deve saber que o que te espera \u00e9 uma prova de alt\u00edssimo n\u00edvel.<\/p>\n\n\n\n<p>Nesse sentido, n\u00e3o dar a devida aten\u00e7\u00e3o a conte\u00fados muitas vezes classificados como &#8220;menos importantes&#8221; pode ser o calcanhar de Aquiles que far\u00e1 <strong>a diferen\u00e7a no seu cart\u00e3o-resposta.<\/strong>&nbsp;<\/p>\n\n\n\n<p>Por isso, para que voc\u00ea <strong>transforme conte\u00fado coadjuvante em pontos preciosos,<\/strong> trabalharemos com algumas dicas de cobran\u00e7a para a disciplina de <strong>Administra\u00e7\u00e3o Geral e P\u00fablica no concurso Sefaz-SP.<\/strong> Acompanhe!<\/p>\n\n\n\n<h2 class=\"wp-block-heading has-vivid-cyan-blue-color has-very-light-gray-to-cyan-bluish-gray-gradient-background has-text-color has-background has-link-color wp-elements-64eed4e4468a9ac8906dc4471b9bcb22\" id=\"h-administracao-geral-sefaz-sp\"><strong>Administra\u00e7\u00e3o Geral<\/strong> <strong>Sefaz-SP<\/strong><\/h2>\n\n\n\n<p>O tempo em que a <strong>Funda\u00e7\u00e3o Carlos Chagas (FCC) <\/strong>era carinhosamente apelidada pelos concurseiros de &#8220;Funda\u00e7\u00e3o Copia e Cola&#8221;, por cobrar a literalidade da lei e dos livros, certamente ficou no passado.<\/p>\n\n\n\n<p>Nesse sentido, a verdade \u00e9 que \u200ba banca evoluiu e vem exigindo <strong>racioc\u00ednio aplicado, f\u00f4lego de leitura e capacidade anal\u00edtica<\/strong> dos candidatos, din\u00e2mica que n\u00e3o ser\u00e1 diferente no concurso Sefaz-SP.&nbsp;<\/p>\n\n\n\n<p>Em suma, uma das principais caracter\u00edsticas do examinador quando cobra Administra\u00e7\u00e3o Geral e P\u00fablica em prova \u00e9 identificar se o candidato entende <strong>como a teoria \u00e9 aplicada no dia a dia da reparti\u00e7\u00e3o p\u00fablica.<\/strong><\/p>\n\n\n\n<p>Desse modo, o que se observa atualmente \u00e9 que alguns t\u00f3picos da disciplina est\u00e3o se consolidando como verdadeiras <strong>figurinhas carimbadas nos concursos das mais diversas \u00e1reas.&nbsp;<\/strong><\/p>\n\n\n\n<p>Com efeito, em quest\u00f5es aplicadas no passado recente da banca, constata-se um <strong>foco cada vez maior<\/strong>&nbsp; <strong>no funcionamento interno das organiza\u00e7\u00f5es<\/strong>, com especial predile\u00e7\u00e3o por temas como:<\/p>\n\n\n\n<ul class=\"wp-block-list\">\n<li><strong>\u200bCiclo PODC:<\/strong> \u200bas fun\u00e7\u00f5es administrativas (Planejamento, Organiza\u00e7\u00e3o, Dire\u00e7\u00e3o e Controle);<\/li>\n\n\n\n<li><strong>Planejamento:<\/strong> Estrat\u00e9gico (longo prazo, vis\u00e3o macro, alta c\u00fapula); \u200bT\u00e1tico (m\u00e9dio prazo, unidades, ger\u00eancia); e \u200bOperacional&nbsp; (curto prazo, tarefas, execu\u00e7\u00e3o).<\/li>\n\n\n\n<li><strong>\u200bGest\u00e3o de Pessoas e Motiva\u00e7\u00e3o:<\/strong> a FCC tem abordado bastante as teorias situacionais de lideran\u00e7a e as teorias motivacionais.\u00a0<\/li>\n\n\n\n<li><strong>\u200bProcessos vs. Projetos:<\/strong> cl\u00e1ssica casca de banana. A banca adora brincar com conceitos e defini\u00e7\u00f5es.&nbsp;&nbsp;&nbsp;<\/li>\n<\/ul>\n\n\n\n<p><strong>Dica:<\/strong> o processo se caracteriza por ser cont\u00ednuo, repetitivo e gerar um produto\/servi\u00e7o padronizado, ao passo que o projeto \u00e9 marcado por ser tempor\u00e1rio (tem in\u00edcio, meio e fim), \u00fanico e exclusivo.<\/p>\n\n\n\n<h2 class=\"wp-block-heading has-vivid-cyan-blue-color has-very-light-gray-to-cyan-bluish-gray-gradient-background has-text-color has-background has-link-color wp-elements-4b292dc78a8c95fdbc584314e6c6c7df\" id=\"h-administracao-publica-sefaz-sp\"><strong>Administra\u00e7\u00e3o P\u00fablica<\/strong> <strong>Sefaz-SP<\/strong><\/h2>\n\n\n\n<p>Aqui, por sua vez, a FCC vem cobrando bastante a <strong>Evolu\u00e7\u00e3o da Administra\u00e7\u00e3o P\u00fablica.<\/strong> Assim sendo, \u00e9 importante ir para a prova preparado para raciocinar sobre o tema. Em outras palavras, voc\u00ea precisa conhecer as caracter\u00edsticas, os defeitos e as virtudes de cada era:<\/p>\n\n\n\n<ul class=\"wp-block-list\">\n<li><strong>\u200bPatrimonialismo:<\/strong> tem como principal caracter\u00edstica a confus\u00e3o entre o bem p\u00fablico e o privado.<\/li>\n\n\n\n<li><strong>\u200bBurocracia:<\/strong> hierarquia funcional, impessoalidade e formalismo s\u00e3o caracter\u00edsticas marcantes da era.<\/li>\n\n\n\n<li><strong>\u200bGerencialismo:<\/strong> tem como base o foco nos resultados. Al\u00e9m disso, mant\u00e9m em seu bojo alguns elementos positivos da era burocr\u00e1tica.<\/li>\n<\/ul>\n\n\n\n<p>\u200bO Marco de 1995, <strong>Plano Diretor da Reforma do Aparelho do Estado (PDRAE),<\/strong> capitaneado por <em>Bresser-Pereira<\/em>, \u00e9 outra figurinha importante nas provas da banca.&nbsp;<\/p>\n\n\n\n<p>\u200bAdemais,\u200b quest\u00f5es relacionadas a temas como <strong>Nova Gest\u00e3o P\u00fablica e <em>Accountability<\/em><\/strong> est\u00e3o caindo aos montes nas provas da FCC. Portanto, prepare-se para resolver quest\u00f5es sobre Governan\u00e7a, Governabilidade e <em>Accountability.&nbsp;<\/em><\/p>\n\n\n\n<p><strong>Dica:<\/strong> <em>Accountability<\/em> para a FCC envolve presta\u00e7\u00e3o de contas, transpar\u00eancia e responsabiliza\u00e7\u00e3o.<\/p>\n\n\n\n<h2 class=\"wp-block-heading has-vivid-cyan-blue-color has-very-light-gray-to-cyan-bluish-gray-gradient-background has-text-color has-background has-link-color wp-elements-30cef09b2fbd1d0ccbbc01b06155cdcb\" id=\"h-como-administrar-a-disciplina-na-prova\"><strong>Como administrar a disciplina na prova?<\/strong><\/h2>\n\n\n\n<p>Em s\u00edntese, recomenda-se <strong>treinar<\/strong> <strong>a resolu\u00e7\u00e3o de quest\u00f5es da banca<\/strong>. Al\u00e9m disso, \u00e9 importante procurar simulados que tragam situa\u00e7\u00f5es hipot\u00e9ticas, pois \u00e9 assim que <strong>a FCC vai te testar em 2026.<\/strong>&nbsp;<\/p>\n\n\n\n<p>Embora alguns enunciados sejam longos e muitas vezes a resposta que voc\u00ea precisa esteja na \u00faltima frase da quest\u00e3o, <strong>a \u200bleitura atenta \u00e9 imprescind\u00edvel<\/strong> para evitar escorregar nas cascas de banana deixadas pelo examinador.&nbsp;<\/p>\n\n\n\n<p>Se voc\u00ea fizer o dever de casa, estudar com estrat\u00e9gia e entender a l\u00f3gica dos processos, certamente colocar\u00e1 Administra\u00e7\u00e3o Geral e P\u00fablica no bolso e estar\u00e1 <strong>um passo mais pr\u00f3ximo da sua vaga na Sefaz-SP!<\/strong><\/p>\n\n\n\n<h2 class=\"wp-block-heading has-vivid-cyan-blue-color has-text-color has-link-color wp-elements-d7091f9a460cde1b3818f82281bdc8ff\" id=\"h-consideracoes-finais-nbsp\">Considera\u00e7\u00f5es finais&nbsp;<\/h2>\n\n\n\n<p>Ent\u00e3o, \u00e9 isso, pessoal! Chegamos ao fim da nossa abordagem com algumas dicas de cobran\u00e7a para a disciplina de <strong>Administra\u00e7\u00e3o Geral e P\u00fablica no concurso Sefaz-SP.<\/strong> Esperamos que tenham gostado.<\/p>\n\n\n\n<p>Leia tamb\u00e9m:<\/p>\n\n\n\n<ul class=\"wp-block-list\">\n<li><a href=\"https:\/\/www.estrategiaconcursos.com.br\/blog\/agentes_tratamento_dados_pessoais\/\"><strong>LGPD: quem s\u00e3o os Agentes de Tratamento de Dados Pessoais?<\/strong><\/a><\/li>\n\n\n\n<li><a href=\"https:\/\/drive.google.com\/open?id=10B5DRmpwN9ch0a8sfmzYBAmH8Cb3WLJc\"><strong>NLLC: como funciona a licita\u00e7\u00e3o carona?<\/strong><\/a><\/li>\n\n\n\n<li><a href=\"https:\/\/www.estrategiaconcursos.com.br\/blog\/prova-conceito-v2-v2\/\"><strong>NLLC: o que \u00e9 a prova de conceito?<\/strong><\/a><\/li>\n<\/ul>\n\n\n\n<p>Se voc\u00ea quer se preparar para chegar <strong>competitivo <\/strong>em qualquer prova da \u00e1rea, invista nos cursos do <a href=\"https:\/\/www.estrategiaconcursos.com.br\/\"><strong>Estrat\u00e9gia Concursos<\/strong><\/a>. Sem d\u00favida voc\u00ea encontrar\u00e1 <strong>aulas completas e detalhadas, com os melhores professores do mercado<\/strong>.<\/p>\n\n\n\n<p>Conhe\u00e7a tamb\u00e9m o <a href=\"https:\/\/concursos.estrategia.com\/\"><strong>Sistema de Quest\u00f5es do Estrat\u00e9gia<\/strong><\/a>. Afinal, a \u00fanica forma de <strong>consolidar o conte\u00fado <\/strong>de maneira satisfat\u00f3ria \u00e9 atrav\u00e9s da <strong>resolu\u00e7\u00e3o de quest\u00f5es.<\/strong><\/p>\n\n\n\n<p>Bons estudos a todos e at\u00e9 a pr\u00f3xima!<\/p>\n\n\n\n<p class=\"has-text-align-center\"><strong>Cursos e Assinaturas<\/strong><\/p>\n\n\n\n<p class=\"has-text-align-center\"><strong>Quer saber quais ser\u00e3o os pr\u00f3ximos concursos?<\/strong><\/p>\n\n\n\n<p class=\"has-text-align-center\"><strong>Confira nossos artigos!<\/strong><\/p>\n\n\n\n<p class=\"has-text-align-center has-white-color has-vivid-cyan-blue-background-color has-text-color has-background has-link-color wp-elements-4ee3858d78f8e73e6a059835bfd98e6f\"><a href=\"https:\/\/www.estrategiaconcursos.com.br\/blog\/concursos-abertos\/\"><strong>Concursos Abertos<\/strong><\/a><\/p>\n\n\n\n<p class=\"has-text-align-center has-white-color has-vivid-cyan-blue-background-color has-text-color has-background has-link-color wp-elements-792d12a64bf37190d92afe90ded18e58\"><a href=\"https:\/\/www.estrategiaconcursos.com.br\/blog\/concursos-2026\/\"><strong>Concursos 2026<\/strong>\u200b<\/a><\/p>\n","protected":false},"excerpt":{"rendered":"<p>Confira neste artigo algumas dicas de cobran\u00e7a para a disciplina de Administra\u00e7\u00e3o Geral e P\u00fablica no concurso Sefaz-SP Ol\u00e1, pessoal! Tudo bem? Hoje trabalharemos com algumas dicas de cobran\u00e7a de Administra\u00e7\u00e3o Geral e P\u00fablica para o concurso Sefaz-SP. Se voc\u00ea est\u00e1 de olho no t\u00e3o aguardado certame da Secretaria da Fazenda e Planejamento do Estado [&hellip;]<\/p>\n","protected":false},"author":2974,"featured_media":1702209,"comment_status":"open","ping_status":"closed","sticky":false,"template":"","format":"standard","meta":{"post_tipo":"article","footnotes":""},"categories":[1],"tags":[],"tax_estado":[219989],"class_list":["post-1702203","post","type-post","status-publish","format-standard","has-post-thumbnail","hentry","category-cursos-e-concursos","tax_estado-sp"],"acf":[],"yoast_head":"<!-- This site is optimized with the Yoast SEO Premium plugin v27.2 (Yoast SEO v27.2) - https:\/\/yoast.com\/product\/yoast-seo-premium-wordpress\/ -->\n<title>Administra\u00e7\u00e3o Sefaz-SP<\/title>\n<meta name=\"description\" content=\"Confira neste artigo algumas dicas de cobran\u00e7a para a disciplina de Administra\u00e7\u00e3o Geral e P\u00fablica no concurso Sefaz-SP.\" \/>\n<meta name=\"robots\" content=\"index, follow, max-snippet:-1, max-image-preview:large, max-video-preview:-1\" \/>\n<link rel=\"canonical\" href=\"https:\/\/www.estrategiaconcursos.com.br\/blog\/administracao-sefaz-sp\/\" \/>\n<meta property=\"og:locale\" content=\"pt_BR\" \/>\n<meta property=\"og:type\" content=\"article\" \/>\n<meta property=\"og:title\" content=\"Administra\u00e7\u00e3o Geral e P\u00fablica Sefaz-SP\" \/>\n<meta property=\"og:description\" content=\"Confira neste artigo algumas dicas de cobran\u00e7a para a disciplina de Administra\u00e7\u00e3o Geral e P\u00fablica no concurso Sefaz-SP.\" \/>\n<meta property=\"og:url\" content=\"https:\/\/www.estrategiaconcursos.com.br\/blog\/administracao-sefaz-sp\/\" \/>\n<meta property=\"og:site_name\" content=\"Estrat\u00e9gia Concursos\" \/>\n<meta property=\"article:published_time\" content=\"2026-01-29T11:47:00+00:00\" \/>\n<meta property=\"article:modified_time\" content=\"2026-01-29T13:10:32+00:00\" \/>\n<meta property=\"og:image\" content=\"https:\/\/dhg1h5j42swfq.cloudfront.net\/2026\/01\/20112220\/whatsapp-image-2026-01-20-at-11-21-54.jpeg\" \/>\n\t<meta property=\"og:image:width\" content=\"1280\" \/>\n\t<meta property=\"og:image:height\" content=\"669\" \/>\n\t<meta property=\"og:image:type\" content=\"image\/jpeg\" \/>\n<meta name=\"author\" content=\"Edmar Bezerra Araujo\" \/>\n<meta name=\"twitter:card\" content=\"summary_large_image\" \/>\n<meta name=\"twitter:creator\" content=\"@EstratConcursos\" \/>\n<meta name=\"twitter:site\" content=\"@EstratConcursos\" \/>\n<meta name=\"twitter:label1\" content=\"Escrito por\" \/>\n\t<meta name=\"twitter:data1\" content=\"Edmar Bezerra Araujo\" \/>\n\t<meta name=\"twitter:label2\" content=\"Est. tempo de leitura\" \/>\n\t<meta name=\"twitter:data2\" content=\"5 minutos\" \/>\n<script type=\"application\/ld+json\" class=\"yoast-schema-graph\">{\"@context\":\"https:\/\/schema.org\",\"@graph\":[{\"@type\":\"NewsArticle\",\"@id\":\"https:\/\/www.estrategiaconcursos.com.br\/blog\/administracao-sefaz-sp\/#article\",\"isPartOf\":{\"@id\":\"https:\/\/www.estrategiaconcursos.com.br\/blog\/administracao-sefaz-sp\/\"},\"author\":{\"name\":\"Edmar Bezerra Araujo\",\"@id\":\"https:\/\/www.estrategiaconcursos.com.br\/blog\/#\/schema\/person\/5516090bbe46c1c8aab9a7c5bf8595da\"},\"headline\":\"Administra\u00e7\u00e3o Geral e P\u00fablica Sefaz-SP\",\"datePublished\":\"2026-01-29T11:47:00+00:00\",\"dateModified\":\"2026-01-29T13:10:32+00:00\",\"mainEntityOfPage\":{\"@id\":\"https:\/\/www.estrategiaconcursos.com.br\/blog\/administracao-sefaz-sp\/\"},\"wordCount\":907,\"commentCount\":0,\"publisher\":{\"@id\":\"https:\/\/www.estrategiaconcursos.com.br\/blog\/#organization\"},\"image\":{\"@id\":\"https:\/\/www.estrategiaconcursos.com.br\/blog\/administracao-sefaz-sp\/#primaryimage\"},\"thumbnailUrl\":\"https:\/\/dhg1h5j42swfq.cloudfront.net\/2026\/01\/20112220\/whatsapp-image-2026-01-20-at-11-21-54.jpeg\",\"articleSection\":[\"Concursos P\u00fablicos\"],\"inLanguage\":\"pt-BR\",\"potentialAction\":[{\"@type\":\"CommentAction\",\"name\":\"Comment\",\"target\":[\"https:\/\/www.estrategiaconcursos.com.br\/blog\/administracao-sefaz-sp\/#respond\"]}],\"copyrightYear\":\"2026\",\"copyrightHolder\":{\"@id\":\"https:\/\/www.estrategiaconcursos.com.br\/blog\/#organization\"}},{\"@type\":\"WebPage\",\"@id\":\"https:\/\/www.estrategiaconcursos.com.br\/blog\/administracao-sefaz-sp\/\",\"url\":\"https:\/\/www.estrategiaconcursos.com.br\/blog\/administracao-sefaz-sp\/\",\"name\":\"Administra\u00e7\u00e3o Sefaz-SP\",\"isPartOf\":{\"@id\":\"https:\/\/www.estrategiaconcursos.com.br\/blog\/#website\"},\"primaryImageOfPage\":{\"@id\":\"https:\/\/www.estrategiaconcursos.com.br\/blog\/administracao-sefaz-sp\/#primaryimage\"},\"image\":{\"@id\":\"https:\/\/www.estrategiaconcursos.com.br\/blog\/administracao-sefaz-sp\/#primaryimage\"},\"thumbnailUrl\":\"https:\/\/dhg1h5j42swfq.cloudfront.net\/2026\/01\/20112220\/whatsapp-image-2026-01-20-at-11-21-54.jpeg\",\"datePublished\":\"2026-01-29T11:47:00+00:00\",\"dateModified\":\"2026-01-29T13:10:32+00:00\",\"description\":\"Confira neste artigo algumas dicas de cobran\u00e7a para a disciplina de Administra\u00e7\u00e3o Geral e P\u00fablica no concurso Sefaz-SP.\",\"breadcrumb\":{\"@id\":\"https:\/\/www.estrategiaconcursos.com.br\/blog\/administracao-sefaz-sp\/#breadcrumb\"},\"inLanguage\":\"pt-BR\",\"potentialAction\":[{\"@type\":\"ReadAction\",\"target\":[\"https:\/\/www.estrategiaconcursos.com.br\/blog\/administracao-sefaz-sp\/\"]}]},{\"@type\":\"ImageObject\",\"inLanguage\":\"pt-BR\",\"@id\":\"https:\/\/www.estrategiaconcursos.com.br\/blog\/administracao-sefaz-sp\/#primaryimage\",\"url\":\"https:\/\/dhg1h5j42swfq.cloudfront.net\/2026\/01\/20112220\/whatsapp-image-2026-01-20-at-11-21-54.jpeg\",\"contentUrl\":\"https:\/\/dhg1h5j42swfq.cloudfront.net\/2026\/01\/20112220\/whatsapp-image-2026-01-20-at-11-21-54.jpeg\",\"width\":1280,\"height\":669,\"caption\":\"Administra\u00e7\u00e3o Geral e P\u00fablica Sefaz-SP\"},{\"@type\":\"BreadcrumbList\",\"@id\":\"https:\/\/www.estrategiaconcursos.com.br\/blog\/administracao-sefaz-sp\/#breadcrumb\",\"itemListElement\":[{\"@type\":\"ListItem\",\"position\":1,\"name\":\"In\u00edcio\",\"item\":\"https:\/\/www.estrategiaconcursos.com.br\/blog\/\"},{\"@type\":\"ListItem\",\"position\":2,\"name\":\"Administra\u00e7\u00e3o Geral e P\u00fablica Sefaz-SP\"}]},{\"@type\":\"WebSite\",\"@id\":\"https:\/\/www.estrategiaconcursos.com.br\/blog\/#website\",\"url\":\"https:\/\/www.estrategiaconcursos.com.br\/blog\/\",\"name\":\"Estrat\u00e9gia Concursos\",\"description\":\"O blog da Estrat\u00e9gia Concursos traz not\u00edcias sobre concursos e artigos de professores oferecendo cursos para concursos (pdf + videaulas) no site.\",\"publisher\":{\"@id\":\"https:\/\/www.estrategiaconcursos.com.br\/blog\/#organization\"},\"potentialAction\":[{\"@type\":\"SearchAction\",\"target\":{\"@type\":\"EntryPoint\",\"urlTemplate\":\"https:\/\/www.estrategiaconcursos.com.br\/blog\/?s={search_term_string}\"},\"query-input\":{\"@type\":\"PropertyValueSpecification\",\"valueRequired\":true,\"valueName\":\"search_term_string\"}}],\"inLanguage\":\"pt-BR\"},{\"@type\":\"Organization\",\"@id\":\"https:\/\/www.estrategiaconcursos.com.br\/blog\/#organization\",\"name\":\"Estrat\u00e9gia Concursos\",\"url\":\"https:\/\/www.estrategiaconcursos.com.br\/blog\/\",\"logo\":{\"@type\":\"ImageObject\",\"inLanguage\":\"pt-BR\",\"@id\":\"https:\/\/www.estrategiaconcursos.com.br\/blog\/#\/schema\/logo\/image\/\",\"url\":\"https:\/\/dhg1h5j42swfq.cloudfront.net\/2025\/06\/03203428\/logo_concursos-1.jpg\",\"contentUrl\":\"https:\/\/dhg1h5j42swfq.cloudfront.net\/2025\/06\/03203428\/logo_concursos-1.jpg\",\"width\":230,\"height\":60,\"caption\":\"Estrat\u00e9gia Concursos\"},\"image\":{\"@id\":\"https:\/\/www.estrategiaconcursos.com.br\/blog\/#\/schema\/logo\/image\/\"},\"sameAs\":[\"https:\/\/x.com\/EstratConcursos\"]},{\"@type\":\"Person\",\"@id\":\"https:\/\/www.estrategiaconcursos.com.br\/blog\/#\/schema\/person\/5516090bbe46c1c8aab9a7c5bf8595da\",\"name\":\"Edmar Bezerra Araujo\",\"image\":{\"@type\":\"ImageObject\",\"inLanguage\":\"pt-BR\",\"@id\":\"https:\/\/secure.gravatar.com\/avatar\/3ec0a15819de7eef1b7fcba85aadb329188a10da1e37eb279bb6e0f264e6b9c7?s=96&d=mm&r=g\",\"url\":\"https:\/\/secure.gravatar.com\/avatar\/3ec0a15819de7eef1b7fcba85aadb329188a10da1e37eb279bb6e0f264e6b9c7?s=96&d=mm&r=g\",\"contentUrl\":\"https:\/\/secure.gravatar.com\/avatar\/3ec0a15819de7eef1b7fcba85aadb329188a10da1e37eb279bb6e0f264e6b9c7?s=96&d=mm&r=g\",\"caption\":\"Edmar Bezerra Araujo\"},\"sameAs\":[\"https:\/\/www.instagram.com\/edmarbezerraaraujo\/\"],\"url\":\"https:\/\/www.estrategiaconcursos.com.br\/blog\/author\/edmarbezerraaraujogmail-com\/\"}]}<\/script>\n<!-- \/ Yoast SEO Premium plugin. -->","yoast_head_json":{"title":"Administra\u00e7\u00e3o Sefaz-SP","description":"Confira neste artigo algumas dicas de cobran\u00e7a para a disciplina de Administra\u00e7\u00e3o Geral e P\u00fablica no concurso Sefaz-SP.","robots":{"index":"index","follow":"follow","max-snippet":"max-snippet:-1","max-image-preview":"max-image-preview:large","max-video-preview":"max-video-preview:-1"},"canonical":"https:\/\/www.estrategiaconcursos.com.br\/blog\/administracao-sefaz-sp\/","og_locale":"pt_BR","og_type":"article","og_title":"Administra\u00e7\u00e3o Geral e P\u00fablica Sefaz-SP","og_description":"Confira neste artigo algumas dicas de cobran\u00e7a para a disciplina de Administra\u00e7\u00e3o Geral e P\u00fablica no concurso Sefaz-SP.","og_url":"https:\/\/www.estrategiaconcursos.com.br\/blog\/administracao-sefaz-sp\/","og_site_name":"Estrat\u00e9gia Concursos","article_published_time":"2026-01-29T11:47:00+00:00","article_modified_time":"2026-01-29T13:10:32+00:00","og_image":[{"width":1280,"height":669,"url":"https:\/\/dhg1h5j42swfq.cloudfront.net\/2026\/01\/20112220\/whatsapp-image-2026-01-20-at-11-21-54.jpeg","type":"image\/jpeg"}],"author":"Edmar Bezerra Araujo","twitter_card":"summary_large_image","twitter_creator":"@EstratConcursos","twitter_site":"@EstratConcursos","twitter_misc":{"Escrito por":"Edmar Bezerra Araujo","Est. tempo de leitura":"5 minutos"},"schema":{"@context":"https:\/\/schema.org","@graph":[{"@type":"NewsArticle","@id":"https:\/\/www.estrategiaconcursos.com.br\/blog\/administracao-sefaz-sp\/#article","isPartOf":{"@id":"https:\/\/www.estrategiaconcursos.com.br\/blog\/administracao-sefaz-sp\/"},"author":{"name":"Edmar Bezerra Araujo","@id":"https:\/\/www.estrategiaconcursos.com.br\/blog\/#\/schema\/person\/5516090bbe46c1c8aab9a7c5bf8595da"},"headline":"Administra\u00e7\u00e3o Geral e P\u00fablica Sefaz-SP","datePublished":"2026-01-29T11:47:00+00:00","dateModified":"2026-01-29T13:10:32+00:00","mainEntityOfPage":{"@id":"https:\/\/www.estrategiaconcursos.com.br\/blog\/administracao-sefaz-sp\/"},"wordCount":907,"commentCount":0,"publisher":{"@id":"https:\/\/www.estrategiaconcursos.com.br\/blog\/#organization"},"image":{"@id":"https:\/\/www.estrategiaconcursos.com.br\/blog\/administracao-sefaz-sp\/#primaryimage"},"thumbnailUrl":"https:\/\/dhg1h5j42swfq.cloudfront.net\/2026\/01\/20112220\/whatsapp-image-2026-01-20-at-11-21-54.jpeg","articleSection":["Concursos P\u00fablicos"],"inLanguage":"pt-BR","potentialAction":[{"@type":"CommentAction","name":"Comment","target":["https:\/\/www.estrategiaconcursos.com.br\/blog\/administracao-sefaz-sp\/#respond"]}],"copyrightYear":"2026","copyrightHolder":{"@id":"https:\/\/www.estrategiaconcursos.com.br\/blog\/#organization"}},{"@type":"WebPage","@id":"https:\/\/www.estrategiaconcursos.com.br\/blog\/administracao-sefaz-sp\/","url":"https:\/\/www.estrategiaconcursos.com.br\/blog\/administracao-sefaz-sp\/","name":"Administra\u00e7\u00e3o Sefaz-SP","isPartOf":{"@id":"https:\/\/www.estrategiaconcursos.com.br\/blog\/#website"},"primaryImageOfPage":{"@id":"https:\/\/www.estrategiaconcursos.com.br\/blog\/administracao-sefaz-sp\/#primaryimage"},"image":{"@id":"https:\/\/www.estrategiaconcursos.com.br\/blog\/administracao-sefaz-sp\/#primaryimage"},"thumbnailUrl":"https:\/\/dhg1h5j42swfq.cloudfront.net\/2026\/01\/20112220\/whatsapp-image-2026-01-20-at-11-21-54.jpeg","datePublished":"2026-01-29T11:47:00+00:00","dateModified":"2026-01-29T13:10:32+00:00","description":"Confira neste artigo algumas dicas de cobran\u00e7a para a disciplina de Administra\u00e7\u00e3o Geral e P\u00fablica no concurso Sefaz-SP.","breadcrumb":{"@id":"https:\/\/www.estrategiaconcursos.com.br\/blog\/administracao-sefaz-sp\/#breadcrumb"},"inLanguage":"pt-BR","potentialAction":[{"@type":"ReadAction","target":["https:\/\/www.estrategiaconcursos.com.br\/blog\/administracao-sefaz-sp\/"]}]},{"@type":"ImageObject","inLanguage":"pt-BR","@id":"https:\/\/www.estrategiaconcursos.com.br\/blog\/administracao-sefaz-sp\/#primaryimage","url":"https:\/\/dhg1h5j42swfq.cloudfront.net\/2026\/01\/20112220\/whatsapp-image-2026-01-20-at-11-21-54.jpeg","contentUrl":"https:\/\/dhg1h5j42swfq.cloudfront.net\/2026\/01\/20112220\/whatsapp-image-2026-01-20-at-11-21-54.jpeg","width":1280,"height":669,"caption":"Administra\u00e7\u00e3o Geral e P\u00fablica Sefaz-SP"},{"@type":"BreadcrumbList","@id":"https:\/\/www.estrategiaconcursos.com.br\/blog\/administracao-sefaz-sp\/#breadcrumb","itemListElement":[{"@type":"ListItem","position":1,"name":"In\u00edcio","item":"https:\/\/www.estrategiaconcursos.com.br\/blog\/"},{"@type":"ListItem","position":2,"name":"Administra\u00e7\u00e3o Geral e P\u00fablica Sefaz-SP"}]},{"@type":"WebSite","@id":"https:\/\/www.estrategiaconcursos.com.br\/blog\/#website","url":"https:\/\/www.estrategiaconcursos.com.br\/blog\/","name":"Estrat\u00e9gia Concursos","description":"O blog da Estrat\u00e9gia Concursos traz not\u00edcias sobre concursos e artigos de professores oferecendo cursos para concursos (pdf + videaulas) no site.","publisher":{"@id":"https:\/\/www.estrategiaconcursos.com.br\/blog\/#organization"},"potentialAction":[{"@type":"SearchAction","target":{"@type":"EntryPoint","urlTemplate":"https:\/\/www.estrategiaconcursos.com.br\/blog\/?s={search_term_string}"},"query-input":{"@type":"PropertyValueSpecification","valueRequired":true,"valueName":"search_term_string"}}],"inLanguage":"pt-BR"},{"@type":"Organization","@id":"https:\/\/www.estrategiaconcursos.com.br\/blog\/#organization","name":"Estrat\u00e9gia Concursos","url":"https:\/\/www.estrategiaconcursos.com.br\/blog\/","logo":{"@type":"ImageObject","inLanguage":"pt-BR","@id":"https:\/\/www.estrategiaconcursos.com.br\/blog\/#\/schema\/logo\/image\/","url":"https:\/\/dhg1h5j42swfq.cloudfront.net\/2025\/06\/03203428\/logo_concursos-1.jpg","contentUrl":"https:\/\/dhg1h5j42swfq.cloudfront.net\/2025\/06\/03203428\/logo_concursos-1.jpg","width":230,"height":60,"caption":"Estrat\u00e9gia Concursos"},"image":{"@id":"https:\/\/www.estrategiaconcursos.com.br\/blog\/#\/schema\/logo\/image\/"},"sameAs":["https:\/\/x.com\/EstratConcursos"]},{"@type":"Person","@id":"https:\/\/www.estrategiaconcursos.com.br\/blog\/#\/schema\/person\/5516090bbe46c1c8aab9a7c5bf8595da","name":"Edmar Bezerra Araujo","image":{"@type":"ImageObject","inLanguage":"pt-BR","@id":"https:\/\/secure.gravatar.com\/avatar\/3ec0a15819de7eef1b7fcba85aadb329188a10da1e37eb279bb6e0f264e6b9c7?s=96&d=mm&r=g","url":"https:\/\/secure.gravatar.com\/avatar\/3ec0a15819de7eef1b7fcba85aadb329188a10da1e37eb279bb6e0f264e6b9c7?s=96&d=mm&r=g","contentUrl":"https:\/\/secure.gravatar.com\/avatar\/3ec0a15819de7eef1b7fcba85aadb329188a10da1e37eb279bb6e0f264e6b9c7?s=96&d=mm&r=g","caption":"Edmar Bezerra Araujo"},"sameAs":["https:\/\/www.instagram.com\/edmarbezerraaraujo\/"],"url":"https:\/\/www.estrategiaconcursos.com.br\/blog\/author\/edmarbezerraaraujogmail-com\/"}]}},"_links":{"self":[{"href":"https:\/\/www.estrategiaconcursos.com.br\/blog\/wp-json\/wp\/v2\/posts\/1702203","targetHints":{"allow":["GET"]}}],"collection":[{"href":"https:\/\/www.estrategiaconcursos.com.br\/blog\/wp-json\/wp\/v2\/posts"}],"about":[{"href":"https:\/\/www.estrategiaconcursos.com.br\/blog\/wp-json\/wp\/v2\/types\/post"}],"author":[{"embeddable":true,"href":"https:\/\/www.estrategiaconcursos.com.br\/blog\/wp-json\/wp\/v2\/users\/2974"}],"replies":[{"embeddable":true,"href":"https:\/\/www.estrategiaconcursos.com.br\/blog\/wp-json\/wp\/v2\/comments?post=1702203"}],"version-history":[{"count":11,"href":"https:\/\/www.estrategiaconcursos.com.br\/blog\/wp-json\/wp\/v2\/posts\/1702203\/revisions"}],"predecessor-version":[{"id":1707136,"href":"https:\/\/www.estrategiaconcursos.com.br\/blog\/wp-json\/wp\/v2\/posts\/1702203\/revisions\/1707136"}],"wp:featuredmedia":[{"embeddable":true,"href":"https:\/\/www.estrategiaconcursos.com.br\/blog\/wp-json\/wp\/v2\/media\/1702209"}],"wp:attachment":[{"href":"https:\/\/www.estrategiaconcursos.com.br\/blog\/wp-json\/wp\/v2\/media?parent=1702203"}],"wp:term":[{"taxonomy":"category","embeddable":true,"href":"https:\/\/www.estrategiaconcursos.com.br\/blog\/wp-json\/wp\/v2\/categories?post=1702203"},{"taxonomy":"post_tag","embeddable":true,"href":"https:\/\/www.estrategiaconcursos.com.br\/blog\/wp-json\/wp\/v2\/tags?post=1702203"},{"taxonomy":"tax_estado","embeddable":true,"href":"https:\/\/www.estrategiaconcursos.com.br\/blog\/wp-json\/wp\/v2\/tax_estado?post=1702203"}],"curies":[{"name":"wp","href":"https:\/\/api.w.org\/{rel}","templated":true}]}}