{"id":1701951,"date":"2026-01-19T21:06:03","date_gmt":"2026-01-20T00:06:03","guid":{"rendered":"https:\/\/www.estrategiaconcursos.com.br\/blog\/?p=1701951"},"modified":"2026-01-20T14:21:46","modified_gmt":"2026-01-20T17:21:46","slug":"concurso-sefaz-mt-tudo-precisa-saber","status":"publish","type":"post","link":"https:\/\/www.estrategiaconcursos.com.br\/blog\/concurso-sefaz-mt-tudo-precisa-saber\/","title":{"rendered":"Sefaz MT 2026: tudo o que voc\u00ea precisa saber sobre o concurso"},"content":{"rendered":"\n<p>O <strong>concurso p\u00fablico<\/strong> para o <strong>concurso Sefaz MT<\/strong> (<em><a href=\"https:\/\/www.estrategiaconcursos.com.br\/cursosPorConcurso\/secretaria-da-fazenda-do-mato-grosso-sefaz-mt\/\" target=\"_blank\" rel=\"noreferrer noopener\">Secretaria de Estado da Fazenda do Mato Grosso<\/a><\/em>) \u00e9 a realiza\u00e7\u00e3o do sonho de muitos concurseiros e aqui voc\u00ea consegue saber tudo o que precisa sobre o certame.<\/p>\n\n\n\n<p>Imagine come\u00e7ar o ano de 2026 garantindo uma remunera\u00e7\u00e3o inicial impressionante de R$ 32.971,87 para atuar como Fiscal de Tributos.<\/p>\n\n\n\n<p>Essa pode ser a sua chance: s\u00e3o 30 vagas imediatas para quem possui n\u00edvel superior completo em qualquer \u00e1rea de forma\u00e7\u00e3o, abrindo portas para diversos perfis.<\/p>\n\n\n\n<p>Sob organiza\u00e7\u00e3o da FCC, as inscri\u00e7\u00f5es j\u00e1 est\u00e3o abertas e devem ser feitas at\u00e9 o dia <strong>27 de janeiro<\/strong>, ao custo de <strong>R$ 250,00.<\/strong><\/p>\n\n\n\n<p>Com essas vantagens, o <strong>edital de concurso Sefaz MT<\/strong> se torna uma das principais oportunidades do mercado p\u00fablico de preenchimento.<\/p>\n\n\n\n<p>Quer saber mais sobre as provas? Veja logo abaixo!<\/p>\n\n\n\n<figure class=\"wp-block-image size-full\"><a href=\"https:\/\/mkt.estrategia.com\/concursos\/nunca-mais-seja-demitido-2026\/?utm_source=blog&#038;utm_medium=artigo&#038;utm_campaign=ebook_out_2025&#038;utm_content=nmsd-2026-sefaz-mt\" target=\"_blank\" rel=\" noreferrer noopener\"><img loading=\"lazy\" decoding=\"async\" width=\"1024\" height=\"274\" src=\"https:\/\/dhg1h5j42swfq.cloudfront.net\/2025\/12\/30184909\/estrategia-concursos-nunca-mais-seja-demitido-2026.jpg\" alt=\"estrat\u00e9gia concursos campanha nunca mais seja demitido 2026\" class=\"wp-image-1692095\" srcset=\"https:\/\/dhg1h5j42swfq.cloudfront.net\/2025\/12\/30184909\/estrategia-concursos-nunca-mais-seja-demitido-2026.jpg 1024w, https:\/\/dhg1h5j42swfq.cloudfront.net\/2025\/12\/30184909\/estrategia-concursos-nunca-mais-seja-demitido-2026-300x80.jpg 300w, https:\/\/dhg1h5j42swfq.cloudfront.net\/2025\/12\/30184909\/estrategia-concursos-nunca-mais-seja-demitido-2026-768x206.jpg 768w, https:\/\/dhg1h5j42swfq.cloudfront.net\/2025\/12\/30184909\/estrategia-concursos-nunca-mais-seja-demitido-2026-150x40.jpg 150w\" sizes=\"auto, (max-width: 1024px) 100vw, 1024px\" \/><\/a><\/figure>\n\n\n\n<div class=\"container\" id=\"boxes\">\n  <div class=\"row\">\n\n    <div class=\"col-sm\">\n      <div class=\"banner-sefaz-ec\" id=\"box-assinatura\">\n        <h2 class=\"titulo-assinatura\">Curso Concurso Sefaz MT<\/h2>\n        <p class=\"subtitulo-assinatura\">Conhe\u00e7a os cursos para a Sefaz MT<\/p>\n        <div class=\"box-botao\">\n          <a class=\"btn-assinatura\" target=\"_blank\" href=\"https:\/\/www.estrategiaconcursos.com.br\/cursosPorConcurso\/secretaria-da-fazenda-do-mato-grosso-sefaz-mt\/\" role=\"button\" rel=\"noopener noreferrer\">EXPLORAR CURSOS<\/a>\n        <\/div>\n      <\/div>\n     \n    <\/div>\n\n  <\/div>\n<\/div>\n\n\n\n<h2 class=\"wp-block-heading\" id=\"etapas\">Confira os detalhes da etapa de prova objetiva!<\/h2>\n\n\n\n<ul class=\"wp-block-list\">\n<li><strong>Provas Objetivas (p1 e P2)<\/strong>, compostas por quest\u00f5es de conhecimentos gerais e b\u00e1sicos, al\u00e9m de conhecimentos espec\u00edficos, de car\u00e1ter habilitat\u00f3rio e classificat\u00f3rio.<\/li>\n<\/ul>\n\n\n\n<p>Com dura\u00e7\u00e3o de 4 horas, as provas objetivas ser\u00e3o aplicadas na cidade de Cuiab\u00e1\/MT, no dia 15 de mar\u00e7o, nos turnos da manh\u00e3 e tarde.<\/p>\n\n\n\n<p>As avalia\u00e7\u00f5es ser\u00e3o compostas por 80 quest\u00f5es de m\u00faltipla escolha, sendo 5 alternativas de resposta e apenas uma considerada a correta.<\/p>\n\n\n\n<p><strong>Prova Objetiva &#8211; P1 (manh\u00e3)<\/strong><\/p>\n\n\n\n<ul class=\"wp-block-list\">\n<li>Conhecimentos Gerais\n<ul class=\"wp-block-list\">\n<li>L\u00edngua Portuguesa 10<\/li>\n\n\n\n<li>Racioc\u00ednio L\u00f3gico 10<\/li>\n\n\n\n<li>Geografia e Hist\u00f3ria Pol\u00edtica de MT 10<\/li>\n<\/ul>\n<\/li>\n\n\n\n<li>Conhecimentos B\u00e1sicos\n<ul class=\"wp-block-list\">\n<li>Direito Tribut\u00e1rio 15<\/li>\n\n\n\n<li>Economia e Finan\u00e7as P\u00fablicas 05<\/li>\n\n\n\n<li>Auditoria 10<\/li>\n\n\n\n<li>Estat\u00edstica 07<\/li>\n\n\n\n<li>No\u00e7\u00f5es de Direito: Administrativo, Constitucional, Civil, empresarial e Penal 08<\/li>\n\n\n\n<li>Ingl\u00eas 03<\/li>\n\n\n\n<li>Princ\u00edpios da \u00c9tica e Filosofia 02<\/li>\n<\/ul>\n<\/li>\n<\/ul>\n\n\n\n<p><strong>Prova Objetiva &#8211; P2 (tarde)<\/strong><\/p>\n\n\n\n<ul class=\"wp-block-list\">\n<li>Conhecimentos Espec\u00edficos\n<ul class=\"wp-block-list\">\n<li>Tecnologia da Informa\u00e7\u00e3o 45<\/li>\n\n\n\n<li>Legisla\u00e7\u00e3o Tribut\u00e1ria Estadual 15<\/li>\n\n\n\n<li>Contabilidade Geral e de Custos 10<\/li>\n\n\n\n<li>Matem\u00e1tica Financeira 10<\/li>\n<\/ul>\n<\/li>\n<\/ul>\n\n\n\n<p>A nota das Provas Objetivas no concurso corresponder\u00e1 \u00e0 nota ponderada das notas obtidas em cada prova (Prova Objetiva 1 e 2), atribuindo-se:<\/p>\n\n\n\n<ul class=\"wp-block-list\">\n<li>a) peso 1 (um) \u00e0 nota da Prova Objetiva 1 de Conhecimentos Gerais e B\u00e1sicos &#8211; total de 80 pontos.<\/li>\n\n\n\n<li>b) peso 2 (dois) \u00e0 nota da Prova Objetiva 2 de Conhecimentos Espec\u00edficos &#8211; total de 160 pontos.<\/li>\n<\/ul>\n\n\n\n<p>Ser\u00e1 considerado habilitado nas Provas Objetivas 1 e 2 do concurso Sefaz MT o candidato que concomitantemente:<\/p>\n\n\n\n<ul class=\"wp-block-list\">\n<li>a) Tiver obtido percentual m\u00ednimo de acertos de 60% na Prova Objetiva 1 (Conhecimentos Gerais e B\u00e1sicos)<\/li>\n\n\n\n<li>b) Tiver obtido percentual m\u00ednimo de acertos de 60% na Prova Objetiva 2 (Conhecimentos Espec\u00edficos)<\/li>\n\n\n\n<li>c) Tiver obtido percentual m\u00ednimo de acertos de 70% no conjunto das Provas 1 e 2;<\/li>\n\n\n\n<li>d) N\u00e3o zerar nas disciplinas: Direito Tribut\u00e1rio, Auditoria, Tecnologia da Informa\u00e7\u00e3o, Legisla\u00e7\u00e3o Tribut\u00e1ria Estadual e Contabilidade Geral e de Custos.<\/li>\n<\/ul>\n\n\n\n<h2 class=\"wp-block-heading\" id=\"h-e-as-datas-do-concurso-sefaz-mt\">E as datas do concurso Sefaz MT?<\/h2>\n\n\n\n<ul class=\"wp-block-list\">\n<li><strong>Inscri\u00e7\u00f5es:<\/strong>&nbsp;05 a 27\/01\/2026<\/li>\n\n\n\n<li><strong>Isen\u00e7\u00e3o da taxa:<\/strong>\u00a0<s>05 a 09\/01\/2026 <\/s> encerrado<\/li>\n\n\n\n<li><strong>Pagamento da taxa:<\/strong>&nbsp;at\u00e9 28\/01\/2026<\/li>\n\n\n\n<li><strong>Data da prova:<\/strong>&nbsp;15\/03\/2026<\/li>\n<\/ul>\n\n\n\n<p class=\"has-text-align-center\"><em>Para ficar por dentro de todas as informa\u00e7\u00f5es sobre o concurso <a href=\"https:\/\/www5.sefaz.mt.gov.br\/\" target=\"_blank\" rel=\"noreferrer noopener\">Sefaz MT 2026<\/a>, al\u00e9m de tudo o que voc\u00ea precisa saber, n\u00e3o deixe de conferir nosso artigo completo sobre a sele\u00e7\u00e3o:<\/em><\/p>\n\n\n\n<p class=\"has-text-align-center has-background has-medium-font-size\" style=\"background-color:#d2dbe1\"><strong><a href=\"https:\/\/www.estrategiaconcursos.com.br\/blog\/concurso-sefaz-mt\/\" target=\"_blank\" rel=\"noreferrer noopener\">Concurso Sefaz MT<\/a><\/strong><\/p>\n\n\n\n<hr class=\"wp-block-separator has-alpha-channel-opacity\"\/>\n\n\n\n<h2 class=\"wp-block-heading has-text-align-center\" id=\"assinatura-e-cursos\"><em>Quer estudar para o concurso Sefaz MT?<\/em><\/h2>\n\n\n\n<div class=\"container\" id=\"boxes\">\n  <div class=\"row\">\n\n    <div class=\"col-sm\">\n      <div class=\"banner-sefaz-ec\" id=\"box-assinatura\">\n        <h2 class=\"titulo-assinatura\">Curso Concurso Sefaz MT<\/h2>\n        <p class=\"subtitulo-assinatura\">Conhe\u00e7a os cursos para a Sefaz MT<\/p>\n        <div class=\"box-botao\">\n          <a class=\"btn-assinatura\" target=\"_blank\" href=\"https:\/\/www.estrategiaconcursos.com.br\/cursosPorConcurso\/secretaria-da-fazenda-do-mato-grosso-sefaz-mt\/\" role=\"button\" rel=\"noopener noreferrer\">EXPLORAR CURSOS<\/a>\n        <\/div>\n      <\/div>\n     \n    <\/div>\n\n  <\/div>\n<\/div>\n\n\n\n<div class=\"container\" id=\"boxes\">\n  <div class=\"row\">\n\n    <div class=\"col-sm\">\n      <div class=\"estrategia\" id=\"box-assinatura\">\n        <h3 class=\"titulo-assinatura\">Assinatura Concursos<\/h3>\n        <p class=\"subtitulo-assinatura\">Assinatura de 1 ano ou 2 anos<\/p>\n        <div class=\"box-botao\">\n          <a class=\"btn-assinatura\" target=\"_blank\" href=\"https:\/\/www.estrategiaconcursos.com.br\/assinaturas\/\" role=\"button\" rel=\"noopener noreferrer\">ASSINE AGORA<\/a>\n        <\/div>\n      <\/div><\/div><\/div><\/div>\n\n\n\n<h2 class=\"wp-block-heading has-text-align-center\" id=\"h-quer-saber-tudo-sobre-concursos-previstos-confira-os-nossos-artigos\">Quer saber tudo sobre concursos previstos?<br \/>Confira os nossos artigos!<\/h2>\n\n\n\n<ul class=\"wp-block-list\">\n<li><a href=\"https:\/\/www.estrategiaconcursos.com.br\/blog\/concursos-abertos\/\" target=\"_blank\" rel=\"noreferrer noopener\">Concursos Abertos<\/a><\/li>\n\n\n\n<li><a href=\"https:\/\/www.estrategiaconcursos.com.br\/blog\/concursos-fiscais\/\" target=\"_blank\" rel=\"noreferrer noopener\">Concursos Fiscais<\/a><\/li>\n\n\n\n<li><a href=\"https:\/\/www.estrategiaconcursos.com.br\/blog\/concursos-2026\/\" target=\"_blank\" rel=\"noreferrer noopener\">Concursos 2026<\/a><\/li>\n<\/ul>\n","protected":false},"excerpt":{"rendered":"<p>O concurso p\u00fablico para o concurso Sefaz MT (Secretaria de Estado da Fazenda do Mato Grosso) \u00e9 a realiza\u00e7\u00e3o do sonho de muitos concurseiros e aqui voc\u00ea consegue saber tudo o que precisa sobre o certame. Imagine come\u00e7ar o ano de 2026 garantindo uma remunera\u00e7\u00e3o inicial impressionante de R$ 32.971,87 para atuar como Fiscal de [&hellip;]<\/p>\n","protected":false},"author":2692,"featured_media":1141635,"comment_status":"open","ping_status":"closed","sticky":false,"template":"","format":"standard","meta":{"post_tipo":"news","footnotes":""},"categories":[1983,220219],"tags":[],"tax_estado":[219976],"class_list":["post-1701951","post","type-post","status-publish","format-standard","has-post-thumbnail","hentry","category-fiscal-estadual","category-noticias","tax_estado-mt"],"acf":[],"yoast_head":"<!-- This site is optimized with the Yoast SEO Premium plugin v27.2 (Yoast SEO v27.2) - https:\/\/yoast.com\/product\/yoast-seo-premium-wordpress\/ -->\n<title>Sefaz MT 2026: tudo o que voc\u00ea precisa saber sobre o concurso<\/title>\n<meta name=\"description\" content=\"Veja tudo que voc\u00ea precisa saber sobre o concurso Sefaz MT 2026, um dos principais certames fiscais do momento.\" \/>\n<meta name=\"robots\" content=\"index, follow, max-snippet:-1, max-image-preview:large, max-video-preview:-1\" \/>\n<link rel=\"canonical\" href=\"https:\/\/www.estrategiaconcursos.com.br\/blog\/concurso-sefaz-mt-tudo-precisa-saber\/\" \/>\n<meta property=\"og:locale\" content=\"pt_BR\" \/>\n<meta property=\"og:type\" content=\"article\" \/>\n<meta property=\"og:title\" content=\"Sefaz MT 2026: tudo o que voc\u00ea precisa saber sobre o concurso\" \/>\n<meta property=\"og:description\" content=\"Veja tudo que voc\u00ea precisa saber sobre o concurso Sefaz MT 2026, um dos principais certames fiscais do momento.\" \/>\n<meta property=\"og:url\" content=\"https:\/\/www.estrategiaconcursos.com.br\/blog\/concurso-sefaz-mt-tudo-precisa-saber\/\" \/>\n<meta property=\"og:site_name\" content=\"Estrat\u00e9gia Concursos\" \/>\n<meta property=\"article:published_time\" content=\"2026-01-20T00:06:03+00:00\" \/>\n<meta property=\"article:modified_time\" content=\"2026-01-20T17:21:46+00:00\" \/>\n<meta property=\"og:image\" content=\"https:\/\/dhg1h5j42swfq.cloudfront.net\/2022\/12\/21150303\/sefaz-mt-1.jpg\" \/>\n\t<meta property=\"og:image:width\" content=\"769\" \/>\n\t<meta property=\"og:image:height\" content=\"434\" \/>\n\t<meta property=\"og:image:type\" content=\"image\/jpeg\" \/>\n<meta name=\"author\" content=\"Ronaldo Scanavini Neto\" \/>\n<meta name=\"twitter:card\" content=\"summary_large_image\" \/>\n<meta name=\"twitter:creator\" content=\"@EstratConcursos\" \/>\n<meta name=\"twitter:site\" content=\"@EstratConcursos\" \/>\n<meta name=\"twitter:label1\" content=\"Escrito por\" \/>\n\t<meta name=\"twitter:data1\" content=\"Ronaldo Scanavini Neto\" \/>\n\t<meta name=\"twitter:label2\" content=\"Est. tempo de leitura\" \/>\n\t<meta name=\"twitter:data2\" content=\"3 minutos\" \/>\n<script type=\"application\/ld+json\" class=\"yoast-schema-graph\">{\"@context\":\"https:\/\/schema.org\",\"@graph\":[{\"@type\":\"NewsArticle\",\"@id\":\"https:\/\/www.estrategiaconcursos.com.br\/blog\/concurso-sefaz-mt-tudo-precisa-saber\/#article\",\"isPartOf\":{\"@id\":\"https:\/\/www.estrategiaconcursos.com.br\/blog\/concurso-sefaz-mt-tudo-precisa-saber\/\"},\"author\":{\"name\":\"Ronaldo Scanavini Neto\",\"@id\":\"https:\/\/www.estrategiaconcursos.com.br\/blog\/#\/schema\/person\/70c2ad4297aa24ff8815b08215b23a76\"},\"headline\":\"Sefaz MT 2026: tudo o que voc\u00ea precisa saber sobre o concurso\",\"datePublished\":\"2026-01-20T00:06:03+00:00\",\"dateModified\":\"2026-01-20T17:21:46+00:00\",\"mainEntityOfPage\":{\"@id\":\"https:\/\/www.estrategiaconcursos.com.br\/blog\/concurso-sefaz-mt-tudo-precisa-saber\/\"},\"wordCount\":579,\"commentCount\":0,\"publisher\":{\"@id\":\"https:\/\/www.estrategiaconcursos.com.br\/blog\/#organization\"},\"image\":{\"@id\":\"https:\/\/www.estrategiaconcursos.com.br\/blog\/concurso-sefaz-mt-tudo-precisa-saber\/#primaryimage\"},\"thumbnailUrl\":\"https:\/\/dhg1h5j42swfq.cloudfront.net\/2022\/12\/21150303\/sefaz-mt-1.jpg\",\"articleSection\":[\"Fiscal - Estadual (ICMS)\",\"\u00daltimas not\u00edcias\"],\"inLanguage\":\"pt-BR\",\"potentialAction\":[{\"@type\":\"CommentAction\",\"name\":\"Comment\",\"target\":[\"https:\/\/www.estrategiaconcursos.com.br\/blog\/concurso-sefaz-mt-tudo-precisa-saber\/#respond\"]}],\"copyrightYear\":\"2026\",\"copyrightHolder\":{\"@id\":\"https:\/\/www.estrategiaconcursos.com.br\/blog\/#organization\"}},{\"@type\":\"WebPage\",\"@id\":\"https:\/\/www.estrategiaconcursos.com.br\/blog\/concurso-sefaz-mt-tudo-precisa-saber\/\",\"url\":\"https:\/\/www.estrategiaconcursos.com.br\/blog\/concurso-sefaz-mt-tudo-precisa-saber\/\",\"name\":\"Sefaz MT 2026: tudo o que voc\u00ea precisa saber sobre o concurso\",\"isPartOf\":{\"@id\":\"https:\/\/www.estrategiaconcursos.com.br\/blog\/#website\"},\"primaryImageOfPage\":{\"@id\":\"https:\/\/www.estrategiaconcursos.com.br\/blog\/concurso-sefaz-mt-tudo-precisa-saber\/#primaryimage\"},\"image\":{\"@id\":\"https:\/\/www.estrategiaconcursos.com.br\/blog\/concurso-sefaz-mt-tudo-precisa-saber\/#primaryimage\"},\"thumbnailUrl\":\"https:\/\/dhg1h5j42swfq.cloudfront.net\/2022\/12\/21150303\/sefaz-mt-1.jpg\",\"datePublished\":\"2026-01-20T00:06:03+00:00\",\"dateModified\":\"2026-01-20T17:21:46+00:00\",\"description\":\"Veja tudo que voc\u00ea precisa saber sobre o concurso Sefaz MT 2026, um dos principais certames fiscais do momento.\",\"breadcrumb\":{\"@id\":\"https:\/\/www.estrategiaconcursos.com.br\/blog\/concurso-sefaz-mt-tudo-precisa-saber\/#breadcrumb\"},\"inLanguage\":\"pt-BR\",\"potentialAction\":[{\"@type\":\"ReadAction\",\"target\":[\"https:\/\/www.estrategiaconcursos.com.br\/blog\/concurso-sefaz-mt-tudo-precisa-saber\/\"]}]},{\"@type\":\"ImageObject\",\"inLanguage\":\"pt-BR\",\"@id\":\"https:\/\/www.estrategiaconcursos.com.br\/blog\/concurso-sefaz-mt-tudo-precisa-saber\/#primaryimage\",\"url\":\"https:\/\/dhg1h5j42swfq.cloudfront.net\/2022\/12\/21150303\/sefaz-mt-1.jpg\",\"contentUrl\":\"https:\/\/dhg1h5j42swfq.cloudfront.net\/2022\/12\/21150303\/sefaz-mt-1.jpg\",\"width\":769,\"height\":434,\"caption\":\"SEFAZ-MT: Estatuto dos Servidores (Lei 04\/1990) - Licen\u00e7as\"},{\"@type\":\"BreadcrumbList\",\"@id\":\"https:\/\/www.estrategiaconcursos.com.br\/blog\/concurso-sefaz-mt-tudo-precisa-saber\/#breadcrumb\",\"itemListElement\":[{\"@type\":\"ListItem\",\"position\":1,\"name\":\"In\u00edcio\",\"item\":\"https:\/\/www.estrategiaconcursos.com.br\/blog\/\"},{\"@type\":\"ListItem\",\"position\":2,\"name\":\"Sefaz MT 2026: tudo o que voc\u00ea precisa saber sobre o concurso\"}]},{\"@type\":\"WebSite\",\"@id\":\"https:\/\/www.estrategiaconcursos.com.br\/blog\/#website\",\"url\":\"https:\/\/www.estrategiaconcursos.com.br\/blog\/\",\"name\":\"Estrat\u00e9gia Concursos\",\"description\":\"O blog da Estrat\u00e9gia Concursos traz not\u00edcias sobre concursos e artigos de professores oferecendo cursos para concursos (pdf + videaulas) no site.\",\"publisher\":{\"@id\":\"https:\/\/www.estrategiaconcursos.com.br\/blog\/#organization\"},\"potentialAction\":[{\"@type\":\"SearchAction\",\"target\":{\"@type\":\"EntryPoint\",\"urlTemplate\":\"https:\/\/www.estrategiaconcursos.com.br\/blog\/?s={search_term_string}\"},\"query-input\":{\"@type\":\"PropertyValueSpecification\",\"valueRequired\":true,\"valueName\":\"search_term_string\"}}],\"inLanguage\":\"pt-BR\"},{\"@type\":\"Organization\",\"@id\":\"https:\/\/www.estrategiaconcursos.com.br\/blog\/#organization\",\"name\":\"Estrat\u00e9gia Concursos\",\"url\":\"https:\/\/www.estrategiaconcursos.com.br\/blog\/\",\"logo\":{\"@type\":\"ImageObject\",\"inLanguage\":\"pt-BR\",\"@id\":\"https:\/\/www.estrategiaconcursos.com.br\/blog\/#\/schema\/logo\/image\/\",\"url\":\"https:\/\/dhg1h5j42swfq.cloudfront.net\/2025\/06\/03203428\/logo_concursos-1.jpg\",\"contentUrl\":\"https:\/\/dhg1h5j42swfq.cloudfront.net\/2025\/06\/03203428\/logo_concursos-1.jpg\",\"width\":230,\"height\":60,\"caption\":\"Estrat\u00e9gia Concursos\"},\"image\":{\"@id\":\"https:\/\/www.estrategiaconcursos.com.br\/blog\/#\/schema\/logo\/image\/\"},\"sameAs\":[\"https:\/\/x.com\/EstratConcursos\"]},{\"@type\":\"Person\",\"@id\":\"https:\/\/www.estrategiaconcursos.com.br\/blog\/#\/schema\/person\/70c2ad4297aa24ff8815b08215b23a76\",\"name\":\"Ronaldo Scanavini Neto\",\"image\":{\"@type\":\"ImageObject\",\"inLanguage\":\"pt-BR\",\"@id\":\"https:\/\/secure.gravatar.com\/avatar\/f93d8e56fe264596e94aee6b3feb737d98ad0fc5bac7eb0a245f04723c5c8f21?s=96&d=mm&r=g\",\"url\":\"https:\/\/secure.gravatar.com\/avatar\/f93d8e56fe264596e94aee6b3feb737d98ad0fc5bac7eb0a245f04723c5c8f21?s=96&d=mm&r=g\",\"contentUrl\":\"https:\/\/secure.gravatar.com\/avatar\/f93d8e56fe264596e94aee6b3feb737d98ad0fc5bac7eb0a245f04723c5c8f21?s=96&d=mm&r=g\",\"caption\":\"Ronaldo Scanavini Neto\"},\"description\":\"Graduando em Comunica\u00e7\u00e3o Social \u2013 Jornalismo pela Universidade Federal de Vi\u00e7osa (UFV). Integra a equipe de jornalismo do Estrat\u00e9gia Concursos desde 2023, atuando com \u00eanfase na cobertura da \u00e1rea fiscal. Tamb\u00e9m realiza a apura\u00e7\u00e3o e produ\u00e7\u00e3o de not\u00edcias sobre concursos federais, \u00f3rg\u00e3os participantes do CNU e das \u00e1reas de controle, gest\u00e3o, engenharia, Exame CFC, comunica\u00e7\u00e3o social TI e \u00e1rea de concursos administrativos.\",\"url\":\"https:\/\/www.estrategiaconcursos.com.br\/blog\/author\/ronaldo-netoestrategia-com\/\"}]}<\/script>\n<!-- \/ Yoast SEO Premium plugin. -->","yoast_head_json":{"title":"Sefaz MT 2026: tudo o que voc\u00ea precisa saber sobre o concurso","description":"Veja tudo que voc\u00ea precisa saber sobre o concurso Sefaz MT 2026, um dos principais certames fiscais do momento.","robots":{"index":"index","follow":"follow","max-snippet":"max-snippet:-1","max-image-preview":"max-image-preview:large","max-video-preview":"max-video-preview:-1"},"canonical":"https:\/\/www.estrategiaconcursos.com.br\/blog\/concurso-sefaz-mt-tudo-precisa-saber\/","og_locale":"pt_BR","og_type":"article","og_title":"Sefaz MT 2026: tudo o que voc\u00ea precisa saber sobre o concurso","og_description":"Veja tudo que voc\u00ea precisa saber sobre o concurso Sefaz MT 2026, um dos principais certames fiscais do momento.","og_url":"https:\/\/www.estrategiaconcursos.com.br\/blog\/concurso-sefaz-mt-tudo-precisa-saber\/","og_site_name":"Estrat\u00e9gia Concursos","article_published_time":"2026-01-20T00:06:03+00:00","article_modified_time":"2026-01-20T17:21:46+00:00","og_image":[{"width":769,"height":434,"url":"https:\/\/dhg1h5j42swfq.cloudfront.net\/2022\/12\/21150303\/sefaz-mt-1.jpg","type":"image\/jpeg"}],"author":"Ronaldo Scanavini Neto","twitter_card":"summary_large_image","twitter_creator":"@EstratConcursos","twitter_site":"@EstratConcursos","twitter_misc":{"Escrito por":"Ronaldo Scanavini Neto","Est. tempo de leitura":"3 minutos"},"schema":{"@context":"https:\/\/schema.org","@graph":[{"@type":"NewsArticle","@id":"https:\/\/www.estrategiaconcursos.com.br\/blog\/concurso-sefaz-mt-tudo-precisa-saber\/#article","isPartOf":{"@id":"https:\/\/www.estrategiaconcursos.com.br\/blog\/concurso-sefaz-mt-tudo-precisa-saber\/"},"author":{"name":"Ronaldo Scanavini Neto","@id":"https:\/\/www.estrategiaconcursos.com.br\/blog\/#\/schema\/person\/70c2ad4297aa24ff8815b08215b23a76"},"headline":"Sefaz MT 2026: tudo o que voc\u00ea precisa saber sobre o concurso","datePublished":"2026-01-20T00:06:03+00:00","dateModified":"2026-01-20T17:21:46+00:00","mainEntityOfPage":{"@id":"https:\/\/www.estrategiaconcursos.com.br\/blog\/concurso-sefaz-mt-tudo-precisa-saber\/"},"wordCount":579,"commentCount":0,"publisher":{"@id":"https:\/\/www.estrategiaconcursos.com.br\/blog\/#organization"},"image":{"@id":"https:\/\/www.estrategiaconcursos.com.br\/blog\/concurso-sefaz-mt-tudo-precisa-saber\/#primaryimage"},"thumbnailUrl":"https:\/\/dhg1h5j42swfq.cloudfront.net\/2022\/12\/21150303\/sefaz-mt-1.jpg","articleSection":["Fiscal - Estadual (ICMS)","\u00daltimas not\u00edcias"],"inLanguage":"pt-BR","potentialAction":[{"@type":"CommentAction","name":"Comment","target":["https:\/\/www.estrategiaconcursos.com.br\/blog\/concurso-sefaz-mt-tudo-precisa-saber\/#respond"]}],"copyrightYear":"2026","copyrightHolder":{"@id":"https:\/\/www.estrategiaconcursos.com.br\/blog\/#organization"}},{"@type":"WebPage","@id":"https:\/\/www.estrategiaconcursos.com.br\/blog\/concurso-sefaz-mt-tudo-precisa-saber\/","url":"https:\/\/www.estrategiaconcursos.com.br\/blog\/concurso-sefaz-mt-tudo-precisa-saber\/","name":"Sefaz MT 2026: tudo o que voc\u00ea precisa saber sobre o concurso","isPartOf":{"@id":"https:\/\/www.estrategiaconcursos.com.br\/blog\/#website"},"primaryImageOfPage":{"@id":"https:\/\/www.estrategiaconcursos.com.br\/blog\/concurso-sefaz-mt-tudo-precisa-saber\/#primaryimage"},"image":{"@id":"https:\/\/www.estrategiaconcursos.com.br\/blog\/concurso-sefaz-mt-tudo-precisa-saber\/#primaryimage"},"thumbnailUrl":"https:\/\/dhg1h5j42swfq.cloudfront.net\/2022\/12\/21150303\/sefaz-mt-1.jpg","datePublished":"2026-01-20T00:06:03+00:00","dateModified":"2026-01-20T17:21:46+00:00","description":"Veja tudo que voc\u00ea precisa saber sobre o concurso Sefaz MT 2026, um dos principais certames fiscais do momento.","breadcrumb":{"@id":"https:\/\/www.estrategiaconcursos.com.br\/blog\/concurso-sefaz-mt-tudo-precisa-saber\/#breadcrumb"},"inLanguage":"pt-BR","potentialAction":[{"@type":"ReadAction","target":["https:\/\/www.estrategiaconcursos.com.br\/blog\/concurso-sefaz-mt-tudo-precisa-saber\/"]}]},{"@type":"ImageObject","inLanguage":"pt-BR","@id":"https:\/\/www.estrategiaconcursos.com.br\/blog\/concurso-sefaz-mt-tudo-precisa-saber\/#primaryimage","url":"https:\/\/dhg1h5j42swfq.cloudfront.net\/2022\/12\/21150303\/sefaz-mt-1.jpg","contentUrl":"https:\/\/dhg1h5j42swfq.cloudfront.net\/2022\/12\/21150303\/sefaz-mt-1.jpg","width":769,"height":434,"caption":"SEFAZ-MT: Estatuto dos Servidores (Lei 04\/1990) - Licen\u00e7as"},{"@type":"BreadcrumbList","@id":"https:\/\/www.estrategiaconcursos.com.br\/blog\/concurso-sefaz-mt-tudo-precisa-saber\/#breadcrumb","itemListElement":[{"@type":"ListItem","position":1,"name":"In\u00edcio","item":"https:\/\/www.estrategiaconcursos.com.br\/blog\/"},{"@type":"ListItem","position":2,"name":"Sefaz MT 2026: tudo o que voc\u00ea precisa saber sobre o concurso"}]},{"@type":"WebSite","@id":"https:\/\/www.estrategiaconcursos.com.br\/blog\/#website","url":"https:\/\/www.estrategiaconcursos.com.br\/blog\/","name":"Estrat\u00e9gia Concursos","description":"O blog da Estrat\u00e9gia Concursos traz not\u00edcias sobre concursos e artigos de professores oferecendo cursos para concursos (pdf + videaulas) no site.","publisher":{"@id":"https:\/\/www.estrategiaconcursos.com.br\/blog\/#organization"},"potentialAction":[{"@type":"SearchAction","target":{"@type":"EntryPoint","urlTemplate":"https:\/\/www.estrategiaconcursos.com.br\/blog\/?s={search_term_string}"},"query-input":{"@type":"PropertyValueSpecification","valueRequired":true,"valueName":"search_term_string"}}],"inLanguage":"pt-BR"},{"@type":"Organization","@id":"https:\/\/www.estrategiaconcursos.com.br\/blog\/#organization","name":"Estrat\u00e9gia Concursos","url":"https:\/\/www.estrategiaconcursos.com.br\/blog\/","logo":{"@type":"ImageObject","inLanguage":"pt-BR","@id":"https:\/\/www.estrategiaconcursos.com.br\/blog\/#\/schema\/logo\/image\/","url":"https:\/\/dhg1h5j42swfq.cloudfront.net\/2025\/06\/03203428\/logo_concursos-1.jpg","contentUrl":"https:\/\/dhg1h5j42swfq.cloudfront.net\/2025\/06\/03203428\/logo_concursos-1.jpg","width":230,"height":60,"caption":"Estrat\u00e9gia Concursos"},"image":{"@id":"https:\/\/www.estrategiaconcursos.com.br\/blog\/#\/schema\/logo\/image\/"},"sameAs":["https:\/\/x.com\/EstratConcursos"]},{"@type":"Person","@id":"https:\/\/www.estrategiaconcursos.com.br\/blog\/#\/schema\/person\/70c2ad4297aa24ff8815b08215b23a76","name":"Ronaldo Scanavini Neto","image":{"@type":"ImageObject","inLanguage":"pt-BR","@id":"https:\/\/secure.gravatar.com\/avatar\/f93d8e56fe264596e94aee6b3feb737d98ad0fc5bac7eb0a245f04723c5c8f21?s=96&d=mm&r=g","url":"https:\/\/secure.gravatar.com\/avatar\/f93d8e56fe264596e94aee6b3feb737d98ad0fc5bac7eb0a245f04723c5c8f21?s=96&d=mm&r=g","contentUrl":"https:\/\/secure.gravatar.com\/avatar\/f93d8e56fe264596e94aee6b3feb737d98ad0fc5bac7eb0a245f04723c5c8f21?s=96&d=mm&r=g","caption":"Ronaldo Scanavini Neto"},"description":"Graduando em Comunica\u00e7\u00e3o Social \u2013 Jornalismo pela Universidade Federal de Vi\u00e7osa (UFV). Integra a equipe de jornalismo do Estrat\u00e9gia Concursos desde 2023, atuando com \u00eanfase na cobertura da \u00e1rea fiscal. Tamb\u00e9m realiza a apura\u00e7\u00e3o e produ\u00e7\u00e3o de not\u00edcias sobre concursos federais, \u00f3rg\u00e3os participantes do CNU e das \u00e1reas de controle, gest\u00e3o, engenharia, Exame CFC, comunica\u00e7\u00e3o social TI e \u00e1rea de concursos administrativos.","url":"https:\/\/www.estrategiaconcursos.com.br\/blog\/author\/ronaldo-netoestrategia-com\/"}]}},"_links":{"self":[{"href":"https:\/\/www.estrategiaconcursos.com.br\/blog\/wp-json\/wp\/v2\/posts\/1701951","targetHints":{"allow":["GET"]}}],"collection":[{"href":"https:\/\/www.estrategiaconcursos.com.br\/blog\/wp-json\/wp\/v2\/posts"}],"about":[{"href":"https:\/\/www.estrategiaconcursos.com.br\/blog\/wp-json\/wp\/v2\/types\/post"}],"author":[{"embeddable":true,"href":"https:\/\/www.estrategiaconcursos.com.br\/blog\/wp-json\/wp\/v2\/users\/2692"}],"replies":[{"embeddable":true,"href":"https:\/\/www.estrategiaconcursos.com.br\/blog\/wp-json\/wp\/v2\/comments?post=1701951"}],"version-history":[{"count":5,"href":"https:\/\/www.estrategiaconcursos.com.br\/blog\/wp-json\/wp\/v2\/posts\/1701951\/revisions"}],"predecessor-version":[{"id":1702307,"href":"https:\/\/www.estrategiaconcursos.com.br\/blog\/wp-json\/wp\/v2\/posts\/1701951\/revisions\/1702307"}],"wp:featuredmedia":[{"embeddable":true,"href":"https:\/\/www.estrategiaconcursos.com.br\/blog\/wp-json\/wp\/v2\/media\/1141635"}],"wp:attachment":[{"href":"https:\/\/www.estrategiaconcursos.com.br\/blog\/wp-json\/wp\/v2\/media?parent=1701951"}],"wp:term":[{"taxonomy":"category","embeddable":true,"href":"https:\/\/www.estrategiaconcursos.com.br\/blog\/wp-json\/wp\/v2\/categories?post=1701951"},{"taxonomy":"post_tag","embeddable":true,"href":"https:\/\/www.estrategiaconcursos.com.br\/blog\/wp-json\/wp\/v2\/tags?post=1701951"},{"taxonomy":"tax_estado","embeddable":true,"href":"https:\/\/www.estrategiaconcursos.com.br\/blog\/wp-json\/wp\/v2\/tax_estado?post=1701951"}],"curies":[{"name":"wp","href":"https:\/\/api.w.org\/{rel}","templated":true}]}}