{"id":1701871,"date":"2026-01-25T12:00:00","date_gmt":"2026-01-25T15:00:00","guid":{"rendered":"https:\/\/www.estrategiaconcursos.com.br\/blog\/?p=1701871"},"modified":"2026-02-04T13:27:24","modified_gmt":"2026-02-04T16:27:24","slug":"concurso-sefaz-pr-gabarito-extraoficial","status":"publish","type":"post","link":"https:\/\/www.estrategiaconcursos.com.br\/blog\/concurso-sefaz-pr-gabarito-extraoficial\/","title":{"rendered":"Gabarito Extraoficial Sefaz PR &#8211; Analista Fazend\u00e1rio"},"content":{"rendered":"\n<p>Neste domingo, 25 de janeiro, foram aplicadas as <strong>provas objetivas (P1) do concurso Sefaz PR<\/strong> (<a href=\"https:\/\/www.estrategiaconcursos.com.br\/cursosPorConcurso\/secretaria-da-fazenda-do-estado-do-parana-sefaz-pr\/\" target=\"_blank\" rel=\"noreferrer noopener\">Secretaria de Estado da Fazenda do Paran\u00e1<\/a> e, por isso, o Estrat\u00e9gia est\u00e1 realizando o <strong>Gabarito Extraoficial.<\/strong><\/p>\n\n\n\n<p>As avalia\u00e7\u00f5es aconteceu em apenas um turno, sendo das 8h30 \u00e0s 13h00, no turno da manh\u00e3. O turno da tarde, que estavam previstas as aplica\u00e7\u00f5es das provas P2 e P3 (discursiva), n\u00e3o aconteceu devido \u00e0 <strong><a href=\"https:\/\/www.estrategiaconcursos.com.br\/blog\/concurso-sefaz-pr-suspensao-provas\/\" target=\"_blank\" rel=\"noreferrer noopener\">suspens\u00e3o das etapas<\/a><\/strong>.<\/p>\n\n\n\n<p>Com o objetivo de ajud\u00e1-lo a diminuir a ansiedade de saber se foi bem ou n\u00e3o em um concurso t\u00e3o importante,&nbsp;nossos professores realizam a <strong>corre\u00e7\u00e3o ao vivo<\/strong> a partir das 20h.<\/p>\n\n\n\n<p>Neste evento, eles analisam o&nbsp;<strong>gabarito extraoficial<\/strong> da prova do concurso Sefaz PR para o cargo de <strong>Agente Fazend\u00e1rio Estadual \u2013 Fun\u00e7\u00e3o: Analista Fazend\u00e1rio<\/strong><\/p>\n\n\n\n<p>Assim, confira antecipadamente seu desempenho e ainda receba <strong>dicas de recursos<\/strong> (se houver necessidade, claro!).<\/p>\n\n\n\n<p>Lembrando que os gabaritos preliminares devem ser liberados no site do <a href=\"https:\/\/www.cebraspe.org.br\/concursos\/sefa_pr_25\" target=\"_blank\" rel=\"noreferrer noopener\">Cebraspe<\/a> at\u00e9 27 de dezembro, pr\u00f3xima ter\u00e7a-feira.<\/p>\n\n\n\n<h2 class=\"wp-block-heading\" id=\"Enfermagem\">Corre\u00e7\u00e3o ao vivo e Gabarito Extraoficial Sefaz PR &#8211; Cargo: Agente Fazend\u00e1rio Estadual \u2013 Fun\u00e7\u00e3o: Analista Fazend\u00e1rio<\/h2>\n\n\n<figure class=\"wp-block-embed-youtube wp-block-embed is-type-video is-provider-youtube wp-embed-aspect-16-9 wp-has-aspect-ratio\"><div class=\"lyte-wrapper\" style=\"width:853px;max-width:100%;margin:5px;\"><div class=\"lyMe\" id=\"WYL_M3nz2-55-Mk\"><div id=\"lyte_M3nz2-55-Mk\" data-src=\"\/\/i.ytimg.com\/vi\/M3nz2-55-Mk\/hqdefault.jpg\" class=\"pL\"><div class=\"tC\"><div class=\"tT\"><\/div><\/div><div class=\"play\"><\/div><div class=\"ctrl\"><div class=\"Lctrl\"><\/div><div class=\"Rctrl\"><\/div><\/div><\/div><noscript><a href=\"https:\/\/youtu.be\/M3nz2-55-Mk\" rel=\"nofollow\"><img loading=\"lazy\" decoding=\"async\" src=\"https:\/\/i.ytimg.com\/vi\/M3nz2-55-Mk\/0.jpg\" alt=\"YouTube video thumbnail\" width=\"853\" height=\"460\" \/><br \/>Assista a este v\u00eddeo no YouTube<\/a><\/noscript><\/div><\/div><div class=\"lL\" style=\"max-width:100%;width:853px;margin:5px;\"><\/div><figcaption><\/figcaption><\/figure>\n\n\n<p><strong>Aten\u00e7\u00e3o! <\/strong>Cada prova costuma ter uma ordena\u00e7\u00e3o diferente das quest\u00f5es. Assim, fique atento ao in\u00edcio do enunciado na sua vers\u00e3o de prova.<\/p>\n\n\n\n<h2 class=\"wp-block-heading has-text-align-center has-very-light-gray-to-cyan-bluish-gray-gradient-background has-background\" id=\"h-prova-objetiva-p1-manha\" style=\"font-size:clamp(18.959px, 1.185rem + ((1vw - 3.2px) * 1.082), 30px);\">Prova Objetiva (P1) &#8211; Manh\u00e3<\/h2>\n\n\n\n<h3 class=\"wp-block-heading has-text-align-center has-cyan-bluish-gray-background-color has-background\" id=\"h-lingua-portuguesa\" style=\"font-size:clamp(16.293px, 1.018rem + ((1vw - 3.2px) * 0.854), 25px);\"><strong><em>L\u00edngua Portuguesa<\/em><\/strong><\/h3>\n\n\n\n<p><strong>Quest\u00e3o 1 &#8211;<\/strong> De acordo com o texto CG1A1-I&#8230;<br \/><strong>Alternativa:<\/strong> E &#8211; os efeitos macroecon\u00f4micos afetam todos os estados, inclusive os bem administrados, como o Paran\u00e1<\/p>\n\n\n\n<p><strong>Quest\u00e3o 2 &#8211;<\/strong> No primeiro par\u00e1grafo do texto CGIA1-I, predomina a tipologia textual&#8230;<em><br \/><\/em><strong>Alternativa:<\/strong> E &#8211; dissertativo-expositiva.<\/p>\n\n\n\n<p><strong>Quest\u00e3o 3 &#8211;<\/strong> No primeiro per\u00edodo do primeiro par\u00e1grafo do texto CGIA1-I, o termo &#8220;do Paran\u00e1&#8221;, em &#8220;o estado do Paran\u00e1&#8221;, desempenha a fun\u00e7\u00e3o sint\u00e1tica de&#8230;<br \/><strong>Alternativa:<\/strong> B &#8211; aposto.<\/p>\n\n\n\n<p><strong>Quest\u00e3o 4 &#8211;<\/strong> Julgue os itens seguintes, relativos ao emprego da v\u00edrgula no texto CG1A1-I&#8230;<br \/><strong>Alternativa:<\/strong> B &#8211; Apenas o item III est\u00e1 certo.<\/p>\n\n\n\n<p><strong>Quest\u00e3o 5 &#8211;<\/strong> De acordo com as ideias veiculadas no texto CGIA1-II, o ser humano \u00e9 um paradoxo porque \u00e9 capaz de&#8230;<br \/><strong>Alternativa:<\/strong> C &#8211; refletir sobreo tempo e entender a finitude da vida<\/p>\n\n\n\n<p><strong>Quest\u00e3o 6 &#8211;<\/strong> Consoante as ideias expressas no segundo par\u00e1grafo do texto CG1A1-II&#8230;<br \/><strong>Alternativa:<\/strong> D &#8211; a hist\u00f3ria da vida est\u00e1 relacionada ao processo evolutivo do planeta onde ela ocorre<\/p>\n\n\n\n<p><strong>Quest\u00e3o 7 &#8211;<\/strong> Julgue os itens que se seguem, referentes a rela\u00e7\u00f5es de concord\u00e2ncia estabelecidas no texto CG1A1-I1&#8230;<br \/><strong>Alternativa:<\/strong> E &#8211; Apenas os itens II e III est\u00e3o certos.<\/p>\n\n\n\n<p><strong>Quest\u00e3o 8 &#8211;<\/strong> Mantendo-se a corre\u00e7\u00e3o gramatical e os sentidos do texto CG1A1-II, a ora\u00e7\u00e3o &#8220;no qual a pr\u00f3pria natureza repete essa ordem&#8221; (quarto per\u00edodo do primeiro par\u00e1grafo) poderia ser reescrita como&#8230;<br \/><strong>Alternativa:<\/strong> B &#8211; em que a pr\u00f3pria natureza repete essa ordem.<\/p>\n\n\n\n<p><strong>Quest\u00e3o 9 &#8211;<\/strong> No \u00faltimo per\u00edodo do primeiro par\u00e1grafo do texto CG1A1-III, o voc\u00e1bulo &#8220;se&#8221;, na ora\u00e7\u00e3o &#8220;que se prop\u00f5e a exist\u00eancia de um replicador cultural&#8221;, classifica-se como&#8230;<br \/><strong>Alternativa:<\/strong> D &#8211; pronome apassivador.<\/p>\n\n\n\n<p><strong>Quest\u00e3o 10 <\/strong>&#8211; Assinale a op\u00e7\u00e3o em que \u00e9 apresentado um pronome que atua tanto na coes\u00e3o referencial quanto na coes\u00e3o sequencial do texto CG1AI-III.<br \/><strong>Alternativa:<\/strong> A &#8211; &#8220;que&#8221; (segundo per\u00edodo do segundo par\u00e1grafo)<\/p>\n\n\n\n<h3 class=\"wp-block-heading has-text-align-center has-cyan-bluish-gray-background-color has-background\" id=\"h-direito-constitucional-administrativo-e-estatuto-da-crianca-e-do-adolescente\" style=\"font-size:clamp(16.293px, 1.018rem + ((1vw - 3.2px) * 0.854), 25px);\"><strong><em>Direito Constitucional, Administrativo e Estatuto da Crian\u00e7a e do Adolescente<\/em><\/strong><\/h3>\n\n\n\n<p><strong>Quest\u00e3o 11 <\/strong>&#8211; &#8220;A licen\u00e7a paternidade \u00e9 uma importante pol\u00edtica de cuidado, que tem o papel de corresponsabilizar dentro do lar, ou seja, de dividir melhor o trabalho entre pais e m\u00e3es&#8221;, disse Luiza Nassif Pires, professora do Instituto de Economia da Unicamp.&#8221; Previsto no art. 7.\u00ba, inciso XIX, da Constitui\u00e7\u00e3o Federal de 1988, o direito fundamental \u00e0 licen\u00e7a paternidade<\/p>\n\n\n\n<p><strong>Alternativa:<\/strong> C &#8211; est\u00e1 previsto em dispositivo constitucional autoaplic\u00e1vel no que se refere \u00e0 dura\u00e7\u00e3o da licen\u00e7a.<\/p>\n\n\n\n<p><strong>Quest\u00e3o 12 &#8211; <\/strong>Em mar\u00e7o de 2025, o Poder Legislativo de determinado munic\u00edpio editou lei que vedava a vacina\u00e7\u00e3o compuls\u00f3ria contra dengue em seu territ\u00f3rio. Esta norma foi sancionada pelo Poder Executivo municipal em abril de 2025 e entrou em vigor na data da sua publica\u00e7\u00e3o, ocorrida no mesmo m\u00eas de sua san\u00e7\u00e3o.<br \/><strong>Alternativa:<\/strong> C &#8211; \u00e9 inconstitucional, uma vez que viola o dever estatal prote\u00e7\u00e3o \u00e0 sa\u00fade da popula\u00e7\u00e3o.<\/p>\n\n\n\n<p><strong>Quest\u00e3o 13 <\/strong>&#8211; Em nosso pa\u00eds, a Constitui\u00e7\u00e3o Federal diz que a lei dispor\u00e1 sobre as condi\u00e7\u00f5es e os requisitos que facilitem a remo\u00e7\u00e3o de \u00f3rg\u00e3os, tecidos e subst\u00e2ncias humanas para fins de transplante, pesquisa e tratamento, bem como a coleta, \u043e processamento e a transfus\u00e3o de sangue e derivados, vedado todo tipo de comercializa\u00e7\u00e3o (art. 199, \u00a7 4.\u00b0). A permiss\u00e3o legal para a disposi\u00e7\u00e3o de tecidos, \u00f3rg\u00e3os e partes do corpo humano, em vida ou depois da morte, com a finalidade de transplantes e tratamentos est\u00e1 na Lei n.\u00b0 9.434\/1997, conhecida como Lei dos Transplantes, e no Decreto n.\u00b0 9.175\/2017.<br \/><strong>Alternativa:<\/strong> E &#8211; Caso n\u00e3o haja norma regulamentadora acerca do transplante de determinada subst\u00e2ncia humana, ser\u00e1 cab\u00edvel mandado de injun\u00e7\u00e3o individual com o objetivo de viabilizar o procedimento.<\/p>\n\n\n\n<p><strong>Quest\u00e3o 14 <\/strong>&#8211; Omiss\u00f5es da legisla\u00e7\u00e3o, abusos de autoridade do Poder Judici\u00e1rio e a falta de garantia para direitos n\u00e3o regulamentados n\u00e3o s\u00e3o males sem cura. Muitas vezes a solu\u00e7\u00e3o para esses problemas est\u00e3o nos chamados rem\u00e9dios constitucionais.<br \/><strong>Alternativa:<\/strong> A &#8211; O habeas data \u00e9 garantia constitucional adequada para a obten\u00e7\u00e3o dos dados concernentes ao pagamento de tributos do pr\u00f3prio contribuinte constantes dos sistemas informatizados de apoio \u00e0 arrecada\u00e7\u00e3o dos \u00f3rg\u00e3os da administra\u00e7\u00e3o fazend\u00e1ria dos entes estatais.<\/p>\n\n\n\n<p><strong>Quest\u00e3o 15<\/strong> &#8211; No contexto brasileiro, a organiza\u00e7\u00e3o da administra\u00e7\u00e3o p\u00fablica refere-se \u00e0 estrutura que o Estado adota para prestar servi\u00e7os p\u00fablicos, como sa\u00fade, educa\u00e7\u00e3o e seguran\u00e7a. Em rela\u00e7\u00e3o aos princ\u00edpios e \u00e0 organiza\u00e7\u00e3o da administra\u00e7\u00e3o p\u00fablica, bem como \u00e0 sua desconcentra\u00e7\u00e3o e descentraliza\u00e7\u00e3o, assinale a op\u00e7\u00e3o correta.<br \/><strong>Alternativa:<\/strong> A &#8211; As empresas p\u00fablicas s\u00e3o pessoas jur\u00eddicas de direito privado pertencentes \u00e0 administra\u00e7\u00e3o p\u00fablica indireta.<\/p>\n\n\n\n<p><strong>Quest\u00e3o 16<\/strong> &#8211; Considerando o texto anterior e sabendo que atos administrativos s\u00e3o manifesta\u00e7\u00f5es unilaterais de vontade da administra\u00e7\u00e3o p\u00fablica, assinale a op\u00e7\u00e3o correta acerca dos atos administrativos.<br \/><strong>Alternativa:<\/strong> D &#8211; A validade do ato administrativo, quando motivado, se vincula aos motivos indicados como seu fundamento, ainda que a lei n\u00e3o exija a motiva\u00e7\u00e3o do ato.<\/p>\n\n\n\n<p><strong>Quest\u00e3o 17<\/strong> &#8211; Tendo a afirma\u00e7\u00e3o acima como refer\u00eancia inicial, assinale a op\u00e7\u00e3o em que \u00e9 apresentado o poder da administra\u00e7\u00e3o p\u00fablica por meio do qual o Estado limita o exerc&#8230;<br \/><strong>Alternativa<\/strong>: D &#8211; poder de pol\u00edcia.<\/p>\n\n\n\n<p><strong>Quest\u00e3o 18<\/strong> &#8211; Acerca das licita\u00e7\u00f5es e dos contratos administrativos, assinale a op\u00e7\u00e3o correta, de acordo com a Lei n.\u00ba 14.133\/2021.<br \/><strong>Alternativa:<\/strong> D &#8211; O atraso na libera\u00e7\u00e3o de \u00e1reas sujeitas \u00e0 desapropria\u00e7\u00e3o, \u00e0 desocupa\u00e7\u00e3o ou \u00e0 servid\u00e3o administrativa constitui motivo para a extin\u00e7\u00e3o do contrato administrativo.<\/p>\n\n\n\n<p><strong>Quest\u00e3o 19<\/strong> &#8211; O Estatuto da Crian\u00e7a e do Adolescente disp\u00f5e sobre v\u00e1rios aspectos do direito \u00e0 liberdade infanto-juvenil, sendo primeiro deles referente \u00e0 liberdade de locomo\u00e7\u00e3o, ou seja, \u00e0 liberdade de &#8220;ir, vir e estar nos logradouros p\u00fablicos e espa\u00e7os comunit\u00e1rios, ressalvadas as restri\u00e7\u00f5es legais&#8221;.<br \/><strong>Alternativa:<\/strong> D &#8211; N\u00e3o \u00e9 exigida autoriza\u00e7\u00e3o judicial para que crian\u00e7a brasileira saia do Brasil na companhia de um dos pais, se a sa\u00edda estiver autorizada expressamente pelo outro em documento com firma reconhecida.<\/p>\n\n\n\n<p><strong>Quest\u00e3o 20<\/strong> &#8211; Dados da Secretaria de Direitos Humanos do Minist\u00e9rio da Justi\u00e7a mostram que, a cada dia, s\u00e3o registrados em torno de 200 casos de viol\u00eancia contra crian\u00e7as no Brasil. Quem comete esses crimes est\u00e1 sujeito a puni\u00e7\u00f5es previstas em lei.<br \/><strong>Alternativa:<\/strong> E &#8211; m\u00e9dico, professor ou respons\u00e1vel por estabelecimento de aten\u00e7\u00e3o \u00e0 sa\u00fade e de ensino fundamental, pr\u00e9-escola ou creche deixar de comunicar \u00e0 autoridade competente os casos de que tenha conhecimento que envolvam suspeita on confirma\u00e7\u00e3o de maus-tratos contra crian\u00e7a ou adolescente<\/p>\n\n\n\n<h3 class=\"wp-block-heading has-text-align-center has-cyan-bluish-gray-background-color has-background\" id=\"h-direito-tributario\" style=\"font-size:clamp(16.293px, 1.018rem + ((1vw - 3.2px) * 0.854), 25px);\"><strong><em>Direito Tribut\u00e1rio<\/em><\/strong><\/h3>\n\n\n\n<p><strong>Quest\u00e3o 21<\/strong> &#8211; Parte expressiva da doutrina nacional compreende a natureza jur\u00eddica das imunidades como veda\u00e7\u00e3o constitucional \u00e0 institui\u00e7\u00e3o de tributos que recaiam sobre determinadas situa\u00e7\u00f5es definidas constitucionalmente, ou seja, as normas referentes a imunidades tribut\u00e1rias s\u00e3o regras que imp\u00f5em a incompet\u00eancia das pessoas pol\u00edticas para a institui\u00e7\u00e3o de tributos que alcancem certas situa\u00e7\u00f5es.<br \/><strong>Alternativa:<\/strong> D &#8211; A imunidade tribut\u00e1ria rec\u00edproca, assegurada pela Constitui\u00e7\u00e3o Federal aos partidos pol\u00edticos, inclusive suas funda\u00e7\u00f5es, \u00e0s entidades sindicais dos trabalhadores e \u00e0s institui\u00e7\u00f5es de educa\u00e7\u00e3o e assist\u00eancia social, sem fins lucrativos, que atendam aos requisitos da lei, alcan\u00e7a \u0430 incid\u00eancia do IOF, inclusive sobre aplica\u00e7\u00f5es financeiras.<\/p>\n\n\n\n<p><strong>Quest\u00e3o 22<\/strong> &#8211; A reparti\u00e7\u00e3o de compet\u00eancias (legislativas, administrativas e tribut\u00e1rias) entre a Uni\u00e3o, os estados, o Distrito Federal e os munic\u00edpios constitui o fulcro do Estado federal. Nesse diapas\u00e3o, temos que o poder tribut\u00e1rio \u00e9 uma das compet\u00eancias partilhadas, ou seja, o poder de instituir e cobrar tributos \u00e9 dividido entre os entes pol\u00edticos da Federa\u00e7\u00e3o, e essa divis\u00e3o \u00e9 talvez a mais importante delas porque visa garantir a autonomia financeira desses entes.<br \/><strong>Alternativa:<\/strong> D* &#8211; Apenas os itens Il e III est\u00e3o certos. (cabe recurso)<\/p>\n\n\n\n<p><strong>Quest\u00e3o 23<\/strong> &#8211; Particularmente, a express\u00e3o cr\u00e9dito tribut\u00e1rio designa o direito de cr\u00e9dito da fazenda p\u00fablica oriundo de uma obriga\u00e7\u00e3o tribut\u00e1ria. Dada a import\u00e2ncia da tributa\u00e7\u00e3o para a obten\u00e7\u00e3o de receitas p\u00fablicas nos Estados contempor\u00e2neos, o cr\u00e9dito tribut\u00e1rio normalmente se faz acompanhar de privil\u00e9gios concedidos ao ente p\u00fablico, para que este tenha preced\u00eancia em rela\u00e7\u00e3o a outros credores.<br \/><strong>Alternativa:<\/strong> D &#8211; suspens\u00e3o e extin\u00e7\u00e3o do cr\u00e9dito tribut\u00e1rio, respectivamente.<\/p>\n\n\n\n<p><strong>Quest\u00e3o 24<\/strong> &#8211; A express\u00e3o tributos em esp\u00e9cie refere-se \u00e0s cinco categorias principais de tributos no Brasil: impostos, taxas, contribui\u00e7\u00f5es de melhoria, empr\u00e9stimos compuls\u00f3rios e contribui\u00e7\u00f5es especiais (sociais, de interven\u00e7\u00e3o no dom\u00ednio econ\u00f4mico e profissionais), conforme a teoria pentapartida aceita pelo STF.<br \/><strong>Alternativa:<\/strong> C &#8211; O ICMS que incidir uma \u00fanica vez nas opera\u00e7\u00f5es com lubrificantes e combust\u00edveis derivados de petr\u00f3leo dever\u00e1 ser recolhido para o estado onde ocorrer o consumo.<\/p>\n\n\n\n<p><strong>Quest\u00e3o 25<\/strong> &#8211; O debate acerca das diversas formas de atribui\u00e7\u00e3o de responsabilidade em mat\u00e9ria tribut\u00e1ria \u00e9 relevante e complexo, na medida em que envolve concomitantemente o exerc\u00edcio do poder de tributar do Estado e, de modo antag\u00f4nico, a necessidade de preserva\u00e7\u00e3o do patrim\u00f4nio do contribuinte ou do respons\u00e1vel pelo pagamento. Esse antagonismo \u00e9 sobrelevado se compreendido que, nos \u00faltimos anos, as demandas e esfor\u00e7os empresariais se acentuaram de acordo com a atualiza\u00e7\u00e3o do Sistema Tribut\u00e1rio Nacional.<br \/><strong>Alternativa:<\/strong> A &#8211; A responsabilidade por infra\u00e7\u00f5es da legisla\u00e7\u00e3o tribut\u00e1ria, via de regra, independe da efetividade e da extens\u00e3o dos efeitos do ato.<\/p>\n\n\n\n<h3 class=\"wp-block-heading has-text-align-center has-cyan-bluish-gray-background-color has-background\" id=\"h-raciocinio-logico-e-matematico\" style=\"font-size:clamp(16.293px, 1.018rem + ((1vw - 3.2px) * 0.854), 25px);\"><strong><em>Racioc\u00ednio L\u00f3gico e Matem\u00e1tico<\/em><\/strong><\/h3>\n\n\n\n<p><strong>Quest\u00e3o 26<\/strong> &#8211; Suponha que 4 agentes fazend\u00e1rios estaduais, trabalhando 6 horas por dia, fiscalizem 40 empresas em 8 dias. Considerando essa situa\u00e7\u00e3o hipot\u00e9tica e que a efici\u00eancia de trabalho seja mantida, assinale a op\u00e7\u00e3o na qual \u00e9 apresentado o intervalo que cont\u00e9m o n\u00famero de horas di\u00e1rias de trabalho (h) necess\u00e1rias par<br \/><strong>Alternativa:<\/strong> C &#8211; 6\u2264h\u22647<\/p>\n\n\n\n<p><strong>Quest\u00e3o 27<\/strong> &#8211; A partir dessas informa\u00e7\u00f5es, assinale a op\u00e7\u00e3o que apresenta o maior n\u00famero poss\u00edvel de empresas pertencentes ao complemento da uni\u00e3o de V e R no grupo analisado.<br \/><strong>Alternativa:<\/strong> B &#8211; 60<\/p>\n\n\n\n<p><strong>Quest\u00e3o 28<\/strong> &#8211; Considerando o texto CG1A6, assinale a op\u00e7\u00e3o que apresenta o n\u00famero de linhas da tabela-verdade associada \u00e0 proposi\u00e7\u00e3o \u0420.<br \/><strong>Alternativa:<\/strong> A &#8211; 4<\/p>\n\n\n\n<p><strong>Quest\u00e3o 29<\/strong> &#8211; Assinale a op\u00e7\u00e3o em que \u00e9 corretamente indicada a nega\u00e7\u00e3o da proposi\u00e7\u00e3o P apresentada no texto CG1A6.<br \/><strong>Alternativa:<\/strong> B &#8211; Sou livre, mas n\u00e3o fa\u00e7o o que n\u00e3o quero.<\/p>\n\n\n\n<p><strong>Quest\u00e3o 30<\/strong> &#8211; Considerando-se essa situa\u00e7\u00e3o hipot\u00e9tica e indicando-se por A(1) o valor total arrecadado, em milh\u00f5es de reais, no m\u00eas 4, (1\u22641\u226412), \u00e9 correto afirmar que a fun\u00e7\u00e3o que descreve com maior acur\u00e1cia o fen\u00f4meno descrito, para determinado ano espec\u00edfico, \u00e9<br \/><strong>Alternativa:<\/strong> E &#8211; A(t)=130 + 20 sen (\u03c0\/6 t+2).<\/p>\n\n\n\n<h3 class=\"wp-block-heading has-text-align-center has-cyan-bluish-gray-background-color has-background\" id=\"h-matematica-financeira\" style=\"font-size:clamp(16.293px, 1.018rem + ((1vw - 3.2px) * 0.854), 25px);\"><strong><em>Matem\u00e1tica Financeira<\/em><\/strong><\/h3>\n\n\n\n<p><strong>Quest\u00e3o 31<\/strong> &#8211; O sistema de amortiza\u00e7\u00e3o franc\u00eas poderia ser um dos sistemas de amortiza\u00e7\u00e3o utilizados no SFH ou no SFI, por exemplo. No sistema de amortiza\u00e7\u00e3o franc\u00eas,<br \/><strong>Alternativa:<\/strong> A &#8211; as presta\u00e7\u00f5es s\u00e3o fixas, sendo decrescente a parcela de juros em cada presta\u00e7\u00e3o e crescente a parcela de amortiza\u00e7\u00e3o em cada presta\u00e7\u00e3o.<\/p>\n\n\n\n<p><strong>Quest\u00e3o 32<\/strong> &#8211; Com base na situa\u00e7\u00e3o hipot\u00e9tica apresentada, considerando-se que n\u00e3o haja nenhum aporte por parte da empresa no projeto e que o planejamento de 20 meses seja obedecido, \u00e9 correto concluir que os recursos restantes, ap\u00f3s decorridos os 5 meses do in\u00edcio do projeto, ser\u00e3o suficientes para cobrir as despesas de todos os 25 funcion\u00e1rios por mais<br \/><strong>Alternativa:<\/strong> A &#8211; 9 meses.<\/p>\n\n\n\n<p><strong>Quest\u00e3o 33<\/strong> &#8211; Suponha que, em um ambiente inflacion\u00e1rio, um investimento tenha rendido a uma taxa nominal de 21% ao ano. Nessa situa\u00e7\u00e3o, caso a taxa real de juros no per\u00edodo de um ano tenha sido de 10%, \u00e9 correto afirmar que a taxa de infla\u00e7\u00e3o nesse mesmo per\u00edodo foi igual a<br \/><strong>Alternativa:<\/strong> B &#8211; 10%<\/p>\n\n\n\n<p><strong>Quest\u00e3o 34<\/strong> &#8211; Na situa\u00e7\u00e3o hipot\u00e9tica precedente, o valor total recebido pelo agricultor ser\u00e1 igual a<br \/><strong>Alternativa:<\/strong> A &#8211; R$ 24.000(1,05<sup>8<\/sup>-1).<\/p>\n\n\n\n<p><strong>Quest\u00e3o 35<\/strong> &#8211; Considere que um projeto de investimento exija um desembolso inicial de R$ 100.342 e gere duas receitas iguais, que ocorrem ao final do segundo ano e ao final do quarto ano. Nesse caso, se a taxa interna de retorno for d<br \/><strong>Alternativa:<\/strong> C &#8211; R$ 65.678,40.<\/p>\n\n\n\n<h3 class=\"wp-block-heading has-text-align-center has-cyan-bluish-gray-background-color has-background\" id=\"h-administracao-publica\" style=\"font-size:clamp(16.293px, 1.018rem + ((1vw - 3.2px) * 0.854), 25px);\"><strong><em>Administra\u00e7\u00e3o P\u00fablica<\/em><\/strong><\/h3>\n\n\n\n<p><strong>Quest\u00e3o 36<\/strong> &#8211; A respeito dos modelos de administra\u00e7\u00e3o p\u00fablica no Brasil, assinale a op\u00e7\u00e3o correta.<br \/><strong>Alternativa:<\/strong> D &#8211; A administra\u00e7\u00e3o p\u00fablica burocr\u00e1tica, embora tenha promovido efetividade no controle de abusos, revelou-se autorreferenciada e ineficiente no atendimento \u00e0 sociedade. A administra\u00e7\u00e3o p\u00fablica gerencial representou uma ruptu<\/p>\n\n\n\n<p><strong>Quest\u00e3o 37<\/strong> &#8211; Considerando as caracter\u00edsticas referentes \u00e0 transpar\u00eancia e \u00e0 accountability no contexto da administra\u00e7\u00e3o p\u00fablica, assinale a op\u00e7\u00e3o correta.<br \/><strong>Alternativa:<\/strong> A &#8211; A transpar\u00eancia \u00e9 um requisito fundamental para a accountability, pois a falta de acesso a informa\u00e7\u00f5es relevantes impede que os agentes p\u00fablicos sejam efetivamente responsabilizados por suas a\u00e7\u00f5es e decis\u00f5es.<\/p>\n\n\n\n<p><strong>Quest\u00e3o 38<\/strong> &#8211; Sabendo que governar demanda, entre outros aspectos, a intermedia\u00e7\u00e3o de interesses de grupos diversos, assim como requer governan\u00e7a, julgue os pr\u00f3ximos itens, relativos a governan\u00e7a, governabilidade e intermedia\u00e7\u00e3o de interesses.<br \/><strong>Alternativa:<\/strong> A &#8211; Apenas o item I est\u00e1 certo.<\/p>\n\n\n\n<p><strong>Quest\u00e3o 39<\/strong> &#8211; No contexto do assunto tratado no texto CGIA8, a fun\u00e7\u00e3o predominante do elemento gravidade na defini\u00e7\u00e3o de problemas p\u00fablicos no processo de produ\u00e7\u00e3o de pol\u00edticas p\u00fablicas \u00e9<br \/><strong>Alternativa:<\/strong> A &#8211; descrever quem \u00e9 afetado e em que extens\u00e3o, sendo essa fun\u00e7\u00e3o percebida com menor severidade em situa\u00e7\u00f5es que se deterioram lentamente ao longo do tempo.<\/p>\n\n\n\n<p><strong>Quest\u00e3o 40<\/strong> &#8211; No contexto da formula\u00e7\u00e3o de pol\u00edticas p\u00fablicas, assunto do texto CG1A8, o objetivo fundamental da avalia\u00e7\u00e3o executiva no contexto das linhas de avalia\u00e7\u00e3o de pol\u00edticas p\u00fablicas consiste em<br \/><strong>Alternativa:<\/strong> B &#8211; fornecer uma abordagem pr\u00e1tica e r\u00e1pida para a identifica\u00e7\u00e3o do elemento ou processo da cadeia de valor da pol\u00edtica no qual haja maior chance de ocorrerem aprimoramentos.<\/p>\n\n\n\n<h3 class=\"wp-block-heading has-text-align-center has-cyan-bluish-gray-background-color has-background\" id=\"h-administracao-financeira-e-orcamentaria-afo\" style=\"font-size:clamp(16.293px, 1.018rem + ((1vw - 3.2px) * 0.854), 25px);\"><strong><em>Administra\u00e7\u00e3o Financeira e Or\u00e7ament\u00e1ria (AFO)<\/em><\/strong><\/h3>\n\n\n\n<p><strong>Quest\u00e3o 41<\/strong> &#8211; No \u00e2mbito do or\u00e7amento p\u00fablico no Brasil, o plano de trabalho<br \/><strong>Alternativa:<\/strong> B &#8211; \u00e9 o documento que define a estrutura e organiza, qualitativa e quantitativamente, a programa\u00e7\u00e3o or\u00e7ament\u00e1ria federal, respondendo \u00e0s perguntas &#8220;o que ser\u00e1 feito?&#8221;, \u201cpor quem ser\u00e1 feito?&#8221;, &#8220;como ser\u00e1 feito?&#8221;, &#8220;para que ser\u00e1 feito?&#8221; e &#8220;quanto custar\u00e1?&#8221;, e integra programas, a\u00e7\u00f5es, produtos, metas fisicas e financeiras.<\/p>\n\n\n\n<p><strong>Quest\u00e3o 42<\/strong> &#8211; Assinale a op\u00e7\u00e3o correta acerca das altera\u00e7\u00f5es or\u00e7ament\u00e1rias permitidas ao Congresso Nacional durante a tramita\u00e7\u00e3o da LO\u0410.<br \/><strong>Alternativa:<\/strong> C &#8211; As emendasdevem indicar os recursos neessros pe sta aprova\u00e7\u00e3o, provenientes de anula\u00e7\u00e3o de despesa, sendo vedado o cancelamento de dota\u00e7\u00f5es relativas a pessoal \u0435 encargos sociais, servi\u00e7o da d\u00edvida e transfer\u00eancias constitucionais aos estados, ao Distrito Federal e aos munic\u00edpios.<\/p>\n\n\n\n<p><strong>Quest\u00e3o 43<\/strong> &#8211; Com base na Lei n.\u00ba 10.028\/2000, que disp\u00f5e sobre as infra\u00e7\u00f5es administrativas contra as leis de finan\u00e7as p\u00fablicas, assinale op\u00e7\u00e3o correta.<br \/><strong>Alternativa:<\/strong> B &#8211; Configura infra\u00e7\u00e3o administrativa contra as leis de finan\u00e7as p\u00fablicas deixar de divulgar o relat\u00f3rio de gest\u00e3o fiscal nos prazos e nas condi\u00e7\u00f5es estabelecidos em lei, sujeitando-se o agente a multa de 30% de seus vencimentos anuais.<\/p>\n\n\n\n<p><strong>Quest\u00e3o 44<\/strong> &#8211; Acerca da classifica\u00e7\u00e3o e dos est\u00e1gios da despesa p\u00fablica, bem como de suas formas de registro cont\u00e1bil e de seus regimes, assinale a op\u00e7\u00e3o correta.<br \/><strong>Alternativa:<\/strong> C &#8211; As despesas de exerc\u00edcios anteriores (DEA) s\u00e3o as que se referem a compromissos reconhecidos ap\u00f3s o encerramento do exerc\u00edcio financeiro correspondente, exigindo-se o cancelamento de restos a pagar com prescri\u00e7\u00e3o da d\u00edvida ou a reemiss\u00e3o do empenho para seu pagamento.<\/p>\n\n\n\n<p><strong>Quest\u00e3o 45<\/strong> &#8211; O rateio da receita proveniente da arrecada\u00e7\u00e3o de impostos entre os entes federados representa um mecanismo fundamental para amenizar as desigualdades regionais, na busca incessante de promover o equil\u00edbrio socioecon\u00f4mico entre estados e munic\u00edpios.<br \/><strong>Alternativa:<\/strong> D &#8211; O instrumento de formaliza\u00e7\u00e3o de uma transfer\u00eancia volunt\u00e1ria deve necessariamente prever contrapartida financeira do ente benefici\u00e1rio, sendo vedada a previs\u00e3o de contrapartida exclusivamente em bens ou servi\u00e7os.<\/p>\n\n\n\n<p><strong>Quest\u00e3o 46<\/strong> &#8211; Tendo por fundamento as disposi\u00e7\u00f5es da LRF, inclu\u00eddas suas altera\u00e7\u00f5es, assinale a op\u00e7\u00e3o correta.<br \/><strong>Alternativa:<\/strong> D &#8211; A transpar\u00eancia da gest\u00e3o fiscal foi ampliada&#8230;<\/p>\n\n\n\n<p><strong>Quest\u00e3o 47<\/strong> &#8211; Receita p\u00fablica \u00e9 o dinheiro que o governo disp\u00f5e para manter sua estrutura e oferecer bens e servi\u00e7os \u00e0 sociedade, como hospitais, escolas, ilumina\u00e7\u00e3o, saneamento etc. Para poder fazer isso, o governo precisa arrecadar dinheiro, e faz isso de diversas maneiras. Essa arrecada\u00e7\u00e3o vem de impostos, de alugu\u00e9is e venda de bens, presta\u00e7\u00e3o de alguns servi\u00e7os, venda de t\u00edtulos do tesouro titulos nacional, recebimento de indeniza\u00e7\u00f5es.<br \/><strong>Alternativa:<\/strong> B &#8211; A aus\u00eancia de previs\u00e3o formal de determinada receita na LOA n\u00e3o afasta seu car\u00e1ter or\u00e7ament\u00e1rio, desde que haja ingresso financeiro que represente disponibilidade de as nor recursos, excetuadas as opera\u00e7\u00f5es de cr\u00e9dito por antecipa\u00e7\u00e3o da receita or\u00e7ament\u00e1ria (ARO).<\/p>\n\n\n\n<p><strong>Quest\u00e3o 48<\/strong> &#8211; O or\u00e7amento p\u00fablico \u00e9 o instrumento de gest\u00e3o de maior relev\u00e2ncia e provavelmente o mais antigo da administra\u00e7\u00e3o p\u00fablica. \u00c9 um instrumento que os governos usam para organizar seus recursos financeiros. Partindo da inten\u00e7\u00e3o inicial de controle, o or\u00e7amento p\u00fablico tem evolu\u00eddo e vem incorporando novas instrumentalidades.<br \/><strong>Alternativa:<\/strong> C &#8211; or\u00e7amento-programa vincula objetivos, metas e indicadores r\u00e7aento-program\u0430 \u00e0 aloca\u00e7\u00e3o dos recursos, expressando simultaneamente a dimens\u00e3o pol\u00edtico-jur\u00eddica do or\u00e7amento e sua dimens\u00e3o econ\u00f4mico-administrativa.<\/p>\n\n\n\n<p><strong>Quest\u00e3o 49<\/strong> &#8211; As leis or\u00e7ament\u00e1rias favorecem a transpar\u00eancia&#8230;<br \/><strong>Alternativa:<\/strong> B &#8211; texto constitucional determina que oo or\u00e7amento da seguridade social integre a LOA e seja elaborado de forma articulada com a LDO, a qual deve estabelecer diretrizes especificas para as as prioridades e metas fiscais e sociais, incluindo sa\u00fade, previd\u00eancia e assist\u00eancia social.<\/p>\n\n\n\n<p><strong>Quest\u00e3o 50<\/strong> &#8211; A estrutura program\u00e1tica do or\u00e7amento p\u00fablico organiza as despesas em programas, a\u00e7\u00f5es (projetos, atividades, opera\u00e7\u00f5es especiais) e subt\u00edtulos, identificando o que ser\u00e1 feito (pol\u00edticas p\u00fablicas) e os resultados esperados (bens\/servi\u00e7os), conectando \u043e planejamento \u00e0 execu\u00e7\u00e3o or\u00e7ament\u00e1ria, com o objetivo de demonstrar a efetividade dos gastos e permitir o controle e a transpar\u00eancia.<br \/><strong>Alternativa:<\/strong> A &#8211; Na estrutura program\u00e1tica, os programas constituem o n\u00edvel mais elevado de agrega\u00e7\u00e3o e orientam o planejamento governamental, ao passo que a\u00e7\u00f5es e subt\u00edtulos representam n\u00edveis de desdobramento, permitindo a identifica\u00e7\u00e3o territorial e operacional do gasto p\u00fablico.<\/p>\n\n\n\n<h3 class=\"wp-block-heading has-text-align-center has-cyan-bluish-gray-background-color has-background\" id=\"h-nocoes-de-economia-e-nocoes-de-financas-publicas\" style=\"font-size:clamp(16.293px, 1.018rem + ((1vw - 3.2px) * 0.854), 25px);\"><strong><em>No\u00e7\u00f5es de Economia e No\u00e7\u00f5es de Finan\u00e7as P\u00fablicas<\/em><\/strong><\/h3>\n\n\n\n<p><br \/><strong>Quest\u00e3o 51<\/strong> &#8211; No pa\u00eds X, o imposto sobre a renda \u00e9 cobrado apenas dos indiv\u00edduos que recebem sal\u00e1rios mensais acima de $ 4.000. A partir de janeiro de 2026, uma nova lei mudou a regra, de modo que indiv\u00edduos cujos sal\u00e1rios sejam de at\u00e9 $ 7.000 mensais estar\u00e3o isentos do imposto sobre a renda.<br \/><strong>Alternativa:<\/strong> C &#8211; fiscal expansionista.<\/p>\n\n\n\n<p><strong>Quest\u00e3o 52<\/strong> &#8211; Um dos maiores avan\u00e7os nas finan\u00e7as p\u00fablicas brasileiras veio com a Lei Complementar n.\u00b0 101\/2000, a Lei de Responsabilidade Fiscal (LRF). Assinale a op\u00e7\u00e3o em que \u00e9 indicada uma das mudan\u00e7as introduzidas pela LRF para as finan\u00e7as p\u00fablicas.<br \/><strong>Alternativa:<\/strong> E &#8211; limita\u00e7\u00e3o dos gastos da Uni\u00e3o com pessoal a at\u00e9 50% da receita corrente l\u00edquida.<\/p>\n\n\n\n<p><strong>Quest\u00e3o 53<\/strong> &#8211; Importante plano para possibilitar o crescimento econ\u00f4mico havido nos anos seguintes \u00e0 sua formula\u00e7\u00e3o<br \/><strong>Alternativa<\/strong>: poss\u00edvel anula\u00e7\u00e3o (apenas I correta)<\/p>\n\n\n\n<p><strong>Quest\u00e3o 54<\/strong> &#8211; A compet\u00eancia de cobran\u00e7a dos diversos impostos no Brasil \u00e9 dividida entre Uni\u00e3o, estados e munic\u00edpios, acumulando o Distrito Federal as compet\u00eancias de estados e munic\u00edpios, devido \u00e0 sua natureza sui generis. Assinale a op\u00e7\u00e3o em que s\u00e3o apresentados, respectivamente, um imposto de compet\u00eancia da Uni\u00e3o, um imposto de compet\u00eancia estadual e um imposto de compet\u00eancia municipal.<br \/><strong>Alternativa:<\/strong> E &#8211; imposto sobre renda e proventos de qualquer natureza (IRPF), imposto sobre circula\u00e7\u00e3o de mercadorias e servi\u00e7os (ICMS), imposto sobre propriedade predial e territorial urbana (IPTU)<\/p>\n\n\n\n<p><strong>Quest\u00e3o 55<\/strong> &#8211; O balan\u00e7o de pagamentos \u00e9 o resumo de todas as transa\u00e7\u00f5es comerciais e financeiras ocorridas entre o Brasil e o resto do mundo no decorrer de um ano. Jo\u00e3o, cidad\u00e3o brasileiro residente no Brasil, comprou um livro fisico em uma livraria europeia, pagando pelo frete (que foi contratado com uma transportadora europeia, inclu\u00edda uma taxa de entrega r\u00e1pida), usando seu cart\u00e3o de cr\u00e9dito emitido no Brasil. Dessa transa\u00e7\u00e3o, constar\u00e1 na balan\u00e7a comercial do Brasil<br \/><strong>Alternativa:<\/strong> C &#8211; o valor correspondente ao pre\u00e7o do livro.<\/p>\n\n\n\n<p><strong>Quest\u00e3o 56<\/strong> &#8211; O texto CGIA11-I mostra a import\u00e2ncia e a rela\u00e7\u00e3o entre tributa\u00e7\u00e3o e finan\u00e7as p\u00fablicas. Em rela\u00e7\u00e3o a esse assunto, \u00e9 correto afirmar que, em termos conceituais, o campo das finan\u00e7as<br \/><strong>Alternativa:<\/strong> D &#8211; a atividade financeira do Estado e demais entes do setor p\u00fablico, abrangendo a forma como arrecadam, gerem e aplicam recursos, visando atender necessidades coletivas, promover bem-estar social e garantir sustentabilidade fiscal.<\/p>\n\n\n\n<p><strong>Quest\u00e3o 57<\/strong> &#8211; Considerando as informa\u00e7\u00f5es do texto CGIA11-I, assinale a op\u00e7\u00e3o em que \u00e9 apresentada formula\u00e7\u00e3o sint\u00e9tica e tecnicamente adequada das metas fundamentais das finan\u00e7as p\u00fablicas de um Estado, segundo a concep\u00e7\u00e3o contempor\u00e2nea.<br \/><strong>Alternativa:<\/strong> D &#8211; compatibilizar a solv\u00eancia intertemporal do setor p\u00fablico com a provis\u00e3o eficiente de bens e servi\u00e7os p\u00fablicos, a promo\u00e7\u00e3o de maior equidade distributiva e a estabilidade macroecon\u00f4mica.<\/p>\n\n\n\n<p><strong>Quest\u00e3o 58<\/strong> &#8211; As informa\u00e7\u00f5es apresentadas no texto CG1A11-I relacionam-se&#8230;<br \/><strong>Alternativa:<\/strong> D &#8211; a diferen\u00e7a entre receitas e despesas n\u00e3o financeiras, exclu\u00eddos juros nominais, sendo indicador do esfor\u00e7o fiscal corrente; e um conceito que incorpora os juros nominais da d\u00edvida e outros ajustes financeiros.<\/p>\n\n\n\n<p><strong>Quest\u00e3o 59<\/strong> &#8211; A partir do texto CG1A11-II, assinale a op\u00e7\u00e3o correta acerca dos crit\u00e9rios de classifica\u00e7\u00e3o das esp\u00e9cies de tributos \u00e0<br \/><strong>Alternativa:<\/strong> B &#8211; A natureza juridica espec\u00edfica do tributo \u00e9 determinada pelo fato gerador, sendo irrelevantes a denomina\u00e7\u00e3o e a destina\u00e7\u00e3o do produto arrecadado; os tributos s\u00e3o classificados em impostos, taxas e contribui\u00e7\u00f5es de melhoria, e a Constitui\u00e7\u00e3o Federal de 1988 (CF) ampliou o rol de esp\u00e9cies tribut\u00e1rias ao incluir, entre elas, contribui\u00e7\u00f5es especiais e empr\u00e9stimos compuls\u00f3rios.<\/p>\n\n\n\n<p><strong>Quest\u00e3o 60<\/strong> &#8211; Considerando as informa\u00e7\u00f5es do texto CG1A11-II como refer\u00eancia inicial, assinale a op\u00e7\u00e3o correta no que diz respeito a tributa\u00e7\u00e3o progressiva, regressividade e capacidade contributiva no sistema brasileiro.<br \/><strong>Alternativa:<\/strong> D &#8211; Na CF, as previs\u00f5es de progressividade para o IR, IPTU e ITR amparam-se no princ\u00edpio do respeito \u00e0 capacidade contributiva.<\/p>\n\n\n\n<h3 class=\"wp-block-heading has-text-align-center has-cyan-bluish-gray-background-color has-background\" id=\"h-nocoes-de-tecnologia-da-informacao\" style=\"font-size:clamp(16.293px, 1.018rem + ((1vw - 3.2px) * 0.854), 25px);\"><strong><em>No\u00e7\u00f5es de Tecnologia da Informa\u00e7\u00e3o<\/em><\/strong><\/h3>\n\n\n\n<p><strong>Quest\u00e3o 61<\/strong> &#8211; Considerando os desafios mencionados no texto CG1A12-1, assinale a op\u00e7\u00e3o que apresenta o objetivo da etapa de jun\u00e7\u00e3o do ETL em business intelligence.<br \/><strong>Alternativa:<\/strong> D &#8211; a vincula\u00e7\u00e3o de dados semelhantes de diferentes fontes de dados<\/p>\n\n\n\n<p><strong>Quest\u00e3o 62<\/strong> &#8211; Considerando o contexto mencionado no texto CGIA12-1e os significados de dado, informa\u00e7\u00e3o e conhecimento, al\u00e9m de termos correlatos, e suas diferen\u00e7as, assinale a op\u00e7\u00e3o que apresenta corretamente o conceito relacionado \u00e0 aplica\u00e7\u00e3o para a resolu\u00e7\u00e3o de problemas.<br \/><strong>Alternativa:<\/strong> C &#8211; conhecimento. <\/p>\n\n\n\n<p><strong>Quest\u00e3o 63<\/strong> &#8211; No contexto apresentado pelo texto CG1A12-1, uma ferramenta importante \u00e9 o analytics. Em analytics, a an\u00e1lise preditiva \u00e9 respons\u00e1vel por<br \/><strong>Alternativa<\/strong>: B* &#8211; prever o que provavelmente acontecer\u00e1 e analisar as potenciais implica\u00e7\u00f5es de diferentes desdobramentos. (cabe recurso)<\/p>\n\n\n\n<p><strong>Quest\u00e3o 64<\/strong> &#8211; Conforme previs\u00e3o expressa da Lei n.\u00b0 12.527\/2011 (Lei de Acesso \u00e0 Informa\u00e7\u00e3o), um dos objetivos do N\u00facleo de Seguran\u00e7a e Credenciamento (NSC), no \u00e2mbito do Gabinete&#8230;<br \/><strong>Alternativa:<\/strong> C &#8211; garantir a seguran\u00e7a de informa\u00e7\u00f5es sigilosas.<\/p>\n\n\n\n<p><strong>Quest\u00e3o 65<\/strong> &#8211; Considere que determinado usu\u00e1rio do Microsoft Excel saiba que, por meio da fixa\u00e7\u00e3o de c\u00e9lulas, \u00e9 poss\u00edvel fazer refer\u00eancias absolutas em c\u00e9lulas. Nessa situa\u00e7\u00e3o, para fixar a coluna da c\u00e9lula A1 em f\u00f3rmulas que a referenciam, o referido usu\u00e1rio poder\u00e1 utilizar o comando<br \/><strong>Alternativa:<\/strong> B &#8211; $A1<\/p>\n\n\n\n<p><strong>Quest\u00e3o 66<\/strong> &#8211; Data warehouses s\u00e3o focados em dados estruturadose alguns tipos de dados n\u00e3o estruturados, que precisam ser pr\u00e9-processados antes de ser disponibilizados aos usu\u00e1rios finais. No contexto atual, em que se pode dizer que h\u00e1 um oceano de informa\u00e7\u00f5es, o processamento de dados \u00e9 essencial, para os mais diversos fins.<br \/><strong>Alternativa:<\/strong> C &#8211; intermedi\u00e1ria.<\/p>\n\n\n\n<p><strong>Quest\u00e3o 67<\/strong> &#8211; .Caso um usu\u00e1rio deseje acionar a inst\u00e2ncia de intelig\u00eancia artificial do Windows 11, ele pode faz\u00ea-lo por meio do assistente conhecido como<br \/><strong>Alternativa:<\/strong> D &#8211; Copilot.<\/p>\n\n\n\n<p><strong>Quest\u00e3o 68<\/strong> &#8211; Segundo a Lei n.\u00ba 13.709\/2018 (Lei Geral de Prote\u00e7\u00e3o de Dados Pessoais), mencionada no texto CG1A12-II, o respons\u00e1vel pelas decis\u00f5es referentes ao tratamento de dados pessoais \u00e9<br \/><strong>Alternativa:<\/strong> E- o controlador.<\/p>\n\n\n\n<p><strong>Quest\u00e3o 69<\/strong> &#8211; No contexto mencionado no texto CG1A12-II, \u00e9 imprescind\u00edvel garantir a prote\u00e7\u00e3o dos dados contra acessos n\u00e3o autorizados. Assinale a op\u00e7\u00e3o que indica o processo de seguran\u00e7a da informa\u00e7\u00e3o cujo objetivo \u00e9 a referida garantia.<br \/><strong>Alternativa:<\/strong> B &#8211; confidencialidade.<\/p>\n\n\n\n<p><strong>Quest\u00e3o 70<\/strong> &#8211; Na arquitetura IaaS (infraestrutura como servi\u00e7o) da computa\u00e7\u00e3o em nuvem, os recursos gerenciados pelo provedor s\u00e3o<br \/><strong>Alternativa:<\/strong> C &#8211; servidor e armazenamento.<\/p>\n\n\n\n<h3 class=\"wp-block-heading has-text-align-center has-cyan-bluish-gray-background-color has-background\" id=\"h-nocoes-de-contabilidade-aplicada-ao-setor-publico-casp\" style=\"font-size:clamp(16.293px, 1.018rem + ((1vw - 3.2px) * 0.854), 25px);\"><strong><em>No\u00e7\u00f5es de Contabilidade Aplicada ao Setor P\u00fablico (CASP)<\/em><\/strong><\/h3>\n\n\n\n<p><strong>Quest\u00e3o 71<\/strong> &#8211; A contabilidade aplicada ao setor p\u00fablico \u00e9 o ramo da ci\u00eancia cont\u00e1bil que aplica, no processo gerador de informa\u00e7\u00f5es, os princ\u00edpios fundamentais de contabilidade e as normas cont\u00e1beis direcionados ao controle patrimonial de entidades do setor p\u00fablico.<br \/><strong>Alternativa:<\/strong> D &#8211; patrim\u00f4nio p\u00fablico.<\/p>\n\n\n\n<p><strong>Quest\u00e3o 72<\/strong> &#8211; Tendo em vista o pressuposto estabelecido no texto 3A1-1, que reproduz trecho do MCASP, \u00e9 correto afirmar que a varia\u00e7\u00e3o patrimonial diminutiva (VPD) \u00e9 realizada quando&#8230;<br \/><strong>Alternativa:<\/strong> A &#8211; deixar de existir o correspondente valor de um ativo, por transfer\u00eancia de sua propriedade para terceiro.<\/p>\n\n\n\n<p><strong>Quest\u00e3o 73<\/strong> &#8211; Ainda tendo como refer\u00eancia inicial o texto 3A1-I, julgue os itens que se seguem, relativos \u00e0s varia\u00e7\u00f5es patrimoniais.<br \/><strong>Alternativa<\/strong>: B &#8211; Apenas o item II est\u00e1 certo.<\/p>\n\n\n\n<p><strong>Quest\u00e3o 74<\/strong> &#8211; Um sistema de informa\u00e7\u00e3o foi desenvolvido por determinado ente p\u00fablico, tendo o seu valor sido registrado na contabilidade desse ente ap\u00f3s cumpridos todos os requisitos normativos para tal. Pelas caracter\u00edsticas do bem, n\u00e3o foi poss\u00edvel estimar o seu prazo de vida \u00fatil, ainda que, seguramente, ele n\u00e3o ser\u00e1 utilizado para sempre.<br \/><strong>Alternativa:<\/strong> C &#8211; de avalia\u00e7\u00e3o de valor recuper\u00e1vel, apenas.<\/p>\n\n\n\n<p><strong>Quest\u00e3o 75<\/strong> &#8211; Nessa situa\u00e7\u00e3o hipot\u00e9tica, sabendo-se que o equipamento foi adquirido por R$ 120 mil, seu valor cont\u00e1bil l\u00edquido, passados 24 meses de sua aquisi\u00e7\u00e3o, descartado qualquer ajuste a valor realiz\u00e1vel, seria de<br \/><strong>Alternativa:<\/strong> D &#8211; R$ 78 mil.<\/p>\n\n\n\n<p><strong>Quest\u00e3o 76<\/strong> &#8211; Nessa situa\u00e7\u00e3o hipot\u00e9tica, \u00e9 correto que F\u00e1bio informe que as provis\u00f5es, diferentemente dos demais passivos&#8230;<br \/><strong>Alternativa:<\/strong> D &#8211; apresentam incerteza quanto ao prazo ou valor.<\/p>\n\n\n\n<p><strong>Quest\u00e3o 77<\/strong> &#8211; .Em seu art. 50, a Lei Complementar n.\u00b0 101\/2000, conhecida como Lei de Responsabilidade Fiscal (LRF). determina: \u201c\u00a7 3.\u00b0 A Administra\u00e7\u00e3o P\u00fablica manter\u00e1 sistema de custos que permita a avalia\u00e7\u00e3o e o acompanhamento da gest\u00e3o or\u00e7ament\u00e1ria, financeira e patrimonial.&#8221;.<br \/><strong>Alternativa:<\/strong> E &#8211; na lei de diretrizes or\u00e7ament\u00e1rias.<\/p>\n\n\n\n<p><strong>Quest\u00e3o 78<\/strong> &#8211; A qualidade da informa\u00e7\u00e3o cont\u00e1bil tem sido discutida com muita intensidade quanto \u00e0 utilidade informacional nos processos de tomada de decis\u00e3o e de controle no \u00e2mbito das organiza\u00e7\u00f5es administrativas. Essas discuss\u00f5es revelam \u0430 import\u00e2ncia da contabilidade como mecanismo construtor de informa\u00e7\u00e3o organizacional.<br \/><strong>Alternativa:<\/strong> D &#8211; relev\u00e2ncia.<\/p>\n\n\n\n<p><strong>Quest\u00e3o 79<\/strong> &#8211; Uma entidade que previu gastar R$10.000 em um insumo, mas gastou R$12.000, precisa investigar: o pre\u00e7o aumentou? Houve desperd\u00edcio? Com as respostas, a\u00e7\u00f5es corretivas tornam-se poss\u00edveis.<br \/><strong>Alternativa:<\/strong> B &#8211; vari\u00e1vel.<\/p>\n\n\n\n<p><strong>Quest\u00e3o 80<\/strong> &#8211; Ap\u00f3s recebimento e confer\u00eancia de 300 computadores destinados a uma escola do munic\u00edpio X, o respons\u00e1vel pelo setor de almoxarifado da prefeitura confrontou a nota fiscal da empresa com a nota de empenho previamente emitida, tendo verificado que a quantidade, a qualidade e o valor entregues estavam em total conformidade com a ordem de compra. O respons\u00e1vel pelo setor de almoxarifado, ent\u00e3o, atestou, no verso da nota fiscal, que os computadores haviam sido entregues.<br \/><strong>Alternativa:<\/strong> D &#8211; liquida\u00e7\u00e3o<\/p>\n\n\n\n<h2 class=\"wp-block-heading has-text-align-center has-very-light-gray-to-cyan-bluish-gray-gradient-background has-background\" id=\"h-prova-objetiva-p2-tarde\" style=\"font-size:clamp(18.959px, 1.185rem + ((1vw - 3.2px) * 1.082), 30px);\">Prova Objetiva (P2) &#8211; Tarde<\/h2>\n\n\n\n<p><em>Suspensas pela banca Cebraspe<\/em><\/p>\n\n\n\n<figure class=\"wp-block-image aligncenter\"><img decoding=\"async\" src=\"https:\/\/chat.google.com\/u\/0\/api\/get_attachment_url?url_type=FIFE_URL&amp;content_type=image%2Fpng&amp;attachment_token=AOo0EEUd1o1xqOAjgxcEfkcsLmFdfErr3FKakEbewPj1Vvvkk9UDH1gXFc7j27uuvbf7nA2Tkvqs9chpYkIlPanGcBdlUwp%2BMVtef8lL1YTp2WuYuf4heO8RcXhc8%2FmvXIPrcm98AOEPU54iUb9%2BCVCQzQXIUYNzLE1UZux4JyXdBIE1FncWqII%2FHTFD28ZxEMLm3aueSdP0%2Bho%2BNXagEp22fvwmGUS%2Bxj1bcZwCPfCXoMHdpZSU7TxWDtSxw4%2FsA530x21FFtIu0QTGTj7Kg4yOoDl1YHaPaSzVqGDZDTSsL234ba%2BYZbROKFl6iGnu23ABASV5ZV9oD0MJa2QA3szL94hVHmrFrrRolTx%2FNmlspS1Riq7Hde4h8b4gVdnKsM%2BFQVpR2Hej2ylZCj2%2Br0C16va8bYdrtuXpP%2BgsJGKaBYi39He9XfMFORqLbtwhf2o2alMrWLMdT9F%2FhV7EcKAEfa3thAKnnl9ZnqoDKdO38%2BCInXzQCUC56mHGnJryBIYjbzv%2B8glyYnD4GYIIW0hi72pxk6Gh0G8uJlkUAaW1wSXLoP93GDnyR4fQ7h%2BRx48fn8ZJJDNqEvTylxzKtyhd%2BVVFyR5UHIcLTwyu9tabKTTJBWGm8iQ%3D&amp;allow_caching=true&amp;sz=w512\" alt=\"image.png\"\/><\/figure>\n\n\n\n<p class=\"has-text-align-center\"><em>Para ficar por dentro de todas as informa\u00e7\u00f5es sobre o concurso <a href=\"https:\/\/www.cebraspe.org.br\/concursos\/sefa_pr_25\" target=\"_blank\" rel=\"noreferrer noopener\">Sefaz PR,<\/a> al\u00e9m do Gabarito Extraoficial n\u00e3o deixe de conferir nosso artigo completo sobre a sele\u00e7\u00e3o:<\/em><\/p>\n\n\n\n<p class=\"has-text-align-center has-background has-medium-font-size\" style=\"background-color:#d8dee3\"><strong><a href=\"https:\/\/www.estrategiaconcursos.com.br\/blog\/concurso-sefaz-pr\/\" target=\"_blank\" rel=\"noreferrer noopener\">Concurso Sefaz PR<\/a><\/strong><\/p>\n\n\n\n<hr class=\"wp-block-separator has-alpha-channel-opacity\"\/>\n\n\n\n<h2 class=\"wp-block-heading has-text-align-center\" id=\"cursos-assinatura\"><em>Quer estudar para o concurso Sefaz PR 2026?<\/em><\/h2>\n\n\n\n<div class=\"container\" id=\"boxes\">\n  <div class=\"row\">\n\n    <div class=\"col-sm\">\n      <div class=\"estrategia\" id=\"box-assinatura\">\n        <h3 class=\"titulo-assinatura\">Assinatura Concursos<\/h3>\n        <p class=\"subtitulo-assinatura\">Assinatura de 1 ano ou 2 anos<\/p>\n        <div class=\"box-botao\">\n          <a class=\"btn-assinatura\" target=\"_blank\" href=\"https:\/\/www.estrategiaconcursos.com.br\/assinaturas\/\" role=\"button\" rel=\"noopener noreferrer\">ASSINE AGORA<\/a>\n        <\/div>\n      <\/div><\/div><\/div><\/div>\n\n\n\n<h2 class=\"wp-block-heading has-text-align-center\" id=\"h-quer-saber-tudo-sobre-concursos-previstos-confira-nossos-artigos\">Quer saber tudo sobre concursos previstos?<br \/>Confira nossos artigos!<\/h2>\n\n\n\n<ul class=\"wp-block-list\">\n<li><a href=\"https:\/\/www.estrategiaconcursos.com.br\/blog\/concursos-abertos\/\" target=\"_blank\" rel=\"noreferrer noopener\">Concursos Abertos<\/a><\/li>\n\n\n\n<li><a href=\"https:\/\/www.estrategiaconcursos.com.br\/blog\/concursos-fiscais\/\" target=\"_blank\" rel=\"noreferrer noopener\">Concursos Fiscais<\/a><\/li>\n\n\n\n<li><a href=\"https:\/\/www.estrategiaconcursos.com.br\/blog\/concursos-2026\/\" target=\"_blank\" rel=\"noreferrer noopener\">Concursos 2026<\/a><\/li>\n\n\n\n<li><a href=\"https:\/\/www.estrategiaconcursos.com.br\/blog\/concursos-pr\/\" target=\"_blank\" rel=\"noreferrer noopener\">Concursos PR<\/a><\/li>\n<\/ul>\n","protected":false},"excerpt":{"rendered":"<p>Neste domingo, 25 de janeiro, foram aplicadas as provas objetivas (P1) do concurso Sefaz PR (Secretaria de Estado da Fazenda do Paran\u00e1 e, por isso, o Estrat\u00e9gia est\u00e1 realizando o Gabarito Extraoficial. As avalia\u00e7\u00f5es aconteceu em apenas um turno, sendo das 8h30 \u00e0s 13h00, no turno da manh\u00e3. O turno da tarde, que estavam previstas [&hellip;]<\/p>\n","protected":false},"author":2692,"featured_media":1704431,"comment_status":"open","ping_status":"closed","sticky":false,"template":"","format":"standard","meta":{"post_tipo":"news","footnotes":""},"categories":[1983,220219],"tags":[],"tax_estado":[219981],"class_list":["post-1701871","post","type-post","status-publish","format-standard","has-post-thumbnail","hentry","category-fiscal-estadual","category-noticias","tax_estado-pr"],"acf":[],"yoast_head":"<!-- This site is optimized with the Yoast SEO Premium plugin v27.2 (Yoast SEO v27.2) - https:\/\/yoast.com\/product\/yoast-seo-premium-wordpress\/ -->\n<title>Gabarito Extraoficial Sefaz PR - Analista Fazend\u00e1rio<\/title>\n<meta name=\"description\" content=\"O concurso Sefaz PR ter\u00e1 suas provas aplicadas e o Estrat\u00e9gia far\u00e1 o Gabarito Extraoficial. Confira antes dos outros candidatos as respostas!\" \/>\n<meta name=\"robots\" content=\"index, follow, max-snippet:-1, max-image-preview:large, max-video-preview:-1\" \/>\n<link rel=\"canonical\" href=\"https:\/\/www.estrategiaconcursos.com.br\/blog\/concurso-sefaz-pr-gabarito-extraoficial\/\" \/>\n<meta property=\"og:locale\" content=\"pt_BR\" \/>\n<meta property=\"og:type\" content=\"article\" \/>\n<meta property=\"og:title\" content=\"Gabarito Extraoficial Sefaz PR - Analista Fazend\u00e1rio\" \/>\n<meta property=\"og:description\" content=\"O concurso Sefaz PR ter\u00e1 suas provas aplicadas e o Estrat\u00e9gia far\u00e1 o Gabarito Extraoficial. Confira antes dos outros candidatos as respostas!\" \/>\n<meta property=\"og:url\" content=\"https:\/\/www.estrategiaconcursos.com.br\/blog\/concurso-sefaz-pr-gabarito-extraoficial\/\" \/>\n<meta property=\"og:site_name\" content=\"Estrat\u00e9gia Concursos\" \/>\n<meta property=\"article:published_time\" content=\"2026-01-25T15:00:00+00:00\" \/>\n<meta property=\"article:modified_time\" content=\"2026-02-04T16:27:24+00:00\" \/>\n<meta property=\"og:image\" content=\"https:\/\/dhg1h5j42swfq.cloudfront.net\/2026\/01\/23173130\/sefaz-pr.jpg\" \/>\n\t<meta property=\"og:image:width\" content=\"910\" \/>\n\t<meta property=\"og:image:height\" content=\"349\" \/>\n\t<meta property=\"og:image:type\" content=\"image\/jpeg\" \/>\n<meta name=\"author\" content=\"Ronaldo Scanavini Neto\" \/>\n<meta name=\"twitter:card\" content=\"summary_large_image\" \/>\n<meta name=\"twitter:creator\" content=\"@EstratConcursos\" \/>\n<meta name=\"twitter:site\" content=\"@EstratConcursos\" \/>\n<meta name=\"twitter:label1\" content=\"Escrito por\" \/>\n\t<meta name=\"twitter:data1\" content=\"Ronaldo Scanavini Neto\" \/>\n\t<meta name=\"twitter:label2\" content=\"Est. tempo de leitura\" \/>\n\t<meta name=\"twitter:data2\" content=\"26 minutos\" \/>\n<script type=\"application\/ld+json\" class=\"yoast-schema-graph\">{\"@context\":\"https:\/\/schema.org\",\"@graph\":[{\"@type\":\"NewsArticle\",\"@id\":\"https:\/\/www.estrategiaconcursos.com.br\/blog\/concurso-sefaz-pr-gabarito-extraoficial\/#article\",\"isPartOf\":{\"@id\":\"https:\/\/www.estrategiaconcursos.com.br\/blog\/concurso-sefaz-pr-gabarito-extraoficial\/\"},\"author\":{\"name\":\"Ronaldo Scanavini Neto\",\"@id\":\"https:\/\/www.estrategiaconcursos.com.br\/blog\/#\/schema\/person\/70c2ad4297aa24ff8815b08215b23a76\"},\"headline\":\"Gabarito Extraoficial Sefaz PR &#8211; Analista Fazend\u00e1rio\",\"datePublished\":\"2026-01-25T15:00:00+00:00\",\"dateModified\":\"2026-02-04T16:27:24+00:00\",\"mainEntityOfPage\":{\"@id\":\"https:\/\/www.estrategiaconcursos.com.br\/blog\/concurso-sefaz-pr-gabarito-extraoficial\/\"},\"wordCount\":5281,\"commentCount\":0,\"publisher\":{\"@id\":\"https:\/\/www.estrategiaconcursos.com.br\/blog\/#organization\"},\"image\":{\"@id\":\"https:\/\/www.estrategiaconcursos.com.br\/blog\/concurso-sefaz-pr-gabarito-extraoficial\/#primaryimage\"},\"thumbnailUrl\":\"https:\/\/dhg1h5j42swfq.cloudfront.net\/2026\/01\/23173130\/sefaz-pr.jpg\",\"articleSection\":[\"Fiscal - Estadual (ICMS)\",\"\u00daltimas not\u00edcias\"],\"inLanguage\":\"pt-BR\",\"potentialAction\":[{\"@type\":\"CommentAction\",\"name\":\"Comment\",\"target\":[\"https:\/\/www.estrategiaconcursos.com.br\/blog\/concurso-sefaz-pr-gabarito-extraoficial\/#respond\"]}],\"copyrightYear\":\"2026\",\"copyrightHolder\":{\"@id\":\"https:\/\/www.estrategiaconcursos.com.br\/blog\/#organization\"}},{\"@type\":\"WebPage\",\"@id\":\"https:\/\/www.estrategiaconcursos.com.br\/blog\/concurso-sefaz-pr-gabarito-extraoficial\/\",\"url\":\"https:\/\/www.estrategiaconcursos.com.br\/blog\/concurso-sefaz-pr-gabarito-extraoficial\/\",\"name\":\"Gabarito Extraoficial Sefaz PR - Analista Fazend\u00e1rio\",\"isPartOf\":{\"@id\":\"https:\/\/www.estrategiaconcursos.com.br\/blog\/#website\"},\"primaryImageOfPage\":{\"@id\":\"https:\/\/www.estrategiaconcursos.com.br\/blog\/concurso-sefaz-pr-gabarito-extraoficial\/#primaryimage\"},\"image\":{\"@id\":\"https:\/\/www.estrategiaconcursos.com.br\/blog\/concurso-sefaz-pr-gabarito-extraoficial\/#primaryimage\"},\"thumbnailUrl\":\"https:\/\/dhg1h5j42swfq.cloudfront.net\/2026\/01\/23173130\/sefaz-pr.jpg\",\"datePublished\":\"2026-01-25T15:00:00+00:00\",\"dateModified\":\"2026-02-04T16:27:24+00:00\",\"description\":\"O concurso Sefaz PR ter\u00e1 suas provas aplicadas e o Estrat\u00e9gia far\u00e1 o Gabarito Extraoficial. Confira antes dos outros candidatos as respostas!\",\"breadcrumb\":{\"@id\":\"https:\/\/www.estrategiaconcursos.com.br\/blog\/concurso-sefaz-pr-gabarito-extraoficial\/#breadcrumb\"},\"inLanguage\":\"pt-BR\",\"potentialAction\":[{\"@type\":\"ReadAction\",\"target\":[\"https:\/\/www.estrategiaconcursos.com.br\/blog\/concurso-sefaz-pr-gabarito-extraoficial\/\"]}]},{\"@type\":\"ImageObject\",\"inLanguage\":\"pt-BR\",\"@id\":\"https:\/\/www.estrategiaconcursos.com.br\/blog\/concurso-sefaz-pr-gabarito-extraoficial\/#primaryimage\",\"url\":\"https:\/\/dhg1h5j42swfq.cloudfront.net\/2026\/01\/23173130\/sefaz-pr.jpg\",\"contentUrl\":\"https:\/\/dhg1h5j42swfq.cloudfront.net\/2026\/01\/23173130\/sefaz-pr.jpg\",\"width\":910,\"height\":349},{\"@type\":\"BreadcrumbList\",\"@id\":\"https:\/\/www.estrategiaconcursos.com.br\/blog\/concurso-sefaz-pr-gabarito-extraoficial\/#breadcrumb\",\"itemListElement\":[{\"@type\":\"ListItem\",\"position\":1,\"name\":\"In\u00edcio\",\"item\":\"https:\/\/www.estrategiaconcursos.com.br\/blog\/\"},{\"@type\":\"ListItem\",\"position\":2,\"name\":\"Gabarito Extraoficial Sefaz PR &#8211; Analista Fazend\u00e1rio\"}]},{\"@type\":\"WebSite\",\"@id\":\"https:\/\/www.estrategiaconcursos.com.br\/blog\/#website\",\"url\":\"https:\/\/www.estrategiaconcursos.com.br\/blog\/\",\"name\":\"Estrat\u00e9gia Concursos\",\"description\":\"O blog da Estrat\u00e9gia Concursos traz not\u00edcias sobre concursos e artigos de professores oferecendo cursos para concursos (pdf + videaulas) no site.\",\"publisher\":{\"@id\":\"https:\/\/www.estrategiaconcursos.com.br\/blog\/#organization\"},\"potentialAction\":[{\"@type\":\"SearchAction\",\"target\":{\"@type\":\"EntryPoint\",\"urlTemplate\":\"https:\/\/www.estrategiaconcursos.com.br\/blog\/?s={search_term_string}\"},\"query-input\":{\"@type\":\"PropertyValueSpecification\",\"valueRequired\":true,\"valueName\":\"search_term_string\"}}],\"inLanguage\":\"pt-BR\"},{\"@type\":\"Organization\",\"@id\":\"https:\/\/www.estrategiaconcursos.com.br\/blog\/#organization\",\"name\":\"Estrat\u00e9gia Concursos\",\"url\":\"https:\/\/www.estrategiaconcursos.com.br\/blog\/\",\"logo\":{\"@type\":\"ImageObject\",\"inLanguage\":\"pt-BR\",\"@id\":\"https:\/\/www.estrategiaconcursos.com.br\/blog\/#\/schema\/logo\/image\/\",\"url\":\"https:\/\/dhg1h5j42swfq.cloudfront.net\/2025\/06\/03203428\/logo_concursos-1.jpg\",\"contentUrl\":\"https:\/\/dhg1h5j42swfq.cloudfront.net\/2025\/06\/03203428\/logo_concursos-1.jpg\",\"width\":230,\"height\":60,\"caption\":\"Estrat\u00e9gia Concursos\"},\"image\":{\"@id\":\"https:\/\/www.estrategiaconcursos.com.br\/blog\/#\/schema\/logo\/image\/\"},\"sameAs\":[\"https:\/\/x.com\/EstratConcursos\"]},{\"@type\":\"Person\",\"@id\":\"https:\/\/www.estrategiaconcursos.com.br\/blog\/#\/schema\/person\/70c2ad4297aa24ff8815b08215b23a76\",\"name\":\"Ronaldo Scanavini Neto\",\"image\":{\"@type\":\"ImageObject\",\"inLanguage\":\"pt-BR\",\"@id\":\"https:\/\/secure.gravatar.com\/avatar\/f93d8e56fe264596e94aee6b3feb737d98ad0fc5bac7eb0a245f04723c5c8f21?s=96&d=mm&r=g\",\"url\":\"https:\/\/secure.gravatar.com\/avatar\/f93d8e56fe264596e94aee6b3feb737d98ad0fc5bac7eb0a245f04723c5c8f21?s=96&d=mm&r=g\",\"contentUrl\":\"https:\/\/secure.gravatar.com\/avatar\/f93d8e56fe264596e94aee6b3feb737d98ad0fc5bac7eb0a245f04723c5c8f21?s=96&d=mm&r=g\",\"caption\":\"Ronaldo Scanavini Neto\"},\"description\":\"Graduando em Comunica\u00e7\u00e3o Social \u2013 Jornalismo pela Universidade Federal de Vi\u00e7osa (UFV). Integra a equipe de jornalismo do Estrat\u00e9gia Concursos desde 2023, atuando com \u00eanfase na cobertura da \u00e1rea fiscal. Tamb\u00e9m realiza a apura\u00e7\u00e3o e produ\u00e7\u00e3o de not\u00edcias sobre concursos federais, \u00f3rg\u00e3os participantes do CNU e das \u00e1reas de controle, gest\u00e3o, engenharia, Exame CFC, comunica\u00e7\u00e3o social TI e \u00e1rea de concursos administrativos.\",\"url\":\"https:\/\/www.estrategiaconcursos.com.br\/blog\/author\/ronaldo-netoestrategia-com\/\"}]}<\/script>\n<!-- \/ Yoast SEO Premium plugin. -->","yoast_head_json":{"title":"Gabarito Extraoficial Sefaz PR - Analista Fazend\u00e1rio","description":"O concurso Sefaz PR ter\u00e1 suas provas aplicadas e o Estrat\u00e9gia far\u00e1 o Gabarito Extraoficial. Confira antes dos outros candidatos as respostas!","robots":{"index":"index","follow":"follow","max-snippet":"max-snippet:-1","max-image-preview":"max-image-preview:large","max-video-preview":"max-video-preview:-1"},"canonical":"https:\/\/www.estrategiaconcursos.com.br\/blog\/concurso-sefaz-pr-gabarito-extraoficial\/","og_locale":"pt_BR","og_type":"article","og_title":"Gabarito Extraoficial Sefaz PR - Analista Fazend\u00e1rio","og_description":"O concurso Sefaz PR ter\u00e1 suas provas aplicadas e o Estrat\u00e9gia far\u00e1 o Gabarito Extraoficial. Confira antes dos outros candidatos as respostas!","og_url":"https:\/\/www.estrategiaconcursos.com.br\/blog\/concurso-sefaz-pr-gabarito-extraoficial\/","og_site_name":"Estrat\u00e9gia Concursos","article_published_time":"2026-01-25T15:00:00+00:00","article_modified_time":"2026-02-04T16:27:24+00:00","og_image":[{"width":910,"height":349,"url":"https:\/\/dhg1h5j42swfq.cloudfront.net\/2026\/01\/23173130\/sefaz-pr.jpg","type":"image\/jpeg"}],"author":"Ronaldo Scanavini Neto","twitter_card":"summary_large_image","twitter_creator":"@EstratConcursos","twitter_site":"@EstratConcursos","twitter_misc":{"Escrito por":"Ronaldo Scanavini Neto","Est. tempo de leitura":"26 minutos"},"schema":{"@context":"https:\/\/schema.org","@graph":[{"@type":"NewsArticle","@id":"https:\/\/www.estrategiaconcursos.com.br\/blog\/concurso-sefaz-pr-gabarito-extraoficial\/#article","isPartOf":{"@id":"https:\/\/www.estrategiaconcursos.com.br\/blog\/concurso-sefaz-pr-gabarito-extraoficial\/"},"author":{"name":"Ronaldo Scanavini Neto","@id":"https:\/\/www.estrategiaconcursos.com.br\/blog\/#\/schema\/person\/70c2ad4297aa24ff8815b08215b23a76"},"headline":"Gabarito Extraoficial Sefaz PR &#8211; Analista Fazend\u00e1rio","datePublished":"2026-01-25T15:00:00+00:00","dateModified":"2026-02-04T16:27:24+00:00","mainEntityOfPage":{"@id":"https:\/\/www.estrategiaconcursos.com.br\/blog\/concurso-sefaz-pr-gabarito-extraoficial\/"},"wordCount":5281,"commentCount":0,"publisher":{"@id":"https:\/\/www.estrategiaconcursos.com.br\/blog\/#organization"},"image":{"@id":"https:\/\/www.estrategiaconcursos.com.br\/blog\/concurso-sefaz-pr-gabarito-extraoficial\/#primaryimage"},"thumbnailUrl":"https:\/\/dhg1h5j42swfq.cloudfront.net\/2026\/01\/23173130\/sefaz-pr.jpg","articleSection":["Fiscal - Estadual (ICMS)","\u00daltimas not\u00edcias"],"inLanguage":"pt-BR","potentialAction":[{"@type":"CommentAction","name":"Comment","target":["https:\/\/www.estrategiaconcursos.com.br\/blog\/concurso-sefaz-pr-gabarito-extraoficial\/#respond"]}],"copyrightYear":"2026","copyrightHolder":{"@id":"https:\/\/www.estrategiaconcursos.com.br\/blog\/#organization"}},{"@type":"WebPage","@id":"https:\/\/www.estrategiaconcursos.com.br\/blog\/concurso-sefaz-pr-gabarito-extraoficial\/","url":"https:\/\/www.estrategiaconcursos.com.br\/blog\/concurso-sefaz-pr-gabarito-extraoficial\/","name":"Gabarito Extraoficial Sefaz PR - Analista Fazend\u00e1rio","isPartOf":{"@id":"https:\/\/www.estrategiaconcursos.com.br\/blog\/#website"},"primaryImageOfPage":{"@id":"https:\/\/www.estrategiaconcursos.com.br\/blog\/concurso-sefaz-pr-gabarito-extraoficial\/#primaryimage"},"image":{"@id":"https:\/\/www.estrategiaconcursos.com.br\/blog\/concurso-sefaz-pr-gabarito-extraoficial\/#primaryimage"},"thumbnailUrl":"https:\/\/dhg1h5j42swfq.cloudfront.net\/2026\/01\/23173130\/sefaz-pr.jpg","datePublished":"2026-01-25T15:00:00+00:00","dateModified":"2026-02-04T16:27:24+00:00","description":"O concurso Sefaz PR ter\u00e1 suas provas aplicadas e o Estrat\u00e9gia far\u00e1 o Gabarito Extraoficial. Confira antes dos outros candidatos as respostas!","breadcrumb":{"@id":"https:\/\/www.estrategiaconcursos.com.br\/blog\/concurso-sefaz-pr-gabarito-extraoficial\/#breadcrumb"},"inLanguage":"pt-BR","potentialAction":[{"@type":"ReadAction","target":["https:\/\/www.estrategiaconcursos.com.br\/blog\/concurso-sefaz-pr-gabarito-extraoficial\/"]}]},{"@type":"ImageObject","inLanguage":"pt-BR","@id":"https:\/\/www.estrategiaconcursos.com.br\/blog\/concurso-sefaz-pr-gabarito-extraoficial\/#primaryimage","url":"https:\/\/dhg1h5j42swfq.cloudfront.net\/2026\/01\/23173130\/sefaz-pr.jpg","contentUrl":"https:\/\/dhg1h5j42swfq.cloudfront.net\/2026\/01\/23173130\/sefaz-pr.jpg","width":910,"height":349},{"@type":"BreadcrumbList","@id":"https:\/\/www.estrategiaconcursos.com.br\/blog\/concurso-sefaz-pr-gabarito-extraoficial\/#breadcrumb","itemListElement":[{"@type":"ListItem","position":1,"name":"In\u00edcio","item":"https:\/\/www.estrategiaconcursos.com.br\/blog\/"},{"@type":"ListItem","position":2,"name":"Gabarito Extraoficial Sefaz PR &#8211; Analista Fazend\u00e1rio"}]},{"@type":"WebSite","@id":"https:\/\/www.estrategiaconcursos.com.br\/blog\/#website","url":"https:\/\/www.estrategiaconcursos.com.br\/blog\/","name":"Estrat\u00e9gia Concursos","description":"O blog da Estrat\u00e9gia Concursos traz not\u00edcias sobre concursos e artigos de professores oferecendo cursos para concursos (pdf + videaulas) no site.","publisher":{"@id":"https:\/\/www.estrategiaconcursos.com.br\/blog\/#organization"},"potentialAction":[{"@type":"SearchAction","target":{"@type":"EntryPoint","urlTemplate":"https:\/\/www.estrategiaconcursos.com.br\/blog\/?s={search_term_string}"},"query-input":{"@type":"PropertyValueSpecification","valueRequired":true,"valueName":"search_term_string"}}],"inLanguage":"pt-BR"},{"@type":"Organization","@id":"https:\/\/www.estrategiaconcursos.com.br\/blog\/#organization","name":"Estrat\u00e9gia Concursos","url":"https:\/\/www.estrategiaconcursos.com.br\/blog\/","logo":{"@type":"ImageObject","inLanguage":"pt-BR","@id":"https:\/\/www.estrategiaconcursos.com.br\/blog\/#\/schema\/logo\/image\/","url":"https:\/\/dhg1h5j42swfq.cloudfront.net\/2025\/06\/03203428\/logo_concursos-1.jpg","contentUrl":"https:\/\/dhg1h5j42swfq.cloudfront.net\/2025\/06\/03203428\/logo_concursos-1.jpg","width":230,"height":60,"caption":"Estrat\u00e9gia Concursos"},"image":{"@id":"https:\/\/www.estrategiaconcursos.com.br\/blog\/#\/schema\/logo\/image\/"},"sameAs":["https:\/\/x.com\/EstratConcursos"]},{"@type":"Person","@id":"https:\/\/www.estrategiaconcursos.com.br\/blog\/#\/schema\/person\/70c2ad4297aa24ff8815b08215b23a76","name":"Ronaldo Scanavini Neto","image":{"@type":"ImageObject","inLanguage":"pt-BR","@id":"https:\/\/secure.gravatar.com\/avatar\/f93d8e56fe264596e94aee6b3feb737d98ad0fc5bac7eb0a245f04723c5c8f21?s=96&d=mm&r=g","url":"https:\/\/secure.gravatar.com\/avatar\/f93d8e56fe264596e94aee6b3feb737d98ad0fc5bac7eb0a245f04723c5c8f21?s=96&d=mm&r=g","contentUrl":"https:\/\/secure.gravatar.com\/avatar\/f93d8e56fe264596e94aee6b3feb737d98ad0fc5bac7eb0a245f04723c5c8f21?s=96&d=mm&r=g","caption":"Ronaldo Scanavini Neto"},"description":"Graduando em Comunica\u00e7\u00e3o Social \u2013 Jornalismo pela Universidade Federal de Vi\u00e7osa (UFV). Integra a equipe de jornalismo do Estrat\u00e9gia Concursos desde 2023, atuando com \u00eanfase na cobertura da \u00e1rea fiscal. Tamb\u00e9m realiza a apura\u00e7\u00e3o e produ\u00e7\u00e3o de not\u00edcias sobre concursos federais, \u00f3rg\u00e3os participantes do CNU e das \u00e1reas de controle, gest\u00e3o, engenharia, Exame CFC, comunica\u00e7\u00e3o social TI e \u00e1rea de concursos administrativos.","url":"https:\/\/www.estrategiaconcursos.com.br\/blog\/author\/ronaldo-netoestrategia-com\/"}]}},"_links":{"self":[{"href":"https:\/\/www.estrategiaconcursos.com.br\/blog\/wp-json\/wp\/v2\/posts\/1701871","targetHints":{"allow":["GET"]}}],"collection":[{"href":"https:\/\/www.estrategiaconcursos.com.br\/blog\/wp-json\/wp\/v2\/posts"}],"about":[{"href":"https:\/\/www.estrategiaconcursos.com.br\/blog\/wp-json\/wp\/v2\/types\/post"}],"author":[{"embeddable":true,"href":"https:\/\/www.estrategiaconcursos.com.br\/blog\/wp-json\/wp\/v2\/users\/2692"}],"replies":[{"embeddable":true,"href":"https:\/\/www.estrategiaconcursos.com.br\/blog\/wp-json\/wp\/v2\/comments?post=1701871"}],"version-history":[{"count":25,"href":"https:\/\/www.estrategiaconcursos.com.br\/blog\/wp-json\/wp\/v2\/posts\/1701871\/revisions"}],"predecessor-version":[{"id":1719148,"href":"https:\/\/www.estrategiaconcursos.com.br\/blog\/wp-json\/wp\/v2\/posts\/1701871\/revisions\/1719148"}],"wp:featuredmedia":[{"embeddable":true,"href":"https:\/\/www.estrategiaconcursos.com.br\/blog\/wp-json\/wp\/v2\/media\/1704431"}],"wp:attachment":[{"href":"https:\/\/www.estrategiaconcursos.com.br\/blog\/wp-json\/wp\/v2\/media?parent=1701871"}],"wp:term":[{"taxonomy":"category","embeddable":true,"href":"https:\/\/www.estrategiaconcursos.com.br\/blog\/wp-json\/wp\/v2\/categories?post=1701871"},{"taxonomy":"post_tag","embeddable":true,"href":"https:\/\/www.estrategiaconcursos.com.br\/blog\/wp-json\/wp\/v2\/tags?post=1701871"},{"taxonomy":"tax_estado","embeddable":true,"href":"https:\/\/www.estrategiaconcursos.com.br\/blog\/wp-json\/wp\/v2\/tax_estado?post=1701871"}],"curies":[{"name":"wp","href":"https:\/\/api.w.org\/{rel}","templated":true}]}}