{"id":1701505,"date":"2026-01-19T13:20:33","date_gmt":"2026-01-19T16:20:33","guid":{"rendered":"https:\/\/www.estrategiaconcursos.com.br\/blog\/?p=1701505"},"modified":"2026-01-19T18:14:16","modified_gmt":"2026-01-19T21:14:16","slug":"estrategia-cast-camara-dos-deputados-reta-final-pos-edital","status":"publish","type":"post","link":"https:\/\/www.estrategiaconcursos.com.br\/blog\/estrategia-cast-camara-dos-deputados-reta-final-pos-edital\/","title":{"rendered":"Estrat\u00e9gia Cast &#8211; Grava\u00e7\u00f5es: C\u00e2mara dos Deputados &#8211; Reta Final P\u00f3s-Edital"},"content":{"rendered":"\n<p class=\"has-medium-font-size\"><strong><em><\/em><em><strong><em>Concurso C\u00e2mara dos Deputados tem oportunidades de n\u00edvel superior e sal\u00e1rios de at\u00e9 R$ 30,8 mil!<\/em><\/strong><\/em><\/strong><\/p>\n\n\n\n<p>O <strong>concurso C\u00e2mara dos Deputados<\/strong> oferta 70 vagas imediatas e 70 para forma\u00e7\u00e3o de cadastro de reserva.<\/p>\n\n\n\n<p>As oportunidades s\u00e3o para os cargos de <strong>Analista Legislativo \u2013 Processo Legislativo e Gest\u00e3o e T\u00e9cnico Legislativo \u2013 Assistente Legislativo e Administrativo<\/strong>, de n\u00edvel superior. Os sal\u00e1rios iniciais variam de <strong>R$ 21.008,19 a R$ 30.853,99<\/strong>.<\/p>\n\n\n\n<h2 class=\"wp-block-heading\" id=\"h-estrategia-cast-gravacoes-camara-dos-deputados-reta-final-pos-edital\">Estrat\u00e9gia Cast &#8211; Grava\u00e7\u00f5es: C\u00e2mara dos Deputados &#8211; Reta Final P\u00f3s-Edital<\/h2>\n\n\n\n<p>Visando colaborar com os seus estudos, iniciaremos o&nbsp;<strong><em>\u201cEstrat\u00e9gia Cast &#8211; Grava\u00e7\u00f5es: C\u00e2mara dos Deputados &#8211; Reta Final P\u00f3s-Edital\u201d<\/em><\/strong>, com cerca de&nbsp;<strong>15 horas&nbsp;<\/strong>de conte\u00fados com os t\u00f3picos mais relevantes de cada mat\u00e9ria.<\/p>\n\n\n\n<p>No&nbsp;<a href=\"https:\/\/www.estrategiaconcursos.com.br\/cursosPorConcurso\/sistemas-de-questoes-e-cast-para-estrategia-concursos\/\" target=\"_blank\" rel=\"noreferrer noopener\">Estrat\u00e9gia Cast<\/a>&nbsp;voc\u00ea vai poder salvar suas faixas favoritas, ouvi-las&nbsp;de maneira <em>offline<\/em>&nbsp;e acelerar a velocidade de reprodu\u00e7\u00e3o. S\u00e3o<strong>&nbsp;cursos regulares<\/strong>, de&nbsp;<strong>reta final<\/strong>, \u00e1udios motivacionais e muito mais!<\/p>\n\n\n\n<p class=\"has-medium-font-size\"><strong>Confira a programa\u00e7\u00e3o completa!<\/strong><\/p>\n\n\n\n<figure class=\"wp-block-table is-style-stripes\"><table class=\"has-fixed-layout\"><tbody><tr><td class=\"has-text-align-center\" data-align=\"center\">&nbsp;<\/td><td class=\"has-text-align-center\" data-align=\"center\" colspan=\"3\"><strong>RETA FINAL &#8211; C\u00e2mara dos Deputados P\u00f3s edital<\/strong><\/td><\/tr><tr><td class=\"has-text-align-center\" data-align=\"center\">&nbsp;<\/td><td class=\"has-text-align-center\" data-align=\"center\"><strong>Mat\u00e9ria<\/strong><\/td><td class=\"has-text-align-center\" data-align=\"center\"><strong>Professor<\/strong><\/td><td class=\"has-text-align-center\" data-align=\"center\"><strong>Carga hor\u00e1ria (h)<\/strong><\/td><\/tr><tr><td class=\"has-text-align-center\" data-align=\"center\" rowspan=\"4\"><strong>Geral<\/strong><\/td><td class=\"has-text-align-center\" data-align=\"center\">L\u00edngua Portuguesa<\/td><td class=\"has-text-align-center\" data-align=\"center\">Fabricio Dutra<\/td><td class=\"has-text-align-center\" data-align=\"center\">1<\/td><\/tr><tr><td class=\"has-text-align-center\" data-align=\"center\">Racioc\u00ednio L\u00f3gico E Anal\u00edtico<\/td><td class=\"has-text-align-center\" data-align=\"center\">Eduardo Mocellin<\/td><td class=\"has-text-align-center\" data-align=\"center\">1<\/td><\/tr><tr><td class=\"has-text-align-center\" data-align=\"center\">Direito Administrativo<\/td><td class=\"has-text-align-center\" data-align=\"center\">Fabiano Pereira<\/td><td class=\"has-text-align-center\" data-align=\"center\">1<\/td><\/tr><tr><td class=\"has-text-align-center\" data-align=\"center\">Administra\u00e7\u00e3o P\u00fablica<\/td><td class=\"has-text-align-center\" data-align=\"center\">Stefan Fantini<\/td><td class=\"has-text-align-center\" data-align=\"center\">1<\/td><\/tr><tr><td class=\"has-text-align-center\" data-align=\"center\" rowspan=\"7\"><strong>Analista<\/strong><\/td><td class=\"has-text-align-center\" data-align=\"center\">Regimento Interno Da C\u00e2mara Dos Deputados, Regimento Comum Do Congresso Nacional E C\u00f3digo De \u00c9tica<\/td><td class=\"has-text-align-center\" data-align=\"center\">Luiz Gustavo<\/td><td class=\"has-text-align-center\" data-align=\"center\">1<\/td><\/tr><tr><td class=\"has-text-align-center\" data-align=\"center\">Direito Constitucional E Processo Legislativo<\/td><td class=\"has-text-align-center\" data-align=\"center\">Fabio Ramos<\/td><td class=\"has-text-align-center\" data-align=\"center\">1<\/td><\/tr><tr><td class=\"has-text-align-center\" data-align=\"center\">Lei 1.079 e Lei 13.869<\/td><td class=\"has-text-align-center\" data-align=\"center\">Ivan Marques<\/td><td class=\"has-text-align-center\" data-align=\"center\">1<\/td><\/tr><tr><td class=\"has-text-align-center\" data-align=\"center\">Or\u00e7amento P\u00fablico<\/td><td class=\"has-text-align-center\" data-align=\"center\">Leandro Ravyelle<\/td><td class=\"has-text-align-center\" data-align=\"center\">1<\/td><\/tr><tr><td class=\"has-text-align-center\" data-align=\"center\">Ci\u00eancia Pol\u00edtica<\/td><td class=\"has-text-align-center\" data-align=\"center\">Al\u00ea Lopes<\/td><td class=\"has-text-align-center\" data-align=\"center\">1<\/td><\/tr><tr><td class=\"has-text-align-center\" data-align=\"center\">Governan\u00e7a, Estrat\u00e9gia E Gest\u00e3o<\/td><td class=\"has-text-align-center\" data-align=\"center\">Stefan Fantini<\/td><td class=\"has-text-align-center\" data-align=\"center\">0,5<\/td><\/tr><tr><td class=\"has-text-align-center\" data-align=\"center\">No\u00e7\u00f5es De Tecnologia Da Informa\u00e7\u00e3o E Dados<\/td><td class=\"has-text-align-center\" data-align=\"center\">Renato da Costa<\/td><td class=\"has-text-align-center\" data-align=\"center\">1<\/td><\/tr><tr><td class=\"has-text-align-center\" data-align=\"center\" rowspan=\"5\"><strong>T\u00e9cnico<\/strong><\/td><td class=\"has-text-align-center\" data-align=\"center\">Administra\u00e7\u00e3o Geral<\/td><td class=\"has-text-align-center\" data-align=\"center\">Elisabete Moreira<\/td><td class=\"has-text-align-center\" data-align=\"center\">1<\/td><\/tr><tr><td class=\"has-text-align-center\" data-align=\"center\">Licita\u00e7\u00f5es E Contratos<\/td><td class=\"has-text-align-center\" data-align=\"center\">Rodrigo Bet<\/td><td class=\"has-text-align-center\" data-align=\"center\">1<\/td><\/tr><tr><td class=\"has-text-align-center\" data-align=\"center\">Tecnologia Da Informa\u00e7\u00e3o e Dados<\/td><td class=\"has-text-align-center\" data-align=\"center\">Emannuelle Gouveia<\/td><td class=\"has-text-align-center\" data-align=\"center\">1<\/td><\/tr><tr><td class=\"has-text-align-center\" data-align=\"center\">No\u00e7\u00f5es De Estat\u00edstica<\/td><td class=\"has-text-align-center\" data-align=\"center\">Luana Brand\u00e3o<\/td><td class=\"has-text-align-center\" data-align=\"center\">1<\/td><\/tr><tr><td class=\"has-text-align-center\" data-align=\"center\">No\u00e7\u00f5es De Administra\u00e7\u00e3o Or\u00e7ament\u00e1ria E Financeira<\/td><td class=\"has-text-align-center\" data-align=\"center\">Leandro Ravyelle<\/td><td class=\"has-text-align-center\" data-align=\"center\">0,5<\/td><\/tr><tr><td class=\"has-text-align-center\" data-align=\"center\">&nbsp;<strong>Total<\/strong><\/td><td class=\"has-text-align-center\" data-align=\"center\">&nbsp;&#8211;<\/td><td class=\"has-text-align-center\" data-align=\"center\">&nbsp;&#8211;<\/td><td class=\"has-text-align-center\" data-align=\"center\">15<\/td><\/tr><\/tbody><\/table><\/figure>\n\n\n\n<figure class=\"wp-block-image aligncenter is-resized\"><a href=\"https:\/\/www.estrategiaconcursos.com.br\/cursosPorConcurso\/sistemas-de-questoes-e-cast-para-estrategia-concursos\/\" target=\"_blank\" rel=\"noreferrer noopener\"><img loading=\"lazy\" decoding=\"async\" width=\"400\" height=\"208\" src=\"https:\/\/dhg1h5j42swfq.cloudfront.net\/2021\/09\/30193348\/estrategia-cast-1.jpeg\" alt=\"Estrat\u00e9gia Cast: cnu\" class=\"wp-image-874827\" style=\"width:296px;height:auto\" srcset=\"https:\/\/dhg1h5j42swfq.cloudfront.net\/2021\/09\/30193348\/estrategia-cast-1.jpeg 400w, https:\/\/dhg1h5j42swfq.cloudfront.net\/2021\/09\/30193348\/estrategia-cast-1-300x156.jpeg 300w\" sizes=\"auto, (max-width: 400px) 100vw, 400px\" \/><\/a><figcaption class=\"wp-element-caption\"><a href=\"https:\/\/www.estrategiaconcursos.com.br\/cursosPorConcurso\/sistemas-de-questoes-e-cast-para-estrategia-concursos\/\" target=\"_blank\" rel=\"noreferrer noopener\">Sistemas de Quest\u00f5es + Cast<\/a><\/figcaption><\/figure>\n\n\n\n<p class=\"has-text-align-center\"><em>Para saber mais sobre o concurso C\u00e2mara dos Deputados, acesse o link abaixo. Preparamos um artigo completo e exclusivo para voc\u00ea!<\/em><\/p>\n\n\n\n<p class=\"has-text-align-center has-cyan-bluish-gray-background-color has-background has-medium-font-size\"><strong>Saiba mais: <\/strong><a href=\"https:\/\/www.estrategiaconcursos.com.br\/blog\/concurso-camara-dos-deputados\/\" target=\"_blank\" rel=\"noreferrer noopener\">concurso C\u00e2mara dos Deputados<\/a><\/p>\n\n\n\n<h2 class=\"wp-block-heading has-text-align-center\" id=\"h-quer-saber-tudo-sobre-concursos-previstos-confira-nossos-artigos\">Quer saber tudo sobre concursos previstos?<br \/>Confira nossos artigos!<\/h2>\n\n\n\n<ul class=\"wp-block-list\">\n<li><a href=\"https:\/\/www.estrategiaconcursos.com.br\/blog\/concursos-abertos\/\" target=\"_blank\" rel=\"noreferrer noopener\">Concursos abertos<\/a><\/li>\n\n\n\n<li><a href=\"https:\/\/www.estrategiaconcursos.com.br\/blog\/concursos-2026\/\" target=\"_blank\" rel=\"noreferrer noopener\">Concursos 2026<\/a><\/li>\n<\/ul>\n\n\n\n<div class=\"container\" id=\"boxes\">\n  <div class=\"row\">\n\n    <div class=\"col-sm\">\n      <div class=\"estrategia\" id=\"box-assinatura\">\n        <h3 class=\"titulo-assinatura\">Assinatura de Concursos<\/h3>\n        <p class=\"subtitulo-assinatura\">Assinatura de 1 ano ou 2 anos<\/p>\n        <div class=\"box-botao\">\n          <a class=\"btn-assinatura\" target=\"_blank\" href=\"https:\/\/www.estrategiaconcursos.com.br\/assinaturas\/\" role=\"button\" rel=\"noopener noreferrer\">ASSINE AGORA<\/a>\n        <\/div>\n      <\/div>\n     \n    <\/div><\/div><\/div>\n\n\n\n<p><\/p>\n","protected":false},"excerpt":{"rendered":"<p>Concurso C\u00e2mara dos Deputados tem oportunidades de n\u00edvel superior e sal\u00e1rios de at\u00e9 R$ 30,8 mil! O concurso C\u00e2mara dos Deputados oferta 70 vagas imediatas e 70 para forma\u00e7\u00e3o de cadastro de reserva. As oportunidades s\u00e3o para os cargos de Analista Legislativo \u2013 Processo Legislativo e Gest\u00e3o e T\u00e9cnico Legislativo \u2013 Assistente Legislativo e Administrativo, [&hellip;]<\/p>\n","protected":false},"author":1483,"featured_media":874825,"comment_status":"open","ping_status":"closed","sticky":false,"template":"","format":"standard","meta":{"post_tipo":"news","footnotes":""},"categories":[2017,220219],"tags":[],"tax_estado":[219963],"class_list":["post-1701505","post","type-post","status-publish","format-standard","has-post-thumbnail","hentry","category-concursos-legislativos","category-noticias","tax_estado-concursos-federais"],"acf":[],"yoast_head":"<!-- This site is optimized with the Yoast SEO Premium plugin v27.2 (Yoast SEO v27.2) - https:\/\/yoast.com\/product\/yoast-seo-premium-wordpress\/ -->\n<title>Estrat\u00e9gia Cast - Grava\u00e7\u00f5es: C\u00e2mara dos Deputados - Reta Final P\u00f3s-Edital<\/title>\n<meta name=\"description\" content=\"Estrat\u00e9gia Cast - Grava\u00e7\u00f5es: C\u00e2mara dos Deputados - Reta Final P\u00f3s-Edital\" \/>\n<meta name=\"robots\" content=\"index, follow, max-snippet:-1, max-image-preview:large, max-video-preview:-1\" \/>\n<link rel=\"canonical\" href=\"https:\/\/www.estrategiaconcursos.com.br\/blog\/estrategia-cast-camara-dos-deputados-reta-final-pos-edital\/\" \/>\n<meta property=\"og:locale\" content=\"pt_BR\" \/>\n<meta property=\"og:type\" content=\"article\" \/>\n<meta property=\"og:title\" content=\"Estrat\u00e9gia Cast - Grava\u00e7\u00f5es: C\u00e2mara dos Deputados - Reta Final P\u00f3s-Edital\" \/>\n<meta property=\"og:description\" content=\"Estrat\u00e9gia Cast - Grava\u00e7\u00f5es: C\u00e2mara dos Deputados - Reta Final P\u00f3s-Edital\" \/>\n<meta property=\"og:url\" content=\"https:\/\/www.estrategiaconcursos.com.br\/blog\/estrategia-cast-camara-dos-deputados-reta-final-pos-edital\/\" \/>\n<meta property=\"og:site_name\" content=\"Estrat\u00e9gia Concursos\" \/>\n<meta property=\"article:published_time\" content=\"2026-01-19T16:20:33+00:00\" \/>\n<meta property=\"article:modified_time\" content=\"2026-01-19T21:14:16+00:00\" \/>\n<meta property=\"og:image\" content=\"https:\/\/dhg1h5j42swfq.cloudfront.net\/2021\/09\/30193321\/estrategia-cast.jpeg\" \/>\n\t<meta property=\"og:image:width\" content=\"400\" \/>\n\t<meta property=\"og:image:height\" content=\"208\" \/>\n\t<meta property=\"og:image:type\" content=\"image\/jpeg\" \/>\n<meta name=\"author\" content=\"Diogo Mendes\" \/>\n<meta name=\"twitter:card\" content=\"summary_large_image\" \/>\n<meta name=\"twitter:creator\" content=\"@EstratConcursos\" \/>\n<meta name=\"twitter:site\" content=\"@EstratConcursos\" \/>\n<meta name=\"twitter:label1\" content=\"Escrito por\" \/>\n\t<meta name=\"twitter:data1\" content=\"Diogo Mendes\" \/>\n\t<meta name=\"twitter:label2\" content=\"Est. tempo de leitura\" \/>\n\t<meta name=\"twitter:data2\" content=\"2 minutos\" \/>\n<script type=\"application\/ld+json\" class=\"yoast-schema-graph\">{\"@context\":\"https:\/\/schema.org\",\"@graph\":[{\"@type\":\"NewsArticle\",\"@id\":\"https:\/\/www.estrategiaconcursos.com.br\/blog\/estrategia-cast-camara-dos-deputados-reta-final-pos-edital\/#article\",\"isPartOf\":{\"@id\":\"https:\/\/www.estrategiaconcursos.com.br\/blog\/estrategia-cast-camara-dos-deputados-reta-final-pos-edital\/\"},\"author\":{\"name\":\"Diogo Mendes\",\"@id\":\"https:\/\/www.estrategiaconcursos.com.br\/blog\/#\/schema\/person\/cc9e76173880338ce9f656c88664a1f6\"},\"headline\":\"Estrat\u00e9gia Cast &#8211; Grava\u00e7\u00f5es: C\u00e2mara dos Deputados &#8211; Reta Final P\u00f3s-Edital\",\"datePublished\":\"2026-01-19T16:20:33+00:00\",\"dateModified\":\"2026-01-19T21:14:16+00:00\",\"mainEntityOfPage\":{\"@id\":\"https:\/\/www.estrategiaconcursos.com.br\/blog\/estrategia-cast-camara-dos-deputados-reta-final-pos-edital\/\"},\"wordCount\":401,\"commentCount\":0,\"publisher\":{\"@id\":\"https:\/\/www.estrategiaconcursos.com.br\/blog\/#organization\"},\"image\":{\"@id\":\"https:\/\/www.estrategiaconcursos.com.br\/blog\/estrategia-cast-camara-dos-deputados-reta-final-pos-edital\/#primaryimage\"},\"thumbnailUrl\":\"https:\/\/dhg1h5j42swfq.cloudfront.net\/2021\/09\/30193321\/estrategia-cast.jpeg\",\"articleSection\":[\"Legislativo\",\"\u00daltimas not\u00edcias\"],\"inLanguage\":\"pt-BR\",\"potentialAction\":[{\"@type\":\"CommentAction\",\"name\":\"Comment\",\"target\":[\"https:\/\/www.estrategiaconcursos.com.br\/blog\/estrategia-cast-camara-dos-deputados-reta-final-pos-edital\/#respond\"]}],\"copyrightYear\":\"2026\",\"copyrightHolder\":{\"@id\":\"https:\/\/www.estrategiaconcursos.com.br\/blog\/#organization\"}},{\"@type\":\"WebPage\",\"@id\":\"https:\/\/www.estrategiaconcursos.com.br\/blog\/estrategia-cast-camara-dos-deputados-reta-final-pos-edital\/\",\"url\":\"https:\/\/www.estrategiaconcursos.com.br\/blog\/estrategia-cast-camara-dos-deputados-reta-final-pos-edital\/\",\"name\":\"Estrat\u00e9gia Cast - Grava\u00e7\u00f5es: C\u00e2mara dos Deputados - Reta Final P\u00f3s-Edital\",\"isPartOf\":{\"@id\":\"https:\/\/www.estrategiaconcursos.com.br\/blog\/#website\"},\"primaryImageOfPage\":{\"@id\":\"https:\/\/www.estrategiaconcursos.com.br\/blog\/estrategia-cast-camara-dos-deputados-reta-final-pos-edital\/#primaryimage\"},\"image\":{\"@id\":\"https:\/\/www.estrategiaconcursos.com.br\/blog\/estrategia-cast-camara-dos-deputados-reta-final-pos-edital\/#primaryimage\"},\"thumbnailUrl\":\"https:\/\/dhg1h5j42swfq.cloudfront.net\/2021\/09\/30193321\/estrategia-cast.jpeg\",\"datePublished\":\"2026-01-19T16:20:33+00:00\",\"dateModified\":\"2026-01-19T21:14:16+00:00\",\"description\":\"Estrat\u00e9gia Cast - Grava\u00e7\u00f5es: C\u00e2mara dos Deputados - Reta Final P\u00f3s-Edital\",\"breadcrumb\":{\"@id\":\"https:\/\/www.estrategiaconcursos.com.br\/blog\/estrategia-cast-camara-dos-deputados-reta-final-pos-edital\/#breadcrumb\"},\"inLanguage\":\"pt-BR\",\"potentialAction\":[{\"@type\":\"ReadAction\",\"target\":[\"https:\/\/www.estrategiaconcursos.com.br\/blog\/estrategia-cast-camara-dos-deputados-reta-final-pos-edital\/\"]}]},{\"@type\":\"ImageObject\",\"inLanguage\":\"pt-BR\",\"@id\":\"https:\/\/www.estrategiaconcursos.com.br\/blog\/estrategia-cast-camara-dos-deputados-reta-final-pos-edital\/#primaryimage\",\"url\":\"https:\/\/dhg1h5j42swfq.cloudfront.net\/2021\/09\/30193321\/estrategia-cast.jpeg\",\"contentUrl\":\"https:\/\/dhg1h5j42swfq.cloudfront.net\/2021\/09\/30193321\/estrategia-cast.jpeg\",\"width\":400,\"height\":208,\"caption\":\"Estrat\u00e9gia Cast\"},{\"@type\":\"BreadcrumbList\",\"@id\":\"https:\/\/www.estrategiaconcursos.com.br\/blog\/estrategia-cast-camara-dos-deputados-reta-final-pos-edital\/#breadcrumb\",\"itemListElement\":[{\"@type\":\"ListItem\",\"position\":1,\"name\":\"In\u00edcio\",\"item\":\"https:\/\/www.estrategiaconcursos.com.br\/blog\/\"},{\"@type\":\"ListItem\",\"position\":2,\"name\":\"Estrat\u00e9gia Cast &#8211; Grava\u00e7\u00f5es: C\u00e2mara dos Deputados &#8211; Reta Final P\u00f3s-Edital\"}]},{\"@type\":\"WebSite\",\"@id\":\"https:\/\/www.estrategiaconcursos.com.br\/blog\/#website\",\"url\":\"https:\/\/www.estrategiaconcursos.com.br\/blog\/\",\"name\":\"Estrat\u00e9gia Concursos\",\"description\":\"O blog da Estrat\u00e9gia Concursos traz not\u00edcias sobre concursos e artigos de professores oferecendo cursos para concursos (pdf + videaulas) no site.\",\"publisher\":{\"@id\":\"https:\/\/www.estrategiaconcursos.com.br\/blog\/#organization\"},\"potentialAction\":[{\"@type\":\"SearchAction\",\"target\":{\"@type\":\"EntryPoint\",\"urlTemplate\":\"https:\/\/www.estrategiaconcursos.com.br\/blog\/?s={search_term_string}\"},\"query-input\":{\"@type\":\"PropertyValueSpecification\",\"valueRequired\":true,\"valueName\":\"search_term_string\"}}],\"inLanguage\":\"pt-BR\"},{\"@type\":\"Organization\",\"@id\":\"https:\/\/www.estrategiaconcursos.com.br\/blog\/#organization\",\"name\":\"Estrat\u00e9gia Concursos\",\"url\":\"https:\/\/www.estrategiaconcursos.com.br\/blog\/\",\"logo\":{\"@type\":\"ImageObject\",\"inLanguage\":\"pt-BR\",\"@id\":\"https:\/\/www.estrategiaconcursos.com.br\/blog\/#\/schema\/logo\/image\/\",\"url\":\"https:\/\/dhg1h5j42swfq.cloudfront.net\/2025\/06\/03203428\/logo_concursos-1.jpg\",\"contentUrl\":\"https:\/\/dhg1h5j42swfq.cloudfront.net\/2025\/06\/03203428\/logo_concursos-1.jpg\",\"width\":230,\"height\":60,\"caption\":\"Estrat\u00e9gia Concursos\"},\"image\":{\"@id\":\"https:\/\/www.estrategiaconcursos.com.br\/blog\/#\/schema\/logo\/image\/\"},\"sameAs\":[\"https:\/\/x.com\/EstratConcursos\"]},{\"@type\":\"Person\",\"@id\":\"https:\/\/www.estrategiaconcursos.com.br\/blog\/#\/schema\/person\/cc9e76173880338ce9f656c88664a1f6\",\"name\":\"Diogo Mendes\",\"image\":{\"@type\":\"ImageObject\",\"inLanguage\":\"pt-BR\",\"@id\":\"https:\/\/secure.gravatar.com\/avatar\/9754d6777d460a45ef4067b586b94c32005cc2345a0404b8d96adc620cf63806?s=96&d=mm&r=g\",\"url\":\"https:\/\/secure.gravatar.com\/avatar\/9754d6777d460a45ef4067b586b94c32005cc2345a0404b8d96adc620cf63806?s=96&d=mm&r=g\",\"contentUrl\":\"https:\/\/secure.gravatar.com\/avatar\/9754d6777d460a45ef4067b586b94c32005cc2345a0404b8d96adc620cf63806?s=96&d=mm&r=g\",\"caption\":\"Diogo Mendes\"},\"description\":\"Diogo Mendes \u00e9 jornalista formado pela Universidade Paulista, com experi\u00eancia em reda\u00e7\u00f5es de diversos ve\u00edculos e na produ\u00e7\u00e3o de conte\u00fados especializados em concursos p\u00fablicos. Desde 2019, atua no Estrat\u00e9gia Concursos como Jornalista e Analista de Conte\u00fado, com foco na apura\u00e7\u00e3o de informa\u00e7\u00f5es junto a \u00f3rg\u00e3os e fontes oficiais. Dedica-se especialmente \u00e0 produ\u00e7\u00e3o de not\u00edcias e reportagens sobre Concursos Legislativos, al\u00e9m de acompanhar diariamente os concursos policiais, banc\u00e1rios e da \u00e1rea da sa\u00fade.\",\"url\":\"https:\/\/www.estrategiaconcursos.com.br\/blog\/author\/diogo-mendesestrategiaconcursos-com-br\/\"}]}<\/script>\n<!-- \/ Yoast SEO Premium plugin. -->","yoast_head_json":{"title":"Estrat\u00e9gia Cast - Grava\u00e7\u00f5es: C\u00e2mara dos Deputados - Reta Final P\u00f3s-Edital","description":"Estrat\u00e9gia Cast - Grava\u00e7\u00f5es: C\u00e2mara dos Deputados - Reta Final P\u00f3s-Edital","robots":{"index":"index","follow":"follow","max-snippet":"max-snippet:-1","max-image-preview":"max-image-preview:large","max-video-preview":"max-video-preview:-1"},"canonical":"https:\/\/www.estrategiaconcursos.com.br\/blog\/estrategia-cast-camara-dos-deputados-reta-final-pos-edital\/","og_locale":"pt_BR","og_type":"article","og_title":"Estrat\u00e9gia Cast - Grava\u00e7\u00f5es: C\u00e2mara dos Deputados - Reta Final P\u00f3s-Edital","og_description":"Estrat\u00e9gia Cast - Grava\u00e7\u00f5es: C\u00e2mara dos Deputados - Reta Final P\u00f3s-Edital","og_url":"https:\/\/www.estrategiaconcursos.com.br\/blog\/estrategia-cast-camara-dos-deputados-reta-final-pos-edital\/","og_site_name":"Estrat\u00e9gia Concursos","article_published_time":"2026-01-19T16:20:33+00:00","article_modified_time":"2026-01-19T21:14:16+00:00","og_image":[{"width":400,"height":208,"url":"https:\/\/dhg1h5j42swfq.cloudfront.net\/2021\/09\/30193321\/estrategia-cast.jpeg","type":"image\/jpeg"}],"author":"Diogo Mendes","twitter_card":"summary_large_image","twitter_creator":"@EstratConcursos","twitter_site":"@EstratConcursos","twitter_misc":{"Escrito por":"Diogo Mendes","Est. tempo de leitura":"2 minutos"},"schema":{"@context":"https:\/\/schema.org","@graph":[{"@type":"NewsArticle","@id":"https:\/\/www.estrategiaconcursos.com.br\/blog\/estrategia-cast-camara-dos-deputados-reta-final-pos-edital\/#article","isPartOf":{"@id":"https:\/\/www.estrategiaconcursos.com.br\/blog\/estrategia-cast-camara-dos-deputados-reta-final-pos-edital\/"},"author":{"name":"Diogo Mendes","@id":"https:\/\/www.estrategiaconcursos.com.br\/blog\/#\/schema\/person\/cc9e76173880338ce9f656c88664a1f6"},"headline":"Estrat\u00e9gia Cast &#8211; Grava\u00e7\u00f5es: C\u00e2mara dos Deputados &#8211; Reta Final P\u00f3s-Edital","datePublished":"2026-01-19T16:20:33+00:00","dateModified":"2026-01-19T21:14:16+00:00","mainEntityOfPage":{"@id":"https:\/\/www.estrategiaconcursos.com.br\/blog\/estrategia-cast-camara-dos-deputados-reta-final-pos-edital\/"},"wordCount":401,"commentCount":0,"publisher":{"@id":"https:\/\/www.estrategiaconcursos.com.br\/blog\/#organization"},"image":{"@id":"https:\/\/www.estrategiaconcursos.com.br\/blog\/estrategia-cast-camara-dos-deputados-reta-final-pos-edital\/#primaryimage"},"thumbnailUrl":"https:\/\/dhg1h5j42swfq.cloudfront.net\/2021\/09\/30193321\/estrategia-cast.jpeg","articleSection":["Legislativo","\u00daltimas not\u00edcias"],"inLanguage":"pt-BR","potentialAction":[{"@type":"CommentAction","name":"Comment","target":["https:\/\/www.estrategiaconcursos.com.br\/blog\/estrategia-cast-camara-dos-deputados-reta-final-pos-edital\/#respond"]}],"copyrightYear":"2026","copyrightHolder":{"@id":"https:\/\/www.estrategiaconcursos.com.br\/blog\/#organization"}},{"@type":"WebPage","@id":"https:\/\/www.estrategiaconcursos.com.br\/blog\/estrategia-cast-camara-dos-deputados-reta-final-pos-edital\/","url":"https:\/\/www.estrategiaconcursos.com.br\/blog\/estrategia-cast-camara-dos-deputados-reta-final-pos-edital\/","name":"Estrat\u00e9gia Cast - Grava\u00e7\u00f5es: C\u00e2mara dos Deputados - Reta Final P\u00f3s-Edital","isPartOf":{"@id":"https:\/\/www.estrategiaconcursos.com.br\/blog\/#website"},"primaryImageOfPage":{"@id":"https:\/\/www.estrategiaconcursos.com.br\/blog\/estrategia-cast-camara-dos-deputados-reta-final-pos-edital\/#primaryimage"},"image":{"@id":"https:\/\/www.estrategiaconcursos.com.br\/blog\/estrategia-cast-camara-dos-deputados-reta-final-pos-edital\/#primaryimage"},"thumbnailUrl":"https:\/\/dhg1h5j42swfq.cloudfront.net\/2021\/09\/30193321\/estrategia-cast.jpeg","datePublished":"2026-01-19T16:20:33+00:00","dateModified":"2026-01-19T21:14:16+00:00","description":"Estrat\u00e9gia Cast - Grava\u00e7\u00f5es: C\u00e2mara dos Deputados - Reta Final P\u00f3s-Edital","breadcrumb":{"@id":"https:\/\/www.estrategiaconcursos.com.br\/blog\/estrategia-cast-camara-dos-deputados-reta-final-pos-edital\/#breadcrumb"},"inLanguage":"pt-BR","potentialAction":[{"@type":"ReadAction","target":["https:\/\/www.estrategiaconcursos.com.br\/blog\/estrategia-cast-camara-dos-deputados-reta-final-pos-edital\/"]}]},{"@type":"ImageObject","inLanguage":"pt-BR","@id":"https:\/\/www.estrategiaconcursos.com.br\/blog\/estrategia-cast-camara-dos-deputados-reta-final-pos-edital\/#primaryimage","url":"https:\/\/dhg1h5j42swfq.cloudfront.net\/2021\/09\/30193321\/estrategia-cast.jpeg","contentUrl":"https:\/\/dhg1h5j42swfq.cloudfront.net\/2021\/09\/30193321\/estrategia-cast.jpeg","width":400,"height":208,"caption":"Estrat\u00e9gia Cast"},{"@type":"BreadcrumbList","@id":"https:\/\/www.estrategiaconcursos.com.br\/blog\/estrategia-cast-camara-dos-deputados-reta-final-pos-edital\/#breadcrumb","itemListElement":[{"@type":"ListItem","position":1,"name":"In\u00edcio","item":"https:\/\/www.estrategiaconcursos.com.br\/blog\/"},{"@type":"ListItem","position":2,"name":"Estrat\u00e9gia Cast &#8211; Grava\u00e7\u00f5es: C\u00e2mara dos Deputados &#8211; Reta Final P\u00f3s-Edital"}]},{"@type":"WebSite","@id":"https:\/\/www.estrategiaconcursos.com.br\/blog\/#website","url":"https:\/\/www.estrategiaconcursos.com.br\/blog\/","name":"Estrat\u00e9gia Concursos","description":"O blog da Estrat\u00e9gia Concursos traz not\u00edcias sobre concursos e artigos de professores oferecendo cursos para concursos (pdf + videaulas) no site.","publisher":{"@id":"https:\/\/www.estrategiaconcursos.com.br\/blog\/#organization"},"potentialAction":[{"@type":"SearchAction","target":{"@type":"EntryPoint","urlTemplate":"https:\/\/www.estrategiaconcursos.com.br\/blog\/?s={search_term_string}"},"query-input":{"@type":"PropertyValueSpecification","valueRequired":true,"valueName":"search_term_string"}}],"inLanguage":"pt-BR"},{"@type":"Organization","@id":"https:\/\/www.estrategiaconcursos.com.br\/blog\/#organization","name":"Estrat\u00e9gia Concursos","url":"https:\/\/www.estrategiaconcursos.com.br\/blog\/","logo":{"@type":"ImageObject","inLanguage":"pt-BR","@id":"https:\/\/www.estrategiaconcursos.com.br\/blog\/#\/schema\/logo\/image\/","url":"https:\/\/dhg1h5j42swfq.cloudfront.net\/2025\/06\/03203428\/logo_concursos-1.jpg","contentUrl":"https:\/\/dhg1h5j42swfq.cloudfront.net\/2025\/06\/03203428\/logo_concursos-1.jpg","width":230,"height":60,"caption":"Estrat\u00e9gia Concursos"},"image":{"@id":"https:\/\/www.estrategiaconcursos.com.br\/blog\/#\/schema\/logo\/image\/"},"sameAs":["https:\/\/x.com\/EstratConcursos"]},{"@type":"Person","@id":"https:\/\/www.estrategiaconcursos.com.br\/blog\/#\/schema\/person\/cc9e76173880338ce9f656c88664a1f6","name":"Diogo Mendes","image":{"@type":"ImageObject","inLanguage":"pt-BR","@id":"https:\/\/secure.gravatar.com\/avatar\/9754d6777d460a45ef4067b586b94c32005cc2345a0404b8d96adc620cf63806?s=96&d=mm&r=g","url":"https:\/\/secure.gravatar.com\/avatar\/9754d6777d460a45ef4067b586b94c32005cc2345a0404b8d96adc620cf63806?s=96&d=mm&r=g","contentUrl":"https:\/\/secure.gravatar.com\/avatar\/9754d6777d460a45ef4067b586b94c32005cc2345a0404b8d96adc620cf63806?s=96&d=mm&r=g","caption":"Diogo Mendes"},"description":"Diogo Mendes \u00e9 jornalista formado pela Universidade Paulista, com experi\u00eancia em reda\u00e7\u00f5es de diversos ve\u00edculos e na produ\u00e7\u00e3o de conte\u00fados especializados em concursos p\u00fablicos. Desde 2019, atua no Estrat\u00e9gia Concursos como Jornalista e Analista de Conte\u00fado, com foco na apura\u00e7\u00e3o de informa\u00e7\u00f5es junto a \u00f3rg\u00e3os e fontes oficiais. Dedica-se especialmente \u00e0 produ\u00e7\u00e3o de not\u00edcias e reportagens sobre Concursos Legislativos, al\u00e9m de acompanhar diariamente os concursos policiais, banc\u00e1rios e da \u00e1rea da sa\u00fade.","url":"https:\/\/www.estrategiaconcursos.com.br\/blog\/author\/diogo-mendesestrategiaconcursos-com-br\/"}]}},"_links":{"self":[{"href":"https:\/\/www.estrategiaconcursos.com.br\/blog\/wp-json\/wp\/v2\/posts\/1701505","targetHints":{"allow":["GET"]}}],"collection":[{"href":"https:\/\/www.estrategiaconcursos.com.br\/blog\/wp-json\/wp\/v2\/posts"}],"about":[{"href":"https:\/\/www.estrategiaconcursos.com.br\/blog\/wp-json\/wp\/v2\/types\/post"}],"author":[{"embeddable":true,"href":"https:\/\/www.estrategiaconcursos.com.br\/blog\/wp-json\/wp\/v2\/users\/1483"}],"replies":[{"embeddable":true,"href":"https:\/\/www.estrategiaconcursos.com.br\/blog\/wp-json\/wp\/v2\/comments?post=1701505"}],"version-history":[{"count":3,"href":"https:\/\/www.estrategiaconcursos.com.br\/blog\/wp-json\/wp\/v2\/posts\/1701505\/revisions"}],"predecessor-version":[{"id":1701822,"href":"https:\/\/www.estrategiaconcursos.com.br\/blog\/wp-json\/wp\/v2\/posts\/1701505\/revisions\/1701822"}],"wp:featuredmedia":[{"embeddable":true,"href":"https:\/\/www.estrategiaconcursos.com.br\/blog\/wp-json\/wp\/v2\/media\/874825"}],"wp:attachment":[{"href":"https:\/\/www.estrategiaconcursos.com.br\/blog\/wp-json\/wp\/v2\/media?parent=1701505"}],"wp:term":[{"taxonomy":"category","embeddable":true,"href":"https:\/\/www.estrategiaconcursos.com.br\/blog\/wp-json\/wp\/v2\/categories?post=1701505"},{"taxonomy":"post_tag","embeddable":true,"href":"https:\/\/www.estrategiaconcursos.com.br\/blog\/wp-json\/wp\/v2\/tags?post=1701505"},{"taxonomy":"tax_estado","embeddable":true,"href":"https:\/\/www.estrategiaconcursos.com.br\/blog\/wp-json\/wp\/v2\/tax_estado?post=1701505"}],"curies":[{"name":"wp","href":"https:\/\/api.w.org\/{rel}","templated":true}]}}