{"id":1701482,"date":"2026-01-25T18:24:00","date_gmt":"2026-01-25T21:24:00","guid":{"rendered":"https:\/\/www.estrategiaconcursos.com.br\/blog\/?p=1701482"},"modified":"2026-01-25T18:25:19","modified_gmt":"2026-01-25T21:25:19","slug":"gabarito-extraoficial-concurso-tce-mg-psicologo","status":"publish","type":"post","link":"https:\/\/www.estrategiaconcursos.com.br\/blog\/gabarito-extraoficial-concurso-tce-mg-psicologo\/","title":{"rendered":"Gabarito Extraoficial Concurso TCE MG &#8211; Cargo: Psic\u00f3logo"},"content":{"rendered":"\n<p>Neste domingo, 25 de janeiro, foram realizadas as <strong>provas objetivas e discursivas do concurso TCE MG (<a href=\"https:\/\/www.estrategiaconcursos.com.br\/cursosPorConcurso\/tce-mg\/\" target=\"_blank\" rel=\"noreferrer noopener\">Tribunal de Contas do Estado de Minas Gerais<\/a>)<\/strong>.<strong>\u00a0<\/strong><\/p>\n\n\n\n<p>As avalia\u00e7\u00f5es aconteceram em dois turnos, sendo das 8h30 \u00e0s 12h30 (objetiva) e das 15h \u00e0s 19h (discursiva), segundo o hor\u00e1rio oficial de Bras\u00edlia, DF.<\/p>\n\n\n\n<p>Com o objetivo de ajud\u00e1-lo a diminuir a ansiedade de saber se foi bem ou n\u00e3o em um concurso t\u00e3o importante,&nbsp;nossos professores realizam a <strong>corre\u00e7\u00e3o ao vivo<\/strong> a partir das 19h, analisando o&nbsp;<strong>gabarito extraoficial<\/strong> da prova do concurso TCE MG para o cargo de <strong>Psic\u00f3logo<\/strong>.<\/p>\n\n\n\n<p>Assim, confira antecipadamente seu desempenho e ainda receba <strong>dicas de recursos<\/strong> (se houver necessidade, claro!).<\/p>\n\n\n\n<p>Lembrando que os gabaritos preliminares devem ser liberados no site do <a href=\"https:\/\/www.cebraspe.org.br\/concursos\/TCE_MG_25\" target=\"_blank\" rel=\"noreferrer noopener\">Cebraspe<\/a> somente no dia 27 de janeiro, pr\u00f3xima ter\u00e7a-feira.<\/p>\n\n\n\n<h2 class=\"wp-block-heading\" id=\"Enfermagem\">Corre\u00e7\u00e3o ao vivo e Gabarito Extraoficial Concurso TCE MG &#8211; Psic\u00f3logo<\/h2>\n\n\n\n<figure class=\"wp-block-embed aligncenter is-type-video is-provider-youtube wp-block-embed-youtube wp-embed-aspect-16-9 wp-has-aspect-ratio\"><div class=\"wp-block-embed__wrapper\">\n<div class=\"lyte-wrapper\" style=\"width:853px;max-width:100%;margin:5px;\"><div class=\"lyMe\" id=\"WYL_kYYcDIEEI40\"><div id=\"lyte_kYYcDIEEI40\" data-src=\"\/\/i.ytimg.com\/vi\/kYYcDIEEI40\/hqdefault.jpg\" class=\"pL\"><div class=\"tC\"><div class=\"tT\"><\/div><\/div><div class=\"play\"><\/div><div class=\"ctrl\"><div class=\"Lctrl\"><\/div><div class=\"Rctrl\"><\/div><\/div><\/div><noscript><a href=\"https:\/\/youtu.be\/kYYcDIEEI40\" rel=\"nofollow\"><img loading=\"lazy\" decoding=\"async\" src=\"https:\/\/i.ytimg.com\/vi\/kYYcDIEEI40\/0.jpg\" alt=\"YouTube video thumbnail\" width=\"853\" height=\"460\" \/><br \/>Assista a este v\u00eddeo no YouTube<\/a><\/noscript><\/div><\/div><div class=\"lL\" style=\"max-width:100%;width:853px;margin:5px;\"><\/div>\n<\/div><\/figure>\n\n\n\n<p><strong>Aten\u00e7\u00e3o! <\/strong>Cada prova costuma ter uma ordena\u00e7\u00e3o diferente das quest\u00f5es. Assim, fique atento ao in\u00edcio do enunciado na sua vers\u00e3o de prova.<\/p>\n\n\n\n<p>A vers\u00e3o corrigida tem como frase: <strong>A cidade \u00e9 a professora do homem<\/strong>.<\/p>\n\n\n\n<h2 class=\"wp-block-heading has-text-align-center has-vivid-purple-color has-text-color has-link-color wp-elements-c99f7f8560e7eb60e734a7d1047c5059\" id=\"h-conhecimentos-gerais\">Conhecimentos gerais<\/h2>\n\n\n\n<h3 class=\"wp-block-heading has-text-align-center has-vivid-cyan-blue-color has-text-color has-link-color wp-elements-ce6a85358c1057f47e268f39db067d01\" id=\"h-lingua-portuguesa\">L\u00edngua Portuguesa<\/h3>\n\n\n\n<p><strong>Quest\u00e3o 1 &#8211;<\/strong> Da leitura do texto CGIA1-infere-se que<br \/><strong>C: <\/strong>as atividades que mais consomem as \u00e1guas que captam&#8230;<\/p>\n\n\n\n<p><strong>Quest\u00e3o 2 &#8211;<\/strong> Julgue os seguintes itens, que se referem a aspectos gramaticais&#8230;<br \/><strong>C: <\/strong>Apenas os itens I e III est\u00e3o certos<\/p>\n\n\n\n<p><strong>Quest\u00e3o 3 &#8211;<\/strong> Julgue os itens a seguir, no que se refere \u00e0 ortografia oficial ao&#8230;<br \/><strong>C: <\/strong>Apenas o item IV est\u00e1 certo.<\/p>\n\n\n\n<p><strong>Quest\u00e3o 4 &#8211;<\/strong> Em cada uma das op\u00e7\u00f5es a seguir, \u00e9 apresentada uma proposta de&#8230;<br \/><strong>A*: <\/strong>A atividade de eletricidade e g\u00e1s foi a que mais captou \u00e1gua<br \/>(85,1%), embora n\u00e3o a tenha consumido&#8230;<\/p>\n\n\n\n<p><strong>Quest\u00e3o 5 &#8211;<\/strong> Estariam preservadas a corre\u00e7\u00e3o gramatical e a coer\u00eancia do texto&#8230;<br \/><strong>A: <\/strong>&#8220;modificados&#8221; (\u00faltimo per\u00edodo do segundo par\u00e1grafo).<\/p>\n\n\n\n<p><strong>Quest\u00e3o 6 &#8211;<\/strong> Da leitura do texto CGIAI-II Conclui-se que&#8230;<br \/><strong>C: <\/strong>a IA estabelece rela\u00e7\u00e3o sem reciprocidade com o usu\u00e1rio.<\/p>\n\n\n\n<p><strong>Quest\u00e3o 7 &#8211;<\/strong> Em rela\u00e7\u00e3o \u00e0s ideias e \u00e0s caracter\u00edsticas do texto CGIAI-II&#8230;<br \/><strong>D: <\/strong>Apenas os itens II e III est\u00e3o certos.<\/p>\n\n\n\n<p><strong>Quest\u00e3o 8 &#8211;<\/strong> Assinale a op\u00e7\u00e3o correta em rela\u00e7\u00e3o ao seguinte trecho do texto&#8230;<br \/><strong>C: <\/strong>O voc\u00e1bulo \u2018melhor&#8217;, em sua segunda ocorr\u00eancia, veicula&#8230;<\/p>\n\n\n\n<p><strong>Quest\u00e3o 9 &#8211;<\/strong> No quarto per\u00edodo do texto CGIA1-II, a express\u00e3o &#8220;ao delegar a&#8230;<br \/><strong>D: <\/strong>quando delegamos a vida aos algoritmos.<\/p>\n\n\n\n<p><strong>Quest\u00e3o 10 &#8211;<\/strong> Assinale a op\u00e7\u00e3o correta acerca de aspectos lingu\u00edsticos&#8230;<br \/><strong>E: <\/strong>O voc\u00e1bulo &#8220;usu\u00e1rios&#8221; funciona sintaticamente como&#8230;<\/p>\n\n\n\n<h3 class=\"wp-block-heading has-text-align-center has-vivid-cyan-blue-color has-text-color has-link-color wp-elements-896d37fa2a207d05c95e6e6aebd041a0\" id=\"h-direito-administrativo\">Direito Administrativo<\/h3>\n\n\n\n<p><strong>Quest\u00e3o 11 &#8211;<\/strong> Em rela\u00e7\u00e3o \u00e0 organiza\u00e7\u00e3o administrativa, assinale a op\u00e7\u00e3o correta<br \/><strong>B: <\/strong>As empresas p\u00fablicas s\u00e3o criadas ap\u00f3s autoriza\u00e7\u00e3o legislativa&#8230;<\/p>\n\n\n\n<p><strong>Quest\u00e3o 12 &#8211;<\/strong> No que concerne aos agentes p\u00fablicos, assinale a op\u00e7\u00e3o correta<br \/><strong>C: <\/strong>As fun\u00e7\u00f5es de confian\u00e7a devem ser exercidas exclusivamente&#8230;<\/p>\n\n\n\n<p><strong>Quest\u00e3o 13 &#8211;<\/strong> Assinale a op\u00e7\u00e3o em que \u00e9 corretamente apresentada a&#8230;<br \/><strong>A: <\/strong>di\u00e1logo competitivo<\/p>\n\n\n\n<p><strong>Quest\u00e3o 14 &#8211;<\/strong> Acerca das compet\u00eancias do tribunal de contas, assinale a op\u00e7\u00e3o correta.<br \/><strong>E: <\/strong>Compete ao tribunal de contas apreciar, para fins de registro..<\/p>\n\n\n\n<p><strong>Quest\u00e3o 15 &#8211;<\/strong> No que diz respeito a responsabilidade civil do Estado no direito&#8230;<br \/><strong>B: <\/strong>Segundo a teoria do dano imediato, a responsabilidade civil se&#8230;<\/p>\n\n\n\n<p><strong>Quest\u00e3o 16 &#8211;<\/strong> Assinale a op\u00e7\u00e3o correta em rela\u00e7\u00e3o \u00e0 prote\u00e7\u00e3o de dados e ao&#8230;<br \/><strong>B: <\/strong>Sem preju\u00edzo da seguran\u00e7a e da prote\u00e7\u00e3o das informa\u00e7\u00f5es e&#8230;<\/p>\n\n\n\n<h3 class=\"wp-block-heading has-text-align-center has-vivid-cyan-blue-color has-text-color has-link-color wp-elements-e63635053b0cd67f92fbc477b59559ef\" id=\"h-direito-constitucional\">Direito Constitucional<\/h3>\n\n\n\n<p><strong>Quest\u00e3o 17 &#8211;<\/strong> Assinale a op\u00e7\u00e3o correta em rela\u00e7\u00e3o \u00e0 disciplina constitucional do&#8230;<br \/><strong>A: <\/strong>Os tribunais de contas possuem compet\u00eancia constitucional&#8230;<\/p>\n\n\n\n<p><strong>Quest\u00e3o 18 &#8211;<\/strong> Considerada a classifica\u00e7\u00e3o da doutrina cl\u00e1ssica quanto \u00e0 efic\u00e1cia&#8230;<br \/><strong>D: <\/strong>efic\u00e1cia contida, sendo autoaplic\u00e1vel e garantindo a liberdade&#8230;<\/p>\n\n\n\n<p><strong>Quest\u00e3o 19 &#8211;<\/strong> O modo de fazer queijo minas artesanal tornou-se&#8230;<br \/><strong>B: <\/strong>Desde que expressamente autorizada, a AMIQUEIJO tem&#8230;<\/p>\n\n\n\n<p><strong>Quest\u00e3o 20 &#8211;<\/strong> No que diz respeito \u00e0s fun\u00e7\u00f5es essenciais \u00e0 justi\u00e7a, assinale a op\u00e7\u00e3o correta.<br \/><strong>D: <\/strong>A independ\u00eancia funcional \u00e9 constitucionalmente assegurada&#8230;<\/p>\n\n\n\n<h3 class=\"wp-block-heading has-text-align-center has-vivid-cyan-blue-color has-text-color has-link-color wp-elements-0c366009174d2f371d70b98f5472e13c\" id=\"h-controle-externo\">Controle Externo<\/h3>\n\n\n\n<p><strong>Quest\u00e3o 21 &#8211;<\/strong> O controle da administra\u00e7\u00e3o p\u00fablica, em sua acep\u00e7\u00e3o moderna e<br \/><strong>C: <\/strong>efici\u00eancia<\/p>\n\n\n\n<p><strong>Quest\u00e3o 22 &#8211;<\/strong> No que diz respeito as caracter\u00edsticas do controle jurisdicional da&#8230;<br \/><strong>B: <\/strong>O controle jurisdicional \u00e9 primariamente exercido&#8230;<\/p>\n\n\n\n<p><strong>Quest\u00e3o 23 &#8211;<\/strong> Com base no Regimento Interno do TCE\/MG, assinale a op\u00e7\u00e3o&#8230;<br \/><strong>D: <\/strong>O pedido de reexame \u00e9 o recurso cab\u00edvel contra o parecer&#8230;<\/p>\n\n\n\n<p><strong>Quest\u00e3o 24 &#8211;<\/strong> No \u00e2mbito do controle administrativo, o recurso hier\u00e1rquico impr\u00f3prio \u00e9<br \/><strong>A: <\/strong>o recurso dirigido a uma autoridade que n\u00e3o possui rela\u00e7\u00e3o&#8230;<\/p>\n\n\n\n<p><strong>Quest\u00e3o 25 &#8211;<\/strong> De acordo com o Regimento Interno do TCE\/MG, o conselheiro substituto<br \/><strong>D: <\/strong>adquire, na substitui\u00e7\u00e3o, os mesmos direitos, prerrogativas e&#8230;<\/p>\n\n\n\n<p><strong>Quest\u00e3o 26 &#8211;<\/strong> De acordo com a Lei de Improbidade Administrativa (Lei&#8230;<br \/><strong>D: <\/strong>o dolo espec\u00edfico, que corresponde \u00e0 inten\u00e7\u00e3o de obter&#8230;<\/p>\n\n\n\n<h3 class=\"wp-block-heading has-text-align-center has-vivid-cyan-blue-color has-text-color has-link-color wp-elements-84b4e1c072a123585b08d5b64fd2603d\" id=\"h-nocoes-de-direitos-humanos\">No\u00e7\u00f5es de Direitos Humanos<\/h3>\n\n\n\n<p><strong>Quest\u00e3o 27 &#8211;<\/strong> Assinale a op\u00e7\u00e3o em que s\u00e3o corretamente citados os eixos da&#8230;<br \/><strong>C: <\/strong>direito internacional humanit\u00e1rio e direito internacional dos&#8230;<\/p>\n\n\n\n<p><strong>Quest\u00e3o 28 &#8211;<\/strong> Assinale a op\u00e7\u00e3o em que \u00e9 corretamente descrito o objetivo de desenvolvimento sustent\u00e1vel (ODS) relacionado \u00e0 meta da Agenda&#8230;<br \/><strong>E: <\/strong>Promover sociedades pac\u00edficas e inclusivas para o desenvolvimento sustent\u00e1vel<\/p>\n\n\n\n<p><strong>Quest\u00e3o 29 &#8211;<\/strong> A concep\u00e7\u00e3o contempor\u00e2nea de direitos humanos, introduzida pela Declara\u00e7\u00e3o Universal de Direitos Humanos&#8230;<br \/><strong>E: <\/strong>universalidade e indivisibilidade<\/p>\n\n\n\n<p><strong>Quest\u00e3o 30 &#8211;<\/strong> Segundo o Estatuto da Igualdade Racial (Lei n.\u00ba 12.288\/2010), toda distin\u00e7\u00e3o ou prefer\u00eancia que&#8230;<br \/><strong>B: <\/strong>discrimina\u00e7\u00e3o \u00e9tnico-racial<\/p>\n\n\n\n<h2 class=\"wp-block-heading has-text-align-center has-vivid-purple-color has-text-color has-link-color wp-elements-0351c18e8d84fbf464b3a116cce3cb3a\" id=\"h-conhecimentos-especificos\">Conhecimentos espec\u00edficos<\/h2>\n\n\n\n<h3 class=\"wp-block-heading has-text-align-center has-vivid-cyan-blue-color has-text-color has-link-color wp-elements-9e4abb0110720185682418b0489d6349\" id=\"h-psicologia\">Psicologia<\/h3>\n\n\n\n<p><strong>Quest\u00e3o 31 &#8211;<\/strong> De acordo com o C\u00f3digo de \u00c9tica Profissional do Psic\u00f3logo, o psic\u00f3logo pode&#8230;<br \/><strong>A: <\/strong>sugerir servi\u00e7os de outros psic\u00f3logos aos pacientes, caso, por&#8230;<\/p>\n\n\n\n<p><strong>Quest\u00e3o 32 &#8211;<\/strong> No que diz respeito \u00e0 quebra do sigilo profissional e da&#8230;<br \/><strong>B: <\/strong>Em caso de interrup\u00e7\u00e3o do trabalho, cabe ao psic\u00f3logo zelar&#8230;<\/p>\n\n\n\n<p><strong>Quest\u00e3o 33 &#8211;<\/strong> Os pais de Ana, uma menina de 10 anos, foram orientados&#8230;<br \/><strong>D: <\/strong>Os psic\u00f3logos da clinica podem realizar a avalia\u00e7\u00e3o&#8230;<\/p>\n\n\n\n<p><strong>Quest\u00e3o 34 &#8211;<\/strong> No que diz respeito aos fundamentos e \u00e1s etapas que regem a&#8230;<br \/><strong>E: <\/strong>A mensura\u00e7\u00e3o \u00e9 dividida nos n\u00edveis nominal, ordinal, de&#8230;<\/p>\n\n\n\n<p><strong>Quest\u00e3o 35 &#8211;<\/strong> Considerando a recomenda\u00e7\u00e3o do Conselho Federal de&#8230;<br \/><strong>A: <\/strong>O parecer psicol\u00f3gico finalidade \u00e9 um pronunciamento por escrito&#8230;<\/p>\n\n\n\n<p><strong>Quest\u00e3o 36 &#8211;<\/strong> Assinale a op\u00e7\u00e3o em que \u00e9 corretamente citado um sintoma de&#8230;<br \/><strong>B: <\/strong>mancha cut\u00e2nea<\/p>\n\n\n\n<p><strong>Quest\u00e3o 37 &#8211;<\/strong> Julgue os itens a seguir, relativos aos transtornos&#8230;<br \/><strong>B: <\/strong>I e IV.<\/p>\n\n\n\n<p><strong>Quest\u00e3o 38 &#8211;<\/strong> Considerando as abordagens te\u00f3ricas da psicoterapia, assinale a op\u00e7\u00e3o correta<br \/><strong>D: <\/strong>De acordo com as contribui\u00e7\u00f5es de Carl Rogers, o camp\u043e&#8230;<\/p>\n\n\n\n<p><strong>Quest\u00e3o 39 &#8211;<\/strong> A fus\u00e3o de ideias do pensamento inconsciente em uma \u00fanica&#8230;<br \/><strong>C: <\/strong>condensa\u00e7\u00e3o<\/p>\n\n\n\n<p><strong>Quest\u00e3o 40 &#8211;<\/strong> Assinale a op\u00e7\u00e3o correta em rela\u00e7\u00e3o aos transtornos psic\u00f3ticos<br \/><strong>A: <\/strong>Hiperatividade auton\u00f4mica \u00e9 um dos sintomas poss\u00edveis em&#8230;<\/p>\n\n\n\n<p><strong>Quest\u00e3o 41 &#8211;<\/strong> A proposta de promo\u00e7\u00e3o da sa\u00fade disseminada pela Organiza\u00e7\u00e3o&#8230;<br \/><strong>B: <\/strong>preven\u00e7\u00e3o<\/p>\n\n\n\n<p><strong>Quest\u00e3o 42 &#8211;<\/strong> Em resposta \u00e0 necessidade de redimensionar os limites da ci\u00eancia&#8230;<br \/><strong>B: <\/strong>supera\u00e7\u00e3o das fronteiras existentes entre as disciplinas e&#8230;<\/p>\n\n\n\n<p><strong>Quest\u00e3o 43 &#8211;<\/strong> Com base nos princ\u00edpios da reforma sanit\u00e1ria e da reforma&#8230;<br \/><strong>E: <\/strong>prevenir os agravos de sa\u00fade mental, garantir a integridade do&#8230;<\/p>\n\n\n\n<p><strong>Quest\u00e3o 44 &#8211;<\/strong> Assinale a op\u00e7\u00e3o que corresponde as diretrizes que orientam&#8230;<br \/><strong>A: <\/strong>protagonismo dos usu\u00e1rios e familiares, aten\u00e7\u00e3o integral e&#8230;<\/p>\n\n\n\n<p><strong>Quest\u00e3o 45 &#8211;<\/strong> Na psicoterapia de orienta\u00e7\u00e3o anal\u00edtica (POA), diferentemente da&#8230;<br \/><strong>E: <\/strong>os conceitos psicanal\u00edticos do inconsciente, da transfer\u00eancia \u0435&#8230;<\/p>\n\n\n\n<p><strong>Quest\u00e3o 46 &#8211;<\/strong> Acerca da estrutura organizacional julgue os itens a seguir.<br \/><strong>B: <\/strong>Apenas o item IIl est\u00e1 certo.<\/p>\n\n\n\n<p><strong>Quest\u00e3o 47 &#8211;<\/strong> O monitoramento de rela\u00e7\u00f5es de poder e da estrutura&#8230;<br \/><strong>E: <\/strong>O ass\u00e9dio compreende um conjunto de sinais em que ocorre a&#8230;<\/p>\n\n\n\n<p><strong>Quest\u00e3o 48 &#8211;<\/strong> Com rela\u00e7\u00e3o \u00e0 cultura e \u00e1s bases te\u00f3ricas que desenvolveram o&#8230;<br \/><strong>D: <\/strong>Boas ampliou a compreens\u00e3o do conceito de cultura&#8230;<\/p>\n\n\n\n<p><strong>Quest\u00e3o 49 &#8211;<\/strong> Acerca da cultura organizacional no Poder Judici\u00e1rio e das&#8230;<br \/><strong>E: <\/strong>No Poder Judici\u00e1rio, os agrupamentos profissionais que&#8230;<\/p>\n\n\n\n<p><strong>Quest\u00e3o 50 &#8211;<\/strong> No que se refere \u00e0s teorias administrativas e \u00e0 sua rela\u00e7\u00e3o com a&#8230;<br \/><strong>D: <\/strong>O efeito Hawthorne corresponde ao fen\u00f3meno observado&#8230;<\/p>\n\n\n\n<p><strong>Quest\u00e3o 51 &#8211;<\/strong> Acerca do clima organizacional, assinale a op\u00e7\u00e3o correta<br \/><strong>A: <\/strong>O clima organizacional \u00e9 o conjunto de percep\u00e7\u00f5es&#8230;<\/p>\n\n\n\n<p><strong>Quest\u00e3o 52 &#8211;<\/strong> A respeito da gest\u00e3o do clima organizacional em contextos de&#8230;<br \/><strong>C: <\/strong>Os benef\u00edcios com a flexibilidade e o conforto, resultantes da&#8230;<\/p>\n\n\n\n<p><strong>Quest\u00e3o 53 &#8211;<\/strong> No que concerne \u00e0 cultura organizacional, assinale a op\u00e7\u00e3o correta<br \/><strong>C*: <\/strong>A rotatividade baixa \u00e9 um indicador de cultura organizacional&#8230;<\/p>\n\n\n\n<p><strong>Quest\u00e3o 54 &#8211;<\/strong> No que concerne \u00e0 cultura organizacional, as organiza\u00e7\u00f5es devem&#8230;<br \/><strong>A: <\/strong>Apenas o item II est\u00e1 certo.<\/p>\n\n\n\n<p><strong>Quest\u00e3o 55 &#8211;<\/strong> Em determinada organiza\u00e7\u00e3o, ap\u00f3s meses de intensivos&#8230;<br \/><strong>D: <\/strong>manter as a\u00e7\u00f5es de inclus\u00e3o e comunic\u00e1-las de forma mais&#8230;<\/p>\n\n\n\n<p><strong>Quest\u00e3o 56 &#8211;<\/strong> A Secretaria de Educa\u00e7\u00e3o do estado X percebeu queda no&#8230;<br \/><strong>A: <\/strong>motiva\u00e7\u00e3o intr\u00ednseca, vinculada ao conte\u00fado da tarefa&#8230;<\/p>\n\n\n\n<p><strong>Quest\u00e3o 57 &#8211;<\/strong> Uma secretaria estadual implantou um novo sistema&#8230;<br \/><strong>E: <\/strong>interdepend\u00eancia entre os membros e coopera\u00e7\u00e3o cont\u00ednua<\/p>\n\n\n\n<p><strong>Quest\u00e3o 58 &#8211;<\/strong> Assinale a op\u00e7\u00e3o em que \u00e9 corretamente apresentada uma caracter\u00edstica de uma equipe de trabalho<br \/><strong>A: <\/strong>responsabilidade compartilhada pelos resultado<\/p>\n\n\n\n<p><strong>Quest\u00e3o 59 &#8211;<\/strong> Uma equipe de auditores fiscais relatou aumento de dores&#8230;<br \/><strong>B*: <\/strong>a discrep\u00e2ncia entre o trabalho prescrito e o trabalho real&#8230;<\/p>\n\n\n\n<p><strong>Quest\u00e3o 60 &#8211;<\/strong> De acordo com os estudos na \u00e1rea de psicopatologia do trabalho&#8230;<br \/><strong>E: <\/strong>as normas s\u00e3o r\u00edgidas, o trabalho \u00e9 extremamente prescritivo e&#8230;<\/p>\n\n\n\n<p><strong>Quest\u00e3o 61 &#8211;<\/strong> Modelos de qualidade de vida no trabalho baseados em aspectos&#8230;<br \/><strong>B: <\/strong>integrar a\u00e7\u00f5es individuais e mudan\u00e7as organizacionais&#8230;<\/p>\n\n\n\n<p><strong>Quest\u00e3o 62 &#8211;<\/strong> Em pesquisa interna realizada em uma autarquia federal&#8230;<br \/><strong>E: <\/strong>sofrimento organizacional decorrente de&#8230;<\/p>\n\n\n\n<p><strong>Quest\u00e3o 63 &#8211;<\/strong> Segundo as teorias cl\u00e1ssicas e contempor\u00e2neas do&#8230;<br \/><strong>C: <\/strong>o poder de refer\u00eancia e o poder de compet\u00eancia tendem&#8230;<\/p>\n\n\n\n<p><strong>Quest\u00e3o 64 &#8211;<\/strong> Em uma organiza\u00e7\u00e3o p\u00fablica, constatou-se que, embora&#8230;<br \/><strong>C: <\/strong>sofrimento ocupacional relacionado a fatores psicossociais&#8230;<\/p>\n\n\n\n<p><strong>Quest\u00e3o 65 &#8211;<\/strong> Uma equipe de servidores de um \u00f3rg\u00e3o p\u00fablico relatou&#8230;<br \/><strong>E: <\/strong>o risco de sofrimento patog\u00eanico, uma vez que a supress\u00e3o da&#8230;<\/p>\n\n\n\n<p><strong>Quest\u00e3o 66 &#8211;<\/strong> Nas organiza\u00e7\u00f5es, a constru\u00e7\u00e3o de conhecimento \u00e9 conseguida&#8230;<br \/><strong>D: <\/strong>socializa\u00e7\u00e3o<\/p>\n\n\n\n<p><strong>Quest\u00e3o 67 &#8211;<\/strong> O processo de aprendizagem nas organiza\u00e7\u00f5es que se da por&#8230;<br \/><strong>C: <\/strong>aprender ao analisar o desempenho.<\/p>\n\n\n\n<p><strong>Quest\u00e3o 68 &#8211;<\/strong> Assinale a op\u00e7\u00e3o que corresponde ao m\u00e9todo que avalia o&#8230;<br \/><strong>D: <\/strong>m\u00e9todo da escala de padr\u00e3o misto<\/p>\n\n\n\n<p><strong>Quest\u00e3o 69 &#8211;<\/strong> No que diz respeito aos m\u00e9todos de sele\u00e7\u00e3o de pessoas a serem&#8230;<br \/><strong>E: <\/strong>teste de capacidades cognitivas e teste de personalidade<\/p>\n\n\n\n<p><strong>Quest\u00e3o 70 &#8211;<\/strong> A caracter\u00edstica da avalia\u00e7\u00e3o de desempenho que diz respeito aos m\u00e9todos&#8230;<br \/><strong>C: <\/strong>sensibilidade<\/p>\n\n\n\n<p><strong>Quest\u00e3o 71 &#8211;<\/strong> O desempenho de certo servidor p\u00fablico foi avaliado pela&#8230;<br \/><strong>B: <\/strong>composto<\/p>\n\n\n\n<p><strong>Quest\u00e3o 72 &#8211;<\/strong> A equipe de gest\u00e3o de pessoas de certa organiza\u00e7\u00e3o&#8230;<br \/><strong>E: <\/strong>analise de tarefas<\/p>\n\n\n\n<p><strong>Quest\u00e3o 73 &#8211;<\/strong> Durante o planejamento de uma a\u00e7\u00e3o de treinamento, \u0430&#8230;<br \/><strong>A: <\/strong>an\u00e1lise<\/p>\n\n\n\n<p><strong>Quest\u00e3o 74 &#8211;<\/strong> Considerando o modelo de avalia\u00e7\u00e3o integrada e somativa (MAIS)&#8230;<br \/><strong>D: <\/strong>resultados<\/p>\n\n\n\n<p><strong>Quest\u00e3o 75 &#8211;<\/strong> Assinale a op\u00e7\u00e3o que apresenta a consequ\u00eancia imediata da&#8230;<br \/><strong>B: <\/strong>melhoria na qualidade do trabalho<\/p>\n\n\n\n<p><strong>Quest\u00e3o 76 &#8211;<\/strong> Compete ao profissional da \u00e1rea de psicopatologia criminal<br \/><strong>E: <\/strong>identificar e analisar fatores de risco psicossociais<\/p>\n\n\n\n<p><strong>Quest\u00e3o 77 &#8211;<\/strong> Um adolescente autor de ato infracional que, durante o&#8230;<br \/><strong>C: <\/strong>tratamento terap\u00eautico.<\/p>\n\n\n\n<p><strong>Quest\u00e3o 78 &#8211;<\/strong> A luz do Estatuto da Pessoa ldosa (Lei n.\u00b0 10.741\/2003), assinale&#8230;<br \/><strong>D: <\/strong>A lei assegura prioridade na tramita\u00e7\u00e3o dos processo&#8230;<\/p>\n\n\n\n<p><strong>Quest\u00e3o 79 &#8211;<\/strong> De acordo com a Lei da Media\u00e7\u00e3o e o Estatuto da Pessoa Idosa&#8230;<br \/><strong>E: <\/strong>A Lei da Media\u00e7\u00e3o estabelece os elementos m\u00ednimos&#8230;<\/p>\n\n\n\n<p><strong>Quest\u00e3o 80 &#8211;<\/strong> Com base na Lei da Media\u00e7\u00e3o e no tratamento jur\u00eddico&#8230;<br \/><strong>D: <\/strong>Pessoas com transtornos de personalidade devem&#8230;<\/p>\n\n\n\n<figure class=\"wp-block-image aligncenter size-full is-resized\"><img loading=\"lazy\" decoding=\"async\" width=\"775\" height=\"803\" src=\"https:\/\/dhg1h5j42swfq.cloudfront.net\/2025\/08\/17015212\/coruja_lapis.jpg\" alt=\"Gabarito Extraoficial Concurso TCE MG - Cargo: Psic\u00f3logo\" class=\"wp-image-1624901\" style=\"aspect-ratio:0.9651399312618363;width:66px;height:auto\" srcset=\"https:\/\/dhg1h5j42swfq.cloudfront.net\/2025\/08\/17015212\/coruja_lapis.jpg 775w, https:\/\/dhg1h5j42swfq.cloudfront.net\/2025\/08\/17015212\/coruja_lapis-290x300.jpg 290w, https:\/\/dhg1h5j42swfq.cloudfront.net\/2025\/08\/17015212\/coruja_lapis-768x796.jpg 768w, https:\/\/dhg1h5j42swfq.cloudfront.net\/2025\/08\/17015212\/coruja_lapis-150x155.jpg 150w\" sizes=\"auto, (max-width: 775px) 100vw, 775px\" \/><\/figure>\n\n\n\n<p class=\"has-text-align-center has-background has-medium-font-size\" style=\"background-color:#abb7c229\"><strong>Saiba mais:&nbsp;<a href=\"https:\/\/www.estrategiaconcursos.com.br\/blog\/concurso-tce-mg\/\" target=\"_blank\" rel=\"noreferrer noopener\">Concurso TCE MG<\/a><\/strong><\/p>\n\n\n\n<div class=\"container\" id=\"boxes\">\n  <div class=\"row\">\n\n    <div class=\"col-sm\">\n      <div class=\"banner-controle-ec\" id=\"box-assinatura\">\n        <h2 class=\"titulo-assinatura\">Cursos Concurso TCE MG<\/h2>\n        <p class=\"subtitulo-assinatura\">Estude com o Estrat\u00e9gia!<\/p>\n        <div class=\"box-botao\">\n          <a class=\"btn-assinatura\" target=\"_blank\" href=\"https:\/\/www.estrategiaconcursos.com.br\/cursosPorConcurso\/tce-mg\/\" role=\"button\" rel=\"noopener noreferrer\">VER CURSOS<\/a>\n        <\/div>\n      <\/div>\n      \n    <\/div>\n\n  <\/div>\n<\/div>\n\n\n\n<div class=\"container\" id=\"boxes\">\r\n  <div class=\"row\">\r\n\r\n    <div class=\"col-sm\">\r\n      <div class=\"estrategia\" id=\"box-assinatura\">\r\n        <h3 class=\"titulo-assinatura\"> Concursos P\u00fablicos\r\n        <p class=\"subtitulo-assinatura\">Assinatura de 1 ano ou 2 anos<\/p>\r\n        <div class=\"box-botao\">\r\n          <a class=\"btn-assinatura\" target=\"_blank\" href=\"https:\/\/www.estrategiaconcursos.com.br\/assinaturas\/\" role=\"button\" rel=\"noopener noreferrer\">ASSINE AGORA<\/a>\r\n        <\/div>\r\n      <\/h3><\/div><\/div><\/div><\/div>\n\n\n\n<h2 class=\"wp-block-heading has-text-align-center\" id=\"h-quer-saber-tudo-sobre-concursos-previstos-confira-nossos-artigos\">Quer saber tudo sobre concursos previstos?<br \/>Confira nossos artigos!<\/h2>\n\n\n\n<ul class=\"wp-block-list\">\n<li><a href=\"https:\/\/www.estrategiaconcursos.com.br\/blog\/concursos-abertos\/\" target=\"_blank\" rel=\"noreferrer noopener\">Concursos Abertos<\/a><\/li>\n\n\n\n<li><a href=\"https:\/\/www.estrategiaconcursos.com.br\/blog\/concursos-controle\/\" target=\"_blank\" rel=\"noreferrer noopener\">Concursos Controle<\/a><\/li>\n\n\n\n<li><a href=\"https:\/\/www.estrategiaconcursos.com.br\/blog\/concursos-2026\/\" target=\"_blank\" rel=\"noreferrer noopener\">Concursos 2026<\/a><\/li>\n\n\n\n<li><a href=\"https:\/\/www.estrategiaconcursos.com.br\/blog\/concursos-mg\/\" target=\"_blank\" rel=\"noreferrer noopener\">Concursos MG<\/a><\/li>\n<\/ul>\n","protected":false},"excerpt":{"rendered":"<p>Neste domingo, 25 de janeiro, foram realizadas as provas objetivas e discursivas do concurso TCE MG (Tribunal de Contas do Estado de Minas Gerais).\u00a0 As avalia\u00e7\u00f5es aconteceram em dois turnos, sendo das 8h30 \u00e0s 12h30 (objetiva) e das 15h \u00e0s 19h (discursiva), segundo o hor\u00e1rio oficial de Bras\u00edlia, DF. Com o objetivo de ajud\u00e1-lo a [&hellip;]<\/p>\n","protected":false},"author":659,"featured_media":1704403,"comment_status":"open","ping_status":"closed","sticky":false,"template":"","format":"standard","meta":{"post_tipo":"news","footnotes":""},"categories":[1981,214710,220219],"tags":[331,867],"tax_estado":[219974],"class_list":["post-1701482","post","type-post","status-publish","format-standard","has-post-thumbnail","hentry","category-saude","category-tribunais-de-contas","category-noticias","tag-gabarito","tag-prova-comentada","tax_estado-mg"],"acf":[],"yoast_head":"<!-- This site is optimized with the Yoast SEO Premium plugin v27.2 (Yoast SEO v27.2) - https:\/\/yoast.com\/product\/yoast-seo-premium-wordpress\/ -->\n<title>Gabarito Extraoficial Concurso TCE MG - Cargo: Psic\u00f3logo<\/title>\n<meta name=\"description\" content=\"Acompanhe a corre\u00e7\u00e3o ao vivo do Gabarito Extraoficial TCE MG - Psic\u00f3logo e confira seu desempenho no concurso deste domingo!\" \/>\n<meta name=\"robots\" content=\"index, follow, max-snippet:-1, max-image-preview:large, max-video-preview:-1\" \/>\n<link rel=\"canonical\" href=\"https:\/\/www.estrategiaconcursos.com.br\/blog\/gabarito-extraoficial-concurso-tce-mg-psicologo\/\" \/>\n<meta property=\"og:locale\" content=\"pt_BR\" \/>\n<meta property=\"og:type\" content=\"article\" \/>\n<meta property=\"og:title\" content=\"Gabarito Extraoficial Concurso TCE MG - Cargo: Psic\u00f3logo\" \/>\n<meta property=\"og:description\" content=\"Acompanhe a corre\u00e7\u00e3o ao vivo do Gabarito Extraoficial TCE MG - Psic\u00f3logo e confira seu desempenho no concurso deste domingo!\" \/>\n<meta property=\"og:url\" content=\"https:\/\/www.estrategiaconcursos.com.br\/blog\/gabarito-extraoficial-concurso-tce-mg-psicologo\/\" \/>\n<meta property=\"og:site_name\" content=\"Estrat\u00e9gia Concursos\" \/>\n<meta property=\"article:published_time\" content=\"2026-01-25T21:24:00+00:00\" \/>\n<meta property=\"article:modified_time\" content=\"2026-01-25T21:25:19+00:00\" \/>\n<meta property=\"og:image\" content=\"https:\/\/dhg1h5j42swfq.cloudfront.net\/2026\/01\/23165407\/capturar.jpg\" \/>\n\t<meta property=\"og:image:width\" content=\"1347\" \/>\n\t<meta property=\"og:image:height\" content=\"688\" \/>\n\t<meta property=\"og:image:type\" content=\"image\/jpeg\" \/>\n<meta name=\"author\" content=\"Camila Leite\" \/>\n<meta name=\"twitter:card\" content=\"summary_large_image\" \/>\n<meta name=\"twitter:creator\" content=\"@EstratConcursos\" \/>\n<meta name=\"twitter:site\" content=\"@EstratConcursos\" \/>\n<meta name=\"twitter:label1\" content=\"Escrito por\" \/>\n\t<meta name=\"twitter:data1\" content=\"Camila Leite\" \/>\n\t<meta name=\"twitter:label2\" content=\"Est. tempo de leitura\" \/>\n\t<meta name=\"twitter:data2\" content=\"10 minutos\" \/>\n<script type=\"application\/ld+json\" class=\"yoast-schema-graph\">{\"@context\":\"https:\/\/schema.org\",\"@graph\":[{\"@type\":\"NewsArticle\",\"@id\":\"https:\/\/www.estrategiaconcursos.com.br\/blog\/gabarito-extraoficial-concurso-tce-mg-psicologo\/#article\",\"isPartOf\":{\"@id\":\"https:\/\/www.estrategiaconcursos.com.br\/blog\/gabarito-extraoficial-concurso-tce-mg-psicologo\/\"},\"author\":{\"name\":\"Camila Leite\",\"@id\":\"https:\/\/www.estrategiaconcursos.com.br\/blog\/#\/schema\/person\/84ecdc6eb58d3cf1689bf76c5cd8fb38\"},\"headline\":\"Gabarito Extraoficial Concurso TCE MG &#8211; Cargo: Psic\u00f3logo\",\"datePublished\":\"2026-01-25T21:24:00+00:00\",\"dateModified\":\"2026-01-25T21:25:19+00:00\",\"mainEntityOfPage\":{\"@id\":\"https:\/\/www.estrategiaconcursos.com.br\/blog\/gabarito-extraoficial-concurso-tce-mg-psicologo\/\"},\"wordCount\":2109,\"commentCount\":0,\"publisher\":{\"@id\":\"https:\/\/www.estrategiaconcursos.com.br\/blog\/#organization\"},\"image\":{\"@id\":\"https:\/\/www.estrategiaconcursos.com.br\/blog\/gabarito-extraoficial-concurso-tce-mg-psicologo\/#primaryimage\"},\"thumbnailUrl\":\"https:\/\/dhg1h5j42swfq.cloudfront.net\/2026\/01\/23165407\/capturar.jpg\",\"keywords\":[\"Gabarito\",\"prova comentada\"],\"articleSection\":[\"Sa\u00fade\",\"Tribunais de Contas (TCU, TCE, TCM)\",\"\u00daltimas not\u00edcias\"],\"inLanguage\":\"pt-BR\",\"potentialAction\":[{\"@type\":\"CommentAction\",\"name\":\"Comment\",\"target\":[\"https:\/\/www.estrategiaconcursos.com.br\/blog\/gabarito-extraoficial-concurso-tce-mg-psicologo\/#respond\"]}],\"copyrightYear\":\"2026\",\"copyrightHolder\":{\"@id\":\"https:\/\/www.estrategiaconcursos.com.br\/blog\/#organization\"}},{\"@type\":\"WebPage\",\"@id\":\"https:\/\/www.estrategiaconcursos.com.br\/blog\/gabarito-extraoficial-concurso-tce-mg-psicologo\/\",\"url\":\"https:\/\/www.estrategiaconcursos.com.br\/blog\/gabarito-extraoficial-concurso-tce-mg-psicologo\/\",\"name\":\"Gabarito Extraoficial Concurso TCE MG - Cargo: Psic\u00f3logo\",\"isPartOf\":{\"@id\":\"https:\/\/www.estrategiaconcursos.com.br\/blog\/#website\"},\"primaryImageOfPage\":{\"@id\":\"https:\/\/www.estrategiaconcursos.com.br\/blog\/gabarito-extraoficial-concurso-tce-mg-psicologo\/#primaryimage\"},\"image\":{\"@id\":\"https:\/\/www.estrategiaconcursos.com.br\/blog\/gabarito-extraoficial-concurso-tce-mg-psicologo\/#primaryimage\"},\"thumbnailUrl\":\"https:\/\/dhg1h5j42swfq.cloudfront.net\/2026\/01\/23165407\/capturar.jpg\",\"datePublished\":\"2026-01-25T21:24:00+00:00\",\"dateModified\":\"2026-01-25T21:25:19+00:00\",\"description\":\"Acompanhe a corre\u00e7\u00e3o ao vivo do Gabarito Extraoficial TCE MG - Psic\u00f3logo e confira seu desempenho no concurso deste domingo!\",\"breadcrumb\":{\"@id\":\"https:\/\/www.estrategiaconcursos.com.br\/blog\/gabarito-extraoficial-concurso-tce-mg-psicologo\/#breadcrumb\"},\"inLanguage\":\"pt-BR\",\"potentialAction\":[{\"@type\":\"ReadAction\",\"target\":[\"https:\/\/www.estrategiaconcursos.com.br\/blog\/gabarito-extraoficial-concurso-tce-mg-psicologo\/\"]}]},{\"@type\":\"ImageObject\",\"inLanguage\":\"pt-BR\",\"@id\":\"https:\/\/www.estrategiaconcursos.com.br\/blog\/gabarito-extraoficial-concurso-tce-mg-psicologo\/#primaryimage\",\"url\":\"https:\/\/dhg1h5j42swfq.cloudfront.net\/2026\/01\/23165407\/capturar.jpg\",\"contentUrl\":\"https:\/\/dhg1h5j42swfq.cloudfront.net\/2026\/01\/23165407\/capturar.jpg\",\"width\":1347,\"height\":688},{\"@type\":\"BreadcrumbList\",\"@id\":\"https:\/\/www.estrategiaconcursos.com.br\/blog\/gabarito-extraoficial-concurso-tce-mg-psicologo\/#breadcrumb\",\"itemListElement\":[{\"@type\":\"ListItem\",\"position\":1,\"name\":\"In\u00edcio\",\"item\":\"https:\/\/www.estrategiaconcursos.com.br\/blog\/\"},{\"@type\":\"ListItem\",\"position\":2,\"name\":\"Gabarito Extraoficial Concurso TCE MG &#8211; Cargo: Psic\u00f3logo\"}]},{\"@type\":\"WebSite\",\"@id\":\"https:\/\/www.estrategiaconcursos.com.br\/blog\/#website\",\"url\":\"https:\/\/www.estrategiaconcursos.com.br\/blog\/\",\"name\":\"Estrat\u00e9gia Concursos\",\"description\":\"O blog da Estrat\u00e9gia Concursos traz not\u00edcias sobre concursos e artigos de professores oferecendo cursos para concursos (pdf + videaulas) no site.\",\"publisher\":{\"@id\":\"https:\/\/www.estrategiaconcursos.com.br\/blog\/#organization\"},\"potentialAction\":[{\"@type\":\"SearchAction\",\"target\":{\"@type\":\"EntryPoint\",\"urlTemplate\":\"https:\/\/www.estrategiaconcursos.com.br\/blog\/?s={search_term_string}\"},\"query-input\":{\"@type\":\"PropertyValueSpecification\",\"valueRequired\":true,\"valueName\":\"search_term_string\"}}],\"inLanguage\":\"pt-BR\"},{\"@type\":\"Organization\",\"@id\":\"https:\/\/www.estrategiaconcursos.com.br\/blog\/#organization\",\"name\":\"Estrat\u00e9gia Concursos\",\"url\":\"https:\/\/www.estrategiaconcursos.com.br\/blog\/\",\"logo\":{\"@type\":\"ImageObject\",\"inLanguage\":\"pt-BR\",\"@id\":\"https:\/\/www.estrategiaconcursos.com.br\/blog\/#\/schema\/logo\/image\/\",\"url\":\"https:\/\/dhg1h5j42swfq.cloudfront.net\/2025\/06\/03203428\/logo_concursos-1.jpg\",\"contentUrl\":\"https:\/\/dhg1h5j42swfq.cloudfront.net\/2025\/06\/03203428\/logo_concursos-1.jpg\",\"width\":230,\"height\":60,\"caption\":\"Estrat\u00e9gia Concursos\"},\"image\":{\"@id\":\"https:\/\/www.estrategiaconcursos.com.br\/blog\/#\/schema\/logo\/image\/\"},\"sameAs\":[\"https:\/\/x.com\/EstratConcursos\"]},{\"@type\":\"Person\",\"@id\":\"https:\/\/www.estrategiaconcursos.com.br\/blog\/#\/schema\/person\/84ecdc6eb58d3cf1689bf76c5cd8fb38\",\"name\":\"Camila Leite\",\"image\":{\"@type\":\"ImageObject\",\"inLanguage\":\"pt-BR\",\"@id\":\"https:\/\/secure.gravatar.com\/avatar\/f2f8faef639c8a2bfb7fb909912a56917f4c3a0aed064500168e2fb8ea55cf61?s=96&d=mm&r=g\",\"url\":\"https:\/\/secure.gravatar.com\/avatar\/f2f8faef639c8a2bfb7fb909912a56917f4c3a0aed064500168e2fb8ea55cf61?s=96&d=mm&r=g\",\"contentUrl\":\"https:\/\/secure.gravatar.com\/avatar\/f2f8faef639c8a2bfb7fb909912a56917f4c3a0aed064500168e2fb8ea55cf61?s=96&d=mm&r=g\",\"caption\":\"Camila Leite\"},\"description\":\"Formada em Design Gr\u00e1fico e em Propaganda e Marketing pela UNIP, integra a equipe de jornalismo do Estrat\u00e9gia Concursos desde 2018. Ao longo dos anos, construiu uma s\u00f3lida experi\u00eancia na produ\u00e7\u00e3o de conte\u00fado informativo e relevante para concurseiros. Desde 2020, atua na cobertura das \u00e1reas Fiscal \u2014 com \u00eanfase nas Secretarias de Fazenda (Sefaz) das regi\u00f5es Sul e Sudeste \u2014, al\u00e9m da cobertura de concursos federais, como CNU, Petrobras, CGU, Receita Federal, ag\u00eancias reguladoras (Anvisa, ANAC, entre outras) e INSS. Mant\u00e9m contato direto com os principais \u00f3rg\u00e3os p\u00fablicos, acompanhando editais, atualiza\u00e7\u00f5es e movimenta\u00e7\u00f5es importantes para os candidatos.\",\"sameAs\":[\"https:\/\/www.linkedin.com\/in\/camila-pinheiro-leite-9ba135b6\/\"],\"url\":\"https:\/\/www.estrategiaconcursos.com.br\/blog\/author\/camila-leiteestrategiaconcursos-com-br\/\"}]}<\/script>\n<!-- \/ Yoast SEO Premium plugin. -->","yoast_head_json":{"title":"Gabarito Extraoficial Concurso TCE MG - Cargo: Psic\u00f3logo","description":"Acompanhe a corre\u00e7\u00e3o ao vivo do Gabarito Extraoficial TCE MG - Psic\u00f3logo e confira seu desempenho no concurso deste domingo!","robots":{"index":"index","follow":"follow","max-snippet":"max-snippet:-1","max-image-preview":"max-image-preview:large","max-video-preview":"max-video-preview:-1"},"canonical":"https:\/\/www.estrategiaconcursos.com.br\/blog\/gabarito-extraoficial-concurso-tce-mg-psicologo\/","og_locale":"pt_BR","og_type":"article","og_title":"Gabarito Extraoficial Concurso TCE MG - Cargo: Psic\u00f3logo","og_description":"Acompanhe a corre\u00e7\u00e3o ao vivo do Gabarito Extraoficial TCE MG - Psic\u00f3logo e confira seu desempenho no concurso deste domingo!","og_url":"https:\/\/www.estrategiaconcursos.com.br\/blog\/gabarito-extraoficial-concurso-tce-mg-psicologo\/","og_site_name":"Estrat\u00e9gia Concursos","article_published_time":"2026-01-25T21:24:00+00:00","article_modified_time":"2026-01-25T21:25:19+00:00","og_image":[{"width":1347,"height":688,"url":"https:\/\/dhg1h5j42swfq.cloudfront.net\/2026\/01\/23165407\/capturar.jpg","type":"image\/jpeg"}],"author":"Camila Leite","twitter_card":"summary_large_image","twitter_creator":"@EstratConcursos","twitter_site":"@EstratConcursos","twitter_misc":{"Escrito por":"Camila Leite","Est. tempo de leitura":"10 minutos"},"schema":{"@context":"https:\/\/schema.org","@graph":[{"@type":"NewsArticle","@id":"https:\/\/www.estrategiaconcursos.com.br\/blog\/gabarito-extraoficial-concurso-tce-mg-psicologo\/#article","isPartOf":{"@id":"https:\/\/www.estrategiaconcursos.com.br\/blog\/gabarito-extraoficial-concurso-tce-mg-psicologo\/"},"author":{"name":"Camila Leite","@id":"https:\/\/www.estrategiaconcursos.com.br\/blog\/#\/schema\/person\/84ecdc6eb58d3cf1689bf76c5cd8fb38"},"headline":"Gabarito Extraoficial Concurso TCE MG &#8211; Cargo: Psic\u00f3logo","datePublished":"2026-01-25T21:24:00+00:00","dateModified":"2026-01-25T21:25:19+00:00","mainEntityOfPage":{"@id":"https:\/\/www.estrategiaconcursos.com.br\/blog\/gabarito-extraoficial-concurso-tce-mg-psicologo\/"},"wordCount":2109,"commentCount":0,"publisher":{"@id":"https:\/\/www.estrategiaconcursos.com.br\/blog\/#organization"},"image":{"@id":"https:\/\/www.estrategiaconcursos.com.br\/blog\/gabarito-extraoficial-concurso-tce-mg-psicologo\/#primaryimage"},"thumbnailUrl":"https:\/\/dhg1h5j42swfq.cloudfront.net\/2026\/01\/23165407\/capturar.jpg","keywords":["Gabarito","prova comentada"],"articleSection":["Sa\u00fade","Tribunais de Contas (TCU, TCE, TCM)","\u00daltimas not\u00edcias"],"inLanguage":"pt-BR","potentialAction":[{"@type":"CommentAction","name":"Comment","target":["https:\/\/www.estrategiaconcursos.com.br\/blog\/gabarito-extraoficial-concurso-tce-mg-psicologo\/#respond"]}],"copyrightYear":"2026","copyrightHolder":{"@id":"https:\/\/www.estrategiaconcursos.com.br\/blog\/#organization"}},{"@type":"WebPage","@id":"https:\/\/www.estrategiaconcursos.com.br\/blog\/gabarito-extraoficial-concurso-tce-mg-psicologo\/","url":"https:\/\/www.estrategiaconcursos.com.br\/blog\/gabarito-extraoficial-concurso-tce-mg-psicologo\/","name":"Gabarito Extraoficial Concurso TCE MG - Cargo: Psic\u00f3logo","isPartOf":{"@id":"https:\/\/www.estrategiaconcursos.com.br\/blog\/#website"},"primaryImageOfPage":{"@id":"https:\/\/www.estrategiaconcursos.com.br\/blog\/gabarito-extraoficial-concurso-tce-mg-psicologo\/#primaryimage"},"image":{"@id":"https:\/\/www.estrategiaconcursos.com.br\/blog\/gabarito-extraoficial-concurso-tce-mg-psicologo\/#primaryimage"},"thumbnailUrl":"https:\/\/dhg1h5j42swfq.cloudfront.net\/2026\/01\/23165407\/capturar.jpg","datePublished":"2026-01-25T21:24:00+00:00","dateModified":"2026-01-25T21:25:19+00:00","description":"Acompanhe a corre\u00e7\u00e3o ao vivo do Gabarito Extraoficial TCE MG - Psic\u00f3logo e confira seu desempenho no concurso deste domingo!","breadcrumb":{"@id":"https:\/\/www.estrategiaconcursos.com.br\/blog\/gabarito-extraoficial-concurso-tce-mg-psicologo\/#breadcrumb"},"inLanguage":"pt-BR","potentialAction":[{"@type":"ReadAction","target":["https:\/\/www.estrategiaconcursos.com.br\/blog\/gabarito-extraoficial-concurso-tce-mg-psicologo\/"]}]},{"@type":"ImageObject","inLanguage":"pt-BR","@id":"https:\/\/www.estrategiaconcursos.com.br\/blog\/gabarito-extraoficial-concurso-tce-mg-psicologo\/#primaryimage","url":"https:\/\/dhg1h5j42swfq.cloudfront.net\/2026\/01\/23165407\/capturar.jpg","contentUrl":"https:\/\/dhg1h5j42swfq.cloudfront.net\/2026\/01\/23165407\/capturar.jpg","width":1347,"height":688},{"@type":"BreadcrumbList","@id":"https:\/\/www.estrategiaconcursos.com.br\/blog\/gabarito-extraoficial-concurso-tce-mg-psicologo\/#breadcrumb","itemListElement":[{"@type":"ListItem","position":1,"name":"In\u00edcio","item":"https:\/\/www.estrategiaconcursos.com.br\/blog\/"},{"@type":"ListItem","position":2,"name":"Gabarito Extraoficial Concurso TCE MG &#8211; Cargo: Psic\u00f3logo"}]},{"@type":"WebSite","@id":"https:\/\/www.estrategiaconcursos.com.br\/blog\/#website","url":"https:\/\/www.estrategiaconcursos.com.br\/blog\/","name":"Estrat\u00e9gia Concursos","description":"O blog da Estrat\u00e9gia Concursos traz not\u00edcias sobre concursos e artigos de professores oferecendo cursos para concursos (pdf + videaulas) no site.","publisher":{"@id":"https:\/\/www.estrategiaconcursos.com.br\/blog\/#organization"},"potentialAction":[{"@type":"SearchAction","target":{"@type":"EntryPoint","urlTemplate":"https:\/\/www.estrategiaconcursos.com.br\/blog\/?s={search_term_string}"},"query-input":{"@type":"PropertyValueSpecification","valueRequired":true,"valueName":"search_term_string"}}],"inLanguage":"pt-BR"},{"@type":"Organization","@id":"https:\/\/www.estrategiaconcursos.com.br\/blog\/#organization","name":"Estrat\u00e9gia Concursos","url":"https:\/\/www.estrategiaconcursos.com.br\/blog\/","logo":{"@type":"ImageObject","inLanguage":"pt-BR","@id":"https:\/\/www.estrategiaconcursos.com.br\/blog\/#\/schema\/logo\/image\/","url":"https:\/\/dhg1h5j42swfq.cloudfront.net\/2025\/06\/03203428\/logo_concursos-1.jpg","contentUrl":"https:\/\/dhg1h5j42swfq.cloudfront.net\/2025\/06\/03203428\/logo_concursos-1.jpg","width":230,"height":60,"caption":"Estrat\u00e9gia Concursos"},"image":{"@id":"https:\/\/www.estrategiaconcursos.com.br\/blog\/#\/schema\/logo\/image\/"},"sameAs":["https:\/\/x.com\/EstratConcursos"]},{"@type":"Person","@id":"https:\/\/www.estrategiaconcursos.com.br\/blog\/#\/schema\/person\/84ecdc6eb58d3cf1689bf76c5cd8fb38","name":"Camila Leite","image":{"@type":"ImageObject","inLanguage":"pt-BR","@id":"https:\/\/secure.gravatar.com\/avatar\/f2f8faef639c8a2bfb7fb909912a56917f4c3a0aed064500168e2fb8ea55cf61?s=96&d=mm&r=g","url":"https:\/\/secure.gravatar.com\/avatar\/f2f8faef639c8a2bfb7fb909912a56917f4c3a0aed064500168e2fb8ea55cf61?s=96&d=mm&r=g","contentUrl":"https:\/\/secure.gravatar.com\/avatar\/f2f8faef639c8a2bfb7fb909912a56917f4c3a0aed064500168e2fb8ea55cf61?s=96&d=mm&r=g","caption":"Camila Leite"},"description":"Formada em Design Gr\u00e1fico e em Propaganda e Marketing pela UNIP, integra a equipe de jornalismo do Estrat\u00e9gia Concursos desde 2018. Ao longo dos anos, construiu uma s\u00f3lida experi\u00eancia na produ\u00e7\u00e3o de conte\u00fado informativo e relevante para concurseiros. Desde 2020, atua na cobertura das \u00e1reas Fiscal \u2014 com \u00eanfase nas Secretarias de Fazenda (Sefaz) das regi\u00f5es Sul e Sudeste \u2014, al\u00e9m da cobertura de concursos federais, como CNU, Petrobras, CGU, Receita Federal, ag\u00eancias reguladoras (Anvisa, ANAC, entre outras) e INSS. Mant\u00e9m contato direto com os principais \u00f3rg\u00e3os p\u00fablicos, acompanhando editais, atualiza\u00e7\u00f5es e movimenta\u00e7\u00f5es importantes para os candidatos.","sameAs":["https:\/\/www.linkedin.com\/in\/camila-pinheiro-leite-9ba135b6\/"],"url":"https:\/\/www.estrategiaconcursos.com.br\/blog\/author\/camila-leiteestrategiaconcursos-com-br\/"}]}},"_links":{"self":[{"href":"https:\/\/www.estrategiaconcursos.com.br\/blog\/wp-json\/wp\/v2\/posts\/1701482","targetHints":{"allow":["GET"]}}],"collection":[{"href":"https:\/\/www.estrategiaconcursos.com.br\/blog\/wp-json\/wp\/v2\/posts"}],"about":[{"href":"https:\/\/www.estrategiaconcursos.com.br\/blog\/wp-json\/wp\/v2\/types\/post"}],"author":[{"embeddable":true,"href":"https:\/\/www.estrategiaconcursos.com.br\/blog\/wp-json\/wp\/v2\/users\/659"}],"replies":[{"embeddable":true,"href":"https:\/\/www.estrategiaconcursos.com.br\/blog\/wp-json\/wp\/v2\/comments?post=1701482"}],"version-history":[{"count":17,"href":"https:\/\/www.estrategiaconcursos.com.br\/blog\/wp-json\/wp\/v2\/posts\/1701482\/revisions"}],"predecessor-version":[{"id":1704910,"href":"https:\/\/www.estrategiaconcursos.com.br\/blog\/wp-json\/wp\/v2\/posts\/1701482\/revisions\/1704910"}],"wp:featuredmedia":[{"embeddable":true,"href":"https:\/\/www.estrategiaconcursos.com.br\/blog\/wp-json\/wp\/v2\/media\/1704403"}],"wp:attachment":[{"href":"https:\/\/www.estrategiaconcursos.com.br\/blog\/wp-json\/wp\/v2\/media?parent=1701482"}],"wp:term":[{"taxonomy":"category","embeddable":true,"href":"https:\/\/www.estrategiaconcursos.com.br\/blog\/wp-json\/wp\/v2\/categories?post=1701482"},{"taxonomy":"post_tag","embeddable":true,"href":"https:\/\/www.estrategiaconcursos.com.br\/blog\/wp-json\/wp\/v2\/tags?post=1701482"},{"taxonomy":"tax_estado","embeddable":true,"href":"https:\/\/www.estrategiaconcursos.com.br\/blog\/wp-json\/wp\/v2\/tax_estado?post=1701482"}],"curies":[{"name":"wp","href":"https:\/\/api.w.org\/{rel}","templated":true}]}}