{"id":1701452,"date":"2026-01-25T19:33:00","date_gmt":"2026-01-25T22:33:00","guid":{"rendered":"https:\/\/www.estrategiaconcursos.com.br\/blog\/?p=1701452"},"modified":"2026-01-25T19:33:21","modified_gmt":"2026-01-25T22:33:21","slug":"gabarito-extraoficial-concurso-tce-mg-direito","status":"publish","type":"post","link":"https:\/\/www.estrategiaconcursos.com.br\/blog\/gabarito-extraoficial-concurso-tce-mg-direito\/","title":{"rendered":"Gabarito Extraoficial Concurso TCE MG &#8211; Especialidade: Direito"},"content":{"rendered":"\n<p>Neste domingo, 25 de janeiro, foram realizadas as <strong>provas objetivas e discursivas do concurso TCE MG (<a href=\"https:\/\/www.estrategiaconcursos.com.br\/cursosPorConcurso\/tce-mg\/\" target=\"_blank\" rel=\"noreferrer noopener\">Tribunal de Contas do Estado de Minas Gerais<\/a>)<\/strong>.<strong>\u00a0<\/strong><\/p>\n\n\n\n<p>As avalia\u00e7\u00f5es aconteceram em dois turnos, sendo das 8h30 \u00e0s 12h30 (objetiva) e das 15h \u00e0s 19h (discursiva), segundo o hor\u00e1rio oficial de Bras\u00edlia, DF.<\/p>\n\n\n\n<p>Com o objetivo de ajud\u00e1-lo a diminuir a ansiedade de saber se foi bem ou n\u00e3o em um concurso t\u00e3o importante,&nbsp;nossos professores realizam a <strong>corre\u00e7\u00e3o ao vivo<\/strong> a partir das 19h, analisando o&nbsp;<strong>gabarito extraoficial<\/strong> da prova do concurso TCE MG para o cargo de <strong>Analista de Controle Externo &#8211; Especialidade: Direito<\/strong>.<\/p>\n\n\n\n<p>Assim, confira antecipadamente seu desempenho e ainda receba <strong>dicas de recursos<\/strong> (se houver necessidade, claro!).<\/p>\n\n\n\n<p>Lembrando que os gabaritos preliminares devem ser liberados no site do <a href=\"https:\/\/www.cebraspe.org.br\/concursos\/TCE_MG_25\" target=\"_blank\" rel=\"noreferrer noopener\">Cebraspe<\/a> somente no dia 27 de janeiro, pr\u00f3xima ter\u00e7a-feira.<\/p>\n\n\n\n<h2 class=\"wp-block-heading\" id=\"Enfermagem\">Corre\u00e7\u00e3o ao vivo e Gabarito Extraoficial Concurso TCE MG &#8211; Especialidade: Direito<\/h2>\n\n\n\n<figure class=\"wp-block-embed aligncenter is-type-video is-provider-youtube wp-block-embed-youtube wp-embed-aspect-16-9 wp-has-aspect-ratio\"><div class=\"wp-block-embed__wrapper\">\n<div class=\"lyte-wrapper\" style=\"width:853px;max-width:100%;margin:5px;\"><div class=\"lyMe\" id=\"WYL_LAuigmKbWPs\"><div id=\"lyte_LAuigmKbWPs\" data-src=\"\/\/i.ytimg.com\/vi\/LAuigmKbWPs\/hqdefault.jpg\" class=\"pL\"><div class=\"tC\"><div class=\"tT\"><\/div><\/div><div class=\"play\"><\/div><div class=\"ctrl\"><div class=\"Lctrl\"><\/div><div class=\"Rctrl\"><\/div><\/div><\/div><noscript><a href=\"https:\/\/youtu.be\/LAuigmKbWPs\" rel=\"nofollow\"><img loading=\"lazy\" decoding=\"async\" src=\"https:\/\/i.ytimg.com\/vi\/LAuigmKbWPs\/0.jpg\" alt=\"YouTube video thumbnail\" width=\"853\" height=\"460\" \/><br \/>Assista a este v\u00eddeo no YouTube<\/a><\/noscript><\/div><\/div><div class=\"lL\" style=\"max-width:100%;width:853px;margin:5px;\"><\/div>\n<\/div><\/figure>\n\n\n\n<p><strong>Aten\u00e7\u00e3o! <\/strong>Cada prova costuma ter uma ordena\u00e7\u00e3o diferente das quest\u00f5es. Assim, fique atento ao in\u00edcio do enunciado na sua vers\u00e3o de prova.<\/p>\n\n\n\n<p>A vers\u00e3o corrigida tem como frase: <strong>A brevidade \u00e9 a alma do talento<\/strong>.<\/p>\n\n\n\n<h2 class=\"wp-block-heading has-text-align-center has-vivid-purple-color has-text-color has-link-color wp-elements-c99f7f8560e7eb60e734a7d1047c5059\" id=\"h-conhecimentos-gerais\">Conhecimentos gerais<\/h2>\n\n\n\n<h3 class=\"wp-block-heading has-text-align-center has-vivid-cyan-blue-color has-text-color has-link-color wp-elements-ce6a85358c1057f47e268f39db067d01\" id=\"h-lingua-portuguesa\">L\u00edngua Portuguesa<\/h3>\n\n\n\n<p><strong>Quest\u00e3o 1 &#8211;<\/strong> Da leitura do texto CG1A1-I infere-se que<br \/><strong>E: <\/strong>as atividades que mais consomem as \u00e1guas que captam&#8230;<\/p>\n\n\n\n<p><strong>Quest\u00e3o 2 &#8211;<\/strong> Julgue os seguintes itens, que se referem a aspectos gramaticais&#8230;<br \/><strong>C: <\/strong>Apenas os itens I e III est\u00e3o certos<\/p>\n\n\n\n<p><strong>Quest\u00e3o 3 &#8211;<\/strong> Julgue os itens a seguir, no que se refere \u00e0 ortografia oficial e ao&#8230;<br \/><strong>C: <\/strong>Apenas o item IV est\u00e1 certo.<\/p>\n\n\n\n<p><strong>Quest\u00e3o 4 &#8211;<\/strong> Em cada uma das op\u00e7\u00f5es a seguir, \u00e9 apresentada uma proposta de&#8230;<br \/><strong>D*: <\/strong>A atividade de eletricidade e g\u00e1s foi a que mais captou \u00e1gua<br \/>(85,1%), embora n\u00e3o a tenha consumido&#8230;<\/p>\n\n\n\n<p><strong>Quest\u00e3o 5 &#8211;<\/strong> Estariam preservadas a corre\u00e7\u00e3o gramatical e a coer\u00eancia do texto&#8230;<br \/><strong>E: <\/strong>&#8220;modificados&#8221; (\u00faltimo per\u00edodo do segundo par\u00e1grafo).<\/p>\n\n\n\n<p><strong>Quest\u00e3o 6 &#8211;<\/strong> Da leitura do texto CG1A1-II conclui-se que&#8230;<br \/><strong>D: <\/strong>a IA estabelece rela\u00e7\u00e3o sem reciprocidade com o usu\u00e1rio.<\/p>\n\n\n\n<p><strong>Quest\u00e3o 7 &#8211;<\/strong> Em rela\u00e7\u00e3o \u00e0s ideias e \u00e0s caracter\u00edsticas do texto CGIAI-II&#8230;<br \/><strong>D: <\/strong>Apenas os itens II e III est\u00e3o certos.<\/p>\n\n\n\n<p><strong>Quest\u00e3o 8 &#8211;<\/strong> Assinale a op\u00e7\u00e3o correta em rela\u00e7\u00e3o ao seguinte trecho do texto&#8230;<br \/><strong>E: <\/strong>O voc\u00e1bulo \u2018melhor&#8217;, em sua segunda ocorr\u00eancia, veicula&#8230;<\/p>\n\n\n\n<p><strong>Quest\u00e3o 9 &#8211;<\/strong> No quarto per\u00edodo do texto CG1A1-II, a express\u00e3o \u201cao delegar a&#8230;<br \/><strong>B: <\/strong>quando delegamos a vida aos algoritmos.<\/p>\n\n\n\n<p><strong>Quest\u00e3o 10 &#8211;<\/strong> Assinale a op\u00e7\u00e3o correta acerca de aspectos lingu\u00edsticos&#8230;<br \/><strong>D: <\/strong>O voc\u00e1bulo &#8220;usu\u00e1rios&#8221; funciona sintaticamente como&#8230;<\/p>\n\n\n\n<h3 class=\"wp-block-heading has-text-align-center has-vivid-cyan-blue-color has-text-color has-link-color wp-elements-896d37fa2a207d05c95e6e6aebd041a0\" id=\"h-direito-administrativo\">Direito Administrativo<\/h3>\n\n\n\n<p><strong>Quest\u00e3o 11 &#8211;<\/strong> Em rela\u00e7\u00e3o a organiza\u00e7\u00e3o administrativa, assinale a op\u00e7\u00e3o correta.<br \/><strong>A: <\/strong>As empresas p\u00fablicas s\u00e3o criadas ap\u00f3s autoriza\u00e7\u00e3o legislativa&#8230;<\/p>\n\n\n\n<p><strong>Quest\u00e3o 12 &#8211;<\/strong> No que concerne aos agentes p\u00fablicos, assinale a op\u00e7\u00e3o correta<br \/><strong>A: <\/strong>As fun\u00e7\u00f5es de confian\u00e7a devem ser exercidas exclusivamente&#8230;<\/p>\n\n\n\n<p><strong>Quest\u00e3o 13 &#8211;<\/strong> Assinale a op\u00e7\u00e3o em que \u00e9 corretamente apresentada a&#8230;<br \/><strong>E: <\/strong>di\u00e1logo competitivo<\/p>\n\n\n\n<p><strong>Quest\u00e3o 14 &#8211;<\/strong> Acerca das compet\u00eancias do tribunal de contas, assinale a op\u00e7\u00e3o correta.<br \/><strong>C: <\/strong>Compete ao tribunal de contas apreciar, para fins de registro&#8230;<\/p>\n\n\n\n<p><strong>Quest\u00e3o 15 &#8211;<\/strong> No que diz respeito \u00e0 responsabilidade civil do Estado no direito&#8230;<br \/><strong>A: <\/strong>Segundo a teoria do dano imediato, a responsabilidade civil se&#8230;<\/p>\n\n\n\n<p><strong>Quest\u00e3o 16 &#8211;<\/strong> Assinale a op\u00e7\u00e3o correta em rela\u00e7\u00e3o \u00e0 prote\u00e7\u00e3o de dados e ao&#8230;<br \/><strong>A: <\/strong>Sem preju\u00edzo da seguran\u00e7a e da prote\u00e7\u00e3o das informa\u00e7\u00f5es e&#8230;<\/p>\n\n\n\n<h3 class=\"wp-block-heading has-text-align-center has-vivid-cyan-blue-color has-text-color has-link-color wp-elements-e63635053b0cd67f92fbc477b59559ef\" id=\"h-direito-constitucional\">Direito Constitucional<\/h3>\n\n\n\n<p><strong>Quest\u00e3o 17 &#8211;<\/strong> Assinale a op\u00e7\u00e3o correta em rela\u00e7\u00e3o \u00e0 disciplina constitucional do Poder<br \/><strong>B: <\/strong>Os tribunais de contas possuem compet\u00eancia constitucional&#8230;<\/p>\n\n\n\n<p><strong>Quest\u00e3o 18 &#8211;<\/strong> Considerada a classifica\u00e7\u00e3o da doutrina cl\u00e1ssica quanto \u00e0 efic\u00e1cia&#8230;<br \/><strong>A: <\/strong>efic\u00e1cia contida, sendo autoaplic\u00e1vel e garantindo a liberdade&#8230;<\/p>\n\n\n\n<p><strong>Quest\u00e3o 19 &#8211;<\/strong> O modo de fazer queijo minas artesanal tornou-se&#8230;<br \/><strong>C: <\/strong>Desde que expressamente autorizada, a AMIQUEIJO tem&#8230;<\/p>\n\n\n\n<p><strong>Quest\u00e3o 20 &#8211;<\/strong> No que diz respeito \u00e0s fun\u00e7\u00f5es essenciais \u00e0 justi\u00e7a, assinale a op\u00e7\u00e3o correta.<br \/><strong>E: <\/strong>A independ\u00eancia funcional \u00e9 constitucionalmente assegurada&#8230;<\/p>\n\n\n\n<h3 class=\"wp-block-heading has-text-align-center has-vivid-cyan-blue-color has-text-color has-link-color wp-elements-0c366009174d2f371d70b98f5472e13c\" id=\"h-controle-externo\">Controle Externo<\/h3>\n\n\n\n<p><strong>Quest\u00e3o 21 &#8211;<\/strong> O controle da administra\u00e7\u00e3o p\u00fablica, em sua acep\u00e7\u00e3o moderna&#8230;<br \/><strong>C: <\/strong>efici\u00eancia<\/p>\n\n\n\n<p><strong>Quest\u00e3o 22 &#8211;<\/strong> No que diz respeito \u00e0s caracter\u00edsticas do controle jurisdicional da&#8230;<br \/><strong>A: <\/strong>O controle jurisdicional \u00e9 primariamente exercido&#8230;<\/p>\n\n\n\n<p><strong>Quest\u00e3o 23 &#8211;<\/strong> Com base no Regimento Interno do TCE\/MG, assinale a op\u00e7\u00e3o&#8230;<br \/><strong>B: <\/strong>O pedido de reexame \u00e9 o recurso cab\u00edvel contra o parecer&#8230;<\/p>\n\n\n\n<p><strong>Quest\u00e3o 24 &#8211;<\/strong> No \u00e2mbito do controle administrativo, o recurso hier\u00e1rquico&#8230;<br \/><strong>E: <\/strong>o recurso dirigido a uma autoridade que n\u00e3o possui rela\u00e7\u00e3o&#8230;<\/p>\n\n\n\n<p><strong>Quest\u00e3o 25 &#8211;<\/strong> De acordo com o Regimento Interno do TCE\/MG, o conselheiro substituto<br \/><strong>C: <\/strong>adquire, na substitui\u00e7\u00e3o, os mesmos direitos, prerrogativas e&#8230;<\/p>\n\n\n\n<p><strong>Quest\u00e3o 26 &#8211;<\/strong> De acordo com a Lei de Improbidade Administrativa (Lei&#8230;<br \/><strong>C: <\/strong>o dolo espec\u00edfico, que corresponde \u00e0 inten\u00e7\u00e3o de obter&#8230;<\/p>\n\n\n\n<h3 class=\"wp-block-heading has-text-align-center has-vivid-cyan-blue-color has-text-color has-link-color wp-elements-84b4e1c072a123585b08d5b64fd2603d\" id=\"h-nocoes-de-direitos-humanos\">No\u00e7\u00f5es de Direitos Humanos<\/h3>\n\n\n\n<p><strong>Quest\u00e3o 27 &#8211;<\/strong> Assinale a op\u00e7\u00e3o em que s\u00e3o corretamente citados os eixos da&#8230;<br \/><strong>B: <\/strong>direito internacional humanit\u00e1rio e direito internacional dos&#8230;<\/p>\n\n\n\n<p><strong>Quest\u00e3o 28 &#8211;<\/strong> Assinale a op\u00e7\u00e3o em que \u00e9 corretamente descrito o objetivo de desenvolvimento sustent\u00e1vel (ODS)&#8230;<br \/><strong>D: <\/strong>Promover sociedades pac\u00edficas e inclusivas para o desenvolvimento sustent\u00e1vel<\/p>\n\n\n\n<p><strong>Quest\u00e3o 29 &#8211;<\/strong> A concep\u00e7\u00e3o contempor\u00e2nea de direitos humanos, introduzida pela Declara\u00e7\u00e3o Universal de Direitos Humanos&#8230;<br \/><strong>B: <\/strong>universalidade e indivisibilidade<\/p>\n\n\n\n<p><strong>Quest\u00e3o 30 &#8211;<\/strong> Segundo o Estatuto da Igualdade Racial (Lei n.\u00b0 12.288\/2010), toda distin\u00e7\u00e3o ou prefer\u00eancia&#8230;<br \/><strong>B: <\/strong>discrimina\u00e7\u00e3o \u00e9tnico-racial<\/p>\n\n\n\n<h2 class=\"wp-block-heading has-text-align-center has-vivid-purple-color has-text-color has-link-color wp-elements-0351c18e8d84fbf464b3a116cce3cb3a\" id=\"h-conhecimentos-especificos\">Conhecimentos espec\u00edficos<\/h2>\n\n\n\n<h3 class=\"wp-block-heading has-text-align-center has-vivid-cyan-blue-color has-text-color has-link-color wp-elements-1f91d5144a718bb6f5586e0b0d8ddc10\" id=\"h-direito-administrativo-0\">Direito Administrativo<\/h3>\n\n\n\n<p><strong>Quest\u00e3o 31 &#8211;<\/strong> Acerca dos conv\u00eanios e cons\u00f3rcios administrativos, julgue os itens a seguir<br \/><strong>E: <\/strong>Todos os itens est\u00e3o certos.<\/p>\n\n\n\n<p><strong>Quest\u00e3o 32 &#8211;<\/strong> Convalida\u00e7\u00e3o do ato administrativo \u00e9 o processo de corre\u00e7\u00e3o de&#8230;<br \/><strong>D: <\/strong>finalidade e motivo.<\/p>\n\n\n\n<p><strong>Quest\u00e3o 33 &#8211;<\/strong> Assinale a op\u00e7\u00e3o que indica o ato administrativo unilateral e&#8230;<br \/><strong>D: <\/strong>licen\u00e7a<\/p>\n\n\n\n<p><strong>Quest\u00e3o 34 &#8211;<\/strong> Quando um servidor ocupante de cargo p\u00fablico efetivo n\u00e3o&#8230;<br \/><strong>D: <\/strong>exonera\u00e7\u00e3o<\/p>\n\n\n\n<p><strong>Quest\u00e3o 35 &#8211;<\/strong> Acerca da contrata\u00e7\u00e3o direta na administra\u00e7\u00e3o p\u00fablica, julgue&#8230;<br \/><strong>C: <\/strong>apenas os itens I e III est\u00e3o certos.<\/p>\n\n\n\n<p><strong>Quest\u00e3o 36 &#8211;<\/strong> Poder\u00e1 haver a extin\u00e7\u00e3o da concess\u00e3o pela retomada do servi\u00e7o&#8230;<br \/><strong>E: <\/strong>encampa\u00e7\u00e3o<\/p>\n\n\n\n<p><strong>Quest\u00e3o 37 &#8211;<\/strong> Suponha que Rodolfo, cidad\u00e3o com sessenta anos de idade, tenha&#8230;<br \/><strong>A: <\/strong>trinta dias, tendo Rodolfo prioridade na tramita\u00e7\u00e3o do<br \/>processo.<\/p>\n\n\n\n<p><strong>Quest\u00e3o 38 &#8211;<\/strong> Determinado agente p\u00fablico deixou de cumprir, de forma&#8230;<br \/><strong>E: <\/strong>cometeu ato de improbidade administrativa que atenta contra&#8230;<\/p>\n\n\n\n<h3 class=\"wp-block-heading has-text-align-center has-vivid-cyan-blue-color has-text-color has-link-color wp-elements-520c07c093c18c316690c26243953485\" id=\"h-direito-constitucional-0\">Direito Constitucional<\/h3>\n\n\n\n<p><strong>Quest\u00e3o 39 &#8211;<\/strong> Acerca do controle de constitucionalidade, assinale a op\u00e7\u00e3o&#8230;<br \/><strong>A: <\/strong>A modula\u00e7\u00e3o dos efeitos das decis\u00f5es em a\u00e7\u00f5es de controle<\/p>\n\n\n\n<p><strong>Quest\u00e3o 40 &#8211;<\/strong> Acerca dos or\u00e7amentos, assinale a op\u00e7\u00e3o correta, de acordo com&#8230;<br \/><strong>A: <\/strong>As emendas parlamentares individuais impositivas<\/p>\n\n\n\n<p><strong>Quest\u00e3o 41 &#8211;<\/strong> Com base no que disp\u00f5e a Emenda Constitucional n.\u00ba 103\/2019&#8230;<br \/><strong>C: <\/strong>A contribui\u00e7\u00e3o ordin\u00e1ria dos aposentados e pensionistas&#8230;<\/p>\n\n\n\n<p><strong>Quest\u00e3o 42 &#8211;<\/strong> Considerando a jurisprud\u00eancia do STF em rela\u00e7\u00e3o aos direitos e&#8230;<br \/><strong>A: <\/strong>Nenhum item est\u00e1 certo.<\/p>\n\n\n\n<p><strong>Quest\u00e3o 43 &#8211;<\/strong> Na esfera do controle rec\u00edproco entre os Poderes, o Congresso Nacional<br \/><strong>E: <\/strong>tem a prerrogativa de sustar os contratos administrativos e os&#8230;<\/p>\n\n\n\n<p><strong>Quest\u00e3o 44 &#8211;<\/strong> A respeito dos rem\u00e9dios constitucionais, julgue os itens a seguir.<br \/><strong>A: <\/strong>Apenas o item II est\u00e1 certo.<\/p>\n\n\n\n<p><strong>Quest\u00e3o 45 &#8211;<\/strong> Considerando-se as disposi\u00e7\u00f5es constitucionais e a jurisprud\u00eancia do STF&#8230;<br \/><strong>E: <\/strong>Os indicadores de melhoria nos resultados de aprendizagem e&#8230;<\/p>\n\n\n\n<p><strong>Quest\u00e3o 46 &#8211;<\/strong> Acerca do Sistema Nacional Tribut\u00e1rio, consideradas&#8230;<br \/><strong>B: <\/strong>Para fins do IBS e da CBS, conforme inseridos pela&#8230;<\/p>\n\n\n\n<h3 class=\"wp-block-heading has-text-align-center has-vivid-cyan-blue-color has-text-color has-link-color wp-elements-f13c6a0bbeb2e1b7cce8e4ab1fdf2bae\" id=\"h-direito-financeiro\">Direito Financeiro<\/h3>\n\n\n\n<p><strong>Quest\u00e3o 47 &#8211;<\/strong> O direito financeiro brasileiro goza, em determinadas mat\u00e9rias&#8230;<br \/><strong>B: <\/strong>condi\u00e7\u00f5es e limites para concess\u00e3o, amplia\u00e7\u00e3o ou prorroga\u00e7\u00e3o&#8230;<\/p>\n\n\n\n<p><strong>Quest\u00e3o 48 &#8211;<\/strong> De acordo com a Constitui\u00e7\u00e3o Federal de 1988 (CF), a lei que&#8230;<br \/><strong>E: <\/strong>abranger\u00e1 diretrizes, objetivos e metas da administra\u00e7\u00e3o&#8230;<\/p>\n\n\n\n<p><strong>Quest\u00e3o 49 &#8211;<\/strong> Acerca da natureza jur\u00eddica da lei or\u00e7ament\u00e1ria anual (LOA)&#8230;<br \/><strong>B: <\/strong>A LOA \u00e9 lei n\u00e3o apenas formal, mas tamb\u00e9m det\u00e9m carga&#8230;<\/p>\n\n\n\n<p><strong>Quest\u00e3o 50 &#8211;<\/strong> O princ\u00edpio or\u00e7ament\u00e1rio da exclusividade, previsto no&#8230;<br \/><strong>A: <\/strong>autoriza\u00e7\u00e3o para abertura de cr\u00e9ditos suplementares<\/p>\n\n\n\n<p><strong>Quest\u00e3o 51 &#8211;<\/strong> A doutrina do direito financeiro classifica as receitas p\u00fablicas&#8230;<br \/><strong>C: <\/strong>Receita derivada \u00e9 aquela que \u00e9 extra\u00edda do patrim\u00f4nio&#8230;<\/p>\n\n\n\n<p><strong>Quest\u00e3o 52 &#8211;<\/strong> Uma lei estadual de determinada unidade da Federa\u00e7\u00e3o foi&#8230;<br \/><strong>B: <\/strong>a medida \u00e9 inv\u00e1lida, pois, para a compensa\u00e7\u00e3o da ren\u00fancia de&#8230;<\/p>\n\n\n\n<p><strong>Quest\u00e3o 53 &#8211;<\/strong> O Minist\u00e9rio P\u00fablico de Contas (MPC) exerce posi\u00e7\u00e3o&#8230;<br \/><strong>C: <\/strong>O STF tem assentado o entendimento de que h\u00e1 possibilidade&#8230;<\/p>\n\n\n\n<p><strong>Quest\u00e3o 54 &#8211;<\/strong> Durante a tramita\u00e7\u00e3o do projeto de lei or\u00e7ament\u00e1ria anual&#8230;<br \/><strong>C: <\/strong>A emenda \u00e9 inadmiss\u00edvel, pois a fonte de recursos indica&#8230;<\/p>\n\n\n\n<h3 class=\"wp-block-heading has-text-align-center has-vivid-cyan-blue-color has-text-color has-link-color wp-elements-c93cb56111bac3d4f96fc9860dbd8bbe\" id=\"h-direito-tributario\">Direito Tribut\u00e1rio<\/h3>\n\n\n\n<p><strong>Quest\u00e3o 55 &#8211;<\/strong> Em rela\u00e7\u00e3o aos tributos em esp\u00e9cie, assinale a op\u00e7\u00e3o correta&#8230;<br \/><strong>A: <\/strong>Diferentemente do ICMS, cuja base de c\u00e1lculo inclui o&#8230;<\/p>\n\n\n\n<p><strong>Quest\u00e3o 56 &#8211;<\/strong> Acerca do cr\u00e9dito tribut\u00e1rio, julgue os itens a seguir, de acordo&#8230;<br \/><strong>B: <\/strong>Apenas o item III est\u00e1 certo.<\/p>\n\n\n\n<p><strong>Quest\u00e3o 57 &#8211;<\/strong> Com base no disposto no CTN e na jurisprud\u00eancia do STF&#8230;<br \/><strong>B: <\/strong>Para fins de investiga\u00e7\u00e3o criminal, \u00e9 leg\u00edtimo que a&#8230;<\/p>\n\n\n\n<h3 class=\"wp-block-heading has-text-align-center has-vivid-cyan-blue-color has-text-color has-link-color wp-elements-ca74a60bca277674844eb9eae8a01664\" id=\"h-direito-previdenciario\">Direito Previdenci\u00e1rio<\/h3>\n\n\n\n<p><strong>Quest\u00e3o 58 &#8211;<\/strong> S\u00e3o benefici\u00e1rios do Regime Pr\u00f3prio de Previd\u00eancia Social dos&#8230;<br \/><strong>C: <\/strong>titular de cargo efetivo da administra\u00e7\u00e3o direta estadual&#8230;<\/p>\n\n\n\n<p><strong>Quest\u00e3o 59 &#8211;<\/strong> No que diz respeito ao regime de previd\u00eancia complementar para&#8230;<br \/><strong>E: <\/strong>Todas os itens est\u00e3o certos.<\/p>\n\n\n\n<p><strong>Quest\u00e3o 60 &#8211;<\/strong> A reforma da previd\u00eancia promovida pela Emenda Constitucional&#8230;<br \/><strong>D: <\/strong>estabeleceu que os planos oferecidos pelos regimes de&#8230;<\/p>\n\n\n\n<p><strong>Quest\u00e3o 61 &#8211;<\/strong> Acerca dos benef\u00edcios previdenci\u00e1rios, assinale a op\u00e7\u00e3o correta.<br \/><strong>D: <\/strong>O sal\u00e1rio-maternidade da segurada empregada n\u00e3o se limita&#8230;<\/p>\n\n\n\n<p><strong>Quest\u00e3o 62 &#8211;<\/strong> Em rela\u00e7\u00e3o aos segurados do RGPS, julgue os itens a seguir.<br \/><strong>D: <\/strong>Apenas os itens I e III est\u00e3o certos.<\/p>\n\n\n\n<p><strong>Quest\u00e3o 63 &#8211;<\/strong> Assinale a op\u00e7\u00e3o correta a respeito do RPPS e a aspectos a ele&#8230;<br \/><strong>A: <\/strong>A aus\u00eancia de estudo atuarial espec\u00edfico e pr\u00e9vio \u00e0 edi\u00e7\u00e3o de&#8230;<\/p>\n\n\n\n<h3 class=\"wp-block-heading has-text-align-center has-vivid-cyan-blue-color has-text-color has-link-color wp-elements-7f2243bb412e0957fbcacaff591dea58\" id=\"h-direito-civil\">Direito Civil<\/h3>\n\n\n\n<p><strong>Quest\u00e3o 64 &#8211;<\/strong> De acordo com as disposi\u00e7\u00f5es do C\u00f3digo Civil e com a&#8230;<br \/><strong>C: <\/strong>cinco anos, por se tratar de pretens\u00e3o de responsabilidade&#8230;<\/p>\n\n\n\n<p><strong>Quest\u00e3o 65 &#8211;<\/strong> Ant\u00f4nio fez doa\u00e7\u00e3o de um im\u00f3vel aos seus filhos, Jos\u00e9 e&#8230;<br \/><strong>A: <\/strong>consolida situa\u00e7\u00e3o jur\u00eddica protegida pela boa-f\u00e9 objetiva, n\u00e3o&#8230;<\/p>\n\n\n\n<p><strong>Quest\u00e3o 66 &#8211;<\/strong> De acordo com as disposi\u00e7\u00f5es do C\u00f3digo Civil, adquire a&#8230;<br \/><strong>C: <\/strong>tr\u00eas anos.<\/p>\n\n\n\n<h3 class=\"wp-block-heading has-text-align-center has-vivid-cyan-blue-color has-text-color has-link-color wp-elements-e1d9a977bd9bfd4d7dba3f42b878d94a\" id=\"h-direito-processual-civil\">Direito Processual Civil<\/h3>\n\n\n\n<p><strong>Quest\u00e3o 67 &#8211;<\/strong> De acordo com o C\u00f3digo de Processo Civil e com&#8230;<br \/><strong>A: <\/strong>um ou mais dos pedidos formulados, ou parcela deles&#8230;<\/p>\n\n\n\n<p><strong>Quest\u00e3o 68 &#8211;<\/strong> Segundo o C\u00f3digo de Processo Civil e o entendimento do STJ&#8230;<br \/><strong>E: <\/strong>relativa de que eventual aliena\u00e7\u00e3o futura dar-se-\u00e1 em fraude \u00e0&#8230;<\/p>\n\n\n\n<p><strong>Quest\u00e3o 69 &#8211;<\/strong> Conforme o C\u00f3digo de Processo Civil e a jurisprud\u00eancia do STJ&#8230;<br \/><strong>B: <\/strong>inicia-se na data em que protocolado o aditamento da peti\u00e7\u00e3o inicial,<\/p>\n\n\n\n<h3 class=\"wp-block-heading has-text-align-center has-vivid-cyan-blue-color has-text-color has-link-color wp-elements-32dbadcdc566d55ea01dd6c320687586\" id=\"h-direito-penal\">Direito Penal<\/h3>\n\n\n\n<p><strong>Quest\u00e3o 70 &#8211;<\/strong> Acerca da desist\u00eancia volunt\u00e1ria e do arrependimento eficaz&#8230;<br \/><strong>D: <\/strong>Quando o agente, podendo prosseguir na execu\u00e7\u00e3o e alcan\u00e7ar&#8230;<\/p>\n\n\n\n<p><strong>Quest\u00e3o 71 &#8211;<\/strong> Suponha que um m\u00e9dico estrangeiro, rec\u00e9m-chegado ao Brasil&#8230;<br \/><strong>D: <\/strong>classifica-se como erro de proibi\u00e7\u00e3o inevit\u00e1vel, que exclui a&#8230;<\/p>\n\n\n\n<p><strong>Quest\u00e3o 72 &#8211;<\/strong> Em rela\u00e7\u00e3o aos crimes contra a administra\u00e7\u00e3o p\u00fablica e contra as&#8230;<br \/><strong>E: <\/strong>O servidor p\u00fablico que, influenciado por pedido de terceiro&#8230;<\/p>\n\n\n\n<h3 class=\"wp-block-heading has-text-align-center has-vivid-cyan-blue-color has-text-color has-link-color wp-elements-e21be2093a8628771ed74b6f23d6d5f4\" id=\"h-auditoria-do-setor-publico\">Auditoria do Setor P\u00fablico<\/h3>\n\n\n\n<p><strong>Quest\u00e3o 73 &#8211;<\/strong> Assinale a op\u00e7\u00e3o que apresenta a(s) atividade(s) de auditoria&#8230;<br \/><strong>C: <\/strong>tanto a auditoria interna quanto a externa<\/p>\n\n\n\n<p><strong>Quest\u00e3o 74 &#8211;<\/strong> A atividade executada pelo auditor que busca verificar se a&#8230;<br \/><strong>D: <\/strong>monitoramento<\/p>\n\n\n\n<p><strong>Quest\u00e3o 75 &#8211;<\/strong> Assinale a op\u00e7\u00e3o que corresponde ao tipo de auditoria adequada&#8230;<br \/><strong>A: <\/strong>operacional<\/p>\n\n\n\n<p><strong>Quest\u00e3o 76 &#8211;<\/strong> Na situa\u00e7\u00e3o hipot\u00e9tica do texto 1A10, os documentos de&#8230;<br \/><strong>A: <\/strong>os riscos poss\u00edveis ou conhecidos da auditoria e o modo como&#8230;<\/p>\n\n\n\n<p><strong>Quest\u00e3o 77 &#8211;<\/strong> De acordo com as normas de auditoria, os procedimentos de&#8230;<br \/><strong>C: <\/strong>matriz de planejamento<\/p>\n\n\n\n<p><strong>Quest\u00e3o 78 &#8211;<\/strong> No que diz respeito aos resultados dos testes de controle utilizados&#8230;<br \/><strong>C: <\/strong>Se os controles estiverem operando eficazmente, a quantidade de testes&#8230;<\/p>\n\n\n\n<p><strong>Quest\u00e3o 79 &#8211;<\/strong> Em uma auditoria de conformidade, o auditor evidenciou a ocorr\u00eancia de irregularidade grave&#8230;<br \/><strong>D: <\/strong>Avalia\u00e7\u00e3o de culpabilidade e considera\u00e7\u00f5es sobre punibilidade.<\/p>\n\n\n\n<p><strong>Quest\u00e3o 80 &#8211;<\/strong> No relat\u00f3rio de auditoria operacional, as recomenda\u00e7\u00f5es do auditor devem ser<br \/><strong>E: <\/strong>pr\u00e1ticas, claras, bem fundamentadas e convincentes.<\/p>\n\n\n\n<figure class=\"wp-block-image aligncenter size-full is-resized\"><img loading=\"lazy\" decoding=\"async\" width=\"775\" height=\"803\" src=\"https:\/\/dhg1h5j42swfq.cloudfront.net\/2025\/08\/17015212\/coruja_lapis.jpg\" alt=\"Gabarito Extraoficial Concurso TCE MG - Especialidade: Direito\" class=\"wp-image-1624901\" style=\"aspect-ratio:0.9651399312618363;width:66px;height:auto\" srcset=\"https:\/\/dhg1h5j42swfq.cloudfront.net\/2025\/08\/17015212\/coruja_lapis.jpg 775w, https:\/\/dhg1h5j42swfq.cloudfront.net\/2025\/08\/17015212\/coruja_lapis-290x300.jpg 290w, https:\/\/dhg1h5j42swfq.cloudfront.net\/2025\/08\/17015212\/coruja_lapis-768x796.jpg 768w, https:\/\/dhg1h5j42swfq.cloudfront.net\/2025\/08\/17015212\/coruja_lapis-150x155.jpg 150w\" sizes=\"auto, (max-width: 775px) 100vw, 775px\" \/><\/figure>\n\n\n\n<p class=\"has-text-align-center has-background has-medium-font-size\" style=\"background-color:#abb7c229\"><strong>Saiba mais:&nbsp;<a href=\"https:\/\/www.estrategiaconcursos.com.br\/blog\/concurso-tce-mg\/\" target=\"_blank\" rel=\"noreferrer noopener\">Concurso TCE MG<\/a><\/strong><\/p>\n\n\n\n<div class=\"container\" id=\"boxes\">\n  <div class=\"row\">\n\n    <div class=\"col-sm\">\n      <div class=\"banner-controle-ec\" id=\"box-assinatura\">\n        <h2 class=\"titulo-assinatura\">Cursos Concurso TCE MG<\/h2>\n        <p class=\"subtitulo-assinatura\">Estude com o Estrat\u00e9gia!<\/p>\n        <div class=\"box-botao\">\n          <a class=\"btn-assinatura\" target=\"_blank\" href=\"https:\/\/www.estrategiaconcursos.com.br\/cursosPorConcurso\/tce-mg\/\" role=\"button\" rel=\"noopener noreferrer\">VER CURSOS<\/a>\n        <\/div>\n      <\/div>\n      \n    <\/div>\n\n  <\/div>\n<\/div>\n\n\n\n<div class=\"container\" id=\"boxes\">\r\n  <div class=\"row\">\r\n\r\n    <div class=\"col-sm\">\r\n      <div class=\"estrategia\" id=\"box-assinatura\">\r\n        <h3 class=\"titulo-assinatura\"> Concursos P\u00fablicos\r\n        <p class=\"subtitulo-assinatura\">Assinatura de 1 ano ou 2 anos<\/p>\r\n        <div class=\"box-botao\">\r\n          <a class=\"btn-assinatura\" target=\"_blank\" href=\"https:\/\/www.estrategiaconcursos.com.br\/assinaturas\/\" role=\"button\" rel=\"noopener noreferrer\">ASSINE AGORA<\/a>\r\n        <\/div>\r\n      <\/h3><\/div><\/div><\/div><\/div>\n\n\n\n<h2 class=\"wp-block-heading has-text-align-center\" id=\"h-quer-saber-tudo-sobre-concursos-previstos-confira-nossos-artigos\">Quer saber tudo sobre concursos previstos?<br \/>Confira nossos artigos!<\/h2>\n\n\n\n<ul class=\"wp-block-list\">\n<li><a href=\"https:\/\/www.estrategiaconcursos.com.br\/blog\/concursos-abertos\/\" target=\"_blank\" rel=\"noreferrer noopener\">Concursos Abertos<\/a><\/li>\n\n\n\n<li><a href=\"https:\/\/www.estrategiaconcursos.com.br\/blog\/concursos-controle\/\" target=\"_blank\" rel=\"noreferrer noopener\">Concursos Controle<\/a><\/li>\n\n\n\n<li><a href=\"https:\/\/www.estrategiaconcursos.com.br\/blog\/concursos-2026\/\" target=\"_blank\" rel=\"noreferrer noopener\">Concursos 2026<\/a><\/li>\n\n\n\n<li><a href=\"https:\/\/www.estrategiaconcursos.com.br\/blog\/concursos-mg\/\" target=\"_blank\" rel=\"noreferrer noopener\">Concursos MG<\/a><\/li>\n<\/ul>\n","protected":false},"excerpt":{"rendered":"<p>Neste domingo, 25 de janeiro, foram realizadas as provas objetivas e discursivas do concurso TCE MG (Tribunal de Contas do Estado de Minas Gerais).\u00a0 As avalia\u00e7\u00f5es aconteceram em dois turnos, sendo das 8h30 \u00e0s 12h30 (objetiva) e das 15h \u00e0s 19h (discursiva), segundo o hor\u00e1rio oficial de Bras\u00edlia, DF. Com o objetivo de ajud\u00e1-lo a [&hellip;]<\/p>\n","protected":false},"author":659,"featured_media":1704405,"comment_status":"open","ping_status":"closed","sticky":false,"template":"","format":"standard","meta":{"post_tipo":"news","footnotes":""},"categories":[214710,220219],"tags":[331,867],"tax_estado":[219974],"class_list":["post-1701452","post","type-post","status-publish","format-standard","has-post-thumbnail","hentry","category-tribunais-de-contas","category-noticias","tag-gabarito","tag-prova-comentada","tax_estado-mg"],"acf":[],"yoast_head":"<!-- This site is optimized with the Yoast SEO Premium plugin v27.2 (Yoast SEO v27.2) - https:\/\/yoast.com\/product\/yoast-seo-premium-wordpress\/ -->\n<title>Gabarito Extraoficial Concurso TCE MG - Especialidade: Direito<\/title>\n<meta name=\"description\" content=\"Acompanhe a corre\u00e7\u00e3o ao vivo do Gabarito Extraoficial TCE MG - Direito e confira seu desempenho no concurso deste domingo!\" \/>\n<meta name=\"robots\" content=\"index, follow, max-snippet:-1, max-image-preview:large, max-video-preview:-1\" \/>\n<link rel=\"canonical\" href=\"https:\/\/www.estrategiaconcursos.com.br\/blog\/gabarito-extraoficial-concurso-tce-mg-direito\/\" \/>\n<meta property=\"og:locale\" content=\"pt_BR\" \/>\n<meta property=\"og:type\" content=\"article\" \/>\n<meta property=\"og:title\" content=\"Gabarito Extraoficial Concurso TCE MG - Especialidade: Direito\" \/>\n<meta property=\"og:description\" content=\"Acompanhe a corre\u00e7\u00e3o ao vivo do Gabarito Extraoficial TCE MG - Direito e confira seu desempenho no concurso deste domingo!\" \/>\n<meta property=\"og:url\" content=\"https:\/\/www.estrategiaconcursos.com.br\/blog\/gabarito-extraoficial-concurso-tce-mg-direito\/\" \/>\n<meta property=\"og:site_name\" content=\"Estrat\u00e9gia Concursos\" \/>\n<meta property=\"article:published_time\" content=\"2026-01-25T22:33:00+00:00\" \/>\n<meta property=\"article:modified_time\" content=\"2026-01-25T22:33:21+00:00\" \/>\n<meta property=\"og:image\" content=\"https:\/\/dhg1h5j42swfq.cloudfront.net\/2026\/01\/23165453\/dir.jpg\" \/>\n\t<meta property=\"og:image:width\" content=\"1342\" \/>\n\t<meta property=\"og:image:height\" content=\"689\" \/>\n\t<meta property=\"og:image:type\" content=\"image\/jpeg\" \/>\n<meta name=\"author\" content=\"Camila Leite\" \/>\n<meta name=\"twitter:card\" content=\"summary_large_image\" \/>\n<meta name=\"twitter:creator\" content=\"@EstratConcursos\" \/>\n<meta name=\"twitter:site\" content=\"@EstratConcursos\" \/>\n<meta name=\"twitter:label1\" content=\"Escrito por\" \/>\n\t<meta name=\"twitter:data1\" content=\"Camila Leite\" \/>\n\t<meta name=\"twitter:label2\" content=\"Est. tempo de leitura\" \/>\n\t<meta name=\"twitter:data2\" content=\"11 minutos\" \/>\n<script type=\"application\/ld+json\" class=\"yoast-schema-graph\">{\"@context\":\"https:\/\/schema.org\",\"@graph\":[{\"@type\":\"NewsArticle\",\"@id\":\"https:\/\/www.estrategiaconcursos.com.br\/blog\/gabarito-extraoficial-concurso-tce-mg-direito\/#article\",\"isPartOf\":{\"@id\":\"https:\/\/www.estrategiaconcursos.com.br\/blog\/gabarito-extraoficial-concurso-tce-mg-direito\/\"},\"author\":{\"name\":\"Camila Leite\",\"@id\":\"https:\/\/www.estrategiaconcursos.com.br\/blog\/#\/schema\/person\/84ecdc6eb58d3cf1689bf76c5cd8fb38\"},\"headline\":\"Gabarito Extraoficial Concurso TCE MG &#8211; Especialidade: Direito\",\"datePublished\":\"2026-01-25T22:33:00+00:00\",\"dateModified\":\"2026-01-25T22:33:21+00:00\",\"mainEntityOfPage\":{\"@id\":\"https:\/\/www.estrategiaconcursos.com.br\/blog\/gabarito-extraoficial-concurso-tce-mg-direito\/\"},\"wordCount\":2210,\"commentCount\":0,\"publisher\":{\"@id\":\"https:\/\/www.estrategiaconcursos.com.br\/blog\/#organization\"},\"image\":{\"@id\":\"https:\/\/www.estrategiaconcursos.com.br\/blog\/gabarito-extraoficial-concurso-tce-mg-direito\/#primaryimage\"},\"thumbnailUrl\":\"https:\/\/dhg1h5j42swfq.cloudfront.net\/2026\/01\/23165453\/dir.jpg\",\"keywords\":[\"Gabarito\",\"prova comentada\"],\"articleSection\":[\"Tribunais de Contas (TCU, TCE, TCM)\",\"\u00daltimas not\u00edcias\"],\"inLanguage\":\"pt-BR\",\"potentialAction\":[{\"@type\":\"CommentAction\",\"name\":\"Comment\",\"target\":[\"https:\/\/www.estrategiaconcursos.com.br\/blog\/gabarito-extraoficial-concurso-tce-mg-direito\/#respond\"]}],\"copyrightYear\":\"2026\",\"copyrightHolder\":{\"@id\":\"https:\/\/www.estrategiaconcursos.com.br\/blog\/#organization\"}},{\"@type\":\"WebPage\",\"@id\":\"https:\/\/www.estrategiaconcursos.com.br\/blog\/gabarito-extraoficial-concurso-tce-mg-direito\/\",\"url\":\"https:\/\/www.estrategiaconcursos.com.br\/blog\/gabarito-extraoficial-concurso-tce-mg-direito\/\",\"name\":\"Gabarito Extraoficial Concurso TCE MG - Especialidade: Direito\",\"isPartOf\":{\"@id\":\"https:\/\/www.estrategiaconcursos.com.br\/blog\/#website\"},\"primaryImageOfPage\":{\"@id\":\"https:\/\/www.estrategiaconcursos.com.br\/blog\/gabarito-extraoficial-concurso-tce-mg-direito\/#primaryimage\"},\"image\":{\"@id\":\"https:\/\/www.estrategiaconcursos.com.br\/blog\/gabarito-extraoficial-concurso-tce-mg-direito\/#primaryimage\"},\"thumbnailUrl\":\"https:\/\/dhg1h5j42swfq.cloudfront.net\/2026\/01\/23165453\/dir.jpg\",\"datePublished\":\"2026-01-25T22:33:00+00:00\",\"dateModified\":\"2026-01-25T22:33:21+00:00\",\"description\":\"Acompanhe a corre\u00e7\u00e3o ao vivo do Gabarito Extraoficial TCE MG - Direito e confira seu desempenho no concurso deste domingo!\",\"breadcrumb\":{\"@id\":\"https:\/\/www.estrategiaconcursos.com.br\/blog\/gabarito-extraoficial-concurso-tce-mg-direito\/#breadcrumb\"},\"inLanguage\":\"pt-BR\",\"potentialAction\":[{\"@type\":\"ReadAction\",\"target\":[\"https:\/\/www.estrategiaconcursos.com.br\/blog\/gabarito-extraoficial-concurso-tce-mg-direito\/\"]}]},{\"@type\":\"ImageObject\",\"inLanguage\":\"pt-BR\",\"@id\":\"https:\/\/www.estrategiaconcursos.com.br\/blog\/gabarito-extraoficial-concurso-tce-mg-direito\/#primaryimage\",\"url\":\"https:\/\/dhg1h5j42swfq.cloudfront.net\/2026\/01\/23165453\/dir.jpg\",\"contentUrl\":\"https:\/\/dhg1h5j42swfq.cloudfront.net\/2026\/01\/23165453\/dir.jpg\",\"width\":1342,\"height\":689},{\"@type\":\"BreadcrumbList\",\"@id\":\"https:\/\/www.estrategiaconcursos.com.br\/blog\/gabarito-extraoficial-concurso-tce-mg-direito\/#breadcrumb\",\"itemListElement\":[{\"@type\":\"ListItem\",\"position\":1,\"name\":\"In\u00edcio\",\"item\":\"https:\/\/www.estrategiaconcursos.com.br\/blog\/\"},{\"@type\":\"ListItem\",\"position\":2,\"name\":\"Gabarito Extraoficial Concurso TCE MG &#8211; Especialidade: Direito\"}]},{\"@type\":\"WebSite\",\"@id\":\"https:\/\/www.estrategiaconcursos.com.br\/blog\/#website\",\"url\":\"https:\/\/www.estrategiaconcursos.com.br\/blog\/\",\"name\":\"Estrat\u00e9gia Concursos\",\"description\":\"O blog da Estrat\u00e9gia Concursos traz not\u00edcias sobre concursos e artigos de professores oferecendo cursos para concursos (pdf + videaulas) no site.\",\"publisher\":{\"@id\":\"https:\/\/www.estrategiaconcursos.com.br\/blog\/#organization\"},\"potentialAction\":[{\"@type\":\"SearchAction\",\"target\":{\"@type\":\"EntryPoint\",\"urlTemplate\":\"https:\/\/www.estrategiaconcursos.com.br\/blog\/?s={search_term_string}\"},\"query-input\":{\"@type\":\"PropertyValueSpecification\",\"valueRequired\":true,\"valueName\":\"search_term_string\"}}],\"inLanguage\":\"pt-BR\"},{\"@type\":\"Organization\",\"@id\":\"https:\/\/www.estrategiaconcursos.com.br\/blog\/#organization\",\"name\":\"Estrat\u00e9gia Concursos\",\"url\":\"https:\/\/www.estrategiaconcursos.com.br\/blog\/\",\"logo\":{\"@type\":\"ImageObject\",\"inLanguage\":\"pt-BR\",\"@id\":\"https:\/\/www.estrategiaconcursos.com.br\/blog\/#\/schema\/logo\/image\/\",\"url\":\"https:\/\/dhg1h5j42swfq.cloudfront.net\/2025\/06\/03203428\/logo_concursos-1.jpg\",\"contentUrl\":\"https:\/\/dhg1h5j42swfq.cloudfront.net\/2025\/06\/03203428\/logo_concursos-1.jpg\",\"width\":230,\"height\":60,\"caption\":\"Estrat\u00e9gia Concursos\"},\"image\":{\"@id\":\"https:\/\/www.estrategiaconcursos.com.br\/blog\/#\/schema\/logo\/image\/\"},\"sameAs\":[\"https:\/\/x.com\/EstratConcursos\"]},{\"@type\":\"Person\",\"@id\":\"https:\/\/www.estrategiaconcursos.com.br\/blog\/#\/schema\/person\/84ecdc6eb58d3cf1689bf76c5cd8fb38\",\"name\":\"Camila Leite\",\"image\":{\"@type\":\"ImageObject\",\"inLanguage\":\"pt-BR\",\"@id\":\"https:\/\/secure.gravatar.com\/avatar\/f2f8faef639c8a2bfb7fb909912a56917f4c3a0aed064500168e2fb8ea55cf61?s=96&d=mm&r=g\",\"url\":\"https:\/\/secure.gravatar.com\/avatar\/f2f8faef639c8a2bfb7fb909912a56917f4c3a0aed064500168e2fb8ea55cf61?s=96&d=mm&r=g\",\"contentUrl\":\"https:\/\/secure.gravatar.com\/avatar\/f2f8faef639c8a2bfb7fb909912a56917f4c3a0aed064500168e2fb8ea55cf61?s=96&d=mm&r=g\",\"caption\":\"Camila Leite\"},\"description\":\"Formada em Design Gr\u00e1fico e em Propaganda e Marketing pela UNIP, integra a equipe de jornalismo do Estrat\u00e9gia Concursos desde 2018. Ao longo dos anos, construiu uma s\u00f3lida experi\u00eancia na produ\u00e7\u00e3o de conte\u00fado informativo e relevante para concurseiros. Desde 2020, atua na cobertura das \u00e1reas Fiscal \u2014 com \u00eanfase nas Secretarias de Fazenda (Sefaz) das regi\u00f5es Sul e Sudeste \u2014, al\u00e9m da cobertura de concursos federais, como CNU, Petrobras, CGU, Receita Federal, ag\u00eancias reguladoras (Anvisa, ANAC, entre outras) e INSS. Mant\u00e9m contato direto com os principais \u00f3rg\u00e3os p\u00fablicos, acompanhando editais, atualiza\u00e7\u00f5es e movimenta\u00e7\u00f5es importantes para os candidatos.\",\"sameAs\":[\"https:\/\/www.linkedin.com\/in\/camila-pinheiro-leite-9ba135b6\/\"],\"url\":\"https:\/\/www.estrategiaconcursos.com.br\/blog\/author\/camila-leiteestrategiaconcursos-com-br\/\"}]}<\/script>\n<!-- \/ Yoast SEO Premium plugin. -->","yoast_head_json":{"title":"Gabarito Extraoficial Concurso TCE MG - Especialidade: Direito","description":"Acompanhe a corre\u00e7\u00e3o ao vivo do Gabarito Extraoficial TCE MG - Direito e confira seu desempenho no concurso deste domingo!","robots":{"index":"index","follow":"follow","max-snippet":"max-snippet:-1","max-image-preview":"max-image-preview:large","max-video-preview":"max-video-preview:-1"},"canonical":"https:\/\/www.estrategiaconcursos.com.br\/blog\/gabarito-extraoficial-concurso-tce-mg-direito\/","og_locale":"pt_BR","og_type":"article","og_title":"Gabarito Extraoficial Concurso TCE MG - Especialidade: Direito","og_description":"Acompanhe a corre\u00e7\u00e3o ao vivo do Gabarito Extraoficial TCE MG - Direito e confira seu desempenho no concurso deste domingo!","og_url":"https:\/\/www.estrategiaconcursos.com.br\/blog\/gabarito-extraoficial-concurso-tce-mg-direito\/","og_site_name":"Estrat\u00e9gia Concursos","article_published_time":"2026-01-25T22:33:00+00:00","article_modified_time":"2026-01-25T22:33:21+00:00","og_image":[{"width":1342,"height":689,"url":"https:\/\/dhg1h5j42swfq.cloudfront.net\/2026\/01\/23165453\/dir.jpg","type":"image\/jpeg"}],"author":"Camila Leite","twitter_card":"summary_large_image","twitter_creator":"@EstratConcursos","twitter_site":"@EstratConcursos","twitter_misc":{"Escrito por":"Camila Leite","Est. tempo de leitura":"11 minutos"},"schema":{"@context":"https:\/\/schema.org","@graph":[{"@type":"NewsArticle","@id":"https:\/\/www.estrategiaconcursos.com.br\/blog\/gabarito-extraoficial-concurso-tce-mg-direito\/#article","isPartOf":{"@id":"https:\/\/www.estrategiaconcursos.com.br\/blog\/gabarito-extraoficial-concurso-tce-mg-direito\/"},"author":{"name":"Camila Leite","@id":"https:\/\/www.estrategiaconcursos.com.br\/blog\/#\/schema\/person\/84ecdc6eb58d3cf1689bf76c5cd8fb38"},"headline":"Gabarito Extraoficial Concurso TCE MG &#8211; Especialidade: Direito","datePublished":"2026-01-25T22:33:00+00:00","dateModified":"2026-01-25T22:33:21+00:00","mainEntityOfPage":{"@id":"https:\/\/www.estrategiaconcursos.com.br\/blog\/gabarito-extraoficial-concurso-tce-mg-direito\/"},"wordCount":2210,"commentCount":0,"publisher":{"@id":"https:\/\/www.estrategiaconcursos.com.br\/blog\/#organization"},"image":{"@id":"https:\/\/www.estrategiaconcursos.com.br\/blog\/gabarito-extraoficial-concurso-tce-mg-direito\/#primaryimage"},"thumbnailUrl":"https:\/\/dhg1h5j42swfq.cloudfront.net\/2026\/01\/23165453\/dir.jpg","keywords":["Gabarito","prova comentada"],"articleSection":["Tribunais de Contas (TCU, TCE, TCM)","\u00daltimas not\u00edcias"],"inLanguage":"pt-BR","potentialAction":[{"@type":"CommentAction","name":"Comment","target":["https:\/\/www.estrategiaconcursos.com.br\/blog\/gabarito-extraoficial-concurso-tce-mg-direito\/#respond"]}],"copyrightYear":"2026","copyrightHolder":{"@id":"https:\/\/www.estrategiaconcursos.com.br\/blog\/#organization"}},{"@type":"WebPage","@id":"https:\/\/www.estrategiaconcursos.com.br\/blog\/gabarito-extraoficial-concurso-tce-mg-direito\/","url":"https:\/\/www.estrategiaconcursos.com.br\/blog\/gabarito-extraoficial-concurso-tce-mg-direito\/","name":"Gabarito Extraoficial Concurso TCE MG - Especialidade: Direito","isPartOf":{"@id":"https:\/\/www.estrategiaconcursos.com.br\/blog\/#website"},"primaryImageOfPage":{"@id":"https:\/\/www.estrategiaconcursos.com.br\/blog\/gabarito-extraoficial-concurso-tce-mg-direito\/#primaryimage"},"image":{"@id":"https:\/\/www.estrategiaconcursos.com.br\/blog\/gabarito-extraoficial-concurso-tce-mg-direito\/#primaryimage"},"thumbnailUrl":"https:\/\/dhg1h5j42swfq.cloudfront.net\/2026\/01\/23165453\/dir.jpg","datePublished":"2026-01-25T22:33:00+00:00","dateModified":"2026-01-25T22:33:21+00:00","description":"Acompanhe a corre\u00e7\u00e3o ao vivo do Gabarito Extraoficial TCE MG - Direito e confira seu desempenho no concurso deste domingo!","breadcrumb":{"@id":"https:\/\/www.estrategiaconcursos.com.br\/blog\/gabarito-extraoficial-concurso-tce-mg-direito\/#breadcrumb"},"inLanguage":"pt-BR","potentialAction":[{"@type":"ReadAction","target":["https:\/\/www.estrategiaconcursos.com.br\/blog\/gabarito-extraoficial-concurso-tce-mg-direito\/"]}]},{"@type":"ImageObject","inLanguage":"pt-BR","@id":"https:\/\/www.estrategiaconcursos.com.br\/blog\/gabarito-extraoficial-concurso-tce-mg-direito\/#primaryimage","url":"https:\/\/dhg1h5j42swfq.cloudfront.net\/2026\/01\/23165453\/dir.jpg","contentUrl":"https:\/\/dhg1h5j42swfq.cloudfront.net\/2026\/01\/23165453\/dir.jpg","width":1342,"height":689},{"@type":"BreadcrumbList","@id":"https:\/\/www.estrategiaconcursos.com.br\/blog\/gabarito-extraoficial-concurso-tce-mg-direito\/#breadcrumb","itemListElement":[{"@type":"ListItem","position":1,"name":"In\u00edcio","item":"https:\/\/www.estrategiaconcursos.com.br\/blog\/"},{"@type":"ListItem","position":2,"name":"Gabarito Extraoficial Concurso TCE MG &#8211; Especialidade: Direito"}]},{"@type":"WebSite","@id":"https:\/\/www.estrategiaconcursos.com.br\/blog\/#website","url":"https:\/\/www.estrategiaconcursos.com.br\/blog\/","name":"Estrat\u00e9gia Concursos","description":"O blog da Estrat\u00e9gia Concursos traz not\u00edcias sobre concursos e artigos de professores oferecendo cursos para concursos (pdf + videaulas) no site.","publisher":{"@id":"https:\/\/www.estrategiaconcursos.com.br\/blog\/#organization"},"potentialAction":[{"@type":"SearchAction","target":{"@type":"EntryPoint","urlTemplate":"https:\/\/www.estrategiaconcursos.com.br\/blog\/?s={search_term_string}"},"query-input":{"@type":"PropertyValueSpecification","valueRequired":true,"valueName":"search_term_string"}}],"inLanguage":"pt-BR"},{"@type":"Organization","@id":"https:\/\/www.estrategiaconcursos.com.br\/blog\/#organization","name":"Estrat\u00e9gia Concursos","url":"https:\/\/www.estrategiaconcursos.com.br\/blog\/","logo":{"@type":"ImageObject","inLanguage":"pt-BR","@id":"https:\/\/www.estrategiaconcursos.com.br\/blog\/#\/schema\/logo\/image\/","url":"https:\/\/dhg1h5j42swfq.cloudfront.net\/2025\/06\/03203428\/logo_concursos-1.jpg","contentUrl":"https:\/\/dhg1h5j42swfq.cloudfront.net\/2025\/06\/03203428\/logo_concursos-1.jpg","width":230,"height":60,"caption":"Estrat\u00e9gia Concursos"},"image":{"@id":"https:\/\/www.estrategiaconcursos.com.br\/blog\/#\/schema\/logo\/image\/"},"sameAs":["https:\/\/x.com\/EstratConcursos"]},{"@type":"Person","@id":"https:\/\/www.estrategiaconcursos.com.br\/blog\/#\/schema\/person\/84ecdc6eb58d3cf1689bf76c5cd8fb38","name":"Camila Leite","image":{"@type":"ImageObject","inLanguage":"pt-BR","@id":"https:\/\/secure.gravatar.com\/avatar\/f2f8faef639c8a2bfb7fb909912a56917f4c3a0aed064500168e2fb8ea55cf61?s=96&d=mm&r=g","url":"https:\/\/secure.gravatar.com\/avatar\/f2f8faef639c8a2bfb7fb909912a56917f4c3a0aed064500168e2fb8ea55cf61?s=96&d=mm&r=g","contentUrl":"https:\/\/secure.gravatar.com\/avatar\/f2f8faef639c8a2bfb7fb909912a56917f4c3a0aed064500168e2fb8ea55cf61?s=96&d=mm&r=g","caption":"Camila Leite"},"description":"Formada em Design Gr\u00e1fico e em Propaganda e Marketing pela UNIP, integra a equipe de jornalismo do Estrat\u00e9gia Concursos desde 2018. Ao longo dos anos, construiu uma s\u00f3lida experi\u00eancia na produ\u00e7\u00e3o de conte\u00fado informativo e relevante para concurseiros. Desde 2020, atua na cobertura das \u00e1reas Fiscal \u2014 com \u00eanfase nas Secretarias de Fazenda (Sefaz) das regi\u00f5es Sul e Sudeste \u2014, al\u00e9m da cobertura de concursos federais, como CNU, Petrobras, CGU, Receita Federal, ag\u00eancias reguladoras (Anvisa, ANAC, entre outras) e INSS. Mant\u00e9m contato direto com os principais \u00f3rg\u00e3os p\u00fablicos, acompanhando editais, atualiza\u00e7\u00f5es e movimenta\u00e7\u00f5es importantes para os candidatos.","sameAs":["https:\/\/www.linkedin.com\/in\/camila-pinheiro-leite-9ba135b6\/"],"url":"https:\/\/www.estrategiaconcursos.com.br\/blog\/author\/camila-leiteestrategiaconcursos-com-br\/"}]}},"_links":{"self":[{"href":"https:\/\/www.estrategiaconcursos.com.br\/blog\/wp-json\/wp\/v2\/posts\/1701452","targetHints":{"allow":["GET"]}}],"collection":[{"href":"https:\/\/www.estrategiaconcursos.com.br\/blog\/wp-json\/wp\/v2\/posts"}],"about":[{"href":"https:\/\/www.estrategiaconcursos.com.br\/blog\/wp-json\/wp\/v2\/types\/post"}],"author":[{"embeddable":true,"href":"https:\/\/www.estrategiaconcursos.com.br\/blog\/wp-json\/wp\/v2\/users\/659"}],"replies":[{"embeddable":true,"href":"https:\/\/www.estrategiaconcursos.com.br\/blog\/wp-json\/wp\/v2\/comments?post=1701452"}],"version-history":[{"count":25,"href":"https:\/\/www.estrategiaconcursos.com.br\/blog\/wp-json\/wp\/v2\/posts\/1701452\/revisions"}],"predecessor-version":[{"id":1704923,"href":"https:\/\/www.estrategiaconcursos.com.br\/blog\/wp-json\/wp\/v2\/posts\/1701452\/revisions\/1704923"}],"wp:featuredmedia":[{"embeddable":true,"href":"https:\/\/www.estrategiaconcursos.com.br\/blog\/wp-json\/wp\/v2\/media\/1704405"}],"wp:attachment":[{"href":"https:\/\/www.estrategiaconcursos.com.br\/blog\/wp-json\/wp\/v2\/media?parent=1701452"}],"wp:term":[{"taxonomy":"category","embeddable":true,"href":"https:\/\/www.estrategiaconcursos.com.br\/blog\/wp-json\/wp\/v2\/categories?post=1701452"},{"taxonomy":"post_tag","embeddable":true,"href":"https:\/\/www.estrategiaconcursos.com.br\/blog\/wp-json\/wp\/v2\/tags?post=1701452"},{"taxonomy":"tax_estado","embeddable":true,"href":"https:\/\/www.estrategiaconcursos.com.br\/blog\/wp-json\/wp\/v2\/tax_estado?post=1701452"}],"curies":[{"name":"wp","href":"https:\/\/api.w.org\/{rel}","templated":true}]}}