{"id":1701332,"date":"2026-03-23T18:20:55","date_gmt":"2026-03-23T21:20:55","guid":{"rendered":"https:\/\/www.estrategiaconcursos.com.br\/blog\/?p=1701332"},"modified":"2026-03-24T15:35:59","modified_gmt":"2026-03-24T18:35:59","slug":"concurso-iss-venda-nova-do-imigrante","status":"publish","type":"post","link":"https:\/\/www.estrategiaconcursos.com.br\/blog\/concurso-iss-venda-nova-do-imigrante\/","title":{"rendered":"Concurso ISS Venda Nova do Imigrante: provas em 22 de mar\u00e7o!"},"content":{"rendered":"\n<p>Foram divulgados os gabaritos preliminares da prova objetiva, principal avalia\u00e7\u00e3o do concurso p\u00fablico da <strong>Prefeitura de Venda Nova do Imigrante<\/strong>, com vagas para a \u00e1rea fiscal (<strong>ISS<\/strong>).<\/p>\n\n\n\n<figure class=\"wp-block-image aligncenter size-full\"><img loading=\"lazy\" decoding=\"async\" width=\"421\" height=\"666\" src=\"https:\/\/dhg1h5j42swfq.cloudfront.net\/2026\/02\/23182009\/akaka.jpg\" alt=\"\" class=\"wp-image-1741960\" srcset=\"https:\/\/dhg1h5j42swfq.cloudfront.net\/2026\/02\/23182009\/akaka.jpg 421w, https:\/\/dhg1h5j42swfq.cloudfront.net\/2026\/02\/23182009\/akaka-190x300.jpg 190w, https:\/\/dhg1h5j42swfq.cloudfront.net\/2026\/02\/23182009\/akaka-150x237.jpg 150w\" sizes=\"auto, (max-width: 421px) 100vw, 421px\" \/><\/figure>\n\n\n\n<p>Sob organiza\u00e7\u00e3o do Consulplan, os candidatos podem interpor recursos entre 24 e 25 de mar\u00e7o.<\/p>\n\n\n\n<p>Ademais,  edital oferece duas vagas imediatas, mais duas para forma\u00e7\u00e3o e cadastro reserva, para <strong>Auditor Fiscal de Tributos<\/strong>.<\/p>\n\n\n\n<p>Para ingressar no cargo, \u00e9 necess\u00e1rio possuir curso de n\u00edvel superior em qualquer \u00e1rea de forma\u00e7\u00e3o. J\u00e1 o sal\u00e1rio inicial \u00e9 de R$ 5 mil, mais benef\u00edcios.<\/p>\n\n\n\n<ul class=\"wp-block-list has-very-light-gray-to-cyan-bluish-gray-gradient-background has-background\">\n<li><strong>Prefeitura de Venda Nova do Imigrante<\/strong><\/li>\n\n\n\n<li><strong style=\"color: initial;\">Situa\u00e7\u00e3o:<\/strong><span style=\"color: initial;\"> provas aplicadas<\/span><\/li>\n\n\n\n<li><strong>Banca:<\/strong>&nbsp;<a href=\"https:\/\/institutoconsulplan.org.br\/getConc.aspx?key=U9ZO0X1dKOc=\" target=\"_blank\" rel=\"noreferrer noopener\">Instituto Consulplan<\/a><\/li>\n\n\n\n<li><strong>Vagas:<\/strong>&nbsp;2 + 2 CR<\/li>\n\n\n\n<li><strong>Sal\u00e1rio inicial:<\/strong>&nbsp;R$ 5.102,08 + benef\u00edcios<\/li>\n\n\n\n<li><strong>Edital:<\/strong> <a href=\"https:\/\/dhg1h5j42swfq.cloudfront.net\/2026\/01\/19090016\/1_1219236-1.pdf\" target=\"_blank\" rel=\"noreferrer noopener nofollow\">ISS Venda Nova do Imigrante<\/a><\/li>\n<\/ul>\n\n\n\n<p>Confira neste artigo mais informa\u00e7\u00f5es sobre o concurso Venda Nova do Imigrante e os detalhes de seu edital. Acompanhe pelos t\u00f3picos abaixo:<\/p>\n\n\n\n<ul id=\"indice\" class=\"wp-block-list\">\n<li><a href=\"#vagas\">Distribui\u00e7\u00e3o das vagas<\/a>\n<ul class=\"wp-block-list\">\n<li><a href=\"#bene\">Remunera\u00e7\u00e3o e benef\u00edcios<\/a><\/li>\n\n\n\n<li><a href=\"#requisitos\">Requisitos<\/a><\/li>\n\n\n\n<li><a href=\"#atribuicoes\">Atribui\u00e7\u00f5es<\/a><\/li>\n<\/ul>\n<\/li>\n\n\n\n<li><a href=\"#etapas\">Etapas<\/a>\n<ul class=\"wp-block-list\">\n<li><a href=\"#objetiva\">Prova objetiva<\/a><\/li>\n\n\n\n<li><a href=\"#titulos\">Avalia\u00e7\u00e3o de t\u00edtulos<\/a><\/li>\n<\/ul>\n<\/li>\n\n\n\n<li><a href=\"#cursos-assinatura\">Assinatura e cursos<\/a><\/li>\n\n\n\n<li><a href=\"#ficha-tecnica\">Ficha t\u00e9cnica<\/a><\/li>\n<\/ul>\n\n\n\n<div class=\"container\" id=\"boxes\">\n  <div class=\"row\">\n\n    <div class=\"col-sm\">\n      <div class=\"banner-iss\" id=\"box-assinatura\">\n        <h2 class=\"titulo-assinatura\" style=\"text-align: left;\">Curso Concursos ISS<\/h2>\n        <p class=\"subtitulo-assinatura\" style=\"text-align: left;\">Prepara\u00e7\u00e3o completa para a carreira!<\/p>\n        <div class=\"box-botao\" style=\"text-align: left;\">\n          <a class=\"btn-assinatura\" target=\"_blank\" href=\"https:\/\/www.estrategiaconcursos.com.br\/cursosPorConcurso\/prefeitura-de-venda-nova-do-imigrante-es\/\" role=\"button\" rel=\"noopener noreferrer\">EXPLORAR CURSOS<\/a>\n        <\/div>\n      <\/div><\/div><\/div><\/div>\n\n\n\n<h2 class=\"wp-block-heading\" id=\"vagas\">Concurso ISS Venda Nova do Imigrante: distribui\u00e7\u00e3o das vagas<\/h2>\n\n\n\n<p>O edital oferta duas vagas imediatas, mais duas para forma\u00e7\u00e3o e cadastro reserva, ao cargo de <strong>Auditor Fiscal de Tributos<\/strong>.<\/p>\n\n\n\n<p id=\"bene\">Remunera\u00e7\u00e3o e benef\u00edcios<\/p>\n\n\n\n<p>O vencimento base do cargo \u00e9 de <strong>R$ 5.102,08<\/strong> (30 horas semanais). Os servidores tamb\u00e9m fazem jus aos seguintes benef\u00edcios:<\/p>\n\n\n\n<ul class=\"wp-block-list\">\n<li>Aux\u00edlio-alimenta\u00e7\u00e3o de R$ 524,15;<\/li>\n\n\n\n<li>Vale Feira;<\/li>\n\n\n\n<li>Adicional por Titula\u00e7\u00e3o de at\u00e9 25%;<\/li>\n\n\n\n<li>Gratifica\u00e7\u00e3o de Natal Lei Municipal;<\/li>\n\n\n\n<li>Remunera\u00e7\u00e3o por Exerc\u00edcio de Cargo em Comiss\u00e3o, da Gratifica\u00e7\u00e3o de Fun\u00e7\u00e3o e da Gratifica\u00e7\u00e3o de Atividade Extraordin\u00e1ria;<\/li>\n\n\n\n<li>Outros adicionais, gratifica\u00e7\u00f5es, abonos e pr\u00eamios.<\/li>\n<\/ul>\n\n\n\n<p id=\"requisitos\">Requisitos<\/p>\n\n\n\n<p>Para ingressar no cargo \u00e9 necess\u00e1rio possuir curso de n\u00edvel superior em qualquer \u00e1rea de forma\u00e7\u00e3o, al\u00e9m de Carteira Nacional de Habilita\u00e7\u00e3o &#8211; Categoria B.<\/p>\n\n\n\n<p id=\"atribuicoes\">Atribui\u00e7\u00f5es<\/p>\n\n\n\n<ul class=\"wp-block-list\">\n<li>Constituir o cr\u00e9dito tribut\u00e1rio, mediante procedimento administrativo de lan\u00e7amento dos impostos, taxas e contribui\u00e7\u00f5es de compet\u00eancia do Munic\u00edpio, bem como a homologa\u00e7\u00e3o dos procedimentos adotados pelo sujeito passivo, conforme disposto na legisla\u00e7\u00e3o tribut\u00e1ria; <\/li>\n\n\n\n<li>Aplicar penalidade por infra\u00e7\u00e3o \u00e0 legisla\u00e7\u00e3o tribut\u00e1ria ou descumprimento de obriga\u00e7\u00e3o tribut\u00e1ria principal ou acess\u00f3ria; <\/li>\n\n\n\n<li>Apurar as falhas existentes nos documentos relacionados \u00e0s \u00e1reas cont\u00e1bil, tribut\u00e1ria, fiscal, trabalhista ou de or\u00e7amento analisando os documentos referentes \u00e0s opera\u00e7\u00f5es realizadas, saldo de contas banc\u00e1rias, bens, valores e demais atos administrativos, para emitir parecer; <\/li>\n\n\n\n<li>Desenvolver atividades de investiga\u00e7\u00e3o e an\u00e1lise em a\u00e7\u00f5es administrativas desenvolvidas nas \u00e1reas cont\u00e1bil, or\u00e7ament\u00e1ria, patrimonial, tribut\u00e1ria, fiscal, civil e trabalhista, detectando eventuais irregularidades, emitindo pareceres que atestem a regularidade ou comprovem os desvios, formulando, caso necess\u00e1rio, medidas de corre\u00e7\u00e3o; entre outras atribui\u00e7\u00f5es.<\/li>\n<\/ul>\n\n\n\n<h2 class=\"wp-block-heading\" id=\"etapas\">Concurso Venda Nova do Imigrante: etapas<\/h2>\n\n\n\n<p>O presente Concurso P\u00fablico \u00e9 composto pelas seguintes etapas:<\/p>\n\n\n\n<ul class=\"wp-block-list\">\n<li><strong>Prova Objetiva de M\u00faltipla Escolha<\/strong>, de car\u00e1ter classificat\u00f3rio e eliminat\u00f3rio;<\/li>\n\n\n\n<li><strong>Avalia\u00e7\u00e3o de T\u00edtulos<\/strong>, de car\u00e1ter meramente classificat\u00f3rio.<\/li>\n<\/ul>\n\n\n\n<h3 class=\"wp-block-heading\" id=\"objetiva\">Prova objetiva<\/h3>\n\n\n\n<p>Com dura\u00e7\u00e3o de 3 horas, a prova objetiva teve 40 quest\u00f5es e distribui\u00e7\u00e3o de pontos conforme quadro abaixo.<\/p>\n\n\n\n<p>As quest\u00f5es foram do tipo m\u00faltipla escolha, com 5 (cinco) op\u00e7\u00f5es (A a E) e uma \u00fanica resposta correta.<\/p>\n\n\n\n<figure class=\"wp-block-image aligncenter size-full\"><img loading=\"lazy\" decoding=\"async\" width=\"774\" height=\"260\" src=\"https:\/\/dhg1h5j42swfq.cloudfront.net\/2026\/01\/19094927\/prova-iss-venda-nova.jpg\" alt=\"Quadro de prova objetiva do concurso ISS Venda Nova do Imigrante\" class=\"wp-image-1701353\" srcset=\"https:\/\/dhg1h5j42swfq.cloudfront.net\/2026\/01\/19094927\/prova-iss-venda-nova.jpg 774w, https:\/\/dhg1h5j42swfq.cloudfront.net\/2026\/01\/19094927\/prova-iss-venda-nova-300x101.jpg 300w, https:\/\/dhg1h5j42swfq.cloudfront.net\/2026\/01\/19094927\/prova-iss-venda-nova-768x258.jpg 768w, https:\/\/dhg1h5j42swfq.cloudfront.net\/2026\/01\/19094927\/prova-iss-venda-nova-150x50.jpg 150w\" sizes=\"auto, (max-width: 774px) 100vw, 774px\" \/><\/figure>\n\n\n\n<p>Ser\u00e1 considerado aprovado o candidato que obtiver, no m\u00ednimo, 50% de aproveitamento do total dos pontos da prova objetiva de m\u00faltipla escolha.<\/p>\n\n\n\n<h3 class=\"wp-block-heading\" id=\"titulos\">Avalia\u00e7\u00e3o de t\u00edtulos<\/h3>\n\n\n\n<p>Esta etapa ter\u00e1 a pontua\u00e7\u00e3o m\u00e1xima de 4,5 pontos, apenas podendo ser computado um t\u00edtulo por n\u00edvel (doutorado, mestrado e especializa\u00e7\u00e3o).<\/p>\n\n\n\n<p>Os t\u00edtulos considerados neste concurso, suas pontua\u00e7\u00f5es, o limite m\u00e1ximo por categoria e a forma de comprova\u00e7\u00e3o, s\u00e3o assim discriminados:<\/p>\n\n\n\n<figure class=\"wp-block-image aligncenter size-full\"><img loading=\"lazy\" decoding=\"async\" width=\"782\" height=\"267\" src=\"https:\/\/dhg1h5j42swfq.cloudfront.net\/2026\/01\/19095420\/titulos-venda-nova.jpg\" alt=\"Quadro de prova de t\u00edtulos do concurso ISS Venda Nova do Imigrante\" class=\"wp-image-1701356\" srcset=\"https:\/\/dhg1h5j42swfq.cloudfront.net\/2026\/01\/19095420\/titulos-venda-nova.jpg 782w, https:\/\/dhg1h5j42swfq.cloudfront.net\/2026\/01\/19095420\/titulos-venda-nova-300x102.jpg 300w, https:\/\/dhg1h5j42swfq.cloudfront.net\/2026\/01\/19095420\/titulos-venda-nova-768x262.jpg 768w, https:\/\/dhg1h5j42swfq.cloudfront.net\/2026\/01\/19095420\/titulos-venda-nova-150x51.jpg 150w\" sizes=\"auto, (max-width: 782px) 100vw, 782px\" \/><\/figure>\n\n\n\n<hr class=\"wp-block-separator has-alpha-channel-opacity\"\/>\n\n\n\n<h2 class=\"wp-block-heading has-text-align-center\" id=\"cursos-assinatura\"><em>Quer estudar para o concurso ISS Venda Nova do Imigrante?<\/em><\/h2>\n\n\n\n<div class=\"container\" id=\"boxes\">\n  <div class=\"row\">\n\n    <div class=\"col-sm\">\n      <div class=\"banner-iss\" id=\"box-assinatura\">\n        <h2 class=\"titulo-assinatura\" style=\"text-align: left;\">Curso Concursos ISS<\/h2>\n        <p class=\"subtitulo-assinatura\" style=\"text-align: left;\">Prepara\u00e7\u00e3o completa para a carreira!<\/p>\n        <div class=\"box-botao\" style=\"text-align: left;\">\n          <a class=\"btn-assinatura\" target=\"_blank\" href=\"https:\/\/www.estrategiaconcursos.com.br\/cursosPorConcurso\/prefeitura-de-venda-nova-do-imigrante-es\/\" role=\"button\" rel=\"noopener noreferrer\">EXPLORAR CURSOS<\/a>\n        <\/div>\n      <\/div><\/div><\/div><\/div>\n\n\n\n<div class=\"container\" id=\"boxes\">\n  <div class=\"row\">\n\n    <div class=\"col-sm\">\n      <div class=\"estrategia\" id=\"box-assinatura\">\n        <h3 class=\"titulo-assinatura\">Assinatura Concursos<\/h3>\n        <p class=\"subtitulo-assinatura\">Assinatura de 1 ano ou 2 anos<\/p>\n        <div class=\"box-botao\">\n          <a class=\"btn-assinatura\" target=\"_blank\" href=\"https:\/\/www.estrategiaconcursos.com.br\/assinaturas\/\" role=\"button\" rel=\"noopener noreferrer\">ASSINE AGORA<\/a>\n        <\/div>\n      <\/div><\/div><\/div><\/div>\n\n\n\n<h2 class=\"wp-block-heading has-text-align-center\" id=\"h-quer-saber-tudo-sobre-concursos-previstos-confira-os-nossos-artigos\">Quer saber tudo sobre concursos previstos?<br \/>Confira os nossos artigos!<\/h2>\n\n\n\n<ul class=\"wp-block-list\">\n<li><a href=\"https:\/\/www.estrategiaconcursos.com.br\/blog\/concursos-abertos\/\" target=\"_blank\" rel=\"noreferrer noopener\">Concursos Abertos<\/a><\/li>\n\n\n\n<li><a href=\"https:\/\/www.estrategiaconcursos.com.br\/blog\/concursos-abertos-prefeituras\/\" target=\"_blank\" rel=\"noreferrer noopener\">Concursos ISS<\/a><\/li>\n\n\n\n<li><a href=\"https:\/\/www.estrategiaconcursos.com.br\/blog\/concursos-fiscais\/\" target=\"_blank\" rel=\"noreferrer noopener\">Concursos Fiscais<\/a><\/li>\n\n\n\n<li><a href=\"https:\/\/www.estrategiaconcursos.com.br\/blog\/concursos-2025\/\" target=\"_blank\" rel=\"noreferrer noopener\">Concursos 2026<\/a><\/li>\n<\/ul>\n\n\n\n<figure class=\"wp-block-image is-resized\"><img loading=\"lazy\" decoding=\"async\" width=\"1024\" height=\"632\" src=\"https:\/\/dhg1h5j42swfq.cloudfront.net\/2021\/04\/01161145\/ficha-tecnica-5-1024x632.png\" alt=\"Informa\u00e7\u00f5es do Concurso ISS Venda Nova do Imigrante\" class=\"wp-image-706736\" style=\"width:236px;height:145px\" srcset=\"https:\/\/dhg1h5j42swfq.cloudfront.net\/2021\/04\/01161145\/ficha-tecnica-5-1024x632.png 1024w, https:\/\/dhg1h5j42swfq.cloudfront.net\/2021\/04\/01161145\/ficha-tecnica-5-300x185.png 300w, https:\/\/dhg1h5j42swfq.cloudfront.net\/2021\/04\/01161145\/ficha-tecnica-5-768x474.png 768w, https:\/\/dhg1h5j42swfq.cloudfront.net\/2021\/04\/01161145\/ficha-tecnica-5-1536x948.png 1536w, https:\/\/dhg1h5j42swfq.cloudfront.net\/2021\/04\/01161145\/ficha-tecnica-5-610x377.png 610w, https:\/\/dhg1h5j42swfq.cloudfront.net\/2021\/04\/01161145\/ficha-tecnica-5.png 1571w\" sizes=\"auto, (max-width: 1024px) 100vw, 1024px\" \/><\/figure>\n\n\n\n<h3 class=\"wp-block-heading\" id=\"ficha-tecnica\"><strong>Informa\u00e7\u00f5es do concurso ISS Venda Nova do Imigrante<\/strong><\/h3>\n\n\n\n<ul class=\"wp-block-list\">\n<li><strong>Data da prova<\/strong>: <s>22\/03\/2026<\/s><\/li>\n\n\n\n<li><strong>Banca<\/strong>: Instituto Consulplan<\/li>\n\n\n\n<li><strong>Escolaridade<\/strong>: n\u00edvel superior<\/li>\n\n\n\n<li><strong>Vagas:<\/strong> &nbsp;2 + 2 CR<\/li>\n\n\n\n<li><strong>Cargos<\/strong>: Auditor Fiscal de Tributos<\/li>\n\n\n\n<li><strong>Edital:<\/strong> <a href=\"https:\/\/dhg1h5j42swfq.cloudfront.net\/2026\/01\/19090016\/1_1219236-1.pdf\" target=\"_blank\" rel=\"noreferrer noopener nofollow\">ISS Venda Nova do Imigrante<\/a><\/li>\n<\/ul>\n","protected":false},"excerpt":{"rendered":"<p>Foram divulgados os gabaritos preliminares da prova objetiva, principal avalia\u00e7\u00e3o do concurso p\u00fablico da Prefeitura de Venda Nova do Imigrante, com vagas para a \u00e1rea fiscal (ISS). Sob organiza\u00e7\u00e3o do Consulplan, os candidatos podem interpor recursos entre 24 e 25 de mar\u00e7o. Ademais, edital oferece duas vagas imediatas, mais duas para forma\u00e7\u00e3o e cadastro reserva, [&hellip;]<\/p>\n","protected":false},"author":659,"featured_media":1702033,"comment_status":"open","ping_status":"closed","sticky":false,"template":"","format":"standard","meta":{"post_tipo":"news_page","footnotes":""},"categories":[220183],"tags":[],"tax_estado":[219971],"class_list":["post-1701332","post","type-post","status-publish","format-standard","has-post-thumbnail","hentry","category-fiscal-municipal","tax_estado-es"],"acf":[],"yoast_head":"<!-- This site is optimized with the Yoast SEO Premium plugin v27.2 (Yoast SEO v27.2) - https:\/\/yoast.com\/product\/yoast-seo-premium-wordpress\/ -->\n<title>Concurso ISS Venda Nova do Imigrante: provas em 22 de mar\u00e7o!<\/title>\n<meta name=\"description\" content=\"Concurso ISS Venda Nova do Imigrante: provas aplicadas e gabaritos divulgados. S\u00e3o ofertadas vagas para Auditor Fiscal.\" \/>\n<meta name=\"robots\" content=\"index, follow, max-snippet:-1, max-image-preview:large, max-video-preview:-1\" \/>\n<link rel=\"canonical\" href=\"https:\/\/www.estrategiaconcursos.com.br\/blog\/concurso-iss-venda-nova-do-imigrante\/\" \/>\n<meta property=\"og:locale\" content=\"pt_BR\" \/>\n<meta property=\"og:type\" content=\"article\" \/>\n<meta property=\"og:title\" content=\"Concurso ISS Venda Nova do Imigrante: provas em 22 de mar\u00e7o!\" \/>\n<meta property=\"og:description\" content=\"Concurso ISS Venda Nova do Imigrante: provas aplicadas e gabaritos divulgados. S\u00e3o ofertadas vagas para Auditor Fiscal.\" \/>\n<meta property=\"og:url\" content=\"https:\/\/www.estrategiaconcursos.com.br\/blog\/concurso-iss-venda-nova-do-imigrante\/\" \/>\n<meta property=\"og:site_name\" content=\"Estrat\u00e9gia Concursos\" \/>\n<meta property=\"article:published_time\" content=\"2026-03-23T21:20:55+00:00\" \/>\n<meta property=\"article:modified_time\" content=\"2026-03-24T18:35:59+00:00\" \/>\n<meta property=\"og:image\" content=\"https:\/\/dhg1h5j42swfq.cloudfront.net\/2026\/01\/20082743\/iss-venda-nova-do-imigrante.jpg\" \/>\n\t<meta property=\"og:image:width\" content=\"768\" \/>\n\t<meta property=\"og:image:height\" content=\"432\" \/>\n\t<meta property=\"og:image:type\" content=\"image\/jpeg\" \/>\n<meta name=\"author\" content=\"Camila Leite\" \/>\n<meta name=\"twitter:card\" content=\"summary_large_image\" \/>\n<meta name=\"twitter:creator\" content=\"@EstratConcursos\" \/>\n<meta name=\"twitter:site\" content=\"@EstratConcursos\" \/>\n<meta name=\"twitter:label1\" content=\"Escrito por\" \/>\n\t<meta name=\"twitter:data1\" content=\"Camila Leite\" \/>\n\t<meta name=\"twitter:label2\" content=\"Est. tempo de leitura\" \/>\n\t<meta name=\"twitter:data2\" content=\"4 minutos\" \/>\n<script type=\"application\/ld+json\" class=\"yoast-schema-graph\">{\"@context\":\"https:\/\/schema.org\",\"@graph\":[{\"@type\":\"NewsArticle\",\"@id\":\"https:\/\/www.estrategiaconcursos.com.br\/blog\/concurso-iss-venda-nova-do-imigrante\/#article\",\"isPartOf\":{\"@id\":\"https:\/\/www.estrategiaconcursos.com.br\/blog\/concurso-iss-venda-nova-do-imigrante\/\"},\"author\":{\"name\":\"Camila Leite\",\"@id\":\"https:\/\/www.estrategiaconcursos.com.br\/blog\/#\/schema\/person\/84ecdc6eb58d3cf1689bf76c5cd8fb38\"},\"headline\":\"Concurso ISS Venda Nova do Imigrante: provas em 22 de mar\u00e7o!\",\"datePublished\":\"2026-03-23T21:20:55+00:00\",\"dateModified\":\"2026-03-24T18:35:59+00:00\",\"mainEntityOfPage\":{\"@id\":\"https:\/\/www.estrategiaconcursos.com.br\/blog\/concurso-iss-venda-nova-do-imigrante\/\"},\"wordCount\":727,\"commentCount\":0,\"publisher\":{\"@id\":\"https:\/\/www.estrategiaconcursos.com.br\/blog\/#organization\"},\"image\":{\"@id\":\"https:\/\/www.estrategiaconcursos.com.br\/blog\/concurso-iss-venda-nova-do-imigrante\/#primaryimage\"},\"thumbnailUrl\":\"https:\/\/dhg1h5j42swfq.cloudfront.net\/2026\/01\/20082743\/iss-venda-nova-do-imigrante.jpg\",\"articleSection\":[\"Fiscal - Municipal (ISS)\"],\"inLanguage\":\"pt-BR\",\"potentialAction\":[{\"@type\":\"CommentAction\",\"name\":\"Comment\",\"target\":[\"https:\/\/www.estrategiaconcursos.com.br\/blog\/concurso-iss-venda-nova-do-imigrante\/#respond\"]}],\"copyrightYear\":\"2026\",\"copyrightHolder\":{\"@id\":\"https:\/\/www.estrategiaconcursos.com.br\/blog\/#organization\"}},{\"@type\":\"WebPage\",\"@id\":\"https:\/\/www.estrategiaconcursos.com.br\/blog\/concurso-iss-venda-nova-do-imigrante\/\",\"url\":\"https:\/\/www.estrategiaconcursos.com.br\/blog\/concurso-iss-venda-nova-do-imigrante\/\",\"name\":\"Concurso ISS Venda Nova do Imigrante: provas em 22 de mar\u00e7o!\",\"isPartOf\":{\"@id\":\"https:\/\/www.estrategiaconcursos.com.br\/blog\/#website\"},\"primaryImageOfPage\":{\"@id\":\"https:\/\/www.estrategiaconcursos.com.br\/blog\/concurso-iss-venda-nova-do-imigrante\/#primaryimage\"},\"image\":{\"@id\":\"https:\/\/www.estrategiaconcursos.com.br\/blog\/concurso-iss-venda-nova-do-imigrante\/#primaryimage\"},\"thumbnailUrl\":\"https:\/\/dhg1h5j42swfq.cloudfront.net\/2026\/01\/20082743\/iss-venda-nova-do-imigrante.jpg\",\"datePublished\":\"2026-03-23T21:20:55+00:00\",\"dateModified\":\"2026-03-24T18:35:59+00:00\",\"description\":\"Concurso ISS Venda Nova do Imigrante: provas aplicadas e gabaritos divulgados. S\u00e3o ofertadas vagas para Auditor Fiscal.\",\"breadcrumb\":{\"@id\":\"https:\/\/www.estrategiaconcursos.com.br\/blog\/concurso-iss-venda-nova-do-imigrante\/#breadcrumb\"},\"inLanguage\":\"pt-BR\",\"potentialAction\":[{\"@type\":\"ReadAction\",\"target\":[\"https:\/\/www.estrategiaconcursos.com.br\/blog\/concurso-iss-venda-nova-do-imigrante\/\"]}]},{\"@type\":\"ImageObject\",\"inLanguage\":\"pt-BR\",\"@id\":\"https:\/\/www.estrategiaconcursos.com.br\/blog\/concurso-iss-venda-nova-do-imigrante\/#primaryimage\",\"url\":\"https:\/\/dhg1h5j42swfq.cloudfront.net\/2026\/01\/20082743\/iss-venda-nova-do-imigrante.jpg\",\"contentUrl\":\"https:\/\/dhg1h5j42swfq.cloudfront.net\/2026\/01\/20082743\/iss-venda-nova-do-imigrante.jpg\",\"width\":768,\"height\":432},{\"@type\":\"BreadcrumbList\",\"@id\":\"https:\/\/www.estrategiaconcursos.com.br\/blog\/concurso-iss-venda-nova-do-imigrante\/#breadcrumb\",\"itemListElement\":[{\"@type\":\"ListItem\",\"position\":1,\"name\":\"In\u00edcio\",\"item\":\"https:\/\/www.estrategiaconcursos.com.br\/blog\/\"},{\"@type\":\"ListItem\",\"position\":2,\"name\":\"Concurso ISS Venda Nova do Imigrante: provas em 22 de mar\u00e7o!\"}]},{\"@type\":\"WebSite\",\"@id\":\"https:\/\/www.estrategiaconcursos.com.br\/blog\/#website\",\"url\":\"https:\/\/www.estrategiaconcursos.com.br\/blog\/\",\"name\":\"Estrat\u00e9gia Concursos\",\"description\":\"O blog da Estrat\u00e9gia Concursos traz not\u00edcias sobre concursos e artigos de professores oferecendo cursos para concursos (pdf + videaulas) no site.\",\"publisher\":{\"@id\":\"https:\/\/www.estrategiaconcursos.com.br\/blog\/#organization\"},\"potentialAction\":[{\"@type\":\"SearchAction\",\"target\":{\"@type\":\"EntryPoint\",\"urlTemplate\":\"https:\/\/www.estrategiaconcursos.com.br\/blog\/?s={search_term_string}\"},\"query-input\":{\"@type\":\"PropertyValueSpecification\",\"valueRequired\":true,\"valueName\":\"search_term_string\"}}],\"inLanguage\":\"pt-BR\"},{\"@type\":\"Organization\",\"@id\":\"https:\/\/www.estrategiaconcursos.com.br\/blog\/#organization\",\"name\":\"Estrat\u00e9gia Concursos\",\"url\":\"https:\/\/www.estrategiaconcursos.com.br\/blog\/\",\"logo\":{\"@type\":\"ImageObject\",\"inLanguage\":\"pt-BR\",\"@id\":\"https:\/\/www.estrategiaconcursos.com.br\/blog\/#\/schema\/logo\/image\/\",\"url\":\"https:\/\/dhg1h5j42swfq.cloudfront.net\/2025\/06\/03203428\/logo_concursos-1.jpg\",\"contentUrl\":\"https:\/\/dhg1h5j42swfq.cloudfront.net\/2025\/06\/03203428\/logo_concursos-1.jpg\",\"width\":230,\"height\":60,\"caption\":\"Estrat\u00e9gia Concursos\"},\"image\":{\"@id\":\"https:\/\/www.estrategiaconcursos.com.br\/blog\/#\/schema\/logo\/image\/\"},\"sameAs\":[\"https:\/\/x.com\/EstratConcursos\"]},{\"@type\":\"Person\",\"@id\":\"https:\/\/www.estrategiaconcursos.com.br\/blog\/#\/schema\/person\/84ecdc6eb58d3cf1689bf76c5cd8fb38\",\"name\":\"Camila Leite\",\"image\":{\"@type\":\"ImageObject\",\"inLanguage\":\"pt-BR\",\"@id\":\"https:\/\/secure.gravatar.com\/avatar\/f2f8faef639c8a2bfb7fb909912a56917f4c3a0aed064500168e2fb8ea55cf61?s=96&d=mm&r=g\",\"url\":\"https:\/\/secure.gravatar.com\/avatar\/f2f8faef639c8a2bfb7fb909912a56917f4c3a0aed064500168e2fb8ea55cf61?s=96&d=mm&r=g\",\"contentUrl\":\"https:\/\/secure.gravatar.com\/avatar\/f2f8faef639c8a2bfb7fb909912a56917f4c3a0aed064500168e2fb8ea55cf61?s=96&d=mm&r=g\",\"caption\":\"Camila Leite\"},\"description\":\"Formada em Design Gr\u00e1fico e em Propaganda e Marketing pela UNIP, integra a equipe de jornalismo do Estrat\u00e9gia Concursos desde 2018. Ao longo dos anos, construiu uma s\u00f3lida experi\u00eancia na produ\u00e7\u00e3o de conte\u00fado informativo e relevante para concurseiros. Desde 2020, atua na cobertura das \u00e1reas Fiscal \u2014 com \u00eanfase nas Secretarias de Fazenda (Sefaz) das regi\u00f5es Sul e Sudeste \u2014, al\u00e9m da cobertura de concursos federais, como CNU, Petrobras, CGU, Receita Federal, ag\u00eancias reguladoras (Anvisa, ANAC, entre outras) e INSS. Mant\u00e9m contato direto com os principais \u00f3rg\u00e3os p\u00fablicos, acompanhando editais, atualiza\u00e7\u00f5es e movimenta\u00e7\u00f5es importantes para os candidatos.\",\"sameAs\":[\"https:\/\/www.linkedin.com\/in\/camila-pinheiro-leite-9ba135b6\/\"],\"url\":\"https:\/\/www.estrategiaconcursos.com.br\/blog\/author\/camila-leiteestrategiaconcursos-com-br\/\"}]}<\/script>\n<!-- \/ Yoast SEO Premium plugin. -->","yoast_head_json":{"title":"Concurso ISS Venda Nova do Imigrante: provas em 22 de mar\u00e7o!","description":"Concurso ISS Venda Nova do Imigrante: provas aplicadas e gabaritos divulgados. S\u00e3o ofertadas vagas para Auditor Fiscal.","robots":{"index":"index","follow":"follow","max-snippet":"max-snippet:-1","max-image-preview":"max-image-preview:large","max-video-preview":"max-video-preview:-1"},"canonical":"https:\/\/www.estrategiaconcursos.com.br\/blog\/concurso-iss-venda-nova-do-imigrante\/","og_locale":"pt_BR","og_type":"article","og_title":"Concurso ISS Venda Nova do Imigrante: provas em 22 de mar\u00e7o!","og_description":"Concurso ISS Venda Nova do Imigrante: provas aplicadas e gabaritos divulgados. S\u00e3o ofertadas vagas para Auditor Fiscal.","og_url":"https:\/\/www.estrategiaconcursos.com.br\/blog\/concurso-iss-venda-nova-do-imigrante\/","og_site_name":"Estrat\u00e9gia Concursos","article_published_time":"2026-03-23T21:20:55+00:00","article_modified_time":"2026-03-24T18:35:59+00:00","og_image":[{"width":768,"height":432,"url":"https:\/\/dhg1h5j42swfq.cloudfront.net\/2026\/01\/20082743\/iss-venda-nova-do-imigrante.jpg","type":"image\/jpeg"}],"author":"Camila Leite","twitter_card":"summary_large_image","twitter_creator":"@EstratConcursos","twitter_site":"@EstratConcursos","twitter_misc":{"Escrito por":"Camila Leite","Est. tempo de leitura":"4 minutos"},"schema":{"@context":"https:\/\/schema.org","@graph":[{"@type":"NewsArticle","@id":"https:\/\/www.estrategiaconcursos.com.br\/blog\/concurso-iss-venda-nova-do-imigrante\/#article","isPartOf":{"@id":"https:\/\/www.estrategiaconcursos.com.br\/blog\/concurso-iss-venda-nova-do-imigrante\/"},"author":{"name":"Camila Leite","@id":"https:\/\/www.estrategiaconcursos.com.br\/blog\/#\/schema\/person\/84ecdc6eb58d3cf1689bf76c5cd8fb38"},"headline":"Concurso ISS Venda Nova do Imigrante: provas em 22 de mar\u00e7o!","datePublished":"2026-03-23T21:20:55+00:00","dateModified":"2026-03-24T18:35:59+00:00","mainEntityOfPage":{"@id":"https:\/\/www.estrategiaconcursos.com.br\/blog\/concurso-iss-venda-nova-do-imigrante\/"},"wordCount":727,"commentCount":0,"publisher":{"@id":"https:\/\/www.estrategiaconcursos.com.br\/blog\/#organization"},"image":{"@id":"https:\/\/www.estrategiaconcursos.com.br\/blog\/concurso-iss-venda-nova-do-imigrante\/#primaryimage"},"thumbnailUrl":"https:\/\/dhg1h5j42swfq.cloudfront.net\/2026\/01\/20082743\/iss-venda-nova-do-imigrante.jpg","articleSection":["Fiscal - Municipal (ISS)"],"inLanguage":"pt-BR","potentialAction":[{"@type":"CommentAction","name":"Comment","target":["https:\/\/www.estrategiaconcursos.com.br\/blog\/concurso-iss-venda-nova-do-imigrante\/#respond"]}],"copyrightYear":"2026","copyrightHolder":{"@id":"https:\/\/www.estrategiaconcursos.com.br\/blog\/#organization"}},{"@type":"WebPage","@id":"https:\/\/www.estrategiaconcursos.com.br\/blog\/concurso-iss-venda-nova-do-imigrante\/","url":"https:\/\/www.estrategiaconcursos.com.br\/blog\/concurso-iss-venda-nova-do-imigrante\/","name":"Concurso ISS Venda Nova do Imigrante: provas em 22 de mar\u00e7o!","isPartOf":{"@id":"https:\/\/www.estrategiaconcursos.com.br\/blog\/#website"},"primaryImageOfPage":{"@id":"https:\/\/www.estrategiaconcursos.com.br\/blog\/concurso-iss-venda-nova-do-imigrante\/#primaryimage"},"image":{"@id":"https:\/\/www.estrategiaconcursos.com.br\/blog\/concurso-iss-venda-nova-do-imigrante\/#primaryimage"},"thumbnailUrl":"https:\/\/dhg1h5j42swfq.cloudfront.net\/2026\/01\/20082743\/iss-venda-nova-do-imigrante.jpg","datePublished":"2026-03-23T21:20:55+00:00","dateModified":"2026-03-24T18:35:59+00:00","description":"Concurso ISS Venda Nova do Imigrante: provas aplicadas e gabaritos divulgados. S\u00e3o ofertadas vagas para Auditor Fiscal.","breadcrumb":{"@id":"https:\/\/www.estrategiaconcursos.com.br\/blog\/concurso-iss-venda-nova-do-imigrante\/#breadcrumb"},"inLanguage":"pt-BR","potentialAction":[{"@type":"ReadAction","target":["https:\/\/www.estrategiaconcursos.com.br\/blog\/concurso-iss-venda-nova-do-imigrante\/"]}]},{"@type":"ImageObject","inLanguage":"pt-BR","@id":"https:\/\/www.estrategiaconcursos.com.br\/blog\/concurso-iss-venda-nova-do-imigrante\/#primaryimage","url":"https:\/\/dhg1h5j42swfq.cloudfront.net\/2026\/01\/20082743\/iss-venda-nova-do-imigrante.jpg","contentUrl":"https:\/\/dhg1h5j42swfq.cloudfront.net\/2026\/01\/20082743\/iss-venda-nova-do-imigrante.jpg","width":768,"height":432},{"@type":"BreadcrumbList","@id":"https:\/\/www.estrategiaconcursos.com.br\/blog\/concurso-iss-venda-nova-do-imigrante\/#breadcrumb","itemListElement":[{"@type":"ListItem","position":1,"name":"In\u00edcio","item":"https:\/\/www.estrategiaconcursos.com.br\/blog\/"},{"@type":"ListItem","position":2,"name":"Concurso ISS Venda Nova do Imigrante: provas em 22 de mar\u00e7o!"}]},{"@type":"WebSite","@id":"https:\/\/www.estrategiaconcursos.com.br\/blog\/#website","url":"https:\/\/www.estrategiaconcursos.com.br\/blog\/","name":"Estrat\u00e9gia Concursos","description":"O blog da Estrat\u00e9gia Concursos traz not\u00edcias sobre concursos e artigos de professores oferecendo cursos para concursos (pdf + videaulas) no site.","publisher":{"@id":"https:\/\/www.estrategiaconcursos.com.br\/blog\/#organization"},"potentialAction":[{"@type":"SearchAction","target":{"@type":"EntryPoint","urlTemplate":"https:\/\/www.estrategiaconcursos.com.br\/blog\/?s={search_term_string}"},"query-input":{"@type":"PropertyValueSpecification","valueRequired":true,"valueName":"search_term_string"}}],"inLanguage":"pt-BR"},{"@type":"Organization","@id":"https:\/\/www.estrategiaconcursos.com.br\/blog\/#organization","name":"Estrat\u00e9gia Concursos","url":"https:\/\/www.estrategiaconcursos.com.br\/blog\/","logo":{"@type":"ImageObject","inLanguage":"pt-BR","@id":"https:\/\/www.estrategiaconcursos.com.br\/blog\/#\/schema\/logo\/image\/","url":"https:\/\/dhg1h5j42swfq.cloudfront.net\/2025\/06\/03203428\/logo_concursos-1.jpg","contentUrl":"https:\/\/dhg1h5j42swfq.cloudfront.net\/2025\/06\/03203428\/logo_concursos-1.jpg","width":230,"height":60,"caption":"Estrat\u00e9gia Concursos"},"image":{"@id":"https:\/\/www.estrategiaconcursos.com.br\/blog\/#\/schema\/logo\/image\/"},"sameAs":["https:\/\/x.com\/EstratConcursos"]},{"@type":"Person","@id":"https:\/\/www.estrategiaconcursos.com.br\/blog\/#\/schema\/person\/84ecdc6eb58d3cf1689bf76c5cd8fb38","name":"Camila Leite","image":{"@type":"ImageObject","inLanguage":"pt-BR","@id":"https:\/\/secure.gravatar.com\/avatar\/f2f8faef639c8a2bfb7fb909912a56917f4c3a0aed064500168e2fb8ea55cf61?s=96&d=mm&r=g","url":"https:\/\/secure.gravatar.com\/avatar\/f2f8faef639c8a2bfb7fb909912a56917f4c3a0aed064500168e2fb8ea55cf61?s=96&d=mm&r=g","contentUrl":"https:\/\/secure.gravatar.com\/avatar\/f2f8faef639c8a2bfb7fb909912a56917f4c3a0aed064500168e2fb8ea55cf61?s=96&d=mm&r=g","caption":"Camila Leite"},"description":"Formada em Design Gr\u00e1fico e em Propaganda e Marketing pela UNIP, integra a equipe de jornalismo do Estrat\u00e9gia Concursos desde 2018. Ao longo dos anos, construiu uma s\u00f3lida experi\u00eancia na produ\u00e7\u00e3o de conte\u00fado informativo e relevante para concurseiros. Desde 2020, atua na cobertura das \u00e1reas Fiscal \u2014 com \u00eanfase nas Secretarias de Fazenda (Sefaz) das regi\u00f5es Sul e Sudeste \u2014, al\u00e9m da cobertura de concursos federais, como CNU, Petrobras, CGU, Receita Federal, ag\u00eancias reguladoras (Anvisa, ANAC, entre outras) e INSS. Mant\u00e9m contato direto com os principais \u00f3rg\u00e3os p\u00fablicos, acompanhando editais, atualiza\u00e7\u00f5es e movimenta\u00e7\u00f5es importantes para os candidatos.","sameAs":["https:\/\/www.linkedin.com\/in\/camila-pinheiro-leite-9ba135b6\/"],"url":"https:\/\/www.estrategiaconcursos.com.br\/blog\/author\/camila-leiteestrategiaconcursos-com-br\/"}]}},"_links":{"self":[{"href":"https:\/\/www.estrategiaconcursos.com.br\/blog\/wp-json\/wp\/v2\/posts\/1701332","targetHints":{"allow":["GET"]}}],"collection":[{"href":"https:\/\/www.estrategiaconcursos.com.br\/blog\/wp-json\/wp\/v2\/posts"}],"about":[{"href":"https:\/\/www.estrategiaconcursos.com.br\/blog\/wp-json\/wp\/v2\/types\/post"}],"author":[{"embeddable":true,"href":"https:\/\/www.estrategiaconcursos.com.br\/blog\/wp-json\/wp\/v2\/users\/659"}],"replies":[{"embeddable":true,"href":"https:\/\/www.estrategiaconcursos.com.br\/blog\/wp-json\/wp\/v2\/comments?post=1701332"}],"version-history":[{"count":12,"href":"https:\/\/www.estrategiaconcursos.com.br\/blog\/wp-json\/wp\/v2\/posts\/1701332\/revisions"}],"predecessor-version":[{"id":1742384,"href":"https:\/\/www.estrategiaconcursos.com.br\/blog\/wp-json\/wp\/v2\/posts\/1701332\/revisions\/1742384"}],"wp:featuredmedia":[{"embeddable":true,"href":"https:\/\/www.estrategiaconcursos.com.br\/blog\/wp-json\/wp\/v2\/media\/1702033"}],"wp:attachment":[{"href":"https:\/\/www.estrategiaconcursos.com.br\/blog\/wp-json\/wp\/v2\/media?parent=1701332"}],"wp:term":[{"taxonomy":"category","embeddable":true,"href":"https:\/\/www.estrategiaconcursos.com.br\/blog\/wp-json\/wp\/v2\/categories?post=1701332"},{"taxonomy":"post_tag","embeddable":true,"href":"https:\/\/www.estrategiaconcursos.com.br\/blog\/wp-json\/wp\/v2\/tags?post=1701332"},{"taxonomy":"tax_estado","embeddable":true,"href":"https:\/\/www.estrategiaconcursos.com.br\/blog\/wp-json\/wp\/v2\/tax_estado?post=1701332"}],"curies":[{"name":"wp","href":"https:\/\/api.w.org\/{rel}","templated":true}]}}