{"id":1701284,"date":"2026-01-30T14:10:00","date_gmt":"2026-01-30T17:10:00","guid":{"rendered":"https:\/\/www.estrategiaconcursos.com.br\/blog\/?p=1701284"},"modified":"2026-01-19T21:06:20","modified_gmt":"2026-01-20T00:06:20","slug":"trafico-dano-moral-coletivo","status":"publish","type":"post","link":"https:\/\/www.estrategiaconcursos.com.br\/blog\/trafico-dano-moral-coletivo\/","title":{"rendered":"Tr\u00e1fico de Drogas e Dano Moral Coletivo"},"content":{"rendered":"\n<p>Ol\u00e1, tudo bem? Hoje falaremos sobre a fixa\u00e7\u00e3o de danos morais coletivos decorrentes da pr\u00e1tica do crime de tr\u00e1fico de drogas.<\/p>\n\n\n\n<p>De in\u00edcio, faremos uma breve abordagem sobre o crime de tr\u00e1fico de drogas. Na sequ\u00eancia, abordaremos o que o Superior Tribunal de Justi\u00e7a (STJ) decidiu no julgamento do AgRg no REsp 2.150.485-MG.<\/p>\n\n\n\n<p>Vamos ao que interessa!<\/p>\n\n\n\n<figure class=\"wp-block-image aligncenter size-large\"><img loading=\"lazy\" decoding=\"async\" width=\"1024\" height=\"683\" src=\"https:\/\/dhg1h5j42swfq.cloudfront.net\/2026\/01\/19085056\/pills-dark-environment-1024x683.jpg\" alt=\"Tr\u00e1fico de Drogas e Dano Moral Coletivo\" class=\"wp-image-1701285\" srcset=\"https:\/\/dhg1h5j42swfq.cloudfront.net\/2026\/01\/19085056\/pills-dark-environment-1024x683.jpg 1024w, https:\/\/dhg1h5j42swfq.cloudfront.net\/2026\/01\/19085056\/pills-dark-environment-300x200.jpg 300w, https:\/\/dhg1h5j42swfq.cloudfront.net\/2026\/01\/19085056\/pills-dark-environment-768x512.jpg 768w, https:\/\/dhg1h5j42swfq.cloudfront.net\/2026\/01\/19085056\/pills-dark-environment-1536x1024.jpg 1536w, https:\/\/dhg1h5j42swfq.cloudfront.net\/2026\/01\/19085056\/pills-dark-environment-2048x1365.jpg 2048w, https:\/\/dhg1h5j42swfq.cloudfront.net\/2026\/01\/19085056\/pills-dark-environment-150x100.jpg 150w\" sizes=\"auto, (max-width: 1024px) 100vw, 1024px\" \/><figcaption class=\"wp-element-caption\">Tr\u00e1fico de Drogas e Dano Moral Coletivo<\/figcaption><\/figure>\n\n\n\n<div class=\"wp-block-yoast-seo-table-of-contents yoast-table-of-contents\"><h2>Tabela de conte\u00fados<\/h2><ul><li><a href=\"#h-trafico-de-drogas-e-dano-moral-coletivo\" data-level=\"2\">Tr\u00e1fico de Drogas e Dano Moral Coletivo<\/a><ul><li><a href=\"#h-crime-de-trafico-de-drogas-nbsp\" data-level=\"3\">Crime de tr\u00e1fico de drogas\u00a0<\/a><\/li><li><a href=\"#h-fixacao-de-danos-morais-coletivos-em-casos-de-trafico-de-drogas\" data-level=\"3\">Fixa\u00e7\u00e3o de danos morais coletivos em casos de tr\u00e1fico de drogas<\/a><ul><li><a href=\"#h-e-possivel-a-fixacao-de-danos-morais-coletivos\" data-level=\"4\">\u00c9 poss\u00edvel a fixa\u00e7\u00e3o de danos morais coletivos?<\/a><\/li><li><a href=\"#h-caso-concreto-do-agrg-no-resp-2-150-485-mg\" data-level=\"4\">Caso concreto do AgRg no REsp 2.150.485-MG<\/a><\/li><\/ul><\/li><li><a href=\"#h-tema-repetitivo-n-\u00ba-1-337-do-stj\" data-level=\"3\">Tema Repetitivo n.\u00ba 1.337 do STJ<\/a><\/li><\/ul><\/li><li><a href=\"#h-consideracoes-finais\" data-level=\"2\">Considera\u00e7\u00f5es finais<\/a><\/li><li><a href=\"#h-quer-saber-tudo-sobre-concursos-previstos-confira-nossos-artigos\" data-level=\"2\">Quer saber tudo sobre concursos previstos? Confira nossos artigos!<\/a><\/li><\/ul><\/div>\n\n\n\n<h2 class=\"wp-block-heading\" id=\"h-trafico-de-drogas-e-dano-moral-coletivo\">Tr\u00e1fico de Drogas e Dano Moral Coletivo<\/h2>\n\n\n\n<h3 class=\"wp-block-heading\" id=\"h-crime-de-trafico-de-drogas-nbsp\">Crime de tr\u00e1fico de drogas&nbsp;<\/h3>\n\n\n\n<p>O crime de tr\u00e1fico de drogas est\u00e1 tipificado no artigo 33, <em>caput<\/em> e \u00a7 1\u00ba, da Lei n.\u00ba 11.343\/2006, dispositivo que nos traz diversos n\u00facleos (verbos) aptos a configurar a trafic\u00e2ncia.&nbsp;<\/p>\n\n\n\n<p>Portanto, comete o crime de tr\u00e1fico de drogas aquele que <em>importa, exporta, remete, prepara, produz, fabrica, adquire, vende, exp\u00f5e \u00e0 venda, oferece, tem em dep\u00f3sito, transporta<\/em>, <em>traz consigo, guarda, prescreve, ministra, entrega a consumo ou fornece drogas, ainda que gratuitamente, sem autoriza\u00e7\u00e3o ou em desacordo com determina\u00e7\u00e3o legal ou regulamentar.<\/em><\/p>\n\n\n\n<p>Veja que, embora sejam muitos n\u00facleos para memorizar, s\u00e3o todos <strong>atos relacionados ao com\u00e9rcio e \u00e0 cadeia produtiva de entorpecentes<\/strong> descritos nesses dispositivos.<\/p>\n\n\n\n<p>A pena prevista para o crime de tr\u00e1fico de drogas \u00e9 a de reclus\u00e3o de 05 a 15 anos e pagamento de 500 a 1500 dias-multa. Al\u00e9m disso, em seu \u00a7 1\u00ba, prev\u00ea condutas equiparadas ao tr\u00e1fico de drogas, para as quais \u00e9 cominado o mesmo preceito penal secund\u00e1rio.<\/p>\n\n\n\n<h3 class=\"wp-block-heading\" id=\"h-fixacao-de-danos-morais-coletivos-em-casos-de-trafico-de-drogas\">Fixa\u00e7\u00e3o de danos morais coletivos em casos de tr\u00e1fico de drogas<\/h3>\n\n\n\n<h4 class=\"wp-block-heading\" id=\"h-e-possivel-a-fixacao-de-danos-morais-coletivos\">\u00c9 poss\u00edvel a fixa\u00e7\u00e3o de danos morais coletivos?<\/h4>\n\n\n\n<p>A resposta \u00e9 sim! De acordo com a jurisprud\u00eancia do Superior Tribunal de Justi\u00e7a, \u00e9 sim poss\u00edvel a fixa\u00e7\u00e3o de danos morais coletivos diante do crime de tr\u00e1fico de drogas.<\/p>\n\n\n\n<p>Como sabemos, o sujeito passivo dos crimes previstos na Lei de Drogas (Lei n.\u00ba 11.343\/2006 \u00e9 a <strong>coletividade<\/strong>.&nbsp;<\/p>\n\n\n\n<p>Portanto, como alerta Jos\u00e9 Paulo Baltazar Junior, o sujeito passivo n\u00e3o \u00e9 aquele para quem se vende ou o usu\u00e1rio, mas sim a coletividade como um todo, at\u00e9 porque<strong> o bem jur\u00eddico protegido \u00e9 a sa\u00fade p\u00fablica <\/strong>(<em>BALTAZAR JUNIOR, Jos\u00e9 Paulo. Crimes Federais. 14\u00aa ed, S\u00e3o Paulo: Editora JusPodivm, 2025, p. 1001<\/em>).<\/p>\n\n\n\n<p>Nessa esteira, o STJ entende que \u00e9 sim poss\u00edvel a fixa\u00e7\u00e3o de dano moral coletivo, desde que fique demonstrada <strong>grave ofensa \u00e0 moralidade p\u00fablica <\/strong>(<a href=\"https:\/\/processo.stj.jus.br\/processo\/julgamento\/eletronico\/documento\/?documento_tipo=integra&amp;documento_sequencial=302736258&amp;registro_numero=202402143165&amp;peticao_numero=202401103183&amp;publicacao_data=20250325\"><em>AgRg no REsp n. 2.150.485\/MG<\/em><\/a><em>, Sexta Turma, julgado em 19\/3\/2025<\/em>).<\/p>\n\n\n\n<h4 class=\"wp-block-heading\" id=\"h-caso-concreto-do-agrg-no-resp-2-150-485-mg\">Caso concreto do AgRg no REsp 2.150.485-MG<\/h4>\n\n\n\n<p>No julgamento do AgRg no REsp 2.150.485-MG acima referido, a Sexta Turma do Superior Tribunal de Justi\u00e7a analisou um caso concreto em que o Minist\u00e9rio P\u00fablico Federal buscava a fixa\u00e7\u00e3o de valor m\u00ednimo para repara\u00e7\u00e3o de danos morais coletivos em caso de tr\u00e1fico de drogas.<\/p>\n\n\n\n<p>Mais especificamente, a <strong>quest\u00e3o em discuss\u00e3o<\/strong> era saber se a fixa\u00e7\u00e3o de valor m\u00ednimo para repara\u00e7\u00e3o de danos morais coletivos, em casos de tr\u00e1fico de drogas, exige instru\u00e7\u00e3o probat\u00f3ria espec\u00edfica ou se basta o pedido expresso na den\u00fancia.<\/p>\n\n\n\n<p>A Sexta Turma do STJ entendeu que sim: a fixa\u00e7\u00e3o de danos morais coletivos <strong>exige instru\u00e7\u00e3o probat\u00f3ria espec\u00edfica<\/strong> para demonstrar o abalo \u00e0 esfera moral coletiva.&nbsp;<\/p>\n\n\n\n<p>Ou seja, n\u00e3o se trata de dano moral <em>in re ipsa<\/em> (presumido), sendo necess\u00e1ria sua comprova\u00e7\u00e3o.<\/p>\n\n\n\n<p>A Quinta Turma do STJ vem decidindo no mesmo sentido, vide <a href=\"https:\/\/scon.stj.jus.br\/SCON\/GetInteiroTeorDoAcordao?num_registro=202501486963&amp;dt_publicacao=18\/08\/2025\">AgRg no REsp n. 2.210.857\/MG<\/a>, relator Ministro Messod Azulay Neto, Quinta Turma, julgado em 12\/8\/2025.<\/p>\n\n\n\n<h3 class=\"wp-block-heading\" id=\"h-tema-repetitivo-n-\u00ba-1-337-do-stj\">Tema Repetitivo n.\u00ba 1.337 do STJ<\/h3>\n\n\n\n<p>Embora a jurisprud\u00eancia da Quinta e da Sexta Turmas do Superior Tribunal de Justi\u00e7a tenha caminhado no mesmo sentido, a Terceira Se\u00e7\u00e3o do STJ afetou, sob o rito dos Temas Repetitivos, a seguinte quest\u00e3o:<\/p>\n\n\n\n<div class=\"wp-block-group has-background has-global-padding is-layout-constrained wp-block-group-is-layout-constrained\" style=\"background-color:#8dd2fc14\">\n<p>Quest\u00e3o submetida a julgamento &#8211; Analisar se \u00e9 cab\u00edvel a fixa\u00e7\u00e3o de repara\u00e7\u00e3o m\u00ednima por danos morais coletivos em raz\u00e3o da condena\u00e7\u00e3o por crimes de tr\u00e1fico de drogas e, caso seja cab\u00edvel, se o referido dano \u00e9 presumido ou exige produ\u00e7\u00e3o de prova espec\u00edfica.<\/p>\n<\/div>\n\n\n\n<p>A quest\u00e3o foi afetada a julgamento em 15\/04\/2025, mas o julgamento do <a href=\"https:\/\/processo.stj.jus.br\/repetitivos\/temas_repetitivos\/pesquisa.jsp?novaConsulta=true&amp;tipo_pesquisa=T&amp;cod_tema_inicial=1337&amp;cod_tema_final=1337\">Tema Repetitivo n.\u00ba 1.337<\/a> ainda n\u00e3o ocorreu.<\/p>\n\n\n\n<p>Provavelmente, o STJ manter\u00e1 o entendimento de que \u00e9 cab\u00edvel a fixa\u00e7\u00e3o de danos morais coletivos. A discuss\u00e3o deve ficar entre a necessidade ou n\u00e3o de comprova\u00e7\u00e3o do dano mediante prova espec\u00edfica.&nbsp;<\/p>\n\n\n\n<p>Acompanharemos o que ser\u00e1 decidido e publicaremos no blog assim que houver uma decis\u00e3o por parte do Superior Tribunal de Justi\u00e7a!<\/p>\n\n\n\n<h2 class=\"wp-block-heading\" id=\"h-consideracoes-finais\">Considera\u00e7\u00f5es finais<\/h2>\n\n\n\n<p>Portanto, pessoal, esse foi nosso breve resumo sobre a fixa\u00e7\u00e3o de danos morais coletivos decorrentes da pr\u00e1tica do crime de tr\u00e1fico de drogas.<\/p>\n\n\n\n<p>Nosso tempo aqui \u00e9 breve e n\u00e3o conseguimos, claro, esgotar o assunto. Portanto, n\u00e3o deixe de revisar o tema em seu material de estudo e praticar com diversas quest\u00f5es.<\/p>\n\n\n\n<p>At\u00e9 a pr\u00f3xima!<\/p>\n\n\n\n<figure class=\"wp-block-image aligncenter size-large is-resized\"><img decoding=\"async\" src=\"https:\/\/dhg1h5j42swfq.cloudfront.net\/2020\/09\/18141901\/Coruja_Concursos%404x-506x1024.png\" alt=\"Concursos 2024 Estrat\u00e9gia Concursos\" class=\"wp-image-574355\" style=\"aspect-ratio:0.5;width:30px;height:auto\"\/><\/figure>\n\n\n\n<h2 class=\"wp-block-heading has-text-align-center\" id=\"h-quer-saber-tudo-sobre-concursos-previstos-confira-nossos-artigos\">Quer saber tudo sobre concursos previstos?<br \/>Confira nossos artigos!<\/h2>\n\n\n\n<ul class=\"wp-block-list\">\n<li><a href=\"https:\/\/www.estrategiaconcursos.com.br\/blog\/concursos-abertos\/\" target=\"_blank\" rel=\"noreferrer noopener\">Concursos Abertos<\/a><\/li>\n\n\n\n<li><a href=\"https:\/\/www.estrategiaconcursos.com.br\/blog\/concursos-2026\/\" target=\"_blank\" rel=\"noreferrer noopener\">Concursos 2026<\/a><\/li>\n<\/ul>\n\n\n\n<div class=\"container\" id=\"boxes\">\n  <div class=\"row\">\n\n    <div class=\"col-sm\">\n      <div class=\"estrategia\" id=\"box-assinatura\">\n        <h3 class=\"titulo-assinatura\">Assinatura Concursos<\/h3>\n        <p class=\"subtitulo-assinatura\">Assinatura de 1 ano ou 2 anos<\/p>\n        <div class=\"box-botao\">\n          <a class=\"btn-assinatura\" target=\"_blank\" href=\"https:\/\/www.estrategiaconcursos.com.br\/assinaturas\/\" role=\"button\" rel=\"noopener noreferrer\">ASSINE AGORA<\/a>\n        <\/div>\n      <\/div><\/div><\/div><\/div>\n","protected":false},"excerpt":{"rendered":"<p>Ol\u00e1, tudo bem? Hoje falaremos sobre a fixa\u00e7\u00e3o de danos morais coletivos decorrentes da pr\u00e1tica do crime de tr\u00e1fico de drogas. De in\u00edcio, faremos uma breve abordagem sobre o crime de tr\u00e1fico de drogas. Na sequ\u00eancia, abordaremos o que o Superior Tribunal de Justi\u00e7a (STJ) decidiu no julgamento do AgRg no REsp 2.150.485-MG. Vamos ao [&hellip;]<\/p>\n","protected":false},"author":2567,"featured_media":1701285,"comment_status":"open","ping_status":"closed","sticky":false,"template":"","format":"standard","meta":{"post_tipo":"article","footnotes":""},"categories":[1],"tags":[],"tax_estado":[222299],"class_list":["post-1701284","post","type-post","status-publish","format-standard","has-post-thumbnail","hentry","category-cursos-e-concursos","tax_estado-sem-estado-definido"],"acf":[],"yoast_head":"<!-- This site is optimized with the Yoast SEO Premium plugin v27.2 (Yoast SEO v27.2) - https:\/\/yoast.com\/product\/yoast-seo-premium-wordpress\/ -->\n<title>Tr\u00e1fico de Drogas e Dano Moral Coletivo<\/title>\n<meta name=\"description\" content=\"Confira nosso resumo sobre a fixa\u00e7\u00e3o de danos morais coletivos decorrentes da pr\u00e1tica do crime de tr\u00e1fico de drogas.\" \/>\n<meta name=\"robots\" content=\"index, follow, max-snippet:-1, max-image-preview:large, max-video-preview:-1\" \/>\n<link rel=\"canonical\" href=\"https:\/\/www.estrategiaconcursos.com.br\/blog\/trafico-dano-moral-coletivo\/\" \/>\n<meta property=\"og:locale\" content=\"pt_BR\" \/>\n<meta property=\"og:type\" content=\"article\" \/>\n<meta property=\"og:title\" content=\"Tr\u00e1fico de Drogas e Dano Moral Coletivo\" \/>\n<meta property=\"og:description\" content=\"Confira nosso resumo sobre a fixa\u00e7\u00e3o de danos morais coletivos decorrentes da pr\u00e1tica do crime de tr\u00e1fico de drogas.\" \/>\n<meta property=\"og:url\" content=\"https:\/\/www.estrategiaconcursos.com.br\/blog\/trafico-dano-moral-coletivo\/\" \/>\n<meta property=\"og:site_name\" content=\"Estrat\u00e9gia Concursos\" \/>\n<meta property=\"article:published_time\" content=\"2026-01-30T17:10:00+00:00\" \/>\n<meta property=\"og:image\" content=\"https:\/\/dhg1h5j42swfq.cloudfront.net\/2026\/01\/19085056\/pills-dark-environment-scaled.jpg\" \/>\n\t<meta property=\"og:image:width\" content=\"2560\" \/>\n\t<meta property=\"og:image:height\" content=\"1707\" \/>\n\t<meta property=\"og:image:type\" content=\"image\/jpeg\" \/>\n<meta name=\"author\" content=\"Frederico Tadeu Borlot Peixoto\" \/>\n<meta name=\"twitter:card\" content=\"summary_large_image\" \/>\n<meta name=\"twitter:creator\" content=\"@EstratConcursos\" \/>\n<meta name=\"twitter:site\" content=\"@EstratConcursos\" \/>\n<meta name=\"twitter:label1\" content=\"Escrito por\" \/>\n\t<meta name=\"twitter:data1\" content=\"Frederico Tadeu Borlot Peixoto\" \/>\n\t<meta name=\"twitter:label2\" content=\"Est. tempo de leitura\" \/>\n\t<meta name=\"twitter:data2\" content=\"5 minutos\" \/>\n<script type=\"application\/ld+json\" class=\"yoast-schema-graph\">{\"@context\":\"https:\/\/schema.org\",\"@graph\":[{\"@type\":\"NewsArticle\",\"@id\":\"https:\/\/www.estrategiaconcursos.com.br\/blog\/trafico-dano-moral-coletivo\/#article\",\"isPartOf\":{\"@id\":\"https:\/\/www.estrategiaconcursos.com.br\/blog\/trafico-dano-moral-coletivo\/\"},\"author\":{\"name\":\"Frederico Tadeu Borlot Peixoto\",\"@id\":\"https:\/\/www.estrategiaconcursos.com.br\/blog\/#\/schema\/person\/48a7e085e45aee7c3d4596399af50ebb\"},\"headline\":\"Tr\u00e1fico de Drogas e Dano Moral Coletivo\",\"datePublished\":\"2026-01-30T17:10:00+00:00\",\"mainEntityOfPage\":{\"@id\":\"https:\/\/www.estrategiaconcursos.com.br\/blog\/trafico-dano-moral-coletivo\/\"},\"wordCount\":916,\"commentCount\":0,\"publisher\":{\"@id\":\"https:\/\/www.estrategiaconcursos.com.br\/blog\/#organization\"},\"image\":{\"@id\":\"https:\/\/www.estrategiaconcursos.com.br\/blog\/trafico-dano-moral-coletivo\/#primaryimage\"},\"thumbnailUrl\":\"https:\/\/dhg1h5j42swfq.cloudfront.net\/2026\/01\/19085056\/pills-dark-environment-scaled.jpg\",\"articleSection\":[\"Concursos P\u00fablicos\"],\"inLanguage\":\"pt-BR\",\"potentialAction\":[{\"@type\":\"CommentAction\",\"name\":\"Comment\",\"target\":[\"https:\/\/www.estrategiaconcursos.com.br\/blog\/trafico-dano-moral-coletivo\/#respond\"]}],\"copyrightYear\":\"2026\",\"copyrightHolder\":{\"@id\":\"https:\/\/www.estrategiaconcursos.com.br\/blog\/#organization\"},\"accessibilityFeature\":[\"tableOfContents\"]},{\"@type\":\"WebPage\",\"@id\":\"https:\/\/www.estrategiaconcursos.com.br\/blog\/trafico-dano-moral-coletivo\/\",\"url\":\"https:\/\/www.estrategiaconcursos.com.br\/blog\/trafico-dano-moral-coletivo\/\",\"name\":\"Tr\u00e1fico de Drogas e Dano Moral Coletivo\",\"isPartOf\":{\"@id\":\"https:\/\/www.estrategiaconcursos.com.br\/blog\/#website\"},\"primaryImageOfPage\":{\"@id\":\"https:\/\/www.estrategiaconcursos.com.br\/blog\/trafico-dano-moral-coletivo\/#primaryimage\"},\"image\":{\"@id\":\"https:\/\/www.estrategiaconcursos.com.br\/blog\/trafico-dano-moral-coletivo\/#primaryimage\"},\"thumbnailUrl\":\"https:\/\/dhg1h5j42swfq.cloudfront.net\/2026\/01\/19085056\/pills-dark-environment-scaled.jpg\",\"datePublished\":\"2026-01-30T17:10:00+00:00\",\"description\":\"Confira nosso resumo sobre a fixa\u00e7\u00e3o de danos morais coletivos decorrentes da pr\u00e1tica do crime de tr\u00e1fico de drogas.\",\"breadcrumb\":{\"@id\":\"https:\/\/www.estrategiaconcursos.com.br\/blog\/trafico-dano-moral-coletivo\/#breadcrumb\"},\"inLanguage\":\"pt-BR\",\"potentialAction\":[{\"@type\":\"ReadAction\",\"target\":[\"https:\/\/www.estrategiaconcursos.com.br\/blog\/trafico-dano-moral-coletivo\/\"]}]},{\"@type\":\"ImageObject\",\"inLanguage\":\"pt-BR\",\"@id\":\"https:\/\/www.estrategiaconcursos.com.br\/blog\/trafico-dano-moral-coletivo\/#primaryimage\",\"url\":\"https:\/\/dhg1h5j42swfq.cloudfront.net\/2026\/01\/19085056\/pills-dark-environment-scaled.jpg\",\"contentUrl\":\"https:\/\/dhg1h5j42swfq.cloudfront.net\/2026\/01\/19085056\/pills-dark-environment-scaled.jpg\",\"width\":2560,\"height\":1707,\"caption\":\"Tr\u00e1fico de Drogas e Dano Moral Coletivo\"},{\"@type\":\"BreadcrumbList\",\"@id\":\"https:\/\/www.estrategiaconcursos.com.br\/blog\/trafico-dano-moral-coletivo\/#breadcrumb\",\"itemListElement\":[{\"@type\":\"ListItem\",\"position\":1,\"name\":\"In\u00edcio\",\"item\":\"https:\/\/www.estrategiaconcursos.com.br\/blog\/\"},{\"@type\":\"ListItem\",\"position\":2,\"name\":\"Tr\u00e1fico de Drogas e Dano Moral Coletivo\"}]},{\"@type\":\"WebSite\",\"@id\":\"https:\/\/www.estrategiaconcursos.com.br\/blog\/#website\",\"url\":\"https:\/\/www.estrategiaconcursos.com.br\/blog\/\",\"name\":\"Estrat\u00e9gia Concursos\",\"description\":\"O blog da Estrat\u00e9gia Concursos traz not\u00edcias sobre concursos e artigos de professores oferecendo cursos para concursos (pdf + videaulas) no site.\",\"publisher\":{\"@id\":\"https:\/\/www.estrategiaconcursos.com.br\/blog\/#organization\"},\"potentialAction\":[{\"@type\":\"SearchAction\",\"target\":{\"@type\":\"EntryPoint\",\"urlTemplate\":\"https:\/\/www.estrategiaconcursos.com.br\/blog\/?s={search_term_string}\"},\"query-input\":{\"@type\":\"PropertyValueSpecification\",\"valueRequired\":true,\"valueName\":\"search_term_string\"}}],\"inLanguage\":\"pt-BR\"},{\"@type\":\"Organization\",\"@id\":\"https:\/\/www.estrategiaconcursos.com.br\/blog\/#organization\",\"name\":\"Estrat\u00e9gia Concursos\",\"url\":\"https:\/\/www.estrategiaconcursos.com.br\/blog\/\",\"logo\":{\"@type\":\"ImageObject\",\"inLanguage\":\"pt-BR\",\"@id\":\"https:\/\/www.estrategiaconcursos.com.br\/blog\/#\/schema\/logo\/image\/\",\"url\":\"https:\/\/dhg1h5j42swfq.cloudfront.net\/2025\/06\/03203428\/logo_concursos-1.jpg\",\"contentUrl\":\"https:\/\/dhg1h5j42swfq.cloudfront.net\/2025\/06\/03203428\/logo_concursos-1.jpg\",\"width\":230,\"height\":60,\"caption\":\"Estrat\u00e9gia Concursos\"},\"image\":{\"@id\":\"https:\/\/www.estrategiaconcursos.com.br\/blog\/#\/schema\/logo\/image\/\"},\"sameAs\":[\"https:\/\/x.com\/EstratConcursos\"]},{\"@type\":\"Person\",\"@id\":\"https:\/\/www.estrategiaconcursos.com.br\/blog\/#\/schema\/person\/48a7e085e45aee7c3d4596399af50ebb\",\"name\":\"Frederico Tadeu Borlot Peixoto\",\"image\":{\"@type\":\"ImageObject\",\"inLanguage\":\"pt-BR\",\"@id\":\"https:\/\/secure.gravatar.com\/avatar\/df8a49e2321c1e32f85e9e7c2a9c92c688f1f53a947220f40017ff5858b09fdb?s=96&d=mm&r=g\",\"url\":\"https:\/\/secure.gravatar.com\/avatar\/df8a49e2321c1e32f85e9e7c2a9c92c688f1f53a947220f40017ff5858b09fdb?s=96&d=mm&r=g\",\"contentUrl\":\"https:\/\/secure.gravatar.com\/avatar\/df8a49e2321c1e32f85e9e7c2a9c92c688f1f53a947220f40017ff5858b09fdb?s=96&d=mm&r=g\",\"caption\":\"Frederico Tadeu Borlot Peixoto\"},\"description\":\"Analista Judici\u00e1rio - \u00c1rea Judici\u00e1ria do TRF da 4\u00aa regi\u00e3o. Bacharel em Direito. P\u00f3s-graduado em Direito Administrativo, Legisla\u00e7\u00e3o Penal Especial, Direito Penal e Direito Processual Penal. Tamb\u00e9m nomeado no TRF da 3\u00aa regi\u00e3o (8\u00ba lugar); SPPREV (3\u00ba lugar); IFES (2\u00ba lugar); e PMES. https:\/\/www.instagram.com\/proffrederico\/\",\"sameAs\":[\"https:\/\/www.instagram.com\/proffrederico\/\"],\"url\":\"https:\/\/www.estrategiaconcursos.com.br\/blog\/author\/xfredericohotmail-com\/\"}]}<\/script>\n<!-- \/ Yoast SEO Premium plugin. -->","yoast_head_json":{"title":"Tr\u00e1fico de Drogas e Dano Moral Coletivo","description":"Confira nosso resumo sobre a fixa\u00e7\u00e3o de danos morais coletivos decorrentes da pr\u00e1tica do crime de tr\u00e1fico de drogas.","robots":{"index":"index","follow":"follow","max-snippet":"max-snippet:-1","max-image-preview":"max-image-preview:large","max-video-preview":"max-video-preview:-1"},"canonical":"https:\/\/www.estrategiaconcursos.com.br\/blog\/trafico-dano-moral-coletivo\/","og_locale":"pt_BR","og_type":"article","og_title":"Tr\u00e1fico de Drogas e Dano Moral Coletivo","og_description":"Confira nosso resumo sobre a fixa\u00e7\u00e3o de danos morais coletivos decorrentes da pr\u00e1tica do crime de tr\u00e1fico de drogas.","og_url":"https:\/\/www.estrategiaconcursos.com.br\/blog\/trafico-dano-moral-coletivo\/","og_site_name":"Estrat\u00e9gia Concursos","article_published_time":"2026-01-30T17:10:00+00:00","og_image":[{"width":2560,"height":1707,"url":"https:\/\/dhg1h5j42swfq.cloudfront.net\/2026\/01\/19085056\/pills-dark-environment-scaled.jpg","type":"image\/jpeg"}],"author":"Frederico Tadeu Borlot Peixoto","twitter_card":"summary_large_image","twitter_creator":"@EstratConcursos","twitter_site":"@EstratConcursos","twitter_misc":{"Escrito por":"Frederico Tadeu Borlot Peixoto","Est. tempo de leitura":"5 minutos"},"schema":{"@context":"https:\/\/schema.org","@graph":[{"@type":"NewsArticle","@id":"https:\/\/www.estrategiaconcursos.com.br\/blog\/trafico-dano-moral-coletivo\/#article","isPartOf":{"@id":"https:\/\/www.estrategiaconcursos.com.br\/blog\/trafico-dano-moral-coletivo\/"},"author":{"name":"Frederico Tadeu Borlot Peixoto","@id":"https:\/\/www.estrategiaconcursos.com.br\/blog\/#\/schema\/person\/48a7e085e45aee7c3d4596399af50ebb"},"headline":"Tr\u00e1fico de Drogas e Dano Moral Coletivo","datePublished":"2026-01-30T17:10:00+00:00","mainEntityOfPage":{"@id":"https:\/\/www.estrategiaconcursos.com.br\/blog\/trafico-dano-moral-coletivo\/"},"wordCount":916,"commentCount":0,"publisher":{"@id":"https:\/\/www.estrategiaconcursos.com.br\/blog\/#organization"},"image":{"@id":"https:\/\/www.estrategiaconcursos.com.br\/blog\/trafico-dano-moral-coletivo\/#primaryimage"},"thumbnailUrl":"https:\/\/dhg1h5j42swfq.cloudfront.net\/2026\/01\/19085056\/pills-dark-environment-scaled.jpg","articleSection":["Concursos P\u00fablicos"],"inLanguage":"pt-BR","potentialAction":[{"@type":"CommentAction","name":"Comment","target":["https:\/\/www.estrategiaconcursos.com.br\/blog\/trafico-dano-moral-coletivo\/#respond"]}],"copyrightYear":"2026","copyrightHolder":{"@id":"https:\/\/www.estrategiaconcursos.com.br\/blog\/#organization"},"accessibilityFeature":["tableOfContents"]},{"@type":"WebPage","@id":"https:\/\/www.estrategiaconcursos.com.br\/blog\/trafico-dano-moral-coletivo\/","url":"https:\/\/www.estrategiaconcursos.com.br\/blog\/trafico-dano-moral-coletivo\/","name":"Tr\u00e1fico de Drogas e Dano Moral Coletivo","isPartOf":{"@id":"https:\/\/www.estrategiaconcursos.com.br\/blog\/#website"},"primaryImageOfPage":{"@id":"https:\/\/www.estrategiaconcursos.com.br\/blog\/trafico-dano-moral-coletivo\/#primaryimage"},"image":{"@id":"https:\/\/www.estrategiaconcursos.com.br\/blog\/trafico-dano-moral-coletivo\/#primaryimage"},"thumbnailUrl":"https:\/\/dhg1h5j42swfq.cloudfront.net\/2026\/01\/19085056\/pills-dark-environment-scaled.jpg","datePublished":"2026-01-30T17:10:00+00:00","description":"Confira nosso resumo sobre a fixa\u00e7\u00e3o de danos morais coletivos decorrentes da pr\u00e1tica do crime de tr\u00e1fico de drogas.","breadcrumb":{"@id":"https:\/\/www.estrategiaconcursos.com.br\/blog\/trafico-dano-moral-coletivo\/#breadcrumb"},"inLanguage":"pt-BR","potentialAction":[{"@type":"ReadAction","target":["https:\/\/www.estrategiaconcursos.com.br\/blog\/trafico-dano-moral-coletivo\/"]}]},{"@type":"ImageObject","inLanguage":"pt-BR","@id":"https:\/\/www.estrategiaconcursos.com.br\/blog\/trafico-dano-moral-coletivo\/#primaryimage","url":"https:\/\/dhg1h5j42swfq.cloudfront.net\/2026\/01\/19085056\/pills-dark-environment-scaled.jpg","contentUrl":"https:\/\/dhg1h5j42swfq.cloudfront.net\/2026\/01\/19085056\/pills-dark-environment-scaled.jpg","width":2560,"height":1707,"caption":"Tr\u00e1fico de Drogas e Dano Moral Coletivo"},{"@type":"BreadcrumbList","@id":"https:\/\/www.estrategiaconcursos.com.br\/blog\/trafico-dano-moral-coletivo\/#breadcrumb","itemListElement":[{"@type":"ListItem","position":1,"name":"In\u00edcio","item":"https:\/\/www.estrategiaconcursos.com.br\/blog\/"},{"@type":"ListItem","position":2,"name":"Tr\u00e1fico de Drogas e Dano Moral Coletivo"}]},{"@type":"WebSite","@id":"https:\/\/www.estrategiaconcursos.com.br\/blog\/#website","url":"https:\/\/www.estrategiaconcursos.com.br\/blog\/","name":"Estrat\u00e9gia Concursos","description":"O blog da Estrat\u00e9gia Concursos traz not\u00edcias sobre concursos e artigos de professores oferecendo cursos para concursos (pdf + videaulas) no site.","publisher":{"@id":"https:\/\/www.estrategiaconcursos.com.br\/blog\/#organization"},"potentialAction":[{"@type":"SearchAction","target":{"@type":"EntryPoint","urlTemplate":"https:\/\/www.estrategiaconcursos.com.br\/blog\/?s={search_term_string}"},"query-input":{"@type":"PropertyValueSpecification","valueRequired":true,"valueName":"search_term_string"}}],"inLanguage":"pt-BR"},{"@type":"Organization","@id":"https:\/\/www.estrategiaconcursos.com.br\/blog\/#organization","name":"Estrat\u00e9gia Concursos","url":"https:\/\/www.estrategiaconcursos.com.br\/blog\/","logo":{"@type":"ImageObject","inLanguage":"pt-BR","@id":"https:\/\/www.estrategiaconcursos.com.br\/blog\/#\/schema\/logo\/image\/","url":"https:\/\/dhg1h5j42swfq.cloudfront.net\/2025\/06\/03203428\/logo_concursos-1.jpg","contentUrl":"https:\/\/dhg1h5j42swfq.cloudfront.net\/2025\/06\/03203428\/logo_concursos-1.jpg","width":230,"height":60,"caption":"Estrat\u00e9gia Concursos"},"image":{"@id":"https:\/\/www.estrategiaconcursos.com.br\/blog\/#\/schema\/logo\/image\/"},"sameAs":["https:\/\/x.com\/EstratConcursos"]},{"@type":"Person","@id":"https:\/\/www.estrategiaconcursos.com.br\/blog\/#\/schema\/person\/48a7e085e45aee7c3d4596399af50ebb","name":"Frederico Tadeu Borlot Peixoto","image":{"@type":"ImageObject","inLanguage":"pt-BR","@id":"https:\/\/secure.gravatar.com\/avatar\/df8a49e2321c1e32f85e9e7c2a9c92c688f1f53a947220f40017ff5858b09fdb?s=96&d=mm&r=g","url":"https:\/\/secure.gravatar.com\/avatar\/df8a49e2321c1e32f85e9e7c2a9c92c688f1f53a947220f40017ff5858b09fdb?s=96&d=mm&r=g","contentUrl":"https:\/\/secure.gravatar.com\/avatar\/df8a49e2321c1e32f85e9e7c2a9c92c688f1f53a947220f40017ff5858b09fdb?s=96&d=mm&r=g","caption":"Frederico Tadeu Borlot Peixoto"},"description":"Analista Judici\u00e1rio - \u00c1rea Judici\u00e1ria do TRF da 4\u00aa regi\u00e3o. Bacharel em Direito. P\u00f3s-graduado em Direito Administrativo, Legisla\u00e7\u00e3o Penal Especial, Direito Penal e Direito Processual Penal. Tamb\u00e9m nomeado no TRF da 3\u00aa regi\u00e3o (8\u00ba lugar); SPPREV (3\u00ba lugar); IFES (2\u00ba lugar); e PMES. https:\/\/www.instagram.com\/proffrederico\/","sameAs":["https:\/\/www.instagram.com\/proffrederico\/"],"url":"https:\/\/www.estrategiaconcursos.com.br\/blog\/author\/xfredericohotmail-com\/"}]}},"_links":{"self":[{"href":"https:\/\/www.estrategiaconcursos.com.br\/blog\/wp-json\/wp\/v2\/posts\/1701284","targetHints":{"allow":["GET"]}}],"collection":[{"href":"https:\/\/www.estrategiaconcursos.com.br\/blog\/wp-json\/wp\/v2\/posts"}],"about":[{"href":"https:\/\/www.estrategiaconcursos.com.br\/blog\/wp-json\/wp\/v2\/types\/post"}],"author":[{"embeddable":true,"href":"https:\/\/www.estrategiaconcursos.com.br\/blog\/wp-json\/wp\/v2\/users\/2567"}],"replies":[{"embeddable":true,"href":"https:\/\/www.estrategiaconcursos.com.br\/blog\/wp-json\/wp\/v2\/comments?post=1701284"}],"version-history":[{"count":2,"href":"https:\/\/www.estrategiaconcursos.com.br\/blog\/wp-json\/wp\/v2\/posts\/1701284\/revisions"}],"predecessor-version":[{"id":1707803,"href":"https:\/\/www.estrategiaconcursos.com.br\/blog\/wp-json\/wp\/v2\/posts\/1701284\/revisions\/1707803"}],"wp:featuredmedia":[{"embeddable":true,"href":"https:\/\/www.estrategiaconcursos.com.br\/blog\/wp-json\/wp\/v2\/media\/1701285"}],"wp:attachment":[{"href":"https:\/\/www.estrategiaconcursos.com.br\/blog\/wp-json\/wp\/v2\/media?parent=1701284"}],"wp:term":[{"taxonomy":"category","embeddable":true,"href":"https:\/\/www.estrategiaconcursos.com.br\/blog\/wp-json\/wp\/v2\/categories?post=1701284"},{"taxonomy":"post_tag","embeddable":true,"href":"https:\/\/www.estrategiaconcursos.com.br\/blog\/wp-json\/wp\/v2\/tags?post=1701284"},{"taxonomy":"tax_estado","embeddable":true,"href":"https:\/\/www.estrategiaconcursos.com.br\/blog\/wp-json\/wp\/v2\/tax_estado?post=1701284"}],"curies":[{"name":"wp","href":"https:\/\/api.w.org\/{rel}","templated":true}]}}