{"id":1701283,"date":"2026-03-30T16:14:00","date_gmt":"2026-03-30T19:14:00","guid":{"rendered":"https:\/\/www.estrategiaconcursos.com.br\/blog\/?p=1701283"},"modified":"2026-03-31T17:20:31","modified_gmt":"2026-03-31T20:20:31","slug":"concurso-prefeitura-venda-nova-do-imigrante","status":"publish","type":"post","link":"https:\/\/www.estrategiaconcursos.com.br\/blog\/concurso-prefeitura-venda-nova-do-imigrante\/","title":{"rendered":"Concurso Venda Nova do Imigrante: gabaritos divulgados"},"content":{"rendered":"\n<p>Foram divulgados os gabaritos preliminares do <strong>segundo dia de provas do concurso<\/strong> <strong>da Prefeitura de Venda Nova do Imigrante<\/strong>.<\/p>\n\n\n\n<ul class=\"wp-block-list\">\n<li><a href=\"https:\/\/dhg1h5j42swfq.cloudfront.net\/2026\/03\/30161226\/34_483266.pdf\" target=\"_blank\" rel=\"noreferrer noopener nofollow\"><strong>Gabaritos preliminares (Provas 29\/03)<\/strong><\/a><\/li>\n<\/ul>\n\n\n\n<p>Sob organiza\u00e7\u00e3o do Consulplan, os candidatos podem interpor recursos entre 31 de mar\u00e7o e 1\u00ba de abril.<\/p>\n\n\n\n<p>Ao todo, s\u00e3o <a href=\"https:\/\/dhg1h5j42swfq.cloudfront.net\/2026\/03\/23181648\/26_212215.pdf\" target=\"_blank\" rel=\"noreferrer noopener nofollow\">8,2 mil candidaturas<\/a> disputando <strong>337 vagas<\/strong>, sendo 168 imediatas e outras 169 em cadastro de reserva. No entanto, as inscri\u00e7\u00f5es j\u00e1 est\u00e3o encerradas.<\/p>\n\n\n\n<p>As carreiras exigem os n\u00edveis fundamental, m\u00e9dio e superior de forma\u00e7\u00e3o. J\u00e1 os sal\u00e1rios iniciais variam entre R$ 1.555,03 e&nbsp;R$ 7.653,12.<\/p>\n\n\n\n<ul class=\"wp-block-list has-very-light-gray-to-cyan-bluish-gray-gradient-background has-background\">\n<li><strong>Prefeitura de Venda Nova do Imigrante<\/strong><\/li>\n\n\n\n<li><strong style=\"color: initial;\">Situa\u00e7\u00e3o:<\/strong><span style=\"color: initial;\">\u00a0provas aplicadas<\/span><\/li>\n\n\n\n<li><strong>Banca:<\/strong>&nbsp;<a href=\"https:\/\/institutoconsulplan.org.br\/getConc.aspx?key=U9ZO0X1dKOc=\" target=\"_blank\" rel=\"noreferrer noopener\">Instituto Consulplan<\/a><\/li>\n\n\n\n<li><strong>Vagas:<\/strong>&nbsp;168 + 169 CR<\/li>\n\n\n\n<li><strong>Sal\u00e1rio inicial:<\/strong>&nbsp;R$ 1.555,03 a&nbsp;R$ 7.653,12<\/li>\n\n\n\n<li><strong>Edital:<\/strong> <a href=\"https:\/\/dhg1h5j42swfq.cloudfront.net\/2026\/01\/19090016\/1_1219236-1.pdf\" target=\"_blank\" rel=\"noreferrer noopener nofollow\">Edital Venda Nova do Imigrante<\/a><\/li>\n<\/ul>\n\n\n\n<p>Confira neste artigo mais informa\u00e7\u00f5es sobre o concurso Venda Nova do Imigrante e os detalhes de seu edital. Acompanhe pelos t\u00f3picos abaixo:<\/p>\n\n\n\n<ul id=\"indice\" class=\"wp-block-list\">\n<li><a href=\"#vagas\">Distribui\u00e7\u00e3o das vagas<\/a>\n<ul class=\"wp-block-list\">\n<li><a href=\"#incompleto\">N\u00edvel fundamental incompleto<\/a><\/li>\n\n\n\n<li><a href=\"#fund\">N\u00edvel fundamental completo<\/a><\/li>\n\n\n\n<li><a href=\"#medio\">N\u00edvel m\u00e9dio<\/a><\/li>\n\n\n\n<li><a href=\"#tecnico\">N\u00edvel t\u00e9cnico<\/a><\/li>\n\n\n\n<li><a href=\"#superior\">N\u00edvel superior<\/a><\/li>\n<\/ul>\n<\/li>\n\n\n\n<li><a href=\"#etapas\">Etapas<\/a><\/li>\n\n\n\n<li><a href=\"#cursos-assinatura\">Assinatura e cursos<\/a><\/li>\n\n\n\n<li><a href=\"#ficha-tecnica\">Ficha t\u00e9cnica<\/a><\/li>\n<\/ul>\n\n\n\n<div class=\"container\" id=\"boxes\">\n  <div class=\"row\">\n\n    <div class=\"col-sm\">\n      <div class=\"banner-prefeituras-ec\" id=\"box-assinatura\">\n        <h2 class=\"titulo-assinatura\" style=\"text-align: left;\">Concursos Prefeituras<\/h2>\n        <p class=\"subtitulo-assinatura\" style=\"text-align: left;\">Prepara\u00e7\u00e3o completa para a carreira!<\/p>\n        <div class=\"box-botao\" style=\"text-align: left;\">\n          <a class=\"btn-assinatura\" target=\"_blank\" href=\"https:\/\/www.estrategiaconcursos.com.br\/cursosPorConcurso\/prefeitura-de-venda-nova-do-imigrante-es\/\" role=\"button\" rel=\"noopener noreferrer\">EXPLORAR CURSOS<\/a>\n        <\/div>\n      <\/div><\/div><\/div><\/div>\n\n\n\n<h2 class=\"wp-block-heading\" id=\"vagas\">Concurso Venda Nova do Imigrante: distribui\u00e7\u00e3o das vagas<\/h2>\n\n\n\n<p>Al\u00e9m dos vencimentos citados nas tabelas abaixo, os servidores tamb\u00e9m fazem jus aos seguintes benef\u00edcios:<\/p>\n\n\n\n<ul class=\"wp-block-list\">\n<li>Aux\u00edlio-alimenta\u00e7\u00e3o de R$ 524,15;<\/li>\n\n\n\n<li>Vale Feira;<\/li>\n\n\n\n<li>Adicional por Titula\u00e7\u00e3o de at\u00e9 25%;<\/li>\n\n\n\n<li>Gratifica\u00e7\u00e3o de Natal Lei Municipal;<\/li>\n\n\n\n<li>Remunera\u00e7\u00e3o por Exerc\u00edcio de Cargo em Comiss\u00e3o, da Gratifica\u00e7\u00e3o de Fun\u00e7\u00e3o e da Gratifica\u00e7\u00e3o de Atividade Extraordin\u00e1ria;<\/li>\n\n\n\n<li>Outros adicionais, gratifica\u00e7\u00f5es, abonos e pr\u00eamios.<\/li>\n<\/ul>\n\n\n\n<h3 class=\"wp-block-heading\" id=\"incompleto\">N\u00edvel fundamental incompleto<\/h3>\n\n\n\n<figure class=\"wp-block-table is-style-stripes\"><table><thead><tr><th class=\"has-text-align-center\" data-align=\"center\">Cargos<\/th><th class=\"has-text-align-center\" data-align=\"center\">Vagas<\/th><th class=\"has-text-align-center\" data-align=\"center\">Vencimento<\/th><\/tr><\/thead><tbody><tr><td class=\"has-text-align-center\" data-align=\"center\">Calceteiro<\/td><td class=\"has-text-align-center\" data-align=\"center\">2 CR<\/td><td class=\"has-text-align-center\" data-align=\"center\">1.895,57 + benef\u00edcios<\/td><\/tr><tr><td class=\"has-text-align-center\" data-align=\"center\">Coveiro<\/td><td class=\"has-text-align-center\" data-align=\"center\">2 CR<\/td><td class=\"has-text-align-center\" data-align=\"center\">1.555,03 + benef\u00edcios<\/td><\/tr><tr><td class=\"has-text-align-center\" data-align=\"center\">Motorista<\/td><td class=\"has-text-align-center\" data-align=\"center\">15 + 5 CR<\/td><td class=\"has-text-align-center\" data-align=\"center\">2.310,69 + benef\u00edcios<\/td><\/tr><tr><td class=\"has-text-align-center\" data-align=\"center\">Operador de M\u00e1quinas Agr\u00edcolas<\/td><td class=\"has-text-align-center\" data-align=\"center\">2 CR<\/td><td class=\"has-text-align-center\" data-align=\"center\">2.310,69 + benef\u00edcios<\/td><\/tr><tr><td class=\"has-text-align-center\" data-align=\"center\">Operador de M\u00e1quinas Pesadas<\/td><td class=\"has-text-align-center\" data-align=\"center\">5 + 3 CR<\/td><td class=\"has-text-align-center\" data-align=\"center\">2.816,71 + benef\u00edcios<\/td><\/tr><\/tbody><\/table><\/figure>\n\n\n\n<h3 class=\"wp-block-heading\" id=\"fund\">N\u00edvel fundamental completo<\/h3>\n\n\n\n<figure class=\"wp-block-table is-style-stripes\"><table><thead><tr><th class=\"has-text-align-center\" data-align=\"center\">Cargos<\/th><th class=\"has-text-align-center\" data-align=\"center\">Vagas<\/th><th class=\"has-text-align-center\" data-align=\"center\">Vencimento<\/th><\/tr><\/thead><tbody><tr><td class=\"has-text-align-center\" data-align=\"center\">Auxiliar em Sa\u00fade Bucal<\/td><td class=\"has-text-align-center\" data-align=\"center\">1 + 2 CR<\/td><td class=\"has-text-align-center\" data-align=\"center\">2.310,69 + benef\u00edcios<\/td><\/tr><tr><td class=\"has-text-align-center\" data-align=\"center\">Eletricista<\/td><td class=\"has-text-align-center\" data-align=\"center\">1 + 2 CR<\/td><td class=\"has-text-align-center\" data-align=\"center\">2.310,69 + benef\u00edcios<\/td><\/tr><tr><td class=\"has-text-align-center\" data-align=\"center\">Pedreiro<\/td><td class=\"has-text-align-center\" data-align=\"center\">1 + 2 CR<\/td><td class=\"has-text-align-center\" data-align=\"center\">2.816,71 + benef\u00edcios<\/td><\/tr><tr><td class=\"has-text-align-center\" data-align=\"center\">Mec\u00e2nico<\/td><td class=\"has-text-align-center\" data-align=\"center\">1 + 2 CR<\/td><td class=\"has-text-align-center\" data-align=\"center\">2.816,71 + benef\u00edcios<\/td><\/tr><\/tbody><\/table><\/figure>\n\n\n\n<h3 class=\"wp-block-heading\" id=\"medio\">N\u00edvel m\u00e9dio<\/h3>\n\n\n\n<figure class=\"wp-block-table is-style-stripes\"><table><thead><tr><th class=\"has-text-align-center\" data-align=\"center\">Cargos<\/th><th class=\"has-text-align-center\" data-align=\"center\">Vagas<\/th><th class=\"has-text-align-center\" data-align=\"center\">Vencimento<\/th><\/tr><\/thead><tbody><tr><td class=\"has-text-align-center\" data-align=\"center\">Agente Administrativo<\/td><td class=\"has-text-align-center\" data-align=\"center\">20 + 10 CR<\/td><td class=\"has-text-align-center\" data-align=\"center\">1.895,57 + benef\u00edcios<\/td><\/tr><tr><td class=\"has-text-align-center\" data-align=\"center\">Agente de Apoio Educacional<\/td><td class=\"has-text-align-center\" data-align=\"center\">50 + 15 CR<\/td><td class=\"has-text-align-center\" data-align=\"center\">1.555,03 + benef\u00edcios<\/td><\/tr><tr><td class=\"has-text-align-center\" data-align=\"center\">Agente de Arrecada\u00e7\u00e3o e Tributa\u00e7\u00e3o<\/td><td class=\"has-text-align-center\" data-align=\"center\">2 + 2 CR<\/td><td class=\"has-text-align-center\" data-align=\"center\">2.310,69 + benef\u00edcios<\/td><\/tr><tr><td class=\"has-text-align-center\" data-align=\"center\">Almoxarife<\/td><td class=\"has-text-align-center\" data-align=\"center\">2 CR<\/td><td class=\"has-text-align-center\" data-align=\"center\">2.816,71 + benef\u00edcios<\/td><\/tr><tr><td class=\"has-text-align-center\" data-align=\"center\">Auxiliar de Sala<\/td><td class=\"has-text-align-center\" data-align=\"center\">5 + 3 CR<\/td><td class=\"has-text-align-center\" data-align=\"center\">1.895,57 + benef\u00edcios<\/td><\/tr><tr><td class=\"has-text-align-center\" data-align=\"center\">Fiscal de Meio Ambiente<\/td><td class=\"has-text-align-center\" data-align=\"center\">1 + 2 CR<\/td><td class=\"has-text-align-center\" data-align=\"center\">3.433,54 + benef\u00edcios<\/td><\/tr><tr><td class=\"has-text-align-center\" data-align=\"center\">Fiscal de Obras e Postura<\/td><td class=\"has-text-align-center\" data-align=\"center\">2 CR<\/td><td class=\"has-text-align-center\" data-align=\"center\">3.433,54 + benef\u00edcios<\/td><\/tr><tr><td class=\"has-text-align-center\" data-align=\"center\">Fiscal Sanit\u00e1rio<\/td><td class=\"has-text-align-center\" data-align=\"center\">2 CR<\/td><td class=\"has-text-align-center\" data-align=\"center\">3.433,54 + benef\u00edcios<\/td><\/tr><tr><td class=\"has-text-align-center\" data-align=\"center\">Instrutor Musical<\/td><td class=\"has-text-align-center\" data-align=\"center\">2 CR<\/td><td class=\"has-text-align-center\" data-align=\"center\">2.310,69 + benef\u00edcios<\/td><\/tr><tr><td class=\"has-text-align-center\" data-align=\"center\">Monitor em Inform\u00e1tica<\/td><td class=\"has-text-align-center\" data-align=\"center\">2 CR<\/td><td class=\"has-text-align-center\" data-align=\"center\">2.310,69 + benef\u00edcios<\/td><\/tr><\/tbody><\/table><\/figure>\n\n\n\n<h3 class=\"wp-block-heading\" id=\"tecnico\">N\u00edvel t\u00e9cnico<\/h3>\n\n\n\n<figure class=\"wp-block-table is-style-stripes\"><table><thead><tr><th class=\"has-text-align-center\" data-align=\"center\">Cargos<\/th><th class=\"has-text-align-center\" data-align=\"center\">Vagas<\/th><th class=\"has-text-align-center\" data-align=\"center\">Vencimento<\/th><\/tr><\/thead><tbody><tr><td class=\"has-text-align-center\" data-align=\"center\">T\u00e9cnico Agr\u00edcola<\/td><td class=\"has-text-align-center\" data-align=\"center\">2 CR<\/td><td class=\"has-text-align-center\" data-align=\"center\">3.433,54 + benef\u00edcios<\/td><\/tr><tr><td class=\"has-text-align-center\" data-align=\"center\">T\u00e9cnico Ambiental<\/td><td class=\"has-text-align-center\" data-align=\"center\">2 CR<\/td><td class=\"has-text-align-center\" data-align=\"center\">3.433,54 + benef\u00edcios<\/td><\/tr><tr><td class=\"has-text-align-center\" data-align=\"center\">T\u00e9cnico de Enfermagem<\/td><td class=\"has-text-align-center\" data-align=\"center\">5 + 4 CR<\/td><td class=\"has-text-align-center\" data-align=\"center\">3.433,54 + benef\u00edcios<\/td><\/tr><tr><td class=\"has-text-align-center\" data-align=\"center\">T\u00e9cnico em Edifica\u00e7\u00f5es<\/td><td class=\"has-text-align-center\" data-align=\"center\">2 CR<\/td><td class=\"has-text-align-center\" data-align=\"center\">3.433,54 + benef\u00edcios<\/td><\/tr><tr><td class=\"has-text-align-center\" data-align=\"center\">T\u00e9cnico em Georreferenciamento<\/td><td class=\"has-text-align-center\" data-align=\"center\">2 CR<\/td><td class=\"has-text-align-center\" data-align=\"center\">3.433,54 + benef\u00edcios<\/td><\/tr><tr><td class=\"has-text-align-center\" data-align=\"center\">T\u00e9cnico em Inform\u00e1tica<\/td><td class=\"has-text-align-center\" data-align=\"center\">2 + 2 CR<\/td><td class=\"has-text-align-center\" data-align=\"center\">3.433,54 + benef\u00edcios<\/td><\/tr><tr><td class=\"has-text-align-center\" data-align=\"center\">T\u00e9cnico em Seguran\u00e7a do Trabalho<\/td><td class=\"has-text-align-center\" data-align=\"center\">2 CR<\/td><td class=\"has-text-align-center\" data-align=\"center\">3.433,54 + benef\u00edcios<\/td><\/tr><\/tbody><\/table><\/figure>\n\n\n\n<h3 class=\"wp-block-heading\" id=\"superior\">N\u00edvel superior<\/h3>\n\n\n\n<figure class=\"wp-block-table is-style-stripes\"><table><thead><tr><th class=\"has-text-align-center\" data-align=\"center\">Cargos<\/th><th class=\"has-text-align-center\" data-align=\"center\">Vagas<\/th><th class=\"has-text-align-center\" data-align=\"center\">Vencimento<\/th><\/tr><\/thead><tbody><tr><td class=\"has-text-align-center\" data-align=\"center\">Administrador<\/td><td class=\"has-text-align-center\" data-align=\"center\">1 + 2 CR<\/td><td class=\"has-text-align-center\" data-align=\"center\">5.102,08 + benef\u00edcios<\/td><\/tr><tr><td class=\"has-text-align-center\" data-align=\"center\">Administrador de Rede<\/td><td class=\"has-text-align-center\" data-align=\"center\">2 CR<\/td><td class=\"has-text-align-center\" data-align=\"center\">5.102,08 + benef\u00edcios<\/td><\/tr><tr><td class=\"has-text-align-center\" data-align=\"center\">Analista de Meio Ambiente<\/td><td class=\"has-text-align-center\" data-align=\"center\">2 CR<\/td><td class=\"has-text-align-center\" data-align=\"center\">5.102,08 + benef\u00edcios<\/td><\/tr><tr><td class=\"has-text-align-center\" data-align=\"center\">Analista de Recursos Humanos<\/td><td class=\"has-text-align-center\" data-align=\"center\">1 + 2 CR<\/td><td class=\"has-text-align-center\" data-align=\"center\">5.102,08 + benef\u00edcios<\/td><\/tr><tr><td class=\"has-text-align-center\" data-align=\"center\">Arquiteto<\/td><td class=\"has-text-align-center\" data-align=\"center\">1 + 2 CR<\/td><td class=\"has-text-align-center\" data-align=\"center\">5.102,08 + benef\u00edcios<\/td><\/tr><tr><td class=\"has-text-align-center\" data-align=\"center\">Assistente Social<\/td><td class=\"has-text-align-center\" data-align=\"center\">3 + 3 CR<\/td><td class=\"has-text-align-center\" data-align=\"center\">5.102,08 + benef\u00edcios<\/td><\/tr><tr><td class=\"has-text-align-center\" data-align=\"center\">Auditor de Controle Interno<\/td><td class=\"has-text-align-center\" data-align=\"center\">1 + 2 CR<\/td><td class=\"has-text-align-center\" data-align=\"center\">5.102,08 + benef\u00edcios<\/td><\/tr><tr><td class=\"has-text-align-center\" data-align=\"center\">Auditor Fiscal de Tributos<\/td><td class=\"has-text-align-center\" data-align=\"center\">2 + 2 CR<\/td><td class=\"has-text-align-center\" data-align=\"center\">5.102,08 + benef\u00edcios<\/td><\/tr><tr><td class=\"has-text-align-center\" data-align=\"center\">Bibliotec\u00e1rio<\/td><td class=\"has-text-align-center\" data-align=\"center\">2 CR<\/td><td class=\"has-text-align-center\" data-align=\"center\">5.102,08 + benef\u00edcios<\/td><\/tr><tr><td class=\"has-text-align-center\" data-align=\"center\">Bi\u00f3logo<\/td><td class=\"has-text-align-center\" data-align=\"center\">2 CR<\/td><td class=\"has-text-align-center\" data-align=\"center\">5.102,08 + benef\u00edcios<\/td><\/tr><tr><td class=\"has-text-align-center\" data-align=\"center\">Cirurgi\u00e3o Dentista<\/td><td class=\"has-text-align-center\" data-align=\"center\">2 CR<\/td><td class=\"has-text-align-center\" data-align=\"center\">5.102,08 + benef\u00edcios<\/td><\/tr><tr><td class=\"has-text-align-center\" data-align=\"center\">Contador<\/td><td class=\"has-text-align-center\" data-align=\"center\">2 + 2 CR<\/td><td class=\"has-text-align-center\" data-align=\"center\">5.102,08 + benef\u00edcios<\/td><\/tr><tr><td class=\"has-text-align-center\" data-align=\"center\">Controlador Geral do Munic\u00edpio<\/td><td class=\"has-text-align-center\" data-align=\"center\">1 + 2 CR<\/td><td class=\"has-text-align-center\" data-align=\"center\">5.102,08 + benef\u00edcios<\/td><\/tr><tr><td class=\"has-text-align-center\" data-align=\"center\">Economista<\/td><td class=\"has-text-align-center\" data-align=\"center\">2 CR<\/td><td class=\"has-text-align-center\" data-align=\"center\">5.102,08 + benef\u00edcios<\/td><\/tr><tr><td class=\"has-text-align-center\" data-align=\"center\">Enfermeiro<\/td><td class=\"has-text-align-center\" data-align=\"center\">2 CR<\/td><td class=\"has-text-align-center\" data-align=\"center\">5.102,08 + benef\u00edcios<\/td><\/tr><tr><td class=\"has-text-align-center\" data-align=\"center\">Engenheiro Agrimensor<\/td><td class=\"has-text-align-center\" data-align=\"center\">2 CR<\/td><td class=\"has-text-align-center\" data-align=\"center\">5.102,08 + benef\u00edcios<\/td><\/tr><tr><td class=\"has-text-align-center\" data-align=\"center\">Engenheiro Agr\u00f4nomo<\/td><td class=\"has-text-align-center\" data-align=\"center\">2 CR<\/td><td class=\"has-text-align-center\" data-align=\"center\">5.102,08 + benef\u00edcios<\/td><\/tr><tr><td class=\"has-text-align-center\" data-align=\"center\">Engenheiro Ambiental<\/td><td class=\"has-text-align-center\" data-align=\"center\">2 CR<\/td><td class=\"has-text-align-center\" data-align=\"center\">5.102,08 + benef\u00edcios<\/td><\/tr><tr><td class=\"has-text-align-center\" data-align=\"center\">Engenheiro Civil<\/td><td class=\"has-text-align-center\" data-align=\"center\">1 + 2 CR<\/td><td class=\"has-text-align-center\" data-align=\"center\">5.102,08 + benef\u00edcios<\/td><\/tr><tr><td class=\"has-text-align-center\" data-align=\"center\">Engenheiro Eletricista<\/td><td class=\"has-text-align-center\" data-align=\"center\">1 + 2 CR<\/td><td class=\"has-text-align-center\" data-align=\"center\">5.102,08 + benef\u00edcios<\/td><\/tr><tr><td class=\"has-text-align-center\" data-align=\"center\">Farmac\u00eautico<\/td><td class=\"has-text-align-center\" data-align=\"center\">2 CR<\/td><td class=\"has-text-align-center\" data-align=\"center\">5.102,08 + benef\u00edcios<\/td><\/tr><tr><td class=\"has-text-align-center\" data-align=\"center\">Fisioterapeuta<\/td><td class=\"has-text-align-center\" data-align=\"center\">2 CR<\/td><td class=\"has-text-align-center\" data-align=\"center\">5.102,08 + benef\u00edcios<\/td><\/tr><tr><td class=\"has-text-align-center\" data-align=\"center\">Fonoaudi\u00f3logo<\/td><td class=\"has-text-align-center\" data-align=\"center\">1 + 2 CR<\/td><td class=\"has-text-align-center\" data-align=\"center\">5.102,08 + benef\u00edcios<\/td><\/tr><tr><td class=\"has-text-align-center\" data-align=\"center\">M\u00e9dico Cl\u00ednico Geral<\/td><td class=\"has-text-align-center\" data-align=\"center\">2 + 2 CR<\/td><td class=\"has-text-align-center\" data-align=\"center\">7.653,12 + benef\u00edcios<\/td><\/tr><tr><td class=\"has-text-align-center\" data-align=\"center\">M\u00e9dico do Trabalho<\/td><td class=\"has-text-align-center\" data-align=\"center\">1 + 2 CR<\/td><td class=\"has-text-align-center\" data-align=\"center\">7.653,12 + benef\u00edcios<\/td><\/tr><tr><td class=\"has-text-align-center\" data-align=\"center\">M\u00e9dico Ginecologista<\/td><td class=\"has-text-align-center\" data-align=\"center\">1 + 2 CR<\/td><td class=\"has-text-align-center\" data-align=\"center\">7.653,12 + benef\u00edcios<\/td><\/tr><tr><td class=\"has-text-align-center\" data-align=\"center\">M\u00e9dico Pediatra<\/td><td class=\"has-text-align-center\" data-align=\"center\">1 + 2 CR<\/td><td class=\"has-text-align-center\" data-align=\"center\">7.653,12 + benef\u00edcios<\/td><\/tr><tr><td class=\"has-text-align-center\" data-align=\"center\">M\u00e9dico Veterin\u00e1rio<\/td><td class=\"has-text-align-center\" data-align=\"center\">1 + 2 CR<\/td><td class=\"has-text-align-center\" data-align=\"center\">5.102,08 + benef\u00edcios<\/td><\/tr><tr><td class=\"has-text-align-center\" data-align=\"center\">Nutricionista<\/td><td class=\"has-text-align-center\" data-align=\"center\">1 + 2 CR<\/td><td class=\"has-text-align-center\" data-align=\"center\">5.102,08 + benef\u00edcios<\/td><\/tr><tr><td class=\"has-text-align-center\" data-align=\"center\">Procurador<\/td><td class=\"has-text-align-center\" data-align=\"center\">2 + 2 CR<\/td><td class=\"has-text-align-center\" data-align=\"center\">5.102,08 + benef\u00edcios<\/td><\/tr><tr><td class=\"has-text-align-center\" data-align=\"center\">Psic\u00f3logo<\/td><td class=\"has-text-align-center\" data-align=\"center\">2 + 2 CR<\/td><td class=\"has-text-align-center\" data-align=\"center\">5.102,08 + benef\u00edcios<\/td><\/tr><tr><td class=\"has-text-align-center\" data-align=\"center\">Psicopedagogo<\/td><td class=\"has-text-align-center\" data-align=\"center\">2 CR<\/td><td class=\"has-text-align-center\" data-align=\"center\">5.102,08 + benef\u00edcios<\/td><\/tr><tr><td class=\"has-text-align-center\" data-align=\"center\">Terapeuta Ocupacional<\/td><td class=\"has-text-align-center\" data-align=\"center\">2 CR<\/td><td class=\"has-text-align-center\" data-align=\"center\">5.102,08 + benef\u00edcios<\/td><\/tr><\/tbody><\/table><\/figure>\n\n\n\n<figure class=\"wp-block-table is-style-stripes\"><table><thead><tr><th class=\"has-text-align-center\" data-align=\"center\">Cargos<\/th><th class=\"has-text-align-center\" data-align=\"center\">Vagas<\/th><th class=\"has-text-align-center\" data-align=\"center\">Vencimento<\/th><\/tr><\/thead><tbody><tr><td class=\"has-text-align-center\" data-align=\"center\">Professor PA<\/td><td class=\"has-text-align-center\" data-align=\"center\">30 + 15 CR<\/td><td class=\"has-text-align-center\" data-align=\"center\">28,09 hora\/aula +<br \/>benef\u00edcios<\/td><\/tr><tr><td class=\"has-text-align-center\" data-align=\"center\">Professor PB &#8211; Artes<\/td><td class=\"has-text-align-center\" data-align=\"center\">1 + 2 CR<\/td><td class=\"has-text-align-center\" data-align=\"center\">28,09 hora\/aula +<br \/>benef\u00edcios<\/td><\/tr><tr><td class=\"has-text-align-center\" data-align=\"center\">Professor PB &#8211; Educa\u00e7\u00e3o F\u00edsica<\/td><td class=\"has-text-align-center\" data-align=\"center\">1 + 2 CR<\/td><td class=\"has-text-align-center\" data-align=\"center\">28,09 hora\/aula +<br \/>benef\u00edcios<\/td><\/tr><tr><td class=\"has-text-align-center\" data-align=\"center\">Pedagogo<\/td><td class=\"has-text-align-center\" data-align=\"center\">1 + 3 CR<\/td><td class=\"has-text-align-center\" data-align=\"center\">28,09 hora\/aula +<br \/>benef\u00edcios<\/td><\/tr><\/tbody><\/table><\/figure>\n\n\n\n<h2 class=\"wp-block-heading\" id=\"etapas\">Concurso Venda Nova do Imigrante: etapas<\/h2>\n\n\n\n<p>O presente concurso p\u00fablico \u00e9 composto pelas seguintes etapas:<\/p>\n\n\n\n<ul class=\"wp-block-list\">\n<li><strong>a) Prova Objetiva de M\u00faltipla Escolha<\/strong>, de car\u00e1ter classificat\u00f3rio e eliminat\u00f3rio, para todos os cargos;<\/li>\n\n\n\n<li><strong>b) Prova Discursiva<\/strong>, de car\u00e1ter classificat\u00f3rio e eliminat\u00f3rio, somente para os cargos de Controlador Geral do Munic\u00edpio e Procurador;<\/li>\n\n\n\n<li><strong>c) Prova Pr\u00e1tica<\/strong>, de car\u00e1ter classificat\u00f3rio e eliminat\u00f3rio, somente para os cargos de Calceteiro, Coveiro, Eletricista, Mec\u00e2nico, Monitor em Inform\u00e1tica, Motorista, Operador de M\u00e1quinas Agr\u00edcolas, Operador de M\u00e1quinas Pesadas e Pedreiro;<\/li>\n\n\n\n<li><strong>d) Avalia\u00e7\u00e3o de T\u00edtulos<\/strong>, de car\u00e1ter meramente classificat\u00f3rio, apenas para os cargos de n\u00edvel superior.<\/li>\n<\/ul>\n\n\n\n<hr class=\"wp-block-separator has-alpha-channel-opacity\"\/>\n\n\n\n<h2 class=\"wp-block-heading has-text-align-center\" id=\"cursos-assinatura\"><em>Quer estudar para o concurso Venda Nova do Imigrante?<\/em><\/h2>\n\n\n\n<div class=\"container\" id=\"boxes\">\n  <div class=\"row\">\n\n    <div class=\"col-sm\">\n      <div class=\"banner-prefeituras-ec\" id=\"box-assinatura\">\n        <h2 class=\"titulo-assinatura\" style=\"text-align: left;\">Concursos Prefeituras<\/h2>\n        <p class=\"subtitulo-assinatura\" style=\"text-align: left;\">Prepara\u00e7\u00e3o completa para a carreira!<\/p>\n        <div class=\"box-botao\" style=\"text-align: left;\">\n          <a class=\"btn-assinatura\" target=\"_blank\" href=\"https:\/\/www.estrategiaconcursos.com.br\/cursosPorConcurso\/prefeitura-de-venda-nova-do-imigrante-es\/\" role=\"button\" rel=\"noopener noreferrer\">EXPLORAR CURSOS<\/a>\n        <\/div>\n      <\/div><\/div><\/div><\/div>\n\n\n\n<div class=\"container\" id=\"boxes\">\n  <div class=\"row\">\n\n    <div class=\"col-sm\">\n      <div class=\"estrategia\" id=\"box-assinatura\">\n        <h3 class=\"titulo-assinatura\">Assinatura Concursos<\/h3>\n        <p class=\"subtitulo-assinatura\">Assinatura de 1 ano ou 2 anos<\/p>\n        <div class=\"box-botao\">\n          <a class=\"btn-assinatura\" target=\"_blank\" href=\"https:\/\/www.estrategiaconcursos.com.br\/assinaturas\/\" role=\"button\" rel=\"noopener noreferrer\">ASSINE AGORA<\/a>\n        <\/div>\n      <\/div><\/div><\/div><\/div>\n\n\n\n<h2 class=\"wp-block-heading has-text-align-center\" id=\"h-quer-saber-tudo-sobre-concursos-previstos-confira-os-nossos-artigos\">Quer saber tudo sobre concursos previstos?<br \/>Confira os nossos artigos!<\/h2>\n\n\n\n<ul class=\"wp-block-list\">\n<li><a href=\"https:\/\/www.estrategiaconcursos.com.br\/blog\/concursos-abertos\/\" target=\"_blank\" rel=\"noreferrer noopener\">Concursos Abertos<\/a><\/li>\n\n\n\n<li><a href=\"https:\/\/www.estrategiaconcursos.com.br\/blog\/concursos-abertos-prefeituras\/\" target=\"_blank\" rel=\"noreferrer noopener\">Concursos Abertos de Prefeituras<\/a><\/li>\n\n\n\n<li><a href=\"https:\/\/www.estrategiaconcursos.com.br\/blog\/concursos-prefeituras\/\" target=\"_blank\" rel=\"noreferrer noopener\">Concursos Prefeituras<\/a><\/li>\n\n\n\n<li><a href=\"https:\/\/www.estrategiaconcursos.com.br\/blog\/concursos-2025\/\" target=\"_blank\" rel=\"noreferrer noopener\">Concursos 2026<\/a><\/li>\n<\/ul>\n\n\n\n<figure class=\"wp-block-image is-resized\"><img loading=\"lazy\" decoding=\"async\" width=\"1024\" height=\"632\" src=\"https:\/\/dhg1h5j42swfq.cloudfront.net\/2021\/04\/01161145\/ficha-tecnica-5-1024x632.png\" alt=\"Informa\u00e7\u00f5es do Concurso Venda Nova do Imigrante\" class=\"wp-image-706736\" style=\"width:236px;height:145px\" srcset=\"https:\/\/dhg1h5j42swfq.cloudfront.net\/2021\/04\/01161145\/ficha-tecnica-5-1024x632.png 1024w, https:\/\/dhg1h5j42swfq.cloudfront.net\/2021\/04\/01161145\/ficha-tecnica-5-300x185.png 300w, https:\/\/dhg1h5j42swfq.cloudfront.net\/2021\/04\/01161145\/ficha-tecnica-5-768x474.png 768w, https:\/\/dhg1h5j42swfq.cloudfront.net\/2021\/04\/01161145\/ficha-tecnica-5-1536x948.png 1536w, https:\/\/dhg1h5j42swfq.cloudfront.net\/2021\/04\/01161145\/ficha-tecnica-5-610x377.png 610w, https:\/\/dhg1h5j42swfq.cloudfront.net\/2021\/04\/01161145\/ficha-tecnica-5.png 1571w\" sizes=\"auto, (max-width: 1024px) 100vw, 1024px\" \/><\/figure>\n\n\n\n<h3 class=\"wp-block-heading\" id=\"ficha-tecnica\">Informa\u00e7\u00f5es do Concurso Venda Nova do Imigrante<\/h3>\n\n\n\n<ul class=\"wp-block-list\">\n<li><strong>Data da prova<\/strong>: <s>22 e 29\/03\/2026<\/s><\/li>\n\n\n\n<li><strong>Banca<\/strong>: Instituto Consulplan<\/li>\n\n\n\n<li><strong>Escolaridade<\/strong>: n\u00edveis fundamental, m\u00e9dio, t\u00e9cnico e superior<\/li>\n\n\n\n<li><strong>Vagas:<\/strong> 168 + 169 CR<\/li>\n\n\n\n<li><strong>Cargos<\/strong>: v\u00e1rios<\/li>\n\n\n\n<li><strong>Edital:<\/strong> <a href=\"https:\/\/dhg1h5j42swfq.cloudfront.net\/2026\/01\/19090016\/1_1219236-1.pdf\" target=\"_blank\" rel=\"noreferrer noopener nofollow\">Edital Venda Nova do Imigrante<\/a><\/li>\n<\/ul>\n","protected":false},"excerpt":{"rendered":"<p>Foram divulgados os gabaritos preliminares do segundo dia de provas do concurso da Prefeitura de Venda Nova do Imigrante. Sob organiza\u00e7\u00e3o do Consulplan, os candidatos podem interpor recursos entre 31 de mar\u00e7o e 1\u00ba de abril. Ao todo, s\u00e3o 8,2 mil candidaturas disputando 337 vagas, sendo 168 imediatas e outras 169 em cadastro de reserva. [&hellip;]<\/p>\n","protected":false},"author":2991,"featured_media":1701351,"comment_status":"open","ping_status":"closed","sticky":false,"template":"","format":"standard","meta":{"post_tipo":"news_page","footnotes":""},"categories":[222278],"tags":[],"tax_estado":[219971],"class_list":["post-1701283","post","type-post","status-publish","format-standard","has-post-thumbnail","hentry","category-prefeituras","tax_estado-es"],"acf":[],"yoast_head":"<!-- This site is optimized with the Yoast SEO Premium plugin v27.2 (Yoast SEO v27.2) - https:\/\/yoast.com\/product\/yoast-seo-premium-wordpress\/ -->\n<title>Concurso Venda Nova do Imigrante: gabaritos divulgados<\/title>\n<meta name=\"description\" content=\"Concurso Venda Nova do Imigrante: gabaritos do 2\u00ba dia divulgados! S\u00e3o 337 vagas dispon\u00edveis para diversos cargos.\" \/>\n<meta name=\"robots\" content=\"index, follow, max-snippet:-1, max-image-preview:large, max-video-preview:-1\" \/>\n<link rel=\"canonical\" href=\"https:\/\/www.estrategiaconcursos.com.br\/blog\/concurso-prefeitura-venda-nova-do-imigrante\/\" \/>\n<meta property=\"og:locale\" content=\"pt_BR\" \/>\n<meta property=\"og:type\" content=\"article\" \/>\n<meta property=\"og:title\" content=\"Concurso Venda Nova do Imigrante: gabaritos divulgados\" \/>\n<meta property=\"og:description\" content=\"Concurso Venda Nova do Imigrante: gabaritos do 2\u00ba dia divulgados! S\u00e3o 337 vagas dispon\u00edveis para diversos cargos.\" \/>\n<meta property=\"og:url\" content=\"https:\/\/www.estrategiaconcursos.com.br\/blog\/concurso-prefeitura-venda-nova-do-imigrante\/\" \/>\n<meta property=\"og:site_name\" content=\"Estrat\u00e9gia Concursos\" \/>\n<meta property=\"article:published_time\" content=\"2026-03-30T19:14:00+00:00\" \/>\n<meta property=\"article:modified_time\" content=\"2026-03-31T20:20:31+00:00\" \/>\n<meta property=\"og:image\" content=\"https:\/\/dhg1h5j42swfq.cloudfront.net\/2026\/01\/19094422\/prefeitura-de-venda-nova-do-imigrante.jpg\" \/>\n\t<meta property=\"og:image:width\" content=\"768\" \/>\n\t<meta property=\"og:image:height\" content=\"432\" \/>\n\t<meta property=\"og:image:type\" content=\"image\/jpeg\" \/>\n<meta name=\"author\" content=\"Melmuara Thaiane Doneg\u00e1 C\u00e2ndido\" \/>\n<meta name=\"twitter:card\" content=\"summary_large_image\" \/>\n<meta name=\"twitter:creator\" content=\"@EstratConcursos\" \/>\n<meta name=\"twitter:site\" content=\"@EstratConcursos\" \/>\n<meta name=\"twitter:label1\" content=\"Escrito por\" \/>\n\t<meta name=\"twitter:data1\" content=\"Melmuara Thaiane Doneg\u00e1 C\u00e2ndido\" \/>\n\t<meta name=\"twitter:label2\" content=\"Est. tempo de leitura\" \/>\n\t<meta name=\"twitter:data2\" content=\"4 minutos\" \/>\n<script type=\"application\/ld+json\" class=\"yoast-schema-graph\">{\"@context\":\"https:\/\/schema.org\",\"@graph\":[{\"@type\":\"NewsArticle\",\"@id\":\"https:\/\/www.estrategiaconcursos.com.br\/blog\/concurso-prefeitura-venda-nova-do-imigrante\/#article\",\"isPartOf\":{\"@id\":\"https:\/\/www.estrategiaconcursos.com.br\/blog\/concurso-prefeitura-venda-nova-do-imigrante\/\"},\"author\":{\"name\":\"Melmuara Thaiane Doneg\u00e1 C\u00e2ndido\",\"@id\":\"https:\/\/www.estrategiaconcursos.com.br\/blog\/#\/schema\/person\/f33ffe5648e36a1ec7be14cb98aec31a\"},\"headline\":\"Concurso Venda Nova do Imigrante: gabaritos divulgados\",\"datePublished\":\"2026-03-30T19:14:00+00:00\",\"dateModified\":\"2026-03-31T20:20:31+00:00\",\"mainEntityOfPage\":{\"@id\":\"https:\/\/www.estrategiaconcursos.com.br\/blog\/concurso-prefeitura-venda-nova-do-imigrante\/\"},\"wordCount\":887,\"commentCount\":0,\"publisher\":{\"@id\":\"https:\/\/www.estrategiaconcursos.com.br\/blog\/#organization\"},\"image\":{\"@id\":\"https:\/\/www.estrategiaconcursos.com.br\/blog\/concurso-prefeitura-venda-nova-do-imigrante\/#primaryimage\"},\"thumbnailUrl\":\"https:\/\/dhg1h5j42swfq.cloudfront.net\/2026\/01\/19094422\/prefeitura-de-venda-nova-do-imigrante.jpg\",\"articleSection\":[\"Prefeituras\"],\"inLanguage\":\"pt-BR\",\"potentialAction\":[{\"@type\":\"CommentAction\",\"name\":\"Comment\",\"target\":[\"https:\/\/www.estrategiaconcursos.com.br\/blog\/concurso-prefeitura-venda-nova-do-imigrante\/#respond\"]}],\"copyrightYear\":\"2026\",\"copyrightHolder\":{\"@id\":\"https:\/\/www.estrategiaconcursos.com.br\/blog\/#organization\"}},{\"@type\":\"WebPage\",\"@id\":\"https:\/\/www.estrategiaconcursos.com.br\/blog\/concurso-prefeitura-venda-nova-do-imigrante\/\",\"url\":\"https:\/\/www.estrategiaconcursos.com.br\/blog\/concurso-prefeitura-venda-nova-do-imigrante\/\",\"name\":\"Concurso Venda Nova do Imigrante: gabaritos divulgados\",\"isPartOf\":{\"@id\":\"https:\/\/www.estrategiaconcursos.com.br\/blog\/#website\"},\"primaryImageOfPage\":{\"@id\":\"https:\/\/www.estrategiaconcursos.com.br\/blog\/concurso-prefeitura-venda-nova-do-imigrante\/#primaryimage\"},\"image\":{\"@id\":\"https:\/\/www.estrategiaconcursos.com.br\/blog\/concurso-prefeitura-venda-nova-do-imigrante\/#primaryimage\"},\"thumbnailUrl\":\"https:\/\/dhg1h5j42swfq.cloudfront.net\/2026\/01\/19094422\/prefeitura-de-venda-nova-do-imigrante.jpg\",\"datePublished\":\"2026-03-30T19:14:00+00:00\",\"dateModified\":\"2026-03-31T20:20:31+00:00\",\"description\":\"Concurso Venda Nova do Imigrante: gabaritos do 2\u00ba dia divulgados! S\u00e3o 337 vagas dispon\u00edveis para diversos cargos.\",\"breadcrumb\":{\"@id\":\"https:\/\/www.estrategiaconcursos.com.br\/blog\/concurso-prefeitura-venda-nova-do-imigrante\/#breadcrumb\"},\"inLanguage\":\"pt-BR\",\"potentialAction\":[{\"@type\":\"ReadAction\",\"target\":[\"https:\/\/www.estrategiaconcursos.com.br\/blog\/concurso-prefeitura-venda-nova-do-imigrante\/\"]}]},{\"@type\":\"ImageObject\",\"inLanguage\":\"pt-BR\",\"@id\":\"https:\/\/www.estrategiaconcursos.com.br\/blog\/concurso-prefeitura-venda-nova-do-imigrante\/#primaryimage\",\"url\":\"https:\/\/dhg1h5j42swfq.cloudfront.net\/2026\/01\/19094422\/prefeitura-de-venda-nova-do-imigrante.jpg\",\"contentUrl\":\"https:\/\/dhg1h5j42swfq.cloudfront.net\/2026\/01\/19094422\/prefeitura-de-venda-nova-do-imigrante.jpg\",\"width\":768,\"height\":432},{\"@type\":\"BreadcrumbList\",\"@id\":\"https:\/\/www.estrategiaconcursos.com.br\/blog\/concurso-prefeitura-venda-nova-do-imigrante\/#breadcrumb\",\"itemListElement\":[{\"@type\":\"ListItem\",\"position\":1,\"name\":\"In\u00edcio\",\"item\":\"https:\/\/www.estrategiaconcursos.com.br\/blog\/\"},{\"@type\":\"ListItem\",\"position\":2,\"name\":\"Concurso Venda Nova do Imigrante: gabaritos divulgados\"}]},{\"@type\":\"WebSite\",\"@id\":\"https:\/\/www.estrategiaconcursos.com.br\/blog\/#website\",\"url\":\"https:\/\/www.estrategiaconcursos.com.br\/blog\/\",\"name\":\"Estrat\u00e9gia Concursos\",\"description\":\"O blog da Estrat\u00e9gia Concursos traz not\u00edcias sobre concursos e artigos de professores oferecendo cursos para concursos (pdf + videaulas) no site.\",\"publisher\":{\"@id\":\"https:\/\/www.estrategiaconcursos.com.br\/blog\/#organization\"},\"potentialAction\":[{\"@type\":\"SearchAction\",\"target\":{\"@type\":\"EntryPoint\",\"urlTemplate\":\"https:\/\/www.estrategiaconcursos.com.br\/blog\/?s={search_term_string}\"},\"query-input\":{\"@type\":\"PropertyValueSpecification\",\"valueRequired\":true,\"valueName\":\"search_term_string\"}}],\"inLanguage\":\"pt-BR\"},{\"@type\":\"Organization\",\"@id\":\"https:\/\/www.estrategiaconcursos.com.br\/blog\/#organization\",\"name\":\"Estrat\u00e9gia Concursos\",\"url\":\"https:\/\/www.estrategiaconcursos.com.br\/blog\/\",\"logo\":{\"@type\":\"ImageObject\",\"inLanguage\":\"pt-BR\",\"@id\":\"https:\/\/www.estrategiaconcursos.com.br\/blog\/#\/schema\/logo\/image\/\",\"url\":\"https:\/\/dhg1h5j42swfq.cloudfront.net\/2025\/06\/03203428\/logo_concursos-1.jpg\",\"contentUrl\":\"https:\/\/dhg1h5j42swfq.cloudfront.net\/2025\/06\/03203428\/logo_concursos-1.jpg\",\"width\":230,\"height\":60,\"caption\":\"Estrat\u00e9gia Concursos\"},\"image\":{\"@id\":\"https:\/\/www.estrategiaconcursos.com.br\/blog\/#\/schema\/logo\/image\/\"},\"sameAs\":[\"https:\/\/x.com\/EstratConcursos\"]},{\"@type\":\"Person\",\"@id\":\"https:\/\/www.estrategiaconcursos.com.br\/blog\/#\/schema\/person\/f33ffe5648e36a1ec7be14cb98aec31a\",\"name\":\"Melmuara Thaiane Doneg\u00e1 C\u00e2ndido\",\"image\":{\"@type\":\"ImageObject\",\"inLanguage\":\"pt-BR\",\"@id\":\"https:\/\/secure.gravatar.com\/avatar\/72c23c49ace6e781125178efe440f336ae4f50fbfb902780beb369688b387c4f?s=96&d=mm&r=g\",\"url\":\"https:\/\/secure.gravatar.com\/avatar\/72c23c49ace6e781125178efe440f336ae4f50fbfb902780beb369688b387c4f?s=96&d=mm&r=g\",\"contentUrl\":\"https:\/\/secure.gravatar.com\/avatar\/72c23c49ace6e781125178efe440f336ae4f50fbfb902780beb369688b387c4f?s=96&d=mm&r=g\",\"caption\":\"Melmuara Thaiane Doneg\u00e1 C\u00e2ndido\"},\"description\":\"Formada em Jornalismo em 2011 pela UniSEB-COC, Ribeir\u00e3o Preto-SP, atua desde 2017 na produ\u00e7\u00e3o de conte\u00fado para prefeituras, passando da \u00e1rea publicit\u00e1ria para a cria\u00e7\u00e3o de textos estrat\u00e9gicos e not\u00edcias sobre concursos, mantendo os concurseiros bem informados sobre os principais editais de prefeituras e concursos municipais.\",\"birthDate\":\"1990-04-21\",\"gender\":\"feminino\",\"url\":\"https:\/\/www.estrategiaconcursos.com.br\/blog\/author\/melmuara-candidoestrategia-com\/\"}]}<\/script>\n<!-- \/ Yoast SEO Premium plugin. -->","yoast_head_json":{"title":"Concurso Venda Nova do Imigrante: gabaritos divulgados","description":"Concurso Venda Nova do Imigrante: gabaritos do 2\u00ba dia divulgados! S\u00e3o 337 vagas dispon\u00edveis para diversos cargos.","robots":{"index":"index","follow":"follow","max-snippet":"max-snippet:-1","max-image-preview":"max-image-preview:large","max-video-preview":"max-video-preview:-1"},"canonical":"https:\/\/www.estrategiaconcursos.com.br\/blog\/concurso-prefeitura-venda-nova-do-imigrante\/","og_locale":"pt_BR","og_type":"article","og_title":"Concurso Venda Nova do Imigrante: gabaritos divulgados","og_description":"Concurso Venda Nova do Imigrante: gabaritos do 2\u00ba dia divulgados! S\u00e3o 337 vagas dispon\u00edveis para diversos cargos.","og_url":"https:\/\/www.estrategiaconcursos.com.br\/blog\/concurso-prefeitura-venda-nova-do-imigrante\/","og_site_name":"Estrat\u00e9gia Concursos","article_published_time":"2026-03-30T19:14:00+00:00","article_modified_time":"2026-03-31T20:20:31+00:00","og_image":[{"width":768,"height":432,"url":"https:\/\/dhg1h5j42swfq.cloudfront.net\/2026\/01\/19094422\/prefeitura-de-venda-nova-do-imigrante.jpg","type":"image\/jpeg"}],"author":"Melmuara Thaiane Doneg\u00e1 C\u00e2ndido","twitter_card":"summary_large_image","twitter_creator":"@EstratConcursos","twitter_site":"@EstratConcursos","twitter_misc":{"Escrito por":"Melmuara Thaiane Doneg\u00e1 C\u00e2ndido","Est. tempo de leitura":"4 minutos"},"schema":{"@context":"https:\/\/schema.org","@graph":[{"@type":"NewsArticle","@id":"https:\/\/www.estrategiaconcursos.com.br\/blog\/concurso-prefeitura-venda-nova-do-imigrante\/#article","isPartOf":{"@id":"https:\/\/www.estrategiaconcursos.com.br\/blog\/concurso-prefeitura-venda-nova-do-imigrante\/"},"author":{"name":"Melmuara Thaiane Doneg\u00e1 C\u00e2ndido","@id":"https:\/\/www.estrategiaconcursos.com.br\/blog\/#\/schema\/person\/f33ffe5648e36a1ec7be14cb98aec31a"},"headline":"Concurso Venda Nova do Imigrante: gabaritos divulgados","datePublished":"2026-03-30T19:14:00+00:00","dateModified":"2026-03-31T20:20:31+00:00","mainEntityOfPage":{"@id":"https:\/\/www.estrategiaconcursos.com.br\/blog\/concurso-prefeitura-venda-nova-do-imigrante\/"},"wordCount":887,"commentCount":0,"publisher":{"@id":"https:\/\/www.estrategiaconcursos.com.br\/blog\/#organization"},"image":{"@id":"https:\/\/www.estrategiaconcursos.com.br\/blog\/concurso-prefeitura-venda-nova-do-imigrante\/#primaryimage"},"thumbnailUrl":"https:\/\/dhg1h5j42swfq.cloudfront.net\/2026\/01\/19094422\/prefeitura-de-venda-nova-do-imigrante.jpg","articleSection":["Prefeituras"],"inLanguage":"pt-BR","potentialAction":[{"@type":"CommentAction","name":"Comment","target":["https:\/\/www.estrategiaconcursos.com.br\/blog\/concurso-prefeitura-venda-nova-do-imigrante\/#respond"]}],"copyrightYear":"2026","copyrightHolder":{"@id":"https:\/\/www.estrategiaconcursos.com.br\/blog\/#organization"}},{"@type":"WebPage","@id":"https:\/\/www.estrategiaconcursos.com.br\/blog\/concurso-prefeitura-venda-nova-do-imigrante\/","url":"https:\/\/www.estrategiaconcursos.com.br\/blog\/concurso-prefeitura-venda-nova-do-imigrante\/","name":"Concurso Venda Nova do Imigrante: gabaritos divulgados","isPartOf":{"@id":"https:\/\/www.estrategiaconcursos.com.br\/blog\/#website"},"primaryImageOfPage":{"@id":"https:\/\/www.estrategiaconcursos.com.br\/blog\/concurso-prefeitura-venda-nova-do-imigrante\/#primaryimage"},"image":{"@id":"https:\/\/www.estrategiaconcursos.com.br\/blog\/concurso-prefeitura-venda-nova-do-imigrante\/#primaryimage"},"thumbnailUrl":"https:\/\/dhg1h5j42swfq.cloudfront.net\/2026\/01\/19094422\/prefeitura-de-venda-nova-do-imigrante.jpg","datePublished":"2026-03-30T19:14:00+00:00","dateModified":"2026-03-31T20:20:31+00:00","description":"Concurso Venda Nova do Imigrante: gabaritos do 2\u00ba dia divulgados! S\u00e3o 337 vagas dispon\u00edveis para diversos cargos.","breadcrumb":{"@id":"https:\/\/www.estrategiaconcursos.com.br\/blog\/concurso-prefeitura-venda-nova-do-imigrante\/#breadcrumb"},"inLanguage":"pt-BR","potentialAction":[{"@type":"ReadAction","target":["https:\/\/www.estrategiaconcursos.com.br\/blog\/concurso-prefeitura-venda-nova-do-imigrante\/"]}]},{"@type":"ImageObject","inLanguage":"pt-BR","@id":"https:\/\/www.estrategiaconcursos.com.br\/blog\/concurso-prefeitura-venda-nova-do-imigrante\/#primaryimage","url":"https:\/\/dhg1h5j42swfq.cloudfront.net\/2026\/01\/19094422\/prefeitura-de-venda-nova-do-imigrante.jpg","contentUrl":"https:\/\/dhg1h5j42swfq.cloudfront.net\/2026\/01\/19094422\/prefeitura-de-venda-nova-do-imigrante.jpg","width":768,"height":432},{"@type":"BreadcrumbList","@id":"https:\/\/www.estrategiaconcursos.com.br\/blog\/concurso-prefeitura-venda-nova-do-imigrante\/#breadcrumb","itemListElement":[{"@type":"ListItem","position":1,"name":"In\u00edcio","item":"https:\/\/www.estrategiaconcursos.com.br\/blog\/"},{"@type":"ListItem","position":2,"name":"Concurso Venda Nova do Imigrante: gabaritos divulgados"}]},{"@type":"WebSite","@id":"https:\/\/www.estrategiaconcursos.com.br\/blog\/#website","url":"https:\/\/www.estrategiaconcursos.com.br\/blog\/","name":"Estrat\u00e9gia Concursos","description":"O blog da Estrat\u00e9gia Concursos traz not\u00edcias sobre concursos e artigos de professores oferecendo cursos para concursos (pdf + videaulas) no site.","publisher":{"@id":"https:\/\/www.estrategiaconcursos.com.br\/blog\/#organization"},"potentialAction":[{"@type":"SearchAction","target":{"@type":"EntryPoint","urlTemplate":"https:\/\/www.estrategiaconcursos.com.br\/blog\/?s={search_term_string}"},"query-input":{"@type":"PropertyValueSpecification","valueRequired":true,"valueName":"search_term_string"}}],"inLanguage":"pt-BR"},{"@type":"Organization","@id":"https:\/\/www.estrategiaconcursos.com.br\/blog\/#organization","name":"Estrat\u00e9gia Concursos","url":"https:\/\/www.estrategiaconcursos.com.br\/blog\/","logo":{"@type":"ImageObject","inLanguage":"pt-BR","@id":"https:\/\/www.estrategiaconcursos.com.br\/blog\/#\/schema\/logo\/image\/","url":"https:\/\/dhg1h5j42swfq.cloudfront.net\/2025\/06\/03203428\/logo_concursos-1.jpg","contentUrl":"https:\/\/dhg1h5j42swfq.cloudfront.net\/2025\/06\/03203428\/logo_concursos-1.jpg","width":230,"height":60,"caption":"Estrat\u00e9gia Concursos"},"image":{"@id":"https:\/\/www.estrategiaconcursos.com.br\/blog\/#\/schema\/logo\/image\/"},"sameAs":["https:\/\/x.com\/EstratConcursos"]},{"@type":"Person","@id":"https:\/\/www.estrategiaconcursos.com.br\/blog\/#\/schema\/person\/f33ffe5648e36a1ec7be14cb98aec31a","name":"Melmuara Thaiane Doneg\u00e1 C\u00e2ndido","image":{"@type":"ImageObject","inLanguage":"pt-BR","@id":"https:\/\/secure.gravatar.com\/avatar\/72c23c49ace6e781125178efe440f336ae4f50fbfb902780beb369688b387c4f?s=96&d=mm&r=g","url":"https:\/\/secure.gravatar.com\/avatar\/72c23c49ace6e781125178efe440f336ae4f50fbfb902780beb369688b387c4f?s=96&d=mm&r=g","contentUrl":"https:\/\/secure.gravatar.com\/avatar\/72c23c49ace6e781125178efe440f336ae4f50fbfb902780beb369688b387c4f?s=96&d=mm&r=g","caption":"Melmuara Thaiane Doneg\u00e1 C\u00e2ndido"},"description":"Formada em Jornalismo em 2011 pela UniSEB-COC, Ribeir\u00e3o Preto-SP, atua desde 2017 na produ\u00e7\u00e3o de conte\u00fado para prefeituras, passando da \u00e1rea publicit\u00e1ria para a cria\u00e7\u00e3o de textos estrat\u00e9gicos e not\u00edcias sobre concursos, mantendo os concurseiros bem informados sobre os principais editais de prefeituras e concursos municipais.","birthDate":"1990-04-21","gender":"feminino","url":"https:\/\/www.estrategiaconcursos.com.br\/blog\/author\/melmuara-candidoestrategia-com\/"}]}},"_links":{"self":[{"href":"https:\/\/www.estrategiaconcursos.com.br\/blog\/wp-json\/wp\/v2\/posts\/1701283","targetHints":{"allow":["GET"]}}],"collection":[{"href":"https:\/\/www.estrategiaconcursos.com.br\/blog\/wp-json\/wp\/v2\/posts"}],"about":[{"href":"https:\/\/www.estrategiaconcursos.com.br\/blog\/wp-json\/wp\/v2\/types\/post"}],"author":[{"embeddable":true,"href":"https:\/\/www.estrategiaconcursos.com.br\/blog\/wp-json\/wp\/v2\/users\/2991"}],"replies":[{"embeddable":true,"href":"https:\/\/www.estrategiaconcursos.com.br\/blog\/wp-json\/wp\/v2\/comments?post=1701283"}],"version-history":[{"count":22,"href":"https:\/\/www.estrategiaconcursos.com.br\/blog\/wp-json\/wp\/v2\/posts\/1701283\/revisions"}],"predecessor-version":[{"id":1746457,"href":"https:\/\/www.estrategiaconcursos.com.br\/blog\/wp-json\/wp\/v2\/posts\/1701283\/revisions\/1746457"}],"wp:featuredmedia":[{"embeddable":true,"href":"https:\/\/www.estrategiaconcursos.com.br\/blog\/wp-json\/wp\/v2\/media\/1701351"}],"wp:attachment":[{"href":"https:\/\/www.estrategiaconcursos.com.br\/blog\/wp-json\/wp\/v2\/media?parent=1701283"}],"wp:term":[{"taxonomy":"category","embeddable":true,"href":"https:\/\/www.estrategiaconcursos.com.br\/blog\/wp-json\/wp\/v2\/categories?post=1701283"},{"taxonomy":"post_tag","embeddable":true,"href":"https:\/\/www.estrategiaconcursos.com.br\/blog\/wp-json\/wp\/v2\/tags?post=1701283"},{"taxonomy":"tax_estado","embeddable":true,"href":"https:\/\/www.estrategiaconcursos.com.br\/blog\/wp-json\/wp\/v2\/tax_estado?post=1701283"}],"curies":[{"name":"wp","href":"https:\/\/api.w.org\/{rel}","templated":true}]}}