{"id":1700632,"date":"2026-01-16T12:28:54","date_gmt":"2026-01-16T15:28:54","guid":{"rendered":"https:\/\/www.estrategiaconcursos.com.br\/blog\/?p=1700632"},"modified":"2026-01-16T15:10:37","modified_gmt":"2026-01-16T18:10:37","slug":"concurso-ses-rj-banca-propostas-analise","status":"publish","type":"post","link":"https:\/\/www.estrategiaconcursos.com.br\/blog\/concurso-ses-rj-banca-propostas-analise\/","title":{"rendered":"Concurso SES RJ ter\u00e1 banca em breve. Propostas em an\u00e1lise!"},"content":{"rendered":"\n<p style=\"font-size:clamp(14.642px, 0.915rem + ((1vw - 3.2px) * 0.721), 22px);\"><strong><em>Propostas das empresas est\u00e3o em an\u00e1lise pela Superintend\u00eancia de Compras. Escolha da banca do concurso SES RJ deve sair at\u00e9 fevereiro!<\/em><\/strong><\/p>\n\n\n\n<p>Atualiza\u00e7\u00f5es em primeira m\u00e3o sobre o novo <strong>concurso p\u00fablico SES RJ<\/strong> (<a href=\"https:\/\/www.estrategiaconcursos.com.br\/cursosPorConcurso\/secretaria-de-estado-de-saude-do-rio-de-janeiro-ses-rj\/\" target=\"_blank\" rel=\"noreferrer noopener\">Secretaria de Estado de Sa\u00fade do Rio de Janeiro<\/a>).<\/p>\n\n\n\n<p>Ap\u00f3s contato direto com o setor respons\u00e1vel, fomos informados de que o prazo estendido para envio das propostas foi devidamente encerrado no dia 13 de janeiro.<\/p>\n\n\n\n<p>Atualmente, o <strong>processo est\u00e1 na fase de estimativa de pre\u00e7os<\/strong>, com an\u00e1lise da Superintend\u00eancia de Compras da Secretaria de Sa\u00fade do Rio de Janeiro.<\/p>\n\n\n\n<p>Al\u00e9m disso, o termo de refer\u00eancia foi atualizado ap\u00f3s o prazo final. Sendo assim, nem todas as empresas inicialmente anunciadas continuam na disputa.<\/p>\n\n\n\n<p>Em rela\u00e7\u00e3o \u00e0 <strong>escolha da banca organizadora<\/strong> do concurso SES RJ, a previs\u00e3o \u00e9 que <strong>ocorra at\u00e9, no m\u00e1ximo, o in\u00edcio de fevereiro<\/strong>, podendo a empresa ser definida antes.<\/p>\n\n\n\n<p>Segundo cronograma preliminar do certame, a <strong>expectativa \u00e9 de que o edital seja publicado em fevereiro<\/strong>, com provas aplicadas no m\u00eas de abril. <a href=\"https:\/\/dhg1h5j42swfq.cloudfront.net\/2026\/01\/16122737\/tr___anexo_iv.pdf\" target=\"_blank\" rel=\"noreferrer noopener nofollow\">Veja aqui o calend\u00e1rio completo<\/a>!<\/p>\n\n\n\n<details class='resumo-estrategia-noticias'> <summary>Resumo da not\u00edcia<\/summary> <div class='content'> <ul> <li>Superintend\u00eancia analisa propostas para escolha da banca organizadora do concurso.<\/li> <li>Sele\u00e7\u00e3o disponibilizar\u00e1 287 vagas distribu\u00eddas entre SES RJ e IASERJ.<\/li> <li>Cronograma prev\u00ea publica\u00e7\u00e3o de edital em fevereiro e provas em abril.<\/li> <\/ul> <\/div> <\/details>\n\n\n\n<div class=\"container\" id=\"boxes\">\n  <div class=\"row\">\n\n    <div class=\"col-sm\">\n      <div class=\"banner-medicina\" id=\"box-assinatura\">\n        <h3 class=\"titulo-assinatura\">SES RJ<\/h3>\n        <p class=\"subtitulo-assinatura\">Conhe\u00e7a os cursos<\/p>\n        <div class=\"box-botao\">\n          <a class=\"btn-assinatura\" target=\"_blank\" href=\"https:\/\/www.estrategiaconcursos.com.br\/cursosPorConcurso\/cursos-para-area-da-saude\/\" role=\"button\" rel=\"noopener noreferrer\">Conhe\u00e7a mais<\/a>\n        <\/div>\n      <\/div>\n    \n\n  <\/div>\n<\/div><\/div>\n\n\n\n<h2 class=\"wp-block-heading\" id=\"h-termo-de-referencia-preve-287-vagas-no-concurso-ses-rj\">Termo de refer\u00eancia prev\u00ea 287 vagas no concurso SES RJ<\/h2>\n\n\n\n<p>As 287 oportunidades ser\u00e3o distribu\u00eddas entre a Secretaria de Estado de Sa\u00fade (226 vagas) e o Instituto de Assist\u00eancia dos Servidores do Estado do Rio de Janeiro (61 vagas). Os sal\u00e1rios variam de R$ 1.734,35 a R$ 6.409,94.<\/p>\n\n\n\n<p><strong>SES RJ<\/strong><\/p>\n\n\n\n<figure class=\"wp-block-table is-style-stripes\"><table class=\"has-very-light-gray-to-cyan-bluish-gray-gradient-background has-background has-fixed-layout\"><thead><tr><th class=\"has-text-align-center\" data-align=\"center\">Cargo<\/th><th class=\"has-text-align-center\" data-align=\"center\">Vagas<\/th><\/tr><\/thead><tbody><tr><td class=\"has-text-align-center\" data-align=\"center\">ANALISTA ADMINISTRATIVO EM SA\u00daDE<\/td><td class=\"has-text-align-center\" data-align=\"center\">6<\/td><\/tr><tr><td class=\"has-text-align-center\" data-align=\"center\">ASSISTENTE SOCIAL<\/td><td class=\"has-text-align-center\" data-align=\"center\">10<\/td><\/tr><tr><td class=\"has-text-align-center\" data-align=\"center\">BI\u00d3LOGO<\/td><td class=\"has-text-align-center\" data-align=\"center\">4<\/td><\/tr><tr><td class=\"has-text-align-center\" data-align=\"center\">ENFERMEIRO<\/td><td class=\"has-text-align-center\" data-align=\"center\">28<\/td><\/tr><tr><td class=\"has-text-align-center\" data-align=\"center\">ENFERMEIRO &#8211; ENFERMAGEM DO TRABALHO<\/td><td class=\"has-text-align-center\" data-align=\"center\">2<\/td><\/tr><tr><td class=\"has-text-align-center\" data-align=\"center\">ENFERMEIRO &#8211; GERIATRIA<\/td><td class=\"has-text-align-center\" data-align=\"center\">5<\/td><\/tr><tr><td class=\"has-text-align-center\" data-align=\"center\">ENFERMEIRO &#8211; OBSTETR\u00cdCIA<\/td><td class=\"has-text-align-center\" data-align=\"center\">5<\/td><\/tr><tr><td class=\"has-text-align-center\" data-align=\"center\">ESPECIALISTA NA GEST\u00c3O DE SA\u00daDE<\/td><td class=\"has-text-align-center\" data-align=\"center\">4<\/td><\/tr><tr><td class=\"has-text-align-center\" data-align=\"center\">FARMAC\u00caUTICO<\/td><td class=\"has-text-align-center\" data-align=\"center\">30<\/td><\/tr><tr><td class=\"has-text-align-center\" data-align=\"center\">FISIOTERAPEUTA<\/td><td class=\"has-text-align-center\" data-align=\"center\">10<\/td><\/tr><tr><td class=\"has-text-align-center\" data-align=\"center\">FONOAUDI\u00d3LOGO<\/td><td class=\"has-text-align-center\" data-align=\"center\">1<\/td><\/tr><tr><td class=\"has-text-align-center\" data-align=\"center\">M\u00c9DICO (V\u00c1RIAS ESPECIALIDADES)<\/td><td class=\"has-text-align-center\" data-align=\"center\">40<\/td><\/tr><tr><td class=\"has-text-align-center\" data-align=\"center\">M\u00c9DICO VETERIN\u00c1RIO<\/td><td class=\"has-text-align-center\" data-align=\"center\">1<\/td><\/tr><tr><td class=\"has-text-align-center\" data-align=\"center\">NUTRICIONISTA<\/td><td class=\"has-text-align-center\" data-align=\"center\">10<\/td><\/tr><tr><td class=\"has-text-align-center\" data-align=\"center\">ODONT\u00d3LOGO<\/td><td class=\"has-text-align-center\" data-align=\"center\">4<\/td><\/tr><tr><td class=\"has-text-align-center\" data-align=\"center\">PSIC\u00d3LOGO<\/td><td class=\"has-text-align-center\" data-align=\"center\">15<\/td><\/tr><tr><td class=\"has-text-align-center\" data-align=\"center\">QU\u00cdMICO<\/td><td class=\"has-text-align-center\" data-align=\"center\">2<\/td><\/tr><tr><td class=\"has-text-align-center\" data-align=\"center\">SANITARISTA<\/td><td class=\"has-text-align-center\" data-align=\"center\">6<\/td><\/tr><tr><td class=\"has-text-align-center\" data-align=\"center\">TERAPEUTA OCUPACIONAL<\/td><td class=\"has-text-align-center\" data-align=\"center\">3<\/td><\/tr><tr><td class=\"has-text-align-center\" data-align=\"center\">ASSISTENTE ADMINISTRATIVO DE SA\u00daDE<\/td><td class=\"has-text-align-center\" data-align=\"center\">40<\/td><\/tr><\/tbody><\/table><\/figure>\n\n\n\n<p><strong>IASERJ<\/strong><\/p>\n\n\n\n<figure class=\"wp-block-table is-style-stripes\"><table class=\"has-very-light-gray-to-cyan-bluish-gray-gradient-background has-background has-fixed-layout\"><thead><tr><th class=\"has-text-align-center\" data-align=\"center\">Cargo<\/th><th class=\"has-text-align-center\" data-align=\"center\">Vagas<\/th><\/tr><\/thead><tbody><tr><td class=\"has-text-align-center\" data-align=\"center\">ANALISTA ADMINISTRATIVO EM SA\u00daDE<\/td><td class=\"has-text-align-center\" data-align=\"center\">1<\/td><\/tr><tr><td class=\"has-text-align-center\" data-align=\"center\">ASSISTENTE SOCIAL<\/td><td class=\"has-text-align-center\" data-align=\"center\">2<\/td><\/tr><tr><td class=\"has-text-align-center\" data-align=\"center\">ENFERMEIRO<\/td><td class=\"has-text-align-center\" data-align=\"center\">5<\/td><\/tr><tr><td class=\"has-text-align-center\" data-align=\"center\">FARMAC\u00caUTICO<\/td><td class=\"has-text-align-center\" data-align=\"center\">1<\/td><\/tr><tr><td class=\"has-text-align-center\" data-align=\"center\">FISIOTERAPEUTA<\/td><td class=\"has-text-align-center\" data-align=\"center\">1<\/td><\/tr><tr><td class=\"has-text-align-center\" data-align=\"center\">FONOAUDI\u00d3LOGO<\/td><td class=\"has-text-align-center\" data-align=\"center\">1<\/td><\/tr><tr><td class=\"has-text-align-center\" data-align=\"center\">M\u00c9DICO (V\u00c1RIAS ESPECIALIDADES)<\/td><td class=\"has-text-align-center\" data-align=\"center\">16<\/td><\/tr><tr><td class=\"has-text-align-center\" data-align=\"center\">ODONT\u00d3LOGO<\/td><td class=\"has-text-align-center\" data-align=\"center\">7<\/td><\/tr><tr><td class=\"has-text-align-center\" data-align=\"center\">PSIC\u00d3LOGO<\/td><td class=\"has-text-align-center\" data-align=\"center\">3<\/td><\/tr><tr><td class=\"has-text-align-center\" data-align=\"center\">TERAPEUTA OCUPACIONAL<\/td><td class=\"has-text-align-center\" data-align=\"center\">1<\/td><\/tr><tr><td class=\"has-text-align-center\" data-align=\"center\">T\u00c9CNICO DE ENFERMAGEM<\/td><td class=\"has-text-align-center\" data-align=\"center\">20<\/td><\/tr><tr><td class=\"has-text-align-center\" data-align=\"center\">T\u00c9CNICO DE LABORAT\u00d3RIO<\/td><td class=\"has-text-align-center\" data-align=\"center\">1<\/td><\/tr><tr><td class=\"has-text-align-center\" data-align=\"center\">T\u00c9CNICO EM SA\u00daDE P\u00daBLICA<\/td><td class=\"has-text-align-center\" data-align=\"center\">2<\/td><\/tr><\/tbody><\/table><\/figure>\n\n\n\n<h3 class=\"wp-block-heading\" id=\"h-etapas-e-provas\">Etapas e provas<\/h3>\n\n\n\n<p>A sele\u00e7\u00e3o dos candidatos se dar\u00e1 por Prova Objetiva, Prova Discursiva, Prova de Reda\u00e7\u00e3o, prova de T\u00edtulos e Curso de Forma\u00e7\u00e3o, conforme o cargo pretendido.<\/p>\n\n\n\n<figure class=\"wp-block-image aligncenter size-full\"><img loading=\"lazy\" decoding=\"async\" width=\"702\" height=\"816\" src=\"https:\/\/dhg1h5j42swfq.cloudfront.net\/2025\/10\/08085707\/image-107.png\" alt=\"Provas previstas do novo concurso SES RJ\" class=\"wp-image-1651888\" srcset=\"https:\/\/dhg1h5j42swfq.cloudfront.net\/2025\/10\/08085707\/image-107.png 702w, https:\/\/dhg1h5j42swfq.cloudfront.net\/2025\/10\/08085707\/image-107-258x300.png 258w, https:\/\/dhg1h5j42swfq.cloudfront.net\/2025\/10\/08085707\/image-107-150x174.png 150w\" sizes=\"auto, (max-width: 702px) 100vw, 702px\" \/><figcaption class=\"wp-element-caption\">Provas previstas do novo concurso SES RJ<\/figcaption><\/figure>\n\n\n\n<ul class=\"wp-block-list has-very-light-gray-to-cyan-bluish-gray-gradient-background has-background\">\n<li><a href=\"https:\/\/dhg1h5j42swfq.cloudfront.net\/2025\/10\/08084519\/termo-de-referencia-ses-rj.pdf\" target=\"_blank\" rel=\"noreferrer noopener nofollow\"><strong>Veja aqui o termo de refer\u00eancia do concurso SES RJ<\/strong><\/a><\/li>\n<\/ul>\n\n\n\n<p class=\"has-text-align-center\"><em>Para saber mais sobre o processo de contrata\u00e7\u00e3o da banca organizadora e todos os detalhes do concurso SES RJ, acesse nosso artigo na \u00edntegra:<\/em><\/p>\n\n\n\n<h2 class=\"wp-block-heading has-text-align-center has-very-light-gray-to-cyan-bluish-gray-gradient-background has-background has-medium-font-size\" id=\"cursos-assinatura\">Saiba mais: <a href=\"https:\/\/www.estrategiaconcursos.com.br\/blog\/concurso-ses-rj\/\" target=\"_blank\" rel=\"noreferrer noopener\">Concurso Secretaria de Sa\u00fade RJ<\/a><\/h2>\n\n\n\n<hr class=\"wp-block-separator has-alpha-channel-opacity\"\/>\n\n\n\n<h2 class=\"wp-block-heading has-text-align-center\" id=\"h-quer-saber-tudo-sobre-concursos-previstos-confira-nossos-artigos\">Quer saber tudo sobre concursos previstos?<br \/>Confira nossos artigos!<\/h2>\n\n\n\n<ul class=\"wp-block-list\">\n<li><a href=\"https:\/\/www.estrategiaconcursos.com.br\/blog\/concursos-abertos\/\" target=\"_blank\" rel=\"noreferrer noopener\">Concursos abertos<\/a><\/li>\n\n\n\n<li><a href=\"https:\/\/www.estrategiaconcursos.com.br\/blog\/concursos-area-da-saude\/\" target=\"_blank\" rel=\"noreferrer noopener\">Concursos sa\u00fade<\/a><\/li>\n\n\n\n<li><a href=\"https:\/\/www.estrategiaconcursos.com.br\/blog\/concursos-2026\/\" target=\"_blank\" rel=\"noreferrer noopener\">Concursos 2026<\/a><\/li>\n<\/ul>\n\n\n\n<div class=\"container\" id=\"boxes\">\n  <div class=\"row\">\n\n    <div class=\"col-sm\">\n      <div class=\"estrategia\" id=\"box-assinatura\">\n        <h3 class=\"titulo-assinatura\">Assinatura de Concursos<\/h3>\n        <p class=\"subtitulo-assinatura\">Assinatura de 1 ano ou 2 anos<\/p>\n        <div class=\"box-botao\">\n          <a class=\"btn-assinatura\" target=\"_blank\" href=\"https:\/\/www.estrategiaconcursos.com.br\/assinaturas\/\" role=\"button\" rel=\"noopener noreferrer\">ASSINE AGORA<\/a>\n        <\/div>\n      <\/div>\n     \n    <\/div><\/div><\/div>\n","protected":false},"excerpt":{"rendered":"<p>Propostas das empresas est\u00e3o em an\u00e1lise pela Superintend\u00eancia de Compras. Escolha da banca do concurso SES RJ deve sair at\u00e9 fevereiro! Atualiza\u00e7\u00f5es em primeira m\u00e3o sobre o novo concurso p\u00fablico SES RJ (Secretaria de Estado de Sa\u00fade do Rio de Janeiro). Ap\u00f3s contato direto com o setor respons\u00e1vel, fomos informados de que o prazo estendido [&hellip;]<\/p>\n","protected":false},"author":1206,"featured_media":1427831,"comment_status":"open","ping_status":"closed","sticky":false,"template":"","format":"standard","meta":{"post_tipo":"news","footnotes":""},"categories":[1981,220219],"tags":[],"tax_estado":[219982],"class_list":["post-1700632","post","type-post","status-publish","format-standard","has-post-thumbnail","hentry","category-saude","category-noticias","tax_estado-rj"],"acf":[],"yoast_head":"<!-- This site is optimized with the Yoast SEO Premium plugin v27.2 (Yoast SEO v27.2) - https:\/\/yoast.com\/product\/yoast-seo-premium-wordpress\/ -->\n<title>Concurso SES RJ ter\u00e1 banca em breve. Propostas em an\u00e1lise!<\/title>\n<meta name=\"description\" content=\"Propostas das empresas est\u00e3o em an\u00e1lise pela Superintend\u00eancia de Compras. Escolha da banca do concurso SES RJ deve sair at\u00e9 fevereiro!\" \/>\n<meta name=\"robots\" content=\"index, follow, max-snippet:-1, max-image-preview:large, max-video-preview:-1\" \/>\n<link rel=\"canonical\" href=\"https:\/\/www.estrategiaconcursos.com.br\/blog\/concurso-ses-rj-banca-propostas-analise\/\" \/>\n<meta property=\"og:locale\" content=\"pt_BR\" \/>\n<meta property=\"og:type\" content=\"article\" \/>\n<meta property=\"og:title\" content=\"Concurso SES RJ ter\u00e1 banca em breve. Propostas em an\u00e1lise!\" \/>\n<meta property=\"og:description\" content=\"Propostas das empresas est\u00e3o em an\u00e1lise pela Superintend\u00eancia de Compras. Escolha da banca do concurso SES RJ deve sair at\u00e9 fevereiro!\" \/>\n<meta property=\"og:url\" content=\"https:\/\/www.estrategiaconcursos.com.br\/blog\/concurso-ses-rj-banca-propostas-analise\/\" \/>\n<meta property=\"og:site_name\" content=\"Estrat\u00e9gia Concursos\" \/>\n<meta property=\"article:published_time\" content=\"2026-01-16T15:28:54+00:00\" \/>\n<meta property=\"article:modified_time\" content=\"2026-01-16T18:10:37+00:00\" \/>\n<meta property=\"og:image\" content=\"https:\/\/dhg1h5j42swfq.cloudfront.net\/2024\/07\/10083522\/ses-rj-1.jpg\" \/>\n\t<meta property=\"og:image:width\" content=\"768\" \/>\n\t<meta property=\"og:image:height\" content=\"432\" \/>\n\t<meta property=\"og:image:type\" content=\"image\/jpeg\" \/>\n<meta name=\"author\" content=\"Bruna de Andrade Fran\u00e7a\" \/>\n<meta name=\"twitter:card\" content=\"summary_large_image\" \/>\n<meta name=\"twitter:creator\" content=\"@EstratConcursos\" \/>\n<meta name=\"twitter:site\" content=\"@EstratConcursos\" \/>\n<meta name=\"twitter:label1\" content=\"Escrito por\" \/>\n\t<meta name=\"twitter:data1\" content=\"Bruna de Andrade Fran\u00e7a\" \/>\n\t<meta name=\"twitter:label2\" content=\"Est. tempo de leitura\" \/>\n\t<meta name=\"twitter:data2\" content=\"2 minutos\" \/>\n<script type=\"application\/ld+json\" class=\"yoast-schema-graph\">{\"@context\":\"https:\/\/schema.org\",\"@graph\":[{\"@type\":\"NewsArticle\",\"@id\":\"https:\/\/www.estrategiaconcursos.com.br\/blog\/concurso-ses-rj-banca-propostas-analise\/#article\",\"isPartOf\":{\"@id\":\"https:\/\/www.estrategiaconcursos.com.br\/blog\/concurso-ses-rj-banca-propostas-analise\/\"},\"author\":{\"name\":\"Bruna de Andrade Fran\u00e7a\",\"@id\":\"https:\/\/www.estrategiaconcursos.com.br\/blog\/#\/schema\/person\/6630f91134abc08115cca62ce6372855\"},\"headline\":\"Concurso SES RJ ter\u00e1 banca em breve. Propostas em an\u00e1lise!\",\"datePublished\":\"2026-01-16T15:28:54+00:00\",\"dateModified\":\"2026-01-16T18:10:37+00:00\",\"mainEntityOfPage\":{\"@id\":\"https:\/\/www.estrategiaconcursos.com.br\/blog\/concurso-ses-rj-banca-propostas-analise\/\"},\"wordCount\":508,\"commentCount\":0,\"publisher\":{\"@id\":\"https:\/\/www.estrategiaconcursos.com.br\/blog\/#organization\"},\"image\":{\"@id\":\"https:\/\/www.estrategiaconcursos.com.br\/blog\/concurso-ses-rj-banca-propostas-analise\/#primaryimage\"},\"thumbnailUrl\":\"https:\/\/dhg1h5j42swfq.cloudfront.net\/2024\/07\/10083522\/ses-rj-1.jpg\",\"articleSection\":[\"Sa\u00fade\",\"\u00daltimas not\u00edcias\"],\"inLanguage\":\"pt-BR\",\"potentialAction\":[{\"@type\":\"CommentAction\",\"name\":\"Comment\",\"target\":[\"https:\/\/www.estrategiaconcursos.com.br\/blog\/concurso-ses-rj-banca-propostas-analise\/#respond\"]}],\"copyrightYear\":\"2026\",\"copyrightHolder\":{\"@id\":\"https:\/\/www.estrategiaconcursos.com.br\/blog\/#organization\"}},{\"@type\":\"WebPage\",\"@id\":\"https:\/\/www.estrategiaconcursos.com.br\/blog\/concurso-ses-rj-banca-propostas-analise\/\",\"url\":\"https:\/\/www.estrategiaconcursos.com.br\/blog\/concurso-ses-rj-banca-propostas-analise\/\",\"name\":\"Concurso SES RJ ter\u00e1 banca em breve. Propostas em an\u00e1lise!\",\"isPartOf\":{\"@id\":\"https:\/\/www.estrategiaconcursos.com.br\/blog\/#website\"},\"primaryImageOfPage\":{\"@id\":\"https:\/\/www.estrategiaconcursos.com.br\/blog\/concurso-ses-rj-banca-propostas-analise\/#primaryimage\"},\"image\":{\"@id\":\"https:\/\/www.estrategiaconcursos.com.br\/blog\/concurso-ses-rj-banca-propostas-analise\/#primaryimage\"},\"thumbnailUrl\":\"https:\/\/dhg1h5j42swfq.cloudfront.net\/2024\/07\/10083522\/ses-rj-1.jpg\",\"datePublished\":\"2026-01-16T15:28:54+00:00\",\"dateModified\":\"2026-01-16T18:10:37+00:00\",\"description\":\"Propostas das empresas est\u00e3o em an\u00e1lise pela Superintend\u00eancia de Compras. Escolha da banca do concurso SES RJ deve sair at\u00e9 fevereiro!\",\"breadcrumb\":{\"@id\":\"https:\/\/www.estrategiaconcursos.com.br\/blog\/concurso-ses-rj-banca-propostas-analise\/#breadcrumb\"},\"inLanguage\":\"pt-BR\",\"potentialAction\":[{\"@type\":\"ReadAction\",\"target\":[\"https:\/\/www.estrategiaconcursos.com.br\/blog\/concurso-ses-rj-banca-propostas-analise\/\"]}]},{\"@type\":\"ImageObject\",\"inLanguage\":\"pt-BR\",\"@id\":\"https:\/\/www.estrategiaconcursos.com.br\/blog\/concurso-ses-rj-banca-propostas-analise\/#primaryimage\",\"url\":\"https:\/\/dhg1h5j42swfq.cloudfront.net\/2024\/07\/10083522\/ses-rj-1.jpg\",\"contentUrl\":\"https:\/\/dhg1h5j42swfq.cloudfront.net\/2024\/07\/10083522\/ses-rj-1.jpg\",\"width\":768,\"height\":432,\"caption\":\"concurso SES RJ\"},{\"@type\":\"BreadcrumbList\",\"@id\":\"https:\/\/www.estrategiaconcursos.com.br\/blog\/concurso-ses-rj-banca-propostas-analise\/#breadcrumb\",\"itemListElement\":[{\"@type\":\"ListItem\",\"position\":1,\"name\":\"In\u00edcio\",\"item\":\"https:\/\/www.estrategiaconcursos.com.br\/blog\/\"},{\"@type\":\"ListItem\",\"position\":2,\"name\":\"Concurso SES RJ ter\u00e1 banca em breve. Propostas em an\u00e1lise!\"}]},{\"@type\":\"WebSite\",\"@id\":\"https:\/\/www.estrategiaconcursos.com.br\/blog\/#website\",\"url\":\"https:\/\/www.estrategiaconcursos.com.br\/blog\/\",\"name\":\"Estrat\u00e9gia Concursos\",\"description\":\"O blog da Estrat\u00e9gia Concursos traz not\u00edcias sobre concursos e artigos de professores oferecendo cursos para concursos (pdf + videaulas) no site.\",\"publisher\":{\"@id\":\"https:\/\/www.estrategiaconcursos.com.br\/blog\/#organization\"},\"potentialAction\":[{\"@type\":\"SearchAction\",\"target\":{\"@type\":\"EntryPoint\",\"urlTemplate\":\"https:\/\/www.estrategiaconcursos.com.br\/blog\/?s={search_term_string}\"},\"query-input\":{\"@type\":\"PropertyValueSpecification\",\"valueRequired\":true,\"valueName\":\"search_term_string\"}}],\"inLanguage\":\"pt-BR\"},{\"@type\":\"Organization\",\"@id\":\"https:\/\/www.estrategiaconcursos.com.br\/blog\/#organization\",\"name\":\"Estrat\u00e9gia Concursos\",\"url\":\"https:\/\/www.estrategiaconcursos.com.br\/blog\/\",\"logo\":{\"@type\":\"ImageObject\",\"inLanguage\":\"pt-BR\",\"@id\":\"https:\/\/www.estrategiaconcursos.com.br\/blog\/#\/schema\/logo\/image\/\",\"url\":\"https:\/\/dhg1h5j42swfq.cloudfront.net\/2025\/06\/03203428\/logo_concursos-1.jpg\",\"contentUrl\":\"https:\/\/dhg1h5j42swfq.cloudfront.net\/2025\/06\/03203428\/logo_concursos-1.jpg\",\"width\":230,\"height\":60,\"caption\":\"Estrat\u00e9gia Concursos\"},\"image\":{\"@id\":\"https:\/\/www.estrategiaconcursos.com.br\/blog\/#\/schema\/logo\/image\/\"},\"sameAs\":[\"https:\/\/x.com\/EstratConcursos\"]},{\"@type\":\"Person\",\"@id\":\"https:\/\/www.estrategiaconcursos.com.br\/blog\/#\/schema\/person\/6630f91134abc08115cca62ce6372855\",\"name\":\"Bruna de Andrade Fran\u00e7a\",\"image\":{\"@type\":\"ImageObject\",\"inLanguage\":\"pt-BR\",\"@id\":\"https:\/\/secure.gravatar.com\/avatar\/d6316d36d50cea0fadae28ed3015b8870cc90a2d3d8a95c37b44006af36a00e3?s=96&d=mm&r=g\",\"url\":\"https:\/\/secure.gravatar.com\/avatar\/d6316d36d50cea0fadae28ed3015b8870cc90a2d3d8a95c37b44006af36a00e3?s=96&d=mm&r=g\",\"contentUrl\":\"https:\/\/secure.gravatar.com\/avatar\/d6316d36d50cea0fadae28ed3015b8870cc90a2d3d8a95c37b44006af36a00e3?s=96&d=mm&r=g\",\"caption\":\"Bruna de Andrade Fran\u00e7a\"},\"description\":\"Bruna de Andrade Fran\u00e7a \u00e9 publicit\u00e1ria com p\u00f3s-gradua\u00e7\u00e3o em Marketing &amp; Growth, atuando h\u00e1 mais de 6 anos no universo dos concursos p\u00fablicos. Desde 2021, lidera no Blog do Estrat\u00e9gia Concursos a cobertura editorial especializada em Concursos Policiais (PF, PRF, PM, PC, etc.), al\u00e9m das frentes de concursos banc\u00e1rios, de sa\u00fade e da \u00e1rea legislativa. Especialista em reda\u00e7\u00e3o, com pr\u00e1ticas de SEO e Copywriting, possui tamb\u00e9m atua\u00e7\u00e3o pr\u00e1tica de contato direto com \u00f3rg\u00e3os p\u00fablicos respons\u00e1veis por editais, permitindo acesso antecipado a informa\u00e7\u00f5es, desdobramentos importantes e atualiza\u00e7\u00e3o eficiente dos concursos p\u00fablicos.\",\"url\":\"https:\/\/www.estrategiaconcursos.com.br\/blog\/author\/bruna-andrade\/\"}]}<\/script>\n<!-- \/ Yoast SEO Premium plugin. -->","yoast_head_json":{"title":"Concurso SES RJ ter\u00e1 banca em breve. Propostas em an\u00e1lise!","description":"Propostas das empresas est\u00e3o em an\u00e1lise pela Superintend\u00eancia de Compras. Escolha da banca do concurso SES RJ deve sair at\u00e9 fevereiro!","robots":{"index":"index","follow":"follow","max-snippet":"max-snippet:-1","max-image-preview":"max-image-preview:large","max-video-preview":"max-video-preview:-1"},"canonical":"https:\/\/www.estrategiaconcursos.com.br\/blog\/concurso-ses-rj-banca-propostas-analise\/","og_locale":"pt_BR","og_type":"article","og_title":"Concurso SES RJ ter\u00e1 banca em breve. Propostas em an\u00e1lise!","og_description":"Propostas das empresas est\u00e3o em an\u00e1lise pela Superintend\u00eancia de Compras. Escolha da banca do concurso SES RJ deve sair at\u00e9 fevereiro!","og_url":"https:\/\/www.estrategiaconcursos.com.br\/blog\/concurso-ses-rj-banca-propostas-analise\/","og_site_name":"Estrat\u00e9gia Concursos","article_published_time":"2026-01-16T15:28:54+00:00","article_modified_time":"2026-01-16T18:10:37+00:00","og_image":[{"width":768,"height":432,"url":"https:\/\/dhg1h5j42swfq.cloudfront.net\/2024\/07\/10083522\/ses-rj-1.jpg","type":"image\/jpeg"}],"author":"Bruna de Andrade Fran\u00e7a","twitter_card":"summary_large_image","twitter_creator":"@EstratConcursos","twitter_site":"@EstratConcursos","twitter_misc":{"Escrito por":"Bruna de Andrade Fran\u00e7a","Est. tempo de leitura":"2 minutos"},"schema":{"@context":"https:\/\/schema.org","@graph":[{"@type":"NewsArticle","@id":"https:\/\/www.estrategiaconcursos.com.br\/blog\/concurso-ses-rj-banca-propostas-analise\/#article","isPartOf":{"@id":"https:\/\/www.estrategiaconcursos.com.br\/blog\/concurso-ses-rj-banca-propostas-analise\/"},"author":{"name":"Bruna de Andrade Fran\u00e7a","@id":"https:\/\/www.estrategiaconcursos.com.br\/blog\/#\/schema\/person\/6630f91134abc08115cca62ce6372855"},"headline":"Concurso SES RJ ter\u00e1 banca em breve. Propostas em an\u00e1lise!","datePublished":"2026-01-16T15:28:54+00:00","dateModified":"2026-01-16T18:10:37+00:00","mainEntityOfPage":{"@id":"https:\/\/www.estrategiaconcursos.com.br\/blog\/concurso-ses-rj-banca-propostas-analise\/"},"wordCount":508,"commentCount":0,"publisher":{"@id":"https:\/\/www.estrategiaconcursos.com.br\/blog\/#organization"},"image":{"@id":"https:\/\/www.estrategiaconcursos.com.br\/blog\/concurso-ses-rj-banca-propostas-analise\/#primaryimage"},"thumbnailUrl":"https:\/\/dhg1h5j42swfq.cloudfront.net\/2024\/07\/10083522\/ses-rj-1.jpg","articleSection":["Sa\u00fade","\u00daltimas not\u00edcias"],"inLanguage":"pt-BR","potentialAction":[{"@type":"CommentAction","name":"Comment","target":["https:\/\/www.estrategiaconcursos.com.br\/blog\/concurso-ses-rj-banca-propostas-analise\/#respond"]}],"copyrightYear":"2026","copyrightHolder":{"@id":"https:\/\/www.estrategiaconcursos.com.br\/blog\/#organization"}},{"@type":"WebPage","@id":"https:\/\/www.estrategiaconcursos.com.br\/blog\/concurso-ses-rj-banca-propostas-analise\/","url":"https:\/\/www.estrategiaconcursos.com.br\/blog\/concurso-ses-rj-banca-propostas-analise\/","name":"Concurso SES RJ ter\u00e1 banca em breve. Propostas em an\u00e1lise!","isPartOf":{"@id":"https:\/\/www.estrategiaconcursos.com.br\/blog\/#website"},"primaryImageOfPage":{"@id":"https:\/\/www.estrategiaconcursos.com.br\/blog\/concurso-ses-rj-banca-propostas-analise\/#primaryimage"},"image":{"@id":"https:\/\/www.estrategiaconcursos.com.br\/blog\/concurso-ses-rj-banca-propostas-analise\/#primaryimage"},"thumbnailUrl":"https:\/\/dhg1h5j42swfq.cloudfront.net\/2024\/07\/10083522\/ses-rj-1.jpg","datePublished":"2026-01-16T15:28:54+00:00","dateModified":"2026-01-16T18:10:37+00:00","description":"Propostas das empresas est\u00e3o em an\u00e1lise pela Superintend\u00eancia de Compras. Escolha da banca do concurso SES RJ deve sair at\u00e9 fevereiro!","breadcrumb":{"@id":"https:\/\/www.estrategiaconcursos.com.br\/blog\/concurso-ses-rj-banca-propostas-analise\/#breadcrumb"},"inLanguage":"pt-BR","potentialAction":[{"@type":"ReadAction","target":["https:\/\/www.estrategiaconcursos.com.br\/blog\/concurso-ses-rj-banca-propostas-analise\/"]}]},{"@type":"ImageObject","inLanguage":"pt-BR","@id":"https:\/\/www.estrategiaconcursos.com.br\/blog\/concurso-ses-rj-banca-propostas-analise\/#primaryimage","url":"https:\/\/dhg1h5j42swfq.cloudfront.net\/2024\/07\/10083522\/ses-rj-1.jpg","contentUrl":"https:\/\/dhg1h5j42swfq.cloudfront.net\/2024\/07\/10083522\/ses-rj-1.jpg","width":768,"height":432,"caption":"concurso SES RJ"},{"@type":"BreadcrumbList","@id":"https:\/\/www.estrategiaconcursos.com.br\/blog\/concurso-ses-rj-banca-propostas-analise\/#breadcrumb","itemListElement":[{"@type":"ListItem","position":1,"name":"In\u00edcio","item":"https:\/\/www.estrategiaconcursos.com.br\/blog\/"},{"@type":"ListItem","position":2,"name":"Concurso SES RJ ter\u00e1 banca em breve. Propostas em an\u00e1lise!"}]},{"@type":"WebSite","@id":"https:\/\/www.estrategiaconcursos.com.br\/blog\/#website","url":"https:\/\/www.estrategiaconcursos.com.br\/blog\/","name":"Estrat\u00e9gia Concursos","description":"O blog da Estrat\u00e9gia Concursos traz not\u00edcias sobre concursos e artigos de professores oferecendo cursos para concursos (pdf + videaulas) no site.","publisher":{"@id":"https:\/\/www.estrategiaconcursos.com.br\/blog\/#organization"},"potentialAction":[{"@type":"SearchAction","target":{"@type":"EntryPoint","urlTemplate":"https:\/\/www.estrategiaconcursos.com.br\/blog\/?s={search_term_string}"},"query-input":{"@type":"PropertyValueSpecification","valueRequired":true,"valueName":"search_term_string"}}],"inLanguage":"pt-BR"},{"@type":"Organization","@id":"https:\/\/www.estrategiaconcursos.com.br\/blog\/#organization","name":"Estrat\u00e9gia Concursos","url":"https:\/\/www.estrategiaconcursos.com.br\/blog\/","logo":{"@type":"ImageObject","inLanguage":"pt-BR","@id":"https:\/\/www.estrategiaconcursos.com.br\/blog\/#\/schema\/logo\/image\/","url":"https:\/\/dhg1h5j42swfq.cloudfront.net\/2025\/06\/03203428\/logo_concursos-1.jpg","contentUrl":"https:\/\/dhg1h5j42swfq.cloudfront.net\/2025\/06\/03203428\/logo_concursos-1.jpg","width":230,"height":60,"caption":"Estrat\u00e9gia Concursos"},"image":{"@id":"https:\/\/www.estrategiaconcursos.com.br\/blog\/#\/schema\/logo\/image\/"},"sameAs":["https:\/\/x.com\/EstratConcursos"]},{"@type":"Person","@id":"https:\/\/www.estrategiaconcursos.com.br\/blog\/#\/schema\/person\/6630f91134abc08115cca62ce6372855","name":"Bruna de Andrade Fran\u00e7a","image":{"@type":"ImageObject","inLanguage":"pt-BR","@id":"https:\/\/secure.gravatar.com\/avatar\/d6316d36d50cea0fadae28ed3015b8870cc90a2d3d8a95c37b44006af36a00e3?s=96&d=mm&r=g","url":"https:\/\/secure.gravatar.com\/avatar\/d6316d36d50cea0fadae28ed3015b8870cc90a2d3d8a95c37b44006af36a00e3?s=96&d=mm&r=g","contentUrl":"https:\/\/secure.gravatar.com\/avatar\/d6316d36d50cea0fadae28ed3015b8870cc90a2d3d8a95c37b44006af36a00e3?s=96&d=mm&r=g","caption":"Bruna de Andrade Fran\u00e7a"},"description":"Bruna de Andrade Fran\u00e7a \u00e9 publicit\u00e1ria com p\u00f3s-gradua\u00e7\u00e3o em Marketing &amp; Growth, atuando h\u00e1 mais de 6 anos no universo dos concursos p\u00fablicos. Desde 2021, lidera no Blog do Estrat\u00e9gia Concursos a cobertura editorial especializada em Concursos Policiais (PF, PRF, PM, PC, etc.), al\u00e9m das frentes de concursos banc\u00e1rios, de sa\u00fade e da \u00e1rea legislativa. Especialista em reda\u00e7\u00e3o, com pr\u00e1ticas de SEO e Copywriting, possui tamb\u00e9m atua\u00e7\u00e3o pr\u00e1tica de contato direto com \u00f3rg\u00e3os p\u00fablicos respons\u00e1veis por editais, permitindo acesso antecipado a informa\u00e7\u00f5es, desdobramentos importantes e atualiza\u00e7\u00e3o eficiente dos concursos p\u00fablicos.","url":"https:\/\/www.estrategiaconcursos.com.br\/blog\/author\/bruna-andrade\/"}]}},"_links":{"self":[{"href":"https:\/\/www.estrategiaconcursos.com.br\/blog\/wp-json\/wp\/v2\/posts\/1700632","targetHints":{"allow":["GET"]}}],"collection":[{"href":"https:\/\/www.estrategiaconcursos.com.br\/blog\/wp-json\/wp\/v2\/posts"}],"about":[{"href":"https:\/\/www.estrategiaconcursos.com.br\/blog\/wp-json\/wp\/v2\/types\/post"}],"author":[{"embeddable":true,"href":"https:\/\/www.estrategiaconcursos.com.br\/blog\/wp-json\/wp\/v2\/users\/1206"}],"replies":[{"embeddable":true,"href":"https:\/\/www.estrategiaconcursos.com.br\/blog\/wp-json\/wp\/v2\/comments?post=1700632"}],"version-history":[{"count":3,"href":"https:\/\/www.estrategiaconcursos.com.br\/blog\/wp-json\/wp\/v2\/posts\/1700632\/revisions"}],"predecessor-version":[{"id":1700815,"href":"https:\/\/www.estrategiaconcursos.com.br\/blog\/wp-json\/wp\/v2\/posts\/1700632\/revisions\/1700815"}],"wp:featuredmedia":[{"embeddable":true,"href":"https:\/\/www.estrategiaconcursos.com.br\/blog\/wp-json\/wp\/v2\/media\/1427831"}],"wp:attachment":[{"href":"https:\/\/www.estrategiaconcursos.com.br\/blog\/wp-json\/wp\/v2\/media?parent=1700632"}],"wp:term":[{"taxonomy":"category","embeddable":true,"href":"https:\/\/www.estrategiaconcursos.com.br\/blog\/wp-json\/wp\/v2\/categories?post=1700632"},{"taxonomy":"post_tag","embeddable":true,"href":"https:\/\/www.estrategiaconcursos.com.br\/blog\/wp-json\/wp\/v2\/tags?post=1700632"},{"taxonomy":"tax_estado","embeddable":true,"href":"https:\/\/www.estrategiaconcursos.com.br\/blog\/wp-json\/wp\/v2\/tax_estado?post=1700632"}],"curies":[{"name":"wp","href":"https:\/\/api.w.org\/{rel}","templated":true}]}}