{"id":1700573,"date":"2026-02-02T07:00:00","date_gmt":"2026-02-02T10:00:00","guid":{"rendered":"https:\/\/www.estrategiaconcursos.com.br\/blog\/?p=1700573"},"modified":"2026-02-24T08:34:53","modified_gmt":"2026-02-24T11:34:53","slug":"concurso-emgepron-edital-publicado-2026","status":"publish","type":"post","link":"https:\/\/www.estrategiaconcursos.com.br\/blog\/concurso-emgepron-edital-publicado-2026\/","title":{"rendered":"Edital Emgepron publicado! 14 vagas + CR e at\u00e9 R$ 12,3 mil!"},"content":{"rendered":"\n<p style=\"font-size:clamp(15.197px, 0.95rem + ((1vw - 3.2px) * 0.765), 23px);\"><strong><em>Provas do edital Emgepron ser\u00e3o aplicadas em 29 de mar\u00e7o!<\/em><\/strong><\/p>\n\n\n\n<p>Foi publicado o aguardado <strong>edital Emgepron<\/strong> (<a href=\"https:\/\/www.estrategiaconcursos.com.br\/pesquisa\/?q=Emgepron\" target=\"_blank\" rel=\"noreferrer noopener\">Empresa Gerencial de Projetos Navais<\/a>), com oferta de <strong>14 vagas imediatas e forma\u00e7\u00e3o de cadastro de reserva<\/strong>.<\/p>\n\n\n\n<p>As oportunidades s\u00e3o para cargos de n\u00edveis m\u00e9dio t\u00e9cnico e superior de forma\u00e7\u00e3o, com sal\u00e1rios iniciais que variam de <strong>R$ 2.244,00<\/strong> a <strong>R$ 12.302,00<\/strong>.<\/p>\n\n\n\n<p>As inscri\u00e7\u00f5es j\u00e1 est\u00e3o encerradas e puderam ser realizadas at\u00e9 o dia 23 de fevereiro, no site da banca organizadora, Selecon, ao custo de R$ 60,00 a R$ 80,00. A <strong>aplica\u00e7\u00e3o das provas \u00e9 prevista em 29 de mar\u00e7o<\/strong>.<\/p>\n\n\n\n<ul class=\"wp-block-list has-very-light-gray-to-cyan-bluish-gray-gradient-background has-background\">\n<li><strong>Emgepron<\/strong><\/li>\n\n\n\n<li><strong>Banca:<\/strong> <a href=\"https:\/\/selecon.selecao.net.br\/informacoes\/65\/\" target=\"_blank\" rel=\"noreferrer noopener\">Instituto Selecon<\/a><\/li>\n\n\n\n<li><strong>Vagas:<\/strong> 14 + CR<\/li>\n\n\n\n<li><strong>Sal\u00e1rio inicial:<\/strong> R$ 2.244,00 a R$ 12.302,00<\/li>\n\n\n\n<li><strong>Edital:<\/strong> <a href=\"https:\/\/dhg1h5j42swfq.cloudfront.net\/2026\/01\/16112025\/edital-emgepron-2026.pdf\" target=\"_blank\" rel=\"noreferrer noopener nofollow\">Emgepron 2026<\/a><\/li>\n<\/ul>\n\n\n\n<div class=\"container\" id=\"boxes\">\n  <div class=\"row\">\n\n    <div class=\"col-sm\">\n      <div class=\"banner-estrategia\" id=\"box-assinatura\">\n        <h3 class=\"titulo-assinatura\">Concurso Emgepron<\/h3>\n        <p class=\"subtitulo-assinatura\">Estude conosco<\/p>\n        <div class=\"box-botao\">\n          <a class=\"btn-assinatura\" target=\"_blank\" href=\"https:\/\/www.estrategiaconcursos.com.br\/pesquisa\/?q=emgepron\/\" role=\"button\" rel=\"noopener noreferrer\">Conhe\u00e7a os cursos<\/a>\n        <\/div>\n      <\/div>\n     \n    <\/div>\n\n  <\/div>\n<\/div>\n\n\n\n<h2 class=\"wp-block-heading\" id=\"datas\">Principais datas do concurso<\/h2>\n\n\n\n<ul class=\"wp-block-list\">\n<li><strong>Inscri\u00e7\u00f5es<\/strong>: <s>19\/01 a 23\/02<\/s><\/li>\n\n\n\n<li><strong>Isen\u00e7\u00e3o da taxa<\/strong>: <s>19 a 21\/01<\/s><\/li>\n\n\n\n<li><strong>Pagamento do boleto<\/strong>: at\u00e9 24\/02<\/li>\n\n\n\n<li><strong>Provas<\/strong>: 29\/03<\/li>\n<\/ul>\n\n\n\n<h2 class=\"wp-block-heading\" id=\"cargos-vagas\">Cargos e vagas do edital Emgepron<\/h2>\n\n\n\n<h3 class=\"wp-block-heading\" id=\"h-nivel-medio-tecnico\"><strong>N\u00edvel m\u00e9dio t\u00e9cnico<\/strong><\/h3>\n\n\n\n<figure class=\"wp-block-table is-style-stripes\"><table class=\"has-very-light-gray-to-cyan-bluish-gray-gradient-background has-background has-fixed-layout\"><thead><tr><th class=\"has-text-align-center\" data-align=\"center\">CARGO<\/th><th class=\"has-text-align-center\" data-align=\"center\">VAGAS<\/th><th class=\"has-text-align-center\" data-align=\"center\">SAL\u00c1RIO <\/th><\/tr><\/thead><tbody><tr><td class=\"has-text-align-center\" data-align=\"center\">T\u00e9cnico de Projetos Navais &#8211; Almoxarife<\/td><td class=\"has-text-align-center\" data-align=\"center\">CR<\/td><td class=\"has-text-align-center\" data-align=\"center\">R$ 2.392,00<\/td><\/tr><tr><td class=\"has-text-align-center\" data-align=\"center\">T\u00e9cnico de Projetos Navais &#8211; Assistente Administrativo<\/td><td class=\"has-text-align-center\" data-align=\"center\">3 + CR<\/td><td class=\"has-text-align-center\" data-align=\"center\">R$ 2.392,00<\/td><\/tr><tr><td class=\"has-text-align-center\" data-align=\"center\">T\u00e9cnico de Projetos Navais &#8211; Supervisor de Seguran\u00e7a<\/td><td class=\"has-text-align-center\" data-align=\"center\">CR<\/td><td class=\"has-text-align-center\" data-align=\"center\">R$ 2.244,00<\/td><\/tr><tr><td class=\"has-text-align-center\" data-align=\"center\">T\u00e9cnico de Projetos Navais &#8211; T\u00e9cnico de Comissionamento<\/td><td class=\"has-text-align-center\" data-align=\"center\">CR<\/td><td class=\"has-text-align-center\" data-align=\"center\">R$ 3.126,00<\/td><\/tr><tr><td class=\"has-text-align-center\" data-align=\"center\">T\u00e9cnico de Projetos Navais &#8211; T\u00e9cnico de Contabilidade<\/td><td class=\"has-text-align-center\" data-align=\"center\">CR<\/td><td class=\"has-text-align-center\" data-align=\"center\">R$ 2.244,00<\/td><\/tr><tr><td class=\"has-text-align-center\" data-align=\"center\">T\u00e9cnico de Projetos Navais &#8211; T\u00e9cnico em Eletrot\u00e9cnica<\/td><td class=\"has-text-align-center\" data-align=\"center\">1 + CR<\/td><td class=\"has-text-align-center\" data-align=\"center\">R$ 3.126,00<\/td><\/tr><tr><td class=\"has-text-align-center\" data-align=\"center\">T\u00e9cnico de Projetos Navais &#8211; T\u00e9cnico em Eletricidade<\/td><td class=\"has-text-align-center\" data-align=\"center\">1 + CR<\/td><td class=\"has-text-align-center\" data-align=\"center\">R$ 3.126,00<\/td><\/tr><tr><td class=\"has-text-align-center\" data-align=\"center\">T\u00e9cnico de Projetos Navais &#8211; T\u00e9cnico em Eletr\u00f4nica<\/td><td class=\"has-text-align-center\" data-align=\"center\">CR<\/td><td class=\"has-text-align-center\" data-align=\"center\">R$ 3.126,00<\/td><\/tr><tr><td class=\"has-text-align-center\" data-align=\"center\">T\u00e9cnico de Projetos Navais &#8211; T\u00e9cnico em Enfermagem<\/td><td class=\"has-text-align-center\" data-align=\"center\">CR<\/td><td class=\"has-text-align-center\" data-align=\"center\">R$ 2.244,00<\/td><\/tr><tr><td class=\"has-text-align-center\" data-align=\"center\">T\u00e9cnico de Projetos Navais &#8211; T\u00e9cnico em Farm\u00e1cia<\/td><td class=\"has-text-align-center\" data-align=\"center\">CR<\/td><td class=\"has-text-align-center\" data-align=\"center\">R$ 2.392,00<\/td><\/tr><tr><td class=\"has-text-align-center\" data-align=\"center\">T\u00e9cnico de Projetos Navais &#8211; T\u00e9cnico Industrial Estruturas<\/td><td class=\"has-text-align-center\" data-align=\"center\">CR<\/td><td class=\"has-text-align-center\" data-align=\"center\">R$ 3.126,00<\/td><\/tr><tr><td class=\"has-text-align-center\" data-align=\"center\">T\u00e9cnico de Projetos Navais &#8211; T\u00e9cnico de Inform\u00e1tica<\/td><td class=\"has-text-align-center\" data-align=\"center\">CR<\/td><td class=\"has-text-align-center\" data-align=\"center\">R$ 2.392,00<\/td><\/tr><tr><td class=\"has-text-align-center\" data-align=\"center\">T\u00e9cnico de Projetos Navais &#8211; T\u00e9cnico de Instrumenta\u00e7\u00e3o<\/td><td class=\"has-text-align-center\" data-align=\"center\">CR<\/td><td class=\"has-text-align-center\" data-align=\"center\">R$ 2.244,00<\/td><\/tr><tr><td class=\"has-text-align-center\" data-align=\"center\">T\u00e9cnico de Projetos Navais &#8211; T\u00e9cnico de Laborat\u00f3rio<\/td><td class=\"has-text-align-center\" data-align=\"center\">CR<\/td><td class=\"has-text-align-center\" data-align=\"center\">R$ 2.392,00<\/td><\/tr><tr><td class=\"has-text-align-center\" data-align=\"center\">T\u00e9cnico de Projetos Navais &#8211; T\u00e9cnico em Mec\u00e2nica<\/td><td class=\"has-text-align-center\" data-align=\"center\">1 + CR<\/td><td class=\"has-text-align-center\" data-align=\"center\">R$ 3.126,00<\/td><\/tr><tr><td class=\"has-text-align-center\" data-align=\"center\">T\u00e9cnico de Projetos Navais &#8211; T\u00e9cnico de An\u00e1lises Cl\u00ednicas<\/td><td class=\"has-text-align-center\" data-align=\"center\">CR<\/td><td class=\"has-text-align-center\" data-align=\"center\">R$ 2.392,00<\/td><\/tr><tr><td class=\"has-text-align-center\" data-align=\"center\">T\u00e9cnico de Projetos Navais &#8211; T\u00e9cnico Projetista Mec\u00e2nico<\/td><td class=\"has-text-align-center\" data-align=\"center\">CR<\/td><td class=\"has-text-align-center\" data-align=\"center\">R$ 3.126,00<\/td><\/tr><tr><td class=\"has-text-align-center\" data-align=\"center\">T\u00e9cnico de Projetos Navais &#8211; T\u00e9cnico em Qualidade<\/td><td class=\"has-text-align-center\" data-align=\"center\">CR<\/td><td class=\"has-text-align-center\" data-align=\"center\">R$ 2.244,00<\/td><\/tr><tr><td class=\"has-text-align-center\" data-align=\"center\">T\u00e9cnico de Projetos Navais &#8211; T\u00e9cnico em Qu\u00edmica<\/td><td class=\"has-text-align-center\" data-align=\"center\">CR<\/td><td class=\"has-text-align-center\" data-align=\"center\">R$ 2.392,00<\/td><\/tr><tr><td class=\"has-text-align-center\" data-align=\"center\">T\u00e9cnico de Projetos Navais &#8211; T\u00e9cnico em Radiologia<\/td><td class=\"has-text-align-center\" data-align=\"center\">CR<\/td><td class=\"has-text-align-center\" data-align=\"center\">R$ 2.392,00<\/td><\/tr><tr><td class=\"has-text-align-center\" data-align=\"center\">T\u00e9cnico de Projetos Navais &#8211; T\u00e9cnico em Secretariado<\/td><td class=\"has-text-align-center\" data-align=\"center\">CR<\/td><td class=\"has-text-align-center\" data-align=\"center\">R$ 2.244,00<\/td><\/tr><tr><td class=\"has-text-align-center\" data-align=\"center\">T\u00e9cnico de Projetos Navais &#8211; T\u00e9cnico de Seguran\u00e7a do Trabalho<\/td><td class=\"has-text-align-center\" data-align=\"center\">CR<\/td><td class=\"has-text-align-center\" data-align=\"center\">R$ 2.392,00<\/td><\/tr><tr><td class=\"has-text-align-center\" data-align=\"center\">T\u00e9cnico de Projetos Navais &#8211; T\u00e9cnico em Tubula\u00e7\u00f5es<\/td><td class=\"has-text-align-center\" data-align=\"center\">CR<\/td><td class=\"has-text-align-center\" data-align=\"center\">R$ 3.126,00<\/td><\/tr><\/tbody><\/table><figcaption class=\"wp-element-caption\">Vagas de n\u00edvel m\u00e9dio<\/figcaption><\/figure>\n\n\n\n<h3 class=\"wp-block-heading\" id=\"h-nivel-superior\"><strong>N\u00edvel superior<\/strong><\/h3>\n\n\n\n<figure class=\"wp-block-table is-style-stripes\"><table class=\"has-very-light-gray-to-cyan-bluish-gray-gradient-background has-background has-fixed-layout\"><thead><tr><th class=\"has-text-align-center\" data-align=\"center\">CARGO<\/th><th class=\"has-text-align-center\" data-align=\"center\">VAGAS<\/th><th class=\"has-text-align-center\" data-align=\"center\">SAL\u00c1RIO <\/th><\/tr><\/thead><tbody><tr><td class=\"has-text-align-center\" data-align=\"center\">Analista de Projetos Navais &#8211; Advogado<\/td><td class=\"has-text-align-center\" data-align=\"center\">CR<\/td><td class=\"has-text-align-center\" data-align=\"center\">R$ 3.748,00<\/td><\/tr><tr><td class=\"has-text-align-center\" data-align=\"center\">Analista de Projetos Navais &#8211; Agente de Manobras<\/td><td class=\"has-text-align-center\" data-align=\"center\">CR<\/td><td class=\"has-text-align-center\" data-align=\"center\">R$ 3.468,00<\/td><\/tr><tr><td class=\"has-text-align-center\" data-align=\"center\">Analista de Projetos Navais &#8211; Analista de Administra\u00e7\u00e3o<\/td><td class=\"has-text-align-center\" data-align=\"center\">CR<\/td><td class=\"has-text-align-center\" data-align=\"center\">R$ 3.468,00<\/td><\/tr><tr><td class=\"has-text-align-center\" data-align=\"center\">Analista de Projetos Navais &#8211; Analista de Recursos Humanos<\/td><td class=\"has-text-align-center\" data-align=\"center\">CR<\/td><td class=\"has-text-align-center\" data-align=\"center\">R$ 3.468,00<\/td><\/tr><tr><td class=\"has-text-align-center\" data-align=\"center\">Analista de Projetos Navais &#8211; Analista de Recursos Humanos (Assistente Social)<\/td><td class=\"has-text-align-center\" data-align=\"center\">CR<\/td><td class=\"has-text-align-center\" data-align=\"center\">R$ 3.468,00<\/td><\/tr><tr><td class=\"has-text-align-center\" data-align=\"center\">Analista de Projetos Navais &#8211; Analista de Recursos Humanos (Folha de Pagamento)<\/td><td class=\"has-text-align-center\" data-align=\"center\">CR<\/td><td class=\"has-text-align-center\" data-align=\"center\">R$ 3.468,00<\/td><\/tr><tr><td class=\"has-text-align-center\" data-align=\"center\">Analista de Projetos Navais &#8211; Analista de Recursos Humanos (Desenvolvimento de Sistemas)<\/td><td class=\"has-text-align-center\" data-align=\"center\">CR<\/td><td class=\"has-text-align-center\" data-align=\"center\">R$ 3.468,00<\/td><\/tr><tr><td class=\"has-text-align-center\" data-align=\"center\">Analista de Projetos Navais &#8211; Arquivista<\/td><td class=\"has-text-align-center\" data-align=\"center\">CR<\/td><td class=\"has-text-align-center\" data-align=\"center\">R$ 3.468,00<\/td><\/tr><tr><td class=\"has-text-align-center\" data-align=\"center\">Analista de Projetos Navais &#8211; Finan\u00e7as<\/td><td class=\"has-text-align-center\" data-align=\"center\">CR<\/td><td class=\"has-text-align-center\" data-align=\"center\">R$ 3.468,00<\/td><\/tr><tr><td class=\"has-text-align-center\" data-align=\"center\">Analista de Projetos Navais &#8211; Gerenciamento de Portf\u00f3lio<\/td><td class=\"has-text-align-center\" data-align=\"center\">CR<\/td><td class=\"has-text-align-center\" data-align=\"center\">R$ 3.468,00<\/td><\/tr><tr><td class=\"has-text-align-center\" data-align=\"center\">Analista de Projetos Navais &#8211; Gest\u00e3o do Conhecimento<\/td><td class=\"has-text-align-center\" data-align=\"center\">CR<\/td><td class=\"has-text-align-center\" data-align=\"center\">R$ 3.468,00<\/td><\/tr><tr><td class=\"has-text-align-center\" data-align=\"center\">Analista de Projetos Navais &#8211; Gest\u00e3o<\/td><td class=\"has-text-align-center\" data-align=\"center\">CR<\/td><td class=\"has-text-align-center\" data-align=\"center\">R$ 3.468,00<\/td><\/tr><tr><td class=\"has-text-align-center\" data-align=\"center\">Analista de Projetos Navais &#8211; Licita\u00e7\u00e3o e Contratos<\/td><td class=\"has-text-align-center\" data-align=\"center\">1 + CR<\/td><td class=\"has-text-align-center\" data-align=\"center\">R$ 3.468,00<\/td><\/tr><tr><td class=\"has-text-align-center\" data-align=\"center\">Analista de Projetos Navais &#8211; Nuclear<\/td><td class=\"has-text-align-center\" data-align=\"center\">CR<\/td><td class=\"has-text-align-center\" data-align=\"center\">R$ 3.468,00<\/td><\/tr><tr><td class=\"has-text-align-center\" data-align=\"center\">Analista de Projetos Navais &#8211; Rede de Computadores \/ Suporte T\u00e9cnico<\/td><td class=\"has-text-align-center\" data-align=\"center\">CR<\/td><td class=\"has-text-align-center\" data-align=\"center\">R$ 3.468,00<\/td><\/tr><tr><td class=\"has-text-align-center\" data-align=\"center\">Analista de Projetos Navais &#8211; Seguran\u00e7a da Informa\u00e7\u00e3o<\/td><td class=\"has-text-align-center\" data-align=\"center\">CR<\/td><td class=\"has-text-align-center\" data-align=\"center\">R$ 3.468,00<\/td><\/tr><tr><td class=\"has-text-align-center\" data-align=\"center\">Analista de Projetos Navais &#8211; Arquiteto<\/td><td class=\"has-text-align-center\" data-align=\"center\">CR<\/td><td class=\"has-text-align-center\" data-align=\"center\">R$ 12.302,00<\/td><\/tr><tr><td class=\"has-text-align-center\" data-align=\"center\">Analista de Projetos Navais &#8211; Bi\u00f3logo<\/td><td class=\"has-text-align-center\" data-align=\"center\">CR<\/td><td class=\"has-text-align-center\" data-align=\"center\">R$ 3.468,00<\/td><\/tr><tr><td class=\"has-text-align-center\" data-align=\"center\">Analista de Projetos Navais &#8211; Contador<\/td><td class=\"has-text-align-center\" data-align=\"center\">CR<\/td><td class=\"has-text-align-center\" data-align=\"center\">R$ 3.748,00<\/td><\/tr><tr><td class=\"has-text-align-center\" data-align=\"center\">Analista de Projetos Navais &#8211; Contador (Tributos)<\/td><td class=\"has-text-align-center\" data-align=\"center\">1 + CR<\/td><td class=\"has-text-align-center\" data-align=\"center\">R$ 3.748,00<\/td><\/tr><tr><td class=\"has-text-align-center\" data-align=\"center\">Analista de Projetos Navais &#8211; Enfermeiro<\/td><td class=\"has-text-align-center\" data-align=\"center\">CR<\/td><td class=\"has-text-align-center\" data-align=\"center\">R$ 3.468,00<\/td><\/tr><tr><td class=\"has-text-align-center\" data-align=\"center\">Analista de Projetos Navais &#8211; Engenheiro de Controle e Automa\u00e7\u00e3o<\/td><td class=\"has-text-align-center\" data-align=\"center\">CR<\/td><td class=\"has-text-align-center\" data-align=\"center\">R$ 12.302,00<\/td><\/tr><tr><td class=\"has-text-align-center\" data-align=\"center\">Analista de Projetos Navais &#8211; Engenheiro (Planejamento e Controle)<\/td><td class=\"has-text-align-center\" data-align=\"center\">CR<\/td><td class=\"has-text-align-center\" data-align=\"center\">R$ 12.302,00<\/td><\/tr><tr><td class=\"has-text-align-center\" data-align=\"center\">Analista de Projetos Navais &#8211; Engenheiro Civil<\/td><td class=\"has-text-align-center\" data-align=\"center\">CR<\/td><td class=\"has-text-align-center\" data-align=\"center\">R$ 12.302,00<\/td><\/tr><tr><td class=\"has-text-align-center\" data-align=\"center\">Analista de Projetos Navais &#8211; Engenheiro (Seguran\u00e7a do Trabalho)<\/td><td class=\"has-text-align-center\" data-align=\"center\">1 + CR<\/td><td class=\"has-text-align-center\" data-align=\"center\">R$ 12.302,00<\/td><\/tr><tr><td class=\"has-text-align-center\" data-align=\"center\">Analista de Projetos Navais &#8211; Engenheiro Eletricista<\/td><td class=\"has-text-align-center\" data-align=\"center\">1 + CR<\/td><td class=\"has-text-align-center\" data-align=\"center\">R$ 12.302,00<\/td><\/tr><tr><td class=\"has-text-align-center\" data-align=\"center\">Analista de Projetos Navais &#8211; Engenheiro Eletr\u00f4nico<\/td><td class=\"has-text-align-center\" data-align=\"center\">CR<\/td><td class=\"has-text-align-center\" data-align=\"center\">R$ 12.302,00<\/td><\/tr><tr><td class=\"has-text-align-center\" data-align=\"center\">Analista de Projetos Navais &#8211; Engenheiro Mec\u00e2nico (Constru\u00e7\u00e3o Naval)<\/td><td class=\"has-text-align-center\" data-align=\"center\">1 + CR<\/td><td class=\"has-text-align-center\" data-align=\"center\">R$ 12.302,00<\/td><\/tr><tr><td class=\"has-text-align-center\" data-align=\"center\">Analista de Projetos Navais &#8211; Engenheiro Mecatr\u00f4nico<\/td><td class=\"has-text-align-center\" data-align=\"center\">1 + CR<\/td><td class=\"has-text-align-center\" data-align=\"center\">R$ 12.302,00<\/td><\/tr><tr><td class=\"has-text-align-center\" data-align=\"center\">Analista de Projetos Navais &#8211; Engenheiro Naval<\/td><td class=\"has-text-align-center\" data-align=\"center\">1 + CR<\/td><td class=\"has-text-align-center\" data-align=\"center\">R$ 12.302,00<\/td><\/tr><tr><td class=\"has-text-align-center\" data-align=\"center\">Analista de Projetos Navais &#8211; Engenheiro de Produ\u00e7\u00e3o<\/td><td class=\"has-text-align-center\" data-align=\"center\">1 + CR<\/td><td class=\"has-text-align-center\" data-align=\"center\">R$ 12.302,00<\/td><\/tr><tr><td class=\"has-text-align-center\" data-align=\"center\">Analista de Projetos Navais &#8211; Engenheiro Qu\u00edmico<\/td><td class=\"has-text-align-center\" data-align=\"center\">CR<\/td><td class=\"has-text-align-center\" data-align=\"center\">R$ 12.302,00<\/td><\/tr><tr><td class=\"has-text-align-center\" data-align=\"center\">Analista de Projetos Navais &#8211; Farmac\u00eautico<\/td><td class=\"has-text-align-center\" data-align=\"center\">CR<\/td><td class=\"has-text-align-center\" data-align=\"center\">R$ 3.748,00<\/td><\/tr><tr><td class=\"has-text-align-center\" data-align=\"center\">Analista de Projetos Navais &#8211; F\u00edsico M\u00e9dico<\/td><td class=\"has-text-align-center\" data-align=\"center\">CR<\/td><td class=\"has-text-align-center\" data-align=\"center\">R$ 5.480,00<\/td><\/tr><tr><td class=\"has-text-align-center\" data-align=\"center\">Analista de Projetos Navais &#8211; Fisioterapeuta<\/td><td class=\"has-text-align-center\" data-align=\"center\">CR<\/td><td class=\"has-text-align-center\" data-align=\"center\">R$ 3.468,00<\/td><\/tr><tr><td class=\"has-text-align-center\" data-align=\"center\">Analista de Projetos Navais &#8211; M\u00e9dico (diversas especialidades)<\/td><td class=\"has-text-align-center\" data-align=\"center\">CR<\/td><td class=\"has-text-align-center\" data-align=\"center\">R$ 5.480,00<\/td><\/tr><tr><td class=\"has-text-align-center\" data-align=\"center\">Analista de Projetos Navais &#8211; Nutricionista<\/td><td class=\"has-text-align-center\" data-align=\"center\">CR<\/td><td class=\"has-text-align-center\" data-align=\"center\">R$ 3.468,00<\/td><\/tr><tr><td class=\"has-text-align-center\" data-align=\"center\">Analista de Projetos Navais &#8211; Ocean\u00f3grafo<\/td><td class=\"has-text-align-center\" data-align=\"center\">CR<\/td><td class=\"has-text-align-center\" data-align=\"center\">R$ 3.468,00<\/td><\/tr><tr><td class=\"has-text-align-center\" data-align=\"center\">Analista de Projetos Navais &#8211; Qu\u00edmico (Fabril Farmac\u00eautico)<\/td><td class=\"has-text-align-center\" data-align=\"center\">CR<\/td><td class=\"has-text-align-center\" data-align=\"center\">R$ 12.302,00<\/td><\/tr><\/tbody><\/table><figcaption class=\"wp-element-caption\">Vagas de n\u00edvel superior<\/figcaption><\/figure>\n\n\n\n<h2 class=\"wp-block-heading\" id=\"etapas\">Etapas do edital Emgepron<\/h2>\n\n\n\n<p>Os candidatos ser\u00e3o avaliados mediante aplica\u00e7\u00e3o das seguintes etapas: <\/p>\n\n\n\n<ul class=\"wp-block-list\">\n<li>Provas Objetivas e Reda\u00e7\u00e3o, de car\u00e1ter eliminat\u00f3rio e classificat\u00f3rio; <\/li>\n\n\n\n<li>Avalia\u00e7\u00e3o de T\u00edtulos, de car\u00e1ter classificat\u00f3rio;<\/li>\n\n\n\n<li>Procedimentos de verifica\u00e7\u00e3o da condi\u00e7\u00e3o declarada para concorrer \u00e0s vagas reservadas a Pessoas Negras (PN), Pessoas<\/li>\n\n\n\n<li>Ind\u00edgenas (PI) e Pessoas Quilombolas (PQ), de car\u00e1ter eliminat\u00f3rio; e<\/li>\n\n\n\n<li>Procedimentos pr\u00e9-admissionais, incluindo Exame M\u00e9dico Admissional, de car\u00e1ter eliminat\u00f3rio.<\/li>\n<\/ul>\n\n\n\n<h3 class=\"wp-block-heading\" id=\"h-prova-objetiva\"><strong>Prova objetiva<\/strong><\/h3>\n\n\n\n<p>A etapa ser\u00e1 composta por 50 quest\u00f5es do tipo m\u00faltipla escolha (4 alternativas). Ser\u00e3o aprovados os candidatos que obtiverem, no m\u00ednimo, 32 a 40 acertos. Os inscritos ter\u00e3o de 3 a 4 horas para finalizar a prova.<\/p>\n\n\n\n<figure class=\"wp-block-image aligncenter size-full\"><img loading=\"lazy\" decoding=\"async\" width=\"870\" height=\"320\" src=\"https:\/\/dhg1h5j42swfq.cloudfront.net\/2026\/01\/16120447\/image-194.png\" alt=\"Disciplinas cobradas nas provas de n\u00edvel m\u00e9dio t\u00e9cnico\" class=\"wp-image-1700631\" srcset=\"https:\/\/dhg1h5j42swfq.cloudfront.net\/2026\/01\/16120447\/image-194.png 870w, https:\/\/dhg1h5j42swfq.cloudfront.net\/2026\/01\/16120447\/image-194-300x110.png 300w, https:\/\/dhg1h5j42swfq.cloudfront.net\/2026\/01\/16120447\/image-194-768x282.png 768w, https:\/\/dhg1h5j42swfq.cloudfront.net\/2026\/01\/16120447\/image-194-150x55.png 150w\" sizes=\"auto, (max-width: 870px) 100vw, 870px\" \/><figcaption class=\"wp-element-caption\">Disciplinas cobradas nas provas de n\u00edvel m\u00e9dio t\u00e9cnico do edital Emgepron<\/figcaption><\/figure>\n\n\n\n<figure class=\"wp-block-image aligncenter size-full\"><img loading=\"lazy\" decoding=\"async\" width=\"885\" height=\"601\" src=\"https:\/\/dhg1h5j42swfq.cloudfront.net\/2026\/01\/16120558\/image-195.png\" alt=\"Disciplinas cobradas nas provas para alguns cargos de n\u00edvel superior do edital Emgepron\" class=\"wp-image-1700633\" srcset=\"https:\/\/dhg1h5j42swfq.cloudfront.net\/2026\/01\/16120558\/image-195.png 885w, https:\/\/dhg1h5j42swfq.cloudfront.net\/2026\/01\/16120558\/image-195-300x204.png 300w, https:\/\/dhg1h5j42swfq.cloudfront.net\/2026\/01\/16120558\/image-195-768x522.png 768w, https:\/\/dhg1h5j42swfq.cloudfront.net\/2026\/01\/16120558\/image-195-150x102.png 150w\" sizes=\"auto, (max-width: 885px) 100vw, 885px\" \/><figcaption class=\"wp-element-caption\">Disciplinas cobradas nas provas para alguns cargos de n\u00edvel superior do edital Emgepron<\/figcaption><\/figure>\n\n\n\n<figure class=\"wp-block-image aligncenter size-full\"><img loading=\"lazy\" decoding=\"async\" width=\"883\" height=\"870\" src=\"https:\/\/dhg1h5j42swfq.cloudfront.net\/2026\/01\/16120615\/image-196.png\" alt=\"Disciplinas cobradas nas provas para os demais cargos de n\u00edvel superior do edital Emgepron\" class=\"wp-image-1700635\" srcset=\"https:\/\/dhg1h5j42swfq.cloudfront.net\/2026\/01\/16120615\/image-196.png 883w, https:\/\/dhg1h5j42swfq.cloudfront.net\/2026\/01\/16120615\/image-196-300x296.png 300w, https:\/\/dhg1h5j42swfq.cloudfront.net\/2026\/01\/16120615\/image-196-768x757.png 768w, https:\/\/dhg1h5j42swfq.cloudfront.net\/2026\/01\/16120615\/image-196-96x96.png 96w, https:\/\/dhg1h5j42swfq.cloudfront.net\/2026\/01\/16120615\/image-196-150x148.png 150w\" sizes=\"auto, (max-width: 883px) 100vw, 883px\" \/><figcaption class=\"wp-element-caption\">Disciplinas cobradas nas provas para os demais cargos de n\u00edvel superior do edital Emgepron<\/figcaption><\/figure>\n\n\n\n<h3 class=\"wp-block-heading\" id=\"h-avaliacao-de-titulos\"><strong>Avalia\u00e7\u00e3o de t\u00edtulos<\/strong><\/h3>\n\n\n\n<p>A etapa, exclusiva para fun\u00e7\u00f5es de n\u00edvel superior, ter\u00e1 a pontua\u00e7\u00e3o m\u00e1xima de 30 pontos. Os candidatos convocados para essa etapa dever\u00e3o enviar c\u00f3pias dos seus t\u00edtulos, conforme previsto no edital. <\/p>\n\n\n\n<figure class=\"wp-block-image aligncenter size-full\"><img loading=\"lazy\" decoding=\"async\" width=\"902\" height=\"567\" src=\"https:\/\/dhg1h5j42swfq.cloudfront.net\/2026\/01\/16120956\/image-197.png\" alt=\"T\u00edtulos aceitos no edital Emgepron\" class=\"wp-image-1700642\" srcset=\"https:\/\/dhg1h5j42swfq.cloudfront.net\/2026\/01\/16120956\/image-197.png 902w, https:\/\/dhg1h5j42swfq.cloudfront.net\/2026\/01\/16120956\/image-197-300x189.png 300w, https:\/\/dhg1h5j42swfq.cloudfront.net\/2026\/01\/16120956\/image-197-768x483.png 768w, https:\/\/dhg1h5j42swfq.cloudfront.net\/2026\/01\/16120956\/image-197-150x94.png 150w\" sizes=\"auto, (max-width: 902px) 100vw, 902px\" \/><figcaption class=\"wp-element-caption\">T\u00edtulos aceitos no edital Emgepron<\/figcaption><\/figure>\n\n\n\n<p class=\"has-text-align-center has-cyan-bluish-gray-background-color has-background has-medium-font-size\"><strong>Saiba mais: <a href=\"https:\/\/www.estrategiaconcursos.com.br\/blog\/concurso-emgepron\/\" target=\"_blank\" rel=\"noreferrer noopener\">concurso Emgepron<\/a><\/strong><\/p>\n\n\n\n<hr class=\"wp-block-separator has-css-opacity\"\/>\n\n\n\n<h2 class=\"wp-block-heading has-text-align-center\" id=\"h-quer-saber-tudo-sobre-concursos-previstos-confira-nossos-artigos\">Quer saber tudo sobre concursos previstos?<br \/>Confira  nossos artigos!<\/h2>\n\n\n\n<ul class=\"wp-block-list\">\n<li><a href=\"https:\/\/www.estrategiaconcursos.com.br\/blog\/concursos-abertos\/\" target=\"_blank\" rel=\"noreferrer noopener\">Concursos abertos<\/a><\/li>\n\n\n\n<li><a href=\"https:\/\/www.estrategiaconcursos.com.br\/blog\/concursos-2026\/\" target=\"_blank\" rel=\"noreferrer noopener\">Concursos 2026<\/a><\/li>\n<\/ul>\n\n\n\n<h2 class=\"wp-block-heading has-text-align-center\" id=\"cursos\">Quer estudar para o do edital Emgepron?<\/h2>\n\n\n\n<div class=\"container\" id=\"boxes\">\r\n  <div class=\"row\">\r\n\r\n    <div class=\"col-sm\">\r\n      <div class=\"banner-estrategia\" id=\"box-assinatura\">\r\n        <h3 class=\"titulo-assinatura\">Concurso Emgepron<\/h3>\r\n        <p class=\"subtitulo-assinatura\">Estude conosco<\/p>\r\n        <div class=\"box-botao\">\r\n          <a class=\"btn-assinatura\" target=\"_blank\" href=\"https:\/\/www.estrategiaconcursos.com.br\/pesquisa\/?q=emgepron\/\" role=\"button\" rel=\"noopener noreferrer\">Conhe\u00e7a os cursos<\/a>\r\n        <\/div>\r\n      <\/div>\r\n     \r\n    <\/div>\r\n\r\n  <\/div>\r\n<\/div>\n\n\n\n<div class=\"container\" id=\"boxes\">\n  <div class=\"row\">\n\n    <div class=\"col-sm\">\n      <div class=\"estrategia\" id=\"box-assinatura\">\n        <h3 class=\"titulo-assinatura\">Assinatura Concursos<\/h3>\n        <p class=\"subtitulo-assinatura\">Assinatura de 1 ano ou 2 anos<\/p>\n        <div class=\"box-botao\">\n          <a class=\"btn-assinatura\" target=\"_blank\" href=\"https:\/\/www.estrategiaconcursos.com.br\/assinaturas\/\" role=\"button\" rel=\"noopener noreferrer\">ASSINE AGORA<\/a>\n        <\/div>\n      <\/div><\/div><\/div><\/div>\n\n\n\n<figure class=\"wp-block-image size-large is-resized\"><img loading=\"lazy\" decoding=\"async\" width=\"1024\" height=\"632\" src=\"https:\/\/dhg1h5j42swfq.cloudfront.net\/2025\/06\/27101122\/ficha-tecnica-1-1024x632.png\" alt=\"Ficha t\u00e9cnica\" class=\"wp-image-702728\" style=\"aspect-ratio:1.620253164556962;width:282px;height:auto\" srcset=\"https:\/\/dhg1h5j42swfq.cloudfront.net\/2025\/06\/27101122\/ficha-tecnica-1-1024x632.png 1024w, https:\/\/dhg1h5j42swfq.cloudfront.net\/2025\/06\/27101122\/ficha-tecnica-1-300x185.png 300w, https:\/\/dhg1h5j42swfq.cloudfront.net\/2025\/06\/27101122\/ficha-tecnica-1-768x474.png 768w, https:\/\/dhg1h5j42swfq.cloudfront.net\/2025\/06\/27101122\/ficha-tecnica-1-1536x948.png 1536w, https:\/\/dhg1h5j42swfq.cloudfront.net\/2025\/06\/27101122\/ficha-tecnica-1-610x377.png 610w, https:\/\/dhg1h5j42swfq.cloudfront.net\/2025\/06\/27101122\/ficha-tecnica-1.png 1571w\" sizes=\"auto, (max-width: 1024px) 100vw, 1024px\" \/><\/figure>\n\n\n\n<h3 class=\"wp-block-heading\" id=\"ficha\">Informa\u00e7\u00f5es do concurso Emgepron<\/h3>\n\n\n\n<ul class=\"wp-block-list\">\n<li><strong>Provas<\/strong>: 29\/03\/2026<\/li>\n\n\n\n<li><strong>Vagas<\/strong>: 14 + CR<\/li>\n\n\n\n<li><strong>Cargo<\/strong>: diversos<\/li>\n\n\n\n<li><strong>Banca<\/strong>: Selecon<\/li>\n\n\n\n<li><strong>Escolaridade<\/strong>: m\u00e9dio t\u00e9cnico e superior<\/li>\n\n\n\n<li><strong>Edital:<\/strong> <a href=\"https:\/\/dhg1h5j42swfq.cloudfront.net\/2026\/01\/16112025\/edital-emgepron-2026.pdf\" target=\"_blank\" rel=\"noreferrer noopener nofollow\">Emgepron 2026<\/a><\/li>\n<\/ul>\n\n\n\n<p><\/p>\n","protected":false},"excerpt":{"rendered":"<p>Provas do edital Emgepron ser\u00e3o aplicadas em 29 de mar\u00e7o! Foi publicado o aguardado edital Emgepron (Empresa Gerencial de Projetos Navais), com oferta de 14 vagas imediatas e forma\u00e7\u00e3o de cadastro de reserva. As oportunidades s\u00e3o para cargos de n\u00edveis m\u00e9dio t\u00e9cnico e superior de forma\u00e7\u00e3o, com sal\u00e1rios iniciais que variam de R$ 2.244,00 a [&hellip;]<\/p>\n","protected":false},"author":1483,"featured_media":841379,"comment_status":"open","ping_status":"closed","sticky":false,"template":"","format":"standard","meta":{"post_tipo":"news","footnotes":""},"categories":[6741,220219],"tags":[],"tax_estado":[219963,219982],"class_list":["post-1700573","post","type-post","status-publish","format-standard","has-post-thumbnail","hentry","category-forcas-armadas-oficiais","category-noticias","tax_estado-concursos-federais","tax_estado-rj"],"acf":[],"yoast_head":"<!-- This site is optimized with the Yoast SEO Premium plugin v27.2 (Yoast SEO v27.2) - https:\/\/yoast.com\/product\/yoast-seo-premium-wordpress\/ -->\n<title>Edital Emgepron publicado! 14 vagas + CR e at\u00e9 R$ 12,3 mil!<\/title>\n<meta name=\"description\" content=\"Foi publicado o edital do concurso Emgepron, com 14 vagas imediatas + CR e sal\u00e1rio inicial de at\u00e9 R$ 12,3 mil. Confira!\" \/>\n<meta name=\"robots\" content=\"index, follow, max-snippet:-1, max-image-preview:large, max-video-preview:-1\" \/>\n<link rel=\"canonical\" href=\"https:\/\/www.estrategiaconcursos.com.br\/blog\/concurso-emgepron-edital-publicado-2026\/\" \/>\n<meta property=\"og:locale\" content=\"pt_BR\" \/>\n<meta property=\"og:type\" content=\"article\" \/>\n<meta property=\"og:title\" content=\"Edital Emgepron publicado! 14 vagas + CR e at\u00e9 R$ 12,3 mil!\" \/>\n<meta property=\"og:description\" content=\"Foi publicado o edital do concurso Emgepron, com 14 vagas imediatas + CR e sal\u00e1rio inicial de at\u00e9 R$ 12,3 mil. Confira!\" \/>\n<meta property=\"og:url\" content=\"https:\/\/www.estrategiaconcursos.com.br\/blog\/concurso-emgepron-edital-publicado-2026\/\" \/>\n<meta property=\"og:site_name\" content=\"Estrat\u00e9gia Concursos\" \/>\n<meta property=\"article:published_time\" content=\"2026-02-02T10:00:00+00:00\" \/>\n<meta property=\"article:modified_time\" content=\"2026-02-24T11:34:53+00:00\" \/>\n<meta property=\"og:image\" content=\"https:\/\/dhg1h5j42swfq.cloudfront.net\/2021\/08\/20142700\/emgepron.jpeg\" \/>\n\t<meta property=\"og:image:width\" content=\"768\" \/>\n\t<meta property=\"og:image:height\" content=\"432\" \/>\n\t<meta property=\"og:image:type\" content=\"image\/jpeg\" \/>\n<meta name=\"author\" content=\"Diogo Mendes\" \/>\n<meta name=\"twitter:card\" content=\"summary_large_image\" \/>\n<meta name=\"twitter:creator\" content=\"@EstratConcursos\" \/>\n<meta name=\"twitter:site\" content=\"@EstratConcursos\" \/>\n<meta name=\"twitter:label1\" content=\"Escrito por\" \/>\n\t<meta name=\"twitter:data1\" content=\"Diogo Mendes\" \/>\n\t<meta name=\"twitter:label2\" content=\"Est. tempo de leitura\" \/>\n\t<meta name=\"twitter:data2\" content=\"5 minutos\" \/>\n<script type=\"application\/ld+json\" class=\"yoast-schema-graph\">{\"@context\":\"https:\/\/schema.org\",\"@graph\":[{\"@type\":\"NewsArticle\",\"@id\":\"https:\/\/www.estrategiaconcursos.com.br\/blog\/concurso-emgepron-edital-publicado-2026\/#article\",\"isPartOf\":{\"@id\":\"https:\/\/www.estrategiaconcursos.com.br\/blog\/concurso-emgepron-edital-publicado-2026\/\"},\"author\":{\"name\":\"Diogo Mendes\",\"@id\":\"https:\/\/www.estrategiaconcursos.com.br\/blog\/#\/schema\/person\/cc9e76173880338ce9f656c88664a1f6\"},\"headline\":\"Edital Emgepron publicado! 14 vagas + CR e at\u00e9 R$ 12,3 mil!\",\"datePublished\":\"2026-02-02T10:00:00+00:00\",\"dateModified\":\"2026-02-24T11:34:53+00:00\",\"mainEntityOfPage\":{\"@id\":\"https:\/\/www.estrategiaconcursos.com.br\/blog\/concurso-emgepron-edital-publicado-2026\/\"},\"wordCount\":1141,\"commentCount\":0,\"publisher\":{\"@id\":\"https:\/\/www.estrategiaconcursos.com.br\/blog\/#organization\"},\"image\":{\"@id\":\"https:\/\/www.estrategiaconcursos.com.br\/blog\/concurso-emgepron-edital-publicado-2026\/#primaryimage\"},\"thumbnailUrl\":\"https:\/\/dhg1h5j42swfq.cloudfront.net\/2021\/08\/20142700\/emgepron.jpeg\",\"articleSection\":[\"For\u00e7as Armadas (Oficiais)\",\"\u00daltimas not\u00edcias\"],\"inLanguage\":\"pt-BR\",\"potentialAction\":[{\"@type\":\"CommentAction\",\"name\":\"Comment\",\"target\":[\"https:\/\/www.estrategiaconcursos.com.br\/blog\/concurso-emgepron-edital-publicado-2026\/#respond\"]}],\"copyrightYear\":\"2026\",\"copyrightHolder\":{\"@id\":\"https:\/\/www.estrategiaconcursos.com.br\/blog\/#organization\"}},{\"@type\":\"WebPage\",\"@id\":\"https:\/\/www.estrategiaconcursos.com.br\/blog\/concurso-emgepron-edital-publicado-2026\/\",\"url\":\"https:\/\/www.estrategiaconcursos.com.br\/blog\/concurso-emgepron-edital-publicado-2026\/\",\"name\":\"Edital Emgepron publicado! 14 vagas + CR e at\u00e9 R$ 12,3 mil!\",\"isPartOf\":{\"@id\":\"https:\/\/www.estrategiaconcursos.com.br\/blog\/#website\"},\"primaryImageOfPage\":{\"@id\":\"https:\/\/www.estrategiaconcursos.com.br\/blog\/concurso-emgepron-edital-publicado-2026\/#primaryimage\"},\"image\":{\"@id\":\"https:\/\/www.estrategiaconcursos.com.br\/blog\/concurso-emgepron-edital-publicado-2026\/#primaryimage\"},\"thumbnailUrl\":\"https:\/\/dhg1h5j42swfq.cloudfront.net\/2021\/08\/20142700\/emgepron.jpeg\",\"datePublished\":\"2026-02-02T10:00:00+00:00\",\"dateModified\":\"2026-02-24T11:34:53+00:00\",\"description\":\"Foi publicado o edital do concurso Emgepron, com 14 vagas imediatas + CR e sal\u00e1rio inicial de at\u00e9 R$ 12,3 mil. Confira!\",\"breadcrumb\":{\"@id\":\"https:\/\/www.estrategiaconcursos.com.br\/blog\/concurso-emgepron-edital-publicado-2026\/#breadcrumb\"},\"inLanguage\":\"pt-BR\",\"potentialAction\":[{\"@type\":\"ReadAction\",\"target\":[\"https:\/\/www.estrategiaconcursos.com.br\/blog\/concurso-emgepron-edital-publicado-2026\/\"]}]},{\"@type\":\"ImageObject\",\"inLanguage\":\"pt-BR\",\"@id\":\"https:\/\/www.estrategiaconcursos.com.br\/blog\/concurso-emgepron-edital-publicado-2026\/#primaryimage\",\"url\":\"https:\/\/dhg1h5j42swfq.cloudfront.net\/2021\/08\/20142700\/emgepron.jpeg\",\"contentUrl\":\"https:\/\/dhg1h5j42swfq.cloudfront.net\/2021\/08\/20142700\/emgepron.jpeg\",\"width\":768,\"height\":432,\"caption\":\"concurso emgepron\"},{\"@type\":\"BreadcrumbList\",\"@id\":\"https:\/\/www.estrategiaconcursos.com.br\/blog\/concurso-emgepron-edital-publicado-2026\/#breadcrumb\",\"itemListElement\":[{\"@type\":\"ListItem\",\"position\":1,\"name\":\"In\u00edcio\",\"item\":\"https:\/\/www.estrategiaconcursos.com.br\/blog\/\"},{\"@type\":\"ListItem\",\"position\":2,\"name\":\"Edital Emgepron publicado! 14 vagas + CR e at\u00e9 R$ 12,3 mil!\"}]},{\"@type\":\"WebSite\",\"@id\":\"https:\/\/www.estrategiaconcursos.com.br\/blog\/#website\",\"url\":\"https:\/\/www.estrategiaconcursos.com.br\/blog\/\",\"name\":\"Estrat\u00e9gia Concursos\",\"description\":\"O blog da Estrat\u00e9gia Concursos traz not\u00edcias sobre concursos e artigos de professores oferecendo cursos para concursos (pdf + videaulas) no site.\",\"publisher\":{\"@id\":\"https:\/\/www.estrategiaconcursos.com.br\/blog\/#organization\"},\"potentialAction\":[{\"@type\":\"SearchAction\",\"target\":{\"@type\":\"EntryPoint\",\"urlTemplate\":\"https:\/\/www.estrategiaconcursos.com.br\/blog\/?s={search_term_string}\"},\"query-input\":{\"@type\":\"PropertyValueSpecification\",\"valueRequired\":true,\"valueName\":\"search_term_string\"}}],\"inLanguage\":\"pt-BR\"},{\"@type\":\"Organization\",\"@id\":\"https:\/\/www.estrategiaconcursos.com.br\/blog\/#organization\",\"name\":\"Estrat\u00e9gia Concursos\",\"url\":\"https:\/\/www.estrategiaconcursos.com.br\/blog\/\",\"logo\":{\"@type\":\"ImageObject\",\"inLanguage\":\"pt-BR\",\"@id\":\"https:\/\/www.estrategiaconcursos.com.br\/blog\/#\/schema\/logo\/image\/\",\"url\":\"https:\/\/dhg1h5j42swfq.cloudfront.net\/2025\/06\/03203428\/logo_concursos-1.jpg\",\"contentUrl\":\"https:\/\/dhg1h5j42swfq.cloudfront.net\/2025\/06\/03203428\/logo_concursos-1.jpg\",\"width\":230,\"height\":60,\"caption\":\"Estrat\u00e9gia Concursos\"},\"image\":{\"@id\":\"https:\/\/www.estrategiaconcursos.com.br\/blog\/#\/schema\/logo\/image\/\"},\"sameAs\":[\"https:\/\/x.com\/EstratConcursos\"]},{\"@type\":\"Person\",\"@id\":\"https:\/\/www.estrategiaconcursos.com.br\/blog\/#\/schema\/person\/cc9e76173880338ce9f656c88664a1f6\",\"name\":\"Diogo Mendes\",\"image\":{\"@type\":\"ImageObject\",\"inLanguage\":\"pt-BR\",\"@id\":\"https:\/\/secure.gravatar.com\/avatar\/9754d6777d460a45ef4067b586b94c32005cc2345a0404b8d96adc620cf63806?s=96&d=mm&r=g\",\"url\":\"https:\/\/secure.gravatar.com\/avatar\/9754d6777d460a45ef4067b586b94c32005cc2345a0404b8d96adc620cf63806?s=96&d=mm&r=g\",\"contentUrl\":\"https:\/\/secure.gravatar.com\/avatar\/9754d6777d460a45ef4067b586b94c32005cc2345a0404b8d96adc620cf63806?s=96&d=mm&r=g\",\"caption\":\"Diogo Mendes\"},\"description\":\"Diogo Mendes \u00e9 jornalista formado pela Universidade Paulista, com experi\u00eancia em reda\u00e7\u00f5es de diversos ve\u00edculos e na produ\u00e7\u00e3o de conte\u00fados especializados em concursos p\u00fablicos. Desde 2019, atua no Estrat\u00e9gia Concursos como Jornalista e Analista de Conte\u00fado, com foco na apura\u00e7\u00e3o de informa\u00e7\u00f5es junto a \u00f3rg\u00e3os e fontes oficiais. Dedica-se especialmente \u00e0 produ\u00e7\u00e3o de not\u00edcias e reportagens sobre Concursos Legislativos, al\u00e9m de acompanhar diariamente os concursos policiais, banc\u00e1rios e da \u00e1rea da sa\u00fade.\",\"url\":\"https:\/\/www.estrategiaconcursos.com.br\/blog\/author\/diogo-mendesestrategiaconcursos-com-br\/\"}]}<\/script>\n<!-- \/ Yoast SEO Premium plugin. -->","yoast_head_json":{"title":"Edital Emgepron publicado! 14 vagas + CR e at\u00e9 R$ 12,3 mil!","description":"Foi publicado o edital do concurso Emgepron, com 14 vagas imediatas + CR e sal\u00e1rio inicial de at\u00e9 R$ 12,3 mil. Confira!","robots":{"index":"index","follow":"follow","max-snippet":"max-snippet:-1","max-image-preview":"max-image-preview:large","max-video-preview":"max-video-preview:-1"},"canonical":"https:\/\/www.estrategiaconcursos.com.br\/blog\/concurso-emgepron-edital-publicado-2026\/","og_locale":"pt_BR","og_type":"article","og_title":"Edital Emgepron publicado! 14 vagas + CR e at\u00e9 R$ 12,3 mil!","og_description":"Foi publicado o edital do concurso Emgepron, com 14 vagas imediatas + CR e sal\u00e1rio inicial de at\u00e9 R$ 12,3 mil. Confira!","og_url":"https:\/\/www.estrategiaconcursos.com.br\/blog\/concurso-emgepron-edital-publicado-2026\/","og_site_name":"Estrat\u00e9gia Concursos","article_published_time":"2026-02-02T10:00:00+00:00","article_modified_time":"2026-02-24T11:34:53+00:00","og_image":[{"width":768,"height":432,"url":"https:\/\/dhg1h5j42swfq.cloudfront.net\/2021\/08\/20142700\/emgepron.jpeg","type":"image\/jpeg"}],"author":"Diogo Mendes","twitter_card":"summary_large_image","twitter_creator":"@EstratConcursos","twitter_site":"@EstratConcursos","twitter_misc":{"Escrito por":"Diogo Mendes","Est. tempo de leitura":"5 minutos"},"schema":{"@context":"https:\/\/schema.org","@graph":[{"@type":"NewsArticle","@id":"https:\/\/www.estrategiaconcursos.com.br\/blog\/concurso-emgepron-edital-publicado-2026\/#article","isPartOf":{"@id":"https:\/\/www.estrategiaconcursos.com.br\/blog\/concurso-emgepron-edital-publicado-2026\/"},"author":{"name":"Diogo Mendes","@id":"https:\/\/www.estrategiaconcursos.com.br\/blog\/#\/schema\/person\/cc9e76173880338ce9f656c88664a1f6"},"headline":"Edital Emgepron publicado! 14 vagas + CR e at\u00e9 R$ 12,3 mil!","datePublished":"2026-02-02T10:00:00+00:00","dateModified":"2026-02-24T11:34:53+00:00","mainEntityOfPage":{"@id":"https:\/\/www.estrategiaconcursos.com.br\/blog\/concurso-emgepron-edital-publicado-2026\/"},"wordCount":1141,"commentCount":0,"publisher":{"@id":"https:\/\/www.estrategiaconcursos.com.br\/blog\/#organization"},"image":{"@id":"https:\/\/www.estrategiaconcursos.com.br\/blog\/concurso-emgepron-edital-publicado-2026\/#primaryimage"},"thumbnailUrl":"https:\/\/dhg1h5j42swfq.cloudfront.net\/2021\/08\/20142700\/emgepron.jpeg","articleSection":["For\u00e7as Armadas (Oficiais)","\u00daltimas not\u00edcias"],"inLanguage":"pt-BR","potentialAction":[{"@type":"CommentAction","name":"Comment","target":["https:\/\/www.estrategiaconcursos.com.br\/blog\/concurso-emgepron-edital-publicado-2026\/#respond"]}],"copyrightYear":"2026","copyrightHolder":{"@id":"https:\/\/www.estrategiaconcursos.com.br\/blog\/#organization"}},{"@type":"WebPage","@id":"https:\/\/www.estrategiaconcursos.com.br\/blog\/concurso-emgepron-edital-publicado-2026\/","url":"https:\/\/www.estrategiaconcursos.com.br\/blog\/concurso-emgepron-edital-publicado-2026\/","name":"Edital Emgepron publicado! 14 vagas + CR e at\u00e9 R$ 12,3 mil!","isPartOf":{"@id":"https:\/\/www.estrategiaconcursos.com.br\/blog\/#website"},"primaryImageOfPage":{"@id":"https:\/\/www.estrategiaconcursos.com.br\/blog\/concurso-emgepron-edital-publicado-2026\/#primaryimage"},"image":{"@id":"https:\/\/www.estrategiaconcursos.com.br\/blog\/concurso-emgepron-edital-publicado-2026\/#primaryimage"},"thumbnailUrl":"https:\/\/dhg1h5j42swfq.cloudfront.net\/2021\/08\/20142700\/emgepron.jpeg","datePublished":"2026-02-02T10:00:00+00:00","dateModified":"2026-02-24T11:34:53+00:00","description":"Foi publicado o edital do concurso Emgepron, com 14 vagas imediatas + CR e sal\u00e1rio inicial de at\u00e9 R$ 12,3 mil. Confira!","breadcrumb":{"@id":"https:\/\/www.estrategiaconcursos.com.br\/blog\/concurso-emgepron-edital-publicado-2026\/#breadcrumb"},"inLanguage":"pt-BR","potentialAction":[{"@type":"ReadAction","target":["https:\/\/www.estrategiaconcursos.com.br\/blog\/concurso-emgepron-edital-publicado-2026\/"]}]},{"@type":"ImageObject","inLanguage":"pt-BR","@id":"https:\/\/www.estrategiaconcursos.com.br\/blog\/concurso-emgepron-edital-publicado-2026\/#primaryimage","url":"https:\/\/dhg1h5j42swfq.cloudfront.net\/2021\/08\/20142700\/emgepron.jpeg","contentUrl":"https:\/\/dhg1h5j42swfq.cloudfront.net\/2021\/08\/20142700\/emgepron.jpeg","width":768,"height":432,"caption":"concurso emgepron"},{"@type":"BreadcrumbList","@id":"https:\/\/www.estrategiaconcursos.com.br\/blog\/concurso-emgepron-edital-publicado-2026\/#breadcrumb","itemListElement":[{"@type":"ListItem","position":1,"name":"In\u00edcio","item":"https:\/\/www.estrategiaconcursos.com.br\/blog\/"},{"@type":"ListItem","position":2,"name":"Edital Emgepron publicado! 14 vagas + CR e at\u00e9 R$ 12,3 mil!"}]},{"@type":"WebSite","@id":"https:\/\/www.estrategiaconcursos.com.br\/blog\/#website","url":"https:\/\/www.estrategiaconcursos.com.br\/blog\/","name":"Estrat\u00e9gia Concursos","description":"O blog da Estrat\u00e9gia Concursos traz not\u00edcias sobre concursos e artigos de professores oferecendo cursos para concursos (pdf + videaulas) no site.","publisher":{"@id":"https:\/\/www.estrategiaconcursos.com.br\/blog\/#organization"},"potentialAction":[{"@type":"SearchAction","target":{"@type":"EntryPoint","urlTemplate":"https:\/\/www.estrategiaconcursos.com.br\/blog\/?s={search_term_string}"},"query-input":{"@type":"PropertyValueSpecification","valueRequired":true,"valueName":"search_term_string"}}],"inLanguage":"pt-BR"},{"@type":"Organization","@id":"https:\/\/www.estrategiaconcursos.com.br\/blog\/#organization","name":"Estrat\u00e9gia Concursos","url":"https:\/\/www.estrategiaconcursos.com.br\/blog\/","logo":{"@type":"ImageObject","inLanguage":"pt-BR","@id":"https:\/\/www.estrategiaconcursos.com.br\/blog\/#\/schema\/logo\/image\/","url":"https:\/\/dhg1h5j42swfq.cloudfront.net\/2025\/06\/03203428\/logo_concursos-1.jpg","contentUrl":"https:\/\/dhg1h5j42swfq.cloudfront.net\/2025\/06\/03203428\/logo_concursos-1.jpg","width":230,"height":60,"caption":"Estrat\u00e9gia Concursos"},"image":{"@id":"https:\/\/www.estrategiaconcursos.com.br\/blog\/#\/schema\/logo\/image\/"},"sameAs":["https:\/\/x.com\/EstratConcursos"]},{"@type":"Person","@id":"https:\/\/www.estrategiaconcursos.com.br\/blog\/#\/schema\/person\/cc9e76173880338ce9f656c88664a1f6","name":"Diogo Mendes","image":{"@type":"ImageObject","inLanguage":"pt-BR","@id":"https:\/\/secure.gravatar.com\/avatar\/9754d6777d460a45ef4067b586b94c32005cc2345a0404b8d96adc620cf63806?s=96&d=mm&r=g","url":"https:\/\/secure.gravatar.com\/avatar\/9754d6777d460a45ef4067b586b94c32005cc2345a0404b8d96adc620cf63806?s=96&d=mm&r=g","contentUrl":"https:\/\/secure.gravatar.com\/avatar\/9754d6777d460a45ef4067b586b94c32005cc2345a0404b8d96adc620cf63806?s=96&d=mm&r=g","caption":"Diogo Mendes"},"description":"Diogo Mendes \u00e9 jornalista formado pela Universidade Paulista, com experi\u00eancia em reda\u00e7\u00f5es de diversos ve\u00edculos e na produ\u00e7\u00e3o de conte\u00fados especializados em concursos p\u00fablicos. Desde 2019, atua no Estrat\u00e9gia Concursos como Jornalista e Analista de Conte\u00fado, com foco na apura\u00e7\u00e3o de informa\u00e7\u00f5es junto a \u00f3rg\u00e3os e fontes oficiais. Dedica-se especialmente \u00e0 produ\u00e7\u00e3o de not\u00edcias e reportagens sobre Concursos Legislativos, al\u00e9m de acompanhar diariamente os concursos policiais, banc\u00e1rios e da \u00e1rea da sa\u00fade.","url":"https:\/\/www.estrategiaconcursos.com.br\/blog\/author\/diogo-mendesestrategiaconcursos-com-br\/"}]}},"_links":{"self":[{"href":"https:\/\/www.estrategiaconcursos.com.br\/blog\/wp-json\/wp\/v2\/posts\/1700573","targetHints":{"allow":["GET"]}}],"collection":[{"href":"https:\/\/www.estrategiaconcursos.com.br\/blog\/wp-json\/wp\/v2\/posts"}],"about":[{"href":"https:\/\/www.estrategiaconcursos.com.br\/blog\/wp-json\/wp\/v2\/types\/post"}],"author":[{"embeddable":true,"href":"https:\/\/www.estrategiaconcursos.com.br\/blog\/wp-json\/wp\/v2\/users\/1483"}],"replies":[{"embeddable":true,"href":"https:\/\/www.estrategiaconcursos.com.br\/blog\/wp-json\/wp\/v2\/comments?post=1700573"}],"version-history":[{"count":19,"href":"https:\/\/www.estrategiaconcursos.com.br\/blog\/wp-json\/wp\/v2\/posts\/1700573\/revisions"}],"predecessor-version":[{"id":1720030,"href":"https:\/\/www.estrategiaconcursos.com.br\/blog\/wp-json\/wp\/v2\/posts\/1700573\/revisions\/1720030"}],"wp:featuredmedia":[{"embeddable":true,"href":"https:\/\/www.estrategiaconcursos.com.br\/blog\/wp-json\/wp\/v2\/media\/841379"}],"wp:attachment":[{"href":"https:\/\/www.estrategiaconcursos.com.br\/blog\/wp-json\/wp\/v2\/media?parent=1700573"}],"wp:term":[{"taxonomy":"category","embeddable":true,"href":"https:\/\/www.estrategiaconcursos.com.br\/blog\/wp-json\/wp\/v2\/categories?post=1700573"},{"taxonomy":"post_tag","embeddable":true,"href":"https:\/\/www.estrategiaconcursos.com.br\/blog\/wp-json\/wp\/v2\/tags?post=1700573"},{"taxonomy":"tax_estado","embeddable":true,"href":"https:\/\/www.estrategiaconcursos.com.br\/blog\/wp-json\/wp\/v2\/tax_estado?post=1700573"}],"curies":[{"name":"wp","href":"https:\/\/api.w.org\/{rel}","templated":true}]}}