{"id":1698902,"date":"2026-01-29T11:32:00","date_gmt":"2026-01-29T14:32:00","guid":{"rendered":"https:\/\/www.estrategiaconcursos.com.br\/blog\/?p=1698902"},"modified":"2026-01-28T11:01:11","modified_gmt":"2026-01-28T14:01:11","slug":"locucao-adjetiva","status":"publish","type":"post","link":"https:\/\/www.estrategiaconcursos.com.br\/blog\/locucao-adjetiva\/","title":{"rendered":"Locu\u00e7\u00e3o Adjetiva"},"content":{"rendered":"\n<p>Fala, estrategistas! Vamos aprender sobre Locu\u00e7\u00e3o Adjetiva para concursos?<\/p>\n\n\n\n<p>Um adjetivo \u00e9 uma palavra que caracteriza um substantivo, conferindo-lhe uma qualidade, caracter\u00edstica, aspecto ou estado.<\/p>\n\n\n\n<p>Em \u201ccasa velha\u201d, o adjetivo velha caracteriza o substantivo casa.<br \/>Em \u201cpr\u00e9dio antigo\u201d, o adjetivo antigo caracteriza o substantivo pr\u00e9dio.<\/p>\n\n\n\n<figure class=\"wp-block-image size-large\"><img loading=\"lazy\" decoding=\"async\" width=\"1024\" height=\"682\" src=\"https:\/\/dhg1h5j42swfq.cloudfront.net\/2026\/01\/13204653\/image-13-1024x682.jpeg\" alt=\"Locu\u00e7\u00e3o Adjetiva\" class=\"wp-image-1698903\" srcset=\"https:\/\/dhg1h5j42swfq.cloudfront.net\/2026\/01\/13204653\/image-13-1024x682.jpeg 1024w, https:\/\/dhg1h5j42swfq.cloudfront.net\/2026\/01\/13204653\/image-13-300x200.jpeg 300w, https:\/\/dhg1h5j42swfq.cloudfront.net\/2026\/01\/13204653\/image-13-768x512.jpeg 768w, https:\/\/dhg1h5j42swfq.cloudfront.net\/2026\/01\/13204653\/image-13-1536x1023.jpeg 1536w, https:\/\/dhg1h5j42swfq.cloudfront.net\/2026\/01\/13204653\/image-13-150x100.jpeg 150w, https:\/\/dhg1h5j42swfq.cloudfront.net\/2026\/01\/13204653\/image-13.jpeg 1600w\" sizes=\"auto, (max-width: 1024px) 100vw, 1024px\" \/><\/figure>\n\n\n\n<h2 class=\"wp-block-heading\" id=\"h-entendendo-o-conceito\">Entendendo o Conceito <\/h2>\n\n\n\n<h3 class=\"wp-block-heading\" id=\"h-o-adjetivo-e-um-tipo-de-palavra-que-descreve-atributos-dos-substantivos-ou-seja-ele-revela-suas-propriedades-e-condicoes\">O adjetivo \u00e9 um tipo de palavra que descreve atributos dos substantivos, ou seja, ele revela suas propriedades e condi\u00e7\u00f5es. <\/h3>\n\n\n\n<p id=\"h-o-adjetivo-e-um-tipo-de-palavra-que-descreve-atributos-dos-substantivos-ou-seja-ele-revela-suas-propriedades-e-condicoes-os-adjetivos-tem-a-capacidade-de-mudar-em-genero-masculino-ou-feminino-numero-singular-ou-plural-e-grau-aumentativo-ou-diminutivo-para-se-alinhar-com-o-substantivo-que-mencionam-ademais-eles-tambem-podem-ser-categorizados-conforme-suas-funcoes-e-formas-de-formacao\">Os adjetivos t\u00eam a capacidade de mudar em g\u00eanero (masculino ou feminino), n\u00famero (singular ou plural) e grau (aumentativo ou diminutivo) para se alinhar com o substantivo que mencionam. <\/p>\n\n\n\n<p id=\"h-o-adjetivo-e-um-tipo-de-palavra-que-descreve-atributos-dos-substantivos-ou-seja-ele-revela-suas-propriedades-e-condicoes-os-adjetivos-tem-a-capacidade-de-mudar-em-genero-masculino-ou-feminino-numero-singular-ou-plural-e-grau-aumentativo-ou-diminutivo-para-se-alinhar-com-o-substantivo-que-mencionam-ademais-eles-tambem-podem-ser-categorizados-conforme-suas-funcoes-e-formas-de-formacao\">Ademais, os adjetivos tamb\u00e9m podem ser categorizados conforme suas fun\u00e7\u00f5es e formas de forma\u00e7\u00e3o.<\/p>\n\n\n\n<h3 class=\"wp-block-heading\" id=\"h-vamos-ver-alguns-exemplos-de-adjetivos\">Vamos ver alguns exemplos de adjetivos:<\/h3>\n\n\n\n<ul class=\"wp-block-list\">\n<li>feliz;<\/li>\n\n\n\n<li>bom;<\/li>\n\n\n\n<li>grande;<\/li>\n\n\n\n<li>simp\u00e1tico;<\/li>\n\n\n\n<li>corajoso;<\/li>\n\n\n\n<li>certo;<\/li>\n\n\n\n<li>\u00faltimo;<\/li>\n\n\n\n<li>vermelho;<\/li>\n\n\n\n<li>pequeno;<\/li>\n\n\n\n<li>\u00e1spero;<\/li>\n\n\n\n<li>feio.<\/li>\n<\/ul>\n\n\n\n<p>Os adjetivos variam em g\u00eanero (masculino e feminino) e em n\u00famero (singular e plural), conforme o substantivo que caracterizam:<\/p>\n\n\n\n<ul class=\"wp-block-list\">\n<li>casa <strong>velha<\/strong>;<\/li>\n\n\n\n<li>casas <strong>velhas<\/strong>;<\/li>\n\n\n\n<li>pr\u00e9dio <strong>antigo<\/strong>;<\/li>\n\n\n\n<li>pr\u00e9dios <strong>antigos<\/strong>.<\/li>\n<\/ul>\n\n\n\n<p id=\"h-ha-varias-categorias-de-adjetivos-simples-compostos-primitivos-derivados-uniformes-e-biformes\">H\u00e1 v\u00e1rias categorias de adjetivos: simples, compostos, primitivos, derivados, uniformes e biformes.<\/p>\n\n\n\n<p id=\"h-uma-locucao-adjetiva-e-a-combinacao-de-duas-ou-mais-palavras-que-funcionam-como-um-unico-adjetivo-como-por-exemplo\">Uma locu\u00e7\u00e3o adjetiva \u00e9 a combina\u00e7\u00e3o de duas ou mais palavras que funcionam como um \u00fanico adjetivo, como por exemplo:<\/p>\n\n\n\n<p id=\"h-amor-de-mae-que-se-refere-ao-amor-maternal\">amor de m\u00e3e (que se refere ao amor maternal)<\/p>\n\n\n\n<p id=\"h-pagamento-do-mes-que-indica-um-pagamento-mensal\">pagamento do m\u00eas (que indica um pagamento mensal)<\/p>\n\n\n\n<p id=\"h-paixao-sem-freio-que-significa-uma-paixao-desenfreada\">paix\u00e3o sem freio (que significa uma paix\u00e3o desenfreada)<\/p>\n\n\n\n<p id=\"h-as-locucoes-adjetivas-geralmente-se-formam-com-uma-preposicao-acrescida-de-um-substantivo-ou-com-uma-preposicao-seguida-de-um-adverbio-uma-locucao-adjetiva-nunca-e-formada-por-um-verbo-nesse-caso-ela-e-considerada-uma-oracao\">As locu\u00e7\u00f5es adjetivas geralmente se formam com uma preposi\u00e7\u00e3o acrescida de um substantivo ou com uma preposi\u00e7\u00e3o seguida de um adv\u00e9rbio. Uma locu\u00e7\u00e3o adjetiva nunca \u00e9 formada por um verbo; nesse caso, ela \u00e9 considerada uma ora\u00e7\u00e3o.<\/p>\n\n\n\n<h2 class=\"wp-block-heading\" id=\"h-exemplos-de-frases\">Exemplos de frases:<\/h2>\n\n\n\n<ul class=\"wp-block-list\">\n<li>O amor de m\u00e3e \u00e9 o mais forte de todos. ( maternal)<\/li>\n\n\n\n<li>Os trabalhadores receberam o pagamento do m\u00eas.(mensal)<\/li>\n\n\n\n<li>Jana\u00edna ganhou um anel de ouro. (dourado)<\/li>\n\n\n\n<li>Mariana estava com c\u00f3lica de abd\u00f4men. (abdominal)<\/li>\n\n\n\n<li>O sapato era feito de couro de boi. (bovino)<\/li>\n\n\n\n<li>Deixou marcas de dedos no computador. (digitais)<\/li>\n\n\n\n<li>Pegou o bloco de gelo sem ajuda dos amigos. (glacial)<\/li>\n\n\n\n<li>Recebemos um tratamento de gato. (felino)<\/li>\n\n\n\n<li>Isabela tirou uma fotografia de face. (facial)<\/li>\n\n\n\n<li>O calend\u00e1rio do ano foi entregue . (anual)<\/li>\n<\/ul>\n\n\n\n<h2 class=\"wp-block-heading\" id=\"h-exemplos-de-locucoes-adjetivas\">Exemplos de locu\u00e7\u00f5es adjetivas<\/h2>\n\n\n\n<ul class=\"wp-block-list\">\n<li>de abd\u00f4men &#8211; abdominal;<\/li>\n\n\n\n<li>de abelha &#8211; ap\u00edcola;<\/li>\n\n\n\n<li>de \u00e1gua &#8211; h\u00eddrico;<\/li>\n\n\n\n<li>de alma &#8211; an\u00edmico;<\/li>\n\n\n\n<li>de aluno &#8211; discente;<\/li>\n\n\n\n<li>de amigo &#8211; amistoso ou amig\u00e1vel;<\/li>\n\n\n\n<li>de anel &#8211; anelar ou anular;<\/li>\n\n\n\n<li>de anjo &#8211; angelical;<\/li>\n\n\n\n<li>de ano &#8211; anual;<\/li>\n\n\n\n<li>de aranha &#8211; aracn\u00eddeo;<\/li>\n\n\n\n<li>de astro &#8211; sideral;<\/li>\n<\/ul>\n\n\n\n<p>Confira abaixo uma lista com as locu\u00e7\u00f5es adjetivas e os adjetivos correspondentes:<\/p>\n\n\n\n<h3 class=\"wp-block-heading\" id=\"h-exemplos-de-locucoes-adjetivas-e-adjetivos\">Exemplos de locu\u00e7\u00f5es adjetivas e adjetivos<\/h3>\n\n\n\n<p>escal\u00e3o <strong>de idade <\/strong>= locu\u00e7\u00e3o adjetiva<br \/>escal\u00e3o <strong>et\u00e1rio<\/strong> = adjetivo<\/p>\n\n\n\n<p>\u00e1guas <strong>da chuva<\/strong> = locu\u00e7\u00e3o adjetiva<br \/>\u00e1guas<strong> pluviais <\/strong>= adjetivo<\/p>\n\n\n\n<p>higiene <strong>da boca<\/strong> = locu\u00e7\u00e3o adjetiva<br \/>higiene <strong>bucal <\/strong>= adjetivo<\/p>\n\n\n\n<p>dor <strong>de abd\u00f4men<\/strong> = locu\u00e7\u00e3o adjetiva<br \/>dor <strong>abdominal <\/strong>= adjetivo<\/p>\n\n\n\n<p>planejamento <strong>da cidade<\/strong> = locu\u00e7\u00e3o adjetiva<br \/>planejamento<strong> urbano<\/strong> = adjetivo<\/p>\n\n\n\n<p>servi\u00e7o <strong>da f\u00e1brica <\/strong>= locu\u00e7\u00e3o adjetiva<br \/>servi\u00e7o <strong>fabril <\/strong>= adjetivo<\/p>\n\n\n\n<p>O uso de locu\u00e7\u00f5es adjetivas possibilita uma variedade maior de vocabul\u00e1rio e uma melhoria no texto.<\/p>\n\n\n\n<p><strong>Por hoje \u00e9 isso, pessoal!<\/strong><\/p>\n\n\n\n<p><strong>Abra\u00e7os e at\u00e9 a pr\u00f3xima.<\/strong><\/p>\n\n\n\n<p><strong>B\u00e1rbara Rocha<\/strong><\/p>\n\n\n\n<p><strong>Assista as nossas aulas para aprofundar-se nos <\/strong><a href=\"https:\/\/www.youtube.com\/watch?v=FqkLJD2oV-o&amp;t=4s\"><strong>temas<\/strong><\/a><strong> e obter sucesso na sua aprova\u00e7\u00e3o :)<\/strong><\/p>\n\n\n\n<p class=\"has-text-align-center has-luminous-vivid-amber-background-color has-background\"><strong>ASSINE AGORA \u2013<\/strong><a href=\"https:\/\/www.estrategiaconcursos.com.br\/assinaturas\"><strong> Assinaturas<\/strong><\/a><\/p>\n\n\n\n<p><strong><em>Assine agora a nossa Assinatura Anual e tenha acesso ilimitado* a todos os nossos cursos.<\/em><\/strong><\/p>\n\n\n\n<p><strong><em>Fique por dentro de todos os <\/em><\/strong><a href=\"https:\/\/www.estrategiaconcursos.com.br\/blog\/comunidade-platinum-e-trilha-individualizada\/\"><strong><em>concursos<\/em>:<\/strong><\/a><\/p>\n\n\n\n<p class=\"has-text-align-center has-pale-cyan-blue-background-color has-background\"><a href=\"https:\/\/www.estrategiaconcursos.com.br\/blog\/concursos-abertos\/\"><strong>Concursos abertos<\/strong><\/a><\/p>\n\n\n\n<p class=\"has-text-align-center has-pale-cyan-blue-background-color has-background\"><a href=\"https:\/\/www.estrategiaconcursos.com.br\/blog\/concursos-2026\/#\"><strong>Concursos 2026<\/strong><\/a><\/p>\n","protected":false},"excerpt":{"rendered":"<p>Locu\u00e7\u00e3o Adjetiva<\/p>\n","protected":false},"author":2976,"featured_media":1698903,"comment_status":"open","ping_status":"closed","sticky":false,"template":"","format":"standard","meta":{"post_tipo":"article","footnotes":""},"categories":[1],"tags":[40,861,48,15],"tax_estado":[222299],"class_list":["post-1698902","post","type-post","status-publish","format-standard","has-post-thumbnail","hentry","category-cursos-e-concursos","tag-concurso","tag-dicas-de-estudo","tag-edital","tag-portugues","tax_estado-sem-estado-definido"],"acf":[],"yoast_head":"<!-- This site is optimized with the Yoast SEO Premium plugin v27.2 (Yoast SEO v27.2) - https:\/\/yoast.com\/product\/yoast-seo-premium-wordpress\/ -->\n<title>Locu\u00e7\u00e3o Adjetiva<\/title>\n<meta name=\"description\" content=\"Saiba como a locu\u00e7\u00e3o adjetiva pode enriquecer seu vocabul\u00e1rio e ajudar nos concursos de l\u00edngua portuguesa.\" \/>\n<meta name=\"robots\" content=\"index, follow, max-snippet:-1, max-image-preview:large, max-video-preview:-1\" \/>\n<link rel=\"canonical\" href=\"https:\/\/www.estrategiaconcursos.com.br\/blog\/locucao-adjetiva\/\" \/>\n<meta property=\"og:locale\" content=\"pt_BR\" \/>\n<meta property=\"og:type\" content=\"article\" \/>\n<meta property=\"og:title\" content=\"Locu\u00e7\u00e3o Adjetiva Simplificada para Concursos\" \/>\n<meta property=\"og:description\" content=\"Locu\u00e7\u00e3o adjetiva\" \/>\n<meta property=\"og:url\" content=\"https:\/\/www.estrategiaconcursos.com.br\/blog\/locucao-adjetiva\/\" \/>\n<meta property=\"og:site_name\" content=\"Estrat\u00e9gia Concursos\" \/>\n<meta property=\"article:published_time\" content=\"2026-01-29T14:32:00+00:00\" \/>\n<meta property=\"og:image\" content=\"https:\/\/dhg1h5j42swfq.cloudfront.net\/2026\/01\/13204653\/image-13.jpeg\" \/>\n\t<meta property=\"og:image:width\" content=\"1600\" \/>\n\t<meta property=\"og:image:height\" content=\"1066\" \/>\n\t<meta property=\"og:image:type\" content=\"image\/jpeg\" \/>\n<meta name=\"author\" content=\"B\u00e1rbara Aparecida Rocha\" \/>\n<meta name=\"twitter:card\" content=\"summary_large_image\" \/>\n<meta name=\"twitter:title\" content=\"Locu\u00e7\u00e3o Adjetiva: Aprenda com Exemplos Pr\u00e1ticos\" \/>\n<meta name=\"twitter:description\" content=\"Aprenda locu\u00e7\u00e3o adjetiva e melhore sua escrita. Conhe\u00e7a sua import\u00e2ncia e como utiliz\u00e1-la em concursos.\" \/>\n<meta name=\"twitter:creator\" content=\"@EstratConcursos\" \/>\n<meta name=\"twitter:site\" content=\"@EstratConcursos\" \/>\n<meta name=\"twitter:label1\" content=\"Escrito por\" \/>\n\t<meta name=\"twitter:data1\" content=\"B\u00e1rbara Aparecida Rocha\" \/>\n\t<meta name=\"twitter:label2\" content=\"Est. tempo de leitura\" \/>\n\t<meta name=\"twitter:data2\" content=\"3 minutos\" \/>\n<script type=\"application\/ld+json\" class=\"yoast-schema-graph\">{\"@context\":\"https:\/\/schema.org\",\"@graph\":[{\"@type\":\"NewsArticle\",\"@id\":\"https:\/\/www.estrategiaconcursos.com.br\/blog\/locucao-adjetiva\/#article\",\"isPartOf\":{\"@id\":\"https:\/\/www.estrategiaconcursos.com.br\/blog\/locucao-adjetiva\/\"},\"author\":{\"name\":\"B\u00e1rbara Aparecida Rocha\",\"@id\":\"https:\/\/www.estrategiaconcursos.com.br\/blog\/#\/schema\/person\/0c1075c7910cb8ba02c657e06995521c\"},\"headline\":\"Locu\u00e7\u00e3o Adjetiva\",\"datePublished\":\"2026-01-29T14:32:00+00:00\",\"mainEntityOfPage\":{\"@id\":\"https:\/\/www.estrategiaconcursos.com.br\/blog\/locucao-adjetiva\/\"},\"wordCount\":573,\"commentCount\":0,\"publisher\":{\"@id\":\"https:\/\/www.estrategiaconcursos.com.br\/blog\/#organization\"},\"image\":{\"@id\":\"https:\/\/www.estrategiaconcursos.com.br\/blog\/locucao-adjetiva\/#primaryimage\"},\"thumbnailUrl\":\"https:\/\/dhg1h5j42swfq.cloudfront.net\/2026\/01\/13204653\/image-13.jpeg\",\"keywords\":[\"Concurso\",\"dicas de estudo\",\"edital\",\"Portugu\u00eas\"],\"articleSection\":[\"Concursos P\u00fablicos\"],\"inLanguage\":\"pt-BR\",\"potentialAction\":[{\"@type\":\"CommentAction\",\"name\":\"Comment\",\"target\":[\"https:\/\/www.estrategiaconcursos.com.br\/blog\/locucao-adjetiva\/#respond\"]}],\"copyrightYear\":\"2026\",\"copyrightHolder\":{\"@id\":\"https:\/\/www.estrategiaconcursos.com.br\/blog\/#organization\"}},{\"@type\":\"WebPage\",\"@id\":\"https:\/\/www.estrategiaconcursos.com.br\/blog\/locucao-adjetiva\/\",\"url\":\"https:\/\/www.estrategiaconcursos.com.br\/blog\/locucao-adjetiva\/\",\"name\":\"Locu\u00e7\u00e3o Adjetiva\",\"isPartOf\":{\"@id\":\"https:\/\/www.estrategiaconcursos.com.br\/blog\/#website\"},\"primaryImageOfPage\":{\"@id\":\"https:\/\/www.estrategiaconcursos.com.br\/blog\/locucao-adjetiva\/#primaryimage\"},\"image\":{\"@id\":\"https:\/\/www.estrategiaconcursos.com.br\/blog\/locucao-adjetiva\/#primaryimage\"},\"thumbnailUrl\":\"https:\/\/dhg1h5j42swfq.cloudfront.net\/2026\/01\/13204653\/image-13.jpeg\",\"datePublished\":\"2026-01-29T14:32:00+00:00\",\"description\":\"Saiba como a locu\u00e7\u00e3o adjetiva pode enriquecer seu vocabul\u00e1rio e ajudar nos concursos de l\u00edngua portuguesa.\",\"breadcrumb\":{\"@id\":\"https:\/\/www.estrategiaconcursos.com.br\/blog\/locucao-adjetiva\/#breadcrumb\"},\"inLanguage\":\"pt-BR\",\"potentialAction\":[{\"@type\":\"ReadAction\",\"target\":[\"https:\/\/www.estrategiaconcursos.com.br\/blog\/locucao-adjetiva\/\"]}]},{\"@type\":\"ImageObject\",\"inLanguage\":\"pt-BR\",\"@id\":\"https:\/\/www.estrategiaconcursos.com.br\/blog\/locucao-adjetiva\/#primaryimage\",\"url\":\"https:\/\/dhg1h5j42swfq.cloudfront.net\/2026\/01\/13204653\/image-13.jpeg\",\"contentUrl\":\"https:\/\/dhg1h5j42swfq.cloudfront.net\/2026\/01\/13204653\/image-13.jpeg\",\"width\":1600,\"height\":1066,\"caption\":\"Locu\u00e7\u00e3o Adjetiva\"},{\"@type\":\"BreadcrumbList\",\"@id\":\"https:\/\/www.estrategiaconcursos.com.br\/blog\/locucao-adjetiva\/#breadcrumb\",\"itemListElement\":[{\"@type\":\"ListItem\",\"position\":1,\"name\":\"In\u00edcio\",\"item\":\"https:\/\/www.estrategiaconcursos.com.br\/blog\/\"},{\"@type\":\"ListItem\",\"position\":2,\"name\":\"Locu\u00e7\u00e3o Adjetiva\"}]},{\"@type\":\"WebSite\",\"@id\":\"https:\/\/www.estrategiaconcursos.com.br\/blog\/#website\",\"url\":\"https:\/\/www.estrategiaconcursos.com.br\/blog\/\",\"name\":\"Estrat\u00e9gia Concursos\",\"description\":\"O blog da Estrat\u00e9gia Concursos traz not\u00edcias sobre concursos e artigos de professores oferecendo cursos para concursos (pdf + videaulas) no site.\",\"publisher\":{\"@id\":\"https:\/\/www.estrategiaconcursos.com.br\/blog\/#organization\"},\"potentialAction\":[{\"@type\":\"SearchAction\",\"target\":{\"@type\":\"EntryPoint\",\"urlTemplate\":\"https:\/\/www.estrategiaconcursos.com.br\/blog\/?s={search_term_string}\"},\"query-input\":{\"@type\":\"PropertyValueSpecification\",\"valueRequired\":true,\"valueName\":\"search_term_string\"}}],\"inLanguage\":\"pt-BR\"},{\"@type\":\"Organization\",\"@id\":\"https:\/\/www.estrategiaconcursos.com.br\/blog\/#organization\",\"name\":\"Estrat\u00e9gia Concursos\",\"url\":\"https:\/\/www.estrategiaconcursos.com.br\/blog\/\",\"logo\":{\"@type\":\"ImageObject\",\"inLanguage\":\"pt-BR\",\"@id\":\"https:\/\/www.estrategiaconcursos.com.br\/blog\/#\/schema\/logo\/image\/\",\"url\":\"https:\/\/dhg1h5j42swfq.cloudfront.net\/2025\/06\/03203428\/logo_concursos-1.jpg\",\"contentUrl\":\"https:\/\/dhg1h5j42swfq.cloudfront.net\/2025\/06\/03203428\/logo_concursos-1.jpg\",\"width\":230,\"height\":60,\"caption\":\"Estrat\u00e9gia Concursos\"},\"image\":{\"@id\":\"https:\/\/www.estrategiaconcursos.com.br\/blog\/#\/schema\/logo\/image\/\"},\"sameAs\":[\"https:\/\/x.com\/EstratConcursos\"]},{\"@type\":\"Person\",\"@id\":\"https:\/\/www.estrategiaconcursos.com.br\/blog\/#\/schema\/person\/0c1075c7910cb8ba02c657e06995521c\",\"name\":\"B\u00e1rbara Aparecida Rocha\",\"image\":{\"@type\":\"ImageObject\",\"inLanguage\":\"pt-BR\",\"@id\":\"https:\/\/secure.gravatar.com\/avatar\/5122cad53c0a4e9cc34914ad7b84dd67cbbd55361ef9d7c844f3f4b792a94e04?s=96&d=mm&r=g\",\"url\":\"https:\/\/secure.gravatar.com\/avatar\/5122cad53c0a4e9cc34914ad7b84dd67cbbd55361ef9d7c844f3f4b792a94e04?s=96&d=mm&r=g\",\"contentUrl\":\"https:\/\/secure.gravatar.com\/avatar\/5122cad53c0a4e9cc34914ad7b84dd67cbbd55361ef9d7c844f3f4b792a94e04?s=96&d=mm&r=g\",\"caption\":\"B\u00e1rbara Aparecida Rocha\"},\"url\":\"https:\/\/www.estrategiaconcursos.com.br\/blog\/author\/barbaraarochagmail-com\/\"}]}<\/script>\n<!-- \/ Yoast SEO Premium plugin. -->","yoast_head_json":{"title":"Locu\u00e7\u00e3o Adjetiva","description":"Saiba como a locu\u00e7\u00e3o adjetiva pode enriquecer seu vocabul\u00e1rio e ajudar nos concursos de l\u00edngua portuguesa.","robots":{"index":"index","follow":"follow","max-snippet":"max-snippet:-1","max-image-preview":"max-image-preview:large","max-video-preview":"max-video-preview:-1"},"canonical":"https:\/\/www.estrategiaconcursos.com.br\/blog\/locucao-adjetiva\/","og_locale":"pt_BR","og_type":"article","og_title":"Locu\u00e7\u00e3o Adjetiva Simplificada para Concursos","og_description":"Locu\u00e7\u00e3o adjetiva","og_url":"https:\/\/www.estrategiaconcursos.com.br\/blog\/locucao-adjetiva\/","og_site_name":"Estrat\u00e9gia Concursos","article_published_time":"2026-01-29T14:32:00+00:00","og_image":[{"width":1600,"height":1066,"url":"https:\/\/dhg1h5j42swfq.cloudfront.net\/2026\/01\/13204653\/image-13.jpeg","type":"image\/jpeg"}],"author":"B\u00e1rbara Aparecida Rocha","twitter_card":"summary_large_image","twitter_title":"Locu\u00e7\u00e3o Adjetiva: Aprenda com Exemplos Pr\u00e1ticos","twitter_description":"Aprenda locu\u00e7\u00e3o adjetiva e melhore sua escrita. Conhe\u00e7a sua import\u00e2ncia e como utiliz\u00e1-la em concursos.","twitter_creator":"@EstratConcursos","twitter_site":"@EstratConcursos","twitter_misc":{"Escrito por":"B\u00e1rbara Aparecida Rocha","Est. tempo de leitura":"3 minutos"},"schema":{"@context":"https:\/\/schema.org","@graph":[{"@type":"NewsArticle","@id":"https:\/\/www.estrategiaconcursos.com.br\/blog\/locucao-adjetiva\/#article","isPartOf":{"@id":"https:\/\/www.estrategiaconcursos.com.br\/blog\/locucao-adjetiva\/"},"author":{"name":"B\u00e1rbara Aparecida Rocha","@id":"https:\/\/www.estrategiaconcursos.com.br\/blog\/#\/schema\/person\/0c1075c7910cb8ba02c657e06995521c"},"headline":"Locu\u00e7\u00e3o Adjetiva","datePublished":"2026-01-29T14:32:00+00:00","mainEntityOfPage":{"@id":"https:\/\/www.estrategiaconcursos.com.br\/blog\/locucao-adjetiva\/"},"wordCount":573,"commentCount":0,"publisher":{"@id":"https:\/\/www.estrategiaconcursos.com.br\/blog\/#organization"},"image":{"@id":"https:\/\/www.estrategiaconcursos.com.br\/blog\/locucao-adjetiva\/#primaryimage"},"thumbnailUrl":"https:\/\/dhg1h5j42swfq.cloudfront.net\/2026\/01\/13204653\/image-13.jpeg","keywords":["Concurso","dicas de estudo","edital","Portugu\u00eas"],"articleSection":["Concursos P\u00fablicos"],"inLanguage":"pt-BR","potentialAction":[{"@type":"CommentAction","name":"Comment","target":["https:\/\/www.estrategiaconcursos.com.br\/blog\/locucao-adjetiva\/#respond"]}],"copyrightYear":"2026","copyrightHolder":{"@id":"https:\/\/www.estrategiaconcursos.com.br\/blog\/#organization"}},{"@type":"WebPage","@id":"https:\/\/www.estrategiaconcursos.com.br\/blog\/locucao-adjetiva\/","url":"https:\/\/www.estrategiaconcursos.com.br\/blog\/locucao-adjetiva\/","name":"Locu\u00e7\u00e3o Adjetiva","isPartOf":{"@id":"https:\/\/www.estrategiaconcursos.com.br\/blog\/#website"},"primaryImageOfPage":{"@id":"https:\/\/www.estrategiaconcursos.com.br\/blog\/locucao-adjetiva\/#primaryimage"},"image":{"@id":"https:\/\/www.estrategiaconcursos.com.br\/blog\/locucao-adjetiva\/#primaryimage"},"thumbnailUrl":"https:\/\/dhg1h5j42swfq.cloudfront.net\/2026\/01\/13204653\/image-13.jpeg","datePublished":"2026-01-29T14:32:00+00:00","description":"Saiba como a locu\u00e7\u00e3o adjetiva pode enriquecer seu vocabul\u00e1rio e ajudar nos concursos de l\u00edngua portuguesa.","breadcrumb":{"@id":"https:\/\/www.estrategiaconcursos.com.br\/blog\/locucao-adjetiva\/#breadcrumb"},"inLanguage":"pt-BR","potentialAction":[{"@type":"ReadAction","target":["https:\/\/www.estrategiaconcursos.com.br\/blog\/locucao-adjetiva\/"]}]},{"@type":"ImageObject","inLanguage":"pt-BR","@id":"https:\/\/www.estrategiaconcursos.com.br\/blog\/locucao-adjetiva\/#primaryimage","url":"https:\/\/dhg1h5j42swfq.cloudfront.net\/2026\/01\/13204653\/image-13.jpeg","contentUrl":"https:\/\/dhg1h5j42swfq.cloudfront.net\/2026\/01\/13204653\/image-13.jpeg","width":1600,"height":1066,"caption":"Locu\u00e7\u00e3o Adjetiva"},{"@type":"BreadcrumbList","@id":"https:\/\/www.estrategiaconcursos.com.br\/blog\/locucao-adjetiva\/#breadcrumb","itemListElement":[{"@type":"ListItem","position":1,"name":"In\u00edcio","item":"https:\/\/www.estrategiaconcursos.com.br\/blog\/"},{"@type":"ListItem","position":2,"name":"Locu\u00e7\u00e3o Adjetiva"}]},{"@type":"WebSite","@id":"https:\/\/www.estrategiaconcursos.com.br\/blog\/#website","url":"https:\/\/www.estrategiaconcursos.com.br\/blog\/","name":"Estrat\u00e9gia Concursos","description":"O blog da Estrat\u00e9gia Concursos traz not\u00edcias sobre concursos e artigos de professores oferecendo cursos para concursos (pdf + videaulas) no site.","publisher":{"@id":"https:\/\/www.estrategiaconcursos.com.br\/blog\/#organization"},"potentialAction":[{"@type":"SearchAction","target":{"@type":"EntryPoint","urlTemplate":"https:\/\/www.estrategiaconcursos.com.br\/blog\/?s={search_term_string}"},"query-input":{"@type":"PropertyValueSpecification","valueRequired":true,"valueName":"search_term_string"}}],"inLanguage":"pt-BR"},{"@type":"Organization","@id":"https:\/\/www.estrategiaconcursos.com.br\/blog\/#organization","name":"Estrat\u00e9gia Concursos","url":"https:\/\/www.estrategiaconcursos.com.br\/blog\/","logo":{"@type":"ImageObject","inLanguage":"pt-BR","@id":"https:\/\/www.estrategiaconcursos.com.br\/blog\/#\/schema\/logo\/image\/","url":"https:\/\/dhg1h5j42swfq.cloudfront.net\/2025\/06\/03203428\/logo_concursos-1.jpg","contentUrl":"https:\/\/dhg1h5j42swfq.cloudfront.net\/2025\/06\/03203428\/logo_concursos-1.jpg","width":230,"height":60,"caption":"Estrat\u00e9gia Concursos"},"image":{"@id":"https:\/\/www.estrategiaconcursos.com.br\/blog\/#\/schema\/logo\/image\/"},"sameAs":["https:\/\/x.com\/EstratConcursos"]},{"@type":"Person","@id":"https:\/\/www.estrategiaconcursos.com.br\/blog\/#\/schema\/person\/0c1075c7910cb8ba02c657e06995521c","name":"B\u00e1rbara Aparecida Rocha","image":{"@type":"ImageObject","inLanguage":"pt-BR","@id":"https:\/\/secure.gravatar.com\/avatar\/5122cad53c0a4e9cc34914ad7b84dd67cbbd55361ef9d7c844f3f4b792a94e04?s=96&d=mm&r=g","url":"https:\/\/secure.gravatar.com\/avatar\/5122cad53c0a4e9cc34914ad7b84dd67cbbd55361ef9d7c844f3f4b792a94e04?s=96&d=mm&r=g","contentUrl":"https:\/\/secure.gravatar.com\/avatar\/5122cad53c0a4e9cc34914ad7b84dd67cbbd55361ef9d7c844f3f4b792a94e04?s=96&d=mm&r=g","caption":"B\u00e1rbara Aparecida Rocha"},"url":"https:\/\/www.estrategiaconcursos.com.br\/blog\/author\/barbaraarochagmail-com\/"}]}},"_links":{"self":[{"href":"https:\/\/www.estrategiaconcursos.com.br\/blog\/wp-json\/wp\/v2\/posts\/1698902","targetHints":{"allow":["GET"]}}],"collection":[{"href":"https:\/\/www.estrategiaconcursos.com.br\/blog\/wp-json\/wp\/v2\/posts"}],"about":[{"href":"https:\/\/www.estrategiaconcursos.com.br\/blog\/wp-json\/wp\/v2\/types\/post"}],"author":[{"embeddable":true,"href":"https:\/\/www.estrategiaconcursos.com.br\/blog\/wp-json\/wp\/v2\/users\/2976"}],"replies":[{"embeddable":true,"href":"https:\/\/www.estrategiaconcursos.com.br\/blog\/wp-json\/wp\/v2\/comments?post=1698902"}],"version-history":[{"count":2,"href":"https:\/\/www.estrategiaconcursos.com.br\/blog\/wp-json\/wp\/v2\/posts\/1698902\/revisions"}],"predecessor-version":[{"id":1706364,"href":"https:\/\/www.estrategiaconcursos.com.br\/blog\/wp-json\/wp\/v2\/posts\/1698902\/revisions\/1706364"}],"wp:featuredmedia":[{"embeddable":true,"href":"https:\/\/www.estrategiaconcursos.com.br\/blog\/wp-json\/wp\/v2\/media\/1698903"}],"wp:attachment":[{"href":"https:\/\/www.estrategiaconcursos.com.br\/blog\/wp-json\/wp\/v2\/media?parent=1698902"}],"wp:term":[{"taxonomy":"category","embeddable":true,"href":"https:\/\/www.estrategiaconcursos.com.br\/blog\/wp-json\/wp\/v2\/categories?post=1698902"},{"taxonomy":"post_tag","embeddable":true,"href":"https:\/\/www.estrategiaconcursos.com.br\/blog\/wp-json\/wp\/v2\/tags?post=1698902"},{"taxonomy":"tax_estado","embeddable":true,"href":"https:\/\/www.estrategiaconcursos.com.br\/blog\/wp-json\/wp\/v2\/tax_estado?post=1698902"}],"curies":[{"name":"wp","href":"https:\/\/api.w.org\/{rel}","templated":true}]}}