{"id":1697695,"date":"2026-01-16T18:00:00","date_gmt":"2026-01-16T21:00:00","guid":{"rendered":"https:\/\/www.estrategiaconcursos.com.br\/blog\/?p=1697695"},"modified":"2026-01-20T13:10:33","modified_gmt":"2026-01-20T16:10:33","slug":"concurso-editais-semana-12-16-01","status":"publish","type":"post","link":"https:\/\/www.estrategiaconcursos.com.br\/blog\/concurso-editais-semana-12-16-01\/","title":{"rendered":"Concursos P\u00fablicos: 29 editais esta semana; mais de mil vagas!"},"content":{"rendered":"\n<p>A 2\u00aa semana de 2026 chegou ao fim e, com ela, diversos editais de concursos p\u00fablicos alcan\u00e7aram a pra\u00e7a, trazendo oportunidades indispens\u00e1veis para aqueles que sonham com a aprova\u00e7\u00e3o.<\/p>\n\n\n\n<p>Ao todo, foram garantidas <strong>1.498 oportunidades imediatas e de cadastro reserva<\/strong> para diversos cargos de \u00e2mbitos municipais, estaduais e federais.<\/p>\n\n\n\n<p>Entre eles, destacam-se sempre as oportunidades federais, que, dessa vez, s\u00e3o garantidas pela Valec\/Infra e Emgepron, ambos \u00f3rg\u00e3os nacionais.<\/p>\n\n\n\n<p>Eles trazem 79 vagas imediatas e sal\u00e1rios de at\u00e9 R$ 12,3 mil, com benef\u00edcios pra l\u00e1 de atrativos, como aux\u00edlio-alimenta\u00e7\u00e3o, transporte e plano de sa\u00fade.<\/p>\n\n\n\n<p>Al\u00e9m deles, tamb\u00e9m alcan\u00e7ou a pra\u00e7a esta semana o edital de concurso da SES MG, que conta com 380 oportunidades na \u00e1rea da Sa\u00fade. Os sal\u00e1rios s\u00e3o de R$ 4,2 mil.<\/p>\n\n\n\n<figure class=\"wp-block-image size-full\"><a href=\"https:\/\/mkt.estrategia.com\/concursos\/nunca-mais-seja-demitido-2026\/?utm_source=blog&#038;utm_medium=artigo&#038;utm_campaign=ebook_out_2025&#038;utm_content=nmsd-2026-artigonmsd\" target=\"_blank\" rel=\" noreferrer noopener\"><img loading=\"lazy\" decoding=\"async\" width=\"1024\" height=\"274\" src=\"https:\/\/dhg1h5j42swfq.cloudfront.net\/2025\/12\/30184909\/estrategia-concursos-nunca-mais-seja-demitido-2026.jpg\" alt=\"estrat\u00e9gia concursos campanha nunca mais seja demitido 2026\" class=\"wp-image-1692095\" srcset=\"https:\/\/dhg1h5j42swfq.cloudfront.net\/2025\/12\/30184909\/estrategia-concursos-nunca-mais-seja-demitido-2026.jpg 1024w, https:\/\/dhg1h5j42swfq.cloudfront.net\/2025\/12\/30184909\/estrategia-concursos-nunca-mais-seja-demitido-2026-300x80.jpg 300w, https:\/\/dhg1h5j42swfq.cloudfront.net\/2025\/12\/30184909\/estrategia-concursos-nunca-mais-seja-demitido-2026-768x206.jpg 768w, https:\/\/dhg1h5j42swfq.cloudfront.net\/2025\/12\/30184909\/estrategia-concursos-nunca-mais-seja-demitido-2026-150x40.jpg 150w\" sizes=\"auto, (max-width: 1024px) 100vw, 1024px\" \/><\/a><\/figure>\n\n\n\n<p>Quer ficar informado sobre TODOS os novos editais de concursos publicados na \u00faltima semana? <em><strong>Confira mais informa\u00e7\u00f5es ao longo deste artigo!<\/strong><\/em><\/p>\n\n\n\n<div class=\"container\" id=\"boxes\">\n  <div class=\"row\">\n\n    <div class=\"col-sm\">\n      <div class=\"banner-estrat-corj\" id=\"box-assinatura\">\n        <h3 class=\"titulo-assinatura\" style=\"text-align: left;\">Cursos para Concursos<\/h3>\n        <p class=\"subtitulo-assinatura\" style=\"text-align: left;\">Conhe\u00e7a os cursos<\/p>\n        <div class=\"box-botao\" style=\"text-align: left;\">\n          <a class=\"btn-assinatura\" target=\"_blank\" href=\"https:\/\/www.estrategiaconcursos.com.br\/cursos\/concurso\/\" role=\"button\" rel=\"noopener noreferrer\">CLIQUE AQUI<\/a>\n        <\/div>\n      <\/div><\/div><\/div><\/div>\n\n\n\n<p><\/p>\n\n\n\n<ul id=\"indice\" class=\"wp-block-list\">\n<li><a href=\"#saude\">Sa\u00fade<\/a><\/li>\n\n\n\n<li><a href=\"#educacao\">Educa\u00e7\u00e3o<\/a><\/li>\n\n\n\n<li><a href=\"#camaras\">\u00c1rea Legislativa<\/a><\/li>\n\n\n\n<li><a href=\"#outras\">Oportunidades em outras \u00e1reas<\/a><\/li>\n\n\n\n<li><a href=\"#prefeituras\">Prefeituras Municipais<\/a><\/li>\n<\/ul>\n\n\n\n<h3 class=\"wp-block-heading has-text-align-center has-background\" id=\"saude\" style=\"background-color:#e1eaf2\">Sa\u00fade<\/h3>\n\n\n\n<h3 class=\"wp-block-heading\" id=\"h-secretaria-de-estado-de-saude-de-minas-gerais-ses-mg\"><a href=\"https:\/\/www.estrategiaconcursos.com.br\/blog\/concurso-ses-mg\/\" target=\"_blank\" rel=\"noreferrer noopener\">Secretaria de Estado de Sa\u00fade de Minas Gerais<\/a> (SES MG)<\/h3>\n\n\n\n<ul class=\"wp-block-list\">\n<li><strong>Banca:<\/strong> IBGP<\/li>\n\n\n\n<li><strong>Per\u00edodo de inscri\u00e7\u00f5es:<\/strong> 04\/03 a 02\/04<\/li>\n\n\n\n<li><strong>Data da prova<\/strong>: 03\/05<\/li>\n\n\n\n<li><strong>Vagas:<\/strong> 380<\/li>\n\n\n\n<li><strong>Sal\u00e1rio inicial:<\/strong>&nbsp;R$ 4.287,02<\/li>\n\n\n\n<li><strong>Edital:<\/strong> <a href=\"https:\/\/dhg1h5j42swfq.cloudfront.net\/2025\/12\/16062310\/ses-mg-edital.pdf\" target=\"_blank\" rel=\"noreferrer noopener nofollow\">SES MG 2026<\/a><\/li>\n<\/ul>\n\n\n\n<h3 class=\"wp-block-heading has-text-align-center has-background\" id=\"educacao\" style=\"background-color:#e1eaf2\">Educa\u00e7\u00e3o<\/h3>\n\n\n\n<h3 class=\"wp-block-heading\" id=\"h-instituto-federal-do-sudeste-de-minas-gerais-if-sudeste-mg\"><a href=\"https:\/\/www.estrategiaconcursos.com.br\/blog\/concurso-if-sudeste-mg\/\" target=\"_blank\" rel=\"noreferrer noopener\">Instituto Federal do Sudeste de Minas Gerais<\/a> (IF Sudeste MG)<\/h3>\n\n\n\n<ul class=\"wp-block-list\">\n<li><strong>Banca:<\/strong> Idecan<\/li>\n\n\n\n<li><strong>Per\u00edodo de inscri\u00e7\u00f5es:<\/strong> 14\/01 a 18\/02<\/li>\n\n\n\n<li><strong>Data da prova<\/strong>: 29\/03<\/li>\n\n\n\n<li><strong>Vagas:<\/strong> 19<\/li>\n\n\n\n<li><strong>Sal\u00e1rio inicial:<\/strong> at\u00e9 R$ 13.288,85 + benef\u00edcios<\/li>\n\n\n\n<li><strong>Edital:<\/strong> <a href=\"https:\/\/www.in.gov.br\/web\/dou\/-\/edital-n-1-de-12-de-janeiro-de-2026-681139966\" target=\"_blank\" rel=\"noreferrer noopener nofollow\">IF Sudeste Professor 2026<\/a><\/li>\n<\/ul>\n\n\n\n<h3 class=\"wp-block-heading\" id=\"h-faculdade-de-ciencias-humanas-e-sociais-do-campus-de-franca-unesp-franca-sp\"><a href=\"https:\/\/www.estrategiaconcursos.com.br\/blog\/concurso-unesp-franca-sp\/\" target=\"_blank\" rel=\"noreferrer noopener\">Faculdade de Ci\u00eancias Humanas e Sociais do C\u00e2mpus de Franca<\/a> (Unesp Franca SP)<\/h3>\n\n\n\n<ul class=\"wp-block-list\">\n<li><strong>Banca:<\/strong> comiss\u00e3o pr\u00f3pria<\/li>\n\n\n\n<li><strong>Per\u00edodo de inscri\u00e7\u00f5es:<\/strong> 19\/01 a 06\/02<\/li>\n\n\n\n<li><strong>Data da prova<\/strong>: n\u00e3o consta no edital<\/li>\n\n\n\n<li><strong>Vagas:<\/strong> 1 <\/li>\n\n\n\n<li><strong>Sal\u00e1rio inicial:<\/strong> R$ 6.291,18 + benef\u00edcos<\/li>\n\n\n\n<li><strong>Edital:<\/strong> <a href=\"https:\/\/dhg1h5j42swfq.cloudfront.net\/2026\/01\/14080415\/unesp-franca.pdf\" target=\"_blank\" rel=\"noreferrer noopener nofollow\">UNESP Franca 2026<\/a><\/li>\n<\/ul>\n\n\n\n<h3 class=\"wp-block-heading\" id=\"h-secretaria-municipal-de-educacao-de-taubate-sme-taubate-sp\"><a href=\"https:\/\/www.estrategiaconcursos.com.br\/blog\/concurso-sme-taubate-sp\/\" target=\"_blank\" rel=\"noreferrer noopener\">Secretaria Municipal de Educa\u00e7\u00e3o de Taubat\u00e9<\/a> (SME Taubat\u00e9  &#8211; SP)<\/h3>\n\n\n\n<ul class=\"wp-block-list\">\n<li><strong>Banca:<\/strong> Avan\u00e7a SP<\/li>\n\n\n\n<li><strong>Per\u00edodo de inscri\u00e7\u00f5es:<\/strong> at\u00e9 02\/02<\/li>\n\n\n\n<li><strong>Data da prova<\/strong>: 01\/03<\/li>\n\n\n\n<li><strong>Vagas:<\/strong> 327 + CR<\/li>\n\n\n\n<li><strong>Sal\u00e1rio inicial:<\/strong> \u00a0R$ 27,71 (hora\/aula)<\/li>\n\n\n\n<li><strong>Edital:<\/strong> <a href=\"https:\/\/dhg1h5j42swfq.cloudfront.net\/2026\/01\/15191703\/7852e50b-25f0-4902-ad4d-d428ac4a8623.pdf\" target=\"_blank\" rel=\"noreferrer noopener nofollow\">SME Taubat\u00e9 2026<\/a><\/li>\n<\/ul>\n\n\n\n<h3 class=\"wp-block-heading\" id=\"h-secretaria-municipal-de-educacao-de-maracanau-sme-maracanau-ce\"><a href=\"https:\/\/www.estrategiaconcursos.com.br\/blog\/concurso-sme-maracanau-ce\/\" target=\"_blank\" rel=\"noreferrer noopener\">Secretaria Municipal de Educa\u00e7\u00e3o de Maracana\u00fa<\/a> (SME Maracana\u00fa &#8211; CE)<\/h3>\n\n\n\n<ul class=\"wp-block-list\">\n<li><strong>Banca:<\/strong> Funda\u00e7\u00e3o Cetrede<\/li>\n\n\n\n<li><strong>Per\u00edodo de inscri\u00e7\u00f5es:<\/strong> at\u00e9 16\/02<\/li>\n\n\n\n<li><strong>Data da prova<\/strong>: 22\/03<\/li>\n\n\n\n<li><strong>Vagas:<\/strong> 100<\/li>\n\n\n\n<li><strong>Sal\u00e1rio inicial:<\/strong> R$5.661,59<\/li>\n\n\n\n<li><strong>Edital:<\/strong> <a href=\"https:\/\/dhg1h5j42swfq.cloudfront.net\/2026\/01\/13134051\/edital-maracanau.pdf\" target=\"_blank\" rel=\"noreferrer noopener nofollow\">SME Maracana\u00fa 2026<\/a><\/li>\n<\/ul>\n\n\n\n<h3 class=\"wp-block-heading has-text-align-center has-background\" id=\"camaras\" style=\"background-color:#e1eaf2\">\u00c1rea legislativa<\/h3>\n\n\n\n<h3 class=\"wp-block-heading\" id=\"h-camara-de-sao-miguel-arcanjo-sp\"><a href=\"https:\/\/www.estrategiaconcursos.com.br\/blog\/concurso-camara-de-sao-miguel-arcanjo-sp\/\" target=\"_blank\" rel=\"noreferrer noopener\">C\u00e2mara de S\u00e3o Miguel Arcanjo<\/a> (SP)<\/h3>\n\n\n\n<ul class=\"wp-block-list\">\n<li><strong>Banca:<\/strong> Consesp<\/li>\n\n\n\n<li><strong>Per\u00edodo de inscri\u00e7\u00f5es:<\/strong> at\u00e9 13;02<\/li>\n\n\n\n<li><strong>Data da prova<\/strong>: 15\/03<\/li>\n\n\n\n<li><strong>Vagas:<\/strong> 02 + CR<\/li>\n\n\n\n<li><strong>Sal\u00e1rio inicial:<\/strong>&nbsp;R$ 2.170,36 a R$ 4.491,20<\/li>\n\n\n\n<li><strong>Edital:<\/strong> <a href=\"https:\/\/dhg1h5j42swfq.cloudfront.net\/2026\/01\/15133010\/4816_sa771omiguelarcanjoca770maracp0012026assinado.pdf\" target=\"_blank\" rel=\"noreferrer noopener nofollow\">CM S\u00e3o Miguel Arcanjo SP-2026<\/a><\/li>\n<\/ul>\n\n\n\n<h3 class=\"wp-block-heading\" id=\"h-camara-de-crateus-ce\"><a href=\"https:\/\/www.estrategiaconcursos.com.br\/blog\/concurso-camara-de-crateus-ce\/\" target=\"_blank\" rel=\"noreferrer noopener\">C\u00e2mara de Crate\u00fas<\/a> (CE)<\/h3>\n\n\n\n<ul class=\"wp-block-list\">\n<li><strong>Banca:<\/strong> Instituto Consulpam<\/li>\n\n\n\n<li><strong>Per\u00edodo de inscri\u00e7\u00f5es:<\/strong> at\u00e9 08\/02<\/li>\n\n\n\n<li><strong>Data da prova<\/strong>: 22\/03<\/li>\n\n\n\n<li><strong>Vagas:<\/strong> 24<\/li>\n\n\n\n<li><strong>Sal\u00e1rio inicial:<\/strong> R$ 1.621,00<\/li>\n\n\n\n<li><strong>Edital:<\/strong> <a href=\"https:\/\/dhg1h5j42swfq.cloudfront.net\/2026\/01\/16111405\/20260114_143738_edital-001-2026-camara-municipal-de-crateus.pdf\" target=\"_blank\" rel=\"noreferrer noopener nofollow\">C\u00e2mara de Crate\u00fas 2026<\/a><\/li>\n<\/ul>\n\n\n\n<h3 class=\"wp-block-heading\" id=\"h-camara-de-paranacity-pr\"><a href=\"https:\/\/www.estrategiaconcursos.com.br\/blog\/concurso-camara-de-paranacity-pr\/\" target=\"_blank\" rel=\"noreferrer noopener\">C\u00e2mara de Paranacity<\/a> (PR)<\/h3>\n\n\n\n<ul class=\"wp-block-list\">\n<li><strong>Banca:<\/strong> Instituto UniFil<\/li>\n\n\n\n<li><strong>Per\u00edodo de inscri\u00e7\u00f5es:<\/strong> 19\/01 a 12\/02<\/li>\n\n\n\n<li><strong>Data da prova<\/strong>: 22\/03<\/li>\n\n\n\n<li><strong>Vagas:<\/strong> 3 + CR<\/li>\n\n\n\n<li><strong>Sal\u00e1rio inicial:<\/strong> R$ 1.915,09 a R$ 5.102,12<\/li>\n\n\n\n<li><strong>Edital:<\/strong> <a href=\"https:\/\/dhg1h5j42swfq.cloudfront.net\/2026\/01\/19094145\/1768562419710.pdf\" target=\"_blank\" rel=\"noreferrer noopener\">C\u00e2mara de Paranacity PR-2026<\/a><\/li>\n<\/ul>\n\n\n\n<h3 class=\"wp-block-heading\" id=\"h-camara-de-senador-canedo-go\"><a href=\"https:\/\/www.estrategiaconcursos.com.br\/blog\/concurso-camara-senador-canedo-go\/\" target=\"_blank\" rel=\"noreferrer noopener\">C\u00e2mara de Senador Canedo<\/a> (GO)<\/h3>\n\n\n\n<ul class=\"wp-block-list\">\n<li><strong>Banca:<\/strong> Consulpam<\/li>\n\n\n\n<li><strong>Per\u00edodo de inscri\u00e7\u00f5es:<\/strong> 16\/02 a 17\/03<\/li>\n\n\n\n<li><strong>Data da prova<\/strong>: 31\/05<\/li>\n\n\n\n<li><strong>Vagas:<\/strong> 25 + CR<\/li>\n\n\n\n<li><strong>Sal\u00e1rio inicial:<\/strong> R$ 4.425,53 a R$ 11.903,79<\/li>\n\n\n\n<li><strong>Edital:<\/strong> <a href=\"https:\/\/dhg1h5j42swfq.cloudfront.net\/2026\/01\/16193543\/cm-senador-canedo-2026.pdf\" target=\"_blank\" rel=\"noreferrer noopener nofollow\">CM Senador Canedo 2026<\/a><\/li>\n<\/ul>\n\n\n\n<h3 class=\"wp-block-heading has-text-align-center has-background\" id=\"outras\" style=\"background-color:#e1eaf2\">Outras oportunidades<\/h3>\n\n\n\n<h3 class=\"wp-block-heading\" id=\"h-valec-engenharia-construcoes-e-ferrovias-s-a\"><a href=\"https:\/\/www.estrategiaconcursos.com.br\/blog\/concurso-valec\/\" target=\"_blank\" rel=\"noreferrer noopener\">Valec<\/a> (Engenharia, Constru\u00e7\u00f5es e Ferrovias S.A)<\/h3>\n\n\n\n<ul class=\"wp-block-list\">\n<li><strong>Banca:<\/strong> Cebraspe<\/li>\n\n\n\n<li><strong>Per\u00edodo de inscri\u00e7\u00f5es:<\/strong> 16\/01 a 04\/02<\/li>\n\n\n\n<li><strong>Data da prova<\/strong>: 15\/03<\/li>\n\n\n\n<li><strong>Vagas:<\/strong> 65 + CR<\/li>\n\n\n\n<li><strong>Sal\u00e1rio inicial:<\/strong> R$ 10.800,82 + benef\u00edcios<\/li>\n\n\n\n<li><strong>Edital:<\/strong> <a href=\"https:\/\/dhg1h5j42swfq.cloudfront.net\/2026\/01\/12180601\/811a4803bad4876ad26db58ca68f98843cce8cd11cc7ec09bc2baa23938159fb.pdf\" target=\"_blank\" rel=\"noreferrer noopener nofollow\">Valec\/Infra 2026<\/a><\/li>\n<\/ul>\n\n\n\n<h3 class=\"wp-block-heading\" id=\"h-informatica-municipios-associados-ima-campinas-sp\"><a href=\"https:\/\/www.estrategiaconcursos.com.br\/blog\/concurso-ima-campinas\/\" target=\"_blank\" rel=\"noreferrer noopener\">Inform\u00e1tica Munic\u00edpios Associados<\/a> (IMA Campinas &#8211; SP)<\/h3>\n\n\n\n<ul class=\"wp-block-list\">\n<li><strong>Banca:<\/strong> Consesp<\/li>\n\n\n\n<li><strong>Per\u00edodo de inscri\u00e7\u00f5es:<\/strong> 19\/01 a 01\/03<\/li>\n\n\n\n<li><strong>Data da prova<\/strong>: 12\/04<\/li>\n\n\n\n<li><strong>Vagas:<\/strong> 8<\/li>\n\n\n\n<li><strong>Sal\u00e1rio inicial:<\/strong> R$ 1.670,28 a R$ 5.600,86<\/li>\n\n\n\n<li><strong>Edital:&nbsp;<\/strong><a href=\"https:\/\/dhg1h5j42swfq.cloudfront.net\/2026\/01\/15152015\/4821_campinasimacp0012026-1.pdf\" target=\"_blank\" rel=\"noreferrer noopener nofollow\">IMA Campinas 2026<\/a><\/li>\n<\/ul>\n\n\n\n<h3 class=\"wp-block-heading\" id=\"h-empresa-gerencial-de-projetos-navais-emgepron\"><a href=\"https:\/\/www.estrategiaconcursos.com.br\/blog\/concurso-emgepron\/\" target=\"_blank\" rel=\"noreferrer noopener\">Empresa Gerencial de Projetos Navais<\/a> (Emgepron)<\/h3>\n\n\n\n<ul class=\"wp-block-list\">\n<li><strong>Banca:<\/strong> Instituto Selecon<\/li>\n\n\n\n<li><strong>Per\u00edodo de inscri\u00e7\u00f5es:<\/strong> 19\/01 a 23\/02<\/li>\n\n\n\n<li><strong>Data da prova<\/strong>: 29\/03<\/li>\n\n\n\n<li><strong>Vagas:<\/strong> 14 + CR<\/li>\n\n\n\n<li><strong>Sal\u00e1rio inicial:<\/strong>&nbsp;R$ 2.244,00 a R$ 12.302,00<\/li>\n\n\n\n<li><strong>Edital:<\/strong> <a href=\"https:\/\/dhg1h5j42swfq.cloudfront.net\/2026\/01\/16112025\/edital-emgepron-2026.pdf\" target=\"_blank\" rel=\"noreferrer noopener nofollow\">Emgepron 2026<\/a><\/li>\n<\/ul>\n\n\n\n<h3 class=\"wp-block-heading has-text-align-center has-background\" id=\"prefeituras\" style=\"background-color:#e1eaf2\">Prefeituras Municipais<\/h3>\n\n\n\n<h3 class=\"wp-block-heading\" id=\"h-prefeitura-de-santa-isabel-sp\"><a href=\"https:\/\/www.estrategiaconcursos.com.br\/blog\/concurso-prefeitura-santa-isabel\/\" target=\"_blank\" rel=\"noreferrer noopener\">Prefeitura de Santa Isabel<\/a> (SP)<\/h3>\n\n\n\n<ul class=\"wp-block-list\">\n<li><strong>Banca:<\/strong> Inepam<\/li>\n\n\n\n<li><strong>Per\u00edodo de inscri\u00e7\u00f5es:<\/strong> at\u00e9 09\/02<\/li>\n\n\n\n<li><strong>Data da prova<\/strong>: 22\/02<\/li>\n\n\n\n<li><strong>Vagas:<\/strong> 152 + CR<\/li>\n\n\n\n<li><strong>Sal\u00e1rio inicial:<\/strong> R$ 1.695,18 a R$ 7.833,63<\/li>\n\n\n\n<li><strong>Edital:<\/strong> <a href=\"https:\/\/dhg1h5j42swfq.cloudfront.net\/2026\/01\/10091327\/edital-santa-isabel.pdf\" target=\"_blank\" rel=\"noreferrer noopener nofollow\">Santa Isabel 2026<\/a><\/li>\n<\/ul>\n\n\n\n<h3 class=\"wp-block-heading\" id=\"h-prefeitura-de-lavras-mg\"><a href=\"https:\/\/www.estrategiaconcursos.com.br\/blog\/concurso-prefeitura-lavras\/\" target=\"_blank\" rel=\"noreferrer noopener\">Prefeitura de Lavras<\/a> (MG)<\/h3>\n\n\n\n<ul class=\"wp-block-list\">\n<li><strong>Banca:<\/strong> Fundep<\/li>\n\n\n\n<li><strong>Per\u00edodo de inscri\u00e7\u00f5es:<\/strong> 16\/03 a 16\/04<\/li>\n\n\n\n<li><strong>Data da prova<\/strong>: 17\/05<\/li>\n\n\n\n<li><strong>Vagas:<\/strong> 169<\/li>\n\n\n\n<li><strong>Sal\u00e1rio inicial:<\/strong> R$ 1.673,24 a R$ 15.824,89<\/li>\n\n\n\n<li><strong>Edital:<\/strong> <a href=\"https:\/\/dhg1h5j42swfq.cloudfront.net\/2026\/01\/12092753\/1b7a2f0b-edcc-400c-aeb7-b2dd084ad5f9.pdf\" target=\"_blank\" rel=\"noreferrer noopener nofollow\">Edital Prefeitura de Lavras 2026<\/a>&nbsp;<\/li>\n<\/ul>\n\n\n\n<h3 class=\"wp-block-heading\" id=\"h-prefeitura-de-nova-floresta-pb\"><a href=\"https:\/\/www.estrategiaconcursos.com.br\/blog\/concurso-prefeitura-nova-floresta\/\" target=\"_blank\" rel=\"noreferrer noopener\">Prefeitura de Nova Floresta<\/a> (PB)<\/h3>\n\n\n\n<ul class=\"wp-block-list\">\n<li><strong>Banca:<\/strong> CPcon<\/li>\n\n\n\n<li><strong>Per\u00edodo de inscri\u00e7\u00f5es:<\/strong> at\u00e9 15\/02<\/li>\n\n\n\n<li><strong>Data da prova<\/strong>: 12\/04 <\/li>\n\n\n\n<li><strong>Vagas:<\/strong> 136<\/li>\n\n\n\n<li><strong>Sal\u00e1rio inicial:<\/strong> R$ 1.518,00 a R$ 14 mil<\/li>\n\n\n\n<li><strong>Edital:<\/strong> <a href=\"https:\/\/cpcon.uepb.edu.br\/download\/edital-normativo-retificado-31\/?wpdmdl=8992&amp;refresh=6965211c64bd31768235292\" target=\"_blank\" rel=\"noreferrer noopener nofollow\">Nova Floresta 2026<\/a><\/li>\n<\/ul>\n\n\n\n<h3 class=\"wp-block-heading\" id=\"h-prefeitura-de-cuite-pb\"><a href=\"https:\/\/www.estrategiaconcursos.com.br\/blog\/concurso-prefeitura-de-cuite\/\" target=\"_blank\" rel=\"noreferrer noopener\">Prefeitura de Cuit\u00e9<\/a> (PB)<\/h3>\n\n\n\n<ul class=\"wp-block-list\">\n<li><strong>Banca:<\/strong> Cpcon<\/li>\n\n\n\n<li><strong>Per\u00edodo de inscri\u00e7\u00f5es:<\/strong> at\u00e9 15\/02<\/li>\n\n\n\n<li><strong>Data da prova<\/strong>: 15\/03<\/li>\n\n\n\n<li><strong>Vagas:<\/strong> 142<\/li>\n\n\n\n<li><strong>Sal\u00e1rio inicial:<\/strong> R$ 1,5 mil a R$ 6 mil<\/li>\n\n\n\n<li><strong>Edital:<\/strong>&nbsp;<a href=\"https:\/\/dhg1h5j42swfq.cloudfront.net\/2026\/01\/12145058\/edital_cuite.pdf\" target=\"_blank\" rel=\"noreferrer noopener nofollow\">Prefeitura de Cuit\u00e9 2025<\/a><\/li>\n<\/ul>\n\n\n\n<h3 class=\"wp-block-heading\" id=\"h-prefeitura-de-jundiai-sp\"><a href=\"https:\/\/www.estrategiaconcursos.com.br\/blog\/concurso-prefeitura-jundiai\/\" target=\"_blank\" rel=\"noreferrer noopener\">Prefeitura de Jundia\u00ed<\/a> (SP)<\/h3>\n\n\n\n<ul class=\"wp-block-list\">\n<li><strong>Banca:<\/strong> Vunesp<\/li>\n\n\n\n<li><strong>Per\u00edodo de inscri\u00e7\u00f5es:<\/strong> 16\/01 a 12\/02<\/li>\n\n\n\n<li><strong>Data da prova<\/strong>: 08 e 19\/04<\/li>\n\n\n\n<li><strong>Vagas:<\/strong> 03<\/li>\n\n\n\n<li><strong>Sal\u00e1rio inicial:<\/strong> R$ 4.019,01 a R$ 9.568,92<\/li>\n\n\n\n<li><strong>Edital:<\/strong> <a href=\"https:\/\/dhg1h5j42swfq.cloudfront.net\/2026\/01\/12152856\/pmju2506_224_20260109084437-pdf.pdf\" target=\"_blank\" rel=\"noreferrer noopener nofollow\">Jundia\u00ed 2026\/01<\/a>&nbsp;|&nbsp;<a href=\"https:\/\/dhg1h5j42swfq.cloudfront.net\/2026\/01\/12153751\/pmju2505_224_20260109083253-pdf.pdf\" target=\"_blank\" rel=\"noreferrer noopener nofollow\">Jundia\u00ed 2026\/02<\/a><\/li>\n<\/ul>\n\n\n\n<h3 class=\"wp-block-heading\" id=\"h-prefeitura-de-sena-madureira-ac\"><a href=\"https:\/\/www.estrategiaconcursos.com.br\/blog\/concurso-prefeitura-sena-madureira\/\" target=\"_blank\" rel=\"noreferrer noopener\">Prefeitura de Sena Madureira<\/a> (AC)<\/h3>\n\n\n\n<ul class=\"wp-block-list\">\n<li><strong>Banca:<\/strong> IDIB<\/li>\n\n\n\n<li><strong>Per\u00edodo de inscri\u00e7\u00f5es:<\/strong> at\u00e9 18\/01<\/li>\n\n\n\n<li><strong>Data da prova<\/strong>: 22\/02<\/li>\n\n\n\n<li><strong>Vagas:<\/strong> 75<\/li>\n\n\n\n<li><strong>Sal\u00e1rio inicial:<\/strong> R$ 3.036,00 a R$ 9.950,00<\/li>\n\n\n\n<li><strong>Edital:<\/strong> &nbsp;<a href=\"https:\/\/dhg1h5j42swfq.cloudfront.net\/2026\/01\/14083059\/mpwhtms5aa5c79bwnptwx1nicobr1gm4bqgs39slhs4xvlw24jmktul9b1g0evn6n2g1umpilwjcfon68033.pdf\" target=\"_blank\" rel=\"noreferrer noopener nofollow\">Edital 01<\/a>&nbsp;(educa\u00e7\u00e3o) |&nbsp;<a href=\"https:\/\/dhg1h5j42swfq.cloudfront.net\/2026\/01\/14083054\/bdwjjyir09p8w18e8l448kp43l09xn9k1bp26gv6g5my6owf48kuu6eon6gi9aoe5bp91hwqicra1tf68024.pdf\" target=\"_blank\" rel=\"noreferrer noopener nofollow\">Edital 02<\/a>&nbsp;(sa\u00fade)<\/li>\n<\/ul>\n\n\n\n<h3 class=\"wp-block-heading\" id=\"h-prefeitura-de-catanduva-sp\"><a href=\"https:\/\/www.estrategiaconcursos.com.br\/blog\/concurso-prefeitura-catanduva\/\" target=\"_blank\" rel=\"noreferrer noopener\">Prefeitura de Catanduva<\/a> (SP)<\/h3>\n\n\n\n<ul class=\"wp-block-list\">\n<li><strong>Banca:<\/strong> IBAM<\/li>\n\n\n\n<li><strong>Per\u00edodo de inscri\u00e7\u00f5es:<\/strong> at\u00e9 12\/02<\/li>\n\n\n\n<li><strong>Data da prova<\/strong>: 22\/03<\/li>\n\n\n\n<li><strong>Vagas:<\/strong> 16<\/li>\n\n\n\n<li><strong>Sal\u00e1rio inicial:<\/strong> R$ 2.943,95 a R$ 7.039,88<\/li>\n\n\n\n<li><strong>Edital:&nbsp;<\/strong><a href=\"https:\/\/dhg1h5j42swfq.cloudfront.net\/2025\/03\/14105833\/e29b1769-9e0b-4c4a-9d2b-dfca27250f9a.pdf\" target=\"_blank\" rel=\"noreferrer noopener nofollow\">Catanduva 2026<\/a><\/li>\n<\/ul>\n\n\n\n<h3 class=\"wp-block-heading\" id=\"h-prefeitura-de-florida-paulista-sp\"><a href=\"https:\/\/www.estrategiaconcursos.com.br\/blog\/concurso-prefeitura-florida-paulista\/\" target=\"_blank\" rel=\"noreferrer noopener\">Prefeitura de Fl\u00f3rida Paulista<\/a> (SP)<\/h3>\n\n\n\n<ul class=\"wp-block-list\">\n<li><strong>Banca:<\/strong> Consesp<\/li>\n\n\n\n<li><strong>Per\u00edodo de inscri\u00e7\u00f5es:<\/strong> at\u00e9 01\/02<\/li>\n\n\n\n<li><strong>Data da prova<\/strong>: 22\/02<\/li>\n\n\n\n<li><strong>Vagas:<\/strong> 11 + CR<\/li>\n\n\n\n<li><strong>Sal\u00e1rio inicial:<\/strong> R$ 1.608,83 a R$ 4.646,21<\/li>\n\n\n\n<li><strong>Edital:<\/strong> <a href=\"https:\/\/dhg1h5j42swfq.cloudfront.net\/2026\/01\/14093644\/4815_flridapaulistacp0012026.pdf\" target=\"_blank\" rel=\"noreferrer noopener nofollow\">Prefeitura de Fl\u00f3rida Paulista 2026<\/a><\/li>\n<\/ul>\n\n\n\n<h3 class=\"wp-block-heading\" id=\"h-prefeitura-de-timburi-sp\"><a href=\"https:\/\/www.estrategiaconcursos.com.br\/blog\/concurso-prefeitura-timburi\/\" target=\"_blank\" rel=\"noreferrer noopener\">Prefeitura de Timburi<\/a> (SP)<\/h3>\n\n\n\n<ul class=\"wp-block-list\">\n<li><strong>Banca:<\/strong> IBEPP<\/li>\n\n\n\n<li><strong>Per\u00edodo de inscri\u00e7\u00f5es:<\/strong> at\u00e9 01\/02<\/li>\n\n\n\n<li><strong>Data da prova<\/strong>: 22\/02<\/li>\n\n\n\n<li><strong>Vagas:<\/strong> 24 + CR<\/li>\n\n\n\n<li><strong>Sal\u00e1rio inicial:<\/strong> R$ 1.593,90 a R$ 9.139,35<\/li>\n\n\n\n<li><strong>Edital:<\/strong> <a href=\"https:\/\/dhg1h5j42swfq.cloudfront.net\/2026\/01\/15094125\/f07f126856cbb92890c3f869139a6414.pdf\" target=\"_blank\" rel=\"noreferrer noopener nofollow\">Edital Timburi 2026<\/a><\/li>\n<\/ul>\n\n\n\n<h3 class=\"wp-block-heading\" id=\"h-prefeitura-de-pedras-grandes-sc\"><a href=\"https:\/\/www.estrategiaconcursos.com.br\/blog\/concurso-prefeitura-pedras-grandes\/\" target=\"_blank\" rel=\"noreferrer noopener\">Prefeitura de Pedras Grandes<\/a> (SC)<\/h3>\n\n\n\n<ul class=\"wp-block-list\">\n<li><strong>Banca:<\/strong> Instituto Legalle<\/li>\n\n\n\n<li><strong>Per\u00edodo de inscri\u00e7\u00f5es:<\/strong> at\u00e9 12\/02<\/li>\n\n\n\n<li><strong>Data da prova<\/strong>: 01\/03<\/li>\n\n\n\n<li><strong>Vagas:<\/strong> 118 + CR<\/li>\n\n\n\n<li><strong>Sal\u00e1rio inicial:<\/strong> R$ 1.056,43 a R$ 15.150,93<\/li>\n\n\n\n<li><strong>Edital:<\/strong> <a href=\"https:\/\/dhg1h5j42swfq.cloudfront.net\/2026\/01\/14181018\/pedras-grandes.pdf\" target=\"_blank\" rel=\"noreferrer noopener nofollow\">Pedras Grandes SC 2026<\/a><\/li>\n<\/ul>\n\n\n\n<h3 class=\"wp-block-heading\" id=\"h-prefeitura-de-pilar-do-sul-sp\"><a href=\"https:\/\/www.estrategiaconcursos.com.br\/blog\/concurso-prefeitura-pilar-do-sul\/\" target=\"_blank\" rel=\"noreferrer noopener\">Prefeitura de Pilar do Sul<\/a> (SP)<\/h3>\n\n\n\n<ul class=\"wp-block-list\">\n<li><strong>Banca:<\/strong> Aplicativa Concursos<\/li>\n\n\n\n<li><strong>Per\u00edodo de inscri\u00e7\u00f5es:<\/strong> at\u00e9 13\/02<\/li>\n\n\n\n<li><strong>Data da prova<\/strong>: 01\/03<\/li>\n\n\n\n<li><strong>Vagas:<\/strong> 9 + CR<\/li>\n\n\n\n<li><strong>Sal\u00e1rio inicial:<\/strong> R$ 1.955,57 a R$ 6.356,39<\/li>\n\n\n\n<li><strong>Edital:<\/strong> <a href=\"https:\/\/dhg1h5j42swfq.cloudfront.net\/2026\/01\/15125930\/225a30ee-d20f-408e-a92b-decd313de7c7.pdf\" target=\"_blank\" rel=\"noreferrer noopener nofollow\">Pilar do Sul 2026<\/a><\/li>\n<\/ul>\n\n\n\n<h3 class=\"wp-block-heading\" id=\"h-prefeitura-de-cataguases-mg\"><a href=\"https:\/\/www.estrategiaconcursos.com.br\/blog\/concurso-prefeitura-cataguases\/\" target=\"_blank\" rel=\"noreferrer noopener\">Prefeitura de Cataguases<\/a> (MG)<\/h3>\n\n\n\n<ul class=\"wp-block-list\">\n<li><strong>Banca:<\/strong> INTEC<\/li>\n\n\n\n<li><strong>Per\u00edodo de inscri\u00e7\u00f5es:<\/strong> at\u00e9 11\/04<\/li>\n\n\n\n<li><strong>Data da prova<\/strong>: 24\/05<\/li>\n\n\n\n<li><strong>Vagas:<\/strong> 55<\/li>\n\n\n\n<li><strong>Sal\u00e1rio inicial:<\/strong> R$ 2.000,00 a R$ 2.200,00<\/li>\n\n\n\n<li><strong>Edital:<\/strong> <a href=\"https:\/\/dhg1h5j42swfq.cloudfront.net\/2024\/03\/15141554\/download-1.pdf\" target=\"_blank\" rel=\"noreferrer noopener\">Prefeitura Cataguases 2026<\/a><\/li>\n<\/ul>\n\n\n\n<h3 class=\"wp-block-heading\" id=\"h-prefeitura-de-franca-sp\"><a href=\"https:\/\/www.estrategiaconcursos.com.br\/blog\/concurso-prefeitura-franca\/\" target=\"_blank\" rel=\"noreferrer noopener\">Prefeitura de Franca<\/a> (SP)<\/h3>\n\n\n\n<ul class=\"wp-block-list\">\n<li><strong>Banca:<\/strong> IBAM<\/li>\n\n\n\n<li><strong>Per\u00edodo de inscri\u00e7\u00f5es:<\/strong> at\u00e9 11;02<\/li>\n\n\n\n<li><strong>Data da prova<\/strong>: 08\/03<\/li>\n\n\n\n<li><strong>Vagas:<\/strong> CR<\/li>\n\n\n\n<li><strong>Sal\u00e1rio inicial:<\/strong> R$ 2.021,50 a R$ 6.100,59<\/li>\n\n\n\n<li><strong>Edital:<\/strong>\u00a0<a href=\"https:\/\/dhg1h5j42swfq.cloudfront.net\/2026\/01\/17105709\/franca-1.pdf\" target=\"_blank\" rel=\"noreferrer noopener nofollow\">01\/2026<\/a>\u00a0|\u00a0<a href=\"https:\/\/dhg1h5j42swfq.cloudfront.net\/2026\/01\/17105706\/franca-2.pdf\" target=\"_blank\" rel=\"noreferrer noopener nofollow\">02\/2026<\/a>\u00a0|\u00a0<a href=\"https:\/\/dhg1h5j42swfq.cloudfront.net\/2026\/01\/17105703\/franca-3.pdf\" target=\"_blank\" rel=\"noreferrer noopener nofollow\">03\/2026<\/a><\/li>\n<\/ul>\n\n\n\n<h3 class=\"wp-block-heading has-text-align-center\" id=\"h-quer-ficar-por-dentro-de-mais-informacoes-sobre-o-mundo-dos-concursos-alem-dos-editais-da-semana-entao-confira-as-principais-noticias-do-dia\"><em>Quer ficar por dentro de mais informa\u00e7\u00f5es sobre o mundo dos concursos, al\u00e9m dos editais da semana? Ent\u00e3o confira as principais not\u00edcias do dia!<\/em><\/h3>\n\n\n\n<p class=\"has-text-align-center has-background\" style=\"background-color:#ededed;font-size:clamp(14.642px, 0.915rem + ((1vw - 3.2px) * 0.721), 22px);px\"><strong><a href=\"https:\/\/www.estrategiaconcursos.com.br\/blog\/principais-noticias-do-dia\/\" target=\"_blank\" rel=\"noreferrer noopener\">Principais not\u00edcias do dia<\/a><\/strong><\/p>\n\n\n\n<div class=\"container\" id=\"boxes\">\r\n  <div class=\"row\">\r\n\r\n    <div class=\"col-sm\">\r\n      <div class=\"estrategia\" id=\"box-assinatura\">\r\n        <h3 class=\"titulo-assinatura\">Assinatura Concursos<\/h3>\r\n        <p class=\"subtitulo-assinatura\">Assinatura de 1 ano ou 2 anos<\/p>\r\n        <div class=\"box-botao\">\r\n          <a class=\"btn-assinatura\" target=\"_blank\" href=\"https:\/\/www.estrategiaconcursos.com.br\/assinaturas\/\" role=\"button\" rel=\"noopener noreferrer\">ASSINE AGORA<\/a>\r\n        <\/div>\r\n      <\/div><\/div><\/div><\/div>\n\n\n\n<h2 class=\"wp-block-heading has-text-align-center\" id=\"h-quer-saber-tudo-sobre-concursos-previstos-e-editais-da-semana-confira-os-nossos-artigos\">Quer saber tudo sobre concursos previstos e editais da semana?<br \/>Confira os nossos artigos!<\/h2>\n\n\n\n<ul class=\"wp-block-list\">\n<li><a href=\"https:\/\/www.estrategiaconcursos.com.br\/blog\/concursos-abertos\/\" target=\"_blank\" rel=\"noreferrer noopener\">Concursos Abertos<\/a><\/li>\n\n\n\n<li><a href=\"https:\/\/www.estrategiaconcursos.com.br\/blog\/concursos-prefeitura\/\" target=\"_blank\" rel=\"noreferrer noopener\">Concursos Abertos Prefeitura<\/a><\/li>\n\n\n\n<li><a href=\"https:\/\/www.estrategiaconcursos.com.br\/blog\/concursos-2026\/\" target=\"_blank\" rel=\"noreferrer noopener\">Concursos 2026<\/a><\/li>\n<\/ul>\n\n\n\n<p><\/p>\n","protected":false},"excerpt":{"rendered":"<p>A 2\u00aa semana de 2026 chegou ao fim e, com ela, diversos editais de concursos p\u00fablicos alcan\u00e7aram a pra\u00e7a, trazendo oportunidades indispens\u00e1veis para aqueles que sonham com a aprova\u00e7\u00e3o. Ao todo, foram garantidas 1.498 oportunidades imediatas e de cadastro reserva para diversos cargos de \u00e2mbitos municipais, estaduais e federais. Entre eles, destacam-se sempre as oportunidades [&hellip;]<\/p>\n","protected":false},"author":2692,"featured_media":1571644,"comment_status":"open","ping_status":"closed","sticky":false,"template":"","format":"standard","meta":{"post_tipo":"news","footnotes":""},"categories":[1,214992,220219],"tags":[],"tax_estado":[219963],"class_list":["post-1697695","post","type-post","status-publish","format-standard","has-post-thumbnail","hentry","category-cursos-e-concursos","category-concursos-administrativos","category-noticias","tax_estado-concursos-federais"],"acf":[],"yoast_head":"<!-- This site is optimized with the Yoast SEO Premium plugin v27.2 (Yoast SEO v27.2) - https:\/\/yoast.com\/product\/yoast-seo-premium-wordpress\/ -->\n<title>Concursos P\u00fablicos: 29 editais esta semana; mais de mil vagas!<\/title>\n<meta name=\"description\" content=\"Concurso P\u00fablico 2026: 29 editais sa\u00edram ao longo desta semana (12 a 16\/01). Confira o n\u00famero de oportunidades, remunera\u00e7\u00e3o e datas\" \/>\n<meta name=\"robots\" content=\"index, follow, max-snippet:-1, max-image-preview:large, max-video-preview:-1\" \/>\n<link rel=\"canonical\" href=\"https:\/\/www.estrategiaconcursos.com.br\/blog\/concurso-editais-semana-12-16-01\/\" \/>\n<meta property=\"og:locale\" content=\"pt_BR\" \/>\n<meta property=\"og:type\" content=\"article\" \/>\n<meta property=\"og:title\" content=\"Concursos P\u00fablicos: 29 editais esta semana; mais de mil vagas!\" \/>\n<meta property=\"og:description\" content=\"Concurso P\u00fablico 2026: 29 editais sa\u00edram ao longo desta semana (12 a 16\/01). Confira o n\u00famero de oportunidades, remunera\u00e7\u00e3o e datas\" \/>\n<meta property=\"og:url\" content=\"https:\/\/www.estrategiaconcursos.com.br\/blog\/concurso-editais-semana-12-16-01\/\" \/>\n<meta property=\"og:site_name\" content=\"Estrat\u00e9gia Concursos\" \/>\n<meta property=\"article:published_time\" content=\"2026-01-16T21:00:00+00:00\" \/>\n<meta property=\"article:modified_time\" content=\"2026-01-20T16:10:33+00:00\" \/>\n<meta property=\"og:image\" content=\"https:\/\/dhg1h5j42swfq.cloudfront.net\/2025\/05\/05161312\/concursos-2026.jpg\" \/>\n\t<meta property=\"og:image:width\" content=\"768\" \/>\n\t<meta property=\"og:image:height\" content=\"432\" \/>\n\t<meta property=\"og:image:type\" content=\"image\/jpeg\" \/>\n<meta name=\"author\" content=\"Ronaldo Scanavini Neto\" \/>\n<meta name=\"twitter:card\" content=\"summary_large_image\" \/>\n<meta name=\"twitter:creator\" content=\"@EstratConcursos\" \/>\n<meta name=\"twitter:site\" content=\"@EstratConcursos\" \/>\n<meta name=\"twitter:label1\" content=\"Escrito por\" \/>\n\t<meta name=\"twitter:data1\" content=\"Ronaldo Scanavini Neto\" \/>\n\t<meta name=\"twitter:label2\" content=\"Est. tempo de leitura\" \/>\n\t<meta name=\"twitter:data2\" content=\"5 minutos\" \/>\n<script type=\"application\/ld+json\" class=\"yoast-schema-graph\">{\"@context\":\"https:\/\/schema.org\",\"@graph\":[{\"@type\":\"NewsArticle\",\"@id\":\"https:\/\/www.estrategiaconcursos.com.br\/blog\/concurso-editais-semana-12-16-01\/#article\",\"isPartOf\":{\"@id\":\"https:\/\/www.estrategiaconcursos.com.br\/blog\/concurso-editais-semana-12-16-01\/\"},\"author\":{\"name\":\"Ronaldo Scanavini Neto\",\"@id\":\"https:\/\/www.estrategiaconcursos.com.br\/blog\/#\/schema\/person\/70c2ad4297aa24ff8815b08215b23a76\"},\"headline\":\"Concursos P\u00fablicos: 29 editais esta semana; mais de mil vagas!\",\"datePublished\":\"2026-01-16T21:00:00+00:00\",\"dateModified\":\"2026-01-20T16:10:33+00:00\",\"mainEntityOfPage\":{\"@id\":\"https:\/\/www.estrategiaconcursos.com.br\/blog\/concurso-editais-semana-12-16-01\/\"},\"wordCount\":1014,\"commentCount\":0,\"publisher\":{\"@id\":\"https:\/\/www.estrategiaconcursos.com.br\/blog\/#organization\"},\"image\":{\"@id\":\"https:\/\/www.estrategiaconcursos.com.br\/blog\/concurso-editais-semana-12-16-01\/#primaryimage\"},\"thumbnailUrl\":\"https:\/\/dhg1h5j42swfq.cloudfront.net\/2025\/05\/05161312\/concursos-2026.jpg\",\"articleSection\":[\"Concursos P\u00fablicos\",\"Executivo (Administrativa)\",\"\u00daltimas not\u00edcias\"],\"inLanguage\":\"pt-BR\",\"potentialAction\":[{\"@type\":\"CommentAction\",\"name\":\"Comment\",\"target\":[\"https:\/\/www.estrategiaconcursos.com.br\/blog\/concurso-editais-semana-12-16-01\/#respond\"]}],\"copyrightYear\":\"2026\",\"copyrightHolder\":{\"@id\":\"https:\/\/www.estrategiaconcursos.com.br\/blog\/#organization\"}},{\"@type\":\"WebPage\",\"@id\":\"https:\/\/www.estrategiaconcursos.com.br\/blog\/concurso-editais-semana-12-16-01\/\",\"url\":\"https:\/\/www.estrategiaconcursos.com.br\/blog\/concurso-editais-semana-12-16-01\/\",\"name\":\"Concursos P\u00fablicos: 29 editais esta semana; mais de mil vagas!\",\"isPartOf\":{\"@id\":\"https:\/\/www.estrategiaconcursos.com.br\/blog\/#website\"},\"primaryImageOfPage\":{\"@id\":\"https:\/\/www.estrategiaconcursos.com.br\/blog\/concurso-editais-semana-12-16-01\/#primaryimage\"},\"image\":{\"@id\":\"https:\/\/www.estrategiaconcursos.com.br\/blog\/concurso-editais-semana-12-16-01\/#primaryimage\"},\"thumbnailUrl\":\"https:\/\/dhg1h5j42swfq.cloudfront.net\/2025\/05\/05161312\/concursos-2026.jpg\",\"datePublished\":\"2026-01-16T21:00:00+00:00\",\"dateModified\":\"2026-01-20T16:10:33+00:00\",\"description\":\"Concurso P\u00fablico 2026: 29 editais sa\u00edram ao longo desta semana (12 a 16\/01). Confira o n\u00famero de oportunidades, remunera\u00e7\u00e3o e datas\",\"breadcrumb\":{\"@id\":\"https:\/\/www.estrategiaconcursos.com.br\/blog\/concurso-editais-semana-12-16-01\/#breadcrumb\"},\"inLanguage\":\"pt-BR\",\"potentialAction\":[{\"@type\":\"ReadAction\",\"target\":[\"https:\/\/www.estrategiaconcursos.com.br\/blog\/concurso-editais-semana-12-16-01\/\"]}]},{\"@type\":\"ImageObject\",\"inLanguage\":\"pt-BR\",\"@id\":\"https:\/\/www.estrategiaconcursos.com.br\/blog\/concurso-editais-semana-12-16-01\/#primaryimage\",\"url\":\"https:\/\/dhg1h5j42swfq.cloudfront.net\/2025\/05\/05161312\/concursos-2026.jpg\",\"contentUrl\":\"https:\/\/dhg1h5j42swfq.cloudfront.net\/2025\/05\/05161312\/concursos-2026.jpg\",\"width\":768,\"height\":432,\"caption\":\"Concursos P\u00fablicos\"},{\"@type\":\"BreadcrumbList\",\"@id\":\"https:\/\/www.estrategiaconcursos.com.br\/blog\/concurso-editais-semana-12-16-01\/#breadcrumb\",\"itemListElement\":[{\"@type\":\"ListItem\",\"position\":1,\"name\":\"In\u00edcio\",\"item\":\"https:\/\/www.estrategiaconcursos.com.br\/blog\/\"},{\"@type\":\"ListItem\",\"position\":2,\"name\":\"Concursos P\u00fablicos: 29 editais esta semana; mais de mil vagas!\"}]},{\"@type\":\"WebSite\",\"@id\":\"https:\/\/www.estrategiaconcursos.com.br\/blog\/#website\",\"url\":\"https:\/\/www.estrategiaconcursos.com.br\/blog\/\",\"name\":\"Estrat\u00e9gia Concursos\",\"description\":\"O blog da Estrat\u00e9gia Concursos traz not\u00edcias sobre concursos e artigos de professores oferecendo cursos para concursos (pdf + videaulas) no site.\",\"publisher\":{\"@id\":\"https:\/\/www.estrategiaconcursos.com.br\/blog\/#organization\"},\"potentialAction\":[{\"@type\":\"SearchAction\",\"target\":{\"@type\":\"EntryPoint\",\"urlTemplate\":\"https:\/\/www.estrategiaconcursos.com.br\/blog\/?s={search_term_string}\"},\"query-input\":{\"@type\":\"PropertyValueSpecification\",\"valueRequired\":true,\"valueName\":\"search_term_string\"}}],\"inLanguage\":\"pt-BR\"},{\"@type\":\"Organization\",\"@id\":\"https:\/\/www.estrategiaconcursos.com.br\/blog\/#organization\",\"name\":\"Estrat\u00e9gia Concursos\",\"url\":\"https:\/\/www.estrategiaconcursos.com.br\/blog\/\",\"logo\":{\"@type\":\"ImageObject\",\"inLanguage\":\"pt-BR\",\"@id\":\"https:\/\/www.estrategiaconcursos.com.br\/blog\/#\/schema\/logo\/image\/\",\"url\":\"https:\/\/dhg1h5j42swfq.cloudfront.net\/2025\/06\/03203428\/logo_concursos-1.jpg\",\"contentUrl\":\"https:\/\/dhg1h5j42swfq.cloudfront.net\/2025\/06\/03203428\/logo_concursos-1.jpg\",\"width\":230,\"height\":60,\"caption\":\"Estrat\u00e9gia Concursos\"},\"image\":{\"@id\":\"https:\/\/www.estrategiaconcursos.com.br\/blog\/#\/schema\/logo\/image\/\"},\"sameAs\":[\"https:\/\/x.com\/EstratConcursos\"]},{\"@type\":\"Person\",\"@id\":\"https:\/\/www.estrategiaconcursos.com.br\/blog\/#\/schema\/person\/70c2ad4297aa24ff8815b08215b23a76\",\"name\":\"Ronaldo Scanavini Neto\",\"image\":{\"@type\":\"ImageObject\",\"inLanguage\":\"pt-BR\",\"@id\":\"https:\/\/secure.gravatar.com\/avatar\/f93d8e56fe264596e94aee6b3feb737d98ad0fc5bac7eb0a245f04723c5c8f21?s=96&d=mm&r=g\",\"url\":\"https:\/\/secure.gravatar.com\/avatar\/f93d8e56fe264596e94aee6b3feb737d98ad0fc5bac7eb0a245f04723c5c8f21?s=96&d=mm&r=g\",\"contentUrl\":\"https:\/\/secure.gravatar.com\/avatar\/f93d8e56fe264596e94aee6b3feb737d98ad0fc5bac7eb0a245f04723c5c8f21?s=96&d=mm&r=g\",\"caption\":\"Ronaldo Scanavini Neto\"},\"description\":\"Graduando em Comunica\u00e7\u00e3o Social \u2013 Jornalismo pela Universidade Federal de Vi\u00e7osa (UFV). Integra a equipe de jornalismo do Estrat\u00e9gia Concursos desde 2023, atuando com \u00eanfase na cobertura da \u00e1rea fiscal. Tamb\u00e9m realiza a apura\u00e7\u00e3o e produ\u00e7\u00e3o de not\u00edcias sobre concursos federais, \u00f3rg\u00e3os participantes do CNU e das \u00e1reas de controle, gest\u00e3o, engenharia, Exame CFC, comunica\u00e7\u00e3o social TI e \u00e1rea de concursos administrativos.\",\"url\":\"https:\/\/www.estrategiaconcursos.com.br\/blog\/author\/ronaldo-netoestrategia-com\/\"}]}<\/script>\n<!-- \/ Yoast SEO Premium plugin. -->","yoast_head_json":{"title":"Concursos P\u00fablicos: 29 editais esta semana; mais de mil vagas!","description":"Concurso P\u00fablico 2026: 29 editais sa\u00edram ao longo desta semana (12 a 16\/01). Confira o n\u00famero de oportunidades, remunera\u00e7\u00e3o e datas","robots":{"index":"index","follow":"follow","max-snippet":"max-snippet:-1","max-image-preview":"max-image-preview:large","max-video-preview":"max-video-preview:-1"},"canonical":"https:\/\/www.estrategiaconcursos.com.br\/blog\/concurso-editais-semana-12-16-01\/","og_locale":"pt_BR","og_type":"article","og_title":"Concursos P\u00fablicos: 29 editais esta semana; mais de mil vagas!","og_description":"Concurso P\u00fablico 2026: 29 editais sa\u00edram ao longo desta semana (12 a 16\/01). Confira o n\u00famero de oportunidades, remunera\u00e7\u00e3o e datas","og_url":"https:\/\/www.estrategiaconcursos.com.br\/blog\/concurso-editais-semana-12-16-01\/","og_site_name":"Estrat\u00e9gia Concursos","article_published_time":"2026-01-16T21:00:00+00:00","article_modified_time":"2026-01-20T16:10:33+00:00","og_image":[{"width":768,"height":432,"url":"https:\/\/dhg1h5j42swfq.cloudfront.net\/2025\/05\/05161312\/concursos-2026.jpg","type":"image\/jpeg"}],"author":"Ronaldo Scanavini Neto","twitter_card":"summary_large_image","twitter_creator":"@EstratConcursos","twitter_site":"@EstratConcursos","twitter_misc":{"Escrito por":"Ronaldo Scanavini Neto","Est. tempo de leitura":"5 minutos"},"schema":{"@context":"https:\/\/schema.org","@graph":[{"@type":"NewsArticle","@id":"https:\/\/www.estrategiaconcursos.com.br\/blog\/concurso-editais-semana-12-16-01\/#article","isPartOf":{"@id":"https:\/\/www.estrategiaconcursos.com.br\/blog\/concurso-editais-semana-12-16-01\/"},"author":{"name":"Ronaldo Scanavini Neto","@id":"https:\/\/www.estrategiaconcursos.com.br\/blog\/#\/schema\/person\/70c2ad4297aa24ff8815b08215b23a76"},"headline":"Concursos P\u00fablicos: 29 editais esta semana; mais de mil vagas!","datePublished":"2026-01-16T21:00:00+00:00","dateModified":"2026-01-20T16:10:33+00:00","mainEntityOfPage":{"@id":"https:\/\/www.estrategiaconcursos.com.br\/blog\/concurso-editais-semana-12-16-01\/"},"wordCount":1014,"commentCount":0,"publisher":{"@id":"https:\/\/www.estrategiaconcursos.com.br\/blog\/#organization"},"image":{"@id":"https:\/\/www.estrategiaconcursos.com.br\/blog\/concurso-editais-semana-12-16-01\/#primaryimage"},"thumbnailUrl":"https:\/\/dhg1h5j42swfq.cloudfront.net\/2025\/05\/05161312\/concursos-2026.jpg","articleSection":["Concursos P\u00fablicos","Executivo (Administrativa)","\u00daltimas not\u00edcias"],"inLanguage":"pt-BR","potentialAction":[{"@type":"CommentAction","name":"Comment","target":["https:\/\/www.estrategiaconcursos.com.br\/blog\/concurso-editais-semana-12-16-01\/#respond"]}],"copyrightYear":"2026","copyrightHolder":{"@id":"https:\/\/www.estrategiaconcursos.com.br\/blog\/#organization"}},{"@type":"WebPage","@id":"https:\/\/www.estrategiaconcursos.com.br\/blog\/concurso-editais-semana-12-16-01\/","url":"https:\/\/www.estrategiaconcursos.com.br\/blog\/concurso-editais-semana-12-16-01\/","name":"Concursos P\u00fablicos: 29 editais esta semana; mais de mil vagas!","isPartOf":{"@id":"https:\/\/www.estrategiaconcursos.com.br\/blog\/#website"},"primaryImageOfPage":{"@id":"https:\/\/www.estrategiaconcursos.com.br\/blog\/concurso-editais-semana-12-16-01\/#primaryimage"},"image":{"@id":"https:\/\/www.estrategiaconcursos.com.br\/blog\/concurso-editais-semana-12-16-01\/#primaryimage"},"thumbnailUrl":"https:\/\/dhg1h5j42swfq.cloudfront.net\/2025\/05\/05161312\/concursos-2026.jpg","datePublished":"2026-01-16T21:00:00+00:00","dateModified":"2026-01-20T16:10:33+00:00","description":"Concurso P\u00fablico 2026: 29 editais sa\u00edram ao longo desta semana (12 a 16\/01). Confira o n\u00famero de oportunidades, remunera\u00e7\u00e3o e datas","breadcrumb":{"@id":"https:\/\/www.estrategiaconcursos.com.br\/blog\/concurso-editais-semana-12-16-01\/#breadcrumb"},"inLanguage":"pt-BR","potentialAction":[{"@type":"ReadAction","target":["https:\/\/www.estrategiaconcursos.com.br\/blog\/concurso-editais-semana-12-16-01\/"]}]},{"@type":"ImageObject","inLanguage":"pt-BR","@id":"https:\/\/www.estrategiaconcursos.com.br\/blog\/concurso-editais-semana-12-16-01\/#primaryimage","url":"https:\/\/dhg1h5j42swfq.cloudfront.net\/2025\/05\/05161312\/concursos-2026.jpg","contentUrl":"https:\/\/dhg1h5j42swfq.cloudfront.net\/2025\/05\/05161312\/concursos-2026.jpg","width":768,"height":432,"caption":"Concursos P\u00fablicos"},{"@type":"BreadcrumbList","@id":"https:\/\/www.estrategiaconcursos.com.br\/blog\/concurso-editais-semana-12-16-01\/#breadcrumb","itemListElement":[{"@type":"ListItem","position":1,"name":"In\u00edcio","item":"https:\/\/www.estrategiaconcursos.com.br\/blog\/"},{"@type":"ListItem","position":2,"name":"Concursos P\u00fablicos: 29 editais esta semana; mais de mil vagas!"}]},{"@type":"WebSite","@id":"https:\/\/www.estrategiaconcursos.com.br\/blog\/#website","url":"https:\/\/www.estrategiaconcursos.com.br\/blog\/","name":"Estrat\u00e9gia Concursos","description":"O blog da Estrat\u00e9gia Concursos traz not\u00edcias sobre concursos e artigos de professores oferecendo cursos para concursos (pdf + videaulas) no site.","publisher":{"@id":"https:\/\/www.estrategiaconcursos.com.br\/blog\/#organization"},"potentialAction":[{"@type":"SearchAction","target":{"@type":"EntryPoint","urlTemplate":"https:\/\/www.estrategiaconcursos.com.br\/blog\/?s={search_term_string}"},"query-input":{"@type":"PropertyValueSpecification","valueRequired":true,"valueName":"search_term_string"}}],"inLanguage":"pt-BR"},{"@type":"Organization","@id":"https:\/\/www.estrategiaconcursos.com.br\/blog\/#organization","name":"Estrat\u00e9gia Concursos","url":"https:\/\/www.estrategiaconcursos.com.br\/blog\/","logo":{"@type":"ImageObject","inLanguage":"pt-BR","@id":"https:\/\/www.estrategiaconcursos.com.br\/blog\/#\/schema\/logo\/image\/","url":"https:\/\/dhg1h5j42swfq.cloudfront.net\/2025\/06\/03203428\/logo_concursos-1.jpg","contentUrl":"https:\/\/dhg1h5j42swfq.cloudfront.net\/2025\/06\/03203428\/logo_concursos-1.jpg","width":230,"height":60,"caption":"Estrat\u00e9gia Concursos"},"image":{"@id":"https:\/\/www.estrategiaconcursos.com.br\/blog\/#\/schema\/logo\/image\/"},"sameAs":["https:\/\/x.com\/EstratConcursos"]},{"@type":"Person","@id":"https:\/\/www.estrategiaconcursos.com.br\/blog\/#\/schema\/person\/70c2ad4297aa24ff8815b08215b23a76","name":"Ronaldo Scanavini Neto","image":{"@type":"ImageObject","inLanguage":"pt-BR","@id":"https:\/\/secure.gravatar.com\/avatar\/f93d8e56fe264596e94aee6b3feb737d98ad0fc5bac7eb0a245f04723c5c8f21?s=96&d=mm&r=g","url":"https:\/\/secure.gravatar.com\/avatar\/f93d8e56fe264596e94aee6b3feb737d98ad0fc5bac7eb0a245f04723c5c8f21?s=96&d=mm&r=g","contentUrl":"https:\/\/secure.gravatar.com\/avatar\/f93d8e56fe264596e94aee6b3feb737d98ad0fc5bac7eb0a245f04723c5c8f21?s=96&d=mm&r=g","caption":"Ronaldo Scanavini Neto"},"description":"Graduando em Comunica\u00e7\u00e3o Social \u2013 Jornalismo pela Universidade Federal de Vi\u00e7osa (UFV). Integra a equipe de jornalismo do Estrat\u00e9gia Concursos desde 2023, atuando com \u00eanfase na cobertura da \u00e1rea fiscal. Tamb\u00e9m realiza a apura\u00e7\u00e3o e produ\u00e7\u00e3o de not\u00edcias sobre concursos federais, \u00f3rg\u00e3os participantes do CNU e das \u00e1reas de controle, gest\u00e3o, engenharia, Exame CFC, comunica\u00e7\u00e3o social TI e \u00e1rea de concursos administrativos.","url":"https:\/\/www.estrategiaconcursos.com.br\/blog\/author\/ronaldo-netoestrategia-com\/"}]}},"_links":{"self":[{"href":"https:\/\/www.estrategiaconcursos.com.br\/blog\/wp-json\/wp\/v2\/posts\/1697695","targetHints":{"allow":["GET"]}}],"collection":[{"href":"https:\/\/www.estrategiaconcursos.com.br\/blog\/wp-json\/wp\/v2\/posts"}],"about":[{"href":"https:\/\/www.estrategiaconcursos.com.br\/blog\/wp-json\/wp\/v2\/types\/post"}],"author":[{"embeddable":true,"href":"https:\/\/www.estrategiaconcursos.com.br\/blog\/wp-json\/wp\/v2\/users\/2692"}],"replies":[{"embeddable":true,"href":"https:\/\/www.estrategiaconcursos.com.br\/blog\/wp-json\/wp\/v2\/comments?post=1697695"}],"version-history":[{"count":11,"href":"https:\/\/www.estrategiaconcursos.com.br\/blog\/wp-json\/wp\/v2\/posts\/1697695\/revisions"}],"predecessor-version":[{"id":1701524,"href":"https:\/\/www.estrategiaconcursos.com.br\/blog\/wp-json\/wp\/v2\/posts\/1697695\/revisions\/1701524"}],"wp:featuredmedia":[{"embeddable":true,"href":"https:\/\/www.estrategiaconcursos.com.br\/blog\/wp-json\/wp\/v2\/media\/1571644"}],"wp:attachment":[{"href":"https:\/\/www.estrategiaconcursos.com.br\/blog\/wp-json\/wp\/v2\/media?parent=1697695"}],"wp:term":[{"taxonomy":"category","embeddable":true,"href":"https:\/\/www.estrategiaconcursos.com.br\/blog\/wp-json\/wp\/v2\/categories?post=1697695"},{"taxonomy":"post_tag","embeddable":true,"href":"https:\/\/www.estrategiaconcursos.com.br\/blog\/wp-json\/wp\/v2\/tags?post=1697695"},{"taxonomy":"tax_estado","embeddable":true,"href":"https:\/\/www.estrategiaconcursos.com.br\/blog\/wp-json\/wp\/v2\/tax_estado?post=1697695"}],"curies":[{"name":"wp","href":"https:\/\/api.w.org\/{rel}","templated":true}]}}