{"id":1697382,"date":"2026-01-12T08:58:40","date_gmt":"2026-01-12T11:58:40","guid":{"rendered":"https:\/\/www.estrategiaconcursos.com.br\/blog\/?p=1697382"},"modified":"2026-01-12T08:58:41","modified_gmt":"2026-01-12T11:58:41","slug":"concurso-sefaz-pr-os-horarios-orientacoes-de-prova","status":"publish","type":"post","link":"https:\/\/www.estrategiaconcursos.com.br\/blog\/concurso-sefaz-pr-os-horarios-orientacoes-de-prova\/","title":{"rendered":"Concurso Sefaz PR: veja os hor\u00e1rios e orienta\u00e7\u00f5es de prova"},"content":{"rendered":"\n<p>Acontecem no dia 25 de janeiro as provas do concurso <strong>Sefaz PR<\/strong> (<a href=\"https:\/\/www.estrategiaconcursos.com.br\/cursosPorConcurso\/secretaria-da-fazenda-do-estado-do-parana-sefaz-pr\/\" target=\"_blank\" rel=\"noreferrer noopener\">Secretaria de Estado da Fazenda do Paran\u00e1<\/a>) e os hor\u00e1rios de prova j\u00e1 podem ser consultados!<\/p>\n\n\n\n<p>A aplica\u00e7\u00e3o da <strong>P1<\/strong> ser\u00e1 na parte da <strong>manh\u00e3<\/strong>, nos seguintes hor\u00e1rios (conforme hor\u00e1rio oficial de Bras\u00edlia\/DF):<\/p>\n\n\n\n<ul class=\"wp-block-list\">\n<li>Abertura dos port\u00f5es: <strong>7 horas<\/strong>;<\/li>\n\n\n\n<li>Fechamento dos port\u00f5es: <strong>8 horas<\/strong>;<\/li>\n\n\n\n<li>In\u00edcio das provas: <strong>8 horas e 30 minutos<\/strong>;<\/li>\n\n\n\n<li>Tempo de aplica\u00e7\u00e3o da prova: <strong>4 horas<\/strong> <strong>e 30 minutos<\/strong>.<\/li>\n<\/ul>\n\n\n\n<p>A aplica\u00e7\u00e3o da <strong>P2 <\/strong>e da <strong>P3<\/strong> (discursiva) ser\u00e1 na parte da <strong>tarde<\/strong>, nos seguintes hor\u00e1rios (conforme hor\u00e1rio oficial de Bras\u00edlia\/DF) abaixo:<\/p>\n\n\n\n<ul class=\"wp-block-list\">\n<li>Abertura dos port\u00f5es: <strong>14 horas<\/strong>;<\/li>\n\n\n\n<li>Fechamento dos port\u00f5es: <strong>15 horas<\/strong>;<\/li>\n\n\n\n<li>In\u00edcio das provas: <strong>15 horas e 30 minutos<\/strong>;<\/li>\n\n\n\n<li>Tempo de aplica\u00e7\u00e3o da prova: <strong>4 horas<\/strong>.<\/li>\n<\/ul>\n\n\n\n<p>Quanto aos locais de prova, os candidatos poder\u00e3o consultar seus endere\u00e7os a partir do dia 16 de janeiro, em link espec\u00edfico que ser\u00e1 divulgado no site da banca <a href=\"https:\/\/www.cebraspe.org.br\/concursos\/sefa_pr_25\" target=\"_blank\" rel=\"noreferrer noopener\">Cebraspe<\/a>.<\/p>\n\n\n\n<p>As avalia\u00e7\u00f5es ser\u00e3o realizadas nas cidades de\u00a0Cascavel\/PR, Curitiba\/PR, Londrina\/PR e Maring\u00e1\/PR.<\/p>\n\n\n\n<h3 class=\"wp-block-heading\" id=\"h-concurso-sefaz-pr-o-que-o-candidato-precisa-levar-para-a-prova\">Concurso Sefaz PR: o que o candidato precisa levar para a prova?<\/h3>\n\n\n\n<p>O candidato dever\u00e1 comparecer ao local designado para a realiza\u00e7\u00e3o das provas munido de caneta esferogr\u00e1fica de<strong> tinta preta fabricada em material transparente<\/strong>, do comprovante de inscri\u00e7\u00e3o e do documento de identidade <strong>original<\/strong>.<\/p>\n\n\n\n<h3 class=\"wp-block-heading\" id=\"h-concurso-sefaz-pr-o-que-e-proibido-levar-para-a-prova\">Concurso Sefaz PR: o que \u00e9 <span style=\"text-decoration: underline;\">proibido<\/span> levar para a prova?<\/h3>\n\n\n\n<p>Ser\u00e1 eliminado do concurso o candidato que, durante a realiza\u00e7\u00e3o das provas, for surpreendido portando:<\/p>\n\n\n\n<ul class=\"wp-block-list\">\n<li><strong>a)<\/strong> aparelhos eletr\u00f4nicos, tais como wearable tech, m\u00e1quinas calculadoras, agendas eletr\u00f4nicas e(ou) similares, telefones celulares, smartphones, tablets, ipods\u00ae, gravadores, pen drive, mp3 player e(ou) similar, rel\u00f3gio de qualquer esp\u00e9cie, alarmes, chaves com alarme ou com qualquer outro componente eletr\u00f4nico, fones de ouvido e(ou) qualquer transmissor, gravador e(ou) receptor de dados, imagens, v\u00eddeos e mensagens etc.;<\/li>\n\n\n\n<li><strong>b) <\/strong>\u00f3culos escuros, protetor auricular, l\u00e1pis, lapiseira\/grafite, marca-texto e(ou) borracha;<\/li>\n\n\n\n<li><strong>c) <\/strong>quaisquer acess\u00f3rios de chapelaria, tais como chap\u00e9u, bon\u00e9, gorro etc.;<\/li>\n\n\n\n<li><strong>d)<\/strong> qualquer recipiente ou embalagem que n\u00e3o seja fabricado com material transparente, tais como garrafa de \u00e1gua, suco, refrigerante e embalagem de alimentos (biscoitos, barras de cereais, chocolate, balas etc.);<\/li>\n\n\n\n<li><strong>e) <\/strong>armas brancas, tais como faca, tesoura, punhal, canivete ou similares.<\/li>\n<\/ul>\n\n\n\n<ul class=\"wp-block-list\">\n<li><strong><a href=\"https:\/\/dhg1h5j42swfq.cloudfront.net\/2026\/01\/12085129\/sefaz-pr.pdf\" target=\"_blank\" rel=\"noreferrer noopener nofollow\">Confira a convoca\u00e7\u00e3o de prova na \u00edntegra<\/a><\/strong><\/li>\n<\/ul>\n\n\n\n<div id=\"boxes\" class=\"container\">\n<div class=\"row\">\n<div class=\"col-sm\">\n<div id=\"box-assinatura\" class=\"banner-sefaz-ec\">\n<h2 class=\"titulo-assinatura\">Curso Concurso Sefaz PR<\/h2>\n<p class=\"subtitulo-assinatura\">Conhe\u00e7a os cursos para a Sefaz PR<\/p>\n<div class=\"box-botao\"><a class=\"btn-assinatura\" role=\"button\" href=\"https:\/\/www.estrategiaconcursos.com.br\/cursosPorConcurso\/secretaria-da-fazenda-do-estado-do-parana-sefaz-pr\/\" target=\"_blank\" rel=\"noopener noreferrer\">INICIAR PREPARA\u00c7\u00c3O<\/a><\/div>\n<\/div>\n<\/div>\n<\/div>\n<\/div>\n\n\n\n<p>Foram registradas\u00a0<strong>13.119 candidaturas<\/strong>\u00a0para as\u00a0<strong>60 vagas imediatas<\/strong>\u00a0mais cadastro reserva voltadas ao cargo de\u00a0<strong>Agente Fazend\u00e1rio Estadual<\/strong>\u00a0nas seguintes \u00e1reas espec\u00edficas:<\/p>\n\n\n\n<ul class=\"wp-block-list\">\n<li>12 vagas + CR:\u00a0<a href=\"https:\/\/www.estrategiaconcursos.com.br\/curso\/sefaz-pr-agente-fazendario-estadual-administrador-pacote-2025-pos-edital\/\" target=\"_blank\" rel=\"noreferrer noopener\">Administrador<\/a>;<\/li>\n\n\n\n<li>09 vagas + CR:\u00a0<a href=\"https:\/\/www.estrategiaconcursos.com.br\/curso\/sefaz-pr-agente-fazendario-estadual-analista-fazendario-pacote-2025-pos-edital\/\" target=\"_blank\" rel=\"noreferrer noopener\">Analista Fazend\u00e1rio<\/a>\u00a0(qualquer \u00e1rea de forma\u00e7\u00e3o);<\/li>\n\n\n\n<li>25 vagas + CR:\u00a0<a href=\"https:\/\/www.estrategiaconcursos.com.br\/curso\/sefaz-pr-agente-fazendario-estadual-contador-pacote-2025-pos-edital\/\" target=\"_blank\" rel=\"noreferrer noopener\">Contador<\/a>;<\/li>\n\n\n\n<li>07 vagas + CR:\u00a0<a href=\"https:\/\/www.estrategiaconcursos.com.br\/curso\/sefaz-pr-agente-fazendario-estadual-economista-pacote-2025-pos-edital\/\" target=\"_blank\" rel=\"noreferrer noopener\">Economista<\/a>;<\/li>\n\n\n\n<li>01 vaga + CR:\u00a0<a href=\"https:\/\/www.estrategiaconcursos.com.br\/curso\/sefaz-pr-agente-fazendario-estadual-estatistico-pacote-2025-pos-edital\/\" target=\"_blank\" rel=\"noreferrer noopener\">Estat\u00edstico<\/a>; e<\/li>\n\n\n\n<li>06 vagas + CR:\u00a0<a href=\"https:\/\/www.estrategiaconcursos.com.br\/curso\/sefaz-pr-agente-fazendario-estadual-tecnologia-da-informacao-pacote-2025-pos-edital\/\" target=\"_blank\" rel=\"noreferrer noopener\">Profissional de Tecnologia da Informa\u00e7\u00e3o<\/a>.<\/li>\n<\/ul>\n\n\n\n<p>A remunera\u00e7\u00e3o do cargo \u00e9 de\u00a0<strong>R$\u00a012.960,00<\/strong>, mais aux\u00edlio-alimenta\u00e7\u00e3o. <\/p>\n\n\n\n<hr class=\"wp-block-separator has-alpha-channel-opacity is-style-dots\"\/>\n\n\n\n<p class=\"has-text-align-center\"><em>Para ficar por dentro de todas as informa\u00e7\u00f5es sobre o concurso Sefaz PR, al\u00e9m dos hor\u00e1rios de prova, n\u00e3o deixe de conferir nosso artigo completo sobre a sele\u00e7\u00e3o:<\/em><\/p>\n\n\n\n<p class=\"has-text-align-center has-background has-medium-font-size\" style=\"background-color:#d8dee3\"><strong><a href=\"https:\/\/www.estrategiaconcursos.com.br\/blog\/concurso-sefaz-pr\/\" target=\"_blank\" rel=\"noreferrer noopener\">Concurso Sefaz PR<\/a><\/strong><\/p>\n\n\n\n<hr class=\"wp-block-separator has-alpha-channel-opacity\"\/>\n\n\n\n<h2 class=\"wp-block-heading has-text-align-center\" id=\"cursos-assinatura\"><em>Quer estudar para o concurso Sefaz PR 2026?<\/em><\/h2>\n\n\n\n<div class=\"container\" id=\"boxes\">\n  <div class=\"row\">\n\n    <div class=\"col-sm\">\n      <div class=\"estrategia\" id=\"box-assinatura\">\n        <h3 class=\"titulo-assinatura\">Assinatura Concursos<\/h3>\n        <p class=\"subtitulo-assinatura\">Assinatura de 1 ano ou 2 anos<\/p>\n        <div class=\"box-botao\">\n          <a class=\"btn-assinatura\" target=\"_blank\" href=\"https:\/\/www.estrategiaconcursos.com.br\/assinaturas\/\" role=\"button\" rel=\"noopener noreferrer\">ASSINE AGORA<\/a>\n        <\/div>\n      <\/div><\/div><\/div><\/div>\n\n\n\n<h2 class=\"wp-block-heading has-text-align-center\" id=\"h-quer-saber-tudo-sobre-concursos-previstos-confira-nossos-artigos\">Quer saber tudo sobre concursos previstos?<br \/>Confira nossos artigos!<\/h2>\n\n\n\n<ul class=\"wp-block-list\">\n<li><a href=\"https:\/\/www.estrategiaconcursos.com.br\/blog\/concursos-abertos\/\" target=\"_blank\" rel=\"noreferrer noopener\">Concursos Abertos<\/a><\/li>\n\n\n\n<li><a href=\"https:\/\/www.estrategiaconcursos.com.br\/blog\/concursos-fiscais\/\" target=\"_blank\" rel=\"noreferrer noopener\">Concursos Fiscais<\/a><\/li>\n\n\n\n<li><a href=\"https:\/\/www.estrategiaconcursos.com.br\/blog\/concursos-2026\/\" target=\"_blank\" rel=\"noreferrer noopener\">Concursos 2026<\/a><\/li>\n\n\n\n<li><a href=\"https:\/\/www.estrategiaconcursos.com.br\/blog\/concursos-pr\/\" target=\"_blank\" rel=\"noreferrer noopener\">Concursos PR<\/a><\/li>\n<\/ul>\n","protected":false},"excerpt":{"rendered":"<p>Acontecem no dia 25 de janeiro as provas do concurso Sefaz PR (Secretaria de Estado da Fazenda do Paran\u00e1) e os hor\u00e1rios de prova j\u00e1 podem ser consultados! A aplica\u00e7\u00e3o da P1 ser\u00e1 na parte da manh\u00e3, nos seguintes hor\u00e1rios (conforme hor\u00e1rio oficial de Bras\u00edlia\/DF): A aplica\u00e7\u00e3o da P2 e da P3 (discursiva) ser\u00e1 na [&hellip;]<\/p>\n","protected":false},"author":659,"featured_media":1557945,"comment_status":"open","ping_status":"closed","sticky":false,"template":"","format":"standard","meta":{"post_tipo":"news","footnotes":""},"categories":[1983,220219],"tags":[],"tax_estado":[219981],"class_list":["post-1697382","post","type-post","status-publish","format-standard","has-post-thumbnail","hentry","category-fiscal-estadual","category-noticias","tax_estado-pr"],"acf":[],"yoast_head":"<!-- This site is optimized with the Yoast SEO Premium plugin v27.2 (Yoast SEO v27.2) - https:\/\/yoast.com\/product\/yoast-seo-premium-wordpress\/ -->\n<title>Concurso Sefaz PR: veja os hor\u00e1rios e orienta\u00e7\u00f5es de prova<\/title>\n<meta name=\"description\" content=\"Saiba todos os detalhes sobre o Concurso Sefaz PR: hor\u00e1rios das provas e informa\u00e7\u00f5es importantes para os candidatos.\" \/>\n<meta name=\"robots\" content=\"index, follow, max-snippet:-1, max-image-preview:large, max-video-preview:-1\" \/>\n<link rel=\"canonical\" href=\"https:\/\/www.estrategiaconcursos.com.br\/blog\/concurso-sefaz-pr-os-horarios-orientacoes-de-prova\/\" \/>\n<meta property=\"og:locale\" content=\"pt_BR\" \/>\n<meta property=\"og:type\" content=\"article\" \/>\n<meta property=\"og:title\" content=\"Concurso Sefaz PR: veja os hor\u00e1rios e orienta\u00e7\u00f5es de prova\" \/>\n<meta property=\"og:description\" content=\"Saiba todos os detalhes sobre o Concurso Sefaz PR: hor\u00e1rios das provas e informa\u00e7\u00f5es importantes para os candidatos.\" \/>\n<meta property=\"og:url\" content=\"https:\/\/www.estrategiaconcursos.com.br\/blog\/concurso-sefaz-pr-os-horarios-orientacoes-de-prova\/\" \/>\n<meta property=\"og:site_name\" content=\"Estrat\u00e9gia Concursos\" \/>\n<meta property=\"article:published_time\" content=\"2026-01-12T11:58:40+00:00\" \/>\n<meta property=\"article:modified_time\" content=\"2026-01-12T11:58:41+00:00\" \/>\n<meta property=\"og:image\" content=\"https:\/\/dhg1h5j42swfq.cloudfront.net\/2025\/04\/04122902\/concurso-sefaz-pr.jpg\" \/>\n\t<meta property=\"og:image:width\" content=\"1024\" \/>\n\t<meta property=\"og:image:height\" content=\"536\" \/>\n\t<meta property=\"og:image:type\" content=\"image\/jpeg\" \/>\n<meta name=\"author\" content=\"Camila Leite\" \/>\n<meta name=\"twitter:card\" content=\"summary_large_image\" \/>\n<meta name=\"twitter:creator\" content=\"@EstratConcursos\" \/>\n<meta name=\"twitter:site\" content=\"@EstratConcursos\" \/>\n<meta name=\"twitter:label1\" content=\"Escrito por\" \/>\n\t<meta name=\"twitter:data1\" content=\"Camila Leite\" \/>\n\t<meta name=\"twitter:label2\" content=\"Est. tempo de leitura\" \/>\n\t<meta name=\"twitter:data2\" content=\"3 minutos\" \/>\n<script type=\"application\/ld+json\" class=\"yoast-schema-graph\">{\"@context\":\"https:\/\/schema.org\",\"@graph\":[{\"@type\":\"NewsArticle\",\"@id\":\"https:\/\/www.estrategiaconcursos.com.br\/blog\/concurso-sefaz-pr-os-horarios-orientacoes-de-prova\/#article\",\"isPartOf\":{\"@id\":\"https:\/\/www.estrategiaconcursos.com.br\/blog\/concurso-sefaz-pr-os-horarios-orientacoes-de-prova\/\"},\"author\":{\"name\":\"Camila Leite\",\"@id\":\"https:\/\/www.estrategiaconcursos.com.br\/blog\/#\/schema\/person\/84ecdc6eb58d3cf1689bf76c5cd8fb38\"},\"headline\":\"Concurso Sefaz PR: veja os hor\u00e1rios e orienta\u00e7\u00f5es de prova\",\"datePublished\":\"2026-01-12T11:58:40+00:00\",\"dateModified\":\"2026-01-12T11:58:41+00:00\",\"mainEntityOfPage\":{\"@id\":\"https:\/\/www.estrategiaconcursos.com.br\/blog\/concurso-sefaz-pr-os-horarios-orientacoes-de-prova\/\"},\"wordCount\":553,\"commentCount\":0,\"publisher\":{\"@id\":\"https:\/\/www.estrategiaconcursos.com.br\/blog\/#organization\"},\"image\":{\"@id\":\"https:\/\/www.estrategiaconcursos.com.br\/blog\/concurso-sefaz-pr-os-horarios-orientacoes-de-prova\/#primaryimage\"},\"thumbnailUrl\":\"https:\/\/dhg1h5j42swfq.cloudfront.net\/2025\/04\/04122902\/concurso-sefaz-pr.jpg\",\"articleSection\":[\"Fiscal - Estadual (ICMS)\",\"\u00daltimas not\u00edcias\"],\"inLanguage\":\"pt-BR\",\"potentialAction\":[{\"@type\":\"CommentAction\",\"name\":\"Comment\",\"target\":[\"https:\/\/www.estrategiaconcursos.com.br\/blog\/concurso-sefaz-pr-os-horarios-orientacoes-de-prova\/#respond\"]}],\"copyrightYear\":\"2026\",\"copyrightHolder\":{\"@id\":\"https:\/\/www.estrategiaconcursos.com.br\/blog\/#organization\"}},{\"@type\":\"WebPage\",\"@id\":\"https:\/\/www.estrategiaconcursos.com.br\/blog\/concurso-sefaz-pr-os-horarios-orientacoes-de-prova\/\",\"url\":\"https:\/\/www.estrategiaconcursos.com.br\/blog\/concurso-sefaz-pr-os-horarios-orientacoes-de-prova\/\",\"name\":\"Concurso Sefaz PR: veja os hor\u00e1rios e orienta\u00e7\u00f5es de prova\",\"isPartOf\":{\"@id\":\"https:\/\/www.estrategiaconcursos.com.br\/blog\/#website\"},\"primaryImageOfPage\":{\"@id\":\"https:\/\/www.estrategiaconcursos.com.br\/blog\/concurso-sefaz-pr-os-horarios-orientacoes-de-prova\/#primaryimage\"},\"image\":{\"@id\":\"https:\/\/www.estrategiaconcursos.com.br\/blog\/concurso-sefaz-pr-os-horarios-orientacoes-de-prova\/#primaryimage\"},\"thumbnailUrl\":\"https:\/\/dhg1h5j42swfq.cloudfront.net\/2025\/04\/04122902\/concurso-sefaz-pr.jpg\",\"datePublished\":\"2026-01-12T11:58:40+00:00\",\"dateModified\":\"2026-01-12T11:58:41+00:00\",\"description\":\"Saiba todos os detalhes sobre o Concurso Sefaz PR: hor\u00e1rios das provas e informa\u00e7\u00f5es importantes para os candidatos.\",\"breadcrumb\":{\"@id\":\"https:\/\/www.estrategiaconcursos.com.br\/blog\/concurso-sefaz-pr-os-horarios-orientacoes-de-prova\/#breadcrumb\"},\"inLanguage\":\"pt-BR\",\"potentialAction\":[{\"@type\":\"ReadAction\",\"target\":[\"https:\/\/www.estrategiaconcursos.com.br\/blog\/concurso-sefaz-pr-os-horarios-orientacoes-de-prova\/\"]}]},{\"@type\":\"ImageObject\",\"inLanguage\":\"pt-BR\",\"@id\":\"https:\/\/www.estrategiaconcursos.com.br\/blog\/concurso-sefaz-pr-os-horarios-orientacoes-de-prova\/#primaryimage\",\"url\":\"https:\/\/dhg1h5j42swfq.cloudfront.net\/2025\/04\/04122902\/concurso-sefaz-pr.jpg\",\"contentUrl\":\"https:\/\/dhg1h5j42swfq.cloudfront.net\/2025\/04\/04122902\/concurso-sefaz-pr.jpg\",\"width\":1024,\"height\":536,\"caption\":\"Sefaz PR resultado final\"},{\"@type\":\"BreadcrumbList\",\"@id\":\"https:\/\/www.estrategiaconcursos.com.br\/blog\/concurso-sefaz-pr-os-horarios-orientacoes-de-prova\/#breadcrumb\",\"itemListElement\":[{\"@type\":\"ListItem\",\"position\":1,\"name\":\"In\u00edcio\",\"item\":\"https:\/\/www.estrategiaconcursos.com.br\/blog\/\"},{\"@type\":\"ListItem\",\"position\":2,\"name\":\"Concurso Sefaz PR: veja os hor\u00e1rios e orienta\u00e7\u00f5es de prova\"}]},{\"@type\":\"WebSite\",\"@id\":\"https:\/\/www.estrategiaconcursos.com.br\/blog\/#website\",\"url\":\"https:\/\/www.estrategiaconcursos.com.br\/blog\/\",\"name\":\"Estrat\u00e9gia Concursos\",\"description\":\"O blog da Estrat\u00e9gia Concursos traz not\u00edcias sobre concursos e artigos de professores oferecendo cursos para concursos (pdf + videaulas) no site.\",\"publisher\":{\"@id\":\"https:\/\/www.estrategiaconcursos.com.br\/blog\/#organization\"},\"potentialAction\":[{\"@type\":\"SearchAction\",\"target\":{\"@type\":\"EntryPoint\",\"urlTemplate\":\"https:\/\/www.estrategiaconcursos.com.br\/blog\/?s={search_term_string}\"},\"query-input\":{\"@type\":\"PropertyValueSpecification\",\"valueRequired\":true,\"valueName\":\"search_term_string\"}}],\"inLanguage\":\"pt-BR\"},{\"@type\":\"Organization\",\"@id\":\"https:\/\/www.estrategiaconcursos.com.br\/blog\/#organization\",\"name\":\"Estrat\u00e9gia Concursos\",\"url\":\"https:\/\/www.estrategiaconcursos.com.br\/blog\/\",\"logo\":{\"@type\":\"ImageObject\",\"inLanguage\":\"pt-BR\",\"@id\":\"https:\/\/www.estrategiaconcursos.com.br\/blog\/#\/schema\/logo\/image\/\",\"url\":\"https:\/\/dhg1h5j42swfq.cloudfront.net\/2025\/06\/03203428\/logo_concursos-1.jpg\",\"contentUrl\":\"https:\/\/dhg1h5j42swfq.cloudfront.net\/2025\/06\/03203428\/logo_concursos-1.jpg\",\"width\":230,\"height\":60,\"caption\":\"Estrat\u00e9gia Concursos\"},\"image\":{\"@id\":\"https:\/\/www.estrategiaconcursos.com.br\/blog\/#\/schema\/logo\/image\/\"},\"sameAs\":[\"https:\/\/x.com\/EstratConcursos\"]},{\"@type\":\"Person\",\"@id\":\"https:\/\/www.estrategiaconcursos.com.br\/blog\/#\/schema\/person\/84ecdc6eb58d3cf1689bf76c5cd8fb38\",\"name\":\"Camila Leite\",\"image\":{\"@type\":\"ImageObject\",\"inLanguage\":\"pt-BR\",\"@id\":\"https:\/\/secure.gravatar.com\/avatar\/f2f8faef639c8a2bfb7fb909912a56917f4c3a0aed064500168e2fb8ea55cf61?s=96&d=mm&r=g\",\"url\":\"https:\/\/secure.gravatar.com\/avatar\/f2f8faef639c8a2bfb7fb909912a56917f4c3a0aed064500168e2fb8ea55cf61?s=96&d=mm&r=g\",\"contentUrl\":\"https:\/\/secure.gravatar.com\/avatar\/f2f8faef639c8a2bfb7fb909912a56917f4c3a0aed064500168e2fb8ea55cf61?s=96&d=mm&r=g\",\"caption\":\"Camila Leite\"},\"description\":\"Formada em Design Gr\u00e1fico e em Propaganda e Marketing pela UNIP, integra a equipe de jornalismo do Estrat\u00e9gia Concursos desde 2018. Ao longo dos anos, construiu uma s\u00f3lida experi\u00eancia na produ\u00e7\u00e3o de conte\u00fado informativo e relevante para concurseiros. Desde 2020, atua na cobertura das \u00e1reas Fiscal \u2014 com \u00eanfase nas Secretarias de Fazenda (Sefaz) das regi\u00f5es Sul e Sudeste \u2014, al\u00e9m da cobertura de concursos federais, como CNU, Petrobras, CGU, Receita Federal, ag\u00eancias reguladoras (Anvisa, ANAC, entre outras) e INSS. Mant\u00e9m contato direto com os principais \u00f3rg\u00e3os p\u00fablicos, acompanhando editais, atualiza\u00e7\u00f5es e movimenta\u00e7\u00f5es importantes para os candidatos.\",\"sameAs\":[\"https:\/\/www.linkedin.com\/in\/camila-pinheiro-leite-9ba135b6\/\"],\"url\":\"https:\/\/www.estrategiaconcursos.com.br\/blog\/author\/camila-leiteestrategiaconcursos-com-br\/\"}]}<\/script>\n<!-- \/ Yoast SEO Premium plugin. -->","yoast_head_json":{"title":"Concurso Sefaz PR: veja os hor\u00e1rios e orienta\u00e7\u00f5es de prova","description":"Saiba todos os detalhes sobre o Concurso Sefaz PR: hor\u00e1rios das provas e informa\u00e7\u00f5es importantes para os candidatos.","robots":{"index":"index","follow":"follow","max-snippet":"max-snippet:-1","max-image-preview":"max-image-preview:large","max-video-preview":"max-video-preview:-1"},"canonical":"https:\/\/www.estrategiaconcursos.com.br\/blog\/concurso-sefaz-pr-os-horarios-orientacoes-de-prova\/","og_locale":"pt_BR","og_type":"article","og_title":"Concurso Sefaz PR: veja os hor\u00e1rios e orienta\u00e7\u00f5es de prova","og_description":"Saiba todos os detalhes sobre o Concurso Sefaz PR: hor\u00e1rios das provas e informa\u00e7\u00f5es importantes para os candidatos.","og_url":"https:\/\/www.estrategiaconcursos.com.br\/blog\/concurso-sefaz-pr-os-horarios-orientacoes-de-prova\/","og_site_name":"Estrat\u00e9gia Concursos","article_published_time":"2026-01-12T11:58:40+00:00","article_modified_time":"2026-01-12T11:58:41+00:00","og_image":[{"width":1024,"height":536,"url":"https:\/\/dhg1h5j42swfq.cloudfront.net\/2025\/04\/04122902\/concurso-sefaz-pr.jpg","type":"image\/jpeg"}],"author":"Camila Leite","twitter_card":"summary_large_image","twitter_creator":"@EstratConcursos","twitter_site":"@EstratConcursos","twitter_misc":{"Escrito por":"Camila Leite","Est. tempo de leitura":"3 minutos"},"schema":{"@context":"https:\/\/schema.org","@graph":[{"@type":"NewsArticle","@id":"https:\/\/www.estrategiaconcursos.com.br\/blog\/concurso-sefaz-pr-os-horarios-orientacoes-de-prova\/#article","isPartOf":{"@id":"https:\/\/www.estrategiaconcursos.com.br\/blog\/concurso-sefaz-pr-os-horarios-orientacoes-de-prova\/"},"author":{"name":"Camila Leite","@id":"https:\/\/www.estrategiaconcursos.com.br\/blog\/#\/schema\/person\/84ecdc6eb58d3cf1689bf76c5cd8fb38"},"headline":"Concurso Sefaz PR: veja os hor\u00e1rios e orienta\u00e7\u00f5es de prova","datePublished":"2026-01-12T11:58:40+00:00","dateModified":"2026-01-12T11:58:41+00:00","mainEntityOfPage":{"@id":"https:\/\/www.estrategiaconcursos.com.br\/blog\/concurso-sefaz-pr-os-horarios-orientacoes-de-prova\/"},"wordCount":553,"commentCount":0,"publisher":{"@id":"https:\/\/www.estrategiaconcursos.com.br\/blog\/#organization"},"image":{"@id":"https:\/\/www.estrategiaconcursos.com.br\/blog\/concurso-sefaz-pr-os-horarios-orientacoes-de-prova\/#primaryimage"},"thumbnailUrl":"https:\/\/dhg1h5j42swfq.cloudfront.net\/2025\/04\/04122902\/concurso-sefaz-pr.jpg","articleSection":["Fiscal - Estadual (ICMS)","\u00daltimas not\u00edcias"],"inLanguage":"pt-BR","potentialAction":[{"@type":"CommentAction","name":"Comment","target":["https:\/\/www.estrategiaconcursos.com.br\/blog\/concurso-sefaz-pr-os-horarios-orientacoes-de-prova\/#respond"]}],"copyrightYear":"2026","copyrightHolder":{"@id":"https:\/\/www.estrategiaconcursos.com.br\/blog\/#organization"}},{"@type":"WebPage","@id":"https:\/\/www.estrategiaconcursos.com.br\/blog\/concurso-sefaz-pr-os-horarios-orientacoes-de-prova\/","url":"https:\/\/www.estrategiaconcursos.com.br\/blog\/concurso-sefaz-pr-os-horarios-orientacoes-de-prova\/","name":"Concurso Sefaz PR: veja os hor\u00e1rios e orienta\u00e7\u00f5es de prova","isPartOf":{"@id":"https:\/\/www.estrategiaconcursos.com.br\/blog\/#website"},"primaryImageOfPage":{"@id":"https:\/\/www.estrategiaconcursos.com.br\/blog\/concurso-sefaz-pr-os-horarios-orientacoes-de-prova\/#primaryimage"},"image":{"@id":"https:\/\/www.estrategiaconcursos.com.br\/blog\/concurso-sefaz-pr-os-horarios-orientacoes-de-prova\/#primaryimage"},"thumbnailUrl":"https:\/\/dhg1h5j42swfq.cloudfront.net\/2025\/04\/04122902\/concurso-sefaz-pr.jpg","datePublished":"2026-01-12T11:58:40+00:00","dateModified":"2026-01-12T11:58:41+00:00","description":"Saiba todos os detalhes sobre o Concurso Sefaz PR: hor\u00e1rios das provas e informa\u00e7\u00f5es importantes para os candidatos.","breadcrumb":{"@id":"https:\/\/www.estrategiaconcursos.com.br\/blog\/concurso-sefaz-pr-os-horarios-orientacoes-de-prova\/#breadcrumb"},"inLanguage":"pt-BR","potentialAction":[{"@type":"ReadAction","target":["https:\/\/www.estrategiaconcursos.com.br\/blog\/concurso-sefaz-pr-os-horarios-orientacoes-de-prova\/"]}]},{"@type":"ImageObject","inLanguage":"pt-BR","@id":"https:\/\/www.estrategiaconcursos.com.br\/blog\/concurso-sefaz-pr-os-horarios-orientacoes-de-prova\/#primaryimage","url":"https:\/\/dhg1h5j42swfq.cloudfront.net\/2025\/04\/04122902\/concurso-sefaz-pr.jpg","contentUrl":"https:\/\/dhg1h5j42swfq.cloudfront.net\/2025\/04\/04122902\/concurso-sefaz-pr.jpg","width":1024,"height":536,"caption":"Sefaz PR resultado final"},{"@type":"BreadcrumbList","@id":"https:\/\/www.estrategiaconcursos.com.br\/blog\/concurso-sefaz-pr-os-horarios-orientacoes-de-prova\/#breadcrumb","itemListElement":[{"@type":"ListItem","position":1,"name":"In\u00edcio","item":"https:\/\/www.estrategiaconcursos.com.br\/blog\/"},{"@type":"ListItem","position":2,"name":"Concurso Sefaz PR: veja os hor\u00e1rios e orienta\u00e7\u00f5es de prova"}]},{"@type":"WebSite","@id":"https:\/\/www.estrategiaconcursos.com.br\/blog\/#website","url":"https:\/\/www.estrategiaconcursos.com.br\/blog\/","name":"Estrat\u00e9gia Concursos","description":"O blog da Estrat\u00e9gia Concursos traz not\u00edcias sobre concursos e artigos de professores oferecendo cursos para concursos (pdf + videaulas) no site.","publisher":{"@id":"https:\/\/www.estrategiaconcursos.com.br\/blog\/#organization"},"potentialAction":[{"@type":"SearchAction","target":{"@type":"EntryPoint","urlTemplate":"https:\/\/www.estrategiaconcursos.com.br\/blog\/?s={search_term_string}"},"query-input":{"@type":"PropertyValueSpecification","valueRequired":true,"valueName":"search_term_string"}}],"inLanguage":"pt-BR"},{"@type":"Organization","@id":"https:\/\/www.estrategiaconcursos.com.br\/blog\/#organization","name":"Estrat\u00e9gia Concursos","url":"https:\/\/www.estrategiaconcursos.com.br\/blog\/","logo":{"@type":"ImageObject","inLanguage":"pt-BR","@id":"https:\/\/www.estrategiaconcursos.com.br\/blog\/#\/schema\/logo\/image\/","url":"https:\/\/dhg1h5j42swfq.cloudfront.net\/2025\/06\/03203428\/logo_concursos-1.jpg","contentUrl":"https:\/\/dhg1h5j42swfq.cloudfront.net\/2025\/06\/03203428\/logo_concursos-1.jpg","width":230,"height":60,"caption":"Estrat\u00e9gia Concursos"},"image":{"@id":"https:\/\/www.estrategiaconcursos.com.br\/blog\/#\/schema\/logo\/image\/"},"sameAs":["https:\/\/x.com\/EstratConcursos"]},{"@type":"Person","@id":"https:\/\/www.estrategiaconcursos.com.br\/blog\/#\/schema\/person\/84ecdc6eb58d3cf1689bf76c5cd8fb38","name":"Camila Leite","image":{"@type":"ImageObject","inLanguage":"pt-BR","@id":"https:\/\/secure.gravatar.com\/avatar\/f2f8faef639c8a2bfb7fb909912a56917f4c3a0aed064500168e2fb8ea55cf61?s=96&d=mm&r=g","url":"https:\/\/secure.gravatar.com\/avatar\/f2f8faef639c8a2bfb7fb909912a56917f4c3a0aed064500168e2fb8ea55cf61?s=96&d=mm&r=g","contentUrl":"https:\/\/secure.gravatar.com\/avatar\/f2f8faef639c8a2bfb7fb909912a56917f4c3a0aed064500168e2fb8ea55cf61?s=96&d=mm&r=g","caption":"Camila Leite"},"description":"Formada em Design Gr\u00e1fico e em Propaganda e Marketing pela UNIP, integra a equipe de jornalismo do Estrat\u00e9gia Concursos desde 2018. Ao longo dos anos, construiu uma s\u00f3lida experi\u00eancia na produ\u00e7\u00e3o de conte\u00fado informativo e relevante para concurseiros. Desde 2020, atua na cobertura das \u00e1reas Fiscal \u2014 com \u00eanfase nas Secretarias de Fazenda (Sefaz) das regi\u00f5es Sul e Sudeste \u2014, al\u00e9m da cobertura de concursos federais, como CNU, Petrobras, CGU, Receita Federal, ag\u00eancias reguladoras (Anvisa, ANAC, entre outras) e INSS. Mant\u00e9m contato direto com os principais \u00f3rg\u00e3os p\u00fablicos, acompanhando editais, atualiza\u00e7\u00f5es e movimenta\u00e7\u00f5es importantes para os candidatos.","sameAs":["https:\/\/www.linkedin.com\/in\/camila-pinheiro-leite-9ba135b6\/"],"url":"https:\/\/www.estrategiaconcursos.com.br\/blog\/author\/camila-leiteestrategiaconcursos-com-br\/"}]}},"_links":{"self":[{"href":"https:\/\/www.estrategiaconcursos.com.br\/blog\/wp-json\/wp\/v2\/posts\/1697382","targetHints":{"allow":["GET"]}}],"collection":[{"href":"https:\/\/www.estrategiaconcursos.com.br\/blog\/wp-json\/wp\/v2\/posts"}],"about":[{"href":"https:\/\/www.estrategiaconcursos.com.br\/blog\/wp-json\/wp\/v2\/types\/post"}],"author":[{"embeddable":true,"href":"https:\/\/www.estrategiaconcursos.com.br\/blog\/wp-json\/wp\/v2\/users\/659"}],"replies":[{"embeddable":true,"href":"https:\/\/www.estrategiaconcursos.com.br\/blog\/wp-json\/wp\/v2\/comments?post=1697382"}],"version-history":[{"count":4,"href":"https:\/\/www.estrategiaconcursos.com.br\/blog\/wp-json\/wp\/v2\/posts\/1697382\/revisions"}],"predecessor-version":[{"id":1697399,"href":"https:\/\/www.estrategiaconcursos.com.br\/blog\/wp-json\/wp\/v2\/posts\/1697382\/revisions\/1697399"}],"wp:featuredmedia":[{"embeddable":true,"href":"https:\/\/www.estrategiaconcursos.com.br\/blog\/wp-json\/wp\/v2\/media\/1557945"}],"wp:attachment":[{"href":"https:\/\/www.estrategiaconcursos.com.br\/blog\/wp-json\/wp\/v2\/media?parent=1697382"}],"wp:term":[{"taxonomy":"category","embeddable":true,"href":"https:\/\/www.estrategiaconcursos.com.br\/blog\/wp-json\/wp\/v2\/categories?post=1697382"},{"taxonomy":"post_tag","embeddable":true,"href":"https:\/\/www.estrategiaconcursos.com.br\/blog\/wp-json\/wp\/v2\/tags?post=1697382"},{"taxonomy":"tax_estado","embeddable":true,"href":"https:\/\/www.estrategiaconcursos.com.br\/blog\/wp-json\/wp\/v2\/tax_estado?post=1697382"}],"curies":[{"name":"wp","href":"https:\/\/api.w.org\/{rel}","templated":true}]}}