{"id":1697312,"date":"2026-01-31T08:22:00","date_gmt":"2026-01-31T11:22:00","guid":{"rendered":"https:\/\/www.estrategiaconcursos.com.br\/blog\/?p=1697312"},"modified":"2026-01-19T21:07:24","modified_gmt":"2026-01-20T00:07:24","slug":"arguicao-descumprimento-preceito-fundamental-2-v2","status":"publish","type":"post","link":"https:\/\/www.estrategiaconcursos.com.br\/blog\/arguicao-descumprimento-preceito-fundamental-2-v2\/","title":{"rendered":"Resumo sobre a Argui\u00e7\u00e3o de Descumprimento de Preceito Fundamental"},"content":{"rendered":"\n<p>Ol\u00e1, tudo bem? Hoje faremos um resumo voltado para concursos p\u00fablicos tratando sobre a Argui\u00e7\u00e3o de Descumprimento de Preceito Fundamental (ADPF), importante a\u00e7\u00e3o prevista na pr\u00f3pria Constitui\u00e7\u00e3o Federal (CF\/88).<\/p>\n\n\n\n<p>De in\u00edcio, faremos uma breve abordagem sobre seu conceito e sua previs\u00e3o no ordenamento jur\u00eddico. Al\u00e9m disso, veremos a compet\u00eancia para julgamento da ADPF, o significado de \u201cpreceito fundamental\u201d e as hip\u00f3teses de cabimento.<\/p>\n\n\n\n<p>Vamos ao que interessa!<\/p>\n\n\n\n<figure class=\"wp-block-image aligncenter size-large is-resized\"><img loading=\"lazy\" decoding=\"async\" width=\"1024\" height=\"683\" src=\"https:\/\/dhg1h5j42swfq.cloudfront.net\/2026\/01\/12061347\/advogado-embacado-de-vista-frontal-trabalhando-1024x683.jpg\" alt=\"Argui\u00e7\u00e3o de Descumprimento de Preceito Fundamental\" class=\"wp-image-1697321\" style=\"aspect-ratio:1.499291758980133;width:579px;height:auto\" srcset=\"https:\/\/dhg1h5j42swfq.cloudfront.net\/2026\/01\/12061347\/advogado-embacado-de-vista-frontal-trabalhando-1024x683.jpg 1024w, https:\/\/dhg1h5j42swfq.cloudfront.net\/2026\/01\/12061347\/advogado-embacado-de-vista-frontal-trabalhando-300x200.jpg 300w, https:\/\/dhg1h5j42swfq.cloudfront.net\/2026\/01\/12061347\/advogado-embacado-de-vista-frontal-trabalhando-768x512.jpg 768w, https:\/\/dhg1h5j42swfq.cloudfront.net\/2026\/01\/12061347\/advogado-embacado-de-vista-frontal-trabalhando-1536x1024.jpg 1536w, https:\/\/dhg1h5j42swfq.cloudfront.net\/2026\/01\/12061347\/advogado-embacado-de-vista-frontal-trabalhando-2048x1365.jpg 2048w, https:\/\/dhg1h5j42swfq.cloudfront.net\/2026\/01\/12061347\/advogado-embacado-de-vista-frontal-trabalhando-150x100.jpg 150w\" sizes=\"auto, (max-width: 1024px) 100vw, 1024px\" \/><figcaption class=\"wp-element-caption\">Resumo sobre a Argui\u00e7\u00e3o de Descumprimento de Preceito Fundamental<\/figcaption><\/figure>\n\n\n\n<div class=\"wp-block-yoast-seo-table-of-contents yoast-table-of-contents\"><h2><mark style=\"background-color:rgba(0, 0, 0, 0);color:#0693e3\" class=\"has-inline-color\">Tabela de conte\u00fados<\/mark><\/h2><ul><li><a href=\"#h-arguicao-de-descumprimento-de-preceito-fundamental\" data-level=\"2\">Argui\u00e7\u00e3o de Descumprimento de Preceito Fundamental<\/a><ul><li><a href=\"#h-conceito-e-previsao-no-ordenamento-juridico\" data-level=\"3\">Conceito e previs\u00e3o no ordenamento jur\u00eddico<\/a><\/li><li><a href=\"#h-hipoteses-de-cabimento-da-adpf\" data-level=\"3\">Hip\u00f3teses de cabimento da ADPF<\/a><ul><li><a href=\"#h-lesao-a-preceito-fundamental\" data-level=\"4\">Les\u00e3o a preceito fundamental<\/a><\/li><li><a href=\"#h-controversia-constitucional-relevante\" data-level=\"4\">Controv\u00e9rsia constitucional relevante<\/a><\/li><\/ul><\/li><\/ul><\/li><li><a href=\"#h-consideracoes-finais\" data-level=\"2\">Considera\u00e7\u00f5es finais<\/a><\/li><li><a href=\"#h-quer-saber-tudo-sobre-concursos-previstos-confira-nossos-artigos\" data-level=\"2\">Quer saber tudo sobre concursos previstos? Confira nossos artigos!<\/a><\/li><\/ul><\/div>\n\n\n\n<h2 class=\"wp-block-heading\" id=\"h-arguicao-de-descumprimento-de-preceito-fundamental\">Argui\u00e7\u00e3o de Descumprimento de Preceito Fundamental<\/h2>\n\n\n\n<h3 class=\"wp-block-heading\" id=\"h-conceito-e-previsao-no-ordenamento-juridico\">Conceito e previs\u00e3o no ordenamento jur\u00eddico<\/h3>\n\n\n\n<p>A Argui\u00e7\u00e3o de Descumprimento de Preceito Fundamental \u00e9 uma a\u00e7\u00e3o de controle concentrado de constitucionalidade, que tem por objetivo o controle de atos do Poder P\u00fablico que possam ser contr\u00e1rios \u00e0 ordem constitucional.<\/p>\n\n\n\n<p>A ADPF est\u00e1 prevista no artigo 102, \u00a7 1\u00ba, da Constitui\u00e7\u00e3o Federal, o qual possui a seguinte reda\u00e7\u00e3o:<\/p>\n\n\n\n<div class=\"wp-block-group has-background has-global-padding is-layout-constrained wp-block-group-is-layout-constrained\" style=\"background-color:#8dd2fc3b\">\n<p>Art. 102. <strong>Compete ao Supremo Tribunal Federal,<\/strong> precipuamente, a guarda da Constitui\u00e7\u00e3o, cabendo-lhe:<\/p>\n\n\n\n<p>(&#8230;)<\/p>\n\n\n\n<p>\u00a7 1.\u00ba A arg\u00fci\u00e7\u00e3o de descumprimento de preceito fundamental, decorrente desta Constitui\u00e7\u00e3o, ser\u00e1 apreciada pelo Supremo Tribunal Federal, na forma da lei.<\/p>\n<\/div>\n\n\n\n<p>Como podemos notar, a Constitui\u00e7\u00e3o Federal n\u00e3o explica muita coisa sobre a ADPF, definindo somente a compet\u00eancia para julgamento do STF e remetendo sua regula\u00e7\u00e3o na forma da lei.<\/p>\n\n\n\n<p>Assim, a disciplina atual da ADPF est\u00e1 regulada na Lei n.\u00ba 9.882\/1999, bem como nos entendimentos jurisprudenciais do pr\u00f3prio Supremo Tribunal Federal.<\/p>\n\n\n\n<p>Diante de tal sil\u00eancio constitucional, o STF j\u00e1 se pronunciou no sentido de que a CF\/88 conferiu ampla margem de discricionariedade ao legislador ordin\u00e1rio para a regulamenta\u00e7\u00e3o do novo mecanismo do sistema de controle de constitucionalidade, inclusive quanto ao seu objeto e hip\u00f3teses de cabimento.<\/p>\n\n\n\n<h3 class=\"wp-block-heading\" id=\"h-hipoteses-de-cabimento-da-adpf\">Hip\u00f3teses de cabimento da ADPF<\/h3>\n\n\n\n<p>Antes de tratar das hip\u00f3teses de cabimento, \u00e9 fundamental destacar que a ADPF possui <strong>natureza subsidi\u00e1ria<\/strong>. Ou seja, ela s\u00f3 ser\u00e1 cab\u00edvel quando n\u00e3o houver outro meio eficaz capaz de afastar ou reparar a les\u00e3o apontada, conforme disp\u00f5e o \u00a7 2\u00ba do art. 4\u00ba da Lei n.\u00ba 9.882\/1999.<\/p>\n\n\n\n<p>Dessa forma, sempre que for poss\u00edvel o ajuizamento de A\u00e7\u00e3o Direta de Inconstitucionalidade (ADI), A\u00e7\u00e3o Declarat\u00f3ria de Constitucionalidade (ADC) ou A\u00e7\u00e3o Direta de Inconstitucionalidade por Omiss\u00e3o (ADO), esses instrumentos dever\u00e3o ser utilizados, sob pena de a ADPF n\u00e3o ser conhecida.<\/p>\n\n\n\n<p>Entretanto, \u00e9 importante destacar que o STF admite a aplica\u00e7\u00e3o do princ\u00edpio da fungibilidade entre as a\u00e7\u00f5es do controle concentrado. Isso significa que o STF pode conhecer de uma ADI como sendo uma ADPF, desde que estejam presentes os requisitos de admissibilidade desta e que aquela seja inadmiss\u00edvel.&nbsp;<\/p>\n\n\n\n<p>Da mesma forma, o Tribunal tamb\u00e9m reconhece a possibilidade inversa, isto \u00e9, de conhecer uma ADPF como ADI, conforme precedentes como a <a href=\"http:\/\/redir.stf.jus.br\/paginadorpub\/paginador.jsp?docTP=AC&amp;docID=348392\" target=\"_blank\" rel=\"noreferrer noopener\">ADPF 72 (QO)<\/a>, <a href=\"https:\/\/jurisprudencia.stf.jus.br\/pages\/search\/despacho162925\/false\" target=\"_blank\" rel=\"noreferrer noopener\">ADPF 178<\/a> e a <a href=\"https:\/\/redir.stf.jus.br\/paginadorpub\/paginador.jsp?docTP=AC&amp;docID=613689\" target=\"_blank\" rel=\"noreferrer noopener\">ADI 4.180 (MC-REF)<\/a>.<\/p>\n\n\n\n<p>Vamos ver agora as hip\u00f3teses de cabimento!<\/p>\n\n\n\n<h4 class=\"wp-block-heading\" id=\"h-lesao-a-preceito-fundamental\">Les\u00e3o a preceito fundamental<\/h4>\n\n\n\n<p>O artigo 1\u00ba da Lei n.\u00ba 9.882\/1999 afirma que a ADPF ter\u00e1 cabimento para <strong>evitar ou reparar les\u00e3o a preceito fundamental<\/strong>, resultante de ato do Poder P\u00fablico.<\/p>\n\n\n\n<p>Portanto, a ADPF pode ser tanto preventiva (evitar) quanto repressiva (reparar) em rela\u00e7\u00e3o \u00e0 les\u00e3o provocada pelo Poder P\u00fablico a um preceito fundamental.<\/p>\n\n\n\n<p>Por sua vez, <strong>preceito fundamental<\/strong>, de acordo com Sylvio Motta, \u00e9 \u201ctodo e qualquer dispositivo constitucional que tenha natureza principiol\u00f3gica servindo de alicerce para qualquer uma das cadeiras de Direito contempladas pelo texto constitucional\u201d.<\/p>\n\n\n\n<p>Nesse sentido, o autor afirma que:&nbsp;<\/p>\n\n\n\n<div class=\"wp-block-group has-global-padding is-layout-constrained wp-block-group-is-layout-constrained\">\n<p class=\"has-background\" style=\"background-color:#8dd2fc3d\">Assim, correndo o risco de sermos desmentidos pela jurisprud\u00eancia futura, como preceito fundamental entendemos <strong>n\u00e3o apenas os Princ\u00edpios Fundamentais do T\u00edtulo I da Carta, mas, tamb\u00e9m, os princ\u00edpios atinentes aos Direitos e Garantias Fundamentais<\/strong> (estejam ou n\u00e3o localizados topograficamente no T\u00edtulo II); os <strong>princ\u00edpios constitucionais expl\u00edcitos e sens\u00edveis relativos ao pacto federativo e a reparti\u00e7\u00e3o de compet\u00eancias entre os entes federados<\/strong>; os <strong>princ\u00edpios constitucionais norteadores da Administra\u00e7\u00e3o P\u00fablica; as cl\u00e1usulas p\u00e9treas<\/strong> (art. 60, \u00a7 4 o ); os <strong>princ\u00edpios pertinentes ao Sistema Tribut\u00e1rio Nacional e as regras b\u00e1sicas sobre Finan\u00e7as P\u00fablicas <\/strong>(T\u00edtulo VI); e os <strong>princ\u00edpios da Ordem Econ\u00f4mica e Financeira,<\/strong> mormente os que se relacionam diretamente com os limites do Estado na interven\u00e7\u00e3o na propriedade e na atividade econ\u00f4mica (T\u00edtulo VII).&nbsp;<\/p>\n<\/div>\n\n\n\n<p>At\u00e9 o momento, nem a lei e nem o Supremo Tribunal Federal adotaram um conceito fixo sobre o que vem a ser \u201cpreceito fundamental\u201d. Talvez, pela pr\u00f3pria natureza da a\u00e7\u00e3o, seja melhor que tenhamos um certo grau de flexibilidade para interpretar o que se encaixa ou n\u00e3o nesse conceito.<\/p>\n\n\n\n<p>De qualquer modo, eis alguns exemplos do que o STF j\u00e1 considerou como les\u00e3o a preceito fundamental:<\/p>\n\n\n\n<ul class=\"wp-block-list\">\n<li>O STF j\u00e1 entendeu que <strong>\u00e9 poss\u00edvel utilizar a ADPF para impugnar omiss\u00f5es sist\u00eamicas do Poder P\u00fablico<\/strong>. Nesse sentido, na <a href=\"https:\/\/redir.stf.jus.br\/paginadorpub\/paginador.jsp?docTP=TP&amp;docID=770432306\" target=\"_blank\" rel=\"noreferrer noopener\">ADPF 1059 AgR<\/a> entendeu cab\u00edvel a Argui\u00e7\u00e3o voltada a <strong>impugnar viola\u00e7\u00e3o massiva de direitos fundamentais<\/strong>, evidenciada pelo grave quadro de omiss\u00f5es do Poder P\u00fablico, a demandar atua\u00e7\u00e3o conjunta dos tr\u00eas poderes em busca do adimplemento dos objetivos da rep\u00fablica<\/li>\n<\/ul>\n\n\n\n<ul class=\"wp-block-list\">\n<li>Nesse sentido, na <a href=\"https:\/\/redir.stf.jus.br\/paginadorpub\/paginador.jsp?docTP=TP&amp;docID=10300665\" target=\"_blank\" rel=\"noreferrer noopener\">ADPF 347 MC<\/a> entendeu-se cab\u00edvel a Argui\u00e7\u00e3o para impugnar a situa\u00e7\u00e3o degradante das penitenci\u00e1rias no Brasil.<\/li>\n<\/ul>\n\n\n\n<ul class=\"wp-block-list\">\n<li>J\u00e1 na <a href=\"https:\/\/redir.stf.jus.br\/paginadorpub\/paginador.jsp?docTP=TP&amp;docID=771025818\" target=\"_blank\" rel=\"noreferrer noopener\">ADPF 949\/DF<\/a> o STF entendeu admiss\u00edvel a Argui\u00e7\u00e3o para impugnar conjunto de decis\u00f5es judiciais que, determinando a penhora, o sequestro ou o bloqueio de recursos p\u00fablicos com a finalidade de satisfazer cr\u00e9dito, violam os <strong>preceitos fundamentais da separa\u00e7\u00e3o de poderes, da efici\u00eancia administrativa, da legalidade or\u00e7ament\u00e1ria e da continuidade dos servi\u00e7os p\u00fablicos<\/strong> (CF, arts. 2\u00ba; 60, \u00a7 4\u00ba, III; 37, caput; 167, VI; e 175).<\/li>\n<\/ul>\n\n\n\n<p>Vejamos agora a outra hip\u00f3tese de cabimento da ADPF.<\/p>\n\n\n\n<h4 class=\"wp-block-heading\" id=\"h-controversia-constitucional-relevante\">Controv\u00e9rsia constitucional relevante<\/h4>\n\n\n\n<p>Al\u00e9m disso, a ADPF tamb\u00e9m ser\u00e1 cab\u00edvel quando for relevante o fundamento da controv\u00e9rsia constitucional sobre lei ou ato normativo federal, estadual ou municipal, inclu\u00eddos os anteriores \u00e0 Constitui\u00e7\u00e3o.<\/p>\n\n\n\n<p>Ou seja, havendo relevante controv\u00e9rsia constitucional que recai sobre lei ou ato normativo federal, estadual ou municipal, poder\u00e1 ser utilizada a ADPF.&nbsp;<\/p>\n\n\n\n<p>Isso vale inclusive para quando a lei ou o ato normativo for anterior \u00e0 Constitui\u00e7\u00e3o Federal de 1988, sendo esta uma hip\u00f3tese de grande utiliza\u00e7\u00e3o da ADPF.<\/p>\n\n\n\n<p>Sobre o assunto, Pedro Lenza afirma que o par\u00e1grafo \u00fanico do artigo 1\u00ba da Lei n.\u00ba 9.882\/1999 disciplinou a hip\u00f3tese de <strong>argui\u00e7\u00e3o incidental<\/strong> (ao passo que o <em>caput<\/em> seria a argui\u00e7\u00e3o aut\u00f4noma) e que, embora a Lei n\u00e3o tenha mencionado, tamb\u00e9m ficam inclu\u00eddos os <strong>atos distritais.<\/strong><\/p>\n\n\n\n<p>O STF, no julgamento da <a href=\"https:\/\/redir.stf.jus.br\/paginadorpub\/paginador.jsp?docTP=TP&amp;docID=768574657\" target=\"_blank\" rel=\"noreferrer noopener\">ADI 2.231\/DF<\/a>, entendeu que essa modalidade de argui\u00e7\u00e3o \u00e9 constitucional e tem por objetivo justamente possibilitar a aprecia\u00e7\u00e3o de relevantes controv\u00e9rsias constitucionais concretamente debatidas em qualquer ju\u00edzo ou tribunal, quando n\u00e3o houvesse outra forma id\u00f4nea de tutelar preceitos fundamentais.<\/p>\n\n\n\n<h2 class=\"wp-block-heading\" id=\"h-consideracoes-finais\">Considera\u00e7\u00f5es finais<\/h2>\n\n\n\n<p>Portanto, pessoal, esse foi nosso resumo sobre a Argui\u00e7\u00e3o de Descumprimento de Preceito Fundamental (ADPF), a\u00e7\u00e3o de controle concentrado de constitucionalidade prevista na Constitui\u00e7\u00e3o Federal.<\/p>\n\n\n\n<p>Como visto, a ADPF \u00e9 uma a\u00e7\u00e3o que deve ser proposta perante o Supremo Tribunal Federal e que tem por objeto evitar ou reparar les\u00e3o a preceito fundamental, resultante de ato do Poder P\u00fablico.<\/p>\n\n\n\n<p>Nosso tempo aqui \u00e9 breve e n\u00e3o conseguimos, claro, esgotar o assunto. Portanto, n\u00e3o deixe de revisar o tema em seu material de estudo e praticar com diversas quest\u00f5es.<\/p>\n\n\n\n<p>At\u00e9 a pr\u00f3xima!<\/p>\n\n\n\n<figure class=\"wp-block-image aligncenter size-large is-resized\"><img decoding=\"async\" src=\"https:\/\/dhg1h5j42swfq.cloudfront.net\/2020\/09\/18141901\/Coruja_Concursos%404x-506x1024.png\" alt=\"Concursos 2024 Estrat\u00e9gia Concursos\" class=\"wp-image-574355\" style=\"aspect-ratio:0.5;width:30px;height:auto\"\/><\/figure>\n\n\n\n<h2 class=\"wp-block-heading has-text-align-center\" id=\"h-quer-saber-tudo-sobre-concursos-previstos-confira-nossos-artigos\">Quer saber tudo sobre concursos previstos?<br \/>Confira nossos artigos!<\/h2>\n\n\n\n<ul class=\"wp-block-list\">\n<li><a href=\"https:\/\/www.estrategiaconcursos.com.br\/blog\/concursos-abertos\/\" target=\"_blank\" rel=\"noreferrer noopener\">Concursos Abertos<\/a><\/li>\n\n\n\n<li><a href=\"https:\/\/www.estrategiaconcursos.com.br\/blog\/concursos-2026\/\" target=\"_blank\" rel=\"noreferrer noopener\">Concursos 2026<\/a><\/li>\n<\/ul>\n\n\n\n<div class=\"container\" id=\"boxes\">\n  <div class=\"row\">\n\n    <div class=\"col-sm\">\n      <div class=\"estrategia\" id=\"box-assinatura\">\n        <h3 class=\"titulo-assinatura\">Assinatura Concursos<\/h3>\n        <p class=\"subtitulo-assinatura\">Assinatura de 1 ano ou 2 anos<\/p>\n        <div class=\"box-botao\">\n          <a class=\"btn-assinatura\" target=\"_blank\" href=\"https:\/\/www.estrategiaconcursos.com.br\/assinaturas\/\" role=\"button\" rel=\"noopener noreferrer\">ASSINE AGORA<\/a>\n        <\/div>\n      <\/div><\/div><\/div><\/div>\n\n\n\n<p><\/p>\n","protected":false},"excerpt":{"rendered":"<p>Ol\u00e1, tudo bem? Hoje faremos um resumo voltado para concursos p\u00fablicos tratando sobre a Argui\u00e7\u00e3o de Descumprimento de Preceito Fundamental (ADPF), importante a\u00e7\u00e3o prevista na pr\u00f3pria Constitui\u00e7\u00e3o Federal (CF\/88). De in\u00edcio, faremos uma breve abordagem sobre seu conceito e sua previs\u00e3o no ordenamento jur\u00eddico. Al\u00e9m disso, veremos a compet\u00eancia para julgamento da ADPF, o significado [&hellip;]<\/p>\n","protected":false},"author":2567,"featured_media":1697321,"comment_status":"open","ping_status":"closed","sticky":false,"template":"","format":"standard","meta":{"post_tipo":"article","footnotes":""},"categories":[1],"tags":[],"tax_estado":[222299],"class_list":["post-1697312","post","type-post","status-publish","format-standard","has-post-thumbnail","hentry","category-cursos-e-concursos","tax_estado-sem-estado-definido"],"acf":[],"yoast_head":"<!-- This site is optimized with the Yoast SEO Premium plugin v27.2 (Yoast SEO v27.2) - https:\/\/yoast.com\/product\/yoast-seo-premium-wordpress\/ -->\n<title>Resumo sobre a Argui\u00e7\u00e3o de Descumprimento de Preceito Fundamental<\/title>\n<meta name=\"description\" content=\"Resumo sobre a Argui\u00e7\u00e3o de Descumprimento de Preceito Fundamental, a\u00e7\u00e3o de controle de constitucionalidade prevista na Constitui\u00e7\u00e3o Federal.\" \/>\n<meta name=\"robots\" content=\"index, follow, max-snippet:-1, max-image-preview:large, max-video-preview:-1\" \/>\n<link rel=\"canonical\" href=\"https:\/\/www.estrategiaconcursos.com.br\/blog\/arguicao-descumprimento-preceito-fundamental-2-v2\/\" \/>\n<meta property=\"og:locale\" content=\"pt_BR\" \/>\n<meta property=\"og:type\" content=\"article\" \/>\n<meta property=\"og:title\" content=\"Resumo sobre a Argui\u00e7\u00e3o de Descumprimento de Preceito Fundamental\" \/>\n<meta property=\"og:description\" content=\"Resumo sobre a Argui\u00e7\u00e3o de Descumprimento de Preceito Fundamental, a\u00e7\u00e3o de controle de constitucionalidade prevista na Constitui\u00e7\u00e3o Federal.\" \/>\n<meta property=\"og:url\" content=\"https:\/\/www.estrategiaconcursos.com.br\/blog\/arguicao-descumprimento-preceito-fundamental-2-v2\/\" \/>\n<meta property=\"og:site_name\" content=\"Estrat\u00e9gia Concursos\" \/>\n<meta property=\"article:published_time\" content=\"2026-01-31T11:22:00+00:00\" \/>\n<meta property=\"og:image\" content=\"https:\/\/dhg1h5j42swfq.cloudfront.net\/2026\/01\/12061347\/advogado-embacado-de-vista-frontal-trabalhando-scaled.jpg\" \/>\n\t<meta property=\"og:image:width\" content=\"2560\" \/>\n\t<meta property=\"og:image:height\" content=\"1707\" \/>\n\t<meta property=\"og:image:type\" content=\"image\/jpeg\" \/>\n<meta name=\"author\" content=\"Frederico Tadeu Borlot Peixoto\" \/>\n<meta name=\"twitter:card\" content=\"summary_large_image\" \/>\n<meta name=\"twitter:creator\" content=\"@EstratConcursos\" \/>\n<meta name=\"twitter:site\" content=\"@EstratConcursos\" \/>\n<meta name=\"twitter:label1\" content=\"Escrito por\" \/>\n\t<meta name=\"twitter:data1\" content=\"Frederico Tadeu Borlot Peixoto\" \/>\n\t<meta name=\"twitter:label2\" content=\"Est. tempo de leitura\" \/>\n\t<meta name=\"twitter:data2\" content=\"7 minutos\" \/>\n<script type=\"application\/ld+json\" class=\"yoast-schema-graph\">{\"@context\":\"https:\/\/schema.org\",\"@graph\":[{\"@type\":\"NewsArticle\",\"@id\":\"https:\/\/www.estrategiaconcursos.com.br\/blog\/arguicao-descumprimento-preceito-fundamental-2-v2\/#article\",\"isPartOf\":{\"@id\":\"https:\/\/www.estrategiaconcursos.com.br\/blog\/arguicao-descumprimento-preceito-fundamental-2-v2\/\"},\"author\":{\"name\":\"Frederico Tadeu Borlot Peixoto\",\"@id\":\"https:\/\/www.estrategiaconcursos.com.br\/blog\/#\/schema\/person\/48a7e085e45aee7c3d4596399af50ebb\"},\"headline\":\"Resumo sobre a Argui\u00e7\u00e3o de Descumprimento de Preceito Fundamental\",\"datePublished\":\"2026-01-31T11:22:00+00:00\",\"mainEntityOfPage\":{\"@id\":\"https:\/\/www.estrategiaconcursos.com.br\/blog\/arguicao-descumprimento-preceito-fundamental-2-v2\/\"},\"wordCount\":1345,\"commentCount\":0,\"publisher\":{\"@id\":\"https:\/\/www.estrategiaconcursos.com.br\/blog\/#organization\"},\"image\":{\"@id\":\"https:\/\/www.estrategiaconcursos.com.br\/blog\/arguicao-descumprimento-preceito-fundamental-2-v2\/#primaryimage\"},\"thumbnailUrl\":\"https:\/\/dhg1h5j42swfq.cloudfront.net\/2026\/01\/12061347\/advogado-embacado-de-vista-frontal-trabalhando-scaled.jpg\",\"articleSection\":[\"Concursos P\u00fablicos\"],\"inLanguage\":\"pt-BR\",\"potentialAction\":[{\"@type\":\"CommentAction\",\"name\":\"Comment\",\"target\":[\"https:\/\/www.estrategiaconcursos.com.br\/blog\/arguicao-descumprimento-preceito-fundamental-2-v2\/#respond\"]}],\"copyrightYear\":\"2026\",\"copyrightHolder\":{\"@id\":\"https:\/\/www.estrategiaconcursos.com.br\/blog\/#organization\"},\"accessibilityFeature\":[\"tableOfContents\"]},{\"@type\":\"WebPage\",\"@id\":\"https:\/\/www.estrategiaconcursos.com.br\/blog\/arguicao-descumprimento-preceito-fundamental-2-v2\/\",\"url\":\"https:\/\/www.estrategiaconcursos.com.br\/blog\/arguicao-descumprimento-preceito-fundamental-2-v2\/\",\"name\":\"Resumo sobre a Argui\u00e7\u00e3o de Descumprimento de Preceito Fundamental\",\"isPartOf\":{\"@id\":\"https:\/\/www.estrategiaconcursos.com.br\/blog\/#website\"},\"primaryImageOfPage\":{\"@id\":\"https:\/\/www.estrategiaconcursos.com.br\/blog\/arguicao-descumprimento-preceito-fundamental-2-v2\/#primaryimage\"},\"image\":{\"@id\":\"https:\/\/www.estrategiaconcursos.com.br\/blog\/arguicao-descumprimento-preceito-fundamental-2-v2\/#primaryimage\"},\"thumbnailUrl\":\"https:\/\/dhg1h5j42swfq.cloudfront.net\/2026\/01\/12061347\/advogado-embacado-de-vista-frontal-trabalhando-scaled.jpg\",\"datePublished\":\"2026-01-31T11:22:00+00:00\",\"description\":\"Resumo sobre a Argui\u00e7\u00e3o de Descumprimento de Preceito Fundamental, a\u00e7\u00e3o de controle de constitucionalidade prevista na Constitui\u00e7\u00e3o Federal.\",\"breadcrumb\":{\"@id\":\"https:\/\/www.estrategiaconcursos.com.br\/blog\/arguicao-descumprimento-preceito-fundamental-2-v2\/#breadcrumb\"},\"inLanguage\":\"pt-BR\",\"potentialAction\":[{\"@type\":\"ReadAction\",\"target\":[\"https:\/\/www.estrategiaconcursos.com.br\/blog\/arguicao-descumprimento-preceito-fundamental-2-v2\/\"]}]},{\"@type\":\"ImageObject\",\"inLanguage\":\"pt-BR\",\"@id\":\"https:\/\/www.estrategiaconcursos.com.br\/blog\/arguicao-descumprimento-preceito-fundamental-2-v2\/#primaryimage\",\"url\":\"https:\/\/dhg1h5j42swfq.cloudfront.net\/2026\/01\/12061347\/advogado-embacado-de-vista-frontal-trabalhando-scaled.jpg\",\"contentUrl\":\"https:\/\/dhg1h5j42swfq.cloudfront.net\/2026\/01\/12061347\/advogado-embacado-de-vista-frontal-trabalhando-scaled.jpg\",\"width\":2560,\"height\":1707,\"caption\":\"Argui\u00e7\u00e3o de Descumprimento de Preceito Fundamental\"},{\"@type\":\"BreadcrumbList\",\"@id\":\"https:\/\/www.estrategiaconcursos.com.br\/blog\/arguicao-descumprimento-preceito-fundamental-2-v2\/#breadcrumb\",\"itemListElement\":[{\"@type\":\"ListItem\",\"position\":1,\"name\":\"In\u00edcio\",\"item\":\"https:\/\/www.estrategiaconcursos.com.br\/blog\/\"},{\"@type\":\"ListItem\",\"position\":2,\"name\":\"Resumo sobre a Argui\u00e7\u00e3o de Descumprimento de Preceito Fundamental\"}]},{\"@type\":\"WebSite\",\"@id\":\"https:\/\/www.estrategiaconcursos.com.br\/blog\/#website\",\"url\":\"https:\/\/www.estrategiaconcursos.com.br\/blog\/\",\"name\":\"Estrat\u00e9gia Concursos\",\"description\":\"O blog da Estrat\u00e9gia Concursos traz not\u00edcias sobre concursos e artigos de professores oferecendo cursos para concursos (pdf + videaulas) no site.\",\"publisher\":{\"@id\":\"https:\/\/www.estrategiaconcursos.com.br\/blog\/#organization\"},\"potentialAction\":[{\"@type\":\"SearchAction\",\"target\":{\"@type\":\"EntryPoint\",\"urlTemplate\":\"https:\/\/www.estrategiaconcursos.com.br\/blog\/?s={search_term_string}\"},\"query-input\":{\"@type\":\"PropertyValueSpecification\",\"valueRequired\":true,\"valueName\":\"search_term_string\"}}],\"inLanguage\":\"pt-BR\"},{\"@type\":\"Organization\",\"@id\":\"https:\/\/www.estrategiaconcursos.com.br\/blog\/#organization\",\"name\":\"Estrat\u00e9gia Concursos\",\"url\":\"https:\/\/www.estrategiaconcursos.com.br\/blog\/\",\"logo\":{\"@type\":\"ImageObject\",\"inLanguage\":\"pt-BR\",\"@id\":\"https:\/\/www.estrategiaconcursos.com.br\/blog\/#\/schema\/logo\/image\/\",\"url\":\"https:\/\/dhg1h5j42swfq.cloudfront.net\/2025\/06\/03203428\/logo_concursos-1.jpg\",\"contentUrl\":\"https:\/\/dhg1h5j42swfq.cloudfront.net\/2025\/06\/03203428\/logo_concursos-1.jpg\",\"width\":230,\"height\":60,\"caption\":\"Estrat\u00e9gia Concursos\"},\"image\":{\"@id\":\"https:\/\/www.estrategiaconcursos.com.br\/blog\/#\/schema\/logo\/image\/\"},\"sameAs\":[\"https:\/\/x.com\/EstratConcursos\"]},{\"@type\":\"Person\",\"@id\":\"https:\/\/www.estrategiaconcursos.com.br\/blog\/#\/schema\/person\/48a7e085e45aee7c3d4596399af50ebb\",\"name\":\"Frederico Tadeu Borlot Peixoto\",\"image\":{\"@type\":\"ImageObject\",\"inLanguage\":\"pt-BR\",\"@id\":\"https:\/\/secure.gravatar.com\/avatar\/df8a49e2321c1e32f85e9e7c2a9c92c688f1f53a947220f40017ff5858b09fdb?s=96&d=mm&r=g\",\"url\":\"https:\/\/secure.gravatar.com\/avatar\/df8a49e2321c1e32f85e9e7c2a9c92c688f1f53a947220f40017ff5858b09fdb?s=96&d=mm&r=g\",\"contentUrl\":\"https:\/\/secure.gravatar.com\/avatar\/df8a49e2321c1e32f85e9e7c2a9c92c688f1f53a947220f40017ff5858b09fdb?s=96&d=mm&r=g\",\"caption\":\"Frederico Tadeu Borlot Peixoto\"},\"description\":\"Analista Judici\u00e1rio - \u00c1rea Judici\u00e1ria do TRF da 4\u00aa regi\u00e3o. Bacharel em Direito. P\u00f3s-graduado em Direito Administrativo, Legisla\u00e7\u00e3o Penal Especial, Direito Penal e Direito Processual Penal. Tamb\u00e9m nomeado no TRF da 3\u00aa regi\u00e3o (8\u00ba lugar); SPPREV (3\u00ba lugar); IFES (2\u00ba lugar); e PMES. https:\/\/www.instagram.com\/proffrederico\/\",\"sameAs\":[\"https:\/\/www.instagram.com\/proffrederico\/\"],\"url\":\"https:\/\/www.estrategiaconcursos.com.br\/blog\/author\/xfredericohotmail-com\/\"}]}<\/script>\n<!-- \/ Yoast SEO Premium plugin. -->","yoast_head_json":{"title":"Resumo sobre a Argui\u00e7\u00e3o de Descumprimento de Preceito Fundamental","description":"Resumo sobre a Argui\u00e7\u00e3o de Descumprimento de Preceito Fundamental, a\u00e7\u00e3o de controle de constitucionalidade prevista na Constitui\u00e7\u00e3o Federal.","robots":{"index":"index","follow":"follow","max-snippet":"max-snippet:-1","max-image-preview":"max-image-preview:large","max-video-preview":"max-video-preview:-1"},"canonical":"https:\/\/www.estrategiaconcursos.com.br\/blog\/arguicao-descumprimento-preceito-fundamental-2-v2\/","og_locale":"pt_BR","og_type":"article","og_title":"Resumo sobre a Argui\u00e7\u00e3o de Descumprimento de Preceito Fundamental","og_description":"Resumo sobre a Argui\u00e7\u00e3o de Descumprimento de Preceito Fundamental, a\u00e7\u00e3o de controle de constitucionalidade prevista na Constitui\u00e7\u00e3o Federal.","og_url":"https:\/\/www.estrategiaconcursos.com.br\/blog\/arguicao-descumprimento-preceito-fundamental-2-v2\/","og_site_name":"Estrat\u00e9gia Concursos","article_published_time":"2026-01-31T11:22:00+00:00","og_image":[{"width":2560,"height":1707,"url":"https:\/\/dhg1h5j42swfq.cloudfront.net\/2026\/01\/12061347\/advogado-embacado-de-vista-frontal-trabalhando-scaled.jpg","type":"image\/jpeg"}],"author":"Frederico Tadeu Borlot Peixoto","twitter_card":"summary_large_image","twitter_creator":"@EstratConcursos","twitter_site":"@EstratConcursos","twitter_misc":{"Escrito por":"Frederico Tadeu Borlot Peixoto","Est. tempo de leitura":"7 minutos"},"schema":{"@context":"https:\/\/schema.org","@graph":[{"@type":"NewsArticle","@id":"https:\/\/www.estrategiaconcursos.com.br\/blog\/arguicao-descumprimento-preceito-fundamental-2-v2\/#article","isPartOf":{"@id":"https:\/\/www.estrategiaconcursos.com.br\/blog\/arguicao-descumprimento-preceito-fundamental-2-v2\/"},"author":{"name":"Frederico Tadeu Borlot Peixoto","@id":"https:\/\/www.estrategiaconcursos.com.br\/blog\/#\/schema\/person\/48a7e085e45aee7c3d4596399af50ebb"},"headline":"Resumo sobre a Argui\u00e7\u00e3o de Descumprimento de Preceito Fundamental","datePublished":"2026-01-31T11:22:00+00:00","mainEntityOfPage":{"@id":"https:\/\/www.estrategiaconcursos.com.br\/blog\/arguicao-descumprimento-preceito-fundamental-2-v2\/"},"wordCount":1345,"commentCount":0,"publisher":{"@id":"https:\/\/www.estrategiaconcursos.com.br\/blog\/#organization"},"image":{"@id":"https:\/\/www.estrategiaconcursos.com.br\/blog\/arguicao-descumprimento-preceito-fundamental-2-v2\/#primaryimage"},"thumbnailUrl":"https:\/\/dhg1h5j42swfq.cloudfront.net\/2026\/01\/12061347\/advogado-embacado-de-vista-frontal-trabalhando-scaled.jpg","articleSection":["Concursos P\u00fablicos"],"inLanguage":"pt-BR","potentialAction":[{"@type":"CommentAction","name":"Comment","target":["https:\/\/www.estrategiaconcursos.com.br\/blog\/arguicao-descumprimento-preceito-fundamental-2-v2\/#respond"]}],"copyrightYear":"2026","copyrightHolder":{"@id":"https:\/\/www.estrategiaconcursos.com.br\/blog\/#organization"},"accessibilityFeature":["tableOfContents"]},{"@type":"WebPage","@id":"https:\/\/www.estrategiaconcursos.com.br\/blog\/arguicao-descumprimento-preceito-fundamental-2-v2\/","url":"https:\/\/www.estrategiaconcursos.com.br\/blog\/arguicao-descumprimento-preceito-fundamental-2-v2\/","name":"Resumo sobre a Argui\u00e7\u00e3o de Descumprimento de Preceito Fundamental","isPartOf":{"@id":"https:\/\/www.estrategiaconcursos.com.br\/blog\/#website"},"primaryImageOfPage":{"@id":"https:\/\/www.estrategiaconcursos.com.br\/blog\/arguicao-descumprimento-preceito-fundamental-2-v2\/#primaryimage"},"image":{"@id":"https:\/\/www.estrategiaconcursos.com.br\/blog\/arguicao-descumprimento-preceito-fundamental-2-v2\/#primaryimage"},"thumbnailUrl":"https:\/\/dhg1h5j42swfq.cloudfront.net\/2026\/01\/12061347\/advogado-embacado-de-vista-frontal-trabalhando-scaled.jpg","datePublished":"2026-01-31T11:22:00+00:00","description":"Resumo sobre a Argui\u00e7\u00e3o de Descumprimento de Preceito Fundamental, a\u00e7\u00e3o de controle de constitucionalidade prevista na Constitui\u00e7\u00e3o Federal.","breadcrumb":{"@id":"https:\/\/www.estrategiaconcursos.com.br\/blog\/arguicao-descumprimento-preceito-fundamental-2-v2\/#breadcrumb"},"inLanguage":"pt-BR","potentialAction":[{"@type":"ReadAction","target":["https:\/\/www.estrategiaconcursos.com.br\/blog\/arguicao-descumprimento-preceito-fundamental-2-v2\/"]}]},{"@type":"ImageObject","inLanguage":"pt-BR","@id":"https:\/\/www.estrategiaconcursos.com.br\/blog\/arguicao-descumprimento-preceito-fundamental-2-v2\/#primaryimage","url":"https:\/\/dhg1h5j42swfq.cloudfront.net\/2026\/01\/12061347\/advogado-embacado-de-vista-frontal-trabalhando-scaled.jpg","contentUrl":"https:\/\/dhg1h5j42swfq.cloudfront.net\/2026\/01\/12061347\/advogado-embacado-de-vista-frontal-trabalhando-scaled.jpg","width":2560,"height":1707,"caption":"Argui\u00e7\u00e3o de Descumprimento de Preceito Fundamental"},{"@type":"BreadcrumbList","@id":"https:\/\/www.estrategiaconcursos.com.br\/blog\/arguicao-descumprimento-preceito-fundamental-2-v2\/#breadcrumb","itemListElement":[{"@type":"ListItem","position":1,"name":"In\u00edcio","item":"https:\/\/www.estrategiaconcursos.com.br\/blog\/"},{"@type":"ListItem","position":2,"name":"Resumo sobre a Argui\u00e7\u00e3o de Descumprimento de Preceito Fundamental"}]},{"@type":"WebSite","@id":"https:\/\/www.estrategiaconcursos.com.br\/blog\/#website","url":"https:\/\/www.estrategiaconcursos.com.br\/blog\/","name":"Estrat\u00e9gia Concursos","description":"O blog da Estrat\u00e9gia Concursos traz not\u00edcias sobre concursos e artigos de professores oferecendo cursos para concursos (pdf + videaulas) no site.","publisher":{"@id":"https:\/\/www.estrategiaconcursos.com.br\/blog\/#organization"},"potentialAction":[{"@type":"SearchAction","target":{"@type":"EntryPoint","urlTemplate":"https:\/\/www.estrategiaconcursos.com.br\/blog\/?s={search_term_string}"},"query-input":{"@type":"PropertyValueSpecification","valueRequired":true,"valueName":"search_term_string"}}],"inLanguage":"pt-BR"},{"@type":"Organization","@id":"https:\/\/www.estrategiaconcursos.com.br\/blog\/#organization","name":"Estrat\u00e9gia Concursos","url":"https:\/\/www.estrategiaconcursos.com.br\/blog\/","logo":{"@type":"ImageObject","inLanguage":"pt-BR","@id":"https:\/\/www.estrategiaconcursos.com.br\/blog\/#\/schema\/logo\/image\/","url":"https:\/\/dhg1h5j42swfq.cloudfront.net\/2025\/06\/03203428\/logo_concursos-1.jpg","contentUrl":"https:\/\/dhg1h5j42swfq.cloudfront.net\/2025\/06\/03203428\/logo_concursos-1.jpg","width":230,"height":60,"caption":"Estrat\u00e9gia Concursos"},"image":{"@id":"https:\/\/www.estrategiaconcursos.com.br\/blog\/#\/schema\/logo\/image\/"},"sameAs":["https:\/\/x.com\/EstratConcursos"]},{"@type":"Person","@id":"https:\/\/www.estrategiaconcursos.com.br\/blog\/#\/schema\/person\/48a7e085e45aee7c3d4596399af50ebb","name":"Frederico Tadeu Borlot Peixoto","image":{"@type":"ImageObject","inLanguage":"pt-BR","@id":"https:\/\/secure.gravatar.com\/avatar\/df8a49e2321c1e32f85e9e7c2a9c92c688f1f53a947220f40017ff5858b09fdb?s=96&d=mm&r=g","url":"https:\/\/secure.gravatar.com\/avatar\/df8a49e2321c1e32f85e9e7c2a9c92c688f1f53a947220f40017ff5858b09fdb?s=96&d=mm&r=g","contentUrl":"https:\/\/secure.gravatar.com\/avatar\/df8a49e2321c1e32f85e9e7c2a9c92c688f1f53a947220f40017ff5858b09fdb?s=96&d=mm&r=g","caption":"Frederico Tadeu Borlot Peixoto"},"description":"Analista Judici\u00e1rio - \u00c1rea Judici\u00e1ria do TRF da 4\u00aa regi\u00e3o. Bacharel em Direito. P\u00f3s-graduado em Direito Administrativo, Legisla\u00e7\u00e3o Penal Especial, Direito Penal e Direito Processual Penal. Tamb\u00e9m nomeado no TRF da 3\u00aa regi\u00e3o (8\u00ba lugar); SPPREV (3\u00ba lugar); IFES (2\u00ba lugar); e PMES. https:\/\/www.instagram.com\/proffrederico\/","sameAs":["https:\/\/www.instagram.com\/proffrederico\/"],"url":"https:\/\/www.estrategiaconcursos.com.br\/blog\/author\/xfredericohotmail-com\/"}]}},"_links":{"self":[{"href":"https:\/\/www.estrategiaconcursos.com.br\/blog\/wp-json\/wp\/v2\/posts\/1697312","targetHints":{"allow":["GET"]}}],"collection":[{"href":"https:\/\/www.estrategiaconcursos.com.br\/blog\/wp-json\/wp\/v2\/posts"}],"about":[{"href":"https:\/\/www.estrategiaconcursos.com.br\/blog\/wp-json\/wp\/v2\/types\/post"}],"author":[{"embeddable":true,"href":"https:\/\/www.estrategiaconcursos.com.br\/blog\/wp-json\/wp\/v2\/users\/2567"}],"replies":[{"embeddable":true,"href":"https:\/\/www.estrategiaconcursos.com.br\/blog\/wp-json\/wp\/v2\/comments?post=1697312"}],"version-history":[{"count":6,"href":"https:\/\/www.estrategiaconcursos.com.br\/blog\/wp-json\/wp\/v2\/posts\/1697312\/revisions"}],"predecessor-version":[{"id":1708149,"href":"https:\/\/www.estrategiaconcursos.com.br\/blog\/wp-json\/wp\/v2\/posts\/1697312\/revisions\/1708149"}],"wp:featuredmedia":[{"embeddable":true,"href":"https:\/\/www.estrategiaconcursos.com.br\/blog\/wp-json\/wp\/v2\/media\/1697321"}],"wp:attachment":[{"href":"https:\/\/www.estrategiaconcursos.com.br\/blog\/wp-json\/wp\/v2\/media?parent=1697312"}],"wp:term":[{"taxonomy":"category","embeddable":true,"href":"https:\/\/www.estrategiaconcursos.com.br\/blog\/wp-json\/wp\/v2\/categories?post=1697312"},{"taxonomy":"post_tag","embeddable":true,"href":"https:\/\/www.estrategiaconcursos.com.br\/blog\/wp-json\/wp\/v2\/tags?post=1697312"},{"taxonomy":"tax_estado","embeddable":true,"href":"https:\/\/www.estrategiaconcursos.com.br\/blog\/wp-json\/wp\/v2\/tax_estado?post=1697312"}],"curies":[{"name":"wp","href":"https:\/\/api.w.org\/{rel}","templated":true}]}}