{"id":1697308,"date":"2026-01-29T11:30:00","date_gmt":"2026-01-29T14:30:00","guid":{"rendered":"https:\/\/www.estrategiaconcursos.com.br\/blog\/?p=1697308"},"modified":"2026-01-19T15:48:44","modified_gmt":"2026-01-19T18:48:44","slug":"pronomes-indefinidos","status":"publish","type":"post","link":"https:\/\/www.estrategiaconcursos.com.br\/blog\/pronomes-indefinidos\/","title":{"rendered":"Entenda tudo sobre os pronomes indefinidos"},"content":{"rendered":"\n<p>Vamos iniciar mais um estudo sobre a mat\u00e9ria de portugu\u00eas, uma velha conhecida dos concurseiros. Neste artigo estudaremos v\u00e1rios detalhes sobre os <strong>pronomes indefinidos<\/strong>.<\/p>\n\n\n\n<figure class=\"wp-block-image size-large\"><img loading=\"lazy\" decoding=\"async\" width=\"1024\" height=\"683\" src=\"https:\/\/dhg1h5j42swfq.cloudfront.net\/2025\/03\/30175655\/estudos-estrategia-nota-de-corte-1024x683.jpg\" alt=\"pronomes indefinidos\" class=\"wp-image-1554794\" srcset=\"https:\/\/dhg1h5j42swfq.cloudfront.net\/2025\/03\/30175655\/estudos-estrategia-nota-de-corte-1024x683.jpg 1024w, https:\/\/dhg1h5j42swfq.cloudfront.net\/2025\/03\/30175655\/estudos-estrategia-nota-de-corte-300x200.jpg 300w, https:\/\/dhg1h5j42swfq.cloudfront.net\/2025\/03\/30175655\/estudos-estrategia-nota-de-corte-768x512.jpg 768w, https:\/\/dhg1h5j42swfq.cloudfront.net\/2025\/03\/30175655\/estudos-estrategia-nota-de-corte-1536x1024.jpg 1536w, https:\/\/dhg1h5j42swfq.cloudfront.net\/2025\/03\/30175655\/estudos-estrategia-nota-de-corte-2048x1365.jpg 2048w, https:\/\/dhg1h5j42swfq.cloudfront.net\/2025\/03\/30175655\/estudos-estrategia-nota-de-corte-150x100.jpg 150w\" sizes=\"auto, (max-width: 1024px) 100vw, 1024px\" \/><\/figure>\n\n\n\n<p>O estudo da l\u00edngua portuguesa \u00e9 uma das \u00e1reas mais cobradas em concursos p\u00fablicos. Entre os t\u00f3picos recorrentes, os <strong>pronomes indefinidos<\/strong> aparecem com frequ\u00eancia, seja em quest\u00f5es que diretamente cobram este assunto, seja em quest\u00f5es de interpreta\u00e7\u00e3o de texto e an\u00e1lises morfossint\u00e1ticas.<\/p>\n\n\n\n<p>Preste muita aten\u00e7\u00e3o tamb\u00e9m nas regras de uso dos pronomes indefinidos se na sua prova houver quest\u00f5es discursivas. Erros no uso dos pronomes indefinidos podem custar pontos valiosos.<\/p>\n\n\n\n<p>Por isso, compreender sua defini\u00e7\u00e3o, classifica\u00e7\u00e3o e usos \u00e9 essencial para quem deseja alcan\u00e7ar bons resultados. Vamos iniciar nossos estudos.<\/p>\n\n\n\n<h2 class=\"wp-block-heading\" id=\"h-o-que-sao-pronomes-indefinidos\">O que s\u00e3o pronomes indefinidos?<\/h2>\n\n\n\n<p>Os pronomes s\u00e3o termos que acompanham ou substituem os substantivos.<\/p>\n\n\n\n<p>Existem in\u00fameros tipos de pronomes: <strong>pessoais, possessivos, demonstrativos, relativos, indefinidos, interrogativos<\/strong>.<\/p>\n\n\n\n<p>Os pronomes <strong>indefinidos<\/strong> s\u00e3o termos que se referem \u00e0 terceira pessoa do discurso de maneira <strong>vaga, imprecisa ou indeterminada<\/strong>. Indicam quantidade ou identidade indeterminada.<\/p>\n\n\n\n<p>Diferentemente dos pronomes pessoais, que identificam claramente de quem estamos falando (eu, tu, ele, ela&#8230;), os <strong>indefinidos<\/strong> transmitem uma ideia de generalidade ou incerteza.<\/p>\n\n\n\n<p>Aqui v\u00e3o alguns exemplos bem comuns sobre os pronomes indefinidos: <strong><em>algu\u00e9m, ningu\u00e9m, tudo, qualquer, cada, certo, outro, muito, pouco, v\u00e1rios<\/em>.<\/strong><\/p>\n\n\n\n<p>Em concursos, \u00e9 importante perceber que esses pronomes podem variar em<strong> g\u00eanero e n\u00famero<\/strong>, al\u00e9m de exercer diferentes fun\u00e7\u00f5es sint\u00e1ticas dentro da ora\u00e7\u00e3o.<\/p>\n\n\n\n<p>A informa\u00e7\u00e3o de os pronomes serem <strong>vari\u00e1veis<\/strong> \u00e9 bastante \u00fatil caso seja necess\u00e1rio identificar se um termo \u00e9 ou n\u00e3o um pronome indefinido.<\/p>\n\n\n\n<p><\/p>\n\n\n\n<h3 class=\"wp-block-heading\" id=\"h-principais-pronomes-indefinidos\"><strong>Principais pronomes indefinidos<\/strong><\/h3>\n\n\n\n<p>Para facilitar o entendimento e a memoriza\u00e7\u00e3o, podemos organizar os pronomes indefinidos em grupos:<\/p>\n\n\n\n<ul class=\"wp-block-list\">\n<li><strong>Singulares de indetermina\u00e7\u00e3o pessoal:<\/strong> <em>algu\u00e9m, ningu\u00e9m, tudo, nada, cada, qualquer<\/em>.<\/li>\n\n\n\n<li><strong>De quantidade indefinida:<\/strong> <em>muito, pouco, v\u00e1rios, tantos, demais<\/em>.<\/li>\n\n\n\n<li><strong>De identidade vaga:<\/strong> <em>certo, outro, qualquer, tal<\/em>.<\/li>\n<\/ul>\n\n\n\n<p>Notem que s\u00e3o palavras bastante vagas e se enquadram em diferentes tipos de contextos nas frases.<\/p>\n\n\n\n<p><\/p>\n\n\n\n<h3 class=\"wp-block-heading\" id=\"h-variacao-de-genero-e-numero-dos-pronomes-indefinidos\"><strong>Varia\u00e7\u00e3o de g\u00eanero e n\u00famero dos pronomes indefinidos<\/strong><\/h3>\n\n\n\n<p>Como j\u00e1 afirmamos, os pronomes acompanham os substantivos.<\/p>\n\n\n\n<p>Lembre-se de que os substantivos s\u00e3o termos vari\u00e1veis, e, por isso, em regra, os pronomes indefinidos tamb\u00e9m s\u00e3o <strong>vari\u00e1veis<\/strong>, ou seja, podem flexionar em <strong>g\u00eanero e n\u00famero<\/strong>:<\/p>\n\n\n\n<p>Vamos ver alguns exemplos abaixo:<\/p>\n\n\n\n<ul class=\"wp-block-list\">\n<li><em>Algum \/ alguma \/ alguns \/ algumas<\/em><\/li>\n\n\n\n<li><em>Nenhum \/ nenhuma<\/em><\/li>\n\n\n\n<li><em>Todo \/ toda \/ todos \/ todas<\/em><\/li>\n\n\n\n<li><em>Outro \/ outra \/ outros \/ outras<\/em><\/li>\n\n\n\n<li><em>Muito \/ muita \/ muitos \/ muitas<\/em><\/li>\n<\/ul>\n\n\n\n<p>Mas como na l\u00edngua portuguesa todas as regras possuem as suas exce\u00e7\u00f5es, vamos citar tamb\u00e9m exemplos de pronomes indefinidos que n\u00e3o sofrem varia\u00e7\u00f5es: <em>algu\u00e9m, ningu\u00e9m, cada, tudo, nada<\/em>.<\/p>\n\n\n\n<p><\/p>\n\n\n\n<h3 class=\"wp-block-heading\" id=\"h-funcoes-sintaticas\"><strong>Fun\u00e7\u00f5es sint\u00e1ticas<\/strong><\/h3>\n\n\n\n<p>Al\u00e9m de saber as classifica\u00e7\u00f5es e os principais exemplos, concurseiro, \u00e9 necess\u00e1rio tamb\u00e9m que voc\u00ea saiba que os pronomes indefinidos podem desempenhar diferentes pap\u00e9is dentro de uma ora\u00e7\u00e3o.<\/p>\n\n\n\n<p>Abaixo listamos essas diferentes fun\u00e7\u00f5es sint\u00e1ticas com seus respectivos exemplos:<\/p>\n\n\n\n<ul class=\"wp-block-list\">\n<li><strong>Sujeito:<\/strong> <em>Ningu\u00e9m veio \u00e0 reuni\u00e3o.<\/em><\/li>\n\n\n\n<li><strong>Objeto direto:<\/strong><em> Eu vi algu\u00e9m na biblioteca.<\/em><\/li>\n\n\n\n<li><strong>Objeto indireto:<\/strong> <em>N\u00f3s precisamos de algum apoio.<\/em><\/li>\n\n\n\n<li><strong>Adjunto adnominal:<\/strong> <em>Eles compraram&nbsp;<\/em><em>v\u00e1rios&nbsp;livros na feira<\/em><em>.<\/em><\/li>\n\n\n\n<li><strong>Predicativo:<\/strong> <em>Ele \u00e9 algu\u00e9m importante.<\/em><\/li>\n<\/ul>\n\n\n\n<p>Perceber essas fun\u00e7\u00f5es \u00e9 fundamental para provas de concursos, j\u00e1 que algumas quest\u00f5es podem pedir a classifica\u00e7\u00e3o sint\u00e1tica de termos introduzidos por pronomes indefinidos.<\/p>\n\n\n\n<p><\/p>\n\n\n\n<h3 class=\"wp-block-heading\" id=\"h-estrategias-de-estudo-para-as-provas\"><strong>Estrat\u00e9gias de estudo para as provas<\/strong><\/h3>\n\n\n\n<p id=\"h-sabemos-que-as-questoes-de-portugues-para-concurso-podem-tirar-o-sono-de-muitos-candidatos-e-com-o-assunto-aqui-tratado-nao-e-diferente\">Sabemos que as quest\u00f5es de portugu\u00eas para concurso podem tirar o sono de muitos candidatos e com o assunto aqui tratado n\u00e3o \u00e9 diferente.<\/p>\n\n\n\n<p id=\"h-por-isso-alem-de-reunirmos-as-principais-informacoes-sobre-os-pronomes-indefinidos-vamos-ajudar-voce-com-algumas-dicas-de-como-melhorar-a-sua-preparacao\">Por isso, al\u00e9m de reunirmos as principais informa\u00e7\u00f5es sobre os pronomes indefinidos, vamos ajudar voc\u00ea com algumas dicas de como melhorar a sua prepara\u00e7\u00e3o.<\/p>\n\n\n\n<ul class=\"wp-block-list\">\n<li><strong>Memorize a lista principal<\/strong> de pronomes e suas varia\u00e7\u00f5es, apesar de decorar nem sempre ser a melhor solu\u00e7\u00e3o, em alguns casos pode te dar algumas vantagens.<\/li>\n\n\n\n<li><strong>Pratique com quest\u00f5es anteriores<\/strong> de concursos, observando como os examinadores exploram o tema. Esta \u00e9 uma das principais formas de simular a hora da prova e vai ajudar voc\u00ea a ganhar mais confian\u00e7a.<\/li>\n\n\n\n<li><strong>Compare usos semelhantes<\/strong>: diferencie pronomes indefinidos de adv\u00e9rbios, pronomes demonstrativos e pronomes pessoais.<\/li>\n<\/ul>\n\n\n\n<p><\/p>\n\n\n\n<h2 class=\"wp-block-heading\" id=\"h-conclusao\">Conclus\u00e3o<\/h2>\n\n\n\n<p id=\"h-finalizamos-nosso-estudo-sobre-os-pronomes-indefinidos-assunto-de-muita-importancia-nas-provas-de-concursos\">Finalizamos nosso estudo sobre os pronomes indefinidos, assunto de muita import\u00e2ncia nas provas de concursos.<\/p>\n\n\n\n<p id=\"h-apesar-dos-muitos-exemplos-que-trouxemos-para-voce-hoje-nao-basta-apenas-decora-los-e-necessario-que-voce-entenda-o-uso-pratico-dos-pronomes-indefinidos-e-como-eles-devem-ser-alocados-nas-frases-nbsp-nbsp-nbsp\">Apesar dos muitos exemplos que trouxemos para voc\u00ea hoje, n\u00e3o basta apenas decor\u00e1-los, \u00e9 necess\u00e1rio que voc\u00ea entenda o uso pr\u00e1tico dos pronomes indefinidos e como eles devem ser alocados nas frases. &nbsp;&nbsp;&nbsp;<\/p>\n\n\n\n<p id=\"h-como-sabemos-que-as-cobrancas-sobre-os-pronomes-indefinidos-podem-ser-muito-diversas-uma-forma-muito-eficiente-de-estudar-este-assunto-e-por-meio-da-resolucao-de-muitas-questoes-dominar-sua-classificacao-flexao-e-funcoes-sintaticas-e-um-diferencial-para-o-candidato-que-deseja-se-destacar\">Como sabemos que as cobran\u00e7as sobre os pronomes podem ser muito diversas, uma forma muito eficiente de estudar este assunto \u00e9 por meio da resolu\u00e7\u00e3o de quest\u00f5es. Dominar sua classifica\u00e7\u00e3o, flex\u00e3o e fun\u00e7\u00f5es sint\u00e1ticas \u00e9 um diferencial para o candidato que deseja se destacar.<\/p>\n\n\n\n<p>Quest\u00f5es de portugu\u00eas aparecem em praticamente todos os concursos, e \u00e9 uma mat\u00e9ria que elimina muitos candidatos, portanto seu estudo deve ser constante, com muita paci\u00eancia e persist\u00eancia para a constru\u00e7\u00e3o do conhecimento.<\/p>\n\n\n\n<p>Ent\u00e3o, foque nos seus estudos para que esta mat\u00e9ria seja um diferencial na sua aprova\u00e7\u00e3o e <a href=\"https:\/\/www.youtube.com\/watch?v=N4YCL_W6TdU&amp;list=PL70rxKg7qWNUM70N1jAHw6JD-Cx8UueFj&amp;index=2\">assista aos v\u00eddeos no nosso canal do YouTube<\/a>.  <\/p>\n\n\n\n<p class=\"has-text-align-center has-background\" style=\"background-color:#abb7c247\"><a href=\"https:\/\/www.estrategiaconcursos.com.br\/cursosPorMateria\/portugues-36\/\">Garanta a sua vaga nos cursos de portugu\u00eas para concursos que preparamos para voc\u00ea!<\/a><\/p>\n\n\n\n<h2 class=\"wp-block-heading has-text-align-center\" id=\"h-quer-saber-tudo-sobre-os-concursos-previstos-confira-nossos-artigos\">Quer saber tudo sobre os concursos previstos?<br \/>Confira nossos artigos!<\/h2>\n\n\n\n<p class=\"has-text-align-center has-white-color has-text-color has-background\" style=\"background-color:#abb7c257\"><a href=\"https:\/\/www.estrategiaconcursos.com.br\/blog\/concursos-abertos\/\" target=\"_blank\" rel=\"noreferrer noopener\"><strong>Concursos abertos<\/strong><\/a><\/p>\n\n\n\n<p class=\"has-text-align-center has-very-light-gray-to-cyan-bluish-gray-gradient-background has-background\"><a href=\"https:\/\/www.estrategiaconcursos.com.br\/blog\/concursos-2026\/\" target=\"_blank\" rel=\"noreferrer noopener\"><strong>Concursos 2026<\/strong><\/a><\/p>\n","protected":false},"excerpt":{"rendered":"<p>Vamos iniciar mais um estudo sobre a mat\u00e9ria de portugu\u00eas, uma velha conhecida dos concurseiros. Neste artigo estudaremos v\u00e1rios detalhes sobre os pronomes indefinidos. O estudo da l\u00edngua portuguesa \u00e9 uma das \u00e1reas mais cobradas em concursos p\u00fablicos. Entre os t\u00f3picos recorrentes, os pronomes indefinidos aparecem com frequ\u00eancia, seja em quest\u00f5es que diretamente cobram este [&hellip;]<\/p>\n","protected":false},"author":2461,"featured_media":1554794,"comment_status":"open","ping_status":"closed","sticky":false,"template":"","format":"standard","meta":{"post_tipo":"article","footnotes":""},"categories":[1],"tags":[],"tax_estado":[222299],"class_list":["post-1697308","post","type-post","status-publish","format-standard","has-post-thumbnail","hentry","category-cursos-e-concursos","tax_estado-sem-estado-definido"],"acf":[],"yoast_head":"<!-- This site is optimized with the Yoast SEO Premium plugin v27.2 (Yoast SEO v27.2) - https:\/\/yoast.com\/product\/yoast-seo-premium-wordpress\/ -->\n<title>Pronomes indefinidos<\/title>\n<meta name=\"description\" content=\"Estuda para concursos e precisa de uma ajuda no portugu\u00eas? Reunimos aqui as principais informa\u00e7\u00f5es sobre os pronomes indefinidos.\" \/>\n<meta name=\"robots\" content=\"index, follow, max-snippet:-1, max-image-preview:large, max-video-preview:-1\" \/>\n<link rel=\"canonical\" href=\"https:\/\/www.estrategiaconcursos.com.br\/blog\/pronomes-indefinidos\/\" \/>\n<meta property=\"og:locale\" content=\"pt_BR\" \/>\n<meta property=\"og:type\" content=\"article\" \/>\n<meta property=\"og:title\" content=\"Entenda tudo sobre os pronomes indefinidos\" \/>\n<meta property=\"og:description\" content=\"Estuda para concursos e precisa de uma ajuda no portugu\u00eas? Reunimos aqui as principais informa\u00e7\u00f5es sobre os pronomes indefinidos.\" \/>\n<meta property=\"og:url\" content=\"https:\/\/www.estrategiaconcursos.com.br\/blog\/pronomes-indefinidos\/\" \/>\n<meta property=\"og:site_name\" content=\"Estrat\u00e9gia Concursos\" \/>\n<meta property=\"article:published_time\" content=\"2026-01-29T14:30:00+00:00\" \/>\n<meta property=\"og:image\" content=\"https:\/\/dhg1h5j42swfq.cloudfront.net\/2025\/03\/30175655\/estudos-estrategia-nota-de-corte-scaled.jpg\" \/>\n\t<meta property=\"og:image:width\" content=\"2560\" \/>\n\t<meta property=\"og:image:height\" content=\"1706\" \/>\n\t<meta property=\"og:image:type\" content=\"image\/jpeg\" \/>\n<meta name=\"author\" content=\"Maiara Anger\" \/>\n<meta name=\"twitter:card\" content=\"summary_large_image\" \/>\n<meta name=\"twitter:creator\" content=\"@EstratConcursos\" \/>\n<meta name=\"twitter:site\" content=\"@EstratConcursos\" \/>\n<meta name=\"twitter:label1\" content=\"Escrito por\" \/>\n\t<meta name=\"twitter:data1\" content=\"Maiara Anger\" \/>\n\t<meta name=\"twitter:label2\" content=\"Est. tempo de leitura\" \/>\n\t<meta name=\"twitter:data2\" content=\"5 minutos\" \/>\n<script type=\"application\/ld+json\" class=\"yoast-schema-graph\">{\"@context\":\"https:\/\/schema.org\",\"@graph\":[{\"@type\":\"NewsArticle\",\"@id\":\"https:\/\/www.estrategiaconcursos.com.br\/blog\/pronomes-indefinidos\/#article\",\"isPartOf\":{\"@id\":\"https:\/\/www.estrategiaconcursos.com.br\/blog\/pronomes-indefinidos\/\"},\"author\":{\"name\":\"Maiara Anger\",\"@id\":\"https:\/\/www.estrategiaconcursos.com.br\/blog\/#\/schema\/person\/8fc96f7f7728e195db482f9d8160b155\"},\"headline\":\"Entenda tudo sobre os pronomes indefinidos\",\"datePublished\":\"2026-01-29T14:30:00+00:00\",\"mainEntityOfPage\":{\"@id\":\"https:\/\/www.estrategiaconcursos.com.br\/blog\/pronomes-indefinidos\/\"},\"wordCount\":914,\"commentCount\":0,\"publisher\":{\"@id\":\"https:\/\/www.estrategiaconcursos.com.br\/blog\/#organization\"},\"image\":{\"@id\":\"https:\/\/www.estrategiaconcursos.com.br\/blog\/pronomes-indefinidos\/#primaryimage\"},\"thumbnailUrl\":\"https:\/\/dhg1h5j42swfq.cloudfront.net\/2025\/03\/30175655\/estudos-estrategia-nota-de-corte-scaled.jpg\",\"articleSection\":[\"Concursos P\u00fablicos\"],\"inLanguage\":\"pt-BR\",\"potentialAction\":[{\"@type\":\"CommentAction\",\"name\":\"Comment\",\"target\":[\"https:\/\/www.estrategiaconcursos.com.br\/blog\/pronomes-indefinidos\/#respond\"]}],\"copyrightYear\":\"2026\",\"copyrightHolder\":{\"@id\":\"https:\/\/www.estrategiaconcursos.com.br\/blog\/#organization\"}},{\"@type\":\"WebPage\",\"@id\":\"https:\/\/www.estrategiaconcursos.com.br\/blog\/pronomes-indefinidos\/\",\"url\":\"https:\/\/www.estrategiaconcursos.com.br\/blog\/pronomes-indefinidos\/\",\"name\":\"Pronomes indefinidos\",\"isPartOf\":{\"@id\":\"https:\/\/www.estrategiaconcursos.com.br\/blog\/#website\"},\"primaryImageOfPage\":{\"@id\":\"https:\/\/www.estrategiaconcursos.com.br\/blog\/pronomes-indefinidos\/#primaryimage\"},\"image\":{\"@id\":\"https:\/\/www.estrategiaconcursos.com.br\/blog\/pronomes-indefinidos\/#primaryimage\"},\"thumbnailUrl\":\"https:\/\/dhg1h5j42swfq.cloudfront.net\/2025\/03\/30175655\/estudos-estrategia-nota-de-corte-scaled.jpg\",\"datePublished\":\"2026-01-29T14:30:00+00:00\",\"description\":\"Estuda para concursos e precisa de uma ajuda no portugu\u00eas? Reunimos aqui as principais informa\u00e7\u00f5es sobre os pronomes indefinidos.\",\"breadcrumb\":{\"@id\":\"https:\/\/www.estrategiaconcursos.com.br\/blog\/pronomes-indefinidos\/#breadcrumb\"},\"inLanguage\":\"pt-BR\",\"potentialAction\":[{\"@type\":\"ReadAction\",\"target\":[\"https:\/\/www.estrategiaconcursos.com.br\/blog\/pronomes-indefinidos\/\"]}]},{\"@type\":\"ImageObject\",\"inLanguage\":\"pt-BR\",\"@id\":\"https:\/\/www.estrategiaconcursos.com.br\/blog\/pronomes-indefinidos\/#primaryimage\",\"url\":\"https:\/\/dhg1h5j42swfq.cloudfront.net\/2025\/03\/30175655\/estudos-estrategia-nota-de-corte-scaled.jpg\",\"contentUrl\":\"https:\/\/dhg1h5j42swfq.cloudfront.net\/2025\/03\/30175655\/estudos-estrategia-nota-de-corte-scaled.jpg\",\"width\":2560,\"height\":1706,\"caption\":\"Estudo sem edital aberto\"},{\"@type\":\"BreadcrumbList\",\"@id\":\"https:\/\/www.estrategiaconcursos.com.br\/blog\/pronomes-indefinidos\/#breadcrumb\",\"itemListElement\":[{\"@type\":\"ListItem\",\"position\":1,\"name\":\"In\u00edcio\",\"item\":\"https:\/\/www.estrategiaconcursos.com.br\/blog\/\"},{\"@type\":\"ListItem\",\"position\":2,\"name\":\"Entenda tudo sobre os pronomes indefinidos\"}]},{\"@type\":\"WebSite\",\"@id\":\"https:\/\/www.estrategiaconcursos.com.br\/blog\/#website\",\"url\":\"https:\/\/www.estrategiaconcursos.com.br\/blog\/\",\"name\":\"Estrat\u00e9gia Concursos\",\"description\":\"O blog da Estrat\u00e9gia Concursos traz not\u00edcias sobre concursos e artigos de professores oferecendo cursos para concursos (pdf + videaulas) no site.\",\"publisher\":{\"@id\":\"https:\/\/www.estrategiaconcursos.com.br\/blog\/#organization\"},\"potentialAction\":[{\"@type\":\"SearchAction\",\"target\":{\"@type\":\"EntryPoint\",\"urlTemplate\":\"https:\/\/www.estrategiaconcursos.com.br\/blog\/?s={search_term_string}\"},\"query-input\":{\"@type\":\"PropertyValueSpecification\",\"valueRequired\":true,\"valueName\":\"search_term_string\"}}],\"inLanguage\":\"pt-BR\"},{\"@type\":\"Organization\",\"@id\":\"https:\/\/www.estrategiaconcursos.com.br\/blog\/#organization\",\"name\":\"Estrat\u00e9gia Concursos\",\"url\":\"https:\/\/www.estrategiaconcursos.com.br\/blog\/\",\"logo\":{\"@type\":\"ImageObject\",\"inLanguage\":\"pt-BR\",\"@id\":\"https:\/\/www.estrategiaconcursos.com.br\/blog\/#\/schema\/logo\/image\/\",\"url\":\"https:\/\/dhg1h5j42swfq.cloudfront.net\/2025\/06\/03203428\/logo_concursos-1.jpg\",\"contentUrl\":\"https:\/\/dhg1h5j42swfq.cloudfront.net\/2025\/06\/03203428\/logo_concursos-1.jpg\",\"width\":230,\"height\":60,\"caption\":\"Estrat\u00e9gia Concursos\"},\"image\":{\"@id\":\"https:\/\/www.estrategiaconcursos.com.br\/blog\/#\/schema\/logo\/image\/\"},\"sameAs\":[\"https:\/\/x.com\/EstratConcursos\"]},{\"@type\":\"Person\",\"@id\":\"https:\/\/www.estrategiaconcursos.com.br\/blog\/#\/schema\/person\/8fc96f7f7728e195db482f9d8160b155\",\"name\":\"Maiara Anger\",\"image\":{\"@type\":\"ImageObject\",\"inLanguage\":\"pt-BR\",\"@id\":\"https:\/\/secure.gravatar.com\/avatar\/1bfd018c87b73c778d016238d0c7c212ecf417543a9f8423e47fefc011c2925f?s=96&d=mm&r=g\",\"url\":\"https:\/\/secure.gravatar.com\/avatar\/1bfd018c87b73c778d016238d0c7c212ecf417543a9f8423e47fefc011c2925f?s=96&d=mm&r=g\",\"contentUrl\":\"https:\/\/secure.gravatar.com\/avatar\/1bfd018c87b73c778d016238d0c7c212ecf417543a9f8423e47fefc011c2925f?s=96&d=mm&r=g\",\"caption\":\"Maiara Anger\"},\"url\":\"https:\/\/www.estrategiaconcursos.com.br\/blog\/author\/maiaraangermx2-unisc-br\/\"}]}<\/script>\n<!-- \/ Yoast SEO Premium plugin. -->","yoast_head_json":{"title":"Pronomes indefinidos","description":"Estuda para concursos e precisa de uma ajuda no portugu\u00eas? Reunimos aqui as principais informa\u00e7\u00f5es sobre os pronomes indefinidos.","robots":{"index":"index","follow":"follow","max-snippet":"max-snippet:-1","max-image-preview":"max-image-preview:large","max-video-preview":"max-video-preview:-1"},"canonical":"https:\/\/www.estrategiaconcursos.com.br\/blog\/pronomes-indefinidos\/","og_locale":"pt_BR","og_type":"article","og_title":"Entenda tudo sobre os pronomes indefinidos","og_description":"Estuda para concursos e precisa de uma ajuda no portugu\u00eas? Reunimos aqui as principais informa\u00e7\u00f5es sobre os pronomes indefinidos.","og_url":"https:\/\/www.estrategiaconcursos.com.br\/blog\/pronomes-indefinidos\/","og_site_name":"Estrat\u00e9gia Concursos","article_published_time":"2026-01-29T14:30:00+00:00","og_image":[{"width":2560,"height":1706,"url":"https:\/\/dhg1h5j42swfq.cloudfront.net\/2025\/03\/30175655\/estudos-estrategia-nota-de-corte-scaled.jpg","type":"image\/jpeg"}],"author":"Maiara Anger","twitter_card":"summary_large_image","twitter_creator":"@EstratConcursos","twitter_site":"@EstratConcursos","twitter_misc":{"Escrito por":"Maiara Anger","Est. tempo de leitura":"5 minutos"},"schema":{"@context":"https:\/\/schema.org","@graph":[{"@type":"NewsArticle","@id":"https:\/\/www.estrategiaconcursos.com.br\/blog\/pronomes-indefinidos\/#article","isPartOf":{"@id":"https:\/\/www.estrategiaconcursos.com.br\/blog\/pronomes-indefinidos\/"},"author":{"name":"Maiara Anger","@id":"https:\/\/www.estrategiaconcursos.com.br\/blog\/#\/schema\/person\/8fc96f7f7728e195db482f9d8160b155"},"headline":"Entenda tudo sobre os pronomes indefinidos","datePublished":"2026-01-29T14:30:00+00:00","mainEntityOfPage":{"@id":"https:\/\/www.estrategiaconcursos.com.br\/blog\/pronomes-indefinidos\/"},"wordCount":914,"commentCount":0,"publisher":{"@id":"https:\/\/www.estrategiaconcursos.com.br\/blog\/#organization"},"image":{"@id":"https:\/\/www.estrategiaconcursos.com.br\/blog\/pronomes-indefinidos\/#primaryimage"},"thumbnailUrl":"https:\/\/dhg1h5j42swfq.cloudfront.net\/2025\/03\/30175655\/estudos-estrategia-nota-de-corte-scaled.jpg","articleSection":["Concursos P\u00fablicos"],"inLanguage":"pt-BR","potentialAction":[{"@type":"CommentAction","name":"Comment","target":["https:\/\/www.estrategiaconcursos.com.br\/blog\/pronomes-indefinidos\/#respond"]}],"copyrightYear":"2026","copyrightHolder":{"@id":"https:\/\/www.estrategiaconcursos.com.br\/blog\/#organization"}},{"@type":"WebPage","@id":"https:\/\/www.estrategiaconcursos.com.br\/blog\/pronomes-indefinidos\/","url":"https:\/\/www.estrategiaconcursos.com.br\/blog\/pronomes-indefinidos\/","name":"Pronomes indefinidos","isPartOf":{"@id":"https:\/\/www.estrategiaconcursos.com.br\/blog\/#website"},"primaryImageOfPage":{"@id":"https:\/\/www.estrategiaconcursos.com.br\/blog\/pronomes-indefinidos\/#primaryimage"},"image":{"@id":"https:\/\/www.estrategiaconcursos.com.br\/blog\/pronomes-indefinidos\/#primaryimage"},"thumbnailUrl":"https:\/\/dhg1h5j42swfq.cloudfront.net\/2025\/03\/30175655\/estudos-estrategia-nota-de-corte-scaled.jpg","datePublished":"2026-01-29T14:30:00+00:00","description":"Estuda para concursos e precisa de uma ajuda no portugu\u00eas? Reunimos aqui as principais informa\u00e7\u00f5es sobre os pronomes indefinidos.","breadcrumb":{"@id":"https:\/\/www.estrategiaconcursos.com.br\/blog\/pronomes-indefinidos\/#breadcrumb"},"inLanguage":"pt-BR","potentialAction":[{"@type":"ReadAction","target":["https:\/\/www.estrategiaconcursos.com.br\/blog\/pronomes-indefinidos\/"]}]},{"@type":"ImageObject","inLanguage":"pt-BR","@id":"https:\/\/www.estrategiaconcursos.com.br\/blog\/pronomes-indefinidos\/#primaryimage","url":"https:\/\/dhg1h5j42swfq.cloudfront.net\/2025\/03\/30175655\/estudos-estrategia-nota-de-corte-scaled.jpg","contentUrl":"https:\/\/dhg1h5j42swfq.cloudfront.net\/2025\/03\/30175655\/estudos-estrategia-nota-de-corte-scaled.jpg","width":2560,"height":1706,"caption":"Estudo sem edital aberto"},{"@type":"BreadcrumbList","@id":"https:\/\/www.estrategiaconcursos.com.br\/blog\/pronomes-indefinidos\/#breadcrumb","itemListElement":[{"@type":"ListItem","position":1,"name":"In\u00edcio","item":"https:\/\/www.estrategiaconcursos.com.br\/blog\/"},{"@type":"ListItem","position":2,"name":"Entenda tudo sobre os pronomes indefinidos"}]},{"@type":"WebSite","@id":"https:\/\/www.estrategiaconcursos.com.br\/blog\/#website","url":"https:\/\/www.estrategiaconcursos.com.br\/blog\/","name":"Estrat\u00e9gia Concursos","description":"O blog da Estrat\u00e9gia Concursos traz not\u00edcias sobre concursos e artigos de professores oferecendo cursos para concursos (pdf + videaulas) no site.","publisher":{"@id":"https:\/\/www.estrategiaconcursos.com.br\/blog\/#organization"},"potentialAction":[{"@type":"SearchAction","target":{"@type":"EntryPoint","urlTemplate":"https:\/\/www.estrategiaconcursos.com.br\/blog\/?s={search_term_string}"},"query-input":{"@type":"PropertyValueSpecification","valueRequired":true,"valueName":"search_term_string"}}],"inLanguage":"pt-BR"},{"@type":"Organization","@id":"https:\/\/www.estrategiaconcursos.com.br\/blog\/#organization","name":"Estrat\u00e9gia Concursos","url":"https:\/\/www.estrategiaconcursos.com.br\/blog\/","logo":{"@type":"ImageObject","inLanguage":"pt-BR","@id":"https:\/\/www.estrategiaconcursos.com.br\/blog\/#\/schema\/logo\/image\/","url":"https:\/\/dhg1h5j42swfq.cloudfront.net\/2025\/06\/03203428\/logo_concursos-1.jpg","contentUrl":"https:\/\/dhg1h5j42swfq.cloudfront.net\/2025\/06\/03203428\/logo_concursos-1.jpg","width":230,"height":60,"caption":"Estrat\u00e9gia Concursos"},"image":{"@id":"https:\/\/www.estrategiaconcursos.com.br\/blog\/#\/schema\/logo\/image\/"},"sameAs":["https:\/\/x.com\/EstratConcursos"]},{"@type":"Person","@id":"https:\/\/www.estrategiaconcursos.com.br\/blog\/#\/schema\/person\/8fc96f7f7728e195db482f9d8160b155","name":"Maiara Anger","image":{"@type":"ImageObject","inLanguage":"pt-BR","@id":"https:\/\/secure.gravatar.com\/avatar\/1bfd018c87b73c778d016238d0c7c212ecf417543a9f8423e47fefc011c2925f?s=96&d=mm&r=g","url":"https:\/\/secure.gravatar.com\/avatar\/1bfd018c87b73c778d016238d0c7c212ecf417543a9f8423e47fefc011c2925f?s=96&d=mm&r=g","contentUrl":"https:\/\/secure.gravatar.com\/avatar\/1bfd018c87b73c778d016238d0c7c212ecf417543a9f8423e47fefc011c2925f?s=96&d=mm&r=g","caption":"Maiara Anger"},"url":"https:\/\/www.estrategiaconcursos.com.br\/blog\/author\/maiaraangermx2-unisc-br\/"}]}},"_links":{"self":[{"href":"https:\/\/www.estrategiaconcursos.com.br\/blog\/wp-json\/wp\/v2\/posts\/1697308","targetHints":{"allow":["GET"]}}],"collection":[{"href":"https:\/\/www.estrategiaconcursos.com.br\/blog\/wp-json\/wp\/v2\/posts"}],"about":[{"href":"https:\/\/www.estrategiaconcursos.com.br\/blog\/wp-json\/wp\/v2\/types\/post"}],"author":[{"embeddable":true,"href":"https:\/\/www.estrategiaconcursos.com.br\/blog\/wp-json\/wp\/v2\/users\/2461"}],"replies":[{"embeddable":true,"href":"https:\/\/www.estrategiaconcursos.com.br\/blog\/wp-json\/wp\/v2\/comments?post=1697308"}],"version-history":[{"count":3,"href":"https:\/\/www.estrategiaconcursos.com.br\/blog\/wp-json\/wp\/v2\/posts\/1697308\/revisions"}],"predecessor-version":[{"id":1697311,"href":"https:\/\/www.estrategiaconcursos.com.br\/blog\/wp-json\/wp\/v2\/posts\/1697308\/revisions\/1697311"}],"wp:featuredmedia":[{"embeddable":true,"href":"https:\/\/www.estrategiaconcursos.com.br\/blog\/wp-json\/wp\/v2\/media\/1554794"}],"wp:attachment":[{"href":"https:\/\/www.estrategiaconcursos.com.br\/blog\/wp-json\/wp\/v2\/media?parent=1697308"}],"wp:term":[{"taxonomy":"category","embeddable":true,"href":"https:\/\/www.estrategiaconcursos.com.br\/blog\/wp-json\/wp\/v2\/categories?post=1697308"},{"taxonomy":"post_tag","embeddable":true,"href":"https:\/\/www.estrategiaconcursos.com.br\/blog\/wp-json\/wp\/v2\/tags?post=1697308"},{"taxonomy":"tax_estado","embeddable":true,"href":"https:\/\/www.estrategiaconcursos.com.br\/blog\/wp-json\/wp\/v2\/tax_estado?post=1697308"}],"curies":[{"name":"wp","href":"https:\/\/api.w.org\/{rel}","templated":true}]}}