{"id":1697291,"date":"2026-01-29T14:23:00","date_gmt":"2026-01-29T17:23:00","guid":{"rendered":"https:\/\/www.estrategiaconcursos.com.br\/blog\/?p=1697291"},"modified":"2026-01-19T19:53:20","modified_gmt":"2026-01-19T22:53:20","slug":"sefaz-sp-suspensao-credito","status":"publish","type":"post","link":"https:\/\/www.estrategiaconcursos.com.br\/blog\/sefaz-sp-suspensao-credito\/","title":{"rendered":"Sefaz-SP:\u00a0Suspens\u00e3o\u00a0do Cr\u00e9dito Tribut\u00e1rio\u00a0&#8211; no\u00e7\u00f5es gerais\u00a0"},"content":{"rendered":"\n<div class=\"wp-block-group has-global-padding is-layout-constrained wp-block-group-is-layout-constrained\">\n<figure class=\"wp-block-image alignright size-full is-resized\"><img loading=\"lazy\" decoding=\"async\" width=\"465\" height=\"243\" src=\"https:\/\/dhg1h5j42swfq.cloudfront.net\/2026\/01\/11210109\/sefaz-sp.png\" alt=\"\" class=\"wp-image-1697294\" style=\"width:343px;height:auto\" srcset=\"https:\/\/dhg1h5j42swfq.cloudfront.net\/2026\/01\/11210109\/sefaz-sp.png 465w, https:\/\/dhg1h5j42swfq.cloudfront.net\/2026\/01\/11210109\/sefaz-sp-300x157.png 300w, https:\/\/dhg1h5j42swfq.cloudfront.net\/2026\/01\/11210109\/sefaz-sp-150x78.png 150w\" sizes=\"auto, (max-width: 465px) 100vw, 465px\" \/><\/figure>\n\n\n\n<p>Ol\u00e1&nbsp;Concurseiro! Tudo bem?&nbsp;&nbsp;<br \/>Nesse artigo vamos falar sobre o&nbsp;concurso da Secretaria da Fazenda do Estado de&nbsp;S\u00e3o Paulo&nbsp;(Sefaz-SP)!&nbsp;Para verificar o edital no site da Banca basta clicar nesse&nbsp;<a href=\"https:\/\/www.concursosfcc.com.br\/concursos\/fazsp125\/index.html\" target=\"_blank\" rel=\"noreferrer noopener\">LINK<\/a>&nbsp;e para a assistir a an\u00e1lise do edital realizada pelo Estrat\u00e9gia basta clicar&nbsp;<a href=\"https:\/\/www.youtube.com\/watch?v=-kp8iK7jCnA&amp;t=3s\" target=\"_blank\" rel=\"noreferrer noopener\">AQUI<\/a>.&nbsp;<br \/>Vamos destacar&nbsp;um dos t\u00f3picos de uma das disciplinas mais importantes do concurso:&nbsp;Direito Tribut\u00e1rio.&nbsp;Trata-se de uma disciplina&nbsp;cuja cobran\u00e7a ocorrer\u00e1&nbsp;nas provas para as \u00e1reas de&nbsp;Gest\u00e3o&nbsp;Tribut\u00e1ria e de Tecnologia da Informa\u00e7\u00e3o e Comunica\u00e7\u00e3o,&nbsp;tanto nos&nbsp;conhecimentos gerais&nbsp;quanto nos conhecimentos espec\u00edficos.&nbsp;<br \/>Nesse artigo,&nbsp;veremos&nbsp;o t\u00f3pico Sefaz-SP: suspens\u00e3o do cr\u00e9dito tribut\u00e1rio, suas causas e previs\u00e3o legal:&nbsp;<br \/>1. Considera\u00e7\u00f5es iniciais&nbsp;<br \/>2. Sefaz-SP: Suspens\u00e3o do cr\u00e9dito tribut\u00e1rio&nbsp;<\/p>\n\n\n\n<ol start=\"1\" class=\"wp-block-list\">\n<li><\/li>\n<\/ol>\n\n\n\n<ol start=\"2\" class=\"wp-block-list\">\n<li><\/li>\n<\/ol>\n\n\n\n<p>2.1)&nbsp;O que \u00e9 a suspens\u00e3o do cr\u00e9dito tribut\u00e1rio?&nbsp;<\/p>\n\n\n\n<p>2.2)&nbsp;Previs\u00e3o legal acerca da suspens\u00e3o do cr\u00e9dito tribut\u00e1rio&nbsp;<\/p>\n\n\n\n<p>3. Considera\u00e7\u00f5es finais&nbsp;<\/p>\n\n\n\n<ol start=\"3\" class=\"wp-block-list\">\n<li><\/li>\n<\/ol>\n\n\n\n<p>Vamos l\u00e1!&nbsp;<\/p>\n\n\n\n<h2 class=\"wp-block-heading\" id=\"h-1-consideracoes-iniciais\">1) <strong>Considera\u00e7\u00f5es iniciais<\/strong><\/h2>\n\n\n\n<p>Inicialmente, \u00e9 importante entender que,&nbsp;em regra,&nbsp;ap\u00f3s a constitui\u00e7\u00e3o do cr\u00e9dito tribut\u00e1rio atrav\u00e9s do competente lan\u00e7amento, ele passa a ser exig\u00edvel, pode ser inscrito em d\u00edvida ativa e ser executado pela autoridade competente.&nbsp;Por\u00e9m, o C\u00f3digo tribut\u00e1rio Nacional (CTN) previu algumas causas de suspens\u00e3o da exigibilidade desse&nbsp;cr\u00e9dito tribut\u00e1rio.&nbsp;<\/p>\n\n\n\n<p>No presente artigo vamos esclarecer o que \u00e9 a suspens\u00e3o do cr\u00e9dito tribut\u00e1rio, suas raz\u00f5es e consequ\u00eancias.&nbsp;Nos artigos seguintes, veremos detalhadamente&nbsp;as causas de suspens\u00e3o&nbsp;e&nbsp;seus&nbsp;respectivos&nbsp;funcionamentos&nbsp;e caracter\u00edsticas.&nbsp;<\/p>\n\n\n\n<h2 class=\"wp-block-heading\" id=\"h-2-suspensao-do-credito-tributario-nbsp\">2) <strong>Suspens\u00e3o do cr\u00e9dito tribut\u00e1rio<\/strong>&nbsp;<\/h2>\n\n\n\n<h2 class=\"wp-block-heading\" id=\"h-2-1-o-que-e-a-suspensao-do-credito-tributario-nbsp\"><strong>2.1) O que \u00e9 a suspens\u00e3o do cr\u00e9dito tribut\u00e1rio?<\/strong>&nbsp;<\/h2>\n\n\n\n<p>A&nbsp;suspens\u00e3o do cr\u00e9dito tribut\u00e1rio&nbsp;pode ser entendida como um mecanismo jur\u00eddico que promove&nbsp;uma paralisa\u00e7\u00e3o tempor\u00e1ria da exigibilidade do cr\u00e9dito.&nbsp;Ou seja, mesmo que o tributo tenha sido regularmente constitu\u00eddo e seja devido&nbsp;pelo sujeito passivo,&nbsp;ele n\u00e3o pode ser cobrado&nbsp;enquanto perdurar a suspens\u00e3o.&nbsp;&nbsp;<\/p>\n\n\n\n<p>Sendo assim, a suspens\u00e3o&nbsp;consiste em uma ferramenta relevante que, como veremos,&nbsp;possibilita ao contribuinte discutir a validade do cr\u00e9dito tribut\u00e1rio sem que precise efetuar imediatamente o pagamento.&nbsp;Portanto, funciona como uma garantia do devido processo legal e do amplo direito de defesa, uma vez que garante&nbsp;que o contribuinte n\u00e3o sofrer\u00e1 restri\u00e7\u00f5es em seu patrim\u00f4nio enquanto n\u00e3o houver decis\u00e3o definitiva sobre o cr\u00e9dito tribut\u00e1rio.&nbsp;<\/p>\n\n\n\n<p>\u00c9 importante ressaltar que&nbsp;a suspens\u00e3o \u00e9 da&nbsp;exigibilidade do cr\u00e9dito tribut\u00e1rio e n\u00e3o&nbsp;do cr\u00e9dito em si.&nbsp;Sendo assim, \u00e9 poss\u00edvel que durante a suspens\u00e3o seja feito o lan\u00e7amento&nbsp;do tributo, para evitar a decad\u00eancia. Por\u00e9m,&nbsp;n\u00e3o \u00e9 poss\u00edvel exigir seu&nbsp;pagamento, tampouco&nbsp;ele&nbsp;poder\u00e1&nbsp;ser inscrito em d\u00edvida ativa ou executado.&nbsp;&nbsp;<\/p>\n\n\n\n<p>Acerca das vantagens da suspens\u00e3o&nbsp;do&nbsp;cr\u00e9dito tribut\u00e1rio, al\u00e9m do impedimento de qualquer cobran\u00e7a, seja amig\u00e1vel, administrativa ou judicial&nbsp;antes da defini\u00e7\u00e3o final da situa\u00e7\u00e3o tribut\u00e1ria do contribuinte, \u00e9 poss\u00edvel citar a possibilidade de&nbsp;extra\u00e7\u00e3o de certid\u00e3o positiva com efeito de negativa. Essa certid\u00e3o&nbsp;atesta a regularidade fiscal do contribuinte e&nbsp;possibilita, por exemplo, que o sujeito passivo do cr\u00e9dito tribut\u00e1rio participe de licita\u00e7\u00f5es&nbsp;p\u00fablicas.&nbsp;<\/p>\n\n\n\n<h2 class=\"wp-block-heading\" id=\"h-2-2-nbsp-previsao-legal-nbsp-acerca-da-suspensao-do-credito-tributario-nbsp\"><strong>2.2)&nbsp;Previs\u00e3o legal&nbsp;acerca da suspens\u00e3o do cr\u00e9dito tribut\u00e1rio<\/strong>&nbsp;<\/h2>\n\n\n\n<p>A suspens\u00e3o do cr\u00e9dito tribut\u00e1rio est\u00e1 prevista no&nbsp;C\u00f3digo Tribut\u00e1rio Nacional. O&nbsp;artigo 151&nbsp;do referido C\u00f3digo&nbsp;lista em seis incisos as hip\u00f3teses de suspens\u00e3o do cr\u00e9dito tribut\u00e1rio, sen\u00e3o vejamos:&nbsp;<\/p>\n\n\n\n<p class=\"has-background has-small-font-size\" style=\"background-color:#aaaef8\">Art. 151. Suspendem a exigibilidade do cr\u00e9dito tribut\u00e1rio:&nbsp;<br \/>I &#8211;&nbsp;morat\u00f3ria;&nbsp;<br \/>II &#8211;&nbsp;o&nbsp;dep\u00f3sito do seu montante integral;&nbsp;<br \/>III &#8211; as reclama\u00e7\u00f5es e os recursos, nos termos das leis reguladoras do processo tribut\u00e1rio administrativo;&nbsp;<br \/>IV &#8211;&nbsp;a&nbsp;concess\u00e3o de medida liminar em mandado de seguran\u00e7a.&nbsp;<br \/>V \u2013&nbsp;a&nbsp;concess\u00e3o de medida liminar ou de tutela antecipada, em outras esp\u00e9cies de a\u00e7\u00e3o judicial;&nbsp;<a href=\"https:\/\/www.planalto.gov.br\/ccivil_03\/LEIS\/LCP\/Lcp104.htm\" target=\"_blank\" rel=\"noreferrer noopener\">(Inclu\u00eddo pela Lcp n\u00ba 104, de 2001)<\/a><strong><em>&nbsp;<\/em><\/strong>&nbsp;&nbsp;&nbsp;&nbsp;<br \/>VI \u2013&nbsp;o&nbsp;parcelamento.&nbsp;<a href=\"https:\/\/www.planalto.gov.br\/ccivil_03\/LEIS\/LCP\/Lcp104.htm\" target=\"_blank\" rel=\"noreferrer noopener\">(Inclu\u00eddo pela Lcp n\u00ba 104, de 2001)<\/a>&nbsp;<\/p>\n\n\n\n<p>\u00c9 importante salientar que,&nbsp;o pr\u00f3prio CTN, no artigo 111,&nbsp;inciso I,&nbsp;prev\u00ea que a legisla\u00e7\u00e3o tribut\u00e1ria que versar sobre suspens\u00e3o do cr\u00e9dito, entre outros assuntos, deve ter interpreta\u00e7\u00e3o literal:&nbsp;<\/p>\n\n\n\n<p class=\"has-background has-small-font-size\" style=\"background-color:#aaaef8\">Art. 111. Interpreta-se literalmente a legisla\u00e7\u00e3o tribut\u00e1ria que disponha&nbsp;sobre:&nbsp;<br \/>I &#8211;&nbsp;suspens\u00e3o ou exclus\u00e3o&nbsp;do cr\u00e9dito tribut\u00e1rio;&nbsp;<\/p>\n\n\n\n<p>Dessa forma, n\u00e3o cabe ampliar as hip\u00f3teses expressamente previstas no c\u00f3digo seja para tentar utilizar a analogia ou para fazer uma interpreta\u00e7\u00e3o extensiva para outras&nbsp;situa\u00e7\u00f5es.&nbsp;Portanto, \u00e9 poss\u00edvel afirmar que o rol previsto no artigo 151 \u00e9 taxativo.&nbsp;<\/p>\n\n\n\n<p class=\"has-text-align-left\">Acerca da legisla\u00e7\u00e3o sobre o tema, cabe&nbsp;ressaltar&nbsp;ainda&nbsp;a previs\u00e3o do par\u00e1grafo \u00fanico do artigo&nbsp;151. Tal par\u00e1grafo&nbsp;determina que a suspens\u00e3o da exigibilidade do cr\u00e9dito tribut\u00e1rio n\u00e3o resulta em dispensa&nbsp;do cumprimento de obriga\u00e7\u00f5es acess\u00f3rias dependentes ou consequentes da obriga\u00e7\u00e3o principal cujo cr\u00e9dito est\u00e1 suspenso. Ou seja, permanecem as obriga\u00e7\u00f5es como a emiss\u00e3o de notas fiscais e realiza\u00e7\u00e3o da escritura\u00e7\u00e3o adequada  durante a suspens\u00e3o.&nbsp;<\/p>\n\n\n\n<div class=\"wp-block-group has-global-padding is-layout-constrained wp-block-group-is-layout-constrained\">\n<div class=\"wp-block-group has-global-padding is-layout-constrained wp-block-group-is-layout-constrained\">\n<h2 class=\"wp-block-heading\" id=\"h-3-consideracoes-finais\">3) <strong>Considera\u00e7\u00f5es Finais<\/strong><\/h2>\n\n\n\n<p>Sendo assim, no presente artigo vimos um t\u00f3pico muito importante para a prova da Sefaz-SP: suspens\u00e3o do cr\u00e9dito tribut\u00e1rio. Como visto,&nbsp;a suspens\u00e3o da exigibilidade \u00e9&nbsp;uma ferramenta muito \u00fatil para que o sujeito passivo discuta o cr\u00e9dito tribut\u00e1rio sem a necessidade de efetuar imediatamente seu pagamento. Por\u00e9m, a suspens\u00e3o n\u00e3o \u00e9 sin\u00f4nimo de cancelamento nem de invalida\u00e7\u00e3o do cr\u00e9dito, mas apenas o&nbsp;impedimento de sua exigibilidade at\u00e9 o fim da suspens\u00e3o.<\/p>\n\n\n\n<p>Al\u00e9m disso, vimos&nbsp;que o CTN prev\u00ea em seis incisos as causas de suspens\u00e3o do cr\u00e9dito tribut\u00e1rio, que ser\u00e3o detalhadas nos pr\u00f3ximos artigos. Ademais, restou esclarecido que esse rol \u00e9 taxativo, conforme previs\u00e3o tamb\u00e9m do C\u00f3digo Tribut\u00e1rio que determina a interpreta\u00e7\u00e3o literal dos dispositivos que versam sobre a&nbsp;suspens\u00e3o do cr\u00e9dito tribut\u00e1rio.&nbsp;<\/p>\n\n\n\n<p>At\u00e9 a pr\u00f3xima!&nbsp;<\/p>\n\n\n\n<p class=\"has-small-font-size\">Refer\u00eancias:&nbsp;<\/p>\n\n\n\n<p class=\"has-small-font-size\"><a href=\"https:\/\/www.planalto.gov.br\/ccivil_03\/LEIS\/L5172Compilado.htm\" target=\"_blank\" rel=\"noreferrer noopener\">C\u00f3digo Tribut\u00e1rio Nacional<\/a>&nbsp;<\/p>\n<\/div>\n\n\n\n<p class=\"has-text-align-center has-x-large-font-size\">Cursos e Assinaturas&nbsp;<\/p>\n\n\n\n<p class=\"has-text-align-left has-medium-font-size\">Prepare-se com o melhor material e com quem mais aprova em Concursos P\u00fablicos em todo o pa\u00eds!&nbsp;<\/p>\n\n\n\n<p class=\"has-text-align-center has-base-color has-text-color has-background has-link-color wp-elements-594b6553bf0d9a86bc130a4e73953e1d\" style=\"background-color:#3e44c2\"><a href=\"https:\/\/www.estrategiaconcursos.com.br\/blog\/concursos-abertos\/\" target=\"_blank\" rel=\"noreferrer noopener\">Concursos abertos<\/a>&nbsp;&nbsp;<\/p>\n<\/div>\n\n\n\n<p class=\"has-text-align-center has-base-color has-text-color has-background has-link-color wp-elements-10f8b8022a0d5ceb682a74f174b398d8\" style=\"background-color:#3e44c2\"><a href=\"https:\/\/www.estrategiaconcursos.com.br\/blog\/concursos-2026\/\" target=\"_blank\" rel=\"noreferrer noopener\">Concursos 2026<\/a>&nbsp;<\/p>\n\n\n\n<p><\/p>\n<\/div>\n","protected":false},"excerpt":{"rendered":"<p>Ol\u00e1&nbsp;Concurseiro! Tudo bem?&nbsp;&nbsp;Nesse artigo vamos falar sobre o&nbsp;concurso da Secretaria da Fazenda do Estado de&nbsp;S\u00e3o Paulo&nbsp;(Sefaz-SP)!&nbsp;Para verificar o edital no site da Banca basta clicar nesse&nbsp;LINK&nbsp;e para a assistir a an\u00e1lise do edital realizada pelo Estrat\u00e9gia basta clicar&nbsp;AQUI.&nbsp;Vamos destacar&nbsp;um dos t\u00f3picos de uma das disciplinas mais importantes do concurso:&nbsp;Direito Tribut\u00e1rio.&nbsp;Trata-se de uma disciplina&nbsp;cuja cobran\u00e7a ocorrer\u00e1&nbsp;nas [&hellip;]<\/p>\n","protected":false},"author":2957,"featured_media":1690773,"comment_status":"open","ping_status":"closed","sticky":false,"template":"","format":"standard","meta":{"post_tipo":"article","footnotes":""},"categories":[1983],"tags":[],"tax_estado":[219989],"class_list":["post-1697291","post","type-post","status-publish","format-standard","has-post-thumbnail","hentry","category-fiscal-estadual","tax_estado-sp"],"acf":[],"yoast_head":"<!-- This site is optimized with the Yoast SEO Premium plugin v27.2 (Yoast SEO v27.2) - https:\/\/yoast.com\/product\/yoast-seo-premium-wordpress\/ -->\n<title>Sefaz-SP: Suspens\u00e3o do cr\u00e9dito<\/title>\n<meta name=\"description\" content=\"Aprenda nesse artigo para a Sefaz-SP o que \u00e9 a suspens\u00e3o do cr\u00e9dito tribut\u00e1rio e qual a previs\u00e3o do c\u00f3digo Tribut\u00e1rio acerca do tema.\" \/>\n<meta name=\"robots\" content=\"index, follow, max-snippet:-1, max-image-preview:large, max-video-preview:-1\" \/>\n<link rel=\"canonical\" href=\"https:\/\/www.estrategiaconcursos.com.br\/blog\/sefaz-sp-suspensao-credito\/\" \/>\n<meta property=\"og:locale\" content=\"pt_BR\" \/>\n<meta property=\"og:type\" content=\"article\" \/>\n<meta property=\"og:title\" content=\"Sefaz-SP:\u00a0Suspens\u00e3o\u00a0do Cr\u00e9dito Tribut\u00e1rio\u00a0- no\u00e7\u00f5es gerais\u00a0\" \/>\n<meta property=\"og:description\" content=\"Aprenda nesse artigo para a Sefaz-SP o que \u00e9 a suspens\u00e3o do cr\u00e9dito tribut\u00e1rio e qual a previs\u00e3o do c\u00f3digo Tribut\u00e1rio acerca do tema.\" \/>\n<meta property=\"og:url\" content=\"https:\/\/www.estrategiaconcursos.com.br\/blog\/sefaz-sp-suspensao-credito\/\" \/>\n<meta property=\"og:site_name\" content=\"Estrat\u00e9gia Concursos\" \/>\n<meta property=\"article:published_time\" content=\"2026-01-29T17:23:00+00:00\" \/>\n<meta property=\"og:image\" content=\"https:\/\/dhg1h5j42swfq.cloudfront.net\/2025\/12\/27072158\/image-233.png\" \/>\n\t<meta property=\"og:image:width\" content=\"465\" \/>\n\t<meta property=\"og:image:height\" content=\"243\" \/>\n\t<meta property=\"og:image:type\" content=\"image\/png\" \/>\n<meta name=\"author\" content=\"Maria Musse\" \/>\n<meta name=\"twitter:card\" content=\"summary_large_image\" \/>\n<meta name=\"twitter:creator\" content=\"@EstratConcursos\" \/>\n<meta name=\"twitter:site\" content=\"@EstratConcursos\" \/>\n<meta name=\"twitter:label1\" content=\"Escrito por\" \/>\n\t<meta name=\"twitter:data1\" content=\"Maria Musse\" \/>\n\t<meta name=\"twitter:label2\" content=\"Est. tempo de leitura\" \/>\n\t<meta name=\"twitter:data2\" content=\"6 minutos\" \/>\n<script type=\"application\/ld+json\" class=\"yoast-schema-graph\">{\"@context\":\"https:\/\/schema.org\",\"@graph\":[{\"@type\":\"NewsArticle\",\"@id\":\"https:\/\/www.estrategiaconcursos.com.br\/blog\/sefaz-sp-suspensao-credito\/#article\",\"isPartOf\":{\"@id\":\"https:\/\/www.estrategiaconcursos.com.br\/blog\/sefaz-sp-suspensao-credito\/\"},\"author\":{\"name\":\"Maria Musse\",\"@id\":\"https:\/\/www.estrategiaconcursos.com.br\/blog\/#\/schema\/person\/b953209338d6cb30ac22f3b482bfb72a\"},\"headline\":\"Sefaz-SP:\u00a0Suspens\u00e3o\u00a0do Cr\u00e9dito Tribut\u00e1rio\u00a0&#8211; no\u00e7\u00f5es gerais\u00a0\",\"datePublished\":\"2026-01-29T17:23:00+00:00\",\"mainEntityOfPage\":{\"@id\":\"https:\/\/www.estrategiaconcursos.com.br\/blog\/sefaz-sp-suspensao-credito\/\"},\"wordCount\":1221,\"commentCount\":0,\"publisher\":{\"@id\":\"https:\/\/www.estrategiaconcursos.com.br\/blog\/#organization\"},\"image\":{\"@id\":\"https:\/\/www.estrategiaconcursos.com.br\/blog\/sefaz-sp-suspensao-credito\/#primaryimage\"},\"thumbnailUrl\":\"https:\/\/dhg1h5j42swfq.cloudfront.net\/2025\/12\/27072158\/image-233.png\",\"articleSection\":[\"Fiscal - Estadual (ICMS)\"],\"inLanguage\":\"pt-BR\",\"potentialAction\":[{\"@type\":\"CommentAction\",\"name\":\"Comment\",\"target\":[\"https:\/\/www.estrategiaconcursos.com.br\/blog\/sefaz-sp-suspensao-credito\/#respond\"]}],\"copyrightYear\":\"2026\",\"copyrightHolder\":{\"@id\":\"https:\/\/www.estrategiaconcursos.com.br\/blog\/#organization\"}},{\"@type\":\"WebPage\",\"@id\":\"https:\/\/www.estrategiaconcursos.com.br\/blog\/sefaz-sp-suspensao-credito\/\",\"url\":\"https:\/\/www.estrategiaconcursos.com.br\/blog\/sefaz-sp-suspensao-credito\/\",\"name\":\"Sefaz-SP: Suspens\u00e3o do cr\u00e9dito\",\"isPartOf\":{\"@id\":\"https:\/\/www.estrategiaconcursos.com.br\/blog\/#website\"},\"primaryImageOfPage\":{\"@id\":\"https:\/\/www.estrategiaconcursos.com.br\/blog\/sefaz-sp-suspensao-credito\/#primaryimage\"},\"image\":{\"@id\":\"https:\/\/www.estrategiaconcursos.com.br\/blog\/sefaz-sp-suspensao-credito\/#primaryimage\"},\"thumbnailUrl\":\"https:\/\/dhg1h5j42swfq.cloudfront.net\/2025\/12\/27072158\/image-233.png\",\"datePublished\":\"2026-01-29T17:23:00+00:00\",\"description\":\"Aprenda nesse artigo para a Sefaz-SP o que \u00e9 a suspens\u00e3o do cr\u00e9dito tribut\u00e1rio e qual a previs\u00e3o do c\u00f3digo Tribut\u00e1rio acerca do tema.\",\"breadcrumb\":{\"@id\":\"https:\/\/www.estrategiaconcursos.com.br\/blog\/sefaz-sp-suspensao-credito\/#breadcrumb\"},\"inLanguage\":\"pt-BR\",\"potentialAction\":[{\"@type\":\"ReadAction\",\"target\":[\"https:\/\/www.estrategiaconcursos.com.br\/blog\/sefaz-sp-suspensao-credito\/\"]}]},{\"@type\":\"ImageObject\",\"inLanguage\":\"pt-BR\",\"@id\":\"https:\/\/www.estrategiaconcursos.com.br\/blog\/sefaz-sp-suspensao-credito\/#primaryimage\",\"url\":\"https:\/\/dhg1h5j42swfq.cloudfront.net\/2025\/12\/27072158\/image-233.png\",\"contentUrl\":\"https:\/\/dhg1h5j42swfq.cloudfront.net\/2025\/12\/27072158\/image-233.png\",\"width\":465,\"height\":243,\"caption\":\"Sefaz - SP: suspens\u00e3o do cr\u00e9dito tribut\u00e1rio\"},{\"@type\":\"BreadcrumbList\",\"@id\":\"https:\/\/www.estrategiaconcursos.com.br\/blog\/sefaz-sp-suspensao-credito\/#breadcrumb\",\"itemListElement\":[{\"@type\":\"ListItem\",\"position\":1,\"name\":\"In\u00edcio\",\"item\":\"https:\/\/www.estrategiaconcursos.com.br\/blog\/\"},{\"@type\":\"ListItem\",\"position\":2,\"name\":\"Sefaz-SP:\u00a0Suspens\u00e3o\u00a0do Cr\u00e9dito Tribut\u00e1rio\u00a0&#8211; no\u00e7\u00f5es gerais\u00a0\"}]},{\"@type\":\"WebSite\",\"@id\":\"https:\/\/www.estrategiaconcursos.com.br\/blog\/#website\",\"url\":\"https:\/\/www.estrategiaconcursos.com.br\/blog\/\",\"name\":\"Estrat\u00e9gia Concursos\",\"description\":\"O blog da Estrat\u00e9gia Concursos traz not\u00edcias sobre concursos e artigos de professores oferecendo cursos para concursos (pdf + videaulas) no site.\",\"publisher\":{\"@id\":\"https:\/\/www.estrategiaconcursos.com.br\/blog\/#organization\"},\"potentialAction\":[{\"@type\":\"SearchAction\",\"target\":{\"@type\":\"EntryPoint\",\"urlTemplate\":\"https:\/\/www.estrategiaconcursos.com.br\/blog\/?s={search_term_string}\"},\"query-input\":{\"@type\":\"PropertyValueSpecification\",\"valueRequired\":true,\"valueName\":\"search_term_string\"}}],\"inLanguage\":\"pt-BR\"},{\"@type\":\"Organization\",\"@id\":\"https:\/\/www.estrategiaconcursos.com.br\/blog\/#organization\",\"name\":\"Estrat\u00e9gia Concursos\",\"url\":\"https:\/\/www.estrategiaconcursos.com.br\/blog\/\",\"logo\":{\"@type\":\"ImageObject\",\"inLanguage\":\"pt-BR\",\"@id\":\"https:\/\/www.estrategiaconcursos.com.br\/blog\/#\/schema\/logo\/image\/\",\"url\":\"https:\/\/dhg1h5j42swfq.cloudfront.net\/2025\/06\/03203428\/logo_concursos-1.jpg\",\"contentUrl\":\"https:\/\/dhg1h5j42swfq.cloudfront.net\/2025\/06\/03203428\/logo_concursos-1.jpg\",\"width\":230,\"height\":60,\"caption\":\"Estrat\u00e9gia Concursos\"},\"image\":{\"@id\":\"https:\/\/www.estrategiaconcursos.com.br\/blog\/#\/schema\/logo\/image\/\"},\"sameAs\":[\"https:\/\/x.com\/EstratConcursos\"]},{\"@type\":\"Person\",\"@id\":\"https:\/\/www.estrategiaconcursos.com.br\/blog\/#\/schema\/person\/b953209338d6cb30ac22f3b482bfb72a\",\"name\":\"Maria Musse\",\"image\":{\"@type\":\"ImageObject\",\"inLanguage\":\"pt-BR\",\"@id\":\"https:\/\/secure.gravatar.com\/avatar\/f60ce650b9ec6c555f5346982de49e793fb251fc9627d27cbc8cebdb7272a54e?s=96&d=mm&r=g\",\"url\":\"https:\/\/secure.gravatar.com\/avatar\/f60ce650b9ec6c555f5346982de49e793fb251fc9627d27cbc8cebdb7272a54e?s=96&d=mm&r=g\",\"contentUrl\":\"https:\/\/secure.gravatar.com\/avatar\/f60ce650b9ec6c555f5346982de49e793fb251fc9627d27cbc8cebdb7272a54e?s=96&d=mm&r=g\",\"caption\":\"Maria Musse\"},\"url\":\"https:\/\/www.estrategiaconcursos.com.br\/blog\/author\/mclaramussegmail-com\/\"}]}<\/script>\n<!-- \/ Yoast SEO Premium plugin. -->","yoast_head_json":{"title":"Sefaz-SP: Suspens\u00e3o do cr\u00e9dito","description":"Aprenda nesse artigo para a Sefaz-SP o que \u00e9 a suspens\u00e3o do cr\u00e9dito tribut\u00e1rio e qual a previs\u00e3o do c\u00f3digo Tribut\u00e1rio acerca do tema.","robots":{"index":"index","follow":"follow","max-snippet":"max-snippet:-1","max-image-preview":"max-image-preview:large","max-video-preview":"max-video-preview:-1"},"canonical":"https:\/\/www.estrategiaconcursos.com.br\/blog\/sefaz-sp-suspensao-credito\/","og_locale":"pt_BR","og_type":"article","og_title":"Sefaz-SP:\u00a0Suspens\u00e3o\u00a0do Cr\u00e9dito Tribut\u00e1rio\u00a0- no\u00e7\u00f5es gerais\u00a0","og_description":"Aprenda nesse artigo para a Sefaz-SP o que \u00e9 a suspens\u00e3o do cr\u00e9dito tribut\u00e1rio e qual a previs\u00e3o do c\u00f3digo Tribut\u00e1rio acerca do tema.","og_url":"https:\/\/www.estrategiaconcursos.com.br\/blog\/sefaz-sp-suspensao-credito\/","og_site_name":"Estrat\u00e9gia Concursos","article_published_time":"2026-01-29T17:23:00+00:00","og_image":[{"width":465,"height":243,"url":"https:\/\/dhg1h5j42swfq.cloudfront.net\/2025\/12\/27072158\/image-233.png","type":"image\/png"}],"author":"Maria Musse","twitter_card":"summary_large_image","twitter_creator":"@EstratConcursos","twitter_site":"@EstratConcursos","twitter_misc":{"Escrito por":"Maria Musse","Est. tempo de leitura":"6 minutos"},"schema":{"@context":"https:\/\/schema.org","@graph":[{"@type":"NewsArticle","@id":"https:\/\/www.estrategiaconcursos.com.br\/blog\/sefaz-sp-suspensao-credito\/#article","isPartOf":{"@id":"https:\/\/www.estrategiaconcursos.com.br\/blog\/sefaz-sp-suspensao-credito\/"},"author":{"name":"Maria Musse","@id":"https:\/\/www.estrategiaconcursos.com.br\/blog\/#\/schema\/person\/b953209338d6cb30ac22f3b482bfb72a"},"headline":"Sefaz-SP:\u00a0Suspens\u00e3o\u00a0do Cr\u00e9dito Tribut\u00e1rio\u00a0&#8211; no\u00e7\u00f5es gerais\u00a0","datePublished":"2026-01-29T17:23:00+00:00","mainEntityOfPage":{"@id":"https:\/\/www.estrategiaconcursos.com.br\/blog\/sefaz-sp-suspensao-credito\/"},"wordCount":1221,"commentCount":0,"publisher":{"@id":"https:\/\/www.estrategiaconcursos.com.br\/blog\/#organization"},"image":{"@id":"https:\/\/www.estrategiaconcursos.com.br\/blog\/sefaz-sp-suspensao-credito\/#primaryimage"},"thumbnailUrl":"https:\/\/dhg1h5j42swfq.cloudfront.net\/2025\/12\/27072158\/image-233.png","articleSection":["Fiscal - Estadual (ICMS)"],"inLanguage":"pt-BR","potentialAction":[{"@type":"CommentAction","name":"Comment","target":["https:\/\/www.estrategiaconcursos.com.br\/blog\/sefaz-sp-suspensao-credito\/#respond"]}],"copyrightYear":"2026","copyrightHolder":{"@id":"https:\/\/www.estrategiaconcursos.com.br\/blog\/#organization"}},{"@type":"WebPage","@id":"https:\/\/www.estrategiaconcursos.com.br\/blog\/sefaz-sp-suspensao-credito\/","url":"https:\/\/www.estrategiaconcursos.com.br\/blog\/sefaz-sp-suspensao-credito\/","name":"Sefaz-SP: Suspens\u00e3o do cr\u00e9dito","isPartOf":{"@id":"https:\/\/www.estrategiaconcursos.com.br\/blog\/#website"},"primaryImageOfPage":{"@id":"https:\/\/www.estrategiaconcursos.com.br\/blog\/sefaz-sp-suspensao-credito\/#primaryimage"},"image":{"@id":"https:\/\/www.estrategiaconcursos.com.br\/blog\/sefaz-sp-suspensao-credito\/#primaryimage"},"thumbnailUrl":"https:\/\/dhg1h5j42swfq.cloudfront.net\/2025\/12\/27072158\/image-233.png","datePublished":"2026-01-29T17:23:00+00:00","description":"Aprenda nesse artigo para a Sefaz-SP o que \u00e9 a suspens\u00e3o do cr\u00e9dito tribut\u00e1rio e qual a previs\u00e3o do c\u00f3digo Tribut\u00e1rio acerca do tema.","breadcrumb":{"@id":"https:\/\/www.estrategiaconcursos.com.br\/blog\/sefaz-sp-suspensao-credito\/#breadcrumb"},"inLanguage":"pt-BR","potentialAction":[{"@type":"ReadAction","target":["https:\/\/www.estrategiaconcursos.com.br\/blog\/sefaz-sp-suspensao-credito\/"]}]},{"@type":"ImageObject","inLanguage":"pt-BR","@id":"https:\/\/www.estrategiaconcursos.com.br\/blog\/sefaz-sp-suspensao-credito\/#primaryimage","url":"https:\/\/dhg1h5j42swfq.cloudfront.net\/2025\/12\/27072158\/image-233.png","contentUrl":"https:\/\/dhg1h5j42swfq.cloudfront.net\/2025\/12\/27072158\/image-233.png","width":465,"height":243,"caption":"Sefaz - SP: suspens\u00e3o do cr\u00e9dito tribut\u00e1rio"},{"@type":"BreadcrumbList","@id":"https:\/\/www.estrategiaconcursos.com.br\/blog\/sefaz-sp-suspensao-credito\/#breadcrumb","itemListElement":[{"@type":"ListItem","position":1,"name":"In\u00edcio","item":"https:\/\/www.estrategiaconcursos.com.br\/blog\/"},{"@type":"ListItem","position":2,"name":"Sefaz-SP:\u00a0Suspens\u00e3o\u00a0do Cr\u00e9dito Tribut\u00e1rio\u00a0&#8211; no\u00e7\u00f5es gerais\u00a0"}]},{"@type":"WebSite","@id":"https:\/\/www.estrategiaconcursos.com.br\/blog\/#website","url":"https:\/\/www.estrategiaconcursos.com.br\/blog\/","name":"Estrat\u00e9gia Concursos","description":"O blog da Estrat\u00e9gia Concursos traz not\u00edcias sobre concursos e artigos de professores oferecendo cursos para concursos (pdf + videaulas) no site.","publisher":{"@id":"https:\/\/www.estrategiaconcursos.com.br\/blog\/#organization"},"potentialAction":[{"@type":"SearchAction","target":{"@type":"EntryPoint","urlTemplate":"https:\/\/www.estrategiaconcursos.com.br\/blog\/?s={search_term_string}"},"query-input":{"@type":"PropertyValueSpecification","valueRequired":true,"valueName":"search_term_string"}}],"inLanguage":"pt-BR"},{"@type":"Organization","@id":"https:\/\/www.estrategiaconcursos.com.br\/blog\/#organization","name":"Estrat\u00e9gia Concursos","url":"https:\/\/www.estrategiaconcursos.com.br\/blog\/","logo":{"@type":"ImageObject","inLanguage":"pt-BR","@id":"https:\/\/www.estrategiaconcursos.com.br\/blog\/#\/schema\/logo\/image\/","url":"https:\/\/dhg1h5j42swfq.cloudfront.net\/2025\/06\/03203428\/logo_concursos-1.jpg","contentUrl":"https:\/\/dhg1h5j42swfq.cloudfront.net\/2025\/06\/03203428\/logo_concursos-1.jpg","width":230,"height":60,"caption":"Estrat\u00e9gia Concursos"},"image":{"@id":"https:\/\/www.estrategiaconcursos.com.br\/blog\/#\/schema\/logo\/image\/"},"sameAs":["https:\/\/x.com\/EstratConcursos"]},{"@type":"Person","@id":"https:\/\/www.estrategiaconcursos.com.br\/blog\/#\/schema\/person\/b953209338d6cb30ac22f3b482bfb72a","name":"Maria Musse","image":{"@type":"ImageObject","inLanguage":"pt-BR","@id":"https:\/\/secure.gravatar.com\/avatar\/f60ce650b9ec6c555f5346982de49e793fb251fc9627d27cbc8cebdb7272a54e?s=96&d=mm&r=g","url":"https:\/\/secure.gravatar.com\/avatar\/f60ce650b9ec6c555f5346982de49e793fb251fc9627d27cbc8cebdb7272a54e?s=96&d=mm&r=g","contentUrl":"https:\/\/secure.gravatar.com\/avatar\/f60ce650b9ec6c555f5346982de49e793fb251fc9627d27cbc8cebdb7272a54e?s=96&d=mm&r=g","caption":"Maria Musse"},"url":"https:\/\/www.estrategiaconcursos.com.br\/blog\/author\/mclaramussegmail-com\/"}]}},"_links":{"self":[{"href":"https:\/\/www.estrategiaconcursos.com.br\/blog\/wp-json\/wp\/v2\/posts\/1697291","targetHints":{"allow":["GET"]}}],"collection":[{"href":"https:\/\/www.estrategiaconcursos.com.br\/blog\/wp-json\/wp\/v2\/posts"}],"about":[{"href":"https:\/\/www.estrategiaconcursos.com.br\/blog\/wp-json\/wp\/v2\/types\/post"}],"author":[{"embeddable":true,"href":"https:\/\/www.estrategiaconcursos.com.br\/blog\/wp-json\/wp\/v2\/users\/2957"}],"replies":[{"embeddable":true,"href":"https:\/\/www.estrategiaconcursos.com.br\/blog\/wp-json\/wp\/v2\/comments?post=1697291"}],"version-history":[{"count":2,"href":"https:\/\/www.estrategiaconcursos.com.br\/blog\/wp-json\/wp\/v2\/posts\/1697291\/revisions"}],"predecessor-version":[{"id":1701884,"href":"https:\/\/www.estrategiaconcursos.com.br\/blog\/wp-json\/wp\/v2\/posts\/1697291\/revisions\/1701884"}],"wp:featuredmedia":[{"embeddable":true,"href":"https:\/\/www.estrategiaconcursos.com.br\/blog\/wp-json\/wp\/v2\/media\/1690773"}],"wp:attachment":[{"href":"https:\/\/www.estrategiaconcursos.com.br\/blog\/wp-json\/wp\/v2\/media?parent=1697291"}],"wp:term":[{"taxonomy":"category","embeddable":true,"href":"https:\/\/www.estrategiaconcursos.com.br\/blog\/wp-json\/wp\/v2\/categories?post=1697291"},{"taxonomy":"post_tag","embeddable":true,"href":"https:\/\/www.estrategiaconcursos.com.br\/blog\/wp-json\/wp\/v2\/tags?post=1697291"},{"taxonomy":"tax_estado","embeddable":true,"href":"https:\/\/www.estrategiaconcursos.com.br\/blog\/wp-json\/wp\/v2\/tax_estado?post=1697291"}],"curies":[{"name":"wp","href":"https:\/\/api.w.org\/{rel}","templated":true}]}}