{"id":1697259,"date":"2026-01-29T08:41:00","date_gmt":"2026-01-29T11:41:00","guid":{"rendered":"https:\/\/www.estrategiaconcursos.com.br\/blog\/?p=1697259"},"modified":"2026-01-19T19:50:06","modified_gmt":"2026-01-19T22:50:06","slug":"atribuicoes-tribunal-impostos-taxas-sefaz-sp","status":"publish","type":"post","link":"https:\/\/www.estrategiaconcursos.com.br\/blog\/atribuicoes-tribunal-impostos-taxas-sefaz-sp\/","title":{"rendered":"Atribui\u00e7\u00f5es do Tribunal de Impostos e Taxas\u00a0para SEFAZ\/SP"},"content":{"rendered":"\n<p>Opa,\u00a0chega mais!!\u00a0Com este\u00a0artigo\u00a0do Estrat\u00e9gia Concursos\u00a0poderemos\u00a0analisar\u00a0um assunto muito importante\u00a0para\u00a0a prova de\u00a0Auditor Fiscal de\u00a0S\u00e3o Paulo:\u00a0<strong>atribui\u00e7\u00f5es do Tribunal de Impostos e Taxas\u00a0para SEFAZ\/SP<\/strong>\u00a0de\u00a0acordo com\u00a0a\u00a0normativa\u00a0nacional e\u00a0estadual.\u00a0<\/p>\n\n\n\n<figure class=\"wp-block-image aligncenter size-full\"><img loading=\"lazy\" decoding=\"async\" width=\"465\" height=\"243\" src=\"https:\/\/dhg1h5j42swfq.cloudfront.net\/2026\/01\/11080216\/image-131.png\" alt=\"Atribui\u00e7\u00f5es do Tribunal de Impostos e Taxas\u00a0para SEFAZ\/SP\" class=\"wp-image-1697260\" srcset=\"https:\/\/dhg1h5j42swfq.cloudfront.net\/2026\/01\/11080216\/image-131.png 465w, https:\/\/dhg1h5j42swfq.cloudfront.net\/2026\/01\/11080216\/image-131-300x157.png 300w, https:\/\/dhg1h5j42swfq.cloudfront.net\/2026\/01\/11080216\/image-131-150x78.png 150w\" sizes=\"auto, (max-width: 465px) 100vw, 465px\" \/><figcaption class=\"wp-element-caption\">Atribui\u00e7\u00f5es do Tribunal de Impostos e Taxas\u00a0para SEFAZ\/SP<\/figcaption><\/figure>\n\n\n\n<p>Afunilando o conte\u00fado,&nbsp;iremos&nbsp;navegar&nbsp;pelos seguintes t\u00f3picos:&nbsp;<\/p>\n\n\n\n<ul class=\"wp-block-list\">\n<li>Compreender\u00a0disposi\u00e7\u00f5es\u00a0sobre\u00a0atribui\u00e7\u00f5es do Tribunal de Impostos e Taxas\u00a0para SEFAZ\/SP;\u00a0<\/li>\n<\/ul>\n\n\n\n<ul class=\"wp-block-list\">\n<li>Tecer\u00a0observa\u00e7\u00f5es relevantes sobre o tema;\u00a0<\/li>\n<\/ul>\n\n\n\n<ul class=\"wp-block-list\">\n<li>Conhecer trechos da legisla\u00e7\u00e3o que podem\u00a0cair\u00a0na prova;\u00a0<\/li>\n<\/ul>\n\n\n\n<ul class=\"wp-block-list\">\n<li>Encerrar com considera\u00e7\u00f5es finais.\u00a0<\/li>\n<\/ul>\n\n\n\n<p>Dessa forma,&nbsp;tendo como refer\u00eancia&nbsp;a&nbsp;<a href=\"https:\/\/www.legisweb.com.br\/legislacao\/?id=169089\" target=\"_blank\" rel=\"noreferrer noopener\">Lei estadual n\u00ba&nbsp;13.457\/2009,<\/a>&nbsp;constante no edital,&nbsp;vamos&nbsp;agora&nbsp;estudar&nbsp;um pouco mais sobre&nbsp;atribui\u00e7\u00f5es do Tribunal de Impostos e Taxas&nbsp;para SEFAZ\/SP.&nbsp;<\/p>\n\n\n\n<h2 class=\"wp-block-heading\" id=\"h-atribuicoes-do-tribunal-de-impostos-e-taxas-nbsp-para-sefaz-sp-nbsp\"><strong>Atribui\u00e7\u00f5es do Tribunal de Impostos e Taxas&nbsp;para SEFAZ\/SP<\/strong>&nbsp;<\/h2>\n\n\n\n<p>No Processo Administrativo\u00a0Tribut\u00e1rio\u00a0do Estado de S\u00e3o Paulo, existem\u00a0<mark style=\"background-color:rgba(0, 0, 0, 0);color:#f78da7\" class=\"has-inline-color\"><strong>unidades de julgamento singulares\u00a0e tamb\u00e9m\u00a0colegiadas,<\/strong>\u00a0<\/mark>a depender da inst\u00e2ncia em quest\u00e3o.\u00a0<\/p>\n\n\n\n<p>Nas singulares, como o pr\u00f3prio nome indica,&nbsp;<strong>um \u00fanico julgador,<\/strong>&nbsp;servidor p\u00fablico competente para tal, faz seu ju\u00edzo de valor e, de maneira fundamentada, julga alguma controv\u00e9rsia, com base nos elementos do processo.&nbsp;<\/p>\n\n\n\n<p>J\u00e1 nas unidades colegiadas, h\u00e1 um<strong>&nbsp;coletivo de julgadores,<\/strong>&nbsp;onde, em regra, a maioria \u00e9 quem decide, por meio de voto, a decis\u00e3o a ser tomada, tamb\u00e9m com a&nbsp;devida&nbsp;fundamenta\u00e7\u00e3o e sempre dando espa\u00e7o para a ampla defesa e o contradit\u00f3rio.&nbsp;<\/p>\n\n\n\n<p>A legisla\u00e7\u00e3o \u00e9 quem define a<strong>&nbsp;forma de composi\u00e7\u00e3o, as compet\u00eancias e as regras<\/strong>&nbsp;para que esses julgamentos tenham validade e sigam os&nbsp;tr\u00e2mites&nbsp;adequados, dando assim respaldo a todo o processo tribut\u00e1rio que visa permitir&nbsp;questionamentos dos sujeitos passivos no tocante&nbsp;a&nbsp;taxa\u00e7\u00f5es recebidas do poder p\u00fablico.&nbsp;<\/p>\n\n\n\n<p><mark style=\"background-color:#abb8c3\" class=\"has-inline-color\">Nesse sentido, por exemplo,\u00a0<strong>o julgamento da defesa, do recurso de of\u00edcio e do recurso volunt\u00e1rio ser\u00e1 realizado em ju\u00edzo singular,\u00a0<\/strong>por servidores integrantes dos cargos de Julgador Tribut\u00e1rio e de Agente Fiscal de Rendas lotados em \u00f3rg\u00e3os subordinados \u00e0s Delegacias Tribut\u00e1rias de Julgamento, da estrutura da Coordenadoria da Administra\u00e7\u00e3o Tribut\u00e1ria da Secretaria da Fazenda, devendo serem observados ainda os requisitos legais.\u00a0<\/mark><\/p>\n\n\n\n<p>J\u00e1 o\u00a0<mark style=\"background-color:rgba(0, 0, 0, 0);color:#00d084\" class=\"has-inline-color\"><strong>Tribunal de Impostos e Taxas \u00e9 um colegiado<\/strong>, <\/mark>com ampla finalidade de julgamento de recursos. As atribui\u00e7\u00f5es do Tribunal de Impostos\u00a0e\u00a0Taxas est\u00e3o estampadas na norma e precisam ser respeitadas por conta do princ\u00edpio da legalidade.\u00a0<\/p>\n\n\n\n<p>Nesse sentido, vamos acompanhar o que de mais relevante consta na lei 13457\/2009 sobre atribui\u00e7\u00f5es do Tribunal de Impostos e Taxas para SEFAZ\/SP:&nbsp;<\/p>\n\n\n\n<p>Art. 54. O Tribunal de Impostos e Taxas&nbsp;&#8211; TIT, \u00f3rg\u00e3o da estrutura da Coordenadoria da Administra\u00e7\u00e3o Tribut\u00e1ria da Secretaria da Fazenda, criado pelo Decreto n\u00ba 7.184, de 5 de junho de 1935, com sede na Capital do Estado e jurisdi\u00e7\u00e3o em todo o seu territ\u00f3rio, tem independ\u00eancia quanto a sua fun\u00e7\u00e3o judicante, sendo&nbsp;as&nbsp;atribui\u00e7\u00f5es&nbsp;do Tribunal de Impostos e Taxas para SEFAZ\/SP:&nbsp;<\/p>\n\n\n\n<p>I &#8211;&nbsp;julgar&nbsp;os recursos previstos no art. 42 desta lei;&nbsp;<\/p>\n\n\n\n<p>II &#8211;&nbsp;julgar&nbsp;o pedido de reforma dos julgados administrativos;&nbsp;<\/p>\n\n\n\n<p>III &#8211; acompanhar os trabalhos desenvolvidos pelos \u00f3rg\u00e3os de julgamento das Delegacias Tribut\u00e1rias de Julgamento, promovendo a intera\u00e7\u00e3o procedimental e jurisprudencial entre eles;&nbsp;<\/p>\n\n\n\n<p>IV &#8211;&nbsp;promover&nbsp;o cumprimento das metas de desempenho estabelecidas para maior celeridade da tramita\u00e7\u00e3o processual, no \u00e2mbito das Delegacias Tribut\u00e1rias de Julgamento e do Tribunal;&nbsp;<\/p>\n\n\n\n<p>V &#8211;&nbsp;representar&nbsp;ao Coordenador da Administra\u00e7\u00e3o Tribut\u00e1ria, propondo a ado\u00e7\u00e3o de medidas tendentes ao aperfei\u00e7oamento da legisla\u00e7\u00e3o tribut\u00e1ria e que objetivem, principalmente, a justi\u00e7a fiscal e a concilia\u00e7\u00e3o dos interesses dos contribuintes com os da Fazenda P\u00fablica do Estado.&nbsp;<\/p>\n\n\n\n<p>Par\u00e1grafo \u00fanico. As Delegacias Tribut\u00e1rias de Julgamento s\u00e3o vinculadas ao Tribunal, para que, sob gest\u00e3o \u00fanica, haja a intera\u00e7\u00e3o jurisprudencial e procedimental entre elas, como estabelecido nesta lei.&nbsp;<\/p>\n\n\n\n<p>Por fim, para fecharmos nosso texto sobre atribui\u00e7\u00f5es do Tribunal de Impostos e Taxas para SEFAZ\/SP, saiba ainda que na sede de cada Delegacia Tribut\u00e1ria de Julgamento ser\u00e1 instalada uma Unidade de Julgamento e, a crit\u00e9rio da Administra\u00e7\u00e3o, poder\u00e1 ser instalada Unidade de Julgamento em munic\u00edpio onde houver sede de Delegacia Regional Tribut\u00e1ria.\u00a0Ent\u00e3o, n\u00e3o confunda:\u00a0<\/p>\n\n\n\n<p class=\"has-text-align-center\"><img loading=\"lazy\" decoding=\"async\" width=\"150\" height=\"147\" class=\"wp-image-1693862\" style=\"width: 150px;\" src=\"https:\/\/dhg1h5j42swfq.cloudfront.net\/2026\/01\/05232747\/coruja_pegadinhadeprova_renatasodre-e1767666712772.png\" alt=\"\" srcset=\"https:\/\/dhg1h5j42swfq.cloudfront.net\/2026\/01\/05232747\/coruja_pegadinhadeprova_renatasodre-e1767666712772.png 368w, https:\/\/dhg1h5j42swfq.cloudfront.net\/2026\/01\/05232747\/coruja_pegadinhadeprova_renatasodre-e1767666712772-300x293.png 300w, https:\/\/dhg1h5j42swfq.cloudfront.net\/2026\/01\/05232747\/coruja_pegadinhadeprova_renatasodre-e1767666712772-150x147.png 150w\" sizes=\"auto, (max-width: 150px) 100vw, 150px\" \/><\/p>\n\n\n\n<ul class=\"wp-block-list\">\n<li>Em munic\u00edpio onde existir\u00a0<mark style=\"background-color:rgba(0, 0, 0, 0);color:#0693e3\" class=\"has-inline-color\"><strong>Delegacia Tribut\u00e1ria de Julgamento<\/strong>, <\/mark>necessariamente\u00a0h\u00e1 uma Unidade de Julgamento instalada\u00a0na sede dessa Delegacia;\u00a0<\/li>\n<\/ul>\n\n\n\n<ul class=\"wp-block-list\">\n<li>Por\u00e9m, em munic\u00edpio onde existir\u00a0<mark style=\"background-color:rgba(0, 0, 0, 0);color:#9b51e0\" class=\"has-inline-color\"><strong>Delegacia Regional Tribut\u00e1ria<\/strong>, <\/mark>h\u00e1 a possibilidade (ou seja, n\u00e3o necessariamente, n\u00e3o \u00e9 uma imposi\u00e7\u00e3o da lei)\u00a0de ser instalada\u00a0uma Unidade de Julgamento.\u00a0<\/li>\n<\/ul>\n\n\n\n<p>Passamos, portanto, pelo&nbsp;tema&nbsp;atribui\u00e7\u00f5es do Tribunal de Impostos e Taxas&nbsp;para SEFAZ\/SP, assunto&nbsp;fundamental&nbsp;para o concurso de auditor fiscal deste Estado.&nbsp;<\/p>\n\n\n\n<h2 class=\"wp-block-heading\" id=\"h-consideracoes-finais-nbsp\"><strong>Considera\u00e7\u00f5es Finais<\/strong>&nbsp;<\/h2>\n\n\n\n<p>Chegamos ao final do nosso&nbsp;breve&nbsp;artigo&nbsp;sobre&nbsp;atribui\u00e7\u00f5es do Tribunal de Impostos e Taxas&nbsp;para SEFAZ\/SP,&nbsp;e esperamos que seja muito \u00fatil para a sua prepara\u00e7\u00e3o&nbsp;e aprova\u00e7\u00e3o.&nbsp;<\/p>\n\n\n\n<p>Este concurso foi bastante aguardado e \u00e9 uma grande oportunidade para ingressar no servi\u00e7o p\u00fablico, ocupando um cargo de destaque e que apresenta excelente remunera\u00e7\u00e3o, al\u00e9m de diversos outros pontos positivos! Vale a pena o esfor\u00e7o para alcan\u00e7ar essa conquista! Por isso, siga firme com os estudos e conte conosco em sua jornada! Vamos&nbsp;em frente!!&nbsp;<\/p>\n\n\n\n<p><em>Lembre-se&nbsp;tamb\u00e9m&nbsp;que \u00e9 essencial a&nbsp;<\/em><a href=\"https:\/\/www.estrategiaconcursos.com.br\/\" target=\"_blank\" rel=\"noreferrer noopener\"><em>leitura dos PDF\u2019s e a revis\u00e3o frequente dos conte\u00fados, para que assim os seus estudos fiquem cada vez mais avan\u00e7ados.<\/em><\/a><em>&nbsp;<\/em>&nbsp;&nbsp;<\/p>\n\n\n\n<p>Um grande abra\u00e7o e at\u00e9 mais!&nbsp;<\/p>\n\n\n\n<p class=\"has-text-align-center\"><strong>Quer saber quais ser\u00e3o os pr\u00f3ximos concursos?<\/strong>&nbsp;<\/p>\n\n\n\n<p class=\"has-text-align-center\"><strong>Confira nossos artigos!<\/strong>&nbsp;<\/p>\n\n\n\n<p class=\"has-text-align-center has-luminous-vivid-amber-background-color has-background\"><a href=\"https:\/\/www.estrategiaconcursos.com.br\/blog\/concursos-abertos\/\" target=\"_blank\" rel=\"noreferrer noopener\">Concursos abertos<\/a>&nbsp;<\/p>\n\n\n\n<p class=\"has-text-align-center has-luminous-vivid-amber-background-color has-background\"><a href=\"https:\/\/www.estrategiaconcursos.com.br\/blog\/concursos-2026\/\" target=\"_blank\" rel=\"noreferrer noopener\">Concursos 2026<\/a>&nbsp;<\/p>\n","protected":false},"excerpt":{"rendered":"<p>Opa,\u00a0chega mais!!\u00a0Com este\u00a0artigo\u00a0do Estrat\u00e9gia Concursos\u00a0poderemos\u00a0analisar\u00a0um assunto muito importante\u00a0para\u00a0a prova de\u00a0Auditor Fiscal de\u00a0S\u00e3o Paulo:\u00a0atribui\u00e7\u00f5es do Tribunal de Impostos e Taxas\u00a0para SEFAZ\/SP\u00a0de\u00a0acordo com\u00a0a\u00a0normativa\u00a0nacional e\u00a0estadual.\u00a0 Afunilando o conte\u00fado,&nbsp;iremos&nbsp;navegar&nbsp;pelos seguintes t\u00f3picos:&nbsp; Dessa forma,&nbsp;tendo como refer\u00eancia&nbsp;a&nbsp;Lei estadual n\u00ba&nbsp;13.457\/2009,&nbsp;constante no edital,&nbsp;vamos&nbsp;agora&nbsp;estudar&nbsp;um pouco mais sobre&nbsp;atribui\u00e7\u00f5es do Tribunal de Impostos e Taxas&nbsp;para SEFAZ\/SP.&nbsp; Atribui\u00e7\u00f5es do Tribunal de Impostos e Taxas&nbsp;para SEFAZ\/SP&nbsp; No Processo [&hellip;]<\/p>\n","protected":false},"author":2887,"featured_media":1697260,"comment_status":"open","ping_status":"closed","sticky":false,"template":"","format":"standard","meta":{"post_tipo":"article","footnotes":""},"categories":[1,1983],"tags":[],"tax_estado":[219963,219989],"class_list":["post-1697259","post","type-post","status-publish","format-standard","has-post-thumbnail","hentry","category-cursos-e-concursos","category-fiscal-estadual","tax_estado-concursos-federais","tax_estado-sp"],"acf":[],"yoast_head":"<!-- This site is optimized with the Yoast SEO Premium plugin v27.2 (Yoast SEO v27.2) - https:\/\/yoast.com\/product\/yoast-seo-premium-wordpress\/ -->\n<title>Atribui\u00e7\u00f5es do Tribunal de Impostos e Taxas\u00a0para SEFAZ\/SP<\/title>\n<meta name=\"description\" content=\"Hoje veremos um tema para a prova de Auditor Fiscal de S\u00e3o Paulo: atribui\u00e7\u00f5es do Tribunal de Impostos e Taxas para SEFAZ\/SP.\" \/>\n<meta name=\"robots\" content=\"index, follow, max-snippet:-1, max-image-preview:large, max-video-preview:-1\" \/>\n<link rel=\"canonical\" href=\"https:\/\/www.estrategiaconcursos.com.br\/blog\/atribuicoes-tribunal-impostos-taxas-sefaz-sp\/\" \/>\n<meta property=\"og:locale\" content=\"pt_BR\" \/>\n<meta property=\"og:type\" content=\"article\" \/>\n<meta property=\"og:title\" content=\"Atribui\u00e7\u00f5es do Tribunal de Impostos e Taxas\u00a0para SEFAZ\/SP\" \/>\n<meta property=\"og:description\" content=\"Hoje veremos um tema para a prova de Auditor Fiscal de S\u00e3o Paulo: atribui\u00e7\u00f5es do Tribunal de Impostos e Taxas para SEFAZ\/SP.\" \/>\n<meta property=\"og:url\" content=\"https:\/\/www.estrategiaconcursos.com.br\/blog\/atribuicoes-tribunal-impostos-taxas-sefaz-sp\/\" \/>\n<meta property=\"og:site_name\" content=\"Estrat\u00e9gia Concursos\" \/>\n<meta property=\"article:published_time\" content=\"2026-01-29T11:41:00+00:00\" \/>\n<meta property=\"og:image\" content=\"https:\/\/dhg1h5j42swfq.cloudfront.net\/2026\/01\/11080216\/image-131.png\" \/>\n\t<meta property=\"og:image:width\" content=\"465\" \/>\n\t<meta property=\"og:image:height\" content=\"243\" \/>\n\t<meta property=\"og:image:type\" content=\"image\/png\" \/>\n<meta name=\"author\" content=\"F\u00e1bio Prado dos Santos Santana\" \/>\n<meta name=\"twitter:card\" content=\"summary_large_image\" \/>\n<meta name=\"twitter:creator\" content=\"@EstratConcursos\" \/>\n<meta name=\"twitter:site\" content=\"@EstratConcursos\" \/>\n<meta name=\"twitter:label1\" content=\"Escrito por\" \/>\n\t<meta name=\"twitter:data1\" content=\"F\u00e1bio Prado dos Santos Santana\" \/>\n\t<meta name=\"twitter:label2\" content=\"Est. tempo de leitura\" \/>\n\t<meta name=\"twitter:data2\" content=\"5 minutos\" \/>\n<script type=\"application\/ld+json\" class=\"yoast-schema-graph\">{\"@context\":\"https:\/\/schema.org\",\"@graph\":[{\"@type\":\"NewsArticle\",\"@id\":\"https:\/\/www.estrategiaconcursos.com.br\/blog\/atribuicoes-tribunal-impostos-taxas-sefaz-sp\/#article\",\"isPartOf\":{\"@id\":\"https:\/\/www.estrategiaconcursos.com.br\/blog\/atribuicoes-tribunal-impostos-taxas-sefaz-sp\/\"},\"author\":{\"name\":\"F\u00e1bio Prado dos Santos Santana\",\"@id\":\"https:\/\/www.estrategiaconcursos.com.br\/blog\/#\/schema\/person\/b1af3515254fed0a6861d754def3f005\"},\"headline\":\"Atribui\u00e7\u00f5es do Tribunal de Impostos e Taxas\u00a0para SEFAZ\/SP\",\"datePublished\":\"2026-01-29T11:41:00+00:00\",\"mainEntityOfPage\":{\"@id\":\"https:\/\/www.estrategiaconcursos.com.br\/blog\/atribuicoes-tribunal-impostos-taxas-sefaz-sp\/\"},\"wordCount\":1056,\"commentCount\":0,\"publisher\":{\"@id\":\"https:\/\/www.estrategiaconcursos.com.br\/blog\/#organization\"},\"image\":{\"@id\":\"https:\/\/www.estrategiaconcursos.com.br\/blog\/atribuicoes-tribunal-impostos-taxas-sefaz-sp\/#primaryimage\"},\"thumbnailUrl\":\"https:\/\/dhg1h5j42swfq.cloudfront.net\/2026\/01\/11080216\/image-131.png\",\"articleSection\":[\"Concursos P\u00fablicos\",\"Fiscal - Estadual (ICMS)\"],\"inLanguage\":\"pt-BR\",\"potentialAction\":[{\"@type\":\"CommentAction\",\"name\":\"Comment\",\"target\":[\"https:\/\/www.estrategiaconcursos.com.br\/blog\/atribuicoes-tribunal-impostos-taxas-sefaz-sp\/#respond\"]}],\"copyrightYear\":\"2026\",\"copyrightHolder\":{\"@id\":\"https:\/\/www.estrategiaconcursos.com.br\/blog\/#organization\"}},{\"@type\":\"WebPage\",\"@id\":\"https:\/\/www.estrategiaconcursos.com.br\/blog\/atribuicoes-tribunal-impostos-taxas-sefaz-sp\/\",\"url\":\"https:\/\/www.estrategiaconcursos.com.br\/blog\/atribuicoes-tribunal-impostos-taxas-sefaz-sp\/\",\"name\":\"Atribui\u00e7\u00f5es do Tribunal de Impostos e Taxas\u00a0para SEFAZ\/SP\",\"isPartOf\":{\"@id\":\"https:\/\/www.estrategiaconcursos.com.br\/blog\/#website\"},\"primaryImageOfPage\":{\"@id\":\"https:\/\/www.estrategiaconcursos.com.br\/blog\/atribuicoes-tribunal-impostos-taxas-sefaz-sp\/#primaryimage\"},\"image\":{\"@id\":\"https:\/\/www.estrategiaconcursos.com.br\/blog\/atribuicoes-tribunal-impostos-taxas-sefaz-sp\/#primaryimage\"},\"thumbnailUrl\":\"https:\/\/dhg1h5j42swfq.cloudfront.net\/2026\/01\/11080216\/image-131.png\",\"datePublished\":\"2026-01-29T11:41:00+00:00\",\"description\":\"Hoje veremos um tema para a prova de Auditor Fiscal de S\u00e3o Paulo: atribui\u00e7\u00f5es do Tribunal de Impostos e Taxas para SEFAZ\/SP.\",\"breadcrumb\":{\"@id\":\"https:\/\/www.estrategiaconcursos.com.br\/blog\/atribuicoes-tribunal-impostos-taxas-sefaz-sp\/#breadcrumb\"},\"inLanguage\":\"pt-BR\",\"potentialAction\":[{\"@type\":\"ReadAction\",\"target\":[\"https:\/\/www.estrategiaconcursos.com.br\/blog\/atribuicoes-tribunal-impostos-taxas-sefaz-sp\/\"]}]},{\"@type\":\"ImageObject\",\"inLanguage\":\"pt-BR\",\"@id\":\"https:\/\/www.estrategiaconcursos.com.br\/blog\/atribuicoes-tribunal-impostos-taxas-sefaz-sp\/#primaryimage\",\"url\":\"https:\/\/dhg1h5j42swfq.cloudfront.net\/2026\/01\/11080216\/image-131.png\",\"contentUrl\":\"https:\/\/dhg1h5j42swfq.cloudfront.net\/2026\/01\/11080216\/image-131.png\",\"width\":465,\"height\":243,\"caption\":\"Atribui\u00e7\u00f5es do Tribunal de Impostos e Taxas\u00a0para SEFAZ\/SP\"},{\"@type\":\"BreadcrumbList\",\"@id\":\"https:\/\/www.estrategiaconcursos.com.br\/blog\/atribuicoes-tribunal-impostos-taxas-sefaz-sp\/#breadcrumb\",\"itemListElement\":[{\"@type\":\"ListItem\",\"position\":1,\"name\":\"In\u00edcio\",\"item\":\"https:\/\/www.estrategiaconcursos.com.br\/blog\/\"},{\"@type\":\"ListItem\",\"position\":2,\"name\":\"Atribui\u00e7\u00f5es do Tribunal de Impostos e Taxas\u00a0para SEFAZ\/SP\"}]},{\"@type\":\"WebSite\",\"@id\":\"https:\/\/www.estrategiaconcursos.com.br\/blog\/#website\",\"url\":\"https:\/\/www.estrategiaconcursos.com.br\/blog\/\",\"name\":\"Estrat\u00e9gia Concursos\",\"description\":\"O blog da Estrat\u00e9gia Concursos traz not\u00edcias sobre concursos e artigos de professores oferecendo cursos para concursos (pdf + videaulas) no site.\",\"publisher\":{\"@id\":\"https:\/\/www.estrategiaconcursos.com.br\/blog\/#organization\"},\"potentialAction\":[{\"@type\":\"SearchAction\",\"target\":{\"@type\":\"EntryPoint\",\"urlTemplate\":\"https:\/\/www.estrategiaconcursos.com.br\/blog\/?s={search_term_string}\"},\"query-input\":{\"@type\":\"PropertyValueSpecification\",\"valueRequired\":true,\"valueName\":\"search_term_string\"}}],\"inLanguage\":\"pt-BR\"},{\"@type\":\"Organization\",\"@id\":\"https:\/\/www.estrategiaconcursos.com.br\/blog\/#organization\",\"name\":\"Estrat\u00e9gia Concursos\",\"url\":\"https:\/\/www.estrategiaconcursos.com.br\/blog\/\",\"logo\":{\"@type\":\"ImageObject\",\"inLanguage\":\"pt-BR\",\"@id\":\"https:\/\/www.estrategiaconcursos.com.br\/blog\/#\/schema\/logo\/image\/\",\"url\":\"https:\/\/dhg1h5j42swfq.cloudfront.net\/2025\/06\/03203428\/logo_concursos-1.jpg\",\"contentUrl\":\"https:\/\/dhg1h5j42swfq.cloudfront.net\/2025\/06\/03203428\/logo_concursos-1.jpg\",\"width\":230,\"height\":60,\"caption\":\"Estrat\u00e9gia Concursos\"},\"image\":{\"@id\":\"https:\/\/www.estrategiaconcursos.com.br\/blog\/#\/schema\/logo\/image\/\"},\"sameAs\":[\"https:\/\/x.com\/EstratConcursos\"]},{\"@type\":\"Person\",\"@id\":\"https:\/\/www.estrategiaconcursos.com.br\/blog\/#\/schema\/person\/b1af3515254fed0a6861d754def3f005\",\"name\":\"F\u00e1bio Prado dos Santos Santana\",\"image\":{\"@type\":\"ImageObject\",\"inLanguage\":\"pt-BR\",\"@id\":\"https:\/\/secure.gravatar.com\/avatar\/0e3399436850f804c1d7731313952ccf303887c14b1711595235048e3ec0299b?s=96&d=mm&r=g\",\"url\":\"https:\/\/secure.gravatar.com\/avatar\/0e3399436850f804c1d7731313952ccf303887c14b1711595235048e3ec0299b?s=96&d=mm&r=g\",\"contentUrl\":\"https:\/\/secure.gravatar.com\/avatar\/0e3399436850f804c1d7731313952ccf303887c14b1711595235048e3ec0299b?s=96&d=mm&r=g\",\"caption\":\"F\u00e1bio Prado dos Santos Santana\"},\"description\":\"Principais Aprova\u00e7\u00f5es em Concursos: Auditor Fiscal Tribut\u00e1rio Municipal - ISS S\u00e3o Paulo (2024); Auditor Fiscal - Receita Federal do Brasil (2023); Professor Efetivo - Universidade Federal de Sergipe (2014).\",\"url\":\"https:\/\/www.estrategiaconcursos.com.br\/blog\/author\/fabioprado-ufsgmail-com\/\"}]}<\/script>\n<!-- \/ Yoast SEO Premium plugin. -->","yoast_head_json":{"title":"Atribui\u00e7\u00f5es do Tribunal de Impostos e Taxas\u00a0para SEFAZ\/SP","description":"Hoje veremos um tema para a prova de Auditor Fiscal de S\u00e3o Paulo: atribui\u00e7\u00f5es do Tribunal de Impostos e Taxas para SEFAZ\/SP.","robots":{"index":"index","follow":"follow","max-snippet":"max-snippet:-1","max-image-preview":"max-image-preview:large","max-video-preview":"max-video-preview:-1"},"canonical":"https:\/\/www.estrategiaconcursos.com.br\/blog\/atribuicoes-tribunal-impostos-taxas-sefaz-sp\/","og_locale":"pt_BR","og_type":"article","og_title":"Atribui\u00e7\u00f5es do Tribunal de Impostos e Taxas\u00a0para SEFAZ\/SP","og_description":"Hoje veremos um tema para a prova de Auditor Fiscal de S\u00e3o Paulo: atribui\u00e7\u00f5es do Tribunal de Impostos e Taxas para SEFAZ\/SP.","og_url":"https:\/\/www.estrategiaconcursos.com.br\/blog\/atribuicoes-tribunal-impostos-taxas-sefaz-sp\/","og_site_name":"Estrat\u00e9gia Concursos","article_published_time":"2026-01-29T11:41:00+00:00","og_image":[{"width":465,"height":243,"url":"https:\/\/dhg1h5j42swfq.cloudfront.net\/2026\/01\/11080216\/image-131.png","type":"image\/png"}],"author":"F\u00e1bio Prado dos Santos Santana","twitter_card":"summary_large_image","twitter_creator":"@EstratConcursos","twitter_site":"@EstratConcursos","twitter_misc":{"Escrito por":"F\u00e1bio Prado dos Santos Santana","Est. tempo de leitura":"5 minutos"},"schema":{"@context":"https:\/\/schema.org","@graph":[{"@type":"NewsArticle","@id":"https:\/\/www.estrategiaconcursos.com.br\/blog\/atribuicoes-tribunal-impostos-taxas-sefaz-sp\/#article","isPartOf":{"@id":"https:\/\/www.estrategiaconcursos.com.br\/blog\/atribuicoes-tribunal-impostos-taxas-sefaz-sp\/"},"author":{"name":"F\u00e1bio Prado dos Santos Santana","@id":"https:\/\/www.estrategiaconcursos.com.br\/blog\/#\/schema\/person\/b1af3515254fed0a6861d754def3f005"},"headline":"Atribui\u00e7\u00f5es do Tribunal de Impostos e Taxas\u00a0para SEFAZ\/SP","datePublished":"2026-01-29T11:41:00+00:00","mainEntityOfPage":{"@id":"https:\/\/www.estrategiaconcursos.com.br\/blog\/atribuicoes-tribunal-impostos-taxas-sefaz-sp\/"},"wordCount":1056,"commentCount":0,"publisher":{"@id":"https:\/\/www.estrategiaconcursos.com.br\/blog\/#organization"},"image":{"@id":"https:\/\/www.estrategiaconcursos.com.br\/blog\/atribuicoes-tribunal-impostos-taxas-sefaz-sp\/#primaryimage"},"thumbnailUrl":"https:\/\/dhg1h5j42swfq.cloudfront.net\/2026\/01\/11080216\/image-131.png","articleSection":["Concursos P\u00fablicos","Fiscal - Estadual (ICMS)"],"inLanguage":"pt-BR","potentialAction":[{"@type":"CommentAction","name":"Comment","target":["https:\/\/www.estrategiaconcursos.com.br\/blog\/atribuicoes-tribunal-impostos-taxas-sefaz-sp\/#respond"]}],"copyrightYear":"2026","copyrightHolder":{"@id":"https:\/\/www.estrategiaconcursos.com.br\/blog\/#organization"}},{"@type":"WebPage","@id":"https:\/\/www.estrategiaconcursos.com.br\/blog\/atribuicoes-tribunal-impostos-taxas-sefaz-sp\/","url":"https:\/\/www.estrategiaconcursos.com.br\/blog\/atribuicoes-tribunal-impostos-taxas-sefaz-sp\/","name":"Atribui\u00e7\u00f5es do Tribunal de Impostos e Taxas\u00a0para SEFAZ\/SP","isPartOf":{"@id":"https:\/\/www.estrategiaconcursos.com.br\/blog\/#website"},"primaryImageOfPage":{"@id":"https:\/\/www.estrategiaconcursos.com.br\/blog\/atribuicoes-tribunal-impostos-taxas-sefaz-sp\/#primaryimage"},"image":{"@id":"https:\/\/www.estrategiaconcursos.com.br\/blog\/atribuicoes-tribunal-impostos-taxas-sefaz-sp\/#primaryimage"},"thumbnailUrl":"https:\/\/dhg1h5j42swfq.cloudfront.net\/2026\/01\/11080216\/image-131.png","datePublished":"2026-01-29T11:41:00+00:00","description":"Hoje veremos um tema para a prova de Auditor Fiscal de S\u00e3o Paulo: atribui\u00e7\u00f5es do Tribunal de Impostos e Taxas para SEFAZ\/SP.","breadcrumb":{"@id":"https:\/\/www.estrategiaconcursos.com.br\/blog\/atribuicoes-tribunal-impostos-taxas-sefaz-sp\/#breadcrumb"},"inLanguage":"pt-BR","potentialAction":[{"@type":"ReadAction","target":["https:\/\/www.estrategiaconcursos.com.br\/blog\/atribuicoes-tribunal-impostos-taxas-sefaz-sp\/"]}]},{"@type":"ImageObject","inLanguage":"pt-BR","@id":"https:\/\/www.estrategiaconcursos.com.br\/blog\/atribuicoes-tribunal-impostos-taxas-sefaz-sp\/#primaryimage","url":"https:\/\/dhg1h5j42swfq.cloudfront.net\/2026\/01\/11080216\/image-131.png","contentUrl":"https:\/\/dhg1h5j42swfq.cloudfront.net\/2026\/01\/11080216\/image-131.png","width":465,"height":243,"caption":"Atribui\u00e7\u00f5es do Tribunal de Impostos e Taxas\u00a0para SEFAZ\/SP"},{"@type":"BreadcrumbList","@id":"https:\/\/www.estrategiaconcursos.com.br\/blog\/atribuicoes-tribunal-impostos-taxas-sefaz-sp\/#breadcrumb","itemListElement":[{"@type":"ListItem","position":1,"name":"In\u00edcio","item":"https:\/\/www.estrategiaconcursos.com.br\/blog\/"},{"@type":"ListItem","position":2,"name":"Atribui\u00e7\u00f5es do Tribunal de Impostos e Taxas\u00a0para SEFAZ\/SP"}]},{"@type":"WebSite","@id":"https:\/\/www.estrategiaconcursos.com.br\/blog\/#website","url":"https:\/\/www.estrategiaconcursos.com.br\/blog\/","name":"Estrat\u00e9gia Concursos","description":"O blog da Estrat\u00e9gia Concursos traz not\u00edcias sobre concursos e artigos de professores oferecendo cursos para concursos (pdf + videaulas) no site.","publisher":{"@id":"https:\/\/www.estrategiaconcursos.com.br\/blog\/#organization"},"potentialAction":[{"@type":"SearchAction","target":{"@type":"EntryPoint","urlTemplate":"https:\/\/www.estrategiaconcursos.com.br\/blog\/?s={search_term_string}"},"query-input":{"@type":"PropertyValueSpecification","valueRequired":true,"valueName":"search_term_string"}}],"inLanguage":"pt-BR"},{"@type":"Organization","@id":"https:\/\/www.estrategiaconcursos.com.br\/blog\/#organization","name":"Estrat\u00e9gia Concursos","url":"https:\/\/www.estrategiaconcursos.com.br\/blog\/","logo":{"@type":"ImageObject","inLanguage":"pt-BR","@id":"https:\/\/www.estrategiaconcursos.com.br\/blog\/#\/schema\/logo\/image\/","url":"https:\/\/dhg1h5j42swfq.cloudfront.net\/2025\/06\/03203428\/logo_concursos-1.jpg","contentUrl":"https:\/\/dhg1h5j42swfq.cloudfront.net\/2025\/06\/03203428\/logo_concursos-1.jpg","width":230,"height":60,"caption":"Estrat\u00e9gia Concursos"},"image":{"@id":"https:\/\/www.estrategiaconcursos.com.br\/blog\/#\/schema\/logo\/image\/"},"sameAs":["https:\/\/x.com\/EstratConcursos"]},{"@type":"Person","@id":"https:\/\/www.estrategiaconcursos.com.br\/blog\/#\/schema\/person\/b1af3515254fed0a6861d754def3f005","name":"F\u00e1bio Prado dos Santos Santana","image":{"@type":"ImageObject","inLanguage":"pt-BR","@id":"https:\/\/secure.gravatar.com\/avatar\/0e3399436850f804c1d7731313952ccf303887c14b1711595235048e3ec0299b?s=96&d=mm&r=g","url":"https:\/\/secure.gravatar.com\/avatar\/0e3399436850f804c1d7731313952ccf303887c14b1711595235048e3ec0299b?s=96&d=mm&r=g","contentUrl":"https:\/\/secure.gravatar.com\/avatar\/0e3399436850f804c1d7731313952ccf303887c14b1711595235048e3ec0299b?s=96&d=mm&r=g","caption":"F\u00e1bio Prado dos Santos Santana"},"description":"Principais Aprova\u00e7\u00f5es em Concursos: Auditor Fiscal Tribut\u00e1rio Municipal - ISS S\u00e3o Paulo (2024); Auditor Fiscal - Receita Federal do Brasil (2023); Professor Efetivo - Universidade Federal de Sergipe (2014).","url":"https:\/\/www.estrategiaconcursos.com.br\/blog\/author\/fabioprado-ufsgmail-com\/"}]}},"_links":{"self":[{"href":"https:\/\/www.estrategiaconcursos.com.br\/blog\/wp-json\/wp\/v2\/posts\/1697259","targetHints":{"allow":["GET"]}}],"collection":[{"href":"https:\/\/www.estrategiaconcursos.com.br\/blog\/wp-json\/wp\/v2\/posts"}],"about":[{"href":"https:\/\/www.estrategiaconcursos.com.br\/blog\/wp-json\/wp\/v2\/types\/post"}],"author":[{"embeddable":true,"href":"https:\/\/www.estrategiaconcursos.com.br\/blog\/wp-json\/wp\/v2\/users\/2887"}],"replies":[{"embeddable":true,"href":"https:\/\/www.estrategiaconcursos.com.br\/blog\/wp-json\/wp\/v2\/comments?post=1697259"}],"version-history":[{"count":1,"href":"https:\/\/www.estrategiaconcursos.com.br\/blog\/wp-json\/wp\/v2\/posts\/1697259\/revisions"}],"predecessor-version":[{"id":1697261,"href":"https:\/\/www.estrategiaconcursos.com.br\/blog\/wp-json\/wp\/v2\/posts\/1697259\/revisions\/1697261"}],"wp:featuredmedia":[{"embeddable":true,"href":"https:\/\/www.estrategiaconcursos.com.br\/blog\/wp-json\/wp\/v2\/media\/1697260"}],"wp:attachment":[{"href":"https:\/\/www.estrategiaconcursos.com.br\/blog\/wp-json\/wp\/v2\/media?parent=1697259"}],"wp:term":[{"taxonomy":"category","embeddable":true,"href":"https:\/\/www.estrategiaconcursos.com.br\/blog\/wp-json\/wp\/v2\/categories?post=1697259"},{"taxonomy":"post_tag","embeddable":true,"href":"https:\/\/www.estrategiaconcursos.com.br\/blog\/wp-json\/wp\/v2\/tags?post=1697259"},{"taxonomy":"tax_estado","embeddable":true,"href":"https:\/\/www.estrategiaconcursos.com.br\/blog\/wp-json\/wp\/v2\/tax_estado?post=1697259"}],"curies":[{"name":"wp","href":"https:\/\/api.w.org\/{rel}","templated":true}]}}