{"id":1697253,"date":"2026-01-27T14:18:00","date_gmt":"2026-01-27T17:18:00","guid":{"rendered":"https:\/\/www.estrategiaconcursos.com.br\/blog\/?p=1697253"},"modified":"2026-01-19T15:45:35","modified_gmt":"2026-01-19T18:45:35","slug":"processo-decisao-sefaz-sp","status":"publish","type":"post","link":"https:\/\/www.estrategiaconcursos.com.br\/blog\/processo-decisao-sefaz-sp\/","title":{"rendered":"Processo de Decis\u00e3o para SEFAZ-SP"},"content":{"rendered":"\n<p>Ol\u00e1, futuro Auditor Fiscal! Seguindo a trilha para a aprova\u00e7\u00e3o, vamos revisitar os conceitos de processo de decis\u00e3o para <a href=\"https:\/\/www.concursosfcc.com.br\/rybena\/web\/index.html?file=https:\/\/www.concursosfcc.com.br\/concursos\/fazsp125\/edital_de_abertura_271125_final.pdf\">SEFAZ-SP<\/a>.<\/p>\n\n\n\n<p>Voc\u00ea, caro leitor, certamente tomou algumas decis\u00f5es acertadas para chegar at\u00e9 esse artigo: adquirir mais conhecimento, revisar o conte\u00fado para a prova e, a mais importante, <strong>ser aprovado<\/strong>!<\/p>\n\n\n\n<p>Decidir \u00e9 o caminho mental de sele\u00e7\u00e3o de uma dentre diversas alternativas, podendo ser um processo consciente ou inconsciente.<\/p>\n\n\n\n<h2 class=\"wp-block-heading\" id=\"h-decisao-programa-e-nao-programada\">Decis\u00e3o Programa e N\u00e3o Programada<\/h2>\n\n\n\n<p>A primeira classifica\u00e7\u00e3o que veremos trata dos tipos de decis\u00e3o, programada e n\u00e3o programada.<\/p>\n\n\n\n<h3 class=\"wp-block-heading\" id=\"h-decisao-programada\">Decis\u00e3o Programada<\/h3>\n\n\n\n<p><strong>S\u00e3o as que j\u00e1 possuem uma solu\u00e7\u00e3o testada e validada<\/strong>, as que tomamos com maior frequ\u00eancia.<\/p>\n\n\n\n<p>Por exemplo, quando vamos ao mercado, unimos os produtos gelados em uma mesma sacola, para facilitar a organiza\u00e7\u00e3o ao chegar em casa. \u00c9 uma decis\u00e3o j\u00e1 testada e, por isso, <strong>rotineira<\/strong> e j\u00e1 <strong>previs\u00edvel<\/strong>.<\/p>\n\n\n\n<p><em>Diferentemente de informar quantas sacolas pl\u00e1sticas vai precisar, uma decis\u00e3o dific\u00edlima e com alto grau de incerteza, \u201crs\u201d.<\/em><\/p>\n\n\n\n<p>Brincadeiras \u00e0 parte, conhe\u00e7amos as principais caracter\u00edsticas das decis\u00f5es programadas:<\/p>\n\n\n\n<ul class=\"wp-block-list\">\n<li>rotineiras;<\/li>\n\n\n\n<li>padr\u00f5es de solu\u00e7\u00e3o j\u00e1 estabelecidos;<\/li>\n\n\n\n<li>repetitivas;<\/li>\n\n\n\n<li>permite a tomada r\u00e1pida de decis\u00e3o;<\/li>\n\n\n\n<li>indicadas para o n\u00edvel operacional e ambientes est\u00e1veis.<\/li>\n<\/ul>\n\n\n\n<h2 class=\"wp-block-heading\" id=\"h-processo-de-decisao-para-sefaz-sp-decisoes-nao-programadas\">Processo de Decis\u00e3o para SEFAZ-SP: Decis\u00f5es N\u00e3o Programadas<\/h2>\n\n\n\n<p>Conhecidas tamb\u00e9m como n\u00e3o estruturadas, <strong>s\u00e3o as utilizadas em novas quest\u00f5es, que necessitam de an\u00e1lise do caso e improvisa\u00e7\u00e3o<\/strong>, pois n\u00e3o h\u00e1 padr\u00f5es j\u00e1 existentes para sua resolu\u00e7\u00e3o.<\/p>\n\n\n\n<p>Resumindo, o oposto das decis\u00f5es programadas.<\/p>\n\n\n\n<p>Os principais pontos que devemos levar para a prova sobre esse tipo de julgamento s\u00e3o:<\/p>\n\n\n\n<ul class=\"wp-block-list\">\n<li>utilizadas em ambientes inst\u00e1veis;<\/li>\n\n\n\n<li>comuns no n\u00edvel estrat\u00e9gico (alta ger\u00eancia e diretoria);<\/li>\n\n\n\n<li>necessitam de mais tempo de an\u00e1lise (lentas);<\/li>\n\n\n\n<li>alto grau de incerteza.<\/li>\n<\/ul>\n\n\n\n<figure class=\"wp-block-image size-full\"><img loading=\"lazy\" decoding=\"async\" width=\"748\" height=\"257\" src=\"https:\/\/dhg1h5j42swfq.cloudfront.net\/2026\/01\/10194922\/decisoes-programada-e-nao-programada.png\" alt=\"Processo de Decis\u00e3o para SEFAZ-SP: decis\u00e3o programa e n\u00e3o programada\" class=\"wp-image-1697255\" srcset=\"https:\/\/dhg1h5j42swfq.cloudfront.net\/2026\/01\/10194922\/decisoes-programada-e-nao-programada.png 748w, https:\/\/dhg1h5j42swfq.cloudfront.net\/2026\/01\/10194922\/decisoes-programada-e-nao-programada-300x103.png 300w, https:\/\/dhg1h5j42swfq.cloudfront.net\/2026\/01\/10194922\/decisoes-programada-e-nao-programada-150x52.png 150w\" sizes=\"auto, (max-width: 748px) 100vw, 748px\" \/><\/figure>\n\n\n\n<h2 class=\"wp-block-heading\" id=\"h-processo-de-decisao-para-sefaz-sp-tipos-de-tomada-de-decisao\">Processo de Decis\u00e3o para SEFAZ-SP: Tipos de Tomada de Decis\u00e3o<\/h2>\n\n\n\n<p>Stephen Robbins classifica em quatro os estilos de tomada de decis\u00e3o, vejamos um pouco sobre cada um deles.<\/p>\n\n\n\n<h3 class=\"wp-block-heading\" id=\"h-estilo-comportamental\">Estilo Comportamental<\/h3>\n\n\n\n<p>Decis\u00f5es direcionadas ao <strong>curto prazo<\/strong> e <strong>focado em pessoas<\/strong>.&nbsp; O tomador de decis\u00f5es busca o desenvolvimento da equipe e o consenso, promovendo a participa\u00e7\u00e3o de todos no processo.<\/p>\n\n\n\n<h3 class=\"wp-block-heading\" id=\"h-estilo-conceitual\">Estilo Conceitual<\/h3>\n\n\n\n<p>Promove <strong>decis\u00f5es inovadoras e criativas<\/strong>, por meio de t\u00e9cnicas como <em>brainstorming, <\/em>visando o longo prazo. Tem alta toler\u00e2ncia \u00e0 ambiguidade e analisa diversos cen\u00e1rios e alternativas.<\/p>\n\n\n\n<h3 class=\"wp-block-heading\" id=\"h-estilo-analitico\">Estilo Anal\u00edtico<\/h3>\n\n\n\n<p>Como o t\u00edtulo sugere, prioriza a racionalidade, an\u00e1lise de muitas informa\u00e7\u00f5es e a solu\u00e7\u00e3o mais eficiente. Foco no operacional, nas tarefas e tolerante a ambiguidades.<\/p>\n\n\n\n<p><em>Observa\u00e7\u00e3o: \u00e9 muito importante entendermos os conceitos de <u>an\u00e1lise<\/u> e <u>s\u00edntese.<\/u>Analisar \u00e9 partir de um todo e ir para as partes, como uma \u201clupa\u201d em cada etapa.<\/em><\/p>\n\n\n\n<p><em>A s\u00edntese ocorre quando juntamos as partes para tomar uma decis\u00e3o vendo o \u201ctodo\u201d de forma ampla.<\/em><\/p>\n\n\n\n<p><em>Ou seja, quando analisamos, focamos nos detalhes de cada tarefa; quando sintetizamos, buscamos entender o todo e o contexto ao qual se est\u00e1 inserido.<\/em><\/p>\n\n\n\n<figure class=\"wp-block-image size-full\"><img loading=\"lazy\" decoding=\"async\" width=\"708\" height=\"282\" src=\"https:\/\/dhg1h5j42swfq.cloudfront.net\/2026\/01\/10194803\/image-130.png\" alt=\"An\u00e1lise versus S\u00edntese\" class=\"wp-image-1697254\" srcset=\"https:\/\/dhg1h5j42swfq.cloudfront.net\/2026\/01\/10194803\/image-130.png 708w, https:\/\/dhg1h5j42swfq.cloudfront.net\/2026\/01\/10194803\/image-130-300x119.png 300w, https:\/\/dhg1h5j42swfq.cloudfront.net\/2026\/01\/10194803\/image-130-150x60.png 150w\" sizes=\"auto, (max-width: 708px) 100vw, 708px\" \/><\/figure>\n\n\n\n<h3 class=\"wp-block-heading\" id=\"h-estilo-diretivo\">Estilo Diretivo<\/h3>\n\n\n\n<p>Tamb\u00e9m guiado pela racionalidade, por\u00e9m, diferentemente do anal\u00edtico, <strong>tem baixa toler\u00e2ncia \u00e0 ambiguidade e busca uma decis\u00e3o r\u00e1pida e eficiente<\/strong> a partir das informa\u00e7\u00f5es dispon\u00edveis.<\/p>\n\n\n\n<p>O tomador de decis\u00f5es diretivo prioriza a velocidade \u00e0 participa\u00e7\u00e3o, por isso, a tomada de decis\u00f5es costuma ser individual.<\/p>\n\n\n\n<p>Abaixo, um resumo com as principais caracter\u00edsticas:<\/p>\n\n\n\n<figure class=\"wp-block-image size-full\"><img loading=\"lazy\" decoding=\"async\" width=\"458\" height=\"327\" src=\"https:\/\/dhg1h5j42swfq.cloudfront.net\/2026\/01\/10194952\/tipos-de-decisao.png\" alt=\"Tipos de Decis\u00e3o\" class=\"wp-image-1697256\" srcset=\"https:\/\/dhg1h5j42swfq.cloudfront.net\/2026\/01\/10194952\/tipos-de-decisao.png 458w, https:\/\/dhg1h5j42swfq.cloudfront.net\/2026\/01\/10194952\/tipos-de-decisao-300x214.png 300w, https:\/\/dhg1h5j42swfq.cloudfront.net\/2026\/01\/10194952\/tipos-de-decisao-150x107.png 150w\" sizes=\"auto, (max-width: 458px) 100vw, 458px\" \/><\/figure>\n\n\n\n<h2 class=\"wp-block-heading\" id=\"h-processo-de-decisao-para-sefaz-sp-vieses-e-heuristicas-na-tomada-de-decisao\">Processo de Decis\u00e3o para SEFAZ-SP: Vieses e Heur\u00edsticas na Tomada de Decis\u00e3o<\/h2>\n\n\n\n<p>Tamb\u00e9m muito cobrado em prova, os vieses e processos heur\u00edsticos s\u00e3o atalhos mentais que dificultam a an\u00e1lise racional dos fatos.<\/p>\n\n\n\n<p>As tr\u00eas principais heur\u00edsticas s\u00e3o as da disponibilidade, representatividade e ancoragem.<\/p>\n\n\n\n<ul class=\"wp-block-list\">\n<li><strong>Disponibilidade<\/strong>: maior peso a eventos recentes do que passados. \u00a0Exemplo: uma pessoa que acabou de terminar o relacionamento estar\u00e1 menos propensa a iniciar um pr\u00f3ximo do que outra que se separou h\u00e1 alguns anos.<\/li>\n\n\n\n<li><strong>Representatividade<\/strong>: priorizar o uso de estere\u00f3tipos superficiais a dados reais para projetar um resultado futuro.<\/li>\n<\/ul>\n\n\n\n<p>Exemplo: muitos julgam o Rio de Janeiro como lugar mais perigoso do Brasil pela aten\u00e7\u00e3o que a m\u00eddia d\u00e1 aos acontecimentos na cidade, por\u00e9m, outras capitais t\u00eam \u00edndices de roubos, assassinatos e furtos muito superiores ao da Cidade Maravilhosa.<\/p>\n\n\n\n<ul class=\"wp-block-list\">\n<li><strong>Ancoragem<\/strong>: refer\u00eancia anterior que contamina a compara\u00e7\u00e3o. Por exemplo, a pipoca pequena no cinema custa cerca R$ 30, por um real a mais podemos levar a grande. Logo, o exagero no menor pre\u00e7o faz o maior pre\u00e7o parecer atrativo.<\/li>\n<\/ul>\n\n\n\n<p><strong>J\u00e1 os vieses, s\u00e3o processos mentais inconscientes que interferem no julgamento e prejudicam a racionalidade na decis\u00e3o.<\/strong><\/p>\n\n\n\n<p>Destaca-se o vi\u00e9s da confirma\u00e7\u00e3o, no qual, o decisor foca apenas nos elementos que confirmem um posicionamento j\u00e1 pr\u00e9-estabelecido e desconsidera os argumentos contr\u00e1rios.<\/p>\n\n\n\n<p>O efeito <em>Halo<\/em> tamb\u00e9m \u00e9 bastante \u201clembrado\u201d pelas bancas: em que uma caracter\u00edstica positiva do indiv\u00edduo mascara as negativas e levam a percep\u00e7\u00f5es tendenciosamente positivas.<\/p>\n\n\n\n<p><em>Para n\u00e3o esquecer: \u201chalo\u201d pode ser traduzido do ingl\u00eas como \u201caur\u00e9ola\u201d, ent\u00e3o, lembre-se daquele anjinho, que, s\u00f3 por ter uma luz sobre a cabe\u00e7a, \u00e9 ausente de defeitos!<\/em><\/p>\n\n\n\n<p>Elencamos aqui os principais, mas h\u00e1 in\u00fameros vieses que valem a pena serem conhecidos como o excesso de confian\u00e7a, avers\u00e3o a perda, efeito <em>horn<\/em> (oposto do <em>halo<\/em>) entre muitos outros que podem ser tema de um pr\u00f3ximo artigo.<\/p>\n\n\n\n<p>Por hoje, paramos por aqui! At\u00e9 a pr\u00f3xima!<\/p>\n\n\n\n<p><\/p>\n\n\n\n<p><\/p>\n\n\n\n<p><\/p>\n\n\n\n<p>Sauda\u00e7\u00f5es e aprova\u00e7\u00f5es,<\/p>\n\n\n\n<p>Julio Moraes<\/p>\n\n\n\n<p><\/p>\n\n\n\n<h2 class=\"wp-block-heading has-text-align-center\" id=\"cursos-assinatura\">Cursos e Assinaturas<\/h2>\n\n\n\n<p>Prepare-se com o melhor material e com quem mais aprova em concursos p\u00fablicos em todo o pa\u00eds!<\/p>\n\n\n\n<p class=\"has-text-align-center has-white-color has-vivid-cyan-blue-background-color has-text-color has-background has-link-color wp-elements-46407eaeae44607aa0d5491201be1f7e\"><strong><a href=\"https:\/\/www.estrategiaconcursos.com.br\/blog\/concursos-abertos\/\" target=\"_blank\" rel=\"noreferrer noopener\">Concursos Abertos<\/a><\/strong><\/p>\n\n\n\n<p class=\"has-text-align-center has-white-color has-vivid-cyan-blue-background-color has-text-color has-background has-link-color wp-elements-6b53b9882060b9b5e38debb4a6ff0917\"><a href=\"https:\/\/www.estrategiaconcursos.com.br\/blog\/concursos-2025\/\" target=\"_blank\" rel=\"noreferrer noopener\"><strong>Concursos 2026<\/strong><\/a><\/p>\n\n\n\n<p><\/p>\n","protected":false},"excerpt":{"rendered":"<p>Ol\u00e1, futuro Auditor Fiscal! Seguindo a trilha para a aprova\u00e7\u00e3o, vamos revisitar os conceitos de processo de decis\u00e3o para SEFAZ-SP. Voc\u00ea, caro leitor, certamente tomou algumas decis\u00f5es acertadas para chegar at\u00e9 esse artigo: adquirir mais conhecimento, revisar o conte\u00fado para a prova e, a mais importante, ser aprovado! Decidir \u00e9 o caminho mental de sele\u00e7\u00e3o [&hellip;]<\/p>\n","protected":false},"author":2873,"featured_media":1642535,"comment_status":"open","ping_status":"closed","sticky":false,"template":"","format":"standard","meta":{"post_tipo":"article","footnotes":""},"categories":[1983],"tags":[318,1194],"tax_estado":[219989],"class_list":["post-1697253","post","type-post","status-publish","format-standard","has-post-thumbnail","hentry","category-fiscal-estadual","tag-administracao-geral-e-publica","tag-sefaz-sp","tax_estado-sp"],"acf":[],"yoast_head":"<!-- This site is optimized with the Yoast SEO Premium plugin v27.2 (Yoast SEO v27.2) - https:\/\/yoast.com\/product\/yoast-seo-premium-wordpress\/ -->\n<title>Processo de Decis\u00e3o para SEFAZ-SP<\/title>\n<meta name=\"description\" content=\"Aprenda tudo sobre o Processo de Decis\u00e3o para SEFAZ-SP e conquiste sua aprova\u00e7\u00e3o para o cargo de Auditor Fiscal.\" \/>\n<meta name=\"robots\" content=\"index, follow, max-snippet:-1, max-image-preview:large, max-video-preview:-1\" \/>\n<link rel=\"canonical\" href=\"https:\/\/www.estrategiaconcursos.com.br\/blog\/processo-decisao-sefaz-sp\/\" \/>\n<meta property=\"og:locale\" content=\"pt_BR\" \/>\n<meta property=\"og:type\" content=\"article\" \/>\n<meta property=\"og:title\" content=\"Processo de Decis\u00e3o para SEFAZ-SP\" \/>\n<meta property=\"og:description\" content=\"Aprenda tudo sobre o Processo de Decis\u00e3o para SEFAZ-SP e conquiste sua aprova\u00e7\u00e3o para o cargo de Auditor Fiscal.\" \/>\n<meta property=\"og:url\" content=\"https:\/\/www.estrategiaconcursos.com.br\/blog\/processo-decisao-sefaz-sp\/\" \/>\n<meta property=\"og:site_name\" content=\"Estrat\u00e9gia Concursos\" \/>\n<meta property=\"article:published_time\" content=\"2026-01-27T17:18:00+00:00\" \/>\n<meta property=\"og:image\" content=\"https:\/\/dhg1h5j42swfq.cloudfront.net\/2025\/09\/22094523\/edificio-moderno-em-nova-york-eua-scaled.jpg\" \/>\n\t<meta property=\"og:image:width\" content=\"2560\" \/>\n\t<meta property=\"og:image:height\" content=\"1707\" \/>\n\t<meta property=\"og:image:type\" content=\"image\/jpeg\" \/>\n<meta name=\"author\" content=\"Julio Cesar de Moraes\" \/>\n<meta name=\"twitter:card\" content=\"summary_large_image\" \/>\n<meta name=\"twitter:creator\" content=\"@EstratConcursos\" \/>\n<meta name=\"twitter:site\" content=\"@EstratConcursos\" \/>\n<meta name=\"twitter:label1\" content=\"Escrito por\" \/>\n\t<meta name=\"twitter:data1\" content=\"Julio Cesar de Moraes\" \/>\n\t<meta name=\"twitter:label2\" content=\"Est. tempo de leitura\" \/>\n\t<meta name=\"twitter:data2\" content=\"5 minutos\" \/>\n<script type=\"application\/ld+json\" class=\"yoast-schema-graph\">{\"@context\":\"https:\/\/schema.org\",\"@graph\":[{\"@type\":\"NewsArticle\",\"@id\":\"https:\/\/www.estrategiaconcursos.com.br\/blog\/processo-decisao-sefaz-sp\/#article\",\"isPartOf\":{\"@id\":\"https:\/\/www.estrategiaconcursos.com.br\/blog\/processo-decisao-sefaz-sp\/\"},\"author\":{\"name\":\"Julio Cesar de Moraes\",\"@id\":\"https:\/\/www.estrategiaconcursos.com.br\/blog\/#\/schema\/person\/68b5e5a52a4d86119579b7cdc0b15b35\"},\"headline\":\"Processo de Decis\u00e3o para SEFAZ-SP\",\"datePublished\":\"2026-01-27T17:18:00+00:00\",\"mainEntityOfPage\":{\"@id\":\"https:\/\/www.estrategiaconcursos.com.br\/blog\/processo-decisao-sefaz-sp\/\"},\"wordCount\":960,\"commentCount\":0,\"publisher\":{\"@id\":\"https:\/\/www.estrategiaconcursos.com.br\/blog\/#organization\"},\"image\":{\"@id\":\"https:\/\/www.estrategiaconcursos.com.br\/blog\/processo-decisao-sefaz-sp\/#primaryimage\"},\"thumbnailUrl\":\"https:\/\/dhg1h5j42swfq.cloudfront.net\/2025\/09\/22094523\/edificio-moderno-em-nova-york-eua-scaled.jpg\",\"keywords\":[\"Administra\u00e7\u00e3o Geral e P\u00fablica\",\"SEFAZ-SP\"],\"articleSection\":[\"Fiscal - Estadual (ICMS)\"],\"inLanguage\":\"pt-BR\",\"potentialAction\":[{\"@type\":\"CommentAction\",\"name\":\"Comment\",\"target\":[\"https:\/\/www.estrategiaconcursos.com.br\/blog\/processo-decisao-sefaz-sp\/#respond\"]}],\"copyrightYear\":\"2026\",\"copyrightHolder\":{\"@id\":\"https:\/\/www.estrategiaconcursos.com.br\/blog\/#organization\"}},{\"@type\":\"WebPage\",\"@id\":\"https:\/\/www.estrategiaconcursos.com.br\/blog\/processo-decisao-sefaz-sp\/\",\"url\":\"https:\/\/www.estrategiaconcursos.com.br\/blog\/processo-decisao-sefaz-sp\/\",\"name\":\"Processo de Decis\u00e3o para SEFAZ-SP\",\"isPartOf\":{\"@id\":\"https:\/\/www.estrategiaconcursos.com.br\/blog\/#website\"},\"primaryImageOfPage\":{\"@id\":\"https:\/\/www.estrategiaconcursos.com.br\/blog\/processo-decisao-sefaz-sp\/#primaryimage\"},\"image\":{\"@id\":\"https:\/\/www.estrategiaconcursos.com.br\/blog\/processo-decisao-sefaz-sp\/#primaryimage\"},\"thumbnailUrl\":\"https:\/\/dhg1h5j42swfq.cloudfront.net\/2025\/09\/22094523\/edificio-moderno-em-nova-york-eua-scaled.jpg\",\"datePublished\":\"2026-01-27T17:18:00+00:00\",\"description\":\"Aprenda tudo sobre o Processo de Decis\u00e3o para SEFAZ-SP e conquiste sua aprova\u00e7\u00e3o para o cargo de Auditor Fiscal.\",\"breadcrumb\":{\"@id\":\"https:\/\/www.estrategiaconcursos.com.br\/blog\/processo-decisao-sefaz-sp\/#breadcrumb\"},\"inLanguage\":\"pt-BR\",\"potentialAction\":[{\"@type\":\"ReadAction\",\"target\":[\"https:\/\/www.estrategiaconcursos.com.br\/blog\/processo-decisao-sefaz-sp\/\"]}]},{\"@type\":\"ImageObject\",\"inLanguage\":\"pt-BR\",\"@id\":\"https:\/\/www.estrategiaconcursos.com.br\/blog\/processo-decisao-sefaz-sp\/#primaryimage\",\"url\":\"https:\/\/dhg1h5j42swfq.cloudfront.net\/2025\/09\/22094523\/edificio-moderno-em-nova-york-eua-scaled.jpg\",\"contentUrl\":\"https:\/\/dhg1h5j42swfq.cloudfront.net\/2025\/09\/22094523\/edificio-moderno-em-nova-york-eua-scaled.jpg\",\"width\":2560,\"height\":1707,\"caption\":\"Funda\u00e7\u00f5es P\u00fablicas para a SEFAZ-SP\"},{\"@type\":\"BreadcrumbList\",\"@id\":\"https:\/\/www.estrategiaconcursos.com.br\/blog\/processo-decisao-sefaz-sp\/#breadcrumb\",\"itemListElement\":[{\"@type\":\"ListItem\",\"position\":1,\"name\":\"In\u00edcio\",\"item\":\"https:\/\/www.estrategiaconcursos.com.br\/blog\/\"},{\"@type\":\"ListItem\",\"position\":2,\"name\":\"Processo de Decis\u00e3o para SEFAZ-SP\"}]},{\"@type\":\"WebSite\",\"@id\":\"https:\/\/www.estrategiaconcursos.com.br\/blog\/#website\",\"url\":\"https:\/\/www.estrategiaconcursos.com.br\/blog\/\",\"name\":\"Estrat\u00e9gia Concursos\",\"description\":\"O blog da Estrat\u00e9gia Concursos traz not\u00edcias sobre concursos e artigos de professores oferecendo cursos para concursos (pdf + videaulas) no site.\",\"publisher\":{\"@id\":\"https:\/\/www.estrategiaconcursos.com.br\/blog\/#organization\"},\"potentialAction\":[{\"@type\":\"SearchAction\",\"target\":{\"@type\":\"EntryPoint\",\"urlTemplate\":\"https:\/\/www.estrategiaconcursos.com.br\/blog\/?s={search_term_string}\"},\"query-input\":{\"@type\":\"PropertyValueSpecification\",\"valueRequired\":true,\"valueName\":\"search_term_string\"}}],\"inLanguage\":\"pt-BR\"},{\"@type\":\"Organization\",\"@id\":\"https:\/\/www.estrategiaconcursos.com.br\/blog\/#organization\",\"name\":\"Estrat\u00e9gia Concursos\",\"url\":\"https:\/\/www.estrategiaconcursos.com.br\/blog\/\",\"logo\":{\"@type\":\"ImageObject\",\"inLanguage\":\"pt-BR\",\"@id\":\"https:\/\/www.estrategiaconcursos.com.br\/blog\/#\/schema\/logo\/image\/\",\"url\":\"https:\/\/dhg1h5j42swfq.cloudfront.net\/2025\/06\/03203428\/logo_concursos-1.jpg\",\"contentUrl\":\"https:\/\/dhg1h5j42swfq.cloudfront.net\/2025\/06\/03203428\/logo_concursos-1.jpg\",\"width\":230,\"height\":60,\"caption\":\"Estrat\u00e9gia Concursos\"},\"image\":{\"@id\":\"https:\/\/www.estrategiaconcursos.com.br\/blog\/#\/schema\/logo\/image\/\"},\"sameAs\":[\"https:\/\/x.com\/EstratConcursos\"]},{\"@type\":\"Person\",\"@id\":\"https:\/\/www.estrategiaconcursos.com.br\/blog\/#\/schema\/person\/68b5e5a52a4d86119579b7cdc0b15b35\",\"name\":\"Julio Cesar de Moraes\",\"image\":{\"@type\":\"ImageObject\",\"inLanguage\":\"pt-BR\",\"@id\":\"https:\/\/secure.gravatar.com\/avatar\/0ce7e3717156d3c89b49a6e35c8b31f948f0d460f1136a14cf66c3ff491cc665?s=96&d=mm&r=g\",\"url\":\"https:\/\/secure.gravatar.com\/avatar\/0ce7e3717156d3c89b49a6e35c8b31f948f0d460f1136a14cf66c3ff491cc665?s=96&d=mm&r=g\",\"contentUrl\":\"https:\/\/secure.gravatar.com\/avatar\/0ce7e3717156d3c89b49a6e35c8b31f948f0d460f1136a14cf66c3ff491cc665?s=96&d=mm&r=g\",\"caption\":\"Julio Cesar de Moraes\"},\"url\":\"https:\/\/www.estrategiaconcursos.com.br\/blog\/author\/juliojasserandgmail-com\/\"}]}<\/script>\n<!-- \/ Yoast SEO Premium plugin. -->","yoast_head_json":{"title":"Processo de Decis\u00e3o para SEFAZ-SP","description":"Aprenda tudo sobre o Processo de Decis\u00e3o para SEFAZ-SP e conquiste sua aprova\u00e7\u00e3o para o cargo de Auditor Fiscal.","robots":{"index":"index","follow":"follow","max-snippet":"max-snippet:-1","max-image-preview":"max-image-preview:large","max-video-preview":"max-video-preview:-1"},"canonical":"https:\/\/www.estrategiaconcursos.com.br\/blog\/processo-decisao-sefaz-sp\/","og_locale":"pt_BR","og_type":"article","og_title":"Processo de Decis\u00e3o para SEFAZ-SP","og_description":"Aprenda tudo sobre o Processo de Decis\u00e3o para SEFAZ-SP e conquiste sua aprova\u00e7\u00e3o para o cargo de Auditor Fiscal.","og_url":"https:\/\/www.estrategiaconcursos.com.br\/blog\/processo-decisao-sefaz-sp\/","og_site_name":"Estrat\u00e9gia Concursos","article_published_time":"2026-01-27T17:18:00+00:00","og_image":[{"width":2560,"height":1707,"url":"https:\/\/dhg1h5j42swfq.cloudfront.net\/2025\/09\/22094523\/edificio-moderno-em-nova-york-eua-scaled.jpg","type":"image\/jpeg"}],"author":"Julio Cesar de Moraes","twitter_card":"summary_large_image","twitter_creator":"@EstratConcursos","twitter_site":"@EstratConcursos","twitter_misc":{"Escrito por":"Julio Cesar de Moraes","Est. tempo de leitura":"5 minutos"},"schema":{"@context":"https:\/\/schema.org","@graph":[{"@type":"NewsArticle","@id":"https:\/\/www.estrategiaconcursos.com.br\/blog\/processo-decisao-sefaz-sp\/#article","isPartOf":{"@id":"https:\/\/www.estrategiaconcursos.com.br\/blog\/processo-decisao-sefaz-sp\/"},"author":{"name":"Julio Cesar de Moraes","@id":"https:\/\/www.estrategiaconcursos.com.br\/blog\/#\/schema\/person\/68b5e5a52a4d86119579b7cdc0b15b35"},"headline":"Processo de Decis\u00e3o para SEFAZ-SP","datePublished":"2026-01-27T17:18:00+00:00","mainEntityOfPage":{"@id":"https:\/\/www.estrategiaconcursos.com.br\/blog\/processo-decisao-sefaz-sp\/"},"wordCount":960,"commentCount":0,"publisher":{"@id":"https:\/\/www.estrategiaconcursos.com.br\/blog\/#organization"},"image":{"@id":"https:\/\/www.estrategiaconcursos.com.br\/blog\/processo-decisao-sefaz-sp\/#primaryimage"},"thumbnailUrl":"https:\/\/dhg1h5j42swfq.cloudfront.net\/2025\/09\/22094523\/edificio-moderno-em-nova-york-eua-scaled.jpg","keywords":["Administra\u00e7\u00e3o Geral e P\u00fablica","SEFAZ-SP"],"articleSection":["Fiscal - Estadual (ICMS)"],"inLanguage":"pt-BR","potentialAction":[{"@type":"CommentAction","name":"Comment","target":["https:\/\/www.estrategiaconcursos.com.br\/blog\/processo-decisao-sefaz-sp\/#respond"]}],"copyrightYear":"2026","copyrightHolder":{"@id":"https:\/\/www.estrategiaconcursos.com.br\/blog\/#organization"}},{"@type":"WebPage","@id":"https:\/\/www.estrategiaconcursos.com.br\/blog\/processo-decisao-sefaz-sp\/","url":"https:\/\/www.estrategiaconcursos.com.br\/blog\/processo-decisao-sefaz-sp\/","name":"Processo de Decis\u00e3o para SEFAZ-SP","isPartOf":{"@id":"https:\/\/www.estrategiaconcursos.com.br\/blog\/#website"},"primaryImageOfPage":{"@id":"https:\/\/www.estrategiaconcursos.com.br\/blog\/processo-decisao-sefaz-sp\/#primaryimage"},"image":{"@id":"https:\/\/www.estrategiaconcursos.com.br\/blog\/processo-decisao-sefaz-sp\/#primaryimage"},"thumbnailUrl":"https:\/\/dhg1h5j42swfq.cloudfront.net\/2025\/09\/22094523\/edificio-moderno-em-nova-york-eua-scaled.jpg","datePublished":"2026-01-27T17:18:00+00:00","description":"Aprenda tudo sobre o Processo de Decis\u00e3o para SEFAZ-SP e conquiste sua aprova\u00e7\u00e3o para o cargo de Auditor Fiscal.","breadcrumb":{"@id":"https:\/\/www.estrategiaconcursos.com.br\/blog\/processo-decisao-sefaz-sp\/#breadcrumb"},"inLanguage":"pt-BR","potentialAction":[{"@type":"ReadAction","target":["https:\/\/www.estrategiaconcursos.com.br\/blog\/processo-decisao-sefaz-sp\/"]}]},{"@type":"ImageObject","inLanguage":"pt-BR","@id":"https:\/\/www.estrategiaconcursos.com.br\/blog\/processo-decisao-sefaz-sp\/#primaryimage","url":"https:\/\/dhg1h5j42swfq.cloudfront.net\/2025\/09\/22094523\/edificio-moderno-em-nova-york-eua-scaled.jpg","contentUrl":"https:\/\/dhg1h5j42swfq.cloudfront.net\/2025\/09\/22094523\/edificio-moderno-em-nova-york-eua-scaled.jpg","width":2560,"height":1707,"caption":"Funda\u00e7\u00f5es P\u00fablicas para a SEFAZ-SP"},{"@type":"BreadcrumbList","@id":"https:\/\/www.estrategiaconcursos.com.br\/blog\/processo-decisao-sefaz-sp\/#breadcrumb","itemListElement":[{"@type":"ListItem","position":1,"name":"In\u00edcio","item":"https:\/\/www.estrategiaconcursos.com.br\/blog\/"},{"@type":"ListItem","position":2,"name":"Processo de Decis\u00e3o para SEFAZ-SP"}]},{"@type":"WebSite","@id":"https:\/\/www.estrategiaconcursos.com.br\/blog\/#website","url":"https:\/\/www.estrategiaconcursos.com.br\/blog\/","name":"Estrat\u00e9gia Concursos","description":"O blog da Estrat\u00e9gia Concursos traz not\u00edcias sobre concursos e artigos de professores oferecendo cursos para concursos (pdf + videaulas) no site.","publisher":{"@id":"https:\/\/www.estrategiaconcursos.com.br\/blog\/#organization"},"potentialAction":[{"@type":"SearchAction","target":{"@type":"EntryPoint","urlTemplate":"https:\/\/www.estrategiaconcursos.com.br\/blog\/?s={search_term_string}"},"query-input":{"@type":"PropertyValueSpecification","valueRequired":true,"valueName":"search_term_string"}}],"inLanguage":"pt-BR"},{"@type":"Organization","@id":"https:\/\/www.estrategiaconcursos.com.br\/blog\/#organization","name":"Estrat\u00e9gia Concursos","url":"https:\/\/www.estrategiaconcursos.com.br\/blog\/","logo":{"@type":"ImageObject","inLanguage":"pt-BR","@id":"https:\/\/www.estrategiaconcursos.com.br\/blog\/#\/schema\/logo\/image\/","url":"https:\/\/dhg1h5j42swfq.cloudfront.net\/2025\/06\/03203428\/logo_concursos-1.jpg","contentUrl":"https:\/\/dhg1h5j42swfq.cloudfront.net\/2025\/06\/03203428\/logo_concursos-1.jpg","width":230,"height":60,"caption":"Estrat\u00e9gia Concursos"},"image":{"@id":"https:\/\/www.estrategiaconcursos.com.br\/blog\/#\/schema\/logo\/image\/"},"sameAs":["https:\/\/x.com\/EstratConcursos"]},{"@type":"Person","@id":"https:\/\/www.estrategiaconcursos.com.br\/blog\/#\/schema\/person\/68b5e5a52a4d86119579b7cdc0b15b35","name":"Julio Cesar de Moraes","image":{"@type":"ImageObject","inLanguage":"pt-BR","@id":"https:\/\/secure.gravatar.com\/avatar\/0ce7e3717156d3c89b49a6e35c8b31f948f0d460f1136a14cf66c3ff491cc665?s=96&d=mm&r=g","url":"https:\/\/secure.gravatar.com\/avatar\/0ce7e3717156d3c89b49a6e35c8b31f948f0d460f1136a14cf66c3ff491cc665?s=96&d=mm&r=g","contentUrl":"https:\/\/secure.gravatar.com\/avatar\/0ce7e3717156d3c89b49a6e35c8b31f948f0d460f1136a14cf66c3ff491cc665?s=96&d=mm&r=g","caption":"Julio Cesar de Moraes"},"url":"https:\/\/www.estrategiaconcursos.com.br\/blog\/author\/juliojasserandgmail-com\/"}]}},"_links":{"self":[{"href":"https:\/\/www.estrategiaconcursos.com.br\/blog\/wp-json\/wp\/v2\/posts\/1697253","targetHints":{"allow":["GET"]}}],"collection":[{"href":"https:\/\/www.estrategiaconcursos.com.br\/blog\/wp-json\/wp\/v2\/posts"}],"about":[{"href":"https:\/\/www.estrategiaconcursos.com.br\/blog\/wp-json\/wp\/v2\/types\/post"}],"author":[{"embeddable":true,"href":"https:\/\/www.estrategiaconcursos.com.br\/blog\/wp-json\/wp\/v2\/users\/2873"}],"replies":[{"embeddable":true,"href":"https:\/\/www.estrategiaconcursos.com.br\/blog\/wp-json\/wp\/v2\/comments?post=1697253"}],"version-history":[{"count":1,"href":"https:\/\/www.estrategiaconcursos.com.br\/blog\/wp-json\/wp\/v2\/posts\/1697253\/revisions"}],"predecessor-version":[{"id":1697257,"href":"https:\/\/www.estrategiaconcursos.com.br\/blog\/wp-json\/wp\/v2\/posts\/1697253\/revisions\/1697257"}],"wp:featuredmedia":[{"embeddable":true,"href":"https:\/\/www.estrategiaconcursos.com.br\/blog\/wp-json\/wp\/v2\/media\/1642535"}],"wp:attachment":[{"href":"https:\/\/www.estrategiaconcursos.com.br\/blog\/wp-json\/wp\/v2\/media?parent=1697253"}],"wp:term":[{"taxonomy":"category","embeddable":true,"href":"https:\/\/www.estrategiaconcursos.com.br\/blog\/wp-json\/wp\/v2\/categories?post=1697253"},{"taxonomy":"post_tag","embeddable":true,"href":"https:\/\/www.estrategiaconcursos.com.br\/blog\/wp-json\/wp\/v2\/tags?post=1697253"},{"taxonomy":"tax_estado","embeddable":true,"href":"https:\/\/www.estrategiaconcursos.com.br\/blog\/wp-json\/wp\/v2\/tax_estado?post=1697253"}],"curies":[{"name":"wp","href":"https:\/\/api.w.org\/{rel}","templated":true}]}}