{"id":1697161,"date":"2026-01-27T08:39:00","date_gmt":"2026-01-27T11:39:00","guid":{"rendered":"https:\/\/www.estrategiaconcursos.com.br\/blog\/?p=1697161"},"modified":"2026-01-19T15:44:19","modified_gmt":"2026-01-19T18:44:19","slug":"resumo-sobre-servidores-publicos","status":"publish","type":"post","link":"https:\/\/www.estrategiaconcursos.com.br\/blog\/resumo-sobre-servidores-publicos\/","title":{"rendered":"Resumo sobre Servidores P\u00fablicos"},"content":{"rendered":"\n<p>Ol\u00e1, pessoal! Tudo bem? Neste artigo, vamos trazer um resumo sobre <strong>os servidores p\u00fablicos<\/strong>, de modo a abordar os principais t\u00f3picos sobre o tema.\u00a0<\/p>\n\n\n\n<p><\/p>\n\n\n\n<h2 class=\"wp-block-heading\" id=\"h-servidores-publicos-conceito\" style=\"font-size:clamp(16.293px, 1.018rem + ((1vw - 3.2px) * 0.854), 25px);\"><strong>Servidores P\u00fablicos: Conceito<\/strong><\/h2>\n\n\n\n<p>Para iniciar o nosso resumo sobre os servidores p\u00fablicos, nada melhor do que trazer o <strong>conceito <\/strong>de servidor p\u00fablico.<\/p>\n\n\n\n<p>Servidores p\u00fablicos s\u00e3o agentes que <strong>desempenham fun\u00e7\u00f5es p\u00fablicas em car\u00e1ter profissional e permanente, mantendo uma rela\u00e7\u00e3o de trabalho<\/strong> com a administra\u00e7\u00e3o p\u00fablica.<\/p>\n\n\n\n<p><\/p>\n\n\n\n<p style=\"font-size:clamp(16.293px, 1.018rem + ((1vw - 3.2px) * 0.854), 25px);\"><strong>Classifica\u00e7\u00e3o<\/strong><\/p>\n\n\n\n<p>A doutrina definiu algumas classifica\u00e7\u00f5es para os servidores p\u00fablicos, dentre as quais podemos destacar as seguintes:<\/p>\n\n\n\n<ul class=\"wp-block-list\">\n<li><strong>Servidores p\u00fablicos civis e militares<\/strong>: Os servidores <strong>civis <\/strong>s\u00e3o os que atuam na administra\u00e7\u00e3o geral, em suas diversas \u00e1reas. Os servidores <strong>militares<\/strong>, por sua vez, correspondem aos militares das For\u00e7as Armadas e aos militares dos Estados, do Distrito Federal e Territ\u00f3rios, cuja atua\u00e7\u00e3o \u00e9 voltada para a seguran\u00e7a p\u00fablica e defesa civil.<\/li>\n<\/ul>\n\n\n\n<ul class=\"wp-block-list\">\n<li><strong>Servidores comuns e especiais<\/strong>: Servidores <strong>comuns <\/strong>s\u00e3o os que atuam administrativamente e no apoio dos objetivos b\u00e1sicos do Estado, podendo ser estatut\u00e1rios ou celetistas. J\u00e1 os servidores <strong>especiais <\/strong>s\u00e3o aqueles que exercem fun\u00e7\u00f5es de not\u00f3ria relev\u00e2ncia para o Estado, possuindo regime jur\u00eddico diferenciado, com regras disciplinadas pela pr\u00f3pria Constitui\u00e7\u00e3o Federal, a exemplo dos magistrados, defensores p\u00fablicos, promotores, etc.<\/li>\n<\/ul>\n\n\n\n<ul class=\"wp-block-list\">\n<li><strong>Servidores estatut\u00e1rios, celetistas e tempor\u00e1rios<\/strong>: Servidores <strong>estatut\u00e1rios <\/strong>s\u00e3o aqueles em que o regime jur\u00eddico \u00e9 disciplinado por diploma espec\u00edfico, geralmente um estatuto. J\u00e1 os servidores <strong>celetistas <\/strong>s\u00e3o aqueles que t\u00eam a sua rela\u00e7\u00e3o de trabalho regida pela Consolida\u00e7\u00e3o das Leis do Trabalho (CLT). Por fim, os servidores <strong>tempor\u00e1rios <\/strong>s\u00e3o aqueles contratados para atender <strong>necessidade tempor\u00e1ria de excepcional interesse p\u00fablico<\/strong>, motivo pelo qual <strong>s\u00e3o regidos por um regime jur\u00eddico especial<\/strong>.<\/li>\n<\/ul>\n\n\n\n<p><\/p>\n\n\n\n<p style=\"font-size:clamp(16.293px, 1.018rem + ((1vw - 3.2px) * 0.854), 25px);\"><strong>Concurso p\u00fablico<\/strong><\/p>\n\n\n\n<p>O concurso p\u00fablico \u00e9 uma forma ison\u00f4mica de <strong>sele\u00e7\u00e3o de pessoal<\/strong> para o ingresso no servi\u00e7o p\u00fablico.<\/p>\n\n\n\n<p>Ele \u00e9 constitu\u00eddo por <strong>provas ou provas e t\u00edtulos<\/strong> e est\u00e1 acess\u00edvel aos brasileiros e aos estrangeiros na forma da lei.<\/p>\n\n\n\n<p>O concurso p\u00fablico \u00e9 <strong>aplic\u00e1vel aos cargos efetivos<\/strong> e dispensado para os cargos de provimento em comiss\u00e3o, considerados de livre nomea\u00e7\u00e3o e exonera\u00e7\u00e3o.<\/p>\n\n\n\n<p>De acordo com o texto constitucional, o concurso p\u00fablico ter\u00e1 <strong>validade de at\u00e9 dois anos, prorrog\u00e1vel por igual per\u00edodo<\/strong>.<\/p>\n\n\n\n<p><\/p>\n\n\n\n<p style=\"font-size:clamp(16.293px, 1.018rem + ((1vw - 3.2px) * 0.854), 25px);\"><strong>Acumula\u00e7\u00e3o de cargos p\u00fablicos<\/strong><\/p>\n\n\n\n<p>Com o objetivo de assegurar o <strong>princ\u00edpio da efici\u00eancia <\/strong>no servi\u00e7o p\u00fablico, a Constitui\u00e7\u00e3o Federal estabeleceu regras para a acumula\u00e7\u00e3o remunerada de cargos p\u00fablicos.<\/p>\n\n\n\n<p><strong>Em regra, o texto constitucional veda a acumula\u00e7\u00e3o de cargos<\/strong>, mas traz algumas situa\u00e7\u00f5es excepcionais em que ser\u00e1 poss\u00edvel tal acumula\u00e7\u00e3o.&nbsp;&nbsp;<\/p>\n\n\n\n<p>Nesse sentido, a CF\/88 admite a acumula\u00e7\u00e3o remunerada de cargos se<strong> houver compatibilidade de hor\u00e1rios<\/strong> nas seguintes situa\u00e7\u00f5es:<\/p>\n\n\n\n<ul class=\"wp-block-list\">\n<li><strong>dois cargos de professor<\/strong>;<\/li>\n<\/ul>\n\n\n\n<ul class=\"wp-block-list\">\n<li>um cargo de <strong>professor com outro de qualquer natureza<\/strong>; e<\/li>\n<\/ul>\n\n\n\n<ul class=\"wp-block-list\">\n<li><strong>dois cargos ou empregos privativos de profissionais de sa\u00fade<\/strong>, com profiss\u00f5es regulamentadas.<\/li>\n<\/ul>\n\n\n\n<p><\/p>\n\n\n\n<p style=\"font-size:clamp(16.293px, 1.018rem + ((1vw - 3.2px) * 0.854), 25px);\"><strong>Estabilidade<\/strong><\/p>\n\n\n\n<p>A estabilidade \u00e9 o instituto que protege o servidor contra a despedida arbitr\u00e1ria. De acordo com a CF\/88, o servidor est\u00e1vel somente perder\u00e1 o cargo mediante <strong>processo administrativo (assegurada a ampla defesa), decis\u00e3o judicial transitada em julgado e avalia\u00e7\u00e3o peri\u00f3dica de desempenho<\/strong>.<\/p>\n\n\n\n<p>Importa ressaltar que <strong>a estabilidade \u00e9 pr\u00f3pria de servidores efetivos<\/strong>, n\u00e3o se aplicando aos servidores comissionados.<\/p>\n\n\n\n<p>Por fim, vale ressaltar que o servidor deve possuir <strong>tr\u00eas anos<\/strong> de efetivo exerc\u00edcio no cargo efetivo para adquirir a estabilidade (CF\/88, Art 41).\u00a0<\/p>\n\n\n\n<p><\/p>\n\n\n\n<p style=\"font-size:clamp(16.293px, 1.018rem + ((1vw - 3.2px) * 0.854), 25px);\"><strong>Regime previdenci\u00e1rio<\/strong><\/p>\n\n\n\n<p>Continuando com o nosso resumo sobre os servidores p\u00fablicos, vamos tratar agora do regime previdenci\u00e1rio.<\/p>\n\n\n\n<p>O regime de previd\u00eancia dos servidores p\u00fablicos \u00e9 o <strong>regime pr\u00f3prio de previd\u00eancia social (RPPS)<\/strong>.<\/p>\n\n\n\n<p>O RPPS tem car\u00e1ter <strong>contributivo e solid\u00e1rio<\/strong>, compreendendo a contribui\u00e7\u00e3o do ente federativo e do servidor.<\/p>\n\n\n\n<p>A CF\/88 prev\u00ea tr\u00eas tipos de aposentadoria para os servidores p\u00fablicos:<\/p>\n\n\n\n<ul class=\"wp-block-list\">\n<li><strong>aposentadoria por incapacidade<\/strong> permanente para o trabalho, insuscet\u00edvel de readapta\u00e7\u00e3o;<\/li>\n\n\n\n<li>aposentadoria por <strong>tempo de contribui\u00e7\u00e3o<\/strong>; e<\/li>\n\n\n\n<li>aposentadoria <strong>compuls\u00f3ria <\/strong>aos 75 anos de idade;<\/li>\n<\/ul>\n\n\n\n<p>Sobre o regime de previd\u00eancia dos servidores, \u00e9 importante adicionar que a CF\/88 veda a <strong>exist\u00eancia de mais de um regime pr\u00f3prio de previd\u00eancia social e de mais de um \u00f3rg\u00e3o ou entidade gestora desse regime<\/strong> em cada ente federativo, sendo tamb\u00e9m <strong>vedada a institui\u00e7\u00e3o de novos regimes pr\u00f3prios<\/strong> de previd\u00eancia social.<\/p>\n\n\n\n<p>Por fim, devemos pontuar que aos servidores ocupantes de <strong>cargo em comiss\u00e3o \u00e9 aplicado o regime geral de previd\u00eancia social (RGPS)<\/strong>.<\/p>\n\n\n\n<p><\/p>\n\n\n\n<p style=\"font-size:clamp(16.293px, 1.018rem + ((1vw - 3.2px) * 0.854), 25px);\"><strong>Mandato eletivo<\/strong><\/p>\n\n\n\n<p>As principais regras que incidem sobre os servidores p\u00fablicos quanto ao exerc\u00edcio de mandatos eletivos est\u00e3o previstas no art. 38 da CF\/88, nos moldes a seguir:<\/p>\n\n\n\n<ul class=\"wp-block-list\">\n<li>tratando-se de <strong>mandato eletivo federal, estadual ou distrital, ficar\u00e1 afastado de seu cargo, emprego ou fun\u00e7\u00e3o<\/strong>;<\/li>\n<\/ul>\n\n\n\n<ul class=\"wp-block-list\">\n<li>quando o servidor estiver investido no mandato de <strong>Prefeito<\/strong>, ser\u00e1 <strong>afastado do cargo, emprego ou fun\u00e7\u00e3o<\/strong>, sendo-lhe <strong>facultado optar pela sua remunera\u00e7\u00e3o<\/strong>;<\/li>\n<\/ul>\n\n\n\n<ul class=\"wp-block-list\">\n<li>J\u00e1 em rela\u00e7\u00e3o ao mandato de <strong>Vereador<\/strong>, havendo compatibilidade de hor\u00e1rios, o servidor <strong>perceber\u00e1 as vantagens de seu cargo, emprego ou fun\u00e7\u00e3o, sem preju\u00edzo da remunera\u00e7\u00e3o do cargo eletivo<\/strong>, e, n\u00e3o havendo compatibilidade, ser\u00e1 afastado do cargo, emprego ou fun\u00e7\u00e3o, sendo-lhe facultado optar pela sua remunera\u00e7\u00e3o;<\/li>\n<\/ul>\n\n\n\n<p>Tamb\u00e9m merece destaque o fato de que o servidor que exercer mandato eletivo <strong>ter\u00e1 seu tempo de servi\u00e7o contado para todos os efeitos legais, exceto para promo\u00e7\u00e3o por merecimento<\/strong>.<\/p>\n\n\n\n<p><\/p>\n\n\n\n<p style=\"font-size:clamp(16.293px, 1.018rem + ((1vw - 3.2px) * 0.854), 25px);\"><strong>Remunera\u00e7\u00e3o<\/strong><\/p>\n\n\n\n<p>Segundo a CF\/88, &nbsp;a remunera\u00e7\u00e3o dos servidores p\u00fablicos somente poder\u00e1 ser <strong>fixada ou alterada por lei espec\u00edfica<\/strong>.<\/p>\n\n\n\n<p>Essa remunera\u00e7\u00e3o deve ser <strong>ison\u00f4mica<\/strong>, de modo que os vencimentos dos cargos do Poder Legislativo e do Poder Judici\u00e1rio <strong>n\u00e3o poder\u00e3o ser superiores aos pagos pelo Poder Executivo (art. 37, XIII, CF88)<\/strong>.<\/p>\n\n\n\n<p>O sistema remunerat\u00f3rio dos servidores p\u00fablicos \u00e9 limitado pelo <strong>subs\u00eddio mensal dos Ministros do Supremo Tribunal Federal<\/strong>.<\/p>\n\n\n\n<p>Importa ressaltar que h\u00e1 ainda outros limites a serem aplicados \u00e0 remunera\u00e7\u00e3o dos servidores, a saber:<\/p>\n\n\n\n<ul class=\"wp-block-list\">\n<li>No \u00e2mbito dos <strong>Munic\u00edpios<\/strong>, o subs\u00eddio dos <strong>Prefeitos<\/strong>;\u00a0<\/li>\n\n\n\n<li>Nos <strong>Estados e no Distrito Federal<\/strong>, o subs\u00eddio do <strong>Governador <\/strong>(para o Poder Executivo), o subs\u00eddio dos <strong>Deputados Estaduais e Distritais <\/strong>(para o Poder Legislativo) e o subs\u00eddio dos <strong>Desembargadores <\/strong>(para o Poder Judici\u00e1rio).<\/li>\n<\/ul>\n\n\n\n<p>Por fim, o texto constitucional <strong>vedou a vincula\u00e7\u00e3o ou equipara\u00e7\u00e3o de quaisquer esp\u00e9cies remunerat\u00f3rias<\/strong> para o efeito de remunera\u00e7\u00e3o de pessoal do servi\u00e7o p\u00fablico.<\/p>\n\n\n\n<p><\/p>\n\n\n\n<p>Ficamos por aqui com o nosso resumo sobre os servidores p\u00fablicos\u2026<\/p>\n\n\n\n<p>Para se aprofundar no assunto, estude com nossos <a href=\"https:\/\/www.estrategiaconcursos.com.br\/cursos\/concurso\/\">materiais em pdf e em v\u00eddeo aulas<\/a>, e aumente as suas chances de aprova\u00e7\u00e3o.<\/p>\n\n\n\n<p>Bons estudos e at\u00e9 a pr\u00f3xima!<\/p>\n\n\n\n<p>Nilson Assis<\/p>\n\n\n\n<p>Analista Legislativo do Senado Federal<\/p>\n\n\n\n<p>@nsassis.concursos<\/p>\n\n\n\n<ul class=\"wp-block-list\">\n<li><a href=\"https:\/\/www.estrategiaconcursos.com.br\/blog\/concursos-2026\/\">Concursos 2026<\/a><\/li>\n\n\n\n<li><a href=\"https:\/\/www.estrategiaconcursos.com.br\/blog\/concursos-2025\/\">Concursos 2025<\/a><\/li>\n\n\n\n<li><a href=\"https:\/\/www.estrategiaconcursos.com.br\/blog\/concursos-federais-2023\/\">Concursos federais<\/a><\/li>\n\n\n\n<li><a href=\"https:\/\/cj.estrategia.com\/portal\/concursos-abertos-carreiras-juridicas\/\">Concursos abertos Carreiras Jur\u00eddicas<\/a><\/li>\n\n\n\n<li><a href=\"https:\/\/www.estrategiaconcursos.com.br\/blog\/concursos-abertos\/\">Concursos abertos<\/a><\/li>\n<\/ul>\n\n\n\n<p><\/p>\n\n\n\n<p style=\"font-size:clamp(16.293px, 1.018rem + ((1vw - 3.2px) * 0.854), 25px);\"><strong>Refer\u00eancias Bibliogr\u00e1ficas<\/strong><\/p>\n\n\n\n<p>BRASIL. <strong>[Constitui\u00e7\u00e3o (1988)]. Constitui\u00e7\u00e3o da Rep\u00fablica Federativa do Brasil de 1988<\/strong>. Bras\u00edlia, DF: Presid\u00eancia da Rep\u00fablica, [2016]. Dispon\u00edvel em: https:\/\/www.planalto.gov.br\/ccivil_03\/constituicao\/ConstituicaoCompilado.htm. Acesso em: 06 Jan. 2026.<\/p>\n\n\n\n<p>Carvalho Filho, Jos\u00e9 dos Santos. <strong>Manual de Direito Administrativo \/ Jos\u00e9 dos Santos Carvalho Filho<\/strong>. \u2013 33. ed. \u2013 S\u00e3o Paulo: Atlas, 2019.<\/p>\n\n\n\n<p><\/p>\n","protected":false},"excerpt":{"rendered":"<p>Ol\u00e1, pessoal! Tudo bem? Neste artigo, vamos trazer um resumo sobre os servidores p\u00fablicos, de modo a abordar os principais t\u00f3picos sobre o tema.\u00a0 Servidores P\u00fablicos: Conceito Para iniciar o nosso resumo sobre os servidores p\u00fablicos, nada melhor do que trazer o conceito de servidor p\u00fablico. Servidores p\u00fablicos s\u00e3o agentes que desempenham fun\u00e7\u00f5es p\u00fablicas em [&hellip;]<\/p>\n","protected":false},"author":2894,"featured_media":1645996,"comment_status":"open","ping_status":"closed","sticky":false,"template":"","format":"standard","meta":{"post_tipo":"article","footnotes":""},"categories":[1],"tags":[],"tax_estado":[],"class_list":["post-1697161","post","type-post","status-publish","format-standard","has-post-thumbnail","hentry","category-cursos-e-concursos"],"acf":[],"yoast_head":"<!-- This site is optimized with the Yoast SEO Premium plugin v27.2 (Yoast SEO v27.2) - https:\/\/yoast.com\/product\/yoast-seo-premium-wordpress\/ -->\n<title>Resumo sobre Servidores P\u00fablicos<\/title>\n<meta name=\"description\" content=\"Ol\u00e1, pessoal! Tudo bem? Neste artigo, vamos trazer um resumo sobre os servidores p\u00fablicos, de modo a abordar os seus principais t\u00f3picos.\" \/>\n<meta name=\"robots\" content=\"index, follow, max-snippet:-1, max-image-preview:large, max-video-preview:-1\" \/>\n<link rel=\"canonical\" href=\"https:\/\/www.estrategiaconcursos.com.br\/blog\/resumo-sobre-servidores-publicos\/\" \/>\n<meta property=\"og:locale\" content=\"pt_BR\" \/>\n<meta property=\"og:type\" content=\"article\" \/>\n<meta property=\"og:title\" content=\"Resumo sobre Servidores P\u00fablicos\" \/>\n<meta property=\"og:description\" content=\"Ol\u00e1, pessoal! Tudo bem? Neste artigo, vamos trazer um resumo sobre os servidores p\u00fablicos, de modo a abordar os seus principais t\u00f3picos.\" \/>\n<meta property=\"og:url\" content=\"https:\/\/www.estrategiaconcursos.com.br\/blog\/resumo-sobre-servidores-publicos\/\" \/>\n<meta property=\"og:site_name\" content=\"Estrat\u00e9gia Concursos\" \/>\n<meta property=\"article:published_time\" content=\"2026-01-27T11:39:00+00:00\" \/>\n<meta property=\"og:image\" content=\"https:\/\/dhg1h5j42swfq.cloudfront.net\/2025\/09\/29070252\/recepcionistas-em-ternos-elegantes-durante-o-horario-de-trabalho-scaled.jpg\" \/>\n\t<meta property=\"og:image:width\" content=\"2560\" \/>\n\t<meta property=\"og:image:height\" content=\"1707\" \/>\n\t<meta property=\"og:image:type\" content=\"image\/jpeg\" \/>\n<meta name=\"author\" content=\"Nilson Silva de Assis\" \/>\n<meta name=\"twitter:card\" content=\"summary_large_image\" \/>\n<meta name=\"twitter:creator\" content=\"@EstratConcursos\" \/>\n<meta name=\"twitter:site\" content=\"@EstratConcursos\" \/>\n<meta name=\"twitter:label1\" content=\"Escrito por\" \/>\n\t<meta name=\"twitter:data1\" content=\"Nilson Silva de Assis\" \/>\n\t<meta name=\"twitter:label2\" content=\"Est. tempo de leitura\" \/>\n\t<meta name=\"twitter:data2\" content=\"6 minutos\" \/>\n<script type=\"application\/ld+json\" class=\"yoast-schema-graph\">{\"@context\":\"https:\/\/schema.org\",\"@graph\":[{\"@type\":\"NewsArticle\",\"@id\":\"https:\/\/www.estrategiaconcursos.com.br\/blog\/resumo-sobre-servidores-publicos\/#article\",\"isPartOf\":{\"@id\":\"https:\/\/www.estrategiaconcursos.com.br\/blog\/resumo-sobre-servidores-publicos\/\"},\"author\":{\"name\":\"Nilson Silva de Assis\",\"@id\":\"https:\/\/www.estrategiaconcursos.com.br\/blog\/#\/schema\/person\/2602628e49ec93d5f782b149f91603ab\"},\"headline\":\"Resumo sobre Servidores P\u00fablicos\",\"datePublished\":\"2026-01-27T11:39:00+00:00\",\"mainEntityOfPage\":{\"@id\":\"https:\/\/www.estrategiaconcursos.com.br\/blog\/resumo-sobre-servidores-publicos\/\"},\"wordCount\":1245,\"commentCount\":0,\"publisher\":{\"@id\":\"https:\/\/www.estrategiaconcursos.com.br\/blog\/#organization\"},\"image\":{\"@id\":\"https:\/\/www.estrategiaconcursos.com.br\/blog\/resumo-sobre-servidores-publicos\/#primaryimage\"},\"thumbnailUrl\":\"https:\/\/dhg1h5j42swfq.cloudfront.net\/2025\/09\/29070252\/recepcionistas-em-ternos-elegantes-durante-o-horario-de-trabalho-scaled.jpg\",\"articleSection\":[\"Concursos P\u00fablicos\"],\"inLanguage\":\"pt-BR\",\"potentialAction\":[{\"@type\":\"CommentAction\",\"name\":\"Comment\",\"target\":[\"https:\/\/www.estrategiaconcursos.com.br\/blog\/resumo-sobre-servidores-publicos\/#respond\"]}],\"copyrightYear\":\"2026\",\"copyrightHolder\":{\"@id\":\"https:\/\/www.estrategiaconcursos.com.br\/blog\/#organization\"}},{\"@type\":\"WebPage\",\"@id\":\"https:\/\/www.estrategiaconcursos.com.br\/blog\/resumo-sobre-servidores-publicos\/\",\"url\":\"https:\/\/www.estrategiaconcursos.com.br\/blog\/resumo-sobre-servidores-publicos\/\",\"name\":\"Resumo sobre Servidores P\u00fablicos\",\"isPartOf\":{\"@id\":\"https:\/\/www.estrategiaconcursos.com.br\/blog\/#website\"},\"primaryImageOfPage\":{\"@id\":\"https:\/\/www.estrategiaconcursos.com.br\/blog\/resumo-sobre-servidores-publicos\/#primaryimage\"},\"image\":{\"@id\":\"https:\/\/www.estrategiaconcursos.com.br\/blog\/resumo-sobre-servidores-publicos\/#primaryimage\"},\"thumbnailUrl\":\"https:\/\/dhg1h5j42swfq.cloudfront.net\/2025\/09\/29070252\/recepcionistas-em-ternos-elegantes-durante-o-horario-de-trabalho-scaled.jpg\",\"datePublished\":\"2026-01-27T11:39:00+00:00\",\"description\":\"Ol\u00e1, pessoal! Tudo bem? Neste artigo, vamos trazer um resumo sobre os servidores p\u00fablicos, de modo a abordar os seus principais t\u00f3picos.\",\"breadcrumb\":{\"@id\":\"https:\/\/www.estrategiaconcursos.com.br\/blog\/resumo-sobre-servidores-publicos\/#breadcrumb\"},\"inLanguage\":\"pt-BR\",\"potentialAction\":[{\"@type\":\"ReadAction\",\"target\":[\"https:\/\/www.estrategiaconcursos.com.br\/blog\/resumo-sobre-servidores-publicos\/\"]}]},{\"@type\":\"ImageObject\",\"inLanguage\":\"pt-BR\",\"@id\":\"https:\/\/www.estrategiaconcursos.com.br\/blog\/resumo-sobre-servidores-publicos\/#primaryimage\",\"url\":\"https:\/\/dhg1h5j42swfq.cloudfront.net\/2025\/09\/29070252\/recepcionistas-em-ternos-elegantes-durante-o-horario-de-trabalho-scaled.jpg\",\"contentUrl\":\"https:\/\/dhg1h5j42swfq.cloudfront.net\/2025\/09\/29070252\/recepcionistas-em-ternos-elegantes-durante-o-horario-de-trabalho-scaled.jpg\",\"width\":2560,\"height\":1707,\"caption\":\"Permiss\u00e3o de Servi\u00e7os P\u00fablicos para Sresumo sobre servidores p\u00fablicosEFAZ-SP\"},{\"@type\":\"BreadcrumbList\",\"@id\":\"https:\/\/www.estrategiaconcursos.com.br\/blog\/resumo-sobre-servidores-publicos\/#breadcrumb\",\"itemListElement\":[{\"@type\":\"ListItem\",\"position\":1,\"name\":\"In\u00edcio\",\"item\":\"https:\/\/www.estrategiaconcursos.com.br\/blog\/\"},{\"@type\":\"ListItem\",\"position\":2,\"name\":\"Resumo sobre Servidores P\u00fablicos\"}]},{\"@type\":\"WebSite\",\"@id\":\"https:\/\/www.estrategiaconcursos.com.br\/blog\/#website\",\"url\":\"https:\/\/www.estrategiaconcursos.com.br\/blog\/\",\"name\":\"Estrat\u00e9gia Concursos\",\"description\":\"O blog da Estrat\u00e9gia Concursos traz not\u00edcias sobre concursos e artigos de professores oferecendo cursos para concursos (pdf + videaulas) no site.\",\"publisher\":{\"@id\":\"https:\/\/www.estrategiaconcursos.com.br\/blog\/#organization\"},\"potentialAction\":[{\"@type\":\"SearchAction\",\"target\":{\"@type\":\"EntryPoint\",\"urlTemplate\":\"https:\/\/www.estrategiaconcursos.com.br\/blog\/?s={search_term_string}\"},\"query-input\":{\"@type\":\"PropertyValueSpecification\",\"valueRequired\":true,\"valueName\":\"search_term_string\"}}],\"inLanguage\":\"pt-BR\"},{\"@type\":\"Organization\",\"@id\":\"https:\/\/www.estrategiaconcursos.com.br\/blog\/#organization\",\"name\":\"Estrat\u00e9gia Concursos\",\"url\":\"https:\/\/www.estrategiaconcursos.com.br\/blog\/\",\"logo\":{\"@type\":\"ImageObject\",\"inLanguage\":\"pt-BR\",\"@id\":\"https:\/\/www.estrategiaconcursos.com.br\/blog\/#\/schema\/logo\/image\/\",\"url\":\"https:\/\/dhg1h5j42swfq.cloudfront.net\/2025\/06\/03203428\/logo_concursos-1.jpg\",\"contentUrl\":\"https:\/\/dhg1h5j42swfq.cloudfront.net\/2025\/06\/03203428\/logo_concursos-1.jpg\",\"width\":230,\"height\":60,\"caption\":\"Estrat\u00e9gia Concursos\"},\"image\":{\"@id\":\"https:\/\/www.estrategiaconcursos.com.br\/blog\/#\/schema\/logo\/image\/\"},\"sameAs\":[\"https:\/\/x.com\/EstratConcursos\"]},{\"@type\":\"Person\",\"@id\":\"https:\/\/www.estrategiaconcursos.com.br\/blog\/#\/schema\/person\/2602628e49ec93d5f782b149f91603ab\",\"name\":\"Nilson Silva de Assis\",\"image\":{\"@type\":\"ImageObject\",\"inLanguage\":\"pt-BR\",\"@id\":\"https:\/\/secure.gravatar.com\/avatar\/cdec26ae7042f64d4ddcb70bcf78a4fcbc02661bfa30a7ce3d8bf515b625a75a?s=96&d=mm&r=g\",\"url\":\"https:\/\/secure.gravatar.com\/avatar\/cdec26ae7042f64d4ddcb70bcf78a4fcbc02661bfa30a7ce3d8bf515b625a75a?s=96&d=mm&r=g\",\"contentUrl\":\"https:\/\/secure.gravatar.com\/avatar\/cdec26ae7042f64d4ddcb70bcf78a4fcbc02661bfa30a7ce3d8bf515b625a75a?s=96&d=mm&r=g\",\"caption\":\"Nilson Silva de Assis\"},\"description\":\"Atualmente \u00e9 Analista Legislativo do Senado Federal e Professor do Estrat\u00e9gia Concursos. Suas principais aprova\u00e7\u00f5es: Analista Legislativo do Senado Federal; Auditor Federal de Finan\u00e7as e Controle da CGU; Auditor-Fiscal da Receita Estadual da SEFAZ ES; T\u00e9cnico Fazend\u00e1rio do ISS Manaus; Assistente Executivo em Metrologia e Qualidade do Inmetro; Agente Fazend\u00e1rio do ISS Niter\u00f3i\/RJ; Assistente Administrativo da Prefeitura do Rio (RioSa\u00fade); Assistente Administrativo da Secretaria de Administra\u00e7\u00e3o do Munic\u00edpio do RJ.\",\"sameAs\":[\"https:\/\/www.instagram.com\/nilsonassis.concursos\/\",\"kedin.com\/in\/nilson-assis-954132295\/\"],\"url\":\"https:\/\/www.estrategiaconcursos.com.br\/blog\/author\/nilson-sdeassisgmail-com\/\"}]}<\/script>\n<!-- \/ Yoast SEO Premium plugin. -->","yoast_head_json":{"title":"Resumo sobre Servidores P\u00fablicos","description":"Ol\u00e1, pessoal! Tudo bem? Neste artigo, vamos trazer um resumo sobre os servidores p\u00fablicos, de modo a abordar os seus principais t\u00f3picos.","robots":{"index":"index","follow":"follow","max-snippet":"max-snippet:-1","max-image-preview":"max-image-preview:large","max-video-preview":"max-video-preview:-1"},"canonical":"https:\/\/www.estrategiaconcursos.com.br\/blog\/resumo-sobre-servidores-publicos\/","og_locale":"pt_BR","og_type":"article","og_title":"Resumo sobre Servidores P\u00fablicos","og_description":"Ol\u00e1, pessoal! Tudo bem? Neste artigo, vamos trazer um resumo sobre os servidores p\u00fablicos, de modo a abordar os seus principais t\u00f3picos.","og_url":"https:\/\/www.estrategiaconcursos.com.br\/blog\/resumo-sobre-servidores-publicos\/","og_site_name":"Estrat\u00e9gia Concursos","article_published_time":"2026-01-27T11:39:00+00:00","og_image":[{"width":2560,"height":1707,"url":"https:\/\/dhg1h5j42swfq.cloudfront.net\/2025\/09\/29070252\/recepcionistas-em-ternos-elegantes-durante-o-horario-de-trabalho-scaled.jpg","type":"image\/jpeg"}],"author":"Nilson Silva de Assis","twitter_card":"summary_large_image","twitter_creator":"@EstratConcursos","twitter_site":"@EstratConcursos","twitter_misc":{"Escrito por":"Nilson Silva de Assis","Est. tempo de leitura":"6 minutos"},"schema":{"@context":"https:\/\/schema.org","@graph":[{"@type":"NewsArticle","@id":"https:\/\/www.estrategiaconcursos.com.br\/blog\/resumo-sobre-servidores-publicos\/#article","isPartOf":{"@id":"https:\/\/www.estrategiaconcursos.com.br\/blog\/resumo-sobre-servidores-publicos\/"},"author":{"name":"Nilson Silva de Assis","@id":"https:\/\/www.estrategiaconcursos.com.br\/blog\/#\/schema\/person\/2602628e49ec93d5f782b149f91603ab"},"headline":"Resumo sobre Servidores P\u00fablicos","datePublished":"2026-01-27T11:39:00+00:00","mainEntityOfPage":{"@id":"https:\/\/www.estrategiaconcursos.com.br\/blog\/resumo-sobre-servidores-publicos\/"},"wordCount":1245,"commentCount":0,"publisher":{"@id":"https:\/\/www.estrategiaconcursos.com.br\/blog\/#organization"},"image":{"@id":"https:\/\/www.estrategiaconcursos.com.br\/blog\/resumo-sobre-servidores-publicos\/#primaryimage"},"thumbnailUrl":"https:\/\/dhg1h5j42swfq.cloudfront.net\/2025\/09\/29070252\/recepcionistas-em-ternos-elegantes-durante-o-horario-de-trabalho-scaled.jpg","articleSection":["Concursos P\u00fablicos"],"inLanguage":"pt-BR","potentialAction":[{"@type":"CommentAction","name":"Comment","target":["https:\/\/www.estrategiaconcursos.com.br\/blog\/resumo-sobre-servidores-publicos\/#respond"]}],"copyrightYear":"2026","copyrightHolder":{"@id":"https:\/\/www.estrategiaconcursos.com.br\/blog\/#organization"}},{"@type":"WebPage","@id":"https:\/\/www.estrategiaconcursos.com.br\/blog\/resumo-sobre-servidores-publicos\/","url":"https:\/\/www.estrategiaconcursos.com.br\/blog\/resumo-sobre-servidores-publicos\/","name":"Resumo sobre Servidores P\u00fablicos","isPartOf":{"@id":"https:\/\/www.estrategiaconcursos.com.br\/blog\/#website"},"primaryImageOfPage":{"@id":"https:\/\/www.estrategiaconcursos.com.br\/blog\/resumo-sobre-servidores-publicos\/#primaryimage"},"image":{"@id":"https:\/\/www.estrategiaconcursos.com.br\/blog\/resumo-sobre-servidores-publicos\/#primaryimage"},"thumbnailUrl":"https:\/\/dhg1h5j42swfq.cloudfront.net\/2025\/09\/29070252\/recepcionistas-em-ternos-elegantes-durante-o-horario-de-trabalho-scaled.jpg","datePublished":"2026-01-27T11:39:00+00:00","description":"Ol\u00e1, pessoal! Tudo bem? Neste artigo, vamos trazer um resumo sobre os servidores p\u00fablicos, de modo a abordar os seus principais t\u00f3picos.","breadcrumb":{"@id":"https:\/\/www.estrategiaconcursos.com.br\/blog\/resumo-sobre-servidores-publicos\/#breadcrumb"},"inLanguage":"pt-BR","potentialAction":[{"@type":"ReadAction","target":["https:\/\/www.estrategiaconcursos.com.br\/blog\/resumo-sobre-servidores-publicos\/"]}]},{"@type":"ImageObject","inLanguage":"pt-BR","@id":"https:\/\/www.estrategiaconcursos.com.br\/blog\/resumo-sobre-servidores-publicos\/#primaryimage","url":"https:\/\/dhg1h5j42swfq.cloudfront.net\/2025\/09\/29070252\/recepcionistas-em-ternos-elegantes-durante-o-horario-de-trabalho-scaled.jpg","contentUrl":"https:\/\/dhg1h5j42swfq.cloudfront.net\/2025\/09\/29070252\/recepcionistas-em-ternos-elegantes-durante-o-horario-de-trabalho-scaled.jpg","width":2560,"height":1707,"caption":"Permiss\u00e3o de Servi\u00e7os P\u00fablicos para Sresumo sobre servidores p\u00fablicosEFAZ-SP"},{"@type":"BreadcrumbList","@id":"https:\/\/www.estrategiaconcursos.com.br\/blog\/resumo-sobre-servidores-publicos\/#breadcrumb","itemListElement":[{"@type":"ListItem","position":1,"name":"In\u00edcio","item":"https:\/\/www.estrategiaconcursos.com.br\/blog\/"},{"@type":"ListItem","position":2,"name":"Resumo sobre Servidores P\u00fablicos"}]},{"@type":"WebSite","@id":"https:\/\/www.estrategiaconcursos.com.br\/blog\/#website","url":"https:\/\/www.estrategiaconcursos.com.br\/blog\/","name":"Estrat\u00e9gia Concursos","description":"O blog da Estrat\u00e9gia Concursos traz not\u00edcias sobre concursos e artigos de professores oferecendo cursos para concursos (pdf + videaulas) no site.","publisher":{"@id":"https:\/\/www.estrategiaconcursos.com.br\/blog\/#organization"},"potentialAction":[{"@type":"SearchAction","target":{"@type":"EntryPoint","urlTemplate":"https:\/\/www.estrategiaconcursos.com.br\/blog\/?s={search_term_string}"},"query-input":{"@type":"PropertyValueSpecification","valueRequired":true,"valueName":"search_term_string"}}],"inLanguage":"pt-BR"},{"@type":"Organization","@id":"https:\/\/www.estrategiaconcursos.com.br\/blog\/#organization","name":"Estrat\u00e9gia Concursos","url":"https:\/\/www.estrategiaconcursos.com.br\/blog\/","logo":{"@type":"ImageObject","inLanguage":"pt-BR","@id":"https:\/\/www.estrategiaconcursos.com.br\/blog\/#\/schema\/logo\/image\/","url":"https:\/\/dhg1h5j42swfq.cloudfront.net\/2025\/06\/03203428\/logo_concursos-1.jpg","contentUrl":"https:\/\/dhg1h5j42swfq.cloudfront.net\/2025\/06\/03203428\/logo_concursos-1.jpg","width":230,"height":60,"caption":"Estrat\u00e9gia Concursos"},"image":{"@id":"https:\/\/www.estrategiaconcursos.com.br\/blog\/#\/schema\/logo\/image\/"},"sameAs":["https:\/\/x.com\/EstratConcursos"]},{"@type":"Person","@id":"https:\/\/www.estrategiaconcursos.com.br\/blog\/#\/schema\/person\/2602628e49ec93d5f782b149f91603ab","name":"Nilson Silva de Assis","image":{"@type":"ImageObject","inLanguage":"pt-BR","@id":"https:\/\/secure.gravatar.com\/avatar\/cdec26ae7042f64d4ddcb70bcf78a4fcbc02661bfa30a7ce3d8bf515b625a75a?s=96&d=mm&r=g","url":"https:\/\/secure.gravatar.com\/avatar\/cdec26ae7042f64d4ddcb70bcf78a4fcbc02661bfa30a7ce3d8bf515b625a75a?s=96&d=mm&r=g","contentUrl":"https:\/\/secure.gravatar.com\/avatar\/cdec26ae7042f64d4ddcb70bcf78a4fcbc02661bfa30a7ce3d8bf515b625a75a?s=96&d=mm&r=g","caption":"Nilson Silva de Assis"},"description":"Atualmente \u00e9 Analista Legislativo do Senado Federal e Professor do Estrat\u00e9gia Concursos. Suas principais aprova\u00e7\u00f5es: Analista Legislativo do Senado Federal; Auditor Federal de Finan\u00e7as e Controle da CGU; Auditor-Fiscal da Receita Estadual da SEFAZ ES; T\u00e9cnico Fazend\u00e1rio do ISS Manaus; Assistente Executivo em Metrologia e Qualidade do Inmetro; Agente Fazend\u00e1rio do ISS Niter\u00f3i\/RJ; Assistente Administrativo da Prefeitura do Rio (RioSa\u00fade); Assistente Administrativo da Secretaria de Administra\u00e7\u00e3o do Munic\u00edpio do RJ.","sameAs":["https:\/\/www.instagram.com\/nilsonassis.concursos\/","kedin.com\/in\/nilson-assis-954132295\/"],"url":"https:\/\/www.estrategiaconcursos.com.br\/blog\/author\/nilson-sdeassisgmail-com\/"}]}},"_links":{"self":[{"href":"https:\/\/www.estrategiaconcursos.com.br\/blog\/wp-json\/wp\/v2\/posts\/1697161","targetHints":{"allow":["GET"]}}],"collection":[{"href":"https:\/\/www.estrategiaconcursos.com.br\/blog\/wp-json\/wp\/v2\/posts"}],"about":[{"href":"https:\/\/www.estrategiaconcursos.com.br\/blog\/wp-json\/wp\/v2\/types\/post"}],"author":[{"embeddable":true,"href":"https:\/\/www.estrategiaconcursos.com.br\/blog\/wp-json\/wp\/v2\/users\/2894"}],"replies":[{"embeddable":true,"href":"https:\/\/www.estrategiaconcursos.com.br\/blog\/wp-json\/wp\/v2\/comments?post=1697161"}],"version-history":[{"count":7,"href":"https:\/\/www.estrategiaconcursos.com.br\/blog\/wp-json\/wp\/v2\/posts\/1697161\/revisions"}],"predecessor-version":[{"id":1697183,"href":"https:\/\/www.estrategiaconcursos.com.br\/blog\/wp-json\/wp\/v2\/posts\/1697161\/revisions\/1697183"}],"wp:featuredmedia":[{"embeddable":true,"href":"https:\/\/www.estrategiaconcursos.com.br\/blog\/wp-json\/wp\/v2\/media\/1645996"}],"wp:attachment":[{"href":"https:\/\/www.estrategiaconcursos.com.br\/blog\/wp-json\/wp\/v2\/media?parent=1697161"}],"wp:term":[{"taxonomy":"category","embeddable":true,"href":"https:\/\/www.estrategiaconcursos.com.br\/blog\/wp-json\/wp\/v2\/categories?post=1697161"},{"taxonomy":"post_tag","embeddable":true,"href":"https:\/\/www.estrategiaconcursos.com.br\/blog\/wp-json\/wp\/v2\/tags?post=1697161"},{"taxonomy":"tax_estado","embeddable":true,"href":"https:\/\/www.estrategiaconcursos.com.br\/blog\/wp-json\/wp\/v2\/tax_estado?post=1697161"}],"curies":[{"name":"wp","href":"https:\/\/api.w.org\/{rel}","templated":true}]}}