{"id":1697019,"date":"2026-01-26T14:52:00","date_gmt":"2026-01-26T17:52:00","guid":{"rendered":"https:\/\/www.estrategiaconcursos.com.br\/blog\/?p=1697019"},"modified":"2026-01-19T15:43:50","modified_gmt":"2026-01-19T18:43:50","slug":"resumo-sobre-recurso-extraordinario","status":"publish","type":"post","link":"https:\/\/www.estrategiaconcursos.com.br\/blog\/resumo-sobre-recurso-extraordinario\/","title":{"rendered":"Resumo sobre o Recurso Extraordin\u00e1rio"},"content":{"rendered":"\n<p>Ol\u00e1, tudo bem? Hoje faremos um resumo voltado para concursos p\u00fablicos tratando sobre o Recurso Extraordin\u00e1rio (RExt), importante esp\u00e9cie recursal prevista na pr\u00f3pria Constitui\u00e7\u00e3o Federal (CF\/88).<\/p>\n\n\n\n<p>De in\u00edcio, faremos uma breve abordagem sobre sua previs\u00e3o no ordenamento jur\u00eddico, bem como sobre a compet\u00eancia para julgamento. Na sequ\u00eancia, abordaremos as hip\u00f3teses de cabimento e seus requisitos diferenciados de admissibilidade.<\/p>\n\n\n\n<p>Vamos ao que interessa!<\/p>\n\n\n\n<figure class=\"wp-block-image aligncenter size-large\"><img loading=\"lazy\" decoding=\"async\" width=\"1024\" height=\"717\" src=\"https:\/\/dhg1h5j42swfq.cloudfront.net\/2026\/01\/10081359\/advogado-trabalhar-num-documento-com-balancas-de-justica-1024x717.jpg\" alt=\"Resumo sobre o Recurso Extraordin\u00e1rio\" class=\"wp-image-1697021\" srcset=\"https:\/\/dhg1h5j42swfq.cloudfront.net\/2026\/01\/10081359\/advogado-trabalhar-num-documento-com-balancas-de-justica-1024x717.jpg 1024w, https:\/\/dhg1h5j42swfq.cloudfront.net\/2026\/01\/10081359\/advogado-trabalhar-num-documento-com-balancas-de-justica-300x210.jpg 300w, https:\/\/dhg1h5j42swfq.cloudfront.net\/2026\/01\/10081359\/advogado-trabalhar-num-documento-com-balancas-de-justica-768x538.jpg 768w, https:\/\/dhg1h5j42swfq.cloudfront.net\/2026\/01\/10081359\/advogado-trabalhar-num-documento-com-balancas-de-justica-1536x1075.jpg 1536w, https:\/\/dhg1h5j42swfq.cloudfront.net\/2026\/01\/10081359\/advogado-trabalhar-num-documento-com-balancas-de-justica-2048x1434.jpg 2048w, https:\/\/dhg1h5j42swfq.cloudfront.net\/2026\/01\/10081359\/advogado-trabalhar-num-documento-com-balancas-de-justica-150x105.jpg 150w\" sizes=\"auto, (max-width: 1024px) 100vw, 1024px\" \/><figcaption class=\"wp-element-caption\">Resumo sobre o Recurso Extraordin\u00e1rio<\/figcaption><\/figure>\n\n\n\n<div class=\"wp-block-yoast-seo-table-of-contents yoast-table-of-contents\"><h2><mark style=\"background-color:rgba(0, 0, 0, 0);color:#0693e3\" class=\"has-inline-color\">Tabela de conte\u00fados<\/mark><\/h2><ul><li><a href=\"#h-resumo-sobre-o-recurso-extraordinario\" data-level=\"2\">Resumo sobre o Recurso Extraordin\u00e1rio<\/a><ul><li><a href=\"#h-previsao-constitucional-legal-e-competencia-nbsp\" data-level=\"3\">Previs\u00e3o constitucional, legal e compet\u00eancia\u00a0<\/a><\/li><li><a href=\"#h-hipoteses-de-cabimento-do-recurso-extraordinario\" data-level=\"3\">Hip\u00f3teses de cabimento do Recurso Extraordin\u00e1rio<\/a><\/li><li><a href=\"#h-repercussao-geral-e-prequestionamento-no-rext\" data-level=\"3\">Repercuss\u00e3o Geral e Prequestionamento no RExt<\/a><\/li><\/ul><\/li><li><a href=\"#h-consideracoes-finais\" data-level=\"2\">Considera\u00e7\u00f5es finais<\/a><\/li><li><a href=\"#h-quer-saber-tudo-sobre-concursos-previstos-confira-nossos-artigos\" data-level=\"2\">Quer saber tudo sobre concursos previstos? Confira nossos artigos!<\/a><\/li><\/ul><\/div>\n\n\n\n<h2 class=\"wp-block-heading has-vivid-cyan-blue-color has-text-color has-link-color wp-elements-c3a57984a1537c002ccc0a8a2d1b080d\" id=\"h-resumo-sobre-o-recurso-extraordinario\"><strong>Resumo sobre o Recurso Extraordin\u00e1rio<\/strong><\/h2>\n\n\n\n<h3 class=\"wp-block-heading has-vivid-cyan-blue-color has-text-color has-link-color wp-elements-4a43dee946e0cd64ef8fa4a25a427e51\" id=\"h-previsao-constitucional-legal-e-competencia-nbsp\"><strong>Previs\u00e3o constitucional, legal e compet\u00eancia&nbsp;<\/strong><\/h3>\n\n\n\n<p>O Recurso Extraordin\u00e1rio \u00e9 uma esp\u00e9cie recursal prevista na pr\u00f3pria Constitui\u00e7\u00e3o Federal de 1988, a qual, em seu artigo 102, inciso III, assim disp\u00f5e:<\/p>\n\n\n\n<div class=\"wp-block-group has-black-color has-text-color has-background has-link-color wp-elements-6f9ee17206e164a2b8dd60b232d770bf has-global-padding is-layout-constrained wp-block-group-is-layout-constrained\" style=\"background-color:#8dd2fc40\">\n<p>Art. 102. <strong>Compete ao Supremo Tribunal Federal,<\/strong> precipuamente, a guarda da Constitui\u00e7\u00e3o, cabendo-lhe:<\/p>\n\n\n\n<p><strong>III &#8211; julgar, mediante recurso extraordin\u00e1rio, <\/strong>as causas decididas em \u00fanica ou \u00faltima inst\u00e2ncia, quando a decis\u00e3o recorrida:<\/p>\n\n\n\n<p>a) contrariar dispositivo desta Constitui\u00e7\u00e3o;<\/p>\n\n\n\n<p>b) declarar a inconstitucionalidade de tratado ou lei federal;<\/p>\n\n\n\n<p>c) julgar v\u00e1lida lei ou ato de governo local contestado em face desta Constitui\u00e7\u00e3o.<\/p>\n\n\n\n<p>d) julgar v\u00e1lida lei local contestada em face de lei federal.&nbsp;<\/p>\n\n\n\n<p>(&#8230;)<\/p>\n<\/div>\n\n\n\n<p>Antes de comentarmos as hip\u00f3teses em que o RExt poder\u00e1 ser utilizado, \u00e9 necess\u00e1rio perceber que o \u00f3rg\u00e3o judicial respons\u00e1vel por seu julgamento \u00e9 o Supremo Tribunal Federal (STF), ou seja, o \u00f3rg\u00e3o judicial m\u00e1ximo no ordenamento jur\u00eddico brasileiro.<\/p>\n\n\n\n<p>E \u00e9 necess\u00e1rio que seja o STF que julgue o Recurso Extraordin\u00e1rio justamente porque, como veremos a seguir, suas hip\u00f3teses levam em conta decis\u00e3o judicial de \u00f3rg\u00e3o inferior que possa contraria de algum modo a Constitui\u00e7\u00e3o Federal.<\/p>\n\n\n\n<p>Assim, como ao STF compete a guarda da Constitui\u00e7\u00e3o em todos os seus termos, nada mais razo\u00e1vel que seja ele o \u00f3rg\u00e3o respons\u00e1vel pelo julgamento de todos os Recursos Extraordin\u00e1rios e o controle da regularidade das decis\u00f5es judiciais nesse sentido.<\/p>\n\n\n\n<p>Por fim, \u00e9 importante destacar que, em n\u00edvel infraconstitucional, o C\u00f3digo de Processo Civil de 2015 \u00e9 o respons\u00e1vel por regular o recurso extraordin\u00e1rio, vide seus <a href=\"https:\/\/www.planalto.gov.br\/ccivil_03\/_Ato2015-2018\/2015\/Lei\/L13105compilada.htm#:~:text=Se%C3%A7%C3%A3o%20II%0ADo%20Recurso%20Extraordin%C3%A1rio\">artigos 1.029 a 1.035<\/a>.<\/p>\n\n\n\n<h3 class=\"wp-block-heading has-vivid-cyan-blue-color has-text-color has-link-color wp-elements-ee6eb4a5137dd3be6633c208575c9c9d\" id=\"h-hipoteses-de-cabimento-do-recurso-extraordinario\"><strong>Hip\u00f3teses de cabimento do Recurso Extraordin\u00e1rio<\/strong><\/h3>\n\n\n\n<p>Quando lemos o inciso III, podemos notar que ali fala que o Recurso Extraordin\u00e1rio poder\u00e1 ser interposto contra decis\u00f5es que sejam proferidas em <strong>\u201c\u00fanica ou \u00faltima inst\u00e2ncia\u201d<\/strong>.&nbsp;<\/p>\n\n\n\n<p>Isso significa dizer que n\u00e3o importa se o \u00f3rg\u00e3o judicial inferior proferiu a decis\u00e3o em compet\u00eancia origin\u00e1ria ou j\u00e1 em grau de recurso; isso \u00e9 indiferente para o cabimento do RExt.&nbsp;<\/p>\n\n\n\n<p>Dito isso, podemos verificar no dispositivo acima colacionado que a <strong>primeira hip\u00f3tese de cabimento<\/strong> \u00e9 quando a decis\u00e3o recorrida <strong>contraria dispositivo da Constitui\u00e7\u00e3o.<\/strong><\/p>\n\n\n\n<p>Exemplo: imagine que uma decis\u00e3o judicial seja proferida com base no entendimento de que determinado ato administrativo pode criar obriga\u00e7\u00e3o para os administrados. Isso afrontaria diretamente o art. 5\u00ba, inciso II, da CF, que disp\u00f5e que ningu\u00e9m ser\u00e1 obrigado a fazer ou deixar de fazer alguma coisa sen\u00e3o em virtude de lei.<\/p>\n\n\n\n<p>A <strong>segunda hip\u00f3tese<\/strong> de cabimento do RExt \u00e9 quando a decis\u00e3o judicial recorrida declarar a inconstitucionalidade de tratado ou lei federal.&nbsp;<\/p>\n\n\n\n<p>Assim, como a decis\u00e3o de declara\u00e7\u00e3o de inconstitucionalidade leva como par\u00e2metro justamente a Constitui\u00e7\u00e3o Federal, o STF poder\u00e1 ser provocado por meio do Recurso Extraordin\u00e1rio a analisar se a declara\u00e7\u00e3o de inconstitucionalidade est\u00e1 correta.<\/p>\n\n\n\n<p>A <strong>terceira hip\u00f3tese<\/strong> de cabimento trata dos casos em que decis\u00e3o judicial julgar v\u00e1lida lei ou ato de governo local contestado em face desta Constitui\u00e7\u00e3o.&nbsp;<\/p>\n\n\n\n<p>Exemplo: imagine que uma lei estadual crie um novo tipo de crime no estado do Esp\u00edrito Santo e o Tribunal de Justi\u00e7a do ES entenda que ela \u00e9 uma lei v\u00e1lida. Contra essa decis\u00e3o que julgou v\u00e1lida a lei estadual caber\u00e1 recurso extraordin\u00e1rio alegando, por exemplo, que compete privativamente \u00e0 Uni\u00e3o legislar sobre direito penal (art. 22, I, CF).<\/p>\n\n\n\n<p>A <strong>quarta hip\u00f3tese <\/strong>de cabimento do RExt \u00e9 a de decis\u00e3o judicial que julga v\u00e1lida lei local contestada em face de lei federal.&nbsp;<\/p>\n\n\n\n<p>Exemplo: A Lei Federal n.\u00ba 8.078\/1990 (C\u00f3digo de Defesa do Consumidor) disp\u00f5e em seu artigo 39, inciso I, que \u00e9 proibida a chamada \u201cvenda casada\u201d de produtos ou servi\u00e7os. Agora imagine que uma lei estadual do Rio Grande do Sul disponha que, naquele Estado, \u00e9 permitida essa pr\u00e1tica. Caso uma decis\u00e3o judicial julgue v\u00e1lida essa lei local em face da lei federal, caber\u00e1 Recurso Extraordin\u00e1rio para o STF.<\/p>\n\n\n\n<p>Sobre essa \u00faltima hip\u00f3tese da al\u00ednea \u201cd\u201d, o STF entende que o recurso extraordin\u00e1rio s\u00f3 ser\u00e1 admitido se for comprovada a ocorr\u00eancia de conflito de compet\u00eancia legislativa entre os entes da Federa\u00e7\u00e3o.<\/p>\n\n\n\n<h3 class=\"wp-block-heading has-vivid-cyan-blue-color has-text-color has-link-color wp-elements-3b2c93d115623751b221b699d56b797b\" id=\"h-repercussao-geral-e-prequestionamento-no-rext\"><strong>Repercuss\u00e3o Geral e Prequestionamento no RExt<\/strong><\/h3>\n\n\n\n<p>Para al\u00e9m de ser necess\u00e1rio a decis\u00e3o judicial estar enquadrada nas hip\u00f3teses acima, tamb\u00e9m ser\u00e1 necess\u00e1rio para que o recurso extraordin\u00e1rio seja admitido outros dois requisitos, quais sejam: a repercuss\u00e3o geral e o prequestionamento.<\/p>\n\n\n\n<h4 class=\"wp-block-heading has-vivid-cyan-blue-color has-text-color has-link-color wp-elements-75753dda0762f558b671ff8fb7581ecf\"><strong>Demonstra\u00e7\u00e3o de repercuss\u00e3o geral<\/strong><\/h4>\n\n\n\n<p>\u00c9 necess\u00e1rio demonstrar que o que ser\u00e1 debatido no recurso extraordin\u00e1rio possui uma relev\u00e2ncia jur\u00eddica-social que justifique uma nova an\u00e1lise do tema, agora pela Corte Constitucional do Pa\u00eds, n\u00e3o se limitando apenas ao interesse das partes.<\/p>\n\n\n\n<p>Nesse sentido, o artigo 1.035, \u00a7 1\u00ba, do C\u00f3digo de Processo Civil, haver\u00e1 repercuss\u00e3o geral quando no Recurso Extraordin\u00e1rio forem discutidas quest\u00f5es relevantes do ponto de vista <strong>econ\u00f4mico, pol\u00edtico, social ou jur\u00eddico<\/strong> que ultrapassem os interesses subjetivos do processo.<\/p>\n\n\n\n<p>O \u00a7 3\u00ba do mesmo dispositivo legal afirma que haver\u00e1 repercuss\u00e3o geral sempre que o recurso impugnar ac\u00f3rd\u00e3o que contrarie s\u00famula ou jurisprud\u00eancia dominante do STF; ou que tenha reconhecido a inconstitucionalidade de tratado ou de lei federal, nos termos do art. 97 da CF.<\/p>\n\n\n\n<h4 class=\"wp-block-heading has-vivid-cyan-blue-color has-text-color has-link-color wp-elements-40f8794cdcb426c01e3d398737cabc12\"><strong>Demonstra\u00e7\u00e3o do prequestionamento<\/strong><\/h4>\n\n\n\n<p>Prequestionar determinado tema significa ter levado determinado assunto \u00e0 discuss\u00e3o judicial antes de chegar no STF.&nbsp;<\/p>\n\n\n\n<p>Isso porque, como em Recurso Extraordin\u00e1rio estamos, por \u00f3bvio, em grau recursal, n\u00e3o seria poss\u00edvel que o STF analisasse diretamente uma quest\u00e3o sem que nenhum outro \u00f3rg\u00e3o judicial a tivesse analisado anteriormente.&nbsp;<\/p>\n\n\n\n<p>Assim, ainda que de forma impl\u00edcita, deve ser feito o prequestionamento da quest\u00e3o jur\u00eddica a ser levada at\u00e9 o STF por meio de RExt.&nbsp;<\/p>\n\n\n\n<p>Nesse sentido, a S\u00famula 356 do STF afirma que <em>\u201co ponto omisso da decis\u00e3o, sobre o qual n\u00e3o foram opostos embargos declarat\u00f3rios, n\u00e3o pode ser objeto de recurso extraordin\u00e1rio, por faltar o requisito do prequestionamento\u201d.<\/em><\/p>\n\n\n\n<h2 class=\"wp-block-heading has-vivid-cyan-blue-color has-text-color has-link-color wp-elements-68a1d16e75a8f2ca7474c8c856b331d5\" id=\"h-consideracoes-finais\"><strong>Considera\u00e7\u00f5es finais<\/strong><\/h2>\n\n\n\n<p>Portanto, pessoal, esse foi nosso resumo sobre o Recurso Extraordin\u00e1rio (RExt), esp\u00e9cie recursal prevista na pr\u00f3pria Constitui\u00e7\u00e3o Federal.<\/p>\n\n\n\n<p>Como visto, o Recurso Extraordin\u00e1rio \u00e9 uma esp\u00e9cie recursal que visa a assegurar a compatibilidade das decis\u00f5es judiciais com a Constitui\u00e7\u00e3o Federal, sendo seu julgamento de compet\u00eancia do pr\u00f3prio Supremo Tribunal Federal nas hip\u00f3teses do inciso III do artigo 102 da CF\/88.<\/p>\n\n\n\n<p>Nosso tempo aqui \u00e9 breve e n\u00e3o conseguimos, claro, esgotar o assunto. Portanto, n\u00e3o deixe de revisar o tema em seu material de estudo e praticar com diversas quest\u00f5es.<\/p>\n\n\n\n<p>At\u00e9 a pr\u00f3xima!<\/p>\n\n\n\n<figure class=\"wp-block-image aligncenter size-large is-resized\"><img decoding=\"async\" src=\"https:\/\/dhg1h5j42swfq.cloudfront.net\/2020\/09\/18141901\/Coruja_Concursos%404x-506x1024.png\" alt=\"Concursos 2024 Estrat\u00e9gia Concursos\" class=\"wp-image-574355\" style=\"aspect-ratio:0.5;width:30px;height:auto\"\/><\/figure>\n\n\n\n<h2 class=\"wp-block-heading has-text-align-center\" id=\"h-quer-saber-tudo-sobre-concursos-previstos-confira-nossos-artigos\">Quer saber tudo sobre concursos previstos?<br \/>Confira nossos artigos!<\/h2>\n\n\n\n<ul class=\"wp-block-list\">\n<li><a href=\"https:\/\/www.estrategiaconcursos.com.br\/blog\/concursos-abertos\/\" target=\"_blank\" rel=\"noreferrer noopener\">Concursos Abertos<\/a><\/li>\n\n\n\n<li><a href=\"https:\/\/www.estrategiaconcursos.com.br\/blog\/concursos-2026\/\" target=\"_blank\" rel=\"noreferrer noopener\">Concursos 2026<\/a><\/li>\n<\/ul>\n\n\n\n<div class=\"container\" id=\"boxes\">\n  <div class=\"row\">\n\n    <div class=\"col-sm\">\n      <div class=\"estrategia\" id=\"box-assinatura\">\n        <h3 class=\"titulo-assinatura\">Assinatura Concursos<\/h3>\n        <p class=\"subtitulo-assinatura\">Assinatura de 1 ano ou 2 anos<\/p>\n        <div class=\"box-botao\">\n          <a class=\"btn-assinatura\" target=\"_blank\" href=\"https:\/\/www.estrategiaconcursos.com.br\/assinaturas\/\" role=\"button\" rel=\"noopener noreferrer\">ASSINE AGORA<\/a>\n        <\/div>\n      <\/div><\/div><\/div><\/div>\n","protected":false},"excerpt":{"rendered":"<p>Ol\u00e1, tudo bem? Hoje faremos um resumo voltado para concursos p\u00fablicos tratando sobre o Recurso Extraordin\u00e1rio (RExt), importante esp\u00e9cie recursal prevista na pr\u00f3pria Constitui\u00e7\u00e3o Federal (CF\/88). De in\u00edcio, faremos uma breve abordagem sobre sua previs\u00e3o no ordenamento jur\u00eddico, bem como sobre a compet\u00eancia para julgamento. Na sequ\u00eancia, abordaremos as hip\u00f3teses de cabimento e seus requisitos [&hellip;]<\/p>\n","protected":false},"author":2567,"featured_media":1697021,"comment_status":"open","ping_status":"closed","sticky":false,"template":"","format":"standard","meta":{"post_tipo":"article","footnotes":""},"categories":[1],"tags":[],"tax_estado":[222299],"class_list":["post-1697019","post","type-post","status-publish","format-standard","has-post-thumbnail","hentry","category-cursos-e-concursos","tax_estado-sem-estado-definido"],"acf":[],"yoast_head":"<!-- This site is optimized with the Yoast SEO Premium plugin v27.2 (Yoast SEO v27.2) - https:\/\/yoast.com\/product\/yoast-seo-premium-wordpress\/ -->\n<title>Resumo sobre o Recurso Extraordin\u00e1rio<\/title>\n<meta name=\"description\" content=\"Resumo sobre o Recurso Extraordin\u00e1rio (RExt), esp\u00e9cie recursal prevista na pr\u00f3pria Constitui\u00e7\u00e3o Federal (artigo 102, inciso III).\" \/>\n<meta name=\"robots\" content=\"index, follow, max-snippet:-1, max-image-preview:large, max-video-preview:-1\" \/>\n<link rel=\"canonical\" href=\"https:\/\/www.estrategiaconcursos.com.br\/blog\/resumo-sobre-recurso-extraordinario\/\" \/>\n<meta property=\"og:locale\" content=\"pt_BR\" \/>\n<meta property=\"og:type\" content=\"article\" \/>\n<meta property=\"og:title\" content=\"Resumo sobre o Recurso Extraordin\u00e1rio\" \/>\n<meta property=\"og:description\" content=\"Resumo sobre o Recurso Extraordin\u00e1rio (RExt), esp\u00e9cie recursal prevista na pr\u00f3pria Constitui\u00e7\u00e3o Federal (artigo 102, inciso III).\" \/>\n<meta property=\"og:url\" content=\"https:\/\/www.estrategiaconcursos.com.br\/blog\/resumo-sobre-recurso-extraordinario\/\" \/>\n<meta property=\"og:site_name\" content=\"Estrat\u00e9gia Concursos\" \/>\n<meta property=\"article:published_time\" content=\"2026-01-26T17:52:00+00:00\" \/>\n<meta property=\"og:image\" content=\"https:\/\/dhg1h5j42swfq.cloudfront.net\/2026\/01\/10081359\/advogado-trabalhar-num-documento-com-balancas-de-justica-scaled.jpg\" \/>\n\t<meta property=\"og:image:width\" content=\"2560\" \/>\n\t<meta property=\"og:image:height\" content=\"1792\" \/>\n\t<meta property=\"og:image:type\" content=\"image\/jpeg\" \/>\n<meta name=\"author\" content=\"Frederico Tadeu Borlot Peixoto\" \/>\n<meta name=\"twitter:card\" content=\"summary_large_image\" \/>\n<meta name=\"twitter:creator\" content=\"@EstratConcursos\" \/>\n<meta name=\"twitter:site\" content=\"@EstratConcursos\" \/>\n<meta name=\"twitter:label1\" content=\"Escrito por\" \/>\n\t<meta name=\"twitter:data1\" content=\"Frederico Tadeu Borlot Peixoto\" \/>\n\t<meta name=\"twitter:label2\" content=\"Est. tempo de leitura\" \/>\n\t<meta name=\"twitter:data2\" content=\"6 minutos\" \/>\n<script type=\"application\/ld+json\" class=\"yoast-schema-graph\">{\"@context\":\"https:\/\/schema.org\",\"@graph\":[{\"@type\":\"NewsArticle\",\"@id\":\"https:\/\/www.estrategiaconcursos.com.br\/blog\/resumo-sobre-recurso-extraordinario\/#article\",\"isPartOf\":{\"@id\":\"https:\/\/www.estrategiaconcursos.com.br\/blog\/resumo-sobre-recurso-extraordinario\/\"},\"author\":{\"name\":\"Frederico Tadeu Borlot Peixoto\",\"@id\":\"https:\/\/www.estrategiaconcursos.com.br\/blog\/#\/schema\/person\/48a7e085e45aee7c3d4596399af50ebb\"},\"headline\":\"Resumo sobre o Recurso Extraordin\u00e1rio\",\"datePublished\":\"2026-01-26T17:52:00+00:00\",\"mainEntityOfPage\":{\"@id\":\"https:\/\/www.estrategiaconcursos.com.br\/blog\/resumo-sobre-recurso-extraordinario\/\"},\"wordCount\":1297,\"commentCount\":0,\"publisher\":{\"@id\":\"https:\/\/www.estrategiaconcursos.com.br\/blog\/#organization\"},\"image\":{\"@id\":\"https:\/\/www.estrategiaconcursos.com.br\/blog\/resumo-sobre-recurso-extraordinario\/#primaryimage\"},\"thumbnailUrl\":\"https:\/\/dhg1h5j42swfq.cloudfront.net\/2026\/01\/10081359\/advogado-trabalhar-num-documento-com-balancas-de-justica-scaled.jpg\",\"articleSection\":[\"Concursos P\u00fablicos\"],\"inLanguage\":\"pt-BR\",\"potentialAction\":[{\"@type\":\"CommentAction\",\"name\":\"Comment\",\"target\":[\"https:\/\/www.estrategiaconcursos.com.br\/blog\/resumo-sobre-recurso-extraordinario\/#respond\"]}],\"copyrightYear\":\"2026\",\"copyrightHolder\":{\"@id\":\"https:\/\/www.estrategiaconcursos.com.br\/blog\/#organization\"},\"accessibilityFeature\":[\"tableOfContents\"]},{\"@type\":\"WebPage\",\"@id\":\"https:\/\/www.estrategiaconcursos.com.br\/blog\/resumo-sobre-recurso-extraordinario\/\",\"url\":\"https:\/\/www.estrategiaconcursos.com.br\/blog\/resumo-sobre-recurso-extraordinario\/\",\"name\":\"Resumo sobre o Recurso Extraordin\u00e1rio\",\"isPartOf\":{\"@id\":\"https:\/\/www.estrategiaconcursos.com.br\/blog\/#website\"},\"primaryImageOfPage\":{\"@id\":\"https:\/\/www.estrategiaconcursos.com.br\/blog\/resumo-sobre-recurso-extraordinario\/#primaryimage\"},\"image\":{\"@id\":\"https:\/\/www.estrategiaconcursos.com.br\/blog\/resumo-sobre-recurso-extraordinario\/#primaryimage\"},\"thumbnailUrl\":\"https:\/\/dhg1h5j42swfq.cloudfront.net\/2026\/01\/10081359\/advogado-trabalhar-num-documento-com-balancas-de-justica-scaled.jpg\",\"datePublished\":\"2026-01-26T17:52:00+00:00\",\"description\":\"Resumo sobre o Recurso Extraordin\u00e1rio (RExt), esp\u00e9cie recursal prevista na pr\u00f3pria Constitui\u00e7\u00e3o Federal (artigo 102, inciso III).\",\"breadcrumb\":{\"@id\":\"https:\/\/www.estrategiaconcursos.com.br\/blog\/resumo-sobre-recurso-extraordinario\/#breadcrumb\"},\"inLanguage\":\"pt-BR\",\"potentialAction\":[{\"@type\":\"ReadAction\",\"target\":[\"https:\/\/www.estrategiaconcursos.com.br\/blog\/resumo-sobre-recurso-extraordinario\/\"]}]},{\"@type\":\"ImageObject\",\"inLanguage\":\"pt-BR\",\"@id\":\"https:\/\/www.estrategiaconcursos.com.br\/blog\/resumo-sobre-recurso-extraordinario\/#primaryimage\",\"url\":\"https:\/\/dhg1h5j42swfq.cloudfront.net\/2026\/01\/10081359\/advogado-trabalhar-num-documento-com-balancas-de-justica-scaled.jpg\",\"contentUrl\":\"https:\/\/dhg1h5j42swfq.cloudfront.net\/2026\/01\/10081359\/advogado-trabalhar-num-documento-com-balancas-de-justica-scaled.jpg\",\"width\":2560,\"height\":1792,\"caption\":\"processo administrativo\"},{\"@type\":\"BreadcrumbList\",\"@id\":\"https:\/\/www.estrategiaconcursos.com.br\/blog\/resumo-sobre-recurso-extraordinario\/#breadcrumb\",\"itemListElement\":[{\"@type\":\"ListItem\",\"position\":1,\"name\":\"In\u00edcio\",\"item\":\"https:\/\/www.estrategiaconcursos.com.br\/blog\/\"},{\"@type\":\"ListItem\",\"position\":2,\"name\":\"Resumo sobre o Recurso Extraordin\u00e1rio\"}]},{\"@type\":\"WebSite\",\"@id\":\"https:\/\/www.estrategiaconcursos.com.br\/blog\/#website\",\"url\":\"https:\/\/www.estrategiaconcursos.com.br\/blog\/\",\"name\":\"Estrat\u00e9gia Concursos\",\"description\":\"O blog da Estrat\u00e9gia Concursos traz not\u00edcias sobre concursos e artigos de professores oferecendo cursos para concursos (pdf + videaulas) no site.\",\"publisher\":{\"@id\":\"https:\/\/www.estrategiaconcursos.com.br\/blog\/#organization\"},\"potentialAction\":[{\"@type\":\"SearchAction\",\"target\":{\"@type\":\"EntryPoint\",\"urlTemplate\":\"https:\/\/www.estrategiaconcursos.com.br\/blog\/?s={search_term_string}\"},\"query-input\":{\"@type\":\"PropertyValueSpecification\",\"valueRequired\":true,\"valueName\":\"search_term_string\"}}],\"inLanguage\":\"pt-BR\"},{\"@type\":\"Organization\",\"@id\":\"https:\/\/www.estrategiaconcursos.com.br\/blog\/#organization\",\"name\":\"Estrat\u00e9gia Concursos\",\"url\":\"https:\/\/www.estrategiaconcursos.com.br\/blog\/\",\"logo\":{\"@type\":\"ImageObject\",\"inLanguage\":\"pt-BR\",\"@id\":\"https:\/\/www.estrategiaconcursos.com.br\/blog\/#\/schema\/logo\/image\/\",\"url\":\"https:\/\/dhg1h5j42swfq.cloudfront.net\/2025\/06\/03203428\/logo_concursos-1.jpg\",\"contentUrl\":\"https:\/\/dhg1h5j42swfq.cloudfront.net\/2025\/06\/03203428\/logo_concursos-1.jpg\",\"width\":230,\"height\":60,\"caption\":\"Estrat\u00e9gia Concursos\"},\"image\":{\"@id\":\"https:\/\/www.estrategiaconcursos.com.br\/blog\/#\/schema\/logo\/image\/\"},\"sameAs\":[\"https:\/\/x.com\/EstratConcursos\"]},{\"@type\":\"Person\",\"@id\":\"https:\/\/www.estrategiaconcursos.com.br\/blog\/#\/schema\/person\/48a7e085e45aee7c3d4596399af50ebb\",\"name\":\"Frederico Tadeu Borlot Peixoto\",\"image\":{\"@type\":\"ImageObject\",\"inLanguage\":\"pt-BR\",\"@id\":\"https:\/\/secure.gravatar.com\/avatar\/df8a49e2321c1e32f85e9e7c2a9c92c688f1f53a947220f40017ff5858b09fdb?s=96&d=mm&r=g\",\"url\":\"https:\/\/secure.gravatar.com\/avatar\/df8a49e2321c1e32f85e9e7c2a9c92c688f1f53a947220f40017ff5858b09fdb?s=96&d=mm&r=g\",\"contentUrl\":\"https:\/\/secure.gravatar.com\/avatar\/df8a49e2321c1e32f85e9e7c2a9c92c688f1f53a947220f40017ff5858b09fdb?s=96&d=mm&r=g\",\"caption\":\"Frederico Tadeu Borlot Peixoto\"},\"description\":\"Analista Judici\u00e1rio - \u00c1rea Judici\u00e1ria do TRF da 4\u00aa regi\u00e3o. Bacharel em Direito. P\u00f3s-graduado em Direito Administrativo, Legisla\u00e7\u00e3o Penal Especial, Direito Penal e Direito Processual Penal. Tamb\u00e9m nomeado no TRF da 3\u00aa regi\u00e3o (8\u00ba lugar); SPPREV (3\u00ba lugar); IFES (2\u00ba lugar); e PMES. https:\/\/www.instagram.com\/proffrederico\/\",\"sameAs\":[\"https:\/\/www.instagram.com\/proffrederico\/\"],\"url\":\"https:\/\/www.estrategiaconcursos.com.br\/blog\/author\/xfredericohotmail-com\/\"}]}<\/script>\n<!-- \/ Yoast SEO Premium plugin. -->","yoast_head_json":{"title":"Resumo sobre o Recurso Extraordin\u00e1rio","description":"Resumo sobre o Recurso Extraordin\u00e1rio (RExt), esp\u00e9cie recursal prevista na pr\u00f3pria Constitui\u00e7\u00e3o Federal (artigo 102, inciso III).","robots":{"index":"index","follow":"follow","max-snippet":"max-snippet:-1","max-image-preview":"max-image-preview:large","max-video-preview":"max-video-preview:-1"},"canonical":"https:\/\/www.estrategiaconcursos.com.br\/blog\/resumo-sobre-recurso-extraordinario\/","og_locale":"pt_BR","og_type":"article","og_title":"Resumo sobre o Recurso Extraordin\u00e1rio","og_description":"Resumo sobre o Recurso Extraordin\u00e1rio (RExt), esp\u00e9cie recursal prevista na pr\u00f3pria Constitui\u00e7\u00e3o Federal (artigo 102, inciso III).","og_url":"https:\/\/www.estrategiaconcursos.com.br\/blog\/resumo-sobre-recurso-extraordinario\/","og_site_name":"Estrat\u00e9gia Concursos","article_published_time":"2026-01-26T17:52:00+00:00","og_image":[{"width":2560,"height":1792,"url":"https:\/\/dhg1h5j42swfq.cloudfront.net\/2026\/01\/10081359\/advogado-trabalhar-num-documento-com-balancas-de-justica-scaled.jpg","type":"image\/jpeg"}],"author":"Frederico Tadeu Borlot Peixoto","twitter_card":"summary_large_image","twitter_creator":"@EstratConcursos","twitter_site":"@EstratConcursos","twitter_misc":{"Escrito por":"Frederico Tadeu Borlot Peixoto","Est. tempo de leitura":"6 minutos"},"schema":{"@context":"https:\/\/schema.org","@graph":[{"@type":"NewsArticle","@id":"https:\/\/www.estrategiaconcursos.com.br\/blog\/resumo-sobre-recurso-extraordinario\/#article","isPartOf":{"@id":"https:\/\/www.estrategiaconcursos.com.br\/blog\/resumo-sobre-recurso-extraordinario\/"},"author":{"name":"Frederico Tadeu Borlot Peixoto","@id":"https:\/\/www.estrategiaconcursos.com.br\/blog\/#\/schema\/person\/48a7e085e45aee7c3d4596399af50ebb"},"headline":"Resumo sobre o Recurso Extraordin\u00e1rio","datePublished":"2026-01-26T17:52:00+00:00","mainEntityOfPage":{"@id":"https:\/\/www.estrategiaconcursos.com.br\/blog\/resumo-sobre-recurso-extraordinario\/"},"wordCount":1297,"commentCount":0,"publisher":{"@id":"https:\/\/www.estrategiaconcursos.com.br\/blog\/#organization"},"image":{"@id":"https:\/\/www.estrategiaconcursos.com.br\/blog\/resumo-sobre-recurso-extraordinario\/#primaryimage"},"thumbnailUrl":"https:\/\/dhg1h5j42swfq.cloudfront.net\/2026\/01\/10081359\/advogado-trabalhar-num-documento-com-balancas-de-justica-scaled.jpg","articleSection":["Concursos P\u00fablicos"],"inLanguage":"pt-BR","potentialAction":[{"@type":"CommentAction","name":"Comment","target":["https:\/\/www.estrategiaconcursos.com.br\/blog\/resumo-sobre-recurso-extraordinario\/#respond"]}],"copyrightYear":"2026","copyrightHolder":{"@id":"https:\/\/www.estrategiaconcursos.com.br\/blog\/#organization"},"accessibilityFeature":["tableOfContents"]},{"@type":"WebPage","@id":"https:\/\/www.estrategiaconcursos.com.br\/blog\/resumo-sobre-recurso-extraordinario\/","url":"https:\/\/www.estrategiaconcursos.com.br\/blog\/resumo-sobre-recurso-extraordinario\/","name":"Resumo sobre o Recurso Extraordin\u00e1rio","isPartOf":{"@id":"https:\/\/www.estrategiaconcursos.com.br\/blog\/#website"},"primaryImageOfPage":{"@id":"https:\/\/www.estrategiaconcursos.com.br\/blog\/resumo-sobre-recurso-extraordinario\/#primaryimage"},"image":{"@id":"https:\/\/www.estrategiaconcursos.com.br\/blog\/resumo-sobre-recurso-extraordinario\/#primaryimage"},"thumbnailUrl":"https:\/\/dhg1h5j42swfq.cloudfront.net\/2026\/01\/10081359\/advogado-trabalhar-num-documento-com-balancas-de-justica-scaled.jpg","datePublished":"2026-01-26T17:52:00+00:00","description":"Resumo sobre o Recurso Extraordin\u00e1rio (RExt), esp\u00e9cie recursal prevista na pr\u00f3pria Constitui\u00e7\u00e3o Federal (artigo 102, inciso III).","breadcrumb":{"@id":"https:\/\/www.estrategiaconcursos.com.br\/blog\/resumo-sobre-recurso-extraordinario\/#breadcrumb"},"inLanguage":"pt-BR","potentialAction":[{"@type":"ReadAction","target":["https:\/\/www.estrategiaconcursos.com.br\/blog\/resumo-sobre-recurso-extraordinario\/"]}]},{"@type":"ImageObject","inLanguage":"pt-BR","@id":"https:\/\/www.estrategiaconcursos.com.br\/blog\/resumo-sobre-recurso-extraordinario\/#primaryimage","url":"https:\/\/dhg1h5j42swfq.cloudfront.net\/2026\/01\/10081359\/advogado-trabalhar-num-documento-com-balancas-de-justica-scaled.jpg","contentUrl":"https:\/\/dhg1h5j42swfq.cloudfront.net\/2026\/01\/10081359\/advogado-trabalhar-num-documento-com-balancas-de-justica-scaled.jpg","width":2560,"height":1792,"caption":"processo administrativo"},{"@type":"BreadcrumbList","@id":"https:\/\/www.estrategiaconcursos.com.br\/blog\/resumo-sobre-recurso-extraordinario\/#breadcrumb","itemListElement":[{"@type":"ListItem","position":1,"name":"In\u00edcio","item":"https:\/\/www.estrategiaconcursos.com.br\/blog\/"},{"@type":"ListItem","position":2,"name":"Resumo sobre o Recurso Extraordin\u00e1rio"}]},{"@type":"WebSite","@id":"https:\/\/www.estrategiaconcursos.com.br\/blog\/#website","url":"https:\/\/www.estrategiaconcursos.com.br\/blog\/","name":"Estrat\u00e9gia Concursos","description":"O blog da Estrat\u00e9gia Concursos traz not\u00edcias sobre concursos e artigos de professores oferecendo cursos para concursos (pdf + videaulas) no site.","publisher":{"@id":"https:\/\/www.estrategiaconcursos.com.br\/blog\/#organization"},"potentialAction":[{"@type":"SearchAction","target":{"@type":"EntryPoint","urlTemplate":"https:\/\/www.estrategiaconcursos.com.br\/blog\/?s={search_term_string}"},"query-input":{"@type":"PropertyValueSpecification","valueRequired":true,"valueName":"search_term_string"}}],"inLanguage":"pt-BR"},{"@type":"Organization","@id":"https:\/\/www.estrategiaconcursos.com.br\/blog\/#organization","name":"Estrat\u00e9gia Concursos","url":"https:\/\/www.estrategiaconcursos.com.br\/blog\/","logo":{"@type":"ImageObject","inLanguage":"pt-BR","@id":"https:\/\/www.estrategiaconcursos.com.br\/blog\/#\/schema\/logo\/image\/","url":"https:\/\/dhg1h5j42swfq.cloudfront.net\/2025\/06\/03203428\/logo_concursos-1.jpg","contentUrl":"https:\/\/dhg1h5j42swfq.cloudfront.net\/2025\/06\/03203428\/logo_concursos-1.jpg","width":230,"height":60,"caption":"Estrat\u00e9gia Concursos"},"image":{"@id":"https:\/\/www.estrategiaconcursos.com.br\/blog\/#\/schema\/logo\/image\/"},"sameAs":["https:\/\/x.com\/EstratConcursos"]},{"@type":"Person","@id":"https:\/\/www.estrategiaconcursos.com.br\/blog\/#\/schema\/person\/48a7e085e45aee7c3d4596399af50ebb","name":"Frederico Tadeu Borlot Peixoto","image":{"@type":"ImageObject","inLanguage":"pt-BR","@id":"https:\/\/secure.gravatar.com\/avatar\/df8a49e2321c1e32f85e9e7c2a9c92c688f1f53a947220f40017ff5858b09fdb?s=96&d=mm&r=g","url":"https:\/\/secure.gravatar.com\/avatar\/df8a49e2321c1e32f85e9e7c2a9c92c688f1f53a947220f40017ff5858b09fdb?s=96&d=mm&r=g","contentUrl":"https:\/\/secure.gravatar.com\/avatar\/df8a49e2321c1e32f85e9e7c2a9c92c688f1f53a947220f40017ff5858b09fdb?s=96&d=mm&r=g","caption":"Frederico Tadeu Borlot Peixoto"},"description":"Analista Judici\u00e1rio - \u00c1rea Judici\u00e1ria do TRF da 4\u00aa regi\u00e3o. Bacharel em Direito. P\u00f3s-graduado em Direito Administrativo, Legisla\u00e7\u00e3o Penal Especial, Direito Penal e Direito Processual Penal. Tamb\u00e9m nomeado no TRF da 3\u00aa regi\u00e3o (8\u00ba lugar); SPPREV (3\u00ba lugar); IFES (2\u00ba lugar); e PMES. https:\/\/www.instagram.com\/proffrederico\/","sameAs":["https:\/\/www.instagram.com\/proffrederico\/"],"url":"https:\/\/www.estrategiaconcursos.com.br\/blog\/author\/xfredericohotmail-com\/"}]}},"_links":{"self":[{"href":"https:\/\/www.estrategiaconcursos.com.br\/blog\/wp-json\/wp\/v2\/posts\/1697019","targetHints":{"allow":["GET"]}}],"collection":[{"href":"https:\/\/www.estrategiaconcursos.com.br\/blog\/wp-json\/wp\/v2\/posts"}],"about":[{"href":"https:\/\/www.estrategiaconcursos.com.br\/blog\/wp-json\/wp\/v2\/types\/post"}],"author":[{"embeddable":true,"href":"https:\/\/www.estrategiaconcursos.com.br\/blog\/wp-json\/wp\/v2\/users\/2567"}],"replies":[{"embeddable":true,"href":"https:\/\/www.estrategiaconcursos.com.br\/blog\/wp-json\/wp\/v2\/comments?post=1697019"}],"version-history":[{"count":6,"href":"https:\/\/www.estrategiaconcursos.com.br\/blog\/wp-json\/wp\/v2\/posts\/1697019\/revisions"}],"predecessor-version":[{"id":1697329,"href":"https:\/\/www.estrategiaconcursos.com.br\/blog\/wp-json\/wp\/v2\/posts\/1697019\/revisions\/1697329"}],"wp:featuredmedia":[{"embeddable":true,"href":"https:\/\/www.estrategiaconcursos.com.br\/blog\/wp-json\/wp\/v2\/media\/1697021"}],"wp:attachment":[{"href":"https:\/\/www.estrategiaconcursos.com.br\/blog\/wp-json\/wp\/v2\/media?parent=1697019"}],"wp:term":[{"taxonomy":"category","embeddable":true,"href":"https:\/\/www.estrategiaconcursos.com.br\/blog\/wp-json\/wp\/v2\/categories?post=1697019"},{"taxonomy":"post_tag","embeddable":true,"href":"https:\/\/www.estrategiaconcursos.com.br\/blog\/wp-json\/wp\/v2\/tags?post=1697019"},{"taxonomy":"tax_estado","embeddable":true,"href":"https:\/\/www.estrategiaconcursos.com.br\/blog\/wp-json\/wp\/v2\/tax_estado?post=1697019"}],"curies":[{"name":"wp","href":"https:\/\/api.w.org\/{rel}","templated":true}]}}