{"id":1697017,"date":"2026-01-28T11:49:00","date_gmt":"2026-01-28T14:49:00","guid":{"rendered":"https:\/\/www.estrategiaconcursos.com.br\/blog\/?p=1697017"},"modified":"2026-01-19T19:47:27","modified_gmt":"2026-01-19T22:47:27","slug":"associacoes-sefaz-sp","status":"publish","type":"post","link":"https:\/\/www.estrategiaconcursos.com.br\/blog\/associacoes-sefaz-sp\/","title":{"rendered":"Associa\u00e7\u00f5es: resumo de direito civil para a SEFAZ SP"},"content":{"rendered":"\n<p>Ol\u00e1, pessoal, tudo bem? Estudaremos, neste artigo, sobre as <strong><mark style=\"background-color:rgba(0, 0, 0, 0);color:#0693e3\" class=\"has-inline-color\">associa\u00e7\u00f5es<\/mark><\/strong> para o concurso da <a href=\"https:\/\/portal.fazenda.sp.gov.br\/\">Secretaria da Fazenda do Estado de S\u00e3o Paulo (SEFAZ SP)<\/a>.<\/p>\n\n\n\n<figure class=\"wp-block-image aligncenter size-full\"><img loading=\"lazy\" decoding=\"async\" width=\"1024\" height=\"536\" src=\"https:\/\/dhg1h5j42swfq.cloudfront.net\/2024\/09\/12110225\/sefaz-sp.jpg\" alt=\"Associa\u00e7\u00f5es: resumo de direito civil para a SEFAZ SP\" class=\"wp-image-1460820\" srcset=\"https:\/\/dhg1h5j42swfq.cloudfront.net\/2024\/09\/12110225\/sefaz-sp.jpg 1024w, https:\/\/dhg1h5j42swfq.cloudfront.net\/2024\/09\/12110225\/sefaz-sp-300x157.jpg 300w, https:\/\/dhg1h5j42swfq.cloudfront.net\/2024\/09\/12110225\/sefaz-sp-768x402.jpg 768w, https:\/\/dhg1h5j42swfq.cloudfront.net\/2024\/09\/12110225\/sefaz-sp-610x319.jpg 610w, https:\/\/dhg1h5j42swfq.cloudfront.net\/2024\/09\/12110225\/sefaz-sp-150x79.jpg 150w\" sizes=\"auto, (max-width: 1024px) 100vw, 1024px\" \/><\/figure>\n\n\n\n<p>Bons estudos!<\/p>\n\n\n\n<h2 class=\"wp-block-heading\" id=\"h-introducao\"><strong><mark style=\"background-color:rgba(0, 0, 0, 0);color:#0693e3\" class=\"has-inline-color\">Introdu\u00e7\u00e3o<\/mark><\/strong><\/h2>\n\n\n\n<p>Conforme o C\u00f3digo Civil de 2002, existem as pessoas jur\u00eddicas de direito p\u00fablico e de direito privado.<\/p>\n\n\n\n<p>Nesse sentido, as de <strong><mark style=\"background-color:rgba(0, 0, 0, 0);color:#9b51e0\" class=\"has-inline-color\">direito p\u00fablico<\/mark><\/strong> se dividem em:<\/p>\n\n\n\n<ul class=\"wp-block-list\">\n<li><strong><mark style=\"background-color:rgba(0, 0, 0, 0);color:#9b51e0\" class=\"has-inline-color\">Direito p\u00fablico interno<\/mark><\/strong>: Uni\u00e3o, Estados, Distrito Federal, Territ\u00f3rios, Munic\u00edpios, Autarquias, Associa\u00e7\u00f5es P\u00fablicas e demais entidades de car\u00e1ter p\u00fablico criadas por lei;<\/li>\n\n\n\n<li><strong><mark style=\"background-color:rgba(0, 0, 0, 0);color:#9b51e0\" class=\"has-inline-color\">Direito p\u00fablico externo<\/mark><\/strong>: Estados estrangeiros e Pessoas regidas pelo direito internacional.<\/li>\n<\/ul>\n\n\n\n<p>Por outro lado, o c\u00f3digo civil divide as pessoas jur\u00eddicas de <strong><mark style=\"background-color:rgba(0, 0, 0, 0);color:#00d084\" class=\"has-inline-color\">direito privado<\/mark><\/strong> no seguinte rol:<\/p>\n\n\n\n<ul class=\"wp-block-list\">\n<li><strong><mark style=\"background-color:rgba(0, 0, 0, 0);color:#00d084\" class=\"has-inline-color\">Associa\u00e7\u00f5es<\/mark><\/strong>;<\/li>\n\n\n\n<li>Sociedades;<\/li>\n\n\n\n<li>Funda\u00e7\u00f5es;<\/li>\n\n\n\n<li>Organiza\u00e7\u00f5es religiosas;<\/li>\n\n\n\n<li>Partidos pol\u00edticos; e,<\/li>\n\n\n\n<li>Empreendimentos de economia solid\u00e1ria.<\/li>\n<\/ul>\n\n\n\n<p>Neste artigo, estudaremos especificamente sobre as disposi\u00e7\u00f5es do C\u00f3digo Civil relativas \u00e0s associa\u00e7\u00f5es, com foco em poss\u00edveis exig\u00eancias na prova da SEFAZ SP.<\/p>\n\n\n\n<h2 class=\"wp-block-heading\" id=\"h-resumo-sobre-as-associacoes-para-a-sefaz-sp\"><strong><mark style=\"background-color:rgba(0, 0, 0, 0);color:#0693e3\" class=\"has-inline-color\">Resumo sobre as associa\u00e7\u00f5es para a SEFAZ SP<\/mark><\/strong><\/h2>\n\n\n\n<p>Em resumo, as associa\u00e7\u00f5es consistem em <strong><mark style=\"background-color:rgba(0, 0, 0, 0);color:#9b51e0\" class=\"has-inline-color\">pessoas jur\u00eddicas de direito privado<\/mark><\/strong> constitu\u00eddas por uma <strong><mark style=\"background-color:rgba(0, 0, 0, 0);color:#9b51e0\" class=\"has-inline-color\">jun\u00e7\u00e3o de pessoas f\u00edsicas<\/mark><\/strong> que se organizam para uma <strong><mark style=\"background-color:rgba(0, 0, 0, 0);color:#9b51e0\" class=\"has-inline-color\">finalidade espec\u00edfica<\/mark><\/strong>.<\/p>\n\n\n\n<p>Todavia, vale ressaltar que, por expressa determina\u00e7\u00e3o do C\u00f3digo Civil, a <strong><mark style=\"background-color:rgba(0, 0, 0, 0);color:#9b51e0\" class=\"has-inline-color\">finalidade espec\u00edfica n\u00e3o pode ser econ\u00f4mica<\/mark><\/strong>.<\/p>\n\n\n\n<p>Pessoal, aqui vale a pena chamar aten\u00e7\u00e3o para um detalhe recorrente nas provas de concursos p\u00fablicos: <strong><mark style=\"background-color:rgba(0, 0, 0, 0);color:#cf2e2e\" class=\"has-inline-color\">as associa\u00e7\u00f5es podem sim desenvolver alguma atividade econ\u00f4mica, desde que, sem finalidade lucrativa<\/mark><\/strong>.<\/p>\n\n\n\n<p>Por exemplo, nada impede que, para financiar uma atividade da associa\u00e7\u00e3o, ela promova uma feira de venda de comidas produzidas por seus associados.<\/p>\n\n\n\n<p>Percebam no exemplo anterior que, em que pese a venda de alimentos seja uma atividade econ\u00f4mica, n\u00e3o h\u00e1 finalidade de auferir lucro, mas sim de angariar recursos para viabilizar as pr\u00f3prias atividades da associa\u00e7\u00e3o.<\/p>\n\n\n\n<h3 class=\"wp-block-heading\" id=\"h-resumo-sobre-as-associacoes-para-a-sefaz-sp-ato-constitutivo\"><strong><mark style=\"background-color:rgba(0, 0, 0, 0);color:#0693e3\" class=\"has-inline-color\">Resumo sobre as associa\u00e7\u00f5es para a SEFAZ SP: ato constitutivo<\/mark><\/strong><\/h3>\n\n\n\n<p>Conforme o C\u00f3digo Civil, o <strong><mark style=\"background-color:rgba(0, 0, 0, 0);color:#9b51e0\" class=\"has-inline-color\">estatuto consiste no ato constitutivo das associa\u00e7\u00f5es<\/mark><\/strong>. Ou seja, elas somente passam a existir no mundo jur\u00eddico ap\u00f3s a regular elabora\u00e7\u00e3o e registro do estatuto.<\/p>\n\n\n\n<p>Por\u00e9m, o C\u00f3digo estabelece <strong><mark style=\"background-color:rgba(0, 0, 0, 0);color:#ff6900\" class=\"has-inline-color\">elementos m\u00ednimos obrigat\u00f3rios dos estatutos das associa\u00e7\u00f5es<\/mark><\/strong>, a saber:<\/p>\n\n\n\n<ul class=\"wp-block-list\">\n<li><strong><mark style=\"background-color:rgba(0, 0, 0, 0);color:#ff6900\" class=\"has-inline-color\">Denomina\u00e7\u00e3o<\/mark><\/strong>, <mark style=\"background-color:rgba(0, 0, 0, 0);color:#ff6900\" class=\"has-inline-color\"><strong>fins<\/strong> <\/mark>e <strong><mark style=\"background-color:rgba(0, 0, 0, 0);color:#ff6900\" class=\"has-inline-color\">sede<\/mark><\/strong>;<\/li>\n\n\n\n<li><mark style=\"background-color:rgba(0, 0, 0, 0);color:#ff6900\" class=\"has-inline-color\"><strong>Requisitos<\/strong> <\/mark>para a <strong><mark style=\"background-color:rgba(0, 0, 0, 0);color:#ff6900\" class=\"has-inline-color\">admiss\u00e3o, demiss\u00e3o e exclus\u00e3o<\/mark><\/strong> de associados;<\/li>\n\n\n\n<li><strong><mark style=\"background-color:rgba(0, 0, 0, 0);color:#ff6900\" class=\"has-inline-color\">Direitos e deveres<\/mark><\/strong> dos associados;<\/li>\n\n\n\n<li><strong><mark style=\"background-color:rgba(0, 0, 0, 0);color:#ff6900\" class=\"has-inline-color\">Fonte de recursos<\/mark><\/strong> para a manuten\u00e7\u00e3o da associa\u00e7\u00e3o;<\/li>\n\n\n\n<li>Modo de <strong><mark style=\"background-color:rgba(0, 0, 0, 0);color:#ff6900\" class=\"has-inline-color\">constitui\u00e7\u00e3o\/funcionamento dos \u00f3rg\u00e3os diretivos<\/mark><\/strong> da associa\u00e7\u00e3o;<\/li>\n\n\n\n<li>Condi\u00e7\u00f5es para <strong><mark style=\"background-color:rgba(0, 0, 0, 0);color:#ff6900\" class=\"has-inline-color\">altera\u00e7\u00e3o das disposi\u00e7\u00f5es estatut\u00e1rias<\/mark><\/strong> e para a <mark style=\"background-color:rgba(0, 0, 0, 0);color:#ff6900\" class=\"has-inline-color\"><strong>dissolu\u00e7\u00e3o<\/strong> <\/mark>da associa\u00e7\u00e3o;<\/li>\n\n\n\n<li>Forma de <strong><mark style=\"background-color:rgba(0, 0, 0, 0);color:#ff6900\" class=\"has-inline-color\">gest\u00e3o administrativa<\/mark><\/strong> e de <strong><mark style=\"background-color:rgba(0, 0, 0, 0);color:#ff6900\" class=\"has-inline-color\">aprova\u00e7\u00e3o das contas<\/mark><\/strong>.<\/li>\n<\/ul>\n\n\n\n<p>Nesse sentido, trata-se de hip\u00f3tese de <strong>nulidade a aus\u00eancia de quaisquer dos requisitos supramencionados<\/strong>.<\/p>\n\n\n\n<h3 class=\"wp-block-heading\" id=\"h-resumo-sobre-as-associacoes-para-a-sefaz-sp-associados\"><strong><mark style=\"background-color:rgba(0, 0, 0, 0);color:#0693e3\" class=\"has-inline-color\">Resumo sobre as associa\u00e7\u00f5es para a SEFAZ SP: associados<\/mark><\/strong><\/h3>\n\n\n\n<p>Quanto aos associados, o C\u00f3digo Civil estabelece que eles <strong><mark style=\"background-color:rgba(0, 0, 0, 0);color:#9b51e0\" class=\"has-inline-color\">n\u00e3o possuem direitos e obriga\u00e7\u00f5es rec\u00edprocas<\/mark><\/strong>.<\/p>\n\n\n\n<p>Ou seja, diferentemente das sociedades, por exemplo, ao constituir associa\u00e7\u00f5es os associados n\u00e3o ficam obrigados, em regra, com os outros associados, em rela\u00e7\u00e3o a deveres espec\u00edficos.<\/p>\n\n\n\n<p>Al\u00e9m disso, em regra, os <strong><mark style=\"background-color:rgba(0, 0, 0, 0);color:#9b51e0\" class=\"has-inline-color\">associados possuem direitos iguais<\/mark><\/strong>, apesar de que o <strong><mark style=\"background-color:rgba(0, 0, 0, 0);color:#9b51e0\" class=\"has-inline-color\">estatuto pode instituir categorias com vantagens especiais<\/mark><\/strong>.<\/p>\n\n\n\n<p>Dessa forma, n\u00e3o h\u00e1 o que se falar em ofensa \u00e0 isonomia caso o estatuto da associa\u00e7\u00e3o crie, por algum motivo razo\u00e1vel, grupos diferenciados de associados que, como consequ\u00eancia, possuem maiores direitos. Pessoal, <strong>atentem para esse detalhe, pois ele \u201cchove\u201d nas provas de concursos p\u00fablicos<\/strong>.<\/p>\n\n\n\n<p>Continuando, o C\u00f3digo tamb\u00e9m esclarece que, <strong><mark style=\"background-color:rgba(0, 0, 0, 0);color:#cf2e2e\" class=\"has-inline-color\">quando o estatuto n\u00e3o disp\u00f5e de forma contr\u00e1ria<\/mark><\/strong>, configura-se a <strong><mark style=\"background-color:rgba(0, 0, 0, 0);color:#9b51e0\" class=\"has-inline-color\">intransmissibilidade da condi\u00e7\u00e3o de associado<\/mark><\/strong>.<\/p>\n\n\n\n<p>Assim, como consequ\u00eancia, <strong><mark style=\"background-color:rgba(0, 0, 0, 0);color:#9b51e0\" class=\"has-inline-color\">mesmo que haja, por qualquer motivo, a transfer\u00eancia de quota ou fra\u00e7\u00e3o ideal do patrim\u00f4nio da associa\u00e7\u00e3o<\/mark><\/strong> (pertencente a um associado), isso, por si s\u00f3, <strong><mark style=\"background-color:rgba(0, 0, 0, 0);color:#9b51e0\" class=\"has-inline-color\">n\u00e3o transfere a qualidade de associado<\/mark><\/strong>.<\/p>\n\n\n\n<p>Por\u00e9m, conforme explicado anteriormente, <strong>lembrem-se que o estatuto pode estabelecer de forma diversa<\/strong>, ok?<\/p>\n\n\n\n<p>Ademais, a legisla\u00e7\u00e3o <strong><mark style=\"background-color:rgba(0, 0, 0, 0);color:#9b51e0\" class=\"has-inline-color\">somente admite a exclus\u00e3o de associado por motivo de justa causa<\/mark><\/strong>.<\/p>\n\n\n\n<p>Dessa forma, nos termos previstos no estatuto, <strong><mark style=\"background-color:rgba(0, 0, 0, 0);color:#9b51e0\" class=\"has-inline-color\">deve-se reconhecer ao associado o direito de ampla defesa e contradit\u00f3rio<\/mark><\/strong>.<\/p>\n\n\n\n<h3 class=\"wp-block-heading\" id=\"h-resumo-sobre-as-associacoes-para-a-sefaz-sp-assembleia\"><strong><mark style=\"background-color:rgba(0, 0, 0, 0);color:#0693e3\" class=\"has-inline-color\">Resumo sobre as associa\u00e7\u00f5es para a SEFAZ SP: assembleia<\/mark><\/strong><\/h3>\n\n\n\n<p>Pessoal, a <strong><mark style=\"background-color:rgba(0, 0, 0, 0);color:#9b51e0\" class=\"has-inline-color\">assembleia geral<\/mark><\/strong> consiste em uma <strong><mark style=\"background-color:rgba(0, 0, 0, 0);color:#9b51e0\" class=\"has-inline-color\">reuni\u00e3o destinada a decidir os principais aspectos relacionados ao funcionamento da associa\u00e7\u00e3o<\/mark><\/strong>.<\/p>\n\n\n\n<p>Nesse sentido, o C\u00f3digo Civil estabelece que somente em assembleia geral pode-se deliberar sobre a <strong><mark style=\"background-color:rgba(0, 0, 0, 0);color:#ff6900\" class=\"has-inline-color\">destitui\u00e7\u00e3o de administradores<\/mark><\/strong> e a <strong><mark style=\"background-color:rgba(0, 0, 0, 0);color:#ff6900\" class=\"has-inline-color\">altera\u00e7\u00e3o do estatuto social<\/mark><\/strong>.<\/p>\n\n\n\n<p>Por\u00e9m, nesses dois casos espec\u00edficos (supramencionados), exige-se <strong><mark style=\"background-color:rgba(0, 0, 0, 0);color:#ff6900\" class=\"has-inline-color\">assembleia geral especialmente convocada para esse fim<\/mark><\/strong>, bem como, a <strong><mark style=\"background-color:rgba(0, 0, 0, 0);color:#ff6900\" class=\"has-inline-color\">observ\u00e2ncia do qu\u00f3rum definido no estatuto<\/mark><\/strong>.<\/p>\n\n\n\n<p>Outro ponto digno de muita aten\u00e7\u00e3o: percebam que o C\u00f3digo Civil n\u00e3o estabeleceu o qu\u00f3rum para deliberar sobre a destrui\u00e7\u00e3o de administradores e a altera\u00e7\u00e3o do estatuto social. Assim, cada associa\u00e7\u00e3o estabelecer\u00e1 em seu estatuto qual ser\u00e1 esse qu\u00f3rum.<\/p>\n\n\n\n<p>Por outro lado, para a <strong><mark style=\"background-color:rgba(0, 0, 0, 0);color:#00d084\" class=\"has-inline-color\">convoca\u00e7\u00e3o dos \u00f3rg\u00e3os deliberativos<\/mark><\/strong> o C\u00f3digo exigiu a atua\u00e7\u00e3o de, no m\u00ednimo, <strong><mark style=\"background-color:rgba(0, 0, 0, 0);color:#00d084\" class=\"has-inline-color\">1\/5 (um quinto) dos associados<\/mark><\/strong>.<\/p>\n\n\n\n<h3 class=\"wp-block-heading\" id=\"h-resumo-sobre-as-associacoes-para-a-sefaz-sp-dissolucao\"><strong><mark style=\"background-color:rgba(0, 0, 0, 0);color:#0693e3\" class=\"has-inline-color\">Resumo sobre as associa\u00e7\u00f5es para a SEFAZ SP: dissolu\u00e7\u00e3o<\/mark><\/strong><\/h3>\n\n\n\n<p>Por fim, trataremos ainda sobre a dissolu\u00e7\u00e3o das associa\u00e7\u00f5es, pois esse \u00e9 um dos pontos mais cobrados nas provas de concursos p\u00fablicos.<\/p>\n\n\n\n<p>Conforme estudamos anteriormente, o estatuto social deve dispor sobre os procedimentos e requisitos para a dissolu\u00e7\u00e3o das associa\u00e7\u00f5es.<\/p>\n\n\n\n<p>Nesse aspecto, o C\u00f3digo Civil determinou, quando dissolvida a associa\u00e7\u00e3o, a <strong><mark style=\"background-color:rgba(0, 0, 0, 0);color:#9b51e0\" class=\"has-inline-color\">destina\u00e7\u00e3o do remanescente patrimonial para entidades de fins econ\u00f4micas designadas no estatuto<\/mark><\/strong>.<\/p>\n\n\n\n<p>Por\u00e9m, <strong><mark style=\"background-color:rgba(0, 0, 0, 0);color:#ff6900\" class=\"has-inline-color\">caso exista disposi\u00e7\u00e3o no estatuto<\/mark><\/strong>, a destina\u00e7\u00e3o do remanescente patrimonial <strong><mark style=\"background-color:rgba(0, 0, 0, 0);color:#ff6900\" class=\"has-inline-color\">ocorrer\u00e1 em favor de institui\u00e7\u00e3o municipal, estadual ou federal, de fins id\u00eanticos ou semelhantes, mediante delibera\u00e7\u00e3o dos associados<\/mark><\/strong>.<\/p>\n\n\n\n<h2 class=\"wp-block-heading\" id=\"h-conclusao\"><strong><mark style=\"background-color:rgba(0, 0, 0, 0);color:#0693e3\" class=\"has-inline-color\">Conclus\u00e3o<\/mark><\/strong><\/h2>\n\n\n\n<p>Pessoal, finalizamos aqui este resumo sobre as associa\u00e7\u00f5es para o concurso da SEFAZ SP.<\/p>\n\n\n\n<p>Espero que tenham gostado deste conte\u00fado.<\/p>\n\n\n\n<p>Grande abra\u00e7o.<\/p>\n\n\n\n<p><strong>Rafael Chaves<\/strong><\/p>\n\n\n\n<p class=\"has-text-align-center has-pale-cyan-blue-background-color has-background\"><strong>Saiba mais: <a href=\"https:\/\/www.estrategiaconcursos.com.br\/blog\/concurso-sefaz-sp\/#\" target=\"_blank\" rel=\"noreferrer noopener\">SEFAZ SP<\/a><\/strong><\/p>\n\n\n\n<h2 class=\"wp-block-heading has-text-align-center\" id=\"h-quer-saber-tudo-sobre-concursos-previstos-confira-nossos-artigos\">Quer saber tudo sobre concursos previstos?<br \/>Confira nossos artigos!<\/h2>\n\n\n\n<p class=\"has-text-align-center has-pale-cyan-blue-background-color has-background\"><a href=\"https:\/\/www.estrategiaconcursos.com.br\/blog\/concursos-abertos\/\" target=\"_blank\" rel=\"noreferrer noopener\">Concursos abertos<\/a><\/p>\n\n\n\n<p class=\"has-text-align-center has-pale-cyan-blue-background-color has-background\"><a href=\"https:\/\/www.estrategiaconcursos.com.br\/blog\/concursos-2026\/#\" target=\"_blank\" rel=\"noreferrer noopener\">Concursos 2026<\/a><\/p>\n","protected":false},"excerpt":{"rendered":"<p>Ol\u00e1, pessoal, tudo bem? Estudaremos, neste artigo, sobre as associa\u00e7\u00f5es para o concurso da Secretaria da Fazenda do Estado de S\u00e3o Paulo (SEFAZ SP). Bons estudos! Introdu\u00e7\u00e3o Conforme o C\u00f3digo Civil de 2002, existem as pessoas jur\u00eddicas de direito p\u00fablico e de direito privado. Nesse sentido, as de direito p\u00fablico se dividem em: Por outro [&hellip;]<\/p>\n","protected":false},"author":2261,"featured_media":1693990,"comment_status":"open","ping_status":"closed","sticky":false,"template":"","format":"standard","meta":{"post_tipo":"article","footnotes":""},"categories":[1,1983],"tags":[],"tax_estado":[219989],"class_list":["post-1697017","post","type-post","status-publish","format-standard","has-post-thumbnail","hentry","category-cursos-e-concursos","category-fiscal-estadual","tax_estado-sp"],"acf":[],"yoast_head":"<!-- This site is optimized with the Yoast SEO Premium plugin v27.2 (Yoast SEO v27.2) - https:\/\/yoast.com\/product\/yoast-seo-premium-wordpress\/ -->\n<title>Associa\u00e7\u00f5es: resumo de direito civil para a SEFAZ SP<\/title>\n<meta name=\"description\" content=\"Estude sobre as associa\u00e7\u00f5es, \u00e0 luz do C\u00f3digo Civil, para o concurso da Secretaria da Fazenda do Estado de S\u00e3o Paulo (SEFAZ SP).\" \/>\n<meta name=\"robots\" content=\"index, follow, max-snippet:-1, max-image-preview:large, max-video-preview:-1\" \/>\n<link rel=\"canonical\" href=\"https:\/\/www.estrategiaconcursos.com.br\/blog\/associacoes-sefaz-sp\/\" \/>\n<meta property=\"og:locale\" content=\"pt_BR\" \/>\n<meta property=\"og:type\" content=\"article\" \/>\n<meta property=\"og:title\" content=\"Associa\u00e7\u00f5es: resumo de direito civil para a SEFAZ SP\" \/>\n<meta property=\"og:description\" content=\"Estude sobre as associa\u00e7\u00f5es, \u00e0 luz do C\u00f3digo Civil, para o concurso da Secretaria da Fazenda do Estado de S\u00e3o Paulo (SEFAZ SP).\" \/>\n<meta property=\"og:url\" content=\"https:\/\/www.estrategiaconcursos.com.br\/blog\/associacoes-sefaz-sp\/\" \/>\n<meta property=\"og:site_name\" content=\"Estrat\u00e9gia Concursos\" \/>\n<meta property=\"article:published_time\" content=\"2026-01-28T14:49:00+00:00\" \/>\n<meta property=\"og:image\" content=\"https:\/\/dhg1h5j42swfq.cloudfront.net\/2026\/01\/06092310\/image-29.png\" \/>\n\t<meta property=\"og:image:width\" content=\"465\" \/>\n\t<meta property=\"og:image:height\" content=\"243\" \/>\n\t<meta property=\"og:image:type\" content=\"image\/png\" \/>\n<meta name=\"author\" content=\"Rafael Ferreira Chaves\" \/>\n<meta name=\"twitter:card\" content=\"summary_large_image\" \/>\n<meta name=\"twitter:creator\" content=\"@EstratConcursos\" \/>\n<meta name=\"twitter:site\" content=\"@EstratConcursos\" \/>\n<meta name=\"twitter:label1\" content=\"Escrito por\" \/>\n\t<meta name=\"twitter:data1\" content=\"Rafael Ferreira Chaves\" \/>\n\t<meta name=\"twitter:label2\" content=\"Est. tempo de leitura\" \/>\n\t<meta name=\"twitter:data2\" content=\"5 minutos\" \/>\n<script type=\"application\/ld+json\" class=\"yoast-schema-graph\">{\"@context\":\"https:\/\/schema.org\",\"@graph\":[{\"@type\":\"NewsArticle\",\"@id\":\"https:\/\/www.estrategiaconcursos.com.br\/blog\/associacoes-sefaz-sp\/#article\",\"isPartOf\":{\"@id\":\"https:\/\/www.estrategiaconcursos.com.br\/blog\/associacoes-sefaz-sp\/\"},\"author\":{\"name\":\"Rafael Ferreira Chaves\",\"@id\":\"https:\/\/www.estrategiaconcursos.com.br\/blog\/#\/schema\/person\/545cce8f1c81268ec2ca202a954284e1\"},\"headline\":\"Associa\u00e7\u00f5es: resumo de direito civil para a SEFAZ SP\",\"datePublished\":\"2026-01-28T14:49:00+00:00\",\"mainEntityOfPage\":{\"@id\":\"https:\/\/www.estrategiaconcursos.com.br\/blog\/associacoes-sefaz-sp\/\"},\"wordCount\":1049,\"commentCount\":0,\"publisher\":{\"@id\":\"https:\/\/www.estrategiaconcursos.com.br\/blog\/#organization\"},\"image\":{\"@id\":\"https:\/\/www.estrategiaconcursos.com.br\/blog\/associacoes-sefaz-sp\/#primaryimage\"},\"thumbnailUrl\":\"https:\/\/dhg1h5j42swfq.cloudfront.net\/2026\/01\/06092310\/image-29.png\",\"articleSection\":[\"Concursos P\u00fablicos\",\"Fiscal - Estadual (ICMS)\"],\"inLanguage\":\"pt-BR\",\"potentialAction\":[{\"@type\":\"CommentAction\",\"name\":\"Comment\",\"target\":[\"https:\/\/www.estrategiaconcursos.com.br\/blog\/associacoes-sefaz-sp\/#respond\"]}],\"copyrightYear\":\"2026\",\"copyrightHolder\":{\"@id\":\"https:\/\/www.estrategiaconcursos.com.br\/blog\/#organization\"}},{\"@type\":\"WebPage\",\"@id\":\"https:\/\/www.estrategiaconcursos.com.br\/blog\/associacoes-sefaz-sp\/\",\"url\":\"https:\/\/www.estrategiaconcursos.com.br\/blog\/associacoes-sefaz-sp\/\",\"name\":\"Associa\u00e7\u00f5es: resumo de direito civil para a SEFAZ SP\",\"isPartOf\":{\"@id\":\"https:\/\/www.estrategiaconcursos.com.br\/blog\/#website\"},\"primaryImageOfPage\":{\"@id\":\"https:\/\/www.estrategiaconcursos.com.br\/blog\/associacoes-sefaz-sp\/#primaryimage\"},\"image\":{\"@id\":\"https:\/\/www.estrategiaconcursos.com.br\/blog\/associacoes-sefaz-sp\/#primaryimage\"},\"thumbnailUrl\":\"https:\/\/dhg1h5j42swfq.cloudfront.net\/2026\/01\/06092310\/image-29.png\",\"datePublished\":\"2026-01-28T14:49:00+00:00\",\"description\":\"Estude sobre as associa\u00e7\u00f5es, \u00e0 luz do C\u00f3digo Civil, para o concurso da Secretaria da Fazenda do Estado de S\u00e3o Paulo (SEFAZ SP).\",\"breadcrumb\":{\"@id\":\"https:\/\/www.estrategiaconcursos.com.br\/blog\/associacoes-sefaz-sp\/#breadcrumb\"},\"inLanguage\":\"pt-BR\",\"potentialAction\":[{\"@type\":\"ReadAction\",\"target\":[\"https:\/\/www.estrategiaconcursos.com.br\/blog\/associacoes-sefaz-sp\/\"]}]},{\"@type\":\"ImageObject\",\"inLanguage\":\"pt-BR\",\"@id\":\"https:\/\/www.estrategiaconcursos.com.br\/blog\/associacoes-sefaz-sp\/#primaryimage\",\"url\":\"https:\/\/dhg1h5j42swfq.cloudfront.net\/2026\/01\/06092310\/image-29.png\",\"contentUrl\":\"https:\/\/dhg1h5j42swfq.cloudfront.net\/2026\/01\/06092310\/image-29.png\",\"width\":465,\"height\":243,\"caption\":\"Pedido de reforma de decis\u00e3o\u00a0no PAT\u00a0para SEFAZ\/SP\"},{\"@type\":\"BreadcrumbList\",\"@id\":\"https:\/\/www.estrategiaconcursos.com.br\/blog\/associacoes-sefaz-sp\/#breadcrumb\",\"itemListElement\":[{\"@type\":\"ListItem\",\"position\":1,\"name\":\"In\u00edcio\",\"item\":\"https:\/\/www.estrategiaconcursos.com.br\/blog\/\"},{\"@type\":\"ListItem\",\"position\":2,\"name\":\"Associa\u00e7\u00f5es: resumo de direito civil para a SEFAZ SP\"}]},{\"@type\":\"WebSite\",\"@id\":\"https:\/\/www.estrategiaconcursos.com.br\/blog\/#website\",\"url\":\"https:\/\/www.estrategiaconcursos.com.br\/blog\/\",\"name\":\"Estrat\u00e9gia Concursos\",\"description\":\"O blog da Estrat\u00e9gia Concursos traz not\u00edcias sobre concursos e artigos de professores oferecendo cursos para concursos (pdf + videaulas) no site.\",\"publisher\":{\"@id\":\"https:\/\/www.estrategiaconcursos.com.br\/blog\/#organization\"},\"potentialAction\":[{\"@type\":\"SearchAction\",\"target\":{\"@type\":\"EntryPoint\",\"urlTemplate\":\"https:\/\/www.estrategiaconcursos.com.br\/blog\/?s={search_term_string}\"},\"query-input\":{\"@type\":\"PropertyValueSpecification\",\"valueRequired\":true,\"valueName\":\"search_term_string\"}}],\"inLanguage\":\"pt-BR\"},{\"@type\":\"Organization\",\"@id\":\"https:\/\/www.estrategiaconcursos.com.br\/blog\/#organization\",\"name\":\"Estrat\u00e9gia Concursos\",\"url\":\"https:\/\/www.estrategiaconcursos.com.br\/blog\/\",\"logo\":{\"@type\":\"ImageObject\",\"inLanguage\":\"pt-BR\",\"@id\":\"https:\/\/www.estrategiaconcursos.com.br\/blog\/#\/schema\/logo\/image\/\",\"url\":\"https:\/\/dhg1h5j42swfq.cloudfront.net\/2025\/06\/03203428\/logo_concursos-1.jpg\",\"contentUrl\":\"https:\/\/dhg1h5j42swfq.cloudfront.net\/2025\/06\/03203428\/logo_concursos-1.jpg\",\"width\":230,\"height\":60,\"caption\":\"Estrat\u00e9gia Concursos\"},\"image\":{\"@id\":\"https:\/\/www.estrategiaconcursos.com.br\/blog\/#\/schema\/logo\/image\/\"},\"sameAs\":[\"https:\/\/x.com\/EstratConcursos\"]},{\"@type\":\"Person\",\"@id\":\"https:\/\/www.estrategiaconcursos.com.br\/blog\/#\/schema\/person\/545cce8f1c81268ec2ca202a954284e1\",\"name\":\"Rafael Ferreira Chaves\",\"image\":{\"@type\":\"ImageObject\",\"inLanguage\":\"pt-BR\",\"@id\":\"https:\/\/secure.gravatar.com\/avatar\/7d43172b7c8451a76fe991e14bf7b661f56fcd3e9d8f44dcd92c997cfaf1286f?s=96&d=mm&r=g\",\"url\":\"https:\/\/secure.gravatar.com\/avatar\/7d43172b7c8451a76fe991e14bf7b661f56fcd3e9d8f44dcd92c997cfaf1286f?s=96&d=mm&r=g\",\"contentUrl\":\"https:\/\/secure.gravatar.com\/avatar\/7d43172b7c8451a76fe991e14bf7b661f56fcd3e9d8f44dcd92c997cfaf1286f?s=96&d=mm&r=g\",\"caption\":\"Rafael Ferreira Chaves\"},\"description\":\"Engenheiro Civil formado pela Universidade Federal do Piau\u00ed - UFPI. Especialista em Engenharia Ambiental e Saneamento B\u00e1sico pela Faculdade Est\u00e1cio. Atualmente exerce o cargo de Auditor de Controle Externo do TCE\/AM. Aprovado e nomeado nos seguintes concursos: ARSETE\/PMT (1\u00ba lugar - Analista de Regula\u00e7\u00e3o - Eng. Civil), Prefeitura de Campinas\/SP (Eng. Civil) , CODEVASF (Analista de Desenvolvimento Regional - Eng. Civil), TCE\/AM (2\u00ba lugar - Auditor de Controle Externo - Obras P\u00fablicas \/ 14\u00ba lugar - Auditor de Controle Externo - Auditoria Governamental), TCE\/TO (2\u00ba lugar - Auditor de Controle Externo - Eng. Civil), TCE GO (Analista de Controle Externo - Controle Externo).\",\"url\":\"https:\/\/www.estrategiaconcursos.com.br\/blog\/author\/fchaves01gmail-com\/\"}]}<\/script>\n<!-- \/ Yoast SEO Premium plugin. -->","yoast_head_json":{"title":"Associa\u00e7\u00f5es: resumo de direito civil para a SEFAZ SP","description":"Estude sobre as associa\u00e7\u00f5es, \u00e0 luz do C\u00f3digo Civil, para o concurso da Secretaria da Fazenda do Estado de S\u00e3o Paulo (SEFAZ SP).","robots":{"index":"index","follow":"follow","max-snippet":"max-snippet:-1","max-image-preview":"max-image-preview:large","max-video-preview":"max-video-preview:-1"},"canonical":"https:\/\/www.estrategiaconcursos.com.br\/blog\/associacoes-sefaz-sp\/","og_locale":"pt_BR","og_type":"article","og_title":"Associa\u00e7\u00f5es: resumo de direito civil para a SEFAZ SP","og_description":"Estude sobre as associa\u00e7\u00f5es, \u00e0 luz do C\u00f3digo Civil, para o concurso da Secretaria da Fazenda do Estado de S\u00e3o Paulo (SEFAZ SP).","og_url":"https:\/\/www.estrategiaconcursos.com.br\/blog\/associacoes-sefaz-sp\/","og_site_name":"Estrat\u00e9gia Concursos","article_published_time":"2026-01-28T14:49:00+00:00","og_image":[{"width":465,"height":243,"url":"https:\/\/dhg1h5j42swfq.cloudfront.net\/2026\/01\/06092310\/image-29.png","type":"image\/png"}],"author":"Rafael Ferreira Chaves","twitter_card":"summary_large_image","twitter_creator":"@EstratConcursos","twitter_site":"@EstratConcursos","twitter_misc":{"Escrito por":"Rafael Ferreira Chaves","Est. tempo de leitura":"5 minutos"},"schema":{"@context":"https:\/\/schema.org","@graph":[{"@type":"NewsArticle","@id":"https:\/\/www.estrategiaconcursos.com.br\/blog\/associacoes-sefaz-sp\/#article","isPartOf":{"@id":"https:\/\/www.estrategiaconcursos.com.br\/blog\/associacoes-sefaz-sp\/"},"author":{"name":"Rafael Ferreira Chaves","@id":"https:\/\/www.estrategiaconcursos.com.br\/blog\/#\/schema\/person\/545cce8f1c81268ec2ca202a954284e1"},"headline":"Associa\u00e7\u00f5es: resumo de direito civil para a SEFAZ SP","datePublished":"2026-01-28T14:49:00+00:00","mainEntityOfPage":{"@id":"https:\/\/www.estrategiaconcursos.com.br\/blog\/associacoes-sefaz-sp\/"},"wordCount":1049,"commentCount":0,"publisher":{"@id":"https:\/\/www.estrategiaconcursos.com.br\/blog\/#organization"},"image":{"@id":"https:\/\/www.estrategiaconcursos.com.br\/blog\/associacoes-sefaz-sp\/#primaryimage"},"thumbnailUrl":"https:\/\/dhg1h5j42swfq.cloudfront.net\/2026\/01\/06092310\/image-29.png","articleSection":["Concursos P\u00fablicos","Fiscal - Estadual (ICMS)"],"inLanguage":"pt-BR","potentialAction":[{"@type":"CommentAction","name":"Comment","target":["https:\/\/www.estrategiaconcursos.com.br\/blog\/associacoes-sefaz-sp\/#respond"]}],"copyrightYear":"2026","copyrightHolder":{"@id":"https:\/\/www.estrategiaconcursos.com.br\/blog\/#organization"}},{"@type":"WebPage","@id":"https:\/\/www.estrategiaconcursos.com.br\/blog\/associacoes-sefaz-sp\/","url":"https:\/\/www.estrategiaconcursos.com.br\/blog\/associacoes-sefaz-sp\/","name":"Associa\u00e7\u00f5es: resumo de direito civil para a SEFAZ SP","isPartOf":{"@id":"https:\/\/www.estrategiaconcursos.com.br\/blog\/#website"},"primaryImageOfPage":{"@id":"https:\/\/www.estrategiaconcursos.com.br\/blog\/associacoes-sefaz-sp\/#primaryimage"},"image":{"@id":"https:\/\/www.estrategiaconcursos.com.br\/blog\/associacoes-sefaz-sp\/#primaryimage"},"thumbnailUrl":"https:\/\/dhg1h5j42swfq.cloudfront.net\/2026\/01\/06092310\/image-29.png","datePublished":"2026-01-28T14:49:00+00:00","description":"Estude sobre as associa\u00e7\u00f5es, \u00e0 luz do C\u00f3digo Civil, para o concurso da Secretaria da Fazenda do Estado de S\u00e3o Paulo (SEFAZ SP).","breadcrumb":{"@id":"https:\/\/www.estrategiaconcursos.com.br\/blog\/associacoes-sefaz-sp\/#breadcrumb"},"inLanguage":"pt-BR","potentialAction":[{"@type":"ReadAction","target":["https:\/\/www.estrategiaconcursos.com.br\/blog\/associacoes-sefaz-sp\/"]}]},{"@type":"ImageObject","inLanguage":"pt-BR","@id":"https:\/\/www.estrategiaconcursos.com.br\/blog\/associacoes-sefaz-sp\/#primaryimage","url":"https:\/\/dhg1h5j42swfq.cloudfront.net\/2026\/01\/06092310\/image-29.png","contentUrl":"https:\/\/dhg1h5j42swfq.cloudfront.net\/2026\/01\/06092310\/image-29.png","width":465,"height":243,"caption":"Pedido de reforma de decis\u00e3o\u00a0no PAT\u00a0para SEFAZ\/SP"},{"@type":"BreadcrumbList","@id":"https:\/\/www.estrategiaconcursos.com.br\/blog\/associacoes-sefaz-sp\/#breadcrumb","itemListElement":[{"@type":"ListItem","position":1,"name":"In\u00edcio","item":"https:\/\/www.estrategiaconcursos.com.br\/blog\/"},{"@type":"ListItem","position":2,"name":"Associa\u00e7\u00f5es: resumo de direito civil para a SEFAZ SP"}]},{"@type":"WebSite","@id":"https:\/\/www.estrategiaconcursos.com.br\/blog\/#website","url":"https:\/\/www.estrategiaconcursos.com.br\/blog\/","name":"Estrat\u00e9gia Concursos","description":"O blog da Estrat\u00e9gia Concursos traz not\u00edcias sobre concursos e artigos de professores oferecendo cursos para concursos (pdf + videaulas) no site.","publisher":{"@id":"https:\/\/www.estrategiaconcursos.com.br\/blog\/#organization"},"potentialAction":[{"@type":"SearchAction","target":{"@type":"EntryPoint","urlTemplate":"https:\/\/www.estrategiaconcursos.com.br\/blog\/?s={search_term_string}"},"query-input":{"@type":"PropertyValueSpecification","valueRequired":true,"valueName":"search_term_string"}}],"inLanguage":"pt-BR"},{"@type":"Organization","@id":"https:\/\/www.estrategiaconcursos.com.br\/blog\/#organization","name":"Estrat\u00e9gia Concursos","url":"https:\/\/www.estrategiaconcursos.com.br\/blog\/","logo":{"@type":"ImageObject","inLanguage":"pt-BR","@id":"https:\/\/www.estrategiaconcursos.com.br\/blog\/#\/schema\/logo\/image\/","url":"https:\/\/dhg1h5j42swfq.cloudfront.net\/2025\/06\/03203428\/logo_concursos-1.jpg","contentUrl":"https:\/\/dhg1h5j42swfq.cloudfront.net\/2025\/06\/03203428\/logo_concursos-1.jpg","width":230,"height":60,"caption":"Estrat\u00e9gia Concursos"},"image":{"@id":"https:\/\/www.estrategiaconcursos.com.br\/blog\/#\/schema\/logo\/image\/"},"sameAs":["https:\/\/x.com\/EstratConcursos"]},{"@type":"Person","@id":"https:\/\/www.estrategiaconcursos.com.br\/blog\/#\/schema\/person\/545cce8f1c81268ec2ca202a954284e1","name":"Rafael Ferreira Chaves","image":{"@type":"ImageObject","inLanguage":"pt-BR","@id":"https:\/\/secure.gravatar.com\/avatar\/7d43172b7c8451a76fe991e14bf7b661f56fcd3e9d8f44dcd92c997cfaf1286f?s=96&d=mm&r=g","url":"https:\/\/secure.gravatar.com\/avatar\/7d43172b7c8451a76fe991e14bf7b661f56fcd3e9d8f44dcd92c997cfaf1286f?s=96&d=mm&r=g","contentUrl":"https:\/\/secure.gravatar.com\/avatar\/7d43172b7c8451a76fe991e14bf7b661f56fcd3e9d8f44dcd92c997cfaf1286f?s=96&d=mm&r=g","caption":"Rafael Ferreira Chaves"},"description":"Engenheiro Civil formado pela Universidade Federal do Piau\u00ed - UFPI. Especialista em Engenharia Ambiental e Saneamento B\u00e1sico pela Faculdade Est\u00e1cio. Atualmente exerce o cargo de Auditor de Controle Externo do TCE\/AM. Aprovado e nomeado nos seguintes concursos: ARSETE\/PMT (1\u00ba lugar - Analista de Regula\u00e7\u00e3o - Eng. Civil), Prefeitura de Campinas\/SP (Eng. Civil) , CODEVASF (Analista de Desenvolvimento Regional - Eng. Civil), TCE\/AM (2\u00ba lugar - Auditor de Controle Externo - Obras P\u00fablicas \/ 14\u00ba lugar - Auditor de Controle Externo - Auditoria Governamental), TCE\/TO (2\u00ba lugar - Auditor de Controle Externo - Eng. Civil), TCE GO (Analista de Controle Externo - Controle Externo).","url":"https:\/\/www.estrategiaconcursos.com.br\/blog\/author\/fchaves01gmail-com\/"}]}},"_links":{"self":[{"href":"https:\/\/www.estrategiaconcursos.com.br\/blog\/wp-json\/wp\/v2\/posts\/1697017","targetHints":{"allow":["GET"]}}],"collection":[{"href":"https:\/\/www.estrategiaconcursos.com.br\/blog\/wp-json\/wp\/v2\/posts"}],"about":[{"href":"https:\/\/www.estrategiaconcursos.com.br\/blog\/wp-json\/wp\/v2\/types\/post"}],"author":[{"embeddable":true,"href":"https:\/\/www.estrategiaconcursos.com.br\/blog\/wp-json\/wp\/v2\/users\/2261"}],"replies":[{"embeddable":true,"href":"https:\/\/www.estrategiaconcursos.com.br\/blog\/wp-json\/wp\/v2\/comments?post=1697017"}],"version-history":[{"count":3,"href":"https:\/\/www.estrategiaconcursos.com.br\/blog\/wp-json\/wp\/v2\/posts\/1697017\/revisions"}],"predecessor-version":[{"id":1697110,"href":"https:\/\/www.estrategiaconcursos.com.br\/blog\/wp-json\/wp\/v2\/posts\/1697017\/revisions\/1697110"}],"wp:featuredmedia":[{"embeddable":true,"href":"https:\/\/www.estrategiaconcursos.com.br\/blog\/wp-json\/wp\/v2\/media\/1693990"}],"wp:attachment":[{"href":"https:\/\/www.estrategiaconcursos.com.br\/blog\/wp-json\/wp\/v2\/media?parent=1697017"}],"wp:term":[{"taxonomy":"category","embeddable":true,"href":"https:\/\/www.estrategiaconcursos.com.br\/blog\/wp-json\/wp\/v2\/categories?post=1697017"},{"taxonomy":"post_tag","embeddable":true,"href":"https:\/\/www.estrategiaconcursos.com.br\/blog\/wp-json\/wp\/v2\/tags?post=1697017"},{"taxonomy":"tax_estado","embeddable":true,"href":"https:\/\/www.estrategiaconcursos.com.br\/blog\/wp-json\/wp\/v2\/tax_estado?post=1697017"}],"curies":[{"name":"wp","href":"https:\/\/api.w.org\/{rel}","templated":true}]}}