{"id":1696812,"date":"2026-01-12T16:10:00","date_gmt":"2026-01-12T19:10:00","guid":{"rendered":"https:\/\/www.estrategiaconcursos.com.br\/blog\/?p=1696812"},"modified":"2026-01-12T16:10:19","modified_gmt":"2026-01-12T19:10:19","slug":"sefaz-ac-loa-2026-menciona-concurso","status":"publish","type":"post","link":"https:\/\/www.estrategiaconcursos.com.br\/blog\/sefaz-ac-loa-2026-menciona-concurso\/","title":{"rendered":"Sefaz AC: LOA 2026 menciona concurso; entenda!"},"content":{"rendered":"\n<p>Com concurso vigente at\u00e9 2027, a <strong><a href=\"https:\/\/www.estrategiaconcursos.com.br\/cursosPorConcurso\/secretaria-da-fazenda-do-estado-do-acre-sefaz-ac\/\" target=\"_blank\" rel=\"noreferrer noopener\">Secretaria de Fazenda do Acre<\/a><\/strong> (Sefaz AC) foi mencionada na Lei Or\u00e7ament\u00e1ria do Estado (LOA) para 2026.<\/p>\n\n\n\n<p>Entretanto, dificilmente isso significa que um novo concurso ser\u00e1 aberto este ano, uma vez que o \u00faltimo edital est\u00e1 na validade e com nomea\u00e7\u00f5es em espera.<\/p>\n\n\n\n<p>Atualmente, a Sefaz aguarda a decis\u00e3o do Tribunal de Contas do Estado (TCE AC) acerca do pedido de autoriza\u00e7\u00e3o para nomea\u00e7\u00e3o dos candidatos.<\/p>\n\n\n\n<p>A solicita\u00e7\u00e3o, feita em maio do \u00faltimo ano, pede uma exce\u00e7\u00e3o \u00e0 Lei de Responsabilidade Fiscal (LRF), uma vez que o Estado ultrapassou o limite de gastos com pessoal.<\/p>\n\n\n\n<p><em>\u201cO pedido n\u00e3o \u00e9 em raz\u00e3o de crise, mas em raz\u00e3o da&nbsp;<strong>necessidade de repor o n\u00famero de servidores, considerando que n\u00e3o se tinha concurso h\u00e1 muito tempo<\/strong>. Servidores se aposentaram, outros faleceram, e por isso se faz necess\u00e1ria a convoca\u00e7\u00e3o\u201d<\/em>, afirmou o secret\u00e1rio da Fazenda, Amar\u00edsio Freitas, em entrevista ao portal \u201c<a href=\"https:\/\/ac24horas.com\/2025\/06\/26\/sefaz-aguarda-decisao-do-tce-para-nomear-aprovados-em-concurso-publico\/\" target=\"_blank\" rel=\"noreferrer noopener\">ac24horas<\/a>\u201c.<\/p>\n\n\n\n<figure class=\"wp-block-image aligncenter size-large\"><img loading=\"lazy\" decoding=\"async\" width=\"1024\" height=\"689\" src=\"https:\/\/dhg1h5j42swfq.cloudfront.net\/2026\/01\/12160759\/image-149-1024x689.png\" alt=\"Sefaz AC: LOA 2026 menciona concurso; entenda!\" class=\"wp-image-1697962\" srcset=\"https:\/\/dhg1h5j42swfq.cloudfront.net\/2026\/01\/12160759\/image-149-1024x689.png 1024w, https:\/\/dhg1h5j42swfq.cloudfront.net\/2026\/01\/12160759\/image-149-300x202.png 300w, https:\/\/dhg1h5j42swfq.cloudfront.net\/2026\/01\/12160759\/image-149-768x516.png 768w, https:\/\/dhg1h5j42swfq.cloudfront.net\/2026\/01\/12160759\/image-149-150x101.png 150w, https:\/\/dhg1h5j42swfq.cloudfront.net\/2026\/01\/12160759\/image-149.png 1142w\" sizes=\"auto, (max-width: 1024px) 100vw, 1024px\" \/><figcaption class=\"wp-element-caption\">Sefaz AC: LOA 2026 menciona concurso; entenda!<\/figcaption><\/figure>\n\n\n\n<ul class=\"wp-block-list\">\n<li><strong><a href=\"https:\/\/dhg1h5j42swfq.cloudfront.net\/2026\/01\/12160932\/loa_2026_diario_oficial12012026.pdf\" target=\"_blank\" rel=\"noreferrer noopener nofollow\">Confira a LOA AC 2026 na \u00edntegra<\/a><\/strong><\/li>\n<\/ul>\n\n\n\n<div class=\"container\" id=\"boxes\">\n  <div class=\"row\">\n\n    <div class=\"col-sm\">\n      <div class=\"banner-sefaz-ec\" id=\"box-assinatura\">\n        <h2 class=\"titulo-assinatura\">Concurso Sefaz AC<\/h2>\n        <p class=\"subtitulo-assinatura\">Conhe\u00e7a os cursos para a Sefaz AC<\/p>\n        <div class=\"box-botao\">\n          <a class=\"btn-assinatura\" target=\"_blank\" href=\"https:\/\/www.estrategiaconcursos.com.br\/cursosPorConcurso\/secretaria-da-fazenda-do-estado-do-acre-sefaz-ac\/\" role=\"button\" rel=\"noopener noreferrer\">INICIAR PREPARA\u00c7\u00c3O<\/a>\n        <\/div>\n      <\/div>\n      \n    <\/div>\n\n  <\/div>\n<\/div>\n\n\n\n<h2 class=\"wp-block-heading\" id=\"h-como-foi-o-ultimo-concurso-da-sefaz-ac\">Como foi o \u00faltimo concurso da Sefaz AC?<\/h2>\n\n\n\n<p>Com organiza\u00e7\u00e3o do <a href=\"https:\/\/www.cebraspe.org.br\/concursos\/SEFAZ_AC_23\" target=\"_blank\" rel=\"noreferrer noopener\">Cebraspe<\/a>, foram ofertadas&nbsp;<strong>164 vagas&nbsp;<\/strong>para cargos de n\u00edveis m\u00e9dio e superior, com remunera\u00e7\u00f5es entre&nbsp;<strong>R$ 3,1 mil e R$ 20,5 mil<\/strong>. No total,&nbsp;<strong>22 mil candidatos se inscreveram<\/strong>.<\/p>\n\n\n\n<figure class=\"wp-block-table is-style-stripes\"><table><thead><tr><th class=\"has-text-align-center\" data-align=\"center\">Cargo<\/th><th class=\"has-text-align-center\" data-align=\"center\">Vagas<\/th><th class=\"has-text-align-center\" data-align=\"center\">Sal\u00e1rio<\/th><th class=\"has-text-align-center\" data-align=\"center\">Requisito<\/th><\/tr><\/thead><tbody><tr><td class=\"has-text-align-center\" data-align=\"center\">T\u00e9cnico da Fazenda Estadual<\/td><td class=\"has-text-align-center\" data-align=\"center\">60<\/td><td class=\"has-text-align-center\" data-align=\"center\">R$ 3.190,24<\/td><td class=\"has-text-align-center\" data-align=\"center\">N\u00edvel m\u00e9dio<\/td><\/tr><tr><td class=\"has-text-align-center\" data-align=\"center\">Auditor da Receita Estadual<\/td><td class=\"has-text-align-center\" data-align=\"center\">48<\/td><td class=\"has-text-align-center\" data-align=\"center\">R$ 20.524,32<\/td><td class=\"has-text-align-center\" data-align=\"center\">N\u00edvel superior<\/td><\/tr><tr><td class=\"has-text-align-center\" data-align=\"center\">Contador<\/td><td class=\"has-text-align-center\" data-align=\"center\">09<\/td><td class=\"has-text-align-center\" data-align=\"center\">R$ 9.171,85<\/td><td class=\"has-text-align-center\" data-align=\"center\">N\u00edvel superior<\/td><\/tr><tr><td class=\"has-text-align-center\" data-align=\"center\">Especialista da Fazenda Estadual<\/td><td class=\"has-text-align-center\" data-align=\"center\">47<\/td><td class=\"has-text-align-center\" data-align=\"center\">R$ 9.171,85<\/td><td class=\"has-text-align-center\" data-align=\"center\">N\u00edvel superior<\/td><\/tr><\/tbody><\/table><figcaption class=\"wp-element-caption\">Vagas, sal\u00e1rios e requisitos dos cargos ofertados<\/figcaption><\/figure>\n\n\n\n<hr class=\"wp-block-separator has-alpha-channel-opacity is-style-dots\"\/>\n\n\n\n<p class=\"has-text-align-center\"><em>Para ficar por dentro de todas as informa\u00e7\u00f5es sobre o concurso Sefaz AC, al\u00e9m da LOA 2026, n\u00e3o deixe de conferir nosso artigo completo sobre a sele\u00e7\u00e3o:<\/em><\/p>\n\n\n\n<p class=\"has-text-align-center has-background\" style=\"background-color:#dbe0e3;font-size:clamp(15.747px, 0.984rem + ((1vw - 3.2px) * 0.809), 24px);\"><strong><a href=\"https:\/\/www.estrategiaconcursos.com.br\/blog\/concurso-sefaz-ac\/\" target=\"_blank\" rel=\"noreferrer noopener\">Mais informa\u00e7\u00f5es do concurso Sefaz AC<\/a><\/strong><\/p>\n\n\n\n<hr class=\"wp-block-separator has-alpha-channel-opacity\"\/>\n\n\n\n<h2 class=\"wp-block-heading has-text-align-center\" id=\"cursos-assinatura\"><em>Quer estudar para o concurso Sefaz AC?<\/em><\/h2>\n\n\n\n<div class=\"container\" id=\"boxes\">\r\n  <div class=\"row\">\r\n\r\n    <div class=\"col-sm\">\r\n      <div class=\"estrategia\" id=\"box-assinatura\">\r\n        <h3 class=\"titulo-assinatura\">Assinatura Concursos<\/h3>\r\n        <p class=\"subtitulo-assinatura\">Assinatura de 1 ano ou 2 anos<\/p>\r\n        <div class=\"box-botao\">\r\n          <a class=\"btn-assinatura\" target=\"_blank\" href=\"https:\/\/www.estrategiaconcursos.com.br\/assinaturas\/\" role=\"button\" rel=\"noopener noreferrer\">ASSINE AGORA<\/a>\r\n        <\/div>\r\n      <\/div><\/div><\/div><\/div>\n\n\n\n<h2 class=\"wp-block-heading has-text-align-center\" id=\"h-quer-saber-tudo-sobre-concursos-previstos-confira-os-nossos-artigos\">Quer saber tudo sobre concursos previstos?<br \/>Confira os nossos artigos!<\/h2>\n\n\n\n<ul class=\"wp-block-list\">\n<li><a rel=\"noreferrer noopener\" href=\"https:\/\/www.estrategiaconcursos.com.br\/blog\/concursos-abertos\/\" target=\"_blank\">Concursos Abertos<\/a><\/li>\n\n\n\n<li><a href=\"https:\/\/www.estrategiaconcursos.com.br\/blog\/concursos-fiscais\/\" target=\"_blank\" rel=\"noreferrer noopener\">Concursos Fiscais<\/a><\/li>\n\n\n\n<li><a href=\"https:\/\/www.estrategiaconcursos.com.br\/blog\/concursos-2026\/\" target=\"_blank\" rel=\"noreferrer noopener\">Concursos 2026<\/a><\/li>\n<\/ul>\n","protected":false},"excerpt":{"rendered":"<p>Com concurso vigente at\u00e9 2027, a Secretaria de Fazenda do Acre (Sefaz AC) foi mencionada na Lei Or\u00e7ament\u00e1ria do Estado (LOA) para 2026. Entretanto, dificilmente isso significa que um novo concurso ser\u00e1 aberto este ano, uma vez que o \u00faltimo edital est\u00e1 na validade e com nomea\u00e7\u00f5es em espera. Atualmente, a Sefaz aguarda a decis\u00e3o [&hellip;]<\/p>\n","protected":false},"author":659,"featured_media":1596510,"comment_status":"open","ping_status":"closed","sticky":false,"template":"","format":"standard","meta":{"post_tipo":"news","footnotes":""},"categories":[1983,220219],"tags":[],"tax_estado":[219964],"class_list":["post-1696812","post","type-post","status-publish","format-standard","has-post-thumbnail","hentry","category-fiscal-estadual","category-noticias","tax_estado-ac"],"acf":[],"yoast_head":"<!-- This site is optimized with the Yoast SEO Premium plugin v27.2 (Yoast SEO v27.2) - https:\/\/yoast.com\/product\/yoast-seo-premium-wordpress\/ -->\n<title>Sefaz AC: LOA 2026 menciona concurso; entenda!<\/title>\n<meta name=\"description\" content=\"Concurso Sefaz AC: LOA 2026 do Acre menciona concurso na Secretaria da Fazenda. Entenda se h\u00e1 chances reais de um novo edital.\" \/>\n<meta name=\"robots\" content=\"index, follow, max-snippet:-1, max-image-preview:large, max-video-preview:-1\" \/>\n<link rel=\"canonical\" href=\"https:\/\/www.estrategiaconcursos.com.br\/blog\/sefaz-ac-loa-2026-menciona-concurso\/\" \/>\n<meta property=\"og:locale\" content=\"pt_BR\" \/>\n<meta property=\"og:type\" content=\"article\" \/>\n<meta property=\"og:title\" content=\"Sefaz AC: LOA 2026 menciona concurso; entenda!\" \/>\n<meta property=\"og:description\" content=\"Concurso Sefaz AC: LOA 2026 do Acre menciona concurso na Secretaria da Fazenda. Entenda se h\u00e1 chances reais de um novo edital.\" \/>\n<meta property=\"og:url\" content=\"https:\/\/www.estrategiaconcursos.com.br\/blog\/sefaz-ac-loa-2026-menciona-concurso\/\" \/>\n<meta property=\"og:site_name\" content=\"Estrat\u00e9gia Concursos\" \/>\n<meta property=\"article:published_time\" content=\"2026-01-12T19:10:00+00:00\" \/>\n<meta property=\"article:modified_time\" content=\"2026-01-12T19:10:19+00:00\" \/>\n<meta property=\"og:image\" content=\"https:\/\/dhg1h5j42swfq.cloudfront.net\/2025\/06\/26092941\/sefaz-ac.jpg\" \/>\n\t<meta property=\"og:image:width\" content=\"768\" \/>\n\t<meta property=\"og:image:height\" content=\"432\" \/>\n\t<meta property=\"og:image:type\" content=\"image\/jpeg\" \/>\n<meta name=\"author\" content=\"Camila Leite\" \/>\n<meta name=\"twitter:card\" content=\"summary_large_image\" \/>\n<meta name=\"twitter:creator\" content=\"@EstratConcursos\" \/>\n<meta name=\"twitter:site\" content=\"@EstratConcursos\" \/>\n<meta name=\"twitter:label1\" content=\"Escrito por\" \/>\n\t<meta name=\"twitter:data1\" content=\"Camila Leite\" \/>\n\t<meta name=\"twitter:label2\" content=\"Est. tempo de leitura\" \/>\n\t<meta name=\"twitter:data2\" content=\"2 minutos\" \/>\n<script type=\"application\/ld+json\" class=\"yoast-schema-graph\">{\"@context\":\"https:\/\/schema.org\",\"@graph\":[{\"@type\":\"NewsArticle\",\"@id\":\"https:\/\/www.estrategiaconcursos.com.br\/blog\/sefaz-ac-loa-2026-menciona-concurso\/#article\",\"isPartOf\":{\"@id\":\"https:\/\/www.estrategiaconcursos.com.br\/blog\/sefaz-ac-loa-2026-menciona-concurso\/\"},\"author\":{\"name\":\"Camila Leite\",\"@id\":\"https:\/\/www.estrategiaconcursos.com.br\/blog\/#\/schema\/person\/84ecdc6eb58d3cf1689bf76c5cd8fb38\"},\"headline\":\"Sefaz AC: LOA 2026 menciona concurso; entenda!\",\"datePublished\":\"2026-01-12T19:10:00+00:00\",\"dateModified\":\"2026-01-12T19:10:19+00:00\",\"mainEntityOfPage\":{\"@id\":\"https:\/\/www.estrategiaconcursos.com.br\/blog\/sefaz-ac-loa-2026-menciona-concurso\/\"},\"wordCount\":357,\"commentCount\":0,\"publisher\":{\"@id\":\"https:\/\/www.estrategiaconcursos.com.br\/blog\/#organization\"},\"image\":{\"@id\":\"https:\/\/www.estrategiaconcursos.com.br\/blog\/sefaz-ac-loa-2026-menciona-concurso\/#primaryimage\"},\"thumbnailUrl\":\"https:\/\/dhg1h5j42swfq.cloudfront.net\/2025\/06\/26092941\/sefaz-ac.jpg\",\"articleSection\":[\"Fiscal - Estadual (ICMS)\",\"\u00daltimas not\u00edcias\"],\"inLanguage\":\"pt-BR\",\"potentialAction\":[{\"@type\":\"CommentAction\",\"name\":\"Comment\",\"target\":[\"https:\/\/www.estrategiaconcursos.com.br\/blog\/sefaz-ac-loa-2026-menciona-concurso\/#respond\"]}],\"copyrightYear\":\"2026\",\"copyrightHolder\":{\"@id\":\"https:\/\/www.estrategiaconcursos.com.br\/blog\/#organization\"}},{\"@type\":\"WebPage\",\"@id\":\"https:\/\/www.estrategiaconcursos.com.br\/blog\/sefaz-ac-loa-2026-menciona-concurso\/\",\"url\":\"https:\/\/www.estrategiaconcursos.com.br\/blog\/sefaz-ac-loa-2026-menciona-concurso\/\",\"name\":\"Sefaz AC: LOA 2026 menciona concurso; entenda!\",\"isPartOf\":{\"@id\":\"https:\/\/www.estrategiaconcursos.com.br\/blog\/#website\"},\"primaryImageOfPage\":{\"@id\":\"https:\/\/www.estrategiaconcursos.com.br\/blog\/sefaz-ac-loa-2026-menciona-concurso\/#primaryimage\"},\"image\":{\"@id\":\"https:\/\/www.estrategiaconcursos.com.br\/blog\/sefaz-ac-loa-2026-menciona-concurso\/#primaryimage\"},\"thumbnailUrl\":\"https:\/\/dhg1h5j42swfq.cloudfront.net\/2025\/06\/26092941\/sefaz-ac.jpg\",\"datePublished\":\"2026-01-12T19:10:00+00:00\",\"dateModified\":\"2026-01-12T19:10:19+00:00\",\"description\":\"Concurso Sefaz AC: LOA 2026 do Acre menciona concurso na Secretaria da Fazenda. Entenda se h\u00e1 chances reais de um novo edital.\",\"breadcrumb\":{\"@id\":\"https:\/\/www.estrategiaconcursos.com.br\/blog\/sefaz-ac-loa-2026-menciona-concurso\/#breadcrumb\"},\"inLanguage\":\"pt-BR\",\"potentialAction\":[{\"@type\":\"ReadAction\",\"target\":[\"https:\/\/www.estrategiaconcursos.com.br\/blog\/sefaz-ac-loa-2026-menciona-concurso\/\"]}]},{\"@type\":\"ImageObject\",\"inLanguage\":\"pt-BR\",\"@id\":\"https:\/\/www.estrategiaconcursos.com.br\/blog\/sefaz-ac-loa-2026-menciona-concurso\/#primaryimage\",\"url\":\"https:\/\/dhg1h5j42swfq.cloudfront.net\/2025\/06\/26092941\/sefaz-ac.jpg\",\"contentUrl\":\"https:\/\/dhg1h5j42swfq.cloudfront.net\/2025\/06\/26092941\/sefaz-ac.jpg\",\"width\":768,\"height\":432,\"caption\":\"Concurso Sefaz AC nomea\u00e7\u00e3o\"},{\"@type\":\"BreadcrumbList\",\"@id\":\"https:\/\/www.estrategiaconcursos.com.br\/blog\/sefaz-ac-loa-2026-menciona-concurso\/#breadcrumb\",\"itemListElement\":[{\"@type\":\"ListItem\",\"position\":1,\"name\":\"In\u00edcio\",\"item\":\"https:\/\/www.estrategiaconcursos.com.br\/blog\/\"},{\"@type\":\"ListItem\",\"position\":2,\"name\":\"Sefaz AC: LOA 2026 menciona concurso; entenda!\"}]},{\"@type\":\"WebSite\",\"@id\":\"https:\/\/www.estrategiaconcursos.com.br\/blog\/#website\",\"url\":\"https:\/\/www.estrategiaconcursos.com.br\/blog\/\",\"name\":\"Estrat\u00e9gia Concursos\",\"description\":\"O blog da Estrat\u00e9gia Concursos traz not\u00edcias sobre concursos e artigos de professores oferecendo cursos para concursos (pdf + videaulas) no site.\",\"publisher\":{\"@id\":\"https:\/\/www.estrategiaconcursos.com.br\/blog\/#organization\"},\"potentialAction\":[{\"@type\":\"SearchAction\",\"target\":{\"@type\":\"EntryPoint\",\"urlTemplate\":\"https:\/\/www.estrategiaconcursos.com.br\/blog\/?s={search_term_string}\"},\"query-input\":{\"@type\":\"PropertyValueSpecification\",\"valueRequired\":true,\"valueName\":\"search_term_string\"}}],\"inLanguage\":\"pt-BR\"},{\"@type\":\"Organization\",\"@id\":\"https:\/\/www.estrategiaconcursos.com.br\/blog\/#organization\",\"name\":\"Estrat\u00e9gia Concursos\",\"url\":\"https:\/\/www.estrategiaconcursos.com.br\/blog\/\",\"logo\":{\"@type\":\"ImageObject\",\"inLanguage\":\"pt-BR\",\"@id\":\"https:\/\/www.estrategiaconcursos.com.br\/blog\/#\/schema\/logo\/image\/\",\"url\":\"https:\/\/dhg1h5j42swfq.cloudfront.net\/2025\/06\/03203428\/logo_concursos-1.jpg\",\"contentUrl\":\"https:\/\/dhg1h5j42swfq.cloudfront.net\/2025\/06\/03203428\/logo_concursos-1.jpg\",\"width\":230,\"height\":60,\"caption\":\"Estrat\u00e9gia Concursos\"},\"image\":{\"@id\":\"https:\/\/www.estrategiaconcursos.com.br\/blog\/#\/schema\/logo\/image\/\"},\"sameAs\":[\"https:\/\/x.com\/EstratConcursos\"]},{\"@type\":\"Person\",\"@id\":\"https:\/\/www.estrategiaconcursos.com.br\/blog\/#\/schema\/person\/84ecdc6eb58d3cf1689bf76c5cd8fb38\",\"name\":\"Camila Leite\",\"image\":{\"@type\":\"ImageObject\",\"inLanguage\":\"pt-BR\",\"@id\":\"https:\/\/secure.gravatar.com\/avatar\/f2f8faef639c8a2bfb7fb909912a56917f4c3a0aed064500168e2fb8ea55cf61?s=96&d=mm&r=g\",\"url\":\"https:\/\/secure.gravatar.com\/avatar\/f2f8faef639c8a2bfb7fb909912a56917f4c3a0aed064500168e2fb8ea55cf61?s=96&d=mm&r=g\",\"contentUrl\":\"https:\/\/secure.gravatar.com\/avatar\/f2f8faef639c8a2bfb7fb909912a56917f4c3a0aed064500168e2fb8ea55cf61?s=96&d=mm&r=g\",\"caption\":\"Camila Leite\"},\"description\":\"Formada em Design Gr\u00e1fico e em Propaganda e Marketing pela UNIP, integra a equipe de jornalismo do Estrat\u00e9gia Concursos desde 2018. Ao longo dos anos, construiu uma s\u00f3lida experi\u00eancia na produ\u00e7\u00e3o de conte\u00fado informativo e relevante para concurseiros. Desde 2020, atua na cobertura das \u00e1reas Fiscal \u2014 com \u00eanfase nas Secretarias de Fazenda (Sefaz) das regi\u00f5es Sul e Sudeste \u2014, al\u00e9m da cobertura de concursos federais, como CNU, Petrobras, CGU, Receita Federal, ag\u00eancias reguladoras (Anvisa, ANAC, entre outras) e INSS. Mant\u00e9m contato direto com os principais \u00f3rg\u00e3os p\u00fablicos, acompanhando editais, atualiza\u00e7\u00f5es e movimenta\u00e7\u00f5es importantes para os candidatos.\",\"sameAs\":[\"https:\/\/www.linkedin.com\/in\/camila-pinheiro-leite-9ba135b6\/\"],\"url\":\"https:\/\/www.estrategiaconcursos.com.br\/blog\/author\/camila-leiteestrategiaconcursos-com-br\/\"}]}<\/script>\n<!-- \/ Yoast SEO Premium plugin. -->","yoast_head_json":{"title":"Sefaz AC: LOA 2026 menciona concurso; entenda!","description":"Concurso Sefaz AC: LOA 2026 do Acre menciona concurso na Secretaria da Fazenda. Entenda se h\u00e1 chances reais de um novo edital.","robots":{"index":"index","follow":"follow","max-snippet":"max-snippet:-1","max-image-preview":"max-image-preview:large","max-video-preview":"max-video-preview:-1"},"canonical":"https:\/\/www.estrategiaconcursos.com.br\/blog\/sefaz-ac-loa-2026-menciona-concurso\/","og_locale":"pt_BR","og_type":"article","og_title":"Sefaz AC: LOA 2026 menciona concurso; entenda!","og_description":"Concurso Sefaz AC: LOA 2026 do Acre menciona concurso na Secretaria da Fazenda. Entenda se h\u00e1 chances reais de um novo edital.","og_url":"https:\/\/www.estrategiaconcursos.com.br\/blog\/sefaz-ac-loa-2026-menciona-concurso\/","og_site_name":"Estrat\u00e9gia Concursos","article_published_time":"2026-01-12T19:10:00+00:00","article_modified_time":"2026-01-12T19:10:19+00:00","og_image":[{"width":768,"height":432,"url":"https:\/\/dhg1h5j42swfq.cloudfront.net\/2025\/06\/26092941\/sefaz-ac.jpg","type":"image\/jpeg"}],"author":"Camila Leite","twitter_card":"summary_large_image","twitter_creator":"@EstratConcursos","twitter_site":"@EstratConcursos","twitter_misc":{"Escrito por":"Camila Leite","Est. tempo de leitura":"2 minutos"},"schema":{"@context":"https:\/\/schema.org","@graph":[{"@type":"NewsArticle","@id":"https:\/\/www.estrategiaconcursos.com.br\/blog\/sefaz-ac-loa-2026-menciona-concurso\/#article","isPartOf":{"@id":"https:\/\/www.estrategiaconcursos.com.br\/blog\/sefaz-ac-loa-2026-menciona-concurso\/"},"author":{"name":"Camila Leite","@id":"https:\/\/www.estrategiaconcursos.com.br\/blog\/#\/schema\/person\/84ecdc6eb58d3cf1689bf76c5cd8fb38"},"headline":"Sefaz AC: LOA 2026 menciona concurso; entenda!","datePublished":"2026-01-12T19:10:00+00:00","dateModified":"2026-01-12T19:10:19+00:00","mainEntityOfPage":{"@id":"https:\/\/www.estrategiaconcursos.com.br\/blog\/sefaz-ac-loa-2026-menciona-concurso\/"},"wordCount":357,"commentCount":0,"publisher":{"@id":"https:\/\/www.estrategiaconcursos.com.br\/blog\/#organization"},"image":{"@id":"https:\/\/www.estrategiaconcursos.com.br\/blog\/sefaz-ac-loa-2026-menciona-concurso\/#primaryimage"},"thumbnailUrl":"https:\/\/dhg1h5j42swfq.cloudfront.net\/2025\/06\/26092941\/sefaz-ac.jpg","articleSection":["Fiscal - Estadual (ICMS)","\u00daltimas not\u00edcias"],"inLanguage":"pt-BR","potentialAction":[{"@type":"CommentAction","name":"Comment","target":["https:\/\/www.estrategiaconcursos.com.br\/blog\/sefaz-ac-loa-2026-menciona-concurso\/#respond"]}],"copyrightYear":"2026","copyrightHolder":{"@id":"https:\/\/www.estrategiaconcursos.com.br\/blog\/#organization"}},{"@type":"WebPage","@id":"https:\/\/www.estrategiaconcursos.com.br\/blog\/sefaz-ac-loa-2026-menciona-concurso\/","url":"https:\/\/www.estrategiaconcursos.com.br\/blog\/sefaz-ac-loa-2026-menciona-concurso\/","name":"Sefaz AC: LOA 2026 menciona concurso; entenda!","isPartOf":{"@id":"https:\/\/www.estrategiaconcursos.com.br\/blog\/#website"},"primaryImageOfPage":{"@id":"https:\/\/www.estrategiaconcursos.com.br\/blog\/sefaz-ac-loa-2026-menciona-concurso\/#primaryimage"},"image":{"@id":"https:\/\/www.estrategiaconcursos.com.br\/blog\/sefaz-ac-loa-2026-menciona-concurso\/#primaryimage"},"thumbnailUrl":"https:\/\/dhg1h5j42swfq.cloudfront.net\/2025\/06\/26092941\/sefaz-ac.jpg","datePublished":"2026-01-12T19:10:00+00:00","dateModified":"2026-01-12T19:10:19+00:00","description":"Concurso Sefaz AC: LOA 2026 do Acre menciona concurso na Secretaria da Fazenda. Entenda se h\u00e1 chances reais de um novo edital.","breadcrumb":{"@id":"https:\/\/www.estrategiaconcursos.com.br\/blog\/sefaz-ac-loa-2026-menciona-concurso\/#breadcrumb"},"inLanguage":"pt-BR","potentialAction":[{"@type":"ReadAction","target":["https:\/\/www.estrategiaconcursos.com.br\/blog\/sefaz-ac-loa-2026-menciona-concurso\/"]}]},{"@type":"ImageObject","inLanguage":"pt-BR","@id":"https:\/\/www.estrategiaconcursos.com.br\/blog\/sefaz-ac-loa-2026-menciona-concurso\/#primaryimage","url":"https:\/\/dhg1h5j42swfq.cloudfront.net\/2025\/06\/26092941\/sefaz-ac.jpg","contentUrl":"https:\/\/dhg1h5j42swfq.cloudfront.net\/2025\/06\/26092941\/sefaz-ac.jpg","width":768,"height":432,"caption":"Concurso Sefaz AC nomea\u00e7\u00e3o"},{"@type":"BreadcrumbList","@id":"https:\/\/www.estrategiaconcursos.com.br\/blog\/sefaz-ac-loa-2026-menciona-concurso\/#breadcrumb","itemListElement":[{"@type":"ListItem","position":1,"name":"In\u00edcio","item":"https:\/\/www.estrategiaconcursos.com.br\/blog\/"},{"@type":"ListItem","position":2,"name":"Sefaz AC: LOA 2026 menciona concurso; entenda!"}]},{"@type":"WebSite","@id":"https:\/\/www.estrategiaconcursos.com.br\/blog\/#website","url":"https:\/\/www.estrategiaconcursos.com.br\/blog\/","name":"Estrat\u00e9gia Concursos","description":"O blog da Estrat\u00e9gia Concursos traz not\u00edcias sobre concursos e artigos de professores oferecendo cursos para concursos (pdf + videaulas) no site.","publisher":{"@id":"https:\/\/www.estrategiaconcursos.com.br\/blog\/#organization"},"potentialAction":[{"@type":"SearchAction","target":{"@type":"EntryPoint","urlTemplate":"https:\/\/www.estrategiaconcursos.com.br\/blog\/?s={search_term_string}"},"query-input":{"@type":"PropertyValueSpecification","valueRequired":true,"valueName":"search_term_string"}}],"inLanguage":"pt-BR"},{"@type":"Organization","@id":"https:\/\/www.estrategiaconcursos.com.br\/blog\/#organization","name":"Estrat\u00e9gia Concursos","url":"https:\/\/www.estrategiaconcursos.com.br\/blog\/","logo":{"@type":"ImageObject","inLanguage":"pt-BR","@id":"https:\/\/www.estrategiaconcursos.com.br\/blog\/#\/schema\/logo\/image\/","url":"https:\/\/dhg1h5j42swfq.cloudfront.net\/2025\/06\/03203428\/logo_concursos-1.jpg","contentUrl":"https:\/\/dhg1h5j42swfq.cloudfront.net\/2025\/06\/03203428\/logo_concursos-1.jpg","width":230,"height":60,"caption":"Estrat\u00e9gia Concursos"},"image":{"@id":"https:\/\/www.estrategiaconcursos.com.br\/blog\/#\/schema\/logo\/image\/"},"sameAs":["https:\/\/x.com\/EstratConcursos"]},{"@type":"Person","@id":"https:\/\/www.estrategiaconcursos.com.br\/blog\/#\/schema\/person\/84ecdc6eb58d3cf1689bf76c5cd8fb38","name":"Camila Leite","image":{"@type":"ImageObject","inLanguage":"pt-BR","@id":"https:\/\/secure.gravatar.com\/avatar\/f2f8faef639c8a2bfb7fb909912a56917f4c3a0aed064500168e2fb8ea55cf61?s=96&d=mm&r=g","url":"https:\/\/secure.gravatar.com\/avatar\/f2f8faef639c8a2bfb7fb909912a56917f4c3a0aed064500168e2fb8ea55cf61?s=96&d=mm&r=g","contentUrl":"https:\/\/secure.gravatar.com\/avatar\/f2f8faef639c8a2bfb7fb909912a56917f4c3a0aed064500168e2fb8ea55cf61?s=96&d=mm&r=g","caption":"Camila Leite"},"description":"Formada em Design Gr\u00e1fico e em Propaganda e Marketing pela UNIP, integra a equipe de jornalismo do Estrat\u00e9gia Concursos desde 2018. Ao longo dos anos, construiu uma s\u00f3lida experi\u00eancia na produ\u00e7\u00e3o de conte\u00fado informativo e relevante para concurseiros. Desde 2020, atua na cobertura das \u00e1reas Fiscal \u2014 com \u00eanfase nas Secretarias de Fazenda (Sefaz) das regi\u00f5es Sul e Sudeste \u2014, al\u00e9m da cobertura de concursos federais, como CNU, Petrobras, CGU, Receita Federal, ag\u00eancias reguladoras (Anvisa, ANAC, entre outras) e INSS. Mant\u00e9m contato direto com os principais \u00f3rg\u00e3os p\u00fablicos, acompanhando editais, atualiza\u00e7\u00f5es e movimenta\u00e7\u00f5es importantes para os candidatos.","sameAs":["https:\/\/www.linkedin.com\/in\/camila-pinheiro-leite-9ba135b6\/"],"url":"https:\/\/www.estrategiaconcursos.com.br\/blog\/author\/camila-leiteestrategiaconcursos-com-br\/"}]}},"_links":{"self":[{"href":"https:\/\/www.estrategiaconcursos.com.br\/blog\/wp-json\/wp\/v2\/posts\/1696812","targetHints":{"allow":["GET"]}}],"collection":[{"href":"https:\/\/www.estrategiaconcursos.com.br\/blog\/wp-json\/wp\/v2\/posts"}],"about":[{"href":"https:\/\/www.estrategiaconcursos.com.br\/blog\/wp-json\/wp\/v2\/types\/post"}],"author":[{"embeddable":true,"href":"https:\/\/www.estrategiaconcursos.com.br\/blog\/wp-json\/wp\/v2\/users\/659"}],"replies":[{"embeddable":true,"href":"https:\/\/www.estrategiaconcursos.com.br\/blog\/wp-json\/wp\/v2\/comments?post=1696812"}],"version-history":[{"count":4,"href":"https:\/\/www.estrategiaconcursos.com.br\/blog\/wp-json\/wp\/v2\/posts\/1696812\/revisions"}],"predecessor-version":[{"id":1697967,"href":"https:\/\/www.estrategiaconcursos.com.br\/blog\/wp-json\/wp\/v2\/posts\/1696812\/revisions\/1697967"}],"wp:featuredmedia":[{"embeddable":true,"href":"https:\/\/www.estrategiaconcursos.com.br\/blog\/wp-json\/wp\/v2\/media\/1596510"}],"wp:attachment":[{"href":"https:\/\/www.estrategiaconcursos.com.br\/blog\/wp-json\/wp\/v2\/media?parent=1696812"}],"wp:term":[{"taxonomy":"category","embeddable":true,"href":"https:\/\/www.estrategiaconcursos.com.br\/blog\/wp-json\/wp\/v2\/categories?post=1696812"},{"taxonomy":"post_tag","embeddable":true,"href":"https:\/\/www.estrategiaconcursos.com.br\/blog\/wp-json\/wp\/v2\/tags?post=1696812"},{"taxonomy":"tax_estado","embeddable":true,"href":"https:\/\/www.estrategiaconcursos.com.br\/blog\/wp-json\/wp\/v2\/tax_estado?post=1696812"}],"curies":[{"name":"wp","href":"https:\/\/api.w.org\/{rel}","templated":true}]}}