{"id":1696797,"date":"2026-01-09T16:46:11","date_gmt":"2026-01-09T19:46:11","guid":{"rendered":"https:\/\/www.estrategiaconcursos.com.br\/blog\/?p=1696797"},"modified":"2026-01-12T13:01:17","modified_gmt":"2026-01-12T16:01:17","slug":"concurso-receita-federal-2026-edital-previsto","status":"publish","type":"post","link":"https:\/\/www.estrategiaconcursos.com.br\/blog\/concurso-receita-federal-2026-edital-previsto\/","title":{"rendered":"Concurso Receita Federal 2026: o que j\u00e1 se sabe at\u00e9 agora!"},"content":{"rendered":"\n<p class=\"has-medium-font-size\"><strong><em>Concurso Receita Federal: expectativa por novo edital cresce com vac\u00e2ncia de 22 mil cargos e otimismo sobre autoriza\u00e7\u00e3o<\/em><\/strong><\/p>\n\n\n\n<p>A&nbsp;<strong><a href=\"https:\/\/www.estrategiaconcursos.com.br\/cursosPorConcurso\/receita-federal-auditor-fiscal-7\/\" target=\"_blank\" rel=\"noreferrer noopener\">Receita Federal do Brasil<\/a><\/strong> volta a ser o centro das aten\u00e7\u00f5es quando se trata de concurso p\u00fablico! Isso porque existe uma grande expectativa para um novo edital entre 2026\/2027.<\/p>\n\n\n\n<p>A solicita\u00e7\u00e3o para a abertura do concurso foi encaminhada pela Receita Federal no ano passado e, agora, aguarda autoriza\u00e7\u00e3o do Minist\u00e9rio da Gest\u00e3o e da Inova\u00e7\u00e3o.<\/p>\n\n\n\n<p>Para quem n\u00e3o se recorda, o \u00f3rg\u00e3o possui um n\u00famero muito elevado de cargos vagos, <strong>com mais de 22 mil postos desocupados,<\/strong> aguardando apenas essa reposi\u00e7\u00e3o de vagas. <\/p>\n\n\n\n<p>Atualmente, os cargos que possuem o maior n\u00famero de vac\u00e2ncias s\u00e3o: <strong><span style=\"text-decoration: underline;\">Auditor Fiscal<\/span> (<span style=\"text-decoration: underline;\">12.702<\/span><\/strong> cargos vagos) e <span style=\"text-decoration: underline;\">Analista Tribut\u00e1rio (<strong><span style=\"text-decoration: underline;\">10.027 cargos vago<\/span><\/strong><span style=\"text-decoration: underline;\"><strong>s<\/strong><\/span><\/span>).<\/p>\n\n\n\n<p>Al\u00e9m disso, a Receita Federal n\u00e3o pode mais convocar aprovados do \u00faltimo concurso, realizado em 2022, uma vez que todos j\u00e1 foram chamados. Dessa forma, a lista de aprovados encontra-se zerada.<\/p>\n\n\n\n<p>Em recente publica\u00e7\u00e3o atrav\u00e9s das redes sociais, o Auditor Fiscal da Receita, Mario de Marco,\u00a0<a href=\"https:\/\/www.estrategiaconcursos.com.br\/blog\/concurso-receita-federal-em-2027\/\" target=\"_blank\" rel=\"noreferrer noopener\">informou<\/a> que o \u00f3rg\u00e3o est\u00e1 bem otimista com a poss\u00edvel autoriza\u00e7\u00e3o do novo certame.<\/p>\n\n\n\n<h2 class=\"wp-block-heading\" id=\"h-panorama-geral-para-o-concurso-da-receita-federal\"><strong>Panorama geral para o concurso da Receita Federal<\/strong><\/h2>\n\n\n\n<p><strong>Ano de 2026:<\/strong> autoriza\u00e7\u00e3o do concurso pelo <a href=\"https:\/\/www.gov.br\/gestao\/pt-br\" target=\"_blank\" rel=\"noreferrer noopener\">Minist\u00e9rio da Gest\u00e3o e da Inova\u00e7\u00e3o<\/a>, forma\u00e7\u00e3o da comiss\u00e3o organizadora e escolha da banca respons\u00e1vel pelo certame. <\/p>\n\n\n\n<p><strong>Ano de 2027<\/strong>: publica\u00e7\u00e3o do edital de abertura com aplica\u00e7\u00e3o de provas e poss\u00edvel nomea\u00e7\u00e3o de aprovados. <\/p>\n\n\n\n<h2 class=\"wp-block-heading\" id=\"h-venha-estudar-para-o-concurso-receita-federal-com-quem-mais-aprova-no-mercado\"><strong>Venha estudar para o concurso Receita Federal com quem mais aprova no mercado!<\/strong><\/h2>\n\n\n\n<div class=\"container\" id=\"boxes\">\n  <div class=\"row\">\n\n    <div class=\"col-sm\">\n      <div class=\"banner-receita-federal-ec\" id=\"box-assinatura\">\n        <h2 class=\"titulo-assinatura\">Concurso Receita Federal<\/h2>\n        <p class=\"subtitulo-assinatura\">Tudo o que precisa para ser aprovado na RFB!<\/p>\n        <div class=\"box-botao\">\n          <a class=\"btn-assinatura\" target=\"_blank\" href=\"https:\/\/www.estrategiaconcursos.com.br\/cursosPorConcurso\/receita-federal-auditor-fiscal-7\/\" role=\"button\" rel=\"noopener noreferrer\">VER CURSOS<\/a>\n        <\/div>\n      <\/div>\n      \n    <\/div>\n\n  <\/div>\n<\/div>\n\n\n\n<p>Enquanto o edital do concurso Receita Federal 2026 ainda n\u00e3o \u00e9 autorizado, confira todos os detalhes do \u00faltimo certame, bem como as futuras atualiza\u00e7\u00f5es no link abaixo: <\/p>\n\n\n\n<p class=\"has-text-align-center has-background\" style=\"background-color:#f0f0f0;font-size:clamp(14.642px, 0.915rem + ((1vw - 3.2px) * 0.721), 22px);\"><strong>SAIBA TUDO:&nbsp;<a href=\"https:\/\/www.estrategiaconcursos.com.br\/blog\/concurso-receita-federal\/\" target=\"_blank\" rel=\"noreferrer noopener\">CONCURSO RECEITA FEDERAL<\/a><\/strong><\/p>\n\n\n\n<h2 class=\"wp-block-heading has-text-align-center\" id=\"cursos\"><strong>Assinatura para o edital do concurso Receita Federal 2026:<\/strong><\/h2>\n\n\n\n<div class=\"container\" id=\"boxes\">\n  <div class=\"row\">\n\n    <div class=\"col-sm\">\n      <div class=\"banner-receita-federal-ec\" id=\"box-assinatura\">\n        <h3 class=\"titulo-assinatura\">Cursos para Receita Federal<\/h3>\n        <p class=\"subtitulo-assinatura\">Prepara\u00e7\u00e3o completa para a RFB!<\/p>\n        <div class=\"box-botao\">\n          <a class=\"btn-assinatura\" target=\"_blank\" href=\"https:\/\/www.estrategiaconcursos.com.br\/cursosPorConcurso\/receita-federal-auditor-fiscal-7\/\" role=\"button\" rel=\"noopener noreferrer\">VER CURSOS<\/a>\n        <\/div>\n      <\/div>\n     \n    <\/div>\n\n  <\/div>\n<\/div>\n\n\n\n<div class=\"container\" id=\"boxes\">\n  <div class=\"row\">\n\n    <div class=\"col-sm\">\n      <div class=\"estrategia\" id=\"box-assinatura\">\n        <h3 class=\"titulo-assinatura\">Assinatura Concursos<\/h3>\n        <p class=\"subtitulo-assinatura\">Assinatura de 1 ano ou 2 anos<\/p>\n        <div class=\"box-botao\">\n          <a class=\"btn-assinatura\" target=\"_blank\" href=\"https:\/\/www.estrategiaconcursos.com.br\/assinaturas\/\" role=\"button\" rel=\"noopener noreferrer\">ASSINE AGORA<\/a>\n        <\/div>\n      <\/div><\/div><\/div><\/div>\n\n\n\n<h2 class=\"wp-block-heading has-text-align-center\" id=\"cursos\">Quer saber tudo sobre concursos previstos? <br \/>Confira nossos artigos!<\/h2>\n\n\n\n<ul class=\"wp-block-list\">\n<li><a href=\"https:\/\/www.estrategiaconcursos.com.br\/blog\/concursos-abertos\/\" target=\"_blank\" rel=\"noreferrer noopener\">Concursos Abertos<\/a><\/li>\n\n\n\n<li><a href=\"https:\/\/www.estrategiaconcursos.com.br\/blog\/concursos-fiscais\/\" target=\"_blank\" rel=\"noreferrer noopener\">Concursos Fiscais<\/a><\/li>\n\n\n\n<li><a href=\"https:\/\/www.estrategiaconcursos.com.br\/blog\/concursos-2026\/\" target=\"_blank\" rel=\"noreferrer noopener\">Concursos 2026<\/a><\/li>\n<\/ul>\n","protected":false},"excerpt":{"rendered":"<p>Concurso Receita Federal: expectativa por novo edital cresce com vac\u00e2ncia de 22 mil cargos e otimismo sobre autoriza\u00e7\u00e3o A&nbsp;Receita Federal do Brasil volta a ser o centro das aten\u00e7\u00f5es quando se trata de concurso p\u00fablico! Isso porque existe uma grande expectativa para um novo edital entre 2026\/2027. A solicita\u00e7\u00e3o para a abertura do concurso foi [&hellip;]<\/p>\n","protected":false},"author":656,"featured_media":1171163,"comment_status":"open","ping_status":"closed","sticky":false,"template":"","format":"standard","meta":{"post_tipo":"news","footnotes":""},"categories":[220182,220219],"tags":[],"tax_estado":[219963],"class_list":["post-1696797","post","type-post","status-publish","format-standard","has-post-thumbnail","hentry","category-fiscal-federal","category-noticias","tax_estado-concursos-federais"],"acf":[],"yoast_head":"<!-- This site is optimized with the Yoast SEO Premium plugin v27.2 (Yoast SEO v27.2) - https:\/\/yoast.com\/product\/yoast-seo-premium-wordpress\/ -->\n<title>Concurso Receita Federal 2026: o que j\u00e1 se sabe at\u00e9 agora!<\/title>\n<meta name=\"description\" content=\"Concurso Receita Federal 2026: saiba tudo o que j\u00e1 se sabe sobre o edital e poss\u00edveis tramita\u00e7\u00f5es para abertura do certame.\" \/>\n<meta name=\"robots\" content=\"index, follow, max-snippet:-1, max-image-preview:large, max-video-preview:-1\" \/>\n<link rel=\"canonical\" href=\"https:\/\/www.estrategiaconcursos.com.br\/blog\/concurso-receita-federal-2026-edital-previsto\/\" \/>\n<meta property=\"og:locale\" content=\"pt_BR\" \/>\n<meta property=\"og:type\" content=\"article\" \/>\n<meta property=\"og:title\" content=\"Concurso Receita Federal 2026: o que j\u00e1 se sabe at\u00e9 agora!\" \/>\n<meta property=\"og:description\" content=\"Concurso Receita Federal 2026: saiba tudo o que j\u00e1 se sabe sobre o edital e poss\u00edveis tramita\u00e7\u00f5es para abertura do certame.\" \/>\n<meta property=\"og:url\" content=\"https:\/\/www.estrategiaconcursos.com.br\/blog\/concurso-receita-federal-2026-edital-previsto\/\" \/>\n<meta property=\"og:site_name\" content=\"Estrat\u00e9gia Concursos\" \/>\n<meta property=\"article:published_time\" content=\"2026-01-09T19:46:11+00:00\" \/>\n<meta property=\"article:modified_time\" content=\"2026-01-12T16:01:17+00:00\" \/>\n<meta property=\"og:image\" content=\"https:\/\/dhg1h5j42swfq.cloudfront.net\/2023\/02\/14105545\/concurso-receita-federal-2.jpg\" \/>\n\t<meta property=\"og:image:width\" content=\"1200\" \/>\n\t<meta property=\"og:image:height\" content=\"628\" \/>\n\t<meta property=\"og:image:type\" content=\"image\/jpeg\" \/>\n<meta name=\"author\" content=\"F\u00e1bio Scaldelai\" \/>\n<meta name=\"twitter:card\" content=\"summary_large_image\" \/>\n<meta name=\"twitter:creator\" content=\"@EstratConcursos\" \/>\n<meta name=\"twitter:site\" content=\"@EstratConcursos\" \/>\n<meta name=\"twitter:label1\" content=\"Escrito por\" \/>\n\t<meta name=\"twitter:data1\" content=\"F\u00e1bio Scaldelai\" \/>\n\t<meta name=\"twitter:label2\" content=\"Est. tempo de leitura\" \/>\n\t<meta name=\"twitter:data2\" content=\"2 minutos\" \/>\n<script type=\"application\/ld+json\" class=\"yoast-schema-graph\">{\"@context\":\"https:\/\/schema.org\",\"@graph\":[{\"@type\":\"NewsArticle\",\"@id\":\"https:\/\/www.estrategiaconcursos.com.br\/blog\/concurso-receita-federal-2026-edital-previsto\/#article\",\"isPartOf\":{\"@id\":\"https:\/\/www.estrategiaconcursos.com.br\/blog\/concurso-receita-federal-2026-edital-previsto\/\"},\"author\":{\"name\":\"F\u00e1bio Scaldelai\",\"@id\":\"https:\/\/www.estrategiaconcursos.com.br\/blog\/#\/schema\/person\/e3b6b7ce0192dd4ad270655969d61750\"},\"headline\":\"Concurso Receita Federal 2026: o que j\u00e1 se sabe at\u00e9 agora!\",\"datePublished\":\"2026-01-09T19:46:11+00:00\",\"dateModified\":\"2026-01-12T16:01:17+00:00\",\"mainEntityOfPage\":{\"@id\":\"https:\/\/www.estrategiaconcursos.com.br\/blog\/concurso-receita-federal-2026-edital-previsto\/\"},\"wordCount\":375,\"commentCount\":0,\"publisher\":{\"@id\":\"https:\/\/www.estrategiaconcursos.com.br\/blog\/#organization\"},\"image\":{\"@id\":\"https:\/\/www.estrategiaconcursos.com.br\/blog\/concurso-receita-federal-2026-edital-previsto\/#primaryimage\"},\"thumbnailUrl\":\"https:\/\/dhg1h5j42swfq.cloudfront.net\/2023\/02\/14105545\/concurso-receita-federal-2.jpg\",\"articleSection\":[\"Fiscal - Federal (RFB e AFT)\",\"\u00daltimas not\u00edcias\"],\"inLanguage\":\"pt-BR\",\"potentialAction\":[{\"@type\":\"CommentAction\",\"name\":\"Comment\",\"target\":[\"https:\/\/www.estrategiaconcursos.com.br\/blog\/concurso-receita-federal-2026-edital-previsto\/#respond\"]}],\"copyrightYear\":\"2026\",\"copyrightHolder\":{\"@id\":\"https:\/\/www.estrategiaconcursos.com.br\/blog\/#organization\"}},{\"@type\":\"WebPage\",\"@id\":\"https:\/\/www.estrategiaconcursos.com.br\/blog\/concurso-receita-federal-2026-edital-previsto\/\",\"url\":\"https:\/\/www.estrategiaconcursos.com.br\/blog\/concurso-receita-federal-2026-edital-previsto\/\",\"name\":\"Concurso Receita Federal 2026: o que j\u00e1 se sabe at\u00e9 agora!\",\"isPartOf\":{\"@id\":\"https:\/\/www.estrategiaconcursos.com.br\/blog\/#website\"},\"primaryImageOfPage\":{\"@id\":\"https:\/\/www.estrategiaconcursos.com.br\/blog\/concurso-receita-federal-2026-edital-previsto\/#primaryimage\"},\"image\":{\"@id\":\"https:\/\/www.estrategiaconcursos.com.br\/blog\/concurso-receita-federal-2026-edital-previsto\/#primaryimage\"},\"thumbnailUrl\":\"https:\/\/dhg1h5j42swfq.cloudfront.net\/2023\/02\/14105545\/concurso-receita-federal-2.jpg\",\"datePublished\":\"2026-01-09T19:46:11+00:00\",\"dateModified\":\"2026-01-12T16:01:17+00:00\",\"description\":\"Concurso Receita Federal 2026: saiba tudo o que j\u00e1 se sabe sobre o edital e poss\u00edveis tramita\u00e7\u00f5es para abertura do certame.\",\"breadcrumb\":{\"@id\":\"https:\/\/www.estrategiaconcursos.com.br\/blog\/concurso-receita-federal-2026-edital-previsto\/#breadcrumb\"},\"inLanguage\":\"pt-BR\",\"potentialAction\":[{\"@type\":\"ReadAction\",\"target\":[\"https:\/\/www.estrategiaconcursos.com.br\/blog\/concurso-receita-federal-2026-edital-previsto\/\"]}]},{\"@type\":\"ImageObject\",\"inLanguage\":\"pt-BR\",\"@id\":\"https:\/\/www.estrategiaconcursos.com.br\/blog\/concurso-receita-federal-2026-edital-previsto\/#primaryimage\",\"url\":\"https:\/\/dhg1h5j42swfq.cloudfront.net\/2023\/02\/14105545\/concurso-receita-federal-2.jpg\",\"contentUrl\":\"https:\/\/dhg1h5j42swfq.cloudfront.net\/2023\/02\/14105545\/concurso-receita-federal-2.jpg\",\"width\":1200,\"height\":628,\"caption\":\"Concurso Receita Federal 2026 edital\"},{\"@type\":\"BreadcrumbList\",\"@id\":\"https:\/\/www.estrategiaconcursos.com.br\/blog\/concurso-receita-federal-2026-edital-previsto\/#breadcrumb\",\"itemListElement\":[{\"@type\":\"ListItem\",\"position\":1,\"name\":\"In\u00edcio\",\"item\":\"https:\/\/www.estrategiaconcursos.com.br\/blog\/\"},{\"@type\":\"ListItem\",\"position\":2,\"name\":\"Concurso Receita Federal 2026: o que j\u00e1 se sabe at\u00e9 agora!\"}]},{\"@type\":\"WebSite\",\"@id\":\"https:\/\/www.estrategiaconcursos.com.br\/blog\/#website\",\"url\":\"https:\/\/www.estrategiaconcursos.com.br\/blog\/\",\"name\":\"Estrat\u00e9gia Concursos\",\"description\":\"O blog da Estrat\u00e9gia Concursos traz not\u00edcias sobre concursos e artigos de professores oferecendo cursos para concursos (pdf + videaulas) no site.\",\"publisher\":{\"@id\":\"https:\/\/www.estrategiaconcursos.com.br\/blog\/#organization\"},\"potentialAction\":[{\"@type\":\"SearchAction\",\"target\":{\"@type\":\"EntryPoint\",\"urlTemplate\":\"https:\/\/www.estrategiaconcursos.com.br\/blog\/?s={search_term_string}\"},\"query-input\":{\"@type\":\"PropertyValueSpecification\",\"valueRequired\":true,\"valueName\":\"search_term_string\"}}],\"inLanguage\":\"pt-BR\"},{\"@type\":\"Organization\",\"@id\":\"https:\/\/www.estrategiaconcursos.com.br\/blog\/#organization\",\"name\":\"Estrat\u00e9gia Concursos\",\"url\":\"https:\/\/www.estrategiaconcursos.com.br\/blog\/\",\"logo\":{\"@type\":\"ImageObject\",\"inLanguage\":\"pt-BR\",\"@id\":\"https:\/\/www.estrategiaconcursos.com.br\/blog\/#\/schema\/logo\/image\/\",\"url\":\"https:\/\/dhg1h5j42swfq.cloudfront.net\/2025\/06\/03203428\/logo_concursos-1.jpg\",\"contentUrl\":\"https:\/\/dhg1h5j42swfq.cloudfront.net\/2025\/06\/03203428\/logo_concursos-1.jpg\",\"width\":230,\"height\":60,\"caption\":\"Estrat\u00e9gia Concursos\"},\"image\":{\"@id\":\"https:\/\/www.estrategiaconcursos.com.br\/blog\/#\/schema\/logo\/image\/\"},\"sameAs\":[\"https:\/\/x.com\/EstratConcursos\"]},{\"@type\":\"Person\",\"@id\":\"https:\/\/www.estrategiaconcursos.com.br\/blog\/#\/schema\/person\/e3b6b7ce0192dd4ad270655969d61750\",\"name\":\"F\u00e1bio Scaldelai\",\"image\":{\"@type\":\"ImageObject\",\"inLanguage\":\"pt-BR\",\"@id\":\"https:\/\/secure.gravatar.com\/avatar\/8ed7492c4d88d8495bc0cb24cda6847b8ae23eec459a919e08e77d0ca0fd79ec?s=96&d=mm&r=g\",\"url\":\"https:\/\/secure.gravatar.com\/avatar\/8ed7492c4d88d8495bc0cb24cda6847b8ae23eec459a919e08e77d0ca0fd79ec?s=96&d=mm&r=g\",\"contentUrl\":\"https:\/\/secure.gravatar.com\/avatar\/8ed7492c4d88d8495bc0cb24cda6847b8ae23eec459a919e08e77d0ca0fd79ec?s=96&d=mm&r=g\",\"caption\":\"F\u00e1bio Scaldelai\"},\"description\":\"Jornalista no Estrat\u00e9gia Concursos e Produtor de Televis\u00e3o, formado em Jornalismo, R\u00e1dio e TV pela Faculdade Integrada Rio Branco, com especializa\u00e7\u00f5es em Gest\u00e3o Empresarial e Marketing pelo M\u00f3dulo. Atuou como produtor no SBT, TV Bandeirantes e R\u00e1dio Band FM, al\u00e9m de acumular tr\u00eas anos de experi\u00eancia no setor de concursos p\u00fablicos pela LFG (Luiz Fl\u00e1vio Gomes). No Estrat\u00e9gia Concursos, atua na apura\u00e7\u00e3o de not\u00edcias da \u00e1rea fiscal, al\u00e9m de coberturas sobre concursos das \u00e1reas de controle (TCU, TCE, etc), concurso AFT, \u00e1rea de gest\u00e3o e administrativa, bem como dos \u00f3rg\u00e3os participantes do CNU. Tamb\u00e9m possui experi\u00eancia em link building e an\u00e1lise de m\u00eddia, adquirida durante sua atua\u00e7\u00e3o na ag\u00eancia SEO Marketing.\",\"url\":\"https:\/\/www.estrategiaconcursos.com.br\/blog\/author\/fabio-scaldelaiestrategiaconcursos-com-br\/\"}]}<\/script>\n<!-- \/ Yoast SEO Premium plugin. -->","yoast_head_json":{"title":"Concurso Receita Federal 2026: o que j\u00e1 se sabe at\u00e9 agora!","description":"Concurso Receita Federal 2026: saiba tudo o que j\u00e1 se sabe sobre o edital e poss\u00edveis tramita\u00e7\u00f5es para abertura do certame.","robots":{"index":"index","follow":"follow","max-snippet":"max-snippet:-1","max-image-preview":"max-image-preview:large","max-video-preview":"max-video-preview:-1"},"canonical":"https:\/\/www.estrategiaconcursos.com.br\/blog\/concurso-receita-federal-2026-edital-previsto\/","og_locale":"pt_BR","og_type":"article","og_title":"Concurso Receita Federal 2026: o que j\u00e1 se sabe at\u00e9 agora!","og_description":"Concurso Receita Federal 2026: saiba tudo o que j\u00e1 se sabe sobre o edital e poss\u00edveis tramita\u00e7\u00f5es para abertura do certame.","og_url":"https:\/\/www.estrategiaconcursos.com.br\/blog\/concurso-receita-federal-2026-edital-previsto\/","og_site_name":"Estrat\u00e9gia Concursos","article_published_time":"2026-01-09T19:46:11+00:00","article_modified_time":"2026-01-12T16:01:17+00:00","og_image":[{"width":1200,"height":628,"url":"https:\/\/dhg1h5j42swfq.cloudfront.net\/2023\/02\/14105545\/concurso-receita-federal-2.jpg","type":"image\/jpeg"}],"author":"F\u00e1bio Scaldelai","twitter_card":"summary_large_image","twitter_creator":"@EstratConcursos","twitter_site":"@EstratConcursos","twitter_misc":{"Escrito por":"F\u00e1bio Scaldelai","Est. tempo de leitura":"2 minutos"},"schema":{"@context":"https:\/\/schema.org","@graph":[{"@type":"NewsArticle","@id":"https:\/\/www.estrategiaconcursos.com.br\/blog\/concurso-receita-federal-2026-edital-previsto\/#article","isPartOf":{"@id":"https:\/\/www.estrategiaconcursos.com.br\/blog\/concurso-receita-federal-2026-edital-previsto\/"},"author":{"name":"F\u00e1bio Scaldelai","@id":"https:\/\/www.estrategiaconcursos.com.br\/blog\/#\/schema\/person\/e3b6b7ce0192dd4ad270655969d61750"},"headline":"Concurso Receita Federal 2026: o que j\u00e1 se sabe at\u00e9 agora!","datePublished":"2026-01-09T19:46:11+00:00","dateModified":"2026-01-12T16:01:17+00:00","mainEntityOfPage":{"@id":"https:\/\/www.estrategiaconcursos.com.br\/blog\/concurso-receita-federal-2026-edital-previsto\/"},"wordCount":375,"commentCount":0,"publisher":{"@id":"https:\/\/www.estrategiaconcursos.com.br\/blog\/#organization"},"image":{"@id":"https:\/\/www.estrategiaconcursos.com.br\/blog\/concurso-receita-federal-2026-edital-previsto\/#primaryimage"},"thumbnailUrl":"https:\/\/dhg1h5j42swfq.cloudfront.net\/2023\/02\/14105545\/concurso-receita-federal-2.jpg","articleSection":["Fiscal - Federal (RFB e AFT)","\u00daltimas not\u00edcias"],"inLanguage":"pt-BR","potentialAction":[{"@type":"CommentAction","name":"Comment","target":["https:\/\/www.estrategiaconcursos.com.br\/blog\/concurso-receita-federal-2026-edital-previsto\/#respond"]}],"copyrightYear":"2026","copyrightHolder":{"@id":"https:\/\/www.estrategiaconcursos.com.br\/blog\/#organization"}},{"@type":"WebPage","@id":"https:\/\/www.estrategiaconcursos.com.br\/blog\/concurso-receita-federal-2026-edital-previsto\/","url":"https:\/\/www.estrategiaconcursos.com.br\/blog\/concurso-receita-federal-2026-edital-previsto\/","name":"Concurso Receita Federal 2026: o que j\u00e1 se sabe at\u00e9 agora!","isPartOf":{"@id":"https:\/\/www.estrategiaconcursos.com.br\/blog\/#website"},"primaryImageOfPage":{"@id":"https:\/\/www.estrategiaconcursos.com.br\/blog\/concurso-receita-federal-2026-edital-previsto\/#primaryimage"},"image":{"@id":"https:\/\/www.estrategiaconcursos.com.br\/blog\/concurso-receita-federal-2026-edital-previsto\/#primaryimage"},"thumbnailUrl":"https:\/\/dhg1h5j42swfq.cloudfront.net\/2023\/02\/14105545\/concurso-receita-federal-2.jpg","datePublished":"2026-01-09T19:46:11+00:00","dateModified":"2026-01-12T16:01:17+00:00","description":"Concurso Receita Federal 2026: saiba tudo o que j\u00e1 se sabe sobre o edital e poss\u00edveis tramita\u00e7\u00f5es para abertura do certame.","breadcrumb":{"@id":"https:\/\/www.estrategiaconcursos.com.br\/blog\/concurso-receita-federal-2026-edital-previsto\/#breadcrumb"},"inLanguage":"pt-BR","potentialAction":[{"@type":"ReadAction","target":["https:\/\/www.estrategiaconcursos.com.br\/blog\/concurso-receita-federal-2026-edital-previsto\/"]}]},{"@type":"ImageObject","inLanguage":"pt-BR","@id":"https:\/\/www.estrategiaconcursos.com.br\/blog\/concurso-receita-federal-2026-edital-previsto\/#primaryimage","url":"https:\/\/dhg1h5j42swfq.cloudfront.net\/2023\/02\/14105545\/concurso-receita-federal-2.jpg","contentUrl":"https:\/\/dhg1h5j42swfq.cloudfront.net\/2023\/02\/14105545\/concurso-receita-federal-2.jpg","width":1200,"height":628,"caption":"Concurso Receita Federal 2026 edital"},{"@type":"BreadcrumbList","@id":"https:\/\/www.estrategiaconcursos.com.br\/blog\/concurso-receita-federal-2026-edital-previsto\/#breadcrumb","itemListElement":[{"@type":"ListItem","position":1,"name":"In\u00edcio","item":"https:\/\/www.estrategiaconcursos.com.br\/blog\/"},{"@type":"ListItem","position":2,"name":"Concurso Receita Federal 2026: o que j\u00e1 se sabe at\u00e9 agora!"}]},{"@type":"WebSite","@id":"https:\/\/www.estrategiaconcursos.com.br\/blog\/#website","url":"https:\/\/www.estrategiaconcursos.com.br\/blog\/","name":"Estrat\u00e9gia Concursos","description":"O blog da Estrat\u00e9gia Concursos traz not\u00edcias sobre concursos e artigos de professores oferecendo cursos para concursos (pdf + videaulas) no site.","publisher":{"@id":"https:\/\/www.estrategiaconcursos.com.br\/blog\/#organization"},"potentialAction":[{"@type":"SearchAction","target":{"@type":"EntryPoint","urlTemplate":"https:\/\/www.estrategiaconcursos.com.br\/blog\/?s={search_term_string}"},"query-input":{"@type":"PropertyValueSpecification","valueRequired":true,"valueName":"search_term_string"}}],"inLanguage":"pt-BR"},{"@type":"Organization","@id":"https:\/\/www.estrategiaconcursos.com.br\/blog\/#organization","name":"Estrat\u00e9gia Concursos","url":"https:\/\/www.estrategiaconcursos.com.br\/blog\/","logo":{"@type":"ImageObject","inLanguage":"pt-BR","@id":"https:\/\/www.estrategiaconcursos.com.br\/blog\/#\/schema\/logo\/image\/","url":"https:\/\/dhg1h5j42swfq.cloudfront.net\/2025\/06\/03203428\/logo_concursos-1.jpg","contentUrl":"https:\/\/dhg1h5j42swfq.cloudfront.net\/2025\/06\/03203428\/logo_concursos-1.jpg","width":230,"height":60,"caption":"Estrat\u00e9gia Concursos"},"image":{"@id":"https:\/\/www.estrategiaconcursos.com.br\/blog\/#\/schema\/logo\/image\/"},"sameAs":["https:\/\/x.com\/EstratConcursos"]},{"@type":"Person","@id":"https:\/\/www.estrategiaconcursos.com.br\/blog\/#\/schema\/person\/e3b6b7ce0192dd4ad270655969d61750","name":"F\u00e1bio Scaldelai","image":{"@type":"ImageObject","inLanguage":"pt-BR","@id":"https:\/\/secure.gravatar.com\/avatar\/8ed7492c4d88d8495bc0cb24cda6847b8ae23eec459a919e08e77d0ca0fd79ec?s=96&d=mm&r=g","url":"https:\/\/secure.gravatar.com\/avatar\/8ed7492c4d88d8495bc0cb24cda6847b8ae23eec459a919e08e77d0ca0fd79ec?s=96&d=mm&r=g","contentUrl":"https:\/\/secure.gravatar.com\/avatar\/8ed7492c4d88d8495bc0cb24cda6847b8ae23eec459a919e08e77d0ca0fd79ec?s=96&d=mm&r=g","caption":"F\u00e1bio Scaldelai"},"description":"Jornalista no Estrat\u00e9gia Concursos e Produtor de Televis\u00e3o, formado em Jornalismo, R\u00e1dio e TV pela Faculdade Integrada Rio Branco, com especializa\u00e7\u00f5es em Gest\u00e3o Empresarial e Marketing pelo M\u00f3dulo. Atuou como produtor no SBT, TV Bandeirantes e R\u00e1dio Band FM, al\u00e9m de acumular tr\u00eas anos de experi\u00eancia no setor de concursos p\u00fablicos pela LFG (Luiz Fl\u00e1vio Gomes). No Estrat\u00e9gia Concursos, atua na apura\u00e7\u00e3o de not\u00edcias da \u00e1rea fiscal, al\u00e9m de coberturas sobre concursos das \u00e1reas de controle (TCU, TCE, etc), concurso AFT, \u00e1rea de gest\u00e3o e administrativa, bem como dos \u00f3rg\u00e3os participantes do CNU. Tamb\u00e9m possui experi\u00eancia em link building e an\u00e1lise de m\u00eddia, adquirida durante sua atua\u00e7\u00e3o na ag\u00eancia SEO Marketing.","url":"https:\/\/www.estrategiaconcursos.com.br\/blog\/author\/fabio-scaldelaiestrategiaconcursos-com-br\/"}]}},"_links":{"self":[{"href":"https:\/\/www.estrategiaconcursos.com.br\/blog\/wp-json\/wp\/v2\/posts\/1696797","targetHints":{"allow":["GET"]}}],"collection":[{"href":"https:\/\/www.estrategiaconcursos.com.br\/blog\/wp-json\/wp\/v2\/posts"}],"about":[{"href":"https:\/\/www.estrategiaconcursos.com.br\/blog\/wp-json\/wp\/v2\/types\/post"}],"author":[{"embeddable":true,"href":"https:\/\/www.estrategiaconcursos.com.br\/blog\/wp-json\/wp\/v2\/users\/656"}],"replies":[{"embeddable":true,"href":"https:\/\/www.estrategiaconcursos.com.br\/blog\/wp-json\/wp\/v2\/comments?post=1696797"}],"version-history":[{"count":8,"href":"https:\/\/www.estrategiaconcursos.com.br\/blog\/wp-json\/wp\/v2\/posts\/1696797\/revisions"}],"predecessor-version":[{"id":1697693,"href":"https:\/\/www.estrategiaconcursos.com.br\/blog\/wp-json\/wp\/v2\/posts\/1696797\/revisions\/1697693"}],"wp:featuredmedia":[{"embeddable":true,"href":"https:\/\/www.estrategiaconcursos.com.br\/blog\/wp-json\/wp\/v2\/media\/1171163"}],"wp:attachment":[{"href":"https:\/\/www.estrategiaconcursos.com.br\/blog\/wp-json\/wp\/v2\/media?parent=1696797"}],"wp:term":[{"taxonomy":"category","embeddable":true,"href":"https:\/\/www.estrategiaconcursos.com.br\/blog\/wp-json\/wp\/v2\/categories?post=1696797"},{"taxonomy":"post_tag","embeddable":true,"href":"https:\/\/www.estrategiaconcursos.com.br\/blog\/wp-json\/wp\/v2\/tags?post=1696797"},{"taxonomy":"tax_estado","embeddable":true,"href":"https:\/\/www.estrategiaconcursos.com.br\/blog\/wp-json\/wp\/v2\/tax_estado?post=1696797"}],"curies":[{"name":"wp","href":"https:\/\/api.w.org\/{rel}","templated":true}]}}