{"id":1695040,"date":"2026-01-12T09:00:00","date_gmt":"2026-01-12T12:00:00","guid":{"rendered":"https:\/\/www.estrategiaconcursos.com.br\/blog\/?p=1695040"},"modified":"2026-01-19T07:58:48","modified_gmt":"2026-01-19T10:58:48","slug":"carta-aos-assinantes-272","status":"publish","type":"post","link":"https:\/\/www.estrategiaconcursos.com.br\/blog\/carta-aos-assinantes-272\/","title":{"rendered":"Carta aos Assinantes do Estrat\u00e9gia Concursos &#8211; 272"},"content":{"rendered":"\n<p class=\"has-text-align-right has-luminous-vivid-amber-background-color has-background\"><em>Confira, em nossa <strong>ducent\u00e9sima septuag\u00e9sima segunda <\/strong>carta aos assinantes, a nossa programa\u00e7\u00e3o semanal, as novidades do nosso Sistema de Quest\u00f5es e as principais movimenta\u00e7\u00f5es de concursos.<\/em><\/p>\n\n\n\n<p>Ol\u00e1, pessoal. Tudo bem?<\/p>\n\n\n\n<p>Aqui \u00e9 o<strong>&nbsp;Prof. Diego Cerqueira&nbsp;<\/strong>em nossa <strong>ducent\u00e9sima septuag\u00e9sima segunda <\/strong>Carta aos Assinantes do Estrat\u00e9gia Concursos.<\/p>\n\n\n\n<p>Quer garantir a <strong>t\u00e3o sonhada estabilidade em 2026<\/strong>? S\u00e3o previstas <strong>mais de 73 mil vagas<\/strong> e sal\u00e1rios que podem alcan\u00e7ar os <strong>R$ 39 mil<\/strong> em concursos p\u00fablicos ao longo do ano!<\/p>\n\n\n\n<p>Oportunidades como essas n\u00e3o podem ser ignoradas e este \u00e9 o momento ideal para <strong>intensificar os estudos, ajustar a estrat\u00e9gia e manter o foco total na aprova\u00e7\u00e3o<\/strong>.<\/p>\n\n\n\n<p><strong>Diga adeus \u00e0 instabilidade financeira<\/strong> e d\u00ea o primeiro passo rumo a uma carreira s\u00f3lida no servi\u00e7o p\u00fablico. <strong>Nunca mais seja demitido<\/strong>: aproveite os <strong>melhores pre\u00e7os at\u00e9 o dia 19\/01<\/strong>!<\/p>\n\n\n\n<figure class=\"wp-block-image aligncenter size-full\"><a href=\"https:\/\/www.estrategiaconcursos.com.br\/promocoes\/assinaturas\/\" target=\"_blank\" rel=\" noreferrer noopener\"><img loading=\"lazy\" decoding=\"async\" width=\"1024\" height=\"274\" src=\"https:\/\/dhg1h5j42swfq.cloudfront.net\/2026\/01\/02130207\/image-6.png\" alt=\"\" class=\"wp-image-1692770\" srcset=\"https:\/\/dhg1h5j42swfq.cloudfront.net\/2026\/01\/02130207\/image-6.png 1024w, https:\/\/dhg1h5j42swfq.cloudfront.net\/2026\/01\/02130207\/image-6-300x80.png 300w, https:\/\/dhg1h5j42swfq.cloudfront.net\/2026\/01\/02130207\/image-6-768x206.png 768w, https:\/\/dhg1h5j42swfq.cloudfront.net\/2026\/01\/02130207\/image-6-150x40.png 150w\" sizes=\"auto, (max-width: 1024px) 100vw, 1024px\" \/><\/a><figcaption class=\"wp-element-caption\"><a href=\"https:\/\/www.estrategiaconcursos.com.br\/promocoes\/assinaturas\/\" target=\"_blank\" rel=\"noreferrer noopener\">Acesse aqui e aproveite!<\/a><\/figcaption><\/figure>\n\n\n\n<h2 class=\"wp-block-heading\" id=\"h-sistema-de-questoes-do-estrategia\">Sistema de Quest\u00f5es do Estrat\u00e9gia<\/h2>\n\n\n\n<p>Na \u00faltima semana, a nossa equipe do Sistema de Quest\u00f5es&nbsp;<strong>criou&nbsp;<\/strong>os seguintes&nbsp;<strong>Cadernos de Quest\u00f5es<\/strong>:<\/p>\n\n\n\n<ul class=\"wp-block-list\">\n<li>Cadernos Reta Final MPSP &#8211; Auxiliar de Promotoria I &#8211; \u00c1rea Administrativa (<a href=\"https:\/\/www.estrategiaconcursos.com.br\/blog\/cadernos-de-questoes-anteriores-para-o-concurso-mp-sp-auxiliar-de-promotoria-i\/\" target=\"_blank\" rel=\"noreferrer noopener\">clique aqui<\/a>)<\/li>\n\n\n\n<li>Cadernos Reta Final PC SC (<a href=\"https:\/\/www.estrategiaconcursos.com.br\/blog\/cadernos-reta-final-concurso-pc-sc\/\" target=\"_blank\" rel=\"noreferrer noopener\">clique aqui<\/a>)<\/li>\n\n\n\n<li>Cadernos de Quest\u00f5es In\u00e9ditas SEFAZ MT (<a href=\"https:\/\/www.estrategiaconcursos.com.br\/blog\/questoes-ineditas-sefaz-mt\/\" target=\"_blank\" rel=\"noreferrer noopener\">clique aqui<\/a>)<\/li>\n\n\n\n<li>Cadernos In\u00e9ditas Pol\u00edcia Penal SP (<a href=\"https:\/\/www.estrategiaconcursos.com.br\/blog\/cadernos-questoes-ineditas-concurso-policia-penal-sp\/\" target=\"_blank\" rel=\"noreferrer noopener\">clique aqui<\/a>)<\/li>\n\n\n\n<li>Cadernos In\u00e9ditas PC SC (<a href=\"https:\/\/www.estrategiaconcursos.com.br\/blog\/cadernos-questoes-ineditas-concurso-pc-sc\/\" target=\"_blank\" rel=\"noreferrer noopener\">clique aqui<\/a>)<\/li>\n\n\n\n<li>Cadernos Reta Final GCM Aquiraz CE (<a href=\"https:\/\/www.estrategiaconcursos.com.br\/blog\/cadernos-reta-final-concurso-gcm-aquiraz-ce\/\" target=\"_blank\" rel=\"noreferrer noopener\">clique aqui<\/a>)<\/li>\n<\/ul>\n\n\n\n<p>Al\u00e9m disso, tamb\u00e9m foram <strong>atualizados&nbsp;<\/strong>os seguintes&nbsp;<strong>Cadernos de Quest\u00f5es<\/strong>:<\/p>\n\n\n\n<ul class=\"wp-block-list\">\n<li>Cadernos In\u00e9ditas Pol\u00edcia Penal MG (<a href=\"https:\/\/www.estrategiaconcursos.com.br\/blog\/cadernos-que-questoes-ineditas-para-o-concurso-policia-penal-mg\/\" target=\"_blank\" rel=\"noreferrer noopener\">clique aqui<\/a>)<\/li>\n\n\n\n<li>Cadernos Reta Final TJRJ (<a href=\"https:\/\/www.estrategiaconcursos.com.br\/blog\/cadernos-de-questoes-anteriores-para-o-concurso-tj-rj\/\" target=\"_blank\" rel=\"noreferrer noopener\">clique aqui<\/a>)<\/li>\n\n\n\n<li>Cadernos de Quest\u00f5es In\u00e9ditas Sefaz PA&nbsp;(<a href=\"https:\/\/www.estrategiaconcursos.com.br\/blog\/questoes-ineditas-sefa-pa\/\" target=\"_blank\" rel=\"noreferrer noopener\">clique aqui<\/a>)<\/li>\n\n\n\n<li>Cadernos de Quest\u00f5es In\u00e9ditas Sefaz SP (<a href=\"https:\/\/www.estrategiaconcursos.com.br\/blog\/?p=1679236\" target=\"_blank\" rel=\"noreferrer noopener\">clique aqui<\/a>)<\/li>\n<\/ul>\n\n\n\n<h2 class=\"wp-block-heading\" id=\"h-agora-vamos-ver-as-principais-movimentacoes-de-concursos-da-ultima-semana\">Agora, vamos ver as principais movimenta\u00e7\u00f5es de concursos da \u00faltima semana?<\/h2>\n\n\n\n<ul class=\"wp-block-list\">\n<li><strong><a href=\"https:\/\/www.estrategiaconcursos.com.br\/blog\/concurso-pm-sp\/\" target=\"_blank\" rel=\"noreferrer noopener\">PM SP<\/a><\/strong>: Est\u00e1 <strong>formada a comiss\u00e3o <\/strong>do novo concurso PM SP (Pol\u00edcia Militar do Estado de S\u00e3o Paulo) para provimento de 2 mil vagas para Soldado do Quadro de Pra\u00e7as Policiais Militares (QPPM). O primeiro edital deve ser publicado no 2\u00ba semestre de 2026, com ingresso dos aprovados em 2027. A segunda sele\u00e7\u00e3o \u00e9 prevista no \u00faltimo trimestre do ano com outras 2 mil oportunidades. A carreira exige escolaridade de n\u00edvel m\u00e9dio e idade de 17 a 30 anos, com sal\u00e1rio inicial de R$ 5.055,53.<\/li>\n<\/ul>\n\n\n\n<ul class=\"wp-block-list\">\n<li><strong><a href=\"https:\/\/www.estrategiaconcursos.com.br\/blog\/concurso-policia-penal-rs\/\" target=\"_blank\" rel=\"noreferrer noopener\">Pol\u00edcia Penal RS<\/a><\/strong>: O governador do Rio Grande do Sul, Eduardo Leite, voltou a falar sobre a <strong>previs\u00e3o do novo concurso<\/strong> Pol\u00edcia Penal RS. Por meio das redes sociais, Leite confirmou que, em breve, ser\u00e1 anunciada a publica\u00e7\u00e3o do edital. Vale lembrar que a comiss\u00e3o de estudos preliminares do certame est\u00e1 formada desde janeiro de 2025. O pr\u00f3ximo passo ser\u00e1 a contrata\u00e7\u00e3o da banca organizadora. Ser\u00e3o ofertadas vagas para o cargo de T\u00e9cnico Superior Penitenci\u00e1rio da Pol\u00edcia Penal do Rio Grande do Sul, que exige n\u00edvel superior. O \u00faltimo edital trouxe sal\u00e1rio inicial de R$ 8.500,00.<\/li>\n<\/ul>\n\n\n\n<ul class=\"wp-block-list\">\n<li><strong><a href=\"https:\/\/www.estrategiaconcursos.com.br\/blog\/concurso-udesc\/\" target=\"_blank\" rel=\"noreferrer noopener\">UDESC<\/a>: <\/strong>A Universidade do Estado de Santa Catarina (UDESC) <strong>divulgou seu mais novo edital do concurso p\u00fablico<\/strong>! S\u00e3o ofertadas 40 vagas imediatas e cadastro de reserva, sendo 20 para T\u00e9cnico Universit\u00e1rio de Desenvolvimento e 20 para T\u00e9cnico Universit\u00e1rio de Suporte. Os sal\u00e1rios variam de R$ 4.921,46 a R$ 6.858,78. Sob organiza\u00e7\u00e3o do Cebraspe, as inscri\u00e7\u00f5es poder\u00e3o ser efetuadas entre os dias 14 de janeiro a 13 de fevereiro, ao custo de R$ 110,00 e R$ 80,00. As provas ser\u00e3o aplicadas em 29 de mar\u00e7o.<\/li>\n<\/ul>\n\n\n\n<ul class=\"wp-block-list\">\n<li><a href=\"https:\/\/www.estrategiaconcursos.com.br\/blog\/concurso-seduc-ro\/\" target=\"_blank\" rel=\"noreferrer noopener\"><strong>SEDUC RO<\/strong><\/a>: A Secret\u00e1ria de Estado da Educa\u00e7\u00e3o de Rond\u00f4nia (SEDUC RO) <strong>publicou novo edital<\/strong> com a oferta de 6.357 vagas de n\u00edveis m\u00e9dio e superior, com sal\u00e1rios que chegam a R$ 5.118,41! Os interessados poder\u00e3o se candidatar no per\u00edodo de 7 de janeiro a 9 de fevereiro, exclusivamente pelo site do Ibade, banca respons\u00e1vel pela organiza\u00e7\u00e3o do certame.<\/li>\n<\/ul>\n\n\n\n<ul class=\"wp-block-list\">\n<li><a href=\"https:\/\/www.estrategiaconcursos.com.br\/blog\/concurso-sec-ba\/\" target=\"_blank\" rel=\"noreferrer noopener\"><strong>SEC BA<\/strong><\/a>: A\u00a0SEC BA\u00a0(Secretaria de Educa\u00e7\u00e3o do Estado da Bahia)\u00a0divulgou a informa\u00e7\u00e3o\u00a0de que <strong>pretende aderir \u00e0\u00a0Prova Nacional Docente<\/strong>\u00a0para realiza\u00e7\u00e3o do seu novo concurso. A ades\u00e3o foi confirmada pela secret\u00e1ria de Educa\u00e7\u00e3o, Rowenna Brito, durante uma\u00a0live\u00a0em suas redes sociais no dia 8 de janeiro de 2026. Al\u00e9m disso, ela confirmou que\u00a0o edital ser\u00e1 publicado at\u00e9 abril.<\/li>\n<\/ul>\n\n\n\n<ul class=\"wp-block-list\">\n<li><strong><a href=\"https:\/\/www.estrategiaconcursos.com.br\/blog\/concurso-fapesp\/\" target=\"_blank\" rel=\"noreferrer noopener\">Fapesp<\/a><\/strong>: A Funda\u00e7\u00e3o de Amparo \u00e0 Pesquisa do Estado de S\u00e3o Paulo (Fapesp) <strong>assinou contrato com a Vunesp<\/strong> para o seu mais novo concurso p\u00fablico. O contrato, cuja vig\u00eancia \u00e9 de um ano, foi disponibilizado no Portal Nacional de Contrata\u00e7\u00f5es P\u00fablicas. Agora, o pr\u00f3ximo passo ser\u00e1 a publica\u00e7\u00e3o do edital. Ao todo, ser\u00e3o contempladas 17 vagas imediatas para os cargos de Analista Administrativo e Analista de Sistemas, ambos de n\u00edvel superior. As carreiras possuem valores interessantes, como sal\u00e1rios iniciais variando de R$ 6.613,69 a R$ 10.571,65. Segundo o Estudo T\u00e9cnico Preliminar, ser\u00e3o aplicadas provas objetivas e avalia\u00e7\u00e3o de t\u00edtulos para os futuros candidatos.<\/li>\n<\/ul>\n\n\n\n<ul class=\"wp-block-list\">\n<li><strong><a href=\"https:\/\/www.estrategiaconcursos.com.br\/blog\/concurso-adab\/\" target=\"_blank\" rel=\"noreferrer noopener\">ADAB<\/a><\/strong>: Mais uma not\u00edcia quente e exclusiva acerca do concurso p\u00fablico da Ag\u00eancia de Defesa Agropecu\u00e1ria da Bahia (ADAB): o <strong>edital ser\u00e1 publicado a partir do dia 13 de janeiro<\/strong>! Com organiza\u00e7\u00e3o do Instituto de Desenvolvimento e Capacita\u00e7\u00e3o (IDCAP), o certame oferecer\u00e1 200 vagas, distribu\u00eddas entre os cargos de Fiscal Estadual Agropecu\u00e1rio \u2013 M\u00e9dico Veterin\u00e1rio, com 80 vagas, Fiscal Estadual Agropecu\u00e1rio \u2013 Engenheiro Agr\u00f4nomo, tamb\u00e9m com 80 vagas, e T\u00e9cnico em Fiscaliza\u00e7\u00e3o Agropecu\u00e1ria, com 40 vagas.<\/li>\n<\/ul>\n\n\n\n<ul class=\"wp-block-list\">\n<li><strong><a href=\"https:\/\/www.estrategiaconcursos.com.br\/blog\/concurso-tce-pb\/\" target=\"_blank\" rel=\"noreferrer noopener\">TCE PB<\/a><\/strong>: O TCE PB (Tribunal de Contas do Estado da Para\u00edba) deve publicar o <strong>edital do seu concurso at\u00e9 junho de 2026<\/strong>, com nomea\u00e7\u00f5es previstas para 2027. De acordo com a apura\u00e7\u00e3o, j\u00e1 existe uma comiss\u00e3o organizadora formada, que, neste momento, realiza o levantamento do quantitativo de vagas a ser ofertado. A princ\u00edpio, o tribunal pretende disponibilizar cerca de 50 vagas, todas na modalidade de cadastro de reserva. No entanto, h\u00e1 uma grande necessidade de suprir o d\u00e9ficit no quadro de pessoal. Por isso, a inten\u00e7\u00e3o do \u00f3rg\u00e3o \u00e9 convocar todos os aprovados, mesmo que o concurso ofere\u00e7a, formalmente, apenas vagas para cadastro de reserva. Ainda conforme a informa\u00e7\u00e3o exclusiva, o edital dever\u00e1 contemplar vagas para a carreira de Auditor de Controle Externo, nas \u00e1reas de Administra\u00e7\u00e3o, Contabilidade, Economia, Direito e Engenharia Civil.<\/li>\n<\/ul>\n\n\n\n<p>Espero que tenham gostado da Carta aos Assinantes. Desejo a todos uma excelente semana de estudos!<\/p>\n\n\n\n<p>Abra\u00e7os,<\/p>\n\n\n\n<p><strong>Prof. Diego Cerqueira<\/strong><\/p>\n","protected":false},"excerpt":{"rendered":"<p>Confira, em nossa ducent\u00e9sima septuag\u00e9sima segunda carta aos assinantes, a nossa programa\u00e7\u00e3o semanal, as novidades do nosso Sistema de Quest\u00f5es e as principais movimenta\u00e7\u00f5es de concursos. Ol\u00e1, pessoal. Tudo bem? Aqui \u00e9 o&nbsp;Prof. Diego Cerqueira&nbsp;em nossa ducent\u00e9sima septuag\u00e9sima segunda Carta aos Assinantes do Estrat\u00e9gia Concursos. Quer garantir a t\u00e3o sonhada estabilidade em 2026? S\u00e3o previstas [&hellip;]<\/p>\n","protected":false},"author":1789,"featured_media":1058143,"comment_status":"open","ping_status":"closed","sticky":false,"template":"","format":"standard","meta":{"post_tipo":"article","footnotes":""},"categories":[1,220219],"tags":[],"tax_estado":[219963],"class_list":["post-1695040","post","type-post","status-publish","format-standard","has-post-thumbnail","hentry","category-cursos-e-concursos","category-noticias","tax_estado-concursos-federais"],"acf":[],"yoast_head":"<!-- This site is optimized with the Yoast SEO Premium plugin v27.2 (Yoast SEO v27.2) - https:\/\/yoast.com\/product\/yoast-seo-premium-wordpress\/ -->\n<title>Carta aos Assinantes do Estrat\u00e9gia Concursos - 272<\/title>\n<meta name=\"description\" content=\"Confira em nossa 272\u00aa carta aos assinantes as novidades do nosso SQ e principais movimenta\u00e7\u00f5es de concursos.\" \/>\n<meta name=\"robots\" content=\"index, follow, max-snippet:-1, max-image-preview:large, max-video-preview:-1\" \/>\n<link rel=\"canonical\" href=\"https:\/\/www.estrategiaconcursos.com.br\/blog\/carta-aos-assinantes-272\/\" \/>\n<meta property=\"og:locale\" content=\"pt_BR\" \/>\n<meta property=\"og:type\" content=\"article\" \/>\n<meta property=\"og:title\" content=\"Carta aos Assinantes do Estrat\u00e9gia Concursos - 272\" \/>\n<meta property=\"og:description\" content=\"Confira em nossa 272\u00aa carta aos assinantes as novidades do nosso SQ e principais movimenta\u00e7\u00f5es de concursos.\" \/>\n<meta property=\"og:url\" content=\"https:\/\/www.estrategiaconcursos.com.br\/blog\/carta-aos-assinantes-272\/\" \/>\n<meta property=\"og:site_name\" content=\"Estrat\u00e9gia Concursos\" \/>\n<meta property=\"article:published_time\" content=\"2026-01-12T12:00:00+00:00\" \/>\n<meta property=\"article:modified_time\" content=\"2026-01-19T10:58:48+00:00\" \/>\n<meta property=\"og:image\" content=\"https:\/\/dhg1h5j42swfq.cloudfront.net\/2022\/07\/08165823\/imagem-carta-aos-assinantes-1.png\" \/>\n\t<meta property=\"og:image:width\" content=\"800\" \/>\n\t<meta property=\"og:image:height\" content=\"450\" \/>\n\t<meta property=\"og:image:type\" content=\"image\/png\" \/>\n<meta name=\"author\" content=\"Coordena\u00e7\u00e3o Estrat\u00e9gia\" \/>\n<meta name=\"twitter:card\" content=\"summary_large_image\" \/>\n<meta name=\"twitter:creator\" content=\"@EstratConcursos\" \/>\n<meta name=\"twitter:site\" content=\"@EstratConcursos\" \/>\n<meta name=\"twitter:label1\" content=\"Escrito por\" \/>\n\t<meta name=\"twitter:data1\" content=\"Coordena\u00e7\u00e3o Estrat\u00e9gia\" \/>\n\t<meta name=\"twitter:label2\" content=\"Est. tempo de leitura\" \/>\n\t<meta name=\"twitter:data2\" content=\"5 minutos\" \/>\n<script type=\"application\/ld+json\" class=\"yoast-schema-graph\">{\"@context\":\"https:\/\/schema.org\",\"@graph\":[{\"@type\":\"NewsArticle\",\"@id\":\"https:\/\/www.estrategiaconcursos.com.br\/blog\/carta-aos-assinantes-272\/#article\",\"isPartOf\":{\"@id\":\"https:\/\/www.estrategiaconcursos.com.br\/blog\/carta-aos-assinantes-272\/\"},\"author\":{\"name\":\"Coordena\u00e7\u00e3o Estrat\u00e9gia\",\"@id\":\"https:\/\/www.estrategiaconcursos.com.br\/blog\/#\/schema\/person\/ba5fab3b1fa4a358429e37bc50f74021\"},\"headline\":\"Carta aos Assinantes do Estrat\u00e9gia Concursos &#8211; 272\",\"datePublished\":\"2026-01-12T12:00:00+00:00\",\"dateModified\":\"2026-01-19T10:58:48+00:00\",\"mainEntityOfPage\":{\"@id\":\"https:\/\/www.estrategiaconcursos.com.br\/blog\/carta-aos-assinantes-272\/\"},\"wordCount\":1078,\"commentCount\":0,\"publisher\":{\"@id\":\"https:\/\/www.estrategiaconcursos.com.br\/blog\/#organization\"},\"image\":{\"@id\":\"https:\/\/www.estrategiaconcursos.com.br\/blog\/carta-aos-assinantes-272\/#primaryimage\"},\"thumbnailUrl\":\"https:\/\/dhg1h5j42swfq.cloudfront.net\/2022\/07\/08165823\/imagem-carta-aos-assinantes-1.png\",\"articleSection\":[\"Concursos P\u00fablicos\",\"\u00daltimas not\u00edcias\"],\"inLanguage\":\"pt-BR\",\"potentialAction\":[{\"@type\":\"CommentAction\",\"name\":\"Comment\",\"target\":[\"https:\/\/www.estrategiaconcursos.com.br\/blog\/carta-aos-assinantes-272\/#respond\"]}],\"copyrightYear\":\"2026\",\"copyrightHolder\":{\"@id\":\"https:\/\/www.estrategiaconcursos.com.br\/blog\/#organization\"}},{\"@type\":\"WebPage\",\"@id\":\"https:\/\/www.estrategiaconcursos.com.br\/blog\/carta-aos-assinantes-272\/\",\"url\":\"https:\/\/www.estrategiaconcursos.com.br\/blog\/carta-aos-assinantes-272\/\",\"name\":\"Carta aos Assinantes do Estrat\u00e9gia Concursos - 272\",\"isPartOf\":{\"@id\":\"https:\/\/www.estrategiaconcursos.com.br\/blog\/#website\"},\"primaryImageOfPage\":{\"@id\":\"https:\/\/www.estrategiaconcursos.com.br\/blog\/carta-aos-assinantes-272\/#primaryimage\"},\"image\":{\"@id\":\"https:\/\/www.estrategiaconcursos.com.br\/blog\/carta-aos-assinantes-272\/#primaryimage\"},\"thumbnailUrl\":\"https:\/\/dhg1h5j42swfq.cloudfront.net\/2022\/07\/08165823\/imagem-carta-aos-assinantes-1.png\",\"datePublished\":\"2026-01-12T12:00:00+00:00\",\"dateModified\":\"2026-01-19T10:58:48+00:00\",\"description\":\"Confira em nossa 272\u00aa carta aos assinantes as novidades do nosso SQ e principais movimenta\u00e7\u00f5es de concursos.\",\"breadcrumb\":{\"@id\":\"https:\/\/www.estrategiaconcursos.com.br\/blog\/carta-aos-assinantes-272\/#breadcrumb\"},\"inLanguage\":\"pt-BR\",\"potentialAction\":[{\"@type\":\"ReadAction\",\"target\":[\"https:\/\/www.estrategiaconcursos.com.br\/blog\/carta-aos-assinantes-272\/\"]}]},{\"@type\":\"ImageObject\",\"inLanguage\":\"pt-BR\",\"@id\":\"https:\/\/www.estrategiaconcursos.com.br\/blog\/carta-aos-assinantes-272\/#primaryimage\",\"url\":\"https:\/\/dhg1h5j42swfq.cloudfront.net\/2022\/07\/08165823\/imagem-carta-aos-assinantes-1.png\",\"contentUrl\":\"https:\/\/dhg1h5j42swfq.cloudfront.net\/2022\/07\/08165823\/imagem-carta-aos-assinantes-1.png\",\"width\":800,\"height\":450,\"caption\":\"Carta aos Assinantes\"},{\"@type\":\"BreadcrumbList\",\"@id\":\"https:\/\/www.estrategiaconcursos.com.br\/blog\/carta-aos-assinantes-272\/#breadcrumb\",\"itemListElement\":[{\"@type\":\"ListItem\",\"position\":1,\"name\":\"In\u00edcio\",\"item\":\"https:\/\/www.estrategiaconcursos.com.br\/blog\/\"},{\"@type\":\"ListItem\",\"position\":2,\"name\":\"Carta aos Assinantes do Estrat\u00e9gia Concursos &#8211; 272\"}]},{\"@type\":\"WebSite\",\"@id\":\"https:\/\/www.estrategiaconcursos.com.br\/blog\/#website\",\"url\":\"https:\/\/www.estrategiaconcursos.com.br\/blog\/\",\"name\":\"Estrat\u00e9gia Concursos\",\"description\":\"O blog da Estrat\u00e9gia Concursos traz not\u00edcias sobre concursos e artigos de professores oferecendo cursos para concursos (pdf + videaulas) no site.\",\"publisher\":{\"@id\":\"https:\/\/www.estrategiaconcursos.com.br\/blog\/#organization\"},\"potentialAction\":[{\"@type\":\"SearchAction\",\"target\":{\"@type\":\"EntryPoint\",\"urlTemplate\":\"https:\/\/www.estrategiaconcursos.com.br\/blog\/?s={search_term_string}\"},\"query-input\":{\"@type\":\"PropertyValueSpecification\",\"valueRequired\":true,\"valueName\":\"search_term_string\"}}],\"inLanguage\":\"pt-BR\"},{\"@type\":\"Organization\",\"@id\":\"https:\/\/www.estrategiaconcursos.com.br\/blog\/#organization\",\"name\":\"Estrat\u00e9gia Concursos\",\"url\":\"https:\/\/www.estrategiaconcursos.com.br\/blog\/\",\"logo\":{\"@type\":\"ImageObject\",\"inLanguage\":\"pt-BR\",\"@id\":\"https:\/\/www.estrategiaconcursos.com.br\/blog\/#\/schema\/logo\/image\/\",\"url\":\"https:\/\/dhg1h5j42swfq.cloudfront.net\/2025\/06\/03203428\/logo_concursos-1.jpg\",\"contentUrl\":\"https:\/\/dhg1h5j42swfq.cloudfront.net\/2025\/06\/03203428\/logo_concursos-1.jpg\",\"width\":230,\"height\":60,\"caption\":\"Estrat\u00e9gia Concursos\"},\"image\":{\"@id\":\"https:\/\/www.estrategiaconcursos.com.br\/blog\/#\/schema\/logo\/image\/\"},\"sameAs\":[\"https:\/\/x.com\/EstratConcursos\"]},{\"@type\":\"Person\",\"@id\":\"https:\/\/www.estrategiaconcursos.com.br\/blog\/#\/schema\/person\/ba5fab3b1fa4a358429e37bc50f74021\",\"name\":\"Coordena\u00e7\u00e3o Estrat\u00e9gia\",\"image\":{\"@type\":\"ImageObject\",\"inLanguage\":\"pt-BR\",\"@id\":\"https:\/\/secure.gravatar.com\/avatar\/adff33ff18541ba37c900dd2b1e82dbfb0fe33d873b92636b4827a8da462feb3?s=96&d=mm&r=g\",\"url\":\"https:\/\/secure.gravatar.com\/avatar\/adff33ff18541ba37c900dd2b1e82dbfb0fe33d873b92636b4827a8da462feb3?s=96&d=mm&r=g\",\"contentUrl\":\"https:\/\/secure.gravatar.com\/avatar\/adff33ff18541ba37c900dd2b1e82dbfb0fe33d873b92636b4827a8da462feb3?s=96&d=mm&r=g\",\"caption\":\"Coordena\u00e7\u00e3o Estrat\u00e9gia\"},\"url\":\"https:\/\/www.estrategiaconcursos.com.br\/blog\/author\/victor-tanakaaestrategiaconcursos-com-br\/\"}]}<\/script>\n<!-- \/ Yoast SEO Premium plugin. -->","yoast_head_json":{"title":"Carta aos Assinantes do Estrat\u00e9gia Concursos - 272","description":"Confira em nossa 272\u00aa carta aos assinantes as novidades do nosso SQ e principais movimenta\u00e7\u00f5es de concursos.","robots":{"index":"index","follow":"follow","max-snippet":"max-snippet:-1","max-image-preview":"max-image-preview:large","max-video-preview":"max-video-preview:-1"},"canonical":"https:\/\/www.estrategiaconcursos.com.br\/blog\/carta-aos-assinantes-272\/","og_locale":"pt_BR","og_type":"article","og_title":"Carta aos Assinantes do Estrat\u00e9gia Concursos - 272","og_description":"Confira em nossa 272\u00aa carta aos assinantes as novidades do nosso SQ e principais movimenta\u00e7\u00f5es de concursos.","og_url":"https:\/\/www.estrategiaconcursos.com.br\/blog\/carta-aos-assinantes-272\/","og_site_name":"Estrat\u00e9gia Concursos","article_published_time":"2026-01-12T12:00:00+00:00","article_modified_time":"2026-01-19T10:58:48+00:00","og_image":[{"width":800,"height":450,"url":"https:\/\/dhg1h5j42swfq.cloudfront.net\/2022\/07\/08165823\/imagem-carta-aos-assinantes-1.png","type":"image\/png"}],"author":"Coordena\u00e7\u00e3o Estrat\u00e9gia","twitter_card":"summary_large_image","twitter_creator":"@EstratConcursos","twitter_site":"@EstratConcursos","twitter_misc":{"Escrito por":"Coordena\u00e7\u00e3o Estrat\u00e9gia","Est. tempo de leitura":"5 minutos"},"schema":{"@context":"https:\/\/schema.org","@graph":[{"@type":"NewsArticle","@id":"https:\/\/www.estrategiaconcursos.com.br\/blog\/carta-aos-assinantes-272\/#article","isPartOf":{"@id":"https:\/\/www.estrategiaconcursos.com.br\/blog\/carta-aos-assinantes-272\/"},"author":{"name":"Coordena\u00e7\u00e3o Estrat\u00e9gia","@id":"https:\/\/www.estrategiaconcursos.com.br\/blog\/#\/schema\/person\/ba5fab3b1fa4a358429e37bc50f74021"},"headline":"Carta aos Assinantes do Estrat\u00e9gia Concursos &#8211; 272","datePublished":"2026-01-12T12:00:00+00:00","dateModified":"2026-01-19T10:58:48+00:00","mainEntityOfPage":{"@id":"https:\/\/www.estrategiaconcursos.com.br\/blog\/carta-aos-assinantes-272\/"},"wordCount":1078,"commentCount":0,"publisher":{"@id":"https:\/\/www.estrategiaconcursos.com.br\/blog\/#organization"},"image":{"@id":"https:\/\/www.estrategiaconcursos.com.br\/blog\/carta-aos-assinantes-272\/#primaryimage"},"thumbnailUrl":"https:\/\/dhg1h5j42swfq.cloudfront.net\/2022\/07\/08165823\/imagem-carta-aos-assinantes-1.png","articleSection":["Concursos P\u00fablicos","\u00daltimas not\u00edcias"],"inLanguage":"pt-BR","potentialAction":[{"@type":"CommentAction","name":"Comment","target":["https:\/\/www.estrategiaconcursos.com.br\/blog\/carta-aos-assinantes-272\/#respond"]}],"copyrightYear":"2026","copyrightHolder":{"@id":"https:\/\/www.estrategiaconcursos.com.br\/blog\/#organization"}},{"@type":"WebPage","@id":"https:\/\/www.estrategiaconcursos.com.br\/blog\/carta-aos-assinantes-272\/","url":"https:\/\/www.estrategiaconcursos.com.br\/blog\/carta-aos-assinantes-272\/","name":"Carta aos Assinantes do Estrat\u00e9gia Concursos - 272","isPartOf":{"@id":"https:\/\/www.estrategiaconcursos.com.br\/blog\/#website"},"primaryImageOfPage":{"@id":"https:\/\/www.estrategiaconcursos.com.br\/blog\/carta-aos-assinantes-272\/#primaryimage"},"image":{"@id":"https:\/\/www.estrategiaconcursos.com.br\/blog\/carta-aos-assinantes-272\/#primaryimage"},"thumbnailUrl":"https:\/\/dhg1h5j42swfq.cloudfront.net\/2022\/07\/08165823\/imagem-carta-aos-assinantes-1.png","datePublished":"2026-01-12T12:00:00+00:00","dateModified":"2026-01-19T10:58:48+00:00","description":"Confira em nossa 272\u00aa carta aos assinantes as novidades do nosso SQ e principais movimenta\u00e7\u00f5es de concursos.","breadcrumb":{"@id":"https:\/\/www.estrategiaconcursos.com.br\/blog\/carta-aos-assinantes-272\/#breadcrumb"},"inLanguage":"pt-BR","potentialAction":[{"@type":"ReadAction","target":["https:\/\/www.estrategiaconcursos.com.br\/blog\/carta-aos-assinantes-272\/"]}]},{"@type":"ImageObject","inLanguage":"pt-BR","@id":"https:\/\/www.estrategiaconcursos.com.br\/blog\/carta-aos-assinantes-272\/#primaryimage","url":"https:\/\/dhg1h5j42swfq.cloudfront.net\/2022\/07\/08165823\/imagem-carta-aos-assinantes-1.png","contentUrl":"https:\/\/dhg1h5j42swfq.cloudfront.net\/2022\/07\/08165823\/imagem-carta-aos-assinantes-1.png","width":800,"height":450,"caption":"Carta aos Assinantes"},{"@type":"BreadcrumbList","@id":"https:\/\/www.estrategiaconcursos.com.br\/blog\/carta-aos-assinantes-272\/#breadcrumb","itemListElement":[{"@type":"ListItem","position":1,"name":"In\u00edcio","item":"https:\/\/www.estrategiaconcursos.com.br\/blog\/"},{"@type":"ListItem","position":2,"name":"Carta aos Assinantes do Estrat\u00e9gia Concursos &#8211; 272"}]},{"@type":"WebSite","@id":"https:\/\/www.estrategiaconcursos.com.br\/blog\/#website","url":"https:\/\/www.estrategiaconcursos.com.br\/blog\/","name":"Estrat\u00e9gia Concursos","description":"O blog da Estrat\u00e9gia Concursos traz not\u00edcias sobre concursos e artigos de professores oferecendo cursos para concursos (pdf + videaulas) no site.","publisher":{"@id":"https:\/\/www.estrategiaconcursos.com.br\/blog\/#organization"},"potentialAction":[{"@type":"SearchAction","target":{"@type":"EntryPoint","urlTemplate":"https:\/\/www.estrategiaconcursos.com.br\/blog\/?s={search_term_string}"},"query-input":{"@type":"PropertyValueSpecification","valueRequired":true,"valueName":"search_term_string"}}],"inLanguage":"pt-BR"},{"@type":"Organization","@id":"https:\/\/www.estrategiaconcursos.com.br\/blog\/#organization","name":"Estrat\u00e9gia Concursos","url":"https:\/\/www.estrategiaconcursos.com.br\/blog\/","logo":{"@type":"ImageObject","inLanguage":"pt-BR","@id":"https:\/\/www.estrategiaconcursos.com.br\/blog\/#\/schema\/logo\/image\/","url":"https:\/\/dhg1h5j42swfq.cloudfront.net\/2025\/06\/03203428\/logo_concursos-1.jpg","contentUrl":"https:\/\/dhg1h5j42swfq.cloudfront.net\/2025\/06\/03203428\/logo_concursos-1.jpg","width":230,"height":60,"caption":"Estrat\u00e9gia Concursos"},"image":{"@id":"https:\/\/www.estrategiaconcursos.com.br\/blog\/#\/schema\/logo\/image\/"},"sameAs":["https:\/\/x.com\/EstratConcursos"]},{"@type":"Person","@id":"https:\/\/www.estrategiaconcursos.com.br\/blog\/#\/schema\/person\/ba5fab3b1fa4a358429e37bc50f74021","name":"Coordena\u00e7\u00e3o Estrat\u00e9gia","image":{"@type":"ImageObject","inLanguage":"pt-BR","@id":"https:\/\/secure.gravatar.com\/avatar\/adff33ff18541ba37c900dd2b1e82dbfb0fe33d873b92636b4827a8da462feb3?s=96&d=mm&r=g","url":"https:\/\/secure.gravatar.com\/avatar\/adff33ff18541ba37c900dd2b1e82dbfb0fe33d873b92636b4827a8da462feb3?s=96&d=mm&r=g","contentUrl":"https:\/\/secure.gravatar.com\/avatar\/adff33ff18541ba37c900dd2b1e82dbfb0fe33d873b92636b4827a8da462feb3?s=96&d=mm&r=g","caption":"Coordena\u00e7\u00e3o Estrat\u00e9gia"},"url":"https:\/\/www.estrategiaconcursos.com.br\/blog\/author\/victor-tanakaaestrategiaconcursos-com-br\/"}]}},"_links":{"self":[{"href":"https:\/\/www.estrategiaconcursos.com.br\/blog\/wp-json\/wp\/v2\/posts\/1695040","targetHints":{"allow":["GET"]}}],"collection":[{"href":"https:\/\/www.estrategiaconcursos.com.br\/blog\/wp-json\/wp\/v2\/posts"}],"about":[{"href":"https:\/\/www.estrategiaconcursos.com.br\/blog\/wp-json\/wp\/v2\/types\/post"}],"author":[{"embeddable":true,"href":"https:\/\/www.estrategiaconcursos.com.br\/blog\/wp-json\/wp\/v2\/users\/1789"}],"replies":[{"embeddable":true,"href":"https:\/\/www.estrategiaconcursos.com.br\/blog\/wp-json\/wp\/v2\/comments?post=1695040"}],"version-history":[{"count":7,"href":"https:\/\/www.estrategiaconcursos.com.br\/blog\/wp-json\/wp\/v2\/posts\/1695040\/revisions"}],"predecessor-version":[{"id":1696865,"href":"https:\/\/www.estrategiaconcursos.com.br\/blog\/wp-json\/wp\/v2\/posts\/1695040\/revisions\/1696865"}],"wp:featuredmedia":[{"embeddable":true,"href":"https:\/\/www.estrategiaconcursos.com.br\/blog\/wp-json\/wp\/v2\/media\/1058143"}],"wp:attachment":[{"href":"https:\/\/www.estrategiaconcursos.com.br\/blog\/wp-json\/wp\/v2\/media?parent=1695040"}],"wp:term":[{"taxonomy":"category","embeddable":true,"href":"https:\/\/www.estrategiaconcursos.com.br\/blog\/wp-json\/wp\/v2\/categories?post=1695040"},{"taxonomy":"post_tag","embeddable":true,"href":"https:\/\/www.estrategiaconcursos.com.br\/blog\/wp-json\/wp\/v2\/tags?post=1695040"},{"taxonomy":"tax_estado","embeddable":true,"href":"https:\/\/www.estrategiaconcursos.com.br\/blog\/wp-json\/wp\/v2\/tax_estado?post=1695040"}],"curies":[{"name":"wp","href":"https:\/\/api.w.org\/{rel}","templated":true}]}}