{"id":1694872,"date":"2026-04-28T15:49:00","date_gmt":"2026-04-28T18:49:00","guid":{"rendered":"https:\/\/www.estrategiaconcursos.com.br\/blog\/?p=1694872"},"modified":"2026-04-28T15:49:28","modified_gmt":"2026-04-28T18:49:28","slug":"concurso-prefeitura-paracuru","status":"publish","type":"post","link":"https:\/\/www.estrategiaconcursos.com.br\/blog\/concurso-prefeitura-paracuru\/","title":{"rendered":"Concurso Paracuru CE: provas aplicadas; 698 vagas!"},"content":{"rendered":"\n<p>A <strong><a href=\"https:\/\/www.estrategiaconcursos.com.br\/cursosPorConcurso\/prefeitura-municipal-de-paracuru-ce\/\" target=\"_blank\" rel=\"noreferrer noopener\">Prefeitura de\u00a0Paracuru<\/a><\/strong>, cidade do Cear\u00e1, teve suas provas aplicadas no dia 26 de abril. Com isso, os candidatos j\u00e1 podem conferir os <strong>gabaritos preliminares <\/strong>da etapa.<\/p>\n\n\n\n<ul class=\"wp-block-list\">\n<li><a href=\"https:\/\/dhg1h5j42swfq.cloudfront.net\/2026\/04\/28154708\/20260427_170947_gabarito-preliminar-de-paracuru-ce-001-2026.pdf\" target=\"_blank\" rel=\"noreferrer noopener nofollow\">Gabaritos &#8211; Edital 1<\/a>;<\/li>\n\n\n\n<li><a href=\"https:\/\/dhg1h5j42swfq.cloudfront.net\/2026\/04\/28154711\/20260427_171329_gabarito-preliminar-de-paracuru-ce-002-2026.pdf\" target=\"_blank\" rel=\"noreferrer noopener nofollow\">Gabaritos &#8211; Edital 2<\/a>.<\/li>\n<\/ul>\n\n\n\n<p>Agora, recursos ser\u00e3o aceitos entre os dias 28 e 29 de abril, diretamente no site da banca Consulpam. O candidato dever\u00e1 acessar a \u00c1rea do Candidato > Recursos > Recursos contra o gabarito preliminar.<\/p>\n\n\n\n<p>Lembrando que s\u00e3o ofertadas <strong>133 vagas imediatas, mais 565 para formar cadastro reserva.<\/strong><\/p>\n\n\n\n<p>O <strong>edital n\u00ba 1<\/strong> \u00e9 destinado ao preenchimento de vagas na \u00e1rea da Educa\u00e7\u00e3o, j\u00e1 o edital <strong>n\u00ba 2 para o Meio Ambiente<\/strong>.<\/p>\n\n\n\n<ul class=\"wp-block-list has-very-light-gray-to-cyan-bluish-gray-gradient-background has-background\">\n<li><strong>Prefeitura Municipal de&nbsp;Paracuru<\/strong> &#8211; CE<\/li>\n\n\n\n<li><strong style=\"color: initial;\">Situa\u00e7\u00e3o:<\/strong><span style=\"color: initial;\">\u00a0provas aplicadas<\/span><\/li>\n\n\n\n<li><strong>Banca:<\/strong>&nbsp;<a href=\"https:\/\/www.consulpam.com.br\/index.php?menu=concursos\" target=\"_blank\" rel=\"noreferrer noopener\">Consulpam<\/a><\/li>\n\n\n\n<li><strong>Vagas:<\/strong>&nbsp;133 + 565 CR<\/li>\n\n\n\n<li><strong>Sal\u00e1rio inicial:<\/strong>&nbsp;R$ 2.300,00 a R$ 5.376,56<\/li>\n\n\n\n<li><strong>Editais:<\/strong> <a href=\"https:\/\/dhg1h5j42swfq.cloudfront.net\/2026\/01\/07105625\/20260106_131229_edital-001-2026-paracuru-educacao-1.pdf\" target=\"_blank\" rel=\"noreferrer noopener nofollow\">Edital 1<\/a> &#8211; <a href=\"https:\/\/dhg1h5j42swfq.cloudfront.net\/2026\/01\/07105628\/paracuru-2.pdf\" target=\"_blank\" rel=\"noreferrer noopener nofollow\">Edital 2<\/a><\/li>\n<\/ul>\n\n\n\n<p>Confira mais informa\u00e7\u00f5es sobre este concurso e principais detalhes de seu edital. Veja os t\u00f3picos abaixo:<\/p>\n\n\n\n<ul id=\"indice\" class=\"wp-block-list\">\n<li><a href=\"#ret\">Retifica\u00e7\u00f5es<\/a><\/li>\n\n\n\n<li><a href=\"#vagas\">Distribui\u00e7\u00e3o das vagas<\/a>\n<ul class=\"wp-block-list\">\n<li><a href=\"#1\">Edital 1<\/a><\/li>\n\n\n\n<li><a href=\"#2\">Edital 2<\/a><\/li>\n<\/ul>\n<\/li>\n\n\n\n<li><a href=\"#etapas\">Etapas<\/a><\/li>\n\n\n\n<li><a href=\"#cursos-assinatura\">Assinatura e cursos<\/a><\/li>\n\n\n\n<li><a href=\"#ficha-tecnica\">Ficha t\u00e9cnica<\/a><\/li>\n<\/ul>\n\n\n\n<div class=\"container\" id=\"boxes\">\n  <div class=\"row\">\n\n    <div class=\"col-sm\">\n      <div class=\"banner-prefeituras-ec\" id=\"box-assinatura\">\n        <h2 class=\"titulo-assinatura\" style=\"text-align: left;\">Concursos Prefeituras<\/h2>\n        <p class=\"subtitulo-assinatura\" style=\"text-align: left;\">Prepara\u00e7\u00e3o completa para a carreira!<\/p>\n        <div class=\"box-botao\" style=\"text-align: left;\">\n          <a class=\"btn-assinatura\" target=\"_blank\" href=\"https:\/\/www.estrategiaconcursos.com.br\/cursosPorConcurso\/prefeitura-municipal-de-paracuru-ce\/\" role=\"button\" rel=\"noopener noreferrer\">EXPLORAR CURSOS<\/a>\n        <\/div>\n      <\/div><\/div><\/div><\/div>\n\n\n\n<h2 class=\"wp-block-heading\" id=\"ret\">Concurso Paracuru: retifica\u00e7\u00f5es<\/h2>\n\n\n\n<p><strong>Edital 1 &#8211; <a href=\"https:\/\/dhg1h5j42swfq.cloudfront.net\/2026\/01\/27100658\/ad-1-edital-1.pdf\" target=\"_blank\" rel=\"noreferrer noopener nofollow\">Aditivo 1<\/a><\/strong> (19\/01): altera sal\u00e1rio e requisitos do cargo de secret\u00e1rio escolar.<\/p>\n\n\n\n<h2 class=\"wp-block-heading\" id=\"vagas\">Concurso Paracuru: distribui\u00e7\u00e3o das vagas<\/h2>\n\n\n\n<h3 class=\"wp-block-heading\" id=\"1\"><strong>Edital 1<\/strong><\/h3>\n\n\n\n<figure class=\"wp-block-table is-style-stripes\"><table class=\"has-fixed-layout\"><thead><tr><th class=\"has-text-align-center\" data-align=\"center\">Cargos<\/th><th class=\"has-text-align-center\" data-align=\"center\">Vagas<\/th><th class=\"has-text-align-center\" data-align=\"center\">Sal\u00e1rio<\/th><th class=\"has-text-align-center\" data-align=\"center\">Escolaridade<\/th><\/tr><\/thead><tbody><tr><td class=\"has-text-align-center\" data-align=\"center\">PROFESSOR DE L\u00cdNGUA<br \/>PORTUGUESA<\/td><td class=\"has-text-align-center\" data-align=\"center\">8 + 48 CR<\/td><td class=\"has-text-align-center\" data-align=\"center\">R$ 5.376,56<\/td><td class=\"has-text-align-center\" data-align=\"center\">Licenciatura Plena<\/td><\/tr><tr><td class=\"has-text-align-center\" data-align=\"center\">PROFESSOR DE<br \/>MATEM\u00c1TICA<\/td><td class=\"has-text-align-center\" data-align=\"center\">10 + 70 CR<\/td><td class=\"has-text-align-center\" data-align=\"center\">R$ 5.376,56<\/td><td class=\"has-text-align-center\" data-align=\"center\">Licenciatura Plena<\/td><\/tr><tr><td class=\"has-text-align-center\" data-align=\"center\">PROFESSOR DE HIST\u00d3RIA<\/td><td class=\"has-text-align-center\" data-align=\"center\">5 + 25 CR<\/td><td class=\"has-text-align-center\" data-align=\"center\">R$ 5.376,56<\/td><td class=\"has-text-align-center\" data-align=\"center\">Licenciatura Plena<\/td><\/tr><tr><td class=\"has-text-align-center\" data-align=\"center\">PROFESSOR DE GEOGRAFIA<\/td><td class=\"has-text-align-center\" data-align=\"center\">4 + 16 CR<\/td><td class=\"has-text-align-center\" data-align=\"center\">R$ 5.376,56<\/td><td class=\"has-text-align-center\" data-align=\"center\">Licenciatura Plena<\/td><\/tr><tr><td class=\"has-text-align-center\" data-align=\"center\">PROFESSOR DE CI\u00caNCIAS<\/td><td class=\"has-text-align-center\" data-align=\"center\">4 + 16 CR<\/td><td class=\"has-text-align-center\" data-align=\"center\">R$ 5.376,56<\/td><td class=\"has-text-align-center\" data-align=\"center\">Licenciatura Plena<\/td><\/tr><tr><td class=\"has-text-align-center\" data-align=\"center\">PROFESSOR DE INGL\u00caS<\/td><td class=\"has-text-align-center\" data-align=\"center\">5 + 25 CR<\/td><td class=\"has-text-align-center\" data-align=\"center\">R$ 5.376,56<\/td><td class=\"has-text-align-center\" data-align=\"center\">Licenciatura Plena<\/td><\/tr><tr><td class=\"has-text-align-center\" data-align=\"center\">PROFESSOR DE EDUCA\u00c7\u00c3O<br \/>F\u00cdSICA<\/td><td class=\"has-text-align-center\" data-align=\"center\">8 + 32 CR<\/td><td class=\"has-text-align-center\" data-align=\"center\">R$ 5.376,56<\/td><td class=\"has-text-align-center\" data-align=\"center\">Licenciatura Plena<\/td><\/tr><tr><td class=\"has-text-align-center\" data-align=\"center\">PROFESSOR DE EDUCA\u00c7\u00c3O<br \/>INFANTIL<\/td><td class=\"has-text-align-center\" data-align=\"center\">35 + 140 CR<\/td><td class=\"has-text-align-center\" data-align=\"center\">R$ 5.376,56<\/td><td class=\"has-text-align-center\" data-align=\"center\">Licenciatura Plena<\/td><\/tr><tr><td class=\"has-text-align-center\" data-align=\"center\">PROFESSOR DE ENSINO<br \/>FUNDAMENTAL &#8211; I<\/td><td class=\"has-text-align-center\" data-align=\"center\">25 + 100 CR<\/td><td class=\"has-text-align-center\" data-align=\"center\">R$ 5.376,56<\/td><td class=\"has-text-align-center\" data-align=\"center\">Licenciatura Plena<\/td><\/tr><tr><td class=\"has-text-align-center\" data-align=\"center\">PROFESSOR DE ARTE \u2013<br \/>EDUCA\u00c7\u00c3O<\/td><td class=\"has-text-align-center\" data-align=\"center\">3 + 12 CR<\/td><td class=\"has-text-align-center\" data-align=\"center\">R$ 5.376,56<\/td><td class=\"has-text-align-center\" data-align=\"center\">Licenciatura Plena<\/td><\/tr><tr><td class=\"has-text-align-center\" data-align=\"center\">SECRET\u00c1RIO ESCOLAR<\/td><td class=\"has-text-align-center\" data-align=\"center\">24 + 75 CR<\/td><td class=\"has-text-align-center\" data-align=\"center\">R$ 3.650,00<\/td><td class=\"has-text-align-center\" data-align=\"center\">Curso T\u00e9cnico de N\u00edvel M\u00e9dio completo<\/td><\/tr><\/tbody><\/table><\/figure>\n\n\n\n<h3 class=\"wp-block-heading\" id=\"2\"><strong>Edital 2<\/strong><\/h3>\n\n\n\n<figure class=\"wp-block-table is-style-stripes\"><table class=\"has-fixed-layout\"><thead><tr><th class=\"has-text-align-center\" data-align=\"center\">Cargos<\/th><th class=\"has-text-align-center\" data-align=\"center\">Vagas<\/th><th class=\"has-text-align-center\" data-align=\"center\">Sal\u00e1rio<\/th><th class=\"has-text-align-center\" data-align=\"center\">Escolaridade<\/th><\/tr><\/thead><tbody><tr><td class=\"has-text-align-center\" data-align=\"center\">FISCAL<br \/>AMBIENTAL<\/td><td class=\"has-text-align-center\" data-align=\"center\">1 + 3 CR<\/td><td class=\"has-text-align-center\" data-align=\"center\">R$ 3.000,00<\/td><td class=\"has-text-align-center\" data-align=\"center\">Ensino Superior<\/td><\/tr><tr><td class=\"has-text-align-center\" data-align=\"center\">GESTOR<br \/>AMBIENTAL<\/td><td class=\"has-text-align-center\" data-align=\"center\">1 + 3 CR<\/td><td class=\"has-text-align-center\" data-align=\"center\">R$ 3.000,00<\/td><td class=\"has-text-align-center\" data-align=\"center\">Ensino Superior<\/td><\/tr><\/tbody><\/table><\/figure>\n\n\n\n<ul class=\"wp-block-list\">\n<li><strong><a href=\"https:\/\/www.estrategiaconcursos.com.br\/blog\/concursos-ambientais\">Confira tamb\u00e9m outros concurso com vagas na \u00e1rea ambiental!<\/a><\/strong><\/li>\n<\/ul>\n\n\n\n<h2 class=\"wp-block-heading\" id=\"etapas\">Concurso Paracuru: etapas<\/h2>\n\n\n\n<p>Veja as etapas de avalia\u00e7\u00e3o:<\/p>\n\n\n\n<ul class=\"wp-block-list\">\n<li><strong>Prova objetiva<\/strong> para todos os cargos (eliminat\u00f3rio e classificat\u00f3rio);<\/li>\n\n\n\n<li><strong>Prova discursiva <\/strong>para todos os cargos de Professor (edital 1) (eliminat\u00f3rio e classificat\u00f3rio);<\/li>\n\n\n\n<li><strong>Prova de t\u00edtulos<\/strong> somente para os cargos de n\u00edvel superior (classificat\u00f3rio).<\/li>\n<\/ul>\n\n\n\n<hr class=\"wp-block-separator has-alpha-channel-opacity\"\/>\n\n\n\n<h2 class=\"wp-block-heading has-text-align-center\" id=\"cursos-assinatura\"><em>Quer estudar para o concurso Paracuru?<\/em><\/h2>\n\n\n\n<div class=\"container\" id=\"boxes\">\n  <div class=\"row\">\n\n    <div class=\"col-sm\">\n      <div class=\"banner-prefeituras-ec\" id=\"box-assinatura\">\n        <h2 class=\"titulo-assinatura\" style=\"text-align: left;\">Concursos Prefeituras<\/h2>\n        <p class=\"subtitulo-assinatura\" style=\"text-align: left;\">Prepara\u00e7\u00e3o completa para a carreira!<\/p>\n        <div class=\"box-botao\" style=\"text-align: left;\">\n          <a class=\"btn-assinatura\" target=\"_blank\" href=\"https:\/\/www.estrategiaconcursos.com.br\/cursosPorConcurso\/prefeitura-municipal-de-paracuru-ce\/\" role=\"button\" rel=\"noopener noreferrer\">EXPLORAR CURSOS<\/a>\n        <\/div>\n      <\/div><\/div><\/div><\/div>\n\n\n\n<div class=\"container\" id=\"boxes\">\n  <div class=\"row\">\n\n    <div class=\"col-sm\">\n      <div class=\"estrategia\" id=\"box-assinatura\">\n        <h3 class=\"titulo-assinatura\">Assinatura Concursos<\/h3>\n        <p class=\"subtitulo-assinatura\">Assinatura de 1 ano ou 2 anos<\/p>\n        <div class=\"box-botao\">\n          <a class=\"btn-assinatura\" target=\"_blank\" href=\"https:\/\/www.estrategiaconcursos.com.br\/assinaturas\/\" role=\"button\" rel=\"noopener noreferrer\">ASSINE AGORA<\/a>\n        <\/div>\n      <\/div><\/div><\/div><\/div>\n\n\n\n<h2 class=\"wp-block-heading has-text-align-center\" id=\"h-quer-saber-tudo-sobre-concursos-previstos-confira-os-nossos-artigos\">Quer saber tudo sobre concursos previstos?<br \/>Confira os nossos artigos!<\/h2>\n\n\n\n<ul class=\"wp-block-list\">\n<li><a href=\"https:\/\/www.estrategiaconcursos.com.br\/blog\/concursos-abertos\/\" target=\"_blank\" rel=\"noreferrer noopener\">Concursos Abertos<\/a><\/li>\n\n\n\n<li><a href=\"https:\/\/www.estrategiaconcursos.com.br\/blog\/concursos-abertos-prefeituras\/\" target=\"_blank\" rel=\"noreferrer noopener\">Concursos Abertos de Prefeituras<\/a><\/li>\n\n\n\n<li><a href=\"https:\/\/www.estrategiaconcursos.com.br\/blog\/concursos-prefeituras\/\" target=\"_blank\" rel=\"noreferrer noopener\">Concursos Prefeituras<\/a><\/li>\n\n\n\n<li><a href=\"https:\/\/www.estrategiaconcursos.com.br\/blog\/concursos-2025\/\" target=\"_blank\" rel=\"noreferrer noopener\">Concursos 2026<\/a><\/li>\n<\/ul>\n\n\n\n<figure class=\"wp-block-image is-resized\"><img loading=\"lazy\" decoding=\"async\" width=\"1024\" height=\"632\" src=\"https:\/\/dhg1h5j42swfq.cloudfront.net\/2021\/04\/01161145\/ficha-tecnica-5-1024x632.png\" alt=\"Informa\u00e7\u00f5es do concurso Paracuru\" class=\"wp-image-706736\" style=\"width:236px;height:145px\" srcset=\"https:\/\/dhg1h5j42swfq.cloudfront.net\/2021\/04\/01161145\/ficha-tecnica-5-1024x632.png 1024w, https:\/\/dhg1h5j42swfq.cloudfront.net\/2021\/04\/01161145\/ficha-tecnica-5-300x185.png 300w, https:\/\/dhg1h5j42swfq.cloudfront.net\/2021\/04\/01161145\/ficha-tecnica-5-768x474.png 768w, https:\/\/dhg1h5j42swfq.cloudfront.net\/2021\/04\/01161145\/ficha-tecnica-5-1536x948.png 1536w, https:\/\/dhg1h5j42swfq.cloudfront.net\/2021\/04\/01161145\/ficha-tecnica-5-610x377.png 610w, https:\/\/dhg1h5j42swfq.cloudfront.net\/2021\/04\/01161145\/ficha-tecnica-5.png 1571w\" sizes=\"auto, (max-width: 1024px) 100vw, 1024px\" \/><\/figure>\n\n\n\n<h3 class=\"wp-block-heading\" id=\"ficha-tecnica\">Informa\u00e7\u00f5es do Concurso Paracuru<\/h3>\n\n\n\n<ul class=\"wp-block-list\">\n<li><strong>Data da prova<\/strong>: <s>26\/04\/2026<\/s><\/li>\n\n\n\n<li><strong>Banca<\/strong>: Consulpam<\/li>\n\n\n\n<li><strong>Escolaridade<\/strong>: m\u00e9dio e superior<\/li>\n\n\n\n<li><strong>Vagas:<\/strong> 133 + 565 CR<\/li>\n\n\n\n<li><strong>Cargos<\/strong>: diversos<\/li>\n\n\n\n<li><strong>Editais:<\/strong> <a href=\"https:\/\/dhg1h5j42swfq.cloudfront.net\/2026\/01\/07105625\/20260106_131229_edital-001-2026-paracuru-educacao-1.pdf\" target=\"_blank\" rel=\"noreferrer noopener nofollow\">Edital 1<\/a> &#8211; <a href=\"https:\/\/dhg1h5j42swfq.cloudfront.net\/2026\/01\/07105628\/paracuru-2.pdf\" target=\"_blank\" rel=\"noreferrer noopener nofollow\">Edital 2<\/a><\/li>\n<\/ul>\n","protected":false},"excerpt":{"rendered":"<p>A Prefeitura de\u00a0Paracuru, cidade do Cear\u00e1, teve suas provas aplicadas no dia 26 de abril. Com isso, os candidatos j\u00e1 podem conferir os gabaritos preliminares da etapa. Agora, recursos ser\u00e3o aceitos entre os dias 28 e 29 de abril, diretamente no site da banca Consulpam. O candidato dever\u00e1 acessar a \u00c1rea do Candidato > Recursos [&hellip;]<\/p>\n","protected":false},"author":583,"featured_media":1706420,"comment_status":"open","ping_status":"closed","sticky":false,"template":"","format":"standard","meta":{"post_tipo":"news_page","footnotes":""},"categories":[222278],"tags":[],"tax_estado":[219969],"class_list":["post-1694872","post","type-post","status-publish","format-standard","has-post-thumbnail","hentry","category-prefeituras","tax_estado-ce"],"acf":[],"yoast_head":"<!-- This site is optimized with the Yoast SEO Premium plugin v27.2 (Yoast SEO v27.2) - https:\/\/yoast.com\/product\/yoast-seo-premium-wordpress\/ -->\n<title>Concurso Paracuru CE: provas aplicadas; 698 vagas!<\/title>\n<meta name=\"description\" content=\"Concurso da Prefeitura de Paracuru - Cear\u00e1: quase 700 vagas entre imediatas e CR distribu\u00eddas em dois editais publicados. Veja tudo aqui!\" \/>\n<meta name=\"robots\" content=\"index, follow, max-snippet:-1, max-image-preview:large, max-video-preview:-1\" \/>\n<link rel=\"canonical\" href=\"https:\/\/www.estrategiaconcursos.com.br\/blog\/concurso-prefeitura-paracuru\/\" \/>\n<meta property=\"og:locale\" content=\"pt_BR\" \/>\n<meta property=\"og:type\" content=\"article\" \/>\n<meta property=\"og:title\" content=\"Concurso Paracuru CE: provas aplicadas; 698 vagas!\" \/>\n<meta property=\"og:description\" content=\"Concurso da Prefeitura de Paracuru - Cear\u00e1: quase 700 vagas entre imediatas e CR distribu\u00eddas em dois editais publicados. Veja tudo aqui!\" \/>\n<meta property=\"og:url\" content=\"https:\/\/www.estrategiaconcursos.com.br\/blog\/concurso-prefeitura-paracuru\/\" \/>\n<meta property=\"og:site_name\" content=\"Estrat\u00e9gia Concursos\" \/>\n<meta property=\"article:published_time\" content=\"2026-04-28T18:49:00+00:00\" \/>\n<meta property=\"article:modified_time\" content=\"2026-04-28T18:49:28+00:00\" \/>\n<meta property=\"og:image\" content=\"https:\/\/dhg1h5j42swfq.cloudfront.net\/2026\/01\/28114159\/prefeitura-de-paracuru.jpg\" \/>\n\t<meta property=\"og:image:width\" content=\"768\" \/>\n\t<meta property=\"og:image:height\" content=\"432\" \/>\n\t<meta property=\"og:image:type\" content=\"image\/jpeg\" \/>\n<meta name=\"author\" content=\"Camila Leite\" \/>\n<meta name=\"twitter:card\" content=\"summary_large_image\" \/>\n<meta name=\"twitter:creator\" content=\"@EstratConcursos\" \/>\n<meta name=\"twitter:site\" content=\"@EstratConcursos\" \/>\n<meta name=\"twitter:label1\" content=\"Escrito por\" \/>\n\t<meta name=\"twitter:data1\" content=\"Camila Leite\" \/>\n\t<meta name=\"twitter:label2\" content=\"Est. tempo de leitura\" \/>\n\t<meta name=\"twitter:data2\" content=\"2 minutos\" \/>\n<script type=\"application\/ld+json\" class=\"yoast-schema-graph\">{\"@context\":\"https:\/\/schema.org\",\"@graph\":[{\"@type\":\"NewsArticle\",\"@id\":\"https:\/\/www.estrategiaconcursos.com.br\/blog\/concurso-prefeitura-paracuru\/#article\",\"isPartOf\":{\"@id\":\"https:\/\/www.estrategiaconcursos.com.br\/blog\/concurso-prefeitura-paracuru\/\"},\"author\":{\"name\":\"Camila Leite\",\"@id\":\"https:\/\/www.estrategiaconcursos.com.br\/blog\/#\/schema\/person\/db8724bac5a760038e4ccf70f5ef0982\"},\"headline\":\"Concurso Paracuru CE: provas aplicadas; 698 vagas!\",\"datePublished\":\"2026-04-28T18:49:00+00:00\",\"dateModified\":\"2026-04-28T18:49:28+00:00\",\"mainEntityOfPage\":{\"@id\":\"https:\/\/www.estrategiaconcursos.com.br\/blog\/concurso-prefeitura-paracuru\/\"},\"wordCount\":440,\"commentCount\":0,\"publisher\":{\"@id\":\"https:\/\/www.estrategiaconcursos.com.br\/blog\/#organization\"},\"image\":{\"@id\":\"https:\/\/www.estrategiaconcursos.com.br\/blog\/concurso-prefeitura-paracuru\/#primaryimage\"},\"thumbnailUrl\":\"https:\/\/dhg1h5j42swfq.cloudfront.net\/2026\/01\/28114159\/prefeitura-de-paracuru.jpg\",\"articleSection\":[\"Prefeituras\"],\"inLanguage\":\"pt-BR\",\"potentialAction\":[{\"@type\":\"CommentAction\",\"name\":\"Comment\",\"target\":[\"https:\/\/www.estrategiaconcursos.com.br\/blog\/concurso-prefeitura-paracuru\/#respond\"]}],\"copyrightYear\":\"2026\",\"copyrightHolder\":{\"@id\":\"https:\/\/www.estrategiaconcursos.com.br\/blog\/#organization\"}},{\"@type\":\"WebPage\",\"@id\":\"https:\/\/www.estrategiaconcursos.com.br\/blog\/concurso-prefeitura-paracuru\/\",\"url\":\"https:\/\/www.estrategiaconcursos.com.br\/blog\/concurso-prefeitura-paracuru\/\",\"name\":\"Concurso Paracuru CE: provas aplicadas; 698 vagas!\",\"isPartOf\":{\"@id\":\"https:\/\/www.estrategiaconcursos.com.br\/blog\/#website\"},\"primaryImageOfPage\":{\"@id\":\"https:\/\/www.estrategiaconcursos.com.br\/blog\/concurso-prefeitura-paracuru\/#primaryimage\"},\"image\":{\"@id\":\"https:\/\/www.estrategiaconcursos.com.br\/blog\/concurso-prefeitura-paracuru\/#primaryimage\"},\"thumbnailUrl\":\"https:\/\/dhg1h5j42swfq.cloudfront.net\/2026\/01\/28114159\/prefeitura-de-paracuru.jpg\",\"datePublished\":\"2026-04-28T18:49:00+00:00\",\"dateModified\":\"2026-04-28T18:49:28+00:00\",\"description\":\"Concurso da Prefeitura de Paracuru - Cear\u00e1: quase 700 vagas entre imediatas e CR distribu\u00eddas em dois editais publicados. Veja tudo aqui!\",\"breadcrumb\":{\"@id\":\"https:\/\/www.estrategiaconcursos.com.br\/blog\/concurso-prefeitura-paracuru\/#breadcrumb\"},\"inLanguage\":\"pt-BR\",\"potentialAction\":[{\"@type\":\"ReadAction\",\"target\":[\"https:\/\/www.estrategiaconcursos.com.br\/blog\/concurso-prefeitura-paracuru\/\"]}]},{\"@type\":\"ImageObject\",\"inLanguage\":\"pt-BR\",\"@id\":\"https:\/\/www.estrategiaconcursos.com.br\/blog\/concurso-prefeitura-paracuru\/#primaryimage\",\"url\":\"https:\/\/dhg1h5j42swfq.cloudfront.net\/2026\/01\/28114159\/prefeitura-de-paracuru.jpg\",\"contentUrl\":\"https:\/\/dhg1h5j42swfq.cloudfront.net\/2026\/01\/28114159\/prefeitura-de-paracuru.jpg\",\"width\":768,\"height\":432},{\"@type\":\"BreadcrumbList\",\"@id\":\"https:\/\/www.estrategiaconcursos.com.br\/blog\/concurso-prefeitura-paracuru\/#breadcrumb\",\"itemListElement\":[{\"@type\":\"ListItem\",\"position\":1,\"name\":\"In\u00edcio\",\"item\":\"https:\/\/www.estrategiaconcursos.com.br\/blog\/\"},{\"@type\":\"ListItem\",\"position\":2,\"name\":\"Concurso Paracuru CE: provas aplicadas; 698 vagas!\"}]},{\"@type\":\"WebSite\",\"@id\":\"https:\/\/www.estrategiaconcursos.com.br\/blog\/#website\",\"url\":\"https:\/\/www.estrategiaconcursos.com.br\/blog\/\",\"name\":\"Estrat\u00e9gia Concursos\",\"description\":\"O blog da Estrat\u00e9gia Concursos traz not\u00edcias sobre concursos e artigos de professores oferecendo cursos para concursos (pdf + videaulas) no site.\",\"publisher\":{\"@id\":\"https:\/\/www.estrategiaconcursos.com.br\/blog\/#organization\"},\"potentialAction\":[{\"@type\":\"SearchAction\",\"target\":{\"@type\":\"EntryPoint\",\"urlTemplate\":\"https:\/\/www.estrategiaconcursos.com.br\/blog\/?s={search_term_string}\"},\"query-input\":{\"@type\":\"PropertyValueSpecification\",\"valueRequired\":true,\"valueName\":\"search_term_string\"}}],\"inLanguage\":\"pt-BR\"},{\"@type\":\"Organization\",\"@id\":\"https:\/\/www.estrategiaconcursos.com.br\/blog\/#organization\",\"name\":\"Estrat\u00e9gia Concursos\",\"url\":\"https:\/\/www.estrategiaconcursos.com.br\/blog\/\",\"logo\":{\"@type\":\"ImageObject\",\"inLanguage\":\"pt-BR\",\"@id\":\"https:\/\/www.estrategiaconcursos.com.br\/blog\/#\/schema\/logo\/image\/\",\"url\":\"https:\/\/dhg1h5j42swfq.cloudfront.net\/2025\/06\/03203428\/logo_concursos-1.jpg\",\"contentUrl\":\"https:\/\/dhg1h5j42swfq.cloudfront.net\/2025\/06\/03203428\/logo_concursos-1.jpg\",\"width\":230,\"height\":60,\"caption\":\"Estrat\u00e9gia Concursos\"},\"image\":{\"@id\":\"https:\/\/www.estrategiaconcursos.com.br\/blog\/#\/schema\/logo\/image\/\"},\"sameAs\":[\"https:\/\/x.com\/EstratConcursos\"]},{\"@type\":\"Person\",\"@id\":\"https:\/\/www.estrategiaconcursos.com.br\/blog\/#\/schema\/person\/db8724bac5a760038e4ccf70f5ef0982\",\"name\":\"Camila Leite\",\"image\":{\"@type\":\"ImageObject\",\"inLanguage\":\"pt-BR\",\"@id\":\"https:\/\/secure.gravatar.com\/avatar\/01eea2a9fff7395278d6f5bc2f2de9deeef3e67190f5abe8f9955ac67d5629f5?s=96&d=mm&r=g\",\"url\":\"https:\/\/secure.gravatar.com\/avatar\/01eea2a9fff7395278d6f5bc2f2de9deeef3e67190f5abe8f9955ac67d5629f5?s=96&d=mm&r=g\",\"contentUrl\":\"https:\/\/secure.gravatar.com\/avatar\/01eea2a9fff7395278d6f5bc2f2de9deeef3e67190f5abe8f9955ac67d5629f5?s=96&d=mm&r=g\",\"caption\":\"Camila Leite\"},\"url\":\"https:\/\/www.estrategiaconcursos.com.br\/blog\/author\/camila-leite\/\"}]}<\/script>\n<!-- \/ Yoast SEO Premium plugin. -->","yoast_head_json":{"title":"Concurso Paracuru CE: provas aplicadas; 698 vagas!","description":"Concurso da Prefeitura de Paracuru - Cear\u00e1: quase 700 vagas entre imediatas e CR distribu\u00eddas em dois editais publicados. Veja tudo aqui!","robots":{"index":"index","follow":"follow","max-snippet":"max-snippet:-1","max-image-preview":"max-image-preview:large","max-video-preview":"max-video-preview:-1"},"canonical":"https:\/\/www.estrategiaconcursos.com.br\/blog\/concurso-prefeitura-paracuru\/","og_locale":"pt_BR","og_type":"article","og_title":"Concurso Paracuru CE: provas aplicadas; 698 vagas!","og_description":"Concurso da Prefeitura de Paracuru - Cear\u00e1: quase 700 vagas entre imediatas e CR distribu\u00eddas em dois editais publicados. Veja tudo aqui!","og_url":"https:\/\/www.estrategiaconcursos.com.br\/blog\/concurso-prefeitura-paracuru\/","og_site_name":"Estrat\u00e9gia Concursos","article_published_time":"2026-04-28T18:49:00+00:00","article_modified_time":"2026-04-28T18:49:28+00:00","og_image":[{"width":768,"height":432,"url":"https:\/\/dhg1h5j42swfq.cloudfront.net\/2026\/01\/28114159\/prefeitura-de-paracuru.jpg","type":"image\/jpeg"}],"author":"Camila Leite","twitter_card":"summary_large_image","twitter_creator":"@EstratConcursos","twitter_site":"@EstratConcursos","twitter_misc":{"Escrito por":"Camila Leite","Est. tempo de leitura":"2 minutos"},"schema":{"@context":"https:\/\/schema.org","@graph":[{"@type":"NewsArticle","@id":"https:\/\/www.estrategiaconcursos.com.br\/blog\/concurso-prefeitura-paracuru\/#article","isPartOf":{"@id":"https:\/\/www.estrategiaconcursos.com.br\/blog\/concurso-prefeitura-paracuru\/"},"author":{"name":"Camila Leite","@id":"https:\/\/www.estrategiaconcursos.com.br\/blog\/#\/schema\/person\/db8724bac5a760038e4ccf70f5ef0982"},"headline":"Concurso Paracuru CE: provas aplicadas; 698 vagas!","datePublished":"2026-04-28T18:49:00+00:00","dateModified":"2026-04-28T18:49:28+00:00","mainEntityOfPage":{"@id":"https:\/\/www.estrategiaconcursos.com.br\/blog\/concurso-prefeitura-paracuru\/"},"wordCount":440,"commentCount":0,"publisher":{"@id":"https:\/\/www.estrategiaconcursos.com.br\/blog\/#organization"},"image":{"@id":"https:\/\/www.estrategiaconcursos.com.br\/blog\/concurso-prefeitura-paracuru\/#primaryimage"},"thumbnailUrl":"https:\/\/dhg1h5j42swfq.cloudfront.net\/2026\/01\/28114159\/prefeitura-de-paracuru.jpg","articleSection":["Prefeituras"],"inLanguage":"pt-BR","potentialAction":[{"@type":"CommentAction","name":"Comment","target":["https:\/\/www.estrategiaconcursos.com.br\/blog\/concurso-prefeitura-paracuru\/#respond"]}],"copyrightYear":"2026","copyrightHolder":{"@id":"https:\/\/www.estrategiaconcursos.com.br\/blog\/#organization"}},{"@type":"WebPage","@id":"https:\/\/www.estrategiaconcursos.com.br\/blog\/concurso-prefeitura-paracuru\/","url":"https:\/\/www.estrategiaconcursos.com.br\/blog\/concurso-prefeitura-paracuru\/","name":"Concurso Paracuru CE: provas aplicadas; 698 vagas!","isPartOf":{"@id":"https:\/\/www.estrategiaconcursos.com.br\/blog\/#website"},"primaryImageOfPage":{"@id":"https:\/\/www.estrategiaconcursos.com.br\/blog\/concurso-prefeitura-paracuru\/#primaryimage"},"image":{"@id":"https:\/\/www.estrategiaconcursos.com.br\/blog\/concurso-prefeitura-paracuru\/#primaryimage"},"thumbnailUrl":"https:\/\/dhg1h5j42swfq.cloudfront.net\/2026\/01\/28114159\/prefeitura-de-paracuru.jpg","datePublished":"2026-04-28T18:49:00+00:00","dateModified":"2026-04-28T18:49:28+00:00","description":"Concurso da Prefeitura de Paracuru - Cear\u00e1: quase 700 vagas entre imediatas e CR distribu\u00eddas em dois editais publicados. Veja tudo aqui!","breadcrumb":{"@id":"https:\/\/www.estrategiaconcursos.com.br\/blog\/concurso-prefeitura-paracuru\/#breadcrumb"},"inLanguage":"pt-BR","potentialAction":[{"@type":"ReadAction","target":["https:\/\/www.estrategiaconcursos.com.br\/blog\/concurso-prefeitura-paracuru\/"]}]},{"@type":"ImageObject","inLanguage":"pt-BR","@id":"https:\/\/www.estrategiaconcursos.com.br\/blog\/concurso-prefeitura-paracuru\/#primaryimage","url":"https:\/\/dhg1h5j42swfq.cloudfront.net\/2026\/01\/28114159\/prefeitura-de-paracuru.jpg","contentUrl":"https:\/\/dhg1h5j42swfq.cloudfront.net\/2026\/01\/28114159\/prefeitura-de-paracuru.jpg","width":768,"height":432},{"@type":"BreadcrumbList","@id":"https:\/\/www.estrategiaconcursos.com.br\/blog\/concurso-prefeitura-paracuru\/#breadcrumb","itemListElement":[{"@type":"ListItem","position":1,"name":"In\u00edcio","item":"https:\/\/www.estrategiaconcursos.com.br\/blog\/"},{"@type":"ListItem","position":2,"name":"Concurso Paracuru CE: provas aplicadas; 698 vagas!"}]},{"@type":"WebSite","@id":"https:\/\/www.estrategiaconcursos.com.br\/blog\/#website","url":"https:\/\/www.estrategiaconcursos.com.br\/blog\/","name":"Estrat\u00e9gia Concursos","description":"O blog da Estrat\u00e9gia Concursos traz not\u00edcias sobre concursos e artigos de professores oferecendo cursos para concursos (pdf + videaulas) no site.","publisher":{"@id":"https:\/\/www.estrategiaconcursos.com.br\/blog\/#organization"},"potentialAction":[{"@type":"SearchAction","target":{"@type":"EntryPoint","urlTemplate":"https:\/\/www.estrategiaconcursos.com.br\/blog\/?s={search_term_string}"},"query-input":{"@type":"PropertyValueSpecification","valueRequired":true,"valueName":"search_term_string"}}],"inLanguage":"pt-BR"},{"@type":"Organization","@id":"https:\/\/www.estrategiaconcursos.com.br\/blog\/#organization","name":"Estrat\u00e9gia Concursos","url":"https:\/\/www.estrategiaconcursos.com.br\/blog\/","logo":{"@type":"ImageObject","inLanguage":"pt-BR","@id":"https:\/\/www.estrategiaconcursos.com.br\/blog\/#\/schema\/logo\/image\/","url":"https:\/\/dhg1h5j42swfq.cloudfront.net\/2025\/06\/03203428\/logo_concursos-1.jpg","contentUrl":"https:\/\/dhg1h5j42swfq.cloudfront.net\/2025\/06\/03203428\/logo_concursos-1.jpg","width":230,"height":60,"caption":"Estrat\u00e9gia Concursos"},"image":{"@id":"https:\/\/www.estrategiaconcursos.com.br\/blog\/#\/schema\/logo\/image\/"},"sameAs":["https:\/\/x.com\/EstratConcursos"]},{"@type":"Person","@id":"https:\/\/www.estrategiaconcursos.com.br\/blog\/#\/schema\/person\/db8724bac5a760038e4ccf70f5ef0982","name":"Camila Leite","image":{"@type":"ImageObject","inLanguage":"pt-BR","@id":"https:\/\/secure.gravatar.com\/avatar\/01eea2a9fff7395278d6f5bc2f2de9deeef3e67190f5abe8f9955ac67d5629f5?s=96&d=mm&r=g","url":"https:\/\/secure.gravatar.com\/avatar\/01eea2a9fff7395278d6f5bc2f2de9deeef3e67190f5abe8f9955ac67d5629f5?s=96&d=mm&r=g","contentUrl":"https:\/\/secure.gravatar.com\/avatar\/01eea2a9fff7395278d6f5bc2f2de9deeef3e67190f5abe8f9955ac67d5629f5?s=96&d=mm&r=g","caption":"Camila Leite"},"url":"https:\/\/www.estrategiaconcursos.com.br\/blog\/author\/camila-leite\/"}]}},"_links":{"self":[{"href":"https:\/\/www.estrategiaconcursos.com.br\/blog\/wp-json\/wp\/v2\/posts\/1694872","targetHints":{"allow":["GET"]}}],"collection":[{"href":"https:\/\/www.estrategiaconcursos.com.br\/blog\/wp-json\/wp\/v2\/posts"}],"about":[{"href":"https:\/\/www.estrategiaconcursos.com.br\/blog\/wp-json\/wp\/v2\/types\/post"}],"author":[{"embeddable":true,"href":"https:\/\/www.estrategiaconcursos.com.br\/blog\/wp-json\/wp\/v2\/users\/583"}],"replies":[{"embeddable":true,"href":"https:\/\/www.estrategiaconcursos.com.br\/blog\/wp-json\/wp\/v2\/comments?post=1694872"}],"version-history":[{"count":28,"href":"https:\/\/www.estrategiaconcursos.com.br\/blog\/wp-json\/wp\/v2\/posts\/1694872\/revisions"}],"predecessor-version":[{"id":1758387,"href":"https:\/\/www.estrategiaconcursos.com.br\/blog\/wp-json\/wp\/v2\/posts\/1694872\/revisions\/1758387"}],"wp:featuredmedia":[{"embeddable":true,"href":"https:\/\/www.estrategiaconcursos.com.br\/blog\/wp-json\/wp\/v2\/media\/1706420"}],"wp:attachment":[{"href":"https:\/\/www.estrategiaconcursos.com.br\/blog\/wp-json\/wp\/v2\/media?parent=1694872"}],"wp:term":[{"taxonomy":"category","embeddable":true,"href":"https:\/\/www.estrategiaconcursos.com.br\/blog\/wp-json\/wp\/v2\/categories?post=1694872"},{"taxonomy":"post_tag","embeddable":true,"href":"https:\/\/www.estrategiaconcursos.com.br\/blog\/wp-json\/wp\/v2\/tags?post=1694872"},{"taxonomy":"tax_estado","embeddable":true,"href":"https:\/\/www.estrategiaconcursos.com.br\/blog\/wp-json\/wp\/v2\/tax_estado?post=1694872"}],"curies":[{"name":"wp","href":"https:\/\/api.w.org\/{rel}","templated":true}]}}