{"id":1694840,"date":"2026-01-10T07:39:00","date_gmt":"2026-01-10T10:39:00","guid":{"rendered":"https:\/\/www.estrategiaconcursos.com.br\/blog\/?p=1694840"},"modified":"2026-01-09T16:18:01","modified_gmt":"2026-01-09T19:18:01","slug":"simulado-final-gcm-curitiba","status":"publish","type":"post","link":"https:\/\/www.estrategiaconcursos.com.br\/blog\/simulado-final-gcm-curitiba\/","title":{"rendered":"Simulado Final GCM Curitiba: esteja preparado!"},"content":{"rendered":"\n<p>O&nbsp;<strong>concurso p\u00fablico para a Guarda de Curitiba<\/strong>, munic\u00edpio localizado no estado do Paran\u00e1, oferece&nbsp;100 vagas imediatas. Com sal\u00e1rio de R$ 4.006,71 + benef\u00edcios, a carreira exige escolaridade de n\u00edvel m\u00e9dio.<\/p>\n\n\n\n<p>Com provas previstas em 18 de janeiro, \u00e9 fundamental que voc\u00ea treine as quest\u00f5es para o grande dia. Afinal, voc\u00ea precisa conhecer o perfil de cobran\u00e7a e saber marcar o \u201cX\u201d no lugar certo!<\/p>\n\n\n\n<p>Por isso,&nbsp;<strong>neste s\u00e1bado, 10 de janeiro, a partir das 8h<\/strong>, realizaremos o Simulado Final GCM Curitiba. Tenha em mente que a realiza\u00e7\u00e3o de simulados contribuiu significativamente para o sucesso de muitos alunos e contribuir\u00e1 tamb\u00e9m para o seu.<\/p>\n\n\n\n<p>N\u00e3o perca essa oportunidade de se preparar com quem mais aprova em concursos p\u00fablicos! Nosso evento ser\u00e1 inteiramente gratuito e, no per\u00edodo da tarde, voc\u00ea ter\u00e1 a chance de verificar e corrigir seus erros atrav\u00e9s da nossa corre\u00e7\u00e3o. Te esperamos l\u00e1!<\/p>\n\n\n\n<h2 class=\"wp-block-heading\" id=\"h-cronograma-de-aplicacao-do-simulado-final-gcm-curitiba\">Cronograma de aplica\u00e7\u00e3o do Simulado Final GCM Curitiba<\/h2>\n\n\n\n<ul class=\"wp-block-list\">\n<li><strong>In\u00edcio da prova:<\/strong>&nbsp;\u00e0s 8h<\/li>\n\n\n\n<li><strong>Fim da aplica\u00e7\u00e3o:<\/strong>&nbsp;\u00e0s 11h<\/li>\n\n\n\n<li><strong>Corre\u00e7\u00e3o:<\/strong>&nbsp;\u00e0s 14h, em nosso canal do Youtube<\/li>\n<\/ul>\n\n\n\n<h2 class=\"wp-block-heading\" id=\"h-estrutura-das-questoes-do-simulado-final-gcm-curitiba\">Estrutura das quest\u00f5es do Simulado Final GCM Curitiba<\/h2>\n\n\n\n<p>Ser\u00e3o 40 quest\u00f5es in\u00e9ditas, no estilo m\u00faltipla escolha (quatro alternativas), abordando os seguintes assuntos:<\/p>\n\n\n\n<figure class=\"wp-block-table is-style-stripes\"><table class=\"has-very-light-gray-to-cyan-bluish-gray-gradient-background has-background has-fixed-layout\"><thead><tr><th class=\"has-text-align-center\" data-align=\"center\">Disciplina<\/th><th class=\"has-text-align-center\" data-align=\"center\">N\u00famero de quest\u00f5es<\/th><th class=\"has-text-align-center\" data-align=\"center\">Respons\u00e1vel<\/th><\/tr><\/thead><tbody><tr><td class=\"has-text-align-center\" data-align=\"center\">L\u00edngua Portuguesa<\/td><td class=\"has-text-align-center\" data-align=\"center\">05<\/td><td class=\"has-text-align-center\" data-align=\"center\">Fabr\u00edcio Dutra<\/td><\/tr><tr><td class=\"has-text-align-center\" data-align=\"center\">Racioc\u00ednio L\u00f3gico<\/td><td class=\"has-text-align-center\" data-align=\"center\">05<\/td><td class=\"has-text-align-center\" data-align=\"center\">Renato da Costa<\/td><\/tr><tr><td class=\"has-text-align-center\" data-align=\"center\">No\u00e7\u00f5es de Inform\u00e1tica<\/td><td class=\"has-text-align-center\" data-align=\"center\">05<\/td><td class=\"has-text-align-center\" data-align=\"center\">Renato da Costa<\/td><\/tr><tr><td class=\"has-text-align-center\" data-align=\"center\">Hist\u00f3ria de Curitiba<\/td><td class=\"has-text-align-center\" data-align=\"center\">03<\/td><td class=\"has-text-align-center\" data-align=\"center\">Marco T\u00falio<\/td><\/tr><tr><td class=\"has-text-align-center\" data-align=\"center\">Geografia de Curitiba<\/td><td class=\"has-text-align-center\" data-align=\"center\">02<\/td><td class=\"has-text-align-center\" data-align=\"center\">Priscila Lima<\/td><\/tr><tr><td class=\"has-text-align-center\" data-align=\"center\">No\u00e7\u00f5es de Direito Constitucional<\/td><td class=\"has-text-align-center\" data-align=\"center\">02<\/td><td class=\"has-text-align-center\" data-align=\"center\">Adriane Fauth<\/td><\/tr><tr><td class=\"has-text-align-center\" data-align=\"center\">No\u00e7\u00f5es de Direito Administrativo + Lei Federal n\u00ba 8.429, de 2 de junho de 1992 e suas altera\u00e7\u00f5es (Lei de Improbidade Administrativa).<\/td><td class=\"has-text-align-center\" data-align=\"center\">03<\/td><td class=\"has-text-align-center\" data-align=\"center\">Ant\u00f4nio Daud<\/td><\/tr><tr><td class=\"has-text-align-center\" data-align=\"center\">No\u00e7\u00f5es de Direito Penal<\/td><td class=\"has-text-align-center\" data-align=\"center\">03<\/td><td class=\"has-text-align-center\" data-align=\"center\">Renan Ara\u00fajo<\/td><\/tr><tr><td class=\"has-text-align-center\" data-align=\"center\">No\u00e7\u00f5es de Direito Processual Penal<\/td><td class=\"has-text-align-center\" data-align=\"center\">02<\/td><td class=\"has-text-align-center\" data-align=\"center\">Priscila Silveira<\/td><\/tr><tr><td class=\"has-text-align-center\" data-align=\"center\">Legisla\u00e7\u00e3o<\/td><td class=\"has-text-align-center\" data-align=\"center\">05<\/td><td class=\"has-text-align-center\" data-align=\"center\">Ant\u00f4nio Pequeno<\/td><\/tr><tr><td class=\"has-text-align-center\" data-align=\"center\">Legisla\u00e7\u00e3o Institucional (1. Estatuto dos Funcion\u00e1rios P\u00fablicos Municipais de Curitiba. 2. Constitui\u00e7\u00e3o do Estado do Paran\u00e1. 3. Lei Federal n\u00ba 13.022, de 8 de agosto de 2014 (Disp\u00f5e sobre o Estatuto Geral das Guardas Municipais). 4. Lei Org\u00e2nica do Munic\u00edpio de Curitiba. 7. Lei Municipal n\u00ba 16.203, de 28 de agosto de 2023 (Institui Plano de Carreira para os servidores integrantes do cargo de Guarda Municipal, em substitui\u00e7\u00e3o aos planos institu\u00eddos pelas Leis n\u00ba 13.769, de 28 de junho de 2011, e n\u00ba 14.522, de 10 de outubro de 2014))<\/td><td class=\"has-text-align-center\" data-align=\"center\">05<\/td><td class=\"has-text-align-center\" data-align=\"center\">F\u00e1bio Ramos<\/td><\/tr><\/tbody><\/table><\/figure>\n\n\n\n<h2 class=\"wp-block-heading\" id=\"h-simulado-final-gcm-curitiba-e-ranking-estrategico\">Simulado Final GCM Curitiba e Ranking Estrat\u00e9gico<\/h2>\n\n\n\n<p class=\"has-text-align-center has-cyan-bluish-gray-background-color has-background has-medium-font-size\"><strong><a href=\"https:\/\/dhg1h5j42swfq.cloudfront.net\/2026\/01\/09161716\/sem_comentario_gcm_curitiba_10-01.pdf\" target=\"_blank\" rel=\"noreferrer noopener nofollow\">Baixe o PDF do Simulado Final GCM Curitiba<\/a><\/strong><\/p>\n\n\n\n<p class=\"has-text-align-center\"><a href=\"https:\/\/forms.gle\/3RC8pkHLNAnpSnxQ9\" target=\"_blank\" rel=\"noreferrer noopener\">Conte-nos o que achou deste simulado<\/a><\/p>\n\n\n\n<p class=\"has-text-align-center has-cyan-bluish-gray-background-color has-background has-medium-font-size\"><strong><a href=\"https:\/\/forms.gle\/4uH9jDYPjwzZAvGN9\" target=\"_blank\" rel=\"noreferrer noopener\">Preencha aqui seu gabarito<\/a><\/strong><\/p>\n\n\n\n<p class=\"has-text-align-center has-cyan-bluish-gray-background-color has-background has-medium-font-size\"><strong><a href=\"https:\/\/docs.google.com\/spreadsheets\/d\/1C-F3P9GZ5y3ScqbVrAsFBrQFMMaI8KfAi2slrzo6pc8\/edit?usp=sharing\" target=\"_blank\" rel=\"noreferrer noopener\">Ranking Estrat\u00e9gico: Simulado Final GCM Curitiba<\/a><\/strong><\/p>\n\n\n\n<p style=\"font-size:clamp(14px, 0.875rem + ((1vw - 3.2px) * 0.098), 15px);\"><strong>ATEN\u00c7\u00c3O<\/strong>: a participa\u00e7\u00e3o do ranking ser\u00e1 permitida somente at\u00e9 o hor\u00e1rio da libera\u00e7\u00e3o do gabarito.<\/p>\n\n\n\n<h2 class=\"wp-block-heading\" id=\"h-correcao-a-partir-das-14h\">Corre\u00e7\u00e3o a partir das 14h<\/h2>\n\n\n\n<p>A partir das&nbsp;14h, nossos professores v\u00e3o realizar a corre\u00e7\u00e3o das quest\u00f5es em transmiss\u00e3o ao vivo no canal do Estrat\u00e9gia Concursos&nbsp;para que voc\u00ea possa conferir seu desempenho e tirar suas d\u00favidas sobre a resolu\u00e7\u00e3o das quest\u00f5es.&nbsp;<\/p>\n\n\n\n<figure class=\"wp-block-embed is-type-video is-provider-youtube wp-block-embed-youtube wp-embed-aspect-16-9 wp-has-aspect-ratio\"><div class=\"wp-block-embed__wrapper\">\n<div class=\"lyte-wrapper\" style=\"width:853px;max-width:100%;margin:5px;\"><div class=\"lyMe\" id=\"WYL_sCLBGMYQghY\"><div id=\"lyte_sCLBGMYQghY\" data-src=\"\/\/i.ytimg.com\/vi\/sCLBGMYQghY\/hqdefault.jpg\" class=\"pL\"><div class=\"tC\"><div class=\"tT\"><\/div><\/div><div class=\"play\"><\/div><div class=\"ctrl\"><div class=\"Lctrl\"><\/div><div class=\"Rctrl\"><\/div><\/div><\/div><noscript><a href=\"https:\/\/youtu.be\/sCLBGMYQghY\" rel=\"nofollow\"><img loading=\"lazy\" decoding=\"async\" src=\"https:\/\/i.ytimg.com\/vi\/sCLBGMYQghY\/0.jpg\" alt=\"YouTube video thumbnail\" width=\"853\" height=\"460\" \/><br \/>Assista a este v\u00eddeo no YouTube<\/a><\/noscript><\/div><\/div><div class=\"lL\" style=\"max-width:100%;width:853px;margin:5px;\"><\/div>\n<\/div><\/figure>\n\n\n\n<p class=\"has-text-align-center\"><strong>A prova comentada (com o gabarito) ser\u00e1 liberada&nbsp;na&nbsp;\u00c1rea do Aluno.<\/strong><\/p>\n\n\n\n<h2 class=\"wp-block-heading has-text-align-center has-very-light-gray-to-cyan-bluish-gray-gradient-background has-background has-medium-font-size\" id=\"cursos\">Saiba mais: <a href=\"https:\/\/www.estrategiaconcursos.com.br\/blog\/concurso-guarda-de-curitiba\/\" target=\"_blank\" rel=\"noreferrer noopener\">Concurso Guarda de Curitiba<\/a><\/h2>\n\n\n\n<hr class=\"wp-block-separator has-css-opacity\"\/>\n\n\n\n<p class=\"has-text-align-center\"><strong>Est\u00e1 gostando dos nossos simulados? Nos ajude a melhorar e proporcionar a voc\u00ea a melhor experi\u00eancia. Participe da nossa&nbsp;<a rel=\"noreferrer noopener\" href=\"https:\/\/docs.google.com\/forms\/d\/e\/1FAIpQLSeo5ldIbCt1rtGAl21l_ATXwAWnglVEo8r0OHfBUmpCEJaFeg\/viewform\" target=\"_blank\">pesquisa de satisfa\u00e7\u00e3o<\/a>.<\/strong><\/p>\n\n\n\n<h2 class=\"wp-block-heading has-text-align-center\" id=\"h-quer-saber-tudo-sobre-concursos-previstos-confira-nossos-artigos\">Quer saber tudo sobre concursos previstos?<br \/>Confira nossos artigos!<\/h2>\n\n\n\n<ul class=\"wp-block-list\">\n<li><a href=\"https:\/\/www.estrategiaconcursos.com.br\/blog\/concursos-abertos\/\" target=\"_blank\" rel=\"noreferrer noopener\">Concursos abertos<\/a><\/li>\n\n\n\n<li><a href=\"https:\/\/www.estrategiaconcursos.com.br\/blog\/concursos-2026\/\" target=\"_blank\" rel=\"noreferrer noopener\">Concursos 2026<\/a><\/li>\n<\/ul>\n\n\n\n<div class=\"container\" id=\"boxes\">\n  <div class=\"row\">\n\n    <div class=\"col-sm\">\n      <div class=\"banner-guarda-gcm\" id=\"box-assinatura\">\n        <h3 class=\"titulo-assinatura\">Concurso Guarda de Curitiba<\/h3>\n        <p class=\"subtitulo-assinatura\">Conhe\u00e7a os cursos<\/p>\n        <div class=\"box-botao\">\n          <a class=\"btn-assinatura\" target=\"_blank\" href=\"https:\/\/www.estrategiaconcursos.com.br\/cursosPorConcurso\/prefeitura-municipal-de-curitiba\/\" role=\"button\" rel=\"noopener noreferrer\">Conhe\u00e7a mais<\/a>\n        <\/div>\n      <\/div>\n     \n    <\/div>\n\n  <\/div>\n<\/div>\n\n\n\n<div class=\"container\" id=\"boxes\">\n  <div class=\"row\">\n\n    <div class=\"col-sm\">\n      <div class=\"estrategia\" id=\"box-assinatura\">\n        <h3 class=\"titulo-assinatura\">Assinatura Concursos<\/h3>\n        <p class=\"subtitulo-assinatura\">Assinatura de 1 ano ou 2 anos<\/p>\n        <div class=\"box-botao\">\n          <a class=\"btn-assinatura\" target=\"_blank\" href=\"https:\/\/www.estrategiaconcursos.com.br\/assinaturas\/\" role=\"button\" rel=\"noopener noreferrer\">ASSINE AGORA<\/a>\n        <\/div>\n      <\/div>\n     \n    <\/div><\/div><\/div>\n","protected":false},"excerpt":{"rendered":"<p>O&nbsp;concurso p\u00fablico para a Guarda de Curitiba, munic\u00edpio localizado no estado do Paran\u00e1, oferece&nbsp;100 vagas imediatas. Com sal\u00e1rio de R$ 4.006,71 + benef\u00edcios, a carreira exige escolaridade de n\u00edvel m\u00e9dio. Com provas previstas em 18 de janeiro, \u00e9 fundamental que voc\u00ea treine as quest\u00f5es para o grande dia. Afinal, voc\u00ea precisa conhecer o perfil de [&hellip;]<\/p>\n","protected":false},"author":1206,"featured_media":1694854,"comment_status":"open","ping_status":"closed","sticky":false,"template":"","format":"standard","meta":{"post_tipo":"news","footnotes":""},"categories":[220189,220219],"tags":[],"tax_estado":[219981],"class_list":["post-1694840","post","type-post","status-publish","format-standard","has-post-thumbnail","hentry","category-policial-guarda-civis","category-noticias","tax_estado-pr"],"acf":[],"yoast_head":"<!-- This site is optimized with the Yoast SEO Premium plugin v27.2 (Yoast SEO v27.2) - https:\/\/yoast.com\/product\/yoast-seo-premium-wordpress\/ -->\n<title>Simulado Final GCM Curitiba: esteja preparado!<\/title>\n<meta name=\"description\" content=\"Participe, gratuitamente, do nosso Simulado Final GCM Curitiba. \u00c9 neste s\u00e1bado, dia 10 de janeiro, \u00e0s 8h! N\u00e3o fique de fora!\" \/>\n<meta name=\"robots\" content=\"index, follow, max-snippet:-1, max-image-preview:large, max-video-preview:-1\" \/>\n<link rel=\"canonical\" href=\"https:\/\/www.estrategiaconcursos.com.br\/blog\/simulado-final-gcm-curitiba\/\" \/>\n<meta property=\"og:locale\" content=\"pt_BR\" \/>\n<meta property=\"og:type\" content=\"article\" \/>\n<meta property=\"og:title\" content=\"Simulado Final GCM Curitiba: esteja preparado!\" \/>\n<meta property=\"og:description\" content=\"Participe, gratuitamente, do nosso Simulado Final GCM Curitiba. \u00c9 neste s\u00e1bado, dia 10 de janeiro, \u00e0s 8h! N\u00e3o fique de fora!\" \/>\n<meta property=\"og:url\" content=\"https:\/\/www.estrategiaconcursos.com.br\/blog\/simulado-final-gcm-curitiba\/\" \/>\n<meta property=\"og:site_name\" content=\"Estrat\u00e9gia Concursos\" \/>\n<meta property=\"article:published_time\" content=\"2026-01-10T10:39:00+00:00\" \/>\n<meta property=\"og:image\" content=\"https:\/\/dhg1h5j42swfq.cloudfront.net\/2026\/01\/07101359\/ytb_-gcm-curitba.jpg\" \/>\n\t<meta property=\"og:image:width\" content=\"1280\" \/>\n\t<meta property=\"og:image:height\" content=\"720\" \/>\n\t<meta property=\"og:image:type\" content=\"image\/jpeg\" \/>\n<meta name=\"author\" content=\"Bruna de Andrade Fran\u00e7a\" \/>\n<meta name=\"twitter:card\" content=\"summary_large_image\" \/>\n<meta name=\"twitter:creator\" content=\"@EstratConcursos\" \/>\n<meta name=\"twitter:site\" content=\"@EstratConcursos\" \/>\n<meta name=\"twitter:label1\" content=\"Escrito por\" \/>\n\t<meta name=\"twitter:data1\" content=\"Bruna de Andrade Fran\u00e7a\" \/>\n\t<meta name=\"twitter:label2\" content=\"Est. tempo de leitura\" \/>\n\t<meta name=\"twitter:data2\" content=\"3 minutos\" \/>\n<script type=\"application\/ld+json\" class=\"yoast-schema-graph\">{\"@context\":\"https:\/\/schema.org\",\"@graph\":[{\"@type\":\"NewsArticle\",\"@id\":\"https:\/\/www.estrategiaconcursos.com.br\/blog\/simulado-final-gcm-curitiba\/#article\",\"isPartOf\":{\"@id\":\"https:\/\/www.estrategiaconcursos.com.br\/blog\/simulado-final-gcm-curitiba\/\"},\"author\":{\"name\":\"Bruna de Andrade Fran\u00e7a\",\"@id\":\"https:\/\/www.estrategiaconcursos.com.br\/blog\/#\/schema\/person\/6630f91134abc08115cca62ce6372855\"},\"headline\":\"Simulado Final GCM Curitiba: esteja preparado!\",\"datePublished\":\"2026-01-10T10:39:00+00:00\",\"mainEntityOfPage\":{\"@id\":\"https:\/\/www.estrategiaconcursos.com.br\/blog\/simulado-final-gcm-curitiba\/\"},\"wordCount\":591,\"commentCount\":0,\"publisher\":{\"@id\":\"https:\/\/www.estrategiaconcursos.com.br\/blog\/#organization\"},\"image\":{\"@id\":\"https:\/\/www.estrategiaconcursos.com.br\/blog\/simulado-final-gcm-curitiba\/#primaryimage\"},\"thumbnailUrl\":\"https:\/\/dhg1h5j42swfq.cloudfront.net\/2026\/01\/07101359\/ytb_-gcm-curitba.jpg\",\"articleSection\":[\"Policial (Guardas Civis)\",\"\u00daltimas not\u00edcias\"],\"inLanguage\":\"pt-BR\",\"potentialAction\":[{\"@type\":\"CommentAction\",\"name\":\"Comment\",\"target\":[\"https:\/\/www.estrategiaconcursos.com.br\/blog\/simulado-final-gcm-curitiba\/#respond\"]}],\"copyrightYear\":\"2026\",\"copyrightHolder\":{\"@id\":\"https:\/\/www.estrategiaconcursos.com.br\/blog\/#organization\"}},{\"@type\":\"WebPage\",\"@id\":\"https:\/\/www.estrategiaconcursos.com.br\/blog\/simulado-final-gcm-curitiba\/\",\"url\":\"https:\/\/www.estrategiaconcursos.com.br\/blog\/simulado-final-gcm-curitiba\/\",\"name\":\"Simulado Final GCM Curitiba: esteja preparado!\",\"isPartOf\":{\"@id\":\"https:\/\/www.estrategiaconcursos.com.br\/blog\/#website\"},\"primaryImageOfPage\":{\"@id\":\"https:\/\/www.estrategiaconcursos.com.br\/blog\/simulado-final-gcm-curitiba\/#primaryimage\"},\"image\":{\"@id\":\"https:\/\/www.estrategiaconcursos.com.br\/blog\/simulado-final-gcm-curitiba\/#primaryimage\"},\"thumbnailUrl\":\"https:\/\/dhg1h5j42swfq.cloudfront.net\/2026\/01\/07101359\/ytb_-gcm-curitba.jpg\",\"datePublished\":\"2026-01-10T10:39:00+00:00\",\"description\":\"Participe, gratuitamente, do nosso Simulado Final GCM Curitiba. \u00c9 neste s\u00e1bado, dia 10 de janeiro, \u00e0s 8h! N\u00e3o fique de fora!\",\"breadcrumb\":{\"@id\":\"https:\/\/www.estrategiaconcursos.com.br\/blog\/simulado-final-gcm-curitiba\/#breadcrumb\"},\"inLanguage\":\"pt-BR\",\"potentialAction\":[{\"@type\":\"ReadAction\",\"target\":[\"https:\/\/www.estrategiaconcursos.com.br\/blog\/simulado-final-gcm-curitiba\/\"]}]},{\"@type\":\"ImageObject\",\"inLanguage\":\"pt-BR\",\"@id\":\"https:\/\/www.estrategiaconcursos.com.br\/blog\/simulado-final-gcm-curitiba\/#primaryimage\",\"url\":\"https:\/\/dhg1h5j42swfq.cloudfront.net\/2026\/01\/07101359\/ytb_-gcm-curitba.jpg\",\"contentUrl\":\"https:\/\/dhg1h5j42swfq.cloudfront.net\/2026\/01\/07101359\/ytb_-gcm-curitba.jpg\",\"width\":1280,\"height\":720,\"caption\":\"Simulado Final GCM Curitiba\"},{\"@type\":\"BreadcrumbList\",\"@id\":\"https:\/\/www.estrategiaconcursos.com.br\/blog\/simulado-final-gcm-curitiba\/#breadcrumb\",\"itemListElement\":[{\"@type\":\"ListItem\",\"position\":1,\"name\":\"In\u00edcio\",\"item\":\"https:\/\/www.estrategiaconcursos.com.br\/blog\/\"},{\"@type\":\"ListItem\",\"position\":2,\"name\":\"Simulado Final GCM Curitiba: esteja preparado!\"}]},{\"@type\":\"WebSite\",\"@id\":\"https:\/\/www.estrategiaconcursos.com.br\/blog\/#website\",\"url\":\"https:\/\/www.estrategiaconcursos.com.br\/blog\/\",\"name\":\"Estrat\u00e9gia Concursos\",\"description\":\"O blog da Estrat\u00e9gia Concursos traz not\u00edcias sobre concursos e artigos de professores oferecendo cursos para concursos (pdf + videaulas) no site.\",\"publisher\":{\"@id\":\"https:\/\/www.estrategiaconcursos.com.br\/blog\/#organization\"},\"potentialAction\":[{\"@type\":\"SearchAction\",\"target\":{\"@type\":\"EntryPoint\",\"urlTemplate\":\"https:\/\/www.estrategiaconcursos.com.br\/blog\/?s={search_term_string}\"},\"query-input\":{\"@type\":\"PropertyValueSpecification\",\"valueRequired\":true,\"valueName\":\"search_term_string\"}}],\"inLanguage\":\"pt-BR\"},{\"@type\":\"Organization\",\"@id\":\"https:\/\/www.estrategiaconcursos.com.br\/blog\/#organization\",\"name\":\"Estrat\u00e9gia Concursos\",\"url\":\"https:\/\/www.estrategiaconcursos.com.br\/blog\/\",\"logo\":{\"@type\":\"ImageObject\",\"inLanguage\":\"pt-BR\",\"@id\":\"https:\/\/www.estrategiaconcursos.com.br\/blog\/#\/schema\/logo\/image\/\",\"url\":\"https:\/\/dhg1h5j42swfq.cloudfront.net\/2025\/06\/03203428\/logo_concursos-1.jpg\",\"contentUrl\":\"https:\/\/dhg1h5j42swfq.cloudfront.net\/2025\/06\/03203428\/logo_concursos-1.jpg\",\"width\":230,\"height\":60,\"caption\":\"Estrat\u00e9gia Concursos\"},\"image\":{\"@id\":\"https:\/\/www.estrategiaconcursos.com.br\/blog\/#\/schema\/logo\/image\/\"},\"sameAs\":[\"https:\/\/x.com\/EstratConcursos\"]},{\"@type\":\"Person\",\"@id\":\"https:\/\/www.estrategiaconcursos.com.br\/blog\/#\/schema\/person\/6630f91134abc08115cca62ce6372855\",\"name\":\"Bruna de Andrade Fran\u00e7a\",\"image\":{\"@type\":\"ImageObject\",\"inLanguage\":\"pt-BR\",\"@id\":\"https:\/\/secure.gravatar.com\/avatar\/d6316d36d50cea0fadae28ed3015b8870cc90a2d3d8a95c37b44006af36a00e3?s=96&d=mm&r=g\",\"url\":\"https:\/\/secure.gravatar.com\/avatar\/d6316d36d50cea0fadae28ed3015b8870cc90a2d3d8a95c37b44006af36a00e3?s=96&d=mm&r=g\",\"contentUrl\":\"https:\/\/secure.gravatar.com\/avatar\/d6316d36d50cea0fadae28ed3015b8870cc90a2d3d8a95c37b44006af36a00e3?s=96&d=mm&r=g\",\"caption\":\"Bruna de Andrade Fran\u00e7a\"},\"description\":\"Bruna de Andrade Fran\u00e7a \u00e9 publicit\u00e1ria com p\u00f3s-gradua\u00e7\u00e3o em Marketing &amp; Growth, atuando h\u00e1 mais de 6 anos no universo dos concursos p\u00fablicos. Desde 2021, lidera no Blog do Estrat\u00e9gia Concursos a cobertura editorial especializada em Concursos Policiais (PF, PRF, PM, PC, etc.), al\u00e9m das frentes de concursos banc\u00e1rios, de sa\u00fade e da \u00e1rea legislativa. Especialista em reda\u00e7\u00e3o, com pr\u00e1ticas de SEO e Copywriting, possui tamb\u00e9m atua\u00e7\u00e3o pr\u00e1tica de contato direto com \u00f3rg\u00e3os p\u00fablicos respons\u00e1veis por editais, permitindo acesso antecipado a informa\u00e7\u00f5es, desdobramentos importantes e atualiza\u00e7\u00e3o eficiente dos concursos p\u00fablicos.\",\"url\":\"https:\/\/www.estrategiaconcursos.com.br\/blog\/author\/bruna-andrade\/\"}]}<\/script>\n<!-- \/ Yoast SEO Premium plugin. -->","yoast_head_json":{"title":"Simulado Final GCM Curitiba: esteja preparado!","description":"Participe, gratuitamente, do nosso Simulado Final GCM Curitiba. \u00c9 neste s\u00e1bado, dia 10 de janeiro, \u00e0s 8h! N\u00e3o fique de fora!","robots":{"index":"index","follow":"follow","max-snippet":"max-snippet:-1","max-image-preview":"max-image-preview:large","max-video-preview":"max-video-preview:-1"},"canonical":"https:\/\/www.estrategiaconcursos.com.br\/blog\/simulado-final-gcm-curitiba\/","og_locale":"pt_BR","og_type":"article","og_title":"Simulado Final GCM Curitiba: esteja preparado!","og_description":"Participe, gratuitamente, do nosso Simulado Final GCM Curitiba. \u00c9 neste s\u00e1bado, dia 10 de janeiro, \u00e0s 8h! N\u00e3o fique de fora!","og_url":"https:\/\/www.estrategiaconcursos.com.br\/blog\/simulado-final-gcm-curitiba\/","og_site_name":"Estrat\u00e9gia Concursos","article_published_time":"2026-01-10T10:39:00+00:00","og_image":[{"width":1280,"height":720,"url":"https:\/\/dhg1h5j42swfq.cloudfront.net\/2026\/01\/07101359\/ytb_-gcm-curitba.jpg","type":"image\/jpeg"}],"author":"Bruna de Andrade Fran\u00e7a","twitter_card":"summary_large_image","twitter_creator":"@EstratConcursos","twitter_site":"@EstratConcursos","twitter_misc":{"Escrito por":"Bruna de Andrade Fran\u00e7a","Est. tempo de leitura":"3 minutos"},"schema":{"@context":"https:\/\/schema.org","@graph":[{"@type":"NewsArticle","@id":"https:\/\/www.estrategiaconcursos.com.br\/blog\/simulado-final-gcm-curitiba\/#article","isPartOf":{"@id":"https:\/\/www.estrategiaconcursos.com.br\/blog\/simulado-final-gcm-curitiba\/"},"author":{"name":"Bruna de Andrade Fran\u00e7a","@id":"https:\/\/www.estrategiaconcursos.com.br\/blog\/#\/schema\/person\/6630f91134abc08115cca62ce6372855"},"headline":"Simulado Final GCM Curitiba: esteja preparado!","datePublished":"2026-01-10T10:39:00+00:00","mainEntityOfPage":{"@id":"https:\/\/www.estrategiaconcursos.com.br\/blog\/simulado-final-gcm-curitiba\/"},"wordCount":591,"commentCount":0,"publisher":{"@id":"https:\/\/www.estrategiaconcursos.com.br\/blog\/#organization"},"image":{"@id":"https:\/\/www.estrategiaconcursos.com.br\/blog\/simulado-final-gcm-curitiba\/#primaryimage"},"thumbnailUrl":"https:\/\/dhg1h5j42swfq.cloudfront.net\/2026\/01\/07101359\/ytb_-gcm-curitba.jpg","articleSection":["Policial (Guardas Civis)","\u00daltimas not\u00edcias"],"inLanguage":"pt-BR","potentialAction":[{"@type":"CommentAction","name":"Comment","target":["https:\/\/www.estrategiaconcursos.com.br\/blog\/simulado-final-gcm-curitiba\/#respond"]}],"copyrightYear":"2026","copyrightHolder":{"@id":"https:\/\/www.estrategiaconcursos.com.br\/blog\/#organization"}},{"@type":"WebPage","@id":"https:\/\/www.estrategiaconcursos.com.br\/blog\/simulado-final-gcm-curitiba\/","url":"https:\/\/www.estrategiaconcursos.com.br\/blog\/simulado-final-gcm-curitiba\/","name":"Simulado Final GCM Curitiba: esteja preparado!","isPartOf":{"@id":"https:\/\/www.estrategiaconcursos.com.br\/blog\/#website"},"primaryImageOfPage":{"@id":"https:\/\/www.estrategiaconcursos.com.br\/blog\/simulado-final-gcm-curitiba\/#primaryimage"},"image":{"@id":"https:\/\/www.estrategiaconcursos.com.br\/blog\/simulado-final-gcm-curitiba\/#primaryimage"},"thumbnailUrl":"https:\/\/dhg1h5j42swfq.cloudfront.net\/2026\/01\/07101359\/ytb_-gcm-curitba.jpg","datePublished":"2026-01-10T10:39:00+00:00","description":"Participe, gratuitamente, do nosso Simulado Final GCM Curitiba. \u00c9 neste s\u00e1bado, dia 10 de janeiro, \u00e0s 8h! N\u00e3o fique de fora!","breadcrumb":{"@id":"https:\/\/www.estrategiaconcursos.com.br\/blog\/simulado-final-gcm-curitiba\/#breadcrumb"},"inLanguage":"pt-BR","potentialAction":[{"@type":"ReadAction","target":["https:\/\/www.estrategiaconcursos.com.br\/blog\/simulado-final-gcm-curitiba\/"]}]},{"@type":"ImageObject","inLanguage":"pt-BR","@id":"https:\/\/www.estrategiaconcursos.com.br\/blog\/simulado-final-gcm-curitiba\/#primaryimage","url":"https:\/\/dhg1h5j42swfq.cloudfront.net\/2026\/01\/07101359\/ytb_-gcm-curitba.jpg","contentUrl":"https:\/\/dhg1h5j42swfq.cloudfront.net\/2026\/01\/07101359\/ytb_-gcm-curitba.jpg","width":1280,"height":720,"caption":"Simulado Final GCM Curitiba"},{"@type":"BreadcrumbList","@id":"https:\/\/www.estrategiaconcursos.com.br\/blog\/simulado-final-gcm-curitiba\/#breadcrumb","itemListElement":[{"@type":"ListItem","position":1,"name":"In\u00edcio","item":"https:\/\/www.estrategiaconcursos.com.br\/blog\/"},{"@type":"ListItem","position":2,"name":"Simulado Final GCM Curitiba: esteja preparado!"}]},{"@type":"WebSite","@id":"https:\/\/www.estrategiaconcursos.com.br\/blog\/#website","url":"https:\/\/www.estrategiaconcursos.com.br\/blog\/","name":"Estrat\u00e9gia Concursos","description":"O blog da Estrat\u00e9gia Concursos traz not\u00edcias sobre concursos e artigos de professores oferecendo cursos para concursos (pdf + videaulas) no site.","publisher":{"@id":"https:\/\/www.estrategiaconcursos.com.br\/blog\/#organization"},"potentialAction":[{"@type":"SearchAction","target":{"@type":"EntryPoint","urlTemplate":"https:\/\/www.estrategiaconcursos.com.br\/blog\/?s={search_term_string}"},"query-input":{"@type":"PropertyValueSpecification","valueRequired":true,"valueName":"search_term_string"}}],"inLanguage":"pt-BR"},{"@type":"Organization","@id":"https:\/\/www.estrategiaconcursos.com.br\/blog\/#organization","name":"Estrat\u00e9gia Concursos","url":"https:\/\/www.estrategiaconcursos.com.br\/blog\/","logo":{"@type":"ImageObject","inLanguage":"pt-BR","@id":"https:\/\/www.estrategiaconcursos.com.br\/blog\/#\/schema\/logo\/image\/","url":"https:\/\/dhg1h5j42swfq.cloudfront.net\/2025\/06\/03203428\/logo_concursos-1.jpg","contentUrl":"https:\/\/dhg1h5j42swfq.cloudfront.net\/2025\/06\/03203428\/logo_concursos-1.jpg","width":230,"height":60,"caption":"Estrat\u00e9gia Concursos"},"image":{"@id":"https:\/\/www.estrategiaconcursos.com.br\/blog\/#\/schema\/logo\/image\/"},"sameAs":["https:\/\/x.com\/EstratConcursos"]},{"@type":"Person","@id":"https:\/\/www.estrategiaconcursos.com.br\/blog\/#\/schema\/person\/6630f91134abc08115cca62ce6372855","name":"Bruna de Andrade Fran\u00e7a","image":{"@type":"ImageObject","inLanguage":"pt-BR","@id":"https:\/\/secure.gravatar.com\/avatar\/d6316d36d50cea0fadae28ed3015b8870cc90a2d3d8a95c37b44006af36a00e3?s=96&d=mm&r=g","url":"https:\/\/secure.gravatar.com\/avatar\/d6316d36d50cea0fadae28ed3015b8870cc90a2d3d8a95c37b44006af36a00e3?s=96&d=mm&r=g","contentUrl":"https:\/\/secure.gravatar.com\/avatar\/d6316d36d50cea0fadae28ed3015b8870cc90a2d3d8a95c37b44006af36a00e3?s=96&d=mm&r=g","caption":"Bruna de Andrade Fran\u00e7a"},"description":"Bruna de Andrade Fran\u00e7a \u00e9 publicit\u00e1ria com p\u00f3s-gradua\u00e7\u00e3o em Marketing &amp; Growth, atuando h\u00e1 mais de 6 anos no universo dos concursos p\u00fablicos. Desde 2021, lidera no Blog do Estrat\u00e9gia Concursos a cobertura editorial especializada em Concursos Policiais (PF, PRF, PM, PC, etc.), al\u00e9m das frentes de concursos banc\u00e1rios, de sa\u00fade e da \u00e1rea legislativa. Especialista em reda\u00e7\u00e3o, com pr\u00e1ticas de SEO e Copywriting, possui tamb\u00e9m atua\u00e7\u00e3o pr\u00e1tica de contato direto com \u00f3rg\u00e3os p\u00fablicos respons\u00e1veis por editais, permitindo acesso antecipado a informa\u00e7\u00f5es, desdobramentos importantes e atualiza\u00e7\u00e3o eficiente dos concursos p\u00fablicos.","url":"https:\/\/www.estrategiaconcursos.com.br\/blog\/author\/bruna-andrade\/"}]}},"_links":{"self":[{"href":"https:\/\/www.estrategiaconcursos.com.br\/blog\/wp-json\/wp\/v2\/posts\/1694840","targetHints":{"allow":["GET"]}}],"collection":[{"href":"https:\/\/www.estrategiaconcursos.com.br\/blog\/wp-json\/wp\/v2\/posts"}],"about":[{"href":"https:\/\/www.estrategiaconcursos.com.br\/blog\/wp-json\/wp\/v2\/types\/post"}],"author":[{"embeddable":true,"href":"https:\/\/www.estrategiaconcursos.com.br\/blog\/wp-json\/wp\/v2\/users\/1206"}],"replies":[{"embeddable":true,"href":"https:\/\/www.estrategiaconcursos.com.br\/blog\/wp-json\/wp\/v2\/comments?post=1694840"}],"version-history":[{"count":5,"href":"https:\/\/www.estrategiaconcursos.com.br\/blog\/wp-json\/wp\/v2\/posts\/1694840\/revisions"}],"predecessor-version":[{"id":1696791,"href":"https:\/\/www.estrategiaconcursos.com.br\/blog\/wp-json\/wp\/v2\/posts\/1694840\/revisions\/1696791"}],"wp:featuredmedia":[{"embeddable":true,"href":"https:\/\/www.estrategiaconcursos.com.br\/blog\/wp-json\/wp\/v2\/media\/1694854"}],"wp:attachment":[{"href":"https:\/\/www.estrategiaconcursos.com.br\/blog\/wp-json\/wp\/v2\/media?parent=1694840"}],"wp:term":[{"taxonomy":"category","embeddable":true,"href":"https:\/\/www.estrategiaconcursos.com.br\/blog\/wp-json\/wp\/v2\/categories?post=1694840"},{"taxonomy":"post_tag","embeddable":true,"href":"https:\/\/www.estrategiaconcursos.com.br\/blog\/wp-json\/wp\/v2\/tags?post=1694840"},{"taxonomy":"tax_estado","embeddable":true,"href":"https:\/\/www.estrategiaconcursos.com.br\/blog\/wp-json\/wp\/v2\/tax_estado?post=1694840"}],"curies":[{"name":"wp","href":"https:\/\/api.w.org\/{rel}","templated":true}]}}