{"id":1693444,"date":"2026-01-09T18:00:00","date_gmt":"2026-01-09T21:00:00","guid":{"rendered":"https:\/\/www.estrategiaconcursos.com.br\/blog\/?p=1693444"},"modified":"2026-01-12T13:12:20","modified_gmt":"2026-01-12T16:12:20","slug":"concurso-editais-semana-05-09-01","status":"publish","type":"post","link":"https:\/\/www.estrategiaconcursos.com.br\/blog\/concurso-editais-semana-05-09-01\/","title":{"rendered":"Concursos P\u00fablicos: 24 editais esta semana; 7,8 mil vagas!"},"content":{"rendered":"\n<p>O ano de 2026 chegou com uma semana interessante para aqueles que sonham em conquistar uma vaga em editais de concursos p\u00fablicos.<\/p>\n\n\n\n<p>Isso porque foram publicados 24 editais para diversas \u00e1reas, desde a Sa\u00fade, Educa\u00e7\u00e3o, Legislativa, Administrativa e Prefeituras, contando com <strong>7.809 oportunidades imediatas e de cadastro reserva.<\/strong><\/p>\n\n\n\n<p>De destaque, chegou o novo edital da <a href=\"https:\/\/www.estrategiaconcursos.com.br\/cursosPorConcurso\/secretaria-de-educacao-de-rondonia-seed-ro\/\">Secretaria de Estado da Educa\u00e7\u00e3o<\/a>\u00a0de Rond\u00f4nia\u00a0<strong>(SEDUC RO)<\/strong>, garantindo 6,3 mil vagas e sal\u00e1rios de at\u00e9 R$ 5,1 mil.<\/p>\n\n\n\n<p>Al\u00e9m desse, a <strong>EBSERH<\/strong>&nbsp;(<a href=\"https:\/\/www.estrategiaconcursos.com.br\/cursosPorConcurso\/ebserh-107\/\" target=\"_blank\" rel=\"noreferrer noopener\">Empresa Brasileira de Servi\u00e7os Hospitalares<\/a>) chegou com 152 vagas imediatas mais cadastro reserva para mais de 45 hospitais universit\u00e1rios e sal\u00e1rios de at\u00e9 R$ 19,1 mil.<\/p>\n\n\n\n<figure class=\"wp-block-image size-full\"><a href=\"https:\/\/mkt.estrategia.com\/concursos\/nunca-mais-seja-demitido-2026\/?utm_source=blog&#038;utm_medium=artigo&#038;utm_campaign=ebook_out_2025&#038;utm_content=nmsd-2026-artigonmsd\" target=\"_blank\" rel=\" noreferrer noopener\"><img loading=\"lazy\" decoding=\"async\" width=\"1024\" height=\"274\" src=\"https:\/\/dhg1h5j42swfq.cloudfront.net\/2025\/12\/30184909\/estrategia-concursos-nunca-mais-seja-demitido-2026.jpg\" alt=\"estrat\u00e9gia concursos campanha nunca mais seja demitido 2026\" class=\"wp-image-1692095\" srcset=\"https:\/\/dhg1h5j42swfq.cloudfront.net\/2025\/12\/30184909\/estrategia-concursos-nunca-mais-seja-demitido-2026.jpg 1024w, https:\/\/dhg1h5j42swfq.cloudfront.net\/2025\/12\/30184909\/estrategia-concursos-nunca-mais-seja-demitido-2026-300x80.jpg 300w, https:\/\/dhg1h5j42swfq.cloudfront.net\/2025\/12\/30184909\/estrategia-concursos-nunca-mais-seja-demitido-2026-768x206.jpg 768w, https:\/\/dhg1h5j42swfq.cloudfront.net\/2025\/12\/30184909\/estrategia-concursos-nunca-mais-seja-demitido-2026-150x40.jpg 150w\" sizes=\"auto, (max-width: 1024px) 100vw, 1024px\" \/><\/a><\/figure>\n\n\n\n<p>Quer ficar informado sobre TODOS os novos editais de concursos publicados na \u00faltima semana? <em><strong>Confira mais informa\u00e7\u00f5es ao longo deste artigo!<\/strong><\/em><\/p>\n\n\n\n<div class=\"container\" id=\"boxes\">\n  <div class=\"row\">\n\n    <div class=\"col-sm\">\n      <div class=\"banner-estrat-corj\" id=\"box-assinatura\">\n        <h3 class=\"titulo-assinatura\" style=\"text-align: left;\">Cursos para Concursos<\/h3>\n        <p class=\"subtitulo-assinatura\" style=\"text-align: left;\">Conhe\u00e7a os cursos<\/p>\n        <div class=\"box-botao\" style=\"text-align: left;\">\n          <a class=\"btn-assinatura\" target=\"_blank\" href=\"https:\/\/www.estrategiaconcursos.com.br\/cursos\/concurso\/\" role=\"button\" rel=\"noopener noreferrer\">CLIQUE AQUI<\/a>\n        <\/div>\n      <\/div><\/div><\/div><\/div>\n\n\n\n<ul id=\"indice\" class=\"wp-block-list\">\n<li><a href=\"#saude\">Sa\u00fade<\/a><\/li>\n\n\n\n<li><a href=\"#educacao\">Educa\u00e7\u00e3o<\/a><\/li>\n\n\n\n<li><a href=\"#camaras\">\u00c1rea Legislativa<\/a><\/li>\n\n\n\n<li><a href=\"#outras\">Oportunidades em outras \u00e1reas<\/a><\/li>\n\n\n\n<li><a href=\"#prefeituras\">Prefeituras Municipais<\/a><\/li>\n<\/ul>\n\n\n\n<h3 class=\"wp-block-heading has-text-align-center has-background\" id=\"saude\" style=\"background-color:#e1eaf2\">Sa\u00fade<\/h3>\n\n\n\n<h3 class=\"wp-block-heading\" id=\"h-empresa-brasileira-de-servicos-hospitalares-ebserh\"><a href=\"https:\/\/www.estrategiaconcursos.com.br\/blog\/concurso-ebserh\/\" target=\"_blank\" rel=\"noreferrer noopener\">Empresa Brasileira de Servi\u00e7os Hospitalares<\/a> (EBSERH)<\/h3>\n\n\n\n<ul class=\"wp-block-list\">\n<li><strong>Banca:<\/strong> FGV<\/li>\n\n\n\n<li><strong>Per\u00edodo de inscri\u00e7\u00f5es:<\/strong> at\u00e9 30\/01<\/li>\n\n\n\n<li><strong>Data da prova<\/strong>: 29\/03<\/li>\n\n\n\n<li><strong>Vagas:<\/strong> 152 + CR<\/li>\n\n\n\n<li><strong>Sal\u00e1rio inicial:<\/strong> R$ 11.464,35 a R$ 19.107,31<\/li>\n\n\n\n<li><strong>Edital:<\/strong> <a href=\"https:\/\/dhg1h5j42swfq.cloudfront.net\/2026\/01\/05132157\/edital-no-2-de-5-de-janeiro-de-2026-1.pdf\" target=\"_blank\" rel=\"noreferrer noopener nofollow\">EBSERH-26 \u2013 \u00c1rea M\u00e9dica<\/a><\/li>\n<\/ul>\n\n\n\n<h3 class=\"wp-block-heading has-text-align-center has-background\" id=\"educacao\" style=\"background-color:#e1eaf2\">Educa\u00e7\u00e3o<\/h3>\n\n\n\n<h3 class=\"wp-block-heading\" id=\"h-fundacao-osorio-rj\"><a href=\"https:\/\/www.estrategiaconcursos.com.br\/blog\/concurso-fundacao-osorio\/\" target=\"_blank\" rel=\"noreferrer noopener\">Funda\u00e7\u00e3o Os\u00f3rio<\/a> (RJ)<\/h3>\n\n\n\n<ul class=\"wp-block-list\">\n<li><strong>Banca:<\/strong> Funda\u00e7\u00e3o Cesgranrio<\/li>\n\n\n\n<li><strong>Per\u00edodo de inscri\u00e7\u00f5es:<\/strong> at\u00e9 09\/02<\/li>\n\n\n\n<li><strong>Data da prova<\/strong>: 08\/03<\/li>\n\n\n\n<li><strong>Vagas:<\/strong> 15<\/li>\n\n\n\n<li><strong>Sal\u00e1rio inicial:<\/strong> at\u00e9 R$ 13.288,85<\/li>\n\n\n\n<li><strong>Edital:<\/strong> <a href=\"https:\/\/dhg1h5j42swfq.cloudfront.net\/2026\/01\/06141852\/3829a57e-75f9-4872-9020-daa232031723-1.pdf\" target=\"_blank\" rel=\"noreferrer noopener nofollow\">Funda\u00e7\u00e3o Osorio 2026<\/a><\/li>\n<\/ul>\n\n\n\n<h3 class=\"wp-block-heading\" id=\"h-secretaria-de-estado-da-educacao-de-rondonia-seduc-ro\"><a href=\"https:\/\/www.estrategiaconcursos.com.br\/blog\/concurso-seduc-ro\/\" target=\"_blank\" rel=\"noreferrer noopener\">Secretaria de Estado da Educa\u00e7\u00e3o de Rond\u00f4nia<\/a> (Seduc RO)<\/h3>\n\n\n\n<ul class=\"wp-block-list\">\n<li><strong>Banca:<\/strong> Ibade<\/li>\n\n\n\n<li><strong>Per\u00edodo de inscri\u00e7\u00f5es:<\/strong> at\u00e9 09\/02<\/li>\n\n\n\n<li><strong>Data da prova<\/strong>: 08 e 15\/03<\/li>\n\n\n\n<li><strong>Vagas:<\/strong> 4.392 + 2.060 <\/li>\n\n\n\n<li><strong>Sal\u00e1rio inicial:<\/strong> R$ 2.016,59 a R$ 5.118,41<\/li>\n\n\n\n<li><strong>Edital:<\/strong> <a href=\"https:\/\/dhg1h5j42swfq.cloudfront.net\/2026\/01\/06133214\/01-2026.pdf\" target=\"_blank\" rel=\"noreferrer noopener nofollow\">Edital Seduc RO 01\/2026<\/a> | <a href=\"https:\/\/dhg1h5j42swfq.cloudfront.net\/2026\/01\/06133216\/02-2026.pdf\" target=\"_blank\" rel=\"noreferrer noopener nofollow\">Edital Seduc RO 02\/2026<\/a><\/li>\n<\/ul>\n\n\n\n<h3 class=\"wp-block-heading\" id=\"h-colegio-militar-rj\"><a href=\"https:\/\/www.estrategiaconcursos.com.br\/blog\/concurso-colegio-militar\/\" target=\"_blank\" rel=\"noreferrer noopener\">Col\u00e9gio Militar<\/a> (RJ)<\/h3>\n\n\n\n<ul class=\"wp-block-list\">\n<li><strong>Banca:<\/strong> Igecap<\/li>\n\n\n\n<li><strong>Per\u00edodo de inscri\u00e7\u00f5es:<\/strong> at\u00e9 24\/02<\/li>\n\n\n\n<li><strong>Data da prova<\/strong>: 17\/05<\/li>\n\n\n\n<li><strong>Vagas:<\/strong> 80<\/li>\n\n\n\n<li><strong>Sal\u00e1rio inicial:<\/strong> at\u00e9 R$ 13.288,85<\/li>\n\n\n\n<li><strong>Edital:<\/strong>&nbsp;<a href=\"https:\/\/www.in.gov.br\/en\/web\/dou\/-\/edital-n-1\/cmrj-de-2-de-janeiro-de-2026-679321186\" target=\"_blank\" rel=\"noreferrer noopener nofollow\">Col\u00e9gio Militar 2026<\/a><\/li>\n<\/ul>\n\n\n\n<h3 class=\"wp-block-heading\" id=\"h-secretaria-municipal-da-educacao-de-francisco-morato-sme-francisco-morato\"><a href=\"https:\/\/www.estrategiaconcursos.com.br\/blog\/concurso-sme-francisco-morato-sp\/\" target=\"_blank\" rel=\"noreferrer noopener\">Secretaria Municipal da Educa\u00e7\u00e3o de Francisco Morato<\/a> (SME Francisco Morato)<\/h3>\n\n\n\n<ul class=\"wp-block-list\">\n<li><strong>Banca:<\/strong> Instituto Mais<\/li>\n\n\n\n<li><strong>Per\u00edodo de inscri\u00e7\u00f5es:<\/strong> 12\/01 a 12\/02<\/li>\n\n\n\n<li><strong>Data da prova<\/strong>: 22\/03<\/li>\n\n\n\n<li><strong>Vagas:<\/strong> 21<\/li>\n\n\n\n<li><strong>Sal\u00e1rio inicial:<\/strong> at\u00e9 R$ 6.551 + benef\u00edcios<\/li>\n\n\n\n<li><strong>Edital:<\/strong> <a href=\"https:\/\/dhg1h5j42swfq.cloudfront.net\/2025\/09\/07163203\/edital-no-01-261-2.pdf\" target=\"_blank\" rel=\"noreferrer noopener nofollow\">SME Francisco Morato 2026<\/a><\/li>\n<\/ul>\n\n\n\n<h3 class=\"wp-block-heading\" id=\"h-universidade-do-estado-de-santa-catarina-nbsp-udesc-nbsp\"><a href=\"https:\/\/www.estrategiaconcursos.com.br\/blog\/concurso-udesc\/\" target=\"_blank\" rel=\"noreferrer noopener\">Universidade do Estado de Santa Catarina<\/a>&nbsp;(UDESC)&nbsp;<\/h3>\n\n\n\n<ul class=\"wp-block-list\">\n<li><strong>Banca:<\/strong> Cebraspe<\/li>\n\n\n\n<li><strong>Per\u00edodo de inscri\u00e7\u00f5es:<\/strong> 14\/01 a 13\/02<\/li>\n\n\n\n<li><strong>Data da prova<\/strong>: 29\/03<\/li>\n\n\n\n<li><strong>Vagas:<\/strong> 40 + CR<\/li>\n\n\n\n<li><strong>Sal\u00e1rio inicial:<\/strong>&nbsp;R$ 4.921,46 a R$ 6.858,78<\/li>\n\n\n\n<li><strong>Edital:<\/strong> <a href=\"https:\/\/dhg1h5j42swfq.cloudfront.net\/2026\/01\/08173108\/udesc-edital.pdf\" target=\"_blank\" rel=\"noreferrer noopener nofollow\">UDESC 2026<\/a><\/li>\n<\/ul>\n\n\n\n<h3 class=\"wp-block-heading has-text-align-center has-background\" id=\"camaras\" style=\"background-color:#e1eaf2\">\u00c1rea legislativa<\/h3>\n\n\n\n<h3 class=\"wp-block-heading\" id=\"h-camara-de-catalao-go\"><a href=\"https:\/\/www.estrategiaconcursos.com.br\/blog\/concurso-camara-de-catalao-go\/\" target=\"_blank\" rel=\"noreferrer noopener\">C\u00e2mara de Catal\u00e3o<\/a> (GO)<\/h3>\n\n\n\n<ul class=\"wp-block-list\">\n<li><strong>Banca:<\/strong> Funda\u00e7\u00e3o Aroeira<\/li>\n\n\n\n<li><strong>Per\u00edodo de inscri\u00e7\u00f5es:<\/strong> 30\/01 a 26\/02<\/li>\n\n\n\n<li><strong>Data da prova<\/strong>: 29\/03<\/li>\n\n\n\n<li><strong>Vagas:<\/strong> 22 + 62 CR<\/li>\n\n\n\n<li><strong>Sal\u00e1rio inicial:<\/strong> R$ 2.442,86 a R$ 6.041,15<\/li>\n\n\n\n<li><strong>Edital:<\/strong> <a href=\"https:\/\/dhg1h5j42swfq.cloudfront.net\/2026\/01\/05102232\/camara-de-catalao-go-2026.pdf\" target=\"_blank\" rel=\"noreferrer noopener nofollow\">C\u00e2mara de Catal\u00e3o GO-2026<\/a><\/li>\n<\/ul>\n\n\n\n<h3 class=\"wp-block-heading\" id=\"h-camara-de-campo-limpo-paulista-sp\"><a href=\"https:\/\/www.estrategiaconcursos.com.br\/blog\/concurso-camara-campo-limpo-paulista\/#\" target=\"_blank\" rel=\"noreferrer noopener\">C\u00e2mara de Campo Limpo Paulista<\/a> (SP)<\/h3>\n\n\n\n<ul class=\"wp-block-list\">\n<li><strong>Banca:<\/strong> INEPAM<\/li>\n\n\n\n<li><strong>Per\u00edodo de inscri\u00e7\u00f5es:<\/strong> 26\/01 a 10\/03<\/li>\n\n\n\n<li><strong>Data da prova<\/strong>: 12\/04<\/li>\n\n\n\n<li><strong>Vagas:<\/strong> 03 + CR<\/li>\n\n\n\n<li><strong>Sal\u00e1rio inicial:<\/strong> R$ 2.389,00 a R$ 10.612,00<\/li>\n\n\n\n<li><strong>Edital:<\/strong> <a href=\"https:\/\/dhg1h5j42swfq.cloudfront.net\/2026\/01\/07201913\/edital-cmclp-2026.pdf\" target=\"_blank\" rel=\"noreferrer noopener nofollow\">C\u00e2mara de Campo Limpo Paulista-2026<\/a><\/li>\n<\/ul>\n\n\n\n<h3 class=\"wp-block-heading\" id=\"h-camara-de-santa-adelia-sp\"><a href=\"https:\/\/www.estrategiaconcursos.com.br\/blog\/concurso-camara-de-santa-adelia-sp\/\" target=\"_blank\" rel=\"noreferrer noopener\">C\u00e2mara de Santa Ad\u00e9lia<\/a> (SP)<\/h3>\n\n\n\n<ul class=\"wp-block-list\">\n<li><strong>Banca:<\/strong> GL Consultoria<\/li>\n\n\n\n<li><strong>Per\u00edodo de inscri\u00e7\u00f5es:<\/strong> 12 a 26\/01<\/li>\n\n\n\n<li><strong>Data da prova<\/strong>: 22\/02<\/li>\n\n\n\n<li><strong>Vagas:<\/strong> 03 + CR<\/li>\n\n\n\n<li><strong>Sal\u00e1rio inicial:<\/strong> R$ 2.844,62 a R$ 6.352.50<\/li>\n\n\n\n<li><strong>Edital:<\/strong> <a href=\"https:\/\/dhg1h5j42swfq.cloudfront.net\/2026\/01\/09151413\/5f256dce4c179a4deef636a32c15ef3a.pdf\" target=\"_blank\" rel=\"noreferrer noopener nofollow\">CM Santa Ad\u00e9lia SP-2026<\/a><\/li>\n<\/ul>\n\n\n\n<h3 class=\"wp-block-heading has-text-align-center has-background\" id=\"outras\" style=\"background-color:#e1eaf2\">Outras oportunidades<\/h3>\n\n\n\n<h3 class=\"wp-block-heading\" id=\"h-instituto-de-previdencia-dos-servidores-municipais-de-pato-branco-patoprev\"><a href=\"https:\/\/www.estrategiaconcursos.com.br\/blog\/concurso-patoprev\/\" target=\"_blank\" rel=\"noreferrer noopener\">Instituto de Previd\u00eancia dos Servidores Municipais de Pato Branco<\/a> (Patoprev)<\/h3>\n\n\n\n<ul class=\"wp-block-list\">\n<li><strong>Banca:<\/strong> FAFIPA<\/li>\n\n\n\n<li><strong>Per\u00edodo de inscri\u00e7\u00f5es:<\/strong> at\u00e9 26\/01<\/li>\n\n\n\n<li><strong>Data da prova<\/strong>: 22\/02<\/li>\n\n\n\n<li><strong>Vagas:<\/strong> 2<\/li>\n\n\n\n<li><strong>Sal\u00e1rio inicial:<\/strong> R$ 2.086,00 e R$ 2.465,03<\/li>\n\n\n\n<li><strong>Edital:<\/strong> <a href=\"https:\/\/dhg1h5j42swfq.cloudfront.net\/2025\/10\/05100342\/52655f35-8f90-4089-9cc8-e71bc6a9b816.pdf\" target=\"_blank\" rel=\"noreferrer noopener nofollow\">Edital Patoprev<\/a><\/li>\n<\/ul>\n\n\n\n<h3 class=\"wp-block-heading\" id=\"h-nbsp-conselho-regional-de-odontologia-do-maranhao-nbsp-cro-ma\">&nbsp;<a href=\"https:\/\/www.estrategiaconcursos.com.br\/blog\/concurso-cro-ma\/a\" target=\"_blank\" rel=\"noreferrer noopener\">Conselho Regional de Odontologia do Maranh\u00e3o<\/a>&nbsp;(CRO MA)<\/h3>\n\n\n\n<ul class=\"wp-block-list\">\n<li><strong>Banca:<\/strong> IBADE<\/li>\n\n\n\n<li><strong>Per\u00edodo de inscri\u00e7\u00f5es:<\/strong> at\u00e9 09\/02<\/li>\n\n\n\n<li><strong>Data da prova<\/strong>: 15\/03<\/li>\n\n\n\n<li><strong>Vagas:<\/strong> 2<\/li>\n\n\n\n<li><strong>Sal\u00e1rio inicial:<\/strong> at\u00e9 R$ 4.000,00<\/li>\n\n\n\n<li><strong>Edital:<\/strong> <a href=\"https:\/\/dhg1h5j42swfq.cloudfront.net\/2025\/12\/05161408\/359b32027e1803300ef03eef8a7190ad.pdf\" target=\"_blank\" rel=\"noreferrer noopener nofollow\">CRO MA 2026<\/a><\/li>\n<\/ul>\n\n\n\n<h3 class=\"wp-block-heading has-text-align-center has-background\" id=\"prefeituras\" style=\"background-color:#e1eaf2\">Prefeituras Municipais<\/h3>\n\n\n\n<h3 class=\"wp-block-heading\" id=\"h-prefeitura-de-catalao-go\"><a href=\"https:\/\/www.estrategiaconcursos.com.br\/blog\/concurso-prefeitura-catalao\/\" target=\"_blank\" rel=\"noreferrer noopener\">Prefeitura de Catal\u00e3o<\/a> (GO)<\/h3>\n\n\n\n<ul class=\"wp-block-list\">\n<li><strong>Banca:<\/strong> Funda\u00e7\u00e3o Aroeira<\/li>\n\n\n\n<li><strong>Per\u00edodo de inscri\u00e7\u00f5es:<\/strong> 30\/01 a 26\/02<\/li>\n\n\n\n<li><strong>Data da prova<\/strong>: 29\/03<\/li>\n\n\n\n<li><strong>Vagas:<\/strong> 18 + 77 CR<\/li>\n\n\n\n<li><strong>Sal\u00e1rio inicial:<\/strong> R$&nbsp;3.657,16 a R$ 11.735,38<\/li>\n\n\n\n<li><strong>Edital:<\/strong> <a href=\"https:\/\/dhg1h5j42swfq.cloudfront.net\/2026\/01\/05114204\/edital-catalao.pdf\" target=\"_blank\" rel=\"noreferrer noopener\">Catal\u00e3o 2025<\/a><\/li>\n<\/ul>\n\n\n\n<h3 class=\"wp-block-heading\" id=\"h-prefeitura-de-sossego-pb\"><a href=\"https:\/\/www.estrategiaconcursos.com.br\/blog\/concurso-prefeitura-sossego\/\" target=\"_blank\" rel=\"noreferrer noopener\">Prefeitura de Soss\u00eago<\/a> (PB)<\/h3>\n\n\n\n<ul class=\"wp-block-list\">\n<li><strong>Banca:<\/strong> Objetiva Concursos<\/li>\n\n\n\n<li><strong>Per\u00edodo de inscri\u00e7\u00f5es:<\/strong> at\u00e9 09\/02<\/li>\n\n\n\n<li><strong>Data da prova<\/strong>: 21 e\/ou 22\/03<\/li>\n\n\n\n<li><strong>Vagas:<\/strong> 63 + CR<\/li>\n\n\n\n<li><strong>Sal\u00e1rio inicial:<\/strong> R$ 1.518,00 a R$ 3.650,83<\/li>\n\n\n\n<li><strong>Edital:<\/strong> <a href=\"https:\/\/dhg1h5j42swfq.cloudfront.net\/2026\/01\/05171905\/sossego.pdf\" target=\"_blank\" rel=\"noreferrer noopener nofollow\">&nbsp;Soss\u00eago 2025<\/a><\/li>\n<\/ul>\n\n\n\n<h3 class=\"wp-block-heading\" id=\"h-prefeitura-de-ibitinga-sp\"><a href=\"https:\/\/www.estrategiaconcursos.com.br\/blog\/concurso-prefeitura-ibitinga\/\" target=\"_blank\" rel=\"noreferrer noopener\">Prefeitura de Ibitinga<\/a> (SP)<\/h3>\n\n\n\n<ul class=\"wp-block-list\">\n<li><strong>Banca:<\/strong> Gama<\/li>\n\n\n\n<li><strong>Per\u00edodo de inscri\u00e7\u00f5es:<\/strong> at\u00e9 23\/01<\/li>\n\n\n\n<li><strong>Data da prova<\/strong>: 15\/02<\/li>\n\n\n\n<li><strong>Vagas:<\/strong> 8 + CR<\/li>\n\n\n\n<li><strong>Sal\u00e1rio inicial:<\/strong> R$ 1.749,99 a R$ 6.771,86<\/li>\n\n\n\n<li><strong>Edital:<\/strong> <a href=\"https:\/\/dhg1h5j42swfq.cloudfront.net\/2026\/01\/06113515\/ibitinga.pdf\" target=\"_blank\" rel=\"noreferrer noopener nofollow\">Prefeitura de Ibitinga 03\/2025<\/a><\/li>\n<\/ul>\n\n\n\n<h3 class=\"wp-block-heading\" id=\"h-prefeitura-de-riqueza-sc\"><a href=\"https:\/\/www.estrategiaconcursos.com.br\/blog\/concurso-prefeitura-riqueza\/\" target=\"_blank\" rel=\"noreferrer noopener\">Prefeitura de Riqueza<\/a> (SC)<\/h3>\n\n\n\n<ul class=\"wp-block-list\">\n<li><strong>Banca:<\/strong> IPPEC<\/li>\n\n\n\n<li><strong>Per\u00edodo de inscri\u00e7\u00f5es:<\/strong> at\u00e9 11\/02<\/li>\n\n\n\n<li><strong>Data da prova<\/strong>: 22\/02<\/li>\n\n\n\n<li><strong>Vagas:<\/strong> 13 +  CR<\/li>\n\n\n\n<li><strong>Sal\u00e1rio inicial:<\/strong> R$ 1.563,52 a R$ 8.077,77<\/li>\n\n\n\n<li><strong>Edital:<\/strong> <a href=\"https:\/\/dhg1h5j42swfq.cloudfront.net\/2026\/01\/06135658\/riqueza.pdf\" target=\"_blank\" rel=\"noreferrer noopener nofollow\">Riqueza 01\/2026<\/a>&nbsp;\u2013&nbsp;<a href=\"https:\/\/dhg1h5j42swfq.cloudfront.net\/2026\/01\/06145454\/riqueza-2.pdf\" target=\"_blank\" rel=\"noreferrer noopener nofollow\">Riqueza 02\/2026<\/a><\/li>\n<\/ul>\n\n\n\n<h3 class=\"wp-block-heading\" id=\"h-prefeitura-de-paracuru-ce\"><a href=\"https:\/\/www.estrategiaconcursos.com.br\/blog\/concurso-prefeitura-paracuru\/\" target=\"_blank\" rel=\"noreferrer noopener\">Prefeitura de Paracuru<\/a> (CE)<\/h3>\n\n\n\n<ul class=\"wp-block-list\">\n<li><strong>Banca:<\/strong> Consulpam<\/li>\n\n\n\n<li><strong>Per\u00edodo de inscri\u00e7\u00f5es:<\/strong> at\u00e9 26\/01<\/li>\n\n\n\n<li><strong>Data da prova<\/strong>: 26\/04<\/li>\n\n\n\n<li><strong>Vagas:<\/strong> 133 + 565 CR<\/li>\n\n\n\n<li><strong>Sal\u00e1rio inicial:<\/strong> R$ 2.300,00 a R$ 5.376,56<\/li>\n\n\n\n<li><strong>Edital:<\/strong> &nbsp;<a href=\"https:\/\/dhg1h5j42swfq.cloudfront.net\/2026\/01\/07105625\/20260106_131229_edital-001-2026-paracuru-educacao-1.pdf\" target=\"_blank\" rel=\"noreferrer noopener nofollow\">Edital 1<\/a>&nbsp;\u2013&nbsp;<a href=\"https:\/\/dhg1h5j42swfq.cloudfront.net\/2026\/01\/07105628\/paracuru-2.pdf\" target=\"_blank\" rel=\"noreferrer noopener nofollow\">Edital 2<\/a><\/li>\n<\/ul>\n\n\n\n<h3 class=\"wp-block-heading\" id=\"h-prefeitura-de-nuporanga-sp\"><a href=\"https:\/\/www.estrategiaconcursos.com.br\/blog\/concurso-prefeitura-nuporanga\/\" target=\"_blank\" rel=\"noreferrer noopener\">Prefeitura de Nuporanga<\/a> (SP)<\/h3>\n\n\n\n<ul class=\"wp-block-list\">\n<li><strong>Banca:<\/strong> SE Digitaliza\u00e7\u00f5es<\/li>\n\n\n\n<li><strong>Per\u00edodo de inscri\u00e7\u00f5es:<\/strong> at\u00e9 18\/01<\/li>\n\n\n\n<li><strong>Data da prova<\/strong>: 01\/02<\/li>\n\n\n\n<li><strong>Vagas:<\/strong> 12<\/li>\n\n\n\n<li><strong>Sal\u00e1rio inicial:<\/strong> R$ 1.503,72 a R$ 20.649,27<\/li>\n\n\n\n<li><strong>Edital:<\/strong> <a href=\"https:\/\/dhg1h5j42swfq.cloudfront.net\/2026\/01\/08102716\/nuporanga-2026.pdf\" target=\"_blank\" rel=\"noreferrer noopener nofollow\">Nuporanga 2026<\/a><\/li>\n<\/ul>\n\n\n\n<h3 class=\"wp-block-heading\" id=\"h-prefeitura-de-nbsp-bela-vista-de-minas-mg\"><a href=\"https:\/\/www.estrategiaconcursos.com.br\/blog\/concurso-prefeitura-bela-vista-de-minas\/\" target=\"_blank\" rel=\"noreferrer noopener\">Prefeitura de&nbsp;Bela Vista de Minas<\/a> (MG)<\/h3>\n\n\n\n<ul class=\"wp-block-list\">\n<li><strong>Banca:<\/strong> IBGP<\/li>\n\n\n\n<li><strong>Per\u00edodo de inscri\u00e7\u00f5es:<\/strong> 09\/03 a 09\/04<\/li>\n\n\n\n<li><strong>Data da prova<\/strong>: 17\/05<\/li>\n\n\n\n<li><strong>Vagas:<\/strong> 62<\/li>\n\n\n\n<li><strong>Sal\u00e1rio inicial:<\/strong>&nbsp;R$ 1.621,00 a R$ 5.865,02<\/li>\n\n\n\n<li><strong>Edital:<\/strong> <a href=\"https:\/\/dhg1h5j42swfq.cloudfront.net\/2026\/01\/08123643\/00-edital-concurso-bela-vista.pdf\" target=\"_blank\" rel=\"noreferrer noopener nofollow\">Bela Vista de Minas 2026<\/a><\/li>\n<\/ul>\n\n\n\n<h3 class=\"wp-block-heading\" id=\"h-prefeitura-de-iraucuba-ce\"><a href=\"https:\/\/www.estrategiaconcursos.com.br\/blog\/concurso-prefeitura-iraucuba\/\" target=\"_blank\" rel=\"noreferrer noopener\">Prefeitura de Irau\u00e7uba<\/a> (CE)<\/h3>\n\n\n\n<ul class=\"wp-block-list\">\n<li><strong>Banca:<\/strong> IBDO<\/li>\n\n\n\n<li><strong>Per\u00edodo de inscri\u00e7\u00f5es:<\/strong> 12\/01 a 12\/02<\/li>\n\n\n\n<li><strong>Data da prova<\/strong>: 29\/03<\/li>\n\n\n\n<li><strong>Vagas:<\/strong> 3<\/li>\n\n\n\n<li><strong>Sal\u00e1rio inicial:<\/strong> R$ 4.000,00<\/li>\n\n\n\n<li><strong>Edital:<\/strong>&nbsp;<a href=\"https:\/\/dhg1h5j42swfq.cloudfront.net\/2026\/01\/09114018\/ira-ce.pdf\" target=\"_blank\" rel=\"noreferrer noopener nofollow\">Irau\u00e7uba 2026<\/a><\/li>\n<\/ul>\n\n\n\n<h3 class=\"wp-block-heading\" id=\"h-prefeitura-de-pontal-sp\"><a href=\"https:\/\/www.estrategiaconcursos.com.br\/blog\/concurso-prefeitura-pontal\/\" target=\"_blank\" rel=\"noreferrer noopener\">Prefeitura de Pontal<\/a> (SP)<\/h3>\n\n\n\n<ul class=\"wp-block-list\">\n<li><strong>Banca:<\/strong> Vunesp<\/li>\n\n\n\n<li><strong>Per\u00edodo de inscri\u00e7\u00f5es:<\/strong> at\u00e9 09\/02<\/li>\n\n\n\n<li><strong>Data da prova<\/strong>:15\/03<\/li>\n\n\n\n<li><strong>Vagas:<\/strong> 1 <\/li>\n\n\n\n<li><strong>Sal\u00e1rio inicial:<\/strong> R$ 13.282,29<\/li>\n\n\n\n<li><strong>Edital:<\/strong> <a href=\"https:\/\/dhg1h5j42swfq.cloudfront.net\/2026\/01\/09153948\/ppon2303_224_20260107144713-pdf-1.pdf\" target=\"_blank\" rel=\"noreferrer noopener nofollow\">Pontal 2026<\/a><\/li>\n<\/ul>\n\n\n\n<h3 class=\"wp-block-heading has-text-align-center\" id=\"h-quer-ficar-por-dentro-de-mais-informacoes-sobre-o-mundo-dos-concursos-alem-dos-editais-da-semana-entao-confira-as-principais-noticias-do-dia\"><em>Quer ficar por dentro de mais informa\u00e7\u00f5es sobre o mundo dos concursos, al\u00e9m dos editais da semana? Ent\u00e3o confira as principais not\u00edcias do dia!<\/em><\/h3>\n\n\n\n<p class=\"has-text-align-center has-background\" style=\"background-color:#ededed;font-size:clamp(14.642px, 0.915rem + ((1vw - 3.2px) * 0.721), 22px);px\"><strong><a href=\"https:\/\/www.estrategiaconcursos.com.br\/blog\/principais-noticias-do-dia\/\" target=\"_blank\" rel=\"noreferrer noopener\">Principais not\u00edcias do dia<\/a><\/strong><\/p>\n\n\n\n<div class=\"container\" id=\"boxes\">\r\n  <div class=\"row\">\r\n\r\n    <div class=\"col-sm\">\r\n      <div class=\"estrategia\" id=\"box-assinatura\">\r\n        <h3 class=\"titulo-assinatura\">Assinatura Concursos<\/h3>\r\n        <p class=\"subtitulo-assinatura\">Assinatura de 1 ano ou 2 anos<\/p>\r\n        <div class=\"box-botao\">\r\n          <a class=\"btn-assinatura\" target=\"_blank\" href=\"https:\/\/www.estrategiaconcursos.com.br\/assinaturas\/\" role=\"button\" rel=\"noopener noreferrer\">ASSINE AGORA<\/a>\r\n        <\/div>\r\n      <\/div><\/div><\/div><\/div>\n\n\n\n<h2 class=\"wp-block-heading has-text-align-center\" id=\"h-quer-saber-tudo-sobre-concursos-previstos-e-editais-da-semana-confira-os-nossos-artigos\">Quer saber tudo sobre concursos previstos e editais da semana?<br \/>Confira os nossos artigos!<\/h2>\n\n\n\n<ul class=\"wp-block-list\">\n<li><a href=\"https:\/\/www.estrategiaconcursos.com.br\/blog\/concursos-abertos\/\" target=\"_blank\" rel=\"noreferrer noopener\">Concursos Abertos<\/a><\/li>\n\n\n\n<li><a href=\"https:\/\/www.estrategiaconcursos.com.br\/blog\/concursos-prefeitura\/\" target=\"_blank\" rel=\"noreferrer noopener\">Concursos Abertos Prefeitura<\/a><\/li>\n\n\n\n<li><a href=\"https:\/\/www.estrategiaconcursos.com.br\/blog\/concursos-2026\/\" target=\"_blank\" rel=\"noreferrer noopener\">Concursos 2026<\/a><\/li>\n<\/ul>\n","protected":false},"excerpt":{"rendered":"<p>O ano de 2026 chegou com uma semana interessante para aqueles que sonham em conquistar uma vaga em editais de concursos p\u00fablicos. Isso porque foram publicados 24 editais para diversas \u00e1reas, desde a Sa\u00fade, Educa\u00e7\u00e3o, Legislativa, Administrativa e Prefeituras, contando com 7.809 oportunidades imediatas e de cadastro reserva. De destaque, chegou o novo edital da [&hellip;]<\/p>\n","protected":false},"author":2692,"featured_media":1571644,"comment_status":"open","ping_status":"closed","sticky":false,"template":"","format":"standard","meta":{"post_tipo":"news","footnotes":""},"categories":[1,214992,220219],"tags":[],"tax_estado":[219963],"class_list":["post-1693444","post","type-post","status-publish","format-standard","has-post-thumbnail","hentry","category-cursos-e-concursos","category-concursos-administrativos","category-noticias","tax_estado-concursos-federais"],"acf":[],"yoast_head":"<!-- This site is optimized with the Yoast SEO Premium plugin v27.2 (Yoast SEO v27.2) - https:\/\/yoast.com\/product\/yoast-seo-premium-wordpress\/ -->\n<title>Concursos P\u00fablicos: 24 editais esta semana; 7,8 mil vagas!<\/title>\n<meta name=\"description\" content=\"Concurso P\u00fablico 2026: 24 editais sa\u00edram ao longo desta semana (05 a 09\/01). Confira o n\u00famero de oportunidades, remunera\u00e7\u00e3o e datas\" \/>\n<meta name=\"robots\" content=\"index, follow, max-snippet:-1, max-image-preview:large, max-video-preview:-1\" \/>\n<link rel=\"canonical\" href=\"https:\/\/www.estrategiaconcursos.com.br\/blog\/concurso-editais-semana-05-09-01\/\" \/>\n<meta property=\"og:locale\" content=\"pt_BR\" \/>\n<meta property=\"og:type\" content=\"article\" \/>\n<meta property=\"og:title\" content=\"Concursos P\u00fablicos: 24 editais esta semana; 7,8 mil vagas!\" \/>\n<meta property=\"og:description\" content=\"Concurso P\u00fablico 2026: 24 editais sa\u00edram ao longo desta semana (05 a 09\/01). Confira o n\u00famero de oportunidades, remunera\u00e7\u00e3o e datas\" \/>\n<meta property=\"og:url\" content=\"https:\/\/www.estrategiaconcursos.com.br\/blog\/concurso-editais-semana-05-09-01\/\" \/>\n<meta property=\"og:site_name\" content=\"Estrat\u00e9gia Concursos\" \/>\n<meta property=\"article:published_time\" content=\"2026-01-09T21:00:00+00:00\" \/>\n<meta property=\"article:modified_time\" content=\"2026-01-12T16:12:20+00:00\" \/>\n<meta property=\"og:image\" content=\"https:\/\/dhg1h5j42swfq.cloudfront.net\/2025\/05\/05161312\/concursos-2026.jpg\" \/>\n\t<meta property=\"og:image:width\" content=\"768\" \/>\n\t<meta property=\"og:image:height\" content=\"432\" \/>\n\t<meta property=\"og:image:type\" content=\"image\/jpeg\" \/>\n<meta name=\"author\" content=\"Ronaldo Scanavini Neto\" \/>\n<meta name=\"twitter:card\" content=\"summary_large_image\" \/>\n<meta name=\"twitter:creator\" content=\"@EstratConcursos\" \/>\n<meta name=\"twitter:site\" content=\"@EstratConcursos\" \/>\n<meta name=\"twitter:label1\" content=\"Escrito por\" \/>\n\t<meta name=\"twitter:data1\" content=\"Ronaldo Scanavini Neto\" \/>\n\t<meta name=\"twitter:label2\" content=\"Est. tempo de leitura\" \/>\n\t<meta name=\"twitter:data2\" content=\"4 minutos\" \/>\n<script type=\"application\/ld+json\" class=\"yoast-schema-graph\">{\"@context\":\"https:\/\/schema.org\",\"@graph\":[{\"@type\":\"NewsArticle\",\"@id\":\"https:\/\/www.estrategiaconcursos.com.br\/blog\/concurso-editais-semana-05-09-01\/#article\",\"isPartOf\":{\"@id\":\"https:\/\/www.estrategiaconcursos.com.br\/blog\/concurso-editais-semana-05-09-01\/\"},\"author\":{\"name\":\"Ronaldo Scanavini Neto\",\"@id\":\"https:\/\/www.estrategiaconcursos.com.br\/blog\/#\/schema\/person\/70c2ad4297aa24ff8815b08215b23a76\"},\"headline\":\"Concursos P\u00fablicos: 24 editais esta semana; 7,8 mil vagas!\",\"datePublished\":\"2026-01-09T21:00:00+00:00\",\"dateModified\":\"2026-01-12T16:12:20+00:00\",\"mainEntityOfPage\":{\"@id\":\"https:\/\/www.estrategiaconcursos.com.br\/blog\/concurso-editais-semana-05-09-01\/\"},\"wordCount\":832,\"commentCount\":0,\"publisher\":{\"@id\":\"https:\/\/www.estrategiaconcursos.com.br\/blog\/#organization\"},\"image\":{\"@id\":\"https:\/\/www.estrategiaconcursos.com.br\/blog\/concurso-editais-semana-05-09-01\/#primaryimage\"},\"thumbnailUrl\":\"https:\/\/dhg1h5j42swfq.cloudfront.net\/2025\/05\/05161312\/concursos-2026.jpg\",\"articleSection\":[\"Concursos P\u00fablicos\",\"Executivo (Administrativa)\",\"\u00daltimas not\u00edcias\"],\"inLanguage\":\"pt-BR\",\"potentialAction\":[{\"@type\":\"CommentAction\",\"name\":\"Comment\",\"target\":[\"https:\/\/www.estrategiaconcursos.com.br\/blog\/concurso-editais-semana-05-09-01\/#respond\"]}],\"copyrightYear\":\"2026\",\"copyrightHolder\":{\"@id\":\"https:\/\/www.estrategiaconcursos.com.br\/blog\/#organization\"}},{\"@type\":\"WebPage\",\"@id\":\"https:\/\/www.estrategiaconcursos.com.br\/blog\/concurso-editais-semana-05-09-01\/\",\"url\":\"https:\/\/www.estrategiaconcursos.com.br\/blog\/concurso-editais-semana-05-09-01\/\",\"name\":\"Concursos P\u00fablicos: 24 editais esta semana; 7,8 mil vagas!\",\"isPartOf\":{\"@id\":\"https:\/\/www.estrategiaconcursos.com.br\/blog\/#website\"},\"primaryImageOfPage\":{\"@id\":\"https:\/\/www.estrategiaconcursos.com.br\/blog\/concurso-editais-semana-05-09-01\/#primaryimage\"},\"image\":{\"@id\":\"https:\/\/www.estrategiaconcursos.com.br\/blog\/concurso-editais-semana-05-09-01\/#primaryimage\"},\"thumbnailUrl\":\"https:\/\/dhg1h5j42swfq.cloudfront.net\/2025\/05\/05161312\/concursos-2026.jpg\",\"datePublished\":\"2026-01-09T21:00:00+00:00\",\"dateModified\":\"2026-01-12T16:12:20+00:00\",\"description\":\"Concurso P\u00fablico 2026: 24 editais sa\u00edram ao longo desta semana (05 a 09\/01). Confira o n\u00famero de oportunidades, remunera\u00e7\u00e3o e datas\",\"breadcrumb\":{\"@id\":\"https:\/\/www.estrategiaconcursos.com.br\/blog\/concurso-editais-semana-05-09-01\/#breadcrumb\"},\"inLanguage\":\"pt-BR\",\"potentialAction\":[{\"@type\":\"ReadAction\",\"target\":[\"https:\/\/www.estrategiaconcursos.com.br\/blog\/concurso-editais-semana-05-09-01\/\"]}]},{\"@type\":\"ImageObject\",\"inLanguage\":\"pt-BR\",\"@id\":\"https:\/\/www.estrategiaconcursos.com.br\/blog\/concurso-editais-semana-05-09-01\/#primaryimage\",\"url\":\"https:\/\/dhg1h5j42swfq.cloudfront.net\/2025\/05\/05161312\/concursos-2026.jpg\",\"contentUrl\":\"https:\/\/dhg1h5j42swfq.cloudfront.net\/2025\/05\/05161312\/concursos-2026.jpg\",\"width\":768,\"height\":432,\"caption\":\"Concursos P\u00fablicos\"},{\"@type\":\"BreadcrumbList\",\"@id\":\"https:\/\/www.estrategiaconcursos.com.br\/blog\/concurso-editais-semana-05-09-01\/#breadcrumb\",\"itemListElement\":[{\"@type\":\"ListItem\",\"position\":1,\"name\":\"In\u00edcio\",\"item\":\"https:\/\/www.estrategiaconcursos.com.br\/blog\/\"},{\"@type\":\"ListItem\",\"position\":2,\"name\":\"Concursos P\u00fablicos: 24 editais esta semana; 7,8 mil vagas!\"}]},{\"@type\":\"WebSite\",\"@id\":\"https:\/\/www.estrategiaconcursos.com.br\/blog\/#website\",\"url\":\"https:\/\/www.estrategiaconcursos.com.br\/blog\/\",\"name\":\"Estrat\u00e9gia Concursos\",\"description\":\"O blog da Estrat\u00e9gia Concursos traz not\u00edcias sobre concursos e artigos de professores oferecendo cursos para concursos (pdf + videaulas) no site.\",\"publisher\":{\"@id\":\"https:\/\/www.estrategiaconcursos.com.br\/blog\/#organization\"},\"potentialAction\":[{\"@type\":\"SearchAction\",\"target\":{\"@type\":\"EntryPoint\",\"urlTemplate\":\"https:\/\/www.estrategiaconcursos.com.br\/blog\/?s={search_term_string}\"},\"query-input\":{\"@type\":\"PropertyValueSpecification\",\"valueRequired\":true,\"valueName\":\"search_term_string\"}}],\"inLanguage\":\"pt-BR\"},{\"@type\":\"Organization\",\"@id\":\"https:\/\/www.estrategiaconcursos.com.br\/blog\/#organization\",\"name\":\"Estrat\u00e9gia Concursos\",\"url\":\"https:\/\/www.estrategiaconcursos.com.br\/blog\/\",\"logo\":{\"@type\":\"ImageObject\",\"inLanguage\":\"pt-BR\",\"@id\":\"https:\/\/www.estrategiaconcursos.com.br\/blog\/#\/schema\/logo\/image\/\",\"url\":\"https:\/\/dhg1h5j42swfq.cloudfront.net\/2025\/06\/03203428\/logo_concursos-1.jpg\",\"contentUrl\":\"https:\/\/dhg1h5j42swfq.cloudfront.net\/2025\/06\/03203428\/logo_concursos-1.jpg\",\"width\":230,\"height\":60,\"caption\":\"Estrat\u00e9gia Concursos\"},\"image\":{\"@id\":\"https:\/\/www.estrategiaconcursos.com.br\/blog\/#\/schema\/logo\/image\/\"},\"sameAs\":[\"https:\/\/x.com\/EstratConcursos\"]},{\"@type\":\"Person\",\"@id\":\"https:\/\/www.estrategiaconcursos.com.br\/blog\/#\/schema\/person\/70c2ad4297aa24ff8815b08215b23a76\",\"name\":\"Ronaldo Scanavini Neto\",\"image\":{\"@type\":\"ImageObject\",\"inLanguage\":\"pt-BR\",\"@id\":\"https:\/\/secure.gravatar.com\/avatar\/f93d8e56fe264596e94aee6b3feb737d98ad0fc5bac7eb0a245f04723c5c8f21?s=96&d=mm&r=g\",\"url\":\"https:\/\/secure.gravatar.com\/avatar\/f93d8e56fe264596e94aee6b3feb737d98ad0fc5bac7eb0a245f04723c5c8f21?s=96&d=mm&r=g\",\"contentUrl\":\"https:\/\/secure.gravatar.com\/avatar\/f93d8e56fe264596e94aee6b3feb737d98ad0fc5bac7eb0a245f04723c5c8f21?s=96&d=mm&r=g\",\"caption\":\"Ronaldo Scanavini Neto\"},\"description\":\"Graduando em Comunica\u00e7\u00e3o Social \u2013 Jornalismo pela Universidade Federal de Vi\u00e7osa (UFV). Integra a equipe de jornalismo do Estrat\u00e9gia Concursos desde 2023, atuando com \u00eanfase na cobertura da \u00e1rea fiscal. Tamb\u00e9m realiza a apura\u00e7\u00e3o e produ\u00e7\u00e3o de not\u00edcias sobre concursos federais, \u00f3rg\u00e3os participantes do CNU e das \u00e1reas de controle, gest\u00e3o, engenharia, Exame CFC, comunica\u00e7\u00e3o social TI e \u00e1rea de concursos administrativos.\",\"url\":\"https:\/\/www.estrategiaconcursos.com.br\/blog\/author\/ronaldo-netoestrategia-com\/\"}]}<\/script>\n<!-- \/ Yoast SEO Premium plugin. -->","yoast_head_json":{"title":"Concursos P\u00fablicos: 24 editais esta semana; 7,8 mil vagas!","description":"Concurso P\u00fablico 2026: 24 editais sa\u00edram ao longo desta semana (05 a 09\/01). Confira o n\u00famero de oportunidades, remunera\u00e7\u00e3o e datas","robots":{"index":"index","follow":"follow","max-snippet":"max-snippet:-1","max-image-preview":"max-image-preview:large","max-video-preview":"max-video-preview:-1"},"canonical":"https:\/\/www.estrategiaconcursos.com.br\/blog\/concurso-editais-semana-05-09-01\/","og_locale":"pt_BR","og_type":"article","og_title":"Concursos P\u00fablicos: 24 editais esta semana; 7,8 mil vagas!","og_description":"Concurso P\u00fablico 2026: 24 editais sa\u00edram ao longo desta semana (05 a 09\/01). Confira o n\u00famero de oportunidades, remunera\u00e7\u00e3o e datas","og_url":"https:\/\/www.estrategiaconcursos.com.br\/blog\/concurso-editais-semana-05-09-01\/","og_site_name":"Estrat\u00e9gia Concursos","article_published_time":"2026-01-09T21:00:00+00:00","article_modified_time":"2026-01-12T16:12:20+00:00","og_image":[{"width":768,"height":432,"url":"https:\/\/dhg1h5j42swfq.cloudfront.net\/2025\/05\/05161312\/concursos-2026.jpg","type":"image\/jpeg"}],"author":"Ronaldo Scanavini Neto","twitter_card":"summary_large_image","twitter_creator":"@EstratConcursos","twitter_site":"@EstratConcursos","twitter_misc":{"Escrito por":"Ronaldo Scanavini Neto","Est. tempo de leitura":"4 minutos"},"schema":{"@context":"https:\/\/schema.org","@graph":[{"@type":"NewsArticle","@id":"https:\/\/www.estrategiaconcursos.com.br\/blog\/concurso-editais-semana-05-09-01\/#article","isPartOf":{"@id":"https:\/\/www.estrategiaconcursos.com.br\/blog\/concurso-editais-semana-05-09-01\/"},"author":{"name":"Ronaldo Scanavini Neto","@id":"https:\/\/www.estrategiaconcursos.com.br\/blog\/#\/schema\/person\/70c2ad4297aa24ff8815b08215b23a76"},"headline":"Concursos P\u00fablicos: 24 editais esta semana; 7,8 mil vagas!","datePublished":"2026-01-09T21:00:00+00:00","dateModified":"2026-01-12T16:12:20+00:00","mainEntityOfPage":{"@id":"https:\/\/www.estrategiaconcursos.com.br\/blog\/concurso-editais-semana-05-09-01\/"},"wordCount":832,"commentCount":0,"publisher":{"@id":"https:\/\/www.estrategiaconcursos.com.br\/blog\/#organization"},"image":{"@id":"https:\/\/www.estrategiaconcursos.com.br\/blog\/concurso-editais-semana-05-09-01\/#primaryimage"},"thumbnailUrl":"https:\/\/dhg1h5j42swfq.cloudfront.net\/2025\/05\/05161312\/concursos-2026.jpg","articleSection":["Concursos P\u00fablicos","Executivo (Administrativa)","\u00daltimas not\u00edcias"],"inLanguage":"pt-BR","potentialAction":[{"@type":"CommentAction","name":"Comment","target":["https:\/\/www.estrategiaconcursos.com.br\/blog\/concurso-editais-semana-05-09-01\/#respond"]}],"copyrightYear":"2026","copyrightHolder":{"@id":"https:\/\/www.estrategiaconcursos.com.br\/blog\/#organization"}},{"@type":"WebPage","@id":"https:\/\/www.estrategiaconcursos.com.br\/blog\/concurso-editais-semana-05-09-01\/","url":"https:\/\/www.estrategiaconcursos.com.br\/blog\/concurso-editais-semana-05-09-01\/","name":"Concursos P\u00fablicos: 24 editais esta semana; 7,8 mil vagas!","isPartOf":{"@id":"https:\/\/www.estrategiaconcursos.com.br\/blog\/#website"},"primaryImageOfPage":{"@id":"https:\/\/www.estrategiaconcursos.com.br\/blog\/concurso-editais-semana-05-09-01\/#primaryimage"},"image":{"@id":"https:\/\/www.estrategiaconcursos.com.br\/blog\/concurso-editais-semana-05-09-01\/#primaryimage"},"thumbnailUrl":"https:\/\/dhg1h5j42swfq.cloudfront.net\/2025\/05\/05161312\/concursos-2026.jpg","datePublished":"2026-01-09T21:00:00+00:00","dateModified":"2026-01-12T16:12:20+00:00","description":"Concurso P\u00fablico 2026: 24 editais sa\u00edram ao longo desta semana (05 a 09\/01). Confira o n\u00famero de oportunidades, remunera\u00e7\u00e3o e datas","breadcrumb":{"@id":"https:\/\/www.estrategiaconcursos.com.br\/blog\/concurso-editais-semana-05-09-01\/#breadcrumb"},"inLanguage":"pt-BR","potentialAction":[{"@type":"ReadAction","target":["https:\/\/www.estrategiaconcursos.com.br\/blog\/concurso-editais-semana-05-09-01\/"]}]},{"@type":"ImageObject","inLanguage":"pt-BR","@id":"https:\/\/www.estrategiaconcursos.com.br\/blog\/concurso-editais-semana-05-09-01\/#primaryimage","url":"https:\/\/dhg1h5j42swfq.cloudfront.net\/2025\/05\/05161312\/concursos-2026.jpg","contentUrl":"https:\/\/dhg1h5j42swfq.cloudfront.net\/2025\/05\/05161312\/concursos-2026.jpg","width":768,"height":432,"caption":"Concursos P\u00fablicos"},{"@type":"BreadcrumbList","@id":"https:\/\/www.estrategiaconcursos.com.br\/blog\/concurso-editais-semana-05-09-01\/#breadcrumb","itemListElement":[{"@type":"ListItem","position":1,"name":"In\u00edcio","item":"https:\/\/www.estrategiaconcursos.com.br\/blog\/"},{"@type":"ListItem","position":2,"name":"Concursos P\u00fablicos: 24 editais esta semana; 7,8 mil vagas!"}]},{"@type":"WebSite","@id":"https:\/\/www.estrategiaconcursos.com.br\/blog\/#website","url":"https:\/\/www.estrategiaconcursos.com.br\/blog\/","name":"Estrat\u00e9gia Concursos","description":"O blog da Estrat\u00e9gia Concursos traz not\u00edcias sobre concursos e artigos de professores oferecendo cursos para concursos (pdf + videaulas) no site.","publisher":{"@id":"https:\/\/www.estrategiaconcursos.com.br\/blog\/#organization"},"potentialAction":[{"@type":"SearchAction","target":{"@type":"EntryPoint","urlTemplate":"https:\/\/www.estrategiaconcursos.com.br\/blog\/?s={search_term_string}"},"query-input":{"@type":"PropertyValueSpecification","valueRequired":true,"valueName":"search_term_string"}}],"inLanguage":"pt-BR"},{"@type":"Organization","@id":"https:\/\/www.estrategiaconcursos.com.br\/blog\/#organization","name":"Estrat\u00e9gia Concursos","url":"https:\/\/www.estrategiaconcursos.com.br\/blog\/","logo":{"@type":"ImageObject","inLanguage":"pt-BR","@id":"https:\/\/www.estrategiaconcursos.com.br\/blog\/#\/schema\/logo\/image\/","url":"https:\/\/dhg1h5j42swfq.cloudfront.net\/2025\/06\/03203428\/logo_concursos-1.jpg","contentUrl":"https:\/\/dhg1h5j42swfq.cloudfront.net\/2025\/06\/03203428\/logo_concursos-1.jpg","width":230,"height":60,"caption":"Estrat\u00e9gia Concursos"},"image":{"@id":"https:\/\/www.estrategiaconcursos.com.br\/blog\/#\/schema\/logo\/image\/"},"sameAs":["https:\/\/x.com\/EstratConcursos"]},{"@type":"Person","@id":"https:\/\/www.estrategiaconcursos.com.br\/blog\/#\/schema\/person\/70c2ad4297aa24ff8815b08215b23a76","name":"Ronaldo Scanavini Neto","image":{"@type":"ImageObject","inLanguage":"pt-BR","@id":"https:\/\/secure.gravatar.com\/avatar\/f93d8e56fe264596e94aee6b3feb737d98ad0fc5bac7eb0a245f04723c5c8f21?s=96&d=mm&r=g","url":"https:\/\/secure.gravatar.com\/avatar\/f93d8e56fe264596e94aee6b3feb737d98ad0fc5bac7eb0a245f04723c5c8f21?s=96&d=mm&r=g","contentUrl":"https:\/\/secure.gravatar.com\/avatar\/f93d8e56fe264596e94aee6b3feb737d98ad0fc5bac7eb0a245f04723c5c8f21?s=96&d=mm&r=g","caption":"Ronaldo Scanavini Neto"},"description":"Graduando em Comunica\u00e7\u00e3o Social \u2013 Jornalismo pela Universidade Federal de Vi\u00e7osa (UFV). Integra a equipe de jornalismo do Estrat\u00e9gia Concursos desde 2023, atuando com \u00eanfase na cobertura da \u00e1rea fiscal. Tamb\u00e9m realiza a apura\u00e7\u00e3o e produ\u00e7\u00e3o de not\u00edcias sobre concursos federais, \u00f3rg\u00e3os participantes do CNU e das \u00e1reas de controle, gest\u00e3o, engenharia, Exame CFC, comunica\u00e7\u00e3o social TI e \u00e1rea de concursos administrativos.","url":"https:\/\/www.estrategiaconcursos.com.br\/blog\/author\/ronaldo-netoestrategia-com\/"}]}},"_links":{"self":[{"href":"https:\/\/www.estrategiaconcursos.com.br\/blog\/wp-json\/wp\/v2\/posts\/1693444","targetHints":{"allow":["GET"]}}],"collection":[{"href":"https:\/\/www.estrategiaconcursos.com.br\/blog\/wp-json\/wp\/v2\/posts"}],"about":[{"href":"https:\/\/www.estrategiaconcursos.com.br\/blog\/wp-json\/wp\/v2\/types\/post"}],"author":[{"embeddable":true,"href":"https:\/\/www.estrategiaconcursos.com.br\/blog\/wp-json\/wp\/v2\/users\/2692"}],"replies":[{"embeddable":true,"href":"https:\/\/www.estrategiaconcursos.com.br\/blog\/wp-json\/wp\/v2\/comments?post=1693444"}],"version-history":[{"count":11,"href":"https:\/\/www.estrategiaconcursos.com.br\/blog\/wp-json\/wp\/v2\/posts\/1693444\/revisions"}],"predecessor-version":[{"id":1696899,"href":"https:\/\/www.estrategiaconcursos.com.br\/blog\/wp-json\/wp\/v2\/posts\/1693444\/revisions\/1696899"}],"wp:featuredmedia":[{"embeddable":true,"href":"https:\/\/www.estrategiaconcursos.com.br\/blog\/wp-json\/wp\/v2\/media\/1571644"}],"wp:attachment":[{"href":"https:\/\/www.estrategiaconcursos.com.br\/blog\/wp-json\/wp\/v2\/media?parent=1693444"}],"wp:term":[{"taxonomy":"category","embeddable":true,"href":"https:\/\/www.estrategiaconcursos.com.br\/blog\/wp-json\/wp\/v2\/categories?post=1693444"},{"taxonomy":"post_tag","embeddable":true,"href":"https:\/\/www.estrategiaconcursos.com.br\/blog\/wp-json\/wp\/v2\/tags?post=1693444"},{"taxonomy":"tax_estado","embeddable":true,"href":"https:\/\/www.estrategiaconcursos.com.br\/blog\/wp-json\/wp\/v2\/tax_estado?post=1693444"}],"curies":[{"name":"wp","href":"https:\/\/api.w.org\/{rel}","templated":true}]}}