{"id":169310,"date":"2019-09-02T22:00:27","date_gmt":"2019-09-03T01:00:27","guid":{"rendered":"https:\/\/www.estrategiaconcursos.com.br\/blog\/?p=169310"},"modified":"2023-10-13T17:30:12","modified_gmt":"2023-10-13T20:30:12","slug":"edital-pcdf-analise-estrategica-para-a-reta-final","status":"publish","type":"post","link":"https:\/\/www.estrategiaconcursos.com.br\/blog\/edital-pcdf-analise-estrategica-para-a-reta-final\/","title":{"rendered":"Edital PCDF: An\u00e1lise Estrat\u00e9gica para a Reta Final"},"content":{"rendered":"\n<p style=\"font-size:clamp(16.293px, 1.018rem + ((1vw - 3.2px) * 0.854), 25px);px\"><em>Edital PCDF se aproxima! Est\u00e1 preparado?<\/em><\/p>\n\n\n\n<div class=\"wp-block-file\"><a id=\"wp-block-file--media-0d239a2c-c516-4d09-94b4-ae1a4a1f2965\" href=\"https:\/\/dhg1h5j42swfq.cloudfront.net\/2019\/03\/09132752\/edital-concurso-PCDF-escriva%CC%83o.pdf\">Edital-PCDF-Escriva\u0303o 2013 &#8211; BAIXAR<\/a><\/div>\n\n\n\n<div class=\"wp-block-file\"><a id=\"wp-block-file--media-0c6e97a9-08b8-4c9a-bdaf-4bd4fee83b00\" href=\"https:\/\/dhg1h5j42swfq.cloudfront.net\/2019\/03\/09132538\/edital-concurso-PCDF-agente.pdf\">Edital-PCDF-Agente 2013 &#8211; BAIXAR<\/a><\/div>\n\n\n\n<p>Ol\u00e1, pessoal! Tudo bem?<\/p>\n\n\n\n<p>Aqui \u00e9 o Ricardo Vale, professor e coordenador\ndo Estrat\u00e9gia Concursos.<\/p>\n\n\n\n<p>Neste artigo, gostaria de conversar com\nvoc\u00ea sobre aquele que ser\u00e1 o <strong><em>maior concurso da \u00c1rea Policial em 2019<\/em><\/strong>.\nA expectativa pelo <strong><em>edital PCDF<\/em><\/strong> \u00e9 t\u00e3o grande que at\u00e9 j\u00e1 circulou pela <em>Internet <\/em>uma <em>Fake News<\/em> (rs) que apontava o CESPE como banca examinadora do\nconcurso, por dispensa de licita\u00e7\u00e3o. <\/p>\n\n\n\n<p>Mas vamos ao que interessa&#8230;<\/p>\n\n\n\n<p>O concurso PCDF j\u00e1 est\u00e1 autorizado, para os cargos de Escriv\u00e3o e Agente. No total, <strong>ser\u00e3o 2100 vagas<\/strong>: 1800 vagas para Agente (600 para provimento imediato e 1200 no cadastro de reserva) e 300 vagas para Escriv\u00e3o. <\/p>\n\n\n\n<p>\u00c9 uma quantidade enorme de vagas e, se voc\u00ea pretende que uma delas seja sua, \u00e9 importante come\u00e7ar sua prepara\u00e7\u00e3o o quanto antes. Para lhe ajudar nesse caminho, pretendo abordar os seguintes assuntos nesse artigo:<\/p>\n\n\n\n<ul class=\"wp-block-list\">\n<li><strong>1) O que esperar do edital PCDF?<\/strong><\/li>\n\n\n\n<li><strong>2) Como foi o \u00faltimo concurso?<\/strong><\/li>\n\n\n\n<li><strong>3) O que priorizar no estudo para o edital PCDF? Come\u00e7ando do zero, tenho chances de ser aprovado na PC-DF?<\/strong><\/li>\n\n\n\n<li><strong>4) Como estudar nessa reta final para a PCDF?<\/strong><\/li>\n\n\n\n<li><strong>5) \u00c9 poss\u00edvel conciliar o estudo para a PCDF com o estudo para outros concursos da \u00c1rea Policial?<\/strong><\/li>\n<\/ul>\n\n\n\n<p>Vamos em frente, pois h\u00e1 muito conte\u00fado relevante para comentarmos acerca do edital PCDF! <\/p>\n\n\n\n<h2 class=\"wp-block-heading\" id=\"h-1-o-que-esperar-do-edital-pcdf\"><strong>1) O que esperar do edital PCDF? <\/strong><\/h2>\n\n\n\n<p>Os concursos da \u00c1rea Policial est\u00e3o muito\nconcorridos, o que \u00e9 f\u00e1cil perceber se voc\u00ea examinar a evolu\u00e7\u00e3o das notas de\ncorte dos concursos da Pol\u00edcia Federal (PF) e Pol\u00edcia Rodovi\u00e1ria Federal (PRF).\n<\/p>\n\n\n\n<p>Em 2013, por exemplo, a nota de corte\ndo concurso da PRF girou em torno de 52,5% do total de pontos. Em 2019, na\nprova da PRF, o \u00faltimo aprovado para Rond\u00f4nia ficou com 90 pontos na prova\nobjetiva, o que equivale a uma pontua\u00e7\u00e3o de 75% do total. <\/p>\n\n\n\n<p>Para a prova da PC-DF, minha\nexpectativa \u00e9 semelhante. A <strong><em>nota de corte dever\u00e1 ser elevada<\/em><\/strong>,\nainda que tenhamos uma prova mais dif\u00edcil. O edital PCDF ser\u00e1 um desafio. Teremos\ncandidatos muito bem preparados fazendo essa prova. Ser\u00e1 uma briga de gigantes!\n<\/p>\n\n\n\n<p>Eu acredito que o edital PCDF dever\u00e1 trazer o CESPE como banca examinadora. Mas isso \u00e9 chute! Caso essa informa\u00e7\u00e3o se confirme, creio que ser\u00e1 bem positivo, pois <strong><em>o CESPE \u00e9 uma banca bem conhecida<\/em><\/strong> dos concurseiros da \u00c1rea Policial. Muitos alunos que estudaram para a PF\/PRF j\u00e1 sabem muito bem o que esperar. <\/p>\n\n\n\n<h2 class=\"wp-block-heading\" id=\"h-2-como-foi-o-ultimo-concurso-pcdf\"><strong>2) Como foi o \u00faltimo concurso PCDF? <\/strong><\/h2>\n\n\n\n<p>O \u00faltimo edital PCDF \u00e9 de 2013, tendo\nofertado 300 vagas para Agente e 98 para Escriv\u00e3o. <\/p>\n\n\n\n<p>Para os dois cargos, foram <strong>120 pontos na prova objetiva<\/strong> e <strong>40 pontos na prova discursiva<\/strong>. Vejamos a divis\u00e3o das disciplinas!<\/p>\n\n\n\n<h3 class=\"wp-block-heading\" id=\"h-2-1-prova-agente-pcdf\">2.1) <strong>Prova Agente PCDF<\/strong><\/h3>\n\n\n\n<figure class=\"wp-block-image\"><img decoding=\"async\" src=\"https:\/\/dhg1h5j42swfq.cloudfront.net\/2019\/03\/06230245\/Captura-de-Tela-2019-03-06-a%CC%80s-23.02.12.png\" alt=\"\" class=\"wp-image-169312\"\/><figcaption class=\"wp-element-caption\">N\u00famero de quest\u00f5es por mat\u00e9ria na prova de Agente PCDF<\/figcaption><\/figure>\n\n\n\n<p>Na prova discursiva de Agente PCDF, foi cobrado o tema <strong><em>\u201cO cerco \u00e0s armas como estrat\u00e9gia de combate \u00e0 viol\u00eancia\u201d<\/em><\/strong>. O candidato precisava discorrer sobre a pol\u00edtica de desarmamento, que \u00e9 um tema bastante pol\u00eamico. <\/p>\n\n\n\n<h3 class=\"wp-block-heading\" id=\"h-2-2-prova-escrivao-pcdf\"><strong>2.2) Prova Escriv\u00e3o PCDF<\/strong><\/h3>\n\n\n\n<figure class=\"wp-block-image\"><img decoding=\"async\" src=\"https:\/\/dhg1h5j42swfq.cloudfront.net\/2019\/03\/06230415\/Captura-de-Tela-2019-03-06-a%CC%80s-23.03.50.png\" alt=\"\" class=\"wp-image-169313\"\/><figcaption class=\"wp-element-caption\">N\u00famero de quest\u00f5es por mat\u00e9ria na prova de Escriv\u00e3o PCDF<\/figcaption><\/figure>\n\n\n\n<p>Na prova discursiva de Escriv\u00e3o PCDF,\nera apresentada uma situa\u00e7\u00e3o hipot\u00e9tica, questionando-se o aluno sobre: i) o \u201c<strong><em>furto\nprivilegiado<\/em><\/strong>\u201d e o \u201c<strong><em>furto de bagatela<\/em><\/strong>\u201d; ii) pris\u00e3o em <strong><em>flagrante\ndelito<\/em><\/strong> e; iii) exclus\u00e3o da tipicidade. <\/p>\n\n\n\n<p>N\u00e3o se assuste com esses termos. Tenho convic\u00e7\u00e3o de que, ap\u00f3s estudar com o Prof. Renan Ara\u00fajo, voc\u00ea entender\u00e1 todos eles, com facilidade. <\/p>\n\n\n\n<h2 class=\"wp-block-heading\" id=\"h-3-o-que-priorizar-no-estudo-para-o-edital-pcdf-comecando-do-zero-tenho-chances-de-ser-aprovado-na-pc-df\"><strong>3) O que priorizar no estudo para o edital PCDF? Come\u00e7ando do zero, tenho chances de ser aprovado na PC-DF?<\/strong><\/h2>\n\n\n\n<p>Come\u00e7ar do zero n\u00e3o \u00e9 a situa\u00e7\u00e3o\nideal. H\u00e1 candidatos que j\u00e1 v\u00eam estudando para outros concursos h\u00e1 bastante\ntempo. Fizeram as provas da PF e da PRF. Est\u00e3o numa batida forte. <\/p>\n\n\n\n<p>Entretanto, <strong><em>a \u00c1rea Policial \u00e9 bem diferente de\noutras \u00e1reas de concurso<\/em><\/strong>. Na \u00c1rea Policial, as quest\u00f5es n\u00e3o costumam\nser t\u00e3o complexas como as que voc\u00ea encontra em concursos da \u00c1rea Fiscal e de Tribunais.\nConhe\u00e7o alunos que estudaram entre 4 e 6 meses e foram aprovados na PF e na\nPRF. N\u00e3o \u00e9 imposs\u00edvel. S\u00e3o muitas as hist\u00f3rias assim. <\/p>\n\n\n\n<p>Claro que come\u00e7ar do zero agora n\u00e3o \u00e9\no ideal. O edital PCDF est\u00e1 em vias de ser publicado. Logo, o seu tempo de\nprepara\u00e7\u00e3o n\u00e3o \u00e9 t\u00e3o grande assim. Mas n\u00e3o precisa desanimar por isso. Com um\nbom planejamento, voc\u00ea compensar\u00e1 o tempo perdido. <\/p>\n\n\n\n<p>\u00c9 preciso que voc\u00ea saiba priorizar os assuntos dentro de cada disciplina. Assim que for publicado o edital PCDF, n\u00f3s lan\u00e7aremos a <strong><em>Trilha Estrat\u00e9gica PC-DF (P\u00f3s-Edital)<\/em><\/strong>, que ir\u00e1 te indicar, tarefa a tarefa, o que voc\u00ea precisar\u00e1 estudar na reta final. Na Trilha Estrat\u00e9gica PC-DF (P\u00f3s-Edital), iremos tra\u00e7ar o caminho que tem o melhor custo-benef\u00edcio pra voc\u00ea, otimizando ao m\u00e1ximo o seu tempo. <\/p>\n\n\n\n<h2 class=\"wp-block-heading\" id=\"h-4-como-estudar-nessa-reta-final-para-o-edital-pcdf\"><strong>4) Como estudar nessa reta final para o edital PCDF?<\/strong><\/h2>\n\n\n\n<p>Para o aluno avan\u00e7ado, eu recomendo\nque utilize a reta final para focar no seguinte:<\/p>\n\n\n\n<ul class=\"wp-block-list\">\n<li><strong>a)<\/strong> Resolu\u00e7\u00e3o de quest\u00f5es por assunto.<\/li>\n\n\n\n<li><strong>b) <\/strong>Resolu\u00e7\u00e3o de Simulados<\/li>\n\n\n\n<li><strong>c) <\/strong>Leitura \/ Memoriza\u00e7\u00e3o da lei seca. <\/li>\n<\/ul>\n\n\n\n<p>Ao resolver quest\u00f5es, o aluno avan\u00e7ado dever\u00e1 <strong><em>prestar bastante aten\u00e7\u00e3o aos seus erros<\/em><\/strong>. Sempre que errar uma quest\u00e3o, dever\u00e1 voltar \u00e0 leitura dos PDFs e se aprofundar naquele t\u00f3pico. \u00c9 preciso, afinal, levar aquele conte\u00fado para a sua mem\u00f3ria de longo prazo.<\/p>\n\n\n\n<h2 class=\"wp-block-heading\" id=\"h-5-e-possivel-conciliar-o-estudo-para-a-pcdf-com-o-estudo-para-outros-concursos-da-area-policial\"><strong>5) \u00c9 poss\u00edvel conciliar o estudo para a PCDF com o estudo para outros concursos da \u00c1rea Policial? <\/strong><\/h2>\n\n\n\n<p>\u00c9 plenamente poss\u00edvel estudar para o\nedital PCDF e, ao mesmo tempo, se preparar para outros concursos da \u00c1rea\nPolicial. <\/p>\n\n\n\n<p>Existe, afinal, uma enorme\nsimilaridade no conte\u00fado cobrado nos diversos concursos da \u00c1rea Policial. Ao se\npreparar para o edital PCDF, voc\u00ea estar\u00e1, de certo modo, tamb\u00e9m estudando para\nos pr\u00f3ximos concursos PF\/PRF, que dever\u00e3o, na minha opini\u00e3o, acontecer em 2020.<\/p>\n\n\n\n<p>Assim, na pior das hip\u00f3teses, se voc\u00ea n\u00e3o for aprovado na PCDF, j\u00e1 estar\u00e1 em condi\u00e7\u00f5es excelentes para enfrentar os pr\u00f3ximos concursos da PF\/PRF. Conte conosco nessa jornada!<\/p>\n\n\n\n<p>&#8230;<\/p>\n\n\n\n<p>Agora que j\u00e1 respondemos todos os questionamentos em torno do edital do <a href=\"https:\/\/www.estrategiaconcursos.com.br\/blog\/concurso-pcdf\/\" target=\"_blank\" rel=\"noreferrer noopener\">concurso PCDF<\/a>, <strong><em>gostaria de te perguntar quais d\u00favidas voc\u00ea tem sobre esse concurso<\/em><\/strong>. <strong><em>Deixe abaixo um coment\u00e1rio<\/em><\/strong>. Quero muito saber o que voc\u00ea pensa!  <\/p>\n\n\n\n<p>Grande abra\u00e7o e bons estudos!<\/p>\n\n\n\n<p>Ricardo Vale<\/p>\n\n\n\n<p><strong><em>&#8220;O segredo do sucesso \u00e9 a const\u00e2ncia no objetivo&#8221;<\/em><\/strong><\/p>\n\n\n\n<p><strong>Instagram<\/strong>: <a href=\"https:\/\/www.instagram.com\/profricardovale\/\" target=\"_blank\" rel=\"noreferrer noopener\">@profricardovale<\/a><\/p>\n","protected":false},"excerpt":{"rendered":"<p>Edital PCDF se aproxima! Est\u00e1 preparado? Ol\u00e1, pessoal! Tudo bem? Aqui \u00e9 o Ricardo Vale, professor e coordenador do Estrat\u00e9gia Concursos. Neste artigo, gostaria de conversar com voc\u00ea sobre aquele que ser\u00e1 o maior concurso da \u00c1rea Policial em 2019. A expectativa pelo edital PCDF \u00e9 t\u00e3o grande que at\u00e9 j\u00e1 circulou pela Internet uma [&hellip;]<\/p>\n","protected":false},"author":26,"featured_media":0,"comment_status":"open","ping_status":"closed","sticky":false,"template":"","format":"standard","meta":{"post_tipo":"article","footnotes":""},"categories":[1],"tags":[],"tax_estado":[],"class_list":["post-169310","post","type-post","status-publish","format-standard","hentry","category-cursos-e-concursos"],"acf":[],"yoast_head":"<!-- This site is optimized with the Yoast SEO Premium plugin v27.2 (Yoast SEO v27.2) - https:\/\/yoast.com\/product\/yoast-seo-premium-wordpress\/ -->\n<title>Edital PCDF: An\u00e1lise Estrat\u00e9gica para a Reta Final - Dicas e B\u00f4nus Gratuitos!<\/title>\n<meta name=\"description\" content=\"O Prof. Ricardo Vale faz uma An\u00e1lise Detalhada do edital PCDF. Aproveite e baixe GRATUITAMENTE o Vade Mecum PCDF, totalmente focado na sua prova.\" \/>\n<meta name=\"robots\" content=\"index, follow, max-snippet:-1, max-image-preview:large, max-video-preview:-1\" \/>\n<link rel=\"canonical\" href=\"https:\/\/www.estrategiaconcursos.com.br\/blog\/edital-pcdf-analise-estrategica-para-a-reta-final\/\" \/>\n<meta property=\"og:locale\" content=\"pt_BR\" \/>\n<meta property=\"og:type\" content=\"article\" \/>\n<meta property=\"og:title\" content=\"Edital PCDF: An\u00e1lise Estrat\u00e9gica para a Reta Final\" \/>\n<meta property=\"og:description\" content=\"O Prof. Ricardo Vale faz uma An\u00e1lise Detalhada do edital PCDF. Aproveite e baixe GRATUITAMENTE o Vade Mecum PCDF, totalmente focado na sua prova.\" \/>\n<meta property=\"og:url\" content=\"https:\/\/www.estrategiaconcursos.com.br\/blog\/edital-pcdf-analise-estrategica-para-a-reta-final\/\" \/>\n<meta property=\"og:site_name\" content=\"Estrat\u00e9gia Concursos\" \/>\n<meta property=\"article:author\" content=\"https:\/\/www.facebook.com\/rvale01\" \/>\n<meta property=\"article:published_time\" content=\"2019-09-03T01:00:27+00:00\" \/>\n<meta property=\"article:modified_time\" content=\"2023-10-13T20:30:12+00:00\" \/>\n<meta name=\"author\" content=\"Ricardo Vale\" \/>\n<meta name=\"twitter:card\" content=\"summary_large_image\" \/>\n<meta name=\"twitter:creator\" content=\"@https:\/\/twitter.com\/EstratConcursos\" \/>\n<meta name=\"twitter:site\" content=\"@EstratConcursos\" \/>\n<meta name=\"twitter:label1\" content=\"Escrito por\" \/>\n\t<meta name=\"twitter:data1\" content=\"Ricardo Vale\" \/>\n\t<meta name=\"twitter:label2\" content=\"Est. tempo de leitura\" \/>\n\t<meta name=\"twitter:data2\" content=\"5 minutos\" \/>\n<script type=\"application\/ld+json\" class=\"yoast-schema-graph\">{\"@context\":\"https:\/\/schema.org\",\"@graph\":[{\"@type\":\"NewsArticle\",\"@id\":\"https:\/\/www.estrategiaconcursos.com.br\/blog\/edital-pcdf-analise-estrategica-para-a-reta-final\/#article\",\"isPartOf\":{\"@id\":\"https:\/\/www.estrategiaconcursos.com.br\/blog\/edital-pcdf-analise-estrategica-para-a-reta-final\/\"},\"author\":{\"name\":\"Ricardo Vale\",\"@id\":\"https:\/\/www.estrategiaconcursos.com.br\/blog\/#\/schema\/person\/c32e47dba2159cafe7796a9569a6ff7e\"},\"headline\":\"Edital PCDF: An\u00e1lise Estrat\u00e9gica para a Reta Final\",\"datePublished\":\"2019-09-03T01:00:27+00:00\",\"dateModified\":\"2023-10-13T20:30:12+00:00\",\"mainEntityOfPage\":{\"@id\":\"https:\/\/www.estrategiaconcursos.com.br\/blog\/edital-pcdf-analise-estrategica-para-a-reta-final\/\"},\"wordCount\":1102,\"commentCount\":11,\"publisher\":{\"@id\":\"https:\/\/www.estrategiaconcursos.com.br\/blog\/#organization\"},\"articleSection\":[\"Concursos P\u00fablicos\"],\"inLanguage\":\"pt-BR\",\"potentialAction\":[{\"@type\":\"CommentAction\",\"name\":\"Comment\",\"target\":[\"https:\/\/www.estrategiaconcursos.com.br\/blog\/edital-pcdf-analise-estrategica-para-a-reta-final\/#respond\"]}],\"copyrightYear\":\"2019\",\"copyrightHolder\":{\"@id\":\"https:\/\/www.estrategiaconcursos.com.br\/blog\/#organization\"}},{\"@type\":\"WebPage\",\"@id\":\"https:\/\/www.estrategiaconcursos.com.br\/blog\/edital-pcdf-analise-estrategica-para-a-reta-final\/\",\"url\":\"https:\/\/www.estrategiaconcursos.com.br\/blog\/edital-pcdf-analise-estrategica-para-a-reta-final\/\",\"name\":\"Edital PCDF: An\u00e1lise Estrat\u00e9gica para a Reta Final - Dicas e B\u00f4nus Gratuitos!\",\"isPartOf\":{\"@id\":\"https:\/\/www.estrategiaconcursos.com.br\/blog\/#website\"},\"datePublished\":\"2019-09-03T01:00:27+00:00\",\"dateModified\":\"2023-10-13T20:30:12+00:00\",\"description\":\"O Prof. Ricardo Vale faz uma An\u00e1lise Detalhada do edital PCDF. Aproveite e baixe GRATUITAMENTE o Vade Mecum PCDF, totalmente focado na sua prova.\",\"breadcrumb\":{\"@id\":\"https:\/\/www.estrategiaconcursos.com.br\/blog\/edital-pcdf-analise-estrategica-para-a-reta-final\/#breadcrumb\"},\"inLanguage\":\"pt-BR\",\"potentialAction\":[{\"@type\":\"ReadAction\",\"target\":[\"https:\/\/www.estrategiaconcursos.com.br\/blog\/edital-pcdf-analise-estrategica-para-a-reta-final\/\"]}]},{\"@type\":\"BreadcrumbList\",\"@id\":\"https:\/\/www.estrategiaconcursos.com.br\/blog\/edital-pcdf-analise-estrategica-para-a-reta-final\/#breadcrumb\",\"itemListElement\":[{\"@type\":\"ListItem\",\"position\":1,\"name\":\"In\u00edcio\",\"item\":\"https:\/\/www.estrategiaconcursos.com.br\/blog\/\"},{\"@type\":\"ListItem\",\"position\":2,\"name\":\"Edital PCDF: An\u00e1lise Estrat\u00e9gica para a Reta Final\"}]},{\"@type\":\"WebSite\",\"@id\":\"https:\/\/www.estrategiaconcursos.com.br\/blog\/#website\",\"url\":\"https:\/\/www.estrategiaconcursos.com.br\/blog\/\",\"name\":\"Estrat\u00e9gia Concursos\",\"description\":\"O blog da Estrat\u00e9gia Concursos traz not\u00edcias sobre concursos e artigos de professores oferecendo cursos para concursos (pdf + videaulas) no site.\",\"publisher\":{\"@id\":\"https:\/\/www.estrategiaconcursos.com.br\/blog\/#organization\"},\"potentialAction\":[{\"@type\":\"SearchAction\",\"target\":{\"@type\":\"EntryPoint\",\"urlTemplate\":\"https:\/\/www.estrategiaconcursos.com.br\/blog\/?s={search_term_string}\"},\"query-input\":{\"@type\":\"PropertyValueSpecification\",\"valueRequired\":true,\"valueName\":\"search_term_string\"}}],\"inLanguage\":\"pt-BR\"},{\"@type\":\"Organization\",\"@id\":\"https:\/\/www.estrategiaconcursos.com.br\/blog\/#organization\",\"name\":\"Estrat\u00e9gia Concursos\",\"url\":\"https:\/\/www.estrategiaconcursos.com.br\/blog\/\",\"logo\":{\"@type\":\"ImageObject\",\"inLanguage\":\"pt-BR\",\"@id\":\"https:\/\/www.estrategiaconcursos.com.br\/blog\/#\/schema\/logo\/image\/\",\"url\":\"https:\/\/dhg1h5j42swfq.cloudfront.net\/2025\/06\/03203428\/logo_concursos-1.jpg\",\"contentUrl\":\"https:\/\/dhg1h5j42swfq.cloudfront.net\/2025\/06\/03203428\/logo_concursos-1.jpg\",\"width\":230,\"height\":60,\"caption\":\"Estrat\u00e9gia Concursos\"},\"image\":{\"@id\":\"https:\/\/www.estrategiaconcursos.com.br\/blog\/#\/schema\/logo\/image\/\"},\"sameAs\":[\"https:\/\/x.com\/EstratConcursos\"]},{\"@type\":\"Person\",\"@id\":\"https:\/\/www.estrategiaconcursos.com.br\/blog\/#\/schema\/person\/c32e47dba2159cafe7796a9569a6ff7e\",\"name\":\"Ricardo Vale\",\"image\":{\"@type\":\"ImageObject\",\"inLanguage\":\"pt-BR\",\"@id\":\"https:\/\/secure.gravatar.com\/avatar\/e5a5658c798bb49dd53314263f59f38c192d73370fb65839a372c2ae9027be74?s=96&d=mm&r=g\",\"url\":\"https:\/\/secure.gravatar.com\/avatar\/e5a5658c798bb49dd53314263f59f38c192d73370fb65839a372c2ae9027be74?s=96&d=mm&r=g\",\"contentUrl\":\"https:\/\/secure.gravatar.com\/avatar\/e5a5658c798bb49dd53314263f59f38c192d73370fb65839a372c2ae9027be74?s=96&d=mm&r=g\",\"caption\":\"Ricardo Vale\"},\"sameAs\":[\"https:\/\/www.facebook.com\/rvale01\",\"https:\/\/x.com\/https:\/\/twitter.com\/EstratConcursos\"],\"url\":\"https:\/\/www.estrategiaconcursos.com.br\/blog\/author\/ricardovaleestrategiaconcursos-com-br\/\"}]}<\/script>\n<!-- \/ Yoast SEO Premium plugin. -->","yoast_head_json":{"title":"Edital PCDF: An\u00e1lise Estrat\u00e9gica para a Reta Final - Dicas e B\u00f4nus Gratuitos!","description":"O Prof. Ricardo Vale faz uma An\u00e1lise Detalhada do edital PCDF. Aproveite e baixe GRATUITAMENTE o Vade Mecum PCDF, totalmente focado na sua prova.","robots":{"index":"index","follow":"follow","max-snippet":"max-snippet:-1","max-image-preview":"max-image-preview:large","max-video-preview":"max-video-preview:-1"},"canonical":"https:\/\/www.estrategiaconcursos.com.br\/blog\/edital-pcdf-analise-estrategica-para-a-reta-final\/","og_locale":"pt_BR","og_type":"article","og_title":"Edital PCDF: An\u00e1lise Estrat\u00e9gica para a Reta Final","og_description":"O Prof. Ricardo Vale faz uma An\u00e1lise Detalhada do edital PCDF. Aproveite e baixe GRATUITAMENTE o Vade Mecum PCDF, totalmente focado na sua prova.","og_url":"https:\/\/www.estrategiaconcursos.com.br\/blog\/edital-pcdf-analise-estrategica-para-a-reta-final\/","og_site_name":"Estrat\u00e9gia Concursos","article_author":"https:\/\/www.facebook.com\/rvale01","article_published_time":"2019-09-03T01:00:27+00:00","article_modified_time":"2023-10-13T20:30:12+00:00","author":"Ricardo Vale","twitter_card":"summary_large_image","twitter_creator":"@https:\/\/twitter.com\/EstratConcursos","twitter_site":"@EstratConcursos","twitter_misc":{"Escrito por":"Ricardo Vale","Est. tempo de leitura":"5 minutos"},"schema":{"@context":"https:\/\/schema.org","@graph":[{"@type":"NewsArticle","@id":"https:\/\/www.estrategiaconcursos.com.br\/blog\/edital-pcdf-analise-estrategica-para-a-reta-final\/#article","isPartOf":{"@id":"https:\/\/www.estrategiaconcursos.com.br\/blog\/edital-pcdf-analise-estrategica-para-a-reta-final\/"},"author":{"name":"Ricardo Vale","@id":"https:\/\/www.estrategiaconcursos.com.br\/blog\/#\/schema\/person\/c32e47dba2159cafe7796a9569a6ff7e"},"headline":"Edital PCDF: An\u00e1lise Estrat\u00e9gica para a Reta Final","datePublished":"2019-09-03T01:00:27+00:00","dateModified":"2023-10-13T20:30:12+00:00","mainEntityOfPage":{"@id":"https:\/\/www.estrategiaconcursos.com.br\/blog\/edital-pcdf-analise-estrategica-para-a-reta-final\/"},"wordCount":1102,"commentCount":11,"publisher":{"@id":"https:\/\/www.estrategiaconcursos.com.br\/blog\/#organization"},"articleSection":["Concursos P\u00fablicos"],"inLanguage":"pt-BR","potentialAction":[{"@type":"CommentAction","name":"Comment","target":["https:\/\/www.estrategiaconcursos.com.br\/blog\/edital-pcdf-analise-estrategica-para-a-reta-final\/#respond"]}],"copyrightYear":"2019","copyrightHolder":{"@id":"https:\/\/www.estrategiaconcursos.com.br\/blog\/#organization"}},{"@type":"WebPage","@id":"https:\/\/www.estrategiaconcursos.com.br\/blog\/edital-pcdf-analise-estrategica-para-a-reta-final\/","url":"https:\/\/www.estrategiaconcursos.com.br\/blog\/edital-pcdf-analise-estrategica-para-a-reta-final\/","name":"Edital PCDF: An\u00e1lise Estrat\u00e9gica para a Reta Final - Dicas e B\u00f4nus Gratuitos!","isPartOf":{"@id":"https:\/\/www.estrategiaconcursos.com.br\/blog\/#website"},"datePublished":"2019-09-03T01:00:27+00:00","dateModified":"2023-10-13T20:30:12+00:00","description":"O Prof. Ricardo Vale faz uma An\u00e1lise Detalhada do edital PCDF. Aproveite e baixe GRATUITAMENTE o Vade Mecum PCDF, totalmente focado na sua prova.","breadcrumb":{"@id":"https:\/\/www.estrategiaconcursos.com.br\/blog\/edital-pcdf-analise-estrategica-para-a-reta-final\/#breadcrumb"},"inLanguage":"pt-BR","potentialAction":[{"@type":"ReadAction","target":["https:\/\/www.estrategiaconcursos.com.br\/blog\/edital-pcdf-analise-estrategica-para-a-reta-final\/"]}]},{"@type":"BreadcrumbList","@id":"https:\/\/www.estrategiaconcursos.com.br\/blog\/edital-pcdf-analise-estrategica-para-a-reta-final\/#breadcrumb","itemListElement":[{"@type":"ListItem","position":1,"name":"In\u00edcio","item":"https:\/\/www.estrategiaconcursos.com.br\/blog\/"},{"@type":"ListItem","position":2,"name":"Edital PCDF: An\u00e1lise Estrat\u00e9gica para a Reta Final"}]},{"@type":"WebSite","@id":"https:\/\/www.estrategiaconcursos.com.br\/blog\/#website","url":"https:\/\/www.estrategiaconcursos.com.br\/blog\/","name":"Estrat\u00e9gia Concursos","description":"O blog da Estrat\u00e9gia Concursos traz not\u00edcias sobre concursos e artigos de professores oferecendo cursos para concursos (pdf + videaulas) no site.","publisher":{"@id":"https:\/\/www.estrategiaconcursos.com.br\/blog\/#organization"},"potentialAction":[{"@type":"SearchAction","target":{"@type":"EntryPoint","urlTemplate":"https:\/\/www.estrategiaconcursos.com.br\/blog\/?s={search_term_string}"},"query-input":{"@type":"PropertyValueSpecification","valueRequired":true,"valueName":"search_term_string"}}],"inLanguage":"pt-BR"},{"@type":"Organization","@id":"https:\/\/www.estrategiaconcursos.com.br\/blog\/#organization","name":"Estrat\u00e9gia Concursos","url":"https:\/\/www.estrategiaconcursos.com.br\/blog\/","logo":{"@type":"ImageObject","inLanguage":"pt-BR","@id":"https:\/\/www.estrategiaconcursos.com.br\/blog\/#\/schema\/logo\/image\/","url":"https:\/\/dhg1h5j42swfq.cloudfront.net\/2025\/06\/03203428\/logo_concursos-1.jpg","contentUrl":"https:\/\/dhg1h5j42swfq.cloudfront.net\/2025\/06\/03203428\/logo_concursos-1.jpg","width":230,"height":60,"caption":"Estrat\u00e9gia Concursos"},"image":{"@id":"https:\/\/www.estrategiaconcursos.com.br\/blog\/#\/schema\/logo\/image\/"},"sameAs":["https:\/\/x.com\/EstratConcursos"]},{"@type":"Person","@id":"https:\/\/www.estrategiaconcursos.com.br\/blog\/#\/schema\/person\/c32e47dba2159cafe7796a9569a6ff7e","name":"Ricardo Vale","image":{"@type":"ImageObject","inLanguage":"pt-BR","@id":"https:\/\/secure.gravatar.com\/avatar\/e5a5658c798bb49dd53314263f59f38c192d73370fb65839a372c2ae9027be74?s=96&d=mm&r=g","url":"https:\/\/secure.gravatar.com\/avatar\/e5a5658c798bb49dd53314263f59f38c192d73370fb65839a372c2ae9027be74?s=96&d=mm&r=g","contentUrl":"https:\/\/secure.gravatar.com\/avatar\/e5a5658c798bb49dd53314263f59f38c192d73370fb65839a372c2ae9027be74?s=96&d=mm&r=g","caption":"Ricardo Vale"},"sameAs":["https:\/\/www.facebook.com\/rvale01","https:\/\/x.com\/https:\/\/twitter.com\/EstratConcursos"],"url":"https:\/\/www.estrategiaconcursos.com.br\/blog\/author\/ricardovaleestrategiaconcursos-com-br\/"}]}},"_links":{"self":[{"href":"https:\/\/www.estrategiaconcursos.com.br\/blog\/wp-json\/wp\/v2\/posts\/169310","targetHints":{"allow":["GET"]}}],"collection":[{"href":"https:\/\/www.estrategiaconcursos.com.br\/blog\/wp-json\/wp\/v2\/posts"}],"about":[{"href":"https:\/\/www.estrategiaconcursos.com.br\/blog\/wp-json\/wp\/v2\/types\/post"}],"author":[{"embeddable":true,"href":"https:\/\/www.estrategiaconcursos.com.br\/blog\/wp-json\/wp\/v2\/users\/26"}],"replies":[{"embeddable":true,"href":"https:\/\/www.estrategiaconcursos.com.br\/blog\/wp-json\/wp\/v2\/comments?post=169310"}],"version-history":[{"count":19,"href":"https:\/\/www.estrategiaconcursos.com.br\/blog\/wp-json\/wp\/v2\/posts\/169310\/revisions"}],"predecessor-version":[{"id":1292400,"href":"https:\/\/www.estrategiaconcursos.com.br\/blog\/wp-json\/wp\/v2\/posts\/169310\/revisions\/1292400"}],"wp:attachment":[{"href":"https:\/\/www.estrategiaconcursos.com.br\/blog\/wp-json\/wp\/v2\/media?parent=169310"}],"wp:term":[{"taxonomy":"category","embeddable":true,"href":"https:\/\/www.estrategiaconcursos.com.br\/blog\/wp-json\/wp\/v2\/categories?post=169310"},{"taxonomy":"post_tag","embeddable":true,"href":"https:\/\/www.estrategiaconcursos.com.br\/blog\/wp-json\/wp\/v2\/tags?post=169310"},{"taxonomy":"tax_estado","embeddable":true,"href":"https:\/\/www.estrategiaconcursos.com.br\/blog\/wp-json\/wp\/v2\/tax_estado?post=169310"}],"curies":[{"name":"wp","href":"https:\/\/api.w.org\/{rel}","templated":true}]}}