{"id":1693030,"date":"2026-01-05T10:00:00","date_gmt":"2026-01-05T13:00:00","guid":{"rendered":"https:\/\/www.estrategiaconcursos.com.br\/blog\/?p=1693030"},"modified":"2026-01-03T08:54:48","modified_gmt":"2026-01-03T11:54:48","slug":"concurso-sefaz-rn-novo-edital-tem-prova-discursiva","status":"publish","type":"post","link":"https:\/\/www.estrategiaconcursos.com.br\/blog\/concurso-sefaz-rn-novo-edital-tem-prova-discursiva\/","title":{"rendered":"Concurso Sefaz RN: novo edital tem prova discursiva?"},"content":{"rendered":"\n<p style=\"font-size:clamp(16.293px, 1.018rem + ((1vw - 3.2px) * 0.854), 25px);\"><em><strong>Confira quais etapas comp\u00f5em a avalia\u00e7\u00e3o do novo concurso da Sefaz RN<\/strong><\/em><\/p>\n\n\n\n<p>Quem est\u00e1 de olho no <strong>concurso Sefaz RN<\/strong> (<strong><a href=\"https:\/\/www.estrategiaconcursos.com.br\/cursosPorConcurso\/sefaz-rn\/\" target=\"_blank\" rel=\"noreferrer noopener\">Secretaria de Fazenda do Rio Grande do Norte<\/a><\/strong>) provavelmente j\u00e1 se fez essa pergunta cl\u00e1ssica de concurseiro: &#8220;vai ter prova discursiva?&#8221;<\/p>\n\n\n\n<p>A boa not\u00edcia \u00e9 direta e objetiva \u2014 <strong>o novo edital N\u00c3O prev\u00ea prova discursiva<\/strong>. Ou seja, toda a sele\u00e7\u00e3o ser\u00e1 definida exclusivamente por <strong>provas objetivas<\/strong>, o que pode mudar completamente a sua estrat\u00e9gia de prepara\u00e7\u00e3o.<\/p>\n\n\n\n<div class=\"container\" id=\"boxes\">\r\n  <div class=\"row\">\r\n\r\n    <div class=\"col-sm\">\r\n      <div class=\"banner-sefaz-ec\" id=\"box-assinatura\">\r\n        <h2 class=\"titulo-assinatura\">Cursos para Sefaz RN<\/h2>\r\n        <p class=\"subtitulo-assinatura\">Estude conosco para a Sefaz RN!<\/p>\r\n        <div class=\"box-botao\">\r\n          <a class=\"btn-assinatura\" target=\"_blank\" href=\"https:\/\/www.estrategiaconcursos.com.br\/cursosPorConcurso\/sefaz-rn\/\" role=\"button\" rel=\"noopener noreferrer\">INICIAR PREPARA\u00c7\u00c3O<\/a>\r\n        <\/div>\r\n      <\/div>\r\n      \r\n    <\/div>\r\n\r\n  <\/div>\r\n<\/div>\n\n\n\n<h2 class=\"wp-block-heading\" id=\"h-concurso-sefaz-rn-sem-redacao-sem-estudo-dissertativo\">Concurso Sefaz RN: sem reda\u00e7\u00e3o, sem estudo dissertativo<\/h2>\n\n\n\n<p>Diferente de outros concursos fiscais que exigem textos longos, estudos de caso ou quest\u00f5es abertas, o edital da Sefaz RN aposta em um modelo 100% de m\u00faltipla escolha. <\/p>\n\n\n\n<p>Isso significa menos tempo treinando escrita e mais foco em conte\u00fado, memoriza\u00e7\u00e3o, resolu\u00e7\u00e3o de quest\u00f5es e dom\u00ednio t\u00e9cnico das disciplinas.<\/p>\n\n\n\n<p>Lembrando que a organiza\u00e7\u00e3o do certame est\u00e1 por conta do <strong><a href=\"https:\/\/www.cebraspe.org.br\/concursos\/SEFAZ_RN_25_AUDITOR\" target=\"_blank\" rel=\"noreferrer noopener\">Cebraspe<\/a><\/strong>, o que denota que o formato das avalia\u00e7\u00f5es ser\u00e1 de <strong>&#8220;Certo ou Errado&#8221;<\/strong>.<\/p>\n\n\n\n<h2 class=\"wp-block-heading\" id=\"h-como-serao-as-provas-do-concurso-sefaz-rn\">Como ser\u00e3o as provas do concurso Sefaz RN?<\/h2>\n\n\n\n<p>O edital organiza a avalia\u00e7\u00e3o em <strong>tr\u00eas provas objetivas<\/strong>, divididas por blocos de conhecimento. Veja como fica a estrutura:<\/p>\n\n\n\n<h4 class=\"wp-block-heading\"><span style=\"text-decoration: underline;\">Prova Objetiva \u2013 P1<\/span><\/h4>\n\n\n\n<p>Foco na base jur\u00eddica e econ\u00f4mica do candidato, com as seguintes disciplinas:<\/p>\n\n\n\n<ul class=\"wp-block-list\">\n<li>L\u00edngua Portuguesa<\/li>\n\n\n\n<li>Direito Constitucional<\/li>\n\n\n\n<li>Direito Administrativo<\/li>\n\n\n\n<li>Direito Comercial<\/li>\n\n\n\n<li>Direito Civil<\/li>\n\n\n\n<li>Direito Penal<\/li>\n\n\n\n<li>Direito Financeiro<\/li>\n\n\n\n<li>Economia<\/li>\n\n\n\n<li>Contabilidade Geral<\/li>\n<\/ul>\n\n\n\n<h4 class=\"wp-block-heading\"><span style=\"text-decoration: underline;\">Prova Objetiva \u2013 P2<\/span><\/h4>\n\n\n\n<p>Aqui entram os conhecimentos mais t\u00e9cnicos e regionais:<\/p>\n\n\n\n<ul class=\"wp-block-list\">\n<li>Hist\u00f3ria do Rio Grande do Norte e Aspectos Geoecon\u00f4micos do RN<\/li>\n\n\n\n<li>Auditoria<\/li>\n\n\n\n<li>Matem\u00e1tica Financeira e Estat\u00edstica<\/li>\n\n\n\n<li>Tecnologia da Informa\u00e7\u00e3o<\/li>\n\n\n\n<li>Direito Tribut\u00e1rio I<\/li>\n\n\n\n<li>Direito Tribut\u00e1rio II (Reforma Tribut\u00e1ria)<\/li>\n<\/ul>\n\n\n\n<h4 class=\"wp-block-heading\"><span style=\"text-decoration: underline;\">Prova Objetiva \u2013 P3<\/span><\/h4>\n\n\n\n<p>Bloco voltado ao n\u00facleo duro da \u00e1rea fiscal:<\/p>\n\n\n\n<ul class=\"wp-block-list\">\n<li>Contabilidade Avan\u00e7ada e de Custos<\/li>\n\n\n\n<li>Legisla\u00e7\u00e3o Tribut\u00e1ria Estadual<\/li>\n\n\n\n<li>Processo Administrativo Tribut\u00e1rio<\/li>\n<\/ul>\n\n\n\n<p>Todas com dura\u00e7\u00e3o de 4 horas, as provas objetivas P1, P2 e P3 ser\u00e3o aplicadas nos dias&nbsp;<strong>21 e 22 de mar\u00e7o<\/strong>, em turnos diferentes.<\/p>\n\n\n\n<p>Os exames, de car\u00e1ter eliminat\u00f3rio e classificat\u00f3rio, ser\u00e3o compostos por quest\u00f5es de m\u00faltipla escolha, com cinco op\u00e7\u00f5es (A, B, C, D e E), e valer\u00e3o 240,00 pontos, abrangendo os objetos de avalia\u00e7\u00e3o constantes na tabela abaixo:<\/p>\n\n\n\n<figure class=\"wp-block-image aligncenter\"><img loading=\"lazy\" decoding=\"async\" width=\"859\" height=\"462\" src=\"https:\/\/dhg1h5j42swfq.cloudfront.net\/2025\/12\/18213009\/image-192.png\" alt=\"edital sefaz rn prova objetiva\" class=\"wp-image-1688300\" srcset=\"https:\/\/dhg1h5j42swfq.cloudfront.net\/2025\/12\/18213009\/image-192.png 859w, https:\/\/dhg1h5j42swfq.cloudfront.net\/2025\/12\/18213009\/image-192-300x161.png 300w, https:\/\/dhg1h5j42swfq.cloudfront.net\/2025\/12\/18213009\/image-192-768x413.png 768w, https:\/\/dhg1h5j42swfq.cloudfront.net\/2025\/12\/18213009\/image-192-150x81.png 150w\" sizes=\"auto, (max-width: 859px) 100vw, 859px\" \/><\/figure>\n\n\n\n<p>Ser\u00e1 reprovado nas provas objetivas e eliminado do concurso p\u00fablico o candidato que se enquadrar em pelo menos um dos itens a seguir:<\/p>\n\n\n\n<ul class=\"wp-block-list\">\n<li>a) obtiver nota inferior a 40,00 pontos no conjunto da prova objetiva de conhecimentos gerais (P1);<\/li>\n\n\n\n<li>b) obtiver nota inferior a 40,00 pontos no conjunto da prova objetiva de conhecimentos complementares (P2);<\/li>\n\n\n\n<li>c) obtiver nota inferior a 40,00 pontos no conjunto da prova objetiva de conhecimentos espec\u00edficos (P3);<\/li>\n\n\n\n<li>d) obtiver nota inferior a 144,00 pontos no somat\u00f3rio das notas nas provas objetivas de conhecimentos gerais (P1), conhecimentos complementares (P2) e conhecimentos espec\u00edficos (P3);<\/li>\n\n\n\n<li>e) obtiver nota 0,00 em pelo menos uma das disciplinas<\/li>\n<\/ul>\n\n\n\n<p class=\"has-text-align-center\"><em>Para mais informa\u00e7\u00f5es sobre o concurso <a href=\"https:\/\/www.instagram.com\/sefaz_rn\/\" target=\"_blank\" rel=\"noreferrer noopener\">Sefaz RN<\/a>, al\u00e9m da etapa de prova discursiva, acesse o link abaixo!<\/em><\/p>\n\n\n\n<h2 class=\"wp-block-heading has-text-align-center has-background has-medium-font-size\" id=\"h-saiba-mais-concurso-sefaz-rn\" style=\"background-color:#bfdbed\">Saiba mais: <a href=\"https:\/\/www.estrategiaconcursos.com.br\/blog\/concurso-sefaz-rn\/\" target=\"_blank\" rel=\"noreferrer noopener\">concurso Sefaz RN<\/a><\/h2>\n\n\n\n<hr class=\"wp-block-separator has-alpha-channel-opacity\"\/>\n\n\n\n<h2 class=\"wp-block-heading has-text-align-center\" id=\"cursos\">Quer se preparar para o concurso Sefaz RN?<\/h2>\n\n\n\n<div class=\"container\" id=\"boxes\">\n  <div class=\"row\">\n\n    <div class=\"col-sm\">\n      <div class=\"estrategia\" id=\"box-assinatura\">\n        <h3 class=\"titulo-assinatura\">Assinatura Concursos<\/h3>\n        <p class=\"subtitulo-assinatura\">Assinatura de 1 ano ou 2 anos<\/p>\n        <div class=\"box-botao\">\n          <a class=\"btn-assinatura\" target=\"_blank\" href=\"https:\/\/www.estrategiaconcursos.com.br\/assinaturas\/\" role=\"button\" rel=\"noopener noreferrer\">ASSINE AGORA<\/a>\n        <\/div>\n      <\/div><\/div><\/div><\/div>\n\n\n\n<h2 class=\"wp-block-heading has-text-align-center\" id=\"h-quer-saber-tudo-sobre-concursos-previstos-confira-nossos-artigos\">Quer saber tudo sobre concursos previstos?<br \/>Confira  nossos artigos!<\/h2>\n\n\n\n<ul class=\"wp-block-list\">\n<li><a href=\"https:\/\/www.estrategiaconcursos.com.br\/blog\/concursos-abertos\/\" target=\"_blank\" rel=\"noreferrer noopener\">Concursos Abertos<\/a><\/li>\n\n\n\n<li><a href=\"https:\/\/www.estrategiaconcursos.com.br\/blog\/concursos-fiscais\/\" target=\"_blank\" rel=\"noreferrer noopener\">Concursos Fiscais<\/a><\/li>\n\n\n\n<li><a href=\"https:\/\/www.estrategiaconcursos.com.br\/blog\/concursos-2026\/\" target=\"_blank\" rel=\"noreferrer noopener\">Concursos 2026<\/a><\/li>\n<\/ul>\n","protected":false},"excerpt":{"rendered":"<p>Confira quais etapas comp\u00f5em a avalia\u00e7\u00e3o do novo concurso da Sefaz RN Quem est\u00e1 de olho no concurso Sefaz RN (Secretaria de Fazenda do Rio Grande do Norte) provavelmente j\u00e1 se fez essa pergunta cl\u00e1ssica de concurseiro: &#8220;vai ter prova discursiva?&#8221; A boa not\u00edcia \u00e9 direta e objetiva \u2014 o novo edital N\u00c3O prev\u00ea prova [&hellip;]<\/p>\n","protected":false},"author":2018,"featured_media":1227510,"comment_status":"open","ping_status":"closed","sticky":false,"template":"","format":"standard","meta":{"post_tipo":"news","footnotes":""},"categories":[1983,220219],"tags":[],"tax_estado":[219983],"class_list":["post-1693030","post","type-post","status-publish","format-standard","has-post-thumbnail","hentry","category-fiscal-estadual","category-noticias","tax_estado-rn"],"acf":[],"yoast_head":"<!-- This site is optimized with the Yoast SEO Premium plugin v27.2 (Yoast SEO v27.2) - https:\/\/yoast.com\/product\/yoast-seo-premium-wordpress\/ -->\n<title>Concurso Sefaz RN: novo edital tem prova discursiva?<\/title>\n<meta name=\"description\" content=\"Descubra tudo sobre o concurso Sefaz RN e saiba se o novo edital ter\u00e1 prova discursiva e como qual deve ser a sua estrat\u00e9gia de estudos.\" \/>\n<meta name=\"robots\" content=\"index, follow, max-snippet:-1, max-image-preview:large, max-video-preview:-1\" \/>\n<link rel=\"canonical\" href=\"https:\/\/www.estrategiaconcursos.com.br\/blog\/concurso-sefaz-rn-novo-edital-tem-prova-discursiva\/\" \/>\n<meta property=\"og:locale\" content=\"pt_BR\" \/>\n<meta property=\"og:type\" content=\"article\" \/>\n<meta property=\"og:title\" content=\"Concurso Sefaz RN: novo edital tem prova discursiva?\" \/>\n<meta property=\"og:description\" content=\"Descubra tudo sobre o concurso Sefaz RN e saiba se o novo edital ter\u00e1 prova discursiva e como qual deve ser a sua estrat\u00e9gia de estudos.\" \/>\n<meta property=\"og:url\" content=\"https:\/\/www.estrategiaconcursos.com.br\/blog\/concurso-sefaz-rn-novo-edital-tem-prova-discursiva\/\" \/>\n<meta property=\"og:site_name\" content=\"Estrat\u00e9gia Concursos\" \/>\n<meta property=\"article:published_time\" content=\"2026-01-05T13:00:00+00:00\" \/>\n<meta property=\"og:image\" content=\"https:\/\/dhg1h5j42swfq.cloudfront.net\/2023\/06\/05083940\/sefaz-rn.jpg\" \/>\n\t<meta property=\"og:image:width\" content=\"768\" \/>\n\t<meta property=\"og:image:height\" content=\"432\" \/>\n\t<meta property=\"og:image:type\" content=\"image\/jpeg\" \/>\n<meta name=\"author\" content=\"B\u00e1rbara Carvalho Santos\" \/>\n<meta name=\"twitter:card\" content=\"summary_large_image\" \/>\n<meta name=\"twitter:creator\" content=\"@EstratConcursos\" \/>\n<meta name=\"twitter:site\" content=\"@EstratConcursos\" \/>\n<meta name=\"twitter:label1\" content=\"Escrito por\" \/>\n\t<meta name=\"twitter:data1\" content=\"B\u00e1rbara Carvalho Santos\" \/>\n\t<meta name=\"twitter:label2\" content=\"Est. tempo de leitura\" \/>\n\t<meta name=\"twitter:data2\" content=\"3 minutos\" \/>\n<script type=\"application\/ld+json\" class=\"yoast-schema-graph\">{\"@context\":\"https:\/\/schema.org\",\"@graph\":[{\"@type\":\"NewsArticle\",\"@id\":\"https:\/\/www.estrategiaconcursos.com.br\/blog\/concurso-sefaz-rn-novo-edital-tem-prova-discursiva\/#article\",\"isPartOf\":{\"@id\":\"https:\/\/www.estrategiaconcursos.com.br\/blog\/concurso-sefaz-rn-novo-edital-tem-prova-discursiva\/\"},\"author\":{\"name\":\"B\u00e1rbara Carvalho Santos\",\"@id\":\"https:\/\/www.estrategiaconcursos.com.br\/blog\/#\/schema\/person\/e3882259fa157d54c44c21f4ee4e0e60\"},\"headline\":\"Concurso Sefaz RN: novo edital tem prova discursiva?\",\"datePublished\":\"2026-01-05T13:00:00+00:00\",\"mainEntityOfPage\":{\"@id\":\"https:\/\/www.estrategiaconcursos.com.br\/blog\/concurso-sefaz-rn-novo-edital-tem-prova-discursiva\/\"},\"wordCount\":564,\"commentCount\":0,\"publisher\":{\"@id\":\"https:\/\/www.estrategiaconcursos.com.br\/blog\/#organization\"},\"image\":{\"@id\":\"https:\/\/www.estrategiaconcursos.com.br\/blog\/concurso-sefaz-rn-novo-edital-tem-prova-discursiva\/#primaryimage\"},\"thumbnailUrl\":\"https:\/\/dhg1h5j42swfq.cloudfront.net\/2023\/06\/05083940\/sefaz-rn.jpg\",\"articleSection\":[\"Fiscal - Estadual (ICMS)\",\"\u00daltimas not\u00edcias\"],\"inLanguage\":\"pt-BR\",\"potentialAction\":[{\"@type\":\"CommentAction\",\"name\":\"Comment\",\"target\":[\"https:\/\/www.estrategiaconcursos.com.br\/blog\/concurso-sefaz-rn-novo-edital-tem-prova-discursiva\/#respond\"]}],\"copyrightYear\":\"2026\",\"copyrightHolder\":{\"@id\":\"https:\/\/www.estrategiaconcursos.com.br\/blog\/#organization\"}},{\"@type\":\"WebPage\",\"@id\":\"https:\/\/www.estrategiaconcursos.com.br\/blog\/concurso-sefaz-rn-novo-edital-tem-prova-discursiva\/\",\"url\":\"https:\/\/www.estrategiaconcursos.com.br\/blog\/concurso-sefaz-rn-novo-edital-tem-prova-discursiva\/\",\"name\":\"Concurso Sefaz RN: novo edital tem prova discursiva?\",\"isPartOf\":{\"@id\":\"https:\/\/www.estrategiaconcursos.com.br\/blog\/#website\"},\"primaryImageOfPage\":{\"@id\":\"https:\/\/www.estrategiaconcursos.com.br\/blog\/concurso-sefaz-rn-novo-edital-tem-prova-discursiva\/#primaryimage\"},\"image\":{\"@id\":\"https:\/\/www.estrategiaconcursos.com.br\/blog\/concurso-sefaz-rn-novo-edital-tem-prova-discursiva\/#primaryimage\"},\"thumbnailUrl\":\"https:\/\/dhg1h5j42swfq.cloudfront.net\/2023\/06\/05083940\/sefaz-rn.jpg\",\"datePublished\":\"2026-01-05T13:00:00+00:00\",\"description\":\"Descubra tudo sobre o concurso Sefaz RN e saiba se o novo edital ter\u00e1 prova discursiva e como qual deve ser a sua estrat\u00e9gia de estudos.\",\"breadcrumb\":{\"@id\":\"https:\/\/www.estrategiaconcursos.com.br\/blog\/concurso-sefaz-rn-novo-edital-tem-prova-discursiva\/#breadcrumb\"},\"inLanguage\":\"pt-BR\",\"potentialAction\":[{\"@type\":\"ReadAction\",\"target\":[\"https:\/\/www.estrategiaconcursos.com.br\/blog\/concurso-sefaz-rn-novo-edital-tem-prova-discursiva\/\"]}]},{\"@type\":\"ImageObject\",\"inLanguage\":\"pt-BR\",\"@id\":\"https:\/\/www.estrategiaconcursos.com.br\/blog\/concurso-sefaz-rn-novo-edital-tem-prova-discursiva\/#primaryimage\",\"url\":\"https:\/\/dhg1h5j42swfq.cloudfront.net\/2023\/06\/05083940\/sefaz-rn.jpg\",\"contentUrl\":\"https:\/\/dhg1h5j42swfq.cloudfront.net\/2023\/06\/05083940\/sefaz-rn.jpg\",\"width\":768,\"height\":432,\"caption\":\"Sefaz RN inscritos no concurso\"},{\"@type\":\"BreadcrumbList\",\"@id\":\"https:\/\/www.estrategiaconcursos.com.br\/blog\/concurso-sefaz-rn-novo-edital-tem-prova-discursiva\/#breadcrumb\",\"itemListElement\":[{\"@type\":\"ListItem\",\"position\":1,\"name\":\"In\u00edcio\",\"item\":\"https:\/\/www.estrategiaconcursos.com.br\/blog\/\"},{\"@type\":\"ListItem\",\"position\":2,\"name\":\"Concurso Sefaz RN: novo edital tem prova discursiva?\"}]},{\"@type\":\"WebSite\",\"@id\":\"https:\/\/www.estrategiaconcursos.com.br\/blog\/#website\",\"url\":\"https:\/\/www.estrategiaconcursos.com.br\/blog\/\",\"name\":\"Estrat\u00e9gia Concursos\",\"description\":\"O blog da Estrat\u00e9gia Concursos traz not\u00edcias sobre concursos e artigos de professores oferecendo cursos para concursos (pdf + videaulas) no site.\",\"publisher\":{\"@id\":\"https:\/\/www.estrategiaconcursos.com.br\/blog\/#organization\"},\"potentialAction\":[{\"@type\":\"SearchAction\",\"target\":{\"@type\":\"EntryPoint\",\"urlTemplate\":\"https:\/\/www.estrategiaconcursos.com.br\/blog\/?s={search_term_string}\"},\"query-input\":{\"@type\":\"PropertyValueSpecification\",\"valueRequired\":true,\"valueName\":\"search_term_string\"}}],\"inLanguage\":\"pt-BR\"},{\"@type\":\"Organization\",\"@id\":\"https:\/\/www.estrategiaconcursos.com.br\/blog\/#organization\",\"name\":\"Estrat\u00e9gia Concursos\",\"url\":\"https:\/\/www.estrategiaconcursos.com.br\/blog\/\",\"logo\":{\"@type\":\"ImageObject\",\"inLanguage\":\"pt-BR\",\"@id\":\"https:\/\/www.estrategiaconcursos.com.br\/blog\/#\/schema\/logo\/image\/\",\"url\":\"https:\/\/dhg1h5j42swfq.cloudfront.net\/2025\/06\/03203428\/logo_concursos-1.jpg\",\"contentUrl\":\"https:\/\/dhg1h5j42swfq.cloudfront.net\/2025\/06\/03203428\/logo_concursos-1.jpg\",\"width\":230,\"height\":60,\"caption\":\"Estrat\u00e9gia Concursos\"},\"image\":{\"@id\":\"https:\/\/www.estrategiaconcursos.com.br\/blog\/#\/schema\/logo\/image\/\"},\"sameAs\":[\"https:\/\/x.com\/EstratConcursos\"]},{\"@type\":\"Person\",\"@id\":\"https:\/\/www.estrategiaconcursos.com.br\/blog\/#\/schema\/person\/e3882259fa157d54c44c21f4ee4e0e60\",\"name\":\"B\u00e1rbara Carvalho Santos\",\"image\":{\"@type\":\"ImageObject\",\"inLanguage\":\"pt-BR\",\"@id\":\"https:\/\/secure.gravatar.com\/avatar\/353300f73140f779692b9be2b39f434d1341e4e34c7f55bd5a990fe29ef352eb?s=96&d=mm&r=g\",\"url\":\"https:\/\/secure.gravatar.com\/avatar\/353300f73140f779692b9be2b39f434d1341e4e34c7f55bd5a990fe29ef352eb?s=96&d=mm&r=g\",\"contentUrl\":\"https:\/\/secure.gravatar.com\/avatar\/353300f73140f779692b9be2b39f434d1341e4e34c7f55bd5a990fe29ef352eb?s=96&d=mm&r=g\",\"caption\":\"B\u00e1rbara Carvalho Santos\"},\"description\":\"M\u00e3e e jornalista formada pela UNIP, possui ampla experi\u00eancia na cobertura de entretenimento em grandes ve\u00edculos, como o site da CNN, RedeTV! e Estrat\u00e9gia Educacional. Atuou tamb\u00e9m em ag\u00eancias de marketing, produtoras musicais e assessorias de imprensa, com foco especial no trabalho com personalidades p\u00fablicas. Atualmente, integra a equipe do Estrat\u00e9gia Concursos, onde \u00e9 respons\u00e1vel pela produ\u00e7\u00e3o de conte\u00fados estrat\u00e9gicos voltados para o setor de concursos p\u00fablicos, com destaque para a \u00e1rea fiscal, gest\u00e3o, controle, concursos administrativos e Minist\u00e9rios participantes do CNU, al\u00e9m de diversos \u00f3rg\u00e3os federais. Tem como miss\u00e3o transformar informa\u00e7\u00f5es complexas em conte\u00fados acess\u00edveis, relevantes e de alto valor para quem sonha com uma carreira no servi\u00e7o p\u00fablico.\",\"url\":\"https:\/\/www.estrategiaconcursos.com.br\/blog\/author\/barbara-santos\/\"}]}<\/script>\n<!-- \/ Yoast SEO Premium plugin. -->","yoast_head_json":{"title":"Concurso Sefaz RN: novo edital tem prova discursiva?","description":"Descubra tudo sobre o concurso Sefaz RN e saiba se o novo edital ter\u00e1 prova discursiva e como qual deve ser a sua estrat\u00e9gia de estudos.","robots":{"index":"index","follow":"follow","max-snippet":"max-snippet:-1","max-image-preview":"max-image-preview:large","max-video-preview":"max-video-preview:-1"},"canonical":"https:\/\/www.estrategiaconcursos.com.br\/blog\/concurso-sefaz-rn-novo-edital-tem-prova-discursiva\/","og_locale":"pt_BR","og_type":"article","og_title":"Concurso Sefaz RN: novo edital tem prova discursiva?","og_description":"Descubra tudo sobre o concurso Sefaz RN e saiba se o novo edital ter\u00e1 prova discursiva e como qual deve ser a sua estrat\u00e9gia de estudos.","og_url":"https:\/\/www.estrategiaconcursos.com.br\/blog\/concurso-sefaz-rn-novo-edital-tem-prova-discursiva\/","og_site_name":"Estrat\u00e9gia Concursos","article_published_time":"2026-01-05T13:00:00+00:00","og_image":[{"width":768,"height":432,"url":"https:\/\/dhg1h5j42swfq.cloudfront.net\/2023\/06\/05083940\/sefaz-rn.jpg","type":"image\/jpeg"}],"author":"B\u00e1rbara Carvalho Santos","twitter_card":"summary_large_image","twitter_creator":"@EstratConcursos","twitter_site":"@EstratConcursos","twitter_misc":{"Escrito por":"B\u00e1rbara Carvalho Santos","Est. tempo de leitura":"3 minutos"},"schema":{"@context":"https:\/\/schema.org","@graph":[{"@type":"NewsArticle","@id":"https:\/\/www.estrategiaconcursos.com.br\/blog\/concurso-sefaz-rn-novo-edital-tem-prova-discursiva\/#article","isPartOf":{"@id":"https:\/\/www.estrategiaconcursos.com.br\/blog\/concurso-sefaz-rn-novo-edital-tem-prova-discursiva\/"},"author":{"name":"B\u00e1rbara Carvalho Santos","@id":"https:\/\/www.estrategiaconcursos.com.br\/blog\/#\/schema\/person\/e3882259fa157d54c44c21f4ee4e0e60"},"headline":"Concurso Sefaz RN: novo edital tem prova discursiva?","datePublished":"2026-01-05T13:00:00+00:00","mainEntityOfPage":{"@id":"https:\/\/www.estrategiaconcursos.com.br\/blog\/concurso-sefaz-rn-novo-edital-tem-prova-discursiva\/"},"wordCount":564,"commentCount":0,"publisher":{"@id":"https:\/\/www.estrategiaconcursos.com.br\/blog\/#organization"},"image":{"@id":"https:\/\/www.estrategiaconcursos.com.br\/blog\/concurso-sefaz-rn-novo-edital-tem-prova-discursiva\/#primaryimage"},"thumbnailUrl":"https:\/\/dhg1h5j42swfq.cloudfront.net\/2023\/06\/05083940\/sefaz-rn.jpg","articleSection":["Fiscal - Estadual (ICMS)","\u00daltimas not\u00edcias"],"inLanguage":"pt-BR","potentialAction":[{"@type":"CommentAction","name":"Comment","target":["https:\/\/www.estrategiaconcursos.com.br\/blog\/concurso-sefaz-rn-novo-edital-tem-prova-discursiva\/#respond"]}],"copyrightYear":"2026","copyrightHolder":{"@id":"https:\/\/www.estrategiaconcursos.com.br\/blog\/#organization"}},{"@type":"WebPage","@id":"https:\/\/www.estrategiaconcursos.com.br\/blog\/concurso-sefaz-rn-novo-edital-tem-prova-discursiva\/","url":"https:\/\/www.estrategiaconcursos.com.br\/blog\/concurso-sefaz-rn-novo-edital-tem-prova-discursiva\/","name":"Concurso Sefaz RN: novo edital tem prova discursiva?","isPartOf":{"@id":"https:\/\/www.estrategiaconcursos.com.br\/blog\/#website"},"primaryImageOfPage":{"@id":"https:\/\/www.estrategiaconcursos.com.br\/blog\/concurso-sefaz-rn-novo-edital-tem-prova-discursiva\/#primaryimage"},"image":{"@id":"https:\/\/www.estrategiaconcursos.com.br\/blog\/concurso-sefaz-rn-novo-edital-tem-prova-discursiva\/#primaryimage"},"thumbnailUrl":"https:\/\/dhg1h5j42swfq.cloudfront.net\/2023\/06\/05083940\/sefaz-rn.jpg","datePublished":"2026-01-05T13:00:00+00:00","description":"Descubra tudo sobre o concurso Sefaz RN e saiba se o novo edital ter\u00e1 prova discursiva e como qual deve ser a sua estrat\u00e9gia de estudos.","breadcrumb":{"@id":"https:\/\/www.estrategiaconcursos.com.br\/blog\/concurso-sefaz-rn-novo-edital-tem-prova-discursiva\/#breadcrumb"},"inLanguage":"pt-BR","potentialAction":[{"@type":"ReadAction","target":["https:\/\/www.estrategiaconcursos.com.br\/blog\/concurso-sefaz-rn-novo-edital-tem-prova-discursiva\/"]}]},{"@type":"ImageObject","inLanguage":"pt-BR","@id":"https:\/\/www.estrategiaconcursos.com.br\/blog\/concurso-sefaz-rn-novo-edital-tem-prova-discursiva\/#primaryimage","url":"https:\/\/dhg1h5j42swfq.cloudfront.net\/2023\/06\/05083940\/sefaz-rn.jpg","contentUrl":"https:\/\/dhg1h5j42swfq.cloudfront.net\/2023\/06\/05083940\/sefaz-rn.jpg","width":768,"height":432,"caption":"Sefaz RN inscritos no concurso"},{"@type":"BreadcrumbList","@id":"https:\/\/www.estrategiaconcursos.com.br\/blog\/concurso-sefaz-rn-novo-edital-tem-prova-discursiva\/#breadcrumb","itemListElement":[{"@type":"ListItem","position":1,"name":"In\u00edcio","item":"https:\/\/www.estrategiaconcursos.com.br\/blog\/"},{"@type":"ListItem","position":2,"name":"Concurso Sefaz RN: novo edital tem prova discursiva?"}]},{"@type":"WebSite","@id":"https:\/\/www.estrategiaconcursos.com.br\/blog\/#website","url":"https:\/\/www.estrategiaconcursos.com.br\/blog\/","name":"Estrat\u00e9gia Concursos","description":"O blog da Estrat\u00e9gia Concursos traz not\u00edcias sobre concursos e artigos de professores oferecendo cursos para concursos (pdf + videaulas) no site.","publisher":{"@id":"https:\/\/www.estrategiaconcursos.com.br\/blog\/#organization"},"potentialAction":[{"@type":"SearchAction","target":{"@type":"EntryPoint","urlTemplate":"https:\/\/www.estrategiaconcursos.com.br\/blog\/?s={search_term_string}"},"query-input":{"@type":"PropertyValueSpecification","valueRequired":true,"valueName":"search_term_string"}}],"inLanguage":"pt-BR"},{"@type":"Organization","@id":"https:\/\/www.estrategiaconcursos.com.br\/blog\/#organization","name":"Estrat\u00e9gia Concursos","url":"https:\/\/www.estrategiaconcursos.com.br\/blog\/","logo":{"@type":"ImageObject","inLanguage":"pt-BR","@id":"https:\/\/www.estrategiaconcursos.com.br\/blog\/#\/schema\/logo\/image\/","url":"https:\/\/dhg1h5j42swfq.cloudfront.net\/2025\/06\/03203428\/logo_concursos-1.jpg","contentUrl":"https:\/\/dhg1h5j42swfq.cloudfront.net\/2025\/06\/03203428\/logo_concursos-1.jpg","width":230,"height":60,"caption":"Estrat\u00e9gia Concursos"},"image":{"@id":"https:\/\/www.estrategiaconcursos.com.br\/blog\/#\/schema\/logo\/image\/"},"sameAs":["https:\/\/x.com\/EstratConcursos"]},{"@type":"Person","@id":"https:\/\/www.estrategiaconcursos.com.br\/blog\/#\/schema\/person\/e3882259fa157d54c44c21f4ee4e0e60","name":"B\u00e1rbara Carvalho Santos","image":{"@type":"ImageObject","inLanguage":"pt-BR","@id":"https:\/\/secure.gravatar.com\/avatar\/353300f73140f779692b9be2b39f434d1341e4e34c7f55bd5a990fe29ef352eb?s=96&d=mm&r=g","url":"https:\/\/secure.gravatar.com\/avatar\/353300f73140f779692b9be2b39f434d1341e4e34c7f55bd5a990fe29ef352eb?s=96&d=mm&r=g","contentUrl":"https:\/\/secure.gravatar.com\/avatar\/353300f73140f779692b9be2b39f434d1341e4e34c7f55bd5a990fe29ef352eb?s=96&d=mm&r=g","caption":"B\u00e1rbara Carvalho Santos"},"description":"M\u00e3e e jornalista formada pela UNIP, possui ampla experi\u00eancia na cobertura de entretenimento em grandes ve\u00edculos, como o site da CNN, RedeTV! e Estrat\u00e9gia Educacional. Atuou tamb\u00e9m em ag\u00eancias de marketing, produtoras musicais e assessorias de imprensa, com foco especial no trabalho com personalidades p\u00fablicas. Atualmente, integra a equipe do Estrat\u00e9gia Concursos, onde \u00e9 respons\u00e1vel pela produ\u00e7\u00e3o de conte\u00fados estrat\u00e9gicos voltados para o setor de concursos p\u00fablicos, com destaque para a \u00e1rea fiscal, gest\u00e3o, controle, concursos administrativos e Minist\u00e9rios participantes do CNU, al\u00e9m de diversos \u00f3rg\u00e3os federais. Tem como miss\u00e3o transformar informa\u00e7\u00f5es complexas em conte\u00fados acess\u00edveis, relevantes e de alto valor para quem sonha com uma carreira no servi\u00e7o p\u00fablico.","url":"https:\/\/www.estrategiaconcursos.com.br\/blog\/author\/barbara-santos\/"}]}},"_links":{"self":[{"href":"https:\/\/www.estrategiaconcursos.com.br\/blog\/wp-json\/wp\/v2\/posts\/1693030","targetHints":{"allow":["GET"]}}],"collection":[{"href":"https:\/\/www.estrategiaconcursos.com.br\/blog\/wp-json\/wp\/v2\/posts"}],"about":[{"href":"https:\/\/www.estrategiaconcursos.com.br\/blog\/wp-json\/wp\/v2\/types\/post"}],"author":[{"embeddable":true,"href":"https:\/\/www.estrategiaconcursos.com.br\/blog\/wp-json\/wp\/v2\/users\/2018"}],"replies":[{"embeddable":true,"href":"https:\/\/www.estrategiaconcursos.com.br\/blog\/wp-json\/wp\/v2\/comments?post=1693030"}],"version-history":[{"count":8,"href":"https:\/\/www.estrategiaconcursos.com.br\/blog\/wp-json\/wp\/v2\/posts\/1693030\/revisions"}],"predecessor-version":[{"id":1693040,"href":"https:\/\/www.estrategiaconcursos.com.br\/blog\/wp-json\/wp\/v2\/posts\/1693030\/revisions\/1693040"}],"wp:featuredmedia":[{"embeddable":true,"href":"https:\/\/www.estrategiaconcursos.com.br\/blog\/wp-json\/wp\/v2\/media\/1227510"}],"wp:attachment":[{"href":"https:\/\/www.estrategiaconcursos.com.br\/blog\/wp-json\/wp\/v2\/media?parent=1693030"}],"wp:term":[{"taxonomy":"category","embeddable":true,"href":"https:\/\/www.estrategiaconcursos.com.br\/blog\/wp-json\/wp\/v2\/categories?post=1693030"},{"taxonomy":"post_tag","embeddable":true,"href":"https:\/\/www.estrategiaconcursos.com.br\/blog\/wp-json\/wp\/v2\/tags?post=1693030"},{"taxonomy":"tax_estado","embeddable":true,"href":"https:\/\/www.estrategiaconcursos.com.br\/blog\/wp-json\/wp\/v2\/tax_estado?post=1693030"}],"curies":[{"name":"wp","href":"https:\/\/api.w.org\/{rel}","templated":true}]}}