{"id":1692918,"date":"2026-01-24T14:19:00","date_gmt":"2026-01-24T17:19:00","guid":{"rendered":"https:\/\/www.estrategiaconcursos.com.br\/blog\/?p=1692918"},"modified":"2026-01-09T17:19:32","modified_gmt":"2026-01-09T20:19:32","slug":"administracao-indireta-sefaz-sp","status":"publish","type":"post","link":"https:\/\/www.estrategiaconcursos.com.br\/blog\/administracao-indireta-sefaz-sp\/","title":{"rendered":"Administra\u00e7\u00e3o Indireta para a SEFAZ-SP"},"content":{"rendered":"\n<p>Ol\u00e1, pessoal! Tudo bem? Neste artigo, vamos falar sobre a <strong>Administra\u00e7\u00e3o Indireta<\/strong>. Trata-se de um assunto de <strong>grande incid\u00eancia<\/strong> em provas de concurso, que possivelmente estar\u00e1 na prova da SEFAZ-SP.<\/p>\n\n\n\n<p>Sem mais delongas, vamos ao conte\u00fado.<\/p>\n\n\n\n<p><\/p>\n\n\n\n<h2 class=\"wp-block-heading\" id=\"h-conceito-de-administracao-indireta\" style=\"font-size:clamp(16.293px, 1.018rem + ((1vw - 3.2px) * 0.854), 25px);\"><strong>Conceito de administra\u00e7\u00e3o indireta<\/strong><\/h2>\n\n\n\n<p>A administra\u00e7\u00e3o p\u00fablica indireta corresponde ao <strong>conjunto de pessoas jur\u00eddicas (entidades)<\/strong> criadas pelo Estado para o exerc\u00edcio de atividades ou a presta\u00e7\u00e3o de servi\u00e7os p\u00fablicos, de forma descentralizada.<\/p>\n\n\n\n<p>De acordo com Marcelo Alexandrino e Vicente Paulo,&nbsp;<\/p>\n\n\n\n<p class=\"has-pale-cyan-blue-background-color has-background\"><em>\u201cAdministra\u00e7\u00e3o indireta \u00e9 o <\/em><strong><em>conjunto de pessoas jur\u00eddicas<\/em><\/strong><em>(desprovidas de autonomia pol\u00edtica) que, vinculadas \u00e0 administra\u00e7\u00e3o direta, t\u00eam compet\u00eancia para o exerc\u00edcio, <\/em><strong><em>de forma descentralizada<\/em><\/strong><em>, de atividades administrativas.\u201d<\/em><sup data-fn=\"df94292f-8bc4-4221-8af9-54eec2a43ace\" class=\"fn\"><a id=\"df94292f-8bc4-4221-8af9-54eec2a43ace-link\" href=\"#df94292f-8bc4-4221-8af9-54eec2a43ace\">1<\/a><\/sup><\/p>\n\n\n\n<p>Com efeito, integram a administra\u00e7\u00e3o indireta <strong>as autarquias, as funda\u00e7\u00f5es p\u00fablicas, as empresas p\u00fablicas e as sociedades de economia mista<\/strong>.<\/p>\n\n\n\n<p>A administra\u00e7\u00e3o p\u00fablica indireta <strong>n\u00e3o est\u00e1 subordinada<\/strong> \u00e0 administra\u00e7\u00e3o direta, pois <strong>n\u00e3o h\u00e1 rela\u00e7\u00e3o de hierarquia<\/strong> entre uma e outra.<\/p>\n\n\n\n<p>Por outro lado, as entidades da administra\u00e7\u00e3o indireta se sujeitam ao <strong>controle do Minist\u00e9rio<\/strong> em que est\u00e3o inseridas, controle esse tamb\u00e9m conhecido como <strong>tutela <\/strong>ou <strong>controle por vincula\u00e7\u00e3o<\/strong>.<\/p>\n\n\n\n<p><\/p>\n\n\n\n<p style=\"font-size:clamp(16.293px, 1.018rem + ((1vw - 3.2px) * 0.854), 25px);\"><strong>Descentraliza\u00e7\u00e3o administrativa<\/strong><\/p>\n\n\n\n<p>A descentraliza\u00e7\u00e3o administrativa consiste na <strong>delega\u00e7\u00e3o de atividades e servi\u00e7os p\u00fablicos a pessoas jur\u00eddicas<\/strong> da administra\u00e7\u00e3o p\u00fablica indireta ou mesmo da iniciativa privada, que os exercem por sua conta e risco.<\/p>\n\n\n\n<p>Os principais tipos de descentraliza\u00e7\u00e3o s\u00e3o a descentraliza\u00e7\u00e3o por outorga e a descentraliza\u00e7\u00e3o por colabora\u00e7\u00e3o.<\/p>\n\n\n\n<ul class=\"wp-block-list\">\n<li><strong>Descentraliza\u00e7\u00e3o por outorga (ou por servi\u00e7os)<\/strong>: Ocorre quando o Estado cria uma pessoa jur\u00eddica e lhe transfere determinado servi\u00e7o ou atividade. Nesse tipo de descentraliza\u00e7\u00e3o, a entidade criada passa a exercer a titularidade do servi\u00e7o transferido, a exemplo do que ocorre com as entidades da administra\u00e7\u00e3o indireta.<\/li>\n<\/ul>\n\n\n\n<ul class=\"wp-block-list\">\n<li><strong>Descentraliza\u00e7\u00e3o por colabora\u00e7\u00e3o (ou por delega\u00e7\u00e3o)<\/strong>: Na descentraliza\u00e7\u00e3o por colabora\u00e7\u00e3o, o Estado delega a execu\u00e7\u00e3o de atividades ou servi\u00e7os p\u00fablicos \u00e0 iniciativa privada, <strong>mas mant\u00e9m a sua titularidade<\/strong>. A delega\u00e7\u00e3o geralmente ocorre mediante <strong>contrato de concess\u00e3o e permiss\u00e3o de servi\u00e7os p\u00fablicos<\/strong> e, ainda, mediante <strong>autoriza\u00e7\u00e3o<\/strong> de servi\u00e7o p\u00fablico, cuja natureza \u00e9 de ato administrativo.<\/li>\n<\/ul>\n\n\n\n<p><\/p>\n\n\n\n<p style=\"font-size:clamp(16.293px, 1.018rem + ((1vw - 3.2px) * 0.854), 25px);\"><strong>Entidades da administra\u00e7\u00e3o p\u00fablica indireta<\/strong><\/p>\n\n\n\n<p>Como dissemos h\u00e1 pouco, integram a administra\u00e7\u00e3o p\u00fablica indireta as autarquias, as funda\u00e7\u00f5es p\u00fablicas, as sociedades de economia mista e as empresas p\u00fablicas (e suas subsidi\u00e1rias).<\/p>\n\n\n\n<p>Vamos falar sobre cada uma dessas entidades a seguir.<\/p>\n\n\n\n<p><\/p>\n\n\n\n<p style=\"font-size:clamp(14px, 0.875rem + ((1vw - 3.2px) * 0.588), 20px);\"><strong>Autarquias<\/strong><\/p>\n\n\n\n<p>As autarquias s\u00e3o<strong> pessoas jur\u00eddicas de direito p\u00fablico<\/strong>. Elas s\u00e3o <strong>criadas por lei espec\u00edfica<\/strong>, para o desempenho de atividades e servi\u00e7os p\u00fablicos, que passam a ser de sua titularidade.<\/p>\n\n\n\n<p>As autarquias possuem <strong>autonomia administrativa, or\u00e7ament\u00e1ria e patrimonial<\/strong>:<\/p>\n\n\n\n<ul class=\"wp-block-list\">\n<li><strong>Autonomia administrativa<\/strong>: Corresponde \u00e0 liberdade para contratar seu pr\u00f3prio pessoal e organizar seus servi\u00e7os e atividades.<\/li>\n<\/ul>\n\n\n\n<ul class=\"wp-block-list\">\n<li><strong>Autonomia or\u00e7ament\u00e1ria<\/strong>: Significa que as autarquias t\u00eam liberdade para gerir seus pr\u00f3prios recursos, elaborar seu pr\u00f3prio or\u00e7amento.<\/li>\n<\/ul>\n\n\n\n<ul class=\"wp-block-list\">\n<li><strong>Autonomia patrimonial<\/strong>: As autarquias possuem patrim\u00f4nio pr\u00f3prio, distinto do ente que as criou.<\/li>\n<\/ul>\n\n\n\n<p><\/p>\n\n\n\n<p>Portanto, as autarquias <strong>n\u00e3o est\u00e3o subordinadas<\/strong> ao ente da administra\u00e7\u00e3o direta que as criou, pois <strong>n\u00e3o h\u00e1 rela\u00e7\u00e3o de hierarquia<\/strong> entre si, restando apenas uma rela\u00e7\u00e3o de <strong>vincula\u00e7\u00e3o (supervis\u00e3o ou tutela) ministerial<\/strong>.<\/p>\n\n\n\n<p>As autarquias t\u00eam outras caracter\u00edsticas peculiares. Nesse sentido, tais entidades <strong>n\u00e3o exercem atividade econ\u00f4mica<\/strong>, devendo ser destinadas ao desempenho de <strong>atividades t\u00edpicas da Administra\u00e7\u00e3o.<\/strong><\/p>\n\n\n\n<p>Por estarem sujeitas ao regime jur\u00eddico p\u00fablico, as autarquias gozam de algumas <strong>prerrogativas<\/strong>, tais como as de estarem <strong>imunes a impostos<\/strong>; seus bens possu\u00edrem a <strong>natureza de bens p\u00fablicos (impenhor\u00e1veis, imprescrit\u00edveis e inalien\u00e1veis)<\/strong> e gozarem de<strong> privil\u00e9gios especiais da fazenda p\u00fablica<\/strong> (como prazo em dobro para recorrer e participa\u00e7\u00e3o no regime de precat\u00f3rios etc.).<\/p>\n\n\n\n<p>Por outro lado, o regime de pessoal das autarquias \u00e9 o <strong>estatut\u00e1rio<\/strong>; a sua <strong>responsabilidade civil \u00e9 objetiva<\/strong>, estando ainda <strong>sujeita ao controle externo dos Tribunais de Contas<\/strong>.<\/p>\n\n\n\n<p>Algumas das principais esp\u00e9cies de autarquias s\u00e3o:<\/p>\n\n\n\n<ul class=\"wp-block-list\">\n<li><strong>Administrativas ou de servi\u00e7o<\/strong>: INSS, IBGE, Ibama, Inmetro etc.<\/li>\n\n\n\n<li><strong>Especiais<\/strong>: Ag\u00eancias Reguladoras (ANVISA, ANTT, ANTAQ etc).<\/li>\n\n\n\n<li><strong>Territoriais<\/strong>: Territ\u00f3rios Federais.<\/li>\n\n\n\n<li><strong>Fundacionais<\/strong>: FUNAI, FUNASA, FBN etc.<\/li>\n\n\n\n<li><strong>Associativas<\/strong>: Conselhos Profissionais.<\/li>\n<\/ul>\n\n\n\n<p><\/p>\n\n\n\n<p style=\"font-size:clamp(14px, 0.875rem + ((1vw - 3.2px) * 0.588), 20px);\"><strong>Funda\u00e7\u00f5es P\u00fablicas<\/strong><\/p>\n\n\n\n<p>As funda\u00e7\u00f5es p\u00fablicas s\u00e3o entidades criadas para o desempenho de <strong>atividades ou servi\u00e7os de natureza social<\/strong>.<\/p>\n\n\n\n<p>Elas podem ter <strong>personalidade jur\u00eddica de direito p\u00fablico <\/strong>(quando ter\u00e3o natureza de autarquias fundacionais)<strong> ou de direito privado<\/strong>.<\/p>\n\n\n\n<p>De acordo com o <a href=\"https:\/\/www.planalto.gov.br\/ccivil_03\/decreto-lei\/del0200.htm#view\" target=\"_blank\" rel=\"noreferrer noopener\">Decreto-lei n\u00ba 200\/1967<\/a>, as funda\u00e7\u00f5es p\u00fablicas s\u00e3o entidades dotadas de personalidade jur\u00eddica de direito privado, <strong>sem fins lucrativos<\/strong>, criadas em virtude de <strong>autoriza\u00e7\u00e3o legislativa<\/strong>, para o desenvolvimento de atividades que n\u00e3o exijam execu\u00e7\u00e3o por \u00f3rg\u00e3os ou entidades de direito p\u00fablico.<\/p>\n\n\n\n<p>Nesse sentido, a doutrina reconhece a&nbsp;<\/p>\n\n\n\n<p class=\"has-pale-cyan-blue-background-color has-background\"><em>\u201c[&#8230;] possibilidade de o Estado, ao criar uma funda\u00e7\u00e3o, <\/em><strong><em>escolher qual o regime jur\u00eddico aplic\u00e1vel, decidindo livremente entre a institui\u00e7\u00e3o de funda\u00e7\u00e3o p\u00fablica<\/em><\/strong><em>, esp\u00e9cie do g\u00eanero autarquia, dotada de personalidade jur\u00eddica de direito p\u00fablico, <\/em><strong><em>ou optar pela cria\u00e7\u00e3o de funda\u00e7\u00e3o governamental com regime de direito privado<\/em><\/strong><em>.\u201d<\/em><sup data-fn=\"5b948c17-6c35-4853-afaf-f1c7916274e3\" class=\"fn\"><a id=\"5b948c17-6c35-4853-afaf-f1c7916274e3-link\" href=\"#5b948c17-6c35-4853-afaf-f1c7916274e3\">2<\/a><\/sup><\/p>\n\n\n\n<p>As funda\u00e7\u00f5es p\u00fablicas possuem<strong> autonomia administrativa<\/strong> e <strong>patrim\u00f4nio pr\u00f3prio<\/strong> gerido pelos respectivos \u00f3rg\u00e3os de dire\u00e7\u00e3o, sendo o seu funcionamento custeado por recursos da Uni\u00e3o e de outras fontes.&nbsp;&nbsp;&nbsp;<\/p>\n\n\n\n<figure class=\"wp-block-table aligncenter\"><table class=\"has-fixed-layout\"><tbody><tr><td class=\"has-text-align-center\" data-align=\"center\" colspan=\"2\"><strong>Comparativo entre FP de direito p\u00fablico e de direito privado<\/strong><\/td><\/tr><tr><td class=\"has-text-align-center\" data-align=\"center\"><strong>FP de direito p\u00fablico<\/strong><\/td><td class=\"has-text-align-center\" data-align=\"center\"><strong>FP de direito privado<\/strong><\/td><\/tr><tr><td class=\"has-text-align-center\" data-align=\"center\">PJ de direito p\u00fablico<\/td><td class=\"has-text-align-center\" data-align=\"center\">PJ de direito privado<\/td><\/tr><tr><td class=\"has-text-align-center\" data-align=\"center\" colspan=\"2\">pertencem \u00e0 administra\u00e7\u00e3o indireta<\/td><\/tr><tr><td class=\"has-text-align-center\" data-align=\"center\">criadas por lei espec\u00edfica<\/td><td class=\"has-text-align-center\" data-align=\"center\">criadas por autoriza\u00e7\u00e3o legislativa<\/td><\/tr><tr><td class=\"has-text-align-center\" data-align=\"center\">PJ surge com a entrada em vigor da lei criadora<\/td><td class=\"has-text-align-center\" data-align=\"center\">PJ surge com o registro dos atos constitutivos no \u00f3rg\u00e3o competente<\/td><\/tr><tr><td class=\"has-text-align-center\" data-align=\"center\">extintas por lei espec\u00edfica<\/td><td class=\"has-text-align-center\" data-align=\"center\">extintas pela baixa no \u00f3rg\u00e3o competente<\/td><\/tr><tr><td class=\"has-text-align-center\" data-align=\"center\">natureza de autarquia<\/td><td class=\"has-text-align-center\" data-align=\"center\">&#8211;<\/td><\/tr><tr><td class=\"has-text-align-center\" data-align=\"center\">podem ser titulares de servi\u00e7os p\u00fablicos<\/td><td class=\"has-text-align-center\" data-align=\"center\">n\u00e3o podem titularizar servi\u00e7os p\u00fablicos<\/td><\/tr><\/tbody><\/table><figcaption class=\"wp-element-caption\">(Fonte: Mazza, 2022<sup data-fn=\"b0e2be29-bcad-4080-b912-7b0371d2cdda\" class=\"fn\"><a id=\"b0e2be29-bcad-4080-b912-7b0371d2cdda-link\" href=\"#b0e2be29-bcad-4080-b912-7b0371d2cdda\">3<\/a><\/sup>).<\/figcaption><\/figure>\n\n\n\n<p><\/p>\n\n\n\n<p style=\"font-size:clamp(14px, 0.875rem + ((1vw - 3.2px) * 0.588), 20px);\"><strong>Empresas Estatais<\/strong><\/p>\n\n\n\n<p>S\u00e3o consideradas empresas estatais as <strong>pessoas jur\u00eddicas de direito privado<\/strong>, pertencentes \u00e0 administra\u00e7\u00e3o p\u00fablica indireta, exceto as de natureza fundacional, tais como <strong>empresas p\u00fablicas, sociedades de economia mista e suas subsidi\u00e1rias<\/strong>.<\/p>\n\n\n\n<p>De acordo com a doutrina, as estatais t\u00eam as seguintes caracter\u00edsticas:<\/p>\n\n\n\n<ul class=\"wp-block-list\">\n<li>Est\u00e3o sujeitas ao <strong>controle dos Tribunais de Contas<\/strong>;<\/li>\n<\/ul>\n\n\n\n<ul class=\"wp-block-list\">\n<li>Est\u00e3o submetidas ao<strong> princ\u00edpio licitat\u00f3rio <\/strong>para a contrata\u00e7\u00e3o de bens, servi\u00e7os e obras (exceto as exploradoras de atividade econ\u00f4mica, relativamente a bens, servi\u00e7os e obras relacionados \u00e0 sua atividade fim);<\/li>\n\n\n\n<li>Devem realizar <strong>concurso p\u00fablico <\/strong>para a contrata\u00e7\u00e3o de pessoal;<\/li>\n<\/ul>\n\n\n\n<ul class=\"wp-block-list\">\n<li>Est\u00e3o sujeitas \u00e0 <strong>proibi\u00e7\u00e3o de acumula\u00e7\u00e3o de cargos, empregos ou fun\u00e7\u00f5es p\u00fablicas<\/strong>;<\/li>\n<\/ul>\n\n\n\n<ul class=\"wp-block-list\">\n<li>O regime jur\u00eddico de pessoal \u00e9 o <strong>celetista<\/strong>, regulado pela CLT;<\/li>\n<\/ul>\n\n\n\n<ul class=\"wp-block-list\">\n<li>Salvo nos casos em que receberem recursos p\u00fablicos para custeio, a<strong> remunera\u00e7\u00e3o dos empregos n\u00e3o se limita ao teto constitucional<\/strong>;<\/li>\n<\/ul>\n\n\n\n<ul class=\"wp-block-list\">\n<li>N\u00e3o est\u00e3o sujeitas \u00e0<strong> fal\u00eancia<\/strong>.<\/li>\n<\/ul>\n\n\n\n<p><\/p>\n\n\n\n<p><strong>Empresas P\u00fablicas<\/strong>: S\u00e3o pessoas jur\u00eddicas de direito <strong>privado<\/strong>, criadas por <strong>autoriza\u00e7\u00e3o <\/strong>legislativa e com capital <strong>integralmente p\u00fablico<\/strong>, para a explora\u00e7\u00e3o de atividades econ\u00f4micas&nbsp; ou a presta\u00e7\u00e3o de servi\u00e7os.<\/p>\n\n\n\n<p>As empresas p\u00fablicas podem ser criadas mediante <strong>qualquer forma<\/strong> poss\u00edvel no ordenamento jur\u00eddico. <strong>Exemplos<\/strong>: Caixa Econ\u00f4mica Federal, BNDES, Codevasf, Embrapa, Serpro, Correios, Infraero etc.<\/p>\n\n\n\n<p>Cabe ressaltar que os processos relativos a <strong>empresas p\u00fablicas federais<\/strong> correm na <strong>Justi\u00e7a Federal<\/strong>. J\u00e1 o foro competente das demais empresas p\u00fablicas \u00e9 o da<strong> Justi\u00e7a Comum Estadual<\/strong> (varas especializadas da Fazenda P\u00fablica).<\/p>\n\n\n\n<p><strong>Sociedades de Economia Mista<\/strong>: Assim como as empresas p\u00fablicas, as sociedades de economia mista s\u00e3o entidades com personalidade jur\u00eddica de direito <strong>privado<\/strong>, cuja cria\u00e7\u00e3o \u00e9 <strong>autorizada <\/strong>por lei, para a explora\u00e7\u00e3o de atividade econ\u00f4mica em <strong>regime concorrencial<\/strong>.<\/p>\n\n\n\n<p>As sociedades de economia mista possuem <strong>capital majoritariamente p\u00fablico<\/strong>, mas admitem que parte do capital seja de origem privada.&nbsp;<\/p>\n\n\n\n<p>Quanto \u00e0 sua <strong>forma de constitui\u00e7\u00e3o<\/strong>, as sociedades de economia mista somente podem se revestir de <strong>sociedades an\u00f4nimas<\/strong> (S\/A).<\/p>\n\n\n\n<p>S\u00e3o <strong>exemplos <\/strong>de sociedades de economia mista: Petrobr\u00e1s, Eletrobr\u00e1s, Sabesp, Telebr\u00e1s, Furnas, Copasa, Banco do Nordeste, Sanepar, Banrisul, Banco do Brasil etc.<\/p>\n\n\n\n<p>Os processos relativos \u00e0s sociedades de economia mista s\u00e3o julgados na<strong> justi\u00e7a estadual<\/strong>.<\/p>\n\n\n\n<figure class=\"wp-block-table aligncenter\"><table class=\"has-fixed-layout\"><tbody><tr><td class=\"has-text-align-center\" data-align=\"center\" colspan=\"2\"><strong>Comparativo entre EP e SEM<\/strong><\/td><\/tr><tr><td class=\"has-text-align-center\" data-align=\"center\"><strong>Empresas P\u00fablicas &#8211; EP<\/strong><\/td><td class=\"has-text-align-center\" data-align=\"center\"><strong>Sociedades de Economia Mista &#8211; SEM<\/strong><\/td><\/tr><tr><td class=\"has-text-align-center\" data-align=\"center\" colspan=\"2\">PJ de direito privado<\/td><\/tr><tr><td class=\"has-text-align-center\" data-align=\"center\">capital 100% p\u00fablico<\/td><td class=\"has-text-align-center\" data-align=\"center\">maioria do capital votante p\u00fablico<\/td><\/tr><tr><td class=\"has-text-align-center\" data-align=\"center\">admite qualquer forma&nbsp;<\/td><td class=\"has-text-align-center\" data-align=\"center\">somente sociedade an\u00f4nima (S\/A)<\/td><\/tr><tr><td class=\"has-text-align-center\" data-align=\"center\">EP federal &#8211; foro \u00e9 da justi\u00e7a federal; demais EP t\u00eam foro na justi\u00e7a comum estadual<\/td><td class=\"has-text-align-center\" data-align=\"center\"><br \/>justi\u00e7a comum estadual<\/td><\/tr><tr><td class=\"has-text-align-center\" data-align=\"center\">Varas da Fazenda P\u00fablica<\/td><td class=\"has-text-align-center\" data-align=\"center\">Varas C\u00edveis<\/td><\/tr><tr><td class=\"has-text-align-center\" data-align=\"center\" colspan=\"2\">Compet\u00eancia ordin\u00e1ria estadual em causas de&nbsp;acidente do trabalho (S\u00famula 501 do STF).<\/td><\/tr><\/tbody><\/table><figcaption class=\"wp-element-caption\">(Fonte: Mazza, 2022<sup data-fn=\"556dea39-0cce-4bf6-9f0b-1fd07ac3f839\" class=\"fn\"><a id=\"556dea39-0cce-4bf6-9f0b-1fd07ac3f839-link\" href=\"#556dea39-0cce-4bf6-9f0b-1fd07ac3f839\">4<\/a><\/sup>)<\/figcaption><\/figure>\n\n\n\n<p><\/p>\n\n\n\n<p><strong>Subsidi\u00e1rias<\/strong>: Compreendem as pessoas jur\u00eddicas de direito privado,<strong>integrantes da administra\u00e7\u00e3o indireta<\/strong>, controladas por uma entidade matriz (holding), tamb\u00e9m pertencente \u00e0 administra\u00e7\u00e3o indireta.&nbsp;<\/p>\n\n\n\n<p><strong>Exemplos<\/strong>: Transpetro e Liquig\u00e1s (controladas pela Petrobr\u00e1s, que \u00e9 a holding) e&nbsp; BB Seguridade (Banco do Brasil \u00e9 a holding).<\/p>\n\n\n\n<p>De acordo com a <strong><a href=\"https:\/\/www.planalto.gov.br\/ccivil_03\/constituicao\/constituicaocompilado.htm\" target=\"_blank\" rel=\"noreferrer noopener\">Constitui\u00e7\u00e3o Federal<\/a><\/strong>, a cria\u00e7\u00e3o de subsidi\u00e1rias <strong>depende de autoriza\u00e7\u00e3o legislativa.<\/strong> Tal exig\u00eancia tamb\u00e9m ocorre no caso de participa\u00e7\u00e3o dessas subsidi\u00e1rias em outras empresas privadas.<\/p>\n\n\n\n<p>Nesse sentido, \u00e9 importante destacar o entendimento do Supremo Tribunal Federal &#8211; STF, segundo o qual <strong>a autoriza\u00e7\u00e3o legislativa pode ser dispensada <\/strong>quando houver previs\u00e3o para esse fim na pr\u00f3pria lei que instituiu a empresa principal (<a href=\"https:\/\/portal.stf.jus.br\/peticaoInicial\/verPeticaoInicial.asp?base=ADI&amp;documento=&amp;s1=1649&amp;numProcesso=1649\" target=\"_blank\" rel=\"noreferrer noopener\">ADIn 1.649\/DF<\/a>).<\/p>\n\n\n\n<p><\/p>\n\n\n\n<p><strong>Controladas<\/strong>: As empresas controladas s\u00e3o aquelas em que <strong>todo ou parte de seu capital foi adquirido por uma empresa estatal<\/strong>.<\/p>\n\n\n\n<p><strong>As empresas controladas n\u00e3o integram a administra\u00e7\u00e3o p\u00fablica<\/strong>, haja vista que a sua institui\u00e7\u00e3o n\u00e3o depende de autoriza\u00e7\u00e3o legislativa. Exemplo: BB Elo (Elo Cart\u00f5es), Agip do Brasil etc.<\/p>\n\n\n\n<p><strong>Aten\u00e7\u00e3o<\/strong>:<\/p>\n\n\n\n<figure class=\"wp-block-table aligncenter\"><table class=\"has-fixed-layout\"><tbody><tr><td class=\"has-text-align-center\" data-align=\"center\"><strong>Empresas Subsidi\u00e1rias<\/strong><\/td><td class=\"has-text-align-center\" data-align=\"center\">Pertencem \u00e0 Adm P\u00fablica<\/td><\/tr><tr><td class=\"has-text-align-center\" data-align=\"center\"><strong>Empresas Controladas<\/strong><\/td><td class=\"has-text-align-center\" data-align=\"center\">N\u00e3o pertencem \u00e0 Adm P\u00fablica<\/td><\/tr><\/tbody><\/table><\/figure>\n\n\n\n<p><\/p>\n\n\n\n<p>Por fim, vale \u00e0 pena trazer aqui tamb\u00e9m o entendimento do STF a respeito da aliena\u00e7\u00e3o de empresas estatais.<\/p>\n\n\n\n<p>De acordo com a Suprema Corte<sup data-fn=\"a6120f3d-a60c-4188-a077-50d5f8910985\" class=\"fn\"><a id=\"a6120f3d-a60c-4188-a077-50d5f8910985-link\" href=\"#a6120f3d-a60c-4188-a077-50d5f8910985\">5<\/a><\/sup>, a aliena\u00e7\u00e3o de estatais <strong>depende de autoriza\u00e7\u00e3o legislativa e licita\u00e7\u00e3o<\/strong>. J\u00e1 no caso de <strong>subsidi\u00e1rias, tal exig\u00eancia n\u00e3o \u00e9 necess\u00e1ria<\/strong>, desde que observados os princ\u00edpios da administra\u00e7\u00e3o p\u00fablica e respeitada a competitividade.<\/p>\n\n\n\n<p>Vejamos:<\/p>\n\n\n\n<p class=\"has-pale-cyan-blue-background-color has-background\"><em>\u201cEm conclus\u00e3o de julgamento, o Plen\u00e1rio, em voto m\u00e9dio, referendou parcialmente medida cautelar anteriormente concedida em a\u00e7\u00e3o direta de inconstitucionalidade, para conferir ao art. 29, caput, XVIII, da Lei 13.303\/2016 (1) interpreta\u00e7\u00e3o conforme \u00e0 Constitui\u00e7\u00e3o Federal (CF), nos seguintes termos:<\/em><strong><em> i) a aliena\u00e7\u00e3o do controle acion\u00e1rio de empresas p\u00fablicas e sociedades de economia mista exige autoriza\u00e7\u00e3o legislativa e licita\u00e7\u00e3o; e ii) a exig\u00eancia de autoriza\u00e7\u00e3o legislativa, todavia, n\u00e3o se aplica \u00e0 aliena\u00e7\u00e3o do controle de suas subsidi\u00e1rias e controladas. Nesse caso, a opera\u00e7\u00e3o pode ser realizada sem a necessidade de licita\u00e7\u00e3o, desde que siga procedimentos que observem os princ\u00edpios da administra\u00e7\u00e3o p\u00fablica inscritos no art. 37 da CF (2), respeitada, sempre, a exig\u00eancia de necess\u00e1ria competitividade (<\/em><\/strong><a href=\"http:\/\/www.stf.jus.br\/\/arquivo\/informativo\/documento\/informativo942.htm\"><strong><em>Informativo 942<\/em><\/strong><\/a><strong><em>)<\/em><\/strong><em>. O voto m\u00e9dio reproduziu o entendimento majorit\u00e1rio extra\u00eddo dos pronunciamentos dos ministros em ju\u00edzo de deliba\u00e7\u00e3o.\u201d<\/em><\/p>\n\n\n\n<p><\/p>\n\n\n\n<p>Ficamos por aqui\u2026<\/p>\n\n\n\n<p>Para se aprofundar no assunto, estude com nossos <a href=\"https:\/\/www.estrategiaconcursos.com.br\/cursos\/concurso\/\">materiais em pdf e em v\u00eddeo aulas<\/a>, e aumente as suas chances de aprova\u00e7\u00e3o.<\/p>\n\n\n\n<p>Bons estudos e at\u00e9 a pr\u00f3xima!<\/p>\n\n\n\n<p>Nilson Assis<\/p>\n\n\n\n<p>Analista Legislativo do Senado Federal<\/p>\n\n\n\n<p>@nsassis.concursos<\/p>\n\n\n\n<ul class=\"wp-block-list\">\n<li><a href=\"https:\/\/www.estrategiaconcursos.com.br\/blog\/concursos-2026\/\">Concursos 2026<\/a><\/li>\n\n\n\n<li><a href=\"https:\/\/www.estrategiaconcursos.com.br\/blog\/concursos-2025\/\">Concursos 2025<\/a><\/li>\n\n\n\n<li><a href=\"https:\/\/www.estrategiaconcursos.com.br\/blog\/concursos-federais-2023\/\">Concursos federais<\/a><\/li>\n\n\n\n<li><a href=\"https:\/\/cj.estrategia.com\/portal\/concursos-abertos-carreiras-juridicas\/\">Concursos abertos Carreiras Jur\u00eddicas<\/a><\/li>\n\n\n\n<li><a href=\"https:\/\/www.estrategiaconcursos.com.br\/blog\/concursos-abertos\/\">Concursos abertos<\/a><\/li>\n<\/ul>\n\n\n\n<p><\/p>\n\n\n\n<p style=\"font-size:clamp(16.293px, 1.018rem + ((1vw - 3.2px) * 0.854), 25px);\"><strong>Refer\u00eancias Bibliogr\u00e1ficas<\/strong><\/p>\n\n\n\n<p><\/p>\n\n\n\n<p>ALEXANDRINO, M; PAULO, V. <strong>Direito administrativo descomplicado \/ Marcelo Alexandrino, Vicente Paulo<\/strong>. &#8211; 16. ed. rev. e atual. &#8211; S\u00e3o Paulo: M\u00e9todo, 2008.<\/p>\n\n\n\n<p>BRASIL. [Constitui\u00e7\u00e3o (1988)]. <strong>Constitui\u00e7\u00e3o da Rep\u00fablica Federativa do Brasil de 1988<\/strong>. Dispon\u00edvel em: <a href=\"https:\/\/www.planalto.gov.br\/ccivil_03\/constituicao\/constituicaocompilado.htm\">https:\/\/www.planalto.gov.br\/ccivil_03\/constituicao\/constituicaocompilado.htm<\/a>. Acesso em: 30 Dez. 2025.<\/p>\n\n\n\n<p>BRASIL. <strong>Decreto-Lei n\u00ba 200, de 25 de fevereiro de 1967<\/strong>. Disp\u00f5e sobre a organiza\u00e7\u00e3o da Administra\u00e7\u00e3o Federal, estabelece diretrizes para a Reforma Administrativa e d\u00e1 outras provid\u00eancias. Di\u00e1rio Oficial da Uni\u00e3o, Bras\u00edlia, DF, 25 fev. 1967.<\/p>\n\n\n\n<p>BRASIL. <strong>Lei n\u00ba 13.303, de 27 de junho de 2016<\/strong>. Disp\u00f5e sobre o estatuto jur\u00eddico da empresa p\u00fablica, da sociedade de economia mista e de suas subsidi\u00e1rias, no \u00e2mbito da Uni\u00e3o, dos Estados, do Distrito Federal e dos Munic\u00edpios; e altera a Lei no 9.491, de 9 de setembro de 1997. Di\u00e1rio Oficial da Uni\u00e3o, Bras\u00edlia, DF, 28 jun. 2016.&nbsp;<\/p>\n\n\n\n<p>MAZZA, Alexandre. <strong>Manual de Direito Administrativo<\/strong> &#8211; 12\u00aa edi\u00e7\u00e3o. S\u00e3o Paulo: Saraiva, 2022.<\/p>\n\n\n\n<p>STF. <strong>ADI 5624 MC-Ref\/DF<\/strong>, rel. Min. Ricardo Lewandowski, julgamento em 5 e 6.6.2019. (Info: 943).<\/p>\n\n\n\n<p><\/p>\n\n\n\n<p style=\"font-size:clamp(16.293px, 1.018rem + ((1vw - 3.2px) * 0.854), 25px);\"><strong>Notas<\/strong><\/p>\n\n\n\n<p><\/p>\n\n\n<ol class=\"wp-block-footnotes\"><li id=\"df94292f-8bc4-4221-8af9-54eec2a43ace\">ALEXANDRINO, M; PAULO, V. <strong>Direito administrativo descomplicado \/ Marcelo Alexandrino, Vicente Paulo<\/strong>. &#8211; 16. ed. rev. e atual. &#8211; S\u00e3o Paulo: M\u00e9todo, 2008, p. 27-28. <a href=\"#df94292f-8bc4-4221-8af9-54eec2a43ace-link\" aria-label=\"Ir para a refer\u00eancia 1 na nota de rodap\u00e9\">\u21a9\ufe0e<\/a><\/li><li id=\"5b948c17-6c35-4853-afaf-f1c7916274e3\">MAZZA, Alexandre. <strong>Manual de Direito Administrativo<\/strong> &#8211; 12\u00aa edi\u00e7\u00e3o. S\u00e3o Paulo: Saraiva, 2022, p. 434. <a href=\"#5b948c17-6c35-4853-afaf-f1c7916274e3-link\" aria-label=\"Ir para a refer\u00eancia 2 na nota de rodap\u00e9\">\u21a9\ufe0e<\/a><\/li><li id=\"b0e2be29-bcad-4080-b912-7b0371d2cdda\">MAZZA, Alexandre. <strong>Manual de Direito Administrativo<\/strong> &#8211; 12\u00aa edi\u00e7\u00e3o. S\u00e3o Paulo: Saraiva, 2022, p. 435 <a href=\"#b0e2be29-bcad-4080-b912-7b0371d2cdda-link\" aria-label=\"Ir para a refer\u00eancia 3 na nota de rodap\u00e9\">\u21a9\ufe0e<\/a><\/li><li id=\"556dea39-0cce-4bf6-9f0b-1fd07ac3f839\">MAZZA, Alexandre. <strong>Manual de Direito Administrativo<\/strong> &#8211; 12\u00aa edi\u00e7\u00e3o. S\u00e3o Paulo: Saraiva, 2022, p. 427 <a href=\"#556dea39-0cce-4bf6-9f0b-1fd07ac3f839-link\" aria-label=\"Ir para a refer\u00eancia 4 na nota de rodap\u00e9\">\u21a9\ufe0e<\/a><\/li><li id=\"a6120f3d-a60c-4188-a077-50d5f8910985\">STF. <strong>ADI 5624 MC-Ref\/DF<\/strong>, rel. Min. Ricardo Lewandowski, julgamento em 5 e 6.6.2019. (Info: 943). <a href=\"#a6120f3d-a60c-4188-a077-50d5f8910985-link\" aria-label=\"Ir para a refer\u00eancia 5 na nota de rodap\u00e9\">\u21a9\ufe0e<\/a><\/li><\/ol>","protected":false},"excerpt":{"rendered":"<p>Ol\u00e1, pessoal! Tudo bem? Neste artigo, vamos falar sobre a Administra\u00e7\u00e3o Indireta. Trata-se de um assunto de grande incid\u00eancia em provas de concurso, que possivelmente estar\u00e1 na prova da SEFAZ-SP. Sem mais delongas, vamos ao conte\u00fado. Conceito de administra\u00e7\u00e3o indireta A administra\u00e7\u00e3o p\u00fablica indireta corresponde ao conjunto de pessoas jur\u00eddicas (entidades) criadas pelo Estado para [&hellip;]<\/p>\n","protected":false},"author":2894,"featured_media":1654252,"comment_status":"open","ping_status":"closed","sticky":false,"template":"","format":"standard","meta":{"post_tipo":"article","footnotes":"[{\"content\":\"ALEXANDRINO, M; PAULO, V. <strong>Direito administrativo descomplicado \/ Marcelo Alexandrino, Vicente Paulo<\/strong>. - 16. ed. rev. e atual. - S\u00e3o Paulo: M\u00e9todo, 2008, p. 27-28.\",\"id\":\"df94292f-8bc4-4221-8af9-54eec2a43ace\"},{\"content\":\"MAZZA, Alexandre. <strong>Manual de Direito Administrativo<\/strong> - 12\u00aa edi\u00e7\u00e3o. S\u00e3o Paulo: Saraiva, 2022, p. 434.\",\"id\":\"5b948c17-6c35-4853-afaf-f1c7916274e3\"},{\"content\":\"MAZZA, Alexandre. <strong>Manual de Direito Administrativo<\/strong> - 12\u00aa edi\u00e7\u00e3o. S\u00e3o Paulo: Saraiva, 2022, p. 435\",\"id\":\"b0e2be29-bcad-4080-b912-7b0371d2cdda\"},{\"content\":\"MAZZA, Alexandre. <strong>Manual de Direito Administrativo<\/strong> - 12\u00aa edi\u00e7\u00e3o. S\u00e3o Paulo: Saraiva, 2022, p. 427\",\"id\":\"556dea39-0cce-4bf6-9f0b-1fd07ac3f839\"},{\"content\":\"STF. <strong>ADI 5624 MC-Ref\/DF<\/strong>, rel. Min. Ricardo Lewandowski, julgamento em 5 e 6.6.2019. (Info: 943).\",\"id\":\"a6120f3d-a60c-4188-a077-50d5f8910985\"}]"},"categories":[1],"tags":[],"tax_estado":[],"class_list":["post-1692918","post","type-post","status-publish","format-standard","has-post-thumbnail","hentry","category-cursos-e-concursos"],"acf":[],"yoast_head":"<!-- This site is optimized with the Yoast SEO Premium plugin v27.2 (Yoast SEO v27.2) - https:\/\/yoast.com\/product\/yoast-seo-premium-wordpress\/ -->\n<title>Administra\u00e7\u00e3o Indireta para a SEFAZ-SP<\/title>\n<meta name=\"description\" content=\"Ol\u00e1, pessoal! Tudo bem? Neste artigo, vamos falar sobre a Administra\u00e7\u00e3o Indireta, um assunto que possivelmente estar\u00e1 na prova da SEFAZ-SP.\" \/>\n<meta name=\"robots\" content=\"index, follow, max-snippet:-1, max-image-preview:large, max-video-preview:-1\" \/>\n<link rel=\"canonical\" href=\"https:\/\/www.estrategiaconcursos.com.br\/blog\/administracao-indireta-sefaz-sp\/\" \/>\n<meta property=\"og:locale\" content=\"pt_BR\" \/>\n<meta property=\"og:type\" content=\"article\" \/>\n<meta property=\"og:title\" content=\"Administra\u00e7\u00e3o Indireta para a SEFAZ-SP\" \/>\n<meta property=\"og:description\" content=\"Ol\u00e1, pessoal! Tudo bem? Neste artigo, vamos falar sobre a Administra\u00e7\u00e3o Indireta, um assunto que possivelmente estar\u00e1 na prova da SEFAZ-SP.\" \/>\n<meta property=\"og:url\" content=\"https:\/\/www.estrategiaconcursos.com.br\/blog\/administracao-indireta-sefaz-sp\/\" \/>\n<meta property=\"og:site_name\" content=\"Estrat\u00e9gia Concursos\" \/>\n<meta property=\"article:published_time\" content=\"2026-01-24T17:19:00+00:00\" \/>\n<meta property=\"og:image\" content=\"https:\/\/dhg1h5j42swfq.cloudfront.net\/2025\/10\/13123014\/image-146.png\" \/>\n\t<meta property=\"og:image:width\" content=\"465\" \/>\n\t<meta property=\"og:image:height\" content=\"243\" \/>\n\t<meta property=\"og:image:type\" content=\"image\/png\" \/>\n<meta name=\"author\" content=\"Nilson Silva de Assis\" \/>\n<meta name=\"twitter:card\" content=\"summary_large_image\" \/>\n<meta name=\"twitter:creator\" content=\"@EstratConcursos\" \/>\n<meta name=\"twitter:site\" content=\"@EstratConcursos\" \/>\n<meta name=\"twitter:label1\" content=\"Escrito por\" \/>\n\t<meta name=\"twitter:data1\" content=\"Nilson Silva de Assis\" \/>\n\t<meta name=\"twitter:label2\" content=\"Est. tempo de leitura\" \/>\n\t<meta name=\"twitter:data2\" content=\"11 minutos\" \/>\n<script type=\"application\/ld+json\" class=\"yoast-schema-graph\">{\"@context\":\"https:\/\/schema.org\",\"@graph\":[{\"@type\":\"NewsArticle\",\"@id\":\"https:\/\/www.estrategiaconcursos.com.br\/blog\/administracao-indireta-sefaz-sp\/#article\",\"isPartOf\":{\"@id\":\"https:\/\/www.estrategiaconcursos.com.br\/blog\/administracao-indireta-sefaz-sp\/\"},\"author\":{\"name\":\"Nilson Silva de Assis\",\"@id\":\"https:\/\/www.estrategiaconcursos.com.br\/blog\/#\/schema\/person\/2602628e49ec93d5f782b149f91603ab\"},\"headline\":\"Administra\u00e7\u00e3o Indireta para a SEFAZ-SP\",\"datePublished\":\"2026-01-24T17:19:00+00:00\",\"mainEntityOfPage\":{\"@id\":\"https:\/\/www.estrategiaconcursos.com.br\/blog\/administracao-indireta-sefaz-sp\/\"},\"wordCount\":2174,\"commentCount\":0,\"publisher\":{\"@id\":\"https:\/\/www.estrategiaconcursos.com.br\/blog\/#organization\"},\"image\":{\"@id\":\"https:\/\/www.estrategiaconcursos.com.br\/blog\/administracao-indireta-sefaz-sp\/#primaryimage\"},\"thumbnailUrl\":\"https:\/\/dhg1h5j42swfq.cloudfront.net\/2025\/10\/13123014\/image-146.png\",\"articleSection\":[\"Concursos P\u00fablicos\"],\"inLanguage\":\"pt-BR\",\"potentialAction\":[{\"@type\":\"CommentAction\",\"name\":\"Comment\",\"target\":[\"https:\/\/www.estrategiaconcursos.com.br\/blog\/administracao-indireta-sefaz-sp\/#respond\"]}],\"copyrightYear\":\"2026\",\"copyrightHolder\":{\"@id\":\"https:\/\/www.estrategiaconcursos.com.br\/blog\/#organization\"}},{\"@type\":\"WebPage\",\"@id\":\"https:\/\/www.estrategiaconcursos.com.br\/blog\/administracao-indireta-sefaz-sp\/\",\"url\":\"https:\/\/www.estrategiaconcursos.com.br\/blog\/administracao-indireta-sefaz-sp\/\",\"name\":\"Administra\u00e7\u00e3o Indireta para a SEFAZ-SP\",\"isPartOf\":{\"@id\":\"https:\/\/www.estrategiaconcursos.com.br\/blog\/#website\"},\"primaryImageOfPage\":{\"@id\":\"https:\/\/www.estrategiaconcursos.com.br\/blog\/administracao-indireta-sefaz-sp\/#primaryimage\"},\"image\":{\"@id\":\"https:\/\/www.estrategiaconcursos.com.br\/blog\/administracao-indireta-sefaz-sp\/#primaryimage\"},\"thumbnailUrl\":\"https:\/\/dhg1h5j42swfq.cloudfront.net\/2025\/10\/13123014\/image-146.png\",\"datePublished\":\"2026-01-24T17:19:00+00:00\",\"description\":\"Ol\u00e1, pessoal! Tudo bem? Neste artigo, vamos falar sobre a Administra\u00e7\u00e3o Indireta, um assunto que possivelmente estar\u00e1 na prova da SEFAZ-SP.\",\"breadcrumb\":{\"@id\":\"https:\/\/www.estrategiaconcursos.com.br\/blog\/administracao-indireta-sefaz-sp\/#breadcrumb\"},\"inLanguage\":\"pt-BR\",\"potentialAction\":[{\"@type\":\"ReadAction\",\"target\":[\"https:\/\/www.estrategiaconcursos.com.br\/blog\/administracao-indireta-sefaz-sp\/\"]}]},{\"@type\":\"ImageObject\",\"inLanguage\":\"pt-BR\",\"@id\":\"https:\/\/www.estrategiaconcursos.com.br\/blog\/administracao-indireta-sefaz-sp\/#primaryimage\",\"url\":\"https:\/\/dhg1h5j42swfq.cloudfront.net\/2025\/10\/13123014\/image-146.png\",\"contentUrl\":\"https:\/\/dhg1h5j42swfq.cloudfront.net\/2025\/10\/13123014\/image-146.png\",\"width\":465,\"height\":243,\"caption\":\"Administra\u00e7\u00e3o P\u00fablica Indireta\"},{\"@type\":\"BreadcrumbList\",\"@id\":\"https:\/\/www.estrategiaconcursos.com.br\/blog\/administracao-indireta-sefaz-sp\/#breadcrumb\",\"itemListElement\":[{\"@type\":\"ListItem\",\"position\":1,\"name\":\"In\u00edcio\",\"item\":\"https:\/\/www.estrategiaconcursos.com.br\/blog\/\"},{\"@type\":\"ListItem\",\"position\":2,\"name\":\"Administra\u00e7\u00e3o Indireta para a SEFAZ-SP\"}]},{\"@type\":\"WebSite\",\"@id\":\"https:\/\/www.estrategiaconcursos.com.br\/blog\/#website\",\"url\":\"https:\/\/www.estrategiaconcursos.com.br\/blog\/\",\"name\":\"Estrat\u00e9gia Concursos\",\"description\":\"O blog da Estrat\u00e9gia Concursos traz not\u00edcias sobre concursos e artigos de professores oferecendo cursos para concursos (pdf + videaulas) no site.\",\"publisher\":{\"@id\":\"https:\/\/www.estrategiaconcursos.com.br\/blog\/#organization\"},\"potentialAction\":[{\"@type\":\"SearchAction\",\"target\":{\"@type\":\"EntryPoint\",\"urlTemplate\":\"https:\/\/www.estrategiaconcursos.com.br\/blog\/?s={search_term_string}\"},\"query-input\":{\"@type\":\"PropertyValueSpecification\",\"valueRequired\":true,\"valueName\":\"search_term_string\"}}],\"inLanguage\":\"pt-BR\"},{\"@type\":\"Organization\",\"@id\":\"https:\/\/www.estrategiaconcursos.com.br\/blog\/#organization\",\"name\":\"Estrat\u00e9gia Concursos\",\"url\":\"https:\/\/www.estrategiaconcursos.com.br\/blog\/\",\"logo\":{\"@type\":\"ImageObject\",\"inLanguage\":\"pt-BR\",\"@id\":\"https:\/\/www.estrategiaconcursos.com.br\/blog\/#\/schema\/logo\/image\/\",\"url\":\"https:\/\/dhg1h5j42swfq.cloudfront.net\/2025\/06\/03203428\/logo_concursos-1.jpg\",\"contentUrl\":\"https:\/\/dhg1h5j42swfq.cloudfront.net\/2025\/06\/03203428\/logo_concursos-1.jpg\",\"width\":230,\"height\":60,\"caption\":\"Estrat\u00e9gia Concursos\"},\"image\":{\"@id\":\"https:\/\/www.estrategiaconcursos.com.br\/blog\/#\/schema\/logo\/image\/\"},\"sameAs\":[\"https:\/\/x.com\/EstratConcursos\"]},{\"@type\":\"Person\",\"@id\":\"https:\/\/www.estrategiaconcursos.com.br\/blog\/#\/schema\/person\/2602628e49ec93d5f782b149f91603ab\",\"name\":\"Nilson Silva de Assis\",\"image\":{\"@type\":\"ImageObject\",\"inLanguage\":\"pt-BR\",\"@id\":\"https:\/\/secure.gravatar.com\/avatar\/cdec26ae7042f64d4ddcb70bcf78a4fcbc02661bfa30a7ce3d8bf515b625a75a?s=96&d=mm&r=g\",\"url\":\"https:\/\/secure.gravatar.com\/avatar\/cdec26ae7042f64d4ddcb70bcf78a4fcbc02661bfa30a7ce3d8bf515b625a75a?s=96&d=mm&r=g\",\"contentUrl\":\"https:\/\/secure.gravatar.com\/avatar\/cdec26ae7042f64d4ddcb70bcf78a4fcbc02661bfa30a7ce3d8bf515b625a75a?s=96&d=mm&r=g\",\"caption\":\"Nilson Silva de Assis\"},\"description\":\"Atualmente \u00e9 Analista Legislativo do Senado Federal e Professor do Estrat\u00e9gia Concursos. Suas principais aprova\u00e7\u00f5es: Analista Legislativo do Senado Federal; Auditor Federal de Finan\u00e7as e Controle da CGU; Auditor-Fiscal da Receita Estadual da SEFAZ ES; T\u00e9cnico Fazend\u00e1rio do ISS Manaus; Assistente Executivo em Metrologia e Qualidade do Inmetro; Agente Fazend\u00e1rio do ISS Niter\u00f3i\/RJ; Assistente Administrativo da Prefeitura do Rio (RioSa\u00fade); Assistente Administrativo da Secretaria de Administra\u00e7\u00e3o do Munic\u00edpio do RJ.\",\"sameAs\":[\"https:\/\/www.instagram.com\/nilsonassis.concursos\/\",\"kedin.com\/in\/nilson-assis-954132295\/\"],\"url\":\"https:\/\/www.estrategiaconcursos.com.br\/blog\/author\/nilson-sdeassisgmail-com\/\"}]}<\/script>\n<!-- \/ Yoast SEO Premium plugin. -->","yoast_head_json":{"title":"Administra\u00e7\u00e3o Indireta para a SEFAZ-SP","description":"Ol\u00e1, pessoal! Tudo bem? Neste artigo, vamos falar sobre a Administra\u00e7\u00e3o Indireta, um assunto que possivelmente estar\u00e1 na prova da SEFAZ-SP.","robots":{"index":"index","follow":"follow","max-snippet":"max-snippet:-1","max-image-preview":"max-image-preview:large","max-video-preview":"max-video-preview:-1"},"canonical":"https:\/\/www.estrategiaconcursos.com.br\/blog\/administracao-indireta-sefaz-sp\/","og_locale":"pt_BR","og_type":"article","og_title":"Administra\u00e7\u00e3o Indireta para a SEFAZ-SP","og_description":"Ol\u00e1, pessoal! Tudo bem? Neste artigo, vamos falar sobre a Administra\u00e7\u00e3o Indireta, um assunto que possivelmente estar\u00e1 na prova da SEFAZ-SP.","og_url":"https:\/\/www.estrategiaconcursos.com.br\/blog\/administracao-indireta-sefaz-sp\/","og_site_name":"Estrat\u00e9gia Concursos","article_published_time":"2026-01-24T17:19:00+00:00","og_image":[{"width":465,"height":243,"url":"https:\/\/dhg1h5j42swfq.cloudfront.net\/2025\/10\/13123014\/image-146.png","type":"image\/png"}],"author":"Nilson Silva de Assis","twitter_card":"summary_large_image","twitter_creator":"@EstratConcursos","twitter_site":"@EstratConcursos","twitter_misc":{"Escrito por":"Nilson Silva de Assis","Est. tempo de leitura":"11 minutos"},"schema":{"@context":"https:\/\/schema.org","@graph":[{"@type":"NewsArticle","@id":"https:\/\/www.estrategiaconcursos.com.br\/blog\/administracao-indireta-sefaz-sp\/#article","isPartOf":{"@id":"https:\/\/www.estrategiaconcursos.com.br\/blog\/administracao-indireta-sefaz-sp\/"},"author":{"name":"Nilson Silva de Assis","@id":"https:\/\/www.estrategiaconcursos.com.br\/blog\/#\/schema\/person\/2602628e49ec93d5f782b149f91603ab"},"headline":"Administra\u00e7\u00e3o Indireta para a SEFAZ-SP","datePublished":"2026-01-24T17:19:00+00:00","mainEntityOfPage":{"@id":"https:\/\/www.estrategiaconcursos.com.br\/blog\/administracao-indireta-sefaz-sp\/"},"wordCount":2174,"commentCount":0,"publisher":{"@id":"https:\/\/www.estrategiaconcursos.com.br\/blog\/#organization"},"image":{"@id":"https:\/\/www.estrategiaconcursos.com.br\/blog\/administracao-indireta-sefaz-sp\/#primaryimage"},"thumbnailUrl":"https:\/\/dhg1h5j42swfq.cloudfront.net\/2025\/10\/13123014\/image-146.png","articleSection":["Concursos P\u00fablicos"],"inLanguage":"pt-BR","potentialAction":[{"@type":"CommentAction","name":"Comment","target":["https:\/\/www.estrategiaconcursos.com.br\/blog\/administracao-indireta-sefaz-sp\/#respond"]}],"copyrightYear":"2026","copyrightHolder":{"@id":"https:\/\/www.estrategiaconcursos.com.br\/blog\/#organization"}},{"@type":"WebPage","@id":"https:\/\/www.estrategiaconcursos.com.br\/blog\/administracao-indireta-sefaz-sp\/","url":"https:\/\/www.estrategiaconcursos.com.br\/blog\/administracao-indireta-sefaz-sp\/","name":"Administra\u00e7\u00e3o Indireta para a SEFAZ-SP","isPartOf":{"@id":"https:\/\/www.estrategiaconcursos.com.br\/blog\/#website"},"primaryImageOfPage":{"@id":"https:\/\/www.estrategiaconcursos.com.br\/blog\/administracao-indireta-sefaz-sp\/#primaryimage"},"image":{"@id":"https:\/\/www.estrategiaconcursos.com.br\/blog\/administracao-indireta-sefaz-sp\/#primaryimage"},"thumbnailUrl":"https:\/\/dhg1h5j42swfq.cloudfront.net\/2025\/10\/13123014\/image-146.png","datePublished":"2026-01-24T17:19:00+00:00","description":"Ol\u00e1, pessoal! Tudo bem? Neste artigo, vamos falar sobre a Administra\u00e7\u00e3o Indireta, um assunto que possivelmente estar\u00e1 na prova da SEFAZ-SP.","breadcrumb":{"@id":"https:\/\/www.estrategiaconcursos.com.br\/blog\/administracao-indireta-sefaz-sp\/#breadcrumb"},"inLanguage":"pt-BR","potentialAction":[{"@type":"ReadAction","target":["https:\/\/www.estrategiaconcursos.com.br\/blog\/administracao-indireta-sefaz-sp\/"]}]},{"@type":"ImageObject","inLanguage":"pt-BR","@id":"https:\/\/www.estrategiaconcursos.com.br\/blog\/administracao-indireta-sefaz-sp\/#primaryimage","url":"https:\/\/dhg1h5j42swfq.cloudfront.net\/2025\/10\/13123014\/image-146.png","contentUrl":"https:\/\/dhg1h5j42swfq.cloudfront.net\/2025\/10\/13123014\/image-146.png","width":465,"height":243,"caption":"Administra\u00e7\u00e3o P\u00fablica Indireta"},{"@type":"BreadcrumbList","@id":"https:\/\/www.estrategiaconcursos.com.br\/blog\/administracao-indireta-sefaz-sp\/#breadcrumb","itemListElement":[{"@type":"ListItem","position":1,"name":"In\u00edcio","item":"https:\/\/www.estrategiaconcursos.com.br\/blog\/"},{"@type":"ListItem","position":2,"name":"Administra\u00e7\u00e3o Indireta para a SEFAZ-SP"}]},{"@type":"WebSite","@id":"https:\/\/www.estrategiaconcursos.com.br\/blog\/#website","url":"https:\/\/www.estrategiaconcursos.com.br\/blog\/","name":"Estrat\u00e9gia Concursos","description":"O blog da Estrat\u00e9gia Concursos traz not\u00edcias sobre concursos e artigos de professores oferecendo cursos para concursos (pdf + videaulas) no site.","publisher":{"@id":"https:\/\/www.estrategiaconcursos.com.br\/blog\/#organization"},"potentialAction":[{"@type":"SearchAction","target":{"@type":"EntryPoint","urlTemplate":"https:\/\/www.estrategiaconcursos.com.br\/blog\/?s={search_term_string}"},"query-input":{"@type":"PropertyValueSpecification","valueRequired":true,"valueName":"search_term_string"}}],"inLanguage":"pt-BR"},{"@type":"Organization","@id":"https:\/\/www.estrategiaconcursos.com.br\/blog\/#organization","name":"Estrat\u00e9gia Concursos","url":"https:\/\/www.estrategiaconcursos.com.br\/blog\/","logo":{"@type":"ImageObject","inLanguage":"pt-BR","@id":"https:\/\/www.estrategiaconcursos.com.br\/blog\/#\/schema\/logo\/image\/","url":"https:\/\/dhg1h5j42swfq.cloudfront.net\/2025\/06\/03203428\/logo_concursos-1.jpg","contentUrl":"https:\/\/dhg1h5j42swfq.cloudfront.net\/2025\/06\/03203428\/logo_concursos-1.jpg","width":230,"height":60,"caption":"Estrat\u00e9gia Concursos"},"image":{"@id":"https:\/\/www.estrategiaconcursos.com.br\/blog\/#\/schema\/logo\/image\/"},"sameAs":["https:\/\/x.com\/EstratConcursos"]},{"@type":"Person","@id":"https:\/\/www.estrategiaconcursos.com.br\/blog\/#\/schema\/person\/2602628e49ec93d5f782b149f91603ab","name":"Nilson Silva de Assis","image":{"@type":"ImageObject","inLanguage":"pt-BR","@id":"https:\/\/secure.gravatar.com\/avatar\/cdec26ae7042f64d4ddcb70bcf78a4fcbc02661bfa30a7ce3d8bf515b625a75a?s=96&d=mm&r=g","url":"https:\/\/secure.gravatar.com\/avatar\/cdec26ae7042f64d4ddcb70bcf78a4fcbc02661bfa30a7ce3d8bf515b625a75a?s=96&d=mm&r=g","contentUrl":"https:\/\/secure.gravatar.com\/avatar\/cdec26ae7042f64d4ddcb70bcf78a4fcbc02661bfa30a7ce3d8bf515b625a75a?s=96&d=mm&r=g","caption":"Nilson Silva de Assis"},"description":"Atualmente \u00e9 Analista Legislativo do Senado Federal e Professor do Estrat\u00e9gia Concursos. Suas principais aprova\u00e7\u00f5es: Analista Legislativo do Senado Federal; Auditor Federal de Finan\u00e7as e Controle da CGU; Auditor-Fiscal da Receita Estadual da SEFAZ ES; T\u00e9cnico Fazend\u00e1rio do ISS Manaus; Assistente Executivo em Metrologia e Qualidade do Inmetro; Agente Fazend\u00e1rio do ISS Niter\u00f3i\/RJ; Assistente Administrativo da Prefeitura do Rio (RioSa\u00fade); Assistente Administrativo da Secretaria de Administra\u00e7\u00e3o do Munic\u00edpio do RJ.","sameAs":["https:\/\/www.instagram.com\/nilsonassis.concursos\/","kedin.com\/in\/nilson-assis-954132295\/"],"url":"https:\/\/www.estrategiaconcursos.com.br\/blog\/author\/nilson-sdeassisgmail-com\/"}]}},"_links":{"self":[{"href":"https:\/\/www.estrategiaconcursos.com.br\/blog\/wp-json\/wp\/v2\/posts\/1692918","targetHints":{"allow":["GET"]}}],"collection":[{"href":"https:\/\/www.estrategiaconcursos.com.br\/blog\/wp-json\/wp\/v2\/posts"}],"about":[{"href":"https:\/\/www.estrategiaconcursos.com.br\/blog\/wp-json\/wp\/v2\/types\/post"}],"author":[{"embeddable":true,"href":"https:\/\/www.estrategiaconcursos.com.br\/blog\/wp-json\/wp\/v2\/users\/2894"}],"replies":[{"embeddable":true,"href":"https:\/\/www.estrategiaconcursos.com.br\/blog\/wp-json\/wp\/v2\/comments?post=1692918"}],"version-history":[{"count":10,"href":"https:\/\/www.estrategiaconcursos.com.br\/blog\/wp-json\/wp\/v2\/posts\/1692918\/revisions"}],"predecessor-version":[{"id":1694584,"href":"https:\/\/www.estrategiaconcursos.com.br\/blog\/wp-json\/wp\/v2\/posts\/1692918\/revisions\/1694584"}],"wp:featuredmedia":[{"embeddable":true,"href":"https:\/\/www.estrategiaconcursos.com.br\/blog\/wp-json\/wp\/v2\/media\/1654252"}],"wp:attachment":[{"href":"https:\/\/www.estrategiaconcursos.com.br\/blog\/wp-json\/wp\/v2\/media?parent=1692918"}],"wp:term":[{"taxonomy":"category","embeddable":true,"href":"https:\/\/www.estrategiaconcursos.com.br\/blog\/wp-json\/wp\/v2\/categories?post=1692918"},{"taxonomy":"post_tag","embeddable":true,"href":"https:\/\/www.estrategiaconcursos.com.br\/blog\/wp-json\/wp\/v2\/tags?post=1692918"},{"taxonomy":"tax_estado","embeddable":true,"href":"https:\/\/www.estrategiaconcursos.com.br\/blog\/wp-json\/wp\/v2\/tax_estado?post=1692918"}],"curies":[{"name":"wp","href":"https:\/\/api.w.org\/{rel}","templated":true}]}}