{"id":1692832,"date":"2026-02-23T19:36:59","date_gmt":"2026-02-23T22:36:59","guid":{"rendered":"https:\/\/www.estrategiaconcursos.com.br\/blog\/?p=1692832"},"modified":"2026-02-24T13:53:11","modified_gmt":"2026-02-24T16:53:11","slug":"concurso-prefeitura-irani","status":"publish","type":"post","link":"https:\/\/www.estrategiaconcursos.com.br\/blog\/concurso-prefeitura-irani\/","title":{"rendered":"Concurso Irani SC: confira os gabaritos preliminares!"},"content":{"rendered":"\n<p>Foram divulgados os gabaritos preliminares da prova objetiva, principal avalia\u00e7\u00e3o do concurso p\u00fablico da <strong>Prefeitura de Irani, em Santa Catarina<\/strong>.<\/p>\n\n\n\n<ul class=\"wp-block-list\">\n<li><a href=\"https:\/\/dhg1h5j42swfq.cloudfront.net\/2026\/02\/23193527\/5c4cd390-504e-408b-8e62-a79bb5f9533d.pdf\" target=\"_blank\" rel=\"noreferrer noopener nofollow\">Gabaritos preliminares<\/a><\/li>\n<\/ul>\n\n\n\n<p>Agora, como de praxe, os candidatos podem interpor recursos. O procedimento pode ser feito entre 24 e 25 de fevereiro, no site da AMAUC.<\/p>\n\n\n\n<p>Lembrando que o edital oferece <strong>21 vagas<\/strong> imediatas mais forma\u00e7\u00e3o de cadastro reserva para diversos cargos e escolaridades.<\/p>\n\n\n\n<ul style=\"background-color:#eeefef\" class=\"wp-block-list has-background\">\n<li><strong>Prefeitura Municipal de Irani<\/strong> <strong>&#8211; SC<\/strong><\/li>\n\n\n\n<li><strong style=\"color: initial;\">Situa\u00e7\u00e3o:<\/strong><span style=\"color: initial;\">&nbsp;provas aplicadas<\/span><\/li>\n\n\n\n<li><strong>Banca:<\/strong>&nbsp;<a href=\"https:\/\/amauc.selecao.net.br\/informacoes\/123\/\" target=\"_blank\" rel=\"noreferrer noopener\">AMAUC<\/a><\/li>\n\n\n\n<li><strong>Vagas:<\/strong>&nbsp;21 + CR<\/li>\n\n\n\n<li><strong>Sal\u00e1rio inicial:<\/strong>&nbsp;R$ 1.742,50 a R$ 10.415,09<\/li>\n\n\n\n<li><strong>Edital:<\/strong> <a href=\"https:\/\/dhg1h5j42swfq.cloudfront.net\/2026\/01\/02142958\/c8dd84d4-fa44-4792-897a-f225043fd70c.pdf\" target=\"_blank\" rel=\"noreferrer noopener nofollow\">Edital Irani SC 2025<\/a><\/li>\n<\/ul>\n\n\n\n<p>Confira neste artigo mais informa\u00e7\u00f5es sobre o concurso Irani e os detalhes de seu edital. Acompanhe pelos t\u00f3picos abaixo:<\/p>\n\n\n\n<ul id=\"indice\" class=\"wp-block-list\">\n<li><a href=\"#ret\">Retifica\u00e7\u00f5es<\/a><\/li>\n\n\n\n<li><a href=\"#vagas\">Distribui\u00e7\u00e3o das vagas<\/a><\/li>\n\n\n\n<li><a href=\"#etapas\">Etapas<\/a><\/li>\n\n\n\n<li><a href=\"#cursos-assinatura\">Assinatura e cursos<\/a><\/li>\n\n\n\n<li><a href=\"#ficha-tecnica\">Ficha t\u00e9cnica<\/a><\/li>\n<\/ul>\n\n\n\n<div class=\"container\" id=\"boxes\">\n  <div class=\"row\">\n\n    <div class=\"col-sm\">\n      <div class=\"banner-prefeituras-ec\" id=\"box-assinatura\">\n        <h2 class=\"titulo-assinatura\" style=\"text-align: left;\">Concursos Prefeituras<\/h2>\n        <p class=\"subtitulo-assinatura\" style=\"text-align: left;\">Prepara\u00e7\u00e3o completa para a carreira!<\/p>\n        <div class=\"box-botao\" style=\"text-align: left;\">\n          <a class=\"btn-assinatura\" target=\"_blank\" href=\"https:\/\/www.estrategiaconcursos.com.br\/pesquisa\/?q=prefeitura+irani\/\" role=\"button\" rel=\"noopener noreferrer\">EXPLORAR CURSOS<\/a>\n        <\/div>\n      <\/div><\/div><\/div><\/div>\n\n\n\n<h2 class=\"wp-block-heading\" id=\"ret\">Retifica\u00e7\u00f5es do edital de concurso Irani<\/h2>\n\n\n\n<p><strong><a href=\"https:\/\/dhg1h5j42swfq.cloudfront.net\/2026\/01\/02142953\/2103f1f5-294a-4024-a33f-9fc1141ef8cd.pdf\" target=\"_blank\" rel=\"noreferrer noopener nofollow\">Retifica\u00e7\u00e3o 1<\/a> (31\/12\/2025):<\/strong> inclus\u00e3o do cargo de Arquiteto.<\/p>\n\n\n\n<p><strong><a href=\"https:\/\/dhg1h5j42swfq.cloudfront.net\/2026\/01\/07083704\/70df24dd-4735-42f4-a82e-bd49eb44db5a.pdf\" target=\"_blank\" rel=\"noreferrer noopener nofollow\">Retifica\u00e7\u00e3o 2<\/a> (06\/01\/2026): <\/strong>altera\u00e7\u00e3o no conte\u00fado program\u00e1tico e quadro de vagas.<\/p>\n\n\n\n<p><strong><a href=\"https:\/\/dhg1h5j42swfq.cloudfront.net\/2026\/02\/06084033\/3-2.pdf\" target=\"_blank\" rel=\"noreferrer noopener nofollow\">Retifica\u00e7\u00e3o 3<\/a> (08\/01\/2026): <\/strong>altera\u00e7\u00e3o no conte\u00fado program\u00e1tico.<\/p>\n\n\n\n<p><strong><a href=\"https:\/\/dhg1h5j42swfq.cloudfront.net\/2026\/02\/06084030\/4-1.pdf\" target=\"_blank\" rel=\"noreferrer noopener nofollow\">Retifica\u00e7\u00e3o 4<\/a> (09\/01\/2026): <\/strong>altera\u00e7\u00e3o na descri\u00e7\u00e3o dos cargos entre os quadros de prova objetiva.<\/p>\n\n\n\n<h2 class=\"wp-block-heading\" id=\"vagas\">Concurso Irani: distribui\u00e7\u00e3o das vagas<\/h2>\n\n\n\n<figure class=\"wp-block-table is-style-stripes\"><table><thead><tr><th class=\"has-text-align-center\" data-align=\"center\">Requisitos \/ Especialidade<\/th><th class=\"has-text-align-center\" data-align=\"center\">Cargo<\/th><th class=\"has-text-align-center\" data-align=\"center\">Vagas<\/th><th class=\"has-text-align-center\" data-align=\"center\">Sal\u00e1rio Mensal<\/th><\/tr><\/thead><tbody><tr><td class=\"has-text-align-center\" data-align=\"center\">Ensino Fundamental (m\u00ednimo at\u00e9 o 4\u00ba ano)<\/td><td class=\"has-text-align-center\" data-align=\"center\">Auxiliar de Servi\u00e7os Gerais<\/td><td class=\"has-text-align-center\" data-align=\"center\">CR<\/td><td class=\"has-text-align-center\" data-align=\"center\">R$ 1.742,50<\/td><\/tr><tr><td class=\"has-text-align-center\" data-align=\"center\">Ensino Fundamental (m\u00ednimo at\u00e9 o 4\u00ba ano)<\/td><td class=\"has-text-align-center\" data-align=\"center\">Agente de Copa e Limpeza<\/td><td class=\"has-text-align-center\" data-align=\"center\">CR<\/td><td class=\"has-text-align-center\" data-align=\"center\">R$ 1.742,50<\/td><\/tr><tr><td class=\"has-text-align-center\" data-align=\"center\">Ensino Fundamental (m\u00ednimo at\u00e9 o 4\u00ba ano)<\/td><td class=\"has-text-align-center\" data-align=\"center\">Agente de Constru\u00e7\u00e3o e Manuten\u00e7\u00e3o<\/td><td class=\"has-text-align-center\" data-align=\"center\">1 + CR<\/td><td class=\"has-text-align-center\" data-align=\"center\">R$ 3.488,81<\/td><\/tr><tr><td class=\"has-text-align-center\" data-align=\"center\">Ensino Fundamental (m\u00ednimo at\u00e9 o 4\u00ba ano) e CNH categoria C (art. 143\/144 CTB) e capacidade t\u00e9cnica<\/td><td class=\"has-text-align-center\" data-align=\"center\">Operador de M\u00e1quinas Rodovi\u00e1rias I<\/td><td class=\"has-text-align-center\" data-align=\"center\">1 + CR<\/td><td class=\"has-text-align-center\" data-align=\"center\">R$ 3.171,64<\/td><\/tr><tr><td class=\"has-text-align-center\" data-align=\"center\">Ensino Fundamental (m\u00ednimo at\u00e9 o 4\u00ba ano) e CNH categoria C (art. 143\/144 CTB) e capacidade t\u00e9cnica<\/td><td class=\"has-text-align-center\" data-align=\"center\">Operador de M\u00e1quinas Rodovi\u00e1rias II<\/td><td class=\"has-text-align-center\" data-align=\"center\">CR<\/td><td class=\"has-text-align-center\" data-align=\"center\">R$ 3.488,81<\/td><\/tr><tr><td class=\"has-text-align-center\" data-align=\"center\">Ensino Fundamental (m\u00ednimo at\u00e9 o 4\u00ba ano) e CNH categoria C (art. 143\/144 CTB) e capacidade t\u00e9cnica<\/td><td class=\"has-text-align-center\" data-align=\"center\">Operador de M\u00e1quinas Rodovi\u00e1rias III<\/td><td class=\"has-text-align-center\" data-align=\"center\">CR<\/td><td class=\"has-text-align-center\" data-align=\"center\">R$ 3.802,80<\/td><\/tr><tr><td class=\"has-text-align-center\" data-align=\"center\">Ensino Fundamental (m\u00ednimo at\u00e9 o 4\u00ba ano) e CNH categoria D (art. 143, IV)<\/td><td class=\"has-text-align-center\" data-align=\"center\">Motorista<\/td><td class=\"has-text-align-center\" data-align=\"center\">1 + CR<\/td><td class=\"has-text-align-center\" data-align=\"center\">R$ 2.574,39<\/td><\/tr><tr><td class=\"has-text-align-center\" data-align=\"center\">Ensino M\u00e9dio Completo<\/td><td class=\"has-text-align-center\" data-align=\"center\">Agente Comunit\u00e1ria de Sa\u00fade &#8211; \u00c1rea 01 (UBS Marlei Alves Batista)<\/td><td class=\"has-text-align-center\" data-align=\"center\">1 + CR<\/td><td class=\"has-text-align-center\" data-align=\"center\">R$ 3.066,36<\/td><\/tr><tr><td class=\"has-text-align-center\" data-align=\"center\">Ensino M\u00e9dio Completo<\/td><td class=\"has-text-align-center\" data-align=\"center\">Agente Comunit\u00e1ria de Sa\u00fade &#8211; \u00c1rea 02 (UBS Jo\u00e3o Gilberto Medeiros dos Santos)<\/td><td class=\"has-text-align-center\" data-align=\"center\">1 + CR<\/td><td class=\"has-text-align-center\" data-align=\"center\">R$ 3.066,36<\/td><\/tr><tr><td class=\"has-text-align-center\" data-align=\"center\">Ensino M\u00e9dio Completo<\/td><td class=\"has-text-align-center\" data-align=\"center\">Agente Comunit\u00e1ria de Sa\u00fade &#8211; \u00c1rea 03 (UBS Jo\u00e3o Gilberto Medeiros dos Santos)<\/td><td class=\"has-text-align-center\" data-align=\"center\">1 + CR<\/td><td class=\"has-text-align-center\" data-align=\"center\">R$ 3.066,36<\/td><\/tr><tr><td class=\"has-text-align-center\" data-align=\"center\">Ensino M\u00e9dio Completo<\/td><td class=\"has-text-align-center\" data-align=\"center\">Agente Comunit\u00e1ria de Sa\u00fade &#8211; \u00c1rea 04 (UBS Sede)<\/td><td class=\"has-text-align-center\" data-align=\"center\">1 + CR<\/td><td class=\"has-text-align-center\" data-align=\"center\">R$ 3.066,36<\/td><\/tr><tr><td class=\"has-text-align-center\" data-align=\"center\">Ensino M\u00e9dio Completo<\/td><td class=\"has-text-align-center\" data-align=\"center\">Agente Comunit\u00e1ria de Sa\u00fade &#8211; \u00c1rea 05 (UBS Noeli Terezinha Marcon)<\/td><td class=\"has-text-align-center\" data-align=\"center\">1 + CR<\/td><td class=\"has-text-align-center\" data-align=\"center\">R$ 3.066,36<\/td><\/tr><tr><td class=\"has-text-align-center\" data-align=\"center\">Ensino M\u00e9dio Completo<\/td><td class=\"has-text-align-center\" data-align=\"center\">Agente Administrativo<\/td><td class=\"has-text-align-center\" data-align=\"center\">1 + CR<\/td><td class=\"has-text-align-center\" data-align=\"center\">R$ 2.296,31<\/td><\/tr><tr><td class=\"has-text-align-center\" data-align=\"center\">Ensino M\u00e9dio Completo<\/td><td class=\"has-text-align-center\" data-align=\"center\">Agente de Recursos Humanos<\/td><td class=\"has-text-align-center\" data-align=\"center\">CR<\/td><td class=\"has-text-align-center\" data-align=\"center\">R$ 4.432,17<\/td><\/tr><tr><td class=\"has-text-align-center\" data-align=\"center\">Ensino M\u00e9dio Completo<\/td><td class=\"has-text-align-center\" data-align=\"center\">Auxiliar de Creche<\/td><td class=\"has-text-align-center\" data-align=\"center\">1 + CR<\/td><td class=\"has-text-align-center\" data-align=\"center\">R$ 1.916,75<\/td><\/tr><tr><td class=\"has-text-align-center\" data-align=\"center\">Ensino M\u00e9dio Completo e capacidade pr\u00e1tica<\/td><td class=\"has-text-align-center\" data-align=\"center\">Mec\u00e2nico<\/td><td class=\"has-text-align-center\" data-align=\"center\">CR<\/td><td class=\"has-text-align-center\" data-align=\"center\">R$ 3.171,64<\/td><\/tr><tr><td class=\"has-text-align-center\" data-align=\"center\">Ensino M\u00e9dio e Curso de Auxiliar em Sa\u00fade Bucal e registro no Conselho<\/td><td class=\"has-text-align-center\" data-align=\"center\">Auxiliar de Consult\u00f3rio Dent\u00e1rio<\/td><td class=\"has-text-align-center\" data-align=\"center\">1 + CR<\/td><td class=\"has-text-align-center\" data-align=\"center\">R$ 1.916,75<\/td><\/tr><tr><td class=\"has-text-align-center\" data-align=\"center\">Ensino M\u00e9dio T\u00e9cnico ou complementa\u00e7\u00e3o espec\u00edfica e inscri\u00e7\u00e3o no Conselho<\/td><td class=\"has-text-align-center\" data-align=\"center\">T\u00e9cnico em Enfermagem<\/td><td class=\"has-text-align-center\" data-align=\"center\">1 + CR<\/td><td class=\"has-text-align-center\" data-align=\"center\">R$ 3.802,80<\/td><\/tr><tr><td class=\"has-text-align-center\" data-align=\"center\">Ensino Superior Completo em Direito, Ci\u00eancias Cont\u00e1beis, Economia ou Administra\u00e7\u00e3o<\/td><td class=\"has-text-align-center\" data-align=\"center\">Auditor Tribut\u00e1rio<\/td><td class=\"has-text-align-center\" data-align=\"center\">1 + CR<\/td><td class=\"has-text-align-center\" data-align=\"center\">R$ 6.943,38<\/td><\/tr><tr><td class=\"has-text-align-center\" data-align=\"center\">Ensino Superior Completo em Administra\u00e7\u00e3o, Contabilidade, Engenharia Civil, Direito ou Economia<\/td><td class=\"has-text-align-center\" data-align=\"center\">Analista de Licita\u00e7\u00f5es e Contratos<\/td><td class=\"has-text-align-center\" data-align=\"center\">1 + CR<\/td><td class=\"has-text-align-center\" data-align=\"center\">R$ 4.432,17<\/td><\/tr><tr><td class=\"has-text-align-center\" data-align=\"center\">Ensino Superior em Contabilidade, Direito ou Administra\u00e7\u00e3o<\/td><td class=\"has-text-align-center\" data-align=\"center\">Agente de Controle Patrimonial<\/td><td class=\"has-text-align-center\" data-align=\"center\">CR<\/td><td class=\"has-text-align-center\" data-align=\"center\">R$ 3.992,93<\/td><\/tr><tr><td class=\"has-text-align-center\" data-align=\"center\">N\u00edvel Superior (Licenciatura Plena em Pedagogia ou Orienta\u00e7\u00e3o Escolar)<\/td><td class=\"has-text-align-center\" data-align=\"center\">Orientador Educacional<\/td><td class=\"has-text-align-center\" data-align=\"center\">1 + CR<\/td><td class=\"has-text-align-center\" data-align=\"center\">R$ 5.329,88<\/td><\/tr><tr><td class=\"has-text-align-center\" data-align=\"center\">N\u00edvel Superior (Licenciatura Plena em Educa\u00e7\u00e3o Especial ou Pedagogia)<\/td><td class=\"has-text-align-center\" data-align=\"center\">Auxiliar de Sala<\/td><td class=\"has-text-align-center\" data-align=\"center\">CR<\/td><td class=\"has-text-align-center\" data-align=\"center\">R$ 2.479,33<\/td><\/tr><tr><td class=\"has-text-align-center\" data-align=\"center\">N\u00edvel Superior, segundo especialidade e registro no Conselho<\/td><td class=\"has-text-align-center\" data-align=\"center\">Engenheiro Civil (20h)<\/td><td class=\"has-text-align-center\" data-align=\"center\">CR<\/td><td class=\"has-text-align-center\" data-align=\"center\">R$ 5.216,67<\/td><\/tr><tr><td class=\"has-text-align-center\" data-align=\"center\">N\u00edvel Superior, segundo especialidade e registro no Conselho<\/td><td class=\"has-text-align-center\" data-align=\"center\">Engenheiro Civil (40h)<\/td><td class=\"has-text-align-center\" data-align=\"center\">1 + CR<\/td><td class=\"has-text-align-center\" data-align=\"center\">R$ 10.415,09<\/td><\/tr><tr><td class=\"has-text-align-center\" data-align=\"center\">N\u00edvel Superior, segundo especialidade e registro no Conselho<\/td><td class=\"has-text-align-center\" data-align=\"center\">Arquiteto<\/td><td class=\"has-text-align-center\" data-align=\"center\">1 + CR<\/td><td class=\"has-text-align-center\" data-align=\"center\">R$ 10.415,09<\/td><\/tr><tr><td class=\"has-text-align-center\" data-align=\"center\">N\u00edvel Superior, segundo especialidade e registro no Conselho<\/td><td class=\"has-text-align-center\" data-align=\"center\">Assistente Social<\/td><td class=\"has-text-align-center\" data-align=\"center\">CR<\/td><td class=\"has-text-align-center\" data-align=\"center\">R$ 6.312,17<\/td><\/tr><tr><td class=\"has-text-align-center\" data-align=\"center\">N\u00edvel Superior, segundo especialidade e registro no Conselho<\/td><td class=\"has-text-align-center\" data-align=\"center\">Psic\u00f3logo<\/td><td class=\"has-text-align-center\" data-align=\"center\">1 + CR<\/td><td class=\"has-text-align-center\" data-align=\"center\">R$ 6.312,17<\/td><\/tr><tr><td class=\"has-text-align-center\" data-align=\"center\">N\u00edvel Superior, segundo especialidade e registro no Conselho<\/td><td class=\"has-text-align-center\" data-align=\"center\">Psic\u00f3logo Escolar<\/td><td class=\"has-text-align-center\" data-align=\"center\">1 + CR<\/td><td class=\"has-text-align-center\" data-align=\"center\">R$ 6.312,17<\/td><\/tr><tr><td class=\"has-text-align-center\" data-align=\"center\">N\u00edvel Superior, segundo especialidade e registro no Conselho<\/td><td class=\"has-text-align-center\" data-align=\"center\">Enfermeiro<\/td><td class=\"has-text-align-center\" data-align=\"center\">CR<\/td><td class=\"has-text-align-center\" data-align=\"center\">R$ 6.312,17<\/td><\/tr><tr><td class=\"has-text-align-center\" data-align=\"center\">Habilita\u00e7\u00e3o Espec\u00edfica em N\u00edvel Superior (Licenciatura Plena)<\/td><td class=\"has-text-align-center\" data-align=\"center\">Professor de Arte<\/td><td class=\"has-text-align-center\" data-align=\"center\">CR<\/td><td class=\"has-text-align-center\" data-align=\"center\">R$ 2.888,79<\/td><\/tr><tr><td class=\"has-text-align-center\" data-align=\"center\">Habilita\u00e7\u00e3o Espec\u00edfica em N\u00edvel Superior (Licenciatura Plena)<\/td><td class=\"has-text-align-center\" data-align=\"center\">Professor de Ensino Fundamental I<\/td><td class=\"has-text-align-center\" data-align=\"center\">1 + CR<\/td><td class=\"has-text-align-center\" data-align=\"center\">R$ 2.888,79<\/td><\/tr><tr><td class=\"has-text-align-center\" data-align=\"center\">Habilita\u00e7\u00e3o Espec\u00edfica em N\u00edvel Superior (Licenciatura Plena)<\/td><td class=\"has-text-align-center\" data-align=\"center\">Professor de Hist\u00f3ria<\/td><td class=\"has-text-align-center\" data-align=\"center\">CR<\/td><td class=\"has-text-align-center\" data-align=\"center\">R$ 2.888,79<\/td><\/tr><tr><td class=\"has-text-align-center\" data-align=\"center\">Habilita\u00e7\u00e3o Espec\u00edfica em N\u00edvel Superior (Licenciatura Plena)<\/td><td class=\"has-text-align-center\" data-align=\"center\">Professor de L\u00edngua Inglesa<\/td><td class=\"has-text-align-center\" data-align=\"center\">CR<\/td><td class=\"has-text-align-center\" data-align=\"center\">R$ 2.888,79<\/td><\/tr><tr><td class=\"has-text-align-center\" data-align=\"center\">Habilita\u00e7\u00e3o Espec\u00edfica em N\u00edvel Superior (Licenciatura Plena)<\/td><td class=\"has-text-align-center\" data-align=\"center\">Professor de Educa\u00e7\u00e3o Infantil<\/td><td class=\"has-text-align-center\" data-align=\"center\">CR<\/td><td class=\"has-text-align-center\" data-align=\"center\">R$ 2.888,79<\/td><\/tr><tr><td class=\"has-text-align-center\" data-align=\"center\">Habilita\u00e7\u00e3o Espec\u00edfica em N\u00edvel Superior (Licenciatura Plena)<\/td><td class=\"has-text-align-center\" data-align=\"center\">Professor de L\u00edngua Portuguesa<\/td><td class=\"has-text-align-center\" data-align=\"center\">CR<\/td><td class=\"has-text-align-center\" data-align=\"center\">R$ 2.888,79<\/td><\/tr><tr><td class=\"has-text-align-center\" data-align=\"center\">Habilita\u00e7\u00e3o Espec\u00edfica em N\u00edvel Superior (Licenciatura Plena)<\/td><td class=\"has-text-align-center\" data-align=\"center\">Professor de Matem\u00e1tica<\/td><td class=\"has-text-align-center\" data-align=\"center\">CR<\/td><td class=\"has-text-align-center\" data-align=\"center\">R$ 2.888,79<\/td><\/tr><tr><td class=\"has-text-align-center\" data-align=\"center\">Habilita\u00e7\u00e3o Espec\u00edfica em N\u00edvel Superior (Licenciatura Plena) e registro no CREF<\/td><td class=\"has-text-align-center\" data-align=\"center\">Professor de Educa\u00e7\u00e3o F\u00edsica<\/td><td class=\"has-text-align-center\" data-align=\"center\">CR<\/td><td class=\"has-text-align-center\" data-align=\"center\">R$ 2.888,79<\/td><\/tr><tr><td class=\"has-text-align-center\" data-align=\"center\">Habilita\u00e7\u00e3o Espec\u00edfica Superior em Ed. Especial ou Pedagogia com complementa\u00e7\u00e3o<\/td><td class=\"has-text-align-center\" data-align=\"center\">Professor Educa\u00e7\u00e3o Especial AEE<\/td><td class=\"has-text-align-center\" data-align=\"center\">1 + CR<\/td><td class=\"has-text-align-center\" data-align=\"center\">R$ 2.888,79<\/td><\/tr><\/tbody><\/table><\/figure>\n\n\n\n<h2 class=\"wp-block-heading\" id=\"etapas\">Concurso Irani: etapas<\/h2>\n\n\n\n<p><strong>PROVA ESCRITA<\/strong> de quest\u00f5es objetivas, aplicada a todos os concorrentes regularmente inscritos e cuja inscri\u00e7\u00e3o tenha sido homologada, de acordo com as peculiaridades, especialidades e especificidades de cada cargo.<\/p>\n\n\n\n<p><strong>PROVA PR\u00c1TICA<\/strong> exclusivo para os cargos de Mec\u00e2nico, Operador de M\u00e1quinas Rodovi\u00e1rias I, Operador de M\u00e1quinas Rodovi\u00e1rias II, Operador de M\u00e1quinas Rodovi\u00e1rias III, Agente de Constru\u00e7\u00e3o e Manuten\u00e7\u00e3o e Motorista.<\/p>\n\n\n\n<p><strong>PROVA DE T\u00cdTULOS<\/strong>, exclusiva para os cargos de: Auditor Tribut\u00e1rio, Professor de Arte, Professor de Ensino Fundamental I, Professor de Hist\u00f3ria, Professor de L\u00edngua Inglesa, Orientador Escolar, Professor de Educa\u00e7\u00e3o F\u00edsica, Professor de Educa\u00e7\u00e3o Infantil, Professor de L\u00edngua Portuguesa, Professor de Matem\u00e1tica, Professor de Educa\u00e7\u00e3o Especial AEE, Auxiliar de Sala e Analista de Licita\u00e7\u00f5es e Contratos.<\/p>\n\n\n\n<hr class=\"wp-block-separator has-alpha-channel-opacity\"\/>\n\n\n\n<h2 class=\"wp-block-heading has-text-align-center\" id=\"cursos-assinatura\"><em>Quer estudar para o concurso Irani?<\/em><\/h2>\n\n\n\n<div class=\"container\" id=\"boxes\">\n  <div class=\"row\">\n\n    <div class=\"col-sm\">\n      <div class=\"banner-prefeituras-ec\" id=\"box-assinatura\">\n        <h2 class=\"titulo-assinatura\" style=\"text-align: left;\">Concursos Prefeituras<\/h2>\n        <p class=\"subtitulo-assinatura\" style=\"text-align: left;\">Prepara\u00e7\u00e3o completa para a carreira!<\/p>\n        <div class=\"box-botao\" style=\"text-align: left;\">\n          <a class=\"btn-assinatura\" target=\"_blank\" href=\"https:\/\/www.estrategiaconcursos.com.br\/pesquisa\/?q=prefeitura+irani\/\" role=\"button\" rel=\"noopener noreferrer\">EXPLORAR CURSOS<\/a>\n        <\/div>\n      <\/div><\/div><\/div><\/div>\n\n\n\n<div class=\"container\" id=\"boxes\">\n  <div class=\"row\">\n\n    <div class=\"col-sm\">\n      <div class=\"estrategia\" id=\"box-assinatura\">\n        <h3 class=\"titulo-assinatura\">Assinatura Concursos<\/h3>\n        <p class=\"subtitulo-assinatura\">Assinatura de 1 ano ou 2 anos<\/p>\n        <div class=\"box-botao\">\n          <a class=\"btn-assinatura\" target=\"_blank\" href=\"https:\/\/www.estrategiaconcursos.com.br\/assinaturas\/\" role=\"button\" rel=\"noopener noreferrer\">ASSINE AGORA<\/a>\n        <\/div>\n      <\/div><\/div><\/div><\/div>\n\n\n\n<h2 class=\"wp-block-heading has-text-align-center\" id=\"h-quer-saber-tudo-sobre-concursos-previstos-confira-os-nossos-artigos\">Quer saber tudo sobre concursos previstos?<br \/>Confira os nossos artigos!<\/h2>\n\n\n\n<ul class=\"wp-block-list\">\n<li><a href=\"https:\/\/www.estrategiaconcursos.com.br\/blog\/concursos-abertos\/\" target=\"_blank\" rel=\"noreferrer noopener\">Concursos Abertos<\/a><\/li>\n\n\n\n<li><a href=\"https:\/\/www.estrategiaconcursos.com.br\/blog\/concursos-abertos-prefeituras\/\" target=\"_blank\" rel=\"noreferrer noopener\">Concursos Abertos de Prefeituras<\/a><\/li>\n\n\n\n<li><a href=\"https:\/\/www.estrategiaconcursos.com.br\/blog\/concursos-prefeituras\/\" target=\"_blank\" rel=\"noreferrer noopener\">Concursos Prefeituras<\/a><\/li>\n\n\n\n<li><a href=\"https:\/\/www.estrategiaconcursos.com.br\/blog\/concursos-2025\/\" target=\"_blank\" rel=\"noreferrer noopener\">Concursos 2026<\/a><\/li>\n<\/ul>\n\n\n\n<figure class=\"wp-block-image is-resized\"><img loading=\"lazy\" decoding=\"async\" width=\"1024\" height=\"632\" src=\"https:\/\/dhg1h5j42swfq.cloudfront.net\/2021\/04\/01161145\/ficha-tecnica-5-1024x632.png\" alt=\"Informa\u00e7\u00f5es do Concurso Irani SC\" class=\"wp-image-706736\" style=\"width:236px;height:145px\" srcset=\"https:\/\/dhg1h5j42swfq.cloudfront.net\/2021\/04\/01161145\/ficha-tecnica-5-1024x632.png 1024w, https:\/\/dhg1h5j42swfq.cloudfront.net\/2021\/04\/01161145\/ficha-tecnica-5-300x185.png 300w, https:\/\/dhg1h5j42swfq.cloudfront.net\/2021\/04\/01161145\/ficha-tecnica-5-768x474.png 768w, https:\/\/dhg1h5j42swfq.cloudfront.net\/2021\/04\/01161145\/ficha-tecnica-5-1536x948.png 1536w, https:\/\/dhg1h5j42swfq.cloudfront.net\/2021\/04\/01161145\/ficha-tecnica-5-610x377.png 610w, https:\/\/dhg1h5j42swfq.cloudfront.net\/2021\/04\/01161145\/ficha-tecnica-5.png 1571w\" sizes=\"auto, (max-width: 1024px) 100vw, 1024px\" \/><\/figure>\n\n\n\n<h3 class=\"wp-block-heading\" id=\"ficha-tecnica\">Informa\u00e7\u00f5es do Concurso Irani SC<\/h3>\n\n\n\n<ul class=\"wp-block-list\">\n<li><strong>Data da prova<\/strong>: <s>22\/02\/2026<\/s><\/li>\n\n\n\n<li><strong>Banca:<\/strong>&nbsp;AMAUC<\/li>\n\n\n\n<li><strong>Escolaridade<\/strong>: n\u00edveis fundamental, m\u00e9dio e superior<\/li>\n\n\n\n<li><strong>Vagas:<\/strong> 21 + CR<\/li>\n\n\n\n<li><strong>Cargos<\/strong>: v\u00e1rios<\/li>\n\n\n\n<li><strong>Edital:<\/strong> <a href=\"https:\/\/dhg1h5j42swfq.cloudfront.net\/2026\/01\/02142958\/c8dd84d4-fa44-4792-897a-f225043fd70c.pdf\" target=\"_blank\" rel=\"noreferrer noopener nofollow\">Edital Irani SC 2025<\/a><\/li>\n<\/ul>\n","protected":false},"excerpt":{"rendered":"<p>Foram divulgados os gabaritos preliminares da prova objetiva, principal avalia\u00e7\u00e3o do concurso p\u00fablico da Prefeitura de Irani, em Santa Catarina. Agora, como de praxe, os candidatos podem interpor recursos. O procedimento pode ser feito entre 24 e 25 de fevereiro, no site da AMAUC. Lembrando que o edital oferece 21 vagas imediatas mais forma\u00e7\u00e3o de [&hellip;]<\/p>\n","protected":false},"author":2991,"featured_media":1692915,"comment_status":"open","ping_status":"closed","sticky":false,"template":"","format":"standard","meta":{"post_tipo":"news_page","footnotes":""},"categories":[222278],"tags":[],"tax_estado":[219987],"class_list":["post-1692832","post","type-post","status-publish","format-standard","has-post-thumbnail","hentry","category-prefeituras","tax_estado-sc"],"acf":[],"yoast_head":"<!-- This site is optimized with the Yoast SEO Premium plugin v27.2 (Yoast SEO v27.2) - https:\/\/yoast.com\/product\/yoast-seo-premium-wordpress\/ -->\n<title>Concurso Irani SC: confira os gabaritos preliminares!<\/title>\n<meta name=\"description\" content=\"Concurso Prefeitura de Irani: gabaritos preliminares divulgados! Acesse e saiba quais s\u00e3o as pr\u00f3ximas etapas.\" \/>\n<meta name=\"robots\" content=\"index, follow, max-snippet:-1, max-image-preview:large, max-video-preview:-1\" \/>\n<link rel=\"canonical\" href=\"https:\/\/www.estrategiaconcursos.com.br\/blog\/concurso-prefeitura-irani\/\" \/>\n<meta property=\"og:locale\" content=\"pt_BR\" \/>\n<meta property=\"og:type\" content=\"article\" \/>\n<meta property=\"og:title\" content=\"Concurso Irani SC: confira os gabaritos preliminares!\" \/>\n<meta property=\"og:description\" content=\"Concurso Prefeitura de Irani: gabaritos preliminares divulgados! Acesse e saiba quais s\u00e3o as pr\u00f3ximas etapas.\" \/>\n<meta property=\"og:url\" content=\"https:\/\/www.estrategiaconcursos.com.br\/blog\/concurso-prefeitura-irani\/\" \/>\n<meta property=\"og:site_name\" content=\"Estrat\u00e9gia Concursos\" \/>\n<meta property=\"article:published_time\" content=\"2026-02-23T22:36:59+00:00\" \/>\n<meta property=\"article:modified_time\" content=\"2026-02-24T16:53:11+00:00\" \/>\n<meta property=\"og:image\" content=\"https:\/\/dhg1h5j42swfq.cloudfront.net\/2026\/01\/02153609\/prefeitura-de-irani.jpg\" \/>\n\t<meta property=\"og:image:width\" content=\"768\" \/>\n\t<meta property=\"og:image:height\" content=\"432\" \/>\n\t<meta property=\"og:image:type\" content=\"image\/jpeg\" \/>\n<meta name=\"author\" content=\"Melmuara Thaiane Doneg\u00e1 C\u00e2ndido\" \/>\n<meta name=\"twitter:card\" content=\"summary_large_image\" \/>\n<meta name=\"twitter:creator\" content=\"@EstratConcursos\" \/>\n<meta name=\"twitter:site\" content=\"@EstratConcursos\" \/>\n<meta name=\"twitter:label1\" content=\"Escrito por\" \/>\n\t<meta name=\"twitter:data1\" content=\"Melmuara Thaiane Doneg\u00e1 C\u00e2ndido\" \/>\n\t<meta name=\"twitter:label2\" content=\"Est. tempo de leitura\" \/>\n\t<meta name=\"twitter:data2\" content=\"5 minutos\" \/>\n<script type=\"application\/ld+json\" class=\"yoast-schema-graph\">{\"@context\":\"https:\/\/schema.org\",\"@graph\":[{\"@type\":\"NewsArticle\",\"@id\":\"https:\/\/www.estrategiaconcursos.com.br\/blog\/concurso-prefeitura-irani\/#article\",\"isPartOf\":{\"@id\":\"https:\/\/www.estrategiaconcursos.com.br\/blog\/concurso-prefeitura-irani\/\"},\"author\":{\"name\":\"Melmuara Thaiane Doneg\u00e1 C\u00e2ndido\",\"@id\":\"https:\/\/www.estrategiaconcursos.com.br\/blog\/#\/schema\/person\/f33ffe5648e36a1ec7be14cb98aec31a\"},\"headline\":\"Concurso Irani SC: confira os gabaritos preliminares!\",\"datePublished\":\"2026-02-23T22:36:59+00:00\",\"dateModified\":\"2026-02-24T16:53:11+00:00\",\"mainEntityOfPage\":{\"@id\":\"https:\/\/www.estrategiaconcursos.com.br\/blog\/concurso-prefeitura-irani\/\"},\"wordCount\":1069,\"commentCount\":0,\"publisher\":{\"@id\":\"https:\/\/www.estrategiaconcursos.com.br\/blog\/#organization\"},\"image\":{\"@id\":\"https:\/\/www.estrategiaconcursos.com.br\/blog\/concurso-prefeitura-irani\/#primaryimage\"},\"thumbnailUrl\":\"https:\/\/dhg1h5j42swfq.cloudfront.net\/2026\/01\/02153609\/prefeitura-de-irani.jpg\",\"articleSection\":[\"Prefeituras\"],\"inLanguage\":\"pt-BR\",\"potentialAction\":[{\"@type\":\"CommentAction\",\"name\":\"Comment\",\"target\":[\"https:\/\/www.estrategiaconcursos.com.br\/blog\/concurso-prefeitura-irani\/#respond\"]}],\"copyrightYear\":\"2026\",\"copyrightHolder\":{\"@id\":\"https:\/\/www.estrategiaconcursos.com.br\/blog\/#organization\"}},{\"@type\":\"WebPage\",\"@id\":\"https:\/\/www.estrategiaconcursos.com.br\/blog\/concurso-prefeitura-irani\/\",\"url\":\"https:\/\/www.estrategiaconcursos.com.br\/blog\/concurso-prefeitura-irani\/\",\"name\":\"Concurso Irani SC: confira os gabaritos preliminares!\",\"isPartOf\":{\"@id\":\"https:\/\/www.estrategiaconcursos.com.br\/blog\/#website\"},\"primaryImageOfPage\":{\"@id\":\"https:\/\/www.estrategiaconcursos.com.br\/blog\/concurso-prefeitura-irani\/#primaryimage\"},\"image\":{\"@id\":\"https:\/\/www.estrategiaconcursos.com.br\/blog\/concurso-prefeitura-irani\/#primaryimage\"},\"thumbnailUrl\":\"https:\/\/dhg1h5j42swfq.cloudfront.net\/2026\/01\/02153609\/prefeitura-de-irani.jpg\",\"datePublished\":\"2026-02-23T22:36:59+00:00\",\"dateModified\":\"2026-02-24T16:53:11+00:00\",\"description\":\"Concurso Prefeitura de Irani: gabaritos preliminares divulgados! Acesse e saiba quais s\u00e3o as pr\u00f3ximas etapas.\",\"breadcrumb\":{\"@id\":\"https:\/\/www.estrategiaconcursos.com.br\/blog\/concurso-prefeitura-irani\/#breadcrumb\"},\"inLanguage\":\"pt-BR\",\"potentialAction\":[{\"@type\":\"ReadAction\",\"target\":[\"https:\/\/www.estrategiaconcursos.com.br\/blog\/concurso-prefeitura-irani\/\"]}]},{\"@type\":\"ImageObject\",\"inLanguage\":\"pt-BR\",\"@id\":\"https:\/\/www.estrategiaconcursos.com.br\/blog\/concurso-prefeitura-irani\/#primaryimage\",\"url\":\"https:\/\/dhg1h5j42swfq.cloudfront.net\/2026\/01\/02153609\/prefeitura-de-irani.jpg\",\"contentUrl\":\"https:\/\/dhg1h5j42swfq.cloudfront.net\/2026\/01\/02153609\/prefeitura-de-irani.jpg\",\"width\":768,\"height\":432},{\"@type\":\"BreadcrumbList\",\"@id\":\"https:\/\/www.estrategiaconcursos.com.br\/blog\/concurso-prefeitura-irani\/#breadcrumb\",\"itemListElement\":[{\"@type\":\"ListItem\",\"position\":1,\"name\":\"In\u00edcio\",\"item\":\"https:\/\/www.estrategiaconcursos.com.br\/blog\/\"},{\"@type\":\"ListItem\",\"position\":2,\"name\":\"Concurso Irani SC: confira os gabaritos preliminares!\"}]},{\"@type\":\"WebSite\",\"@id\":\"https:\/\/www.estrategiaconcursos.com.br\/blog\/#website\",\"url\":\"https:\/\/www.estrategiaconcursos.com.br\/blog\/\",\"name\":\"Estrat\u00e9gia Concursos\",\"description\":\"O blog da Estrat\u00e9gia Concursos traz not\u00edcias sobre concursos e artigos de professores oferecendo cursos para concursos (pdf + videaulas) no site.\",\"publisher\":{\"@id\":\"https:\/\/www.estrategiaconcursos.com.br\/blog\/#organization\"},\"potentialAction\":[{\"@type\":\"SearchAction\",\"target\":{\"@type\":\"EntryPoint\",\"urlTemplate\":\"https:\/\/www.estrategiaconcursos.com.br\/blog\/?s={search_term_string}\"},\"query-input\":{\"@type\":\"PropertyValueSpecification\",\"valueRequired\":true,\"valueName\":\"search_term_string\"}}],\"inLanguage\":\"pt-BR\"},{\"@type\":\"Organization\",\"@id\":\"https:\/\/www.estrategiaconcursos.com.br\/blog\/#organization\",\"name\":\"Estrat\u00e9gia Concursos\",\"url\":\"https:\/\/www.estrategiaconcursos.com.br\/blog\/\",\"logo\":{\"@type\":\"ImageObject\",\"inLanguage\":\"pt-BR\",\"@id\":\"https:\/\/www.estrategiaconcursos.com.br\/blog\/#\/schema\/logo\/image\/\",\"url\":\"https:\/\/dhg1h5j42swfq.cloudfront.net\/2025\/06\/03203428\/logo_concursos-1.jpg\",\"contentUrl\":\"https:\/\/dhg1h5j42swfq.cloudfront.net\/2025\/06\/03203428\/logo_concursos-1.jpg\",\"width\":230,\"height\":60,\"caption\":\"Estrat\u00e9gia Concursos\"},\"image\":{\"@id\":\"https:\/\/www.estrategiaconcursos.com.br\/blog\/#\/schema\/logo\/image\/\"},\"sameAs\":[\"https:\/\/x.com\/EstratConcursos\"]},{\"@type\":\"Person\",\"@id\":\"https:\/\/www.estrategiaconcursos.com.br\/blog\/#\/schema\/person\/f33ffe5648e36a1ec7be14cb98aec31a\",\"name\":\"Melmuara Thaiane Doneg\u00e1 C\u00e2ndido\",\"image\":{\"@type\":\"ImageObject\",\"inLanguage\":\"pt-BR\",\"@id\":\"https:\/\/secure.gravatar.com\/avatar\/72c23c49ace6e781125178efe440f336ae4f50fbfb902780beb369688b387c4f?s=96&d=mm&r=g\",\"url\":\"https:\/\/secure.gravatar.com\/avatar\/72c23c49ace6e781125178efe440f336ae4f50fbfb902780beb369688b387c4f?s=96&d=mm&r=g\",\"contentUrl\":\"https:\/\/secure.gravatar.com\/avatar\/72c23c49ace6e781125178efe440f336ae4f50fbfb902780beb369688b387c4f?s=96&d=mm&r=g\",\"caption\":\"Melmuara Thaiane Doneg\u00e1 C\u00e2ndido\"},\"description\":\"Formada em Jornalismo em 2011 pela UniSEB-COC, Ribeir\u00e3o Preto-SP, atua desde 2017 na produ\u00e7\u00e3o de conte\u00fado para prefeituras, passando da \u00e1rea publicit\u00e1ria para a cria\u00e7\u00e3o de textos estrat\u00e9gicos e not\u00edcias sobre concursos, mantendo os concurseiros bem informados sobre os principais editais de prefeituras e concursos municipais.\",\"birthDate\":\"1990-04-21\",\"gender\":\"feminino\",\"url\":\"https:\/\/www.estrategiaconcursos.com.br\/blog\/author\/melmuara-candidoestrategia-com\/\"}]}<\/script>\n<!-- \/ Yoast SEO Premium plugin. -->","yoast_head_json":{"title":"Concurso Irani SC: confira os gabaritos preliminares!","description":"Concurso Prefeitura de Irani: gabaritos preliminares divulgados! Acesse e saiba quais s\u00e3o as pr\u00f3ximas etapas.","robots":{"index":"index","follow":"follow","max-snippet":"max-snippet:-1","max-image-preview":"max-image-preview:large","max-video-preview":"max-video-preview:-1"},"canonical":"https:\/\/www.estrategiaconcursos.com.br\/blog\/concurso-prefeitura-irani\/","og_locale":"pt_BR","og_type":"article","og_title":"Concurso Irani SC: confira os gabaritos preliminares!","og_description":"Concurso Prefeitura de Irani: gabaritos preliminares divulgados! Acesse e saiba quais s\u00e3o as pr\u00f3ximas etapas.","og_url":"https:\/\/www.estrategiaconcursos.com.br\/blog\/concurso-prefeitura-irani\/","og_site_name":"Estrat\u00e9gia Concursos","article_published_time":"2026-02-23T22:36:59+00:00","article_modified_time":"2026-02-24T16:53:11+00:00","og_image":[{"width":768,"height":432,"url":"https:\/\/dhg1h5j42swfq.cloudfront.net\/2026\/01\/02153609\/prefeitura-de-irani.jpg","type":"image\/jpeg"}],"author":"Melmuara Thaiane Doneg\u00e1 C\u00e2ndido","twitter_card":"summary_large_image","twitter_creator":"@EstratConcursos","twitter_site":"@EstratConcursos","twitter_misc":{"Escrito por":"Melmuara Thaiane Doneg\u00e1 C\u00e2ndido","Est. tempo de leitura":"5 minutos"},"schema":{"@context":"https:\/\/schema.org","@graph":[{"@type":"NewsArticle","@id":"https:\/\/www.estrategiaconcursos.com.br\/blog\/concurso-prefeitura-irani\/#article","isPartOf":{"@id":"https:\/\/www.estrategiaconcursos.com.br\/blog\/concurso-prefeitura-irani\/"},"author":{"name":"Melmuara Thaiane Doneg\u00e1 C\u00e2ndido","@id":"https:\/\/www.estrategiaconcursos.com.br\/blog\/#\/schema\/person\/f33ffe5648e36a1ec7be14cb98aec31a"},"headline":"Concurso Irani SC: confira os gabaritos preliminares!","datePublished":"2026-02-23T22:36:59+00:00","dateModified":"2026-02-24T16:53:11+00:00","mainEntityOfPage":{"@id":"https:\/\/www.estrategiaconcursos.com.br\/blog\/concurso-prefeitura-irani\/"},"wordCount":1069,"commentCount":0,"publisher":{"@id":"https:\/\/www.estrategiaconcursos.com.br\/blog\/#organization"},"image":{"@id":"https:\/\/www.estrategiaconcursos.com.br\/blog\/concurso-prefeitura-irani\/#primaryimage"},"thumbnailUrl":"https:\/\/dhg1h5j42swfq.cloudfront.net\/2026\/01\/02153609\/prefeitura-de-irani.jpg","articleSection":["Prefeituras"],"inLanguage":"pt-BR","potentialAction":[{"@type":"CommentAction","name":"Comment","target":["https:\/\/www.estrategiaconcursos.com.br\/blog\/concurso-prefeitura-irani\/#respond"]}],"copyrightYear":"2026","copyrightHolder":{"@id":"https:\/\/www.estrategiaconcursos.com.br\/blog\/#organization"}},{"@type":"WebPage","@id":"https:\/\/www.estrategiaconcursos.com.br\/blog\/concurso-prefeitura-irani\/","url":"https:\/\/www.estrategiaconcursos.com.br\/blog\/concurso-prefeitura-irani\/","name":"Concurso Irani SC: confira os gabaritos preliminares!","isPartOf":{"@id":"https:\/\/www.estrategiaconcursos.com.br\/blog\/#website"},"primaryImageOfPage":{"@id":"https:\/\/www.estrategiaconcursos.com.br\/blog\/concurso-prefeitura-irani\/#primaryimage"},"image":{"@id":"https:\/\/www.estrategiaconcursos.com.br\/blog\/concurso-prefeitura-irani\/#primaryimage"},"thumbnailUrl":"https:\/\/dhg1h5j42swfq.cloudfront.net\/2026\/01\/02153609\/prefeitura-de-irani.jpg","datePublished":"2026-02-23T22:36:59+00:00","dateModified":"2026-02-24T16:53:11+00:00","description":"Concurso Prefeitura de Irani: gabaritos preliminares divulgados! Acesse e saiba quais s\u00e3o as pr\u00f3ximas etapas.","breadcrumb":{"@id":"https:\/\/www.estrategiaconcursos.com.br\/blog\/concurso-prefeitura-irani\/#breadcrumb"},"inLanguage":"pt-BR","potentialAction":[{"@type":"ReadAction","target":["https:\/\/www.estrategiaconcursos.com.br\/blog\/concurso-prefeitura-irani\/"]}]},{"@type":"ImageObject","inLanguage":"pt-BR","@id":"https:\/\/www.estrategiaconcursos.com.br\/blog\/concurso-prefeitura-irani\/#primaryimage","url":"https:\/\/dhg1h5j42swfq.cloudfront.net\/2026\/01\/02153609\/prefeitura-de-irani.jpg","contentUrl":"https:\/\/dhg1h5j42swfq.cloudfront.net\/2026\/01\/02153609\/prefeitura-de-irani.jpg","width":768,"height":432},{"@type":"BreadcrumbList","@id":"https:\/\/www.estrategiaconcursos.com.br\/blog\/concurso-prefeitura-irani\/#breadcrumb","itemListElement":[{"@type":"ListItem","position":1,"name":"In\u00edcio","item":"https:\/\/www.estrategiaconcursos.com.br\/blog\/"},{"@type":"ListItem","position":2,"name":"Concurso Irani SC: confira os gabaritos preliminares!"}]},{"@type":"WebSite","@id":"https:\/\/www.estrategiaconcursos.com.br\/blog\/#website","url":"https:\/\/www.estrategiaconcursos.com.br\/blog\/","name":"Estrat\u00e9gia Concursos","description":"O blog da Estrat\u00e9gia Concursos traz not\u00edcias sobre concursos e artigos de professores oferecendo cursos para concursos (pdf + videaulas) no site.","publisher":{"@id":"https:\/\/www.estrategiaconcursos.com.br\/blog\/#organization"},"potentialAction":[{"@type":"SearchAction","target":{"@type":"EntryPoint","urlTemplate":"https:\/\/www.estrategiaconcursos.com.br\/blog\/?s={search_term_string}"},"query-input":{"@type":"PropertyValueSpecification","valueRequired":true,"valueName":"search_term_string"}}],"inLanguage":"pt-BR"},{"@type":"Organization","@id":"https:\/\/www.estrategiaconcursos.com.br\/blog\/#organization","name":"Estrat\u00e9gia Concursos","url":"https:\/\/www.estrategiaconcursos.com.br\/blog\/","logo":{"@type":"ImageObject","inLanguage":"pt-BR","@id":"https:\/\/www.estrategiaconcursos.com.br\/blog\/#\/schema\/logo\/image\/","url":"https:\/\/dhg1h5j42swfq.cloudfront.net\/2025\/06\/03203428\/logo_concursos-1.jpg","contentUrl":"https:\/\/dhg1h5j42swfq.cloudfront.net\/2025\/06\/03203428\/logo_concursos-1.jpg","width":230,"height":60,"caption":"Estrat\u00e9gia Concursos"},"image":{"@id":"https:\/\/www.estrategiaconcursos.com.br\/blog\/#\/schema\/logo\/image\/"},"sameAs":["https:\/\/x.com\/EstratConcursos"]},{"@type":"Person","@id":"https:\/\/www.estrategiaconcursos.com.br\/blog\/#\/schema\/person\/f33ffe5648e36a1ec7be14cb98aec31a","name":"Melmuara Thaiane Doneg\u00e1 C\u00e2ndido","image":{"@type":"ImageObject","inLanguage":"pt-BR","@id":"https:\/\/secure.gravatar.com\/avatar\/72c23c49ace6e781125178efe440f336ae4f50fbfb902780beb369688b387c4f?s=96&d=mm&r=g","url":"https:\/\/secure.gravatar.com\/avatar\/72c23c49ace6e781125178efe440f336ae4f50fbfb902780beb369688b387c4f?s=96&d=mm&r=g","contentUrl":"https:\/\/secure.gravatar.com\/avatar\/72c23c49ace6e781125178efe440f336ae4f50fbfb902780beb369688b387c4f?s=96&d=mm&r=g","caption":"Melmuara Thaiane Doneg\u00e1 C\u00e2ndido"},"description":"Formada em Jornalismo em 2011 pela UniSEB-COC, Ribeir\u00e3o Preto-SP, atua desde 2017 na produ\u00e7\u00e3o de conte\u00fado para prefeituras, passando da \u00e1rea publicit\u00e1ria para a cria\u00e7\u00e3o de textos estrat\u00e9gicos e not\u00edcias sobre concursos, mantendo os concurseiros bem informados sobre os principais editais de prefeituras e concursos municipais.","birthDate":"1990-04-21","gender":"feminino","url":"https:\/\/www.estrategiaconcursos.com.br\/blog\/author\/melmuara-candidoestrategia-com\/"}]}},"_links":{"self":[{"href":"https:\/\/www.estrategiaconcursos.com.br\/blog\/wp-json\/wp\/v2\/posts\/1692832","targetHints":{"allow":["GET"]}}],"collection":[{"href":"https:\/\/www.estrategiaconcursos.com.br\/blog\/wp-json\/wp\/v2\/posts"}],"about":[{"href":"https:\/\/www.estrategiaconcursos.com.br\/blog\/wp-json\/wp\/v2\/types\/post"}],"author":[{"embeddable":true,"href":"https:\/\/www.estrategiaconcursos.com.br\/blog\/wp-json\/wp\/v2\/users\/2991"}],"replies":[{"embeddable":true,"href":"https:\/\/www.estrategiaconcursos.com.br\/blog\/wp-json\/wp\/v2\/comments?post=1692832"}],"version-history":[{"count":11,"href":"https:\/\/www.estrategiaconcursos.com.br\/blog\/wp-json\/wp\/v2\/posts\/1692832\/revisions"}],"predecessor-version":[{"id":1720365,"href":"https:\/\/www.estrategiaconcursos.com.br\/blog\/wp-json\/wp\/v2\/posts\/1692832\/revisions\/1720365"}],"wp:featuredmedia":[{"embeddable":true,"href":"https:\/\/www.estrategiaconcursos.com.br\/blog\/wp-json\/wp\/v2\/media\/1692915"}],"wp:attachment":[{"href":"https:\/\/www.estrategiaconcursos.com.br\/blog\/wp-json\/wp\/v2\/media?parent=1692832"}],"wp:term":[{"taxonomy":"category","embeddable":true,"href":"https:\/\/www.estrategiaconcursos.com.br\/blog\/wp-json\/wp\/v2\/categories?post=1692832"},{"taxonomy":"post_tag","embeddable":true,"href":"https:\/\/www.estrategiaconcursos.com.br\/blog\/wp-json\/wp\/v2\/tags?post=1692832"},{"taxonomy":"tax_estado","embeddable":true,"href":"https:\/\/www.estrategiaconcursos.com.br\/blog\/wp-json\/wp\/v2\/tax_estado?post=1692832"}],"curies":[{"name":"wp","href":"https:\/\/api.w.org\/{rel}","templated":true}]}}