{"id":1692686,"date":"2026-01-10T11:42:00","date_gmt":"2026-01-10T14:42:00","guid":{"rendered":"https:\/\/www.estrategiaconcursos.com.br\/blog\/?p=1692686"},"modified":"2026-01-09T16:38:05","modified_gmt":"2026-01-09T19:38:05","slug":"organizacao-poder-judiciario-sefaz-sp","status":"publish","type":"post","link":"https:\/\/www.estrategiaconcursos.com.br\/blog\/organizacao-poder-judiciario-sefaz-sp\/","title":{"rendered":"Organiza\u00e7\u00e3o do Poder Judici\u00e1rio para a SEFAZ-SP"},"content":{"rendered":"\n<p>Ol\u00e1, pessoal! Tudo bem? Neste artigo, vamos falar sobre a <strong>organiza\u00e7\u00e3o do Poder Judici\u00e1rio<\/strong>.<\/p>\n\n\n\n<p>O enfoque hoje ser\u00e1 nos \u00f3rg\u00e3os que o comp\u00f5em.<\/p>\n\n\n\n<p>Vejamos, a seguir, os t\u00f3picos a serem abordados no nosso encontro:<\/p>\n\n\n\n<p><\/p>\n\n\n\n<ul class=\"wp-block-list\">\n<li>\u00d3rg\u00e3os do Poder Judici\u00e1rio<\/li>\n\n\n\n<li>Supremo Tribunal Federal<\/li>\n\n\n\n<li>Conselho Nacional de Justi\u00e7a<\/li>\n\n\n\n<li>Superior Tribunal de Justi\u00e7a<\/li>\n\n\n\n<li>Justi\u00e7a Federal<\/li>\n\n\n\n<li>Justi\u00e7a do Trabalho<\/li>\n\n\n\n<li>Justi\u00e7a Eleitoral<\/li>\n\n\n\n<li>Justi\u00e7a Militar<\/li>\n\n\n\n<li>Justi\u00e7a Estadual<\/li>\n<\/ul>\n\n\n\n<p><strong>&nbsp;<\/strong><\/p>\n\n\n\n<h2 class=\"wp-block-heading\" id=\"h-orgaos-do-poder-judiciario\" style=\"font-size:clamp(16.293px, 1.018rem + ((1vw - 3.2px) * 0.854), 25px);\"><strong>\u00d3rg\u00e3os do Poder Judici\u00e1rio<\/strong><\/h2>\n\n\n\n<p>A <a href=\"https:\/\/www.planalto.gov.br\/ccivil_03\/constituicao\/constituicaocompilado.htm\" target=\"_blank\" rel=\"noreferrer noopener\">Constitui\u00e7\u00e3o Federal<\/a>, em seu <strong>art. 92<\/strong>, elencou os \u00f3rg\u00e3os que integram o sistema judici\u00e1rio brasileiro. S\u00e3o eles:<\/p>\n\n\n\n<figure class=\"wp-block-table\"><table class=\"has-fixed-layout\"><tbody><tr><td class=\"has-text-align-center\" data-align=\"center\">Supremo Tribunal Federal &#8211; STF<\/td><\/tr><tr><td class=\"has-text-align-center\" data-align=\"center\">Conselho Nacional de Justi\u00e7a -CNJ<\/td><\/tr><tr><td class=\"has-text-align-center\" data-align=\"center\">Superior Tribunal de Justi\u00e7a &#8211; STJ<\/td><\/tr><tr><td class=\"has-text-align-center\" data-align=\"center\">Tribunal Superior do Trabalho &#8211; TST<\/td><\/tr><tr><td class=\"has-text-align-center\" data-align=\"center\">Tribunais Regionais Federais e Ju\u00edzes Federais<\/td><\/tr><tr><td class=\"has-text-align-center\" data-align=\"center\">Tribunais e Ju\u00edzes do Trabalho<\/td><\/tr><tr><td class=\"has-text-align-center\" data-align=\"center\">Tribunais e Ju\u00edzes Eleitorais<\/td><\/tr><tr><td class=\"has-text-align-center\" data-align=\"center\">Tribunais e Ju\u00edzes Militares<\/td><\/tr><tr><td class=\"has-text-align-center\" data-align=\"center\">Tribunais e Ju\u00edzes dos Estados e do Distrito Federal e Territ\u00f3rios<\/td><\/tr><\/tbody><\/table><\/figure>\n\n\n\n<p><\/p>\n\n\n\n<p>O STF \u00e9 o <strong>\u00f3rg\u00e3o m\u00e1ximo<\/strong> da organiza\u00e7\u00e3o judici\u00e1ria do pa\u00eds, ostentando a figura de guardi\u00e3o do texto constitucional.<\/p>\n\n\n\n<p>Nesse sentido, a Suprema Corte resolve conflitos que envolvem <strong>diretamente a CF\/88<\/strong>, servindo como inst\u00e2ncia \u00faltima do Poder Judici\u00e1rio.<\/p>\n\n\n\n<p>Os <strong>Tribunais Superiores <\/strong>v\u00eam logo a seguir. Nessa categoria se encontram <strong>o STJ, que figura como guardi\u00e3o do direito objetivo federal<\/strong>, bem como o TSE, o TST e o STM, que funcionam como <strong>inst\u00e2ncia recursal superior <\/strong>das justi\u00e7as eleitoral, do trabalho e militar, respectivamente.<\/p>\n\n\n\n<p>De acordo com a CF\/88, o STF, o CNJ e os Tribunais Superiores t\u00eam <strong>sede na capital federal (Bras\u00edlia) e jurisdi\u00e7\u00e3o em todo o territ\u00f3rio nacional<\/strong>, \u00e0 exce\u00e7\u00e3o do CNJ, que tem natureza administrativa e n\u00e3o exerce jurisdi\u00e7\u00e3o.<\/p>\n\n\n\n<p>Os demais tribunais e ju\u00edzes comp\u00f5em as Justi\u00e7as <strong>comum e especial.<\/strong><\/p>\n\n\n\n<ul class=\"wp-block-list\">\n<li><strong>Justi\u00e7a Comum<\/strong>: Compreende a Justi\u00e7a Estadual (TJs e ju\u00edzes de&nbsp; direito) e a Justi\u00e7a Federal (TRFs e ju\u00edzes federais);<\/li>\n<\/ul>\n\n\n\n<ul class=\"wp-block-list\">\n<li><strong>Justi\u00e7a Especial<\/strong>: Abrange as Justi\u00e7as Eleitoral, do Trabalho e Militar.<\/li>\n<\/ul>\n\n\n\n<p><\/p>\n\n\n\n<figure class=\"wp-block-image aligncenter size-full\"><img loading=\"lazy\" decoding=\"async\" width=\"892\" height=\"480\" src=\"https:\/\/dhg1h5j42swfq.cloudfront.net\/2026\/01\/02090827\/image-2.png\" alt=\"\" class=\"wp-image-1692692\" srcset=\"https:\/\/dhg1h5j42swfq.cloudfront.net\/2026\/01\/02090827\/image-2.png 892w, https:\/\/dhg1h5j42swfq.cloudfront.net\/2026\/01\/02090827\/image-2-300x161.png 300w, https:\/\/dhg1h5j42swfq.cloudfront.net\/2026\/01\/02090827\/image-2-768x413.png 768w, https:\/\/dhg1h5j42swfq.cloudfront.net\/2026\/01\/02090827\/image-2-150x81.png 150w\" sizes=\"auto, (max-width: 892px) 100vw, 892px\" \/><figcaption class=\"wp-element-caption\">Fonte: Estrat\u00e9gia Concursos<sup data-fn=\"edee8dd6-fc18-4eae-892d-09b54cdc5fad\" class=\"fn\"><a id=\"edee8dd6-fc18-4eae-892d-09b54cdc5fad-link\" href=\"#edee8dd6-fc18-4eae-892d-09b54cdc5fad\">1<\/a><\/sup><\/figcaption><\/figure>\n\n\n\n<p><\/p>\n\n\n\n<p style=\"font-size:clamp(16.293px, 1.018rem + ((1vw - 3.2px) * 0.854), 25px);\"><strong>Supremo Tribunal Federal<\/strong><\/p>\n\n\n\n<p>Como dissemos h\u00e1 pouco, o STF \u00e9 o <strong>\u00f3rg\u00e3o de c\u00fapula<\/strong> do Poder Judici\u00e1rio, ao qual foi conferida a compet\u00eancia de assegurar a <strong>incolumidade da CF\/88<\/strong>.<\/p>\n\n\n\n<p>O STF&nbsp; comp\u00f5e-se de <strong>11 ministros<\/strong>, <strong>brasileiros natos<\/strong>, <strong>com<\/strong> <strong>mais de 35 e menos de 70 anos<\/strong> <strong>de idade<\/strong>, de not\u00e1vel saber jur\u00eddico e reputa\u00e7\u00e3o ilibada (art. 101, CF\/88, caput).<\/p>\n\n\n\n<ul class=\"wp-block-list\">\n<li>Dica para memoriza\u00e7\u00e3o: <strong>S<\/strong>omos <strong>T<\/strong>odos do <strong>F<\/strong>utebol (lembre-se de que um time de futebol \u00e9 composto por 11 jogadores, o mesmo n\u00famero de ministros do STF).<\/li>\n<\/ul>\n\n\n\n<p>As <strong>principais <\/strong>compet\u00eancias do STF est\u00e3o sintetizadas no quadro a seguir:<\/p>\n\n\n\n<p><\/p>\n\n\n\n<figure class=\"wp-block-table aligncenter\"><table class=\"has-fixed-layout\"><tbody><tr><td class=\"has-text-align-center\" data-align=\"center\" rowspan=\"2\"><strong>Compet\u00eancias Origin\u00e1rias (art. 102, I, CF)<\/strong><\/td><td class=\"has-text-align-center\" data-align=\"center\" colspan=\"2\"><strong>Compet\u00eancias Recursais<\/strong><\/td><\/tr><tr><td class=\"has-text-align-center\" data-align=\"center\"><strong>Ordin\u00e1rias&nbsp; (art. 102, II, CF)<\/strong><\/td><td class=\"has-text-align-center\" data-align=\"center\"><strong>Extraordin\u00e1rias&nbsp; (art. 102, III, CF)<\/strong><\/td><\/tr><tr><td class=\"has-text-align-center\" data-align=\"center\">Processar e julgar ADI e ADC e cautelares de ADI<\/td><td class=\"has-text-align-center\" data-align=\"center\">Processar e julgar o habeas corpus, o mandado de seguran\u00e7a, o habeas data e o mandado de injun\u00e7\u00e3o decididos em \u00fanica inst\u00e2ncia pelos Tribunais Superiores, se denegat\u00f3ria a decis\u00e3o<\/td><td class=\"has-text-align-center\" data-align=\"center\">Processar e julgar causas que contrariem a CF\/88<\/td><\/tr><tr><td class=\"has-text-align-center\" data-align=\"center\">Processar e julgar o PR, Parlamentares, PGR e Ministros do STF nos crimes comuns<\/td><td class=\"has-text-align-center\" data-align=\"center\">Processar e julgar o crime pol\u00edtico<\/td><td class=\"has-text-align-center\" data-align=\"center\">Processar e julgar causas em que a decis\u00e3o declare a inconstitucionalidade de tratado ou lei federal<\/td><\/tr><tr><td class=\"has-text-align-center\" data-align=\"center\">Extradi\u00e7\u00e3o solicitada por pa\u00eds extrangeiro<\/td><td class=\"has-text-align-center\" data-align=\"center\"><\/td><td class=\"has-text-align-center\" data-align=\"center\">Processar e julgar causas em que a decis\u00e3o julgue v\u00e1lida lei ou ato de governo local contestado em face da CF\/88&nbsp;<\/td><\/tr><tr><td class=\"has-text-align-center\" data-align=\"center\">A\u00e7\u00f5es contra o CNJ e o CNMP<\/td><td class=\"has-text-align-center\" data-align=\"center\"><\/td><td class=\"has-text-align-center\" data-align=\"center\">Processar e julgar causas em que a decis\u00e3o julgue v\u00e1lida lei local contestada em face de lei federal<\/td><\/tr><\/tbody><\/table><\/figure>\n\n\n\n<p><\/p>\n\n\n\n<p class=\"has-text-align-center has-pale-cyan-blue-background-color has-background\"><em><strong>Leitura recomendada: <a href=\"https:\/\/www.planalto.gov.br\/ccivil_03\/constituicao\/constituicaocompilado.htm\" target=\"_blank\" rel=\"noreferrer noopener\">Artigo 102 da CF\/88<\/a>.<\/strong><\/em><\/p>\n\n\n\n<p><\/p>\n\n\n\n<p style=\"font-size:clamp(16.293px, 1.018rem + ((1vw - 3.2px) * 0.854), 25px);\"><strong>Conselho Nacional de Justi\u00e7a<\/strong><\/p>\n\n\n\n<p>O CNJ foi <strong>criado em 2004<\/strong> com a edi\u00e7\u00e3o da Emenda Constitucional n\u00ba 45\/2004 (Reforma do Poder Judici\u00e1rio).&nbsp;A sua organiza\u00e7\u00e3o e funcionamento est\u00e1 disciplinada no art. 103-B da CF\/88.<\/p>\n\n\n\n<p>O Conselho tem <strong>natureza administrativa <\/strong>e sua fun\u00e7\u00e3o prec\u00edpua \u00e9 controlar a <strong>atua\u00e7\u00e3o administrativa e financeira<\/strong> do Poder Judici\u00e1rio e o <strong>cumprimento dos deveres funcionais <\/strong>dos ju\u00edzes.<\/p>\n\n\n\n<p>Nesse sentido, o CNJ \u00e9 respons\u00e1vel por rever, de of\u00edcio ou mediante provoca\u00e7\u00e3o, os <strong>processos disciplinares de ju\u00edzes e membros de tribunais julgados h\u00e1 menos de um ano<\/strong>.&nbsp;&nbsp;&nbsp;&nbsp;&nbsp;<\/p>\n\n\n\n<p>O CNJ \u00e9 composto por <strong>15 membros<\/strong>, que exercem mandato de 2 anos, sendo admitida 1 \u00fanica recondu\u00e7\u00e3o no cargo.<\/p>\n\n\n\n<ul class=\"wp-block-list\">\n<li>Dica para memoriza\u00e7\u00e3o: <strong>C<\/strong>oroa <strong>N<\/strong>a <strong>J<\/strong>ovem (lembre-se de que a idade de uma jovem debutante \u00e9 15 anos, o mesmo n\u00famero de membros do CNJ).<\/li>\n<\/ul>\n\n\n\n<p>Entre os membros do CNJ est\u00e3o o <strong>Presidente da Rep\u00fablica<\/strong>, <strong>membros de Tribunais <\/strong>(TST, TJs, TRFs e TRTs), ju\u00edzes <strong>federais, estaduais e do trabalho<\/strong>, membros do <strong>Minist\u00e9rio P\u00fablico<\/strong>, <strong>advogados <\/strong>e <strong>cidad\u00e3os<\/strong>.<\/p>\n\n\n\n<p>Temos ainda mais dois pontos relevantes sobre o CNJ:<\/p>\n\n\n\n<ul class=\"wp-block-list\">\n<li>Ser\u00e1 presidido pelo Presidente do Supremo Tribunal Federal;&nbsp;<\/li>\n<\/ul>\n\n\n\n<ul class=\"wp-block-list\">\n<li>Os demais membros do Conselho ser\u00e3o <strong>nomeados pelo Presidente da Rep\u00fablica<\/strong>, depois de aprovada a escolha pela <strong>maioria absoluta<\/strong> do Senado Federal.&nbsp;&nbsp;<\/li>\n<\/ul>\n\n\n\n<p><\/p>\n\n\n\n<p class=\"has-text-align-center has-pale-cyan-blue-background-color has-background\"><strong><em>Leitura recomendada: <a href=\"https:\/\/www.planalto.gov.br\/ccivil_03\/constituicao\/constituicaocompilado.htm\" target=\"_blank\" rel=\"noreferrer noopener\">Artigo 103-B da CF\/88<\/a>.<\/em><\/strong><\/p>\n\n\n\n<p><\/p>\n\n\n\n<p style=\"font-size:clamp(16.293px, 1.018rem + ((1vw - 3.2px) * 0.854), 25px);\"><strong>Superior Tribunal de Justi\u00e7a<\/strong><\/p>\n\n\n\n<p>O Superior Tribunal de Justi\u00e7a \u00e9 um dos tribunais superiores do Poder Judici\u00e1rio, respons\u00e1vel por resolver conflitos relacionados ao <strong>Direito Federal<\/strong>.<\/p>\n\n\n\n<p>O STJ \u00e9 composto por, no m\u00ednimo, <strong>33 ministros<\/strong>, nomeados pelo Presidente da Rep\u00fablica, dentre brasileiros com <strong>mais de trinta e cinco e menos de setenta anos de idade<\/strong>, de not\u00e1vel saber jur\u00eddico e reputa\u00e7\u00e3o ilibada, depois de aprovada a escolha pela <strong>maioria absoluta do Senado Federal<\/strong> (art. 104, par\u00e1grafo \u00fanico, CF).<\/p>\n\n\n\n<ul class=\"wp-block-list\">\n<li>Dica para memoriza\u00e7\u00e3o: <strong>S<\/strong>omos <strong>T<\/strong>odos de <strong>J<\/strong>esus (lembre-se de que Jesus morreu com 33 anos de idade, o mesmo n\u00famero de ministros do STJ).<\/li>\n<\/ul>\n\n\n\n<p>A composi\u00e7\u00e3o do STJ \u00e9 a seguinte:<\/p>\n\n\n\n<ul class=\"wp-block-list\">\n<li><strong>Um ter\u00e7o<\/strong> dos ministros s\u00e3o <strong>ju\u00edzes <\/strong>dos TRFs e<strong> um ter\u00e7o <\/strong>s\u00e3o <strong>desembargadores <\/strong>dos TJ;<\/li>\n<\/ul>\n\n\n\n<ul class=\"wp-block-list\">\n<li><strong>Um ter\u00e7o<\/strong>, em partes iguais, s\u00e3o <strong>advogados <\/strong>e <strong>membros do<\/strong> <strong>Minist\u00e9rio P\u00fablico Federal, Estadual, do Distrito Federal e Territ\u00f3rios<\/strong>, alternadamente.<\/li>\n<\/ul>\n\n\n\n<figure class=\"wp-block-image aligncenter size-full\"><img loading=\"lazy\" decoding=\"async\" width=\"909\" height=\"377\" src=\"https:\/\/dhg1h5j42swfq.cloudfront.net\/2026\/01\/02090302\/image-1.png\" alt=\"\" class=\"wp-image-1692688\" srcset=\"https:\/\/dhg1h5j42swfq.cloudfront.net\/2026\/01\/02090302\/image-1.png 909w, https:\/\/dhg1h5j42swfq.cloudfront.net\/2026\/01\/02090302\/image-1-300x124.png 300w, https:\/\/dhg1h5j42swfq.cloudfront.net\/2026\/01\/02090302\/image-1-768x319.png 768w, https:\/\/dhg1h5j42swfq.cloudfront.net\/2026\/01\/02090302\/image-1-150x62.png 150w\" sizes=\"auto, (max-width: 909px) 100vw, 909px\" \/><figcaption class=\"wp-element-caption\">Fonte: Estrat\u00e9gia Concursos<sup data-fn=\"9fd252be-4319-4229-84ca-ad6a37b87b46\" class=\"fn\"><a href=\"#9fd252be-4319-4229-84ca-ad6a37b87b46\" id=\"9fd252be-4319-4229-84ca-ad6a37b87b46-link\">2<\/a><\/sup><\/figcaption><\/figure>\n\n\n\n<p><\/p>\n\n\n\n<p>\u00c9 importante destacar que, de acordo com o texto constitucional, funcionar\u00e3o junto ao STJ a <strong>Escola Nacional de Forma\u00e7\u00e3o e Aperfei\u00e7oamento de Magistrados (ENFAM) e o Conselho da Justi\u00e7a Federal (CJF)<\/strong>.<\/p>\n\n\n\n<p>Principais compet\u00eancias do STJ:<\/p>\n\n\n\n<p><\/p>\n\n\n\n<figure class=\"wp-block-table aligncenter\"><table class=\"has-fixed-layout\"><tbody><tr><td class=\"has-text-align-center\" data-align=\"center\" rowspan=\"2\"><strong>Compet\u00eancias Origin\u00e1rias (art. 105, I, CF)<\/strong><\/td><td class=\"has-text-align-center\" data-align=\"center\" colspan=\"2\"><strong>Compet\u00eancias Recursais<\/strong><\/td><\/tr><tr><td class=\"has-text-align-center\" data-align=\"center\"><strong>Ordin\u00e1rias&nbsp; (art. 105, II, CF)<\/strong><\/td><td class=\"has-text-align-center\" data-align=\"center\"><strong>Especiais (art. 105, III, CF)<\/strong><\/td><\/tr><tr><td class=\"has-text-align-center\" data-align=\"center\">homologar senten\u00e7as estrangeiras e conceder exequatur \u00e0s cartas rogat\u00f3rias<\/td><td class=\"has-text-align-center\" data-align=\"center\">julgar HC \u00fanica ou \u00faltima inst\u00e2ncia de TRF ou TJ, quando denegat\u00f3ria a decis\u00e3o&nbsp;<\/td><td class=\"has-text-align-center\" data-align=\"center\">julgar decis\u00f5es recorridas que contrariem tratado ou lei federal, ou lhes neguem vig\u00eancia<\/td><\/tr><tr><td class=\"has-text-align-center\" data-align=\"center\">julgar MS e HD contra Ministros de Estado, Comandantes das For\u00e7as Armadas e MInistros do STJ<\/td><td class=\"has-text-align-center\" data-align=\"center\">julgar MS \u00fanica inst\u00e2ncia de TRF ou TJ, quando denegat\u00f3ria a decis\u00e3o<\/td><td class=\"has-text-align-center\" data-align=\"center\">julgar decis\u00f5es recorridas que reputem v\u00e1lido ato de governo local contestado em face de lei federal&nbsp;<\/td><\/tr><tr><td class=\"has-text-align-center\" data-align=\"center\">julgar conflitos de compet\u00eancia entre Tribunais<\/td><td class=\"has-text-align-center\" data-align=\"center\">julgar causas entre entidade estrangeira e Munic\u00edpio (ou pessoa residente\/domiciliada no Brasil)<\/td><td class=\"has-text-align-center\" data-align=\"center\">julgar decis\u00f5es recorridas que d\u00eaem \u00e0 lei federal interpreta\u00e7\u00e3o divergente da que lhe haja atribu\u00eddo outro tribunal<\/td><\/tr><tr><td class=\"has-text-align-center\" data-align=\"center\">julgar Governadores (crimes comuns); e Desembargadores dos TJs, membros de Tribunais de Contas, de TRFs, de TREs e TRTs e MPU (crimes comuns e de responsabilidade)<\/td><td class=\"has-text-align-center\" data-align=\"center\"><\/td><td class=\"has-text-align-center\" data-align=\"center\"><\/td><\/tr><\/tbody><\/table><\/figure>\n\n\n\n<p><\/p>\n\n\n\n<p class=\"has-text-align-center has-pale-cyan-blue-background-color has-background\"><strong><em>Leitura recomendada: <a href=\"https:\/\/www.planalto.gov.br\/ccivil_03\/constituicao\/constituicaocompilado.htm\" target=\"_blank\" rel=\"noreferrer noopener\">Artigo 105 da CF\/88.<\/a><\/em><\/strong><\/p>\n\n\n\n<p><\/p>\n\n\n\n<p style=\"font-size:clamp(16.293px, 1.018rem + ((1vw - 3.2px) * 0.854), 25px);\"><strong>Justi\u00e7a Federal<\/strong><\/p>\n\n\n\n<p>A Justi\u00e7a Federal compreende os<strong>Ju\u00edzes Federais <\/strong>e os<strong>Tribunais Regionais Federais (TRFs)<\/strong>. A sua organiza\u00e7\u00e3o e funcionamento est\u00e1 regulada pelos artigos 109 e 110 da CF\/88.<\/p>\n\n\n\n<p>Os <strong>Ju\u00edzes Federais<\/strong> constituem a<strong> primeira inst\u00e2ncia<\/strong> da Justi\u00e7a Federal. Cada Estado, bem como o Distrito Federal, constituir\u00e1 uma se\u00e7\u00e3o judici\u00e1ria que ter\u00e1 por sede a respectiva Capital, e varas localizadas segundo o estabelecido em lei (CF, art. 110).<\/p>\n\n\n\n<p><\/p>\n\n\n\n<p class=\"has-text-align-center has-pale-cyan-blue-background-color has-background\"><strong><em>Leitura recomendada: <a href=\"https:\/\/www.planalto.gov.br\/ccivil_03\/constituicao\/constituicaocompilado.htm\" target=\"_blank\" rel=\"noreferrer noopener\">Artigos 109 e 110 da CF\/88<\/a>.<\/em><\/strong><\/p>\n\n\n\n<p><\/p>\n\n\n\n<p>Por outro lado, os TRFs figuram na segunda inst\u00e2ncia da Justi\u00e7a Federal e s\u00e3o compostos de, no m\u00ednimo,<strong> sete ju\u00edzes<\/strong> <strong>nomeados pelo Presidente da Rep\u00fablica<\/strong> dentre brasileiros com <strong>mais de trinta e menos de setenta anos de idade<\/strong>.<\/p>\n\n\n\n<p>Aos TRFs, aplica-se a regra do quinto constitucional, de modo que <strong>um quinto<\/strong> dos membros ser\u00e3o <strong>advogados <\/strong>com <strong>mais de dez anos<\/strong> de efetiva atividade profissional e <strong>membros do Minist\u00e9rio P\u00fablico Federal com mais de dez anos <\/strong>de carreira;<\/p>\n\n\n\n<p>As demais vagas ser\u00e3o preenchidas mediante promo\u00e7\u00e3o de <strong>ju\u00edzes federais<\/strong> com <strong>mais de cinco anos de exerc\u00edcio<\/strong>, por antig\u00fcidade e merecimento, alternadamente.<\/p>\n\n\n\n<p>Alguns detalhes importantes sobre os TRFs: eles est\u00e3o autorizados pela CF\/88 a <strong>instalar a justi\u00e7a itinerante<\/strong>, bem como a <strong>funcionar descentralizadamente, constituindo C\u00e2maras regionais<\/strong>.<\/p>\n\n\n\n<p><\/p>\n\n\n\n<p class=\"has-text-align-center has-pale-cyan-blue-background-color has-background\"><strong><em>Leitura recomendada: <a href=\"https:\/\/www.planalto.gov.br\/ccivil_03\/constituicao\/constituicaocompilado.htm\" target=\"_blank\" rel=\"noreferrer noopener\">Artigos 107 e 108 da CF\/88<\/a>.<\/em><\/strong><\/p>\n\n\n\n<p><\/p>\n\n\n\n<p style=\"font-size:clamp(16.293px, 1.018rem + ((1vw - 3.2px) * 0.854), 25px);\"><strong>Justi\u00e7a do Trabalho<\/strong><\/p>\n\n\n\n<p>A Justi\u00e7a do Trabalho \u00e9 considerada um <strong>ramo especializado<\/strong> do Poder Judici\u00e1rio, respons\u00e1vel pelas causas que envolvem as rela\u00e7\u00f5es de trabalho.<\/p>\n\n\n\n<p>Ela \u00e9 composta pelo <strong>Tribunal Superior do Trabalho (TST)<\/strong>, pelos <strong>Tribunais Regionais do Trabalho (TRTs)<\/strong> e pelos <strong>Ju\u00edzes do Trabalho<\/strong>. A organiza\u00e7\u00e3o da Justi\u00e7a do Trabalhos est\u00e1 disciplinada nos arts. 111 a 116 da CF\/88.<\/p>\n\n\n\n<ul class=\"wp-block-list\">\n<li><strong>Composi\u00e7\u00e3o do TST<\/strong>: <strong>27 ministros<\/strong>, brasileiros <strong>entre 35 e 70 anos de idade<\/strong>, escolhidos dentre ju\u00edzes de carreira dos Tribunais Regionais do Trabalho. Aplica-se tamb\u00e9m a regra do quinto constitucional.<\/li>\n<\/ul>\n\n\n\n<ul class=\"wp-block-list\">\n<li><strong>Composi\u00e7\u00e3o dos TRTs<\/strong>: <strong>M\u00ednimo de 7 ju\u00edzes<\/strong>, brasileiros <strong>entre 30 e 70 anos de idade<\/strong>, escolhidos mediante promo\u00e7\u00e3o de ju\u00edzes do trabalho por antig\u00fcidade e merecimento, alternadamente.&nbsp; Aplica-se tamb\u00e9m a regra do quinto constitucional.<\/li>\n<\/ul>\n\n\n\n<p><\/p>\n\n\n\n<p class=\"has-text-align-center has-pale-cyan-blue-background-color has-background\"><strong><em>Leitura recomendada: <a href=\"https:\/\/www.planalto.gov.br\/ccivil_03\/constituicao\/constituicaocompilado.htm\" target=\"_blank\" rel=\"noreferrer noopener\">Artigos 111 a 116 da CF\/88<\/a>.<\/em><\/strong><\/p>\n\n\n\n<p><\/p>\n\n\n\n<p style=\"font-size:clamp(16.293px, 1.018rem + ((1vw - 3.2px) * 0.854), 25px);\"><strong>Justi\u00e7a Eleitoral<\/strong><\/p>\n\n\n\n<p>A Justi\u00e7a Eleitoral \u00e9 um <strong>ramo especializado<\/strong> do Poder Judici\u00e1rio, respons\u00e1vel pela <strong>organiza\u00e7\u00e3o do processo eleitoral<\/strong>.<\/p>\n\n\n\n<p>Ela tem as suas <strong>compet\u00eancias definidas em lei complementar<\/strong>, sendo composta pelo Tribunal Superior Eleitoral (TSE), pelos Tribunais Regionais Eleitorais (TREs), pelos Ju\u00edzes Eleitorais e pelas Juntas Eleitorais.<\/p>\n\n\n\n<ul class=\"wp-block-list\">\n<li><strong>Composi\u00e7\u00e3o do TSE<\/strong>: M\u00ednimo de 7 membros, escolhidos parte mediante elei\u00e7\u00e3o, por voto secreto, de membros do STF e do STJ, parte por nomea\u00e7\u00e3o, do Presidente da Rep\u00fablica, de advogados.<\/li>\n<\/ul>\n\n\n\n<ul class=\"wp-block-list\">\n<li><strong>Composi\u00e7\u00e3o dos TREs<\/strong>: Sete ju\u00edzes, sendo dois desembargadores do TJ; dois ju\u00edzes do TJ; um juiz federal da capital e dois advogados.<\/li>\n<\/ul>\n\n\n\n<p><\/p>\n\n\n\n<p class=\"has-text-align-center has-pale-cyan-blue-background-color has-background\"><strong><em>Leitura recomendada: <a href=\"https:\/\/www.planalto.gov.br\/ccivil_03\/constituicao\/constituicaocompilado.htm\" target=\"_blank\" rel=\"noreferrer noopener\">Artigos 118 a 121 da CF\/88<\/a>.<\/em><\/strong><\/p>\n\n\n\n<p><\/p>\n\n\n\n<p style=\"font-size:clamp(16.293px, 1.018rem + ((1vw - 3.2px) * 0.854), 25px);\"><strong>Justi\u00e7a Militar<\/strong><\/p>\n\n\n\n<p>A Justi\u00e7a Militar \u00e9 tamb\u00e9m um ramo especializado do Poder Judici\u00e1rio, respons\u00e1vel pelas causas relativas aos militares.<\/p>\n\n\n\n<p>Nesse sentido, a CF\/88 atribuiu \u00e0 Justi\u00e7a Militar compet\u00eancia para <strong>processar e julgar os crimes militares <\/strong>definidos em lei.<\/p>\n\n\n\n<p>A Justi\u00e7a Militar \u00e9 composta pelo <strong>Superior Tribunal Militar (STM)<\/strong> e pelos <strong>Tribunais e Ju\u00edzes Militares<\/strong>. A sua organiza\u00e7\u00e3o e funcionamento est\u00e1 regulada nos arts. 122 e 123 da CF\/88.<\/p>\n\n\n\n<p>O STM \u00e9 composto por <strong>15 ministros<\/strong>, nomeados pelo Presidente da Rep\u00fablica, dentre oficiais generais das For\u00e7as Armadas e civis. <\/p>\n\n\n\n<p><\/p>\n\n\n\n<p class=\"has-text-align-center has-pale-cyan-blue-background-color has-background\"><strong><em>Leitura recomendada: <a href=\"https:\/\/www.planalto.gov.br\/ccivil_03\/constituicao\/constituicaocompilado.htm\" target=\"_blank\" rel=\"noreferrer noopener\">Artigos 122 e 123 da CF\/88<\/a>.<\/em><\/strong><\/p>\n\n\n\n<p><\/p>\n\n\n\n<p style=\"font-size:clamp(16.293px, 1.018rem + ((1vw - 3.2px) * 0.854), 25px);\"><strong>Justi\u00e7a Estadual<\/strong><\/p>\n\n\n\n<p>A organiza\u00e7\u00e3o da Justi\u00e7a Estadual se d\u00e1 <strong>por cada estado <\/strong>da federa\u00e7\u00e3o e tem a sua <strong>compet\u00eancia disciplinada na Constitui\u00e7\u00e3o estadual<\/strong> respectiva, sendo que a lei de organiza\u00e7\u00e3o judici\u00e1ria \u00e9 de iniciativa do Tribunal de Justi\u00e7a.<\/p>\n\n\n\n<p>A CF\/88 autorizou os estados a institu\u00edrem sua <strong>Justi\u00e7a Militar<\/strong>, mediante <strong>proposta do Tribunal de Justi\u00e7a<\/strong>, a qual ficar\u00e1 respons\u00e1vel por <strong>processar e julgar os militares dos Estados<\/strong>, nos crimes militares definidos em lei, e as a\u00e7\u00f5es judiciais contra atos disciplinares militares.<\/p>\n\n\n\n<p>Por fim, vale destacar que <strong>cabe aos Estados a institui\u00e7\u00e3o de representa\u00e7\u00e3o de inconstitucionalidade de leis ou atos normativos estaduais ou municipais em face da Constitui\u00e7\u00e3o Estadual<\/strong>, vedada a atribui\u00e7\u00e3o da legitima\u00e7\u00e3o para agir a um \u00fanico \u00f3rg\u00e3o (Art. 125, \u00a7 2\u00ba, CF).<\/p>\n\n\n\n<p><\/p>\n\n\n\n<p class=\"has-text-align-center has-pale-cyan-blue-background-color has-background\"><strong><em>Leitura recomendada: <a href=\"https:\/\/www.planalto.gov.br\/ccivil_03\/constituicao\/constituicaocompilado.htm\" target=\"_blank\" rel=\"noreferrer noopener\">Artigos 125 e 126 da CF\/88<\/a>.<\/em><\/strong><\/p>\n\n\n\n<p><\/p>\n\n\n\n<p>Ficamos por aqui\u2026<\/p>\n\n\n\n<p>Para se aprofundar no tema organiza\u00e7\u00e3o do Poder Judici\u00e1rio, estude com nossos <a href=\"https:\/\/www.estrategiaconcursos.com.br\/cursos\/concurso\/\">materiais em pdf e em v\u00eddeo aulas<\/a>, e aumente as suas chances de aprova\u00e7\u00e3o.<\/p>\n\n\n\n<p>Bons estudos e at\u00e9 a pr\u00f3xima!<\/p>\n\n\n\n<p>Nilson Assis<\/p>\n\n\n\n<p>Analista Legislativo do Senado Federal<\/p>\n\n\n\n<p>@nsassis.concursos<\/p>\n\n\n\n<ul class=\"wp-block-list\">\n<li><a href=\"https:\/\/www.estrategiaconcursos.com.br\/blog\/concursos-2026\/\" target=\"_blank\" rel=\"noreferrer noopener\">Concursos 2026<\/a><\/li>\n\n\n\n<li><a href=\"https:\/\/www.estrategiaconcursos.com.br\/blog\/concursos-2025\/\">Concursos 2025<\/a><\/li>\n\n\n\n<li><a href=\"https:\/\/www.estrategiaconcursos.com.br\/blog\/concursos-federais-2023\/\">Concursos federais<\/a><\/li>\n\n\n\n<li><a href=\"https:\/\/cj.estrategia.com\/portal\/concursos-abertos-carreiras-juridicas\/\">Concursos abertos Carreiras Jur\u00eddicas<\/a><\/li>\n\n\n\n<li><a href=\"https:\/\/www.estrategiaconcursos.com.br\/blog\/concursos-abertos\/\">Concursos abertos<\/a><\/li>\n<\/ul>\n\n\n\n<p><\/p>\n\n\n\n<p style=\"font-size:clamp(16.293px, 1.018rem + ((1vw - 3.2px) * 0.854), 25px);\"><strong>Refer\u00eancias Bibliogr\u00e1ficas<\/strong><\/p>\n\n\n\n<p>BRASIL. [Constitui\u00e7\u00e3o (1988)]. <strong>Constitui\u00e7\u00e3o da Rep\u00fablica Federativa do Brasil de 1988<\/strong>. Dispon\u00edvel em: <a href=\"https:\/\/www.planalto.gov.br\/ccivil_03\/constituicao\/constituicaocompilado.htm\">https:\/\/www.planalto.gov.br\/ccivil_03\/constituicao\/constituicaocompilado.htm<\/a>. Acesso em: 30 Dez. 2025.<\/p>\n\n\n\n<p>VALE, R.; CAROLINA, N. <strong>TCDF (Auditor de Controle Externo) Direito Constitucional &#8211; 2023 (Pr\u00e9-Edital)<\/strong>. Estrat\u00e9gia Concursos, aula 13.<\/p>\n\n\n\n<p><\/p>\n\n\n\n<p style=\"font-size:clamp(16.293px, 1.018rem + ((1vw - 3.2px) * 0.854), 25px);\"><strong>Notas<\/strong><\/p>\n\n\n\n<p><\/p>\n\n\n<ol class=\"wp-block-footnotes\"><li id=\"edee8dd6-fc18-4eae-892d-09b54cdc5fad\">VALE, R.; CAROLINA, N. <strong>TCDF (Auditor de Controle Externo) Direito Constitucional &#8211; 2023 (Pr\u00e9-Edital)<\/strong>. Estrat\u00e9gia Concursos, aula 13, p. 4. <a href=\"#edee8dd6-fc18-4eae-892d-09b54cdc5fad-link\" aria-label=\"Ir para a refer\u00eancia 1 na nota de rodap\u00e9\">\u21a9\ufe0e<\/a><\/li><li id=\"9fd252be-4319-4229-84ca-ad6a37b87b46\">VALE, R.; CAROLINA, N. <strong>TCDF (Auditor de Controle Externo) Direito Constitucional &#8211; 2023 (Pr\u00e9-Edital)<\/strong>. Estrat\u00e9gia Concursos, aula 13, p. 55. <a href=\"#9fd252be-4319-4229-84ca-ad6a37b87b46-link\" aria-label=\"Ir para a refer\u00eancia 2 na nota de rodap\u00e9\">\u21a9\ufe0e<\/a><\/li><\/ol>\n\n\n<p><\/p>\n","protected":false},"excerpt":{"rendered":"<p>Ol\u00e1, pessoal! Tudo bem? Neste artigo, vamos falar sobre a organiza\u00e7\u00e3o do Poder Judici\u00e1rio. O enfoque hoje ser\u00e1 nos \u00f3rg\u00e3os que o comp\u00f5em. Vejamos, a seguir, os t\u00f3picos a serem abordados no nosso encontro: &nbsp; \u00d3rg\u00e3os do Poder Judici\u00e1rio A Constitui\u00e7\u00e3o Federal, em seu art. 92, elencou os \u00f3rg\u00e3os que integram o sistema judici\u00e1rio brasileiro. [&hellip;]<\/p>\n","protected":false},"author":2894,"featured_media":1358164,"comment_status":"open","ping_status":"closed","sticky":false,"template":"","format":"standard","meta":{"post_tipo":"article","footnotes":"[{\"content\":\"VALE, R.; CAROLINA, N. <strong>TCDF (Auditor de Controle Externo) Direito Constitucional - 2023 (Pr\u00e9-Edital)<\/strong>. Estrat\u00e9gia Concursos, aula 13, p. 4.\",\"id\":\"edee8dd6-fc18-4eae-892d-09b54cdc5fad\"},{\"content\":\"VALE, R.; CAROLINA, N. <strong>TCDF (Auditor de Controle Externo) Direito Constitucional - 2023 (Pr\u00e9-Edital)<\/strong>. Estrat\u00e9gia Concursos, aula 13, p. 55.\",\"id\":\"9fd252be-4319-4229-84ca-ad6a37b87b46\"}]"},"categories":[1],"tags":[],"tax_estado":[],"class_list":["post-1692686","post","type-post","status-publish","format-standard","has-post-thumbnail","hentry","category-cursos-e-concursos"],"acf":[],"yoast_head":"<!-- This site is optimized with the Yoast SEO Premium plugin v27.2 (Yoast SEO v27.2) - https:\/\/yoast.com\/product\/yoast-seo-premium-wordpress\/ -->\n<title>Organiza\u00e7\u00e3o do Poder Judici\u00e1rio para a SEFAZ-SP<\/title>\n<meta name=\"description\" content=\"Ol\u00e1, pessoal! Tudo bem? Neste artigo, vamos falar sobre a organiza\u00e7\u00e3o do Poder Judici\u00e1rio.O enfoque hoje ser\u00e1 nos \u00f3rg\u00e3os que o comp\u00f5em.\" \/>\n<meta name=\"robots\" content=\"index, follow, max-snippet:-1, max-image-preview:large, max-video-preview:-1\" \/>\n<link rel=\"canonical\" href=\"https:\/\/www.estrategiaconcursos.com.br\/blog\/organizacao-poder-judiciario-sefaz-sp\/\" \/>\n<meta property=\"og:locale\" content=\"pt_BR\" \/>\n<meta property=\"og:type\" content=\"article\" \/>\n<meta property=\"og:title\" content=\"Organiza\u00e7\u00e3o do Poder Judici\u00e1rio para a SEFAZ-SP\" \/>\n<meta property=\"og:description\" content=\"Ol\u00e1, pessoal! Tudo bem? Neste artigo, vamos falar sobre a organiza\u00e7\u00e3o do Poder Judici\u00e1rio.O enfoque hoje ser\u00e1 nos \u00f3rg\u00e3os que o comp\u00f5em.\" \/>\n<meta property=\"og:url\" content=\"https:\/\/www.estrategiaconcursos.com.br\/blog\/organizacao-poder-judiciario-sefaz-sp\/\" \/>\n<meta property=\"og:site_name\" content=\"Estrat\u00e9gia Concursos\" \/>\n<meta property=\"article:published_time\" content=\"2026-01-10T14:42:00+00:00\" \/>\n<meta property=\"og:image\" content=\"https:\/\/dhg1h5j42swfq.cloudfront.net\/2024\/02\/23174420\/poder-judiciario.jpg\" \/>\n\t<meta property=\"og:image:width\" content=\"1024\" \/>\n\t<meta property=\"og:image:height\" content=\"683\" \/>\n\t<meta property=\"og:image:type\" content=\"image\/jpeg\" \/>\n<meta name=\"author\" content=\"Nilson Silva de Assis\" \/>\n<meta name=\"twitter:card\" content=\"summary_large_image\" \/>\n<meta name=\"twitter:creator\" content=\"@EstratConcursos\" \/>\n<meta name=\"twitter:site\" content=\"@EstratConcursos\" \/>\n<meta name=\"twitter:label1\" content=\"Escrito por\" \/>\n\t<meta name=\"twitter:data1\" content=\"Nilson Silva de Assis\" \/>\n\t<meta name=\"twitter:label2\" content=\"Est. tempo de leitura\" \/>\n\t<meta name=\"twitter:data2\" content=\"10 minutos\" \/>\n<script type=\"application\/ld+json\" class=\"yoast-schema-graph\">{\"@context\":\"https:\/\/schema.org\",\"@graph\":[{\"@type\":\"NewsArticle\",\"@id\":\"https:\/\/www.estrategiaconcursos.com.br\/blog\/organizacao-poder-judiciario-sefaz-sp\/#article\",\"isPartOf\":{\"@id\":\"https:\/\/www.estrategiaconcursos.com.br\/blog\/organizacao-poder-judiciario-sefaz-sp\/\"},\"author\":{\"name\":\"Nilson Silva de Assis\",\"@id\":\"https:\/\/www.estrategiaconcursos.com.br\/blog\/#\/schema\/person\/2602628e49ec93d5f782b149f91603ab\"},\"headline\":\"Organiza\u00e7\u00e3o do Poder Judici\u00e1rio para a SEFAZ-SP\",\"datePublished\":\"2026-01-10T14:42:00+00:00\",\"mainEntityOfPage\":{\"@id\":\"https:\/\/www.estrategiaconcursos.com.br\/blog\/organizacao-poder-judiciario-sefaz-sp\/\"},\"wordCount\":2097,\"commentCount\":0,\"publisher\":{\"@id\":\"https:\/\/www.estrategiaconcursos.com.br\/blog\/#organization\"},\"image\":{\"@id\":\"https:\/\/www.estrategiaconcursos.com.br\/blog\/organizacao-poder-judiciario-sefaz-sp\/#primaryimage\"},\"thumbnailUrl\":\"https:\/\/dhg1h5j42swfq.cloudfront.net\/2024\/02\/23174420\/poder-judiciario.jpg\",\"articleSection\":[\"Concursos P\u00fablicos\"],\"inLanguage\":\"pt-BR\",\"potentialAction\":[{\"@type\":\"CommentAction\",\"name\":\"Comment\",\"target\":[\"https:\/\/www.estrategiaconcursos.com.br\/blog\/organizacao-poder-judiciario-sefaz-sp\/#respond\"]}],\"copyrightYear\":\"2026\",\"copyrightHolder\":{\"@id\":\"https:\/\/www.estrategiaconcursos.com.br\/blog\/#organization\"}},{\"@type\":\"WebPage\",\"@id\":\"https:\/\/www.estrategiaconcursos.com.br\/blog\/organizacao-poder-judiciario-sefaz-sp\/\",\"url\":\"https:\/\/www.estrategiaconcursos.com.br\/blog\/organizacao-poder-judiciario-sefaz-sp\/\",\"name\":\"Organiza\u00e7\u00e3o do Poder Judici\u00e1rio para a SEFAZ-SP\",\"isPartOf\":{\"@id\":\"https:\/\/www.estrategiaconcursos.com.br\/blog\/#website\"},\"primaryImageOfPage\":{\"@id\":\"https:\/\/www.estrategiaconcursos.com.br\/blog\/organizacao-poder-judiciario-sefaz-sp\/#primaryimage\"},\"image\":{\"@id\":\"https:\/\/www.estrategiaconcursos.com.br\/blog\/organizacao-poder-judiciario-sefaz-sp\/#primaryimage\"},\"thumbnailUrl\":\"https:\/\/dhg1h5j42swfq.cloudfront.net\/2024\/02\/23174420\/poder-judiciario.jpg\",\"datePublished\":\"2026-01-10T14:42:00+00:00\",\"description\":\"Ol\u00e1, pessoal! Tudo bem? Neste artigo, vamos falar sobre a organiza\u00e7\u00e3o do Poder Judici\u00e1rio.O enfoque hoje ser\u00e1 nos \u00f3rg\u00e3os que o comp\u00f5em.\",\"breadcrumb\":{\"@id\":\"https:\/\/www.estrategiaconcursos.com.br\/blog\/organizacao-poder-judiciario-sefaz-sp\/#breadcrumb\"},\"inLanguage\":\"pt-BR\",\"potentialAction\":[{\"@type\":\"ReadAction\",\"target\":[\"https:\/\/www.estrategiaconcursos.com.br\/blog\/organizacao-poder-judiciario-sefaz-sp\/\"]}]},{\"@type\":\"ImageObject\",\"inLanguage\":\"pt-BR\",\"@id\":\"https:\/\/www.estrategiaconcursos.com.br\/blog\/organizacao-poder-judiciario-sefaz-sp\/#primaryimage\",\"url\":\"https:\/\/dhg1h5j42swfq.cloudfront.net\/2024\/02\/23174420\/poder-judiciario.jpg\",\"contentUrl\":\"https:\/\/dhg1h5j42swfq.cloudfront.net\/2024\/02\/23174420\/poder-judiciario.jpg\",\"width\":1024,\"height\":683,\"caption\":\"poder judici\u00e1rio\"},{\"@type\":\"BreadcrumbList\",\"@id\":\"https:\/\/www.estrategiaconcursos.com.br\/blog\/organizacao-poder-judiciario-sefaz-sp\/#breadcrumb\",\"itemListElement\":[{\"@type\":\"ListItem\",\"position\":1,\"name\":\"In\u00edcio\",\"item\":\"https:\/\/www.estrategiaconcursos.com.br\/blog\/\"},{\"@type\":\"ListItem\",\"position\":2,\"name\":\"Organiza\u00e7\u00e3o do Poder Judici\u00e1rio para a SEFAZ-SP\"}]},{\"@type\":\"WebSite\",\"@id\":\"https:\/\/www.estrategiaconcursos.com.br\/blog\/#website\",\"url\":\"https:\/\/www.estrategiaconcursos.com.br\/blog\/\",\"name\":\"Estrat\u00e9gia Concursos\",\"description\":\"O blog da Estrat\u00e9gia Concursos traz not\u00edcias sobre concursos e artigos de professores oferecendo cursos para concursos (pdf + videaulas) no site.\",\"publisher\":{\"@id\":\"https:\/\/www.estrategiaconcursos.com.br\/blog\/#organization\"},\"potentialAction\":[{\"@type\":\"SearchAction\",\"target\":{\"@type\":\"EntryPoint\",\"urlTemplate\":\"https:\/\/www.estrategiaconcursos.com.br\/blog\/?s={search_term_string}\"},\"query-input\":{\"@type\":\"PropertyValueSpecification\",\"valueRequired\":true,\"valueName\":\"search_term_string\"}}],\"inLanguage\":\"pt-BR\"},{\"@type\":\"Organization\",\"@id\":\"https:\/\/www.estrategiaconcursos.com.br\/blog\/#organization\",\"name\":\"Estrat\u00e9gia Concursos\",\"url\":\"https:\/\/www.estrategiaconcursos.com.br\/blog\/\",\"logo\":{\"@type\":\"ImageObject\",\"inLanguage\":\"pt-BR\",\"@id\":\"https:\/\/www.estrategiaconcursos.com.br\/blog\/#\/schema\/logo\/image\/\",\"url\":\"https:\/\/dhg1h5j42swfq.cloudfront.net\/2025\/06\/03203428\/logo_concursos-1.jpg\",\"contentUrl\":\"https:\/\/dhg1h5j42swfq.cloudfront.net\/2025\/06\/03203428\/logo_concursos-1.jpg\",\"width\":230,\"height\":60,\"caption\":\"Estrat\u00e9gia Concursos\"},\"image\":{\"@id\":\"https:\/\/www.estrategiaconcursos.com.br\/blog\/#\/schema\/logo\/image\/\"},\"sameAs\":[\"https:\/\/x.com\/EstratConcursos\"]},{\"@type\":\"Person\",\"@id\":\"https:\/\/www.estrategiaconcursos.com.br\/blog\/#\/schema\/person\/2602628e49ec93d5f782b149f91603ab\",\"name\":\"Nilson Silva de Assis\",\"image\":{\"@type\":\"ImageObject\",\"inLanguage\":\"pt-BR\",\"@id\":\"https:\/\/secure.gravatar.com\/avatar\/cdec26ae7042f64d4ddcb70bcf78a4fcbc02661bfa30a7ce3d8bf515b625a75a?s=96&d=mm&r=g\",\"url\":\"https:\/\/secure.gravatar.com\/avatar\/cdec26ae7042f64d4ddcb70bcf78a4fcbc02661bfa30a7ce3d8bf515b625a75a?s=96&d=mm&r=g\",\"contentUrl\":\"https:\/\/secure.gravatar.com\/avatar\/cdec26ae7042f64d4ddcb70bcf78a4fcbc02661bfa30a7ce3d8bf515b625a75a?s=96&d=mm&r=g\",\"caption\":\"Nilson Silva de Assis\"},\"description\":\"Atualmente \u00e9 Analista Legislativo do Senado Federal e Professor do Estrat\u00e9gia Concursos. Suas principais aprova\u00e7\u00f5es: Analista Legislativo do Senado Federal; Auditor Federal de Finan\u00e7as e Controle da CGU; Auditor-Fiscal da Receita Estadual da SEFAZ ES; T\u00e9cnico Fazend\u00e1rio do ISS Manaus; Assistente Executivo em Metrologia e Qualidade do Inmetro; Agente Fazend\u00e1rio do ISS Niter\u00f3i\/RJ; Assistente Administrativo da Prefeitura do Rio (RioSa\u00fade); Assistente Administrativo da Secretaria de Administra\u00e7\u00e3o do Munic\u00edpio do RJ.\",\"sameAs\":[\"https:\/\/www.instagram.com\/nilsonassis.concursos\/\",\"kedin.com\/in\/nilson-assis-954132295\/\"],\"url\":\"https:\/\/www.estrategiaconcursos.com.br\/blog\/author\/nilson-sdeassisgmail-com\/\"}]}<\/script>\n<!-- \/ Yoast SEO Premium plugin. -->","yoast_head_json":{"title":"Organiza\u00e7\u00e3o do Poder Judici\u00e1rio para a SEFAZ-SP","description":"Ol\u00e1, pessoal! Tudo bem? Neste artigo, vamos falar sobre a organiza\u00e7\u00e3o do Poder Judici\u00e1rio.O enfoque hoje ser\u00e1 nos \u00f3rg\u00e3os que o comp\u00f5em.","robots":{"index":"index","follow":"follow","max-snippet":"max-snippet:-1","max-image-preview":"max-image-preview:large","max-video-preview":"max-video-preview:-1"},"canonical":"https:\/\/www.estrategiaconcursos.com.br\/blog\/organizacao-poder-judiciario-sefaz-sp\/","og_locale":"pt_BR","og_type":"article","og_title":"Organiza\u00e7\u00e3o do Poder Judici\u00e1rio para a SEFAZ-SP","og_description":"Ol\u00e1, pessoal! Tudo bem? Neste artigo, vamos falar sobre a organiza\u00e7\u00e3o do Poder Judici\u00e1rio.O enfoque hoje ser\u00e1 nos \u00f3rg\u00e3os que o comp\u00f5em.","og_url":"https:\/\/www.estrategiaconcursos.com.br\/blog\/organizacao-poder-judiciario-sefaz-sp\/","og_site_name":"Estrat\u00e9gia Concursos","article_published_time":"2026-01-10T14:42:00+00:00","og_image":[{"width":1024,"height":683,"url":"https:\/\/dhg1h5j42swfq.cloudfront.net\/2024\/02\/23174420\/poder-judiciario.jpg","type":"image\/jpeg"}],"author":"Nilson Silva de Assis","twitter_card":"summary_large_image","twitter_creator":"@EstratConcursos","twitter_site":"@EstratConcursos","twitter_misc":{"Escrito por":"Nilson Silva de Assis","Est. tempo de leitura":"10 minutos"},"schema":{"@context":"https:\/\/schema.org","@graph":[{"@type":"NewsArticle","@id":"https:\/\/www.estrategiaconcursos.com.br\/blog\/organizacao-poder-judiciario-sefaz-sp\/#article","isPartOf":{"@id":"https:\/\/www.estrategiaconcursos.com.br\/blog\/organizacao-poder-judiciario-sefaz-sp\/"},"author":{"name":"Nilson Silva de Assis","@id":"https:\/\/www.estrategiaconcursos.com.br\/blog\/#\/schema\/person\/2602628e49ec93d5f782b149f91603ab"},"headline":"Organiza\u00e7\u00e3o do Poder Judici\u00e1rio para a SEFAZ-SP","datePublished":"2026-01-10T14:42:00+00:00","mainEntityOfPage":{"@id":"https:\/\/www.estrategiaconcursos.com.br\/blog\/organizacao-poder-judiciario-sefaz-sp\/"},"wordCount":2097,"commentCount":0,"publisher":{"@id":"https:\/\/www.estrategiaconcursos.com.br\/blog\/#organization"},"image":{"@id":"https:\/\/www.estrategiaconcursos.com.br\/blog\/organizacao-poder-judiciario-sefaz-sp\/#primaryimage"},"thumbnailUrl":"https:\/\/dhg1h5j42swfq.cloudfront.net\/2024\/02\/23174420\/poder-judiciario.jpg","articleSection":["Concursos P\u00fablicos"],"inLanguage":"pt-BR","potentialAction":[{"@type":"CommentAction","name":"Comment","target":["https:\/\/www.estrategiaconcursos.com.br\/blog\/organizacao-poder-judiciario-sefaz-sp\/#respond"]}],"copyrightYear":"2026","copyrightHolder":{"@id":"https:\/\/www.estrategiaconcursos.com.br\/blog\/#organization"}},{"@type":"WebPage","@id":"https:\/\/www.estrategiaconcursos.com.br\/blog\/organizacao-poder-judiciario-sefaz-sp\/","url":"https:\/\/www.estrategiaconcursos.com.br\/blog\/organizacao-poder-judiciario-sefaz-sp\/","name":"Organiza\u00e7\u00e3o do Poder Judici\u00e1rio para a SEFAZ-SP","isPartOf":{"@id":"https:\/\/www.estrategiaconcursos.com.br\/blog\/#website"},"primaryImageOfPage":{"@id":"https:\/\/www.estrategiaconcursos.com.br\/blog\/organizacao-poder-judiciario-sefaz-sp\/#primaryimage"},"image":{"@id":"https:\/\/www.estrategiaconcursos.com.br\/blog\/organizacao-poder-judiciario-sefaz-sp\/#primaryimage"},"thumbnailUrl":"https:\/\/dhg1h5j42swfq.cloudfront.net\/2024\/02\/23174420\/poder-judiciario.jpg","datePublished":"2026-01-10T14:42:00+00:00","description":"Ol\u00e1, pessoal! Tudo bem? Neste artigo, vamos falar sobre a organiza\u00e7\u00e3o do Poder Judici\u00e1rio.O enfoque hoje ser\u00e1 nos \u00f3rg\u00e3os que o comp\u00f5em.","breadcrumb":{"@id":"https:\/\/www.estrategiaconcursos.com.br\/blog\/organizacao-poder-judiciario-sefaz-sp\/#breadcrumb"},"inLanguage":"pt-BR","potentialAction":[{"@type":"ReadAction","target":["https:\/\/www.estrategiaconcursos.com.br\/blog\/organizacao-poder-judiciario-sefaz-sp\/"]}]},{"@type":"ImageObject","inLanguage":"pt-BR","@id":"https:\/\/www.estrategiaconcursos.com.br\/blog\/organizacao-poder-judiciario-sefaz-sp\/#primaryimage","url":"https:\/\/dhg1h5j42swfq.cloudfront.net\/2024\/02\/23174420\/poder-judiciario.jpg","contentUrl":"https:\/\/dhg1h5j42swfq.cloudfront.net\/2024\/02\/23174420\/poder-judiciario.jpg","width":1024,"height":683,"caption":"poder judici\u00e1rio"},{"@type":"BreadcrumbList","@id":"https:\/\/www.estrategiaconcursos.com.br\/blog\/organizacao-poder-judiciario-sefaz-sp\/#breadcrumb","itemListElement":[{"@type":"ListItem","position":1,"name":"In\u00edcio","item":"https:\/\/www.estrategiaconcursos.com.br\/blog\/"},{"@type":"ListItem","position":2,"name":"Organiza\u00e7\u00e3o do Poder Judici\u00e1rio para a SEFAZ-SP"}]},{"@type":"WebSite","@id":"https:\/\/www.estrategiaconcursos.com.br\/blog\/#website","url":"https:\/\/www.estrategiaconcursos.com.br\/blog\/","name":"Estrat\u00e9gia Concursos","description":"O blog da Estrat\u00e9gia Concursos traz not\u00edcias sobre concursos e artigos de professores oferecendo cursos para concursos (pdf + videaulas) no site.","publisher":{"@id":"https:\/\/www.estrategiaconcursos.com.br\/blog\/#organization"},"potentialAction":[{"@type":"SearchAction","target":{"@type":"EntryPoint","urlTemplate":"https:\/\/www.estrategiaconcursos.com.br\/blog\/?s={search_term_string}"},"query-input":{"@type":"PropertyValueSpecification","valueRequired":true,"valueName":"search_term_string"}}],"inLanguage":"pt-BR"},{"@type":"Organization","@id":"https:\/\/www.estrategiaconcursos.com.br\/blog\/#organization","name":"Estrat\u00e9gia Concursos","url":"https:\/\/www.estrategiaconcursos.com.br\/blog\/","logo":{"@type":"ImageObject","inLanguage":"pt-BR","@id":"https:\/\/www.estrategiaconcursos.com.br\/blog\/#\/schema\/logo\/image\/","url":"https:\/\/dhg1h5j42swfq.cloudfront.net\/2025\/06\/03203428\/logo_concursos-1.jpg","contentUrl":"https:\/\/dhg1h5j42swfq.cloudfront.net\/2025\/06\/03203428\/logo_concursos-1.jpg","width":230,"height":60,"caption":"Estrat\u00e9gia Concursos"},"image":{"@id":"https:\/\/www.estrategiaconcursos.com.br\/blog\/#\/schema\/logo\/image\/"},"sameAs":["https:\/\/x.com\/EstratConcursos"]},{"@type":"Person","@id":"https:\/\/www.estrategiaconcursos.com.br\/blog\/#\/schema\/person\/2602628e49ec93d5f782b149f91603ab","name":"Nilson Silva de Assis","image":{"@type":"ImageObject","inLanguage":"pt-BR","@id":"https:\/\/secure.gravatar.com\/avatar\/cdec26ae7042f64d4ddcb70bcf78a4fcbc02661bfa30a7ce3d8bf515b625a75a?s=96&d=mm&r=g","url":"https:\/\/secure.gravatar.com\/avatar\/cdec26ae7042f64d4ddcb70bcf78a4fcbc02661bfa30a7ce3d8bf515b625a75a?s=96&d=mm&r=g","contentUrl":"https:\/\/secure.gravatar.com\/avatar\/cdec26ae7042f64d4ddcb70bcf78a4fcbc02661bfa30a7ce3d8bf515b625a75a?s=96&d=mm&r=g","caption":"Nilson Silva de Assis"},"description":"Atualmente \u00e9 Analista Legislativo do Senado Federal e Professor do Estrat\u00e9gia Concursos. Suas principais aprova\u00e7\u00f5es: Analista Legislativo do Senado Federal; Auditor Federal de Finan\u00e7as e Controle da CGU; Auditor-Fiscal da Receita Estadual da SEFAZ ES; T\u00e9cnico Fazend\u00e1rio do ISS Manaus; Assistente Executivo em Metrologia e Qualidade do Inmetro; Agente Fazend\u00e1rio do ISS Niter\u00f3i\/RJ; Assistente Administrativo da Prefeitura do Rio (RioSa\u00fade); Assistente Administrativo da Secretaria de Administra\u00e7\u00e3o do Munic\u00edpio do RJ.","sameAs":["https:\/\/www.instagram.com\/nilsonassis.concursos\/","kedin.com\/in\/nilson-assis-954132295\/"],"url":"https:\/\/www.estrategiaconcursos.com.br\/blog\/author\/nilson-sdeassisgmail-com\/"}]}},"_links":{"self":[{"href":"https:\/\/www.estrategiaconcursos.com.br\/blog\/wp-json\/wp\/v2\/posts\/1692686","targetHints":{"allow":["GET"]}}],"collection":[{"href":"https:\/\/www.estrategiaconcursos.com.br\/blog\/wp-json\/wp\/v2\/posts"}],"about":[{"href":"https:\/\/www.estrategiaconcursos.com.br\/blog\/wp-json\/wp\/v2\/types\/post"}],"author":[{"embeddable":true,"href":"https:\/\/www.estrategiaconcursos.com.br\/blog\/wp-json\/wp\/v2\/users\/2894"}],"replies":[{"embeddable":true,"href":"https:\/\/www.estrategiaconcursos.com.br\/blog\/wp-json\/wp\/v2\/comments?post=1692686"}],"version-history":[{"count":9,"href":"https:\/\/www.estrategiaconcursos.com.br\/blog\/wp-json\/wp\/v2\/posts\/1692686\/revisions"}],"predecessor-version":[{"id":1694571,"href":"https:\/\/www.estrategiaconcursos.com.br\/blog\/wp-json\/wp\/v2\/posts\/1692686\/revisions\/1694571"}],"wp:featuredmedia":[{"embeddable":true,"href":"https:\/\/www.estrategiaconcursos.com.br\/blog\/wp-json\/wp\/v2\/media\/1358164"}],"wp:attachment":[{"href":"https:\/\/www.estrategiaconcursos.com.br\/blog\/wp-json\/wp\/v2\/media?parent=1692686"}],"wp:term":[{"taxonomy":"category","embeddable":true,"href":"https:\/\/www.estrategiaconcursos.com.br\/blog\/wp-json\/wp\/v2\/categories?post=1692686"},{"taxonomy":"post_tag","embeddable":true,"href":"https:\/\/www.estrategiaconcursos.com.br\/blog\/wp-json\/wp\/v2\/tags?post=1692686"},{"taxonomy":"tax_estado","embeddable":true,"href":"https:\/\/www.estrategiaconcursos.com.br\/blog\/wp-json\/wp\/v2\/tax_estado?post=1692686"}],"curies":[{"name":"wp","href":"https:\/\/api.w.org\/{rel}","templated":true}]}}