{"id":1692451,"date":"2026-01-03T07:40:00","date_gmt":"2026-01-03T10:40:00","guid":{"rendered":"https:\/\/www.estrategiaconcursos.com.br\/blog\/?p=1692451"},"modified":"2026-01-02T18:08:29","modified_gmt":"2026-01-02T21:08:29","slug":"simulado-final-ses-sc","status":"publish","type":"post","link":"https:\/\/www.estrategiaconcursos.com.br\/blog\/simulado-final-ses-sc\/","title":{"rendered":"Simulado Final SES SC: \u00faltima prepara\u00e7\u00e3o para a prova!"},"content":{"rendered":"\n<p>O <strong>concurso p\u00fablico<\/strong> <strong>SES SC<\/strong> (<a href=\"https:\/\/www.estrategiaconcursos.com.br\/cursosPorConcurso\/secretaria-do-estado-da-saude-de-santa-catarina-ses-sc\/\" target=\"_blank\" rel=\"noreferrer noopener\">Secretaria de Estado da Sa\u00fade de Santa Catarina<\/a>) oferece <strong>511 vagas imediatas e cadastro de reserva<\/strong> para diversos cargos nos n\u00edveis m\u00e9dio, t\u00e9cnico e superior. Os sal\u00e1rios variam de<strong> R$ 4.102,20 a R$ 9.499,54<\/strong>.<\/p>\n\n\n\n<p>Com provas previstas em 11 de janeiro, \u00e9 fundamental que voc\u00ea treine as quest\u00f5es para o grande dia. Afinal, voc\u00ea precisa conhecer o perfil de cobran\u00e7a e saber marcar o \u201cX\u201d no lugar certo!<\/p>\n\n\n\n<p>Por isso,&nbsp;<strong>neste s\u00e1bado, 3 de janeiro, a partir das 8h<\/strong>, realizaremos o Simulado Final SES SC. Tenha em mente que a realiza\u00e7\u00e3o de simulados contribuiu significativamente para o sucesso de muitos alunos e contribuir\u00e1 tamb\u00e9m para o seu.<\/p>\n\n\n\n<p>N\u00e3o perca essa oportunidade de se preparar com quem mais aprova em concursos p\u00fablicos! Nosso evento ser\u00e1 inteiramente gratuito e, no per\u00edodo da tarde, voc\u00ea ter\u00e1 a chance de verificar e corrigir seus erros atrav\u00e9s da nossa corre\u00e7\u00e3o. Te esperamos l\u00e1!<\/p>\n\n\n\n<h2 class=\"wp-block-heading\" id=\"h-cronograma-de-aplicacao-do-simulado-final-ses-sc\">Cronograma de aplica\u00e7\u00e3o do Simulado Final SES SC<\/h2>\n\n\n\n<ul class=\"wp-block-list\">\n<li><strong>In\u00edcio da prova:<\/strong>&nbsp;\u00e0s 8h<\/li>\n\n\n\n<li><strong>Fim da aplica\u00e7\u00e3o:<\/strong>&nbsp;\u00e0s 12h<\/li>\n\n\n\n<li><strong>Corre\u00e7\u00e3o:<\/strong>&nbsp;\u00e0s 14h, em nosso canal do Youtube<\/li>\n<\/ul>\n\n\n\n<h2 class=\"wp-block-heading\" id=\"h-estrutura-das-questoes-do-simulado-final-ses-sc\">Estrutura das quest\u00f5es do Simulado Final SES SC<\/h2>\n\n\n\n<p>Ser\u00e3o 60 quest\u00f5es in\u00e9ditas, no estilo m\u00faltipla escolha (cinco alternativas), abordando os seguintes assuntos:<\/p>\n\n\n\n<figure class=\"wp-block-table is-style-stripes\"><table class=\"has-very-light-gray-to-cyan-bluish-gray-gradient-background has-background has-fixed-layout\"><thead><tr><th class=\"has-text-align-center\" data-align=\"center\">Disciplina<\/th><th class=\"has-text-align-center\" data-align=\"center\">N\u00famero de quest\u00f5es<\/th><th class=\"has-text-align-center\" data-align=\"center\">Respons\u00e1vel<\/th><\/tr><\/thead><tbody><tr><td class=\"has-text-align-center\" data-align=\"center\">L\u00edngua Portuguesa <\/td><td class=\"has-text-align-center\" data-align=\"center\">5<\/td><td class=\"has-text-align-center\" data-align=\"center\">Luiz Felipe<\/td><\/tr><tr><td class=\"has-text-align-center\" data-align=\"center\">Racioc\u00ednio L\u00f3gico <strong>&nbsp;<\/strong><\/td><td class=\"has-text-align-center\" data-align=\"center\">3<\/td><td class=\"has-text-align-center\" data-align=\"center\">Eduardo Mocellin<\/td><\/tr><tr><td class=\"has-text-align-center\" data-align=\"center\">Inform\u00e1tica <\/td><td class=\"has-text-align-center\" data-align=\"center\">2<\/td><td class=\"has-text-align-center\" data-align=\"center\">Renato da Costa<\/td><\/tr><tr><td class=\"has-text-align-center\" data-align=\"center\">Legisla\u00e7\u00e3o &#8211; Lei 6.745; LC 491; LC 741; Lei 323 e C\u00f3digo Conduta <\/td><td class=\"has-text-align-center\" data-align=\"center\">1<\/td><td class=\"has-text-align-center\" data-align=\"center\">Tiago Zanolla<\/td><\/tr><tr><td class=\"has-text-align-center\" data-align=\"center\">Legisla\u00e7\u00e3o &#8211; Lei 8.429; Lei 12.527; Lei 13.709 <\/td><td class=\"has-text-align-center\" data-align=\"center\">1<\/td><td class=\"has-text-align-center\" data-align=\"center\">Ant\u00f4nio Daud<\/td><\/tr><tr><td class=\"has-text-align-center\" data-align=\"center\">Legisla\u00e7\u00e3o &#8211; Lei 8.080 e Lei 8.142 <\/td><td class=\"has-text-align-center\" data-align=\"center\">1<\/td><td class=\"has-text-align-center\" data-align=\"center\">L\u00edgia Carvalheiro Fernandes<\/td><\/tr><tr><td class=\"has-text-align-center\" data-align=\"center\">Legisla\u00e7\u00e3o &#8211; CF <\/td><td class=\"has-text-align-center\" data-align=\"center\">1<\/td><td class=\"has-text-align-center\" data-align=\"center\">Emerson Bruno<\/td><\/tr><tr><td class=\"has-text-align-center\" data-align=\"center\">Legisla\u00e7\u00e3o &#8211; Direito Penal<\/td><td class=\"has-text-align-center\" data-align=\"center\">1<\/td><td class=\"has-text-align-center\" data-align=\"center\">Renan Araujo<\/td><\/tr><tr><td class=\"has-text-align-center\" data-align=\"center\">Conhecimentos Espec\u00edficos<\/td><td class=\"has-text-align-center\" data-align=\"center\">35<\/td><td class=\"has-text-align-center\" data-align=\"center\">V\u00e1rios<\/td><\/tr><\/tbody><\/table><\/figure>\n\n\n\n<h2 class=\"wp-block-heading\" id=\"h-simulados-ses-sc-e-ranking-estrategico\">Simulados SES SC e Ranking Estrat\u00e9gico<\/h2>\n\n\n\n<p class=\"has-text-align-center\"><strong>A prova comentada (com o gabarito) ser\u00e1 liberada&nbsp;na&nbsp;\u00c1rea do Aluno.<\/strong><\/p>\n\n\n\n<h3 class=\"wp-block-heading has-vivid-cyan-blue-color has-text-color has-link-color wp-elements-8bd04f5a5577cd1e4351208491adfa3c\" id=\"h-cargo-tecnico-em-atividades-administrativas\">Cargo: T\u00e9cnico em Atividades Administrativas<\/h3>\n\n\n\n<p class=\"has-text-align-center has-cyan-bluish-gray-background-color has-background\"><strong><a href=\"https:\/\/dhg1h5j42swfq.cloudfront.net\/2026\/01\/02180813\/sem_comentario_ses-sc_taa_03-01.pdf\" target=\"_blank\" rel=\"noreferrer noopener nofollow\">Baixe o PDF do Simulado SES SC &#8211; T\u00e9cnico em Atividades Administrativas<\/a><\/strong><\/p>\n\n\n\n<p class=\"has-text-align-center\"><a href=\"https:\/\/forms.gle\/3RC8pkHLNAnpSnxQ9\" target=\"_blank\" rel=\"noreferrer noopener\">Conte-nos o que achou deste simulado<\/a><\/p>\n\n\n\n<ul class=\"wp-block-list\">\n<li><strong><a href=\"https:\/\/forms.gle\/sjTrazy25F9vKj5S9\" target=\"_blank\" rel=\"noreferrer noopener\">Preencha aqui seu gabarito<\/a><\/strong><\/li>\n\n\n\n<li><strong><a href=\"https:\/\/docs.google.com\/spreadsheets\/d\/1p2AkCLG7eQ53k9gPPJZy21dSFEZv7THu-pBWhLQMS4c\/edit?usp=sharing\" target=\"_blank\" rel=\"noreferrer noopener\">Ranking Estrat\u00e9gico<\/a><\/strong><\/li>\n<\/ul>\n\n\n\n<p style=\"font-size:clamp(14px, 0.875rem + ((1vw - 3.2px) * 0.098), 15px);\"><strong>ATEN\u00c7\u00c3O<\/strong>: a participa\u00e7\u00e3o do ranking ser\u00e1 permitida somente at\u00e9 o hor\u00e1rio da libera\u00e7\u00e3o do gabarito.<\/p>\n\n\n\n<figure class=\"wp-block-embed is-type-video is-provider-youtube wp-block-embed-youtube wp-embed-aspect-16-9 wp-has-aspect-ratio\"><div class=\"wp-block-embed__wrapper\">\n<div class=\"lyte-wrapper\" style=\"width:853px;max-width:100%;margin:5px;\"><div class=\"lyMe\" id=\"WYL__FhGH6Aj8co\"><div id=\"lyte__FhGH6Aj8co\" data-src=\"\/\/i.ytimg.com\/vi\/_FhGH6Aj8co\/hqdefault.jpg\" class=\"pL\"><div class=\"tC\"><div class=\"tT\"><\/div><\/div><div class=\"play\"><\/div><div class=\"ctrl\"><div class=\"Lctrl\"><\/div><div class=\"Rctrl\"><\/div><\/div><\/div><noscript><a href=\"https:\/\/youtu.be\/_FhGH6Aj8co\" rel=\"nofollow\"><img loading=\"lazy\" decoding=\"async\" src=\"https:\/\/i.ytimg.com\/vi\/_FhGH6Aj8co\/0.jpg\" alt=\"YouTube video thumbnail\" width=\"853\" height=\"460\" \/><br \/>Assista a este v\u00eddeo no YouTube<\/a><\/noscript><\/div><\/div><div class=\"lL\" style=\"max-width:100%;width:853px;margin:5px;\"><\/div>\n<\/div><\/figure>\n\n\n\n<hr class=\"wp-block-separator has-alpha-channel-opacity is-style-dots\"\/>\n\n\n\n<h3 class=\"wp-block-heading has-vivid-cyan-blue-color has-text-color has-link-color wp-elements-f0b737cbae2cb7827e6e534ef5690202\" id=\"h-cargo-assistente-social\">Cargo: Assistente Social<\/h3>\n\n\n\n<p class=\"has-text-align-center has-cyan-bluish-gray-background-color has-background\"><strong><a href=\"https:\/\/dhg1h5j42swfq.cloudfront.net\/2026\/01\/02173218\/sem_comentario_ses-sc_asssoc_03-01.pdf\" target=\"_blank\" rel=\"noreferrer noopener nofollow\">Baixe o PDF do Simulado SES SC &#8211; Assistente Social<\/a><\/strong><\/p>\n\n\n\n<p class=\"has-text-align-center\"><a href=\"https:\/\/forms.gle\/3RC8pkHLNAnpSnxQ9\" target=\"_blank\" rel=\"noreferrer noopener\">Conte-nos o que achou deste simulado<\/a><\/p>\n\n\n\n<ul class=\"wp-block-list\">\n<li><strong><a href=\"https:\/\/forms.gle\/g4qJqQpBkN9gRyuA8\" target=\"_blank\" rel=\"noreferrer noopener\">Preencha aqui seu gabarito<\/a><\/strong><\/li>\n\n\n\n<li><strong><a href=\"https:\/\/docs.google.com\/spreadsheets\/d\/1iwjVPls0186ayzSRzvTJrVDTVk1Ihlxn9tBnmscLL8Y\/edit?usp=sharing\" target=\"_blank\" rel=\"noreferrer noopener\">Ranking Estrat\u00e9gico<\/a><\/strong><\/li>\n<\/ul>\n\n\n\n<p style=\"font-size:clamp(14px, 0.875rem + ((1vw - 3.2px) * 0.098), 15px);\"><strong>ATEN\u00c7\u00c3O<\/strong>: a participa\u00e7\u00e3o do ranking ser\u00e1 permitida somente at\u00e9 o hor\u00e1rio da libera\u00e7\u00e3o do gabarito.<\/p>\n\n\n<figure class=\"wp-block-embed-youtube wp-block-embed is-type-video is-provider-youtube wp-embed-aspect-16-9 wp-has-aspect-ratio\"><div class=\"lyte-wrapper\" style=\"width:853px;max-width:100%;margin:5px;\"><div class=\"lyMe\" id=\"WYL_FT1AAN6NSVs\"><div id=\"lyte_FT1AAN6NSVs\" data-src=\"\/\/i.ytimg.com\/vi\/FT1AAN6NSVs\/hqdefault.jpg\" class=\"pL\"><div class=\"tC\"><div class=\"tT\"><\/div><\/div><div class=\"play\"><\/div><div class=\"ctrl\"><div class=\"Lctrl\"><\/div><div class=\"Rctrl\"><\/div><\/div><\/div><noscript><a href=\"https:\/\/youtu.be\/FT1AAN6NSVs\" rel=\"nofollow\"><img loading=\"lazy\" decoding=\"async\" src=\"https:\/\/i.ytimg.com\/vi\/FT1AAN6NSVs\/0.jpg\" alt=\"YouTube video thumbnail\" width=\"853\" height=\"460\" \/><br \/>Assista a este v\u00eddeo no YouTube<\/a><\/noscript><\/div><\/div><div class=\"lL\" style=\"max-width:100%;width:853px;margin:5px;\"><\/div><figcaption><\/figcaption><\/figure>\n\n\n<hr class=\"wp-block-separator has-alpha-channel-opacity is-style-dots\"\/>\n\n\n\n<h3 class=\"wp-block-heading has-vivid-cyan-blue-color has-text-color has-link-color wp-elements-d4f0be9a8bb6d7836069527ae52a9716\" id=\"h-cargo-enfermeiro\">Cargo: Enfermeiro<\/h3>\n\n\n\n<p class=\"has-text-align-center has-cyan-bluish-gray-background-color has-background\"><strong><a href=\"https:\/\/dhg1h5j42swfq.cloudfront.net\/2026\/01\/02173229\/sem_comentario_ses-sc_enfermeiro_03-01.pdf\" target=\"_blank\" rel=\"noreferrer noopener nofollow\">Baixe o PDF do Simulado SES SC &#8211; Enfermeiro<\/a><\/strong><\/p>\n\n\n\n<p class=\"has-text-align-center\"><a href=\"https:\/\/forms.gle\/3RC8pkHLNAnpSnxQ9\" target=\"_blank\" rel=\"noreferrer noopener\">Conte-nos o que achou deste simulado<\/a><\/p>\n\n\n\n<ul class=\"wp-block-list\">\n<li><strong><\/strong><strong><a href=\"https:\/\/forms.gle\/g4qJqQpBkN9gRyuA8\" target=\"_blank\" rel=\"noreferrer noopener\">Preencha aqui seu gabarito<\/a><\/strong><\/li>\n\n\n\n<li><strong><a href=\"https:\/\/docs.google.com\/spreadsheets\/d\/19fLGvYpi_pvZUvwhGk9oUzT-LCwayqRporIPBuhrQJo\/edit?usp=sharing\" target=\"_blank\" rel=\"noreferrer noopener\">Ranking Estrat\u00e9gico<\/a><\/strong><\/li>\n<\/ul>\n\n\n\n<p style=\"font-size:clamp(14px, 0.875rem + ((1vw - 3.2px) * 0.098), 15px);\"><strong>ATEN\u00c7\u00c3O<\/strong>: a participa\u00e7\u00e3o do ranking ser\u00e1 permitida somente at\u00e9 o hor\u00e1rio da libera\u00e7\u00e3o do gabarito.<\/p>\n\n\n<figure class=\"wp-block-embed-youtube wp-block-embed is-type-video is-provider-youtube wp-embed-aspect-16-9 wp-has-aspect-ratio\"><div class=\"lyte-wrapper\" style=\"width:853px;max-width:100%;margin:5px;\"><div class=\"lyMe\" id=\"WYL_qeZ7kLQ5Usw\"><div id=\"lyte_qeZ7kLQ5Usw\" data-src=\"\/\/i.ytimg.com\/vi\/qeZ7kLQ5Usw\/hqdefault.jpg\" class=\"pL\"><div class=\"tC\"><div class=\"tT\"><\/div><\/div><div class=\"play\"><\/div><div class=\"ctrl\"><div class=\"Lctrl\"><\/div><div class=\"Rctrl\"><\/div><\/div><\/div><noscript><a href=\"https:\/\/youtu.be\/qeZ7kLQ5Usw\" rel=\"nofollow\"><img loading=\"lazy\" decoding=\"async\" src=\"https:\/\/i.ytimg.com\/vi\/qeZ7kLQ5Usw\/0.jpg\" alt=\"YouTube video thumbnail\" width=\"853\" height=\"460\" \/><br \/>Assista a este v\u00eddeo no YouTube<\/a><\/noscript><\/div><\/div><div class=\"lL\" style=\"max-width:100%;width:853px;margin:5px;\"><\/div><figcaption><\/figcaption><\/figure>\n\n\n<hr class=\"wp-block-separator has-alpha-channel-opacity is-style-dots\"\/>\n\n\n\n<h3 class=\"wp-block-heading has-vivid-cyan-blue-color has-text-color has-link-color wp-elements-b5f8252581b6960043669138903841de\" id=\"h-cargo-farmaceutico\">Cargo: Farmac\u00eautico<\/h3>\n\n\n\n<p class=\"has-text-align-center has-cyan-bluish-gray-background-color has-background\"><strong><a href=\"https:\/\/dhg1h5j42swfq.cloudfront.net\/2026\/01\/02173225\/sem_comentario_ses-sc_farmaceutico_03-01.pdf\" target=\"_blank\" rel=\"noreferrer noopener nofollow\">Baixe o PDF do Simulado SES SC &#8211; Farmac\u00eautico<\/a><\/strong><\/p>\n\n\n\n<p class=\"has-text-align-center\"><a href=\"https:\/\/forms.gle\/3RC8pkHLNAnpSnxQ9\" target=\"_blank\" rel=\"noreferrer noopener\">Conte-nos o que achou deste simulado<\/a><\/p>\n\n\n\n<ul class=\"wp-block-list\">\n<li><strong><\/strong><strong><a href=\"https:\/\/forms.gle\/g4qJqQpBkN9gRyuA8\" target=\"_blank\" rel=\"noreferrer noopener\">Preencha aqui seu gabarito<\/a><\/strong><\/li>\n\n\n\n<li><strong><a href=\"https:\/\/docs.google.com\/spreadsheets\/d\/13Y-85XKcTUbgsDoha6H6rQp_9F2JsFc_we6x4VukVGg\/edit?usp=sharing\" target=\"_blank\" rel=\"noreferrer noopener\">Ranking Estrat\u00e9gico<\/a><\/strong><\/li>\n<\/ul>\n\n\n\n<p style=\"font-size:clamp(14px, 0.875rem + ((1vw - 3.2px) * 0.098), 15px);\"><strong>ATEN\u00c7\u00c3O<\/strong>: a participa\u00e7\u00e3o do ranking ser\u00e1 permitida somente at\u00e9 o hor\u00e1rio da libera\u00e7\u00e3o do gabarito.<\/p>\n\n\n<figure class=\"wp-block-embed-youtube wp-block-embed is-type-video is-provider-youtube wp-embed-aspect-16-9 wp-has-aspect-ratio\"><div class=\"lyte-wrapper\" style=\"width:853px;max-width:100%;margin:5px;\"><div class=\"lyMe\" id=\"WYL_8dKwX7j5tLM\"><div id=\"lyte_8dKwX7j5tLM\" data-src=\"\/\/i.ytimg.com\/vi\/8dKwX7j5tLM\/hqdefault.jpg\" class=\"pL\"><div class=\"tC\"><div class=\"tT\"><\/div><\/div><div class=\"play\"><\/div><div class=\"ctrl\"><div class=\"Lctrl\"><\/div><div class=\"Rctrl\"><\/div><\/div><\/div><noscript><a href=\"https:\/\/youtu.be\/8dKwX7j5tLM\" rel=\"nofollow\"><img loading=\"lazy\" decoding=\"async\" src=\"https:\/\/i.ytimg.com\/vi\/8dKwX7j5tLM\/0.jpg\" alt=\"YouTube video thumbnail\" width=\"853\" height=\"460\" \/><br \/>Assista a este v\u00eddeo no YouTube<\/a><\/noscript><\/div><\/div><div class=\"lL\" style=\"max-width:100%;width:853px;margin:5px;\"><\/div><figcaption><\/figcaption><\/figure>\n\n\n<hr class=\"wp-block-separator has-alpha-channel-opacity is-style-dots\"\/>\n\n\n\n<h3 class=\"wp-block-heading has-vivid-cyan-blue-color has-text-color has-link-color wp-elements-c1a15cd5800bfeca9a36fd600e1d74c4\" id=\"h-cargo-fisioterapeuta\">Cargo: Fisioterapeuta<\/h3>\n\n\n\n<p class=\"has-text-align-center has-cyan-bluish-gray-background-color has-background\"><strong><a href=\"https:\/\/dhg1h5j42swfq.cloudfront.net\/2026\/01\/02173221\/sem_comentario_ses-sc_fisioterapeuta_03-01.pdf\" target=\"_blank\" rel=\"noreferrer noopener nofollow\">Baixe o PDF do Simulado SES SC &#8211; Fisioterapeuta<\/a><\/strong><\/p>\n\n\n\n<p class=\"has-text-align-center\"><a href=\"https:\/\/forms.gle\/3RC8pkHLNAnpSnxQ9\" target=\"_blank\" rel=\"noreferrer noopener\">Conte-nos o que achou deste simulado<\/a><\/p>\n\n\n\n<ul class=\"wp-block-list\">\n<li><strong><\/strong><strong><a href=\"https:\/\/forms.gle\/g4qJqQpBkN9gRyuA8\" target=\"_blank\" rel=\"noreferrer noopener\">Preencha aqui seu gabarito<\/a><\/strong><\/li>\n\n\n\n<li><strong><a href=\"https:\/\/docs.google.com\/spreadsheets\/d\/1W9X2ea6zS3EY0Vvu8XOtJ2pP6nIyRVc8A_m2XwBKMrQ\/edit?usp=sharing\" target=\"_blank\" rel=\"noreferrer noopener\">Ranking Estrat\u00e9gico<\/a><\/strong><\/li>\n<\/ul>\n\n\n\n<p style=\"font-size:clamp(14px, 0.875rem + ((1vw - 3.2px) * 0.098), 15px);\"><strong>ATEN\u00c7\u00c3O<\/strong>: a participa\u00e7\u00e3o do ranking ser\u00e1 permitida somente at\u00e9 o hor\u00e1rio da libera\u00e7\u00e3o do gabarito.<\/p>\n\n\n<figure class=\"wp-block-embed-youtube wp-block-embed is-type-video is-provider-youtube wp-embed-aspect-16-9 wp-has-aspect-ratio\"><div class=\"lyte-wrapper\" style=\"width:853px;max-width:100%;margin:5px;\"><div class=\"lyMe\" id=\"WYL_yrPecrx8oxo\"><div id=\"lyte_yrPecrx8oxo\" data-src=\"\/\/i.ytimg.com\/vi\/yrPecrx8oxo\/hqdefault.jpg\" class=\"pL\"><div class=\"tC\"><div class=\"tT\"><\/div><\/div><div class=\"play\"><\/div><div class=\"ctrl\"><div class=\"Lctrl\"><\/div><div class=\"Rctrl\"><\/div><\/div><\/div><noscript><a href=\"https:\/\/youtu.be\/yrPecrx8oxo\" rel=\"nofollow\"><img loading=\"lazy\" decoding=\"async\" src=\"https:\/\/i.ytimg.com\/vi\/yrPecrx8oxo\/0.jpg\" alt=\"YouTube video thumbnail\" width=\"853\" height=\"460\" \/><br \/>Assista a este v\u00eddeo no YouTube<\/a><\/noscript><\/div><\/div><div class=\"lL\" style=\"max-width:100%;width:853px;margin:5px;\"><\/div><figcaption><\/figcaption><\/figure>\n\n\n<hr class=\"wp-block-separator has-alpha-channel-opacity is-style-dots\"\/>\n\n\n\n<hr class=\"wp-block-separator has-css-opacity\"\/>\n\n\n\n<h2 class=\"wp-block-heading has-text-align-center has-very-light-gray-to-cyan-bluish-gray-gradient-background has-background has-medium-font-size\" id=\"h-saiba-mais-concurso-secretaria-de-saude-sc\">Saiba mais: <a href=\"https:\/\/www.estrategiaconcursos.com.br\/blog\/concurso-ses-sc\/\" target=\"_blank\" rel=\"noreferrer noopener\">Concurso Secretaria de Sa\u00fade SC<\/a><\/h2>\n\n\n\n<p class=\"has-text-align-center\"><strong>Est\u00e1 gostando dos nossos simulados? Nos ajude a melhorar e proporcionar a voc\u00ea a melhor experi\u00eancia. Participe da nossa&nbsp;<a rel=\"noreferrer noopener\" href=\"https:\/\/docs.google.com\/forms\/d\/e\/1FAIpQLSeo5ldIbCt1rtGAl21l_ATXwAWnglVEo8r0OHfBUmpCEJaFeg\/viewform\" target=\"_blank\">pesquisa de satisfa\u00e7\u00e3o<\/a>.<\/strong><\/p>\n\n\n\n<h2 class=\"wp-block-heading has-text-align-center\" id=\"h-quer-saber-tudo-sobre-concursos-previstos-confira-nossos-artigos\">Quer saber tudo sobre concursos previstos?<br \/>Confira nossos artigos!<\/h2>\n\n\n\n<ul class=\"wp-block-list\">\n<li><a href=\"https:\/\/www.estrategiaconcursos.com.br\/blog\/concursos-abertos\/\" target=\"_blank\" rel=\"noreferrer noopener\">Concursos abertos<\/a><\/li>\n\n\n\n<li><a href=\"https:\/\/www.estrategiaconcursos.com.br\/blog\/concursos-2026\/\" target=\"_blank\" rel=\"noreferrer noopener\">Concursos 2026<\/a><\/li>\n<\/ul>\n\n\n\n<div class=\"container\" id=\"boxes\">\n  <div class=\"row\">\n\n    <div class=\"col-sm\">\n      <div class=\"banner-residencia-medica\" id=\"box-assinatura\">\n        <h2 class=\"titulo-assinatura\">Concurso SES SC<\/h2>\n        <p class=\"subtitulo-assinatura\">Prepara\u00e7\u00e3o completa para a \u00e1rea da Sa\u00fade!<\/p>\n        <div class=\"box-botao\">\n          <a class=\"btn-assinatura\" target=\"_blank\" href=\"https:\/\/www.estrategiaconcursos.com.br\/cursosPorConcurso\/secretaria-do-estado-da-saude-de-santa-catarina-ses-sc\/\" role=\"button\" rel=\"noopener noreferrer\">VER CURSOS<\/a>\n        <\/div>\n      <\/div>\n    \n\n  <\/div>\n<\/div><\/div>\n\n\n\n<div class=\"container\" id=\"boxes\">\n  <div class=\"row\">\n\n    <div class=\"col-sm\">\n      <div class=\"banner-residencia-medica\" id=\"box-assinatura\">\n        <h2 class=\"titulo-assinatura\">Concurso SES SC<\/h2>\n        <p class=\"subtitulo-assinatura\">Prepara\u00e7\u00e3o completa para a \u00e1rea da Sa\u00fade!<\/p>\n        <div class=\"box-botao\">\n          <a class=\"btn-assinatura\" target=\"_blank\" href=\"https:\/\/www.estrategiaconcursos.com.br\/cursosPorConcurso\/secretaria-do-estado-da-saude-de-santa-catarina-ses-sc\/\" role=\"button\" rel=\"noopener noreferrer\">VER CURSOS<\/a>\n        <\/div>\n      <\/div>\n    \n\n  <\/div>\n<\/div><\/div>\n","protected":false},"excerpt":{"rendered":"<p>O concurso p\u00fablico SES SC (Secretaria de Estado da Sa\u00fade de Santa Catarina) oferece 511 vagas imediatas e cadastro de reserva para diversos cargos nos n\u00edveis m\u00e9dio, t\u00e9cnico e superior. Os sal\u00e1rios variam de R$ 4.102,20 a R$ 9.499,54. Com provas previstas em 11 de janeiro, \u00e9 fundamental que voc\u00ea treine as quest\u00f5es para o [&hellip;]<\/p>\n","protected":false},"author":1206,"featured_media":1692957,"comment_status":"open","ping_status":"closed","sticky":false,"template":"","format":"standard","meta":{"post_tipo":"news","footnotes":""},"categories":[1981,220219],"tags":[],"tax_estado":[219987],"class_list":["post-1692451","post","type-post","status-publish","format-standard","has-post-thumbnail","hentry","category-saude","category-noticias","tax_estado-sc"],"acf":[],"yoast_head":"<!-- This site is optimized with the Yoast SEO Premium plugin v27.2 (Yoast SEO v27.2) - https:\/\/yoast.com\/product\/yoast-seo-premium-wordpress\/ -->\n<title>Simulado Final SES SC: \u00faltima prepara\u00e7\u00e3o para a prova!<\/title>\n<meta name=\"description\" content=\"Participe, gratuitamente, do nosso Simulado Final SES SC para diversos cargos. \u00c9 neste s\u00e1bado, 3 de janeiro, \u00e0s 8h!\" \/>\n<meta name=\"robots\" content=\"index, follow, max-snippet:-1, max-image-preview:large, max-video-preview:-1\" \/>\n<link rel=\"canonical\" href=\"https:\/\/www.estrategiaconcursos.com.br\/blog\/simulado-final-ses-sc\/\" \/>\n<meta property=\"og:locale\" content=\"pt_BR\" \/>\n<meta property=\"og:type\" content=\"article\" \/>\n<meta property=\"og:title\" content=\"Simulado Final SES SC: \u00faltima prepara\u00e7\u00e3o para a prova!\" \/>\n<meta property=\"og:description\" content=\"Participe, gratuitamente, do nosso Simulado Final SES SC para diversos cargos. \u00c9 neste s\u00e1bado, 3 de janeiro, \u00e0s 8h!\" \/>\n<meta property=\"og:url\" content=\"https:\/\/www.estrategiaconcursos.com.br\/blog\/simulado-final-ses-sc\/\" \/>\n<meta property=\"og:site_name\" content=\"Estrat\u00e9gia Concursos\" \/>\n<meta property=\"article:published_time\" content=\"2026-01-03T10:40:00+00:00\" \/>\n<meta property=\"og:image\" content=\"https:\/\/dhg1h5j42swfq.cloudfront.net\/2026\/01\/02173309\/email_simulado.jpg\" \/>\n\t<meta property=\"og:image:width\" content=\"800\" \/>\n\t<meta property=\"og:image:height\" content=\"450\" \/>\n\t<meta property=\"og:image:type\" content=\"image\/jpeg\" \/>\n<meta name=\"author\" content=\"Bruna de Andrade Fran\u00e7a\" \/>\n<meta name=\"twitter:card\" content=\"summary_large_image\" \/>\n<meta name=\"twitter:creator\" content=\"@EstratConcursos\" \/>\n<meta name=\"twitter:site\" content=\"@EstratConcursos\" \/>\n<meta name=\"twitter:label1\" content=\"Escrito por\" \/>\n\t<meta name=\"twitter:data1\" content=\"Bruna de Andrade Fran\u00e7a\" \/>\n\t<meta name=\"twitter:label2\" content=\"Est. tempo de leitura\" \/>\n\t<meta name=\"twitter:data2\" content=\"4 minutos\" \/>\n<script type=\"application\/ld+json\" class=\"yoast-schema-graph\">{\"@context\":\"https:\/\/schema.org\",\"@graph\":[{\"@type\":\"NewsArticle\",\"@id\":\"https:\/\/www.estrategiaconcursos.com.br\/blog\/simulado-final-ses-sc\/#article\",\"isPartOf\":{\"@id\":\"https:\/\/www.estrategiaconcursos.com.br\/blog\/simulado-final-ses-sc\/\"},\"author\":{\"name\":\"Bruna de Andrade Fran\u00e7a\",\"@id\":\"https:\/\/www.estrategiaconcursos.com.br\/blog\/#\/schema\/person\/6630f91134abc08115cca62ce6372855\"},\"headline\":\"Simulado Final SES SC: \u00faltima prepara\u00e7\u00e3o para a prova!\",\"datePublished\":\"2026-01-03T10:40:00+00:00\",\"mainEntityOfPage\":{\"@id\":\"https:\/\/www.estrategiaconcursos.com.br\/blog\/simulado-final-ses-sc\/\"},\"wordCount\":723,\"commentCount\":0,\"publisher\":{\"@id\":\"https:\/\/www.estrategiaconcursos.com.br\/blog\/#organization\"},\"image\":{\"@id\":\"https:\/\/www.estrategiaconcursos.com.br\/blog\/simulado-final-ses-sc\/#primaryimage\"},\"thumbnailUrl\":\"https:\/\/dhg1h5j42swfq.cloudfront.net\/2026\/01\/02173309\/email_simulado.jpg\",\"articleSection\":[\"Sa\u00fade\",\"\u00daltimas not\u00edcias\"],\"inLanguage\":\"pt-BR\",\"potentialAction\":[{\"@type\":\"CommentAction\",\"name\":\"Comment\",\"target\":[\"https:\/\/www.estrategiaconcursos.com.br\/blog\/simulado-final-ses-sc\/#respond\"]}],\"copyrightYear\":\"2026\",\"copyrightHolder\":{\"@id\":\"https:\/\/www.estrategiaconcursos.com.br\/blog\/#organization\"}},{\"@type\":\"WebPage\",\"@id\":\"https:\/\/www.estrategiaconcursos.com.br\/blog\/simulado-final-ses-sc\/\",\"url\":\"https:\/\/www.estrategiaconcursos.com.br\/blog\/simulado-final-ses-sc\/\",\"name\":\"Simulado Final SES SC: \u00faltima prepara\u00e7\u00e3o para a prova!\",\"isPartOf\":{\"@id\":\"https:\/\/www.estrategiaconcursos.com.br\/blog\/#website\"},\"primaryImageOfPage\":{\"@id\":\"https:\/\/www.estrategiaconcursos.com.br\/blog\/simulado-final-ses-sc\/#primaryimage\"},\"image\":{\"@id\":\"https:\/\/www.estrategiaconcursos.com.br\/blog\/simulado-final-ses-sc\/#primaryimage\"},\"thumbnailUrl\":\"https:\/\/dhg1h5j42swfq.cloudfront.net\/2026\/01\/02173309\/email_simulado.jpg\",\"datePublished\":\"2026-01-03T10:40:00+00:00\",\"description\":\"Participe, gratuitamente, do nosso Simulado Final SES SC para diversos cargos. \u00c9 neste s\u00e1bado, 3 de janeiro, \u00e0s 8h!\",\"breadcrumb\":{\"@id\":\"https:\/\/www.estrategiaconcursos.com.br\/blog\/simulado-final-ses-sc\/#breadcrumb\"},\"inLanguage\":\"pt-BR\",\"potentialAction\":[{\"@type\":\"ReadAction\",\"target\":[\"https:\/\/www.estrategiaconcursos.com.br\/blog\/simulado-final-ses-sc\/\"]}]},{\"@type\":\"ImageObject\",\"inLanguage\":\"pt-BR\",\"@id\":\"https:\/\/www.estrategiaconcursos.com.br\/blog\/simulado-final-ses-sc\/#primaryimage\",\"url\":\"https:\/\/dhg1h5j42swfq.cloudfront.net\/2026\/01\/02173309\/email_simulado.jpg\",\"contentUrl\":\"https:\/\/dhg1h5j42swfq.cloudfront.net\/2026\/01\/02173309\/email_simulado.jpg\",\"width\":800,\"height\":450,\"caption\":\"Simulado Final SES SC\"},{\"@type\":\"BreadcrumbList\",\"@id\":\"https:\/\/www.estrategiaconcursos.com.br\/blog\/simulado-final-ses-sc\/#breadcrumb\",\"itemListElement\":[{\"@type\":\"ListItem\",\"position\":1,\"name\":\"In\u00edcio\",\"item\":\"https:\/\/www.estrategiaconcursos.com.br\/blog\/\"},{\"@type\":\"ListItem\",\"position\":2,\"name\":\"Simulado Final SES SC: \u00faltima prepara\u00e7\u00e3o para a prova!\"}]},{\"@type\":\"WebSite\",\"@id\":\"https:\/\/www.estrategiaconcursos.com.br\/blog\/#website\",\"url\":\"https:\/\/www.estrategiaconcursos.com.br\/blog\/\",\"name\":\"Estrat\u00e9gia Concursos\",\"description\":\"O blog da Estrat\u00e9gia Concursos traz not\u00edcias sobre concursos e artigos de professores oferecendo cursos para concursos (pdf + videaulas) no site.\",\"publisher\":{\"@id\":\"https:\/\/www.estrategiaconcursos.com.br\/blog\/#organization\"},\"potentialAction\":[{\"@type\":\"SearchAction\",\"target\":{\"@type\":\"EntryPoint\",\"urlTemplate\":\"https:\/\/www.estrategiaconcursos.com.br\/blog\/?s={search_term_string}\"},\"query-input\":{\"@type\":\"PropertyValueSpecification\",\"valueRequired\":true,\"valueName\":\"search_term_string\"}}],\"inLanguage\":\"pt-BR\"},{\"@type\":\"Organization\",\"@id\":\"https:\/\/www.estrategiaconcursos.com.br\/blog\/#organization\",\"name\":\"Estrat\u00e9gia Concursos\",\"url\":\"https:\/\/www.estrategiaconcursos.com.br\/blog\/\",\"logo\":{\"@type\":\"ImageObject\",\"inLanguage\":\"pt-BR\",\"@id\":\"https:\/\/www.estrategiaconcursos.com.br\/blog\/#\/schema\/logo\/image\/\",\"url\":\"https:\/\/dhg1h5j42swfq.cloudfront.net\/2025\/06\/03203428\/logo_concursos-1.jpg\",\"contentUrl\":\"https:\/\/dhg1h5j42swfq.cloudfront.net\/2025\/06\/03203428\/logo_concursos-1.jpg\",\"width\":230,\"height\":60,\"caption\":\"Estrat\u00e9gia Concursos\"},\"image\":{\"@id\":\"https:\/\/www.estrategiaconcursos.com.br\/blog\/#\/schema\/logo\/image\/\"},\"sameAs\":[\"https:\/\/x.com\/EstratConcursos\"]},{\"@type\":\"Person\",\"@id\":\"https:\/\/www.estrategiaconcursos.com.br\/blog\/#\/schema\/person\/6630f91134abc08115cca62ce6372855\",\"name\":\"Bruna de Andrade Fran\u00e7a\",\"image\":{\"@type\":\"ImageObject\",\"inLanguage\":\"pt-BR\",\"@id\":\"https:\/\/secure.gravatar.com\/avatar\/d6316d36d50cea0fadae28ed3015b8870cc90a2d3d8a95c37b44006af36a00e3?s=96&d=mm&r=g\",\"url\":\"https:\/\/secure.gravatar.com\/avatar\/d6316d36d50cea0fadae28ed3015b8870cc90a2d3d8a95c37b44006af36a00e3?s=96&d=mm&r=g\",\"contentUrl\":\"https:\/\/secure.gravatar.com\/avatar\/d6316d36d50cea0fadae28ed3015b8870cc90a2d3d8a95c37b44006af36a00e3?s=96&d=mm&r=g\",\"caption\":\"Bruna de Andrade Fran\u00e7a\"},\"description\":\"Bruna de Andrade Fran\u00e7a \u00e9 publicit\u00e1ria com p\u00f3s-gradua\u00e7\u00e3o em Marketing &amp; Growth, atuando h\u00e1 mais de 6 anos no universo dos concursos p\u00fablicos. Desde 2021, lidera no Blog do Estrat\u00e9gia Concursos a cobertura editorial especializada em Concursos Policiais (PF, PRF, PM, PC, etc.), al\u00e9m das frentes de concursos banc\u00e1rios, de sa\u00fade e da \u00e1rea legislativa. Especialista em reda\u00e7\u00e3o, com pr\u00e1ticas de SEO e Copywriting, possui tamb\u00e9m atua\u00e7\u00e3o pr\u00e1tica de contato direto com \u00f3rg\u00e3os p\u00fablicos respons\u00e1veis por editais, permitindo acesso antecipado a informa\u00e7\u00f5es, desdobramentos importantes e atualiza\u00e7\u00e3o eficiente dos concursos p\u00fablicos.\",\"url\":\"https:\/\/www.estrategiaconcursos.com.br\/blog\/author\/bruna-andrade\/\"}]}<\/script>\n<!-- \/ Yoast SEO Premium plugin. -->","yoast_head_json":{"title":"Simulado Final SES SC: \u00faltima prepara\u00e7\u00e3o para a prova!","description":"Participe, gratuitamente, do nosso Simulado Final SES SC para diversos cargos. \u00c9 neste s\u00e1bado, 3 de janeiro, \u00e0s 8h!","robots":{"index":"index","follow":"follow","max-snippet":"max-snippet:-1","max-image-preview":"max-image-preview:large","max-video-preview":"max-video-preview:-1"},"canonical":"https:\/\/www.estrategiaconcursos.com.br\/blog\/simulado-final-ses-sc\/","og_locale":"pt_BR","og_type":"article","og_title":"Simulado Final SES SC: \u00faltima prepara\u00e7\u00e3o para a prova!","og_description":"Participe, gratuitamente, do nosso Simulado Final SES SC para diversos cargos. \u00c9 neste s\u00e1bado, 3 de janeiro, \u00e0s 8h!","og_url":"https:\/\/www.estrategiaconcursos.com.br\/blog\/simulado-final-ses-sc\/","og_site_name":"Estrat\u00e9gia Concursos","article_published_time":"2026-01-03T10:40:00+00:00","og_image":[{"width":800,"height":450,"url":"https:\/\/dhg1h5j42swfq.cloudfront.net\/2026\/01\/02173309\/email_simulado.jpg","type":"image\/jpeg"}],"author":"Bruna de Andrade Fran\u00e7a","twitter_card":"summary_large_image","twitter_creator":"@EstratConcursos","twitter_site":"@EstratConcursos","twitter_misc":{"Escrito por":"Bruna de Andrade Fran\u00e7a","Est. tempo de leitura":"4 minutos"},"schema":{"@context":"https:\/\/schema.org","@graph":[{"@type":"NewsArticle","@id":"https:\/\/www.estrategiaconcursos.com.br\/blog\/simulado-final-ses-sc\/#article","isPartOf":{"@id":"https:\/\/www.estrategiaconcursos.com.br\/blog\/simulado-final-ses-sc\/"},"author":{"name":"Bruna de Andrade Fran\u00e7a","@id":"https:\/\/www.estrategiaconcursos.com.br\/blog\/#\/schema\/person\/6630f91134abc08115cca62ce6372855"},"headline":"Simulado Final SES SC: \u00faltima prepara\u00e7\u00e3o para a prova!","datePublished":"2026-01-03T10:40:00+00:00","mainEntityOfPage":{"@id":"https:\/\/www.estrategiaconcursos.com.br\/blog\/simulado-final-ses-sc\/"},"wordCount":723,"commentCount":0,"publisher":{"@id":"https:\/\/www.estrategiaconcursos.com.br\/blog\/#organization"},"image":{"@id":"https:\/\/www.estrategiaconcursos.com.br\/blog\/simulado-final-ses-sc\/#primaryimage"},"thumbnailUrl":"https:\/\/dhg1h5j42swfq.cloudfront.net\/2026\/01\/02173309\/email_simulado.jpg","articleSection":["Sa\u00fade","\u00daltimas not\u00edcias"],"inLanguage":"pt-BR","potentialAction":[{"@type":"CommentAction","name":"Comment","target":["https:\/\/www.estrategiaconcursos.com.br\/blog\/simulado-final-ses-sc\/#respond"]}],"copyrightYear":"2026","copyrightHolder":{"@id":"https:\/\/www.estrategiaconcursos.com.br\/blog\/#organization"}},{"@type":"WebPage","@id":"https:\/\/www.estrategiaconcursos.com.br\/blog\/simulado-final-ses-sc\/","url":"https:\/\/www.estrategiaconcursos.com.br\/blog\/simulado-final-ses-sc\/","name":"Simulado Final SES SC: \u00faltima prepara\u00e7\u00e3o para a prova!","isPartOf":{"@id":"https:\/\/www.estrategiaconcursos.com.br\/blog\/#website"},"primaryImageOfPage":{"@id":"https:\/\/www.estrategiaconcursos.com.br\/blog\/simulado-final-ses-sc\/#primaryimage"},"image":{"@id":"https:\/\/www.estrategiaconcursos.com.br\/blog\/simulado-final-ses-sc\/#primaryimage"},"thumbnailUrl":"https:\/\/dhg1h5j42swfq.cloudfront.net\/2026\/01\/02173309\/email_simulado.jpg","datePublished":"2026-01-03T10:40:00+00:00","description":"Participe, gratuitamente, do nosso Simulado Final SES SC para diversos cargos. \u00c9 neste s\u00e1bado, 3 de janeiro, \u00e0s 8h!","breadcrumb":{"@id":"https:\/\/www.estrategiaconcursos.com.br\/blog\/simulado-final-ses-sc\/#breadcrumb"},"inLanguage":"pt-BR","potentialAction":[{"@type":"ReadAction","target":["https:\/\/www.estrategiaconcursos.com.br\/blog\/simulado-final-ses-sc\/"]}]},{"@type":"ImageObject","inLanguage":"pt-BR","@id":"https:\/\/www.estrategiaconcursos.com.br\/blog\/simulado-final-ses-sc\/#primaryimage","url":"https:\/\/dhg1h5j42swfq.cloudfront.net\/2026\/01\/02173309\/email_simulado.jpg","contentUrl":"https:\/\/dhg1h5j42swfq.cloudfront.net\/2026\/01\/02173309\/email_simulado.jpg","width":800,"height":450,"caption":"Simulado Final SES SC"},{"@type":"BreadcrumbList","@id":"https:\/\/www.estrategiaconcursos.com.br\/blog\/simulado-final-ses-sc\/#breadcrumb","itemListElement":[{"@type":"ListItem","position":1,"name":"In\u00edcio","item":"https:\/\/www.estrategiaconcursos.com.br\/blog\/"},{"@type":"ListItem","position":2,"name":"Simulado Final SES SC: \u00faltima prepara\u00e7\u00e3o para a prova!"}]},{"@type":"WebSite","@id":"https:\/\/www.estrategiaconcursos.com.br\/blog\/#website","url":"https:\/\/www.estrategiaconcursos.com.br\/blog\/","name":"Estrat\u00e9gia Concursos","description":"O blog da Estrat\u00e9gia Concursos traz not\u00edcias sobre concursos e artigos de professores oferecendo cursos para concursos (pdf + videaulas) no site.","publisher":{"@id":"https:\/\/www.estrategiaconcursos.com.br\/blog\/#organization"},"potentialAction":[{"@type":"SearchAction","target":{"@type":"EntryPoint","urlTemplate":"https:\/\/www.estrategiaconcursos.com.br\/blog\/?s={search_term_string}"},"query-input":{"@type":"PropertyValueSpecification","valueRequired":true,"valueName":"search_term_string"}}],"inLanguage":"pt-BR"},{"@type":"Organization","@id":"https:\/\/www.estrategiaconcursos.com.br\/blog\/#organization","name":"Estrat\u00e9gia Concursos","url":"https:\/\/www.estrategiaconcursos.com.br\/blog\/","logo":{"@type":"ImageObject","inLanguage":"pt-BR","@id":"https:\/\/www.estrategiaconcursos.com.br\/blog\/#\/schema\/logo\/image\/","url":"https:\/\/dhg1h5j42swfq.cloudfront.net\/2025\/06\/03203428\/logo_concursos-1.jpg","contentUrl":"https:\/\/dhg1h5j42swfq.cloudfront.net\/2025\/06\/03203428\/logo_concursos-1.jpg","width":230,"height":60,"caption":"Estrat\u00e9gia Concursos"},"image":{"@id":"https:\/\/www.estrategiaconcursos.com.br\/blog\/#\/schema\/logo\/image\/"},"sameAs":["https:\/\/x.com\/EstratConcursos"]},{"@type":"Person","@id":"https:\/\/www.estrategiaconcursos.com.br\/blog\/#\/schema\/person\/6630f91134abc08115cca62ce6372855","name":"Bruna de Andrade Fran\u00e7a","image":{"@type":"ImageObject","inLanguage":"pt-BR","@id":"https:\/\/secure.gravatar.com\/avatar\/d6316d36d50cea0fadae28ed3015b8870cc90a2d3d8a95c37b44006af36a00e3?s=96&d=mm&r=g","url":"https:\/\/secure.gravatar.com\/avatar\/d6316d36d50cea0fadae28ed3015b8870cc90a2d3d8a95c37b44006af36a00e3?s=96&d=mm&r=g","contentUrl":"https:\/\/secure.gravatar.com\/avatar\/d6316d36d50cea0fadae28ed3015b8870cc90a2d3d8a95c37b44006af36a00e3?s=96&d=mm&r=g","caption":"Bruna de Andrade Fran\u00e7a"},"description":"Bruna de Andrade Fran\u00e7a \u00e9 publicit\u00e1ria com p\u00f3s-gradua\u00e7\u00e3o em Marketing &amp; Growth, atuando h\u00e1 mais de 6 anos no universo dos concursos p\u00fablicos. Desde 2021, lidera no Blog do Estrat\u00e9gia Concursos a cobertura editorial especializada em Concursos Policiais (PF, PRF, PM, PC, etc.), al\u00e9m das frentes de concursos banc\u00e1rios, de sa\u00fade e da \u00e1rea legislativa. Especialista em reda\u00e7\u00e3o, com pr\u00e1ticas de SEO e Copywriting, possui tamb\u00e9m atua\u00e7\u00e3o pr\u00e1tica de contato direto com \u00f3rg\u00e3os p\u00fablicos respons\u00e1veis por editais, permitindo acesso antecipado a informa\u00e7\u00f5es, desdobramentos importantes e atualiza\u00e7\u00e3o eficiente dos concursos p\u00fablicos.","url":"https:\/\/www.estrategiaconcursos.com.br\/blog\/author\/bruna-andrade\/"}]}},"_links":{"self":[{"href":"https:\/\/www.estrategiaconcursos.com.br\/blog\/wp-json\/wp\/v2\/posts\/1692451","targetHints":{"allow":["GET"]}}],"collection":[{"href":"https:\/\/www.estrategiaconcursos.com.br\/blog\/wp-json\/wp\/v2\/posts"}],"about":[{"href":"https:\/\/www.estrategiaconcursos.com.br\/blog\/wp-json\/wp\/v2\/types\/post"}],"author":[{"embeddable":true,"href":"https:\/\/www.estrategiaconcursos.com.br\/blog\/wp-json\/wp\/v2\/users\/1206"}],"replies":[{"embeddable":true,"href":"https:\/\/www.estrategiaconcursos.com.br\/blog\/wp-json\/wp\/v2\/comments?post=1692451"}],"version-history":[{"count":8,"href":"https:\/\/www.estrategiaconcursos.com.br\/blog\/wp-json\/wp\/v2\/posts\/1692451\/revisions"}],"predecessor-version":[{"id":1692964,"href":"https:\/\/www.estrategiaconcursos.com.br\/blog\/wp-json\/wp\/v2\/posts\/1692451\/revisions\/1692964"}],"wp:featuredmedia":[{"embeddable":true,"href":"https:\/\/www.estrategiaconcursos.com.br\/blog\/wp-json\/wp\/v2\/media\/1692957"}],"wp:attachment":[{"href":"https:\/\/www.estrategiaconcursos.com.br\/blog\/wp-json\/wp\/v2\/media?parent=1692451"}],"wp:term":[{"taxonomy":"category","embeddable":true,"href":"https:\/\/www.estrategiaconcursos.com.br\/blog\/wp-json\/wp\/v2\/categories?post=1692451"},{"taxonomy":"post_tag","embeddable":true,"href":"https:\/\/www.estrategiaconcursos.com.br\/blog\/wp-json\/wp\/v2\/tags?post=1692451"},{"taxonomy":"tax_estado","embeddable":true,"href":"https:\/\/www.estrategiaconcursos.com.br\/blog\/wp-json\/wp\/v2\/tax_estado?post=1692451"}],"curies":[{"name":"wp","href":"https:\/\/api.w.org\/{rel}","templated":true}]}}