{"id":1691223,"date":"2026-01-01T07:00:00","date_gmt":"2026-01-01T10:00:00","guid":{"rendered":"https:\/\/www.estrategiaconcursos.com.br\/blog\/?p=1691223"},"modified":"2025-12-31T10:09:59","modified_gmt":"2025-12-31T13:09:59","slug":"editais-concursos-previstos-janeiro-2026","status":"publish","type":"post","link":"https:\/\/www.estrategiaconcursos.com.br\/blog\/editais-concursos-previstos-janeiro-2026\/","title":{"rendered":"Concursos 2026: 23 editais previstos para janeiro"},"content":{"rendered":"\n<p>O m\u00eas de <a href=\"https:\/\/www.estrategiaconcursos.com.br\/blog\/principais-editais-concursos-dezembro-2025\/\" target=\"_blank\" rel=\"noreferrer noopener\">dezembro<\/a> trouxe excelentes oportunidades no mundo dos concursos p\u00fablicos e, agora em janeiro de 2026, n\u00e3o deve ser diferente!<\/p>\n\n\n\n<p>Isso porque diversos editais j\u00e1 foram oficialmente anunciados para as pr\u00f3ximas semanas ou est\u00e3o com banca organizadora definida\/contratada. <\/p>\n\n\n\n<p>Ao longo deste artigo, reunimos os&nbsp;<strong>principais editais previstos para o m\u00eas de janeiro<\/strong>, assim como informa\u00e7\u00f5es de n\u00famero de vagas, cargos, sal\u00e1rios e banca. Confira:<\/p>\n\n\n\n<ul id=\"indice\" class=\"wp-block-list\">\n<li><a href=\"#seguranca-publica\">Seguran\u00e7a p\u00fablica<\/a><\/li>\n\n\n\n<li><a href=\"#tribunais\">Tribunais<\/a><\/li>\n\n\n\n<li><a href=\"#fiscais\">Fiscais<\/a><\/li>\n\n\n\n<li><a href=\"#controle\">Controle e Gest\u00e3o<\/a><\/li>\n\n\n\n<li><a href=\"#saude\">Sa\u00fade<\/a><\/li>\n\n\n\n<li><a href=\"#edu\">Educa\u00e7\u00e3o<\/a><\/li>\n\n\n\n<li><a href=\"#outras\">Outras oportunidades<\/a><\/li>\n<\/ul>\n\n\n\n<div class=\"container\" id=\"boxes\">\n  <div class=\"row\">\n\n    <div class=\"col-sm\">\n      <div class=\"estrategia\" id=\"box-assinatura\">\n        <h3 class=\"titulo-assinatura\">Assinatura Concursos<\/h3>\n        <p class=\"subtitulo-assinatura\">Assinatura de 1 ano ou 2 anos<\/p>\n        <div class=\"box-botao\">\n          <a class=\"btn-assinatura\" target=\"_blank\" href=\"https:\/\/www.estrategiaconcursos.com.br\/assinaturas\/\" role=\"button\" rel=\"noopener noreferrer\">ASSINE AGORA<\/a>\n        <\/div>\n      <\/div>\n     \n    <\/div><\/div><\/div>\n\n\n\n<h3 class=\"wp-block-heading has-text-align-center has-background\" id=\"seguranca-publica\" style=\"background-color:#e1eaf2\">Seguran\u00e7a P\u00fablica<\/h3>\n\n\n\n<h3 class=\"wp-block-heading\" id=\"concurso-pm-rn-soldado\"><a href=\"https:\/\/www.estrategiaconcursos.com.br\/blog\/concurso-bombeiros-es\/\" target=\"_blank\" rel=\"noreferrer noopener\">Concurso Bombeiros ES<\/a><\/h3>\n\n\n\n<ul class=\"wp-block-list\">\n<li><strong><\/strong><strong>Banca<\/strong>:&nbsp;Idecan<\/li>\n\n\n\n<li><strong>Cargos:&nbsp;<\/strong>Oficial Combatente<\/li>\n\n\n\n<li><strong>Forma\u00e7\u00e3o<\/strong>: n\u00edvel m\u00e9dio<\/li>\n\n\n\n<li><strong>Vagas:<\/strong>&nbsp;06<\/li>\n\n\n\n<li><strong>Sal\u00e1rio<\/strong>:&nbsp;R$ 11.974.03 (2\u00ba Tenente)<\/li>\n\n\n\n<li><a href=\"https:\/\/www.estrategiaconcursos.com.br\/blog\/concurso-bombeiros-es\/\" target=\"_blank\" rel=\"noreferrer noopener\">Cursos CBM ES<\/a><\/li>\n<\/ul>\n\n\n\n<h3 class=\"wp-block-heading\" id=\"concurso-pm-to-1\"><a href=\"https:\/\/www.estrategiaconcursos.com.br\/blog\/concurso-pm-es\/\" target=\"_blank\" rel=\"noreferrer noopener\">Concurso PM ES<\/a> &#8211; <em>Pol\u00edcia Militar do Estado do Esp\u00edrito Santo<\/em><\/h3>\n\n\n\n<ul class=\"wp-block-list\">\n<li><strong><\/strong><strong>Banca<\/strong>:&nbsp;a definir<\/li>\n\n\n\n<li><strong>Cargos:&nbsp;<\/strong>Soldado<\/li>\n\n\n\n<li><strong>Forma\u00e7\u00e3o<\/strong>:&nbsp;n\u00edvel m\u00e9dio<\/li>\n\n\n\n<li><strong>Vagas:<\/strong>&nbsp;1.000<\/li>\n\n\n\n<li><strong>Sal\u00e1rio<\/strong>:&nbsp;R$ 5.520,63<\/li>\n\n\n\n<li><a href=\"https:\/\/www.estrategiaconcursos.com.br\/cursosPorConcurso\/policia-militar-do-espirito-santo-pm-es\/\" target=\"_blank\" rel=\"noreferrer noopener\">Cursos PM ES<\/a><\/li>\n<\/ul>\n\n\n\n<h3 class=\"wp-block-heading\" id=\"concurso-sejusp-ms\"><a href=\"https:\/\/www.estrategiaconcursos.com.br\/blog\/concurso-agente-penitenciario-mg\/\" target=\"_blank\" rel=\"noreferrer noopener\">Processo seletivo Pol\u00edcia Penal MG<\/a> &#8211; <em>Pol\u00edcia Militar do Estado de Minas Gerais<\/em><\/h3>\n\n\n\n<ul class=\"wp-block-list\">\n<li><strong><\/strong><strong><\/strong><strong>Banca<\/strong>:&nbsp;IBGP<\/li>\n\n\n\n<li><strong>Cargos:&nbsp;<\/strong>Policial Penal<\/li>\n\n\n\n<li><strong>Forma\u00e7\u00e3o<\/strong>:&nbsp;m\u00e9dio<\/li>\n\n\n\n<li><strong>Vagas:<\/strong>&nbsp;686<\/li>\n\n\n\n<li><strong>Sal\u00e1rio<\/strong>:&nbsp;R$ 4.631,25 [\u00faltimo edital]<\/li>\n\n\n\n<li><a href=\"https:\/\/www.estrategiaconcursos.com.br\/cursosPorConcurso\/agepen-mg\/\" target=\"_blank\" rel=\"noreferrer noopener\">Cursos PP MG<\/a><\/li>\n<\/ul>\n\n\n\n<h3 class=\"wp-block-heading\" id=\"concurso-sejusp-ms\"><a href=\"https:\/\/www.estrategiaconcursos.com.br\/blog\/concurso-fundac-pb\/\" target=\"_blank\" rel=\"noreferrer noopener\">Concurso Fundac PB<\/a> &#8211; <em>Funda\u00e7\u00e3o Desenvolvimento da Crian\u00e7a e do Adolescente da Para\u00edba<\/em><\/h3>\n\n\n\n<ul class=\"wp-block-list\">\n<li><strong><\/strong><strong><\/strong><strong><\/strong><strong>Banca<\/strong>:&nbsp;IDECAN<\/li>\n\n\n\n<li><strong>Cargos:&nbsp;<\/strong>Agente de Seguran\u00e7a Socioeducativo<\/li>\n\n\n\n<li><strong>Forma\u00e7\u00e3o<\/strong>:&nbsp;m\u00e9dio<\/li>\n\n\n\n<li><strong>Vagas:<\/strong>&nbsp;50 + 50 CR<\/li>\n\n\n\n<li><strong>Sal\u00e1rio<\/strong>:&nbsp;R$ 2.196,80 + 20% adicional noturno<\/li>\n<\/ul>\n\n\n\n<h3 class=\"wp-block-heading\" id=\"h-concurso-pm-rr-policia-militar-do-estado-de-roraima\"><a href=\"https:\/\/www.estrategiaconcursos.com.br\/blog\/concurso-pm-rr\/\" target=\"_blank\" rel=\"noreferrer noopener\">Concurso PM RR<\/a> &#8211; <em>Pol\u00edcia Militar do Estado de Roraima<\/em><\/h3>\n\n\n\n<ul class=\"wp-block-list\">\n<li><strong>Banca:<\/strong>&nbsp;UERR<\/li>\n\n\n\n<li><strong>Cargos:&nbsp;<\/strong>Oficial<\/li>\n\n\n\n<li><strong>Forma\u00e7\u00e3o:<\/strong>&nbsp;N\u00edvel superior<\/li>\n\n\n\n<li><strong>Vagas:<\/strong>&nbsp;20 + 100 CR<\/li>\n\n\n\n<li><strong>Sal\u00e1rio:<\/strong>&nbsp;R$ 12.378,78<\/li>\n\n\n\n<li><a href=\"https:\/\/www.estrategiaconcursos.com.br\/cursosPorConcurso\/policia-militar-rr-pm-rr-soldado\/\" target=\"_blank\" rel=\"noreferrer noopener\">Cursos PM RR<\/a><\/li>\n<\/ul>\n\n\n\n<h3 class=\"wp-block-heading\" id=\"block-b19b4d81-2e0b-4f91-bb51-f49ebc2ae7fa\"><a href=\"https:\/\/www.estrategiaconcursos.com.br\/blog\/concurso-policia-penal-pb\/\" target=\"_blank\" rel=\"noreferrer noopener\">Concurso Pol\u00edcia Penal PB<\/a> <\/h3>\n\n\n\n<ul class=\"wp-block-list\">\n<li><strong>Banca<\/strong>:&nbsp;Idecan<\/li>\n\n\n\n<li><strong>Cargos:<\/strong>&nbsp;Policial Penal<\/li>\n\n\n\n<li><strong>Forma\u00e7\u00e3o<\/strong>: n\u00edvel superior<\/li>\n\n\n\n<li><strong>Vagas:&nbsp;<\/strong>1.000<\/li>\n\n\n\n<li><strong>Sal\u00e1rio<\/strong>:&nbsp;R$ 4.844,14<\/li>\n\n\n\n<li><a href=\"https:\/\/www.estrategiaconcursos.com.br\/curso\/policia-penal-pb-policial-penal-pacote-completo\/\" target=\"_blank\" rel=\"noreferrer noopener\">Cursos PPPB<\/a><\/li>\n<\/ul>\n\n\n\n<h3 class=\"wp-block-heading\" id=\"h-concurso-pc-ba-policia-civil-da-bahia\"><a href=\"https:\/\/www.estrategiaconcursos.com.br\/blog\/concurso-pc-ba\/\" target=\"_blank\" rel=\"noreferrer noopener\">Concurso PC BA<\/a> &#8211; <em>Pol\u00edcia Civil da Bahia<\/em><\/h3>\n\n\n\n<ul class=\"wp-block-list\">\n<li><strong><\/strong><strong>Banca<\/strong>: a definir<\/li>\n\n\n\n<li><strong>Cargos<\/strong>: Investigador, Escriv\u00e3o e Delegado<\/li>\n\n\n\n<li><strong>Forma\u00e7\u00e3o<\/strong>: superior<\/li>\n\n\n\n<li><strong>Vagas<\/strong>: 750<\/li>\n\n\n\n<li><strong>Sal\u00e1rio<\/strong>: R$ 4.873,18 a R$ 13.032,44 <em>[\u00faltimo edital]<\/em><\/li>\n\n\n\n<li><a href=\"https:\/\/www.estrategiaconcursos.com.br\/cursosPorConcurso\/policia-civil-ba\/\" target=\"_blank\" rel=\"noreferrer noopener\">Cursos PC BA<\/a><\/li>\n<\/ul>\n\n\n\n<h3 class=\"wp-block-heading has-text-align-center has-background\" id=\"tribunais\" style=\"background-color:#e1eaf2\">Tribunais\/Procuradorias\/Minist\u00e9rios P\u00fablicos<\/h3>\n\n\n\n<h3 class=\"wp-block-heading\" id=\"h-concurso-tj-ce-tribunal-de-justica-do-ceara\"><a href=\"https:\/\/www.estrategiaconcursos.com.br\/blog\/concurso-tj-ce\/\">Concurso TJ CE<\/a> &#8211; <em>Tribunal de Justi\u00e7a do Cear\u00e1<\/em><\/h3>\n\n\n\n<ul class=\"wp-block-list\">\n<li><strong><\/strong><strong>Banca<\/strong>: FCC<\/li>\n\n\n\n<li><strong>Cargos:<\/strong>&nbsp;diversos<\/li>\n\n\n\n<li><strong>Vagas:&nbsp;<\/strong>130 previstas<\/li>\n\n\n\n<li><strong>Forma\u00e7\u00e3o:<\/strong>&nbsp;m\u00e9dio e superior<\/li>\n\n\n\n<li><strong>Sal\u00e1rio:<\/strong>&nbsp;R$ 5.125,10 a R$ 8.408,80<\/li>\n\n\n\n<li><a href=\"https:\/\/www.estrategiaconcursos.com.br\/cursosPorConcurso\/tj-ce-tribunal-de-justica-do-ceara-251\/\" target=\"_blank\" rel=\"noreferrer noopener\">Cursos TJ CE<\/a><\/li>\n<\/ul>\n\n\n\n<h3 class=\"wp-block-heading\" id=\"concurso-mp-es\"><a href=\"https:\/\/www.estrategiaconcursos.com.br\/blog\/concurso-mp-es\/\" target=\"_blank\" rel=\"noreferrer noopener\">Concurso MP AL<\/a> &#8211; <em>Minist\u00e9rio P\u00fablico do Estado de Alagoas<\/em><\/h3>\n\n\n\n<ul class=\"wp-block-list\">\n<li><strong>Banca:<\/strong>&nbsp;FGV<\/li>\n\n\n\n<li><strong>Cargos:&nbsp;<\/strong>T\u00e9cnico e Analista<\/li>\n\n\n\n<li><strong>Forma\u00e7\u00e3o:&nbsp;<\/strong>m\u00e9dio e superior<\/li>\n\n\n\n<li><strong>Vagas:<\/strong>&nbsp;24<\/li>\n\n\n\n<li><strong>Sal\u00e1rio:<\/strong>&nbsp;R$ 3.415,72 at\u00e9 R$ 22.263,65<\/li>\n\n\n\n<li><a href=\"https:\/\/www.estrategiaconcursos.com.br\/cursosPorConcurso\/mp-al-ministerio-publico-de-alagoas-servidores\/\" target=\"_blank\" rel=\"noreferrer noopener\">Cursos MP AL<\/a><\/li>\n<\/ul>\n\n\n\n<h3 class=\"wp-block-heading\" id=\"concurso-mp-es\"><a href=\"https:\/\/www.estrategiaconcursos.com.br\/blog\/concurso-mp-es\/\" target=\"_blank\" rel=\"noreferrer noopener\">Concurso MP ES<\/a> &#8211; <em>Minist\u00e9rio P\u00fablico do Estado do Esp\u00edrito Santo<\/em><\/h3>\n\n\n\n<ul class=\"wp-block-list\">\n<li><strong>Banca:<\/strong>&nbsp;FGV<\/li>\n\n\n\n<li><strong>Cargos:&nbsp;<\/strong>a definir<\/li>\n\n\n\n<li><strong>Forma\u00e7\u00e3o:&nbsp;<\/strong>a definir<\/li>\n\n\n\n<li><strong>Vagas:<\/strong>&nbsp;a definir<\/li>\n\n\n\n<li><strong>Sal\u00e1rio:<\/strong>&nbsp;R$ 2.458,03 a R$ 13.220,38<\/li>\n\n\n\n<li><a href=\"https:\/\/www.estrategiaconcursos.com.br\/cursosPorConcurso\/ministerio-publico-do-espirito-santo-mp-es-servidores\/\" target=\"_blank\" rel=\"noreferrer noopener\">Cursos MP ES<\/a><\/li>\n<\/ul>\n\n\n\n<h3 class=\"wp-block-heading\" id=\"h-concurso-mp-go-ministerio-publico-do-estado-de-goias\"><a href=\"https:\/\/www.estrategiaconcursos.com.br\/blog\/concurso-mp-go\/\">Concurso MP GO<\/a> &#8211; <em>Minist\u00e9rio P\u00fablico do Estado de Goi\u00e1s<\/em><\/h3>\n\n\n\n<ul class=\"wp-block-list\">\n<li><strong><\/strong><strong>Banca<\/strong>:&nbsp;Instituto AOCP<\/li>\n\n\n\n<li><strong>Cargos<\/strong>: diversos<\/li>\n\n\n\n<li><strong>Forma\u00e7\u00e3o:&nbsp;<\/strong>a definir<\/li>\n\n\n\n<li><strong>Vagas:<\/strong>&nbsp;a definir<\/li>\n\n\n\n<li><strong>Sal\u00e1rio:&nbsp;<\/strong>at\u00e9 R$ 10.400,77 <em>(\u00faltimo edital)<\/em><\/li>\n\n\n\n<li><a href=\"https:\/\/www.estrategiaconcursos.com.br\/cursosPorConcurso\/mp-go-182\/\">Cursos MP GO<\/a><\/li>\n<\/ul>\n\n\n\n<h3 class=\"wp-block-heading has-text-align-center has-background\" id=\"fiscais\" style=\"background-color:#e1eaf2\">Fiscais<\/h3>\n\n\n\n<h3 class=\"wp-block-heading\" id=\"h-concurso-sefaz-df-secretaria-da-fazenda-do-distrito-federal\"><a href=\"https:\/\/www.estrategiaconcursos.com.br\/blog\/concurso-sefaz-df\/\" target=\"_blank\" rel=\"noreferrer noopener\">Concurso Sefaz DF<\/a> &#8211; <em>Secretaria da Fazenda do Distrito Federal<\/em><\/h3>\n\n\n\n<ul class=\"wp-block-list\">\n<li><strong><\/strong><strong>Banca<\/strong>:&nbsp;Cebraspe<\/li>\n\n\n\n<li><strong>Cargos:<\/strong>&nbsp;Auditor Fiscal<\/li>\n\n\n\n<li><strong>Forma\u00e7\u00e3o:&nbsp;<\/strong>N\u00edvel superior<\/li>\n\n\n\n<li><strong>Vagas:&nbsp;<\/strong>115 + 150 CR<\/li>\n\n\n\n<li><strong>Sal\u00e1rio:<\/strong>&nbsp;R$ 21.849,14<\/li>\n\n\n\n<li><a href=\"https:\/\/www.estrategiaconcursos.com.br\/cursosPorConcurso\/sefaz-df-279\/\" target=\"_blank\" rel=\"noreferrer noopener\">Cursos Sefaz DF<\/a><\/li>\n<\/ul>\n\n\n\n<h3 class=\"wp-block-heading has-text-align-center has-background\" id=\"controle\" style=\"background-color:#e1eaf2\">Controle e Gest\u00e3o<\/h3>\n\n\n\n<h3 class=\"wp-block-heading\" id=\"h-concurso-tce-sc-tribunal-de-contas-de-santa-catarina\"><a href=\"https:\/\/www.estrategiaconcursos.com.br\/blog\/concurso-tce-sc\/\" target=\"_blank\" rel=\"noreferrer noopener\">Concurso TCE SC<\/a> <em>&#8211; Tribunal de Contas de Santa Catarina<\/em><\/h3>\n\n\n\n<ul class=\"wp-block-list\">\n<li><strong><\/strong><strong>Banca<\/strong>:&nbsp;FGV<\/li>\n\n\n\n<li><strong>Cargo:<\/strong>&nbsp;Auditor de Controle Externo<\/li>\n\n\n\n<li><strong>Vagas:<\/strong>&nbsp;20 + CR<\/li>\n\n\n\n<li><strong>Forma\u00e7\u00e3o:<\/strong>&nbsp;N\u00edvel superior<\/li>\n\n\n\n<li><strong>Sal\u00e1rio:<\/strong>&nbsp;R$ 18.984,72<\/li>\n\n\n\n<li><a href=\"https:\/\/www.estrategiaconcursos.com.br\/cursosPorConcurso\/tce-sc-tribunal-de-contas-de-santa-catarina-374\/\" target=\"_blank\" rel=\"noreferrer noopener\">Cursos TCE SC<\/a><\/li>\n<\/ul>\n\n\n\n<h3 class=\"wp-block-heading has-text-align-center has-background\" id=\"saude\" style=\"background-color:#e1eaf2\">Sa\u00fade<\/h3>\n\n\n\n<h3 class=\"wp-block-heading\" id=\"h-concurso-ses-sp-secretaria-de-estado-de-saude-de-sao-paulo\"><a href=\"https:\/\/www.estrategiaconcursos.com.br\/blog\/concurso-ses-sp\/\" target=\"_blank\" rel=\"noreferrer noopener\">Concurso SES SP<\/a> &#8211; <em>Secretaria de Estado de Sa\u00fade de S\u00e3o Paulo<\/em><\/h3>\n\n\n\n<ul class=\"wp-block-list\">\n<li><strong>Banca<\/strong>:&nbsp;Legalle<\/li>\n\n\n\n<li><strong>Cargos:&nbsp;<\/strong>M\u00e9dico I, Agente T\u00e9cnico de Assist\u00eancia \u00e0 Sa\u00fade, Oficial de Sa\u00fade, Enfermeiro e T\u00e9cnico de Enfermagem<\/li>\n\n\n\n<li><strong>Forma\u00e7\u00e3o<\/strong>:&nbsp;n\u00edveis m\u00e9dio e superior<\/li>\n\n\n\n<li><strong>Vagas<\/strong>: 17<\/li>\n\n\n\n<li><strong>Sal\u00e1rio:<\/strong>&nbsp;R$ 3.221,60 e R$ 7.900,60 + vantagens [\u00faltimo edital]<\/li>\n\n\n\n<li><a href=\"https:\/\/www.estrategiaconcursos.com.br\/cursosPorConcurso\/secretaria-de-estado-da-saude-de-sao-paulo-ses-sp\/\" target=\"_blank\" rel=\"noreferrer noopener\">Cursos SES SP<\/a><\/li>\n<\/ul>\n\n\n\n<h3 class=\"wp-block-heading has-text-align-center has-background\" id=\"edu\" style=\"background-color:#e1eaf2\">Educa\u00e7\u00e3o<\/h3>\n\n\n\n<h3 class=\"wp-block-heading\" id=\"concurso-mp-es\"><a href=\"https:\/\/www.estrategiaconcursos.com.br\/blog\/concurso-seduc-ro\" target=\"_blank\" rel=\"noreferrer noopener\">Concurso&nbsp;SEDUC RO<\/a> &#8211; <em>Secretaria de Estado da Educa\u00e7\u00e3o&nbsp;de Rond\u00f4nia<\/em><\/h3>\n\n\n\n<ul class=\"wp-block-list\">\n<li><strong>Banca:<\/strong>&nbsp;IBADE<\/li>\n\n\n\n<li><strong>Cargos:&nbsp;<\/strong>a definir<\/li>\n\n\n\n<li><strong>Forma\u00e7\u00e3o:&nbsp;<\/strong>a definir<\/li>\n\n\n\n<li><strong>Vagas:<\/strong>&nbsp;a definir<\/li>\n\n\n\n<li><strong>Sal\u00e1rio:<\/strong>&nbsp;R$ 4.867,77<\/li>\n\n\n\n<li><a href=\"https:\/\/www.estrategiaconcursos.com.br\/cursosPorConcurso\/secretaria-de-educacao-de-rondonia-seed-ro\/\" target=\"_blank\" rel=\"noreferrer noopener\">Cursos Seduc RO<\/a><\/li>\n<\/ul>\n\n\n\n<h3 class=\"wp-block-heading has-text-align-center has-background\" id=\"outras\" style=\"background-color:#e1eaf2\">Outras oportunidades<\/h3>\n\n\n\n<h3 class=\"wp-block-heading\" id=\"h-concurso-camara-dos-deputados\"><a href=\"https:\/\/www.estrategiaconcursos.com.br\/blog\/concurso-camara-dos-deputados\/\" target=\"_blank\" rel=\"noreferrer noopener\">Concurso C\u00e2mara dos Deputados<\/a><\/h3>\n\n\n\n<ul class=\"wp-block-list\">\n<li><strong><\/strong><strong>Banca<\/strong>:&nbsp;Cebraspe<\/li>\n\n\n\n<li><strong>Cargos:<\/strong>&nbsp;T\u00e9cnico Legislativo \u2013 Policial Legislativo Federal<\/li>\n\n\n\n<li><strong>Forma\u00e7\u00e3o<\/strong>:&nbsp;superior<\/li>\n\n\n\n<li><strong>Vagas:<\/strong>&nbsp;a definir<\/li>\n\n\n\n<li><strong>Sal\u00e1rio:<\/strong>&nbsp;R$ 21.008,19<\/li>\n\n\n\n<li><a href=\"https:\/\/www.estrategiaconcursos.com.br\/cursosPorConcurso\/camara-dos-deputados\/\" target=\"_blank\" rel=\"noreferrer noopener\">Cursos C\u00e2mara<\/a><\/li>\n<\/ul>\n\n\n\n<h3 class=\"wp-block-heading\" id=\"h-concurso-emgepron-empresa-gerencial-de-projetos-navais\"><a href=\"https:\/\/www.estrategiaconcursos.com.br\/blog\/concurso-emgepron\/\" target=\"_blank\" rel=\"noreferrer noopener\">Concurso Emgepron<\/a> &#8211; <em>Empresa Gerencial de Projetos Navais<\/em><\/h3>\n\n\n\n<ul class=\"wp-block-list\">\n<li><strong><\/strong><strong><\/strong><strong><\/strong><strong><\/strong><strong>Banca<\/strong>: Selecon<\/li>\n\n\n\n<li><strong>Cargos:&nbsp;<\/strong>a definir<\/li>\n\n\n\n<li><strong>Vagas:&nbsp;<\/strong>a definir<\/li>\n\n\n\n<li><strong>Forma\u00e7\u00e3o:<\/strong>&nbsp;superior<\/li>\n\n\n\n<li><strong>Sal\u00e1rio:<\/strong>&nbsp;R$ 1.115,00 e R$ 9.900,00&nbsp;<em>(\u00faltimo edital)<\/em><\/li>\n<\/ul>\n\n\n\n<h3 class=\"wp-block-heading\" id=\"h-concurso-valec-nbsp-engenharia-construcoes-e-ferrovias-s-a\"><a href=\"https:\/\/www.estrategiaconcursos.com.br\/blog\/concurso-valec\/\" target=\"_blank\" rel=\"noreferrer noopener\">Concurso Valec<\/a>&nbsp;&#8211; <em>Engenharia, Constru\u00e7\u00f5es e Ferrovias S.A<\/em><\/h3>\n\n\n\n<ul class=\"wp-block-list\">\n<li><strong><\/strong><strong><\/strong><strong><\/strong><strong>Banca<\/strong>: Cebraspe<\/li>\n\n\n\n<li><strong>Cargos:<\/strong>&nbsp;Analista \u2013 diversas especialidades<\/li>\n\n\n\n<li><strong>Vagas:<\/strong>&nbsp;65<\/li>\n\n\n\n<li><strong>Forma\u00e7\u00e3o:<\/strong>&nbsp;n\u00edvel superior<\/li>\n\n\n\n<li><strong>Sal\u00e1rio:<\/strong>&nbsp;R$ 11.232,86<\/li>\n<\/ul>\n\n\n\n<h3 class=\"wp-block-heading\" id=\"h-concurso-epc-pb-nbsp-empresa-paraibana-de-comunicacao\"><a href=\"https:\/\/www.estrategiaconcursos.com.br\/blog\/concurso-epc\/\" target=\"_blank\" rel=\"noreferrer noopener\">Concurso EPC PB<\/a>&nbsp;&#8211; <em>Empresa Paraibana de Comunica\u00e7\u00e3o<\/em><\/h3>\n\n\n\n<ul class=\"wp-block-list\">\n<li><strong><\/strong><strong><\/strong><strong>Banca<\/strong>:&nbsp;Nosso Rumo<\/li>\n\n\n\n<li><strong>Cargos:&nbsp;<\/strong>V\u00e1rios<\/li>\n\n\n\n<li><strong>Forma\u00e7\u00e3o:&nbsp;<\/strong>a definir<\/li>\n\n\n\n<li><strong>Vagas:<\/strong>&nbsp;N\u00edveis m\u00e9dio e t\u00e9cnico<\/li>\n\n\n\n<li><strong>Sal\u00e1rio:&nbsp;<\/strong>R$ 1.800,00 a R$ 3.000,00&nbsp;<em>(\u00faltimo edital)<\/em><\/li>\n\n\n\n<li><a href=\"https:\/\/www.estrategiaconcursos.com.br\/cursosPorConcurso\/empresa-paraibana-de-comunicacao-epc\/\" target=\"_blank\" rel=\"noreferrer noopener\">Cursos EPC<\/a><\/li>\n<\/ul>\n\n\n\n<h3 class=\"wp-block-heading\" id=\"h-concurso-fapesp-fundacao-de-amparo-a-pesquisa-do-estado-de-sao-paulo\"><a href=\"https:\/\/www.estrategiaconcursos.com.br\/blog\/concurso-fapesp\/\" target=\"_blank\" rel=\"noreferrer noopener\">Concurso Fapesp<\/a>\u00a0&#8211;<em> Funda\u00e7\u00e3o de Amparo \u00e0 Pesquisa do Estado de S\u00e3o Paulo<\/em><\/h3>\n\n\n\n<ul class=\"wp-block-list\">\n<li><strong><\/strong><strong>Banca<\/strong>: Vunesp<\/li>\n\n\n\n<li><strong>Cargos:<\/strong>&nbsp;Analista Administrativo e de Sistemas<\/li>\n\n\n\n<li><strong>Vagas:<\/strong>&nbsp;17<\/li>\n\n\n\n<li><strong>Forma\u00e7\u00e3o:<\/strong>&nbsp;n\u00edvel superior<\/li>\n\n\n\n<li><strong>Sal\u00e1rio:<\/strong>&nbsp;R$ 6.613,69 a R$ 10.571,65<\/li>\n<\/ul>\n\n\n\n<h3 class=\"wp-block-heading\" id=\"h-concurso-agetransp-rj-agencia-reguladora-de-servicos-publicos-concedidos-de-transportes-do-rio-de-janeiro\"><a href=\"https:\/\/www.estrategiaconcursos.com.br\/blog\/concurso-agetransp-rj\/\" target=\"_blank\" rel=\"noreferrer noopener\">Concurso Agetransp RJ<\/a> &#8211; <em>Ag\u00eancia Reguladora de Servi\u00e7os P\u00fablicos Concedidos de Transportes do Rio de Janeiro<\/em><\/h3>\n\n\n\n<ul class=\"wp-block-list\">\n<li><strong><\/strong><strong>Banca<\/strong>: FGV<\/li>\n\n\n\n<li><strong>Cargo:<\/strong>&nbsp;Especialista, Analista e Assistente<\/li>\n\n\n\n<li><strong>Forma\u00e7\u00e3o<\/strong>:&nbsp;N\u00edvel m\u00e9dio e superior<\/li>\n\n\n\n<li><strong>Vagas:<\/strong>&nbsp;25<\/li>\n\n\n\n<li><strong>Sal\u00e1rio<\/strong>:&nbsp;R$ 2.844,53 a R$ 6.788,11<\/li>\n<\/ul>\n\n\n\n<h3 class=\"wp-block-heading\" id=\"h-concurso-procon-rj-autarquia-de-protecao-e-defesa-do-consumidor-do-estado-do-rio-de-janeiro\"><a href=\"https:\/\/www.estrategiaconcursos.com.br\/blog\/concurso-procon-rj\/\" target=\"_blank\" rel=\"noreferrer noopener\">Concurso Procon RJ<\/a> &#8211; <em>Autarquia de Prote\u00e7\u00e3o e Defesa do Consumidor do Estado do Rio de Janeiro<\/em><\/h3>\n\n\n\n<ul class=\"wp-block-list\">\n<li><strong><\/strong><strong>Banca<\/strong>:&nbsp;IDECAN<\/li>\n\n\n\n<li><strong>Cargos:<\/strong>&nbsp;diversos<\/li>\n\n\n\n<li><strong>Vagas:<\/strong>&nbsp;30 + at\u00e9 100 CR<\/li>\n\n\n\n<li><strong>Forma\u00e7\u00e3o:<\/strong>&nbsp;m\u00e9dio e superior<\/li>\n\n\n\n<li><strong>Sal\u00e1rio:<\/strong>&nbsp;R$ 2.859,80 a R$ 8.170,87<\/li>\n<\/ul>\n\n\n\n<h3 class=\"wp-block-heading\" id=\"h-concurso-iterpa-instituto-de-terras-do-estado-do-para\"><a href=\"https:\/\/www.estrategiaconcursos.com.br\/blog\/concurso-iterpa\/\" target=\"_blank\" rel=\"noreferrer noopener\">Concurso ITERPA<\/a> &#8211; <em>Instituto de Terras do Estado do Par\u00e1<\/em><\/h3>\n\n\n\n<ul class=\"wp-block-list\">\n<li><strong><\/strong><strong><\/strong><strong>Banca<\/strong>:&nbsp;Instituto AOCP<\/li>\n\n\n\n<li><strong>Cargos:&nbsp;<\/strong>v\u00e1rios<\/li>\n\n\n\n<li><strong>Forma\u00e7\u00e3o<\/strong>: n\u00edveis fundamental, m\u00e9dio e superior<\/li>\n\n\n\n<li><strong>Vagas:<\/strong>&nbsp;112 + CR<\/li>\n\n\n\n<li><strong>Sal\u00e1rio:<\/strong>&nbsp;R$ 1.354,21 a R$ 3.518,84<\/li>\n<\/ul>\n\n\n\n<figure class=\"wp-block-image aligncenter is-resized\" id=\"block-24a62cb1-0d29-4ded-adfc-2d957b474d71\"><img decoding=\"async\" src=\"https:\/\/dhg1h5j42swfq.cloudfront.net\/2020\/09\/18141901\/Coruja_Concursos%404x-506x1024.png\" alt=\"Logo do Estrat\u00e9gia Concursos - Editais previstos para janeiro de 2026\" style=\"aspect-ratio:0.48;width:24px;height:auto\"\/><\/figure>\n\n\n\n<h4 class=\"wp-block-heading has-text-align-center\" id=\"block-8e70be70-d6bd-45f4-852e-cc94cb5d259c\"><em>Para conferir outros editais previstos, n\u00e3o s\u00f3 para janeiro, mas tamb\u00e9m para todo o ano de 2026, acesse os artigos abaixo:<\/em><\/h4>\n\n\n\n<ul class=\"wp-block-list\">\n<li><a href=\"https:\/\/www.estrategiaconcursos.com.br\/blog\/concursos-abertos\/\" target=\"_blank\" rel=\"noreferrer noopener\">Concursos Abertos<\/a><\/li>\n\n\n\n<li><a href=\"https:\/\/www.estrategiaconcursos.com.br\/blog\/concursos-2025\/\" target=\"_blank\" rel=\"noreferrer noopener\">Concursos 2026<\/a><\/li>\n<\/ul>\n\n\n\n<div class=\"container\" id=\"boxes\">\n  <div class=\"row\">\n\n    <div class=\"col-sm\">\n      <div class=\"estrategia\" id=\"box-assinatura\">\n        <h3 class=\"titulo-assinatura\">Assinatura Concursos<\/h3>\n        <p class=\"subtitulo-assinatura\">Assinatura de 1 ano ou 2 anos<\/p>\n        <div class=\"box-botao\">\n          <a class=\"btn-assinatura\" target=\"_blank\" href=\"https:\/\/www.estrategiaconcursos.com.br\/assinaturas\/\" role=\"button\" rel=\"noopener noreferrer\">ASSINE AGORA<\/a>\n        <\/div>\n      <\/div>\n     \n    <\/div><\/div><\/div>\n\n\n\n<p><\/p>\n","protected":false},"excerpt":{"rendered":"<p>O m\u00eas de dezembro trouxe excelentes oportunidades no mundo dos concursos p\u00fablicos e, agora em janeiro de 2026, n\u00e3o deve ser diferente! Isso porque diversos editais j\u00e1 foram oficialmente anunciados para as pr\u00f3ximas semanas ou est\u00e3o com banca organizadora definida\/contratada. Ao longo deste artigo, reunimos os&nbsp;principais editais previstos para o m\u00eas de janeiro, assim como [&hellip;]<\/p>\n","protected":false},"author":659,"featured_media":1571644,"comment_status":"open","ping_status":"closed","sticky":false,"template":"","format":"standard","meta":{"post_tipo":"news","footnotes":""},"categories":[1],"tags":[],"tax_estado":[],"class_list":["post-1691223","post","type-post","status-publish","format-standard","has-post-thumbnail","hentry","category-cursos-e-concursos"],"acf":[],"yoast_head":"<!-- This site is optimized with the Yoast SEO Premium plugin v27.2 (Yoast SEO v27.2) - https:\/\/yoast.com\/product\/yoast-seo-premium-wordpress\/ -->\n<title>Concursos 2026: 23 editais previstos para janeiro<\/title>\n<meta name=\"description\" content=\"O m\u00eas de janeiro de 2026 chega com a promessa de cerca de 23 editais. Acesse esse artigo e veja quais s\u00e3o os concursos!\" \/>\n<meta name=\"robots\" content=\"index, follow, max-snippet:-1, max-image-preview:large, max-video-preview:-1\" \/>\n<link rel=\"canonical\" href=\"https:\/\/www.estrategiaconcursos.com.br\/blog\/editais-concursos-previstos-janeiro-2026\/\" \/>\n<meta property=\"og:locale\" content=\"pt_BR\" \/>\n<meta property=\"og:type\" content=\"article\" \/>\n<meta property=\"og:title\" content=\"Concursos 2026: 23 editais previstos para janeiro\" \/>\n<meta property=\"og:description\" content=\"O m\u00eas de janeiro de 2026 chega com a promessa de cerca de 23 editais. Acesse esse artigo e veja quais s\u00e3o os concursos!\" \/>\n<meta property=\"og:url\" content=\"https:\/\/www.estrategiaconcursos.com.br\/blog\/editais-concursos-previstos-janeiro-2026\/\" \/>\n<meta property=\"og:site_name\" content=\"Estrat\u00e9gia Concursos\" \/>\n<meta property=\"article:published_time\" content=\"2026-01-01T10:00:00+00:00\" \/>\n<meta property=\"og:image\" content=\"https:\/\/dhg1h5j42swfq.cloudfront.net\/2025\/05\/05161312\/concursos-2026.jpg\" \/>\n\t<meta property=\"og:image:width\" content=\"768\" \/>\n\t<meta property=\"og:image:height\" content=\"432\" \/>\n\t<meta property=\"og:image:type\" content=\"image\/jpeg\" \/>\n<meta name=\"author\" content=\"Camila Leite\" \/>\n<meta name=\"twitter:card\" content=\"summary_large_image\" \/>\n<meta name=\"twitter:creator\" content=\"@EstratConcursos\" \/>\n<meta name=\"twitter:site\" content=\"@EstratConcursos\" \/>\n<meta name=\"twitter:label1\" content=\"Escrito por\" \/>\n\t<meta name=\"twitter:data1\" content=\"Camila Leite\" \/>\n\t<meta name=\"twitter:label2\" content=\"Est. tempo de leitura\" \/>\n\t<meta name=\"twitter:data2\" content=\"5 minutos\" \/>\n<script type=\"application\/ld+json\" class=\"yoast-schema-graph\">{\"@context\":\"https:\/\/schema.org\",\"@graph\":[{\"@type\":\"NewsArticle\",\"@id\":\"https:\/\/www.estrategiaconcursos.com.br\/blog\/editais-concursos-previstos-janeiro-2026\/#article\",\"isPartOf\":{\"@id\":\"https:\/\/www.estrategiaconcursos.com.br\/blog\/editais-concursos-previstos-janeiro-2026\/\"},\"author\":{\"name\":\"Camila Leite\",\"@id\":\"https:\/\/www.estrategiaconcursos.com.br\/blog\/#\/schema\/person\/84ecdc6eb58d3cf1689bf76c5cd8fb38\"},\"headline\":\"Concursos 2026: 23 editais previstos para janeiro\",\"datePublished\":\"2026-01-01T10:00:00+00:00\",\"mainEntityOfPage\":{\"@id\":\"https:\/\/www.estrategiaconcursos.com.br\/blog\/editais-concursos-previstos-janeiro-2026\/\"},\"wordCount\":1002,\"commentCount\":0,\"publisher\":{\"@id\":\"https:\/\/www.estrategiaconcursos.com.br\/blog\/#organization\"},\"image\":{\"@id\":\"https:\/\/www.estrategiaconcursos.com.br\/blog\/editais-concursos-previstos-janeiro-2026\/#primaryimage\"},\"thumbnailUrl\":\"https:\/\/dhg1h5j42swfq.cloudfront.net\/2025\/05\/05161312\/concursos-2026.jpg\",\"articleSection\":[\"Concursos P\u00fablicos\"],\"inLanguage\":\"pt-BR\",\"potentialAction\":[{\"@type\":\"CommentAction\",\"name\":\"Comment\",\"target\":[\"https:\/\/www.estrategiaconcursos.com.br\/blog\/editais-concursos-previstos-janeiro-2026\/#respond\"]}],\"copyrightYear\":\"2026\",\"copyrightHolder\":{\"@id\":\"https:\/\/www.estrategiaconcursos.com.br\/blog\/#organization\"}},{\"@type\":\"WebPage\",\"@id\":\"https:\/\/www.estrategiaconcursos.com.br\/blog\/editais-concursos-previstos-janeiro-2026\/\",\"url\":\"https:\/\/www.estrategiaconcursos.com.br\/blog\/editais-concursos-previstos-janeiro-2026\/\",\"name\":\"Concursos 2026: 23 editais previstos para janeiro\",\"isPartOf\":{\"@id\":\"https:\/\/www.estrategiaconcursos.com.br\/blog\/#website\"},\"primaryImageOfPage\":{\"@id\":\"https:\/\/www.estrategiaconcursos.com.br\/blog\/editais-concursos-previstos-janeiro-2026\/#primaryimage\"},\"image\":{\"@id\":\"https:\/\/www.estrategiaconcursos.com.br\/blog\/editais-concursos-previstos-janeiro-2026\/#primaryimage\"},\"thumbnailUrl\":\"https:\/\/dhg1h5j42swfq.cloudfront.net\/2025\/05\/05161312\/concursos-2026.jpg\",\"datePublished\":\"2026-01-01T10:00:00+00:00\",\"description\":\"O m\u00eas de janeiro de 2026 chega com a promessa de cerca de 23 editais. Acesse esse artigo e veja quais s\u00e3o os concursos!\",\"breadcrumb\":{\"@id\":\"https:\/\/www.estrategiaconcursos.com.br\/blog\/editais-concursos-previstos-janeiro-2026\/#breadcrumb\"},\"inLanguage\":\"pt-BR\",\"potentialAction\":[{\"@type\":\"ReadAction\",\"target\":[\"https:\/\/www.estrategiaconcursos.com.br\/blog\/editais-concursos-previstos-janeiro-2026\/\"]}]},{\"@type\":\"ImageObject\",\"inLanguage\":\"pt-BR\",\"@id\":\"https:\/\/www.estrategiaconcursos.com.br\/blog\/editais-concursos-previstos-janeiro-2026\/#primaryimage\",\"url\":\"https:\/\/dhg1h5j42swfq.cloudfront.net\/2025\/05\/05161312\/concursos-2026.jpg\",\"contentUrl\":\"https:\/\/dhg1h5j42swfq.cloudfront.net\/2025\/05\/05161312\/concursos-2026.jpg\",\"width\":768,\"height\":432,\"caption\":\"Concursos P\u00fablicos\"},{\"@type\":\"BreadcrumbList\",\"@id\":\"https:\/\/www.estrategiaconcursos.com.br\/blog\/editais-concursos-previstos-janeiro-2026\/#breadcrumb\",\"itemListElement\":[{\"@type\":\"ListItem\",\"position\":1,\"name\":\"In\u00edcio\",\"item\":\"https:\/\/www.estrategiaconcursos.com.br\/blog\/\"},{\"@type\":\"ListItem\",\"position\":2,\"name\":\"Concursos 2026: 23 editais previstos para janeiro\"}]},{\"@type\":\"WebSite\",\"@id\":\"https:\/\/www.estrategiaconcursos.com.br\/blog\/#website\",\"url\":\"https:\/\/www.estrategiaconcursos.com.br\/blog\/\",\"name\":\"Estrat\u00e9gia Concursos\",\"description\":\"O blog da Estrat\u00e9gia Concursos traz not\u00edcias sobre concursos e artigos de professores oferecendo cursos para concursos (pdf + videaulas) no site.\",\"publisher\":{\"@id\":\"https:\/\/www.estrategiaconcursos.com.br\/blog\/#organization\"},\"potentialAction\":[{\"@type\":\"SearchAction\",\"target\":{\"@type\":\"EntryPoint\",\"urlTemplate\":\"https:\/\/www.estrategiaconcursos.com.br\/blog\/?s={search_term_string}\"},\"query-input\":{\"@type\":\"PropertyValueSpecification\",\"valueRequired\":true,\"valueName\":\"search_term_string\"}}],\"inLanguage\":\"pt-BR\"},{\"@type\":\"Organization\",\"@id\":\"https:\/\/www.estrategiaconcursos.com.br\/blog\/#organization\",\"name\":\"Estrat\u00e9gia Concursos\",\"url\":\"https:\/\/www.estrategiaconcursos.com.br\/blog\/\",\"logo\":{\"@type\":\"ImageObject\",\"inLanguage\":\"pt-BR\",\"@id\":\"https:\/\/www.estrategiaconcursos.com.br\/blog\/#\/schema\/logo\/image\/\",\"url\":\"https:\/\/dhg1h5j42swfq.cloudfront.net\/2025\/06\/03203428\/logo_concursos-1.jpg\",\"contentUrl\":\"https:\/\/dhg1h5j42swfq.cloudfront.net\/2025\/06\/03203428\/logo_concursos-1.jpg\",\"width\":230,\"height\":60,\"caption\":\"Estrat\u00e9gia Concursos\"},\"image\":{\"@id\":\"https:\/\/www.estrategiaconcursos.com.br\/blog\/#\/schema\/logo\/image\/\"},\"sameAs\":[\"https:\/\/x.com\/EstratConcursos\"]},{\"@type\":\"Person\",\"@id\":\"https:\/\/www.estrategiaconcursos.com.br\/blog\/#\/schema\/person\/84ecdc6eb58d3cf1689bf76c5cd8fb38\",\"name\":\"Camila Leite\",\"image\":{\"@type\":\"ImageObject\",\"inLanguage\":\"pt-BR\",\"@id\":\"https:\/\/secure.gravatar.com\/avatar\/f2f8faef639c8a2bfb7fb909912a56917f4c3a0aed064500168e2fb8ea55cf61?s=96&d=mm&r=g\",\"url\":\"https:\/\/secure.gravatar.com\/avatar\/f2f8faef639c8a2bfb7fb909912a56917f4c3a0aed064500168e2fb8ea55cf61?s=96&d=mm&r=g\",\"contentUrl\":\"https:\/\/secure.gravatar.com\/avatar\/f2f8faef639c8a2bfb7fb909912a56917f4c3a0aed064500168e2fb8ea55cf61?s=96&d=mm&r=g\",\"caption\":\"Camila Leite\"},\"description\":\"Formada em Design Gr\u00e1fico e em Propaganda e Marketing pela UNIP, integra a equipe de jornalismo do Estrat\u00e9gia Concursos desde 2018. Ao longo dos anos, construiu uma s\u00f3lida experi\u00eancia na produ\u00e7\u00e3o de conte\u00fado informativo e relevante para concurseiros. Desde 2020, atua na cobertura das \u00e1reas Fiscal \u2014 com \u00eanfase nas Secretarias de Fazenda (Sefaz) das regi\u00f5es Sul e Sudeste \u2014, al\u00e9m da cobertura de concursos federais, como CNU, Petrobras, CGU, Receita Federal, ag\u00eancias reguladoras (Anvisa, ANAC, entre outras) e INSS. Mant\u00e9m contato direto com os principais \u00f3rg\u00e3os p\u00fablicos, acompanhando editais, atualiza\u00e7\u00f5es e movimenta\u00e7\u00f5es importantes para os candidatos.\",\"sameAs\":[\"https:\/\/www.linkedin.com\/in\/camila-pinheiro-leite-9ba135b6\/\"],\"url\":\"https:\/\/www.estrategiaconcursos.com.br\/blog\/author\/camila-leiteestrategiaconcursos-com-br\/\"}]}<\/script>\n<!-- \/ Yoast SEO Premium plugin. -->","yoast_head_json":{"title":"Concursos 2026: 23 editais previstos para janeiro","description":"O m\u00eas de janeiro de 2026 chega com a promessa de cerca de 23 editais. Acesse esse artigo e veja quais s\u00e3o os concursos!","robots":{"index":"index","follow":"follow","max-snippet":"max-snippet:-1","max-image-preview":"max-image-preview:large","max-video-preview":"max-video-preview:-1"},"canonical":"https:\/\/www.estrategiaconcursos.com.br\/blog\/editais-concursos-previstos-janeiro-2026\/","og_locale":"pt_BR","og_type":"article","og_title":"Concursos 2026: 23 editais previstos para janeiro","og_description":"O m\u00eas de janeiro de 2026 chega com a promessa de cerca de 23 editais. Acesse esse artigo e veja quais s\u00e3o os concursos!","og_url":"https:\/\/www.estrategiaconcursos.com.br\/blog\/editais-concursos-previstos-janeiro-2026\/","og_site_name":"Estrat\u00e9gia Concursos","article_published_time":"2026-01-01T10:00:00+00:00","og_image":[{"width":768,"height":432,"url":"https:\/\/dhg1h5j42swfq.cloudfront.net\/2025\/05\/05161312\/concursos-2026.jpg","type":"image\/jpeg"}],"author":"Camila Leite","twitter_card":"summary_large_image","twitter_creator":"@EstratConcursos","twitter_site":"@EstratConcursos","twitter_misc":{"Escrito por":"Camila Leite","Est. tempo de leitura":"5 minutos"},"schema":{"@context":"https:\/\/schema.org","@graph":[{"@type":"NewsArticle","@id":"https:\/\/www.estrategiaconcursos.com.br\/blog\/editais-concursos-previstos-janeiro-2026\/#article","isPartOf":{"@id":"https:\/\/www.estrategiaconcursos.com.br\/blog\/editais-concursos-previstos-janeiro-2026\/"},"author":{"name":"Camila Leite","@id":"https:\/\/www.estrategiaconcursos.com.br\/blog\/#\/schema\/person\/84ecdc6eb58d3cf1689bf76c5cd8fb38"},"headline":"Concursos 2026: 23 editais previstos para janeiro","datePublished":"2026-01-01T10:00:00+00:00","mainEntityOfPage":{"@id":"https:\/\/www.estrategiaconcursos.com.br\/blog\/editais-concursos-previstos-janeiro-2026\/"},"wordCount":1002,"commentCount":0,"publisher":{"@id":"https:\/\/www.estrategiaconcursos.com.br\/blog\/#organization"},"image":{"@id":"https:\/\/www.estrategiaconcursos.com.br\/blog\/editais-concursos-previstos-janeiro-2026\/#primaryimage"},"thumbnailUrl":"https:\/\/dhg1h5j42swfq.cloudfront.net\/2025\/05\/05161312\/concursos-2026.jpg","articleSection":["Concursos P\u00fablicos"],"inLanguage":"pt-BR","potentialAction":[{"@type":"CommentAction","name":"Comment","target":["https:\/\/www.estrategiaconcursos.com.br\/blog\/editais-concursos-previstos-janeiro-2026\/#respond"]}],"copyrightYear":"2026","copyrightHolder":{"@id":"https:\/\/www.estrategiaconcursos.com.br\/blog\/#organization"}},{"@type":"WebPage","@id":"https:\/\/www.estrategiaconcursos.com.br\/blog\/editais-concursos-previstos-janeiro-2026\/","url":"https:\/\/www.estrategiaconcursos.com.br\/blog\/editais-concursos-previstos-janeiro-2026\/","name":"Concursos 2026: 23 editais previstos para janeiro","isPartOf":{"@id":"https:\/\/www.estrategiaconcursos.com.br\/blog\/#website"},"primaryImageOfPage":{"@id":"https:\/\/www.estrategiaconcursos.com.br\/blog\/editais-concursos-previstos-janeiro-2026\/#primaryimage"},"image":{"@id":"https:\/\/www.estrategiaconcursos.com.br\/blog\/editais-concursos-previstos-janeiro-2026\/#primaryimage"},"thumbnailUrl":"https:\/\/dhg1h5j42swfq.cloudfront.net\/2025\/05\/05161312\/concursos-2026.jpg","datePublished":"2026-01-01T10:00:00+00:00","description":"O m\u00eas de janeiro de 2026 chega com a promessa de cerca de 23 editais. Acesse esse artigo e veja quais s\u00e3o os concursos!","breadcrumb":{"@id":"https:\/\/www.estrategiaconcursos.com.br\/blog\/editais-concursos-previstos-janeiro-2026\/#breadcrumb"},"inLanguage":"pt-BR","potentialAction":[{"@type":"ReadAction","target":["https:\/\/www.estrategiaconcursos.com.br\/blog\/editais-concursos-previstos-janeiro-2026\/"]}]},{"@type":"ImageObject","inLanguage":"pt-BR","@id":"https:\/\/www.estrategiaconcursos.com.br\/blog\/editais-concursos-previstos-janeiro-2026\/#primaryimage","url":"https:\/\/dhg1h5j42swfq.cloudfront.net\/2025\/05\/05161312\/concursos-2026.jpg","contentUrl":"https:\/\/dhg1h5j42swfq.cloudfront.net\/2025\/05\/05161312\/concursos-2026.jpg","width":768,"height":432,"caption":"Concursos P\u00fablicos"},{"@type":"BreadcrumbList","@id":"https:\/\/www.estrategiaconcursos.com.br\/blog\/editais-concursos-previstos-janeiro-2026\/#breadcrumb","itemListElement":[{"@type":"ListItem","position":1,"name":"In\u00edcio","item":"https:\/\/www.estrategiaconcursos.com.br\/blog\/"},{"@type":"ListItem","position":2,"name":"Concursos 2026: 23 editais previstos para janeiro"}]},{"@type":"WebSite","@id":"https:\/\/www.estrategiaconcursos.com.br\/blog\/#website","url":"https:\/\/www.estrategiaconcursos.com.br\/blog\/","name":"Estrat\u00e9gia Concursos","description":"O blog da Estrat\u00e9gia Concursos traz not\u00edcias sobre concursos e artigos de professores oferecendo cursos para concursos (pdf + videaulas) no site.","publisher":{"@id":"https:\/\/www.estrategiaconcursos.com.br\/blog\/#organization"},"potentialAction":[{"@type":"SearchAction","target":{"@type":"EntryPoint","urlTemplate":"https:\/\/www.estrategiaconcursos.com.br\/blog\/?s={search_term_string}"},"query-input":{"@type":"PropertyValueSpecification","valueRequired":true,"valueName":"search_term_string"}}],"inLanguage":"pt-BR"},{"@type":"Organization","@id":"https:\/\/www.estrategiaconcursos.com.br\/blog\/#organization","name":"Estrat\u00e9gia Concursos","url":"https:\/\/www.estrategiaconcursos.com.br\/blog\/","logo":{"@type":"ImageObject","inLanguage":"pt-BR","@id":"https:\/\/www.estrategiaconcursos.com.br\/blog\/#\/schema\/logo\/image\/","url":"https:\/\/dhg1h5j42swfq.cloudfront.net\/2025\/06\/03203428\/logo_concursos-1.jpg","contentUrl":"https:\/\/dhg1h5j42swfq.cloudfront.net\/2025\/06\/03203428\/logo_concursos-1.jpg","width":230,"height":60,"caption":"Estrat\u00e9gia Concursos"},"image":{"@id":"https:\/\/www.estrategiaconcursos.com.br\/blog\/#\/schema\/logo\/image\/"},"sameAs":["https:\/\/x.com\/EstratConcursos"]},{"@type":"Person","@id":"https:\/\/www.estrategiaconcursos.com.br\/blog\/#\/schema\/person\/84ecdc6eb58d3cf1689bf76c5cd8fb38","name":"Camila Leite","image":{"@type":"ImageObject","inLanguage":"pt-BR","@id":"https:\/\/secure.gravatar.com\/avatar\/f2f8faef639c8a2bfb7fb909912a56917f4c3a0aed064500168e2fb8ea55cf61?s=96&d=mm&r=g","url":"https:\/\/secure.gravatar.com\/avatar\/f2f8faef639c8a2bfb7fb909912a56917f4c3a0aed064500168e2fb8ea55cf61?s=96&d=mm&r=g","contentUrl":"https:\/\/secure.gravatar.com\/avatar\/f2f8faef639c8a2bfb7fb909912a56917f4c3a0aed064500168e2fb8ea55cf61?s=96&d=mm&r=g","caption":"Camila Leite"},"description":"Formada em Design Gr\u00e1fico e em Propaganda e Marketing pela UNIP, integra a equipe de jornalismo do Estrat\u00e9gia Concursos desde 2018. Ao longo dos anos, construiu uma s\u00f3lida experi\u00eancia na produ\u00e7\u00e3o de conte\u00fado informativo e relevante para concurseiros. Desde 2020, atua na cobertura das \u00e1reas Fiscal \u2014 com \u00eanfase nas Secretarias de Fazenda (Sefaz) das regi\u00f5es Sul e Sudeste \u2014, al\u00e9m da cobertura de concursos federais, como CNU, Petrobras, CGU, Receita Federal, ag\u00eancias reguladoras (Anvisa, ANAC, entre outras) e INSS. Mant\u00e9m contato direto com os principais \u00f3rg\u00e3os p\u00fablicos, acompanhando editais, atualiza\u00e7\u00f5es e movimenta\u00e7\u00f5es importantes para os candidatos.","sameAs":["https:\/\/www.linkedin.com\/in\/camila-pinheiro-leite-9ba135b6\/"],"url":"https:\/\/www.estrategiaconcursos.com.br\/blog\/author\/camila-leiteestrategiaconcursos-com-br\/"}]}},"_links":{"self":[{"href":"https:\/\/www.estrategiaconcursos.com.br\/blog\/wp-json\/wp\/v2\/posts\/1691223","targetHints":{"allow":["GET"]}}],"collection":[{"href":"https:\/\/www.estrategiaconcursos.com.br\/blog\/wp-json\/wp\/v2\/posts"}],"about":[{"href":"https:\/\/www.estrategiaconcursos.com.br\/blog\/wp-json\/wp\/v2\/types\/post"}],"author":[{"embeddable":true,"href":"https:\/\/www.estrategiaconcursos.com.br\/blog\/wp-json\/wp\/v2\/users\/659"}],"replies":[{"embeddable":true,"href":"https:\/\/www.estrategiaconcursos.com.br\/blog\/wp-json\/wp\/v2\/comments?post=1691223"}],"version-history":[{"count":8,"href":"https:\/\/www.estrategiaconcursos.com.br\/blog\/wp-json\/wp\/v2\/posts\/1691223\/revisions"}],"predecessor-version":[{"id":1692486,"href":"https:\/\/www.estrategiaconcursos.com.br\/blog\/wp-json\/wp\/v2\/posts\/1691223\/revisions\/1692486"}],"wp:featuredmedia":[{"embeddable":true,"href":"https:\/\/www.estrategiaconcursos.com.br\/blog\/wp-json\/wp\/v2\/media\/1571644"}],"wp:attachment":[{"href":"https:\/\/www.estrategiaconcursos.com.br\/blog\/wp-json\/wp\/v2\/media?parent=1691223"}],"wp:term":[{"taxonomy":"category","embeddable":true,"href":"https:\/\/www.estrategiaconcursos.com.br\/blog\/wp-json\/wp\/v2\/categories?post=1691223"},{"taxonomy":"post_tag","embeddable":true,"href":"https:\/\/www.estrategiaconcursos.com.br\/blog\/wp-json\/wp\/v2\/tags?post=1691223"},{"taxonomy":"tax_estado","embeddable":true,"href":"https:\/\/www.estrategiaconcursos.com.br\/blog\/wp-json\/wp\/v2\/tax_estado?post=1691223"}],"curies":[{"name":"wp","href":"https:\/\/api.w.org\/{rel}","templated":true}]}}