{"id":1690007,"date":"2026-01-30T18:11:54","date_gmt":"2026-01-30T21:11:54","guid":{"rendered":"https:\/\/www.estrategiaconcursos.com.br\/blog\/?p=1690007"},"modified":"2026-01-31T08:49:17","modified_gmt":"2026-01-31T11:49:17","slug":"edital-concurso-ipaam","status":"publish","type":"post","link":"https:\/\/www.estrategiaconcursos.com.br\/blog\/edital-concurso-ipaam\/","title":{"rendered":"Edital Concurso IPAAM: sal\u00e1rios iniciais at\u00e9 R$ 11,6 mil!"},"content":{"rendered":"\n<p>Foram encerradas as inscri\u00e7\u00f5es para o edital do concurso do <strong>Instituto de Prote\u00e7\u00e3o Ambiental do Amazonas (<a href=\"https:\/\/www.estrategiaconcursos.com.br\/cursosPorConcurso\/ipaam\/\" target=\"_blank\" rel=\"noreferrer noopener\">IPAAM<\/a>)<\/strong>.<\/p>\n\n\n\n<p>Os interessados em agarrar uma das oportunidades oferecidas pelo certame, cujo <strong>sal\u00e1rio inicial \u00e9 de at\u00e9 R$ 11,6 mil<\/strong>, puderam se inscrever at\u00e9 o dia 30 de janeiro no site do <a href=\"https:\/\/www.cebraspe.org.br\/concursos\/ipaam_25\" target=\"_blank\" rel=\"noreferrer noopener\">CEBRASPE<\/a>.<\/p>\n\n\n\n<p>Vale lembrar que o concurso marca a retomada das sele\u00e7\u00f5es p\u00fablicas no IPAAM ap\u00f3s quase 18 anos! <\/p>\n\n\n\n<p>Ao todo, s\u00e3o <strong>140 vagas imediatas, sendo 90 para Analista Ambiental e 50 para Assistente Ambiental<\/strong>, e mais <strong>195 vagas para a forma\u00e7\u00e3o de cadastro reserva<\/strong>.<\/p>\n\n\n\n<p>Agora, os candidatos devidamente inscritos ser\u00e3o avaliados por\u00a0<strong>provas objetivas no dia\u00a029 de mar\u00e7o.<\/strong>\u00a0<\/p>\n\n\n\n<div class=\"container\" id=\"boxes\">\n  <div class=\"row\">\n\n    <div class=\"col-sm\">\n      <div class=\"banner-estrategia\" id=\"box-assinatura\">\n        <h3 class=\"titulo-assinatura\">Cursos para concursos<\/h3>\n        <p class=\"subtitulo-assinatura\">Conhe\u00e7a os cursos<\/p>\n        <div class=\"box-botao\">\n          <a class=\"btn-assinatura\" target=\"_blank\" href=\"https:\/\/www.estrategiaconcursos.com.br\/cursosPorConcurso\/ipaam\/\" role=\"button\" rel=\"noopener noreferrer\">Conhe\u00e7a mais<\/a>\n        <\/div>\n      <\/div>\n     \n    <\/div>\n\n  <\/div>\n<\/div>\n\n\n\n<h2 class=\"wp-block-heading\" id=\"situacao-atual\">Edital IPAAM: principais datas<\/h2>\n\n\n\n<ul class=\"wp-block-list\">\n<li><strong>Inscri\u00e7\u00f5es:<\/strong> <s>16 a 30\/1\/2026<\/s><\/li>\n\n\n\n<li><strong>\u00daltimo dia pagamento:<\/strong> 25\/2\/2026<\/li>\n\n\n\n<li><strong>Isen\u00e7\u00e3o da taxa:<\/strong>&nbsp;<s>16 a 30\/1\/2026<\/s><\/li>\n\n\n\n<li><strong>Data da prova:<\/strong>\u00a029\/3\/2026<\/li>\n<\/ul>\n\n\n\n<h2 class=\"wp-block-heading\" id=\"cargos-vagas\">Cargos e vagas do edital IPAAM<\/h2>\n\n\n\n<h3 class=\"wp-block-heading\" id=\"h-confira-abaixo-as-principais-informacoes-dos-cargos-e-vagas-do-edital-ipaam\">Confira abaixo as principais informa\u00e7\u00f5es dos cargos e vagas do edital IPAAM:<\/h3>\n\n\n\n<ul class=\"wp-block-list\">\n<li><strong>Analista Ambiental: R$ 11.692,22<\/strong>\n<ul class=\"wp-block-list\">\n<li>Requisitos: diploma, devidamente registrado, de conclus\u00e3o de curso de gradua\u00e7\u00e3o em Administra\u00e7\u00e3o, fornecido por institui\u00e7\u00e3o de ensino superior reconhecida pelo Minist\u00e9rio da Educa\u00e7\u00e3o (MEC), e registro profissional em conselho<\/li>\n<\/ul>\n<\/li>\n\n\n\n<li><strong>Assistente Ambiental: R$ 4.094,56<\/strong>\n<ul class=\"wp-block-list\">\n<li>Ter idade m\u00ednima de 18 anos completos na data da posse.<\/li>\n<\/ul>\n<\/li>\n<\/ul>\n\n\n\n<p>Veja tamb\u00e9m a distribui\u00e7\u00e3o das vagas:<\/p>\n\n\n\n<figure class=\"wp-block-table is-style-stripes\"><table><tbody><tr><td class=\"has-text-align-center\" data-align=\"center\">Cargo\/Especialidade<\/td><td class=\"has-text-align-center\" data-align=\"center\" colspan=\"3\">Vagas imediatas<\/td><td class=\"has-text-align-center\" data-align=\"center\" colspan=\"3\">Cadastro de reserva (exclu\u00eddas as vagas imediatas)<\/td><\/tr><tr><td class=\"has-text-align-center\" data-align=\"center\">Cargo\/Especialidade<\/td><td class=\"has-text-align-center\" data-align=\"center\">AC<\/td><td class=\"has-text-align-center\" data-align=\"center\">PcD<\/td><td class=\"has-text-align-center\" data-align=\"center\">Total<\/td><td class=\"has-text-align-center\" data-align=\"center\">AC<\/td><td class=\"has-text-align-center\" data-align=\"center\">PcD<\/td><td class=\"has-text-align-center\" data-align=\"center\">Total<\/td><\/tr><tr><td class=\"has-text-align-center\" data-align=\"center\">Cargo 1: Analista Ambiental \u2013 Especialidade: Administra\u00e7\u00e3o<\/td><td class=\"has-text-align-center\" data-align=\"center\">2<\/td><td class=\"has-text-align-center\" data-align=\"center\">*<\/td><td class=\"has-text-align-center\" data-align=\"center\">2<\/td><td class=\"has-text-align-center\" data-align=\"center\">2<\/td><td class=\"has-text-align-center\" data-align=\"center\">1<\/td><td class=\"has-text-align-center\" data-align=\"center\">3<\/td><\/tr><tr><td class=\"has-text-align-center\" data-align=\"center\">Cargo 2: Analista Ambiental \u2013 Especialidade: An\u00e1lise de Sistemas<\/td><td class=\"has-text-align-center\" data-align=\"center\">2<\/td><td class=\"has-text-align-center\" data-align=\"center\">1<\/td><td class=\"has-text-align-center\" data-align=\"center\">3<\/td><td class=\"has-text-align-center\" data-align=\"center\">2<\/td><td class=\"has-text-align-center\" data-align=\"center\">1<\/td><td class=\"has-text-align-center\" data-align=\"center\">3<\/td><\/tr><tr><td class=\"has-text-align-center\" data-align=\"center\">Cargo 3: Analista Ambiental \u2013 Especialidade: Antropologia<\/td><td class=\"has-text-align-center\" data-align=\"center\">1<\/td><td class=\"has-text-align-center\" data-align=\"center\">*<\/td><td class=\"has-text-align-center\" data-align=\"center\">1<\/td><td class=\"has-text-align-center\" data-align=\"center\">1<\/td><td class=\"has-text-align-center\" data-align=\"center\">*<\/td><td class=\"has-text-align-center\" data-align=\"center\">1<\/td><\/tr><tr><td class=\"has-text-align-center\" data-align=\"center\">Cargo 4: Analista Ambiental \u2013 Especialidade: Biologia<\/td><td class=\"has-text-align-center\" data-align=\"center\">7<\/td><td class=\"has-text-align-center\" data-align=\"center\">2<\/td><td class=\"has-text-align-center\" data-align=\"center\">9<\/td><td class=\"has-text-align-center\" data-align=\"center\">8<\/td><td class=\"has-text-align-center\" data-align=\"center\">3<\/td><td class=\"has-text-align-center\" data-align=\"center\">11<\/td><\/tr><tr><td class=\"has-text-align-center\" data-align=\"center\">Cargo 5: Analista Ambiental \u2013 Especialidade: Ci\u00eancias Cont\u00e1beis<\/td><td class=\"has-text-align-center\" data-align=\"center\">1<\/td><td class=\"has-text-align-center\" data-align=\"center\">1<\/td><td class=\"has-text-align-center\" data-align=\"center\">2<\/td><td class=\"has-text-align-center\" data-align=\"center\">3<\/td><td class=\"has-text-align-center\" data-align=\"center\">*<\/td><td class=\"has-text-align-center\" data-align=\"center\">3<\/td><\/tr><tr><td class=\"has-text-align-center\" data-align=\"center\">Cargo 6: Analista Ambiental \u2013 Especialidade: Direito (Bacharel)<\/td><td class=\"has-text-align-center\" data-align=\"center\">4<\/td><td class=\"has-text-align-center\" data-align=\"center\">2<\/td><td class=\"has-text-align-center\" data-align=\"center\">6<\/td><td class=\"has-text-align-center\" data-align=\"center\">5<\/td><td class=\"has-text-align-center\" data-align=\"center\">2<\/td><td class=\"has-text-align-center\" data-align=\"center\">7<\/td><\/tr><tr><td class=\"has-text-align-center\" data-align=\"center\">Cargo 7: Analista Ambiental \u2013 Especialidade: Engenharia Agron\u00f4mica<\/td><td class=\"has-text-align-center\" data-align=\"center\">8<\/td><td class=\"has-text-align-center\" data-align=\"center\">2<\/td><td class=\"has-text-align-center\" data-align=\"center\">10<\/td><td class=\"has-text-align-center\" data-align=\"center\">12<\/td><td class=\"has-text-align-center\" data-align=\"center\">3<\/td><td class=\"has-text-align-center\" data-align=\"center\">15<\/td><\/tr><tr><td class=\"has-text-align-center\" data-align=\"center\">Cargo 8: Analista Ambiental \u2013 Especialidade: Engenharia Ambiental\/Sanitarista<\/td><td class=\"has-text-align-center\" data-align=\"center\">4<\/td><td class=\"has-text-align-center\" data-align=\"center\">1<\/td><td class=\"has-text-align-center\" data-align=\"center\">5<\/td><td class=\"has-text-align-center\" data-align=\"center\">4<\/td><td class=\"has-text-align-center\" data-align=\"center\">1<\/td><td class=\"has-text-align-center\" data-align=\"center\">5<\/td><\/tr><tr><td class=\"has-text-align-center\" data-align=\"center\">Cargo 9: Analista Ambiental \u2013 Especialidade: Engenharia Civil<\/td><td class=\"has-text-align-center\" data-align=\"center\">4<\/td><td class=\"has-text-align-center\" data-align=\"center\">1<\/td><td class=\"has-text-align-center\" data-align=\"center\">5<\/td><td class=\"has-text-align-center\" data-align=\"center\">5<\/td><td class=\"has-text-align-center\" data-align=\"center\">2<\/td><td class=\"has-text-align-center\" data-align=\"center\">7<\/td><\/tr><tr><td class=\"has-text-align-center\" data-align=\"center\">Cargo 10: Analista Ambiental \u2013 Especialidade: Engenharia de Pesca<\/td><td class=\"has-text-align-center\" data-align=\"center\">4<\/td><td class=\"has-text-align-center\" data-align=\"center\">*<\/td><td class=\"has-text-align-center\" data-align=\"center\">4<\/td><td class=\"has-text-align-center\" data-align=\"center\">4<\/td><td class=\"has-text-align-center\" data-align=\"center\">2<\/td><td class=\"has-text-align-center\" data-align=\"center\">6<\/td><\/tr><tr><td class=\"has-text-align-center\" data-align=\"center\">Cargo 11: Analista Ambiental \u2013 Especialidade: Engenharia El\u00e9trica<\/td><td class=\"has-text-align-center\" data-align=\"center\">2<\/td><td class=\"has-text-align-center\" data-align=\"center\">*<\/td><td class=\"has-text-align-center\" data-align=\"center\">2<\/td><td class=\"has-text-align-center\" data-align=\"center\">2<\/td><td class=\"has-text-align-center\" data-align=\"center\">*<\/td><td class=\"has-text-align-center\" data-align=\"center\">2<\/td><\/tr><tr><td class=\"has-text-align-center\" data-align=\"center\">Cargo 12: Analista Ambiental \u2013 Especialidade: Engenharia Florestal<\/td><td class=\"has-text-align-center\" data-align=\"center\">12<\/td><td class=\"has-text-align-center\" data-align=\"center\">3<\/td><td class=\"has-text-align-center\" data-align=\"center\">15<\/td><td class=\"has-text-align-center\" data-align=\"center\">13<\/td><td class=\"has-text-align-center\" data-align=\"center\">4<\/td><td class=\"has-text-align-center\" data-align=\"center\">17<\/td><\/tr><tr><td class=\"has-text-align-center\" data-align=\"center\">Cargo 13: Analista Ambiental \u2013 Especialidade: Engenharia Qu\u00edmica<\/td><td class=\"has-text-align-center\" data-align=\"center\">2<\/td><td class=\"has-text-align-center\" data-align=\"center\">*<\/td><td class=\"has-text-align-center\" data-align=\"center\">2<\/td><td class=\"has-text-align-center\" data-align=\"center\">2<\/td><td class=\"has-text-align-center\" data-align=\"center\">*<\/td><td class=\"has-text-align-center\" data-align=\"center\">2<\/td><\/tr><tr><td class=\"has-text-align-center\" data-align=\"center\">Cargo 14: Analista Ambiental \u2013 Especialidade: Geografia<\/td><td class=\"has-text-align-center\" data-align=\"center\">3<\/td><td class=\"has-text-align-center\" data-align=\"center\">1<\/td><td class=\"has-text-align-center\" data-align=\"center\">4<\/td><td class=\"has-text-align-center\" data-align=\"center\">4<\/td><td class=\"has-text-align-center\" data-align=\"center\">2<\/td><td class=\"has-text-align-center\" data-align=\"center\">6<\/td><\/tr><tr><td class=\"has-text-align-center\" data-align=\"center\">Cargo 15: Analista Ambiental \u2013 Especialidade: Geologia<\/td><td class=\"has-text-align-center\" data-align=\"center\">4<\/td><td class=\"has-text-align-center\" data-align=\"center\">2<\/td><td class=\"has-text-align-center\" data-align=\"center\">6<\/td><td class=\"has-text-align-center\" data-align=\"center\">7<\/td><td class=\"has-text-align-center\" data-align=\"center\">2<\/td><td class=\"has-text-align-center\" data-align=\"center\">9<\/td><\/tr><tr><td class=\"has-text-align-center\" data-align=\"center\">Cargo 16: Analista Ambiental \u2013 Especialidade: Medicina Veterin\u00e1ria<\/td><td class=\"has-text-align-center\" data-align=\"center\">4<\/td><td class=\"has-text-align-center\" data-align=\"center\">1<\/td><td class=\"has-text-align-center\" data-align=\"center\">5<\/td><td class=\"has-text-align-center\" data-align=\"center\">4<\/td><td class=\"has-text-align-center\" data-align=\"center\">1<\/td><td class=\"has-text-align-center\" data-align=\"center\">5<\/td><\/tr><tr><td class=\"has-text-align-center\" data-align=\"center\">Cargo 17: Analista Ambiental \u2013 Especialidade: Pedagogia<\/td><td class=\"has-text-align-center\" data-align=\"center\">1<\/td><td class=\"has-text-align-center\" data-align=\"center\">*<\/td><td class=\"has-text-align-center\" data-align=\"center\">1<\/td><td class=\"has-text-align-center\" data-align=\"center\">1<\/td><td class=\"has-text-align-center\" data-align=\"center\">*<\/td><td class=\"has-text-align-center\" data-align=\"center\">1<\/td><\/tr><tr><td class=\"has-text-align-center\" data-align=\"center\">Cargo 18: Analista Ambiental \u2013 Especialidade: Qu\u00edmica<\/td><td class=\"has-text-align-center\" data-align=\"center\">5<\/td><td class=\"has-text-align-center\" data-align=\"center\">2<\/td><td class=\"has-text-align-center\" data-align=\"center\">7<\/td><td class=\"has-text-align-center\" data-align=\"center\">7<\/td><td class=\"has-text-align-center\" data-align=\"center\">2<\/td><td class=\"has-text-align-center\" data-align=\"center\">9<\/td><\/tr><tr><td class=\"has-text-align-center\" data-align=\"center\">Cargo 19: Analista Ambiental \u2013 Especialidade: Sociologia<\/td><td class=\"has-text-align-center\" data-align=\"center\">1<\/td><td class=\"has-text-align-center\" data-align=\"center\">*<\/td><td class=\"has-text-align-center\" data-align=\"center\">1<\/td><td class=\"has-text-align-center\" data-align=\"center\">2<\/td><td class=\"has-text-align-center\" data-align=\"center\">*<\/td><td class=\"has-text-align-center\" data-align=\"center\">2<\/td><\/tr><tr><td class=\"has-text-align-center\" data-align=\"center\">Cargo 20: Assistente Ambiental \u2013 Especialidade: Assist\u00eancia Ambiental<\/td><td class=\"has-text-align-center\" data-align=\"center\">40<\/td><td class=\"has-text-align-center\" data-align=\"center\">10<\/td><td class=\"has-text-align-center\" data-align=\"center\">50<\/td><td class=\"has-text-align-center\" data-align=\"center\">64<\/td><td class=\"has-text-align-center\" data-align=\"center\">17<\/td><td class=\"has-text-align-center\" data-align=\"center\">81<\/td><\/tr><\/tbody><\/table><\/figure>\n\n\n\n<h2 class=\"wp-block-heading\" id=\"etapas\">Etapas e provas do edital IPAAM <\/h2>\n\n\n\n<p>Os candidatos inscritos no edital IPAAM ser\u00e3o avaliados pelas seguintes etapas e provas:<\/p>\n\n\n\n<ul class=\"wp-block-list\">\n<li><strong>Prova objetiva, <\/strong>de car\u00e1ter eliminat\u00f3rio e classificat\u00f3rio, para todos os cargos.<\/li>\n<\/ul>\n\n\n\n<h3 class=\"wp-block-heading\" id=\"objetiva\">Provas Objetivas<\/h3>\n\n\n\n<p>As provas objetivas para o cargo de <strong>Analista Ambiental<\/strong> ter\u00e3o dura\u00e7\u00e3o de 4 horas e 30 minutos e ser\u00e3o aplicadas no turno da manh\u00e3. A avalia\u00e7\u00e3o ter\u00e1 pontua\u00e7\u00e3o total de 80 pontos. As quest\u00f5es ser\u00e3o de m\u00faltipla escolha, com cinco alternativas e apenas uma correta.<\/p>\n\n\n\n<figure class=\"wp-block-table is-style-stripes\"><table><thead><tr><th>Prova\/Tipo<\/th><th>\u00c1rea de conhecimento<\/th><th>N\u00famero de quest\u00f5es<\/th><th>Car\u00e1ter<\/th><\/tr><\/thead><tbody><tr><td>Prova objetiva (P1)<\/td><td>Conhecimentos gerais<\/td><td>30<\/td><td>Eliminat\u00f3rio e classificat\u00f3rio<\/td><\/tr><tr><td>Prova objetiva (P2)<\/td><td>Conhecimentos espec\u00edficos<\/td><td>50<\/td><td>Eliminat\u00f3rio e classificat\u00f3rio<\/td><\/tr><\/tbody><\/table><\/figure>\n\n\n\n<p>As provas objetivas para o cargo de <strong>Assistente Ambiental<\/strong> ter\u00e3o dura\u00e7\u00e3o de 3 horas e 30 minutos e ser\u00e3o aplicadas no turno da tarde. A prova ter\u00e1 pontua\u00e7\u00e3o total de 60 pontos. As quest\u00f5es ser\u00e3o de m\u00faltipla escolha, com cinco alternativas e apenas uma correta.<\/p>\n\n\n\n<figure class=\"wp-block-table is-style-stripes\"><table><thead><tr><th>Prova\/Tipo<\/th><th>\u00c1rea de conhecimento<\/th><th>N\u00famero de quest\u00f5es<\/th><th>Car\u00e1ter<\/th><\/tr><\/thead><tbody><tr><td>Prova objetiva (P1)<\/td><td>Conhecimentos gerais<\/td><td>20<\/td><td>Eliminat\u00f3rio e classificat\u00f3rio<\/td><\/tr><tr><td>Prova objetiva (P2)<\/td><td>Conhecimentos espec\u00edficos<\/td><td>40<\/td><td>Eliminat\u00f3rio e classificat\u00f3rio<\/td><\/tr><\/tbody><\/table><\/figure>\n\n\n\n<p class=\"has-text-align-center has-background has-medium-font-size\" style=\"background-color:#dde2e6\"><strong>Mais infomra\u00e7\u00f5es: <a href=\"https:\/\/www.estrategiaconcursos.com.br\/blog\/concurso-ipaam\/\">Concurso IPAAM<\/a><\/strong><\/p>\n\n\n\n<hr class=\"wp-block-separator has-alpha-channel-opacity\"\/>\n\n\n\n<h2 class=\"wp-block-heading has-text-align-center\" id=\"cursos\"><em>Quer estudar para o edital IPAAM?<\/em><\/h2>\n\n\n\n<div class=\"container\" id=\"boxes\">\n  <div class=\"row\">\n\n    <div class=\"col-sm\">\n      <div class=\"banner-estrategia\" id=\"box-assinatura\">\n        <h3 class=\"titulo-assinatura\">Cursos para concursos<\/h3>\n        <p class=\"subtitulo-assinatura\">Conhe\u00e7a os cursos<\/p>\n        <div class=\"box-botao\">\n          <a class=\"btn-assinatura\" target=\"_blank\" href=\"https:\/\/www.estrategiaconcursos.com.br\/cursosPorConcurso\/ipaam\/\" role=\"button\" rel=\"noopener noreferrer\">Conhe\u00e7a mais<\/a>\n        <\/div>\n      <\/div>\n     \n    <\/div>\n\n  <\/div>\n<\/div>\n\n\n\n<div class=\"container\" id=\"boxes\">\r\n  <div class=\"row\">\r\n\r\n    <div class=\"col-sm\">\r\n      <div class=\"estrategia\" id=\"box-assinatura\">\r\n        <h3 class=\"titulo-assinatura\">Assinatura Concursos<\/h3>\r\n        <p class=\"subtitulo-assinatura\">Assinatura de 1 ano ou 2 anos<\/p>\r\n        <div class=\"box-botao\">\r\n          <a class=\"btn-assinatura\" target=\"_blank\" href=\"https:\/\/www.estrategiaconcursos.com.br\/assinaturas\/\" role=\"button\" rel=\"noopener noreferrer\">ASSINE AGORA<\/a>\r\n        <\/div>\r\n      <\/div><\/div><\/div><\/div>\n\n\n\n<h2 class=\"wp-block-heading has-text-align-center\" id=\"h-quer-saber-tudo-sobre-concursos-previstos-confira-os-nossos-artigos\">Quer saber tudo sobre concursos previstos?<br \/>Confira os nossos artigos!<\/h2>\n\n\n\n<ul class=\"wp-block-list\">\n<li><a href=\"https:\/\/www.estrategiaconcursos.com.br\/blog\/concursos-abertos\/\" target=\"_blank\" rel=\"noreferrer noopener\">Concursos Abertos<\/a><\/li>\n\n\n\n<li><a href=\"https:\/\/www.estrategiaconcursos.com.br\/blog\/concursos-2026\/?utm_source=google&amp;utm_medium=cpc&amp;utm_campaign=ec-ge-vd-gsh-ConcursosAbertosN&amp;gad_source=1&amp;gad_campaignid=717277843&amp;gbraid=0AAAAADpTrcdxc_O_jULKTK8kBid2yx4BJ&amp;gclid=CjwKCAjw89jGBhB0EiwA2o1On70YQKPLIU1RnBzz-aO3E2NoWf764WYWU4ufqytQ0xdwRpvgNwRSIRoCArgQAvD_BwE\" target=\"_blank\" rel=\"noreferrer noopener\">Concursos 2026<\/a><\/li>\n<\/ul>\n\n\n\n<figure class=\"wp-block-image is-resized\"><img loading=\"lazy\" decoding=\"async\" width=\"1024\" height=\"632\" src=\"https:\/\/dhg1h5j42swfq.cloudfront.net\/2021\/04\/01161145\/ficha-tecnica-5-1024x632.png\" alt=\"Informa\u00e7\u00f5es do concurso \" class=\"wp-image-706736\" style=\"width:236px;height:145px\" srcset=\"https:\/\/dhg1h5j42swfq.cloudfront.net\/2021\/04\/01161145\/ficha-tecnica-5-1024x632.png 1024w, https:\/\/dhg1h5j42swfq.cloudfront.net\/2021\/04\/01161145\/ficha-tecnica-5-300x185.png 300w, https:\/\/dhg1h5j42swfq.cloudfront.net\/2021\/04\/01161145\/ficha-tecnica-5-768x474.png 768w, https:\/\/dhg1h5j42swfq.cloudfront.net\/2021\/04\/01161145\/ficha-tecnica-5-1536x948.png 1536w, https:\/\/dhg1h5j42swfq.cloudfront.net\/2021\/04\/01161145\/ficha-tecnica-5-610x377.png 610w, https:\/\/dhg1h5j42swfq.cloudfront.net\/2021\/04\/01161145\/ficha-tecnica-5.png 1571w\" sizes=\"auto, (max-width: 1024px) 100vw, 1024px\" \/><\/figure>\n\n\n\n<h3 class=\"wp-block-heading\" id=\"ficha-tecnica\">Informa\u00e7\u00f5es do edital IPAAM<\/h3>\n\n\n\n<ul class=\"wp-block-list\">\n<li><strong>Data da prova<\/strong>: 29\/03\/2026<\/li>\n\n\n\n<li><strong>Banca:<\/strong>&nbsp;CEBRASPE<\/li>\n\n\n\n<li><strong>Escolaridade<\/strong>: n\u00edvel m\u00e9dio e superior<\/li>\n\n\n\n<li><strong>Vagas:<\/strong> 140 + 195 CR<\/li>\n\n\n\n<li><strong>Edital:<\/strong> <a href=\"https:\/\/dhg1h5j42swfq.cloudfront.net\/2025\/12\/23133556\/ab053d7c86b360cbecffe9790a6deaa8dab084991cdee910e32e16b7163acd65.pdf\" target=\"_blank\" rel=\"noreferrer noopener nofollow\">Edital Concurso IPAAM 2025<\/a><\/li>\n<\/ul>\n\n\n\n<p><\/p>\n","protected":false},"excerpt":{"rendered":"<p>Foram encerradas as inscri\u00e7\u00f5es para o edital do concurso do Instituto de Prote\u00e7\u00e3o Ambiental do Amazonas (IPAAM). Os interessados em agarrar uma das oportunidades oferecidas pelo certame, cujo sal\u00e1rio inicial \u00e9 de at\u00e9 R$ 11,6 mil, puderam se inscrever at\u00e9 o dia 30 de janeiro no site do CEBRASPE. Vale lembrar que o concurso marca [&hellip;]<\/p>\n","protected":false},"author":643,"featured_media":894708,"comment_status":"open","ping_status":"closed","sticky":false,"template":"","format":"standard","meta":{"post_tipo":"news","footnotes":""},"categories":[214992,220219],"tags":[],"tax_estado":[219966],"class_list":["post-1690007","post","type-post","status-publish","format-standard","has-post-thumbnail","hentry","category-concursos-administrativos","category-noticias","tax_estado-am"],"acf":[],"yoast_head":"<!-- This site is optimized with the Yoast SEO Premium plugin v27.2 (Yoast SEO v27.2) - https:\/\/yoast.com\/product\/yoast-seo-premium-wordpress\/ -->\n<title>Edital Concurso IPAAM: sal\u00e1rios iniciais at\u00e9 R$ 11,6 mil!<\/title>\n<meta name=\"description\" content=\"Edital IPAAM est\u00e1 com inscri\u00e7\u00f5es encerradas! S\u00e3o 140 vagas imediatas e sal\u00e1rios de at\u00e9 R$ 16,2 mil. Saiba mais aqui!\" \/>\n<meta name=\"robots\" content=\"index, follow, max-snippet:-1, max-image-preview:large, max-video-preview:-1\" \/>\n<link rel=\"canonical\" href=\"https:\/\/www.estrategiaconcursos.com.br\/blog\/edital-concurso-ipaam\/\" \/>\n<meta property=\"og:locale\" content=\"pt_BR\" \/>\n<meta property=\"og:type\" content=\"article\" \/>\n<meta property=\"og:title\" content=\"Edital Concurso IPAAM: sal\u00e1rios iniciais at\u00e9 R$ 11,6 mil!\" \/>\n<meta property=\"og:description\" content=\"Edital IPAAM est\u00e1 com inscri\u00e7\u00f5es encerradas! S\u00e3o 140 vagas imediatas e sal\u00e1rios de at\u00e9 R$ 16,2 mil. Saiba mais aqui!\" \/>\n<meta property=\"og:url\" content=\"https:\/\/www.estrategiaconcursos.com.br\/blog\/edital-concurso-ipaam\/\" \/>\n<meta property=\"og:site_name\" content=\"Estrat\u00e9gia Concursos\" \/>\n<meta property=\"article:published_time\" content=\"2026-01-30T21:11:54+00:00\" \/>\n<meta property=\"article:modified_time\" content=\"2026-01-31T11:49:17+00:00\" \/>\n<meta property=\"og:image\" content=\"https:\/\/dhg1h5j42swfq.cloudfront.net\/2021\/10\/27105627\/ipaam_720.jpg\" \/>\n\t<meta property=\"og:image:width\" content=\"720\" \/>\n\t<meta property=\"og:image:height\" content=\"405\" \/>\n\t<meta property=\"og:image:type\" content=\"image\/jpeg\" \/>\n<meta name=\"author\" content=\"F\u00e1bio Scaldelai\" \/>\n<meta name=\"twitter:card\" content=\"summary_large_image\" \/>\n<meta name=\"twitter:creator\" content=\"@EstratConcursos\" \/>\n<meta name=\"twitter:site\" content=\"@EstratConcursos\" \/>\n<meta name=\"twitter:label1\" content=\"Escrito por\" \/>\n\t<meta name=\"twitter:data1\" content=\"F\u00e1bio Scaldelai\" \/>\n\t<meta name=\"twitter:label2\" content=\"Est. tempo de leitura\" \/>\n\t<meta name=\"twitter:data2\" content=\"3 minutos\" \/>\n<script type=\"application\/ld+json\" class=\"yoast-schema-graph\">{\"@context\":\"https:\/\/schema.org\",\"@graph\":[{\"@type\":\"NewsArticle\",\"@id\":\"https:\/\/www.estrategiaconcursos.com.br\/blog\/edital-concurso-ipaam\/#article\",\"isPartOf\":{\"@id\":\"https:\/\/www.estrategiaconcursos.com.br\/blog\/edital-concurso-ipaam\/\"},\"author\":{\"name\":\"F\u00e1bio Scaldelai\",\"@id\":\"https:\/\/www.estrategiaconcursos.com.br\/blog\/#\/schema\/person\/b27f725b445a1519b2f20bf79001496d\"},\"headline\":\"Edital Concurso IPAAM: sal\u00e1rios iniciais at\u00e9 R$ 11,6 mil!\",\"datePublished\":\"2026-01-30T21:11:54+00:00\",\"dateModified\":\"2026-01-31T11:49:17+00:00\",\"mainEntityOfPage\":{\"@id\":\"https:\/\/www.estrategiaconcursos.com.br\/blog\/edital-concurso-ipaam\/\"},\"wordCount\":638,\"commentCount\":0,\"publisher\":{\"@id\":\"https:\/\/www.estrategiaconcursos.com.br\/blog\/#organization\"},\"image\":{\"@id\":\"https:\/\/www.estrategiaconcursos.com.br\/blog\/edital-concurso-ipaam\/#primaryimage\"},\"thumbnailUrl\":\"https:\/\/dhg1h5j42swfq.cloudfront.net\/2021\/10\/27105627\/ipaam_720.jpg\",\"articleSection\":[\"Executivo (Administrativa)\",\"\u00daltimas not\u00edcias\"],\"inLanguage\":\"pt-BR\",\"potentialAction\":[{\"@type\":\"CommentAction\",\"name\":\"Comment\",\"target\":[\"https:\/\/www.estrategiaconcursos.com.br\/blog\/edital-concurso-ipaam\/#respond\"]}],\"copyrightYear\":\"2026\",\"copyrightHolder\":{\"@id\":\"https:\/\/www.estrategiaconcursos.com.br\/blog\/#organization\"}},{\"@type\":\"WebPage\",\"@id\":\"https:\/\/www.estrategiaconcursos.com.br\/blog\/edital-concurso-ipaam\/\",\"url\":\"https:\/\/www.estrategiaconcursos.com.br\/blog\/edital-concurso-ipaam\/\",\"name\":\"Edital Concurso IPAAM: sal\u00e1rios iniciais at\u00e9 R$ 11,6 mil!\",\"isPartOf\":{\"@id\":\"https:\/\/www.estrategiaconcursos.com.br\/blog\/#website\"},\"primaryImageOfPage\":{\"@id\":\"https:\/\/www.estrategiaconcursos.com.br\/blog\/edital-concurso-ipaam\/#primaryimage\"},\"image\":{\"@id\":\"https:\/\/www.estrategiaconcursos.com.br\/blog\/edital-concurso-ipaam\/#primaryimage\"},\"thumbnailUrl\":\"https:\/\/dhg1h5j42swfq.cloudfront.net\/2021\/10\/27105627\/ipaam_720.jpg\",\"datePublished\":\"2026-01-30T21:11:54+00:00\",\"dateModified\":\"2026-01-31T11:49:17+00:00\",\"description\":\"Edital IPAAM est\u00e1 com inscri\u00e7\u00f5es encerradas! S\u00e3o 140 vagas imediatas e sal\u00e1rios de at\u00e9 R$ 16,2 mil. Saiba mais aqui!\",\"breadcrumb\":{\"@id\":\"https:\/\/www.estrategiaconcursos.com.br\/blog\/edital-concurso-ipaam\/#breadcrumb\"},\"inLanguage\":\"pt-BR\",\"potentialAction\":[{\"@type\":\"ReadAction\",\"target\":[\"https:\/\/www.estrategiaconcursos.com.br\/blog\/edital-concurso-ipaam\/\"]}]},{\"@type\":\"ImageObject\",\"inLanguage\":\"pt-BR\",\"@id\":\"https:\/\/www.estrategiaconcursos.com.br\/blog\/edital-concurso-ipaam\/#primaryimage\",\"url\":\"https:\/\/dhg1h5j42swfq.cloudfront.net\/2021\/10\/27105627\/ipaam_720.jpg\",\"contentUrl\":\"https:\/\/dhg1h5j42swfq.cloudfront.net\/2021\/10\/27105627\/ipaam_720.jpg\",\"width\":720,\"height\":405,\"caption\":\"Concurso do IPAAM\"},{\"@type\":\"BreadcrumbList\",\"@id\":\"https:\/\/www.estrategiaconcursos.com.br\/blog\/edital-concurso-ipaam\/#breadcrumb\",\"itemListElement\":[{\"@type\":\"ListItem\",\"position\":1,\"name\":\"In\u00edcio\",\"item\":\"https:\/\/www.estrategiaconcursos.com.br\/blog\/\"},{\"@type\":\"ListItem\",\"position\":2,\"name\":\"Edital Concurso IPAAM: sal\u00e1rios iniciais at\u00e9 R$ 11,6 mil!\"}]},{\"@type\":\"WebSite\",\"@id\":\"https:\/\/www.estrategiaconcursos.com.br\/blog\/#website\",\"url\":\"https:\/\/www.estrategiaconcursos.com.br\/blog\/\",\"name\":\"Estrat\u00e9gia Concursos\",\"description\":\"O blog da Estrat\u00e9gia Concursos traz not\u00edcias sobre concursos e artigos de professores oferecendo cursos para concursos (pdf + videaulas) no site.\",\"publisher\":{\"@id\":\"https:\/\/www.estrategiaconcursos.com.br\/blog\/#organization\"},\"potentialAction\":[{\"@type\":\"SearchAction\",\"target\":{\"@type\":\"EntryPoint\",\"urlTemplate\":\"https:\/\/www.estrategiaconcursos.com.br\/blog\/?s={search_term_string}\"},\"query-input\":{\"@type\":\"PropertyValueSpecification\",\"valueRequired\":true,\"valueName\":\"search_term_string\"}}],\"inLanguage\":\"pt-BR\"},{\"@type\":\"Organization\",\"@id\":\"https:\/\/www.estrategiaconcursos.com.br\/blog\/#organization\",\"name\":\"Estrat\u00e9gia Concursos\",\"url\":\"https:\/\/www.estrategiaconcursos.com.br\/blog\/\",\"logo\":{\"@type\":\"ImageObject\",\"inLanguage\":\"pt-BR\",\"@id\":\"https:\/\/www.estrategiaconcursos.com.br\/blog\/#\/schema\/logo\/image\/\",\"url\":\"https:\/\/dhg1h5j42swfq.cloudfront.net\/2025\/06\/03203428\/logo_concursos-1.jpg\",\"contentUrl\":\"https:\/\/dhg1h5j42swfq.cloudfront.net\/2025\/06\/03203428\/logo_concursos-1.jpg\",\"width\":230,\"height\":60,\"caption\":\"Estrat\u00e9gia Concursos\"},\"image\":{\"@id\":\"https:\/\/www.estrategiaconcursos.com.br\/blog\/#\/schema\/logo\/image\/\"},\"sameAs\":[\"https:\/\/x.com\/EstratConcursos\"]},{\"@type\":\"Person\",\"@id\":\"https:\/\/www.estrategiaconcursos.com.br\/blog\/#\/schema\/person\/b27f725b445a1519b2f20bf79001496d\",\"name\":\"F\u00e1bio Scaldelai\",\"image\":{\"@type\":\"ImageObject\",\"inLanguage\":\"pt-BR\",\"@id\":\"https:\/\/secure.gravatar.com\/avatar\/d87536a395daa9c44d428de53feb744c60ed200e5635eefecfcfa4cdd3fbd7dc?s=96&d=mm&r=g\",\"url\":\"https:\/\/secure.gravatar.com\/avatar\/d87536a395daa9c44d428de53feb744c60ed200e5635eefecfcfa4cdd3fbd7dc?s=96&d=mm&r=g\",\"contentUrl\":\"https:\/\/secure.gravatar.com\/avatar\/d87536a395daa9c44d428de53feb744c60ed200e5635eefecfcfa4cdd3fbd7dc?s=96&d=mm&r=g\",\"caption\":\"F\u00e1bio Scaldelai\"},\"url\":\"https:\/\/www.estrategiaconcursos.com.br\/blog\/author\/fabio-scaldelai\/\"}]}<\/script>\n<!-- \/ Yoast SEO Premium plugin. -->","yoast_head_json":{"title":"Edital Concurso IPAAM: sal\u00e1rios iniciais at\u00e9 R$ 11,6 mil!","description":"Edital IPAAM est\u00e1 com inscri\u00e7\u00f5es encerradas! S\u00e3o 140 vagas imediatas e sal\u00e1rios de at\u00e9 R$ 16,2 mil. Saiba mais aqui!","robots":{"index":"index","follow":"follow","max-snippet":"max-snippet:-1","max-image-preview":"max-image-preview:large","max-video-preview":"max-video-preview:-1"},"canonical":"https:\/\/www.estrategiaconcursos.com.br\/blog\/edital-concurso-ipaam\/","og_locale":"pt_BR","og_type":"article","og_title":"Edital Concurso IPAAM: sal\u00e1rios iniciais at\u00e9 R$ 11,6 mil!","og_description":"Edital IPAAM est\u00e1 com inscri\u00e7\u00f5es encerradas! S\u00e3o 140 vagas imediatas e sal\u00e1rios de at\u00e9 R$ 16,2 mil. Saiba mais aqui!","og_url":"https:\/\/www.estrategiaconcursos.com.br\/blog\/edital-concurso-ipaam\/","og_site_name":"Estrat\u00e9gia Concursos","article_published_time":"2026-01-30T21:11:54+00:00","article_modified_time":"2026-01-31T11:49:17+00:00","og_image":[{"width":720,"height":405,"url":"https:\/\/dhg1h5j42swfq.cloudfront.net\/2021\/10\/27105627\/ipaam_720.jpg","type":"image\/jpeg"}],"author":"F\u00e1bio Scaldelai","twitter_card":"summary_large_image","twitter_creator":"@EstratConcursos","twitter_site":"@EstratConcursos","twitter_misc":{"Escrito por":"F\u00e1bio Scaldelai","Est. tempo de leitura":"3 minutos"},"schema":{"@context":"https:\/\/schema.org","@graph":[{"@type":"NewsArticle","@id":"https:\/\/www.estrategiaconcursos.com.br\/blog\/edital-concurso-ipaam\/#article","isPartOf":{"@id":"https:\/\/www.estrategiaconcursos.com.br\/blog\/edital-concurso-ipaam\/"},"author":{"name":"F\u00e1bio Scaldelai","@id":"https:\/\/www.estrategiaconcursos.com.br\/blog\/#\/schema\/person\/b27f725b445a1519b2f20bf79001496d"},"headline":"Edital Concurso IPAAM: sal\u00e1rios iniciais at\u00e9 R$ 11,6 mil!","datePublished":"2026-01-30T21:11:54+00:00","dateModified":"2026-01-31T11:49:17+00:00","mainEntityOfPage":{"@id":"https:\/\/www.estrategiaconcursos.com.br\/blog\/edital-concurso-ipaam\/"},"wordCount":638,"commentCount":0,"publisher":{"@id":"https:\/\/www.estrategiaconcursos.com.br\/blog\/#organization"},"image":{"@id":"https:\/\/www.estrategiaconcursos.com.br\/blog\/edital-concurso-ipaam\/#primaryimage"},"thumbnailUrl":"https:\/\/dhg1h5j42swfq.cloudfront.net\/2021\/10\/27105627\/ipaam_720.jpg","articleSection":["Executivo (Administrativa)","\u00daltimas not\u00edcias"],"inLanguage":"pt-BR","potentialAction":[{"@type":"CommentAction","name":"Comment","target":["https:\/\/www.estrategiaconcursos.com.br\/blog\/edital-concurso-ipaam\/#respond"]}],"copyrightYear":"2026","copyrightHolder":{"@id":"https:\/\/www.estrategiaconcursos.com.br\/blog\/#organization"}},{"@type":"WebPage","@id":"https:\/\/www.estrategiaconcursos.com.br\/blog\/edital-concurso-ipaam\/","url":"https:\/\/www.estrategiaconcursos.com.br\/blog\/edital-concurso-ipaam\/","name":"Edital Concurso IPAAM: sal\u00e1rios iniciais at\u00e9 R$ 11,6 mil!","isPartOf":{"@id":"https:\/\/www.estrategiaconcursos.com.br\/blog\/#website"},"primaryImageOfPage":{"@id":"https:\/\/www.estrategiaconcursos.com.br\/blog\/edital-concurso-ipaam\/#primaryimage"},"image":{"@id":"https:\/\/www.estrategiaconcursos.com.br\/blog\/edital-concurso-ipaam\/#primaryimage"},"thumbnailUrl":"https:\/\/dhg1h5j42swfq.cloudfront.net\/2021\/10\/27105627\/ipaam_720.jpg","datePublished":"2026-01-30T21:11:54+00:00","dateModified":"2026-01-31T11:49:17+00:00","description":"Edital IPAAM est\u00e1 com inscri\u00e7\u00f5es encerradas! S\u00e3o 140 vagas imediatas e sal\u00e1rios de at\u00e9 R$ 16,2 mil. Saiba mais aqui!","breadcrumb":{"@id":"https:\/\/www.estrategiaconcursos.com.br\/blog\/edital-concurso-ipaam\/#breadcrumb"},"inLanguage":"pt-BR","potentialAction":[{"@type":"ReadAction","target":["https:\/\/www.estrategiaconcursos.com.br\/blog\/edital-concurso-ipaam\/"]}]},{"@type":"ImageObject","inLanguage":"pt-BR","@id":"https:\/\/www.estrategiaconcursos.com.br\/blog\/edital-concurso-ipaam\/#primaryimage","url":"https:\/\/dhg1h5j42swfq.cloudfront.net\/2021\/10\/27105627\/ipaam_720.jpg","contentUrl":"https:\/\/dhg1h5j42swfq.cloudfront.net\/2021\/10\/27105627\/ipaam_720.jpg","width":720,"height":405,"caption":"Concurso do IPAAM"},{"@type":"BreadcrumbList","@id":"https:\/\/www.estrategiaconcursos.com.br\/blog\/edital-concurso-ipaam\/#breadcrumb","itemListElement":[{"@type":"ListItem","position":1,"name":"In\u00edcio","item":"https:\/\/www.estrategiaconcursos.com.br\/blog\/"},{"@type":"ListItem","position":2,"name":"Edital Concurso IPAAM: sal\u00e1rios iniciais at\u00e9 R$ 11,6 mil!"}]},{"@type":"WebSite","@id":"https:\/\/www.estrategiaconcursos.com.br\/blog\/#website","url":"https:\/\/www.estrategiaconcursos.com.br\/blog\/","name":"Estrat\u00e9gia Concursos","description":"O blog da Estrat\u00e9gia Concursos traz not\u00edcias sobre concursos e artigos de professores oferecendo cursos para concursos (pdf + videaulas) no site.","publisher":{"@id":"https:\/\/www.estrategiaconcursos.com.br\/blog\/#organization"},"potentialAction":[{"@type":"SearchAction","target":{"@type":"EntryPoint","urlTemplate":"https:\/\/www.estrategiaconcursos.com.br\/blog\/?s={search_term_string}"},"query-input":{"@type":"PropertyValueSpecification","valueRequired":true,"valueName":"search_term_string"}}],"inLanguage":"pt-BR"},{"@type":"Organization","@id":"https:\/\/www.estrategiaconcursos.com.br\/blog\/#organization","name":"Estrat\u00e9gia Concursos","url":"https:\/\/www.estrategiaconcursos.com.br\/blog\/","logo":{"@type":"ImageObject","inLanguage":"pt-BR","@id":"https:\/\/www.estrategiaconcursos.com.br\/blog\/#\/schema\/logo\/image\/","url":"https:\/\/dhg1h5j42swfq.cloudfront.net\/2025\/06\/03203428\/logo_concursos-1.jpg","contentUrl":"https:\/\/dhg1h5j42swfq.cloudfront.net\/2025\/06\/03203428\/logo_concursos-1.jpg","width":230,"height":60,"caption":"Estrat\u00e9gia Concursos"},"image":{"@id":"https:\/\/www.estrategiaconcursos.com.br\/blog\/#\/schema\/logo\/image\/"},"sameAs":["https:\/\/x.com\/EstratConcursos"]},{"@type":"Person","@id":"https:\/\/www.estrategiaconcursos.com.br\/blog\/#\/schema\/person\/b27f725b445a1519b2f20bf79001496d","name":"F\u00e1bio Scaldelai","image":{"@type":"ImageObject","inLanguage":"pt-BR","@id":"https:\/\/secure.gravatar.com\/avatar\/d87536a395daa9c44d428de53feb744c60ed200e5635eefecfcfa4cdd3fbd7dc?s=96&d=mm&r=g","url":"https:\/\/secure.gravatar.com\/avatar\/d87536a395daa9c44d428de53feb744c60ed200e5635eefecfcfa4cdd3fbd7dc?s=96&d=mm&r=g","contentUrl":"https:\/\/secure.gravatar.com\/avatar\/d87536a395daa9c44d428de53feb744c60ed200e5635eefecfcfa4cdd3fbd7dc?s=96&d=mm&r=g","caption":"F\u00e1bio Scaldelai"},"url":"https:\/\/www.estrategiaconcursos.com.br\/blog\/author\/fabio-scaldelai\/"}]}},"_links":{"self":[{"href":"https:\/\/www.estrategiaconcursos.com.br\/blog\/wp-json\/wp\/v2\/posts\/1690007","targetHints":{"allow":["GET"]}}],"collection":[{"href":"https:\/\/www.estrategiaconcursos.com.br\/blog\/wp-json\/wp\/v2\/posts"}],"about":[{"href":"https:\/\/www.estrategiaconcursos.com.br\/blog\/wp-json\/wp\/v2\/types\/post"}],"author":[{"embeddable":true,"href":"https:\/\/www.estrategiaconcursos.com.br\/blog\/wp-json\/wp\/v2\/users\/643"}],"replies":[{"embeddable":true,"href":"https:\/\/www.estrategiaconcursos.com.br\/blog\/wp-json\/wp\/v2\/comments?post=1690007"}],"version-history":[{"count":11,"href":"https:\/\/www.estrategiaconcursos.com.br\/blog\/wp-json\/wp\/v2\/posts\/1690007\/revisions"}],"predecessor-version":[{"id":1708173,"href":"https:\/\/www.estrategiaconcursos.com.br\/blog\/wp-json\/wp\/v2\/posts\/1690007\/revisions\/1708173"}],"wp:featuredmedia":[{"embeddable":true,"href":"https:\/\/www.estrategiaconcursos.com.br\/blog\/wp-json\/wp\/v2\/media\/894708"}],"wp:attachment":[{"href":"https:\/\/www.estrategiaconcursos.com.br\/blog\/wp-json\/wp\/v2\/media?parent=1690007"}],"wp:term":[{"taxonomy":"category","embeddable":true,"href":"https:\/\/www.estrategiaconcursos.com.br\/blog\/wp-json\/wp\/v2\/categories?post=1690007"},{"taxonomy":"post_tag","embeddable":true,"href":"https:\/\/www.estrategiaconcursos.com.br\/blog\/wp-json\/wp\/v2\/tags?post=1690007"},{"taxonomy":"tax_estado","embeddable":true,"href":"https:\/\/www.estrategiaconcursos.com.br\/blog\/wp-json\/wp\/v2\/tax_estado?post=1690007"}],"curies":[{"name":"wp","href":"https:\/\/api.w.org\/{rel}","templated":true}]}}