{"id":1689253,"date":"2026-01-24T14:57:00","date_gmt":"2026-01-24T17:57:00","guid":{"rendered":"https:\/\/www.estrategiaconcursos.com.br\/blog\/?p=1689253"},"modified":"2025-12-23T15:25:57","modified_gmt":"2025-12-23T18:25:57","slug":"estatuto-magistratura-sefaz-sp","status":"publish","type":"post","link":"https:\/\/www.estrategiaconcursos.com.br\/blog\/estatuto-magistratura-sefaz-sp\/","title":{"rendered":"Estatuto da Magistratura para a SEFAZ-SP"},"content":{"rendered":"\n<p>Ol\u00e1, pessoal! Tudo bem? Vamos falar hoje sobre o <strong>Estatuto da Magistratura<\/strong>.<\/p>\n\n\n\n<p>Trata-se de um assunto que comp\u00f5e o edital da <strong>SEFAZ-SP<\/strong> e que o candidato deve dominar para chegar preparado no dia da prova.<\/p>\n\n\n\n<p>A nossa proposta neste artigo \u00e9 trazer os <strong>principais t\u00f3picos sobre o Estatuto da Magistratura<\/strong>, a fim de que voc\u00ea tenha condi\u00e7\u00f5es de revisar o conte\u00fado e chegar afiado para a sua prova.<\/p>\n\n\n\n<p>Iniciando\u2026<\/p>\n\n\n\n<p><\/p>\n\n\n\n<p style=\"font-size:clamp(16.293px, 1.018rem + ((1vw - 3.2px) * 0.854), 25px);\"><strong>Fun\u00e7\u00f5es t\u00edpicas e at\u00edpicas do Poder Judici\u00e1rio<\/strong><\/p>\n\n\n\n<p>O Poder Judici\u00e1rio \u00e9 a estrutura do Estado respons\u00e1vel por <strong>dizer o direito<\/strong>, isto \u00e9, <strong>interpretar as leis e resolver os conflitos<\/strong> na sociedade <strong>em car\u00e1ter definitivo.<\/strong><\/p>\n\n\n\n<p>A doutrina de Luiz Fl\u00e1vio Gomes, por seu turno, considera haver cinco fun\u00e7\u00f5es exercidas pelo poder judici\u00e1rio, quais sejam:<\/p>\n\n\n\n<ul class=\"wp-block-list\">\n<li>aplicar contenciosamente a lei aos casos concretos;&nbsp;<\/li>\n<\/ul>\n\n\n\n<ul class=\"wp-block-list\">\n<li>controlar os demais Poderes;&nbsp;<\/li>\n<\/ul>\n\n\n\n<ul class=\"wp-block-list\">\n<li>autoadministrar-se;&nbsp;<\/li>\n<\/ul>\n\n\n\n<ul class=\"wp-block-list\">\n<li>concretizar os direitos fundamentais; e&nbsp;<\/li>\n<\/ul>\n\n\n\n<ul class=\"wp-block-list\">\n<li>garantir o Estado Constitucional Democr\u00e1tico de Direito.<\/li>\n<\/ul>\n\n\n\n<p><\/p>\n\n\n\n<p>Portanto, em linhas gerais, temos que a atividade de <strong>julgar<\/strong> corresponde \u00e0 <strong>fun\u00e7\u00e3o t\u00edpica<\/strong> do Poder Judici\u00e1rio. Por outro lado, o Judici\u00e1rio exerce outras fun\u00e7\u00f5es atipicamente, tais como a de <strong>administrar e de legislar<\/strong>:<\/p>\n\n\n\n<ol class=\"wp-block-list\">\n<li><\/li>\n<\/ol>\n\n\n\n<ul class=\"wp-block-list\">\n<li><strong>Administrar<\/strong>: realiza licita\u00e7\u00f5es para a aquisi\u00e7\u00e3o de bens, servi\u00e7os e obras, bem como contrata pessoal mediante concurso p\u00fablico.<\/li>\n<\/ul>\n\n\n\n<ul class=\"wp-block-list\">\n<li><strong>Legislar<\/strong>: elabora seus regimentos internos.<\/li>\n<\/ul>\n\n\n\n<p><\/p>\n\n\n\n<h2 class=\"wp-block-heading\" id=\"h-estatuto-da-magistratura\" style=\"font-size:clamp(16.293px, 1.018rem + ((1vw - 3.2px) * 0.854), 25px);\"><strong>Estatuto da Magistratura<\/strong><\/h2>\n\n\n\n<p>O estatuto da magistratura corresponde ao<strong> conjunto de normas que disciplinam a carreira <\/strong>dos membros do Poder Judici\u00e1rio.<\/p>\n\n\n\n<p>Nele se encontram assuntos como <strong>ingresso na carreira, promo\u00e7\u00e3o, subs\u00eddio, impedimentos e prerrogativas<\/strong> dos magistrados.&nbsp;<\/p>\n\n\n\n<p>A Constitui\u00e7\u00e3o Federal deixou \u00e0 cargo da <strong>lei complementar<\/strong> dispor a respeito do Estatuto da Magistratura. Todavia, a lei que cumpre esse papel \u00e9 a <strong><a href=\"https:\/\/www.planalto.gov.br\/ccivil_03\/leis\/lcp\/lcp35.htm\" target=\"_blank\" rel=\"noreferrer noopener\">Lei Complementar n\u00ba 35\/1979 (Lei Org\u00e2nica da Magistratura Nacional &#8211; LOMAN)<\/a><\/strong>.<\/p>\n\n\n\n<p><\/p>\n\n\n\n<p style=\"font-size:clamp(16.293px, 1.018rem + ((1vw - 3.2px) * 0.854), 25px);\"><strong>Princ\u00edpios Constitucionais da Magistratura<\/strong><\/p>\n\n\n\n<p>O estatuto da magistratura comporta alguns princ\u00edpios constitucionais, a saber:<\/p>\n\n\n\n<ul class=\"wp-block-list\">\n<li><strong>Ingresso na carreira<\/strong>: O ingresso na carreira de magistrado ocorre mediante<strong> concurso p\u00fablico de provas e t\u00edtulos<\/strong>, para o cargo inicial de juiz substituto. O concurso ocorre com a <strong>participa\u00e7\u00e3o da OAB <\/strong>e requer do bacharel em direito <strong>tr\u00eas anos<\/strong> de atividade jur\u00eddica, no m\u00ednimo.<\/li>\n<\/ul>\n\n\n\n<p style=\"font-size:0px\"><\/p>\n\n\n\n<ul class=\"wp-block-list\">\n<li style=\"font-size:0px\"><\/li>\n\n\n\n<li><strong>Promo\u00e7\u00e3o<\/strong>:&nbsp; Ocorre de entr\u00e2ncia para entr\u00e2ncia, alternadamente, por antig\u00fcidade e merecimento, observadas as seguintes regras:<\/li>\n<\/ul>\n\n\n\n<p>i) promo\u00e7\u00e3o obrigat\u00f3ria do juiz que figure por <strong>tr\u00eas vezes consecutivas<\/strong> ou <strong>cinco alternadas<\/strong> em lista de merecimento;<\/p>\n\n\n\n<p>ii) a promo\u00e7\u00e3o por merecimento pressup\u00f5e <strong>dois anos de exerc\u00edcio<\/strong> na respectiva entr\u00e2ncia e integrar o juiz a <strong>primeira quinta parte da lista de antig\u00fcidade <\/strong>desta, salvo se n\u00e3o houver com tais requisitos quem aceite o lugar vago;<\/p>\n\n\n\n<p>iii) aferi\u00e7\u00e3o do merecimento conforme o <strong>desempenho <\/strong>e pelos crit\u00e9rios objetivos de <strong>produtividade e presteza <\/strong>no exerc\u00edcio da jurisdi\u00e7\u00e3o e pela freq\u00fc\u00eancia e aproveitamento em <strong>cursos oficiais<\/strong> ou reconhecidos de <strong>aperfei\u00e7oamento<\/strong>;&nbsp;<\/p>\n\n\n\n<p>iv) na apura\u00e7\u00e3o de antiguidade, o tribunal somente poder\u00e1 recusar o juiz mais antigo pelo voto fundamentado de <strong>dois ter\u00e7os <\/strong>de seus membros, conforme procedimento pr\u00f3prio, e assegurada ampla defesa, repetindo-se a vota\u00e7\u00e3o at\u00e9 fixar-se a indica\u00e7\u00e3o;&nbsp;<\/p>\n\n\n\n<p>v) n\u00e3o ser\u00e1 promovido o juiz que, <strong>injustificadamente<\/strong>, <strong>retiver autos em seu poder al\u00e9m do prazo legal<\/strong>, n\u00e3o podendo devolv\u00ea-los ao cart\u00f3rio <strong>sem o devido despacho ou decis\u00e3o<\/strong>;&nbsp;&nbsp;&nbsp;<\/p>\n\n\n\n<ul class=\"wp-block-list\">\n<li><strong>Acesso aos tribunais de segundo grau<\/strong>: Ocorre por antig\u00fcidade e merecimento, alternadamente, apurados na \u00faltima ou \u00fanica entr\u00e2ncia;&nbsp;&nbsp;&nbsp;<\/li>\n<\/ul>\n\n\n\n<ul class=\"wp-block-list\">\n<li><strong>Previs\u00e3o de cursos oficiais de prepara\u00e7\u00e3o, aperfei\u00e7oamento e promo\u00e7\u00e3o de magistrados: <\/strong>&nbsp;Corresponde a uma etapa obrigat\u00f3ria para o vitaliciamento de magistrados.&nbsp;<\/li>\n<\/ul>\n\n\n\n<ul class=\"wp-block-list\">\n<li><strong>Subs\u00eddio dos tribunais superiores<\/strong>: Corresponde a <strong>95% <\/strong>dos ministros do STF, sendo os subs\u00eddios dos demais magistrados fixados em lei e escalonados, em n\u00edvel federal e estadual, conforme as respectivas categorias da estrutura judici\u00e1ria nacional, <strong>n\u00e3o podendo a diferen\u00e7a entre uma e outra ser superior a dez por cento ou inferior a cinco por cento, nem exceder a noventa e cinco por cento<\/strong> do subs\u00eddio mensal dos Ministros dos Tribunais Superiores.<\/li>\n<\/ul>\n\n\n\n<ul class=\"wp-block-list\">\n<li><strong>Aposentadoria e pens\u00e3o<\/strong>: Segue a regra estabelecida para os demais servidores p\u00fablicos (art. 40, CF\/88);<\/li>\n<\/ul>\n\n\n\n<ul class=\"wp-block-list\">\n<li><strong>Resid\u00eancia na comarca<\/strong>: A CF\/88 determinou que os magistrados devem residir na comarca em que atuarem, salvo autoriza\u00e7\u00e3o do tribunal;<\/li>\n<\/ul>\n\n\n\n<ul class=\"wp-block-list\">\n<li><strong>Remo\u00e7\u00e3o, disponibilidade e aposentadoria por interesse p\u00fablico<\/strong>: Submete-se ao qu\u00f3rum de maioria absoluta dos membros do tribunal ou do CNJ, garantida a ampla defesa;<\/li>\n<\/ul>\n\n\n\n<ul class=\"wp-block-list\">\n<li><strong>Permuta de magistrados<\/strong>: Ocorre em comarca de <strong>igual entr\u00e2ncia <\/strong>e dentro do mesmo segmento de justi\u00e7a, inclusive entre os ju\u00edzes de segundo grau, vinculados a diferentes tribunais, <strong>na esfera da justi\u00e7a estadual, federal ou do trabalho<\/strong>. Devem ser observados ainda os requisitos previstos para a remo\u00e7\u00e3o a pedido;<\/li>\n<\/ul>\n\n\n\n<ul class=\"wp-block-list\">\n<li><strong>Publicidade dos julgamentos<\/strong>: A CF\/88 imp\u00f5e a publicidade de todos os julgamentos bem como a fundamenta\u00e7\u00e3o de todas as decis\u00f5es;<\/li>\n<\/ul>\n\n\n\n<ul class=\"wp-block-list\">\n<li><strong>Decis\u00f5es administrativas dos tribunais<\/strong>: Devem ser motivadas e realizadas em sess\u00e3o p\u00fablica, sendo as disciplinares tomadas pelo <strong>voto da maioria absoluta<\/strong> de seus membros;&nbsp;&nbsp;&nbsp;&nbsp;<\/li>\n<\/ul>\n\n\n\n<ul class=\"wp-block-list\">\n<li><strong>\u00d3rg\u00e3o especial<\/strong>: Poder\u00e1 ser institu\u00eddo em tribunais com mais de 25 julgadores, com <strong>n\u00e3o menos de 11 e n\u00e3o mais de 25 membros<\/strong>, sendo que <strong>metade<\/strong> das vagas por <strong>antiguidade <\/strong>e <strong>a outra metade por elei\u00e7\u00e3o<\/strong> pelo tribunal pleno;<\/li>\n<\/ul>\n\n\n\n<ul class=\"wp-block-list\">\n<li><strong>Atividade ininterrupta<\/strong>: N\u00e3o \u00e9 poss\u00edvel a concess\u00e3o de f\u00e9rias coletivas nos ju\u00edzos e tribunais de segundo grau. Al\u00e9m disso, imp\u00f5e-se o funcionamento de ju\u00edzes de plant\u00e3o permanente nos dias em que n\u00e3o houver expediente forense normal;<\/li>\n<\/ul>\n\n\n\n<ul class=\"wp-block-list\">\n<li><strong>Quantidade de ju\u00edzes em cada unidade<\/strong>: Deve observar a proporcionalidade efetiva da demanda judicial e da respectiva popula\u00e7\u00e3o;<\/li>\n<\/ul>\n\n\n\n<ul class=\"wp-block-list\">\n<li><strong>Delega\u00e7\u00e3o a servidores<\/strong>: \u00c9 poss\u00edvel a delega\u00e7\u00e3o a servidores de atos de administra\u00e7\u00e3o e de mero expediente, sem car\u00e1ter decis\u00f3rio;<\/li>\n<\/ul>\n\n\n\n<ul class=\"wp-block-list\">\n<li><strong>Distribui\u00e7\u00e3o de processos<\/strong>: Imp\u00f5e-se a distribui\u00e7\u00e3o imediata dos processos, em todos os graus de jurisdi\u00e7\u00e3o.<\/li>\n<\/ul>\n\n\n\n<p><\/p>\n\n\n\n<p style=\"font-size:clamp(16.293px, 1.018rem + ((1vw - 3.2px) * 0.854), 25px);\"><strong>Quinto Constitucional<\/strong><\/p>\n\n\n\n<p>O quinto constitucional nada mais \u00e9 do que uma das regras para a composi\u00e7\u00e3o de alguns tribunais do poder judici\u00e1rio, prevista no art. 94 da <a href=\"https:\/\/www.planalto.gov.br\/ccivil_03\/constituicao\/constituicaocompilado.htm\">Constitui\u00e7\u00e3o Federal de 1988<\/a>.<\/p>\n\n\n\n<p>Vejamos:<\/p>\n\n\n\n<p class=\"has-pale-cyan-blue-background-color has-background\"><em>Art. 94. <\/em><strong><em>Um quinto<\/em><\/strong><em> dos lugares dos Tribunais Regionais Federais, dos Tribunais dos Estados, e do Distrito Federal e Territ\u00f3rios ser\u00e1 composto de membros, do Minist\u00e9rio P\u00fablico, com mais de dez anos de carreira, e de advogados de not\u00f3rio saber jur\u00eddico e de reputa\u00e7\u00e3o ilibada, com mais de dez anos de efetiva atividade profissional, indicados em lista s\u00eaxtupla pelos \u00f3rg\u00e3os de representa\u00e7\u00e3o das respectivas classes.<\/em><\/p>\n\n\n\n<p>A regra do quinto constitucional se aplica <strong>aos TRFs, aos TRTs, aos TJs, ao TJDFT e ao TST,<\/strong> sendo que um quinto dos seus membros ser\u00e3o indicados em lista s\u00eaxtupla, devendo ser oriundos:<\/p>\n\n\n\n<ul class=\"wp-block-list\">\n<li>&nbsp;do <strong>Minist\u00e9rio P\u00fablico<\/strong>, com mais de 10 anos de carreira; e<\/li>\n<\/ul>\n\n\n\n<ul class=\"wp-block-list\">\n<li>da <strong>advocacia privada<\/strong>, com not\u00f3rio saber jur\u00eddico e reputa\u00e7\u00e3o ilibada, al\u00e9m de possuir mais de 10 anos de atividade profissional.<\/li>\n<\/ul>\n\n\n\n<p>Refor\u00e7amos que <strong>a regra do quinto constitucional n\u00e3o se aplica aos tribunais superiores<\/strong>, os quais possuem requisitos pr\u00f3prios relativos \u00e0 sua estrutura.<\/p>\n\n\n\n<p><\/p>\n\n\n\n<p style=\"font-size:clamp(16.293px, 1.018rem + ((1vw - 3.2px) * 0.854), 25px);\"><strong>Garantias do Poder Judici\u00e1rio<\/strong><\/p>\n\n\n\n<p>O Poder Judici\u00e1rio conta com dois tipos de garantias, a saber: garantias <strong>institucionais e funcionais<\/strong>.<\/p>\n\n\n\n<ul class=\"wp-block-list\">\n<li><strong>Garantias institucionais<\/strong>: S\u00e3o as prerrogativas que materializam a <strong>independ\u00eancia do poder judici\u00e1rio <\/strong>em face dos demais poderes, como a autonomia org\u00e2nico-administrativa e a autonomia administrativa, financeira e or\u00e7ament\u00e1ria.<\/li>\n<\/ul>\n\n\n\n<ul class=\"wp-block-list\">\n<li><strong>Garantias funcionais<\/strong>: S\u00e3o aquelas que garantem aos magistrados uma atua\u00e7\u00e3o imparcial e independente. Tais garantias se subdividem em <strong>garantias funcionais de liberdade<\/strong> e<strong> garantias funcionais de imparcialidade<\/strong>.<\/li>\n<\/ul>\n\n\n\n<ol class=\"wp-block-list\">\n<li><strong>As garantias funcionais de liberdade<\/strong> conferem autonomia para a atividade de julgamento, sem que sofram repres\u00e1lias em virtude do seu livre convencimento. Ex.: <strong>vitaliciedade, inamovibilidade e irredutibilidade dos subs\u00eddios<\/strong>.<\/li>\n\n\n\n<li><strong>J\u00e1 as garantias funcionais de imparcialidade <\/strong>correspondem a verdadeiras <strong>veda\u00e7\u00f5es <\/strong>aos membros da magistratura. De acordo com o art. 95, par\u00e1grafo \u00fanico, da CF\/88, aos ju\u00edzes \u00e9 vedado:<\/li>\n<\/ol>\n\n\n\n<p style=\"font-size:0px\"><\/p>\n\n\n\n<ul class=\"wp-block-list\">\n<li>exercer, ainda que em disponibilidade, outro <strong>cargo ou fun\u00e7\u00e3o, salvo uma de magist\u00e9rio<\/strong>;<\/li>\n<\/ul>\n\n\n\n<ul class=\"wp-block-list\">\n<li>receber, a qualquer t\u00edtulo ou pretexto, <strong>custas ou participa\u00e7\u00e3o<\/strong> em processo;<\/li>\n<\/ul>\n\n\n\n<ul class=\"wp-block-list\">\n<li>dedicar-se \u00e0 atividade <strong>pol\u00edtico-partid\u00e1ria<\/strong>.<\/li>\n<\/ul>\n\n\n\n<ul class=\"wp-block-list\">\n<li>receber, a qualquer t\u00edtulo ou pretexto, <strong>aux\u00edlios ou contribui\u00e7\u00f5es<\/strong> de pessoas f\u00edsicas, entidades p\u00fablicas ou privadas, ressalvadas as exce\u00e7\u00f5es previstas em lei;&nbsp;&nbsp;&nbsp;&nbsp;&nbsp;&nbsp;&nbsp;&nbsp;&nbsp;&nbsp;&nbsp;&nbsp;&nbsp;<\/li>\n\n\n\n<li><strong>exercer a advocacia <\/strong>no ju\u00edzo ou tribunal do qual se afastou, <strong>antes de decorridos tr\u00eas anos<\/strong> do afastamento do cargo por aposentadoria ou exonera\u00e7\u00e3o.&nbsp;&nbsp;<\/li>\n<\/ul>\n\n\n\n<p><\/p>\n\n\n\n<p style=\"font-size:clamp(16.293px, 1.018rem + ((1vw - 3.2px) * 0.854), 25px);\"><strong>Disposi\u00e7\u00f5es Gerais<\/strong><\/p>\n\n\n\n<p>Para finalizar, vale a pena mencionar alguns dispositivos constitucionais que costumam ser cobrados em provas.<\/p>\n\n\n\n<p>O primeiro deles trata das <strong>compet\u00eancias <\/strong>dos \u00f3rg\u00e3os do poder judici\u00e1rio.&nbsp;<\/p>\n\n\n\n<p>De acordo com a CF\/88, s\u00e3o compet\u00eancias privativas dos tribunais:<\/p>\n\n\n\n<ul class=\"wp-block-list\">\n<li>eleger seus \u00f3rg\u00e3os diretivos e elaborar seus regimentos internos;<\/li>\n<\/ul>\n\n\n\n<ul class=\"wp-block-list\">\n<li>organizar suas secretarias e servi\u00e7os auxiliares e os dos ju\u00edzos que lhes forem vinculados;<\/li>\n<\/ul>\n\n\n\n<ul class=\"wp-block-list\">\n<li>prover os cargos de juiz de carreira da respectiva jurisdi\u00e7\u00e3o;<\/li>\n<\/ul>\n\n\n\n<ul class=\"wp-block-list\">\n<li>propor a cria\u00e7\u00e3o de novas varas judici\u00e1rias;<\/li>\n<\/ul>\n\n\n\n<ul class=\"wp-block-list\">\n<li>prover os cargos necess\u00e1rios \u00e0 administra\u00e7\u00e3o da Justi\u00e7a; e<\/li>\n<\/ul>\n\n\n\n<ul class=\"wp-block-list\">\n<li>conceder licen\u00e7a, f\u00e9rias e outros afastamentos a seus membros e aos ju\u00edzes e servidores que lhes forem imediatamente vinculados;<\/li>\n<\/ul>\n\n\n\n<p>J\u00e1 em rela\u00e7\u00e3o ao <strong>STF, STJ e TJs<\/strong>, o texto constitucional conferiu a compet\u00eancia para propor ao legislativo:<\/p>\n\n\n\n<ul class=\"wp-block-list\">\n<li>a altera\u00e7\u00e3o do n\u00famero de membros dos tribunais inferiores;<\/li>\n<\/ul>\n\n\n\n<ul class=\"wp-block-list\">\n<li>a <strong>cria\u00e7\u00e3o e a extin\u00e7\u00e3o de cargos e a remunera\u00e7\u00e3o <\/strong>dos seus servi\u00e7os auxiliares e dos ju\u00edzos que lhes forem vinculados, bem como a <strong>fixa\u00e7\u00e3o do subs\u00eddio <\/strong>de seus membros e dos ju\u00edzes, inclusive dos tribunais inferiores, onde houver;&nbsp; &nbsp; &nbsp;&nbsp;&nbsp;&nbsp;<\/li>\n<\/ul>\n\n\n\n<ul class=\"wp-block-list\">\n<li>a <strong>cria\u00e7\u00e3o ou extin\u00e7\u00e3o<\/strong> dos tribunais inferiores;<\/li>\n<\/ul>\n\n\n\n<ul class=\"wp-block-list\">\n<li>a altera\u00e7\u00e3o da organiza\u00e7\u00e3o e da divis\u00e3o judici\u00e1rias;<\/li>\n<\/ul>\n\n\n\n<p>Por fim, o texto constitucional conferiu aos <strong>tribunais de justi\u00e7a<\/strong> compet\u00eancia para <strong>julgar os ju\u00edzes estaduais e do Distrito Federal e Territ\u00f3rios<\/strong>, bem como os <strong>membros do Minist\u00e9rio P\u00fablico<\/strong>, nos <strong>crimes comuns e de responsabilidade<\/strong>, ressalvada a compet\u00eancia da Justi\u00e7a Eleitoral.<\/p>\n\n\n\n<p><strong>Cl\u00e1usula de reserva de plen\u00e1rio<\/strong>: Somente pelo voto da <strong>maioria absoluta<\/strong> de seus membros ou dos membros do respectivo \u00f3rg\u00e3o especial poder\u00e3o os tribunais declarar a inconstitucionalidade de lei ou ato normativo do Poder P\u00fablico.&nbsp;<\/p>\n\n\n\n<p><\/p>\n\n\n\n<p>Ficamos por aqui\u2026<\/p>\n\n\n\n<p>Para se aprofundar nos detalhes sobre o estatuto da magistratura, estude com nossos <a href=\"https:\/\/www.estrategiaconcursos.com.br\/cursos\/concurso\/\">materiais em pdf e em v\u00eddeo aulas<\/a>, e aumente as suas chances de aprova\u00e7\u00e3o.<\/p>\n\n\n\n<p>Bons estudos e at\u00e9 a pr\u00f3xima!<\/p>\n\n\n\n<p>Nilson Assis<\/p>\n\n\n\n<p>Analista Legislativo do Senado Federal<\/p>\n\n\n\n<p>@nsassis.concursos<\/p>\n\n\n\n<ul class=\"wp-block-list\">\n<li><a href=\"https:\/\/www.estrategiaconcursos.com.br\/blog\/concursos-2025\/\">Concursos 2025<\/a><\/li>\n\n\n\n<li><a href=\"https:\/\/www.estrategiaconcursos.com.br\/blog\/concursos-federais-2023\/\">Concursos federais<\/a><\/li>\n\n\n\n<li><a href=\"https:\/\/cj.estrategia.com\/portal\/concursos-abertos-carreiras-juridicas\/\">Concursos abertos Carreiras Jur\u00eddicas<\/a><\/li>\n\n\n\n<li><a href=\"https:\/\/www.estrategiaconcursos.com.br\/blog\/concursos-abertos\/\">Concursos abertos<\/a><\/li>\n<\/ul>\n\n\n\n<p>Refer\u00eancias Bibliogr\u00e1ficas<\/p>\n\n\n\n<p>BULOS, Uadi L. <strong>Curso de direito constitucional<\/strong>. 16. ed. Rio de Janeiro: Saraiva Jur, 2023. E-book. ISBN 9786553624818. Dispon\u00edvel em: https:\/\/app.minhabiblioteca.com.br\/reader\/books\/9786553624818\/. Acesso em: 20 dez. 2025.<\/p>\n\n\n\n<p>BRASIL. [Constitui\u00e7\u00e3o (1988)]. <strong>Constitui\u00e7\u00e3o da Rep\u00fablica Federativa do Brasil de 1988<\/strong>. Dispon\u00edvel em: <a href=\"https:\/\/www.planalto.gov.br\/ccivil_03\/constituicao\/constituicaocompilado.htm\">https:\/\/www.planalto.gov.br\/ccivil_03\/constituicao\/constituicaocompilado.htm<\/a>. Acesso em: 20 dez. 2025.<\/p>\n\n\n\n<p>SALEME, Edson R. <strong>Direito constitucional<\/strong>. 5. ed. Barueri: Manole, 2022. E-book. ISBN 9786555766370. Dispon\u00edvel em: https:\/\/app.minhabiblioteca.com.br\/reader\/books\/9786555766370\/. Acesso em: 20 dez. 2025.<\/p>\n","protected":false},"excerpt":{"rendered":"<p>Ol\u00e1, pessoal! Tudo bem? Vamos falar hoje sobre o Estatuto da Magistratura. Trata-se de um assunto que comp\u00f5e o edital da SEFAZ-SP e que o candidato deve dominar para chegar preparado no dia da prova. A nossa proposta neste artigo \u00e9 trazer os principais t\u00f3picos sobre o Estatuto da Magistratura, a fim de que voc\u00ea [&hellip;]<\/p>\n","protected":false},"author":2894,"featured_media":506317,"comment_status":"open","ping_status":"closed","sticky":false,"template":"","format":"standard","meta":{"post_tipo":"article","footnotes":""},"categories":[1],"tags":[],"tax_estado":[],"class_list":["post-1689253","post","type-post","status-publish","format-standard","has-post-thumbnail","hentry","category-cursos-e-concursos"],"acf":[],"yoast_head":"<!-- This site is optimized with the Yoast SEO Premium plugin v27.2 (Yoast SEO v27.2) - https:\/\/yoast.com\/product\/yoast-seo-premium-wordpress\/ -->\n<title>Estatuto da Magistratura para a SEFAZ-SP<\/title>\n<meta name=\"description\" content=\"A nossa proposta neste artigo \u00e9 trazer os principais t\u00f3picos sobre o Estatuto da Magistratura, para voc\u00ea chegar afiado para a sua prova.\" \/>\n<meta name=\"robots\" content=\"index, follow, max-snippet:-1, max-image-preview:large, max-video-preview:-1\" \/>\n<link rel=\"canonical\" href=\"https:\/\/www.estrategiaconcursos.com.br\/blog\/estatuto-magistratura-sefaz-sp\/\" \/>\n<meta property=\"og:locale\" content=\"pt_BR\" \/>\n<meta property=\"og:type\" content=\"article\" \/>\n<meta property=\"og:title\" content=\"Estatuto da Magistratura para a SEFAZ-SP\" \/>\n<meta property=\"og:description\" content=\"A nossa proposta neste artigo \u00e9 trazer os principais t\u00f3picos sobre o Estatuto da Magistratura, para voc\u00ea chegar afiado para a sua prova.\" \/>\n<meta property=\"og:url\" content=\"https:\/\/www.estrategiaconcursos.com.br\/blog\/estatuto-magistratura-sefaz-sp\/\" \/>\n<meta property=\"og:site_name\" content=\"Estrat\u00e9gia Concursos\" \/>\n<meta property=\"article:published_time\" content=\"2026-01-24T17:57:00+00:00\" \/>\n<meta property=\"og:image\" content=\"https:\/\/dhg1h5j42swfq.cloudfront.net\/2020\/04\/22185542\/245782-concursos-publicos-para-magistratura-entenda-como-e-essa-carreira.jpg\" \/>\n\t<meta property=\"og:image:width\" content=\"1000\" \/>\n\t<meta property=\"og:image:height\" content=\"667\" \/>\n\t<meta property=\"og:image:type\" content=\"image\/jpeg\" \/>\n<meta name=\"author\" content=\"Nilson Silva de Assis\" \/>\n<meta name=\"twitter:card\" content=\"summary_large_image\" \/>\n<meta name=\"twitter:creator\" content=\"@EstratConcursos\" \/>\n<meta name=\"twitter:site\" content=\"@EstratConcursos\" \/>\n<meta name=\"twitter:label1\" content=\"Escrito por\" \/>\n\t<meta name=\"twitter:data1\" content=\"Nilson Silva de Assis\" \/>\n\t<meta name=\"twitter:label2\" content=\"Est. tempo de leitura\" \/>\n\t<meta name=\"twitter:data2\" content=\"10 minutos\" \/>\n<script type=\"application\/ld+json\" class=\"yoast-schema-graph\">{\"@context\":\"https:\/\/schema.org\",\"@graph\":[{\"@type\":\"NewsArticle\",\"@id\":\"https:\/\/www.estrategiaconcursos.com.br\/blog\/estatuto-magistratura-sefaz-sp\/#article\",\"isPartOf\":{\"@id\":\"https:\/\/www.estrategiaconcursos.com.br\/blog\/estatuto-magistratura-sefaz-sp\/\"},\"author\":{\"name\":\"Nilson Silva de Assis\",\"@id\":\"https:\/\/www.estrategiaconcursos.com.br\/blog\/#\/schema\/person\/2602628e49ec93d5f782b149f91603ab\"},\"headline\":\"Estatuto da Magistratura para a SEFAZ-SP\",\"datePublished\":\"2026-01-24T17:57:00+00:00\",\"mainEntityOfPage\":{\"@id\":\"https:\/\/www.estrategiaconcursos.com.br\/blog\/estatuto-magistratura-sefaz-sp\/\"},\"wordCount\":1934,\"commentCount\":0,\"publisher\":{\"@id\":\"https:\/\/www.estrategiaconcursos.com.br\/blog\/#organization\"},\"image\":{\"@id\":\"https:\/\/www.estrategiaconcursos.com.br\/blog\/estatuto-magistratura-sefaz-sp\/#primaryimage\"},\"thumbnailUrl\":\"https:\/\/dhg1h5j42swfq.cloudfront.net\/2020\/04\/22185542\/245782-concursos-publicos-para-magistratura-entenda-como-e-essa-carreira.jpg\",\"articleSection\":[\"Concursos P\u00fablicos\"],\"inLanguage\":\"pt-BR\",\"potentialAction\":[{\"@type\":\"CommentAction\",\"name\":\"Comment\",\"target\":[\"https:\/\/www.estrategiaconcursos.com.br\/blog\/estatuto-magistratura-sefaz-sp\/#respond\"]}],\"copyrightYear\":\"2026\",\"copyrightHolder\":{\"@id\":\"https:\/\/www.estrategiaconcursos.com.br\/blog\/#organization\"}},{\"@type\":\"WebPage\",\"@id\":\"https:\/\/www.estrategiaconcursos.com.br\/blog\/estatuto-magistratura-sefaz-sp\/\",\"url\":\"https:\/\/www.estrategiaconcursos.com.br\/blog\/estatuto-magistratura-sefaz-sp\/\",\"name\":\"Estatuto da Magistratura para a SEFAZ-SP\",\"isPartOf\":{\"@id\":\"https:\/\/www.estrategiaconcursos.com.br\/blog\/#website\"},\"primaryImageOfPage\":{\"@id\":\"https:\/\/www.estrategiaconcursos.com.br\/blog\/estatuto-magistratura-sefaz-sp\/#primaryimage\"},\"image\":{\"@id\":\"https:\/\/www.estrategiaconcursos.com.br\/blog\/estatuto-magistratura-sefaz-sp\/#primaryimage\"},\"thumbnailUrl\":\"https:\/\/dhg1h5j42swfq.cloudfront.net\/2020\/04\/22185542\/245782-concursos-publicos-para-magistratura-entenda-como-e-essa-carreira.jpg\",\"datePublished\":\"2026-01-24T17:57:00+00:00\",\"description\":\"A nossa proposta neste artigo \u00e9 trazer os principais t\u00f3picos sobre o Estatuto da Magistratura, para voc\u00ea chegar afiado para a sua prova.\",\"breadcrumb\":{\"@id\":\"https:\/\/www.estrategiaconcursos.com.br\/blog\/estatuto-magistratura-sefaz-sp\/#breadcrumb\"},\"inLanguage\":\"pt-BR\",\"potentialAction\":[{\"@type\":\"ReadAction\",\"target\":[\"https:\/\/www.estrategiaconcursos.com.br\/blog\/estatuto-magistratura-sefaz-sp\/\"]}]},{\"@type\":\"ImageObject\",\"inLanguage\":\"pt-BR\",\"@id\":\"https:\/\/www.estrategiaconcursos.com.br\/blog\/estatuto-magistratura-sefaz-sp\/#primaryimage\",\"url\":\"https:\/\/dhg1h5j42swfq.cloudfront.net\/2020\/04\/22185542\/245782-concursos-publicos-para-magistratura-entenda-como-e-essa-carreira.jpg\",\"contentUrl\":\"https:\/\/dhg1h5j42swfq.cloudfront.net\/2020\/04\/22185542\/245782-concursos-publicos-para-magistratura-entenda-como-e-essa-carreira.jpg\",\"width\":1000,\"height\":667,\"caption\":\"estatuto da magistratura\"},{\"@type\":\"BreadcrumbList\",\"@id\":\"https:\/\/www.estrategiaconcursos.com.br\/blog\/estatuto-magistratura-sefaz-sp\/#breadcrumb\",\"itemListElement\":[{\"@type\":\"ListItem\",\"position\":1,\"name\":\"In\u00edcio\",\"item\":\"https:\/\/www.estrategiaconcursos.com.br\/blog\/\"},{\"@type\":\"ListItem\",\"position\":2,\"name\":\"Estatuto da Magistratura para a SEFAZ-SP\"}]},{\"@type\":\"WebSite\",\"@id\":\"https:\/\/www.estrategiaconcursos.com.br\/blog\/#website\",\"url\":\"https:\/\/www.estrategiaconcursos.com.br\/blog\/\",\"name\":\"Estrat\u00e9gia Concursos\",\"description\":\"O blog da Estrat\u00e9gia Concursos traz not\u00edcias sobre concursos e artigos de professores oferecendo cursos para concursos (pdf + videaulas) no site.\",\"publisher\":{\"@id\":\"https:\/\/www.estrategiaconcursos.com.br\/blog\/#organization\"},\"potentialAction\":[{\"@type\":\"SearchAction\",\"target\":{\"@type\":\"EntryPoint\",\"urlTemplate\":\"https:\/\/www.estrategiaconcursos.com.br\/blog\/?s={search_term_string}\"},\"query-input\":{\"@type\":\"PropertyValueSpecification\",\"valueRequired\":true,\"valueName\":\"search_term_string\"}}],\"inLanguage\":\"pt-BR\"},{\"@type\":\"Organization\",\"@id\":\"https:\/\/www.estrategiaconcursos.com.br\/blog\/#organization\",\"name\":\"Estrat\u00e9gia Concursos\",\"url\":\"https:\/\/www.estrategiaconcursos.com.br\/blog\/\",\"logo\":{\"@type\":\"ImageObject\",\"inLanguage\":\"pt-BR\",\"@id\":\"https:\/\/www.estrategiaconcursos.com.br\/blog\/#\/schema\/logo\/image\/\",\"url\":\"https:\/\/dhg1h5j42swfq.cloudfront.net\/2025\/06\/03203428\/logo_concursos-1.jpg\",\"contentUrl\":\"https:\/\/dhg1h5j42swfq.cloudfront.net\/2025\/06\/03203428\/logo_concursos-1.jpg\",\"width\":230,\"height\":60,\"caption\":\"Estrat\u00e9gia Concursos\"},\"image\":{\"@id\":\"https:\/\/www.estrategiaconcursos.com.br\/blog\/#\/schema\/logo\/image\/\"},\"sameAs\":[\"https:\/\/x.com\/EstratConcursos\"]},{\"@type\":\"Person\",\"@id\":\"https:\/\/www.estrategiaconcursos.com.br\/blog\/#\/schema\/person\/2602628e49ec93d5f782b149f91603ab\",\"name\":\"Nilson Silva de Assis\",\"image\":{\"@type\":\"ImageObject\",\"inLanguage\":\"pt-BR\",\"@id\":\"https:\/\/secure.gravatar.com\/avatar\/cdec26ae7042f64d4ddcb70bcf78a4fcbc02661bfa30a7ce3d8bf515b625a75a?s=96&d=mm&r=g\",\"url\":\"https:\/\/secure.gravatar.com\/avatar\/cdec26ae7042f64d4ddcb70bcf78a4fcbc02661bfa30a7ce3d8bf515b625a75a?s=96&d=mm&r=g\",\"contentUrl\":\"https:\/\/secure.gravatar.com\/avatar\/cdec26ae7042f64d4ddcb70bcf78a4fcbc02661bfa30a7ce3d8bf515b625a75a?s=96&d=mm&r=g\",\"caption\":\"Nilson Silva de Assis\"},\"description\":\"Atualmente \u00e9 Analista Legislativo do Senado Federal e Professor do Estrat\u00e9gia Concursos. Suas principais aprova\u00e7\u00f5es: Analista Legislativo do Senado Federal; Auditor Federal de Finan\u00e7as e Controle da CGU; Auditor-Fiscal da Receita Estadual da SEFAZ ES; T\u00e9cnico Fazend\u00e1rio do ISS Manaus; Assistente Executivo em Metrologia e Qualidade do Inmetro; Agente Fazend\u00e1rio do ISS Niter\u00f3i\/RJ; Assistente Administrativo da Prefeitura do Rio (RioSa\u00fade); Assistente Administrativo da Secretaria de Administra\u00e7\u00e3o do Munic\u00edpio do RJ.\",\"sameAs\":[\"https:\/\/www.instagram.com\/nilsonassis.concursos\/\",\"kedin.com\/in\/nilson-assis-954132295\/\"],\"url\":\"https:\/\/www.estrategiaconcursos.com.br\/blog\/author\/nilson-sdeassisgmail-com\/\"}]}<\/script>\n<!-- \/ Yoast SEO Premium plugin. -->","yoast_head_json":{"title":"Estatuto da Magistratura para a SEFAZ-SP","description":"A nossa proposta neste artigo \u00e9 trazer os principais t\u00f3picos sobre o Estatuto da Magistratura, para voc\u00ea chegar afiado para a sua prova.","robots":{"index":"index","follow":"follow","max-snippet":"max-snippet:-1","max-image-preview":"max-image-preview:large","max-video-preview":"max-video-preview:-1"},"canonical":"https:\/\/www.estrategiaconcursos.com.br\/blog\/estatuto-magistratura-sefaz-sp\/","og_locale":"pt_BR","og_type":"article","og_title":"Estatuto da Magistratura para a SEFAZ-SP","og_description":"A nossa proposta neste artigo \u00e9 trazer os principais t\u00f3picos sobre o Estatuto da Magistratura, para voc\u00ea chegar afiado para a sua prova.","og_url":"https:\/\/www.estrategiaconcursos.com.br\/blog\/estatuto-magistratura-sefaz-sp\/","og_site_name":"Estrat\u00e9gia Concursos","article_published_time":"2026-01-24T17:57:00+00:00","og_image":[{"width":1000,"height":667,"url":"https:\/\/dhg1h5j42swfq.cloudfront.net\/2020\/04\/22185542\/245782-concursos-publicos-para-magistratura-entenda-como-e-essa-carreira.jpg","type":"image\/jpeg"}],"author":"Nilson Silva de Assis","twitter_card":"summary_large_image","twitter_creator":"@EstratConcursos","twitter_site":"@EstratConcursos","twitter_misc":{"Escrito por":"Nilson Silva de Assis","Est. tempo de leitura":"10 minutos"},"schema":{"@context":"https:\/\/schema.org","@graph":[{"@type":"NewsArticle","@id":"https:\/\/www.estrategiaconcursos.com.br\/blog\/estatuto-magistratura-sefaz-sp\/#article","isPartOf":{"@id":"https:\/\/www.estrategiaconcursos.com.br\/blog\/estatuto-magistratura-sefaz-sp\/"},"author":{"name":"Nilson Silva de Assis","@id":"https:\/\/www.estrategiaconcursos.com.br\/blog\/#\/schema\/person\/2602628e49ec93d5f782b149f91603ab"},"headline":"Estatuto da Magistratura para a SEFAZ-SP","datePublished":"2026-01-24T17:57:00+00:00","mainEntityOfPage":{"@id":"https:\/\/www.estrategiaconcursos.com.br\/blog\/estatuto-magistratura-sefaz-sp\/"},"wordCount":1934,"commentCount":0,"publisher":{"@id":"https:\/\/www.estrategiaconcursos.com.br\/blog\/#organization"},"image":{"@id":"https:\/\/www.estrategiaconcursos.com.br\/blog\/estatuto-magistratura-sefaz-sp\/#primaryimage"},"thumbnailUrl":"https:\/\/dhg1h5j42swfq.cloudfront.net\/2020\/04\/22185542\/245782-concursos-publicos-para-magistratura-entenda-como-e-essa-carreira.jpg","articleSection":["Concursos P\u00fablicos"],"inLanguage":"pt-BR","potentialAction":[{"@type":"CommentAction","name":"Comment","target":["https:\/\/www.estrategiaconcursos.com.br\/blog\/estatuto-magistratura-sefaz-sp\/#respond"]}],"copyrightYear":"2026","copyrightHolder":{"@id":"https:\/\/www.estrategiaconcursos.com.br\/blog\/#organization"}},{"@type":"WebPage","@id":"https:\/\/www.estrategiaconcursos.com.br\/blog\/estatuto-magistratura-sefaz-sp\/","url":"https:\/\/www.estrategiaconcursos.com.br\/blog\/estatuto-magistratura-sefaz-sp\/","name":"Estatuto da Magistratura para a SEFAZ-SP","isPartOf":{"@id":"https:\/\/www.estrategiaconcursos.com.br\/blog\/#website"},"primaryImageOfPage":{"@id":"https:\/\/www.estrategiaconcursos.com.br\/blog\/estatuto-magistratura-sefaz-sp\/#primaryimage"},"image":{"@id":"https:\/\/www.estrategiaconcursos.com.br\/blog\/estatuto-magistratura-sefaz-sp\/#primaryimage"},"thumbnailUrl":"https:\/\/dhg1h5j42swfq.cloudfront.net\/2020\/04\/22185542\/245782-concursos-publicos-para-magistratura-entenda-como-e-essa-carreira.jpg","datePublished":"2026-01-24T17:57:00+00:00","description":"A nossa proposta neste artigo \u00e9 trazer os principais t\u00f3picos sobre o Estatuto da Magistratura, para voc\u00ea chegar afiado para a sua prova.","breadcrumb":{"@id":"https:\/\/www.estrategiaconcursos.com.br\/blog\/estatuto-magistratura-sefaz-sp\/#breadcrumb"},"inLanguage":"pt-BR","potentialAction":[{"@type":"ReadAction","target":["https:\/\/www.estrategiaconcursos.com.br\/blog\/estatuto-magistratura-sefaz-sp\/"]}]},{"@type":"ImageObject","inLanguage":"pt-BR","@id":"https:\/\/www.estrategiaconcursos.com.br\/blog\/estatuto-magistratura-sefaz-sp\/#primaryimage","url":"https:\/\/dhg1h5j42swfq.cloudfront.net\/2020\/04\/22185542\/245782-concursos-publicos-para-magistratura-entenda-como-e-essa-carreira.jpg","contentUrl":"https:\/\/dhg1h5j42swfq.cloudfront.net\/2020\/04\/22185542\/245782-concursos-publicos-para-magistratura-entenda-como-e-essa-carreira.jpg","width":1000,"height":667,"caption":"estatuto da magistratura"},{"@type":"BreadcrumbList","@id":"https:\/\/www.estrategiaconcursos.com.br\/blog\/estatuto-magistratura-sefaz-sp\/#breadcrumb","itemListElement":[{"@type":"ListItem","position":1,"name":"In\u00edcio","item":"https:\/\/www.estrategiaconcursos.com.br\/blog\/"},{"@type":"ListItem","position":2,"name":"Estatuto da Magistratura para a SEFAZ-SP"}]},{"@type":"WebSite","@id":"https:\/\/www.estrategiaconcursos.com.br\/blog\/#website","url":"https:\/\/www.estrategiaconcursos.com.br\/blog\/","name":"Estrat\u00e9gia Concursos","description":"O blog da Estrat\u00e9gia Concursos traz not\u00edcias sobre concursos e artigos de professores oferecendo cursos para concursos (pdf + videaulas) no site.","publisher":{"@id":"https:\/\/www.estrategiaconcursos.com.br\/blog\/#organization"},"potentialAction":[{"@type":"SearchAction","target":{"@type":"EntryPoint","urlTemplate":"https:\/\/www.estrategiaconcursos.com.br\/blog\/?s={search_term_string}"},"query-input":{"@type":"PropertyValueSpecification","valueRequired":true,"valueName":"search_term_string"}}],"inLanguage":"pt-BR"},{"@type":"Organization","@id":"https:\/\/www.estrategiaconcursos.com.br\/blog\/#organization","name":"Estrat\u00e9gia Concursos","url":"https:\/\/www.estrategiaconcursos.com.br\/blog\/","logo":{"@type":"ImageObject","inLanguage":"pt-BR","@id":"https:\/\/www.estrategiaconcursos.com.br\/blog\/#\/schema\/logo\/image\/","url":"https:\/\/dhg1h5j42swfq.cloudfront.net\/2025\/06\/03203428\/logo_concursos-1.jpg","contentUrl":"https:\/\/dhg1h5j42swfq.cloudfront.net\/2025\/06\/03203428\/logo_concursos-1.jpg","width":230,"height":60,"caption":"Estrat\u00e9gia Concursos"},"image":{"@id":"https:\/\/www.estrategiaconcursos.com.br\/blog\/#\/schema\/logo\/image\/"},"sameAs":["https:\/\/x.com\/EstratConcursos"]},{"@type":"Person","@id":"https:\/\/www.estrategiaconcursos.com.br\/blog\/#\/schema\/person\/2602628e49ec93d5f782b149f91603ab","name":"Nilson Silva de Assis","image":{"@type":"ImageObject","inLanguage":"pt-BR","@id":"https:\/\/secure.gravatar.com\/avatar\/cdec26ae7042f64d4ddcb70bcf78a4fcbc02661bfa30a7ce3d8bf515b625a75a?s=96&d=mm&r=g","url":"https:\/\/secure.gravatar.com\/avatar\/cdec26ae7042f64d4ddcb70bcf78a4fcbc02661bfa30a7ce3d8bf515b625a75a?s=96&d=mm&r=g","contentUrl":"https:\/\/secure.gravatar.com\/avatar\/cdec26ae7042f64d4ddcb70bcf78a4fcbc02661bfa30a7ce3d8bf515b625a75a?s=96&d=mm&r=g","caption":"Nilson Silva de Assis"},"description":"Atualmente \u00e9 Analista Legislativo do Senado Federal e Professor do Estrat\u00e9gia Concursos. Suas principais aprova\u00e7\u00f5es: Analista Legislativo do Senado Federal; Auditor Federal de Finan\u00e7as e Controle da CGU; Auditor-Fiscal da Receita Estadual da SEFAZ ES; T\u00e9cnico Fazend\u00e1rio do ISS Manaus; Assistente Executivo em Metrologia e Qualidade do Inmetro; Agente Fazend\u00e1rio do ISS Niter\u00f3i\/RJ; Assistente Administrativo da Prefeitura do Rio (RioSa\u00fade); Assistente Administrativo da Secretaria de Administra\u00e7\u00e3o do Munic\u00edpio do RJ.","sameAs":["https:\/\/www.instagram.com\/nilsonassis.concursos\/","kedin.com\/in\/nilson-assis-954132295\/"],"url":"https:\/\/www.estrategiaconcursos.com.br\/blog\/author\/nilson-sdeassisgmail-com\/"}]}},"_links":{"self":[{"href":"https:\/\/www.estrategiaconcursos.com.br\/blog\/wp-json\/wp\/v2\/posts\/1689253","targetHints":{"allow":["GET"]}}],"collection":[{"href":"https:\/\/www.estrategiaconcursos.com.br\/blog\/wp-json\/wp\/v2\/posts"}],"about":[{"href":"https:\/\/www.estrategiaconcursos.com.br\/blog\/wp-json\/wp\/v2\/types\/post"}],"author":[{"embeddable":true,"href":"https:\/\/www.estrategiaconcursos.com.br\/blog\/wp-json\/wp\/v2\/users\/2894"}],"replies":[{"embeddable":true,"href":"https:\/\/www.estrategiaconcursos.com.br\/blog\/wp-json\/wp\/v2\/comments?post=1689253"}],"version-history":[{"count":3,"href":"https:\/\/www.estrategiaconcursos.com.br\/blog\/wp-json\/wp\/v2\/posts\/1689253\/revisions"}],"predecessor-version":[{"id":1690074,"href":"https:\/\/www.estrategiaconcursos.com.br\/blog\/wp-json\/wp\/v2\/posts\/1689253\/revisions\/1690074"}],"wp:featuredmedia":[{"embeddable":true,"href":"https:\/\/www.estrategiaconcursos.com.br\/blog\/wp-json\/wp\/v2\/media\/506317"}],"wp:attachment":[{"href":"https:\/\/www.estrategiaconcursos.com.br\/blog\/wp-json\/wp\/v2\/media?parent=1689253"}],"wp:term":[{"taxonomy":"category","embeddable":true,"href":"https:\/\/www.estrategiaconcursos.com.br\/blog\/wp-json\/wp\/v2\/categories?post=1689253"},{"taxonomy":"post_tag","embeddable":true,"href":"https:\/\/www.estrategiaconcursos.com.br\/blog\/wp-json\/wp\/v2\/tags?post=1689253"},{"taxonomy":"tax_estado","embeddable":true,"href":"https:\/\/www.estrategiaconcursos.com.br\/blog\/wp-json\/wp\/v2\/tax_estado?post=1689253"}],"curies":[{"name":"wp","href":"https:\/\/api.w.org\/{rel}","templated":true}]}}