{"id":1688433,"date":"2026-01-19T11:39:00","date_gmt":"2026-01-19T14:39:00","guid":{"rendered":"https:\/\/www.estrategiaconcursos.com.br\/blog\/?p=1688433"},"modified":"2025-12-29T16:17:01","modified_gmt":"2025-12-29T19:17:01","slug":"vedacao-ao-nepotismo-sefaz-sp","status":"publish","type":"post","link":"https:\/\/www.estrategiaconcursos.com.br\/blog\/vedacao-ao-nepotismo-sefaz-sp\/","title":{"rendered":"Veda\u00e7\u00e3o ao Nepotismo para SEFAZ\/SP"},"content":{"rendered":"\n<figure class=\"wp-block-gallery has-nested-images columns-default is-cropped wp-block-gallery-1 is-layout-flex wp-block-gallery-is-layout-flex\">\n<figure class=\"wp-block-image size-large\"><img loading=\"lazy\" decoding=\"async\" width=\"465\" height=\"243\" data-id=\"1688373\" src=\"https:\/\/dhg1h5j42swfq.cloudfront.net\/2025\/12\/19071448\/image-193.png\" alt=\"Veda\u00e7\u00e3o ao nepotismo para SEFAZ\/SP\" class=\"wp-image-1688373\" srcset=\"https:\/\/dhg1h5j42swfq.cloudfront.net\/2025\/12\/19071448\/image-193.png 465w, https:\/\/dhg1h5j42swfq.cloudfront.net\/2025\/12\/19071448\/image-193-300x157.png 300w, https:\/\/dhg1h5j42swfq.cloudfront.net\/2025\/12\/19071448\/image-193-150x78.png 150w\" sizes=\"auto, (max-width: 465px) 100vw, 465px\" \/><\/figure>\n<\/figure>\n\n\n\n<p>Hoje vamos estudar o tema veda\u00e7\u00e3o ao nepotismo para a SEFAZ\/SP.<\/p>\n\n\n\n<h2 class=\"wp-block-heading\" id=\"h-vedacao-ao-nepotismo-para-sefaz-sp\">Veda\u00e7\u00e3o ao Nepotismo para SEFAZ\/SP<\/h2>\n\n\n\n<p>O nepotismo \u00e9 uma pr\u00e1tica que fere diretamente os princ\u00edpios constitucionais-administrativos da moralidade, da impessoalidade, da efici\u00eancia e da igualdade. O termo vem do latim nepos (sobrinho\/neto) e se referia \u00e0s regalias dadas por Papas a seus sobrinhos na Idade M\u00e9dia, como cargos eclesi\u00e1sticos.<br \/>No contexto atual, o nepotismo consiste na pr\u00e1tica patrimonialista e paternalista de agentes p\u00fablicos que favorecem seus c\u00f4njuges e parentes com sua nomea\u00e7\u00e3o em cargos p\u00fablicos em comiss\u00e3o ou fun\u00e7\u00f5es de confian\u00e7a por crit\u00e9rios exclusivamente pessoais e familiares, sem considerar o m\u00e9rito ou a compet\u00eancia do nomeado.<br \/>O marco da veda\u00e7\u00e3o ao nepotismo no pa\u00eds, foi a S\u00famula Vinculante 13, em 2008, que possui o seguinte enunciado:<\/p>\n\n\n\n<p class=\"has-cyan-bluish-gray-background-color has-background\"><em>SV 13-STF: A nomea\u00e7\u00e3o de c\u00f4njuge, companheiro ou parente em linha reta, colateral ou por afinidade, at\u00e9 o 3\u00ba grau, inclusive, da autoridade nomeante ou de servidor da mesma pessoa jur\u00eddica, investido em cargo de dire\u00e7\u00e3o, chefia ou assessoramento, para o exerc\u00edcio de cargo em comiss\u00e3o ou de confian\u00e7a, ou, ainda, de fun\u00e7\u00e3o gratificada na Administra\u00e7\u00e3o P\u00fablica direta e indireta, em qualquer dos Poderes da Uni\u00e3o, dos Estados, do Distrito Federal e dos munic\u00edpios, compreendido o ajuste mediante designa\u00e7\u00f5es rec\u00edprocas, viola a Constitui\u00e7\u00e3o Federal.<\/em><\/p>\n\n\n\n<h2 class=\"wp-block-heading\" id=\"h-vedacao-ao-nepotismo-independentemente-de-previsao-expressa-em-lei\">Veda\u00e7\u00e3o ao nepotismo independentemente de previs\u00e3o expressa em lei<\/h2>\n\n\n\n<p>Embora o marco da veda\u00e7\u00e3o ao nepotismo tenha sido a S\u00famula Vinculante n\u00ba 13, o CNJ, em 2005, havia editado a Resolu\u00e7\u00e3o 07\/2005 com semelhante proibi\u00e7\u00e3o, destinada aos membros do Poder Judici\u00e1rio e respectivos servidores.<\/p>\n\n\n\n<p>O STF, al\u00e9m de declarar a constitucionalidade da Resolu\u00e7\u00e3o 07\/2005 que, segundo a Corte, se presta a regulamentar dispositivo constitucional, afirma, em decis\u00e3o ampliativa, que o nepotismo \u00e9 <strong>vedado em qualquer dos Poderes da Rep\u00fablica<\/strong> <strong>por for\u00e7a dos princ\u00edpios constitucionais <\/strong>da impessoalidade, efici\u00eancia, igualdade e moralidade, <strong>independentemente de previs\u00e3o expressa em diploma legislativo<\/strong>:<\/p>\n\n\n\n<p class=\"has-cyan-bluish-gray-background-color has-background\"><em>1. Os condicionamentos impostos pela Resolu\u00e7\u00e3o 7\/2005 do CNJ n\u00e3o atentam contra a liberdade de prover e desprover cargos em comiss\u00e3o e fun\u00e7\u00f5es de confian\u00e7a. As restri\u00e7\u00f5es constantes do ato resolutivo s\u00e3o, no rigor dos termos, as mesmas j\u00e1 impostas pela CF\/1988, dedut\u00edveis dos republicanos princ\u00edpios da impessoalidade, da efici\u00eancia, da igualdade e da moralidade. (&#8230;) 3. A\u00e7\u00e3o julgada procedente para: a) emprestar interpreta\u00e7\u00e3o conforme \u00e0 Constitui\u00e7\u00e3o para deduzir a fun\u00e7\u00e3o de chefia do substantivo \u201cdire\u00e7\u00e3o\u201d nos incisos II, III, IV, V do art. 2\u00ba do ato normativo em foco; b) declarar a <strong><u>constitucionalidade da Resolu\u00e7\u00e3o 7\/2005 do Conselho Nacional de Justi\u00e7a.<\/u><\/strong>[ADC 12, rel. min. Ayres Britto, P, j. 20-8-2008, DJE 237 de 18-12-2008.]<\/em><br \/><br \/><em>I \u2014 <strong><u>Embora restrita ao \u00e2mbito do Judici\u00e1rio a Resolu\u00e7\u00e3o 7\/2005 do Conselho Nacional de Justi\u00e7a, a pr\u00e1tica do nepotismo nos demais Poderes \u00e9 il\u00edcita<\/u><\/strong>. II \u2014 <strong><u>A veda\u00e7\u00e3o do nepotismo n\u00e3o exige a edi\u00e7\u00e3o de lei formal para coibir a pr\u00e1tica<\/u><\/strong>. III \u2014 <strong><u>Proibi\u00e7\u00e3o que decorre diretamente dos princ\u00edpios contidos no art. 37, caput, da CF\/1988.<\/u><\/strong>[RE 579.951, rel. min. Ricardo Lewandowski, P, j. 20-8-2008, DJE 202 de 24-10-2008, Tema 66.]<\/em> <\/p>\n\n\n\n<h3 class=\"wp-block-heading\" id=\"h-leis-estaduais-que-preveem-a-vedacao-ao-nepotismo\"><strong>Leis estaduais que preveem a veda\u00e7\u00e3o ao nepotismo<\/strong><\/h3>\n\n\n\n<p>Apesar da desnecessidade de lei formal, alguns entes da federa\u00e7\u00e3o passaram a editar leis vedando o nepotismo. O STF j\u00e1 se pronunciou acerca delas, trazendo que <strong><u>sua abrang\u00eancia n\u00e3o pode restringir a aplica\u00e7\u00e3o da SV n\u00ba 13 ou criar exce\u00e7\u00f5es \u00e0 veda\u00e7\u00e3o e que a iniciativa dessas leis n\u00e3o \u00e9 exclusiva do chefe do executivo<\/u><\/strong>:<\/p>\n\n\n\n<p class=\"has-cyan-bluish-gray-background-color has-background\"><em>3. A previs\u00e3o impugnada, ao permitir (excepcionar), relativamente a cargos em comiss\u00e3o ou fun\u00e7\u00f5es gratificadas, a nomea\u00e7\u00e3o, a admiss\u00e3o ou a perman\u00eancia de at\u00e9 dois parentes das autoridades mencionadas no caput do art. 1\u00ba da Lei estadual n\u00ba 13.145\/1997 e do c\u00f4njuge do chefe do Poder Executivo, al\u00e9m de subverter o intuito moralizador inicial da norma, ofende irremediavelmente a Constitui\u00e7\u00e3o Federal. 4. A\u00e7\u00e3o julgada procedente.(ADI 3745, Relator(a): Min. DIAS TOFFOLI, Tribunal Pleno, julgado em 15\/05\/2013, AC\u00d3RD\u00c3O ELETR\u00d4NICO DJe-148 DIVULG 31-07-2013 PUBLIC 01-08-2013. <\/em><em>Veda\u00e7\u00e3o ao Nepotismo para SEFAZ\/SP<\/em>)<\/p>\n\n\n\n<p class=\"has-cyan-bluish-gray-background-color has-background\"><em>2. N\u00e3o \u00e9 privativa do Chefe do Poder Executivo a compet\u00eancia para a iniciativa legislativa de lei sobre nepotismo na Administra\u00e7\u00e3o P\u00fablica: leis com esse conte\u00fado normativo d\u00e3o concretude aos princ\u00edpios da moralidade e da impessoalidade do art. 37, caput, da Constitui\u00e7\u00e3o da Rep\u00fablica, que, ademais, t\u00eam aplicabilidade imediata, ou seja, independente de lei. Precedentes. S\u00famula Vinculante n. 13. 3. Recurso extraordin\u00e1rio provido.(RE 570392, Relator(a): Min. C\u00c1RMEN L\u00daCIA, Tribunal Pleno, julgado em 11\/12\/2014, AC\u00d3RD\u00c3O ELETR\u00d4NICO REPERCUSS\u00c3O GERAL &#8211; M\u00c9RITO DJe-032 DIVULG 18-02-2015 PUBLIC 19-02-2015. Veda\u00e7\u00e3o ao Nepotismo para SEFAZ\/SP)<\/em><\/p>\n\n\n\n<p>Cabe mencionar que a <strong><u>Reforma feita na Lei de Improbidade Administrativa, em 2021, passou a tratar expressamente do nepotismo como conduta que atenta contra os princ\u00edpios da Administra\u00e7\u00e3o P\u00fablica.<\/u><\/strong><\/p>\n\n\n\n<h1 class=\"wp-block-heading\">Crit\u00e9rios objetivos nos quais haver\u00e1 nepotismo<\/h1>\n\n\n\n<ul class=\"wp-block-list\">\n<li><strong>Nepotismo direto\/pr\u00f3prio:<\/strong><\/li>\n<\/ul>\n\n\n\n<p>Autoridade nomeia seu pr\u00f3prio c\u00f4njuge\/companheiro ou parente at\u00e9 3\u00ba grau para exercer cargo em comiss\u00e3o ou fun\u00e7\u00e3o de confian\u00e7a dentro da mesma pessoa jur\u00eddica em que atua.<\/p>\n\n\n\n<ul class=\"wp-block-list\">\n<li><strong>Nepotismo indireto:<\/strong><\/li>\n<\/ul>\n\n\n\n<p>Autoridade nomeia c\u00f4njuge\/companheiro ou parente at\u00e9 3\u00ba grau de servidor (da mesma pessoa jur\u00eddica) que ocupe cargo de dire\u00e7\u00e3o\/chefia\/assessoramento. Isso porque o servidor que ocupa cargo em comiss\u00e3o ou fun\u00e7\u00e3o de confian\u00e7a tem maior poder de influ\u00eancia dentro da Administra\u00e7\u00e3o, o que poderia leva-lo a convencer a autoridade nomeante a empregar parente seu.<\/p>\n\n\n\n<ul class=\"wp-block-list\">\n<li><strong>Nepotismo cruzado\/ajuste mediante designa\u00e7\u00f5es rec\u00edprocas<\/strong>:<\/li>\n<\/ul>\n\n\n\n<p>Autoridades nomeiam para cargos de dire\u00e7\u00e3o, chefia ou assessoramento c\u00f4njuge\/companheiro ou parente at\u00e9 3\u00ba grau, um do outro, como troca de favores. Por exemplo, o presidente da c\u00e2mara municipal ajusta com o prefeito para que este nomeie sua esposa na prefeitura e, em troca, nomear\u00e1 o filho do prefeito na c\u00e2mara dos vereadores.<\/p>\n\n\n\n<p>Parte da doutrina afirma que o nepotismo cruzado pode ocorrer ainda que n\u00e3o haja a \u201ccontrapartida\u201d, desde que fique caracterizada a finalidade de favorecimento de parentes com a m\u00e1quina p\u00fablica.<\/p>\n\n\n\n<h3 class=\"wp-block-heading\" id=\"h-obs-a-sumula-vinculante-nao-trata-de-forma-exaustiva-todas-as-hipoteses-de-nepotismo\"><strong>Obs.: A s\u00famula vinculante n\u00e3o trata de forma exaustiva todas as hip\u00f3teses de nepotismo:<\/strong><\/h3>\n\n\n\n<p>Segundo o STF, <strong><u>ao editar a S\u00famula Vinculante 13, a Corte n\u00e3o pretendeu esgotar todas as possibilidades de configura\u00e7\u00e3o de nepotismo na Administra\u00e7\u00e3o P\u00fablica, dada a impossibilidade de se preverem e de se inserirem, na reda\u00e7\u00e3o do enunciado, todas as molduras f\u00e1tico-jur\u00eddicas reveladas na pluralidade de entes da Federa\u00e7\u00e3o (Uni\u00e3o, Estados, Distrito Federal, Territ\u00f3rios e Munic\u00edpios) e das esferas de Poder (Executivo, Legislativo e Judici\u00e1rio)<\/u><\/strong>, com as peculiaridades de organiza\u00e7\u00e3o em cada caso.<\/p>\n\n\n\n<p>Dessa perspectiva, \u00e9 certo que a edi\u00e7\u00e3o de atos regulamentares ou vinculantes por autoridade competente para orientar a atua\u00e7\u00e3o dos demais \u00f3rg\u00e3os ou entidades a ela vinculados quanto \u00e0 configura\u00e7\u00e3o do nepotismo n\u00e3o retira a possibilidade de, em cada caso concreto, proceder-se \u00e0 avalia\u00e7\u00e3o das circunst\u00e2ncias \u00e0 luz do art. 37, caput, da CF\/1988:<\/p>\n\n\n\n<p class=\"has-cyan-bluish-gray-background-color has-background\"><em>A reda\u00e7\u00e3o do enunciado da S\u00famula Vinculante 13 n\u00e3o pretendeu esgotar todas as possibilidades de configura\u00e7\u00e3o de nepotismo da Administra\u00e7\u00e3o P\u00fablica, uma vez que a tese constitucional nele consagrada consiste na proposi\u00e7\u00e3o de que essa irregularidade decorre diretamente do caput do art. 37 da Constitui\u00e7\u00e3o Federal, independentemente da edi\u00e7\u00e3o de lei formal sobre o tema. [Rcl 15.451 AgR, rel. min. Dias Toffoli, P, j. 27-2-2014, DJE 66 de 3-4-2014.<\/em><em>Veda\u00e7\u00e3o ao Nepotismo para SEFAZ\/SP<\/em>]<\/p>\n\n\n\n<h2 class=\"wp-block-heading\" id=\"h-excecoes-da-vedacao-ao-nepotismo\"><strong>Exce\u00e7\u00f5es da veda\u00e7\u00e3o ao nepotismo<\/strong><\/h2>\n\n\n\n<p>A jurisprud\u00eancia do Supremo Tribunal Federal, ao longo dos anos, passou a reconhecer exce\u00e7\u00f5es \u00e0 regra geral da veda\u00e7\u00e3o ao nepotismo:<\/p>\n\n\n\n<h3 class=\"wp-block-heading\" id=\"h-1-vedacao-ao-nepotismo-nao-alcanca-servidores-ocupante-de-cargo-de-provimento-efetivo\">1, <strong>Veda\u00e7\u00e3o ao nepotismo n\u00e3o alcan\u00e7a servidores ocupante de cargo de provimento efetivo<\/strong><\/h3>\n\n\n\n<p>Servidor efetivo \u00e9 aquele que ingressa nos quadros da Administra\u00e7\u00e3o P\u00fablica por meio de concurso p\u00fablico de provas ou provas e t\u00edtulos. Nesse caso, sua nomea\u00e7\u00e3o (para o cargo efetivo) independe do arb\u00edtrio da autoridade.<\/p>\n\n\n\n<p class=\"has-cyan-bluish-gray-background-color has-background\"><em>Evidente que se devem retirar da incid\u00eancia da norma os <strong><u>servidores admitidos mediante concurso p\u00fablico, ocupantes de cargo de provimento efetivo<\/u><\/strong>. A\u00a0norma antinepotismo deve incidir sobre cargos de provimento em comiss\u00e3o, as fun\u00e7\u00f5es gratificadas e os cargos de dire\u00e7\u00e3o e assessoramento. (&#8230;) [<\/em><a href=\"http:\/\/redir.stf.jus.br\/paginadorpub\/paginador.jsp?docTP=AC&amp;docID=630140\"><em>ADI\u00a0524<\/em><\/a><em>, voto do rel. min.\u00a0Sep\u00falveda Pertence, red. p\/ o ac. min.\u00a0Ricardo Lewandowski, P, j. 20-5-2015,\u00a0DJE\u00a0151 de 3-8-2015. <\/em><em>Veda\u00e7\u00e3o ao Nepotismo para SEFAZ\/SP<\/em>]<\/p>\n\n\n\n<h4 class=\"wp-block-heading\" id=\"h-obs-servidor-publico-efetivo-nomeado-para-funcao-de-confianca-por-parente-que-e-autoridade-do-mesmo-orgao\"><strong>Obs.: Servidor p\u00fablico efetivo nomeado para fun\u00e7\u00e3o de confian\u00e7a por parente, que \u00e9 autoridade do mesmo \u00f3rg\u00e3o<\/strong><\/h4>\n\n\n\n<p>Os servidores efetivos tamb\u00e9m podem exercer cargos de dire\u00e7\u00e3o, chefia e assessoramento dentro dos \u00f3rg\u00e3os p\u00fablicos, dependendo da nomea\u00e7\u00e3o por autoridade para exerc\u00edcio de cargo em comiss\u00e3o ou fun\u00e7\u00e3o de confian\u00e7a.<\/p>\n\n\n\n<p>Dessa forma, o STF entende que, mesmo se tratando de servidor efetivo, por depender da liberalidade da autoridade nomeante, incide a veda\u00e7\u00e3o ao nepotismo nos casos de nomea\u00e7\u00e3o desses servidores para cargos de confian\u00e7a se a autoridade nomeante tiver com ele v\u00ednculo de parentesco.<\/p>\n\n\n\n<p class=\"has-cyan-bluish-gray-background-color has-background\"><em>O ingresso de servidor p\u00fablico nos quadros da Administra\u00e7\u00e3o por concurso p\u00fablico \u00e9 o meio pelo qual a Constitui\u00e7\u00e3o consagra o princ\u00edpio meritocr\u00e1tico. H\u00e1 fun\u00e7\u00f5es e cargos que s\u00e3o destinados exclusivamente a servidores de carreira e, por isso, o acesso de servidores a cargos e fun\u00e7\u00f5es de confian\u00e7a n\u00e3o \u00e9, em princ\u00edpio, incompat\u00edvel com a\u00a0<\/em><a href=\"https:\/\/www.planalto.gov.br\/ccivil_03\/constituicao\/constituicao.htm\"><em>Constitui\u00e7\u00e3o.<\/em><\/a><em>\u00a0<strong>H\u00e1 situa\u00e7\u00f5es, no entanto, em que o exerc\u00edcio da fun\u00e7\u00e3o de confian\u00e7a apresenta potencial conflito de interesse. \u00c9 precisamente o que ocorre quando a nomea\u00e7\u00e3o para cargo ou a designa\u00e7\u00e3o para fun\u00e7\u00e3o recai sobre servidor que guarda rela\u00e7\u00e3o de parentesco ou rela\u00e7\u00e3o \u00edntima com a autoridade nomeante.<\/strong> Nesses casos, tal como se d\u00e1 com a nomea\u00e7\u00e3o de quem n\u00e3o tem v\u00ednculo, o exerc\u00edcio do cargo passa a atender crit\u00e9rios que n\u00e3o s\u00e3o exclusivamente p\u00fablicos e a confian\u00e7a que se deve ter no desempenho da fun\u00e7\u00e3o p\u00fablica \u00e9 prejudicada. <strong><u>Contraria<\/u><\/strong>, pois,<strong><u>a S\u00famula Vinculante a nomea\u00e7\u00e3o de servidor de cargo efetivo ou a sua designa\u00e7\u00e3o para fun\u00e7\u00e3o de confian\u00e7a, quando feita por autoridade que guarde com ele v\u00ednculo de parentesco.<\/u><\/strong>[<\/em><a href=\"https:\/\/portal.stf.jus.br\/processos\/downloadPeca.asp?id=15341137516&amp;ext=.pdf\"><strong><em>Rcl 26.448<\/em><\/strong><\/a><em>, rel. min.\u00a0<strong>Edson Fachin<\/strong>, dec. monocr\u00e1tica, j. 12-9-2019,\u00a0DJE\u00a0201 de 17-9-2019. <\/em><em>Veda\u00e7\u00e3o ao Nepotismo para SEFAZ\/SP<\/em>]<br \/><br \/><em>Pelos documentos citados, tem-se que o<strong>irm\u00e3o do impetrante fora investido no cargo de Juiz Federal quando o impetrante foi nomeado para exercer fun\u00e7\u00e3o comissionada no Tribunal Regional Federal da 1\u00aa Regi\u00e3o<\/strong>. (&#8230;) N\u00e3o prospera,\u00a0portanto, o argumento de que seria necess\u00e1ria comprova\u00e7\u00e3o de \u201cv\u00ednculo de amizade ou troca de favores\u201d entre o irm\u00e3o do ora impetrante e o desembargador de quem \u00e9 assistente processual, pois \u00e9 a an\u00e1lise objetiva da situa\u00e7\u00e3o de parentesco entre o servidor e a pessoa nomeada para exerc\u00edcio de cargo em comiss\u00e3o ou de confian\u00e7a na mesma pessoa jur\u00eddica da Administra\u00e7\u00e3o P\u00fablica que configura a situa\u00e7\u00e3o de nepotismo vedada, originariamente, pela Constitui\u00e7\u00e3o da Rep\u00fablica. Logo, \u00e9 desnecess\u00e1rio demonstrar a inten\u00e7\u00e3o de violar a veda\u00e7\u00e3o constitucional ou a obten\u00e7\u00e3o de qualquer benef\u00edcio com o favorecimento de parentes de quem exer\u00e7a poder na esfera p\u00fablica para que se estabele\u00e7a rela\u00e7\u00e3o de nepotismo.<\/em> <em>[<\/em><a href=\"http:\/\/redir.stf.jus.br\/paginadorpub\/paginador.jsp?docTP=TP&amp;docID=6644721\"><strong><em>MS\u00a027.945<\/em><\/strong><\/a><em>, voto da rel. min.\u00a0<strong>C\u00e1rmen L\u00facia<\/strong>, 2\u00aa\u00a0T, j. 26-8-2014,\u00a0DJE\u00a0171 de 4-9-2014 Veda\u00e7\u00e3o ao Nepotismo para SEFAZ\/SP.]<\/em><\/p>\n\n\n\n<h3 class=\"wp-block-heading\" id=\"h-2-nao-havera-nepotismo-se-a-pessoa-nomeada-possui-um-parente-no-orgao-mas-sem-influencia-hierarquica-sobre-a-nomeacao\">2. <strong>N\u00e3o haver\u00e1 nepotismo se a pessoa nomeada possui um parente no \u00f3rg\u00e3o, mas sem influ\u00eancia hier\u00e1rquica sobre a nomea\u00e7\u00e3o<\/strong><\/h3>\n\n\n\n<p>Segundo o STF, a incompatibilidade da pr\u00e1tica enunciada na S\u00famula Vinculante n\u00ba 13 com o art. 37, caput, da CF\/88 <strong>N\u00c3O decorre diretamente da exist\u00eancia de rela\u00e7\u00e3o de parentesco entre pessoa designada e um servidor p\u00fablico<\/strong>, mas da <strong>presun\u00e7\u00e3o de que a escolha de pessoa para ocupar cargo de dire\u00e7\u00e3o, chefia ou assessoramento tenha sido direcionada a pessoa com rela\u00e7\u00e3o de parentesco com quem tenha potencial de interferir no processo<\/strong> de sele\u00e7\u00e3o. (STF. 2\u00aa Turma. Rcl 18564\/SP, rel. orig. Min. Gilmar Mendes, red. p\/ o ac\u00f3rd\u00e3o Min. Dias Toffoli, julgado em 23\/2\/2016). Nesse sentido:<\/p>\n\n\n\n<p class=\"has-cyan-bluish-gray-background-color has-background\"><em>1. Com a edi\u00e7\u00e3o da S\u00famula Vinculante n\u00ba 13, embora n\u00e3o se tenha pretendido esgotar todas as possibilidades de configura\u00e7\u00e3o de nepotismo na Administra\u00e7\u00e3o P\u00fablica, foram erigidos crit\u00e9rios objetivos de conforma\u00e7\u00e3o, a saber: i) ajuste mediante designa\u00e7\u00f5es rec\u00edprocas, quando inexistente a rela\u00e7\u00e3o de parentesco entre a autoridade nomeante e o ocupante do cargo de provimento em comiss\u00e3o ou fun\u00e7\u00e3o comissionada; ii) rela\u00e7\u00e3o de parentesco entre a pessoa nomeada e a autoridade nomeante; iii) rela\u00e7\u00e3o de parentesco entre a pessoa nomeada e o ocupante de cargo de dire\u00e7\u00e3o, chefia ou assessoramento a quem estiver subordinada e iv) rela\u00e7\u00e3o de parentesco entre a pessoa nomeada e a autoridade que exerce ascend\u00eancia hier\u00e1rquica ou funcional sobre a autoridade nomeante. 2. Em sede reclamat\u00f3ria, com fundamento na SV n\u00ba 13, <strong><u>\u00e9 imprescind\u00edvel a perquiri\u00e7\u00e3o de proje\u00e7\u00e3o funcional ou hier\u00e1rquica do agente pol\u00edtico ou do servidor p\u00fablico de refer\u00eancia no processo de sele\u00e7\u00e3o para fins de configura\u00e7\u00e3o objetiva de nepotismo na contrata\u00e7\u00e3o de pessoa com rela\u00e7\u00e3o de parentesco com ocupante de cargo de dire\u00e7\u00e3o, chefia ou assessoramento no mesmo \u00f3rg\u00e3o, salvo ajuste mediante designa\u00e7\u00f5es rec\u00edprocas.<\/u><\/strong> 3. Reclama\u00e7\u00e3o julgada improcedente. Cassada a liminar anteriormente deferida. (Rcl 18564, Relator(a): Min. GILMAR MENDES, Relator(a) p\/ Ac\u00f3rd\u00e3o: Min. DIAS TOFFOLI, Segunda Turma, julgado em 23\/02\/2016, PROCESSO ELETR\u00d4NICO DJe-161 DIVULG 02-08-2016 PUBLIC 03-08-2016. <\/em><em>Veda\u00e7\u00e3o ao Nepotismo para SEFAZ\/SP<\/em>)<\/p>\n\n\n\n<p>E, ainda que o parente do nomeado possua alguma influ\u00eancia hier\u00e1rquica no \u00f3rg\u00e3o, essa influ\u00eancia deve ser anterior \u00e0 sua nomea\u00e7\u00e3o, possuindo real possibilidade de interferir na escolha da autoridade nomeante:<\/p>\n\n\n\n<p class=\"has-black-color has-cyan-bluish-gray-background-color has-text-color has-background has-link-color wp-elements-37ef52b902750d65c0754928794c6933\"><em>Considerada a amplitude e a complexidade da estrutura administrativa dos diversos \u00f3rg\u00e3os do Poder Judici\u00e1rio no tocante \u00e0 gest\u00e3o de seus servidores (efetivos ou n\u00e3o), entendo que n\u00e3o configura nepotismo a nomea\u00e7\u00e3o de pessoa sem v\u00ednculo efetivo com o \u00f3rg\u00e3o para cargo de dire\u00e7\u00e3o, chefia ou assessoramento sem que se questione a exist\u00eancia de qualquer influ\u00eancia do servidor efetivo com quem o nomeado \u00e9 casado, mant\u00e9m rela\u00e7\u00e3o est\u00e1vel ou possui rela\u00e7\u00e3o de parentesco sobre a autoridade nomeante, seja para fins de se alcan\u00e7arem interesses pessoais do servidor efetivo (devido a rela\u00e7\u00f5es de amizade, subordina\u00e7\u00e3o ou mudan\u00e7a de localidade, por exemplo) ou da autoridade nomeante (mediante troca de favores), sob pena de se afrontar um dos princ\u00edpios que a pr\u00f3pria Resolu\u00e7\u00e3o\/CNJ 7\/2005 e a S\u00famula Vinculante 13 pretenderam resguardar, qual seja, o princ\u00edpio constitucional da impessoalidade. (&#8230;) <strong><u>para se configurar o nepotismo, o c\u00f4njuge, servidor efetivo, da nomeada em cargo em comiss\u00e3o, deve estar investido em cargo de chefia, dire\u00e7\u00e3o ou de assessoramento. E essa verifica\u00e7\u00e3o deve ser feita na data da nomea\u00e7\u00e3o da impetrante<\/u><\/strong>.<\/em><br \/><em>[MS 28.485, voto do rel. min. Dias Toffoli, 1\u00aa T, j. 11-11-2014, DJE 238 de 4-12-2014. Veda\u00e7\u00e3o ao Nepotismo para SEFAZ\/SP]<\/em><\/p>\n\n\n\n<h3 class=\"wp-block-heading\" id=\"h-3-vedacao-ao-nepotismo-nao-alcanca-nomeacao-para-cargo-politico\">3. <strong>Veda\u00e7\u00e3o ao nepotismo n\u00e3o alcan\u00e7a nomea\u00e7\u00e3o para cargo pol\u00edtico<\/strong><\/h3>\n\n\n\n<p>O STF tem afastado a aplica\u00e7\u00e3o da SV 13 a cargos p\u00fablicos de natureza pol\u00edtica, como os cargos de Ministro de Estado, Secret\u00e1rio Estadual e Municipal. Isso porque h\u00e1 uma distin\u00e7\u00e3o entre os cargos de natureza pol\u00edtica e os cargos de natureza administrativa. Essa diferencia\u00e7\u00e3o encontra fundamento na&nbsp;<strong>discricionariedade constitucional<\/strong>&nbsp;atribu\u00edda ao chefe do Poder Executivo (artigos 84 e 87 da&nbsp;<a href=\"https:\/\/www.estrategiaconcursos.com.br\/assinaturas-ecj\/\" target=\"_blank\" rel=\"noreferrer noopener\"><strong>Constitui\u00e7\u00e3o Federal<\/strong><\/a>) para a escolha de seus auxiliares diretos.<\/p>\n\n\n\n<p class=\"has-cyan-bluish-gray-background-color has-background\"><em>Quando o art. 37 refere-se a cargo em comiss\u00e3o e fun\u00e7\u00e3o de confian\u00e7a, est\u00e1 tratando de cargos e fun\u00e7\u00f5es singelamente administrativos, n\u00e3o de cargos pol\u00edticos. Portanto, os cargos pol\u00edticos estariam fora do alcance da decis\u00e3o que tomamos na ADC 12, porque o pr\u00f3prio Cap\u00edtulo VII \u00e9 Da Administra\u00e7\u00e3o P\u00fablica enquanto segmento do Poder Executivo. E sabemos que os cargos pol\u00edticos, como por exemplo, os de Secret\u00e1rio Municipal, s\u00e3o de agentes do Poder, fazem parte do Poder Executivo. O cargo n\u00e3o \u00e9 em comiss\u00e3o, no sentido do art. 37. Somente os cargos e fun\u00e7\u00f5es singelamente administrativos \u2014 \u00e9 como penso \u2014 s\u00e3o alcan\u00e7ados pela imperiosidade do art. 37, com seus lapidares princ\u00edpios. Ent\u00e3o, essa distin\u00e7\u00e3o me parece importante para, no caso, excluir do \u00e2mbito da nossa decis\u00e3o anterior os secret\u00e1rios municipais, que correspondem a secret\u00e1rios de Estado, no \u00e2mbito dos Estados, e ministros de Estado, no \u00e2mbito federal.<br \/>[RE 579.951, rel. min. Ricardo Lewandowski, voto do min. Ayres Britto, P, j. 20-8-2008, DJE 202 de 24-10-2008, Tema 66. Veda\u00e7\u00e3o ao Nepotismo para SEFAZ\/SP.]<\/em><\/p>\n\n\n\n<p class=\"has-cyan-bluish-gray-background-color has-background\"><em>1. Nos representativos que embasaram a aprova\u00e7\u00e3o da S\u00famula Vinculante 13, a discuss\u00e3o centrou-se nas nomea\u00e7\u00f5es para cargos em comiss\u00e3o e fun\u00e7\u00f5es de confian\u00e7a da administra\u00e7\u00e3o p\u00fablica (art. 37, V, CF\/1988) (&#8230;). 2. A grande distin\u00e7\u00e3o \u00e9 que a constru\u00e7\u00e3o do enunciado se refere especificamente ao art. 37, V, CF\/1988, e n\u00e3o a cargos pol\u00edticos e nomea\u00e7\u00e3o pol\u00edtic<u>a. <strong>A previs\u00e3o de nomea\u00e7\u00e3o do primeiro escal\u00e3o do chefe do Executivo est\u00e1 no art. 84 da Constitui\u00e7\u00e3o Federal, tal entendimento deve ser aplicado por simetria aos Secret\u00e1rios estaduais e municipai<\/strong><\/u><strong>s<\/strong> (art. 76, da CF\/1988). 3. A nomea\u00e7\u00e3o de parente, c\u00f4njuge ou companheira para cargos de natureza eminentemente pol\u00edtica, como no caso concreto, em que a esposa do Prefeito foi escolhida para exercer cargo de Secret\u00e1ria Municipal, n\u00e3o se subordina ao Enunciado Vinculante 13 (&#8230;).[Rcl 31.732, rel. min. Marco Aur\u00e9lio, red. p\/ o ac. min. Alexandre de Moraes, 1\u00aa T, j. 5-11-2019, DJE 19 de 3-2-2020.]<\/em><\/p>\n\n\n\n<h4 class=\"wp-block-heading\" id=\"h-obs-mesmo-em-caso-de-cargos-politicos-sera-possivel-considerar-a-nomeacao-indevida\"><strong>Obs.: Mesmo em caso de cargos pol\u00edticos, <u>ser\u00e1 poss\u00edvel considerar a nomea\u00e7\u00e3o indevida<\/u><\/strong><\/h4>\n\n\n\n<p>H\u00e1 tempos a jurisprud\u00eancia do STF se assentou no sentido de que, mesmo a nomea\u00e7\u00e3o para cargos pol\u00edticos deve atender a um m\u00ednimo de moralidade para sua n\u00e3o incid\u00eancia na veda\u00e7\u00e3o da SV13. Nesse sentido, configura nepotismo a nomea\u00e7\u00e3o de parentes para o exerc\u00edcio de cargo pol\u00edtico nas seguintes situa\u00e7\u00f5es:<\/p>\n\n\n\n<p>\u2022 <strong>fraude \u00e0 lei<\/strong>;<\/p>\n\n\n\n<p>\u2022 inequ\u00edvoca falta de <strong>razoabilidade <\/strong>da indica\u00e7\u00e3o, por manifesta <strong>aus\u00eancia de qualifica\u00e7\u00e3o t\u00e9cnica<\/strong> ou <strong>inidoneidade moral do nomeado<\/strong>.<\/p>\n\n\n\n<p>\u2022 <strong>nepotismo cruzado<\/strong>.<\/p>\n\n\n\n<p class=\"has-cyan-bluish-gray-background-color has-background\"><em>Direito Administrativo. Agravo interno em reclama\u00e7\u00e3o. Nepotismo. S\u00famula Vinculante 13. 1. O Supremo Tribunal Federal tem afastado a aplica\u00e7\u00e3o da S\u00famula Vinculante 13 a cargos p\u00fablicos de natureza pol\u00edtica, <strong><u>ressalvados os casos de inequ\u00edvoca falta de razoabilidade, por manifesta aus\u00eancia de qualifica\u00e7\u00e3o t\u00e9cnica ou inidoneidade moral<\/u><\/strong>. Precedentes. 2. N\u00e3o h\u00e1 nos autos qualquer elemento que demonstre a aus\u00eancia de razoabilidade da nomea\u00e7\u00e3o.<br \/>[Rcl 28.024 AgR, rel. min. Roberto Barroso, 1\u00aa T, j. 29-5-2018, DJE 125 de 25-6-2018.]<\/em><\/p>\n\n\n\n<p class=\"has-cyan-bluish-gray-background-color has-background\"><em>7.\u00a0 A jurisprud\u00eancia do Supremo Tribunal Federal tem majoritariamente afastado a aplica\u00e7\u00e3o da S\u00famula Vinculante 13 aos cargos de natureza pol\u00edtica, conceito no qual se incluem os secret\u00e1rios municipais ou estaduais. (&#8230;) 8.\u00a0 <strong><u>Registro que as hip\u00f3teses de nepotismo cruzado, fraude \u00e0 lei ou inequ\u00edvoca falta de razoabilidade da indica\u00e7\u00e3o, por manifesta aus\u00eancia de qualifica\u00e7\u00e3o t\u00e9cnica ou idoneidade moral do nomeado, vem sendo ressalvadas da aplica\u00e7\u00e3o desse entendimento pela jurisprud\u00eancia do Supremo Tribunal Federal<\/u><\/strong>.(&#8230;). [Rcl 29.099, rel. min. Roberto Barroso, dec. monocr\u00e1tica, j. 4-4-2018, DJE 66 de 9-4-2018. Veda\u00e7\u00e3o ao Nepotismo para SEFAZ\/SP]<\/em><\/p>\n\n\n\n<p>O STF, recentemente, no julgamento do <em>RE 1.133.118, classificado como Tema 1000 da repercuss\u00e3o geral,<\/em> formou maioria para adotar o seguinte entendimento:<\/p>\n\n\n\n<p>S\u00famula Vinculante 13 n\u00e3o se aplica \u00e0 nomea\u00e7\u00e3o de parentes para cargos de natureza pol\u00edtica, desde que preenchidos os requisitos de\u00a0<strong>qualifica\u00e7\u00e3o t\u00e9cnica e idoneidade moral<\/strong>,\u00a0<strong>vedado o nepotismo cruzado<\/strong>:<\/p>\n\n\n\n<p>1) Primeiramente, exige-se qualifica\u00e7\u00e3o t\u00e9cnica compat\u00edvel com as atribui\u00e7\u00f5es do cargo a ser ocupado.<\/p>\n\n\n\n<p>2) Em segundo lugar, faz-se imprescind\u00edvel a demonstra\u00e7\u00e3o de idoneidade moral do nomeado.<\/p>\n\n\n\n<p>3) Por fim, veda-se expressamente o nepotismo cruzado, pr\u00e1tica que caracteriza fraude \u00e0 lei mediante arranjos rec\u00edprocos entre autoridades distintas.<\/p>\n\n\n\n<p class=\"has-text-align-center\"><strong>Quer saber quais ser\u00e3o os pr\u00f3ximos concursos?<\/strong>&nbsp;<\/p>\n\n\n\n<p class=\"has-text-align-center\"><strong>Confira nossos artigos!<\/strong>&nbsp;<\/p>\n\n\n\n<p class=\"has-text-align-center has-luminous-vivid-amber-background-color has-background\"><a href=\"https:\/\/www.estrategiaconcursos.com.br\/blog\/concursos-abertos\/\" target=\"_blank\" rel=\"noreferrer noopener\">Concursos abertos<\/a>&nbsp;<\/p>\n\n\n\n<p class=\"has-text-align-center has-luminous-vivid-amber-background-color has-background\"><a href=\"https:\/\/www.estrategiaconcursos.com.br\/blog\/concursos-2025\/\" target=\"_blank\" rel=\"noreferrer noopener\">Concursos 2025<\/a>&nbsp;<\/p>\n\n\n\n<p class=\"has-text-align-center has-luminous-vivid-amber-background-color has-background\"><a href=\"https:\/\/www.estrategiaconcursos.com.br\/blog\/concursos-2026\/\" target=\"_blank\" rel=\"noreferrer noopener\">Concursos 2026<\/a>&nbsp;<\/p>\n\n\n\n<p class=\"has-text-align-center\"><em>Veda\u00e7\u00e3o ao Nepotismo para SEFAZ\/SP<\/em><\/p>\n\n\n\n<p class=\"has-text-align-center\"><a href=\"https:\/\/www.concursosfcc.com.br\/concursos\/fazsp125\/index.html\" target=\"_blank\" rel=\"noreferrer noopener\"><strong>Fa\u00e7a a sua inscri\u00e7\u00e3o!<\/strong><\/a><\/p>\n","protected":false},"excerpt":{"rendered":"<p>Hoje vamos estudar o tema veda\u00e7\u00e3o ao nepotismo para a SEFAZ\/SP. Veda\u00e7\u00e3o ao Nepotismo para SEFAZ\/SP O nepotismo \u00e9 uma pr\u00e1tica que fere diretamente os princ\u00edpios constitucionais-administrativos da moralidade, da impessoalidade, da efici\u00eancia e da igualdade. O termo vem do latim nepos (sobrinho\/neto) e se referia \u00e0s regalias dadas por Papas a seus sobrinhos na [&hellip;]<\/p>\n","protected":false},"author":1666,"featured_media":1688940,"comment_status":"open","ping_status":"closed","sticky":false,"template":"","format":"standard","meta":{"post_tipo":"article","footnotes":""},"categories":[1983],"tags":[],"tax_estado":[219989],"class_list":["post-1688433","post","type-post","status-publish","format-standard","has-post-thumbnail","hentry","category-fiscal-estadual","tax_estado-sp"],"acf":[],"yoast_head":"<!-- This site is optimized with the Yoast SEO Premium plugin v27.2 (Yoast SEO v27.2) - https:\/\/yoast.com\/product\/yoast-seo-premium-wordpress\/ -->\n<title>Veda\u00e7\u00e3o ao Nepotismo para SEFAZ\/SP<\/title>\n<meta name=\"description\" content=\"Hoje vamos entender a veda\u00e7\u00e3o ao Nepotismo para SEFAZ\/SP, incluindo a s\u00famula vinculante n\u00ba13 e os julgado sobre o tema.\" \/>\n<meta name=\"robots\" content=\"index, follow, max-snippet:-1, max-image-preview:large, max-video-preview:-1\" \/>\n<link rel=\"canonical\" href=\"https:\/\/www.estrategiaconcursos.com.br\/blog\/vedacao-ao-nepotismo-sefaz-sp\/\" \/>\n<meta property=\"og:locale\" content=\"pt_BR\" \/>\n<meta property=\"og:type\" content=\"article\" \/>\n<meta property=\"og:title\" content=\"Veda\u00e7\u00e3o ao Nepotismo para SEFAZ\/SP\" \/>\n<meta property=\"og:description\" content=\"Hoje vamos entender a veda\u00e7\u00e3o ao Nepotismo para SEFAZ\/SP, incluindo a s\u00famula vinculante n\u00ba13 e os julgado sobre o tema.\" \/>\n<meta property=\"og:url\" content=\"https:\/\/www.estrategiaconcursos.com.br\/blog\/vedacao-ao-nepotismo-sefaz-sp\/\" \/>\n<meta property=\"og:site_name\" content=\"Estrat\u00e9gia Concursos\" \/>\n<meta property=\"article:published_time\" content=\"2026-01-19T14:39:00+00:00\" \/>\n<meta property=\"og:image\" content=\"https:\/\/dhg1h5j42swfq.cloudfront.net\/2025\/12\/19170810\/image-202.png\" \/>\n\t<meta property=\"og:image:width\" content=\"465\" \/>\n\t<meta property=\"og:image:height\" content=\"243\" \/>\n\t<meta property=\"og:image:type\" content=\"image\/png\" \/>\n<meta name=\"author\" content=\"Ana Luiza Tib\u00farcio Guimar\u00e3es\" \/>\n<meta name=\"twitter:card\" content=\"summary_large_image\" \/>\n<meta name=\"twitter:creator\" content=\"@EstratConcursos\" \/>\n<meta name=\"twitter:site\" content=\"@EstratConcursos\" \/>\n<meta name=\"twitter:label1\" content=\"Escrito por\" \/>\n\t<meta name=\"twitter:data1\" content=\"Ana Luiza Tib\u00farcio Guimar\u00e3es\" \/>\n\t<meta name=\"twitter:label2\" content=\"Est. tempo de leitura\" \/>\n\t<meta name=\"twitter:data2\" content=\"18 minutos\" \/>\n<script type=\"application\/ld+json\" class=\"yoast-schema-graph\">{\"@context\":\"https:\/\/schema.org\",\"@graph\":[{\"@type\":\"NewsArticle\",\"@id\":\"https:\/\/www.estrategiaconcursos.com.br\/blog\/vedacao-ao-nepotismo-sefaz-sp\/#article\",\"isPartOf\":{\"@id\":\"https:\/\/www.estrategiaconcursos.com.br\/blog\/vedacao-ao-nepotismo-sefaz-sp\/\"},\"author\":{\"name\":\"Ana Luiza Tib\u00farcio Guimar\u00e3es\",\"@id\":\"https:\/\/www.estrategiaconcursos.com.br\/blog\/#\/schema\/person\/adbd974f815a3acb9e572fdf7315d7c2\"},\"headline\":\"Veda\u00e7\u00e3o ao Nepotismo para SEFAZ\/SP\",\"datePublished\":\"2026-01-19T14:39:00+00:00\",\"mainEntityOfPage\":{\"@id\":\"https:\/\/www.estrategiaconcursos.com.br\/blog\/vedacao-ao-nepotismo-sefaz-sp\/\"},\"wordCount\":3530,\"commentCount\":0,\"publisher\":{\"@id\":\"https:\/\/www.estrategiaconcursos.com.br\/blog\/#organization\"},\"image\":{\"@id\":\"https:\/\/www.estrategiaconcursos.com.br\/blog\/vedacao-ao-nepotismo-sefaz-sp\/#primaryimage\"},\"thumbnailUrl\":\"https:\/\/dhg1h5j42swfq.cloudfront.net\/2025\/12\/19170810\/image-202.png\",\"articleSection\":[\"Fiscal - Estadual (ICMS)\"],\"inLanguage\":\"pt-BR\",\"potentialAction\":[{\"@type\":\"CommentAction\",\"name\":\"Comment\",\"target\":[\"https:\/\/www.estrategiaconcursos.com.br\/blog\/vedacao-ao-nepotismo-sefaz-sp\/#respond\"]}],\"copyrightYear\":\"2026\",\"copyrightHolder\":{\"@id\":\"https:\/\/www.estrategiaconcursos.com.br\/blog\/#organization\"}},{\"@type\":\"WebPage\",\"@id\":\"https:\/\/www.estrategiaconcursos.com.br\/blog\/vedacao-ao-nepotismo-sefaz-sp\/\",\"url\":\"https:\/\/www.estrategiaconcursos.com.br\/blog\/vedacao-ao-nepotismo-sefaz-sp\/\",\"name\":\"Veda\u00e7\u00e3o ao Nepotismo para SEFAZ\/SP\",\"isPartOf\":{\"@id\":\"https:\/\/www.estrategiaconcursos.com.br\/blog\/#website\"},\"primaryImageOfPage\":{\"@id\":\"https:\/\/www.estrategiaconcursos.com.br\/blog\/vedacao-ao-nepotismo-sefaz-sp\/#primaryimage\"},\"image\":{\"@id\":\"https:\/\/www.estrategiaconcursos.com.br\/blog\/vedacao-ao-nepotismo-sefaz-sp\/#primaryimage\"},\"thumbnailUrl\":\"https:\/\/dhg1h5j42swfq.cloudfront.net\/2025\/12\/19170810\/image-202.png\",\"datePublished\":\"2026-01-19T14:39:00+00:00\",\"description\":\"Hoje vamos entender a veda\u00e7\u00e3o ao Nepotismo para SEFAZ\/SP, incluindo a s\u00famula vinculante n\u00ba13 e os julgado sobre o tema.\",\"breadcrumb\":{\"@id\":\"https:\/\/www.estrategiaconcursos.com.br\/blog\/vedacao-ao-nepotismo-sefaz-sp\/#breadcrumb\"},\"inLanguage\":\"pt-BR\",\"potentialAction\":[{\"@type\":\"ReadAction\",\"target\":[\"https:\/\/www.estrategiaconcursos.com.br\/blog\/vedacao-ao-nepotismo-sefaz-sp\/\"]}]},{\"@type\":\"ImageObject\",\"inLanguage\":\"pt-BR\",\"@id\":\"https:\/\/www.estrategiaconcursos.com.br\/blog\/vedacao-ao-nepotismo-sefaz-sp\/#primaryimage\",\"url\":\"https:\/\/dhg1h5j42swfq.cloudfront.net\/2025\/12\/19170810\/image-202.png\",\"contentUrl\":\"https:\/\/dhg1h5j42swfq.cloudfront.net\/2025\/12\/19170810\/image-202.png\",\"width\":465,\"height\":243,\"caption\":\"N\u00edveis da Cultura\"},{\"@type\":\"BreadcrumbList\",\"@id\":\"https:\/\/www.estrategiaconcursos.com.br\/blog\/vedacao-ao-nepotismo-sefaz-sp\/#breadcrumb\",\"itemListElement\":[{\"@type\":\"ListItem\",\"position\":1,\"name\":\"In\u00edcio\",\"item\":\"https:\/\/www.estrategiaconcursos.com.br\/blog\/\"},{\"@type\":\"ListItem\",\"position\":2,\"name\":\"Veda\u00e7\u00e3o ao Nepotismo para SEFAZ\/SP\"}]},{\"@type\":\"WebSite\",\"@id\":\"https:\/\/www.estrategiaconcursos.com.br\/blog\/#website\",\"url\":\"https:\/\/www.estrategiaconcursos.com.br\/blog\/\",\"name\":\"Estrat\u00e9gia Concursos\",\"description\":\"O blog da Estrat\u00e9gia Concursos traz not\u00edcias sobre concursos e artigos de professores oferecendo cursos para concursos (pdf + videaulas) no site.\",\"publisher\":{\"@id\":\"https:\/\/www.estrategiaconcursos.com.br\/blog\/#organization\"},\"potentialAction\":[{\"@type\":\"SearchAction\",\"target\":{\"@type\":\"EntryPoint\",\"urlTemplate\":\"https:\/\/www.estrategiaconcursos.com.br\/blog\/?s={search_term_string}\"},\"query-input\":{\"@type\":\"PropertyValueSpecification\",\"valueRequired\":true,\"valueName\":\"search_term_string\"}}],\"inLanguage\":\"pt-BR\"},{\"@type\":\"Organization\",\"@id\":\"https:\/\/www.estrategiaconcursos.com.br\/blog\/#organization\",\"name\":\"Estrat\u00e9gia Concursos\",\"url\":\"https:\/\/www.estrategiaconcursos.com.br\/blog\/\",\"logo\":{\"@type\":\"ImageObject\",\"inLanguage\":\"pt-BR\",\"@id\":\"https:\/\/www.estrategiaconcursos.com.br\/blog\/#\/schema\/logo\/image\/\",\"url\":\"https:\/\/dhg1h5j42swfq.cloudfront.net\/2025\/06\/03203428\/logo_concursos-1.jpg\",\"contentUrl\":\"https:\/\/dhg1h5j42swfq.cloudfront.net\/2025\/06\/03203428\/logo_concursos-1.jpg\",\"width\":230,\"height\":60,\"caption\":\"Estrat\u00e9gia Concursos\"},\"image\":{\"@id\":\"https:\/\/www.estrategiaconcursos.com.br\/blog\/#\/schema\/logo\/image\/\"},\"sameAs\":[\"https:\/\/x.com\/EstratConcursos\"]},{\"@type\":\"Person\",\"@id\":\"https:\/\/www.estrategiaconcursos.com.br\/blog\/#\/schema\/person\/adbd974f815a3acb9e572fdf7315d7c2\",\"name\":\"Ana Luiza Tib\u00farcio Guimar\u00e3es\",\"image\":{\"@type\":\"ImageObject\",\"inLanguage\":\"pt-BR\",\"@id\":\"https:\/\/secure.gravatar.com\/avatar\/d0e9fa767d159d6bdb59324855854ef2672e0774dce8705b1c42c80a5b4de7b8?s=96&d=mm&r=g\",\"url\":\"https:\/\/secure.gravatar.com\/avatar\/d0e9fa767d159d6bdb59324855854ef2672e0774dce8705b1c42c80a5b4de7b8?s=96&d=mm&r=g\",\"contentUrl\":\"https:\/\/secure.gravatar.com\/avatar\/d0e9fa767d159d6bdb59324855854ef2672e0774dce8705b1c42c80a5b4de7b8?s=96&d=mm&r=g\",\"caption\":\"Ana Luiza Tib\u00farcio Guimar\u00e3es\"},\"description\":\"Graduada em Direito pela Pontif\u00edcia Universidade Cat\u00f3lica de Minas Gerais e graduada em Ci\u00eancias do Estado pela Universidade Federal de Minas Gerais. P\u00f3s Graduada em Direito P\u00fablico pela PUC Minas. Gradua\u00e7\u00e3o em Gest\u00e3o P\u00fablica e P\u00f3s Gradua\u00e7\u00e3o em Ci\u00eancia Pol\u00edtica em andamento. Analista de Processo Legislativo do Senado Federal, lotada na Secretaria Legislativa do Senado. Aprova\u00e7\u00f5es em concursos: Aprovada para o cargo de Analista Judici\u00e1ria do TRF 3 (2025) Aprovada para o cargo de Procuradora do Munic\u00edpio de S\u00e3o Paulo (2024) Aprovada para o cargo de Analista Legislativa do Senado Federal (2023) Aprovada em 1\u00ba lugar para o cargo de T\u00e9cnico Judici\u00e1rio do TRF 3 (2019) Aprovada para o cargo de Juiz Leigo do Tribunal de Justi\u00e7a de Minas Gerais (2019).\",\"url\":\"https:\/\/www.estrategiaconcursos.com.br\/blog\/author\/anatiburcio-ggmail-com\/\"}]}<\/script>\n<!-- \/ Yoast SEO Premium plugin. -->","yoast_head_json":{"title":"Veda\u00e7\u00e3o ao Nepotismo para SEFAZ\/SP","description":"Hoje vamos entender a veda\u00e7\u00e3o ao Nepotismo para SEFAZ\/SP, incluindo a s\u00famula vinculante n\u00ba13 e os julgado sobre o tema.","robots":{"index":"index","follow":"follow","max-snippet":"max-snippet:-1","max-image-preview":"max-image-preview:large","max-video-preview":"max-video-preview:-1"},"canonical":"https:\/\/www.estrategiaconcursos.com.br\/blog\/vedacao-ao-nepotismo-sefaz-sp\/","og_locale":"pt_BR","og_type":"article","og_title":"Veda\u00e7\u00e3o ao Nepotismo para SEFAZ\/SP","og_description":"Hoje vamos entender a veda\u00e7\u00e3o ao Nepotismo para SEFAZ\/SP, incluindo a s\u00famula vinculante n\u00ba13 e os julgado sobre o tema.","og_url":"https:\/\/www.estrategiaconcursos.com.br\/blog\/vedacao-ao-nepotismo-sefaz-sp\/","og_site_name":"Estrat\u00e9gia Concursos","article_published_time":"2026-01-19T14:39:00+00:00","og_image":[{"width":465,"height":243,"url":"https:\/\/dhg1h5j42swfq.cloudfront.net\/2025\/12\/19170810\/image-202.png","type":"image\/png"}],"author":"Ana Luiza Tib\u00farcio Guimar\u00e3es","twitter_card":"summary_large_image","twitter_creator":"@EstratConcursos","twitter_site":"@EstratConcursos","twitter_misc":{"Escrito por":"Ana Luiza Tib\u00farcio Guimar\u00e3es","Est. tempo de leitura":"18 minutos"},"schema":{"@context":"https:\/\/schema.org","@graph":[{"@type":"NewsArticle","@id":"https:\/\/www.estrategiaconcursos.com.br\/blog\/vedacao-ao-nepotismo-sefaz-sp\/#article","isPartOf":{"@id":"https:\/\/www.estrategiaconcursos.com.br\/blog\/vedacao-ao-nepotismo-sefaz-sp\/"},"author":{"name":"Ana Luiza Tib\u00farcio Guimar\u00e3es","@id":"https:\/\/www.estrategiaconcursos.com.br\/blog\/#\/schema\/person\/adbd974f815a3acb9e572fdf7315d7c2"},"headline":"Veda\u00e7\u00e3o ao Nepotismo para SEFAZ\/SP","datePublished":"2026-01-19T14:39:00+00:00","mainEntityOfPage":{"@id":"https:\/\/www.estrategiaconcursos.com.br\/blog\/vedacao-ao-nepotismo-sefaz-sp\/"},"wordCount":3530,"commentCount":0,"publisher":{"@id":"https:\/\/www.estrategiaconcursos.com.br\/blog\/#organization"},"image":{"@id":"https:\/\/www.estrategiaconcursos.com.br\/blog\/vedacao-ao-nepotismo-sefaz-sp\/#primaryimage"},"thumbnailUrl":"https:\/\/dhg1h5j42swfq.cloudfront.net\/2025\/12\/19170810\/image-202.png","articleSection":["Fiscal - Estadual (ICMS)"],"inLanguage":"pt-BR","potentialAction":[{"@type":"CommentAction","name":"Comment","target":["https:\/\/www.estrategiaconcursos.com.br\/blog\/vedacao-ao-nepotismo-sefaz-sp\/#respond"]}],"copyrightYear":"2026","copyrightHolder":{"@id":"https:\/\/www.estrategiaconcursos.com.br\/blog\/#organization"}},{"@type":"WebPage","@id":"https:\/\/www.estrategiaconcursos.com.br\/blog\/vedacao-ao-nepotismo-sefaz-sp\/","url":"https:\/\/www.estrategiaconcursos.com.br\/blog\/vedacao-ao-nepotismo-sefaz-sp\/","name":"Veda\u00e7\u00e3o ao Nepotismo para SEFAZ\/SP","isPartOf":{"@id":"https:\/\/www.estrategiaconcursos.com.br\/blog\/#website"},"primaryImageOfPage":{"@id":"https:\/\/www.estrategiaconcursos.com.br\/blog\/vedacao-ao-nepotismo-sefaz-sp\/#primaryimage"},"image":{"@id":"https:\/\/www.estrategiaconcursos.com.br\/blog\/vedacao-ao-nepotismo-sefaz-sp\/#primaryimage"},"thumbnailUrl":"https:\/\/dhg1h5j42swfq.cloudfront.net\/2025\/12\/19170810\/image-202.png","datePublished":"2026-01-19T14:39:00+00:00","description":"Hoje vamos entender a veda\u00e7\u00e3o ao Nepotismo para SEFAZ\/SP, incluindo a s\u00famula vinculante n\u00ba13 e os julgado sobre o tema.","breadcrumb":{"@id":"https:\/\/www.estrategiaconcursos.com.br\/blog\/vedacao-ao-nepotismo-sefaz-sp\/#breadcrumb"},"inLanguage":"pt-BR","potentialAction":[{"@type":"ReadAction","target":["https:\/\/www.estrategiaconcursos.com.br\/blog\/vedacao-ao-nepotismo-sefaz-sp\/"]}]},{"@type":"ImageObject","inLanguage":"pt-BR","@id":"https:\/\/www.estrategiaconcursos.com.br\/blog\/vedacao-ao-nepotismo-sefaz-sp\/#primaryimage","url":"https:\/\/dhg1h5j42swfq.cloudfront.net\/2025\/12\/19170810\/image-202.png","contentUrl":"https:\/\/dhg1h5j42swfq.cloudfront.net\/2025\/12\/19170810\/image-202.png","width":465,"height":243,"caption":"N\u00edveis da Cultura"},{"@type":"BreadcrumbList","@id":"https:\/\/www.estrategiaconcursos.com.br\/blog\/vedacao-ao-nepotismo-sefaz-sp\/#breadcrumb","itemListElement":[{"@type":"ListItem","position":1,"name":"In\u00edcio","item":"https:\/\/www.estrategiaconcursos.com.br\/blog\/"},{"@type":"ListItem","position":2,"name":"Veda\u00e7\u00e3o ao Nepotismo para SEFAZ\/SP"}]},{"@type":"WebSite","@id":"https:\/\/www.estrategiaconcursos.com.br\/blog\/#website","url":"https:\/\/www.estrategiaconcursos.com.br\/blog\/","name":"Estrat\u00e9gia Concursos","description":"O blog da Estrat\u00e9gia Concursos traz not\u00edcias sobre concursos e artigos de professores oferecendo cursos para concursos (pdf + videaulas) no site.","publisher":{"@id":"https:\/\/www.estrategiaconcursos.com.br\/blog\/#organization"},"potentialAction":[{"@type":"SearchAction","target":{"@type":"EntryPoint","urlTemplate":"https:\/\/www.estrategiaconcursos.com.br\/blog\/?s={search_term_string}"},"query-input":{"@type":"PropertyValueSpecification","valueRequired":true,"valueName":"search_term_string"}}],"inLanguage":"pt-BR"},{"@type":"Organization","@id":"https:\/\/www.estrategiaconcursos.com.br\/blog\/#organization","name":"Estrat\u00e9gia Concursos","url":"https:\/\/www.estrategiaconcursos.com.br\/blog\/","logo":{"@type":"ImageObject","inLanguage":"pt-BR","@id":"https:\/\/www.estrategiaconcursos.com.br\/blog\/#\/schema\/logo\/image\/","url":"https:\/\/dhg1h5j42swfq.cloudfront.net\/2025\/06\/03203428\/logo_concursos-1.jpg","contentUrl":"https:\/\/dhg1h5j42swfq.cloudfront.net\/2025\/06\/03203428\/logo_concursos-1.jpg","width":230,"height":60,"caption":"Estrat\u00e9gia Concursos"},"image":{"@id":"https:\/\/www.estrategiaconcursos.com.br\/blog\/#\/schema\/logo\/image\/"},"sameAs":["https:\/\/x.com\/EstratConcursos"]},{"@type":"Person","@id":"https:\/\/www.estrategiaconcursos.com.br\/blog\/#\/schema\/person\/adbd974f815a3acb9e572fdf7315d7c2","name":"Ana Luiza Tib\u00farcio Guimar\u00e3es","image":{"@type":"ImageObject","inLanguage":"pt-BR","@id":"https:\/\/secure.gravatar.com\/avatar\/d0e9fa767d159d6bdb59324855854ef2672e0774dce8705b1c42c80a5b4de7b8?s=96&d=mm&r=g","url":"https:\/\/secure.gravatar.com\/avatar\/d0e9fa767d159d6bdb59324855854ef2672e0774dce8705b1c42c80a5b4de7b8?s=96&d=mm&r=g","contentUrl":"https:\/\/secure.gravatar.com\/avatar\/d0e9fa767d159d6bdb59324855854ef2672e0774dce8705b1c42c80a5b4de7b8?s=96&d=mm&r=g","caption":"Ana Luiza Tib\u00farcio Guimar\u00e3es"},"description":"Graduada em Direito pela Pontif\u00edcia Universidade Cat\u00f3lica de Minas Gerais e graduada em Ci\u00eancias do Estado pela Universidade Federal de Minas Gerais. P\u00f3s Graduada em Direito P\u00fablico pela PUC Minas. Gradua\u00e7\u00e3o em Gest\u00e3o P\u00fablica e P\u00f3s Gradua\u00e7\u00e3o em Ci\u00eancia Pol\u00edtica em andamento. Analista de Processo Legislativo do Senado Federal, lotada na Secretaria Legislativa do Senado. Aprova\u00e7\u00f5es em concursos: Aprovada para o cargo de Analista Judici\u00e1ria do TRF 3 (2025) Aprovada para o cargo de Procuradora do Munic\u00edpio de S\u00e3o Paulo (2024) Aprovada para o cargo de Analista Legislativa do Senado Federal (2023) Aprovada em 1\u00ba lugar para o cargo de T\u00e9cnico Judici\u00e1rio do TRF 3 (2019) Aprovada para o cargo de Juiz Leigo do Tribunal de Justi\u00e7a de Minas Gerais (2019).","url":"https:\/\/www.estrategiaconcursos.com.br\/blog\/author\/anatiburcio-ggmail-com\/"}]}},"_links":{"self":[{"href":"https:\/\/www.estrategiaconcursos.com.br\/blog\/wp-json\/wp\/v2\/posts\/1688433","targetHints":{"allow":["GET"]}}],"collection":[{"href":"https:\/\/www.estrategiaconcursos.com.br\/blog\/wp-json\/wp\/v2\/posts"}],"about":[{"href":"https:\/\/www.estrategiaconcursos.com.br\/blog\/wp-json\/wp\/v2\/types\/post"}],"author":[{"embeddable":true,"href":"https:\/\/www.estrategiaconcursos.com.br\/blog\/wp-json\/wp\/v2\/users\/1666"}],"replies":[{"embeddable":true,"href":"https:\/\/www.estrategiaconcursos.com.br\/blog\/wp-json\/wp\/v2\/comments?post=1688433"}],"version-history":[{"count":4,"href":"https:\/\/www.estrategiaconcursos.com.br\/blog\/wp-json\/wp\/v2\/posts\/1688433\/revisions"}],"predecessor-version":[{"id":1690075,"href":"https:\/\/www.estrategiaconcursos.com.br\/blog\/wp-json\/wp\/v2\/posts\/1688433\/revisions\/1690075"}],"wp:featuredmedia":[{"embeddable":true,"href":"https:\/\/www.estrategiaconcursos.com.br\/blog\/wp-json\/wp\/v2\/media\/1688940"}],"wp:attachment":[{"href":"https:\/\/www.estrategiaconcursos.com.br\/blog\/wp-json\/wp\/v2\/media?parent=1688433"}],"wp:term":[{"taxonomy":"category","embeddable":true,"href":"https:\/\/www.estrategiaconcursos.com.br\/blog\/wp-json\/wp\/v2\/categories?post=1688433"},{"taxonomy":"post_tag","embeddable":true,"href":"https:\/\/www.estrategiaconcursos.com.br\/blog\/wp-json\/wp\/v2\/tags?post=1688433"},{"taxonomy":"tax_estado","embeddable":true,"href":"https:\/\/www.estrategiaconcursos.com.br\/blog\/wp-json\/wp\/v2\/tax_estado?post=1688433"}],"curies":[{"name":"wp","href":"https:\/\/api.w.org\/{rel}","templated":true}]}}