{"id":168812,"date":"2019-03-13T07:00:52","date_gmt":"2019-03-13T10:00:52","guid":{"rendered":"https:\/\/www.estrategiaconcursos.com.br\/blog\/?p=168812"},"modified":"2020-08-07T15:22:10","modified_gmt":"2020-08-07T18:22:10","slug":"semana-especial-oab-2","status":"publish","type":"post","link":"https:\/\/www.estrategiaconcursos.com.br\/blog\/semana-especial-oab-2\/","title":{"rendered":"Semana Especial OAB: prepare-se para a reta final do XXVIII Exame de Ordem"},"content":{"rendered":"\n<p style=\"font-size:25px\"><em><strong>Fique por dentro da nossa programa\u00e7\u00e3o&nbsp;e&nbsp;n\u00e3o&nbsp;perca&nbsp;um&nbsp;evento<\/strong><\/em><\/p>\n\n\n\n<p>Ol\u00e1 pessoal, tudo bem? Voc\u00ea que est\u00e1 se preparando para o XXVIII Exame de Ordem, n\u00f3s preparamos uma programa\u00e7\u00e3o especial para voc\u00ea dar um g\u00e1s nos seus estudos e ir preparado para a prova da OAB: \u00e9 a <em><strong>Semana Especial OAB&nbsp;2019<\/strong><\/em>.<\/p>\n\n\n\n<p>Ser\u00e1 uma semana inteira dedicada \u00e0 sua reta final. Nossos professores participar\u00e3o de transmiss\u00f5es AO VIVO trazendo os principais temas que devem ser cobrados na prova objetiva do XXVIII Exame de Ordem. Al\u00e9m disso, haver\u00e1 dicas importantes para aumentar o seu desempenho.<\/p>\n\n\n\n<p>As transmiss\u00f5es ser\u00e3o atrav\u00e9s do canal do Estrat\u00e9gia Concursos no Youtube, de forma gratuita. Os dias de transmiss\u00e3o ser\u00e3o entre <strong><em>11 e 15 de mar\u00e7o de 2019<\/em><\/strong>. A primeira come\u00e7a a partir das 8h30 com o professor Rosenval, na disciplina de Estatuto e C\u00f3digo de \u00c9tica.<\/p>\n\n\n\n<p>Estudar para OAB somente ser\u00e1 eficiente quando voc\u00ea ultrapassar a barreira da simples memoriza\u00e7\u00e3o e alcan\u00e7ar a compreens\u00e3o do conte\u00fado estudado.<\/p>\n\n\n\n<p>Vale lembrar que um dia antes das provas a nossa equipe de professores vai realizar uma <strong><em>Revis\u00e3o de V\u00e9spera<\/em><\/strong> para refrescar ainda mais todo o conte\u00fado que voc\u00ea j\u00e1 vem estudando com a gente. <\/p>\n\n\n\n<p><em><strong>Confira abaixo a nossa programa\u00e7\u00e3o completa:<\/strong><\/em><\/p>\n\n\n\n<p><em><strong>Dia 11\/03<\/strong><\/em><\/p>\n\n\n\n<p>Direito Constitucional &#8211; Prof. Diego Cerqueira (08h30)<\/p>\n\n\n\n<p> Direito Processual Penal &#8211; Prof. Ivan Marques (14h)<\/p>\n\n\n\n<p> Direito do Trabalho &#8211; Prof. Priscila Ferreira (19h)<\/p>\n\n\n\n<p><em><strong>Dia 12\/03<\/strong><\/em><\/p>\n\n\n\n<p> Direito Administrativo &#8211; Prof. Igor Maciel (08h30) <\/p>\n\n\n\n<p> Direito Penal &#8211; Prof. Cristiano Rodrigues (14h)  <\/p>\n\n\n\n<p> \u00c9tica &#8211; Profs. Rosenval J\u00fanior e Priscila Ferreira (19h)<\/p>\n\n\n\n<p><em><strong>Dia 13\/03<\/strong><\/em><\/p>\n\n\n\n<p> Direito Empresarial &#8211; Prof. Paulo Guimar\u00e3es (08h30)<\/p>\n\n\n\n<p> Direito Civil &#8211; Prof. Paulo Sousa (14h)<\/p>\n\n\n\n<p> Direito Civil &#8211; Prof. Paulo Sousa (19h)<\/p>\n\n\n\n<p><em><strong>Dia 14\/03<\/strong><\/em><\/p>\n\n\n\n<p> Direito Processual Civil &#8211; Prof. Ricardo&nbsp;Torques (08h30)<\/p>\n\n\n\n<p> Direito Tribut\u00e1rio &#8211; Prof. Rodrigo Martins (14h)<\/p>\n\n\n\n<p> \u00c9tica &#8211; Profs. Rosenval J\u00fanior e Priscila Ferreira (19h)<\/p>\n\n\n\n<p><em><strong>Dia 15\/03<\/strong><\/em><\/p>\n\n\n\n<p> Direito Processual do Trabalho &#8211; Prof Priscila Ferreira (14h)<\/p>\n\n\n\n<p> Direito Constitucional &#8211; Prof. Diego&nbsp;Cerqueira (19h) <\/p>\n\n\n\n<h2 class=\"has-text-align-center wp-block-heading\"><em><a aria-label=\" (opens in a new tab)\" href=\"https:\/\/www.estrategiaoab.com.br\/gratis\/semana-especial-oab\/\" target=\"_blank\" rel=\"noreferrer noopener\">Inscreva-se Gr\u00e1tis <\/a><\/em><\/h2>\n\n\n\n<div class=\"wp-block-image\"><figure class=\"aligncenter is-resized\"><a href=\"https:\/\/www.estrategiaoab.com.br\/gratis\/semana-especial-oab\/\" target=\"_blank\" rel=\"noreferrer noopener\"><img loading=\"lazy\" decoding=\"async\" src=\"https:\/\/dhg1h5j42swfq.cloudfront.net\/2019\/03\/01095828\/SEMANA-OAB.jpg\" alt=\"\" class=\"wp-image-168831\" width=\"587\" height=\"148\" srcset=\"https:\/\/dhg1h5j42swfq.cloudfront.net\/2019\/03\/01095828\/SEMANA-OAB.jpg 1920w, https:\/\/dhg1h5j42swfq.cloudfront.net\/2019\/03\/01095828\/SEMANA-OAB.jpg 300w, https:\/\/dhg1h5j42swfq.cloudfront.net\/2019\/03\/01095828\/SEMANA-OAB.jpg 768w, https:\/\/dhg1h5j42swfq.cloudfront.net\/2019\/03\/01095828\/SEMANA-OAB.jpg 1024w\" sizes=\"auto, (max-width: 587px) 100vw, 587px\" \/><\/a><\/figure><\/div>\n\n\n\n<h2 class=\"wp-block-heading\">Revis\u00e3o de V\u00e9spera &#8211; OAB<\/h2>\n\n\n\n<p>Nesta reta final da prova da 1\u00aa Fase da OAB, que tal terminar a prova no domingo com o sentimento de dever cumprido?? Pois n\u00f3s temos um convite a te fazer. Acontece no s\u00e1bado, 16 de mar\u00e7o, v\u00e9spera da prova, um dia inteiro de Aulas Gratuitas.<\/p>\n\n\n\n<p>Ser\u00e1 um momento de intensa dedica\u00e7\u00e3o para voc\u00ea revisar os conte\u00fados um dia antes da prova da OAB. Como de costume, os professores do Estrat\u00e9gia OAB se re\u00fanem e dedicam o s\u00e1bado inteiro para fazer uma&nbsp;<em><strong>Revis\u00e3o Geral e Completa<\/strong><\/em> dos&nbsp;conte\u00fados.<\/p>\n\n\n\n<p>As nossas <em><strong>Revis\u00f5es de V\u00e9spera<\/strong><\/em>&nbsp;servem para te ajudar ainda mais nesta reta final; a relembrar aqueles conte\u00fados esquecidos e refor\u00e7ar toda sua prepara\u00e7\u00e3o. Al\u00e9m de muito conte\u00fado, os professores ainda resolvem quest\u00f5es aplicadas em Exames passados.<\/p>\n\n\n\n<p>Ent\u00e3o n\u00e3o deixe de participar deste plant\u00e3o tira d\u00favidas que acontece Ao Vivo.<\/p>\n","protected":false},"excerpt":{"rendered":"<p>Fique por dentro da nossa programa\u00e7\u00e3o&nbsp;e&nbsp;n\u00e3o&nbsp;perca&nbsp;um&nbsp;evento Ol\u00e1 pessoal, tudo bem? Voc\u00ea que est\u00e1 se preparando para o XXVIII Exame de Ordem, n\u00f3s preparamos uma programa\u00e7\u00e3o especial para voc\u00ea dar um g\u00e1s nos seus estudos e ir preparado para a prova da OAB: \u00e9 a Semana Especial OAB&nbsp;2019. Ser\u00e1 uma semana inteira dedicada \u00e0 sua reta [&hellip;]<\/p>\n","protected":false},"author":180,"featured_media":0,"comment_status":"open","ping_status":"closed","sticky":false,"template":"","format":"standard","meta":{"post_tipo":"article","footnotes":""},"categories":[1],"tags":[],"tax_estado":[],"class_list":["post-168812","post","type-post","status-publish","format-standard","hentry","category-cursos-e-concursos"],"acf":[],"yoast_head":"<!-- This site is optimized with the Yoast SEO Premium plugin v27.2 (Yoast SEO v27.2) - https:\/\/yoast.com\/product\/yoast-seo-premium-wordpress\/ -->\n<title>Semana Especial OAB: prepare-se para a reta final do XXVIII Exame de Ordem<\/title>\n<meta name=\"description\" content=\"Semana Especial OAB: prepare-se para a reta final do XXVI Exame de Ordem que acontece entre os dias 11 e 15 de mar\u00e7o de 2019\" \/>\n<meta name=\"robots\" content=\"index, follow, max-snippet:-1, max-image-preview:large, max-video-preview:-1\" \/>\n<link rel=\"canonical\" href=\"https:\/\/www.estrategiaconcursos.com.br\/blog\/semana-especial-oab-2\/\" \/>\n<meta property=\"og:locale\" content=\"pt_BR\" \/>\n<meta property=\"og:type\" content=\"article\" \/>\n<meta property=\"og:title\" content=\"Semana Especial OAB: prepare-se para a reta final do XXVIII Exame de Ordem\" \/>\n<meta property=\"og:description\" content=\"Semana Especial OAB: prepare-se para a reta final do XXVI Exame de Ordem que acontece entre os dias 11 e 15 de mar\u00e7o de 2019\" \/>\n<meta property=\"og:url\" content=\"https:\/\/www.estrategiaconcursos.com.br\/blog\/semana-especial-oab-2\/\" \/>\n<meta property=\"og:site_name\" content=\"Estrat\u00e9gia Concursos\" \/>\n<meta property=\"article:author\" content=\"https:\/\/www.facebook.com\/ricardo.s.torques\" \/>\n<meta property=\"article:published_time\" content=\"2019-03-13T10:00:52+00:00\" \/>\n<meta property=\"article:modified_time\" content=\"2020-08-07T18:22:10+00:00\" \/>\n<meta property=\"og:image\" content=\"https:\/\/www.estrategiaconcursos.com.br\/blog\/wp-content\/uploads\/2019\/03\/SEMANA-OAB-1024x256.jpg\" \/>\n<meta name=\"author\" content=\"Ricardo Torques\" \/>\n<meta name=\"twitter:card\" content=\"summary_large_image\" \/>\n<meta name=\"twitter:creator\" content=\"@EstratConcursos\" \/>\n<meta name=\"twitter:site\" content=\"@EstratConcursos\" \/>\n<meta name=\"twitter:label1\" content=\"Escrito por\" \/>\n\t<meta name=\"twitter:data1\" content=\"Ricardo Torques\" \/>\n\t<meta name=\"twitter:label2\" content=\"Est. tempo de leitura\" \/>\n\t<meta name=\"twitter:data2\" content=\"3 minutos\" \/>\n<script type=\"application\/ld+json\" class=\"yoast-schema-graph\">{\"@context\":\"https:\/\/schema.org\",\"@graph\":[{\"@type\":\"NewsArticle\",\"@id\":\"https:\/\/www.estrategiaconcursos.com.br\/blog\/semana-especial-oab-2\/#article\",\"isPartOf\":{\"@id\":\"https:\/\/www.estrategiaconcursos.com.br\/blog\/semana-especial-oab-2\/\"},\"author\":{\"name\":\"Ricardo Torques\",\"@id\":\"https:\/\/www.estrategiaconcursos.com.br\/blog\/#\/schema\/person\/aa39cf5ddb518e5bdce27c35788405e2\"},\"headline\":\"Semana Especial OAB: prepare-se para a reta final do XXVIII Exame de Ordem\",\"datePublished\":\"2019-03-13T10:00:52+00:00\",\"dateModified\":\"2020-08-07T18:22:10+00:00\",\"mainEntityOfPage\":{\"@id\":\"https:\/\/www.estrategiaconcursos.com.br\/blog\/semana-especial-oab-2\/\"},\"wordCount\":530,\"commentCount\":10,\"publisher\":{\"@id\":\"https:\/\/www.estrategiaconcursos.com.br\/blog\/#organization\"},\"image\":{\"@id\":\"https:\/\/www.estrategiaconcursos.com.br\/blog\/semana-especial-oab-2\/#primaryimage\"},\"thumbnailUrl\":\"https:\/\/www.estrategiaconcursos.com.br\/blog\/wp-content\/uploads\/2019\/03\/SEMANA-OAB-1024x256.jpg\",\"articleSection\":[\"Concursos P\u00fablicos\"],\"inLanguage\":\"pt-BR\",\"potentialAction\":[{\"@type\":\"CommentAction\",\"name\":\"Comment\",\"target\":[\"https:\/\/www.estrategiaconcursos.com.br\/blog\/semana-especial-oab-2\/#respond\"]}],\"copyrightYear\":\"2019\",\"copyrightHolder\":{\"@id\":\"https:\/\/www.estrategiaconcursos.com.br\/blog\/#organization\"}},{\"@type\":\"WebPage\",\"@id\":\"https:\/\/www.estrategiaconcursos.com.br\/blog\/semana-especial-oab-2\/\",\"url\":\"https:\/\/www.estrategiaconcursos.com.br\/blog\/semana-especial-oab-2\/\",\"name\":\"Semana Especial OAB: prepare-se para a reta final do XXVIII Exame de Ordem\",\"isPartOf\":{\"@id\":\"https:\/\/www.estrategiaconcursos.com.br\/blog\/#website\"},\"primaryImageOfPage\":{\"@id\":\"https:\/\/www.estrategiaconcursos.com.br\/blog\/semana-especial-oab-2\/#primaryimage\"},\"image\":{\"@id\":\"https:\/\/www.estrategiaconcursos.com.br\/blog\/semana-especial-oab-2\/#primaryimage\"},\"thumbnailUrl\":\"https:\/\/www.estrategiaconcursos.com.br\/blog\/wp-content\/uploads\/2019\/03\/SEMANA-OAB-1024x256.jpg\",\"datePublished\":\"2019-03-13T10:00:52+00:00\",\"dateModified\":\"2020-08-07T18:22:10+00:00\",\"description\":\"Semana Especial OAB: prepare-se para a reta final do XXVI Exame de Ordem que acontece entre os dias 11 e 15 de mar\u00e7o de 2019\",\"breadcrumb\":{\"@id\":\"https:\/\/www.estrategiaconcursos.com.br\/blog\/semana-especial-oab-2\/#breadcrumb\"},\"inLanguage\":\"pt-BR\",\"potentialAction\":[{\"@type\":\"ReadAction\",\"target\":[\"https:\/\/www.estrategiaconcursos.com.br\/blog\/semana-especial-oab-2\/\"]}]},{\"@type\":\"ImageObject\",\"inLanguage\":\"pt-BR\",\"@id\":\"https:\/\/www.estrategiaconcursos.com.br\/blog\/semana-especial-oab-2\/#primaryimage\",\"url\":\"https:\/\/dhg1h5j42swfq.cloudfront.net\/2019\/03\/01095828\/SEMANA-OAB.jpg\",\"contentUrl\":\"https:\/\/dhg1h5j42swfq.cloudfront.net\/2019\/03\/01095828\/SEMANA-OAB.jpg\",\"width\":1920,\"height\":480},{\"@type\":\"BreadcrumbList\",\"@id\":\"https:\/\/www.estrategiaconcursos.com.br\/blog\/semana-especial-oab-2\/#breadcrumb\",\"itemListElement\":[{\"@type\":\"ListItem\",\"position\":1,\"name\":\"In\u00edcio\",\"item\":\"https:\/\/www.estrategiaconcursos.com.br\/blog\/\"},{\"@type\":\"ListItem\",\"position\":2,\"name\":\"Semana Especial OAB: prepare-se para a reta final do XXVIII Exame de Ordem\"}]},{\"@type\":\"WebSite\",\"@id\":\"https:\/\/www.estrategiaconcursos.com.br\/blog\/#website\",\"url\":\"https:\/\/www.estrategiaconcursos.com.br\/blog\/\",\"name\":\"Estrat\u00e9gia Concursos\",\"description\":\"O blog da Estrat\u00e9gia Concursos traz not\u00edcias sobre concursos e artigos de professores oferecendo cursos para concursos (pdf + videaulas) no site.\",\"publisher\":{\"@id\":\"https:\/\/www.estrategiaconcursos.com.br\/blog\/#organization\"},\"potentialAction\":[{\"@type\":\"SearchAction\",\"target\":{\"@type\":\"EntryPoint\",\"urlTemplate\":\"https:\/\/www.estrategiaconcursos.com.br\/blog\/?s={search_term_string}\"},\"query-input\":{\"@type\":\"PropertyValueSpecification\",\"valueRequired\":true,\"valueName\":\"search_term_string\"}}],\"inLanguage\":\"pt-BR\"},{\"@type\":\"Organization\",\"@id\":\"https:\/\/www.estrategiaconcursos.com.br\/blog\/#organization\",\"name\":\"Estrat\u00e9gia Concursos\",\"url\":\"https:\/\/www.estrategiaconcursos.com.br\/blog\/\",\"logo\":{\"@type\":\"ImageObject\",\"inLanguage\":\"pt-BR\",\"@id\":\"https:\/\/www.estrategiaconcursos.com.br\/blog\/#\/schema\/logo\/image\/\",\"url\":\"https:\/\/dhg1h5j42swfq.cloudfront.net\/2025\/06\/03203428\/logo_concursos-1.jpg\",\"contentUrl\":\"https:\/\/dhg1h5j42swfq.cloudfront.net\/2025\/06\/03203428\/logo_concursos-1.jpg\",\"width\":230,\"height\":60,\"caption\":\"Estrat\u00e9gia Concursos\"},\"image\":{\"@id\":\"https:\/\/www.estrategiaconcursos.com.br\/blog\/#\/schema\/logo\/image\/\"},\"sameAs\":[\"https:\/\/x.com\/EstratConcursos\"]},{\"@type\":\"Person\",\"@id\":\"https:\/\/www.estrategiaconcursos.com.br\/blog\/#\/schema\/person\/aa39cf5ddb518e5bdce27c35788405e2\",\"name\":\"Ricardo Torques\",\"image\":{\"@type\":\"ImageObject\",\"inLanguage\":\"pt-BR\",\"@id\":\"https:\/\/secure.gravatar.com\/avatar\/ce9ac6c3cff25fe86d15ed568ebc64d1724baf5c0693133bcb1f6073f712f92a?s=96&d=mm&r=g\",\"url\":\"https:\/\/secure.gravatar.com\/avatar\/ce9ac6c3cff25fe86d15ed568ebc64d1724baf5c0693133bcb1f6073f712f92a?s=96&d=mm&r=g\",\"contentUrl\":\"https:\/\/secure.gravatar.com\/avatar\/ce9ac6c3cff25fe86d15ed568ebc64d1724baf5c0693133bcb1f6073f712f92a?s=96&d=mm&r=g\",\"caption\":\"Ricardo Torques\"},\"sameAs\":[\"https:\/\/www.facebook.com\/ricardo.s.torques\"],\"url\":\"https:\/\/www.estrategiaconcursos.com.br\/blog\/author\/ricardotorquesestrategiaconcursos-com-br\/\"}]}<\/script>\n<!-- \/ Yoast SEO Premium plugin. -->","yoast_head_json":{"title":"Semana Especial OAB: prepare-se para a reta final do XXVIII Exame de Ordem","description":"Semana Especial OAB: prepare-se para a reta final do XXVI Exame de Ordem que acontece entre os dias 11 e 15 de mar\u00e7o de 2019","robots":{"index":"index","follow":"follow","max-snippet":"max-snippet:-1","max-image-preview":"max-image-preview:large","max-video-preview":"max-video-preview:-1"},"canonical":"https:\/\/www.estrategiaconcursos.com.br\/blog\/semana-especial-oab-2\/","og_locale":"pt_BR","og_type":"article","og_title":"Semana Especial OAB: prepare-se para a reta final do XXVIII Exame de Ordem","og_description":"Semana Especial OAB: prepare-se para a reta final do XXVI Exame de Ordem que acontece entre os dias 11 e 15 de mar\u00e7o de 2019","og_url":"https:\/\/www.estrategiaconcursos.com.br\/blog\/semana-especial-oab-2\/","og_site_name":"Estrat\u00e9gia Concursos","article_author":"https:\/\/www.facebook.com\/ricardo.s.torques","article_published_time":"2019-03-13T10:00:52+00:00","article_modified_time":"2020-08-07T18:22:10+00:00","og_image":[{"url":"https:\/\/www.estrategiaconcursos.com.br\/blog\/wp-content\/uploads\/2019\/03\/SEMANA-OAB-1024x256.jpg","type":"","width":"","height":""}],"author":"Ricardo Torques","twitter_card":"summary_large_image","twitter_creator":"@EstratConcursos","twitter_site":"@EstratConcursos","twitter_misc":{"Escrito por":"Ricardo Torques","Est. tempo de leitura":"3 minutos"},"schema":{"@context":"https:\/\/schema.org","@graph":[{"@type":"NewsArticle","@id":"https:\/\/www.estrategiaconcursos.com.br\/blog\/semana-especial-oab-2\/#article","isPartOf":{"@id":"https:\/\/www.estrategiaconcursos.com.br\/blog\/semana-especial-oab-2\/"},"author":{"name":"Ricardo Torques","@id":"https:\/\/www.estrategiaconcursos.com.br\/blog\/#\/schema\/person\/aa39cf5ddb518e5bdce27c35788405e2"},"headline":"Semana Especial OAB: prepare-se para a reta final do XXVIII Exame de Ordem","datePublished":"2019-03-13T10:00:52+00:00","dateModified":"2020-08-07T18:22:10+00:00","mainEntityOfPage":{"@id":"https:\/\/www.estrategiaconcursos.com.br\/blog\/semana-especial-oab-2\/"},"wordCount":530,"commentCount":10,"publisher":{"@id":"https:\/\/www.estrategiaconcursos.com.br\/blog\/#organization"},"image":{"@id":"https:\/\/www.estrategiaconcursos.com.br\/blog\/semana-especial-oab-2\/#primaryimage"},"thumbnailUrl":"https:\/\/www.estrategiaconcursos.com.br\/blog\/wp-content\/uploads\/2019\/03\/SEMANA-OAB-1024x256.jpg","articleSection":["Concursos P\u00fablicos"],"inLanguage":"pt-BR","potentialAction":[{"@type":"CommentAction","name":"Comment","target":["https:\/\/www.estrategiaconcursos.com.br\/blog\/semana-especial-oab-2\/#respond"]}],"copyrightYear":"2019","copyrightHolder":{"@id":"https:\/\/www.estrategiaconcursos.com.br\/blog\/#organization"}},{"@type":"WebPage","@id":"https:\/\/www.estrategiaconcursos.com.br\/blog\/semana-especial-oab-2\/","url":"https:\/\/www.estrategiaconcursos.com.br\/blog\/semana-especial-oab-2\/","name":"Semana Especial OAB: prepare-se para a reta final do XXVIII Exame de Ordem","isPartOf":{"@id":"https:\/\/www.estrategiaconcursos.com.br\/blog\/#website"},"primaryImageOfPage":{"@id":"https:\/\/www.estrategiaconcursos.com.br\/blog\/semana-especial-oab-2\/#primaryimage"},"image":{"@id":"https:\/\/www.estrategiaconcursos.com.br\/blog\/semana-especial-oab-2\/#primaryimage"},"thumbnailUrl":"https:\/\/www.estrategiaconcursos.com.br\/blog\/wp-content\/uploads\/2019\/03\/SEMANA-OAB-1024x256.jpg","datePublished":"2019-03-13T10:00:52+00:00","dateModified":"2020-08-07T18:22:10+00:00","description":"Semana Especial OAB: prepare-se para a reta final do XXVI Exame de Ordem que acontece entre os dias 11 e 15 de mar\u00e7o de 2019","breadcrumb":{"@id":"https:\/\/www.estrategiaconcursos.com.br\/blog\/semana-especial-oab-2\/#breadcrumb"},"inLanguage":"pt-BR","potentialAction":[{"@type":"ReadAction","target":["https:\/\/www.estrategiaconcursos.com.br\/blog\/semana-especial-oab-2\/"]}]},{"@type":"ImageObject","inLanguage":"pt-BR","@id":"https:\/\/www.estrategiaconcursos.com.br\/blog\/semana-especial-oab-2\/#primaryimage","url":"https:\/\/dhg1h5j42swfq.cloudfront.net\/2019\/03\/01095828\/SEMANA-OAB.jpg","contentUrl":"https:\/\/dhg1h5j42swfq.cloudfront.net\/2019\/03\/01095828\/SEMANA-OAB.jpg","width":1920,"height":480},{"@type":"BreadcrumbList","@id":"https:\/\/www.estrategiaconcursos.com.br\/blog\/semana-especial-oab-2\/#breadcrumb","itemListElement":[{"@type":"ListItem","position":1,"name":"In\u00edcio","item":"https:\/\/www.estrategiaconcursos.com.br\/blog\/"},{"@type":"ListItem","position":2,"name":"Semana Especial OAB: prepare-se para a reta final do XXVIII Exame de Ordem"}]},{"@type":"WebSite","@id":"https:\/\/www.estrategiaconcursos.com.br\/blog\/#website","url":"https:\/\/www.estrategiaconcursos.com.br\/blog\/","name":"Estrat\u00e9gia Concursos","description":"O blog da Estrat\u00e9gia Concursos traz not\u00edcias sobre concursos e artigos de professores oferecendo cursos para concursos (pdf + videaulas) no site.","publisher":{"@id":"https:\/\/www.estrategiaconcursos.com.br\/blog\/#organization"},"potentialAction":[{"@type":"SearchAction","target":{"@type":"EntryPoint","urlTemplate":"https:\/\/www.estrategiaconcursos.com.br\/blog\/?s={search_term_string}"},"query-input":{"@type":"PropertyValueSpecification","valueRequired":true,"valueName":"search_term_string"}}],"inLanguage":"pt-BR"},{"@type":"Organization","@id":"https:\/\/www.estrategiaconcursos.com.br\/blog\/#organization","name":"Estrat\u00e9gia Concursos","url":"https:\/\/www.estrategiaconcursos.com.br\/blog\/","logo":{"@type":"ImageObject","inLanguage":"pt-BR","@id":"https:\/\/www.estrategiaconcursos.com.br\/blog\/#\/schema\/logo\/image\/","url":"https:\/\/dhg1h5j42swfq.cloudfront.net\/2025\/06\/03203428\/logo_concursos-1.jpg","contentUrl":"https:\/\/dhg1h5j42swfq.cloudfront.net\/2025\/06\/03203428\/logo_concursos-1.jpg","width":230,"height":60,"caption":"Estrat\u00e9gia Concursos"},"image":{"@id":"https:\/\/www.estrategiaconcursos.com.br\/blog\/#\/schema\/logo\/image\/"},"sameAs":["https:\/\/x.com\/EstratConcursos"]},{"@type":"Person","@id":"https:\/\/www.estrategiaconcursos.com.br\/blog\/#\/schema\/person\/aa39cf5ddb518e5bdce27c35788405e2","name":"Ricardo Torques","image":{"@type":"ImageObject","inLanguage":"pt-BR","@id":"https:\/\/secure.gravatar.com\/avatar\/ce9ac6c3cff25fe86d15ed568ebc64d1724baf5c0693133bcb1f6073f712f92a?s=96&d=mm&r=g","url":"https:\/\/secure.gravatar.com\/avatar\/ce9ac6c3cff25fe86d15ed568ebc64d1724baf5c0693133bcb1f6073f712f92a?s=96&d=mm&r=g","contentUrl":"https:\/\/secure.gravatar.com\/avatar\/ce9ac6c3cff25fe86d15ed568ebc64d1724baf5c0693133bcb1f6073f712f92a?s=96&d=mm&r=g","caption":"Ricardo Torques"},"sameAs":["https:\/\/www.facebook.com\/ricardo.s.torques"],"url":"https:\/\/www.estrategiaconcursos.com.br\/blog\/author\/ricardotorquesestrategiaconcursos-com-br\/"}]}},"_links":{"self":[{"href":"https:\/\/www.estrategiaconcursos.com.br\/blog\/wp-json\/wp\/v2\/posts\/168812","targetHints":{"allow":["GET"]}}],"collection":[{"href":"https:\/\/www.estrategiaconcursos.com.br\/blog\/wp-json\/wp\/v2\/posts"}],"about":[{"href":"https:\/\/www.estrategiaconcursos.com.br\/blog\/wp-json\/wp\/v2\/types\/post"}],"author":[{"embeddable":true,"href":"https:\/\/www.estrategiaconcursos.com.br\/blog\/wp-json\/wp\/v2\/users\/180"}],"replies":[{"embeddable":true,"href":"https:\/\/www.estrategiaconcursos.com.br\/blog\/wp-json\/wp\/v2\/comments?post=168812"}],"version-history":[{"count":14,"href":"https:\/\/www.estrategiaconcursos.com.br\/blog\/wp-json\/wp\/v2\/posts\/168812\/revisions"}],"predecessor-version":[{"id":552826,"href":"https:\/\/www.estrategiaconcursos.com.br\/blog\/wp-json\/wp\/v2\/posts\/168812\/revisions\/552826"}],"wp:attachment":[{"href":"https:\/\/www.estrategiaconcursos.com.br\/blog\/wp-json\/wp\/v2\/media?parent=168812"}],"wp:term":[{"taxonomy":"category","embeddable":true,"href":"https:\/\/www.estrategiaconcursos.com.br\/blog\/wp-json\/wp\/v2\/categories?post=168812"},{"taxonomy":"post_tag","embeddable":true,"href":"https:\/\/www.estrategiaconcursos.com.br\/blog\/wp-json\/wp\/v2\/tags?post=168812"},{"taxonomy":"tax_estado","embeddable":true,"href":"https:\/\/www.estrategiaconcursos.com.br\/blog\/wp-json\/wp\/v2\/tax_estado?post=168812"}],"curies":[{"name":"wp","href":"https:\/\/api.w.org\/{rel}","templated":true}]}}